{"id":5207,"date":"2024-12-30T12:34:02","date_gmt":"2024-12-30T11:34:02","guid":{"rendered":"https:\/\/blog.holyart.it\/de\/?p=5207"},"modified":"2025-12-31T12:06:12","modified_gmt":"2025-12-31T11:06:12","slug":"dreikoenigstag-traditionen-in-italien-und-europa","status":"publish","type":"post","link":"https:\/\/blog.holyart.it\/de\/devotionalien\/dreikoenigstag-traditionen-in-italien-und-europa\/","title":{"rendered":"Dreik\u00f6nigstag: Traditionen in Italien und Europa"},"content":{"rendered":"<h4>In Italien und ganz Europa wird am 6. Januar der Dreik\u00f6nigstag, die zw\u00f6lfte Nacht, gefeiert. Warum er gefeiert und auch Dreik\u00f6nigsfest genannt wird<\/h4>\n\n<p>Der 6. Januar ist die <strong>zw\u00f6lfte Nacht<\/strong> nach der Geburt Jesu. In Italien und anderen L\u00e4ndern wird an diesem Tag auch die Befana gefeiert, die alte Frau mit der Hakennase, die auf einem Besen reitet und guten Kindern Geschenke (und Kohle) bringt die weniger guten&#8230;). Aber an diesem Tag feiern wir ganz besonders die <strong>Epiphanie<\/strong> oder die <strong>Manifestation der G\u00f6ttlichkeit Jesu vor den Heiligen Drei K\u00f6nigen<\/strong>. Tats\u00e4chlich f\u00e4llt dieser Tag der \u00dcberlieferung nach mit dem Ende der langen Reise der Heiligen Drei K\u00f6nige zusammen, die der Spur des <a href=\"https:\/\/www.holyart.de\/weihnachten\/krippenzubehor\/hintergunde-und-gelandebau-produkte-fur-krippen\"><strong>Kometensterns<\/strong> <\/a>folgte, zu der H\u00fctte in Bethlehem, wo Jesus zw\u00f6lf Tage zuvor geboren wurde. Die <strong><a href=\"https:\/\/www.holyart.de\/blog\/weihnachten\/wer-die-heiligen-drei-koenige-waren-und-ihre-namen\/\">drei Weisen<\/a><\/strong> wussten, dass sie in der H\u00fctte einen K\u00f6nig finden w\u00fcrden, und aus diesem Grund brachten sie <a href=\"https:\/\/www.holyart.de\/blog\/weihnachten\/gold-weihrauch-und-myrrhe-doch-was-steckt-hinter-der-wahl-dieser-besonderen-geschenke\/\"><strong>Gold, Weihrauch und Myrrhe<\/strong><\/a> mit, Geschenke, die normalerweise K\u00f6nigen und Gottheiten vorbehalten waren. Und so geschah es, als sie das kleine Jesuskind sahen und ihn als K\u00f6nig erkannten. Der vollst\u00e4ndige Name der Epiphanie ist in der Tat die <strong>Epiphanie des Herrn<\/strong> oder in \u00f6stlichen christlichen Traditionen <em>Theophanie<\/em> oder die Offenbarung des fleischgewordenen Gottes. Das Wort Epiphanie selbst kommt vom griechischen Wort \u1f10\u03c0\u03b9\u03c6\u03ac\u03bd\u03b5\u03b9\u03b1, <em>Epif\u00e0neia<\/em> oder \u201eOffenbarung, Erscheinung\u201c.<\/p>\n<div class=\"link-article\">\n<p><img loading=\"lazy\" decoding=\"async\" class=\"size-full wp-image-5208 alignleft\" src=\"https:\/\/blog.holyart.it\/de\/wp-content\/uploads\/sites\/12\/2024\/12\/wise-manner.jpg\" alt=\"wise manner\" width=\"150\" height=\"99\" data-kale-share-title=\"Dreik\u00f6nigstag: Traditionen in Italien und Europa\" data-kale-share-url=\"https:\/\/blog.holyart.it\/de\/?p=5207\" \/><\/p>\n<div class=\"leggi-anche\">Lesen Sie auch:<\/div>\n<p><strong><a href=\"https:\/\/www.holyart.de\/blog\/weihnachten\/wer-die-heiligen-drei-koenige-waren-und-ihre-namen\/\">Wer die Heiligen Drei K\u00f6nige waren und ihre Namen<\/a><\/strong><br \/>\nDie Heiligen Drei K\u00f6nige sind traditionelle Figuren der Krippe, sehr bekannt und von allen geliebt&#8230;<\/p>\n<\/div>\n<p><strong>Aber wer waren die Heiligen Drei K\u00f6nige<\/strong>? Im <strong>Matth\u00e4usevangelium<\/strong>, dem einzigen, das sie erw\u00e4hnt, wird nur von drei Heiligen Drei K\u00f6nigen gesprochen, die aus dem Osten nach Jerusalem kamen und der Spur eines Sterns \u00fcber den Himmel folgten. Sie wurden von Herodes empfangen und von ihm aufgefordert, die Position Jesu zu verraten, doch es gelang ihnen, den grausamen Tetrarchen verschwinden zu lassen. Die <strong>christliche m\u00fcndliche \u00dcberlieferung<\/strong> und die <strong>Kunstgeschichte<\/strong> haben sie zu drei der Hauptfiguren der <strong>Weihnachtskrippe<\/strong> gemacht, deren Ankunft das Ende der Weihnachtsferien markiert. Sie waren aller Wahrscheinlichkeit nach weise M\u00e4nner, Naturkenner, Astrologen oder Astronomen. Was die <strong>Anzahl der K\u00f6nige<\/strong> anbelangt, gibt die \u00dcberlieferung drei von ihnen an: <strong>Gaspar, Melchior und Balthasar<\/strong>, aber es ist wahrscheinlich, dass ebenso wie ihre Figuren eine symbolische Bedeutung haben, ebenso wie die gew\u00e4hlte Zahl. Einige Legenden sprechen <strong>von einem vierten Weisen<\/strong>, <strong><a href=\"https:\/\/www.holyart.de\/blog\/weihnachten\/was-geschah-mit-dem-vierten-heiligen-koenig\/\">Artaban<\/a><\/strong>, der Jesus drei Perlen brachte, so gro\u00df wie Taubeneier und so wei\u00df wie der Mond. Der vierte weise K\u00f6nig w\u00e4re auf dem Weg geblieben und h\u00e4tte seine Perlen aufgegeben, um den Bed\u00fcrftigen zu helfen, und w\u00e4re nicht rechtzeitig angekommen, um die anderen weisen M\u00e4nner zu treffen.<\/p>\n<div class=\"link-article\">\n<p><img loading=\"lazy\" decoding=\"async\" class=\"size-full wp-image-5209 alignleft\" src=\"https:\/\/blog.holyart.it\/de\/wp-content\/uploads\/sites\/12\/2024\/12\/Was-geschah-mit-dem-vierten-Heiligen-Konig.jpeg\" alt=\"was geschah mit dem vierten Heiligen Konig\" width=\"150\" height=\"87\" data-kale-share-title=\"Dreik\u00f6nigstag: Traditionen in Italien und Europa\" data-kale-share-url=\"https:\/\/blog.holyart.it\/de\/?p=5207\" \/><\/p>\n<div class=\"leggi-anche\">Lesen Sie auch:<\/div>\n<p><strong><a href=\"https:\/\/www.holyart.de\/blog\/weihnachten\/was-geschah-mit-dem-vierten-heiligen-koenig\/\">Was geschah mit dem vierten Heiligen K\u00f6nig?<\/a><\/strong><br \/>\nDie Heiligen Drei K\u00f6nige \u00fcben seit jeher eine gro\u00dfe Faszination aus, auch wenn man nichts Genaues \u00fcber sie wei\u00df&#8230;<\/p>\n<\/div>\n<p>Aus diesen Gr\u00fcnden wird der Dreik\u00f6nigstag auch <strong>Dreik\u00f6nigstag<\/strong> oder <strong>Dreik\u00f6nigsfest<\/strong> oder auch \u201eKleine Weihnacht\u201c genannt. Bei der <strong>Befana<\/strong> handelt es sich um eine v\u00f6llig profane Tradition, die erst sp\u00e4ter entstand. Der Name <em>Epifania<\/em> wurde zu <em>bifan\u00eca<\/em> und <em>befan\u00eca<\/em> verf\u00e4lscht und mit der in vielen Gegenden Italiens weit verbreiteten folkloristischen Figur der alten Dame in Verbindung gebracht.<\/p>\n<p>Mit der Epiphanie und den <a href=\"https:\/\/www.holyart.de\/weihnachten\/krippenfiguren?page=1&amp;params=%257B%2522offset%2522%3A0%2C%2522limit%2522%3A60%2C%2522filters%2522%3A%255B%255D%2C%2522sorter%2522%3A%2522HIGHER_DISCOUNT%2522%2C%2522categoryIds%2522%3A%255B113%255D%2C%2522filtersByIds%2522%3A%255B%257B%2522key%2522%3A83%2C%2522values%2522%3A%255B2350%255D%257D%255D%257D\"><strong>Heiligen Drei K\u00f6nigen<\/strong><\/a> sind viele Traditionen verbunden, die in Italien und im \u00fcbrigen Europa verbreitet sind.<\/p>\n<div class=\"link-product\">\n<div class=\"blocco-immagine\"><img loading=\"lazy\" decoding=\"async\" class=\"size-full wp-image-5210 alignleft\" src=\"https:\/\/blog.holyart.it\/de\/wp-content\/uploads\/sites\/12\/2024\/12\/heiligen-drei-konigen.jpg\" alt=\"heiligen drei konigen\" width=\"100\" height=\"100\" data-kale-share-title=\"Dreik\u00f6nigstag: Traditionen in Italien und Europa\" data-kale-share-url=\"https:\/\/blog.holyart.it\/de\/?p=5207\" \/><\/div>\n<div class=\"blocco-contenuto\">\n<div class=\"blocco-acquista\">Einkaufen:<\/div>\n<div class=\"blocco-titolo\"><a href=\"https:\/\/www.holyart.de\/weihnachten\/krippenfiguren?page=1&amp;params=%257B%2522offset%2522%3A0%2C%2522limit%2522%3A60%2C%2522filters%2522%3A%255B%255D%2C%2522sorter%2522%3A%2522HIGHER_DISCOUNT%2522%2C%2522categoryIds%2522%3A%255B113%255D%2C%2522filtersByIds%2522%3A%255B%257B%2522key%2522%3A83%2C%2522values%2522%3A%255B2350%255D%257D%255D%257D\">Heilige Drei K\u00f6nige<\/a><\/div>\n<div class=\"blocco-descrizione\">Sie Krippenfiguren in verschiedenen Formaten.<\/div>\n<\/div>\n<\/div>\n<h2>Die Traditionen des Dreik\u00f6nigstages in Italien<\/h2>\n<p>In <strong>Partschins<\/strong>, einer kleinen Gemeinde in der autonomen Provinz Bozen im Trentino-S\u00fcdtirol, ist die Tradition der <strong><em>Kiniweihe<\/em><\/strong>, dem <strong>Fest der Heiligen Drei K\u00f6nige<\/strong>, das am 6. Januar gefeiert wird, noch immer weit verbreitet. An den T\u00fcren der H\u00e4user sind mit gesegneter Kreide die Initialen der Namen der Heiligen Drei K\u00f6nige und die letzten beiden Ziffern der Jahreszahl markiert: C+M+B (Gaspar, Melchior, Balthasar), oder auch die Abk\u00fcrzung <strong>Christus Mansionem Benedicat<\/strong>, das hei\u00dft \u201eChristus segne dieses Haus\u201c, w\u00e4hrend im Inneren des Hauses ein Feuer in einem Beh\u00e4lter angez\u00fcndet und <a href=\"https:\/\/www.holyart.de\/verbrauchsprodukte\/weihrauch\"><strong>Weihrauch<\/strong><\/a> verbrannt wird. Um das B\u00f6se abzuwehren, wird im Haus und auf Familienangeh\u00f6rigen sowie auf den Feldern Weihwasser gesprengt. Am Ende beten wir alle gemeinsam den Rosenkranz.<\/p>\n<div class=\"link-product\">\n<div class=\"blocco-immagine\"><img loading=\"lazy\" decoding=\"async\" class=\"size-full wp-image-5211 alignleft\" src=\"https:\/\/blog.holyart.it\/de\/wp-content\/uploads\/sites\/12\/2024\/12\/myrrhe-perlen.jpg\" alt=\"myrrhe perlen\" width=\"100\" height=\"100\" data-kale-share-title=\"Dreik\u00f6nigstag: Traditionen in Italien und Europa\" data-kale-share-url=\"https:\/\/blog.holyart.it\/de\/?p=5207\" \/><\/div>\n<div class=\"blocco-contenuto\">\n<div class=\"blocco-acquista\">Einkaufen:<\/div>\n<div class=\"blocco-titolo\"><a href=\"https:\/\/www.holyart.de\/verbrauchsprodukte\/weihrauch\/myrrhe-kornchen\">Myrrhe-K\u00f6rnchen<\/a><\/div>\n<div class=\"blocco-descrizione\">Das Gummiharz wird aus Str\u00e4uchern der Gattung Commiiphora (Commiiphora Molmol Engler) gewonnen.<\/div>\n<\/div>\n<\/div>\n<p>\u00dcberhaupt sind im gesamten Dolomitengebiet viele Br\u00e4uche im Zusammenhang mit den Heiligen Drei K\u00f6nigen verbreitet, ebenso wie \u00e4u\u00dferst eindrucksvolle Weihnachtsbr\u00e4uche. Bereits in den ersten Tagen des Jahres ziehen als Heilige Drei K\u00f6nige verkleidete Kinder und Erwachsene von Haus zu Haus und <a href=\"https:\/\/www.holyart.de\/blog\/weihnachten\/die-7-beruehmtesten-religioesen-weihnachtslieder-der-welt\/\"><strong>singen Weihnachtslieder<\/strong><\/a> und bitten um eine Spende f\u00fcr eine wohlt\u00e4tige Arbeit. Sie werden <strong>Sternsinger<\/strong> oder <em>Sternens\u00e4nger<\/em> genannt und bringen Kohle und Weihrauch mit, um sie im Haus zu verbrennen, und Kreide, um die Namen der Heiligen Drei K\u00f6nige an die T\u00fcr zu schreiben.<\/p>\n<div class=\"link-article\">\n<p><img loading=\"lazy\" decoding=\"async\" class=\"size-full wp-image-5212 alignleft\" src=\"https:\/\/blog.holyart.it\/de\/wp-content\/uploads\/sites\/12\/2024\/12\/Die-7-beruehmtesten-religioesen-Weihnachtslieder-der-Welt-1.jpg\" alt=\"Die 7 beruehmtesten religioesen Weihnachtslieder der Welt\" width=\"150\" height=\"99\" data-kale-share-title=\"Dreik\u00f6nigstag: Traditionen in Italien und Europa\" data-kale-share-url=\"https:\/\/blog.holyart.it\/de\/?p=5207\" \/><\/p>\n<div class=\"leggi-anche\">Lesen Sie auch:<\/div>\n<p><strong><a href=\"https:\/\/www.holyart.de\/blog\/weihnachten\/die-7-beruehmtesten-religioesen-weihnachtslieder-der-welt\/\">Die 7 ber\u00fchmtesten religi\u00f6sen Weihnachtslieder der Welt<\/a><\/strong><br \/>\nVon traditionellen englischen, deutschen und franz\u00f6sischen Weihnachtsliedern \u00fcber Gospel-Weihnachtslieder&#8230;<\/p>\n<\/div>\n<h2>Das Fest der Heiligen Drei K\u00f6nige in Spanien<\/h2>\n<p>In Spanien feiern wir <strong>El dia de Los Reyes Magos<\/strong>, das alte Fest der Heiligen Drei K\u00f6nige. In der Nacht vom 5. auf den 6. Januar, in der traditionell die Heiligen Drei K\u00f6nige in alle H\u00e4user kommen, um den Kindern Geschenke zu bringen, schreiben ihnen die Kleinen des Hauses kleine <strong>Briefe<\/strong> und \u00fcberbringen sie an die Seiten der Heiligen Drei K\u00f6nige Abgesandte. In gro\u00dfen St\u00e4dten wird die <strong><em>Cabalgata de Los Reyes Magos<\/em><\/strong> organisiert, ein Kost\u00fcmumzug mit farbenfrohen allegorischen Wagen voller Geschenke, Musik und T\u00e4nzen, angef\u00fchrt von <a href=\"https:\/\/www.holyart.de\/weihnachten\/krippen\/krippen-von-moranduzzo\/heilige-konige-3st.-8cm-moranduzzo\"><strong>Gasparre, Melchiorre und Belshazzar<\/strong><\/a>, die auf ihren Kamelen S\u00fc\u00dfigkeiten und kleine Geschenke verteilen. Die <strong><em>Cabalgata de Barcelona<\/em><\/strong> ist eine der spektakul\u00e4rsten und zieht jedes Jahr mehr als eine halbe Million Menschen, darunter Spanier und Touristen aus aller Welt, an.<\/p>\n<div class=\"link-product\">\n<div class=\"blocco-immagine\"><img loading=\"lazy\" decoding=\"async\" class=\"size-full wp-image-5213 alignleft\" src=\"https:\/\/blog.holyart.it\/de\/wp-content\/uploads\/sites\/12\/2024\/12\/heilige-konige-3st.-8cm-moranduzzo.jpg\" alt=\"heilige konige 3st. 8cm moranduzzo\" width=\"100\" height=\"100\" data-kale-share-title=\"Dreik\u00f6nigstag: Traditionen in Italien und Europa\" data-kale-share-url=\"https:\/\/blog.holyart.it\/de\/?p=5207\" \/><\/div>\n<div class=\"blocco-contenuto\">\n<div class=\"blocco-acquista\">Einkaufen:<\/div>\n<div class=\"blocco-titolo\"><a href=\"https:\/\/www.holyart.de\/weihnachten\/krippen\/krippen-von-moranduzzo\/heilige-konige-3st.-8cm-moranduzzo\">Heilige K\u00f6nige 3St. 8cm Moranduzzo<\/a><\/div>\n<div class=\"blocco-descrizione\">Krippenfiguren realisiert aus PVC in Italien und handgemalt.<\/div>\n<\/div>\n<\/div>\n<p>Auf Teneriffa und im \u00fcbrigen Spanien wird auch <strong>Rosc\u00f3n de Reyes<\/strong> zubereitet, das typische Dreik\u00f6nigs-Dessert, geformt wie ein Donut und dekoriert mit kandierten Fr\u00fcchten, gehackten Mandeln und gehacktem Zucker. Im Inneren des Teigs verbirgt sich eine \u201e\u00dcberraschung\u201c: eine getrocknete Saubohne. In der Antike wurde derjenige, der die Bohne fand, f\u00fcr einen Tag zum K\u00f6nig ernannt und konnte jedem Befehle erteilen.<\/p>\n<h2>Dreik\u00f6nigstraditionen in Europa<\/h2>\n<h3>Dreik\u00f6nigstag in Frankreich<\/h3>\n<p>In Frankreich wird seit dem Mittelalter am 6. Januar die <strong><em>Galette des Rois<\/em><\/strong> zubereitet, ein Kuchen, der sehr alte Urspr\u00fcnge hat und bis ins R\u00f6mische Reich zur\u00fcckreicht. Wie im spanischen Rosc\u00f3n de Reyes war in diesem Dessert eine Bohne versteckt, die heute durch eine Keramikstatuette ersetzt wurde. Wer die Bohne fand, wurde zum K\u00f6nig der Partei. Wenn die <em>Galette<\/em> an den Tisch gebracht wird, werden so viele Scheiben abgeschnitten, wie G\u00e4ste anwesend sind, plus eine, die als \u201eAnteil des guten Gottes\u201c bezeichnet wird. In der Antike wurde es beiseitegelegt f\u00fcr den Fall, dass ein armer Mensch an der T\u00fcr auftauchte.<img loading=\"lazy\" decoding=\"async\" class=\"size-full wp-image-5214 aligncenter\" src=\"https:\/\/blog.holyart.it\/de\/wp-content\/uploads\/sites\/12\/2024\/12\/galette-des-rois.jpg\" alt=\"galette des rois\" width=\"1000\" height=\"666\" data-kale-share-title=\"Dreik\u00f6nigstag: Traditionen in Italien und Europa\" data-kale-share-url=\"https:\/\/blog.holyart.it\/de\/?p=5207\" \/><\/p>\n<h3>Dreik\u00f6nigstag in Portugal<\/h3>\n<p>In Portugal brennt das <strong>Weihnachtsfeuer<\/strong>, das nach jahrhundertealter Tradition am Heiligabend angez\u00fcndet wird, bis zum Dreik\u00f6nigstag weiter, um b\u00f6se Geister fernzuhalten und den Bewohnern des Hauses Gl\u00fcck und Wohlstand zu bringen.<\/p>\n<h3>Dreik\u00f6nigstag in Polen<\/h3>\n<p>Die Epiphanie ist in Polen zutiefst sp\u00fcrbar. Das <strong><em>Dzien Trzech Kroli<\/em><\/strong> oder <strong><em>Trzej Kr\u00f3lowie<\/em><\/strong> (das Fest der Heiligen Drei K\u00f6nige) ist eines der wichtigsten Feste. Als Polen jedoch unter russischem Kommunismus stand, spielte der Dreik\u00f6nigstag nicht die Rolle eines Nationalfeiertags. Erst seit 2011 wird es wieder gefeiert, indem S\u00e4nger durch die Stra\u00dfen und von Haus zu Haus ziehen und Weihnachtsmelodien singen. Auch hier, wie im Trentino, wird in der Kirche ein kleines St\u00fcck wei\u00dfe Kreide gesegnet, mit dem die Initialen der Heiligen Drei K\u00f6nige auf die Haust\u00fcr geschrieben werden (K, M, B, jeweils auf Polnisch Kacper, Melchior und Baltasar), als Schutz f\u00fcr die ganze Familie.<\/p>\n<h3>Dreik\u00f6nigstag in Deutschland<\/h3>\n<p>Neben dem bereits erw\u00e4hnten Brauch der <strong><em>Sternsinger<\/em><\/strong> und der Zeremonie der Segnung der H\u00e4user mit der Inschrift der Initialen wird in vielen Gegenden Deutschlands das <strong><em>Dreik\u00f6nigsfest<\/em><\/strong> mit alten Traditionen gefeiert. Die als <a href=\"https:\/\/www.holyart.de\/weihnachten\/krippen\/krippen-aus-resin-und-stoff\/heilige-konige-mit-kamel-28cm-harz-und-stoff\"><strong>Heilige Drei K\u00f6nige<\/strong><\/a> verkleideten Kinder mit von den M\u00fcttern und Frauen der Pfarrei gen\u00e4hten Kleidern gehen von T\u00fcr zu T\u00fcr, um Opfergaben einzusammeln und zu singen. Am Ende wird eine feierliche Messe gefeiert und alle essen gemeinsam.<\/p>\n<div class=\"link-product\">\n<div class=\"blocco-immagine\"><img loading=\"lazy\" decoding=\"async\" class=\"size-full wp-image-5215 alignleft\" src=\"https:\/\/blog.holyart.it\/de\/wp-content\/uploads\/sites\/12\/2024\/12\/heilige-konige-mit-kamel-28cm-harz-und-stoff.jpg\" alt=\"heilige konige mit kamel 28cm harz und stoff\" width=\"100\" height=\"100\" data-kale-share-title=\"Dreik\u00f6nigstag: Traditionen in Italien und Europa\" data-kale-share-url=\"https:\/\/blog.holyart.it\/de\/?p=5207\" \/><\/div>\n<div class=\"blocco-contenuto\">\n<div class=\"blocco-acquista\">Einkaufen:<\/div>\n<div class=\"blocco-titolo\"><a href=\"https:\/\/www.holyart.de\/weihnachten\/krippen\/krippen-aus-resin-und-stoff\/heilige-konige-mit-kamel-28cm-harz-und-stoff\">Heilige K\u00f6nige mit Kamel 28cm Harz und Stoff<\/a><\/div>\n<div class=\"blocco-descrizione\">Set von 4 Krippenfiguren realisiert aus Harz und Stoff.<\/div>\n<\/div>\n<\/div>\n<h2>Gedichte \u00fcber die Heiligen Drei K\u00f6nige f\u00fcr Kinder<\/h2>\n<p>Zur Feier des Dreik\u00f6nigstages d\u00fcrfen Gedichte und Kinderreime nicht fehlen. Einige wurden von gro\u00dfen Autoren der Vergangenheit geschrieben, andere wurden durch volkst\u00fcmliche \u00dcberlieferungen weitergegeben.<\/p>\n<h3>Oh, Magier des Ostens<\/h3>\n<p><em>Oh, Magier des Ostens, die ihr so sch\u00f6n seid<\/em><\/p>\n<p><em>in der Pracht eurer M\u00e4ntel<\/em><\/p>\n<p><em>wer hat dir den Weg von Bethlehem gelehrt?<\/em><\/p>\n<p><em>Das hat uns ein leuchtender Stern gelehrt,<\/em><\/p>\n<p><em>pl\u00f6tzlich am \u00f6stlichen Himmel geboren.<\/em><\/p>\n<p><em>Siehst du? Der Stern, der immer noch da oben ist,<\/em><\/p>\n<p><em>f\u00fchre Menschen zum Herzen Jesu.<\/em><\/p>\n<h3>Der Stern, von Edmond Rostand<\/h3>\n<p><em>Eines Tages verloren sie den Stern.<\/em><\/p>\n<p><em>Wie verliert man<\/em><\/p>\n<p><em>den Stern? Weil sie ihn zu lange gestarrt habe &#8230;<\/em><\/p>\n<p><em>Die beiden wei\u00dfen K\u00f6nige,<\/em><\/p>\n<p><em>Das waren zwei weise M\u00e4nner aus Chald\u00e4a,<\/em><\/p>\n<p><em>Sie zeichneten mit dem Stock Kreise auf den Boden.<\/em><\/p>\n<p><em>Sie fingen an zu rechnen, kratzten sich am Kinn&#8230;<\/em><\/p>\n<p><em>Aber der Stern war verschwunden, wie eine Idee verschwindet,<\/em><\/p>\n<p><em>und jene M\u00e4nner, deren Seele<\/em><\/p>\n<p><em>danach d\u00fcrstete, gef\u00fchrt zu werden,<\/em><\/p>\n<p><em>weinten, als sie die Baumwollvorh\u00e4nge hochwarfen.<\/em><\/p>\n<p><em>\u00a0<\/em><\/p>\n<p><em>Aber der arme schwarze K\u00f6nig, von anderen verachtet,<\/em><\/p>\n<p><em>sagte sich: \u201eDenken wir an den Durst, der nicht unserer ist.\u201c<\/em><\/p>\n<p><em>Man muss den Tieren trotzdem etwas zu trinken geben.\u201c<\/em><\/p>\n<p><em>\u00a0<\/em><\/p>\n<p><em>Und als er seinen Eimer am Henkel hielt,<\/em><\/p>\n<p><em>im Spiegel des Himmels<\/em><\/p>\n<p><em>wo die Kamele tranken<\/em><\/p>\n<p><em>sah er den goldenen Stern schweigend tanzen.<\/em><\/p>\n<h3>Die heil&#8217;gen Drei K\u00f6nige von Heinrich Heine<\/h3>\n<p><em>Die heil&#8217;gen Drei K\u00f6nige aus dem Morgenland,<br \/>\nsie frugen in jedem St\u00e4dtchen:<br \/>\n&#8222;Wo geht der Weg nach Bethlehem,<br \/>\nihr lieben Buben und M\u00e4dchen?&#8220;<br \/>\nDie Jungen und Alten, sie wussten es nicht,<br \/>\ndie K\u00f6nige zogen weiter,<br \/>\nsie folgten einem goldenen Stern,<br \/>\nder leuchtete lieblich und heiter.<br \/>\nDer Stern bleibt stehn \u00fcber Josefs Haus,<br \/>\nda sind sie hineingegangen;<br \/>\ndas \u00d6chslein br\u00fcllt, das Kindlein schrie,<br \/>\ndie heil&#8217;gen Drei K\u00f6nige sangen.<\/em><\/p>\n<h3>Wie lange dauert es bis Bethlehem von Frances Chersteron<\/h3>\n<p><em>Wie lange dauert es bis Bethlehem?<\/em><\/p>\n<p><em>Sie sind fast am Ziel.<\/em><\/p>\n<p><em>Wir werden einen Stall finden<\/em><\/p>\n<p><em>unter einem Kometenstern?<\/em><\/p>\n<p><em>Das neugeborene Baby<\/em><\/p>\n<p><em>k\u00f6nnen wir besuchen?<\/em><\/p>\n<p><em>Beim Entfernen des Riegels<\/em><\/p>\n<p><em>werden sie uns reinlassen?<\/em><\/p>\n<p><em>Werden wir den Esel, den Ochsen, das Schaf streicheln k\u00f6nnen?<\/em><\/p>\n<p><em>Werden wir das schlafende Jesuskind betrachten k\u00f6nnen?<\/em><\/p>\n<p><em>Wird er aufwachen, wenn wir ihn streicheln?<\/em><\/p>\n<p><em>Wei\u00df er, dass wir den ganzen Weg hierher mit Absicht gekommen sind?<\/em><\/p>\n<p><em>Die reichen Geschenke der K\u00f6nige<\/em><\/p>\n<p><em>und wir haben stattdessen nichts,<\/em><\/p>\n<p><em>wir schenken Ihnen nur ein L\u00e4cheln und Tr\u00e4nen in die Wiege.<\/em><\/p>\n<p><em>Maria wird um all die m\u00fcden Kinder weinen m\u00fcssen.<\/em><\/p>\n<p><em>Auf dem Stroh liegend schl\u00e4ft das Baby bereits.<\/em><\/p>\n<p><em>Gott in den Armen seiner Mutter,<\/em><\/p>\n<p><em>Kinder im Schuppen<\/em><\/p>\n<p><em>schlafen wie diejenigen, die ein ungetr\u00fcbtes Herz haben!<\/em><\/p>\n","protected":false},"excerpt":{"rendered":"<p>In Italien und ganz Europa wird am 6. Januar der Dreik\u00f6nigstag, die zw\u00f6lfte Nacht, gefeiert. Warum er gefeiert und auch Dreik\u00f6nigsfest genannt wird Der 6. Januar ist die zw\u00f6lfte Nacht nach der Geburt Jesu. In Italien und anderen L\u00e4ndern wird an diesem Tag auch die&hellip;<\/p>\n","protected":false},"author":1,"featured_media":5217,"comment_status":"closed","ping_status":"open","sticky":false,"template":"","format":"standard","meta":{"_acf_changed":false,"footnotes":""},"categories":[10],"tags":[],"class_list":["post-5207","post","type-post","status-publish","format-standard","has-post-thumbnail","hentry","category-devotionalien"],"acf":[],"yoast_head":"<!-- This site is optimized with the Yoast SEO plugin v26.6 - https:\/\/yoast.com\/wordpress\/plugins\/seo\/ -->\n<title>Dreik\u00f6nigstag: Traditionen in Italien und Europa - Holyart.de Blog<\/title>\n<meta name=\"description\" content=\"In Italien und ganz Europa wird am 6. Januar der Dreik\u00f6nigstag, die zw\u00f6lfte Nacht, gefeiert. Warum er gefeiert und auch Dreik\u00f6nigsfest genannt wird\" \/>\n<meta name=\"robots\" content=\"index, follow, max-snippet:-1, max-image-preview:large, max-video-preview:-1\" \/>\n<link rel=\"canonical\" href=\"https:\/\/blog.holyart.it\/de\/devotionalien\/dreikoenigstag-traditionen-in-italien-und-europa\/\" \/>\n<meta property=\"og:locale\" content=\"de_DE\" \/>\n<meta property=\"og:type\" content=\"article\" \/>\n<meta property=\"og:title\" content=\"Dreik\u00f6nigstag: Traditionen in Italien und Europa - Holyart.de Blog\" \/>\n<meta property=\"og:description\" content=\"In Italien und ganz Europa wird am 6. Januar der Dreik\u00f6nigstag, die zw\u00f6lfte Nacht, gefeiert. Warum er gefeiert und auch Dreik\u00f6nigsfest genannt wird\" \/>\n<meta property=\"og:url\" content=\"https:\/\/blog.holyart.it\/de\/devotionalien\/dreikoenigstag-traditionen-in-italien-und-europa\/\" \/>\n<meta property=\"og:site_name\" content=\"Holyart.de Blog\" \/>\n<meta property=\"article:published_time\" content=\"2024-12-30T11:34:02+00:00\" \/>\n<meta property=\"article:modified_time\" content=\"2025-12-31T11:06:12+00:00\" \/>\n<meta property=\"og:image\" content=\"https:\/\/blog.holyart.it\/de\/wp-content\/uploads\/sites\/12\/2024\/12\/Dreikonigstag.jpg\" \/>\n\t<meta property=\"og:image:width\" content=\"1000\" \/>\n\t<meta property=\"og:image:height\" content=\"666\" \/>\n\t<meta property=\"og:image:type\" content=\"image\/jpeg\" \/>\n<meta name=\"author\" content=\"Redazione\" \/>\n<meta name=\"twitter:card\" content=\"summary_large_image\" \/>\n<meta name=\"twitter:label1\" content=\"Verfasst von\" \/>\n\t<meta name=\"twitter:data1\" content=\"Redazione\" \/>\n\t<meta name=\"twitter:label2\" content=\"Gesch\u00e4tzte Lesezeit\" \/>\n\t<meta name=\"twitter:data2\" content=\"12\u00a0Minuten\" \/>\n<script type=\"application\/ld+json\" class=\"yoast-schema-graph\">{\"@context\":\"https:\/\/schema.org\",\"@graph\":[{\"@type\":\"Article\",\"@id\":\"https:\/\/blog.holyart.it\/de\/devotionalien\/dreikoenigstag-traditionen-in-italien-und-europa\/#article\",\"isPartOf\":{\"@id\":\"https:\/\/blog.holyart.it\/de\/devotionalien\/dreikoenigstag-traditionen-in-italien-und-europa\/\"},\"author\":{\"name\":\"Redazione\",\"@id\":\"https:\/\/blog.holyart.it\/de\/#\/schema\/person\/0a7b686e5af0f856ec1e390dd0baecda\"},\"headline\":\"Dreik\u00f6nigstag: Traditionen in Italien und Europa\",\"datePublished\":\"2024-12-30T11:34:02+00:00\",\"dateModified\":\"2025-12-31T11:06:12+00:00\",\"mainEntityOfPage\":{\"@id\":\"https:\/\/blog.holyart.it\/de\/devotionalien\/dreikoenigstag-traditionen-in-italien-und-europa\/\"},\"wordCount\":1907,\"publisher\":{\"@id\":\"https:\/\/blog.holyart.it\/de\/#organization\"},\"image\":{\"@id\":\"https:\/\/blog.holyart.it\/de\/devotionalien\/dreikoenigstag-traditionen-in-italien-und-europa\/#primaryimage\"},\"thumbnailUrl\":\"https:\/\/blog.holyart.it\/de\/wp-content\/uploads\/sites\/12\/2024\/12\/Dreikonigstag.jpg\",\"articleSection\":[\"Religion\"],\"inLanguage\":\"de\"},{\"@type\":\"WebPage\",\"@id\":\"https:\/\/blog.holyart.it\/de\/devotionalien\/dreikoenigstag-traditionen-in-italien-und-europa\/\",\"url\":\"https:\/\/blog.holyart.it\/de\/devotionalien\/dreikoenigstag-traditionen-in-italien-und-europa\/\",\"name\":\"Dreik\u00f6nigstag: Traditionen in Italien und Europa - Holyart.de Blog\",\"isPartOf\":{\"@id\":\"https:\/\/blog.holyart.it\/de\/#website\"},\"primaryImageOfPage\":{\"@id\":\"https:\/\/blog.holyart.it\/de\/devotionalien\/dreikoenigstag-traditionen-in-italien-und-europa\/#primaryimage\"},\"image\":{\"@id\":\"https:\/\/blog.holyart.it\/de\/devotionalien\/dreikoenigstag-traditionen-in-italien-und-europa\/#primaryimage\"},\"thumbnailUrl\":\"https:\/\/blog.holyart.it\/de\/wp-content\/uploads\/sites\/12\/2024\/12\/Dreikonigstag.jpg\",\"datePublished\":\"2024-12-30T11:34:02+00:00\",\"dateModified\":\"2025-12-31T11:06:12+00:00\",\"description\":\"In Italien und ganz Europa wird am 6. Januar der Dreik\u00f6nigstag, die zw\u00f6lfte Nacht, gefeiert. Warum er gefeiert und auch Dreik\u00f6nigsfest genannt wird\",\"breadcrumb\":{\"@id\":\"https:\/\/blog.holyart.it\/de\/devotionalien\/dreikoenigstag-traditionen-in-italien-und-europa\/#breadcrumb\"},\"inLanguage\":\"de\",\"potentialAction\":[{\"@type\":\"ReadAction\",\"target\":[\"https:\/\/blog.holyart.it\/de\/devotionalien\/dreikoenigstag-traditionen-in-italien-und-europa\/\"]}]},{\"@type\":\"ImageObject\",\"inLanguage\":\"de\",\"@id\":\"https:\/\/blog.holyart.it\/de\/devotionalien\/dreikoenigstag-traditionen-in-italien-und-europa\/#primaryimage\",\"url\":\"https:\/\/blog.holyart.it\/de\/wp-content\/uploads\/sites\/12\/2024\/12\/Dreikonigstag.jpg\",\"contentUrl\":\"https:\/\/blog.holyart.it\/de\/wp-content\/uploads\/sites\/12\/2024\/12\/Dreikonigstag.jpg\",\"width\":1000,\"height\":666,\"caption\":\"Dreik\u00f6nigstag\"},{\"@type\":\"BreadcrumbList\",\"@id\":\"https:\/\/blog.holyart.it\/de\/devotionalien\/dreikoenigstag-traditionen-in-italien-und-europa\/#breadcrumb\",\"itemListElement\":[{\"@type\":\"ListItem\",\"position\":1,\"name\":\"Homepage\",\"item\":\"https:\/\/blog.holyart.it\/de\/\"},{\"@type\":\"ListItem\",\"position\":2,\"name\":\"Religion\",\"item\":\"https:\/\/blog.holyart.it\/de\/devotionalien\/\"},{\"@type\":\"ListItem\",\"position\":3,\"name\":\"Dreik\u00f6nigstag: Traditionen in Italien und Europa\"}]},{\"@type\":\"WebSite\",\"@id\":\"https:\/\/blog.holyart.it\/de\/#website\",\"url\":\"https:\/\/blog.holyart.it\/de\/\",\"name\":\"Holyart.de Blog\",\"description\":\"Holyblog\",\"publisher\":{\"@id\":\"https:\/\/blog.holyart.it\/de\/#organization\"},\"potentialAction\":[{\"@type\":\"SearchAction\",\"target\":{\"@type\":\"EntryPoint\",\"urlTemplate\":\"https:\/\/blog.holyart.it\/de\/?s={search_term_string}\"},\"query-input\":{\"@type\":\"PropertyValueSpecification\",\"valueRequired\":true,\"valueName\":\"search_term_string\"}}],\"inLanguage\":\"de\"},{\"@type\":\"Organization\",\"@id\":\"https:\/\/blog.holyart.it\/de\/#organization\",\"name\":\"Holyart.de Blog\",\"url\":\"https:\/\/blog.holyart.it\/de\/\",\"logo\":{\"@type\":\"ImageObject\",\"inLanguage\":\"de\",\"@id\":\"https:\/\/blog.holyart.it\/de\/#\/schema\/logo\/image\/\",\"url\":\"https:\/\/blog.holyart.it\/de\/wp-content\/uploads\/sites\/12\/2022\/12\/Holyart_Blog_Logo.jpg\",\"contentUrl\":\"https:\/\/blog.holyart.it\/de\/wp-content\/uploads\/sites\/12\/2022\/12\/Holyart_Blog_Logo.jpg\",\"width\":300,\"height\":50,\"caption\":\"Holyart.de Blog\"},\"image\":{\"@id\":\"https:\/\/blog.holyart.it\/de\/#\/schema\/logo\/image\/\"}},{\"@type\":\"Person\",\"@id\":\"https:\/\/blog.holyart.it\/de\/#\/schema\/person\/0a7b686e5af0f856ec1e390dd0baecda\",\"name\":\"Redazione\",\"image\":{\"@type\":\"ImageObject\",\"inLanguage\":\"de\",\"@id\":\"https:\/\/blog.holyart.it\/de\/#\/schema\/person\/image\/\",\"url\":\"https:\/\/secure.gravatar.com\/avatar\/f477da817f43e50d0af36abecd33e3edf826c68299714bdc1057dff3b113f516?s=96&d=mm&r=g\",\"contentUrl\":\"https:\/\/secure.gravatar.com\/avatar\/f477da817f43e50d0af36abecd33e3edf826c68299714bdc1057dff3b113f516?s=96&d=mm&r=g\",\"caption\":\"Redazione\"}}]}<\/script>\n<!-- \/ Yoast SEO plugin. -->","yoast_head_json":{"title":"Dreik\u00f6nigstag: Traditionen in Italien und Europa - Holyart.de Blog","description":"In Italien und ganz Europa wird am 6. Januar der Dreik\u00f6nigstag, die zw\u00f6lfte Nacht, gefeiert. Warum er gefeiert und auch Dreik\u00f6nigsfest genannt wird","robots":{"index":"index","follow":"follow","max-snippet":"max-snippet:-1","max-image-preview":"max-image-preview:large","max-video-preview":"max-video-preview:-1"},"canonical":"https:\/\/blog.holyart.it\/de\/devotionalien\/dreikoenigstag-traditionen-in-italien-und-europa\/","og_locale":"de_DE","og_type":"article","og_title":"Dreik\u00f6nigstag: Traditionen in Italien und Europa - Holyart.de Blog","og_description":"In Italien und ganz Europa wird am 6. Januar der Dreik\u00f6nigstag, die zw\u00f6lfte Nacht, gefeiert. Warum er gefeiert und auch Dreik\u00f6nigsfest genannt wird","og_url":"https:\/\/blog.holyart.it\/de\/devotionalien\/dreikoenigstag-traditionen-in-italien-und-europa\/","og_site_name":"Holyart.de Blog","article_published_time":"2024-12-30T11:34:02+00:00","article_modified_time":"2025-12-31T11:06:12+00:00","og_image":[{"width":1000,"height":666,"url":"https:\/\/blog.holyart.it\/de\/wp-content\/uploads\/sites\/12\/2024\/12\/Dreikonigstag.jpg","type":"image\/jpeg"}],"author":"Redazione","twitter_card":"summary_large_image","twitter_misc":{"Verfasst von":"Redazione","Gesch\u00e4tzte Lesezeit":"12\u00a0Minuten"},"schema":{"@context":"https:\/\/schema.org","@graph":[{"@type":"Article","@id":"https:\/\/blog.holyart.it\/de\/devotionalien\/dreikoenigstag-traditionen-in-italien-und-europa\/#article","isPartOf":{"@id":"https:\/\/blog.holyart.it\/de\/devotionalien\/dreikoenigstag-traditionen-in-italien-und-europa\/"},"author":{"name":"Redazione","@id":"https:\/\/blog.holyart.it\/de\/#\/schema\/person\/0a7b686e5af0f856ec1e390dd0baecda"},"headline":"Dreik\u00f6nigstag: Traditionen in Italien und Europa","datePublished":"2024-12-30T11:34:02+00:00","dateModified":"2025-12-31T11:06:12+00:00","mainEntityOfPage":{"@id":"https:\/\/blog.holyart.it\/de\/devotionalien\/dreikoenigstag-traditionen-in-italien-und-europa\/"},"wordCount":1907,"publisher":{"@id":"https:\/\/blog.holyart.it\/de\/#organization"},"image":{"@id":"https:\/\/blog.holyart.it\/de\/devotionalien\/dreikoenigstag-traditionen-in-italien-und-europa\/#primaryimage"},"thumbnailUrl":"https:\/\/blog.holyart.it\/de\/wp-content\/uploads\/sites\/12\/2024\/12\/Dreikonigstag.jpg","articleSection":["Religion"],"inLanguage":"de"},{"@type":"WebPage","@id":"https:\/\/blog.holyart.it\/de\/devotionalien\/dreikoenigstag-traditionen-in-italien-und-europa\/","url":"https:\/\/blog.holyart.it\/de\/devotionalien\/dreikoenigstag-traditionen-in-italien-und-europa\/","name":"Dreik\u00f6nigstag: Traditionen in Italien und Europa - Holyart.de Blog","isPartOf":{"@id":"https:\/\/blog.holyart.it\/de\/#website"},"primaryImageOfPage":{"@id":"https:\/\/blog.holyart.it\/de\/devotionalien\/dreikoenigstag-traditionen-in-italien-und-europa\/#primaryimage"},"image":{"@id":"https:\/\/blog.holyart.it\/de\/devotionalien\/dreikoenigstag-traditionen-in-italien-und-europa\/#primaryimage"},"thumbnailUrl":"https:\/\/blog.holyart.it\/de\/wp-content\/uploads\/sites\/12\/2024\/12\/Dreikonigstag.jpg","datePublished":"2024-12-30T11:34:02+00:00","dateModified":"2025-12-31T11:06:12+00:00","description":"In Italien und ganz Europa wird am 6. Januar der Dreik\u00f6nigstag, die zw\u00f6lfte Nacht, gefeiert. Warum er gefeiert und auch Dreik\u00f6nigsfest genannt wird","breadcrumb":{"@id":"https:\/\/blog.holyart.it\/de\/devotionalien\/dreikoenigstag-traditionen-in-italien-und-europa\/#breadcrumb"},"inLanguage":"de","potentialAction":[{"@type":"ReadAction","target":["https:\/\/blog.holyart.it\/de\/devotionalien\/dreikoenigstag-traditionen-in-italien-und-europa\/"]}]},{"@type":"ImageObject","inLanguage":"de","@id":"https:\/\/blog.holyart.it\/de\/devotionalien\/dreikoenigstag-traditionen-in-italien-und-europa\/#primaryimage","url":"https:\/\/blog.holyart.it\/de\/wp-content\/uploads\/sites\/12\/2024\/12\/Dreikonigstag.jpg","contentUrl":"https:\/\/blog.holyart.it\/de\/wp-content\/uploads\/sites\/12\/2024\/12\/Dreikonigstag.jpg","width":1000,"height":666,"caption":"Dreik\u00f6nigstag"},{"@type":"BreadcrumbList","@id":"https:\/\/blog.holyart.it\/de\/devotionalien\/dreikoenigstag-traditionen-in-italien-und-europa\/#breadcrumb","itemListElement":[{"@type":"ListItem","position":1,"name":"Homepage","item":"https:\/\/blog.holyart.it\/de\/"},{"@type":"ListItem","position":2,"name":"Religion","item":"https:\/\/blog.holyart.it\/de\/devotionalien\/"},{"@type":"ListItem","position":3,"name":"Dreik\u00f6nigstag: Traditionen in Italien und Europa"}]},{"@type":"WebSite","@id":"https:\/\/blog.holyart.it\/de\/#website","url":"https:\/\/blog.holyart.it\/de\/","name":"Holyart.de Blog","description":"Holyblog","publisher":{"@id":"https:\/\/blog.holyart.it\/de\/#organization"},"potentialAction":[{"@type":"SearchAction","target":{"@type":"EntryPoint","urlTemplate":"https:\/\/blog.holyart.it\/de\/?s={search_term_string}"},"query-input":{"@type":"PropertyValueSpecification","valueRequired":true,"valueName":"search_term_string"}}],"inLanguage":"de"},{"@type":"Organization","@id":"https:\/\/blog.holyart.it\/de\/#organization","name":"Holyart.de Blog","url":"https:\/\/blog.holyart.it\/de\/","logo":{"@type":"ImageObject","inLanguage":"de","@id":"https:\/\/blog.holyart.it\/de\/#\/schema\/logo\/image\/","url":"https:\/\/blog.holyart.it\/de\/wp-content\/uploads\/sites\/12\/2022\/12\/Holyart_Blog_Logo.jpg","contentUrl":"https:\/\/blog.holyart.it\/de\/wp-content\/uploads\/sites\/12\/2022\/12\/Holyart_Blog_Logo.jpg","width":300,"height":50,"caption":"Holyart.de Blog"},"image":{"@id":"https:\/\/blog.holyart.it\/de\/#\/schema\/logo\/image\/"}},{"@type":"Person","@id":"https:\/\/blog.holyart.it\/de\/#\/schema\/person\/0a7b686e5af0f856ec1e390dd0baecda","name":"Redazione","image":{"@type":"ImageObject","inLanguage":"de","@id":"https:\/\/blog.holyart.it\/de\/#\/schema\/person\/image\/","url":"https:\/\/secure.gravatar.com\/avatar\/f477da817f43e50d0af36abecd33e3edf826c68299714bdc1057dff3b113f516?s=96&d=mm&r=g","contentUrl":"https:\/\/secure.gravatar.com\/avatar\/f477da817f43e50d0af36abecd33e3edf826c68299714bdc1057dff3b113f516?s=96&d=mm&r=g","caption":"Redazione"}}]}},"_links":{"self":[{"href":"https:\/\/blog.holyart.it\/de\/wp-json\/wp\/v2\/posts\/5207","targetHints":{"allow":["GET"]}}],"collection":[{"href":"https:\/\/blog.holyart.it\/de\/wp-json\/wp\/v2\/posts"}],"about":[{"href":"https:\/\/blog.holyart.it\/de\/wp-json\/wp\/v2\/types\/post"}],"author":[{"embeddable":true,"href":"https:\/\/blog.holyart.it\/de\/wp-json\/wp\/v2\/users\/1"}],"replies":[{"embeddable":true,"href":"https:\/\/blog.holyart.it\/de\/wp-json\/wp\/v2\/comments?post=5207"}],"version-history":[{"count":1,"href":"https:\/\/blog.holyart.it\/de\/wp-json\/wp\/v2\/posts\/5207\/revisions"}],"predecessor-version":[{"id":5216,"href":"https:\/\/blog.holyart.it\/de\/wp-json\/wp\/v2\/posts\/5207\/revisions\/5216"}],"wp:featuredmedia":[{"embeddable":true,"href":"https:\/\/blog.holyart.it\/de\/wp-json\/wp\/v2\/media\/5217"}],"wp:attachment":[{"href":"https:\/\/blog.holyart.it\/de\/wp-json\/wp\/v2\/media?parent=5207"}],"wp:term":[{"taxonomy":"category","embeddable":true,"href":"https:\/\/blog.holyart.it\/de\/wp-json\/wp\/v2\/categories?post=5207"},{"taxonomy":"post_tag","embeddable":true,"href":"https:\/\/blog.holyart.it\/de\/wp-json\/wp\/v2\/tags?post=5207"}],"curies":[{"name":"wp","href":"https:\/\/api.w.org\/{rel}","templated":true}]}}