{"id":5147,"date":"2024-12-18T10:00:52","date_gmt":"2024-12-18T09:00:52","guid":{"rendered":"https:\/\/blog.holyart.it\/de\/?p=5147"},"modified":"2025-01-17T12:42:29","modified_gmt":"2025-01-17T11:42:29","slug":"die-schoensten-weihnachtsmaerkte-in-europa","status":"publish","type":"post","link":"https:\/\/blog.holyart.it\/de\/weihnachten\/die-schoensten-weihnachtsmaerkte-in-europa\/","title":{"rendered":"Die sch\u00f6nsten Weihnachtsm\u00e4rkte in Europa"},"content":{"rendered":"<h4>Bunt beleuchtete St\u00e4nde, Kunsthandwerk, gastronomische Spezialit\u00e4ten, Paraden und Musik. Die Atmosph\u00e4re der Weihnachtsm\u00e4rkte in Europa ist ein unvergleichlicher Weihnachtszauber<\/h4>\n\n<p>Wie sch\u00f6n sind <strong>Weihnachtsm\u00e4rkte<\/strong>? Wenn die Pl\u00e4tze Europas mit unz\u00e4hligen Lichtern und den leuchtenden Farben der St\u00e4nde erleuchtet sind und den Passanten all jene Produkte angeboten werden, die nur zur Weihnachtszeit wie von Zauberhand erscheinen, so als k\u00e4men sie gerade aus der Werkstatt des Weihnachtsmanns. <strong><a href=\"https:\/\/www.holyart.de\/weihnachten\/weihnachtsdekorationen-fur-ihr-zuhause?_gl=1*13w38b1*_gcl_aw*R0NMLjE3MzM0MDg3MzIuQ2owS0NRaUF1OFc2QmhDLUFSSXNBQ0VRb0RDWEdmR1hiclc4SjhZajBQT25SSTdvOGVuMGl1TFRWMFBSb0dSS1BGMEcteXBtb28zQ3BFOGFBcGZxRUFMd193Y0I.*_gcl_au*MTg5NTg5Mjc0NC4xNzMzNzQzNDk5\">Weihnachtsschmuck<\/a>, handwerkliche Produkte<\/strong> zur Dekoration der Wohnung oder zum Verschenken, <strong>Kleinigkeiten<\/strong> und schlie\u00dflich <strong>gastronomische Spezialit\u00e4ten<\/strong>, die an den zahlreichen St\u00e4nden, von denen k\u00f6stliche D\u00fcfte ausgehen, gekauft oder direkt verzehrt werden k\u00f6nnen. Es fehlt auch nicht an <strong>weihnachtlichen<\/strong> <strong>Darbietungen<\/strong>, <strong>Ch\u00f6ren<\/strong> und <strong>Musik<\/strong> und in einigen F\u00e4llen an <strong>Karussells<\/strong>, wie in einem der farbenfrohen und malerischen <strong><a href=\"https:\/\/www.holyart.de\/weihnachten\/winterszenen?page=1&amp;_gl=1*1ewgvz3*_gcl_aw*R0NMLjE3MzM0MDg3MzIuQ2owS0NRaUF1OFc2QmhDLUFSSXNBQ0VRb0RDWEdmR1hiclc4SjhZajBQT25SSTdvOGVuMGl1TFRWMFBSb0dSS1BGMEcteXBtb28zQ3BFOGFBcGZxRUFMd193Y0I.*_gcl_au*MTg5NTg5Mjc0NC4xNzMzNzQzNDk5\">Miniatur-Weihnachtsd\u00f6rfer<\/a>,<\/strong> die in der Weihnachtszeit in vielen H\u00e4usern als Dekoration aufgestellt werden.<\/p>\n<div class=\"link-product\">\n<div class=\"blocco-immagine\"><img loading=\"lazy\" decoding=\"async\" class=\"alignnone size-full wp-image-5148\" src=\"https:\/\/blog.holyart.it\/de\/wp-content\/uploads\/sites\/12\/2024\/12\/Weihnachtsdorf-mit-Weihnachtsbaum-und-bewegten-Elementen-20x35x25-cm.jpg\" alt=\"Weihnachtsdorf mit Weihnachtsbaum und bewegten Elementen, 20x35x25 cm \" width=\"100\" height=\"100\" data-kale-share-title=\"Die sch\u00f6nsten Weihnachtsm\u00e4rkte in Europa\" data-kale-share-url=\"https:\/\/blog.holyart.it\/de\/?p=5147\" \/><\/div>\n<div class=\"blocco-contenuto\">\n<div class=\"blocco-acquista\">Einkaufen:<\/div>\n<div class=\"blocco-titolo\"><a href=\"https:\/\/www.holyart.de\/weihnachten\/winterszenen?page=1&amp;_gl=1*t2i46b*_gcl_aw*R0NMLjE3MzM0MDg3MzIuQ2owS0NRaUF1OFc2QmhDLUFSSXNBQ0VRb0RDWEdmR1hiclc4SjhZajBQT25SSTdvOGVuMGl1TFRWMFBSb0dSS1BGMEcteXBtb28zQ3BFOGFBcGZxRUFMd193Y0I.*_gcl_au*MTg5NTg5Mjc0NC4xNzMzNzQzNDk5\">Winterszenen<\/a><\/div>\n<div class=\"blocco-descrizione\">Miniatur-Weihnachtsd\u00f6rfer und Landschaften aus Resin mit Beleuchtung und&#8230;<\/div>\n<\/div>\n<\/div>\n<p>Die Weihnachtsm\u00e4rkte in Europa sind eine beliebte und unumg\u00e4ngliche Tradition. Obwohl sie vor allem in den n\u00f6rdlichen L\u00e4ndern, in Deutschland, \u00d6sterreich und der Schweiz, verbreitet sind, haben sie sich seit Anfang der 1990er Jahre <strong>auch in Italien<\/strong> ausgebreitet, angefangen bei Bozen und dem Trentino im Allgemeinen. Auch hier kann man zwischen Ende November und dem Dreik\u00f6nigstag in die Atmosph\u00e4re der Weihnachtsd\u00f6rfer eintauchen, durch die mit <strong><a href=\"https:\/\/www.holyart.de\/weihnachten\/weihnachtsbeleuchtung?_gl=1*1dl8q9h*_gcl_aw*R0NMLjE3MzM0MDg3MzIuQ2owS0NRaUF1OFc2QmhDLUFSSXNBQ0VRb0RDWEdmR1hiclc4SjhZajBQT25SSTdvOGVuMGl1TFRWMFBSb0dSS1BGMEcteXBtb28zQ3BFOGFBcGZxRUFMd193Y0I.*_gcl_au*MTg5NTg5Mjc0NC4xNzMzNzQzNDk5\">Lichtern<\/a> <\/strong>und <strong><a href=\"https:\/\/www.holyart.de\/weihnachten\/weihnachtsbaumschmuck?_gl=1*2iw3e8*_gcl_aw*R0NMLjE3MzM0MDg3MzIuQ2owS0NRaUF1OFc2QmhDLUFSSXNBQ0VRb0RDWEdmR1hiclc4SjhZajBQT25SSTdvOGVuMGl1TFRWMFBSb0dSS1BGMEcteXBtb28zQ3BFOGFBcGZxRUFMd193Y0I.*_gcl_au*MTg5NTg5Mjc0NC4xNzMzNzQzNDk5\">Weihnachtsdekorationen<\/a> <\/strong>geschm\u00fcckten Stra\u00dfen und Pl\u00e4tze spazieren, zwischen den St\u00e4nden mit Kunsthandwerk, <strong><a href=\"https:\/\/www.holyart.de\/weihnachten\/weihnachtsdekorationen-fur-ihr-zuhause\/advents-und-weihnachtskranze?page=1&amp;_gl=1*2iw3e8*_gcl_aw*R0NMLjE3MzM0MDg3MzIuQ2owS0NRaUF1OFc2QmhDLUFSSXNBQ0VRb0RDWEdmR1hiclc4SjhZajBQT25SSTdvOGVuMGl1TFRWMFBSb0dSS1BGMEcteXBtb28zQ3BFOGFBcGZxRUFMd193Y0I.*_gcl_au*MTg5NTg5Mjc0NC4xNzMzNzQzNDk5\">Weihnachtskr\u00e4nzen<\/a> <\/strong>und Spielzeug st\u00f6bern und die K\u00f6stlichkeiten der typischen Gastronomie der 0-Kilometer-Region probieren, vielleicht an den Umz\u00fcgen des <em>Krampus<\/em> und des Heiligen Nikolaus im Trentino teilnehmen oder das Haus des Weihnachtsmanns in Arezzo besuchen. \u00dcberall findet man Weihnachtsd\u00f6rfer, die eine unnachahmliche Atmosph\u00e4re mit alten Traditionen, typischen Produkten und einem einzigartigen Zauber bieten.<\/p>\n<div class=\"link-product\">\n<div class=\"blocco-immagine\"><img loading=\"lazy\" decoding=\"async\" class=\"alignnone size-full wp-image-5152\" src=\"https:\/\/blog.holyart.it\/de\/wp-content\/uploads\/sites\/12\/2024\/12\/Adventskranz-mit-Tannenzapfen-und-Zweigen-30-cm.jpg\" alt=\"Adventskranz mit Tannenzapfen und Zweigen 30 cm \" width=\"100\" height=\"100\" data-kale-share-title=\"Die sch\u00f6nsten Weihnachtsm\u00e4rkte in Europa\" data-kale-share-url=\"https:\/\/blog.holyart.it\/de\/?p=5147\" \/><\/div>\n<div class=\"blocco-contenuto\">\n<div class=\"blocco-acquista\">Einkaufen:<\/div>\n<div class=\"blocco-titolo\"><a href=\"https:\/\/www.holyart.de\/weihnachten\/weihnachtsdekorationen-fur-ihr-zuhause\/advents-und-weihnachtskranze?page=1&amp;_gl=1*1u29ye6*_gcl_aw*R0NMLjE3MzM0MDg3MzIuQ2owS0NRaUF1OFc2QmhDLUFSSXNBQ0VRb0RDWEdmR1hiclc4SjhZajBQT25SSTdvOGVuMGl1TFRWMFBSb0dSS1BGMEcteXBtb28zQ3BFOGFBcGZxRUFMd193Y0I.*_gcl_au*MTg5NTg5Mjc0NC4xNzMzNzQzNDk5\">Advents- und Weihnachtskr\u00e4nze<\/a><\/div>\n<div class=\"blocco-descrizione\">Advents- und Weihnachtskr\u00e4nze &#8211; ideal als Dekoration f\u00fcr Ihr Zuhause.<\/div>\n<\/div>\n<\/div>\n<p>Entdecken wir die wichtigsten Weihnachtsm\u00e4rkte in Europa.<\/p>\n<h2>Innsbrucker Weihnachtsm\u00e4rkte<\/h2>\n<p><strong>Innsbruck<\/strong>, die Hauptstadt Nordtirols und f\u00fcnftgr\u00f6\u00dfte Stadt \u00d6sterreichs, wird jedes Jahr vom Zauber der Weihnacht erfasst. <strong>Vom 15. November bis zum 6. Januar<\/strong> ist die ganze Stadt von glitzernden Lichtern durchzogen, die die sch\u00f6nen Stra\u00dfen und die Fassaden der mittelalterlichen Geb\u00e4ude mit ihren markanten Erkern und geschichtstr\u00e4chtigen Giebeln schm\u00fccken. Mehr als siebzig St\u00e4nde durchziehen das historische Zentrum bis hin zum <em>Goldenen Dachl<\/em>, dem Wahrzeichen der Stadt, dem Balkon des Residenzschlosses Maximilians I. mit seinem charakteristischen, mit vergoldeten Kupferziegeln gedeckten Dach und reich geschnitzten Br\u00fcstungen. In Innsbruck gibt es gleich <strong>sechs<\/strong> <strong>Christkindlm\u00e4rkte<\/strong>: der bereits erw\u00e4hnte in der Altstadt, der <strong>Christkindlmarkt Altstadt<\/strong> Innsbruck; der <em>Christkindlmarkt am Marktplatz<\/em>, der Weihnachtsmarkt f\u00fcr Familien, auf dem der Nikolaus Geschenke an brave Kinder verteilt, umgeben von Weihnachtsengeln und der Parade des schrecklichen Krampus auf einem f\u00fcr diesen Anlass in ein wahres Wunderland verwandelten Marktplatz, in dessen Mitte der glitzernde 14 Meter hohe Swarovski-Kristallbaum steht; der <em>Christkindlmarkt an der Maria-Theresien-Stra\u00dfe<\/em> in der Innsbrucker Nobelstra\u00dfe, der durch beleuchtete B\u00e4ume und moderne Illuminationen noch mehr gl\u00e4nzt, mit St\u00e4nden, die Gegenst\u00e4nde aus aller Welt und typisch \u00f6sterreichische Spezialit\u00e4ten anbieten; der <em>Panorama-Christkindlmarkt<\/em> <em>Hungerburg<\/em> im Stadtteil Hungerburg, der mit der modernen Hungeburgbahn in nur acht Minuten zu erreichen ist und von dem aus man einen spektakul\u00e4ren Blick \u00fcber die Stadt hat; der <em>St. Nikolaus-Adventmarkt<\/em> am Hans-Brenner-Platz mit seinem spektakul\u00e4ren Blick \u00fcber die Stadt und die Innstra\u00dfe; der <em>Wiltener Weihnachtsmarkt<\/em> auf dem gleichnamigen Platz, der dem authentischen und traditionellen Tiroler Kunsthandwerk gewidmet ist.<\/p>\n<p>\u00dcberall k\u00f6nnen Sie typische Tiroler Weihnachtsk\u00f6stlichkeiten genie\u00dfen, von den <em>Kiachln<\/em>, den typischen frittierten s\u00fc\u00dfen Krapfen, bis hin zum <em>Gl\u00fchwein<\/em>.<\/p>\n<h2>Weihnachtsmarkt in Lugano<\/h2>\n<p>Auch in <strong>Lugano<\/strong> im Schweizer Kanton Tessin wird<strong>\u00a0<\/strong>der traditionelle Weihnachtsmarkt er\u00f6ffnet, der die gesamte Fu\u00dfg\u00e4ngerzone des Stadtzentrums einnimmt. St\u00e4nde mit kunsthandwerklichen Gegenst\u00e4nden, Textilien, Parf\u00fcms, gastronomischen Spezialit\u00e4ten und auf der Piazza della Riforma h\u00fcbsche Holzh\u00e4uschen, die mit Weihnachtsschmuck \u00fcberladen sind. W\u00e4hrend der gesamten Adventszeit wird der <strong>Lichterbaum<\/strong>, das Symbol f\u00fcr Weihnachten in der Stadt, den Platz erleuchten und ihn in einen verzauberten Ort verwandeln. Zwischen Piazza delle Riforma und Piazza Manzoni bieten zahlreiche H\u00fctten und St\u00e4nde rund um das <strong>Chalet del Gusto<\/strong> gastronomische Spezialit\u00e4ten und typische Weihnachtsleckereien an. Im <strong>Weihnachtsdorf<\/strong>, das wie ein traditionelles Dorf aufgebaut ist, gibt es Auff\u00fchrungen und Veranstaltungen f\u00fcr die ganze Familie, und der Weihnachtsmann begr\u00fc\u00dft die kleinen G\u00e4ste pers\u00f6nlich im <strong>Gr\u00f6\u00dfen Chalet<\/strong>. Zwischen <strong><a href=\"https:\/\/www.holyart.de\/blog\/devotionalien\/die-dudelsackpfeifer-die-beruehmtesten-figuren-der-neapolitanischen-krippe\/\">Dudelsackspielern<\/a> <\/strong>und <strong><a href=\"https:\/\/www.holyart.de\/weihnachten\/krippen?_gl=1*1wmcm3y*_gcl_aw*R0NMLjE3MzM0MDg3MzIuQ2owS0NRaUF1OFc2QmhDLUFSSXNBQ0VRb0RDWEdmR1hiclc4SjhZajBQT25SSTdvOGVuMGl1TFRWMFBSb0dSS1BGMEcteXBtb28zQ3BFOGFBcGZxRUFMd193Y0I.*_gcl_au*MTg5NTg5Mjc0NC4xNzMzNzQzNDk5\">handgefertigten Krippen<\/a><\/strong>, zwischen <em>Pagliatt<\/em>, die K\u00f6rbe und Strohh\u00fcte flechten, zieht der alte J\u00f6rg, ein Musikant, der traditionelle Musik auf einer Ziehharmonika spielt, vorbei, w\u00e4hrend rundherum Menschen Polenta, ger\u00f6stete Kastanien und Zuckerwatte essen und Eiercognac und Nocino trinken, um sich warm zu halten.<\/p>\n<div class=\"link-article\">\n<p><img loading=\"lazy\" decoding=\"async\" class=\"alignnone size-full wp-image-5153\" src=\"https:\/\/blog.holyart.it\/de\/wp-content\/uploads\/sites\/12\/2024\/12\/Die-Dudelsackpfeifer-die-beruehmtesten-Figuren-der-neapolitanischen-Krippe.jpg\" alt=\"Die Dudelsackpfeifer, die ber\u00fchmtesten Figuren der neapolitanischen Krippe\" width=\"150\" height=\"99\" data-kale-share-title=\"Die sch\u00f6nsten Weihnachtsm\u00e4rkte in Europa\" data-kale-share-url=\"https:\/\/blog.holyart.it\/de\/?p=5147\" \/><\/p>\n<div class=\"leggi-anche\">Lesen Sie auch:<\/div>\n<p><strong><a href=\"https:\/\/www.holyart.de\/blog\/devotionalien\/die-dudelsackpfeifer-die-beruehmtesten-figuren-der-neapolitanischen-krippe\/\">Die Dudelsackpfeifer, die ber\u00fchmtesten Figuren der neapolitanischen Krippe<\/a><\/strong><br \/>\nDie Dudelsackpfeifer geh\u00f6ren zu den bekanntesten und beliebtesten Figuren der neapolitanischen Krippe.<\/p>\n<\/div>\n<h2>F\u00fcssener Weihnachtsmarkt<\/h2>\n<p><strong>F\u00fcssen<\/strong> liegt im bayerischen Schwaben nahe der \u00f6sterreichischen Grenze, ist die h\u00f6chstgelegene Stadt Bayerns und die letzte Station auf der <em>Romantischen Stra\u00dfe<\/em>. <strong>Vom 2. bis 11. Dezember<\/strong> findet im <strong>Innenhof des Barockklosters <em>Sankt Mang<\/em><\/strong>, inmitten der mittelalterlichen Altstadt der F\u00fcssener Weihnachtsmarkt mit Kunsthandwerk, Weihnachtsschmuck und kulinarischen Spezialit\u00e4ten statt. Die Stra\u00dfen der Stadt sind zu diesem Anlass mit Fackeln beleuchtet. Einen Besuch wert sind auch die <strong>nahe<\/strong> <strong>gelegenen Schl\u00f6sser Hohenschwangau<\/strong>, eine alte Milit\u00e4rfestung, die im Stil der italienischen Renaissance restauriert wurde, und <strong>Neuschwanstein<\/strong>, das Walt Disney zu seinem M\u00e4rchenschloss inspirierte.<\/p>\n<p>Genie\u00dfen Sie Waffeln, <em>K\u00e4se-Raclette<\/em>, Apfelstrudel und treffen Sie den Weihnachtsmann Klaus und den wilden Krampus!<\/p>\n<h2>Valkenburger Weihnachtsm\u00e4rkte<\/h2>\n<p>In <strong>Valkenburg aan de Geul<\/strong>, einer niederl\u00e4ndischen Stadt in der Provinz Limburg, wird Weihnachten <strong>unter der Erde<\/strong> gefeiert! In der N\u00e4he der Stadt, die f\u00fcr ihre Kreideh\u00e4user (<em>Mergel<\/em>) bekannt ist, gibt es n\u00e4mlich mehrere ehemalige Steinbr\u00fcche, in denen unter anderem Weihnachtsm\u00e4rkte in mehr als 200 km unterirdischen G\u00e4ngen stattfinden. Vom <strong>18. November bis zum 8. Januar<\/strong> verdoppelt sich das Weihnachtsfest in Valkenburg, das sowohl unterirdisch als auch auf den Stra\u00dfen der h\u00fcbschen Stadt gefeiert wird. In der <strong>Fluweel-Grotte<\/strong>, der <em>Samtgrotte<\/em>, k\u00f6nnen Sie den Weihnachtsmann treffen und viele R\u00e4ume mit Geschenken und Dekorationen sowie f\u00fcnfzig St\u00e4nde mit gastronomischen Produkten und lokalem Kunsthandwerk bewundern. Die st\u00e4dtische Grotte von Valkenburg aan de Geul hingegen beherbergt <strong>den gr\u00f6\u00dften und \u00e4ltesten unterirdischen Weihnachtsmarkt Europas<\/strong>. An der Oberfl\u00e4che findet die <strong>Weihnachtsparade<\/strong> mit T\u00e4nzern und kost\u00fcmierten Figuren statt.<\/p>\n<p><img loading=\"lazy\" decoding=\"async\" class=\"alignnone size-full wp-image-5155\" src=\"https:\/\/blog.holyart.it\/de\/wp-content\/uploads\/sites\/12\/2024\/12\/Valkenburger-Weihnachtsmaerkte.jpg\" alt=\"Valkenburger Weihnachtsm\u00e4rkte\" width=\"1000\" height=\"666\" data-kale-share-title=\"Die sch\u00f6nsten Weihnachtsm\u00e4rkte in Europa\" data-kale-share-url=\"https:\/\/blog.holyart.it\/de\/?p=5147\" \/><\/p>\n<h2>N\u00fcrnberger Weihnachtsm\u00e4rkte<\/h2>\n<p><strong>N\u00fcrnberg<\/strong> in Bayern hat einen der \u00e4ltesten und ber\u00fchmtesten <em>Christkindlesm\u00e4rkte<\/em> der Welt. Vom <strong>25. November bis zum 24. Dezember<\/strong> f\u00fcllt sich die Stadt mit Holzbuden, die mit unz\u00e4hligen traditionellen Weihnachtsdekorationen geschm\u00fcckt sind. Die Entscheidung, <strong>Holz und Stoff<\/strong> f\u00fcr die St\u00e4nde zu verwenden, ist auf das <strong>Verbot von Plastikgirlanden<\/strong> zur\u00fcckzuf\u00fchren. Wer die sch\u00f6nste Bude aufstellen kann, gewinnt das <em>Zwetschgermoh<\/em>, eine S\u00fc\u00dfigkeit in Form eines Schornsteinfegers aus getrocknetem Pflaumenmus und Trockenfr\u00fcchten. Er\u00f6ffnet wird der Christkindlesmarkt am Freitagabend vor dem ersten Advent durch das <strong>N\u00fcrnberger Christkind<\/strong>. Die goldene Statue, die ihn darstellt, h\u00e4ngt \u00fcber dem Eingang zum Hauptmarkt, aber es ist ein M\u00e4dchen zwischen 16 und 19 Jahren, das in einem sehr strengen Auswahlverfahren ausgew\u00e4hlt wird, das ihn verk\u00f6rpert und den Geist der Weihnacht selbst f\u00fcr die n\u00e4chsten zwei Jahre verk\u00f6rpert. Mehr als <strong>2 Millionen Besucher<\/strong> besuchen jedes Jahr den N\u00fcrnberger Christkindlesmarkt, der auf das 17. Jahrhundert zur\u00fcckgeht und mehr als hundert St\u00e4nde umfasst.<\/p>\n<div class=\"link-product\">\n<div class=\"blocco-immagine\"><img loading=\"lazy\" decoding=\"async\" class=\"alignnone size-full wp-image-5157\" src=\"https:\/\/blog.holyart.it\/de\/wp-content\/uploads\/sites\/12\/2024\/12\/Engel-mit-Trompete-aus-Harz-und-Stoff-Celebration-60x25x20-cm.jpg\" alt=\"Engel mit Trompete aus Harz und Stoff Celebration, 60x25x20 cm\" width=\"100\" height=\"100\" data-kale-share-title=\"Die sch\u00f6nsten Weihnachtsm\u00e4rkte in Europa\" data-kale-share-url=\"https:\/\/blog.holyart.it\/de\/?p=5147\" \/><\/div>\n<div class=\"blocco-contenuto\">\n<div class=\"blocco-acquista\">Einkaufen:<\/div>\n<div class=\"blocco-titolo\"><a href=\"https:\/\/www.holyart.de\/weihnachten\/weihnachtsdekorationen-fur-ihr-zuhause\/weihnachtsengel-und-geschenkideen?page=1&amp;_gl=1*1v7aoa6*_gcl_aw*R0NMLjE3MzM0MDg3MzIuQ2owS0NRaUF1OFc2QmhDLUFSSXNBQ0VRb0RDWEdmR1hiclc4SjhZajBQT25SSTdvOGVuMGl1TFRWMFBSb0dSS1BGMEcteXBtb28zQ3BFOGFBcGZxRUFMd193Y0I.*_gcl_au*MTg5NTg5Mjc0NC4xNzMzNzQzNDk5\">Weihnachtsengel und Geschenkideen<\/a><\/div>\n<div class=\"blocco-descrizione\">In dieser Produktkategorie finden Sie Weihnachtsfiguren wie Engel, Darstellungen der Heiligen Familie&#8230;<\/div>\n<\/div>\n<\/div>\n<p>Zu den traditionellen und weltber\u00fchmten Speisen geh\u00f6ren Lebkuchen, W\u00fcrste und <em>Zwetschgenm\u00e4nnle<\/em>, kleine, mit Stoff \u00fcberzogene Pflaumenm\u00e4nnchen.<\/p>\n<h2>Z\u00fcrcher Weihnachtsm\u00e4rkte<\/h2>\n<p>In <strong>Z\u00fcrich<\/strong> schlie\u00dflich, der gr\u00f6\u00dften Stadt der Schweiz, finden vom <strong>24. November bis zum 24. Dezember<\/strong> vier traditionelle Weihnachtsm\u00e4rkte statt. Der <em>Z\u00fcrcher Christkindlmarkt<\/em> wird im <strong>Hauptbahnhof<\/strong> aufgebaut und ist mit seinen kleinen H\u00e4uschen und dem riesigen, mit siebentausend Swarovski-Steinen geschm\u00fcckten Weihnachtsbaum der gr\u00f6\u00dfte.<\/p>\n<p>Der \u00e4lteste befindet sich im <em>Niederdorf<\/em>, einem der Altstadtviertel mit seiner unvergleichlichen Atmosph\u00e4re.<\/p>\n<p>Der Markt auf dem <em>Werdm\u00fchleplatz<\/em>, auf einem kleinen Platz hinter der Bahnhofstra\u00dfe, ist klein und intim, aber ber\u00fchmt f\u00fcr seinen ausgezeichneten Gl\u00fchwein, die <em>Bratwurst<\/em>, die f\u00fcr die bayerische K\u00fcche typisch ist, und seine Hauptattraktion: den <strong>Singenden Weihnachtsbaum<\/strong>, eine gro\u00dfe B\u00fchne in Form eines Weihnachtsbaums, auf der bis zum 23. Dezember Ch\u00f6re aus der ganzen Schweiz auftreten.<\/p>\n<p>Neben Gl\u00fchwein, Bratw\u00fcrsten und ger\u00f6steten Kastanien gibt es auch Lebkuchen, Pl\u00e4tzchen, Pellkartoffeln, R\u00e4ucherlachs, ger\u00f6stete Maiskolben, Cr\u00eapes, <em>K\u00e4seraclette<\/em> auf Brot, <em>Nideltafeli<\/em>, <em>Magenbrot<\/em>, Nougat, Kn\u00e4ckebrot, Apfelkrapfen und Krapfen.<\/p>\n","protected":false},"excerpt":{"rendered":"<p>Bunt beleuchtete St\u00e4nde, Kunsthandwerk, gastronomische Spezialit\u00e4ten, Paraden und Musik. Die Atmosph\u00e4re der Weihnachtsm\u00e4rkte in Europa ist ein unvergleichlicher Weihnachtszauber Wie sch\u00f6n sind Weihnachtsm\u00e4rkte? Wenn die Pl\u00e4tze Europas mit unz\u00e4hligen Lichtern und den leuchtenden Farben der St\u00e4nde erleuchtet sind und den Passanten all jene Produkte angeboten&hellip;<\/p>\n","protected":false},"author":1,"featured_media":5151,"comment_status":"closed","ping_status":"open","sticky":false,"template":"","format":"standard","meta":{"_acf_changed":false,"footnotes":""},"categories":[12],"tags":[],"class_list":["post-5147","post","type-post","status-publish","format-standard","has-post-thumbnail","hentry","category-weihnachten"],"acf":[],"yoast_head":"<!-- This site is optimized with the Yoast SEO plugin v26.6 - https:\/\/yoast.com\/wordpress\/plugins\/seo\/ -->\n<title>Die sch\u00f6nsten Weihnachtsm\u00e4rkte in Europa - Holyart.de Blog<\/title>\n<meta name=\"description\" content=\"Die Weihnachtsm\u00e4rkte in Europa ziehen jedes Jahr Millionen von Besuchern und Schaulustigen an. M\u00e4rchenhafte D\u00f6rfer mit einer einzigartigen Atmosph\u00e4re im Herzen moderner St\u00e4dte\" \/>\n<meta name=\"robots\" content=\"index, follow, max-snippet:-1, max-image-preview:large, max-video-preview:-1\" \/>\n<link rel=\"canonical\" href=\"https:\/\/blog.holyart.it\/de\/weihnachten\/die-schoensten-weihnachtsmaerkte-in-europa\/\" \/>\n<meta property=\"og:locale\" content=\"de_DE\" \/>\n<meta property=\"og:type\" content=\"article\" \/>\n<meta property=\"og:title\" content=\"Die sch\u00f6nsten Weihnachtsm\u00e4rkte in Europa - Holyart.de Blog\" \/>\n<meta property=\"og:description\" content=\"Die Weihnachtsm\u00e4rkte in Europa ziehen jedes Jahr Millionen von Besuchern und Schaulustigen an. M\u00e4rchenhafte D\u00f6rfer mit einer einzigartigen Atmosph\u00e4re im Herzen moderner St\u00e4dte\" \/>\n<meta property=\"og:url\" content=\"https:\/\/blog.holyart.it\/de\/weihnachten\/die-schoensten-weihnachtsmaerkte-in-europa\/\" \/>\n<meta property=\"og:site_name\" content=\"Holyart.de Blog\" \/>\n<meta property=\"article:published_time\" content=\"2024-12-18T09:00:52+00:00\" \/>\n<meta property=\"article:modified_time\" content=\"2025-01-17T11:42:29+00:00\" \/>\n<meta property=\"og:image\" content=\"https:\/\/blog.holyart.it\/de\/wp-content\/uploads\/sites\/12\/2024\/12\/Die-schoensten-Weihnachtsmaerkte-in-Europa.jpg\" \/>\n\t<meta property=\"og:image:width\" content=\"1000\" \/>\n\t<meta property=\"og:image:height\" content=\"666\" \/>\n\t<meta property=\"og:image:type\" content=\"image\/jpeg\" \/>\n<meta name=\"author\" content=\"Redazione\" \/>\n<meta name=\"twitter:card\" content=\"summary_large_image\" \/>\n<meta name=\"twitter:label1\" content=\"Verfasst von\" \/>\n\t<meta name=\"twitter:data1\" content=\"Redazione\" \/>\n\t<meta name=\"twitter:label2\" content=\"Gesch\u00e4tzte Lesezeit\" \/>\n\t<meta name=\"twitter:data2\" content=\"9\u00a0Minuten\" \/>\n<script type=\"application\/ld+json\" class=\"yoast-schema-graph\">{\"@context\":\"https:\/\/schema.org\",\"@graph\":[{\"@type\":\"Article\",\"@id\":\"https:\/\/blog.holyart.it\/de\/weihnachten\/die-schoensten-weihnachtsmaerkte-in-europa\/#article\",\"isPartOf\":{\"@id\":\"https:\/\/blog.holyart.it\/de\/weihnachten\/die-schoensten-weihnachtsmaerkte-in-europa\/\"},\"author\":{\"name\":\"Redazione\",\"@id\":\"https:\/\/blog.holyart.it\/de\/#\/schema\/person\/0a7b686e5af0f856ec1e390dd0baecda\"},\"headline\":\"Die sch\u00f6nsten Weihnachtsm\u00e4rkte in Europa\",\"datePublished\":\"2024-12-18T09:00:52+00:00\",\"dateModified\":\"2025-01-17T11:42:29+00:00\",\"mainEntityOfPage\":{\"@id\":\"https:\/\/blog.holyart.it\/de\/weihnachten\/die-schoensten-weihnachtsmaerkte-in-europa\/\"},\"wordCount\":1487,\"publisher\":{\"@id\":\"https:\/\/blog.holyart.it\/de\/#organization\"},\"image\":{\"@id\":\"https:\/\/blog.holyart.it\/de\/weihnachten\/die-schoensten-weihnachtsmaerkte-in-europa\/#primaryimage\"},\"thumbnailUrl\":\"https:\/\/blog.holyart.it\/de\/wp-content\/uploads\/sites\/12\/2024\/12\/Die-schoensten-Weihnachtsmaerkte-in-Europa.jpg\",\"articleSection\":[\"Weihnachten\"],\"inLanguage\":\"de\"},{\"@type\":\"WebPage\",\"@id\":\"https:\/\/blog.holyart.it\/de\/weihnachten\/die-schoensten-weihnachtsmaerkte-in-europa\/\",\"url\":\"https:\/\/blog.holyart.it\/de\/weihnachten\/die-schoensten-weihnachtsmaerkte-in-europa\/\",\"name\":\"Die sch\u00f6nsten Weihnachtsm\u00e4rkte in Europa - Holyart.de Blog\",\"isPartOf\":{\"@id\":\"https:\/\/blog.holyart.it\/de\/#website\"},\"primaryImageOfPage\":{\"@id\":\"https:\/\/blog.holyart.it\/de\/weihnachten\/die-schoensten-weihnachtsmaerkte-in-europa\/#primaryimage\"},\"image\":{\"@id\":\"https:\/\/blog.holyart.it\/de\/weihnachten\/die-schoensten-weihnachtsmaerkte-in-europa\/#primaryimage\"},\"thumbnailUrl\":\"https:\/\/blog.holyart.it\/de\/wp-content\/uploads\/sites\/12\/2024\/12\/Die-schoensten-Weihnachtsmaerkte-in-Europa.jpg\",\"datePublished\":\"2024-12-18T09:00:52+00:00\",\"dateModified\":\"2025-01-17T11:42:29+00:00\",\"description\":\"Die Weihnachtsm\u00e4rkte in Europa ziehen jedes Jahr Millionen von Besuchern und Schaulustigen an. M\u00e4rchenhafte D\u00f6rfer mit einer einzigartigen Atmosph\u00e4re im Herzen moderner St\u00e4dte\",\"breadcrumb\":{\"@id\":\"https:\/\/blog.holyart.it\/de\/weihnachten\/die-schoensten-weihnachtsmaerkte-in-europa\/#breadcrumb\"},\"inLanguage\":\"de\",\"potentialAction\":[{\"@type\":\"ReadAction\",\"target\":[\"https:\/\/blog.holyart.it\/de\/weihnachten\/die-schoensten-weihnachtsmaerkte-in-europa\/\"]}]},{\"@type\":\"ImageObject\",\"inLanguage\":\"de\",\"@id\":\"https:\/\/blog.holyart.it\/de\/weihnachten\/die-schoensten-weihnachtsmaerkte-in-europa\/#primaryimage\",\"url\":\"https:\/\/blog.holyart.it\/de\/wp-content\/uploads\/sites\/12\/2024\/12\/Die-schoensten-Weihnachtsmaerkte-in-Europa.jpg\",\"contentUrl\":\"https:\/\/blog.holyart.it\/de\/wp-content\/uploads\/sites\/12\/2024\/12\/Die-schoensten-Weihnachtsmaerkte-in-Europa.jpg\",\"width\":1000,\"height\":666,\"caption\":\"Die sch\u00f6nsten Weihnachtsm\u00e4rkte in Europa\"},{\"@type\":\"BreadcrumbList\",\"@id\":\"https:\/\/blog.holyart.it\/de\/weihnachten\/die-schoensten-weihnachtsmaerkte-in-europa\/#breadcrumb\",\"itemListElement\":[{\"@type\":\"ListItem\",\"position\":1,\"name\":\"Homepage\",\"item\":\"https:\/\/blog.holyart.it\/de\/\"},{\"@type\":\"ListItem\",\"position\":2,\"name\":\"Weihnachten\",\"item\":\"https:\/\/blog.holyart.it\/de\/weihnachten\/\"},{\"@type\":\"ListItem\",\"position\":3,\"name\":\"Die sch\u00f6nsten Weihnachtsm\u00e4rkte in Europa\"}]},{\"@type\":\"WebSite\",\"@id\":\"https:\/\/blog.holyart.it\/de\/#website\",\"url\":\"https:\/\/blog.holyart.it\/de\/\",\"name\":\"Holyart.de Blog\",\"description\":\"Holyblog\",\"publisher\":{\"@id\":\"https:\/\/blog.holyart.it\/de\/#organization\"},\"potentialAction\":[{\"@type\":\"SearchAction\",\"target\":{\"@type\":\"EntryPoint\",\"urlTemplate\":\"https:\/\/blog.holyart.it\/de\/?s={search_term_string}\"},\"query-input\":{\"@type\":\"PropertyValueSpecification\",\"valueRequired\":true,\"valueName\":\"search_term_string\"}}],\"inLanguage\":\"de\"},{\"@type\":\"Organization\",\"@id\":\"https:\/\/blog.holyart.it\/de\/#organization\",\"name\":\"Holyart.de Blog\",\"url\":\"https:\/\/blog.holyart.it\/de\/\",\"logo\":{\"@type\":\"ImageObject\",\"inLanguage\":\"de\",\"@id\":\"https:\/\/blog.holyart.it\/de\/#\/schema\/logo\/image\/\",\"url\":\"https:\/\/blog.holyart.it\/de\/wp-content\/uploads\/sites\/12\/2022\/12\/Holyart_Blog_Logo.jpg\",\"contentUrl\":\"https:\/\/blog.holyart.it\/de\/wp-content\/uploads\/sites\/12\/2022\/12\/Holyart_Blog_Logo.jpg\",\"width\":300,\"height\":50,\"caption\":\"Holyart.de Blog\"},\"image\":{\"@id\":\"https:\/\/blog.holyart.it\/de\/#\/schema\/logo\/image\/\"}},{\"@type\":\"Person\",\"@id\":\"https:\/\/blog.holyart.it\/de\/#\/schema\/person\/0a7b686e5af0f856ec1e390dd0baecda\",\"name\":\"Redazione\",\"image\":{\"@type\":\"ImageObject\",\"inLanguage\":\"de\",\"@id\":\"https:\/\/blog.holyart.it\/de\/#\/schema\/person\/image\/\",\"url\":\"https:\/\/secure.gravatar.com\/avatar\/f477da817f43e50d0af36abecd33e3edf826c68299714bdc1057dff3b113f516?s=96&d=mm&r=g\",\"contentUrl\":\"https:\/\/secure.gravatar.com\/avatar\/f477da817f43e50d0af36abecd33e3edf826c68299714bdc1057dff3b113f516?s=96&d=mm&r=g\",\"caption\":\"Redazione\"}}]}<\/script>\n<!-- \/ Yoast SEO plugin. -->","yoast_head_json":{"title":"Die sch\u00f6nsten Weihnachtsm\u00e4rkte in Europa - Holyart.de Blog","description":"Die Weihnachtsm\u00e4rkte in Europa ziehen jedes Jahr Millionen von Besuchern und Schaulustigen an. M\u00e4rchenhafte D\u00f6rfer mit einer einzigartigen Atmosph\u00e4re im Herzen moderner St\u00e4dte","robots":{"index":"index","follow":"follow","max-snippet":"max-snippet:-1","max-image-preview":"max-image-preview:large","max-video-preview":"max-video-preview:-1"},"canonical":"https:\/\/blog.holyart.it\/de\/weihnachten\/die-schoensten-weihnachtsmaerkte-in-europa\/","og_locale":"de_DE","og_type":"article","og_title":"Die sch\u00f6nsten Weihnachtsm\u00e4rkte in Europa - Holyart.de Blog","og_description":"Die Weihnachtsm\u00e4rkte in Europa ziehen jedes Jahr Millionen von Besuchern und Schaulustigen an. M\u00e4rchenhafte D\u00f6rfer mit einer einzigartigen Atmosph\u00e4re im Herzen moderner St\u00e4dte","og_url":"https:\/\/blog.holyart.it\/de\/weihnachten\/die-schoensten-weihnachtsmaerkte-in-europa\/","og_site_name":"Holyart.de Blog","article_published_time":"2024-12-18T09:00:52+00:00","article_modified_time":"2025-01-17T11:42:29+00:00","og_image":[{"width":1000,"height":666,"url":"https:\/\/blog.holyart.it\/de\/wp-content\/uploads\/sites\/12\/2024\/12\/Die-schoensten-Weihnachtsmaerkte-in-Europa.jpg","type":"image\/jpeg"}],"author":"Redazione","twitter_card":"summary_large_image","twitter_misc":{"Verfasst von":"Redazione","Gesch\u00e4tzte Lesezeit":"9\u00a0Minuten"},"schema":{"@context":"https:\/\/schema.org","@graph":[{"@type":"Article","@id":"https:\/\/blog.holyart.it\/de\/weihnachten\/die-schoensten-weihnachtsmaerkte-in-europa\/#article","isPartOf":{"@id":"https:\/\/blog.holyart.it\/de\/weihnachten\/die-schoensten-weihnachtsmaerkte-in-europa\/"},"author":{"name":"Redazione","@id":"https:\/\/blog.holyart.it\/de\/#\/schema\/person\/0a7b686e5af0f856ec1e390dd0baecda"},"headline":"Die sch\u00f6nsten Weihnachtsm\u00e4rkte in Europa","datePublished":"2024-12-18T09:00:52+00:00","dateModified":"2025-01-17T11:42:29+00:00","mainEntityOfPage":{"@id":"https:\/\/blog.holyart.it\/de\/weihnachten\/die-schoensten-weihnachtsmaerkte-in-europa\/"},"wordCount":1487,"publisher":{"@id":"https:\/\/blog.holyart.it\/de\/#organization"},"image":{"@id":"https:\/\/blog.holyart.it\/de\/weihnachten\/die-schoensten-weihnachtsmaerkte-in-europa\/#primaryimage"},"thumbnailUrl":"https:\/\/blog.holyart.it\/de\/wp-content\/uploads\/sites\/12\/2024\/12\/Die-schoensten-Weihnachtsmaerkte-in-Europa.jpg","articleSection":["Weihnachten"],"inLanguage":"de"},{"@type":"WebPage","@id":"https:\/\/blog.holyart.it\/de\/weihnachten\/die-schoensten-weihnachtsmaerkte-in-europa\/","url":"https:\/\/blog.holyart.it\/de\/weihnachten\/die-schoensten-weihnachtsmaerkte-in-europa\/","name":"Die sch\u00f6nsten Weihnachtsm\u00e4rkte in Europa - Holyart.de Blog","isPartOf":{"@id":"https:\/\/blog.holyart.it\/de\/#website"},"primaryImageOfPage":{"@id":"https:\/\/blog.holyart.it\/de\/weihnachten\/die-schoensten-weihnachtsmaerkte-in-europa\/#primaryimage"},"image":{"@id":"https:\/\/blog.holyart.it\/de\/weihnachten\/die-schoensten-weihnachtsmaerkte-in-europa\/#primaryimage"},"thumbnailUrl":"https:\/\/blog.holyart.it\/de\/wp-content\/uploads\/sites\/12\/2024\/12\/Die-schoensten-Weihnachtsmaerkte-in-Europa.jpg","datePublished":"2024-12-18T09:00:52+00:00","dateModified":"2025-01-17T11:42:29+00:00","description":"Die Weihnachtsm\u00e4rkte in Europa ziehen jedes Jahr Millionen von Besuchern und Schaulustigen an. M\u00e4rchenhafte D\u00f6rfer mit einer einzigartigen Atmosph\u00e4re im Herzen moderner St\u00e4dte","breadcrumb":{"@id":"https:\/\/blog.holyart.it\/de\/weihnachten\/die-schoensten-weihnachtsmaerkte-in-europa\/#breadcrumb"},"inLanguage":"de","potentialAction":[{"@type":"ReadAction","target":["https:\/\/blog.holyart.it\/de\/weihnachten\/die-schoensten-weihnachtsmaerkte-in-europa\/"]}]},{"@type":"ImageObject","inLanguage":"de","@id":"https:\/\/blog.holyart.it\/de\/weihnachten\/die-schoensten-weihnachtsmaerkte-in-europa\/#primaryimage","url":"https:\/\/blog.holyart.it\/de\/wp-content\/uploads\/sites\/12\/2024\/12\/Die-schoensten-Weihnachtsmaerkte-in-Europa.jpg","contentUrl":"https:\/\/blog.holyart.it\/de\/wp-content\/uploads\/sites\/12\/2024\/12\/Die-schoensten-Weihnachtsmaerkte-in-Europa.jpg","width":1000,"height":666,"caption":"Die sch\u00f6nsten Weihnachtsm\u00e4rkte in Europa"},{"@type":"BreadcrumbList","@id":"https:\/\/blog.holyart.it\/de\/weihnachten\/die-schoensten-weihnachtsmaerkte-in-europa\/#breadcrumb","itemListElement":[{"@type":"ListItem","position":1,"name":"Homepage","item":"https:\/\/blog.holyart.it\/de\/"},{"@type":"ListItem","position":2,"name":"Weihnachten","item":"https:\/\/blog.holyart.it\/de\/weihnachten\/"},{"@type":"ListItem","position":3,"name":"Die sch\u00f6nsten Weihnachtsm\u00e4rkte in Europa"}]},{"@type":"WebSite","@id":"https:\/\/blog.holyart.it\/de\/#website","url":"https:\/\/blog.holyart.it\/de\/","name":"Holyart.de Blog","description":"Holyblog","publisher":{"@id":"https:\/\/blog.holyart.it\/de\/#organization"},"potentialAction":[{"@type":"SearchAction","target":{"@type":"EntryPoint","urlTemplate":"https:\/\/blog.holyart.it\/de\/?s={search_term_string}"},"query-input":{"@type":"PropertyValueSpecification","valueRequired":true,"valueName":"search_term_string"}}],"inLanguage":"de"},{"@type":"Organization","@id":"https:\/\/blog.holyart.it\/de\/#organization","name":"Holyart.de Blog","url":"https:\/\/blog.holyart.it\/de\/","logo":{"@type":"ImageObject","inLanguage":"de","@id":"https:\/\/blog.holyart.it\/de\/#\/schema\/logo\/image\/","url":"https:\/\/blog.holyart.it\/de\/wp-content\/uploads\/sites\/12\/2022\/12\/Holyart_Blog_Logo.jpg","contentUrl":"https:\/\/blog.holyart.it\/de\/wp-content\/uploads\/sites\/12\/2022\/12\/Holyart_Blog_Logo.jpg","width":300,"height":50,"caption":"Holyart.de Blog"},"image":{"@id":"https:\/\/blog.holyart.it\/de\/#\/schema\/logo\/image\/"}},{"@type":"Person","@id":"https:\/\/blog.holyart.it\/de\/#\/schema\/person\/0a7b686e5af0f856ec1e390dd0baecda","name":"Redazione","image":{"@type":"ImageObject","inLanguage":"de","@id":"https:\/\/blog.holyart.it\/de\/#\/schema\/person\/image\/","url":"https:\/\/secure.gravatar.com\/avatar\/f477da817f43e50d0af36abecd33e3edf826c68299714bdc1057dff3b113f516?s=96&d=mm&r=g","contentUrl":"https:\/\/secure.gravatar.com\/avatar\/f477da817f43e50d0af36abecd33e3edf826c68299714bdc1057dff3b113f516?s=96&d=mm&r=g","caption":"Redazione"}}]}},"_links":{"self":[{"href":"https:\/\/blog.holyart.it\/de\/wp-json\/wp\/v2\/posts\/5147","targetHints":{"allow":["GET"]}}],"collection":[{"href":"https:\/\/blog.holyart.it\/de\/wp-json\/wp\/v2\/posts"}],"about":[{"href":"https:\/\/blog.holyart.it\/de\/wp-json\/wp\/v2\/types\/post"}],"author":[{"embeddable":true,"href":"https:\/\/blog.holyart.it\/de\/wp-json\/wp\/v2\/users\/1"}],"replies":[{"embeddable":true,"href":"https:\/\/blog.holyart.it\/de\/wp-json\/wp\/v2\/comments?post=5147"}],"version-history":[{"count":8,"href":"https:\/\/blog.holyart.it\/de\/wp-json\/wp\/v2\/posts\/5147\/revisions"}],"predecessor-version":[{"id":5162,"href":"https:\/\/blog.holyart.it\/de\/wp-json\/wp\/v2\/posts\/5147\/revisions\/5162"}],"wp:featuredmedia":[{"embeddable":true,"href":"https:\/\/blog.holyart.it\/de\/wp-json\/wp\/v2\/media\/5151"}],"wp:attachment":[{"href":"https:\/\/blog.holyart.it\/de\/wp-json\/wp\/v2\/media?parent=5147"}],"wp:term":[{"taxonomy":"category","embeddable":true,"href":"https:\/\/blog.holyart.it\/de\/wp-json\/wp\/v2\/categories?post=5147"},{"taxonomy":"post_tag","embeddable":true,"href":"https:\/\/blog.holyart.it\/de\/wp-json\/wp\/v2\/tags?post=5147"}],"curies":[{"name":"wp","href":"https:\/\/api.w.org\/{rel}","templated":true}]}}