{"id":4949,"date":"2024-11-20T10:00:28","date_gmt":"2024-11-20T09:00:28","guid":{"rendered":"https:\/\/blog.holyart.it\/de\/?p=4949"},"modified":"2025-01-17T12:36:14","modified_gmt":"2025-01-17T11:36:14","slug":"der-adventskranz-in-der-kirche-10-kuriositaeten","status":"publish","type":"post","link":"https:\/\/blog.holyart.it\/de\/weihnachten\/der-adventskranz-in-der-kirche-10-kuriositaeten\/","title":{"rendered":"Der Adventskranz in der Kirche: 10 Kuriosit\u00e4ten"},"content":{"rendered":"<h4>Der Adventskranz in der Kirche und zu Hause: Welche Bedeutung hat er? Wann soll die erste Kerze angez\u00fcndet werden? Finden wir es gemeinsam heraus<\/h4>\n\n<p>Sonntag, der 1. Dezember 2024, ist der erste <strong>Adventssonntag<\/strong>: Es ist Zeit, die Adventskranzkerzen in der Kirche und zu Hause anzuz\u00fcnden. Wir sind in eine Zeit des Jahres eingetreten, die f\u00fcr Christen mehr als jede andere das sehns\u00fcchtige Warten auf das <strong>Kommen Christi<\/strong>, die Erneuerung seiner wundersamen Geburt, aber auch die Hoffnung auf seine Wiederkunft am Ende der Zeit symbolisiert. Es geht nicht nur darum, das nahende Weihnachtsfest zu feiern. Der Advent ist mehr als eine Weihnachtstradition: Er ist eine klar definierte liturgische Zeit, die wie alle <strong><a href=\"https:\/\/www.holyart.de\/blog\/liturgische-gerate\/das-liturgische-jahr-wir-wollen-es-klaeren\/\">liturgischen Zeiten<\/a><\/strong> eine besondere Haltung der Gl\u00e4ubigen erfordert, die ihre Seele darauf vorbereiten m\u00fcssen, diesen besonderen Moment des Glaubens und der Hoffnung zu leben.<br \/>\nSchauen wir uns kurz alles an, was Sie \u00fcber den Advent und insbesondere den <strong>Adventskranz in der Kirche und zu Hause<\/strong> wissen m\u00fcssen.<\/p>\n<div class=\"link-article\">\n<p><img loading=\"lazy\" decoding=\"async\" class=\"size-full wp-image-4952 alignleft\" src=\"https:\/\/blog.holyart.it\/de\/wp-content\/uploads\/sites\/12\/2024\/11\/Das-liturgische-Jahr.jpg\" alt=\"Das liturgische Jahr\" width=\"150\" height=\"99\" data-kale-share-title=\"Der Adventskranz in der Kirche: 10 Kuriosit\u00e4ten\" data-kale-share-url=\"https:\/\/blog.holyart.it\/de\/?p=4949\" \/><\/p>\n<div class=\"leggi-anche\">Lesen Sie auch:<\/div>\n<p><strong><a href=\"https:\/\/www.holyart.de\/blog\/liturgische-gerate\/das-liturgische-jahr-wir-wollen-es-klaeren\/\">Das liturgische Jahr: Wir wollen es kl\u00e4ren<\/a><\/strong><br \/>\nDie liturgischen Jahreszeiten der katholischen Kirche sind die Jahreszeiten, in die das liturgische Jahr unterteilt ist&#8230;<\/p>\n<\/div>\n<h2>Welche Bedeutung hat der Advent?<\/h2>\n<p>Der Advent ist die Zeit vor Weihnachten, in der Christen mit <strong>Bu\u00dfe<\/strong>, <strong>Gebet<\/strong> und <strong>Glauben<\/strong> auf die Geburt Jesu warten (vom lateinischen <em>Adventus<\/em>, \u201eWarten\u201c). Jede Adventswoche wird durch eine der Kerzen symbolisiert, die wir im <a href=\"https:\/\/www.holyart.de\/weihnachten\/advent\"><strong>Adventskranz<\/strong> <\/a>finden, eine Weihnachtsdekoration, die in einem christlichen Zuhause nicht fehlen darf. Es besteht normalerweise aus einem <strong>Kreis immergr\u00fcner Zweige<\/strong>, die an die Winterzeit, aber auch an das ewige Leben und den triumphalen Einzug Jesu in Jerusalem erinnern, sowie aus <strong>vier Kerzen<\/strong>, Symbol der <strong>Erl\u00f6sung <\/strong>und <strong>des Lichts, das Dunkelheit und S\u00fcnde<\/strong> vertreibt. Die <strong>Kreisform<\/strong> des Adventskranzes verweist auf die Ewigkeit, auf die Einheit von allem. Es geht auf eine Tradition germanischen Ursprungs zur\u00fcck, die bis ins fr\u00fche 19. Jahrhundert zur\u00fcckreicht.<\/p>\n<div class=\"link-product\">\n<div class=\"blocco-immagine\"><img loading=\"lazy\" decoding=\"async\" class=\"size-full wp-image-4954 alignleft\" src=\"https:\/\/blog.holyart.it\/de\/wp-content\/uploads\/sites\/12\/2024\/11\/liturgisches-adventsset-kranz-und-kerzen-6x20cm.jpg\" alt=\"liturgisches adventsset kranz und kerzen 6x20cm\" width=\"100\" height=\"100\" data-kale-share-title=\"Der Adventskranz in der Kirche: 10 Kuriosit\u00e4ten\" data-kale-share-url=\"https:\/\/blog.holyart.it\/de\/?p=4949\" \/><\/div>\n<div class=\"blocco-contenuto\">\n<div class=\"blocco-acquista\">Einkaufen:<\/div>\n<div class=\"blocco-titolo\"><a href=\"https:\/\/www.holyart.de\/weihnachten\/advent\">Advent<\/a><\/div>\n<div class=\"blocco-descrizione\">Adventskr\u00e4nze und Adventskerzen zur festlichen Dekoration des Zuhauses und f\u00fcr Kirchen.<\/div>\n<\/div>\n<\/div>\n<h2>Welche Farbe hat der Advent?<\/h2>\n<p>Die liturgische Farbe des Advents ist <strong>lila<\/strong> und erinnert an Bu\u00dfe, Fasten und Warten sowie an Trauer.<\/p>\n<h2>Wie hei\u00dfen die 4 Adventssonntage?<\/h2>\n<p>Die <strong>Namen der Adventssonntage<\/strong> sind den ersten Worten des <em>Introitus<\/em> entnommen, der Antiphon, die die Feier der Messe an den oben genannten Sonntagen er\u00f6ffnet:<\/p>\n<ol>\n<li>Adventssonntag: <em>Ad te levavi<\/em> (Ad te levavi animam meam, \u201eZu dir, Herr, erhebe ich meine Seele\u201c), aus Psalm 24\/25;<\/li>\n<li>Adventssonntag: <em>Populus Sion<\/em> (Populus Sion, ecce Dominus veniet ad salvandas gentes, \u201eVolk Zions, siehe, der Herr wird kommen, das Volk zu retten!\u201c), aus Psalm 79\/80;<\/li>\n<li>Adventssonntag: <em>Gaudete<\/em> (Gaudete in Domino sempre, \u201eFreut euch allezeit im Herrn\u201c), aus Psalm 84\/85;<\/li>\n<li>Adventssonntag: <em>Rorate<\/em> (Rorate, coeli desuper, et nubes pluant iustum, \u201eStil nieder, Himmel, von oben und Wolken regnen den Gerechten\u201c), aus dem Buch Jesaja (45,8[12])<\/li>\n<\/ol>\n<h2>Wann beginnt der erste Adventssonntag?<\/h2>\n<p>Die <strong><a href=\"https:\/\/www.holyart.de\/blog\/weihnachten\/die-zeit-des-advents\/\">Adventszeit <\/a><\/strong>dauert vier Wochen, im ambrosianischen Ritus sechs: Sie beginnt mit der Vesper des ersten Sonntags, die in diesem Jahr am 1. Dezember stattfindet, und endet mit der Weihnachtsvesper am 24. Dezember.<\/p>\n<div class=\"link-article\">\n<p><img loading=\"lazy\" decoding=\"async\" class=\"size-full wp-image-4955 alignleft\" src=\"https:\/\/blog.holyart.it\/de\/wp-content\/uploads\/sites\/12\/2024\/11\/Adventskranz.jpg\" alt=\"Adventskranz\" width=\"150\" height=\"99\" data-kale-share-title=\"Der Adventskranz in der Kirche: 10 Kuriosit\u00e4ten\" data-kale-share-url=\"https:\/\/blog.holyart.it\/de\/?p=4949\" \/><\/p>\n<div class=\"leggi-anche\">Lesen Sie auch:<\/div>\n<p><strong><a href=\"https:\/\/www.holyart.de\/blog\/weihnachten\/die-zeit-des-advents\/\">Die Zeit des Advents<\/a><\/strong><br \/>\nDer Advent ist f\u00fcr Katholiken auf der ganzen Welt eine der wichtigsten Zeiten des Jahres. Es ist die Zeit, in der wir uns auf das&#8230;<\/p>\n<\/div>\n<h2>Wann werden Adventskerzen angez\u00fcndet?<\/h2>\n<p>An jedem Adventssonntag wird eine Kerze angez\u00fcndet, bis am Heiligabend alle vier angez\u00fcndet sind.<\/p>\n<h2>Wie z\u00fcndet man den Adventskranz an?<\/h2>\n<p>Ideal w\u00e4re es, wenn die ganze Familie am Anz\u00fcnden jeder Kerze teilnimmt und dies vielleicht mit einem Moment des gemeinsamen Gebets begleitet. Der Tradition zufolge z\u00fcnden die Kinder des Hauses die Kerzen im Adventskranz an. Was den Adventskranz in der Kirche betrifft, so wird er an einem f\u00fcr alle Gl\u00e4ubigen gut sichtbaren Ort angebracht und der Priester achtet darauf, die gesamte Gemeinde in das Anz\u00fcnden jeder einzelnen Kerze einzubeziehen, ihre Bedeutung zu erkl\u00e4ren und die Gl\u00e4ubigen im angemessenen gemeinsamen Gebet anzuleiten.<\/p>\n<h2>Wie hei\u00dfen Adventskerzen?<\/h2>\n<p>Jede Kerze hat einen Namen und eine besondere symbolische Bedeutung:<\/p>\n<ul>\n<li><strong>Erste Adventskerze<\/strong>: <strong>Prophetenkerze<\/strong>, bezieht sich auf die Prophezeiungen bez\u00fcglich der Geburt Jesu. Es ist die Kerze der <strong>Hoffnung<\/strong>.<\/li>\n<li><strong>Zweite Adventskerze<\/strong>: <strong>Bethlehem-Kerze<\/strong>, erinnert an die Stadt, in der er geboren wurde. Es ist die Kerze der <strong>Erl\u00f6sung<\/strong>;<\/li>\n<li><strong>Dritte Adventskerze<\/strong>: <strong>Hirtenkerze<\/strong>, erinnert an diejenigen, die Jesus zuerst angebetet haben. Es ist die Kerze der <strong>Freude<\/strong>.<\/li>\n<li><strong>Vierte Adventskerze<\/strong>: <strong>Engelskerze<\/strong>, feiert die Boten, die der Welt die Nachricht von der wundersamen Geburt \u00fcberbrachten.<\/li>\n<\/ul>\n<div class=\"link-product\">\n<div class=\"blocco-immagine\"><img loading=\"lazy\" decoding=\"async\" class=\"size-full wp-image-4957 alignleft\" src=\"https:\/\/blog.holyart.it\/de\/wp-content\/uploads\/sites\/12\/2024\/11\/set-4-kerzen-fur-advent-8x15cm-matt.jpg\" alt=\"set 4 kerzen fur advent 8x15cm matt\" width=\"100\" height=\"100\" data-kale-share-title=\"Der Adventskranz in der Kirche: 10 Kuriosit\u00e4ten\" data-kale-share-url=\"https:\/\/blog.holyart.it\/de\/?p=4949\" \/><\/div>\n<div class=\"blocco-contenuto\">\n<div class=\"blocco-acquista\">Einkaufen:<\/div>\n<div class=\"blocco-titolo\"><a href=\"https:\/\/www.holyart.de\/weihnachten\/advent\/set-4-kerzen-fur-advent-8x15cm-matt\">Set 4 Kerzen f\u00fcr Advent 8x15cm matt <\/a><\/div>\n<div class=\"blocco-descrizione\">Set von 4 Kerzen (3 violett, 1 rosa) mit matten Finish f\u00fcr Adventskranz.<\/div>\n<\/div>\n<\/div>\n<h2>Welche vier Farben gibt es bei Adventskerzen?<\/h2>\n<p>Die Farbe der Adventskerzen kann immer <strong>lila<\/strong> sein, aber auch <strong>Wei\u00df<\/strong>, ein Symbol f\u00fcr Reinheit und Licht, und <strong>Rot<\/strong>, die Weihnachtsfarbe schlechthin, die auch die Liebe Jesu zu uns allen zum Ausdruck bringt, werden akzeptiert.<\/p>\n<p>Adventskerzen folgen meist einem bestimmten Farbschema:<\/p>\n<ul>\n<li><strong>erste Kerze<\/strong> (Prophetenkerze): lila oder rot;<\/li>\n<li><strong>zweite Kerze<\/strong> (Bethlehem-Kerze): lila oder rot;<\/li>\n<li><strong>dritte Kerze<\/strong> (Hirtenkerze): rosa;<\/li>\n<li><strong>vierte Kerze<\/strong> (Engelkerze): lila oder rot.<\/li>\n<\/ul>\n<div class=\"sp-styles-warning\" style=\"width: 450px; background-color: #FFF; color: #F00; border: 1px solid #F00; padding: 10px; font-size: 14px;\">\n\t\t\t<span style=\"font-weight: bold;\">Warning: The stylesheets were not loaded!<\/span> \n\t\t\tYou will need to change the <i>Load stylesheets<\/i> setting from <i>Automatically<\/i> to <i>On homepage<\/i> or <i>On all pages<\/i>. \n\t\t\tYou can set that <a style=\"text-decoration: underline; color: #F00;\" href=\"https:\/\/blog.holyart.it\/de\/wp-admin\/admin.php?page=sliderpro-settings\">here<\/a>.\n\t\t\t<\/div>\r\n<div id=\"slider-pro-86\" class=\"slider-pro sp-no-js\" style=\"width: 500px; height: 500px;\">\r\n\t<div class=\"sp-slides\">\r\n\t\t\r\n\t\t<div class=\"sp-slide\">\r\n\t\t\t<img loading=\"lazy\" decoding=\"async\" class=\"sp-image\" src=\"https:\/\/blog.holyart.it\/de\/wp-content\/uploads\/sites\/12\/2024\/11\/liturgisches-adventsset-kranz-und-kerzen-8x15cm.jpg\" alt=\"liturgisches adventsset kranz und kerzen 8x15cm\" width=\"500\" height=\"500\" \/>\r\n\t\t\t<div class=\"sp-thumbnail\"><a class=\"\" href=\"https:\/\/www.holyart.de\/weihnachten\/advent\/liturgisches-adventsset-kranz-und-kerzen-8x15cm\">\r\n\t\t\t\t<img decoding=\"async\" src=\"https:\/\/blog.holyart.it\/de\/wp-content\/uploads\/sites\/12\/2024\/11\/liturgisches-adventsset-kranz-und-kerzen-8x15cm-1.jpg\" alt=\"liturgisches adventsset kranz und kerzen 8x15cm (1)\" \/>\r\n\t\t\t<\/a>\r\n\t\t\t<\/div>\r\n\t\t\t<div class=\"sp-caption\">Liturgisches Adventsset Kranz und Kerzen 8x15cm <\/br><strong><a href=\"https:\/\/www.holyart.de\/weihnachten\/advent\/liturgisches-adventsset-kranz-und-kerzen-8x15cm\">Bei Holyart kaufen<\/a><\/strong><\/div>\r\n\t\t<\/div>\r\n\t\t<div class=\"sp-slide\">\r\n\t\t\t<img loading=\"lazy\" decoding=\"async\" class=\"sp-image\" src=\"https:\/\/blog.holyart.it\/de\/wp-content\/uploads\/sites\/12\/2024\/11\/adventskranz-und-glanzkerzen-set-15x8-cm.jpg\" alt=\"adventskranz und glanzkerzen set 15x8 cm\" width=\"500\" height=\"500\" \/>\r\n\t\t\t<div class=\"sp-thumbnail\"><a class=\"\" href=\"https:\/\/www.holyart.de\/weihnachten\/advent\/adventskranz-und-glanzkerzen-set-15x8-cm\">\r\n\t\t\t\t<img decoding=\"async\" src=\"https:\/\/blog.holyart.it\/de\/wp-content\/uploads\/sites\/12\/2024\/11\/adventskranz-und-glanzkerzen-set-15x8-cm-1.jpg\" alt=\"adventskranz und glanzkerzen set 15x8 cm (1)\" \/>\r\n\t\t\t<\/a>\r\n\t\t\t<\/div>\r\n\t\t\t<div class=\"sp-caption\">Adventskranz und Glanzkerzen-Set, 15x8 cm <\/br><strong><a href=\"https:\/\/www.holyart.de\/weihnachten\/advent\/adventskranz-und-glanzkerzen-set-15x8-cm\">Bei Holyart kaufen<\/a><\/strong><\/div>\r\n\t\t<\/div>\r\n\t\t<div class=\"sp-slide\">\r\n\t\t\t<img loading=\"lazy\" decoding=\"async\" class=\"sp-image\" src=\"https:\/\/blog.holyart.it\/de\/wp-content\/uploads\/sites\/12\/2024\/11\/liturgisches-adventsset-kranz-und-kugel-kerzen-10cm.jpg\" alt=\"liturgisches adventsset kranz und kugel kerzen 10cm\" width=\"500\" height=\"500\" \/>\r\n\t\t\t<div class=\"sp-thumbnail\"><a class=\"\" href=\"https:\/\/www.holyart.de\/weihnachten\/advent\/liturgisches-adventsset-kranz-und-kugel-kerzen-10cm\">\r\n\t\t\t\t<img decoding=\"async\" src=\"https:\/\/blog.holyart.it\/de\/wp-content\/uploads\/sites\/12\/2024\/11\/liturgisches-adventsset-kranz-und-kugel-kerzen-10cm-1.jpg\" alt=\"liturgisches adventsset kranz und kugel kerzen 10cm (1)\" \/>\r\n\t\t\t<\/a>\r\n\t\t\t<\/div>\r\n\t\t\t<div class=\"sp-caption\">Liturgisches Adventsset Kranz und Kugel-Kerzen 10cm <\/br><strong><a href=\"https:\/\/www.holyart.de\/weihnachten\/advent\/liturgisches-adventsset-kranz-und-kugel-kerzen-10cm\">Bei Holyart kaufen<\/a><\/strong><\/div>\r\n\t\t<\/div>\r\n\t<\/div>\r\n<\/div>\n<h2>Wie werden Adventskerzen verwendet?<\/h2>\n<p>Adventskerzen symbolisieren <strong>Hoffnung<\/strong>, <strong>Frieden<\/strong>, <strong>Freude<\/strong> und <strong>Liebe<\/strong>, die Botschaft, die das Kind der Welt bringt. Sie werden einzeln angez\u00fcndet, um die Idee des Lichts Jesu auszudr\u00fccken, das immer st\u00e4rker und heller wird, je n\u00e4her wir Weihnachten kommen.<\/p>\n<h2>Wann sollte man die Adventskerze ausblasen?<\/h2>\n<p>Die Kerzen im Adventskranz m\u00fcssen am Heiligabend angez\u00fcndet ankommen. Sie werden langsam und unabh\u00e4ngig konsumiert und begleiten das Warten auf die Fest.<\/p>\n","protected":false},"excerpt":{"rendered":"<p>Der Adventskranz in der Kirche und zu Hause: Welche Bedeutung hat er? Wann soll die erste Kerze angez\u00fcndet werden? Finden wir es gemeinsam heraus Sonntag, der 1. Dezember 2024, ist der erste Adventssonntag: Es ist Zeit, die Adventskranzkerzen in der Kirche und zu Hause anzuz\u00fcnden.&hellip;<\/p>\n","protected":false},"author":1,"featured_media":4951,"comment_status":"closed","ping_status":"open","sticky":false,"template":"","format":"standard","meta":{"_acf_changed":false,"footnotes":""},"categories":[12],"tags":[],"class_list":["post-4949","post","type-post","status-publish","format-standard","has-post-thumbnail","hentry","category-weihnachten"],"acf":[],"yoast_head":"<!-- This site is optimized with the Yoast SEO plugin v26.6 - https:\/\/yoast.com\/wordpress\/plugins\/seo\/ -->\n<title>Der Adventskranz in der Kirche: 10 Kuriosit\u00e4ten - Holyart.de Blog<\/title>\n<meta name=\"description\" content=\"Der Adventskranz in der Kirche und zu Hause: Was symbolisiert er? Wann soll die erste Kerze angez\u00fcndet werden?\" \/>\n<meta name=\"robots\" content=\"index, follow, max-snippet:-1, max-image-preview:large, max-video-preview:-1\" \/>\n<link rel=\"canonical\" href=\"https:\/\/blog.holyart.it\/de\/weihnachten\/der-adventskranz-in-der-kirche-10-kuriositaeten\/\" \/>\n<meta property=\"og:locale\" content=\"de_DE\" \/>\n<meta property=\"og:type\" content=\"article\" \/>\n<meta property=\"og:title\" content=\"Der Adventskranz in der Kirche: 10 Kuriosit\u00e4ten - Holyart.de Blog\" \/>\n<meta property=\"og:description\" content=\"Der Adventskranz in der Kirche und zu Hause: Was symbolisiert er? Wann soll die erste Kerze angez\u00fcndet werden?\" \/>\n<meta property=\"og:url\" content=\"https:\/\/blog.holyart.it\/de\/weihnachten\/der-adventskranz-in-der-kirche-10-kuriositaeten\/\" \/>\n<meta property=\"og:site_name\" content=\"Holyart.de Blog\" \/>\n<meta property=\"article:published_time\" content=\"2024-11-20T09:00:28+00:00\" \/>\n<meta property=\"article:modified_time\" content=\"2025-01-17T11:36:14+00:00\" \/>\n<meta property=\"og:image\" content=\"https:\/\/blog.holyart.it\/de\/wp-content\/uploads\/sites\/12\/2024\/11\/Der-Adventskranz-in-der-Kirche.jpg\" \/>\n\t<meta property=\"og:image:width\" content=\"1000\" \/>\n\t<meta property=\"og:image:height\" content=\"666\" \/>\n\t<meta property=\"og:image:type\" content=\"image\/jpeg\" \/>\n<meta name=\"author\" content=\"Redazione\" \/>\n<meta name=\"twitter:card\" content=\"summary_large_image\" \/>\n<meta name=\"twitter:label1\" content=\"Verfasst von\" \/>\n\t<meta name=\"twitter:data1\" content=\"Redazione\" \/>\n\t<meta name=\"twitter:label2\" content=\"Gesch\u00e4tzte Lesezeit\" \/>\n\t<meta name=\"twitter:data2\" content=\"6\u00a0Minuten\" \/>\n<script type=\"application\/ld+json\" class=\"yoast-schema-graph\">{\"@context\":\"https:\/\/schema.org\",\"@graph\":[{\"@type\":\"Article\",\"@id\":\"https:\/\/blog.holyart.it\/de\/weihnachten\/der-adventskranz-in-der-kirche-10-kuriositaeten\/#article\",\"isPartOf\":{\"@id\":\"https:\/\/blog.holyart.it\/de\/weihnachten\/der-adventskranz-in-der-kirche-10-kuriositaeten\/\"},\"author\":{\"name\":\"Redazione\",\"@id\":\"https:\/\/blog.holyart.it\/de\/#\/schema\/person\/0a7b686e5af0f856ec1e390dd0baecda\"},\"headline\":\"Der Adventskranz in der Kirche: 10 Kuriosit\u00e4ten\",\"datePublished\":\"2024-11-20T09:00:28+00:00\",\"dateModified\":\"2025-01-17T11:36:14+00:00\",\"mainEntityOfPage\":{\"@id\":\"https:\/\/blog.holyart.it\/de\/weihnachten\/der-adventskranz-in-der-kirche-10-kuriositaeten\/\"},\"wordCount\":911,\"publisher\":{\"@id\":\"https:\/\/blog.holyart.it\/de\/#organization\"},\"image\":{\"@id\":\"https:\/\/blog.holyart.it\/de\/weihnachten\/der-adventskranz-in-der-kirche-10-kuriositaeten\/#primaryimage\"},\"thumbnailUrl\":\"https:\/\/blog.holyart.it\/de\/wp-content\/uploads\/sites\/12\/2024\/11\/Der-Adventskranz-in-der-Kirche.jpg\",\"articleSection\":[\"Weihnachten\"],\"inLanguage\":\"de\"},{\"@type\":\"WebPage\",\"@id\":\"https:\/\/blog.holyart.it\/de\/weihnachten\/der-adventskranz-in-der-kirche-10-kuriositaeten\/\",\"url\":\"https:\/\/blog.holyart.it\/de\/weihnachten\/der-adventskranz-in-der-kirche-10-kuriositaeten\/\",\"name\":\"Der Adventskranz in der Kirche: 10 Kuriosit\u00e4ten - Holyart.de Blog\",\"isPartOf\":{\"@id\":\"https:\/\/blog.holyart.it\/de\/#website\"},\"primaryImageOfPage\":{\"@id\":\"https:\/\/blog.holyart.it\/de\/weihnachten\/der-adventskranz-in-der-kirche-10-kuriositaeten\/#primaryimage\"},\"image\":{\"@id\":\"https:\/\/blog.holyart.it\/de\/weihnachten\/der-adventskranz-in-der-kirche-10-kuriositaeten\/#primaryimage\"},\"thumbnailUrl\":\"https:\/\/blog.holyart.it\/de\/wp-content\/uploads\/sites\/12\/2024\/11\/Der-Adventskranz-in-der-Kirche.jpg\",\"datePublished\":\"2024-11-20T09:00:28+00:00\",\"dateModified\":\"2025-01-17T11:36:14+00:00\",\"description\":\"Der Adventskranz in der Kirche und zu Hause: Was symbolisiert er? Wann soll die erste Kerze angez\u00fcndet werden?\",\"breadcrumb\":{\"@id\":\"https:\/\/blog.holyart.it\/de\/weihnachten\/der-adventskranz-in-der-kirche-10-kuriositaeten\/#breadcrumb\"},\"inLanguage\":\"de\",\"potentialAction\":[{\"@type\":\"ReadAction\",\"target\":[\"https:\/\/blog.holyart.it\/de\/weihnachten\/der-adventskranz-in-der-kirche-10-kuriositaeten\/\"]}]},{\"@type\":\"ImageObject\",\"inLanguage\":\"de\",\"@id\":\"https:\/\/blog.holyart.it\/de\/weihnachten\/der-adventskranz-in-der-kirche-10-kuriositaeten\/#primaryimage\",\"url\":\"https:\/\/blog.holyart.it\/de\/wp-content\/uploads\/sites\/12\/2024\/11\/Der-Adventskranz-in-der-Kirche.jpg\",\"contentUrl\":\"https:\/\/blog.holyart.it\/de\/wp-content\/uploads\/sites\/12\/2024\/11\/Der-Adventskranz-in-der-Kirche.jpg\",\"width\":1000,\"height\":666,\"caption\":\"Der Adventskranz in der Kirche\"},{\"@type\":\"BreadcrumbList\",\"@id\":\"https:\/\/blog.holyart.it\/de\/weihnachten\/der-adventskranz-in-der-kirche-10-kuriositaeten\/#breadcrumb\",\"itemListElement\":[{\"@type\":\"ListItem\",\"position\":1,\"name\":\"Homepage\",\"item\":\"https:\/\/blog.holyart.it\/de\/\"},{\"@type\":\"ListItem\",\"position\":2,\"name\":\"Weihnachten\",\"item\":\"https:\/\/blog.holyart.it\/de\/weihnachten\/\"},{\"@type\":\"ListItem\",\"position\":3,\"name\":\"Der Adventskranz in der Kirche: 10 Kuriosit\u00e4ten\"}]},{\"@type\":\"WebSite\",\"@id\":\"https:\/\/blog.holyart.it\/de\/#website\",\"url\":\"https:\/\/blog.holyart.it\/de\/\",\"name\":\"Holyart.de Blog\",\"description\":\"Holyblog\",\"publisher\":{\"@id\":\"https:\/\/blog.holyart.it\/de\/#organization\"},\"potentialAction\":[{\"@type\":\"SearchAction\",\"target\":{\"@type\":\"EntryPoint\",\"urlTemplate\":\"https:\/\/blog.holyart.it\/de\/?s={search_term_string}\"},\"query-input\":{\"@type\":\"PropertyValueSpecification\",\"valueRequired\":true,\"valueName\":\"search_term_string\"}}],\"inLanguage\":\"de\"},{\"@type\":\"Organization\",\"@id\":\"https:\/\/blog.holyart.it\/de\/#organization\",\"name\":\"Holyart.de Blog\",\"url\":\"https:\/\/blog.holyart.it\/de\/\",\"logo\":{\"@type\":\"ImageObject\",\"inLanguage\":\"de\",\"@id\":\"https:\/\/blog.holyart.it\/de\/#\/schema\/logo\/image\/\",\"url\":\"https:\/\/blog.holyart.it\/de\/wp-content\/uploads\/sites\/12\/2022\/12\/Holyart_Blog_Logo.jpg\",\"contentUrl\":\"https:\/\/blog.holyart.it\/de\/wp-content\/uploads\/sites\/12\/2022\/12\/Holyart_Blog_Logo.jpg\",\"width\":300,\"height\":50,\"caption\":\"Holyart.de Blog\"},\"image\":{\"@id\":\"https:\/\/blog.holyart.it\/de\/#\/schema\/logo\/image\/\"}},{\"@type\":\"Person\",\"@id\":\"https:\/\/blog.holyart.it\/de\/#\/schema\/person\/0a7b686e5af0f856ec1e390dd0baecda\",\"name\":\"Redazione\",\"image\":{\"@type\":\"ImageObject\",\"inLanguage\":\"de\",\"@id\":\"https:\/\/blog.holyart.it\/de\/#\/schema\/person\/image\/\",\"url\":\"https:\/\/secure.gravatar.com\/avatar\/f477da817f43e50d0af36abecd33e3edf826c68299714bdc1057dff3b113f516?s=96&d=mm&r=g\",\"contentUrl\":\"https:\/\/secure.gravatar.com\/avatar\/f477da817f43e50d0af36abecd33e3edf826c68299714bdc1057dff3b113f516?s=96&d=mm&r=g\",\"caption\":\"Redazione\"}}]}<\/script>\n<!-- \/ Yoast SEO plugin. -->","yoast_head_json":{"title":"Der Adventskranz in der Kirche: 10 Kuriosit\u00e4ten - Holyart.de Blog","description":"Der Adventskranz in der Kirche und zu Hause: Was symbolisiert er? Wann soll die erste Kerze angez\u00fcndet werden?","robots":{"index":"index","follow":"follow","max-snippet":"max-snippet:-1","max-image-preview":"max-image-preview:large","max-video-preview":"max-video-preview:-1"},"canonical":"https:\/\/blog.holyart.it\/de\/weihnachten\/der-adventskranz-in-der-kirche-10-kuriositaeten\/","og_locale":"de_DE","og_type":"article","og_title":"Der Adventskranz in der Kirche: 10 Kuriosit\u00e4ten - Holyart.de Blog","og_description":"Der Adventskranz in der Kirche und zu Hause: Was symbolisiert er? Wann soll die erste Kerze angez\u00fcndet werden?","og_url":"https:\/\/blog.holyart.it\/de\/weihnachten\/der-adventskranz-in-der-kirche-10-kuriositaeten\/","og_site_name":"Holyart.de Blog","article_published_time":"2024-11-20T09:00:28+00:00","article_modified_time":"2025-01-17T11:36:14+00:00","og_image":[{"width":1000,"height":666,"url":"https:\/\/blog.holyart.it\/de\/wp-content\/uploads\/sites\/12\/2024\/11\/Der-Adventskranz-in-der-Kirche.jpg","type":"image\/jpeg"}],"author":"Redazione","twitter_card":"summary_large_image","twitter_misc":{"Verfasst von":"Redazione","Gesch\u00e4tzte Lesezeit":"6\u00a0Minuten"},"schema":{"@context":"https:\/\/schema.org","@graph":[{"@type":"Article","@id":"https:\/\/blog.holyart.it\/de\/weihnachten\/der-adventskranz-in-der-kirche-10-kuriositaeten\/#article","isPartOf":{"@id":"https:\/\/blog.holyart.it\/de\/weihnachten\/der-adventskranz-in-der-kirche-10-kuriositaeten\/"},"author":{"name":"Redazione","@id":"https:\/\/blog.holyart.it\/de\/#\/schema\/person\/0a7b686e5af0f856ec1e390dd0baecda"},"headline":"Der Adventskranz in der Kirche: 10 Kuriosit\u00e4ten","datePublished":"2024-11-20T09:00:28+00:00","dateModified":"2025-01-17T11:36:14+00:00","mainEntityOfPage":{"@id":"https:\/\/blog.holyart.it\/de\/weihnachten\/der-adventskranz-in-der-kirche-10-kuriositaeten\/"},"wordCount":911,"publisher":{"@id":"https:\/\/blog.holyart.it\/de\/#organization"},"image":{"@id":"https:\/\/blog.holyart.it\/de\/weihnachten\/der-adventskranz-in-der-kirche-10-kuriositaeten\/#primaryimage"},"thumbnailUrl":"https:\/\/blog.holyart.it\/de\/wp-content\/uploads\/sites\/12\/2024\/11\/Der-Adventskranz-in-der-Kirche.jpg","articleSection":["Weihnachten"],"inLanguage":"de"},{"@type":"WebPage","@id":"https:\/\/blog.holyart.it\/de\/weihnachten\/der-adventskranz-in-der-kirche-10-kuriositaeten\/","url":"https:\/\/blog.holyart.it\/de\/weihnachten\/der-adventskranz-in-der-kirche-10-kuriositaeten\/","name":"Der Adventskranz in der Kirche: 10 Kuriosit\u00e4ten - Holyart.de Blog","isPartOf":{"@id":"https:\/\/blog.holyart.it\/de\/#website"},"primaryImageOfPage":{"@id":"https:\/\/blog.holyart.it\/de\/weihnachten\/der-adventskranz-in-der-kirche-10-kuriositaeten\/#primaryimage"},"image":{"@id":"https:\/\/blog.holyart.it\/de\/weihnachten\/der-adventskranz-in-der-kirche-10-kuriositaeten\/#primaryimage"},"thumbnailUrl":"https:\/\/blog.holyart.it\/de\/wp-content\/uploads\/sites\/12\/2024\/11\/Der-Adventskranz-in-der-Kirche.jpg","datePublished":"2024-11-20T09:00:28+00:00","dateModified":"2025-01-17T11:36:14+00:00","description":"Der Adventskranz in der Kirche und zu Hause: Was symbolisiert er? Wann soll die erste Kerze angez\u00fcndet werden?","breadcrumb":{"@id":"https:\/\/blog.holyart.it\/de\/weihnachten\/der-adventskranz-in-der-kirche-10-kuriositaeten\/#breadcrumb"},"inLanguage":"de","potentialAction":[{"@type":"ReadAction","target":["https:\/\/blog.holyart.it\/de\/weihnachten\/der-adventskranz-in-der-kirche-10-kuriositaeten\/"]}]},{"@type":"ImageObject","inLanguage":"de","@id":"https:\/\/blog.holyart.it\/de\/weihnachten\/der-adventskranz-in-der-kirche-10-kuriositaeten\/#primaryimage","url":"https:\/\/blog.holyart.it\/de\/wp-content\/uploads\/sites\/12\/2024\/11\/Der-Adventskranz-in-der-Kirche.jpg","contentUrl":"https:\/\/blog.holyart.it\/de\/wp-content\/uploads\/sites\/12\/2024\/11\/Der-Adventskranz-in-der-Kirche.jpg","width":1000,"height":666,"caption":"Der Adventskranz in der Kirche"},{"@type":"BreadcrumbList","@id":"https:\/\/blog.holyart.it\/de\/weihnachten\/der-adventskranz-in-der-kirche-10-kuriositaeten\/#breadcrumb","itemListElement":[{"@type":"ListItem","position":1,"name":"Homepage","item":"https:\/\/blog.holyart.it\/de\/"},{"@type":"ListItem","position":2,"name":"Weihnachten","item":"https:\/\/blog.holyart.it\/de\/weihnachten\/"},{"@type":"ListItem","position":3,"name":"Der Adventskranz in der Kirche: 10 Kuriosit\u00e4ten"}]},{"@type":"WebSite","@id":"https:\/\/blog.holyart.it\/de\/#website","url":"https:\/\/blog.holyart.it\/de\/","name":"Holyart.de Blog","description":"Holyblog","publisher":{"@id":"https:\/\/blog.holyart.it\/de\/#organization"},"potentialAction":[{"@type":"SearchAction","target":{"@type":"EntryPoint","urlTemplate":"https:\/\/blog.holyart.it\/de\/?s={search_term_string}"},"query-input":{"@type":"PropertyValueSpecification","valueRequired":true,"valueName":"search_term_string"}}],"inLanguage":"de"},{"@type":"Organization","@id":"https:\/\/blog.holyart.it\/de\/#organization","name":"Holyart.de Blog","url":"https:\/\/blog.holyart.it\/de\/","logo":{"@type":"ImageObject","inLanguage":"de","@id":"https:\/\/blog.holyart.it\/de\/#\/schema\/logo\/image\/","url":"https:\/\/blog.holyart.it\/de\/wp-content\/uploads\/sites\/12\/2022\/12\/Holyart_Blog_Logo.jpg","contentUrl":"https:\/\/blog.holyart.it\/de\/wp-content\/uploads\/sites\/12\/2022\/12\/Holyart_Blog_Logo.jpg","width":300,"height":50,"caption":"Holyart.de Blog"},"image":{"@id":"https:\/\/blog.holyart.it\/de\/#\/schema\/logo\/image\/"}},{"@type":"Person","@id":"https:\/\/blog.holyart.it\/de\/#\/schema\/person\/0a7b686e5af0f856ec1e390dd0baecda","name":"Redazione","image":{"@type":"ImageObject","inLanguage":"de","@id":"https:\/\/blog.holyart.it\/de\/#\/schema\/person\/image\/","url":"https:\/\/secure.gravatar.com\/avatar\/f477da817f43e50d0af36abecd33e3edf826c68299714bdc1057dff3b113f516?s=96&d=mm&r=g","contentUrl":"https:\/\/secure.gravatar.com\/avatar\/f477da817f43e50d0af36abecd33e3edf826c68299714bdc1057dff3b113f516?s=96&d=mm&r=g","caption":"Redazione"}}]}},"_links":{"self":[{"href":"https:\/\/blog.holyart.it\/de\/wp-json\/wp\/v2\/posts\/4949","targetHints":{"allow":["GET"]}}],"collection":[{"href":"https:\/\/blog.holyart.it\/de\/wp-json\/wp\/v2\/posts"}],"about":[{"href":"https:\/\/blog.holyart.it\/de\/wp-json\/wp\/v2\/types\/post"}],"author":[{"embeddable":true,"href":"https:\/\/blog.holyart.it\/de\/wp-json\/wp\/v2\/users\/1"}],"replies":[{"embeddable":true,"href":"https:\/\/blog.holyart.it\/de\/wp-json\/wp\/v2\/comments?post=4949"}],"version-history":[{"count":5,"href":"https:\/\/blog.holyart.it\/de\/wp-json\/wp\/v2\/posts\/4949\/revisions"}],"predecessor-version":[{"id":4965,"href":"https:\/\/blog.holyart.it\/de\/wp-json\/wp\/v2\/posts\/4949\/revisions\/4965"}],"wp:featuredmedia":[{"embeddable":true,"href":"https:\/\/blog.holyart.it\/de\/wp-json\/wp\/v2\/media\/4951"}],"wp:attachment":[{"href":"https:\/\/blog.holyart.it\/de\/wp-json\/wp\/v2\/media?parent=4949"}],"wp:term":[{"taxonomy":"category","embeddable":true,"href":"https:\/\/blog.holyart.it\/de\/wp-json\/wp\/v2\/categories?post=4949"},{"taxonomy":"post_tag","embeddable":true,"href":"https:\/\/blog.holyart.it\/de\/wp-json\/wp\/v2\/tags?post=4949"}],"curies":[{"name":"wp","href":"https:\/\/api.w.org\/{rel}","templated":true}]}}