{"id":4907,"date":"2024-11-18T10:00:06","date_gmt":"2024-11-18T09:00:06","guid":{"rendered":"https:\/\/blog.holyart.it\/de\/?p=4907"},"modified":"2024-12-09T16:03:37","modified_gmt":"2024-12-09T15:03:37","slug":"weihnachtskraenze-die-perfekte-dekoration-fuer-ihr-weihnachten","status":"publish","type":"post","link":"https:\/\/blog.holyart.it\/de\/weihnachten\/weihnachtskraenze-die-perfekte-dekoration-fuer-ihr-weihnachten\/","title":{"rendered":"Weihnachtskr\u00e4nze: die perfekte Dekoration f\u00fcr Ihr Weihnachten"},"content":{"rendered":"<h4>Die runden, farbenfrohen und sch\u00f6nen Weihnachtskr\u00e4nze sind eine perfekte Dekoration f\u00fcr drinnen und drau\u00dfen. Wie sind sie zu verwenden? Wo sind sie zu platzieren? Soll man sie personalisieren oder nicht? Das wollen wir gemeinsam herausfinden.<\/h4>\n\n<p>Jedes Jahr von Oktober bis Januar f\u00fcllen sich die Stra\u00dfen mit der W\u00e4rme, die nur die weihnachtliche Atmosph\u00e4re vermitteln kann. Wir lassen uns von diesem Wirbelwind aus Farben, funkelnden Lichtern und melodischen Liedern mitrei\u00dfen, die durch die Stra\u00dfen der Stadt hallen. Jeder von uns versucht auf seine eigene Art und Weise, die gleiche Atmosph\u00e4re und W\u00e4rme zu schaffen, aber um das zu erreichen, darf man eine der beliebtesten Dekorationen der letzten Jahre nicht au\u00dfer Acht lassen: <strong>die Kr\u00e4nze<\/strong>, eine Dekoration mit nordischem Flair, die sich auch in Italien sehr schnell verbreitet hat.<\/p>\n<h2>Wohin mit dem Weihnachtskranz?<\/h2>\n<p><strong>Weihnachtskr\u00e4nze<\/strong> sind <strong>eine beliebte Dekoration<\/strong>, die sich in verschiedenen Gr\u00f6\u00dfen, Stilen und Farben leicht an jede Umgebung anpassen l\u00e4sst.<\/p>\n<p>Der Kranz an der <strong>Haust\u00fcr<\/strong> ist nur eine der M\u00f6glichkeiten, sie zu verwenden, und wahrscheinlich auch die klassischste. Aber gibt es auch andere M\u00f6glichkeiten, sie zu nutzen? Experimentieren ist immer m\u00f6glich, solange Sie sich auf Ihre Fantasie und Ihr Gesp\u00fcr verlassen.<\/p>\n<div class=\"sp-styles-warning\" style=\"width: 450px; background-color: #FFF; color: #F00; border: 1px solid #F00; padding: 10px; font-size: 14px;\">\n\t\t\t<span style=\"font-weight: bold;\">Warning: The stylesheets were not loaded!<\/span> \n\t\t\tYou will need to change the <i>Load stylesheets<\/i> setting from <i>Automatically<\/i> to <i>On homepage<\/i> or <i>On all pages<\/i>. \n\t\t\tYou can set that <a style=\"text-decoration: underline; color: #F00;\" href=\"https:\/\/blog.holyart.it\/de\/wp-admin\/admin.php?page=sliderpro-settings\">here<\/a>.\n\t\t\t<\/div>\r\n<div id=\"slider-pro-84\" class=\"slider-pro sp-no-js\" style=\"width: 500px; height: 500px;\">\r\n\t<div class=\"sp-slides\">\r\n\t\t\r\n\t\t<div class=\"sp-slide\">\r\n\t\t\t<img loading=\"lazy\" decoding=\"async\" class=\"sp-image\" src=\"https:\/\/blog.holyart.it\/de\/wp-content\/uploads\/sites\/12\/2024\/10\/adventskranz-mit-tannenzapfen-und-zweigen-30-cm.jpg\" alt=\"adventskranz mit tannenzapfen und zweigen 30 cm\" width=\"500\" height=\"500\" \/>\r\n\t\t\t<div class=\"sp-thumbnail\"><a class=\"\" href=\"https:\/\/www.holyart.de\/weihnachten\/advent\/adventskranz-mit-tannenzapfen-und-zweigen-30-cm\">\r\n\t\t\t\t<img decoding=\"async\" src=\"https:\/\/blog.holyart.it\/de\/wp-content\/uploads\/sites\/12\/2024\/10\/adventskranz-mit-tannenzapfen-und-zweigen-30-cm150x150.jpg\" alt=\"adventskranz mit tannenzapfen und zweigen 30 cm\" \/>\r\n\t\t\t<\/a>\r\n\t\t\t<\/div>\r\n\t\t\t<div class=\"sp-caption\">Adventskranz mit Tannenzapfen und Zweigen <\/br><strong><a href=\"https:\/\/www.holyart.de\/weihnachten\/advent\/adventskranz-mit-tannenzapfen-und-zweigen-30-cm\">Bei Holyart kaufen<\/a><\/strong><\/div>\r\n\t\t<\/div>\r\n\t\t<div class=\"sp-slide\">\r\n\t\t\t<img loading=\"lazy\" decoding=\"async\" class=\"sp-image\" src=\"https:\/\/blog.holyart.it\/de\/wp-content\/uploads\/sites\/12\/2024\/10\/adventskranz1.jpg\" alt=\"adventskranz1\" width=\"500\" height=\"500\" \/>\r\n\t\t\t<div class=\"sp-thumbnail\"><a class=\"\" href=\"https:\/\/www.holyart.de\/weihnachten\/advent\/adventskranz-kunstliche-tannenzweige-und-led-beleuchtung-40-cm\">\r\n\t\t\t\t<img decoding=\"async\" src=\"https:\/\/blog.holyart.it\/de\/wp-content\/uploads\/sites\/12\/2024\/10\/adventskranz1-150x150-1.jpg\" alt=\"adventskranz1\" \/>\r\n\t\t\t<\/a>\r\n\t\t\t<\/div>\r\n\t\t\t<div class=\"sp-caption\">Adventskranz <\/br><strong><a href=\"https:\/\/www.holyart.de\/weihnachten\/advent\/adventskranz-kunstliche-tannenzweige-und-led-beleuchtung-40-cm\">Bei Holyart kaufen<\/a><\/strong><\/div>\r\n\t\t<\/div>\r\n\t\t<div class=\"sp-slide\">\r\n\t\t\t<img loading=\"lazy\" decoding=\"async\" class=\"sp-image\" src=\"https:\/\/blog.holyart.it\/de\/wp-content\/uploads\/sites\/12\/2024\/10\/stock-weihanktskranz-mit-blauer-led-leuchte-mit-schneebedecktem-effekt-50-cm.jpg\" alt=\"stock weihanktskranz mit blauer led leuchte mit schneebedecktem effekt 50 cm\" width=\"500\" height=\"500\" \/>\r\n\t\t\t<div class=\"sp-thumbnail\"><a class=\"\" href=\"https:\/\/www.holyart.de\/weihnachten\/advent\/stock-weihnachtskranz-mit-blauer-led-leuchte-mit-schneebedecktem-effekt-50-cm\">\r\n\t\t\t\t<img decoding=\"async\" src=\"https:\/\/blog.holyart.it\/de\/wp-content\/uploads\/sites\/12\/2024\/10\/stock-weihanktskranz-mit-blauer-led-leuchte-mit-schneebedecktem-effekt-50-cm150x150.jpg\" alt=\"stock weihanktskranz mit blauer led leuchte mit schneebedecktem effekt 50 cm\" \/>\r\n\t\t\t<\/a>\r\n\t\t\t<\/div>\r\n\t\t\t<div class=\"sp-caption\">Weihnachtskranz mit blauer LED-Leuchte mit schneebedecktem Effekt <\/br><strong><a href=\"https:\/\/www.holyart.de\/weihnachten\/advent\/stock-weihnachtskranz-mit-blauer-led-leuchte-mit-schneebedecktem-effekt-50-cm\">Bei Holyart kaufen<\/a><\/strong><\/div>\r\n\t\t<\/div>\r\n\t<\/div>\r\n<\/div>\n<p>Man kann sie als <strong>Mittelst\u00fcck<\/strong> verwenden, vielleicht zusammen mit <strong>Kerzen<\/strong>, die zur Farbe der \u00fcbrigen Dekoration passen, wie ein Gem\u00e4lde an einer wei\u00dfen Wand aufh\u00e4ngen, auf Regalen in der Arbeitszimmerecke oder im B\u00fccherregal stehen oder als Alternative zur klassischen Fensterdekoration, die sicherlich mehr Charakter hat.<\/p>\n<p>Die Ideen sind endlos, und glauben Sie uns, es kann nichts schief gehen.<\/p>\n<h2>Weihnachtskr\u00e4nze: Welcher Kranz soll ich w\u00e4hlen?<\/h2>\n<p>Die Trends f\u00fcr das kommende Jahr 2020 deuten darauf hin, dass die beliebtesten <strong>Kr\u00e4nze in neutralen, nat\u00fcrlichen<\/strong> Farben gehalten sind &#8211; das Wei\u00df des Schnees, das Gr\u00fcn der Tannen, das Braun der Zweige und das Rot der Beeren.<\/p>\n<p>Zu unseren Favoriten geh\u00f6ren sicherlich die, die ausschlie\u00dflich aus Tannenzapfen hergestellt werden.<\/p>\n<p>Nat\u00fcrliche oder farbige <strong>Kr\u00e4nze aus Tannenzapfen<\/strong> erinnern an die Natur, ohne banal zu sein, und sind in der Lage, die Monotonie der Weihnachtstische aufzubrechen, vor allem, wenn sie mit batteriebetriebenen <strong>LED-Minilichtern<\/strong> angereichert sind.<\/p>\n<div class=\"sp-styles-warning\" style=\"width: 450px; background-color: #FFF; color: #F00; border: 1px solid #F00; padding: 10px; font-size: 14px;\">\n\t\t\t<span style=\"font-weight: bold;\">Warning: The stylesheets were not loaded!<\/span> \n\t\t\tYou will need to change the <i>Load stylesheets<\/i> setting from <i>Automatically<\/i> to <i>On homepage<\/i> or <i>On all pages<\/i>. \n\t\t\tYou can set that <a style=\"text-decoration: underline; color: #F00;\" href=\"https:\/\/blog.holyart.it\/de\/wp-admin\/admin.php?page=sliderpro-settings\">here<\/a>.\n\t\t\t<\/div>\r\n<div id=\"slider-pro-83\" class=\"slider-pro sp-no-js\" style=\"width: 500px; height: 500px;\">\r\n\t<div class=\"sp-slides\">\r\n\t\t\r\n\t\t<div class=\"sp-slide\">\r\n\t\t\t<img loading=\"lazy\" decoding=\"async\" class=\"sp-image\" src=\"https:\/\/blog.holyart.it\/de\/wp-content\/uploads\/sites\/12\/2024\/10\/weihnachtskranz-mit-glitzer-und-goldenen-sternen-32-cm.jpg\" alt=\"weihnachtskranz mit glitzer und goldenen sternen 32 cm\" width=\"500\" height=\"500\" \/>\r\n\t\t\t<div class=\"sp-thumbnail\"><a class=\"\" href=\"https:\/\/www.holyart.de\/weihnachten\/advent\/weihnachtskranz-mit-glitzer-und-goldenen-sternen-32-cm\">\r\n\t\t\t\t<img decoding=\"async\" src=\"https:\/\/blog.holyart.it\/de\/wp-content\/uploads\/sites\/12\/2024\/10\/weihnachtskranz-mit-glitzer-und-goldenen-sternen-32-cm150x150.jpg\" alt=\"weihnachtskranz mit glitzer und goldenen sternen 32 cm\" \/>\r\n\t\t\t<\/a>\r\n\t\t\t<\/div>\r\n\t\t\t<div class=\"sp-caption\">Weihnachtskranz mit Glitzer und goldenen Sternen <\/br><strong><a href=\"https:\/\/www.holyart.de\/weihnachten\/advent\/weihnachtskranz-mit-glitzer-und-goldenen-sternen-32-cm\">Bei Holyart kaufen<\/a><\/strong><\/div>\r\n\t\t<\/div>\r\n\t\t<div class=\"sp-slide\">\r\n\t\t\t<img loading=\"lazy\" decoding=\"async\" class=\"sp-image\" src=\"https:\/\/blog.holyart.it\/de\/wp-content\/uploads\/sites\/12\/2024\/10\/turkranz-versilberten-zapfen-und-fruchten-25cm.jpg\" alt=\"turkranz versilberten zapfen und fruchten 25cm\" width=\"500\" height=\"500\" \/>\r\n\t\t\t<div class=\"sp-thumbnail\"><a class=\"\" href=\"https:\/\/www.holyart.de\/weihnachten\/advent\/turkranz-versilberten-zapfen-und-fruchten-25cm\">\r\n\t\t\t\t<img decoding=\"async\" src=\"https:\/\/blog.holyart.it\/de\/wp-content\/uploads\/sites\/12\/2024\/10\/turkranz-versilberten-zapfen-und-fruchten-25cm150x150.jpg\" alt=\"turkranz versilberten zapfen und fruchten 25cm\" \/>\r\n\t\t\t<\/a>\r\n\t\t\t<\/div>\r\n\t\t\t<div class=\"sp-caption\">T\u00fcrkranz versilberten Zapfen und Fr\u00fcchten <\/br><strong><a href=\"https:\/\/www.holyart.de\/weihnachten\/advent\/turkranz-versilberten-zapfen-und-fruchten-25cm\">Bei Holyart kaufen<\/a><\/strong><\/div>\r\n\t\t<\/div>\r\n\t\t<div class=\"sp-slide\">\r\n\t\t\t<img loading=\"lazy\" decoding=\"async\" class=\"sp-image\" src=\"https:\/\/blog.holyart.it\/de\/wp-content\/uploads\/sites\/12\/2024\/10\/turkranz-roten-zapfen-und-schneeflocken-30cm.jpg\" width=\"500\" height=\"500\" \/>\r\n\t\t\t<div class=\"sp-thumbnail\"><a class=\"\" href=\"https:\/\/www.holyart.de\/weihnachten\/advent\/turkranz-roten-zapfen-und-schneeflocken-30cm\">\r\n\t\t\t\t<img decoding=\"async\" src=\"https:\/\/blog.holyart.it\/de\/wp-content\/uploads\/sites\/12\/2024\/10\/turkranz-roten-zapfen-und-schneeflocken-30cm150x150.jpg\" alt=\"turkranz roten zapfen und schneeflocken 30cm\" \/>\r\n\t\t\t<\/a>\r\n\t\t\t<\/div>\r\n\t\t\t<div class=\"sp-caption\">T\u00fcrkranz roten Zapfen und Schneeflocken <\/br><strong><a href=\"https:\/\/www.holyart.de\/weihnachten\/advent\/turkranz-roten-zapfen-und-schneeflocken-30cm\">Bei Holyart kaufen<\/a><\/strong><\/div>\r\n\t\t<\/div>\r\n\t<\/div>\r\n<\/div>\n<p>Wer Farben liebt und einen Kranz bevorzugt, der sich von anderen abhebt, k\u00f6nnte einen Kranz kaufen, der aus vielen <strong>Weihnachtskugeln<\/strong> in verschiedenen Farben besteht.<\/p>\n<h2>DIY-Weihnachtskranz: Ideen und Vorschl\u00e4ge<\/h2>\n<p>Es gibt viele Elemente, die einem einfachen gr\u00fcnen Kranz neues Leben einhauchen und ihm einen ganz anderen Charakter verleihen k\u00f6nnen. Lassen Sie also B\u00e4ndern, Schleifen, Tannenzapfen und Glocken freien Lauf, um den gew\u00fcnschten Effekt zu erzielen.<\/p>\n<p>F\u00fcr diejenigen, die es einfach und romantisch m\u00f6gen, ist eine Kette aus warmen Lichtern, die um einen einfachen Kranz aus Tannennadeln gewickelt wird, die einfachste, schnellste und eindrucksvollste L\u00f6sung.<\/p>\n<p>Alternativ k\u00f6nnen Sie auch bunte B\u00e4nder oder Weihnachtskugeln daran befestigen. Mit ein wenig Schnur oder Hei\u00dfkleber k\u00f6nnen Sie Ihre Lieblingselemente anbringen und so einen immer neuen Effekt erzielen.<\/p>\n<div class=\"sp-styles-warning\" style=\"width: 450px; background-color: #FFF; color: #F00; border: 1px solid #F00; padding: 10px; font-size: 14px;\">\n\t\t\t<span style=\"font-weight: bold;\">Warning: The stylesheets were not loaded!<\/span> \n\t\t\tYou will need to change the <i>Load stylesheets<\/i> setting from <i>Automatically<\/i> to <i>On homepage<\/i> or <i>On all pages<\/i>. \n\t\t\tYou can set that <a style=\"text-decoration: underline; color: #F00;\" href=\"https:\/\/blog.holyart.it\/de\/wp-admin\/admin.php?page=sliderpro-settings\">here<\/a>.\n\t\t\t<\/div>\r\n<div id=\"slider-pro-85\" class=\"slider-pro sp-no-js\" style=\"width: 500px; height: 500px;\">\r\n\t<div class=\"sp-slides\">\r\n\t\t\r\n\t\t<div class=\"sp-slide\">\r\n\t\t\t<img loading=\"lazy\" decoding=\"async\" class=\"sp-image\" src=\"https:\/\/blog.holyart.it\/de\/wp-content\/uploads\/sites\/12\/2024\/10\/hangender-kranz-durchmesser-von-28-cm-krippe-von-12-cm-heilige-erde.jpg\" alt=\"hangender kranz durchmesser von 28 cm krippe von 12 cm heilige erde\" width=\"500\" height=\"500\" \/>\r\n\t\t\t<div class=\"sp-thumbnail\"><a class=\"\" href=\"https:\/\/www.holyart.de\/weihnachten\/krippen\/krippen-aus-resin-und-stoff\/hangender-kranz-durchmesser-von-28-cm-krippe-von-12-cm-heilige-erde\">\r\n\t\t\t\t<img decoding=\"async\" src=\"https:\/\/blog.holyart.it\/de\/wp-content\/uploads\/sites\/12\/2024\/10\/hangender-kranz-durchmesser-von-28-cm-krippe-von-12-cm-heilige-erde150x150.jpg\" alt=\"hangender kranz durchmesser von 28 cm krippe von 12 cm heilige erde\" \/>\r\n\t\t\t<\/a>\r\n\t\t\t<\/div>\r\n\t\t\t<div class=\"sp-caption\">H\u00e4ngender Kranz Durchmesser <\/br><strong><a href=\"https:\/\/www.holyart.de\/weihnachten\/krippen\/krippen-aus-resin-und-stoff\/hangender-kranz-durchmesser-von-28-cm-krippe-von-12-cm-heilige-erde\">Bei Holyart kaufen<\/a><\/strong><\/div>\r\n\t\t<\/div>\r\n\t\t<div class=\"sp-slide\">\r\n\t\t\t<img loading=\"lazy\" decoding=\"async\" class=\"sp-image\" src=\"https:\/\/blog.holyart.it\/de\/wp-content\/uploads\/sites\/12\/2024\/10\/stock-white-cloud-weisser-adventskranz-mit-100-led-leuchten-270-cm-lang.jpg\" alt=\"stock white cloud weisser adventskranz mit 100 led leuchten 270 cm lang\" width=\"500\" height=\"500\" \/>\r\n\t\t\t<div class=\"sp-thumbnail\"><a class=\"\" href=\"https:\/\/www.holyart.de\/weihnachten\/advent\/stock-white-cloud-weisser-adventskranz-mit-100-led-leuchten-270-cm-lang\">\r\n\t\t\t\t<img decoding=\"async\" src=\"https:\/\/blog.holyart.it\/de\/wp-content\/uploads\/sites\/12\/2024\/10\/stock-white-cloud-weisser-adventskranz-mit-100-led-leuchten-270-cm-lang150x150.jpg\" alt=\"stock white cloud weisser adventskranz mit 100 led leuchten 270 cm lang\" \/>\r\n\t\t\t<\/a>\r\n\t\t\t<\/div>\r\n\t\t\t<div class=\"sp-caption\">White Cloud wei\u00dfer Adventskranz mit 100 LED-Leuchten <\/br><strong><a href=\"https:\/\/www.holyart.de\/weihnachten\/advent\/stock-white-cloud-weisser-adventskranz-mit-100-led-leuchten-270-cm-lang\">Bei Holyart kaufen<\/a><\/strong><\/div>\r\n\t\t<\/div>\r\n\t\t<div class=\"sp-slide\">\r\n\t\t\t<img loading=\"lazy\" decoding=\"async\" class=\"sp-image\" src=\"https:\/\/blog.holyart.it\/de\/wp-content\/uploads\/sites\/12\/2024\/10\/weisse-weihnachtsgirlande-mit-silbernen-kugeln-und-glitzernden-tannenzapfen-34-cm.jpg\" alt=\"weisse weihnachtsgirlande mit silbernen kugeln und glitzernden tannenzapfen 34 cm\" width=\"500\" height=\"500\" \/>\r\n\t\t\t<div class=\"sp-thumbnail\"><a class=\"\" href=\"https:\/\/www.holyart.de\/weihnachten\/advent\/weisse-weihnachtsgirlande-mit-silbernen-kugeln-und-glitzernden-tannenzapfen-34-cm\">\r\n\t\t\t\t<img decoding=\"async\" src=\"https:\/\/blog.holyart.it\/de\/wp-content\/uploads\/sites\/12\/2024\/10\/weisse-weihnachtsgirlande-mit-silbernen-kugeln-und-glitzernden-tannenzapfen-34-cm150x150.jpg\" alt=\"weisse weihnachtsgirlande mit silbernen kugeln und glitzernden tannenzapfen 34 cm\" \/>\r\n\t\t\t<\/a>\r\n\t\t\t<\/div>\r\n\t\t\t<div class=\"sp-caption\">Wei\u00dfe Weihnachtsgirlande <\/br><strong><a href=\"https:\/\/www.holyart.de\/weihnachten\/advent\/weisse-weihnachtsgirlande-mit-silbernen-kugeln-und-glitzernden-tannenzapfen-34-cm\">Bei Holyart kaufen<\/a><\/strong><\/div>\r\n\t\t<\/div>\r\n\t<\/div>\r\n<\/div>\n<p>Wenn Sie hingegen experimentierfreudig sind und sich von den \u00fcblichen Mustern l\u00f6sen wollen, k\u00f6nnen Sie etwas w\u00e4hlen, das an die nicht allzu ferne Provence erinnert: Lavendelzweige, getrocknet oder k\u00fcnstlich, k\u00f6nnen Sie an einem einfachen runden Draht befestigen oder, f\u00fcr einen noch ungew\u00f6hnlicheren Effekt, verschiedene Stile mischen, indem Sie Ihrem Kranz aus Kiefernzweigen Zweige hinzuf\u00fcgen. Wirklich tr\u00e8s chic!<\/p>\n","protected":false},"excerpt":{"rendered":"<p>Die runden, farbenfrohen und sch\u00f6nen Weihnachtskr\u00e4nze sind eine perfekte Dekoration f\u00fcr drinnen und drau\u00dfen. Wie sind sie zu verwenden? Wo sind sie zu platzieren? Soll man sie personalisieren oder nicht? Das wollen wir gemeinsam herausfinden. Jedes Jahr von Oktober bis Januar f\u00fcllen sich die Stra\u00dfen&hellip;<\/p>\n","protected":false},"author":1,"featured_media":4943,"comment_status":"closed","ping_status":"open","sticky":false,"template":"","format":"standard","meta":{"_acf_changed":false,"footnotes":""},"categories":[12],"tags":[],"class_list":["post-4907","post","type-post","status-publish","format-standard","has-post-thumbnail","hentry","category-weihnachten"],"acf":[],"yoast_head":"<!-- This site is optimized with the Yoast SEO plugin v26.6 - https:\/\/yoast.com\/wordpress\/plugins\/seo\/ -->\n<title>Weihnachtskr\u00e4nze: die perfekte Dekoration f\u00fcr Ihr Weihnachten - Holyart.de Blog<\/title>\n<meta name=\"description\" content=\"Rund, bunt und wunderbar: Der Weihnachtskranz kann eine perfekte Dekoration f\u00fcr drinnen und drau\u00dfen sein. Wie wird er verwendet?\" \/>\n<meta name=\"robots\" content=\"index, follow, max-snippet:-1, max-image-preview:large, max-video-preview:-1\" \/>\n<link rel=\"canonical\" href=\"https:\/\/blog.holyart.it\/de\/weihnachten\/weihnachtskraenze-die-perfekte-dekoration-fuer-ihr-weihnachten\/\" \/>\n<meta property=\"og:locale\" content=\"de_DE\" \/>\n<meta property=\"og:type\" content=\"article\" \/>\n<meta property=\"og:title\" content=\"Weihnachtskr\u00e4nze: die perfekte Dekoration f\u00fcr Ihr Weihnachten - Holyart.de Blog\" \/>\n<meta property=\"og:description\" content=\"Rund, bunt und wunderbar: Der Weihnachtskranz kann eine perfekte Dekoration f\u00fcr drinnen und drau\u00dfen sein. Wie wird er verwendet?\" \/>\n<meta property=\"og:url\" content=\"https:\/\/blog.holyart.it\/de\/weihnachten\/weihnachtskraenze-die-perfekte-dekoration-fuer-ihr-weihnachten\/\" \/>\n<meta property=\"og:site_name\" content=\"Holyart.de Blog\" \/>\n<meta property=\"article:published_time\" content=\"2024-11-18T09:00:06+00:00\" \/>\n<meta property=\"article:modified_time\" content=\"2024-12-09T15:03:37+00:00\" \/>\n<meta property=\"og:image\" content=\"https:\/\/blog.holyart.it\/de\/wp-content\/uploads\/sites\/12\/2024\/10\/adventkranz.jpg\" \/>\n\t<meta property=\"og:image:width\" content=\"1000\" \/>\n\t<meta property=\"og:image:height\" content=\"666\" \/>\n\t<meta property=\"og:image:type\" content=\"image\/jpeg\" \/>\n<meta name=\"author\" content=\"Redazione\" \/>\n<meta name=\"twitter:card\" content=\"summary_large_image\" \/>\n<meta name=\"twitter:label1\" content=\"Verfasst von\" \/>\n\t<meta name=\"twitter:data1\" content=\"Redazione\" \/>\n\t<meta name=\"twitter:label2\" content=\"Gesch\u00e4tzte Lesezeit\" \/>\n\t<meta name=\"twitter:data2\" content=\"4\u00a0Minuten\" \/>\n<script type=\"application\/ld+json\" class=\"yoast-schema-graph\">{\"@context\":\"https:\/\/schema.org\",\"@graph\":[{\"@type\":\"Article\",\"@id\":\"https:\/\/blog.holyart.it\/de\/weihnachten\/weihnachtskraenze-die-perfekte-dekoration-fuer-ihr-weihnachten\/#article\",\"isPartOf\":{\"@id\":\"https:\/\/blog.holyart.it\/de\/weihnachten\/weihnachtskraenze-die-perfekte-dekoration-fuer-ihr-weihnachten\/\"},\"author\":{\"name\":\"Redazione\",\"@id\":\"https:\/\/blog.holyart.it\/de\/#\/schema\/person\/0a7b686e5af0f856ec1e390dd0baecda\"},\"headline\":\"Weihnachtskr\u00e4nze: die perfekte Dekoration f\u00fcr Ihr Weihnachten\",\"datePublished\":\"2024-11-18T09:00:06+00:00\",\"dateModified\":\"2024-12-09T15:03:37+00:00\",\"mainEntityOfPage\":{\"@id\":\"https:\/\/blog.holyart.it\/de\/weihnachten\/weihnachtskraenze-die-perfekte-dekoration-fuer-ihr-weihnachten\/\"},\"wordCount\":590,\"publisher\":{\"@id\":\"https:\/\/blog.holyart.it\/de\/#organization\"},\"image\":{\"@id\":\"https:\/\/blog.holyart.it\/de\/weihnachten\/weihnachtskraenze-die-perfekte-dekoration-fuer-ihr-weihnachten\/#primaryimage\"},\"thumbnailUrl\":\"https:\/\/blog.holyart.it\/de\/wp-content\/uploads\/sites\/12\/2024\/10\/adventkranz.jpg\",\"articleSection\":[\"Weihnachten\"],\"inLanguage\":\"de\"},{\"@type\":\"WebPage\",\"@id\":\"https:\/\/blog.holyart.it\/de\/weihnachten\/weihnachtskraenze-die-perfekte-dekoration-fuer-ihr-weihnachten\/\",\"url\":\"https:\/\/blog.holyart.it\/de\/weihnachten\/weihnachtskraenze-die-perfekte-dekoration-fuer-ihr-weihnachten\/\",\"name\":\"Weihnachtskr\u00e4nze: die perfekte Dekoration f\u00fcr Ihr Weihnachten - Holyart.de Blog\",\"isPartOf\":{\"@id\":\"https:\/\/blog.holyart.it\/de\/#website\"},\"primaryImageOfPage\":{\"@id\":\"https:\/\/blog.holyart.it\/de\/weihnachten\/weihnachtskraenze-die-perfekte-dekoration-fuer-ihr-weihnachten\/#primaryimage\"},\"image\":{\"@id\":\"https:\/\/blog.holyart.it\/de\/weihnachten\/weihnachtskraenze-die-perfekte-dekoration-fuer-ihr-weihnachten\/#primaryimage\"},\"thumbnailUrl\":\"https:\/\/blog.holyart.it\/de\/wp-content\/uploads\/sites\/12\/2024\/10\/adventkranz.jpg\",\"datePublished\":\"2024-11-18T09:00:06+00:00\",\"dateModified\":\"2024-12-09T15:03:37+00:00\",\"description\":\"Rund, bunt und wunderbar: Der Weihnachtskranz kann eine perfekte Dekoration f\u00fcr drinnen und drau\u00dfen sein. Wie wird er verwendet?\",\"breadcrumb\":{\"@id\":\"https:\/\/blog.holyart.it\/de\/weihnachten\/weihnachtskraenze-die-perfekte-dekoration-fuer-ihr-weihnachten\/#breadcrumb\"},\"inLanguage\":\"de\",\"potentialAction\":[{\"@type\":\"ReadAction\",\"target\":[\"https:\/\/blog.holyart.it\/de\/weihnachten\/weihnachtskraenze-die-perfekte-dekoration-fuer-ihr-weihnachten\/\"]}]},{\"@type\":\"ImageObject\",\"inLanguage\":\"de\",\"@id\":\"https:\/\/blog.holyart.it\/de\/weihnachten\/weihnachtskraenze-die-perfekte-dekoration-fuer-ihr-weihnachten\/#primaryimage\",\"url\":\"https:\/\/blog.holyart.it\/de\/wp-content\/uploads\/sites\/12\/2024\/10\/adventkranz.jpg\",\"contentUrl\":\"https:\/\/blog.holyart.it\/de\/wp-content\/uploads\/sites\/12\/2024\/10\/adventkranz.jpg\",\"width\":1000,\"height\":666,\"caption\":\"adventkranz\"},{\"@type\":\"BreadcrumbList\",\"@id\":\"https:\/\/blog.holyart.it\/de\/weihnachten\/weihnachtskraenze-die-perfekte-dekoration-fuer-ihr-weihnachten\/#breadcrumb\",\"itemListElement\":[{\"@type\":\"ListItem\",\"position\":1,\"name\":\"Homepage\",\"item\":\"https:\/\/blog.holyart.it\/de\/\"},{\"@type\":\"ListItem\",\"position\":2,\"name\":\"Weihnachten\",\"item\":\"https:\/\/blog.holyart.it\/de\/weihnachten\/\"},{\"@type\":\"ListItem\",\"position\":3,\"name\":\"Weihnachtskr\u00e4nze: die perfekte Dekoration f\u00fcr Ihr Weihnachten\"}]},{\"@type\":\"WebSite\",\"@id\":\"https:\/\/blog.holyart.it\/de\/#website\",\"url\":\"https:\/\/blog.holyart.it\/de\/\",\"name\":\"Holyart.de Blog\",\"description\":\"Holyblog\",\"publisher\":{\"@id\":\"https:\/\/blog.holyart.it\/de\/#organization\"},\"potentialAction\":[{\"@type\":\"SearchAction\",\"target\":{\"@type\":\"EntryPoint\",\"urlTemplate\":\"https:\/\/blog.holyart.it\/de\/?s={search_term_string}\"},\"query-input\":{\"@type\":\"PropertyValueSpecification\",\"valueRequired\":true,\"valueName\":\"search_term_string\"}}],\"inLanguage\":\"de\"},{\"@type\":\"Organization\",\"@id\":\"https:\/\/blog.holyart.it\/de\/#organization\",\"name\":\"Holyart.de Blog\",\"url\":\"https:\/\/blog.holyart.it\/de\/\",\"logo\":{\"@type\":\"ImageObject\",\"inLanguage\":\"de\",\"@id\":\"https:\/\/blog.holyart.it\/de\/#\/schema\/logo\/image\/\",\"url\":\"https:\/\/blog.holyart.it\/de\/wp-content\/uploads\/sites\/12\/2022\/12\/Holyart_Blog_Logo.jpg\",\"contentUrl\":\"https:\/\/blog.holyart.it\/de\/wp-content\/uploads\/sites\/12\/2022\/12\/Holyart_Blog_Logo.jpg\",\"width\":300,\"height\":50,\"caption\":\"Holyart.de Blog\"},\"image\":{\"@id\":\"https:\/\/blog.holyart.it\/de\/#\/schema\/logo\/image\/\"}},{\"@type\":\"Person\",\"@id\":\"https:\/\/blog.holyart.it\/de\/#\/schema\/person\/0a7b686e5af0f856ec1e390dd0baecda\",\"name\":\"Redazione\",\"image\":{\"@type\":\"ImageObject\",\"inLanguage\":\"de\",\"@id\":\"https:\/\/blog.holyart.it\/de\/#\/schema\/person\/image\/\",\"url\":\"https:\/\/secure.gravatar.com\/avatar\/f477da817f43e50d0af36abecd33e3edf826c68299714bdc1057dff3b113f516?s=96&d=mm&r=g\",\"contentUrl\":\"https:\/\/secure.gravatar.com\/avatar\/f477da817f43e50d0af36abecd33e3edf826c68299714bdc1057dff3b113f516?s=96&d=mm&r=g\",\"caption\":\"Redazione\"}}]}<\/script>\n<!-- \/ Yoast SEO plugin. -->","yoast_head_json":{"title":"Weihnachtskr\u00e4nze: die perfekte Dekoration f\u00fcr Ihr Weihnachten - Holyart.de Blog","description":"Rund, bunt und wunderbar: Der Weihnachtskranz kann eine perfekte Dekoration f\u00fcr drinnen und drau\u00dfen sein. Wie wird er verwendet?","robots":{"index":"index","follow":"follow","max-snippet":"max-snippet:-1","max-image-preview":"max-image-preview:large","max-video-preview":"max-video-preview:-1"},"canonical":"https:\/\/blog.holyart.it\/de\/weihnachten\/weihnachtskraenze-die-perfekte-dekoration-fuer-ihr-weihnachten\/","og_locale":"de_DE","og_type":"article","og_title":"Weihnachtskr\u00e4nze: die perfekte Dekoration f\u00fcr Ihr Weihnachten - Holyart.de Blog","og_description":"Rund, bunt und wunderbar: Der Weihnachtskranz kann eine perfekte Dekoration f\u00fcr drinnen und drau\u00dfen sein. Wie wird er verwendet?","og_url":"https:\/\/blog.holyart.it\/de\/weihnachten\/weihnachtskraenze-die-perfekte-dekoration-fuer-ihr-weihnachten\/","og_site_name":"Holyart.de Blog","article_published_time":"2024-11-18T09:00:06+00:00","article_modified_time":"2024-12-09T15:03:37+00:00","og_image":[{"width":1000,"height":666,"url":"https:\/\/blog.holyart.it\/de\/wp-content\/uploads\/sites\/12\/2024\/10\/adventkranz.jpg","type":"image\/jpeg"}],"author":"Redazione","twitter_card":"summary_large_image","twitter_misc":{"Verfasst von":"Redazione","Gesch\u00e4tzte Lesezeit":"4\u00a0Minuten"},"schema":{"@context":"https:\/\/schema.org","@graph":[{"@type":"Article","@id":"https:\/\/blog.holyart.it\/de\/weihnachten\/weihnachtskraenze-die-perfekte-dekoration-fuer-ihr-weihnachten\/#article","isPartOf":{"@id":"https:\/\/blog.holyart.it\/de\/weihnachten\/weihnachtskraenze-die-perfekte-dekoration-fuer-ihr-weihnachten\/"},"author":{"name":"Redazione","@id":"https:\/\/blog.holyart.it\/de\/#\/schema\/person\/0a7b686e5af0f856ec1e390dd0baecda"},"headline":"Weihnachtskr\u00e4nze: die perfekte Dekoration f\u00fcr Ihr Weihnachten","datePublished":"2024-11-18T09:00:06+00:00","dateModified":"2024-12-09T15:03:37+00:00","mainEntityOfPage":{"@id":"https:\/\/blog.holyart.it\/de\/weihnachten\/weihnachtskraenze-die-perfekte-dekoration-fuer-ihr-weihnachten\/"},"wordCount":590,"publisher":{"@id":"https:\/\/blog.holyart.it\/de\/#organization"},"image":{"@id":"https:\/\/blog.holyart.it\/de\/weihnachten\/weihnachtskraenze-die-perfekte-dekoration-fuer-ihr-weihnachten\/#primaryimage"},"thumbnailUrl":"https:\/\/blog.holyart.it\/de\/wp-content\/uploads\/sites\/12\/2024\/10\/adventkranz.jpg","articleSection":["Weihnachten"],"inLanguage":"de"},{"@type":"WebPage","@id":"https:\/\/blog.holyart.it\/de\/weihnachten\/weihnachtskraenze-die-perfekte-dekoration-fuer-ihr-weihnachten\/","url":"https:\/\/blog.holyart.it\/de\/weihnachten\/weihnachtskraenze-die-perfekte-dekoration-fuer-ihr-weihnachten\/","name":"Weihnachtskr\u00e4nze: die perfekte Dekoration f\u00fcr Ihr Weihnachten - Holyart.de Blog","isPartOf":{"@id":"https:\/\/blog.holyart.it\/de\/#website"},"primaryImageOfPage":{"@id":"https:\/\/blog.holyart.it\/de\/weihnachten\/weihnachtskraenze-die-perfekte-dekoration-fuer-ihr-weihnachten\/#primaryimage"},"image":{"@id":"https:\/\/blog.holyart.it\/de\/weihnachten\/weihnachtskraenze-die-perfekte-dekoration-fuer-ihr-weihnachten\/#primaryimage"},"thumbnailUrl":"https:\/\/blog.holyart.it\/de\/wp-content\/uploads\/sites\/12\/2024\/10\/adventkranz.jpg","datePublished":"2024-11-18T09:00:06+00:00","dateModified":"2024-12-09T15:03:37+00:00","description":"Rund, bunt und wunderbar: Der Weihnachtskranz kann eine perfekte Dekoration f\u00fcr drinnen und drau\u00dfen sein. Wie wird er verwendet?","breadcrumb":{"@id":"https:\/\/blog.holyart.it\/de\/weihnachten\/weihnachtskraenze-die-perfekte-dekoration-fuer-ihr-weihnachten\/#breadcrumb"},"inLanguage":"de","potentialAction":[{"@type":"ReadAction","target":["https:\/\/blog.holyart.it\/de\/weihnachten\/weihnachtskraenze-die-perfekte-dekoration-fuer-ihr-weihnachten\/"]}]},{"@type":"ImageObject","inLanguage":"de","@id":"https:\/\/blog.holyart.it\/de\/weihnachten\/weihnachtskraenze-die-perfekte-dekoration-fuer-ihr-weihnachten\/#primaryimage","url":"https:\/\/blog.holyart.it\/de\/wp-content\/uploads\/sites\/12\/2024\/10\/adventkranz.jpg","contentUrl":"https:\/\/blog.holyart.it\/de\/wp-content\/uploads\/sites\/12\/2024\/10\/adventkranz.jpg","width":1000,"height":666,"caption":"adventkranz"},{"@type":"BreadcrumbList","@id":"https:\/\/blog.holyart.it\/de\/weihnachten\/weihnachtskraenze-die-perfekte-dekoration-fuer-ihr-weihnachten\/#breadcrumb","itemListElement":[{"@type":"ListItem","position":1,"name":"Homepage","item":"https:\/\/blog.holyart.it\/de\/"},{"@type":"ListItem","position":2,"name":"Weihnachten","item":"https:\/\/blog.holyart.it\/de\/weihnachten\/"},{"@type":"ListItem","position":3,"name":"Weihnachtskr\u00e4nze: die perfekte Dekoration f\u00fcr Ihr Weihnachten"}]},{"@type":"WebSite","@id":"https:\/\/blog.holyart.it\/de\/#website","url":"https:\/\/blog.holyart.it\/de\/","name":"Holyart.de Blog","description":"Holyblog","publisher":{"@id":"https:\/\/blog.holyart.it\/de\/#organization"},"potentialAction":[{"@type":"SearchAction","target":{"@type":"EntryPoint","urlTemplate":"https:\/\/blog.holyart.it\/de\/?s={search_term_string}"},"query-input":{"@type":"PropertyValueSpecification","valueRequired":true,"valueName":"search_term_string"}}],"inLanguage":"de"},{"@type":"Organization","@id":"https:\/\/blog.holyart.it\/de\/#organization","name":"Holyart.de Blog","url":"https:\/\/blog.holyart.it\/de\/","logo":{"@type":"ImageObject","inLanguage":"de","@id":"https:\/\/blog.holyart.it\/de\/#\/schema\/logo\/image\/","url":"https:\/\/blog.holyart.it\/de\/wp-content\/uploads\/sites\/12\/2022\/12\/Holyart_Blog_Logo.jpg","contentUrl":"https:\/\/blog.holyart.it\/de\/wp-content\/uploads\/sites\/12\/2022\/12\/Holyart_Blog_Logo.jpg","width":300,"height":50,"caption":"Holyart.de Blog"},"image":{"@id":"https:\/\/blog.holyart.it\/de\/#\/schema\/logo\/image\/"}},{"@type":"Person","@id":"https:\/\/blog.holyart.it\/de\/#\/schema\/person\/0a7b686e5af0f856ec1e390dd0baecda","name":"Redazione","image":{"@type":"ImageObject","inLanguage":"de","@id":"https:\/\/blog.holyart.it\/de\/#\/schema\/person\/image\/","url":"https:\/\/secure.gravatar.com\/avatar\/f477da817f43e50d0af36abecd33e3edf826c68299714bdc1057dff3b113f516?s=96&d=mm&r=g","contentUrl":"https:\/\/secure.gravatar.com\/avatar\/f477da817f43e50d0af36abecd33e3edf826c68299714bdc1057dff3b113f516?s=96&d=mm&r=g","caption":"Redazione"}}]}},"_links":{"self":[{"href":"https:\/\/blog.holyart.it\/de\/wp-json\/wp\/v2\/posts\/4907","targetHints":{"allow":["GET"]}}],"collection":[{"href":"https:\/\/blog.holyart.it\/de\/wp-json\/wp\/v2\/posts"}],"about":[{"href":"https:\/\/blog.holyart.it\/de\/wp-json\/wp\/v2\/types\/post"}],"author":[{"embeddable":true,"href":"https:\/\/blog.holyart.it\/de\/wp-json\/wp\/v2\/users\/1"}],"replies":[{"embeddable":true,"href":"https:\/\/blog.holyart.it\/de\/wp-json\/wp\/v2\/comments?post=4907"}],"version-history":[{"count":5,"href":"https:\/\/blog.holyart.it\/de\/wp-json\/wp\/v2\/posts\/4907\/revisions"}],"predecessor-version":[{"id":4941,"href":"https:\/\/blog.holyart.it\/de\/wp-json\/wp\/v2\/posts\/4907\/revisions\/4941"}],"wp:featuredmedia":[{"embeddable":true,"href":"https:\/\/blog.holyart.it\/de\/wp-json\/wp\/v2\/media\/4943"}],"wp:attachment":[{"href":"https:\/\/blog.holyart.it\/de\/wp-json\/wp\/v2\/media?parent=4907"}],"wp:term":[{"taxonomy":"category","embeddable":true,"href":"https:\/\/blog.holyart.it\/de\/wp-json\/wp\/v2\/categories?post=4907"},{"taxonomy":"post_tag","embeddable":true,"href":"https:\/\/blog.holyart.it\/de\/wp-json\/wp\/v2\/tags?post=4907"}],"curies":[{"name":"wp","href":"https:\/\/api.w.org\/{rel}","templated":true}]}}