{"id":4806,"date":"2024-10-30T10:00:46","date_gmt":"2024-10-30T09:00:46","guid":{"rendered":"https:\/\/blog.holyart.it\/de\/?p=4806"},"modified":"2025-10-28T14:43:52","modified_gmt":"2025-10-28T13:43:52","slug":"feuerbestattung-und-die-katholische-religion-ist-sie-erlaubt","status":"publish","type":"post","link":"https:\/\/blog.holyart.it\/de\/devotionalien\/feuerbestattung-und-die-katholische-religion-ist-sie-erlaubt\/","title":{"rendered":"Feuerbestattung und die katholische Religion: Ist sie erlaubt?"},"content":{"rendered":"<h4>Die Beziehung zwischen Feuerbestattung und katholischer Religion war lange Zeit Gegenstand von Missverst\u00e4ndnissen und Fehlinterpretationen. Hier erfahren Sie, was Sie tun k\u00f6nnen und was nicht, wenn Sie sich f\u00fcr die Verbrennung des Leichnams eines lieben Verstorbenen entscheiden<\/h4>\n\n<p>Heute sprechen wir \u00fcber die Beziehung zwischen <strong>Feuerbestattung und katholischer Religion<\/strong>. Da der Tag des <strong>Gedenkens an die Toten<\/strong> n\u00e4her r\u00fcckt, ist es f\u00fcr Christen von vorrangiger Bedeutung, \u00fcber viele Aspekte des katholischen Glaubens und der katholischen Spiritualit\u00e4t nachzudenken. Die <strong>Beziehung zwischen der Feuerbestattung und der Kirche<\/strong> ist einer dieser Aspekte, der vielen nicht ganz klar ist. In dieser Zeit, die der Besinnung und der Meditation sowie dem Gebet f\u00fcr die Seelen derer gewidmet ist, die nicht mehr unter uns weilen, und zwar nicht in der Form, die wir gewohnt sind, ist es normal, sich mit tiefgreifenden Realit\u00e4ten, Praktiken und Symbolen zu befassen, die zu unserem Alltag geh\u00f6ren, und zwar so sehr, dass wir uns oft nicht mehr fragen, woher sie kommen und warum sie so wichtig f\u00fcr uns sind.<\/p>\n<h2>Die Bedeutung des Kreuzes vor dem Christentum<\/h2>\n<p>Eines der offensichtlichsten Beispiele ist das <a href=\"https:\/\/www.holyart.de\/devotionalien\/kruzifixe-und-kreuze\/kruzifixe-und-kreuze-aus-holz\/rechten-kruzifix-mod.-corpus-grodnertal-wachsholz\"><strong>Kreuz<\/strong><\/a>, ein christliches Symbol <em>par excellence<\/em>, das jedoch viel \u00e4lter ist als der Ursprung des Christentums, das sicherlich nicht die erste Religion war, die es verwendete. Es wurde bereits in der Steinzeit verwendet, nat\u00fcrlich mit einer ganz anderen Wertigkeit, und viele vorchristliche Religionen gaben ihm feierliche Bedeutungen, Jahrhunderte bevor es mit dem Tod von Jesus in Verbindung gebracht wurde. Auch die einfache Reproduzierbarkeit des Symbols l\u00e4sst darauf schlie\u00dfen, dass es <strong><a href=\"https:\/\/www.holyart.de\/blog\/liturgische-gerate\/vortragekreuze\/\">eines der \u00e4ltesten Symbole der Menschheit<\/a><\/strong> ist.<\/p>\n<div class=\"link-product\">\n<div class=\"blocco-immagine\"><img loading=\"lazy\" decoding=\"async\" class=\"size-full wp-image-4808 alignleft\" src=\"https:\/\/blog.holyart.it\/de\/wp-content\/uploads\/sites\/12\/2024\/10\/Kruzifix.jpg\" alt=\"Kruzifix\" width=\"100\" height=\"100\" data-kale-share-title=\"Feuerbestattung und die katholische Religion: Ist sie erlaubt?\" data-kale-share-url=\"https:\/\/blog.holyart.it\/de\/?p=4806\" \/><\/div>\n<div class=\"blocco-contenuto\">\n<div class=\"blocco-acquista\">Einkaufen:<\/div>\n<div class=\"blocco-titolo\"><a href=\"https:\/\/www.holyart.de\/devotionalien\/kruzifixe-und-kreuze\/kruzifixe-und-kreuze-aus-holz\/rechten-kruzifix-mod.-corpus-grodnertal-wachsholz\">Rechten Kruzifix Mod. Corpus Gr\u00f6dnertal Wachsholz <\/a><\/div>\n<div class=\"blocco-descrizione\">Der Kruzifix ist aus Gr\u00f6dnertal Ahornholz realisiert und ist mit realisiert in Italien.<\/div>\n<\/div>\n<\/div>\n<p>In der <strong>Mythologie der Wikinger<\/strong> wurde Odin durch ein von einem Kreis umschlossenes Kreuz symbolisiert, das noch heute als <strong>keltisches Kreuz<\/strong> bekannt ist, w\u00e4hrend f\u00fcr die <strong>\u00c4gypter<\/strong> ein Kreuz mit einem Kreis an der Spitze, das <em>Ankh<\/em>, ein Symbol des Lebens und der Fruchtbarkeit war. Aber auch in Syrien, Griechenland, Indien, Afrika und Mexiko wurde das vorchristliche Kreuz als religi\u00f6ses Symbol und Ornament verwendet. W\u00e4hrend das Kreuz heute von den katholischen Christen als <strong><a href=\"https:\/\/www.holyart.de\/blog\/devotionalien\/warum-ist-jesus-am-kreuz-ein-so-wichtiges-symbol-fuer-die-katholiken\/\">Symbol der Liebe Gottes<\/a><\/strong> betrachtet wird, da es an den Tod Jesu erinnert, der sich f\u00fcr uns alle geopfert hat, wurde es in der Antike von den Christen selbst nicht gesch\u00e4tzt, da es als Symbol der Schuld angesehen wurde, das nur mit der Vorstellung von Folter verbunden war. Erst nach und nach wurde es mit der Bedeutung verwendet, die wir ihm heute beimessen.<\/p>\n<div class=\"link-article\">\n<p><img loading=\"lazy\" decoding=\"async\" class=\"size-full wp-image-4809 alignleft\" src=\"https:\/\/blog.holyart.it\/de\/wp-content\/uploads\/sites\/12\/2024\/10\/jesus-am-kreuz.jpg\" alt=\"jesus am kreuz\" width=\"150\" height=\"99\" data-kale-share-title=\"Feuerbestattung und die katholische Religion: Ist sie erlaubt?\" data-kale-share-url=\"https:\/\/blog.holyart.it\/de\/?p=4806\" \/><\/p>\n<div class=\"leggi-anche\">Lesen Sie auch:<\/div>\n<p><strong><a href=\"https:\/\/www.holyart.de\/blog\/devotionalien\/warum-ist-jesus-am-kreuz-ein-so-wichtiges-symbol-fuer-die-katholiken\/\">Warum ist Jesus am Kreuz ein so wichtiges Symbol f\u00fcr die Katholiken?<\/a><\/strong><br \/>\nF\u00fcr jeden Christen ist die Gestalt Jesu am Kreuz das Symbol&#8230;<\/p>\n<\/div>\n<h2>Feuerbestattung und Katholizismus<\/h2>\n<p>Wie steht die Kirche zur <strong>Feuerbestattung<\/strong>, d. h. zur Ein\u00e4scherung des K\u00f6rpers des Verstorbenen? Nun, <strong>die Ein\u00e4scherung ist in der katholischen Kirche erlaubt<\/strong>. Das muss klargestellt werden, denn in der Vergangenheit gab es Zeiten der offenen Verurteilung. Tats\u00e4chlich wurde nie die Praxis der Ein\u00e4scherung selbst verurteilt. Auch wenn <a href=\"https:\/\/www.holyart.de\/blog\/devotionalien\/der-ablauf-einer-katholischen-trauerfeier\/\"><strong>die Bestattung im Westen<\/strong><\/a> seit jeher bevorzugt wird, gab es in vielen Epochen der Menschheitsgeschichte keine andere M\u00f6glichkeit als die Verbrennung von Leichen, vor allem im Falle kritischer <strong>hygienischer<\/strong> <strong>Situationen<\/strong> wie Epidemien oder Kriegen. Diese M\u00f6glichkeit stellte das <strong>Recht der Seelen auf Unsterblichkeit<\/strong> in keiner Weise in Frage.<\/p>\n<div class=\"link-article\">\n<p><img loading=\"lazy\" decoding=\"async\" class=\"size-full wp-image-4810 alignleft\" src=\"https:\/\/blog.holyart.it\/de\/wp-content\/uploads\/sites\/12\/2024\/10\/devotionaliender-ablauf-einer-katholischen-trauerfeier.jpg\" alt=\"devotionaliender ablauf einer katholischen trauerfeier\" width=\"150\" height=\"99\" data-kale-share-title=\"Feuerbestattung und die katholische Religion: Ist sie erlaubt?\" data-kale-share-url=\"https:\/\/blog.holyart.it\/de\/?p=4806\" \/><\/p>\n<div class=\"leggi-anche\">Lesen Sie auch:<\/div>\n<p><strong><a href=\"https:\/\/www.holyart.de\/blog\/devotionalien\/der-ablauf-einer-katholischen-trauerfeier\/\">Der Ablauf einer katholischen Trauerfeier<\/a><\/strong><br \/>\nF\u00fcr einen Katholiken bedeutet der Tod eine Begegnung mit Jesus im ewigen Leben. So l\u00e4uft eine katholische Trauerfeier ab&#8230;<\/p>\n<\/div>\n<p>Allerdings war die Feuerbestattung in vielen F\u00e4llen eine Praxis, die mit dem Heidentum und denjenigen, die ein Leben nach dem Tod und die Auferstehung leugneten, verbunden war. Im Zeitalter der <strong>Aufkl\u00e4rung<\/strong> machte der vorherrschende Atheismus die Feuerbestattung zu einem seiner Bollwerke, zu einem Mittel, um die Gl\u00e4ubigen und die Religion zu verh\u00f6hnen, und aus diesem Grund <strong>musste die Kirche die Praxis der Feuerbestattung eine Zeit lang verurteilen<\/strong>, weil sie f\u00fcr die Feinde des Christentums zum Symbol geworden war. Erst <strong>1963<\/strong> wurde sie vom Papst mit dem Dokument <em>Piam et Constantem <\/em>wiedereingef\u00fchrt und akzeptiert, und gilt seitdem als eine ebenso respektvolle Form der Totenf\u00fcrsorge wie die Bestattung. Wenn am Ende der Zeiten alle Gl\u00e4ubigen auferstehen werden, wird es keinen Unterschied machen, ob von ihnen Staub oder vielmehr Asche \u00fcbrigbleibt, solange sie im Licht und in der Liebe Gottes entschlafen sind.<\/p>\n<h2>Die Asche des Verstorbenen aufbewahren<\/h2>\n<p>Was kann man mit der Asche nach der Feuerbestattung tun? Wir haben gesehen, dass die Kirche die Ein\u00e4scherung zul\u00e4sst, aber in Bezug auf die Ein\u00e4scherung und die Verstreuung der Asche wird eine andere Haltung eingenommen. Die <strong>Kongregation f\u00fcr die Glaubenslehre<\/strong> akzeptiert die Feuerbestattung, <strong>verbietet aber das Verstreuen der Asche des Verstorbenen<\/strong> in der Luft, im Wasser oder in der Erde sowie die <strong>Aufbewahrung der Leichenasche in der Wohnung<\/strong>. Die Instruktion <em>Ad resurgendum cum Christo<\/em>, die 2016 von Papst Franziskus ver\u00f6ffentlicht wurde und die fr\u00fchere <em>Piam et Constantem<\/em> aktualisierte, best\u00e4tigt, dass \u201e<em>die Feuerbestattung nicht verboten ist, es sei denn, sie wird aus Gr\u00fcnden gew\u00e4hlt, die der christlichen Lehre widersprechen\u201c, allerdings unter der Voraussetzung, dass \u201edie Asche des Verstorbenen an einem geweihten Ort aufbewahrt wird, d. h. auf einem Friedhof oder in einer Kirche oder in einem von der zust\u00e4ndigen kirchlichen Autorit\u00e4t eigens f\u00fcr diesen Zweck bestimmten Bereich.\u201c Au\u00dferdem wird die Bestattung immer als die bevorzugte Praxis angesehen, es sei denn, \u201eGr\u00fcnde hygienischer, wirtschaftlicher oder sozialer Art sprechen f\u00fcr eine Ein\u00e4scherung<\/em>\u201c.<\/p>\n<p>W\u00e4hrend die <strong>Zivilgesetze<\/strong> es also erlauben, die Asche verstorbener Angeh\u00f6riger nach der Ein\u00e4scherung zu Hause aufzubewahren oder in Gedenkobjekten (Schmuck, Skulpturen) aufzubewahren oder sogar gem\u00e4\u00df den von der Gemeinde festgelegten hygienischen und sanit\u00e4ren Vorschriften zu verstreuen, stellt f\u00fcr die Kirche die Aufbewahrung der Asche, die \u00fcber die auferlegten Vorschriften hinausgeht, eine legitime <strong>Ablehnung der Bestattung<\/strong> dar.<\/p>\n<p>In unserem Gesch\u00e4ft finden Sie <a href=\"https:\/\/www.holyart.de\/devotionalien\/grabartikel\"><strong>Bestattungsartikel<\/strong> <strong>aller Art<\/strong><\/a>, von italienischen Handwerkern handgefertigte <a href=\"https:\/\/www.holyart.de\/devotionalien\/grabartikel\"><strong>Urnen <\/strong><\/a>und Becher, Plaketten und Applikationen f\u00fcr Friedhofsgrabsteine, Blumenvasen und eine gro\u00dfe Auswahl an Votivkerzen, Kerzenhaltern, Wachs- oder elektrischen Lampen, um die Ruhest\u00e4tte Ihrer Lieben zu beleuchten.<\/p>\n<div class=\"link-product\">\n<div class=\"blocco-immagine\"><img loading=\"lazy\" decoding=\"async\" class=\"size-full wp-image-4811 alignleft\" src=\"https:\/\/blog.holyart.it\/de\/wp-content\/uploads\/sites\/12\/2024\/10\/Grabartikel-1.jpg\" alt=\"Grabartikel\" width=\"100\" height=\"100\" data-kale-share-title=\"Feuerbestattung und die katholische Religion: Ist sie erlaubt?\" data-kale-share-url=\"https:\/\/blog.holyart.it\/de\/?p=4806\" \/><\/div>\n<div class=\"blocco-contenuto\">\n<div class=\"blocco-acquista\">Einkaufen:<\/div>\n<div class=\"blocco-titolo\"><a href=\"https:\/\/www.holyart.de\/devotionalien\/grabartikel\">Grabartikel<\/a><\/div>\n<div class=\"blocco-descrizione\">Ascheurnen, hergestellt in Handarbeit von italienischen Kunsthandwerkern.<\/div>\n<\/div>\n<\/div>\n<h2>Beerdigung oder Feuerbestattung: Was sagt die Bibel?<\/h2>\n<p>Wir haben also den Standpunkt der katholischen Kirche zur Feuerbestattung gesehen. Aber was sagt die Bibel dazu? Was die <a href=\"https:\/\/www.holyart.de\/devotionalien\/italienische-christliche-bucher\/bibeln-in-italienischer-sprache\"><strong>Bibel<\/strong> <\/a>betrifft, so <strong>verurteilt das Alte Testament die Feuerbestattung nicht<\/strong> und gibt auch keinen Hinweis auf die Bef\u00fcrwortung oder Ablehnung dieser Praxis. Die Juden bestatteten ihre Toten in Gr\u00e4bern und H\u00f6hlen, aber die Bibel erw\u00e4hnt niemals die Bestattung als einzig zul\u00e4ssige Art, mit einem Leichnam umzugehen.<\/p>\n","protected":false},"excerpt":{"rendered":"<p>Die Beziehung zwischen Feuerbestattung und katholischer Religion war lange Zeit Gegenstand von Missverst\u00e4ndnissen und Fehlinterpretationen. Hier erfahren Sie, was Sie tun k\u00f6nnen und was nicht, wenn Sie sich f\u00fcr die Verbrennung des Leichnams eines lieben Verstorbenen entscheiden Heute sprechen wir \u00fcber die Beziehung zwischen Feuerbestattung&hellip;<\/p>\n","protected":false},"author":1,"featured_media":4813,"comment_status":"closed","ping_status":"open","sticky":false,"template":"","format":"standard","meta":{"_acf_changed":false,"footnotes":""},"categories":[10],"tags":[],"class_list":["post-4806","post","type-post","status-publish","format-standard","has-post-thumbnail","hentry","category-devotionalien"],"acf":[],"yoast_head":"<!-- This site is optimized with the Yoast SEO plugin v26.6 - https:\/\/yoast.com\/wordpress\/plugins\/seo\/ -->\n<title>Feuerbestattung und die katholische Religion: Ist sie erlaubt? - Holyart.de Blog<\/title>\n<meta name=\"description\" content=\"Wie sich die Beziehung zwischen Feuerbestattung und katholischer. Sondern genaue Regeln f\u00fcr die Aufbewahrung der Asche.\" \/>\n<meta name=\"robots\" content=\"index, follow, max-snippet:-1, max-image-preview:large, max-video-preview:-1\" \/>\n<link rel=\"canonical\" href=\"https:\/\/blog.holyart.it\/de\/devotionalien\/feuerbestattung-und-die-katholische-religion-ist-sie-erlaubt\/\" \/>\n<meta property=\"og:locale\" content=\"de_DE\" \/>\n<meta property=\"og:type\" content=\"article\" \/>\n<meta property=\"og:title\" content=\"Feuerbestattung und die katholische Religion: Ist sie erlaubt? - Holyart.de Blog\" \/>\n<meta property=\"og:description\" content=\"Wie sich die Beziehung zwischen Feuerbestattung und katholischer. Sondern genaue Regeln f\u00fcr die Aufbewahrung der Asche.\" \/>\n<meta property=\"og:url\" content=\"https:\/\/blog.holyart.it\/de\/devotionalien\/feuerbestattung-und-die-katholische-religion-ist-sie-erlaubt\/\" \/>\n<meta property=\"og:site_name\" content=\"Holyart.de Blog\" \/>\n<meta property=\"article:published_time\" content=\"2024-10-30T09:00:46+00:00\" \/>\n<meta property=\"article:modified_time\" content=\"2025-10-28T13:43:52+00:00\" \/>\n<meta property=\"og:image\" content=\"https:\/\/blog.holyart.it\/de\/wp-content\/uploads\/sites\/12\/2024\/10\/Feuerbestattung-und-die-katholische-Religion.jpeg\" \/>\n\t<meta property=\"og:image:width\" content=\"1000\" \/>\n\t<meta property=\"og:image:height\" content=\"666\" \/>\n\t<meta property=\"og:image:type\" content=\"image\/jpeg\" \/>\n<meta name=\"author\" content=\"Redazione\" \/>\n<meta name=\"twitter:card\" content=\"summary_large_image\" \/>\n<meta name=\"twitter:label1\" content=\"Verfasst von\" \/>\n\t<meta name=\"twitter:data1\" content=\"Redazione\" \/>\n\t<meta name=\"twitter:label2\" content=\"Gesch\u00e4tzte Lesezeit\" \/>\n\t<meta name=\"twitter:data2\" content=\"7\u00a0Minuten\" \/>\n<script type=\"application\/ld+json\" class=\"yoast-schema-graph\">{\"@context\":\"https:\/\/schema.org\",\"@graph\":[{\"@type\":\"Article\",\"@id\":\"https:\/\/blog.holyart.it\/de\/devotionalien\/feuerbestattung-und-die-katholische-religion-ist-sie-erlaubt\/#article\",\"isPartOf\":{\"@id\":\"https:\/\/blog.holyart.it\/de\/devotionalien\/feuerbestattung-und-die-katholische-religion-ist-sie-erlaubt\/\"},\"author\":{\"name\":\"Redazione\",\"@id\":\"https:\/\/blog.holyart.it\/de\/#\/schema\/person\/0a7b686e5af0f856ec1e390dd0baecda\"},\"headline\":\"Feuerbestattung und die katholische Religion: Ist sie erlaubt?\",\"datePublished\":\"2024-10-30T09:00:46+00:00\",\"dateModified\":\"2025-10-28T13:43:52+00:00\",\"mainEntityOfPage\":{\"@id\":\"https:\/\/blog.holyart.it\/de\/devotionalien\/feuerbestattung-und-die-katholische-religion-ist-sie-erlaubt\/\"},\"wordCount\":1132,\"publisher\":{\"@id\":\"https:\/\/blog.holyart.it\/de\/#organization\"},\"image\":{\"@id\":\"https:\/\/blog.holyart.it\/de\/devotionalien\/feuerbestattung-und-die-katholische-religion-ist-sie-erlaubt\/#primaryimage\"},\"thumbnailUrl\":\"https:\/\/blog.holyart.it\/de\/wp-content\/uploads\/sites\/12\/2024\/10\/Feuerbestattung-und-die-katholische-Religion.jpeg\",\"articleSection\":[\"Religion\"],\"inLanguage\":\"de\"},{\"@type\":\"WebPage\",\"@id\":\"https:\/\/blog.holyart.it\/de\/devotionalien\/feuerbestattung-und-die-katholische-religion-ist-sie-erlaubt\/\",\"url\":\"https:\/\/blog.holyart.it\/de\/devotionalien\/feuerbestattung-und-die-katholische-religion-ist-sie-erlaubt\/\",\"name\":\"Feuerbestattung und die katholische Religion: Ist sie erlaubt? - Holyart.de Blog\",\"isPartOf\":{\"@id\":\"https:\/\/blog.holyart.it\/de\/#website\"},\"primaryImageOfPage\":{\"@id\":\"https:\/\/blog.holyart.it\/de\/devotionalien\/feuerbestattung-und-die-katholische-religion-ist-sie-erlaubt\/#primaryimage\"},\"image\":{\"@id\":\"https:\/\/blog.holyart.it\/de\/devotionalien\/feuerbestattung-und-die-katholische-religion-ist-sie-erlaubt\/#primaryimage\"},\"thumbnailUrl\":\"https:\/\/blog.holyart.it\/de\/wp-content\/uploads\/sites\/12\/2024\/10\/Feuerbestattung-und-die-katholische-Religion.jpeg\",\"datePublished\":\"2024-10-30T09:00:46+00:00\",\"dateModified\":\"2025-10-28T13:43:52+00:00\",\"description\":\"Wie sich die Beziehung zwischen Feuerbestattung und katholischer. Sondern genaue Regeln f\u00fcr die Aufbewahrung der Asche.\",\"breadcrumb\":{\"@id\":\"https:\/\/blog.holyart.it\/de\/devotionalien\/feuerbestattung-und-die-katholische-religion-ist-sie-erlaubt\/#breadcrumb\"},\"inLanguage\":\"de\",\"potentialAction\":[{\"@type\":\"ReadAction\",\"target\":[\"https:\/\/blog.holyart.it\/de\/devotionalien\/feuerbestattung-und-die-katholische-religion-ist-sie-erlaubt\/\"]}]},{\"@type\":\"ImageObject\",\"inLanguage\":\"de\",\"@id\":\"https:\/\/blog.holyart.it\/de\/devotionalien\/feuerbestattung-und-die-katholische-religion-ist-sie-erlaubt\/#primaryimage\",\"url\":\"https:\/\/blog.holyart.it\/de\/wp-content\/uploads\/sites\/12\/2024\/10\/Feuerbestattung-und-die-katholische-Religion.jpeg\",\"contentUrl\":\"https:\/\/blog.holyart.it\/de\/wp-content\/uploads\/sites\/12\/2024\/10\/Feuerbestattung-und-die-katholische-Religion.jpeg\",\"width\":1000,\"height\":666,\"caption\":\"Feuerbestattung und die katholische Religion\"},{\"@type\":\"BreadcrumbList\",\"@id\":\"https:\/\/blog.holyart.it\/de\/devotionalien\/feuerbestattung-und-die-katholische-religion-ist-sie-erlaubt\/#breadcrumb\",\"itemListElement\":[{\"@type\":\"ListItem\",\"position\":1,\"name\":\"Homepage\",\"item\":\"https:\/\/blog.holyart.it\/de\/\"},{\"@type\":\"ListItem\",\"position\":2,\"name\":\"Religion\",\"item\":\"https:\/\/blog.holyart.it\/de\/devotionalien\/\"},{\"@type\":\"ListItem\",\"position\":3,\"name\":\"Feuerbestattung und die katholische Religion: Ist sie erlaubt?\"}]},{\"@type\":\"WebSite\",\"@id\":\"https:\/\/blog.holyart.it\/de\/#website\",\"url\":\"https:\/\/blog.holyart.it\/de\/\",\"name\":\"Holyart.de Blog\",\"description\":\"Holyblog\",\"publisher\":{\"@id\":\"https:\/\/blog.holyart.it\/de\/#organization\"},\"potentialAction\":[{\"@type\":\"SearchAction\",\"target\":{\"@type\":\"EntryPoint\",\"urlTemplate\":\"https:\/\/blog.holyart.it\/de\/?s={search_term_string}\"},\"query-input\":{\"@type\":\"PropertyValueSpecification\",\"valueRequired\":true,\"valueName\":\"search_term_string\"}}],\"inLanguage\":\"de\"},{\"@type\":\"Organization\",\"@id\":\"https:\/\/blog.holyart.it\/de\/#organization\",\"name\":\"Holyart.de Blog\",\"url\":\"https:\/\/blog.holyart.it\/de\/\",\"logo\":{\"@type\":\"ImageObject\",\"inLanguage\":\"de\",\"@id\":\"https:\/\/blog.holyart.it\/de\/#\/schema\/logo\/image\/\",\"url\":\"https:\/\/blog.holyart.it\/de\/wp-content\/uploads\/sites\/12\/2022\/12\/Holyart_Blog_Logo.jpg\",\"contentUrl\":\"https:\/\/blog.holyart.it\/de\/wp-content\/uploads\/sites\/12\/2022\/12\/Holyart_Blog_Logo.jpg\",\"width\":300,\"height\":50,\"caption\":\"Holyart.de Blog\"},\"image\":{\"@id\":\"https:\/\/blog.holyart.it\/de\/#\/schema\/logo\/image\/\"}},{\"@type\":\"Person\",\"@id\":\"https:\/\/blog.holyart.it\/de\/#\/schema\/person\/0a7b686e5af0f856ec1e390dd0baecda\",\"name\":\"Redazione\",\"image\":{\"@type\":\"ImageObject\",\"inLanguage\":\"de\",\"@id\":\"https:\/\/blog.holyart.it\/de\/#\/schema\/person\/image\/\",\"url\":\"https:\/\/secure.gravatar.com\/avatar\/f477da817f43e50d0af36abecd33e3edf826c68299714bdc1057dff3b113f516?s=96&d=mm&r=g\",\"contentUrl\":\"https:\/\/secure.gravatar.com\/avatar\/f477da817f43e50d0af36abecd33e3edf826c68299714bdc1057dff3b113f516?s=96&d=mm&r=g\",\"caption\":\"Redazione\"}}]}<\/script>\n<!-- \/ Yoast SEO plugin. -->","yoast_head_json":{"title":"Feuerbestattung und die katholische Religion: Ist sie erlaubt? - Holyart.de Blog","description":"Wie sich die Beziehung zwischen Feuerbestattung und katholischer. Sondern genaue Regeln f\u00fcr die Aufbewahrung der Asche.","robots":{"index":"index","follow":"follow","max-snippet":"max-snippet:-1","max-image-preview":"max-image-preview:large","max-video-preview":"max-video-preview:-1"},"canonical":"https:\/\/blog.holyart.it\/de\/devotionalien\/feuerbestattung-und-die-katholische-religion-ist-sie-erlaubt\/","og_locale":"de_DE","og_type":"article","og_title":"Feuerbestattung und die katholische Religion: Ist sie erlaubt? - Holyart.de Blog","og_description":"Wie sich die Beziehung zwischen Feuerbestattung und katholischer. Sondern genaue Regeln f\u00fcr die Aufbewahrung der Asche.","og_url":"https:\/\/blog.holyart.it\/de\/devotionalien\/feuerbestattung-und-die-katholische-religion-ist-sie-erlaubt\/","og_site_name":"Holyart.de Blog","article_published_time":"2024-10-30T09:00:46+00:00","article_modified_time":"2025-10-28T13:43:52+00:00","og_image":[{"width":1000,"height":666,"url":"https:\/\/blog.holyart.it\/de\/wp-content\/uploads\/sites\/12\/2024\/10\/Feuerbestattung-und-die-katholische-Religion.jpeg","type":"image\/jpeg"}],"author":"Redazione","twitter_card":"summary_large_image","twitter_misc":{"Verfasst von":"Redazione","Gesch\u00e4tzte Lesezeit":"7\u00a0Minuten"},"schema":{"@context":"https:\/\/schema.org","@graph":[{"@type":"Article","@id":"https:\/\/blog.holyart.it\/de\/devotionalien\/feuerbestattung-und-die-katholische-religion-ist-sie-erlaubt\/#article","isPartOf":{"@id":"https:\/\/blog.holyart.it\/de\/devotionalien\/feuerbestattung-und-die-katholische-religion-ist-sie-erlaubt\/"},"author":{"name":"Redazione","@id":"https:\/\/blog.holyart.it\/de\/#\/schema\/person\/0a7b686e5af0f856ec1e390dd0baecda"},"headline":"Feuerbestattung und die katholische Religion: Ist sie erlaubt?","datePublished":"2024-10-30T09:00:46+00:00","dateModified":"2025-10-28T13:43:52+00:00","mainEntityOfPage":{"@id":"https:\/\/blog.holyart.it\/de\/devotionalien\/feuerbestattung-und-die-katholische-religion-ist-sie-erlaubt\/"},"wordCount":1132,"publisher":{"@id":"https:\/\/blog.holyart.it\/de\/#organization"},"image":{"@id":"https:\/\/blog.holyart.it\/de\/devotionalien\/feuerbestattung-und-die-katholische-religion-ist-sie-erlaubt\/#primaryimage"},"thumbnailUrl":"https:\/\/blog.holyart.it\/de\/wp-content\/uploads\/sites\/12\/2024\/10\/Feuerbestattung-und-die-katholische-Religion.jpeg","articleSection":["Religion"],"inLanguage":"de"},{"@type":"WebPage","@id":"https:\/\/blog.holyart.it\/de\/devotionalien\/feuerbestattung-und-die-katholische-religion-ist-sie-erlaubt\/","url":"https:\/\/blog.holyart.it\/de\/devotionalien\/feuerbestattung-und-die-katholische-religion-ist-sie-erlaubt\/","name":"Feuerbestattung und die katholische Religion: Ist sie erlaubt? - Holyart.de Blog","isPartOf":{"@id":"https:\/\/blog.holyart.it\/de\/#website"},"primaryImageOfPage":{"@id":"https:\/\/blog.holyart.it\/de\/devotionalien\/feuerbestattung-und-die-katholische-religion-ist-sie-erlaubt\/#primaryimage"},"image":{"@id":"https:\/\/blog.holyart.it\/de\/devotionalien\/feuerbestattung-und-die-katholische-religion-ist-sie-erlaubt\/#primaryimage"},"thumbnailUrl":"https:\/\/blog.holyart.it\/de\/wp-content\/uploads\/sites\/12\/2024\/10\/Feuerbestattung-und-die-katholische-Religion.jpeg","datePublished":"2024-10-30T09:00:46+00:00","dateModified":"2025-10-28T13:43:52+00:00","description":"Wie sich die Beziehung zwischen Feuerbestattung und katholischer. Sondern genaue Regeln f\u00fcr die Aufbewahrung der Asche.","breadcrumb":{"@id":"https:\/\/blog.holyart.it\/de\/devotionalien\/feuerbestattung-und-die-katholische-religion-ist-sie-erlaubt\/#breadcrumb"},"inLanguage":"de","potentialAction":[{"@type":"ReadAction","target":["https:\/\/blog.holyart.it\/de\/devotionalien\/feuerbestattung-und-die-katholische-religion-ist-sie-erlaubt\/"]}]},{"@type":"ImageObject","inLanguage":"de","@id":"https:\/\/blog.holyart.it\/de\/devotionalien\/feuerbestattung-und-die-katholische-religion-ist-sie-erlaubt\/#primaryimage","url":"https:\/\/blog.holyart.it\/de\/wp-content\/uploads\/sites\/12\/2024\/10\/Feuerbestattung-und-die-katholische-Religion.jpeg","contentUrl":"https:\/\/blog.holyart.it\/de\/wp-content\/uploads\/sites\/12\/2024\/10\/Feuerbestattung-und-die-katholische-Religion.jpeg","width":1000,"height":666,"caption":"Feuerbestattung und die katholische Religion"},{"@type":"BreadcrumbList","@id":"https:\/\/blog.holyart.it\/de\/devotionalien\/feuerbestattung-und-die-katholische-religion-ist-sie-erlaubt\/#breadcrumb","itemListElement":[{"@type":"ListItem","position":1,"name":"Homepage","item":"https:\/\/blog.holyart.it\/de\/"},{"@type":"ListItem","position":2,"name":"Religion","item":"https:\/\/blog.holyart.it\/de\/devotionalien\/"},{"@type":"ListItem","position":3,"name":"Feuerbestattung und die katholische Religion: Ist sie erlaubt?"}]},{"@type":"WebSite","@id":"https:\/\/blog.holyart.it\/de\/#website","url":"https:\/\/blog.holyart.it\/de\/","name":"Holyart.de Blog","description":"Holyblog","publisher":{"@id":"https:\/\/blog.holyart.it\/de\/#organization"},"potentialAction":[{"@type":"SearchAction","target":{"@type":"EntryPoint","urlTemplate":"https:\/\/blog.holyart.it\/de\/?s={search_term_string}"},"query-input":{"@type":"PropertyValueSpecification","valueRequired":true,"valueName":"search_term_string"}}],"inLanguage":"de"},{"@type":"Organization","@id":"https:\/\/blog.holyart.it\/de\/#organization","name":"Holyart.de Blog","url":"https:\/\/blog.holyart.it\/de\/","logo":{"@type":"ImageObject","inLanguage":"de","@id":"https:\/\/blog.holyart.it\/de\/#\/schema\/logo\/image\/","url":"https:\/\/blog.holyart.it\/de\/wp-content\/uploads\/sites\/12\/2022\/12\/Holyart_Blog_Logo.jpg","contentUrl":"https:\/\/blog.holyart.it\/de\/wp-content\/uploads\/sites\/12\/2022\/12\/Holyart_Blog_Logo.jpg","width":300,"height":50,"caption":"Holyart.de Blog"},"image":{"@id":"https:\/\/blog.holyart.it\/de\/#\/schema\/logo\/image\/"}},{"@type":"Person","@id":"https:\/\/blog.holyart.it\/de\/#\/schema\/person\/0a7b686e5af0f856ec1e390dd0baecda","name":"Redazione","image":{"@type":"ImageObject","inLanguage":"de","@id":"https:\/\/blog.holyart.it\/de\/#\/schema\/person\/image\/","url":"https:\/\/secure.gravatar.com\/avatar\/f477da817f43e50d0af36abecd33e3edf826c68299714bdc1057dff3b113f516?s=96&d=mm&r=g","contentUrl":"https:\/\/secure.gravatar.com\/avatar\/f477da817f43e50d0af36abecd33e3edf826c68299714bdc1057dff3b113f516?s=96&d=mm&r=g","caption":"Redazione"}}]}},"_links":{"self":[{"href":"https:\/\/blog.holyart.it\/de\/wp-json\/wp\/v2\/posts\/4806","targetHints":{"allow":["GET"]}}],"collection":[{"href":"https:\/\/blog.holyart.it\/de\/wp-json\/wp\/v2\/posts"}],"about":[{"href":"https:\/\/blog.holyart.it\/de\/wp-json\/wp\/v2\/types\/post"}],"author":[{"embeddable":true,"href":"https:\/\/blog.holyart.it\/de\/wp-json\/wp\/v2\/users\/1"}],"replies":[{"embeddable":true,"href":"https:\/\/blog.holyart.it\/de\/wp-json\/wp\/v2\/comments?post=4806"}],"version-history":[{"count":6,"href":"https:\/\/blog.holyart.it\/de\/wp-json\/wp\/v2\/posts\/4806\/revisions"}],"predecessor-version":[{"id":4819,"href":"https:\/\/blog.holyart.it\/de\/wp-json\/wp\/v2\/posts\/4806\/revisions\/4819"}],"wp:featuredmedia":[{"embeddable":true,"href":"https:\/\/blog.holyart.it\/de\/wp-json\/wp\/v2\/media\/4813"}],"wp:attachment":[{"href":"https:\/\/blog.holyart.it\/de\/wp-json\/wp\/v2\/media?parent=4806"}],"wp:term":[{"taxonomy":"category","embeddable":true,"href":"https:\/\/blog.holyart.it\/de\/wp-json\/wp\/v2\/categories?post=4806"},{"taxonomy":"post_tag","embeddable":true,"href":"https:\/\/blog.holyart.it\/de\/wp-json\/wp\/v2\/tags?post=4806"}],"curies":[{"name":"wp","href":"https:\/\/api.w.org\/{rel}","templated":true}]}}