{"id":4789,"date":"2024-10-28T10:00:00","date_gmt":"2024-10-28T09:00:00","guid":{"rendered":"https:\/\/blog.holyart.it\/de\/?p=4789"},"modified":"2025-10-28T11:51:23","modified_gmt":"2025-10-28T10:51:23","slug":"2-november-allerseelentag","status":"publish","type":"post","link":"https:\/\/blog.holyart.it\/de\/devotionalien\/2-november-allerseelentag\/","title":{"rendered":"2. November: Allerseelentag"},"content":{"rendered":"<h4>Gedeckte Tische und Nachtische der Verstorbenen. Gebete, Chrysanthemen und Friedhofsbesuche. So wird in Italien und auf der ganzen Welt das Gedenken an die Verstorbenen gefeiert<\/h4>\n\n<p>Jeder von uns kennt sicherlich das traditionelle Gedenken an die Toten, das jedes Jahr am 2. November, dem Tag nach <a href=\"https:\/\/www.holyart.de\/search?params=%7B%22search%22%3A%22Allerheiligenfest%20%22%7D&amp;search_term=Allerheiligenfest+\"><strong>Allerheiligen<\/strong><\/a>, gefeiert wird. Es ist wahrscheinlich, dass wir seit unserer Kindheit gesehen haben, wie unsere Familienmitglieder sich zwischen Chrysanthemen und Momenten des Gebets besch\u00e4ftigten, und es ist fast sicher, dass wir auf den Friedhof gebracht wurden, wo es noch nie so voll war wie in der unerwarteten K\u00e4lte der allerersten Tage November. Auf unsere Frage, warum wir das tun mussten, lautete die Antwort, die f\u00fcr unsere Kinderohren geheimnisvoll und ein wenig unheimlich klang: \u201e<em>Es ist der Tag der Verstorbenen<\/em>.\u201c<\/p>\n<div class=\"link-product\">\n<div class=\"blocco-immagine\"><img loading=\"lazy\" decoding=\"async\" class=\"size-full wp-image-4794 alignleft\" src=\"https:\/\/blog.holyart.it\/de\/wp-content\/uploads\/sites\/12\/2024\/10\/Allerheiligen.jpg\" alt=\"Allerheiligen\" width=\"100\" height=\"100\" data-kale-share-title=\"2. November: Allerseelentag\" data-kale-share-url=\"https:\/\/blog.holyart.it\/de\/?p=4789\" \/><\/div>\n<div class=\"blocco-contenuto\">\n<div class=\"blocco-acquista\">Einkaufen:<\/div>\n<div class=\"blocco-titolo\"><a href=\"https:\/\/www.holyart.de\/search?params=%7B%22search%22%3A%22Allerheiligenfest%20%22%7D&amp;search_term=Allerheiligenfest+\">Allerheiligen<\/a><\/div>\n<div class=\"blocco-descrizione\">Kategorie der Website, in der Artikel zu allen Heiligen zu finden sind.<\/div>\n<\/div>\n<\/div>\n<p>In Wirklichkeit ist die <em>Commemoratio Omnium Fidelium Defunctorum<\/em> ein sehr wichtiger Jahrestag f\u00fcr die katholische Kirche, die sie zu ihren <strong>Hochfesten<\/strong> z\u00e4hlt, und daher eine der Feierlichkeiten von gr\u00f6\u00dfter liturgischer Bedeutung, zumindest nach der vom Zweiten Vatikan initiierten Liturgiereform des r\u00f6mischen Ritus. Fr\u00fcher wurde Allerseelen, wenn der 2. November auf einen Sonntag fiel, auf den darauffolgenden Tag verschoben, da der Sonntag weiterhin Vorrang hatte.<\/p>\n<p>Wie der Name schon vermuten l\u00e4sst, dient das <strong>Gedenken an die Toten<\/strong> oder der <a href=\"https:\/\/www.holyart.de\/devotionalien\/grabartikel\"><strong>Allerseelentag <\/strong><\/a>dazu, der Verstorbenen zu gedenken, nicht nur denen, die uns am Herzen liegen, Verwandten oder verlorenen Freunden. An diesem Tag, der ein Festtag ist, auch wenn er traurig erscheinen mag, beten wir f\u00fcr die Seelen aller Verstorbenen, um ihnen bei ihrem m\u00f6glichen Weg aus dem Fegefeuer zu helfen. Es handelt sich tats\u00e4chlich um ein Hochfest <strong>byzantinischen Ursprungs<\/strong>, das seine Wurzeln in der Glaubenswahrheit des <strong>Apostolischen Glaubensbekenntnisses<\/strong> und insbesondere in der <strong>Gemeinschaft der Heiligen<\/strong> hat, nach der Christen nicht als einzelne Einheiten, sondern als integraler Bestandteil davon zu betrachten sind der mystische Leib des auferstandenen Jesus Christus, in der <strong>Vergebung der S\u00fcnden<\/strong>, die einem den Zugang zum Himmelreich erm\u00f6glicht oder nicht, und in der <strong>Auferstehung des Fleisches<\/strong>, nach der am Ende der Zeit alle Verstorbenen und Seelen auferstehen werden und mit dem K\u00f6rper wieder vereint werden. Tats\u00e4chlich lautet der letzte Teil des Glaubensbekenntnisses:<\/p>\n<p><em>Ich glaube an den Heiligen Geist,<\/em><\/p>\n<p><em>die heilige katholische Kirche, die <strong>Gemeinschaft der Heiligen<\/strong>,<\/em><\/p>\n<p><em>die <strong>Vergebung der S\u00fcnden<\/strong>,<\/em><\/p>\n<p><em>die <strong>Auferstehung des Fleisches<\/strong>,<\/em><\/p>\n<p><em>das ewige Leben. Amen.<\/em><\/p>\n<p>Dem Totengedenken liegt aber auch die Hoffnung und der ganz menschliche Wunsch zugrunde, <strong>eines Tages seine Toten wieder umarmen zu k\u00f6nnen<\/strong>. F\u00fcr diejenigen, die glauben, ist der Tod nur eine Passage, der Beginn des Wartens auf Liebe und Glauben, die uns zur endg\u00fcltigen Begegnung mit denen f\u00fchren, die wir lieben.<\/p>\n<div class=\"link-product\">\n<div class=\"blocco-immagine\"><img loading=\"lazy\" decoding=\"async\" class=\"size-full wp-image-4795 alignleft\" src=\"https:\/\/blog.holyart.it\/de\/wp-content\/uploads\/sites\/12\/2024\/10\/Grabartikel.jpg\" alt=\"Grabartikel\" width=\"100\" height=\"100\" data-kale-share-title=\"2. November: Allerseelentag\" data-kale-share-url=\"https:\/\/blog.holyart.it\/de\/?p=4789\" \/><\/div>\n<div class=\"blocco-contenuto\">\n<div class=\"blocco-acquista\">Einkaufen:<\/div>\n<div class=\"blocco-titolo\"><a href=\"https:\/\/www.holyart.de\/devotionalien\/grabartikel\">Grabartikel<\/a><\/div>\n<div class=\"blocco-descrizione\">Website-Kategorie, in der man Beerdigungsartikel wie Urnen,\u00a0 \u00a0 \u00a0 Gedenktafeln oder Vasen finden kann.<\/div>\n<\/div>\n<\/div>\n<p>Die <a href=\"https:\/\/www.holyart.de\/blog\/liturgische-gerate\/die-farben-der-katholischen-liturgie-und-deren-bedeutung\/\"><strong>liturgischen Farben<\/strong><\/a>, die diese Feier charakterisieren, sind <a href=\"https:\/\/www.holyart.de\/kirchenbedarf\/paramente\/kaseln-messgewander\/kasel-mit-gezwirnten-faden-merinowolle\"><strong>Lila<\/strong><\/a> und <strong>Schwarz<\/strong>.<\/p>\n<p>Da der Todestag eine Gebetsvorbereitung erfordert, k\u00f6nnen Sie ab dem 24. Oktober mit dem Beten der <strong>Totennovene<\/strong> beginnen.<\/p>\n<p>Und <strong>Chrysantheme<\/strong>? Diese besondere Blume, die in anderen L\u00e4ndern als sechzehnbl\u00e4ttriges G\u00e4nsebl\u00fcmchen bekannt ist, bl\u00fcht zu dieser Jahreszeit. Tats\u00e4chlich handelt es sich um eine Kurztagpflanze, das hei\u00dft, sie bl\u00fcht, wenn die Tage k\u00fcrzer werden und die Dunkelheit l\u00e4nger als neun Stunden pro Tag dauert.<\/p>\n<p>Es ist jedoch auch interessant festzustellen, wie der Tag der Toten im Laufe der Jahrhunderte unterschiedliche Merkmale angenommen hat und sich oft mit <strong>heidnischen und folkloristischen Traditionen <\/strong>der verschiedenen L\u00e4nder vermischt, in die der katholische Glaube gelangt ist. Es gibt sehr unterschiedliche Traditionen auf der Welt, wie zum Beispiel den malerischen <strong>D\u00eda de Muertos<\/strong>, den f\u00fcr die mexikanische Kultur typischen Tag der Toten, bei dem Gr\u00e4ber mit Blumen geschm\u00fcckt und Geschenke, Lebensmittel, Spielzeug und sogar Alkohol daraufgelegt werden m\u00fcssen. In jedem Haus wird ein Totenaltar errichtet, und von den Verstorbenen wird erwartet, dass sie ihre Hinterbliebenen besuchen.<\/p>\n<div class=\"link-product\">\n<div class=\"blocco-immagine\"><img loading=\"lazy\" decoding=\"async\" class=\"size-full wp-image-4800 alignleft\" src=\"https:\/\/blog.holyart.it\/de\/wp-content\/uploads\/sites\/12\/2024\/10\/Kasel-mit-gezwirnten-Faden-Merinowolle.jpg\" alt=\"Kasel mit gezwirnten Faden Merinowolle\" width=\"100\" height=\"100\" data-kale-share-title=\"2. November: Allerseelentag\" data-kale-share-url=\"https:\/\/blog.holyart.it\/de\/?p=4789\" \/><\/div>\n<div class=\"blocco-contenuto\">\n<div class=\"blocco-acquista\">Einkaufen:<\/div>\n<div class=\"blocco-titolo\"><a href=\"https:\/\/www.holyart.de\/kirchenbedarf\/paramente\/kaseln-messgewander\/kasel-mit-gezwirnten-faden-merinowolle\">Kasel mit gezwirnten Faden Merinowolle<\/a><\/div>\n<div class=\"blocco-descrizione\">Kasel mit gezwirnten Faden Merinowolle. Die Kasel ist aus Merinowolle mit gezwirnten Faden.<\/div>\n<\/div>\n<\/div>\n<h2>Die Geschichte vom Allerseelentag<\/h2>\n<p>Wann begann man am 2. November Allerseelen zu feiern?<\/p>\n<p>Die letzten Tage im Oktober und die ersten im November gelten seit jeher als Gl\u00fccksbringer f\u00fcr die Verstorbenen und sind daher f\u00fcr Feierlichkeiten zu ihren Ehren vorgesehen. Die Gr\u00fcnde f\u00fcr diese Entscheidung ergeben sich aus der Annahme, dass die <strong>Gro\u00dfe Sintflut<\/strong> zu dieser Jahreszeit ausbrach.<\/p>\n<p>Den <strong>Byzantinern<\/strong> zufolge musste das Gedenken an die Verstorbenen jedoch zwischen Ende Januar und Anfang Februar stattfinden, am Samstag vor dem Sexagesima-Sonntag, zwei Wochen vor Beginn der Fastenzeit, etwa sechzig Tage vor Ostern.<\/p>\n<p>Bereits der <a href=\"https:\/\/www.holyart.de\/blog\/heilige-und-selige\/heiliger-augustinus-von-hippo-philosoph-bischof-und-theologe\/\"><strong>heilige Augustinus<\/strong><\/a> ermahnte die Gl\u00e4ubigen, nicht nur anl\u00e4sslich ihres Todestages, sondern auch an anderen besonderen Tagen f\u00fcr die Verstorbenen zu beten.<\/p>\n<div class=\"link-article\">\n<p><img loading=\"lazy\" decoding=\"async\" class=\"size-full wp-image-4801 alignleft\" src=\"https:\/\/blog.holyart.it\/de\/wp-content\/uploads\/sites\/12\/2024\/10\/Heiliger-Augustinus-von-Hippo.jpg\" alt=\"Heiliger Augustinus von Hippo\" width=\"150\" height=\"99\" data-kale-share-title=\"2. November: Allerseelentag\" data-kale-share-url=\"https:\/\/blog.holyart.it\/de\/?p=4789\" \/><\/p>\n<div class=\"leggi-anche\">Lesen Sie auch:<\/div>\n<p><strong><a href=\"https:\/\/www.holyart.de\/blog\/heilige-und-selige\/heiliger-augustinus-von-hippo-philosoph-bischof-und-theologe\/\">Heiliger Augustinus von Hippo: Philosoph, Bischof und Theologe<\/a><\/strong><br \/>\nNur sehr wenige M\u00e4nner des Glaubens k\u00f6nnen mit Augustinus von&#8230;<\/p>\n<\/div>\n<p>Im Jahr 998 legte der Abt <strong>Odilo von Cluny<\/strong>, Bef\u00fcrworter der <strong>Cluny-Reform<\/strong> an der Gr\u00fcndung des Benediktinerordens, neben verschiedenen Neuerungen fest, dass nach der Vesper vom 1. November die Glocken der Abtei von Cluny zu Ehren der Verstorbenen l\u00e4uten sollten. Am folgenden Tag feierte er die Messe, indem er die Eucharistie \u201e<em>pro requie omnium defunctorum<\/em>\u201c, also f\u00fcr die Seelen aller Verstorbenen, darbrachte. Seitdem findet der Todestag am <strong>2. November<\/strong> statt.<\/p>\n<h2>Die Feierlichkeiten zum Allerseelentag in Italien<\/h2>\n<p>Es gibt viele italienische Traditionen, die mit dem Gedenken an die Toten verbunden sind. In <strong>Sizilien<\/strong> hat die Totenfeier ihren Ursprung in vorchristlichen Riten und dem Kult der <strong>r\u00f6mischen Laren<\/strong>, der Schutzgeister der Vorfahren, die \u00fcber die <strong>Gens<\/strong> und die <strong>Familie<\/strong> wachten und sie besch\u00fctzten. Am Vorabend von Allerheiligen kommen die Toten an den H\u00e4usern ihrer Verwandten vorbei und hinterlassen Geschenke f\u00fcr die Kinder sowie die typischen S\u00fc\u00dfigkeiten der Toten: Martorana-Fr\u00fcchte aus Mandelpaste, Zuckerpuppen und Kekse, die \u201eKnochen der Toten\u201c genannt werden.<\/p>\n<p>In <strong>Apulien<\/strong> wie auch in Mexiko glaubt man, dass die Verstorbenen am Vorabend von Allerheiligen zur\u00fcckkehren, um Verwandte und Freunde zu besuchen. Aus diesem Grund bleibt ihnen der Tisch mit Brot, Wasser und Wein gedeckt. Und in bestimmten Gegenden werden K\u00fcrbisse geschnitzt, ganz nach der Halloween-Tradition, und Kinder erhalten S\u00fc\u00dfigkeiten und Geschenke, die ihnen verstorbene Verwandte in Str\u00fcmpfen hinterlassen haben, die speziell im Haus aufgeh\u00e4ngt wurden. Der f\u00fcr die Toten gedeckte Tisch findet sich auch in bestimmten Gebieten in <strong>Trient<\/strong>, <strong>Piemont<\/strong> und <strong>Aostatal<\/strong>. In der Provinz <strong>Cremona<\/strong> werden Betten f\u00fcr die Toten vorbereitet.<\/p>\n<p>Sogar in einigen Gegenden der <strong>Lombardei<\/strong> besteht die Sorge, dass die Toten, die in ihre H\u00e4user zur\u00fcckkehren, sich erfrischen k\u00f6nnen, und frisches Wasser f\u00fcr sie zur\u00fcckgelassen wird, w\u00e4hrend im <strong>Friaul<\/strong> Wasser, Brot und eine brennende <strong><a href=\"https:\/\/www.holyart.de\/verbrauchsprodukte\/grablichter-opferlichter\/led-kerze-mit-flackerndem-licht-rot\">Kerze zur\u00fcckgelassen werden<\/a><\/strong>.<\/p>\n<div class=\"link-product\">\n<div class=\"blocco-immagine\"><img loading=\"lazy\" decoding=\"async\" class=\"size-full wp-image-4802 alignleft\" src=\"https:\/\/blog.holyart.it\/de\/wp-content\/uploads\/sites\/12\/2024\/10\/LED-Kerze-mit-flackerndem-Licht-rot.jpg\" alt=\"LED-Kerze mit flackerndem Licht rot\" width=\"100\" height=\"100\" data-kale-share-title=\"2. November: Allerseelentag\" data-kale-share-url=\"https:\/\/blog.holyart.it\/de\/?p=4789\" \/><\/div>\n<div class=\"blocco-contenuto\">\n<div class=\"blocco-acquista\">Einkaufen:<\/div>\n<div class=\"blocco-titolo\"><a href=\"https:\/\/www.holyart.de\/verbrauchsprodukte\/grablichter-opferlichter\/led-kerze-mit-flackerndem-licht-rot\">LED-Kerze mit flackerndem Licht rot<\/a><\/div>\n<div class=\"blocco-descrizione\">Brenndauer von 60 Tagen, dank der neuesten LED-Technologie.<\/div>\n<\/div>\n<\/div>\n<p>In der <strong>Toskana<\/strong> gibt es die Tradition <em>Ben d&#8217;i morti<\/em> (<em>Wohltat f\u00fcr die Toten):<\/em> Wer einen Verwandten verloren hat, spendet Essen an die Bed\u00fcrftigsten. J\u00fcngere Kinder tragen den Sfil, eine Halskette aus gekochten Kastanien und \u00c4pfeln. Aber fr\u00fcher war die <em>Wohltat f\u00fcr die Toten<\/em> auch die Mischung aus Saubohnen, Kastanien und getrockneten Feigen, die den Kindern gegeben wurde, die in der Nacht des 1. Novembers von T\u00fcr zu T\u00fcr gingen, genau wie diejenigen, die heute um die H\u00e4user gehen und darum bitten <em>S\u00fc\u00dfes<\/em> oder <em>Saures<\/em>. Vergessen wir nicht, dass als Geister verkleidete Kinder heute, wie damals die Seelen der Verstorbenen darstellen, die um Geschenke und sch\u00f6ne Erinnerungen bitten. Auf <strong>Sardinien<\/strong> gehen Kinder mit von Kohle verschmutzten Gesichtern umher, bitten um S\u00fc\u00dfigkeiten und Trockenfr\u00fcchte und rezitieren die Formel \u201eSeus benius po is animeddas\u201c, d.h. <em>wir sind f\u00fcr die Seelen gekommen,<\/em> oder \u201emi das fait po praxeri is animeddas?\u201c <em>Gebt ihr mir etwas zum Wohle der Seelen<\/em>?<\/p>\n<p>In einigen Regionen gibt es die Tradition, auf den Friedhof zu gehen, nicht nur, um Chrysanthemen zu bringen und zu beten, sondern auch, um zu essen, so wie es in Mexiko \u00fcblich ist. Es werden insbesondere Saubohnen gegessen, die seit jeher als heiliges Lebensmittel gelten und sich daher sehr gut f\u00fcr Trauerfeiern und Bankette eignen. Auch in <strong>Ligurien<\/strong> werden getrocknete <strong>Saubohnen<\/strong> zubereitet, die zusammen mit <em>Balletti<\/em> (gekochte Kastanien) <em>Bacilli<\/em> genannt werden. Es gibt auch viele S\u00fc\u00dfigkeiten in Form von Saubohnen, wie zum Beispiel <em>Stinchetti dei Morti<\/em> in <strong>Umbrien<\/strong>.<\/p>\n<p><img loading=\"lazy\" decoding=\"async\" class=\"size-full wp-image-4803 aligncenter\" src=\"https:\/\/blog.holyart.it\/de\/wp-content\/uploads\/sites\/12\/2024\/10\/Saubohnen.jpg\" alt=\"Saubohnen\" width=\"1000\" height=\"666\" data-kale-share-title=\"2. November: Allerseelentag\" data-kale-share-url=\"https:\/\/blog.holyart.it\/de\/?p=4789\" \/><\/p>\n<h2>Der Allerseelentag in der Welt<\/h2>\n<p>Neben italienischen Sitten und Br\u00e4uchen gibt es auf der ganzen Welt viele faszinierende Traditionen zum Tag der Toten. Neben dem oben erw\u00e4hnten mexikanischen <strong>D\u00eda de los Muertos<\/strong>, der so charakteristisch ist, dass er von der UNESCO in das immaterielle Kulturerbe der Menschheit aufgenommen wurde, gibt es den pr\u00e4chtigen kreolischen Karneval von <strong>New Orleans<\/strong>, der aufgrund seiner alten Tradition, die am meisten heimgesuchte Stadt Amerikas f\u00fcr Hexerei und Voodoo ist. In <strong>Irland<\/strong> ist das keltische <em>Samhain<\/em> noch immer sehr verbreitet, das sich in <strong>Halloween<\/strong> verwandelte und von hier nach Amerika exportiert wurde. Gro\u00dfe Freudenfeuer werden angez\u00fcndet, um Ungl\u00fcck und b\u00f6se Geister abzuwehren, Menschen verkleiden sich als Monster, schnitzen K\u00fcrbisse (einst R\u00fcben) und ehren die Toten, aber auch die Geister.<\/p>\n<p>Die Feste, die im <strong>Osten<\/strong> stattfinden, sind sehr unterschiedlich, wie zum Beispiel das <em>Boon Para Wate<\/em> in <strong>Thailand<\/strong>, das zwischen Juni und Juli gefeiert wird, wo es drei Tage lang eine Parade mit brennenden Fackeln, Musik und Tanz gibt, aber es gibt auch Momente des Gebets und der Meditation. In China wird <em>Qingming<\/em>, der \u201eTag der Grabreinigung\u201c, vom 4. bis 6. April gefeiert, wenn die ganze Familie zusammenkommt, um die Gr\u00e4ber ihrer Vorfahren zu reinigen, und nur kalte Speisen zu sich nimmt, da das Anz\u00fcnden von Feuer verboten ist.<\/p>\n<p>Dar\u00fcber hinaus werden in <strong>Guatemala<\/strong> die Heiligen und Verstorbenen mit dem Bau riesiger Drachen gefeiert, dem <em>Festival de Barriletes Gigantes<\/em>.<\/p>\n","protected":false},"excerpt":{"rendered":"<p>Gedeckte Tische und Nachtische der Verstorbenen. Gebete, Chrysanthemen und Friedhofsbesuche. So wird in Italien und auf der ganzen Welt das Gedenken an die Verstorbenen gefeiert Jeder von uns kennt sicherlich das traditionelle Gedenken an die Toten, das jedes Jahr am 2. November, dem Tag nach&hellip;<\/p>\n","protected":false},"author":1,"featured_media":4791,"comment_status":"closed","ping_status":"open","sticky":false,"template":"","format":"standard","meta":{"_acf_changed":false,"footnotes":""},"categories":[10],"tags":[],"class_list":["post-4789","post","type-post","status-publish","format-standard","has-post-thumbnail","hentry","category-devotionalien"],"acf":[],"yoast_head":"<!-- This site is optimized with the Yoast SEO plugin v26.6 - https:\/\/yoast.com\/wordpress\/plugins\/seo\/ -->\n<title>2. November: Allerseelentag - Holyart.de Blog<\/title>\n<meta name=\"description\" content=\"Das Gedenken an die Toten ist ein wichtiges Fest der katholischen Religion, aber auch eine alte Tradition, die auf der ganzen Welt verbreitet ist und gefeiert wird.\" \/>\n<meta name=\"robots\" content=\"index, follow, max-snippet:-1, max-image-preview:large, max-video-preview:-1\" \/>\n<link rel=\"canonical\" href=\"https:\/\/blog.holyart.it\/de\/devotionalien\/2-november-allerseelentag\/\" \/>\n<meta property=\"og:locale\" content=\"de_DE\" \/>\n<meta property=\"og:type\" content=\"article\" \/>\n<meta property=\"og:title\" content=\"2. November: Allerseelentag - Holyart.de Blog\" \/>\n<meta property=\"og:description\" content=\"Das Gedenken an die Toten ist ein wichtiges Fest der katholischen Religion, aber auch eine alte Tradition, die auf der ganzen Welt verbreitet ist und gefeiert wird.\" \/>\n<meta property=\"og:url\" content=\"https:\/\/blog.holyart.it\/de\/devotionalien\/2-november-allerseelentag\/\" \/>\n<meta property=\"og:site_name\" content=\"Holyart.de Blog\" \/>\n<meta property=\"article:published_time\" content=\"2024-10-28T09:00:00+00:00\" \/>\n<meta property=\"article:modified_time\" content=\"2025-10-28T10:51:23+00:00\" \/>\n<meta property=\"og:image\" content=\"https:\/\/blog.holyart.it\/de\/wp-content\/uploads\/sites\/12\/2024\/10\/2.-November-Allerseelentag.jpg\" \/>\n\t<meta property=\"og:image:width\" content=\"1000\" \/>\n\t<meta property=\"og:image:height\" content=\"666\" \/>\n\t<meta property=\"og:image:type\" content=\"image\/jpeg\" \/>\n<meta name=\"author\" content=\"Redazione\" \/>\n<meta name=\"twitter:card\" content=\"summary_large_image\" \/>\n<meta name=\"twitter:label1\" content=\"Verfasst von\" \/>\n\t<meta name=\"twitter:data1\" content=\"Redazione\" \/>\n\t<meta name=\"twitter:label2\" content=\"Gesch\u00e4tzte Lesezeit\" \/>\n\t<meta name=\"twitter:data2\" content=\"11\u00a0Minuten\" \/>\n<script type=\"application\/ld+json\" class=\"yoast-schema-graph\">{\"@context\":\"https:\/\/schema.org\",\"@graph\":[{\"@type\":\"Article\",\"@id\":\"https:\/\/blog.holyart.it\/de\/devotionalien\/2-november-allerseelentag\/#article\",\"isPartOf\":{\"@id\":\"https:\/\/blog.holyart.it\/de\/devotionalien\/2-november-allerseelentag\/\"},\"author\":{\"name\":\"Redazione\",\"@id\":\"https:\/\/blog.holyart.it\/de\/#\/schema\/person\/0a7b686e5af0f856ec1e390dd0baecda\"},\"headline\":\"2. November: Allerseelentag\",\"datePublished\":\"2024-10-28T09:00:00+00:00\",\"dateModified\":\"2025-10-28T10:51:23+00:00\",\"mainEntityOfPage\":{\"@id\":\"https:\/\/blog.holyart.it\/de\/devotionalien\/2-november-allerseelentag\/\"},\"wordCount\":1646,\"publisher\":{\"@id\":\"https:\/\/blog.holyart.it\/de\/#organization\"},\"image\":{\"@id\":\"https:\/\/blog.holyart.it\/de\/devotionalien\/2-november-allerseelentag\/#primaryimage\"},\"thumbnailUrl\":\"https:\/\/blog.holyart.it\/de\/wp-content\/uploads\/sites\/12\/2024\/10\/2.-November-Allerseelentag.jpg\",\"articleSection\":[\"Religion\"],\"inLanguage\":\"de\"},{\"@type\":\"WebPage\",\"@id\":\"https:\/\/blog.holyart.it\/de\/devotionalien\/2-november-allerseelentag\/\",\"url\":\"https:\/\/blog.holyart.it\/de\/devotionalien\/2-november-allerseelentag\/\",\"name\":\"2. November: Allerseelentag - Holyart.de Blog\",\"isPartOf\":{\"@id\":\"https:\/\/blog.holyart.it\/de\/#website\"},\"primaryImageOfPage\":{\"@id\":\"https:\/\/blog.holyart.it\/de\/devotionalien\/2-november-allerseelentag\/#primaryimage\"},\"image\":{\"@id\":\"https:\/\/blog.holyart.it\/de\/devotionalien\/2-november-allerseelentag\/#primaryimage\"},\"thumbnailUrl\":\"https:\/\/blog.holyart.it\/de\/wp-content\/uploads\/sites\/12\/2024\/10\/2.-November-Allerseelentag.jpg\",\"datePublished\":\"2024-10-28T09:00:00+00:00\",\"dateModified\":\"2025-10-28T10:51:23+00:00\",\"description\":\"Das Gedenken an die Toten ist ein wichtiges Fest der katholischen Religion, aber auch eine alte Tradition, die auf der ganzen Welt verbreitet ist und gefeiert wird.\",\"breadcrumb\":{\"@id\":\"https:\/\/blog.holyart.it\/de\/devotionalien\/2-november-allerseelentag\/#breadcrumb\"},\"inLanguage\":\"de\",\"potentialAction\":[{\"@type\":\"ReadAction\",\"target\":[\"https:\/\/blog.holyart.it\/de\/devotionalien\/2-november-allerseelentag\/\"]}]},{\"@type\":\"ImageObject\",\"inLanguage\":\"de\",\"@id\":\"https:\/\/blog.holyart.it\/de\/devotionalien\/2-november-allerseelentag\/#primaryimage\",\"url\":\"https:\/\/blog.holyart.it\/de\/wp-content\/uploads\/sites\/12\/2024\/10\/2.-November-Allerseelentag.jpg\",\"contentUrl\":\"https:\/\/blog.holyart.it\/de\/wp-content\/uploads\/sites\/12\/2024\/10\/2.-November-Allerseelentag.jpg\",\"width\":1000,\"height\":666,\"caption\":\"2. November Allerseelentag\"},{\"@type\":\"BreadcrumbList\",\"@id\":\"https:\/\/blog.holyart.it\/de\/devotionalien\/2-november-allerseelentag\/#breadcrumb\",\"itemListElement\":[{\"@type\":\"ListItem\",\"position\":1,\"name\":\"Homepage\",\"item\":\"https:\/\/blog.holyart.it\/de\/\"},{\"@type\":\"ListItem\",\"position\":2,\"name\":\"Religion\",\"item\":\"https:\/\/blog.holyart.it\/de\/devotionalien\/\"},{\"@type\":\"ListItem\",\"position\":3,\"name\":\"2. November: Allerseelentag\"}]},{\"@type\":\"WebSite\",\"@id\":\"https:\/\/blog.holyart.it\/de\/#website\",\"url\":\"https:\/\/blog.holyart.it\/de\/\",\"name\":\"Holyart.de Blog\",\"description\":\"Holyblog\",\"publisher\":{\"@id\":\"https:\/\/blog.holyart.it\/de\/#organization\"},\"potentialAction\":[{\"@type\":\"SearchAction\",\"target\":{\"@type\":\"EntryPoint\",\"urlTemplate\":\"https:\/\/blog.holyart.it\/de\/?s={search_term_string}\"},\"query-input\":{\"@type\":\"PropertyValueSpecification\",\"valueRequired\":true,\"valueName\":\"search_term_string\"}}],\"inLanguage\":\"de\"},{\"@type\":\"Organization\",\"@id\":\"https:\/\/blog.holyart.it\/de\/#organization\",\"name\":\"Holyart.de Blog\",\"url\":\"https:\/\/blog.holyart.it\/de\/\",\"logo\":{\"@type\":\"ImageObject\",\"inLanguage\":\"de\",\"@id\":\"https:\/\/blog.holyart.it\/de\/#\/schema\/logo\/image\/\",\"url\":\"https:\/\/blog.holyart.it\/de\/wp-content\/uploads\/sites\/12\/2022\/12\/Holyart_Blog_Logo.jpg\",\"contentUrl\":\"https:\/\/blog.holyart.it\/de\/wp-content\/uploads\/sites\/12\/2022\/12\/Holyart_Blog_Logo.jpg\",\"width\":300,\"height\":50,\"caption\":\"Holyart.de Blog\"},\"image\":{\"@id\":\"https:\/\/blog.holyart.it\/de\/#\/schema\/logo\/image\/\"}},{\"@type\":\"Person\",\"@id\":\"https:\/\/blog.holyart.it\/de\/#\/schema\/person\/0a7b686e5af0f856ec1e390dd0baecda\",\"name\":\"Redazione\",\"image\":{\"@type\":\"ImageObject\",\"inLanguage\":\"de\",\"@id\":\"https:\/\/blog.holyart.it\/de\/#\/schema\/person\/image\/\",\"url\":\"https:\/\/secure.gravatar.com\/avatar\/f477da817f43e50d0af36abecd33e3edf826c68299714bdc1057dff3b113f516?s=96&d=mm&r=g\",\"contentUrl\":\"https:\/\/secure.gravatar.com\/avatar\/f477da817f43e50d0af36abecd33e3edf826c68299714bdc1057dff3b113f516?s=96&d=mm&r=g\",\"caption\":\"Redazione\"}}]}<\/script>\n<!-- \/ Yoast SEO plugin. -->","yoast_head_json":{"title":"2. November: Allerseelentag - Holyart.de Blog","description":"Das Gedenken an die Toten ist ein wichtiges Fest der katholischen Religion, aber auch eine alte Tradition, die auf der ganzen Welt verbreitet ist und gefeiert wird.","robots":{"index":"index","follow":"follow","max-snippet":"max-snippet:-1","max-image-preview":"max-image-preview:large","max-video-preview":"max-video-preview:-1"},"canonical":"https:\/\/blog.holyart.it\/de\/devotionalien\/2-november-allerseelentag\/","og_locale":"de_DE","og_type":"article","og_title":"2. November: Allerseelentag - Holyart.de Blog","og_description":"Das Gedenken an die Toten ist ein wichtiges Fest der katholischen Religion, aber auch eine alte Tradition, die auf der ganzen Welt verbreitet ist und gefeiert wird.","og_url":"https:\/\/blog.holyart.it\/de\/devotionalien\/2-november-allerseelentag\/","og_site_name":"Holyart.de Blog","article_published_time":"2024-10-28T09:00:00+00:00","article_modified_time":"2025-10-28T10:51:23+00:00","og_image":[{"width":1000,"height":666,"url":"https:\/\/blog.holyart.it\/de\/wp-content\/uploads\/sites\/12\/2024\/10\/2.-November-Allerseelentag.jpg","type":"image\/jpeg"}],"author":"Redazione","twitter_card":"summary_large_image","twitter_misc":{"Verfasst von":"Redazione","Gesch\u00e4tzte Lesezeit":"11\u00a0Minuten"},"schema":{"@context":"https:\/\/schema.org","@graph":[{"@type":"Article","@id":"https:\/\/blog.holyart.it\/de\/devotionalien\/2-november-allerseelentag\/#article","isPartOf":{"@id":"https:\/\/blog.holyart.it\/de\/devotionalien\/2-november-allerseelentag\/"},"author":{"name":"Redazione","@id":"https:\/\/blog.holyart.it\/de\/#\/schema\/person\/0a7b686e5af0f856ec1e390dd0baecda"},"headline":"2. November: Allerseelentag","datePublished":"2024-10-28T09:00:00+00:00","dateModified":"2025-10-28T10:51:23+00:00","mainEntityOfPage":{"@id":"https:\/\/blog.holyart.it\/de\/devotionalien\/2-november-allerseelentag\/"},"wordCount":1646,"publisher":{"@id":"https:\/\/blog.holyart.it\/de\/#organization"},"image":{"@id":"https:\/\/blog.holyart.it\/de\/devotionalien\/2-november-allerseelentag\/#primaryimage"},"thumbnailUrl":"https:\/\/blog.holyart.it\/de\/wp-content\/uploads\/sites\/12\/2024\/10\/2.-November-Allerseelentag.jpg","articleSection":["Religion"],"inLanguage":"de"},{"@type":"WebPage","@id":"https:\/\/blog.holyart.it\/de\/devotionalien\/2-november-allerseelentag\/","url":"https:\/\/blog.holyart.it\/de\/devotionalien\/2-november-allerseelentag\/","name":"2. November: Allerseelentag - Holyart.de Blog","isPartOf":{"@id":"https:\/\/blog.holyart.it\/de\/#website"},"primaryImageOfPage":{"@id":"https:\/\/blog.holyart.it\/de\/devotionalien\/2-november-allerseelentag\/#primaryimage"},"image":{"@id":"https:\/\/blog.holyart.it\/de\/devotionalien\/2-november-allerseelentag\/#primaryimage"},"thumbnailUrl":"https:\/\/blog.holyart.it\/de\/wp-content\/uploads\/sites\/12\/2024\/10\/2.-November-Allerseelentag.jpg","datePublished":"2024-10-28T09:00:00+00:00","dateModified":"2025-10-28T10:51:23+00:00","description":"Das Gedenken an die Toten ist ein wichtiges Fest der katholischen Religion, aber auch eine alte Tradition, die auf der ganzen Welt verbreitet ist und gefeiert wird.","breadcrumb":{"@id":"https:\/\/blog.holyart.it\/de\/devotionalien\/2-november-allerseelentag\/#breadcrumb"},"inLanguage":"de","potentialAction":[{"@type":"ReadAction","target":["https:\/\/blog.holyart.it\/de\/devotionalien\/2-november-allerseelentag\/"]}]},{"@type":"ImageObject","inLanguage":"de","@id":"https:\/\/blog.holyart.it\/de\/devotionalien\/2-november-allerseelentag\/#primaryimage","url":"https:\/\/blog.holyart.it\/de\/wp-content\/uploads\/sites\/12\/2024\/10\/2.-November-Allerseelentag.jpg","contentUrl":"https:\/\/blog.holyart.it\/de\/wp-content\/uploads\/sites\/12\/2024\/10\/2.-November-Allerseelentag.jpg","width":1000,"height":666,"caption":"2. November Allerseelentag"},{"@type":"BreadcrumbList","@id":"https:\/\/blog.holyart.it\/de\/devotionalien\/2-november-allerseelentag\/#breadcrumb","itemListElement":[{"@type":"ListItem","position":1,"name":"Homepage","item":"https:\/\/blog.holyart.it\/de\/"},{"@type":"ListItem","position":2,"name":"Religion","item":"https:\/\/blog.holyart.it\/de\/devotionalien\/"},{"@type":"ListItem","position":3,"name":"2. November: Allerseelentag"}]},{"@type":"WebSite","@id":"https:\/\/blog.holyart.it\/de\/#website","url":"https:\/\/blog.holyart.it\/de\/","name":"Holyart.de Blog","description":"Holyblog","publisher":{"@id":"https:\/\/blog.holyart.it\/de\/#organization"},"potentialAction":[{"@type":"SearchAction","target":{"@type":"EntryPoint","urlTemplate":"https:\/\/blog.holyart.it\/de\/?s={search_term_string}"},"query-input":{"@type":"PropertyValueSpecification","valueRequired":true,"valueName":"search_term_string"}}],"inLanguage":"de"},{"@type":"Organization","@id":"https:\/\/blog.holyart.it\/de\/#organization","name":"Holyart.de Blog","url":"https:\/\/blog.holyart.it\/de\/","logo":{"@type":"ImageObject","inLanguage":"de","@id":"https:\/\/blog.holyart.it\/de\/#\/schema\/logo\/image\/","url":"https:\/\/blog.holyart.it\/de\/wp-content\/uploads\/sites\/12\/2022\/12\/Holyart_Blog_Logo.jpg","contentUrl":"https:\/\/blog.holyart.it\/de\/wp-content\/uploads\/sites\/12\/2022\/12\/Holyart_Blog_Logo.jpg","width":300,"height":50,"caption":"Holyart.de Blog"},"image":{"@id":"https:\/\/blog.holyart.it\/de\/#\/schema\/logo\/image\/"}},{"@type":"Person","@id":"https:\/\/blog.holyart.it\/de\/#\/schema\/person\/0a7b686e5af0f856ec1e390dd0baecda","name":"Redazione","image":{"@type":"ImageObject","inLanguage":"de","@id":"https:\/\/blog.holyart.it\/de\/#\/schema\/person\/image\/","url":"https:\/\/secure.gravatar.com\/avatar\/f477da817f43e50d0af36abecd33e3edf826c68299714bdc1057dff3b113f516?s=96&d=mm&r=g","contentUrl":"https:\/\/secure.gravatar.com\/avatar\/f477da817f43e50d0af36abecd33e3edf826c68299714bdc1057dff3b113f516?s=96&d=mm&r=g","caption":"Redazione"}}]}},"_links":{"self":[{"href":"https:\/\/blog.holyart.it\/de\/wp-json\/wp\/v2\/posts\/4789","targetHints":{"allow":["GET"]}}],"collection":[{"href":"https:\/\/blog.holyart.it\/de\/wp-json\/wp\/v2\/posts"}],"about":[{"href":"https:\/\/blog.holyart.it\/de\/wp-json\/wp\/v2\/types\/post"}],"author":[{"embeddable":true,"href":"https:\/\/blog.holyart.it\/de\/wp-json\/wp\/v2\/users\/1"}],"replies":[{"embeddable":true,"href":"https:\/\/blog.holyart.it\/de\/wp-json\/wp\/v2\/comments?post=4789"}],"version-history":[{"count":6,"href":"https:\/\/blog.holyart.it\/de\/wp-json\/wp\/v2\/posts\/4789\/revisions"}],"predecessor-version":[{"id":4805,"href":"https:\/\/blog.holyart.it\/de\/wp-json\/wp\/v2\/posts\/4789\/revisions\/4805"}],"wp:featuredmedia":[{"embeddable":true,"href":"https:\/\/blog.holyart.it\/de\/wp-json\/wp\/v2\/media\/4791"}],"wp:attachment":[{"href":"https:\/\/blog.holyart.it\/de\/wp-json\/wp\/v2\/media?parent=4789"}],"wp:term":[{"taxonomy":"category","embeddable":true,"href":"https:\/\/blog.holyart.it\/de\/wp-json\/wp\/v2\/categories?post=4789"},{"taxonomy":"post_tag","embeddable":true,"href":"https:\/\/blog.holyart.it\/de\/wp-json\/wp\/v2\/tags?post=4789"}],"curies":[{"name":"wp","href":"https:\/\/api.w.org\/{rel}","templated":true}]}}