{"id":472,"date":"2017-11-08T11:54:33","date_gmt":"2017-11-08T10:54:33","guid":{"rendered":"https:\/\/blog.holyart.it\/de\/?p=472"},"modified":"2018-02-09T12:09:45","modified_gmt":"2018-02-09T11:09:45","slug":"wie-dekoriere-ich-meinen-weihnachtstisch","status":"publish","type":"post","link":"https:\/\/blog.holyart.it\/de\/weihnachten\/wie-dekoriere-ich-meinen-weihnachtstisch\/","title":{"rendered":"Wie dekoriere ich meinen Weihnachtstisch?"},"content":{"rendered":"<p><strong>Weihnachten<\/strong> ist die Festlichkeit, die am meisten jeden Aspekt unseres Alltages beeinflusst. Sogar wer sich entscheidet es nicht zu feiern, kann dessen Faszination nicht entwischen und wird auf unbewusster Weise von der Atmosph\u00e4re die unter den Weihnachtstagen die Stra\u00dfen, Gesch\u00e4ften und H\u00e4user beherrscht, umarmt und angesteckt.<\/p>\n<p>Es ist ein Zauber aus <strong>Farben<\/strong>, <strong>Lichter<\/strong> und <strong>D\u00fcfte<\/strong>, mit einem tiefen Sinn von <strong>W\u00e4rme<\/strong> und <strong>Einigkeit<\/strong>, die jeden Herzen erw\u00e4rmt, jeden ein bisschen enger zusammenr\u00fcckt, das Gute und die N\u00e4chstenliebe von uns Menschen hervorhebt. Die Entscheidung <span style=\"color: #0000ff;\"><strong><a style=\"color: #0000ff;\" href=\"https:\/\/www.holyart.de\/weihnachten\/weihnachtsschmuck\">das eigene zu Hause f\u00fcr Weihnachten zu dekorieren<\/a><\/strong><\/span> \u00a0und vor allem den eigenen Weihnachtstisch zu versch\u00f6nern, ist somit sehr wichtig.<\/p>\n<p>Es ist die Gelegenheit ein bisschen von dieser W\u00e4rme in den eigenen vier W\u00e4nden und im Haus der Familie zu bringen und gleichzeitig die R\u00e4ume in denen wir mehr Zeit verbringen, f\u00fcr die Feiertage zu versch\u00f6nern, sie heller und eleganter zu gestalten. Kurz gesagt: sie speziell zu machen.<\/p>\n<p>Es gibt unendlich viele Vorschl\u00e4ge wie wir unseren <strong>Weihnachtstisch dekorieren<\/strong> k\u00f6nnen. Die Modezeitschriften und die Schaufenster der Gesch\u00e4ften sind voll mit diesen Ratschl\u00e4gen. Es gibt L\u00f6sungen f\u00fcr jeden Geschmack und f\u00fcr jede Brieftasche, einige davon werden speziell ausgew\u00e4hlt um raffinierte Eleganz, Luxus, Design und Glamour auszustrahlen; andere achten mehr darauf, trotz der Sch\u00f6nheit und der Details, diese einzigartige Atmosph\u00e4re die speziell zu Weihnachten aufkommt, auszustrahlen.<\/p>\n<p>So zum Beispiel die <span style=\"color: #0000ff;\"><strong><a style=\"color: #0000ff;\" href=\"https:\/\/www.holyart.de\/weihnachten\/weihnachtskerzen\">Weihnachtskerzen<\/a><\/strong><\/span>, die mit Besonnenheit den Tisch beleuchten und erw\u00e4rmen. Es gibt sie in Form eines Engels, eines goldenen Baumzapfen oder einfach sch\u00f6ne und spezielle Kerzen, die perfekt zu diesen besonderen Anl\u00e4ssen passen. Diese werden oft von weihnachtlichen Kr\u00e4nzen begleitet, mit Beeren, Ilex, roten Perlen oder zum Beispiel in einem exklusiven Kerzenhalter in Engelsform. Ein gro\u00dfer Klassiker bleibt aber der <strong>Adventskranz<\/strong>, der als T\u00fcr- aber auch als Tischdekoration oder Kerzenhalter verwendet werden kann. Kleinere Dekorationen wie zum Beispiel die <strong>kleinen dekorierten Nippfiguren<\/strong> aus Holz, k\u00f6nnen auf dem Weihnachtstisch als Platzanweiser dienen, um in deinem zu Hause noch mehr W\u00e4rme und Vertraulichkeit zu schaffen.<\/p>\n<p>Viele unterschiedliche und anpassbare L\u00f6sungen um deinen Tisch f\u00fcr das gro\u00dfe Fest einzigartig und unvergesslich zu gestalten.<\/p>\n","protected":false},"excerpt":{"rendered":"<p>Weihnachten ist die Festlichkeit, die am meisten jeden Aspekt unseres Alltages beeinflusst. Sogar wer sich entscheidet es nicht zu feiern, kann dessen Faszination nicht entwischen und wird auf unbewusster Weise von der Atmosph\u00e4re die unter den Weihnachtstagen die Stra\u00dfen, Gesch\u00e4ften und H\u00e4user beherrscht, umarmt und&hellip;<\/p>\n","protected":false},"author":1,"featured_media":473,"comment_status":"closed","ping_status":"open","sticky":false,"template":"","format":"standard","meta":{"_acf_changed":false,"footnotes":""},"categories":[12],"tags":[],"class_list":["post-472","post","type-post","status-publish","format-standard","has-post-thumbnail","hentry","category-weihnachten"],"acf":[],"yoast_head":"<!-- This site is optimized with the Yoast SEO plugin v26.6 - https:\/\/yoast.com\/wordpress\/plugins\/seo\/ -->\n<title>Wie dekoriere ich meinen Weihnachtstisch? - Holyart.de Blog<\/title>\n<meta name=\"description\" content=\"Die Entscheidung das eigene zu Hause f\u00fcr Weihnachten zu dekorieren und vor allem den eigenen Weihnachtstisch zu versch\u00f6nern, ist somit sehr wichtig.\" \/>\n<meta name=\"robots\" content=\"index, follow, max-snippet:-1, max-image-preview:large, max-video-preview:-1\" \/>\n<link rel=\"canonical\" href=\"https:\/\/blog.holyart.it\/de\/weihnachten\/wie-dekoriere-ich-meinen-weihnachtstisch\/\" \/>\n<meta property=\"og:locale\" content=\"de_DE\" \/>\n<meta property=\"og:type\" content=\"article\" \/>\n<meta property=\"og:title\" content=\"Wie dekoriere ich meinen Weihnachtstisch? - Holyart.de Blog\" \/>\n<meta property=\"og:description\" content=\"Die Entscheidung das eigene zu Hause f\u00fcr Weihnachten zu dekorieren und vor allem den eigenen Weihnachtstisch zu versch\u00f6nern, ist somit sehr wichtig.\" \/>\n<meta property=\"og:url\" content=\"https:\/\/blog.holyart.it\/de\/weihnachten\/wie-dekoriere-ich-meinen-weihnachtstisch\/\" \/>\n<meta property=\"og:site_name\" content=\"Holyart.de Blog\" \/>\n<meta property=\"article:published_time\" content=\"2017-11-08T10:54:33+00:00\" \/>\n<meta property=\"article:modified_time\" content=\"2018-02-09T11:09:45+00:00\" \/>\n<meta property=\"og:image\" content=\"https:\/\/blog.holyart.it\/de\/wp-content\/uploads\/sites\/12\/2018\/02\/Wie-dekoriere-ich-meinen-Weihnachtstisch.jpg\" \/>\n\t<meta property=\"og:image:width\" content=\"1000\" \/>\n\t<meta property=\"og:image:height\" content=\"666\" \/>\n\t<meta property=\"og:image:type\" content=\"image\/jpeg\" \/>\n<meta name=\"author\" content=\"Redazione\" \/>\n<meta name=\"twitter:card\" content=\"summary_large_image\" \/>\n<meta name=\"twitter:label1\" content=\"Verfasst von\" \/>\n\t<meta name=\"twitter:data1\" content=\"Redazione\" \/>\n\t<meta name=\"twitter:label2\" content=\"Gesch\u00e4tzte Lesezeit\" \/>\n\t<meta name=\"twitter:data2\" content=\"2\u00a0Minuten\" \/>\n<script type=\"application\/ld+json\" class=\"yoast-schema-graph\">{\"@context\":\"https:\/\/schema.org\",\"@graph\":[{\"@type\":\"Article\",\"@id\":\"https:\/\/blog.holyart.it\/de\/weihnachten\/wie-dekoriere-ich-meinen-weihnachtstisch\/#article\",\"isPartOf\":{\"@id\":\"https:\/\/blog.holyart.it\/de\/weihnachten\/wie-dekoriere-ich-meinen-weihnachtstisch\/\"},\"author\":{\"name\":\"Redazione\",\"@id\":\"https:\/\/blog.holyart.it\/de\/#\/schema\/person\/0a7b686e5af0f856ec1e390dd0baecda\"},\"headline\":\"Wie dekoriere ich meinen Weihnachtstisch?\",\"datePublished\":\"2017-11-08T10:54:33+00:00\",\"dateModified\":\"2018-02-09T11:09:45+00:00\",\"mainEntityOfPage\":{\"@id\":\"https:\/\/blog.holyart.it\/de\/weihnachten\/wie-dekoriere-ich-meinen-weihnachtstisch\/\"},\"wordCount\":381,\"publisher\":{\"@id\":\"https:\/\/blog.holyart.it\/de\/#organization\"},\"image\":{\"@id\":\"https:\/\/blog.holyart.it\/de\/weihnachten\/wie-dekoriere-ich-meinen-weihnachtstisch\/#primaryimage\"},\"thumbnailUrl\":\"https:\/\/blog.holyart.it\/de\/wp-content\/uploads\/sites\/12\/2018\/02\/Wie-dekoriere-ich-meinen-Weihnachtstisch.jpg\",\"articleSection\":[\"Weihnachten\"],\"inLanguage\":\"de\"},{\"@type\":\"WebPage\",\"@id\":\"https:\/\/blog.holyart.it\/de\/weihnachten\/wie-dekoriere-ich-meinen-weihnachtstisch\/\",\"url\":\"https:\/\/blog.holyart.it\/de\/weihnachten\/wie-dekoriere-ich-meinen-weihnachtstisch\/\",\"name\":\"Wie dekoriere ich meinen Weihnachtstisch? - Holyart.de Blog\",\"isPartOf\":{\"@id\":\"https:\/\/blog.holyart.it\/de\/#website\"},\"primaryImageOfPage\":{\"@id\":\"https:\/\/blog.holyart.it\/de\/weihnachten\/wie-dekoriere-ich-meinen-weihnachtstisch\/#primaryimage\"},\"image\":{\"@id\":\"https:\/\/blog.holyart.it\/de\/weihnachten\/wie-dekoriere-ich-meinen-weihnachtstisch\/#primaryimage\"},\"thumbnailUrl\":\"https:\/\/blog.holyart.it\/de\/wp-content\/uploads\/sites\/12\/2018\/02\/Wie-dekoriere-ich-meinen-Weihnachtstisch.jpg\",\"datePublished\":\"2017-11-08T10:54:33+00:00\",\"dateModified\":\"2018-02-09T11:09:45+00:00\",\"description\":\"Die Entscheidung das eigene zu Hause f\u00fcr Weihnachten zu dekorieren und vor allem den eigenen Weihnachtstisch zu versch\u00f6nern, ist somit sehr wichtig.\",\"breadcrumb\":{\"@id\":\"https:\/\/blog.holyart.it\/de\/weihnachten\/wie-dekoriere-ich-meinen-weihnachtstisch\/#breadcrumb\"},\"inLanguage\":\"de\",\"potentialAction\":[{\"@type\":\"ReadAction\",\"target\":[\"https:\/\/blog.holyart.it\/de\/weihnachten\/wie-dekoriere-ich-meinen-weihnachtstisch\/\"]}]},{\"@type\":\"ImageObject\",\"inLanguage\":\"de\",\"@id\":\"https:\/\/blog.holyart.it\/de\/weihnachten\/wie-dekoriere-ich-meinen-weihnachtstisch\/#primaryimage\",\"url\":\"https:\/\/blog.holyart.it\/de\/wp-content\/uploads\/sites\/12\/2018\/02\/Wie-dekoriere-ich-meinen-Weihnachtstisch.jpg\",\"contentUrl\":\"https:\/\/blog.holyart.it\/de\/wp-content\/uploads\/sites\/12\/2018\/02\/Wie-dekoriere-ich-meinen-Weihnachtstisch.jpg\",\"width\":1000,\"height\":666,\"caption\":\"Wie dekoriere ich meinen Weihnachtstisch\"},{\"@type\":\"BreadcrumbList\",\"@id\":\"https:\/\/blog.holyart.it\/de\/weihnachten\/wie-dekoriere-ich-meinen-weihnachtstisch\/#breadcrumb\",\"itemListElement\":[{\"@type\":\"ListItem\",\"position\":1,\"name\":\"Homepage\",\"item\":\"https:\/\/blog.holyart.it\/de\/\"},{\"@type\":\"ListItem\",\"position\":2,\"name\":\"Weihnachten\",\"item\":\"https:\/\/blog.holyart.it\/de\/weihnachten\/\"},{\"@type\":\"ListItem\",\"position\":3,\"name\":\"Wie dekoriere ich meinen Weihnachtstisch?\"}]},{\"@type\":\"WebSite\",\"@id\":\"https:\/\/blog.holyart.it\/de\/#website\",\"url\":\"https:\/\/blog.holyart.it\/de\/\",\"name\":\"Holyart.de Blog\",\"description\":\"Holyblog\",\"publisher\":{\"@id\":\"https:\/\/blog.holyart.it\/de\/#organization\"},\"potentialAction\":[{\"@type\":\"SearchAction\",\"target\":{\"@type\":\"EntryPoint\",\"urlTemplate\":\"https:\/\/blog.holyart.it\/de\/?s={search_term_string}\"},\"query-input\":{\"@type\":\"PropertyValueSpecification\",\"valueRequired\":true,\"valueName\":\"search_term_string\"}}],\"inLanguage\":\"de\"},{\"@type\":\"Organization\",\"@id\":\"https:\/\/blog.holyart.it\/de\/#organization\",\"name\":\"Holyart.de Blog\",\"url\":\"https:\/\/blog.holyart.it\/de\/\",\"logo\":{\"@type\":\"ImageObject\",\"inLanguage\":\"de\",\"@id\":\"https:\/\/blog.holyart.it\/de\/#\/schema\/logo\/image\/\",\"url\":\"https:\/\/blog.holyart.it\/de\/wp-content\/uploads\/sites\/12\/2022\/12\/Holyart_Blog_Logo.jpg\",\"contentUrl\":\"https:\/\/blog.holyart.it\/de\/wp-content\/uploads\/sites\/12\/2022\/12\/Holyart_Blog_Logo.jpg\",\"width\":300,\"height\":50,\"caption\":\"Holyart.de Blog\"},\"image\":{\"@id\":\"https:\/\/blog.holyart.it\/de\/#\/schema\/logo\/image\/\"}},{\"@type\":\"Person\",\"@id\":\"https:\/\/blog.holyart.it\/de\/#\/schema\/person\/0a7b686e5af0f856ec1e390dd0baecda\",\"name\":\"Redazione\",\"image\":{\"@type\":\"ImageObject\",\"inLanguage\":\"de\",\"@id\":\"https:\/\/blog.holyart.it\/de\/#\/schema\/person\/image\/\",\"url\":\"https:\/\/secure.gravatar.com\/avatar\/f477da817f43e50d0af36abecd33e3edf826c68299714bdc1057dff3b113f516?s=96&d=mm&r=g\",\"contentUrl\":\"https:\/\/secure.gravatar.com\/avatar\/f477da817f43e50d0af36abecd33e3edf826c68299714bdc1057dff3b113f516?s=96&d=mm&r=g\",\"caption\":\"Redazione\"}}]}<\/script>\n<!-- \/ Yoast SEO plugin. -->","yoast_head_json":{"title":"Wie dekoriere ich meinen Weihnachtstisch? - Holyart.de Blog","description":"Die Entscheidung das eigene zu Hause f\u00fcr Weihnachten zu dekorieren und vor allem den eigenen Weihnachtstisch zu versch\u00f6nern, ist somit sehr wichtig.","robots":{"index":"index","follow":"follow","max-snippet":"max-snippet:-1","max-image-preview":"max-image-preview:large","max-video-preview":"max-video-preview:-1"},"canonical":"https:\/\/blog.holyart.it\/de\/weihnachten\/wie-dekoriere-ich-meinen-weihnachtstisch\/","og_locale":"de_DE","og_type":"article","og_title":"Wie dekoriere ich meinen Weihnachtstisch? - Holyart.de Blog","og_description":"Die Entscheidung das eigene zu Hause f\u00fcr Weihnachten zu dekorieren und vor allem den eigenen Weihnachtstisch zu versch\u00f6nern, ist somit sehr wichtig.","og_url":"https:\/\/blog.holyart.it\/de\/weihnachten\/wie-dekoriere-ich-meinen-weihnachtstisch\/","og_site_name":"Holyart.de Blog","article_published_time":"2017-11-08T10:54:33+00:00","article_modified_time":"2018-02-09T11:09:45+00:00","og_image":[{"width":1000,"height":666,"url":"https:\/\/blog.holyart.it\/de\/wp-content\/uploads\/sites\/12\/2018\/02\/Wie-dekoriere-ich-meinen-Weihnachtstisch.jpg","type":"image\/jpeg"}],"author":"Redazione","twitter_card":"summary_large_image","twitter_misc":{"Verfasst von":"Redazione","Gesch\u00e4tzte Lesezeit":"2\u00a0Minuten"},"schema":{"@context":"https:\/\/schema.org","@graph":[{"@type":"Article","@id":"https:\/\/blog.holyart.it\/de\/weihnachten\/wie-dekoriere-ich-meinen-weihnachtstisch\/#article","isPartOf":{"@id":"https:\/\/blog.holyart.it\/de\/weihnachten\/wie-dekoriere-ich-meinen-weihnachtstisch\/"},"author":{"name":"Redazione","@id":"https:\/\/blog.holyart.it\/de\/#\/schema\/person\/0a7b686e5af0f856ec1e390dd0baecda"},"headline":"Wie dekoriere ich meinen Weihnachtstisch?","datePublished":"2017-11-08T10:54:33+00:00","dateModified":"2018-02-09T11:09:45+00:00","mainEntityOfPage":{"@id":"https:\/\/blog.holyart.it\/de\/weihnachten\/wie-dekoriere-ich-meinen-weihnachtstisch\/"},"wordCount":381,"publisher":{"@id":"https:\/\/blog.holyart.it\/de\/#organization"},"image":{"@id":"https:\/\/blog.holyart.it\/de\/weihnachten\/wie-dekoriere-ich-meinen-weihnachtstisch\/#primaryimage"},"thumbnailUrl":"https:\/\/blog.holyart.it\/de\/wp-content\/uploads\/sites\/12\/2018\/02\/Wie-dekoriere-ich-meinen-Weihnachtstisch.jpg","articleSection":["Weihnachten"],"inLanguage":"de"},{"@type":"WebPage","@id":"https:\/\/blog.holyart.it\/de\/weihnachten\/wie-dekoriere-ich-meinen-weihnachtstisch\/","url":"https:\/\/blog.holyart.it\/de\/weihnachten\/wie-dekoriere-ich-meinen-weihnachtstisch\/","name":"Wie dekoriere ich meinen Weihnachtstisch? - Holyart.de Blog","isPartOf":{"@id":"https:\/\/blog.holyart.it\/de\/#website"},"primaryImageOfPage":{"@id":"https:\/\/blog.holyart.it\/de\/weihnachten\/wie-dekoriere-ich-meinen-weihnachtstisch\/#primaryimage"},"image":{"@id":"https:\/\/blog.holyart.it\/de\/weihnachten\/wie-dekoriere-ich-meinen-weihnachtstisch\/#primaryimage"},"thumbnailUrl":"https:\/\/blog.holyart.it\/de\/wp-content\/uploads\/sites\/12\/2018\/02\/Wie-dekoriere-ich-meinen-Weihnachtstisch.jpg","datePublished":"2017-11-08T10:54:33+00:00","dateModified":"2018-02-09T11:09:45+00:00","description":"Die Entscheidung das eigene zu Hause f\u00fcr Weihnachten zu dekorieren und vor allem den eigenen Weihnachtstisch zu versch\u00f6nern, ist somit sehr wichtig.","breadcrumb":{"@id":"https:\/\/blog.holyart.it\/de\/weihnachten\/wie-dekoriere-ich-meinen-weihnachtstisch\/#breadcrumb"},"inLanguage":"de","potentialAction":[{"@type":"ReadAction","target":["https:\/\/blog.holyart.it\/de\/weihnachten\/wie-dekoriere-ich-meinen-weihnachtstisch\/"]}]},{"@type":"ImageObject","inLanguage":"de","@id":"https:\/\/blog.holyart.it\/de\/weihnachten\/wie-dekoriere-ich-meinen-weihnachtstisch\/#primaryimage","url":"https:\/\/blog.holyart.it\/de\/wp-content\/uploads\/sites\/12\/2018\/02\/Wie-dekoriere-ich-meinen-Weihnachtstisch.jpg","contentUrl":"https:\/\/blog.holyart.it\/de\/wp-content\/uploads\/sites\/12\/2018\/02\/Wie-dekoriere-ich-meinen-Weihnachtstisch.jpg","width":1000,"height":666,"caption":"Wie dekoriere ich meinen Weihnachtstisch"},{"@type":"BreadcrumbList","@id":"https:\/\/blog.holyart.it\/de\/weihnachten\/wie-dekoriere-ich-meinen-weihnachtstisch\/#breadcrumb","itemListElement":[{"@type":"ListItem","position":1,"name":"Homepage","item":"https:\/\/blog.holyart.it\/de\/"},{"@type":"ListItem","position":2,"name":"Weihnachten","item":"https:\/\/blog.holyart.it\/de\/weihnachten\/"},{"@type":"ListItem","position":3,"name":"Wie dekoriere ich meinen Weihnachtstisch?"}]},{"@type":"WebSite","@id":"https:\/\/blog.holyart.it\/de\/#website","url":"https:\/\/blog.holyart.it\/de\/","name":"Holyart.de Blog","description":"Holyblog","publisher":{"@id":"https:\/\/blog.holyart.it\/de\/#organization"},"potentialAction":[{"@type":"SearchAction","target":{"@type":"EntryPoint","urlTemplate":"https:\/\/blog.holyart.it\/de\/?s={search_term_string}"},"query-input":{"@type":"PropertyValueSpecification","valueRequired":true,"valueName":"search_term_string"}}],"inLanguage":"de"},{"@type":"Organization","@id":"https:\/\/blog.holyart.it\/de\/#organization","name":"Holyart.de Blog","url":"https:\/\/blog.holyart.it\/de\/","logo":{"@type":"ImageObject","inLanguage":"de","@id":"https:\/\/blog.holyart.it\/de\/#\/schema\/logo\/image\/","url":"https:\/\/blog.holyart.it\/de\/wp-content\/uploads\/sites\/12\/2022\/12\/Holyart_Blog_Logo.jpg","contentUrl":"https:\/\/blog.holyart.it\/de\/wp-content\/uploads\/sites\/12\/2022\/12\/Holyart_Blog_Logo.jpg","width":300,"height":50,"caption":"Holyart.de Blog"},"image":{"@id":"https:\/\/blog.holyart.it\/de\/#\/schema\/logo\/image\/"}},{"@type":"Person","@id":"https:\/\/blog.holyart.it\/de\/#\/schema\/person\/0a7b686e5af0f856ec1e390dd0baecda","name":"Redazione","image":{"@type":"ImageObject","inLanguage":"de","@id":"https:\/\/blog.holyart.it\/de\/#\/schema\/person\/image\/","url":"https:\/\/secure.gravatar.com\/avatar\/f477da817f43e50d0af36abecd33e3edf826c68299714bdc1057dff3b113f516?s=96&d=mm&r=g","contentUrl":"https:\/\/secure.gravatar.com\/avatar\/f477da817f43e50d0af36abecd33e3edf826c68299714bdc1057dff3b113f516?s=96&d=mm&r=g","caption":"Redazione"}}]}},"_links":{"self":[{"href":"https:\/\/blog.holyart.it\/de\/wp-json\/wp\/v2\/posts\/472","targetHints":{"allow":["GET"]}}],"collection":[{"href":"https:\/\/blog.holyart.it\/de\/wp-json\/wp\/v2\/posts"}],"about":[{"href":"https:\/\/blog.holyart.it\/de\/wp-json\/wp\/v2\/types\/post"}],"author":[{"embeddable":true,"href":"https:\/\/blog.holyart.it\/de\/wp-json\/wp\/v2\/users\/1"}],"replies":[{"embeddable":true,"href":"https:\/\/blog.holyart.it\/de\/wp-json\/wp\/v2\/comments?post=472"}],"version-history":[{"count":0,"href":"https:\/\/blog.holyart.it\/de\/wp-json\/wp\/v2\/posts\/472\/revisions"}],"wp:featuredmedia":[{"embeddable":true,"href":"https:\/\/blog.holyart.it\/de\/wp-json\/wp\/v2\/media\/473"}],"wp:attachment":[{"href":"https:\/\/blog.holyart.it\/de\/wp-json\/wp\/v2\/media?parent=472"}],"wp:term":[{"taxonomy":"category","embeddable":true,"href":"https:\/\/blog.holyart.it\/de\/wp-json\/wp\/v2\/categories?post=472"},{"taxonomy":"post_tag","embeddable":true,"href":"https:\/\/blog.holyart.it\/de\/wp-json\/wp\/v2\/tags?post=472"}],"curies":[{"name":"wp","href":"https:\/\/api.w.org\/{rel}","templated":true}]}}