{"id":4708,"date":"2024-10-09T10:00:39","date_gmt":"2024-10-09T08:00:39","guid":{"rendered":"https:\/\/blog.holyart.it\/de\/?p=4708"},"modified":"2024-10-11T17:24:34","modified_gmt":"2024-10-11T15:24:34","slug":"die-schwarze-madonna-im-heiligtum-von-san-luca-in-bologna","status":"publish","type":"post","link":"https:\/\/blog.holyart.it\/de\/devotionalien\/die-schwarze-madonna-im-heiligtum-von-san-luca-in-bologna\/","title":{"rendered":"Die Schwarze Madonna im Heiligtum von San Luca in Bologna"},"content":{"rendered":"<h4>Die Schwarze Madonna im Heiligtum auf dem Colle della Guardia in Bologna ist eines der heiligen Bilder, die dem heiligen Lukas zugeschrieben werden. Hier ist ihre Geschichte.<\/h4>\n<p>Es gibt viele Darstellungen der Madonna, die direkt dem heiligen Lukas zugeschrieben werden. Denken wir an die <a href=\"https:\/\/www.holyart.de\/blog\/devotionalien\/die-schwarze-jungfrau-von-tschenstochau-gemalt-vom-heiligen-lukas\/\"><strong>Schwarze Madonna von Tschenstochau<\/strong><\/a>, die Madonna d&#8217;Aracoeli, die Schwarze Madonna in der Kapelle von San Marco in Jerusalem und viele andere byzantinische Kunstwerke. Auch die Schwarze Madonna im Heiligtum, das dem heiligen Lukas in Bologna gewidmet ist und vom Colle della Guardia aus die gesamte Stadt zu \u00fcberwachen scheint, wird dem Evangelisten zugeschrieben. Es ist genau das Ikonenbild, das die Jungfrau mit dem segnenden Jesuskind darstellt und seit Jahrhunderten an diesem Ort aufbewahrt wird, das den Bau und die Widmung dieses Heiligtums an diesen besonderen Heiligen veranlasst haben soll.<\/p>\n<div class=\"link-article\">\n<p><img loading=\"lazy\" decoding=\"async\" class=\"size-full wp-image-4711 alignleft\" src=\"https:\/\/blog.holyart.it\/de\/wp-content\/uploads\/sites\/12\/2024\/09\/schwarze-Madonna-von-Tschenstochau.jpg\" alt=\"schwarze Madonna von Tschenstochau\" width=\"150\" height=\"99\" data-kale-share-title=\"Die Schwarze Madonna im Heiligtum von San Luca in Bologna\" data-kale-share-url=\"https:\/\/blog.holyart.it\/de\/?p=4708\" \/><\/p>\n<div class=\"leggi-anche\">Lesen Sie auch:<\/div>\n<p><strong><a href=\"https:\/\/www.holyart.de\/blog\/devotionalien\/die-schwarze-jungfrau-von-tschenstochau-gemalt-vom-heiligen-lukas\/\">Die Schwarze Jungfrau von Tschenstochau, gemalt vom Heiligen Lukas<\/a><\/strong><br \/>\nDie Schwarze Madonna von Tschenstochau ist eine der&#8230;<\/p>\n<\/div>\n<p>Laut Legende erhielt ein griechischer Einsiedler auf seiner Reise nach Konstantinopel von den Priestern der Hagia Sophia diese kostbare Ikone der Schwarzen Madonna, ein Werk des <a href=\"https:\/\/www.holyart.de\/devotionalien\/ikonen\/rumanische-ikonen\/ikone-heiliger-evangelist-lukas-ovale-form\"><strong>Evangelisten Lukas<\/strong><\/a>. Da eine Inschrift auf dem Gem\u00e4lde anordnete, dass es zum Monte della Guardia gebracht werden sollte, machte sich der Einsiedler auf den Weg, um einen Ort mit diesem Namen zu finden. In Rom erfuhr er, dass in der N\u00e4he von Bologna ein H\u00fcgel mit diesem Namen existierte, und setzte seine Reise fort. In Bologna wurde die Schwarze Madonna mit gro\u00dfer Feierlichkeit empfangen und vom Volk und den Beh\u00f6rden in einer Prozession auf den Berg gebracht.<\/p>\n<div class=\"link-product\">\n<div class=\"blocco-immagine\"><img loading=\"lazy\" decoding=\"async\" class=\"size-full wp-image-4712 alignleft\" src=\"https:\/\/blog.holyart.it\/de\/wp-content\/uploads\/sites\/12\/2024\/09\/Evangelisten-Lukas.jpg\" alt=\"Evangelisten Lukas\" width=\"100\" height=\"100\" data-kale-share-title=\"Die Schwarze Madonna im Heiligtum von San Luca in Bologna\" data-kale-share-url=\"https:\/\/blog.holyart.it\/de\/?p=4708\" \/><\/div>\n<div class=\"blocco-contenuto\">\n<div class=\"blocco-acquista\">Einkaufen:<\/div>\n<div class=\"blocco-titolo\"><a href=\"https:\/\/www.holyart.de\/devotionalien\/ikonen\/rumanische-ikonen\/ikone-heiliger-evangelist-lukas-ovale-form\">Ikone Heiliger Evangelist Lukas ovale Form<\/a><\/div>\n<div class=\"blocco-descrizione\">Der Heilige Lukas wird wie die anderen Evangelisten in seinem Schreibzimmer dargestellt.<\/div>\n<\/div>\n<\/div>\n<h2>Das Heiligtum der Madonna von San Luca<\/h2>\n<p>Sp\u00e4ter, im Mittelalter, wurden auf dem Berg ein Oratorium und eine Kirche errichtet, auf Wunsch von Angelica Bonfantini, einer Adligen, die beschloss, Ordensgel\u00fcbde abzulegen und ihren Besitz am Monte della Guardia den Kanonikern von Santa Maria in Reno, ihrem Orden, zu schenken. Im Gegenzug bat sie um Hilfe beim Bau einer Kirche und deren Erhaltung, einschlie\u00dflich der Nutzung und der Ertr\u00e4ge aus den im Laufe der Zeit von den Gl\u00e4ubigen gespendeten G\u00fctern. So wurde im Mai 1194 der Grundstein f\u00fcr die neue Kirche auf dem Colle della Guardia gelegt, wo die <a href=\"https:\/\/www.holyart.de\/devotionalien\/ikonen\/rumanische-ikonen\/ikone-gottesmutter-der-zartlichkeit-18x22cm\"><strong>Ikone der Jungfrau mit dem Kind<\/strong><\/a> untergebracht werden sollte.<\/p>\n<div class=\"link-product\">\n<div class=\"blocco-immagine\"><img loading=\"lazy\" decoding=\"async\" class=\"size-full wp-image-4713 alignleft\" src=\"https:\/\/blog.holyart.it\/de\/wp-content\/uploads\/sites\/12\/2024\/09\/Ikone-der-Jungfrau-mit-dem-Kind.jpg\" alt=\"Ikone der Jungfrau mit dem Kind\" width=\"100\" height=\"100\" data-kale-share-title=\"Die Schwarze Madonna im Heiligtum von San Luca in Bologna\" data-kale-share-url=\"https:\/\/blog.holyart.it\/de\/?p=4708\" \/><\/div>\n<div class=\"blocco-contenuto\">\n<div class=\"blocco-acquista\">Einkaufen:<\/div>\n<div class=\"blocco-titolo\"><a href=\"https:\/\/www.holyart.de\/devotionalien\/ikonen\/rumanische-ikonen\/ikone-gottesmutter-der-zartlichkeit-18x22cm\">Ikone Gottesmutter der Z\u00e4rtlichkeit 18x22cm<\/a><\/div>\n<div class=\"blocco-descrizione\">Ikone Gottesmutter der Z\u00e4rtlichkeit 18x22cm. Die Ikone ist Teil eine Kleinserie, handgemalt in Rum\u00e4nien.<\/div>\n<\/div>\n<\/div>\n<p>Dank der Intervention des Papstes und trotz jahrelanger Streitigkeiten mit dem Reno-Orden gelang es Angelica, die Privilegien und Rechte an der Kirche und dem Kanonikat zu behalten. Nach ihrem Tod wurde die Kirche einer Gruppe von Augustinerinnen aus dem Einsiedlerkloster Ronzano anvertraut, die sp\u00e4ter dem Dominikanerorden angegliedert wurden. Die Nonnen errichteten in der N\u00e4he ein Kloster, das dem heiligen Matthias gewidmet war, wo die Mutter Oberin residierte, w\u00e4hrend die Kirche auf dem Monte della Guardia von einer Vikarin und neun Nonnen betreut wurde.<\/p>\n<p>Im Laufe der Zeit erlebte das Heiligtum wechselhafte Zeiten, dank der Spenden der Gl\u00e4ubigen und zwischen 1400 und 1700 erfuhr es viele Renovierungen und Erweiterungen. Das heutige Geb\u00e4ude stammt aus dem 18. Jahrhundert und ist \u00fcberwiegend barock. Die napoleonische Invasion zwang die Nonnen, das Kloster und die Kirche zu verlassen, und anschlie\u00dfend kamen sie unter die Kontrolle der Dominikaner und schlie\u00dflich der Di\u00f6zesanpriester. Seit 1874 gilt das Heiligtum von San Luca als nationales Denkmal. Es war auch Sitz eines Waisenhauses f\u00fcr M\u00e4dchen und war viele Jahre lang mit einer inzwischen stillgelegten Seilbahn erreichbar. Charakteristisch ist die lange Arkade, die gebaut wurde, um den Pilgern den Weg zum Heiligtum bei Regenwetter zu erleichtern: Sie besteht aus 666 B\u00f6gen, die die Zahl des Tieres symbolisieren, um daran zu erinnern, wie die Madonna f\u00e4hig war, den Teufel unter ihren Fu\u00df zu treten und zu besiegen.<\/p>\n<h2>Die Ikone der Madonna von San Luca<\/h2>\n<p>Im Juli 1433 fand das <strong>Wunder des Regens<\/strong> statt: Eine Prozession f\u00fchrte die <a href=\"https:\/\/www.holyart.de\/devotionalien\/ikonen\/rumanische-ikonen\/ikone-gottesmutter-von-kazan-mit-dekoriertem-gewand\"><strong>Ikone der Madonna mit dem Kind<\/strong><\/a> von dem H\u00fcgel in die Stadt und beendete die schrecklichen Regenf\u00e4lle, die die Ernten zerst\u00f6rten. Seitdem gab es viele Prozessionen und Feiern, die die Schwarze Madonna von San Luca regelm\u00e4\u00dfig vom Heiligtum in die Stadt brachten. Wenn sie in Bologna war, wurde die kostbare Ikone der Bruderschaft von Santa Maria della Morte anvertraut, die die gleichnamige Kirche betreuten, die sie aufnahm, nachdem die Nonnen von San Mattia sie mit Blumen und Schmuck geschm\u00fcckt hatten. Von dort begann die Prozession zu allen anderen Kirchen.<\/p>\n<div class=\"link-product\">\n<div class=\"blocco-immagine\"><img loading=\"lazy\" decoding=\"async\" class=\"size-full wp-image-4714 alignleft\" src=\"https:\/\/blog.holyart.it\/de\/wp-content\/uploads\/sites\/12\/2024\/09\/Ikone-der-Madonna-mit-dem-Kind.jpg\" alt=\"Ikone der Madonna mit dem Kind\" width=\"100\" height=\"100\" data-kale-share-title=\"Die Schwarze Madonna im Heiligtum von San Luca in Bologna\" data-kale-share-url=\"https:\/\/blog.holyart.it\/de\/?p=4708\" \/><\/div>\n<div class=\"blocco-contenuto\">\n<div class=\"blocco-acquista\">Einkaufen:<\/div>\n<div class=\"blocco-titolo\"><a href=\"https:\/\/www.holyart.de\/devotionalien\/ikonen\/rumanische-ikonen\/ikone-gottesmutter-von-kazan-mit-dekoriertem-gewand\">Ikone Gottesmutter von Kazan mit dekoriertem Gewand<\/a><\/div>\n<div class=\"blocco-descrizione\">Ikone Gottesmutter von Kazan mit dekoriertem Gewand.<\/div>\n<\/div>\n<\/div>\n<p>Die Ikone misst 65 x 57 cm und besteht aus einer mittleren Pappelholzplatte, zwei Stirnbrettern aus Ulme und Kastanie und einer Leinwand, auf die Tempera und Silberblatt aufgetragen wurden. Es wurde festgestellt, dass darunter ein byzantinisches Gem\u00e4lde existiert. Wie andere Schwarze Madonnen ist auch die von San Luca im Stil der \u00f6stlichen Sakralkunst gehalten und wie die <a href=\"https:\/\/www.holyart.de\/devotionalien\/wandteppiche\/wandteppich-schwarze-madonna-von-tschenstochau-50x30-cm1\"><strong>Schwarze Madonna von Tschenstochau<\/strong><\/a> eine \u201eOdig\u00edtria\u201c, eine Madonna der Reisenden, <em>diejenige, die den Weg weist und f\u00fchrt<\/em>. Die Halbfigur der Jungfrau hat den ernsten Ausdruck der schmerzhaften Madonnen. Das Gesicht ist lang, die Finger der Hand, die auf das Kind weist, sind schlank. Jesus hat eine segnende Haltung. Das Gem\u00e4lde ist normalerweise durch eine Silberplatte aus dem 17. Jahrhundert gesch\u00fctzt, die nur die Gesichter der Jungfrau und des Kindes unbedeckt l\u00e4sst.<\/p>\n<div class=\"link-product\">\n<div class=\"blocco-immagine\"><img loading=\"lazy\" decoding=\"async\" class=\"size-full wp-image-4716 alignleft\" src=\"https:\/\/blog.holyart.it\/de\/wp-content\/uploads\/sites\/12\/2024\/09\/Schwarze-Madonna-von-Tschenstochau-prod.jpg\" alt=\"Schwarze Madonna von Tschenstochau prod\" width=\"100\" height=\"100\" data-kale-share-title=\"Die Schwarze Madonna im Heiligtum von San Luca in Bologna\" data-kale-share-url=\"https:\/\/blog.holyart.it\/de\/?p=4708\" \/><\/div>\n<div class=\"blocco-contenuto\">\n<div class=\"blocco-acquista\">Einkaufen:<\/div>\n<div class=\"blocco-titolo\"><a href=\"https:\/\/www.holyart.de\/devotionalien\/wandteppiche\/wandteppich-schwarze-madonna-von-tschenstochau-50x30-cm1\">Wandteppich Schwarze Madonna von Tschenstochau 50&#215;30 cm<\/a><\/div>\n<div class=\"blocco-descrizione\">Wandteppich, Motiv: Schwarze Madonna von Tschenstochau, Format: 48&#215;30 cm.<\/div>\n<\/div>\n<\/div>\n","protected":false},"excerpt":{"rendered":"<p>Die Schwarze Madonna im Heiligtum auf dem Colle della Guardia in Bologna ist eines der heiligen Bilder, die dem heiligen Lukas zugeschrieben werden. Hier ist ihre Geschichte. Es gibt viele Darstellungen der Madonna, die direkt dem heiligen Lukas zugeschrieben werden. Denken wir an die Schwarze&hellip;<\/p>\n","protected":false},"author":1,"featured_media":4709,"comment_status":"closed","ping_status":"open","sticky":false,"template":"","format":"standard","meta":{"_acf_changed":false,"footnotes":""},"categories":[10],"tags":[],"class_list":["post-4708","post","type-post","status-publish","format-standard","has-post-thumbnail","hentry","category-devotionalien"],"acf":[],"yoast_head":"<!-- This site is optimized with the Yoast SEO plugin v26.6 - https:\/\/yoast.com\/wordpress\/plugins\/seo\/ -->\n<title>Die Schwarze Madonna im Heiligtum von San Luca in Bologna - Holyart.de Blog<\/title>\n<meta name=\"description\" content=\"Das Heiligtum von San Luca in Bologna beherbergt eine Schwarze Madonna, die dem Evangelisten selbst zugeschrieben wird. Hier erfahren Sie, wie sie hierher kam und welche Wunder ihr zugeschrieben werden.\" \/>\n<meta name=\"robots\" content=\"index, follow, max-snippet:-1, max-image-preview:large, max-video-preview:-1\" \/>\n<link rel=\"canonical\" href=\"https:\/\/blog.holyart.it\/de\/devotionalien\/die-schwarze-madonna-im-heiligtum-von-san-luca-in-bologna\/\" \/>\n<meta property=\"og:locale\" content=\"de_DE\" \/>\n<meta property=\"og:type\" content=\"article\" \/>\n<meta property=\"og:title\" content=\"Die Schwarze Madonna im Heiligtum von San Luca in Bologna - Holyart.de Blog\" \/>\n<meta property=\"og:description\" content=\"Das Heiligtum von San Luca in Bologna beherbergt eine Schwarze Madonna, die dem Evangelisten selbst zugeschrieben wird. Hier erfahren Sie, wie sie hierher kam und welche Wunder ihr zugeschrieben werden.\" \/>\n<meta property=\"og:url\" content=\"https:\/\/blog.holyart.it\/de\/devotionalien\/die-schwarze-madonna-im-heiligtum-von-san-luca-in-bologna\/\" \/>\n<meta property=\"og:site_name\" content=\"Holyart.de Blog\" \/>\n<meta property=\"article:published_time\" content=\"2024-10-09T08:00:39+00:00\" \/>\n<meta property=\"article:modified_time\" content=\"2024-10-11T15:24:34+00:00\" \/>\n<meta property=\"og:image\" content=\"https:\/\/blog.holyart.it\/de\/wp-content\/uploads\/sites\/12\/2024\/09\/Die-Schwarze-Madonna-im-Heiligtum-von-San-Luca-in-Bologna.jpg\" \/>\n\t<meta property=\"og:image:width\" content=\"1000\" \/>\n\t<meta property=\"og:image:height\" content=\"666\" \/>\n\t<meta property=\"og:image:type\" content=\"image\/jpeg\" \/>\n<meta name=\"author\" content=\"Redazione\" \/>\n<meta name=\"twitter:card\" content=\"summary_large_image\" \/>\n<meta name=\"twitter:label1\" content=\"Verfasst von\" \/>\n\t<meta name=\"twitter:data1\" content=\"Redazione\" \/>\n\t<meta name=\"twitter:label2\" content=\"Gesch\u00e4tzte Lesezeit\" \/>\n\t<meta name=\"twitter:data2\" content=\"7\u00a0Minuten\" \/>\n<script type=\"application\/ld+json\" class=\"yoast-schema-graph\">{\"@context\":\"https:\/\/schema.org\",\"@graph\":[{\"@type\":\"Article\",\"@id\":\"https:\/\/blog.holyart.it\/de\/devotionalien\/die-schwarze-madonna-im-heiligtum-von-san-luca-in-bologna\/#article\",\"isPartOf\":{\"@id\":\"https:\/\/blog.holyart.it\/de\/devotionalien\/die-schwarze-madonna-im-heiligtum-von-san-luca-in-bologna\/\"},\"author\":{\"name\":\"Redazione\",\"@id\":\"https:\/\/blog.holyart.it\/de\/#\/schema\/person\/0a7b686e5af0f856ec1e390dd0baecda\"},\"headline\":\"Die Schwarze Madonna im Heiligtum von San Luca in Bologna\",\"datePublished\":\"2024-10-09T08:00:39+00:00\",\"dateModified\":\"2024-10-11T15:24:34+00:00\",\"mainEntityOfPage\":{\"@id\":\"https:\/\/blog.holyart.it\/de\/devotionalien\/die-schwarze-madonna-im-heiligtum-von-san-luca-in-bologna\/\"},\"wordCount\":937,\"publisher\":{\"@id\":\"https:\/\/blog.holyart.it\/de\/#organization\"},\"image\":{\"@id\":\"https:\/\/blog.holyart.it\/de\/devotionalien\/die-schwarze-madonna-im-heiligtum-von-san-luca-in-bologna\/#primaryimage\"},\"thumbnailUrl\":\"https:\/\/blog.holyart.it\/de\/wp-content\/uploads\/sites\/12\/2024\/09\/Die-Schwarze-Madonna-im-Heiligtum-von-San-Luca-in-Bologna.jpg\",\"articleSection\":[\"Religion\"],\"inLanguage\":\"de\"},{\"@type\":\"WebPage\",\"@id\":\"https:\/\/blog.holyart.it\/de\/devotionalien\/die-schwarze-madonna-im-heiligtum-von-san-luca-in-bologna\/\",\"url\":\"https:\/\/blog.holyart.it\/de\/devotionalien\/die-schwarze-madonna-im-heiligtum-von-san-luca-in-bologna\/\",\"name\":\"Die Schwarze Madonna im Heiligtum von San Luca in Bologna - Holyart.de Blog\",\"isPartOf\":{\"@id\":\"https:\/\/blog.holyart.it\/de\/#website\"},\"primaryImageOfPage\":{\"@id\":\"https:\/\/blog.holyart.it\/de\/devotionalien\/die-schwarze-madonna-im-heiligtum-von-san-luca-in-bologna\/#primaryimage\"},\"image\":{\"@id\":\"https:\/\/blog.holyart.it\/de\/devotionalien\/die-schwarze-madonna-im-heiligtum-von-san-luca-in-bologna\/#primaryimage\"},\"thumbnailUrl\":\"https:\/\/blog.holyart.it\/de\/wp-content\/uploads\/sites\/12\/2024\/09\/Die-Schwarze-Madonna-im-Heiligtum-von-San-Luca-in-Bologna.jpg\",\"datePublished\":\"2024-10-09T08:00:39+00:00\",\"dateModified\":\"2024-10-11T15:24:34+00:00\",\"description\":\"Das Heiligtum von San Luca in Bologna beherbergt eine Schwarze Madonna, die dem Evangelisten selbst zugeschrieben wird. Hier erfahren Sie, wie sie hierher kam und welche Wunder ihr zugeschrieben werden.\",\"breadcrumb\":{\"@id\":\"https:\/\/blog.holyart.it\/de\/devotionalien\/die-schwarze-madonna-im-heiligtum-von-san-luca-in-bologna\/#breadcrumb\"},\"inLanguage\":\"de\",\"potentialAction\":[{\"@type\":\"ReadAction\",\"target\":[\"https:\/\/blog.holyart.it\/de\/devotionalien\/die-schwarze-madonna-im-heiligtum-von-san-luca-in-bologna\/\"]}]},{\"@type\":\"ImageObject\",\"inLanguage\":\"de\",\"@id\":\"https:\/\/blog.holyart.it\/de\/devotionalien\/die-schwarze-madonna-im-heiligtum-von-san-luca-in-bologna\/#primaryimage\",\"url\":\"https:\/\/blog.holyart.it\/de\/wp-content\/uploads\/sites\/12\/2024\/09\/Die-Schwarze-Madonna-im-Heiligtum-von-San-Luca-in-Bologna.jpg\",\"contentUrl\":\"https:\/\/blog.holyart.it\/de\/wp-content\/uploads\/sites\/12\/2024\/09\/Die-Schwarze-Madonna-im-Heiligtum-von-San-Luca-in-Bologna.jpg\",\"width\":1000,\"height\":666,\"caption\":\"Die Schwarze Madonna im Heiligtum von San Luca in Bologna\"},{\"@type\":\"BreadcrumbList\",\"@id\":\"https:\/\/blog.holyart.it\/de\/devotionalien\/die-schwarze-madonna-im-heiligtum-von-san-luca-in-bologna\/#breadcrumb\",\"itemListElement\":[{\"@type\":\"ListItem\",\"position\":1,\"name\":\"Homepage\",\"item\":\"https:\/\/blog.holyart.it\/de\/\"},{\"@type\":\"ListItem\",\"position\":2,\"name\":\"Religion\",\"item\":\"https:\/\/blog.holyart.it\/de\/devotionalien\/\"},{\"@type\":\"ListItem\",\"position\":3,\"name\":\"Die Schwarze Madonna im Heiligtum von San Luca in Bologna\"}]},{\"@type\":\"WebSite\",\"@id\":\"https:\/\/blog.holyart.it\/de\/#website\",\"url\":\"https:\/\/blog.holyart.it\/de\/\",\"name\":\"Holyart.de Blog\",\"description\":\"Holyblog\",\"publisher\":{\"@id\":\"https:\/\/blog.holyart.it\/de\/#organization\"},\"potentialAction\":[{\"@type\":\"SearchAction\",\"target\":{\"@type\":\"EntryPoint\",\"urlTemplate\":\"https:\/\/blog.holyart.it\/de\/?s={search_term_string}\"},\"query-input\":{\"@type\":\"PropertyValueSpecification\",\"valueRequired\":true,\"valueName\":\"search_term_string\"}}],\"inLanguage\":\"de\"},{\"@type\":\"Organization\",\"@id\":\"https:\/\/blog.holyart.it\/de\/#organization\",\"name\":\"Holyart.de Blog\",\"url\":\"https:\/\/blog.holyart.it\/de\/\",\"logo\":{\"@type\":\"ImageObject\",\"inLanguage\":\"de\",\"@id\":\"https:\/\/blog.holyart.it\/de\/#\/schema\/logo\/image\/\",\"url\":\"https:\/\/blog.holyart.it\/de\/wp-content\/uploads\/sites\/12\/2022\/12\/Holyart_Blog_Logo.jpg\",\"contentUrl\":\"https:\/\/blog.holyart.it\/de\/wp-content\/uploads\/sites\/12\/2022\/12\/Holyart_Blog_Logo.jpg\",\"width\":300,\"height\":50,\"caption\":\"Holyart.de Blog\"},\"image\":{\"@id\":\"https:\/\/blog.holyart.it\/de\/#\/schema\/logo\/image\/\"}},{\"@type\":\"Person\",\"@id\":\"https:\/\/blog.holyart.it\/de\/#\/schema\/person\/0a7b686e5af0f856ec1e390dd0baecda\",\"name\":\"Redazione\",\"image\":{\"@type\":\"ImageObject\",\"inLanguage\":\"de\",\"@id\":\"https:\/\/blog.holyart.it\/de\/#\/schema\/person\/image\/\",\"url\":\"https:\/\/secure.gravatar.com\/avatar\/f477da817f43e50d0af36abecd33e3edf826c68299714bdc1057dff3b113f516?s=96&d=mm&r=g\",\"contentUrl\":\"https:\/\/secure.gravatar.com\/avatar\/f477da817f43e50d0af36abecd33e3edf826c68299714bdc1057dff3b113f516?s=96&d=mm&r=g\",\"caption\":\"Redazione\"}}]}<\/script>\n<!-- \/ Yoast SEO plugin. -->","yoast_head_json":{"title":"Die Schwarze Madonna im Heiligtum von San Luca in Bologna - Holyart.de Blog","description":"Das Heiligtum von San Luca in Bologna beherbergt eine Schwarze Madonna, die dem Evangelisten selbst zugeschrieben wird. Hier erfahren Sie, wie sie hierher kam und welche Wunder ihr zugeschrieben werden.","robots":{"index":"index","follow":"follow","max-snippet":"max-snippet:-1","max-image-preview":"max-image-preview:large","max-video-preview":"max-video-preview:-1"},"canonical":"https:\/\/blog.holyart.it\/de\/devotionalien\/die-schwarze-madonna-im-heiligtum-von-san-luca-in-bologna\/","og_locale":"de_DE","og_type":"article","og_title":"Die Schwarze Madonna im Heiligtum von San Luca in Bologna - Holyart.de Blog","og_description":"Das Heiligtum von San Luca in Bologna beherbergt eine Schwarze Madonna, die dem Evangelisten selbst zugeschrieben wird. Hier erfahren Sie, wie sie hierher kam und welche Wunder ihr zugeschrieben werden.","og_url":"https:\/\/blog.holyart.it\/de\/devotionalien\/die-schwarze-madonna-im-heiligtum-von-san-luca-in-bologna\/","og_site_name":"Holyart.de Blog","article_published_time":"2024-10-09T08:00:39+00:00","article_modified_time":"2024-10-11T15:24:34+00:00","og_image":[{"width":1000,"height":666,"url":"https:\/\/blog.holyart.it\/de\/wp-content\/uploads\/sites\/12\/2024\/09\/Die-Schwarze-Madonna-im-Heiligtum-von-San-Luca-in-Bologna.jpg","type":"image\/jpeg"}],"author":"Redazione","twitter_card":"summary_large_image","twitter_misc":{"Verfasst von":"Redazione","Gesch\u00e4tzte Lesezeit":"7\u00a0Minuten"},"schema":{"@context":"https:\/\/schema.org","@graph":[{"@type":"Article","@id":"https:\/\/blog.holyart.it\/de\/devotionalien\/die-schwarze-madonna-im-heiligtum-von-san-luca-in-bologna\/#article","isPartOf":{"@id":"https:\/\/blog.holyart.it\/de\/devotionalien\/die-schwarze-madonna-im-heiligtum-von-san-luca-in-bologna\/"},"author":{"name":"Redazione","@id":"https:\/\/blog.holyart.it\/de\/#\/schema\/person\/0a7b686e5af0f856ec1e390dd0baecda"},"headline":"Die Schwarze Madonna im Heiligtum von San Luca in Bologna","datePublished":"2024-10-09T08:00:39+00:00","dateModified":"2024-10-11T15:24:34+00:00","mainEntityOfPage":{"@id":"https:\/\/blog.holyart.it\/de\/devotionalien\/die-schwarze-madonna-im-heiligtum-von-san-luca-in-bologna\/"},"wordCount":937,"publisher":{"@id":"https:\/\/blog.holyart.it\/de\/#organization"},"image":{"@id":"https:\/\/blog.holyart.it\/de\/devotionalien\/die-schwarze-madonna-im-heiligtum-von-san-luca-in-bologna\/#primaryimage"},"thumbnailUrl":"https:\/\/blog.holyart.it\/de\/wp-content\/uploads\/sites\/12\/2024\/09\/Die-Schwarze-Madonna-im-Heiligtum-von-San-Luca-in-Bologna.jpg","articleSection":["Religion"],"inLanguage":"de"},{"@type":"WebPage","@id":"https:\/\/blog.holyart.it\/de\/devotionalien\/die-schwarze-madonna-im-heiligtum-von-san-luca-in-bologna\/","url":"https:\/\/blog.holyart.it\/de\/devotionalien\/die-schwarze-madonna-im-heiligtum-von-san-luca-in-bologna\/","name":"Die Schwarze Madonna im Heiligtum von San Luca in Bologna - Holyart.de Blog","isPartOf":{"@id":"https:\/\/blog.holyart.it\/de\/#website"},"primaryImageOfPage":{"@id":"https:\/\/blog.holyart.it\/de\/devotionalien\/die-schwarze-madonna-im-heiligtum-von-san-luca-in-bologna\/#primaryimage"},"image":{"@id":"https:\/\/blog.holyart.it\/de\/devotionalien\/die-schwarze-madonna-im-heiligtum-von-san-luca-in-bologna\/#primaryimage"},"thumbnailUrl":"https:\/\/blog.holyart.it\/de\/wp-content\/uploads\/sites\/12\/2024\/09\/Die-Schwarze-Madonna-im-Heiligtum-von-San-Luca-in-Bologna.jpg","datePublished":"2024-10-09T08:00:39+00:00","dateModified":"2024-10-11T15:24:34+00:00","description":"Das Heiligtum von San Luca in Bologna beherbergt eine Schwarze Madonna, die dem Evangelisten selbst zugeschrieben wird. Hier erfahren Sie, wie sie hierher kam und welche Wunder ihr zugeschrieben werden.","breadcrumb":{"@id":"https:\/\/blog.holyart.it\/de\/devotionalien\/die-schwarze-madonna-im-heiligtum-von-san-luca-in-bologna\/#breadcrumb"},"inLanguage":"de","potentialAction":[{"@type":"ReadAction","target":["https:\/\/blog.holyart.it\/de\/devotionalien\/die-schwarze-madonna-im-heiligtum-von-san-luca-in-bologna\/"]}]},{"@type":"ImageObject","inLanguage":"de","@id":"https:\/\/blog.holyart.it\/de\/devotionalien\/die-schwarze-madonna-im-heiligtum-von-san-luca-in-bologna\/#primaryimage","url":"https:\/\/blog.holyart.it\/de\/wp-content\/uploads\/sites\/12\/2024\/09\/Die-Schwarze-Madonna-im-Heiligtum-von-San-Luca-in-Bologna.jpg","contentUrl":"https:\/\/blog.holyart.it\/de\/wp-content\/uploads\/sites\/12\/2024\/09\/Die-Schwarze-Madonna-im-Heiligtum-von-San-Luca-in-Bologna.jpg","width":1000,"height":666,"caption":"Die Schwarze Madonna im Heiligtum von San Luca in Bologna"},{"@type":"BreadcrumbList","@id":"https:\/\/blog.holyart.it\/de\/devotionalien\/die-schwarze-madonna-im-heiligtum-von-san-luca-in-bologna\/#breadcrumb","itemListElement":[{"@type":"ListItem","position":1,"name":"Homepage","item":"https:\/\/blog.holyart.it\/de\/"},{"@type":"ListItem","position":2,"name":"Religion","item":"https:\/\/blog.holyart.it\/de\/devotionalien\/"},{"@type":"ListItem","position":3,"name":"Die Schwarze Madonna im Heiligtum von San Luca in Bologna"}]},{"@type":"WebSite","@id":"https:\/\/blog.holyart.it\/de\/#website","url":"https:\/\/blog.holyart.it\/de\/","name":"Holyart.de Blog","description":"Holyblog","publisher":{"@id":"https:\/\/blog.holyart.it\/de\/#organization"},"potentialAction":[{"@type":"SearchAction","target":{"@type":"EntryPoint","urlTemplate":"https:\/\/blog.holyart.it\/de\/?s={search_term_string}"},"query-input":{"@type":"PropertyValueSpecification","valueRequired":true,"valueName":"search_term_string"}}],"inLanguage":"de"},{"@type":"Organization","@id":"https:\/\/blog.holyart.it\/de\/#organization","name":"Holyart.de Blog","url":"https:\/\/blog.holyart.it\/de\/","logo":{"@type":"ImageObject","inLanguage":"de","@id":"https:\/\/blog.holyart.it\/de\/#\/schema\/logo\/image\/","url":"https:\/\/blog.holyart.it\/de\/wp-content\/uploads\/sites\/12\/2022\/12\/Holyart_Blog_Logo.jpg","contentUrl":"https:\/\/blog.holyart.it\/de\/wp-content\/uploads\/sites\/12\/2022\/12\/Holyart_Blog_Logo.jpg","width":300,"height":50,"caption":"Holyart.de Blog"},"image":{"@id":"https:\/\/blog.holyart.it\/de\/#\/schema\/logo\/image\/"}},{"@type":"Person","@id":"https:\/\/blog.holyart.it\/de\/#\/schema\/person\/0a7b686e5af0f856ec1e390dd0baecda","name":"Redazione","image":{"@type":"ImageObject","inLanguage":"de","@id":"https:\/\/blog.holyart.it\/de\/#\/schema\/person\/image\/","url":"https:\/\/secure.gravatar.com\/avatar\/f477da817f43e50d0af36abecd33e3edf826c68299714bdc1057dff3b113f516?s=96&d=mm&r=g","contentUrl":"https:\/\/secure.gravatar.com\/avatar\/f477da817f43e50d0af36abecd33e3edf826c68299714bdc1057dff3b113f516?s=96&d=mm&r=g","caption":"Redazione"}}]}},"_links":{"self":[{"href":"https:\/\/blog.holyart.it\/de\/wp-json\/wp\/v2\/posts\/4708","targetHints":{"allow":["GET"]}}],"collection":[{"href":"https:\/\/blog.holyart.it\/de\/wp-json\/wp\/v2\/posts"}],"about":[{"href":"https:\/\/blog.holyart.it\/de\/wp-json\/wp\/v2\/types\/post"}],"author":[{"embeddable":true,"href":"https:\/\/blog.holyart.it\/de\/wp-json\/wp\/v2\/users\/1"}],"replies":[{"embeddable":true,"href":"https:\/\/blog.holyart.it\/de\/wp-json\/wp\/v2\/comments?post=4708"}],"version-history":[{"count":4,"href":"https:\/\/blog.holyart.it\/de\/wp-json\/wp\/v2\/posts\/4708\/revisions"}],"predecessor-version":[{"id":4718,"href":"https:\/\/blog.holyart.it\/de\/wp-json\/wp\/v2\/posts\/4708\/revisions\/4718"}],"wp:featuredmedia":[{"embeddable":true,"href":"https:\/\/blog.holyart.it\/de\/wp-json\/wp\/v2\/media\/4709"}],"wp:attachment":[{"href":"https:\/\/blog.holyart.it\/de\/wp-json\/wp\/v2\/media?parent=4708"}],"wp:term":[{"taxonomy":"category","embeddable":true,"href":"https:\/\/blog.holyart.it\/de\/wp-json\/wp\/v2\/categories?post=4708"},{"taxonomy":"post_tag","embeddable":true,"href":"https:\/\/blog.holyart.it\/de\/wp-json\/wp\/v2\/tags?post=4708"}],"curies":[{"name":"wp","href":"https:\/\/api.w.org\/{rel}","templated":true}]}}