{"id":4579,"date":"2024-09-04T10:00:23","date_gmt":"2024-09-04T08:00:23","guid":{"rendered":"https:\/\/blog.holyart.it\/de\/?p=4579"},"modified":"2026-03-27T15:58:50","modified_gmt":"2026-03-27T14:58:50","slug":"das-heilige-grabtuch-was-wir-bisher-wissen","status":"publish","type":"post","link":"https:\/\/blog.holyart.it\/de\/devotionalien\/das-heilige-grabtuch-was-wir-bisher-wissen\/","title":{"rendered":"Das Heilige Grabtuch: Was wir bisher wissen"},"content":{"rendered":"<h4>Es soll sich um das Tuch handeln, das den Leichnam Christi nach der Absetzung umh\u00fcllte. Zwischen Glaube und Wissenschaft trennt und fasziniert das Heilige Grabtuch die Menschen aller Zeiten mit seinem unsterblichen Geheimnis<\/h4>\n\n<p>Unter den <a href=\"https:\/\/www.holyart.de\/blog\/devotionalien\/ostern-in-der-kunst-die-10-schoensten-werke-die-die-passion-christi-darstellen\/\"><strong>Symbolen der Passion Christi<\/strong><\/a> ist das <strong>Heilige Grabtuch<\/strong> eines der symboltr\u00e4chtigsten und geheimnisvollsten. Auch wenn es unangebracht erscheint, \u00fcber Geheimnisse zu sprechen, wenn man \u00fcber den Tod Jesu spricht, handelt es sich doch um das gr\u00f6\u00dfte Geheimnis in der Geschichte der Menschheit. Unter den Reliquien, die von diesem beispiellosen Ereignis \u00fcberliefert wurden, ist das Grabtuch sicherlich eines der Reliquien, um die sich die meisten Mythen und Legenden, alten Kulte und modernen Andachten entwickelt haben.<\/p>\n<p>Aber was ist das <strong>Heilige Grabtuch<\/strong> und warum ist es so wichtig f\u00fcr die Geschichte des Christentums?<\/p>\n<div class=\"link-article\">\n<p><img loading=\"lazy\" decoding=\"async\" class=\"size-full wp-image-4581 alignleft\" src=\"https:\/\/blog.holyart.it\/de\/wp-content\/uploads\/sites\/12\/2024\/08\/Ostern-in-der-Kunst.jpeg\" alt=\"ostern in der kunst\" width=\"150\" height=\"99\" data-kale-share-title=\"Das Heilige Grabtuch: Was wir bisher wissen\" data-kale-share-url=\"https:\/\/blog.holyart.it\/de\/?p=4579\" \/><\/p>\n<div class=\"leggi-anche\">Lesen Sie auch:<\/div>\n<p><strong><a href=\"https:\/\/www.holyart.de\/blog\/devotionalien\/ostern-in-der-kunst-die-10-schoensten-werke-die-die-passion-christi-darstellen\/\">Ostern in der Kunst: die 10 sch\u00f6nsten Werke, die die Passion Christi darstellen<\/a><\/strong><br \/>\nOstern ist das wichtigste Fest f\u00fcr katholische Christen&#8230;<\/p>\n<\/div>\n<p>Dabei handelte es sich um das <strong>Leichentuch Jesu<\/strong>, in das sein Leichnam zum Zeitpunkt seiner <a href=\"https:\/\/www.holyart.de\/besondere-anlasse\/passionskrippe\/kreuzabnahme-jesu-fur-9-cm-krippe\"><strong>Kreuzabnahme<\/strong><\/a> geh\u00fcllt war. Auf dem Tuch mit einer Gr\u00f6\u00dfe von ca. 4,41 x 1,13 ist tats\u00e4chlich die Figur eines lebensgro\u00dfen Mannes eingepr\u00e4gt, mit Spuren von Wunden und Verst\u00fcmmelungen, die auf diejenigen zur\u00fcckzuf\u00fchren sind, die Jesus in den letzten tragischen Momenten seines Lebens bis zur Kreuzigung zugef\u00fcgt wurden. Das Bild ist doppelt, Vorder- und R\u00fcckseite, auf der H\u00f6he des Kopfes verbunden.<\/p>\n<p>In den <strong>Evangelien<\/strong> wird dieses Tuch erw\u00e4hnt. Matth\u00e4us, Markus und Lukas sprechen offen von einem Tuch (<em>sind\u00f2n<\/em>), mit dem <strong>Josef von Arimath\u00e4a<\/strong> den Leichnam Jesu umh\u00fcllte, bevor er ihn ins Grab senkte, wie es bei den damaligen Juden der Bestattungsbrauch war. Tats\u00e4chlich wurden die Augen des Verstorbenen geschlossen, das Kinn mit einem am Kopf geknoteten Tuch zusammengebunden, um den Mund geschlossen zu halten, dann wurde der K\u00f6rper gewaschen, mit parf\u00fcmierten \u00d6len gesalbt und mit Leinenkleidung bedeckt oder in ein Leinentuch vor der Beerdigung eingewickelt.<\/p>\n<div class=\"link-product\">\n<div class=\"blocco-immagine\"><img loading=\"lazy\" decoding=\"async\" class=\"size-full wp-image-4583 alignleft\" src=\"https:\/\/blog.holyart.it\/de\/wp-content\/uploads\/sites\/12\/2024\/08\/kreuzabnahme-jesu-fur-9-cm-krippe.jpg\" alt=\"kreuzabnahme jesu fur 9 cm krippe\" width=\"100\" height=\"100\" data-kale-share-title=\"Das Heilige Grabtuch: Was wir bisher wissen\" data-kale-share-url=\"https:\/\/blog.holyart.it\/de\/?p=4579\" \/><\/div>\n<div class=\"blocco-contenuto\">\n<div class=\"blocco-acquista\">Einkaufen:<\/div>\n<div class=\"blocco-titolo\"><a href=\"https:\/\/www.holyart.de\/besondere-anlasse\/passionskrippe\/kreuzabnahme-jesu-fur-9-cm-krippe\">Kreuzabnahme Jesu, f\u00fcr 9 cm Krippe<\/a><\/div>\n<div class=\"blocco-descrizione\">Der leblose Leib Christi liegt in den Armen Mariens.<\/div>\n<\/div>\n<\/div>\n<p>Es gibt <strong>andere Reliquien und heilige Gegenst\u00e4nde<\/strong>, die auf das Grabtuch zur\u00fcckgef\u00fchrt werden k\u00f6nnen oder Gemeinsamkeiten mit ihm aufweisen, wie zum Beispiel das Grabtuch, das in der Kathedrale von <strong>Oviedo<\/strong> in Spanien aufbewahrt wird und m\u00f6glicherweise mit dem Blut Christi befleckt ist. Es wird vermutet, dass es sich dabei um das Tuch handeln k\u00f6nnte, das ihm zum Zeitpunkt der Absetzung unter den Kopf gelegt wurde. das <strong>Mandylion von Edessa<\/strong>, ein Taschentuch, dessen Spuren verloren gegangen sind und das das Gesicht Jesu trug; der <strong>Schleier von Veronika<\/strong>, der Frau, die das Gesicht Christi abwischte, als er zum Kalvarienberg aufstieg, wie in einem der <a href=\"https:\/\/www.holyart.de\/blog\/liturgische-gerate\/gedenken-die-schmerzliche-reise-christi-durch-das-kreuz\/\"><strong>Kreuzwegstationen<\/strong><\/a> erz\u00e4hlt.<\/p>\n<p>Viele besuchen das <strong>Heilige Grabtuch in Turin<\/strong>, wenn es zur \u00f6ffentlichen Verehrung ausgestellt wird. Die Gelegenheiten, bei denen das Heilige Grabtuch ausgestellt wird, werden als <strong>Ausstellungen<\/strong> bezeichnet, vom lateinischen <em>ostendere<\/em>, \u201ezeigen\u201c. Aber abgesehen von denen, die das Heilige Grabtuch aus Glaubensfragen besuchen, ist es seit Jahrhunderten <strong>Gegenstand wissenschaftlicher Studien und Analysen<\/strong> von Gelehrten aus aller Welt und bleibt eines der am meisten diskutierten heiligen Objekte \u00fcberhaupt.<\/p>\n<div class=\"link-article\">\n<p><img loading=\"lazy\" decoding=\"async\" class=\"size-full wp-image-4586 alignleft\" src=\"https:\/\/blog.holyart.it\/de\/wp-content\/uploads\/sites\/12\/2024\/08\/Via-Crucis.jpg\" alt=\"Via Crucis\" width=\"150\" height=\"100\" data-kale-share-title=\"Das Heilige Grabtuch: Was wir bisher wissen\" data-kale-share-url=\"https:\/\/blog.holyart.it\/de\/?p=4579\" \/><\/p>\n<div class=\"leggi-anche\">Lesen Sie auch:<\/div>\n<p><strong><a href=\"https:\/\/www.holyart.de\/blog\/liturgische-gerate\/gedenken-die-schmerzliche-reise-christi-durch-das-kreuz\/\">Gedenken an die schmerzliche Reise Christi durch das Kreuz<\/a><\/strong><br \/>\nDie Via Crucis oder der Kreuzweg, verfolgt die Passion Christi und seinen Weg zum Berg Golgatha, um gekreuzigt zu werden&#8230;<\/p>\n<\/div>\n<h2>Wo befindet sich das Heilige Grabtuch?<\/h2>\n<p>Das Heilige Grabtuch befindet sich im <strong>Turiner Dom<\/strong>, auf der Piazza San Giovanni, in der letzten Kapelle des linken Kirchenschiffs, unter der K\u00f6nigstrib\u00fcne. Es befindet sich in einem speziellen <strong>Aufbewahrungskoffer<\/strong>, der wiederum in einem Metallgeh\u00e4use verschlossen ist, und ist daher nur anl\u00e4sslich der oben genannten \u00f6ffentlichen Ausstellungen zu sehen. Sie k\u00f6nnen jedoch die Kapelle besuchen und sich zum Gebet auf den B\u00e4nken vor dem Sarg mit der kostbaren Reliquie versammeln.<img loading=\"lazy\" decoding=\"async\" class=\"size-full wp-image-4584 aligncenter\" src=\"https:\/\/blog.holyart.it\/de\/wp-content\/uploads\/sites\/12\/2024\/08\/turiner-dom.jpg\" alt=\"turiner dom\" width=\"1000\" height=\"666\" data-kale-share-title=\"Das Heilige Grabtuch: Was wir bisher wissen\" data-kale-share-url=\"https:\/\/blog.holyart.it\/de\/?p=4579\" \/><\/p>\n<h2>Die Geschichte des Heiligen Grabtuchs<\/h2>\n<p>Das erste historische Zeugnis \u00fcber das Heilige Grabtuch stammt aus dem Jahr <strong>1353<\/strong>. Es wird gesagt, dass ein Ritter namens <strong>Godfrey von Charny<\/strong> es aus dem Heiligen Land in die Stadt Lirey brachte, wo er lebte, und wo er eine Kirche baute, um es zu bewachen. Hier fanden bereits die ersten Ausstellungen zur Andacht der Gl\u00e4ubigen statt. Einer seiner Nachkommen verkaufte es dann an die <strong>Herz\u00f6ge von Savoyen<\/strong>, die es in einer eigens errichteten Kapelle in ihre Hauptstadt <strong>Chamb\u00e9ry<\/strong> brachten.<\/p>\n<p>Aber die Geschichte des heiligen Tuchs ist gewisserma\u00dfen in den Fasern eingepr\u00e4gt, aus denen es besteht. Tats\u00e4chlich wurden unter ihnen Spuren von Pollen von f\u00fcr Pal\u00e4stina typischen Pflanzen gefunden, und die Datierung des Stoffes h\u00e4tte erm\u00f6glicht, es an das 1. Jahrhundert n. Chr. zur\u00fcckzuf\u00fchren. Es wurde bis 1532 in der Sainte-Chapelle du Saint-Suaire in Chamb\u00e9ry aufbewahrt und zeigt die <strong>Verbrennungen<\/strong>, die durch den dort ausgebrochenen Brand verursacht wurden, der die Kirche fast zerst\u00f6rt h\u00e4tte. Wir bemerken insbesondere die Spuren von geschmolzenem Silber, das aus dem Reliquienschrein fiel, in dem es sich befand.<\/p>\n<p>Herzog Karl III. von Savoyen nahm das Tuch aus Chamb\u00e9ry mit und nach mehreren Umz\u00fcgen wurde die kostbare Reliquie 1563 nach <strong>Turin<\/strong> gebracht, wo sie zun\u00e4chst in der Kapelle des Heiligen Grabtuchs zwischen der Kathedrale und dem K\u00f6nigspalast und dann in der Kapelle des Heiligen Grabtuchs platziert wurde Kathedrale von Turin, in der Kapelle, wo sie noch steht.<\/p>\n<p>Im Jahr 2002 wurden im Zuge einer <strong>konservativen Restaurierung<\/strong> durchgef\u00fchrt, die nach dem Brand in Chambery angebrachten Tr\u00e4gerfolien und die verbrannten Stoffteile entfernte und das gesamte Tuch reinigte.<\/p>\n<h2>Datierung des Heiligen Grabtuchs<\/h2>\n<p>Angesichts der symbolischen Bedeutung des Heiligen Grabtuchs wird seine <strong>Echtheit<\/strong> seit der Zeit von Godfrey, der es aus dem Heiligen Land nach Europa brachte, in Frage gestellt. Nach unz\u00e4hligen fotografischen Untersuchungen, Spektrometrien, chemischen Untersuchungen an Blutflecken und Studien, die stets in Anwesenheit von Zeugen und Notaren durchgef\u00fchrt wurden, wurde <strong>1988<\/strong> eine Stoffprobe des Grabtuchs einer anspruchsvollen Untersuchung mit der radiometrischen <strong>Kohlenstoff-14-Technik<\/strong> unterzogen, die in drei Laboren durchgef\u00fchrt wurde: Tucson, Oxford und Z\u00fcrich. Diese Untersuchung erm\u00f6glichte die Datierung des Grabtuchs in die Zeit <strong>zwischen 1260 und 1390<\/strong>, der Zeit, in der es nach Europa gebracht wurde. Diejenigen, die das Grabtuch f\u00fcr authentisch halten, lehnen dieses Ergebnis ab und behaupten, es habe \u00e4ltere Urspr\u00fcnge, die auf die Geschichte von Jesus, wie wir sie kennen, zur\u00fcckgef\u00fchrt werden k\u00f6nnten.<\/p>\n<p><strong>Historische arch\u00e4ologische Analysen<\/strong> w\u00fcrden auch auf eine sp\u00e4tere Datierung des Turiner Grabtuchs hinweisen, da sich die im 1. Jahrhundert in der j\u00fcdischen Kultur verwendeten Grablaken in Bezug auf Stoff, Webart und Art der Umh\u00fcllung des Leichnams unterschieden.<\/p>\n<p>In j\u00fcngerer Zeit wurden jedoch weitere Messungen mit einer <strong>neuen Datierungstechnik namens Wide Angle X-ray Dispersion (WAXS)<\/strong> durchgef\u00fchrt, die alle bisher anerkannten Theorien zunichtemachen w\u00fcrde: Das Heilige Grabtuch k\u00f6nnte tats\u00e4chlich aus der Zeit Christi stammen Tod. Dies l\u00e4sst sich anhand der <strong>Alterung der Leinenzellulose<\/strong> belegen, die laut <strong>Liberato De Caro<\/strong>, Physiker und Grabtuchexperte am Institut f\u00fcr Kristallographie des Nationalen Forschungsrates von Bari, die Datierung des Grabtuchs auf etwa <strong>2000 Jahre zur\u00fcckf\u00fchren<\/strong> w\u00fcrde.<\/p>\n<p>Tats\u00e4chlich ist das Geheimnis des Grabtuchs noch ganz faszinierend und spaltet die wissenschaftliche Welt und die gesamte Menschheit.<\/p>\n","protected":false},"excerpt":{"rendered":"<p>Es soll sich um das Tuch handeln, das den Leichnam Christi nach der Absetzung umh\u00fcllte. Zwischen Glaube und Wissenschaft trennt und fasziniert das Heilige Grabtuch die Menschen aller Zeiten mit seinem unsterblichen Geheimnis Unter den Symbolen der Passion Christi ist das Heilige Grabtuch eines der&hellip;<\/p>\n","protected":false},"author":1,"featured_media":4580,"comment_status":"closed","ping_status":"open","sticky":false,"template":"","format":"standard","meta":{"_acf_changed":false,"footnotes":""},"categories":[18,10],"tags":[],"class_list":["post-4579","post","type-post","status-publish","format-standard","has-post-thumbnail","hentry","category-ostern","category-devotionalien"],"acf":[],"yoast_head":"<!-- This site is optimized with the Yoast SEO plugin v26.6 - https:\/\/yoast.com\/wordpress\/plugins\/seo\/ -->\n<title>Das Heilige Grabtuch: Was wir bisher wissen - Holyart.de Blog<\/title>\n<meta name=\"description\" content=\"Neuere Studien haben die Gewissheiten \u00fcber das Heilige Grabtuch revolutioniert. Seine Datierung wird in Frage gestellt: Handelt es sich wirklich um das Grabtuch Jesu?\" \/>\n<meta name=\"robots\" content=\"index, follow, max-snippet:-1, max-image-preview:large, max-video-preview:-1\" \/>\n<link rel=\"canonical\" href=\"https:\/\/blog.holyart.it\/de\/devotionalien\/das-heilige-grabtuch-was-wir-bisher-wissen\/\" \/>\n<meta property=\"og:locale\" content=\"de_DE\" \/>\n<meta property=\"og:type\" content=\"article\" \/>\n<meta property=\"og:title\" content=\"Das Heilige Grabtuch: Was wir bisher wissen - Holyart.de Blog\" \/>\n<meta property=\"og:description\" content=\"Neuere Studien haben die Gewissheiten \u00fcber das Heilige Grabtuch revolutioniert. Seine Datierung wird in Frage gestellt: Handelt es sich wirklich um das Grabtuch Jesu?\" \/>\n<meta property=\"og:url\" content=\"https:\/\/blog.holyart.it\/de\/devotionalien\/das-heilige-grabtuch-was-wir-bisher-wissen\/\" \/>\n<meta property=\"og:site_name\" content=\"Holyart.de Blog\" \/>\n<meta property=\"article:published_time\" content=\"2024-09-04T08:00:23+00:00\" \/>\n<meta property=\"article:modified_time\" content=\"2026-03-27T14:58:50+00:00\" \/>\n<meta property=\"og:image\" content=\"https:\/\/blog.holyart.it\/de\/wp-content\/uploads\/sites\/12\/2024\/08\/das-heilige-grabtuch.jpg\" \/>\n\t<meta property=\"og:image:width\" content=\"1000\" \/>\n\t<meta property=\"og:image:height\" content=\"666\" \/>\n\t<meta property=\"og:image:type\" content=\"image\/jpeg\" \/>\n<meta name=\"author\" content=\"Redazione\" \/>\n<meta name=\"twitter:card\" content=\"summary_large_image\" \/>\n<meta name=\"twitter:label1\" content=\"Verfasst von\" \/>\n\t<meta name=\"twitter:data1\" content=\"Redazione\" \/>\n\t<meta name=\"twitter:label2\" content=\"Gesch\u00e4tzte Lesezeit\" \/>\n\t<meta name=\"twitter:data2\" content=\"8\u00a0Minuten\" \/>\n<script type=\"application\/ld+json\" class=\"yoast-schema-graph\">{\"@context\":\"https:\/\/schema.org\",\"@graph\":[{\"@type\":\"Article\",\"@id\":\"https:\/\/blog.holyart.it\/de\/devotionalien\/das-heilige-grabtuch-was-wir-bisher-wissen\/#article\",\"isPartOf\":{\"@id\":\"https:\/\/blog.holyart.it\/de\/devotionalien\/das-heilige-grabtuch-was-wir-bisher-wissen\/\"},\"author\":{\"name\":\"Redazione\",\"@id\":\"https:\/\/blog.holyart.it\/de\/#\/schema\/person\/0a7b686e5af0f856ec1e390dd0baecda\"},\"headline\":\"Das Heilige Grabtuch: Was wir bisher wissen\",\"datePublished\":\"2024-09-04T08:00:23+00:00\",\"dateModified\":\"2026-03-27T14:58:50+00:00\",\"mainEntityOfPage\":{\"@id\":\"https:\/\/blog.holyart.it\/de\/devotionalien\/das-heilige-grabtuch-was-wir-bisher-wissen\/\"},\"wordCount\":1203,\"publisher\":{\"@id\":\"https:\/\/blog.holyart.it\/de\/#organization\"},\"image\":{\"@id\":\"https:\/\/blog.holyart.it\/de\/devotionalien\/das-heilige-grabtuch-was-wir-bisher-wissen\/#primaryimage\"},\"thumbnailUrl\":\"https:\/\/blog.holyart.it\/de\/wp-content\/uploads\/sites\/12\/2024\/08\/das-heilige-grabtuch.jpg\",\"articleSection\":[\"Ostern\",\"Religion\"],\"inLanguage\":\"de\"},{\"@type\":\"WebPage\",\"@id\":\"https:\/\/blog.holyart.it\/de\/devotionalien\/das-heilige-grabtuch-was-wir-bisher-wissen\/\",\"url\":\"https:\/\/blog.holyart.it\/de\/devotionalien\/das-heilige-grabtuch-was-wir-bisher-wissen\/\",\"name\":\"Das Heilige Grabtuch: Was wir bisher wissen - Holyart.de Blog\",\"isPartOf\":{\"@id\":\"https:\/\/blog.holyart.it\/de\/#website\"},\"primaryImageOfPage\":{\"@id\":\"https:\/\/blog.holyart.it\/de\/devotionalien\/das-heilige-grabtuch-was-wir-bisher-wissen\/#primaryimage\"},\"image\":{\"@id\":\"https:\/\/blog.holyart.it\/de\/devotionalien\/das-heilige-grabtuch-was-wir-bisher-wissen\/#primaryimage\"},\"thumbnailUrl\":\"https:\/\/blog.holyart.it\/de\/wp-content\/uploads\/sites\/12\/2024\/08\/das-heilige-grabtuch.jpg\",\"datePublished\":\"2024-09-04T08:00:23+00:00\",\"dateModified\":\"2026-03-27T14:58:50+00:00\",\"description\":\"Neuere Studien haben die Gewissheiten \u00fcber das Heilige Grabtuch revolutioniert. Seine Datierung wird in Frage gestellt: Handelt es sich wirklich um das Grabtuch Jesu?\",\"breadcrumb\":{\"@id\":\"https:\/\/blog.holyart.it\/de\/devotionalien\/das-heilige-grabtuch-was-wir-bisher-wissen\/#breadcrumb\"},\"inLanguage\":\"de\",\"potentialAction\":[{\"@type\":\"ReadAction\",\"target\":[\"https:\/\/blog.holyart.it\/de\/devotionalien\/das-heilige-grabtuch-was-wir-bisher-wissen\/\"]}]},{\"@type\":\"ImageObject\",\"inLanguage\":\"de\",\"@id\":\"https:\/\/blog.holyart.it\/de\/devotionalien\/das-heilige-grabtuch-was-wir-bisher-wissen\/#primaryimage\",\"url\":\"https:\/\/blog.holyart.it\/de\/wp-content\/uploads\/sites\/12\/2024\/08\/das-heilige-grabtuch.jpg\",\"contentUrl\":\"https:\/\/blog.holyart.it\/de\/wp-content\/uploads\/sites\/12\/2024\/08\/das-heilige-grabtuch.jpg\",\"width\":1000,\"height\":666,\"caption\":\"das heilige grabtuch\"},{\"@type\":\"BreadcrumbList\",\"@id\":\"https:\/\/blog.holyart.it\/de\/devotionalien\/das-heilige-grabtuch-was-wir-bisher-wissen\/#breadcrumb\",\"itemListElement\":[{\"@type\":\"ListItem\",\"position\":1,\"name\":\"Homepage\",\"item\":\"https:\/\/blog.holyart.it\/de\/\"},{\"@type\":\"ListItem\",\"position\":2,\"name\":\"Religion\",\"item\":\"https:\/\/blog.holyart.it\/de\/devotionalien\/\"},{\"@type\":\"ListItem\",\"position\":3,\"name\":\"Das Heilige Grabtuch: Was wir bisher wissen\"}]},{\"@type\":\"WebSite\",\"@id\":\"https:\/\/blog.holyart.it\/de\/#website\",\"url\":\"https:\/\/blog.holyart.it\/de\/\",\"name\":\"Holyart.de Blog\",\"description\":\"Holyblog\",\"publisher\":{\"@id\":\"https:\/\/blog.holyart.it\/de\/#organization\"},\"potentialAction\":[{\"@type\":\"SearchAction\",\"target\":{\"@type\":\"EntryPoint\",\"urlTemplate\":\"https:\/\/blog.holyart.it\/de\/?s={search_term_string}\"},\"query-input\":{\"@type\":\"PropertyValueSpecification\",\"valueRequired\":true,\"valueName\":\"search_term_string\"}}],\"inLanguage\":\"de\"},{\"@type\":\"Organization\",\"@id\":\"https:\/\/blog.holyart.it\/de\/#organization\",\"name\":\"Holyart.de Blog\",\"url\":\"https:\/\/blog.holyart.it\/de\/\",\"logo\":{\"@type\":\"ImageObject\",\"inLanguage\":\"de\",\"@id\":\"https:\/\/blog.holyart.it\/de\/#\/schema\/logo\/image\/\",\"url\":\"https:\/\/blog.holyart.it\/de\/wp-content\/uploads\/sites\/12\/2022\/12\/Holyart_Blog_Logo.jpg\",\"contentUrl\":\"https:\/\/blog.holyart.it\/de\/wp-content\/uploads\/sites\/12\/2022\/12\/Holyart_Blog_Logo.jpg\",\"width\":300,\"height\":50,\"caption\":\"Holyart.de Blog\"},\"image\":{\"@id\":\"https:\/\/blog.holyart.it\/de\/#\/schema\/logo\/image\/\"}},{\"@type\":\"Person\",\"@id\":\"https:\/\/blog.holyart.it\/de\/#\/schema\/person\/0a7b686e5af0f856ec1e390dd0baecda\",\"name\":\"Redazione\",\"image\":{\"@type\":\"ImageObject\",\"inLanguage\":\"de\",\"@id\":\"https:\/\/blog.holyart.it\/de\/#\/schema\/person\/image\/\",\"url\":\"https:\/\/secure.gravatar.com\/avatar\/f477da817f43e50d0af36abecd33e3edf826c68299714bdc1057dff3b113f516?s=96&d=mm&r=g\",\"contentUrl\":\"https:\/\/secure.gravatar.com\/avatar\/f477da817f43e50d0af36abecd33e3edf826c68299714bdc1057dff3b113f516?s=96&d=mm&r=g\",\"caption\":\"Redazione\"}}]}<\/script>\n<!-- \/ Yoast SEO plugin. -->","yoast_head_json":{"title":"Das Heilige Grabtuch: Was wir bisher wissen - Holyart.de Blog","description":"Neuere Studien haben die Gewissheiten \u00fcber das Heilige Grabtuch revolutioniert. Seine Datierung wird in Frage gestellt: Handelt es sich wirklich um das Grabtuch Jesu?","robots":{"index":"index","follow":"follow","max-snippet":"max-snippet:-1","max-image-preview":"max-image-preview:large","max-video-preview":"max-video-preview:-1"},"canonical":"https:\/\/blog.holyart.it\/de\/devotionalien\/das-heilige-grabtuch-was-wir-bisher-wissen\/","og_locale":"de_DE","og_type":"article","og_title":"Das Heilige Grabtuch: Was wir bisher wissen - Holyart.de Blog","og_description":"Neuere Studien haben die Gewissheiten \u00fcber das Heilige Grabtuch revolutioniert. Seine Datierung wird in Frage gestellt: Handelt es sich wirklich um das Grabtuch Jesu?","og_url":"https:\/\/blog.holyart.it\/de\/devotionalien\/das-heilige-grabtuch-was-wir-bisher-wissen\/","og_site_name":"Holyart.de Blog","article_published_time":"2024-09-04T08:00:23+00:00","article_modified_time":"2026-03-27T14:58:50+00:00","og_image":[{"width":1000,"height":666,"url":"https:\/\/blog.holyart.it\/de\/wp-content\/uploads\/sites\/12\/2024\/08\/das-heilige-grabtuch.jpg","type":"image\/jpeg"}],"author":"Redazione","twitter_card":"summary_large_image","twitter_misc":{"Verfasst von":"Redazione","Gesch\u00e4tzte Lesezeit":"8\u00a0Minuten"},"schema":{"@context":"https:\/\/schema.org","@graph":[{"@type":"Article","@id":"https:\/\/blog.holyart.it\/de\/devotionalien\/das-heilige-grabtuch-was-wir-bisher-wissen\/#article","isPartOf":{"@id":"https:\/\/blog.holyart.it\/de\/devotionalien\/das-heilige-grabtuch-was-wir-bisher-wissen\/"},"author":{"name":"Redazione","@id":"https:\/\/blog.holyart.it\/de\/#\/schema\/person\/0a7b686e5af0f856ec1e390dd0baecda"},"headline":"Das Heilige Grabtuch: Was wir bisher wissen","datePublished":"2024-09-04T08:00:23+00:00","dateModified":"2026-03-27T14:58:50+00:00","mainEntityOfPage":{"@id":"https:\/\/blog.holyart.it\/de\/devotionalien\/das-heilige-grabtuch-was-wir-bisher-wissen\/"},"wordCount":1203,"publisher":{"@id":"https:\/\/blog.holyart.it\/de\/#organization"},"image":{"@id":"https:\/\/blog.holyart.it\/de\/devotionalien\/das-heilige-grabtuch-was-wir-bisher-wissen\/#primaryimage"},"thumbnailUrl":"https:\/\/blog.holyart.it\/de\/wp-content\/uploads\/sites\/12\/2024\/08\/das-heilige-grabtuch.jpg","articleSection":["Ostern","Religion"],"inLanguage":"de"},{"@type":"WebPage","@id":"https:\/\/blog.holyart.it\/de\/devotionalien\/das-heilige-grabtuch-was-wir-bisher-wissen\/","url":"https:\/\/blog.holyart.it\/de\/devotionalien\/das-heilige-grabtuch-was-wir-bisher-wissen\/","name":"Das Heilige Grabtuch: Was wir bisher wissen - Holyart.de Blog","isPartOf":{"@id":"https:\/\/blog.holyart.it\/de\/#website"},"primaryImageOfPage":{"@id":"https:\/\/blog.holyart.it\/de\/devotionalien\/das-heilige-grabtuch-was-wir-bisher-wissen\/#primaryimage"},"image":{"@id":"https:\/\/blog.holyart.it\/de\/devotionalien\/das-heilige-grabtuch-was-wir-bisher-wissen\/#primaryimage"},"thumbnailUrl":"https:\/\/blog.holyart.it\/de\/wp-content\/uploads\/sites\/12\/2024\/08\/das-heilige-grabtuch.jpg","datePublished":"2024-09-04T08:00:23+00:00","dateModified":"2026-03-27T14:58:50+00:00","description":"Neuere Studien haben die Gewissheiten \u00fcber das Heilige Grabtuch revolutioniert. Seine Datierung wird in Frage gestellt: Handelt es sich wirklich um das Grabtuch Jesu?","breadcrumb":{"@id":"https:\/\/blog.holyart.it\/de\/devotionalien\/das-heilige-grabtuch-was-wir-bisher-wissen\/#breadcrumb"},"inLanguage":"de","potentialAction":[{"@type":"ReadAction","target":["https:\/\/blog.holyart.it\/de\/devotionalien\/das-heilige-grabtuch-was-wir-bisher-wissen\/"]}]},{"@type":"ImageObject","inLanguage":"de","@id":"https:\/\/blog.holyart.it\/de\/devotionalien\/das-heilige-grabtuch-was-wir-bisher-wissen\/#primaryimage","url":"https:\/\/blog.holyart.it\/de\/wp-content\/uploads\/sites\/12\/2024\/08\/das-heilige-grabtuch.jpg","contentUrl":"https:\/\/blog.holyart.it\/de\/wp-content\/uploads\/sites\/12\/2024\/08\/das-heilige-grabtuch.jpg","width":1000,"height":666,"caption":"das heilige grabtuch"},{"@type":"BreadcrumbList","@id":"https:\/\/blog.holyart.it\/de\/devotionalien\/das-heilige-grabtuch-was-wir-bisher-wissen\/#breadcrumb","itemListElement":[{"@type":"ListItem","position":1,"name":"Homepage","item":"https:\/\/blog.holyart.it\/de\/"},{"@type":"ListItem","position":2,"name":"Religion","item":"https:\/\/blog.holyart.it\/de\/devotionalien\/"},{"@type":"ListItem","position":3,"name":"Das Heilige Grabtuch: Was wir bisher wissen"}]},{"@type":"WebSite","@id":"https:\/\/blog.holyart.it\/de\/#website","url":"https:\/\/blog.holyart.it\/de\/","name":"Holyart.de Blog","description":"Holyblog","publisher":{"@id":"https:\/\/blog.holyart.it\/de\/#organization"},"potentialAction":[{"@type":"SearchAction","target":{"@type":"EntryPoint","urlTemplate":"https:\/\/blog.holyart.it\/de\/?s={search_term_string}"},"query-input":{"@type":"PropertyValueSpecification","valueRequired":true,"valueName":"search_term_string"}}],"inLanguage":"de"},{"@type":"Organization","@id":"https:\/\/blog.holyart.it\/de\/#organization","name":"Holyart.de Blog","url":"https:\/\/blog.holyart.it\/de\/","logo":{"@type":"ImageObject","inLanguage":"de","@id":"https:\/\/blog.holyart.it\/de\/#\/schema\/logo\/image\/","url":"https:\/\/blog.holyart.it\/de\/wp-content\/uploads\/sites\/12\/2022\/12\/Holyart_Blog_Logo.jpg","contentUrl":"https:\/\/blog.holyart.it\/de\/wp-content\/uploads\/sites\/12\/2022\/12\/Holyart_Blog_Logo.jpg","width":300,"height":50,"caption":"Holyart.de Blog"},"image":{"@id":"https:\/\/blog.holyart.it\/de\/#\/schema\/logo\/image\/"}},{"@type":"Person","@id":"https:\/\/blog.holyart.it\/de\/#\/schema\/person\/0a7b686e5af0f856ec1e390dd0baecda","name":"Redazione","image":{"@type":"ImageObject","inLanguage":"de","@id":"https:\/\/blog.holyart.it\/de\/#\/schema\/person\/image\/","url":"https:\/\/secure.gravatar.com\/avatar\/f477da817f43e50d0af36abecd33e3edf826c68299714bdc1057dff3b113f516?s=96&d=mm&r=g","contentUrl":"https:\/\/secure.gravatar.com\/avatar\/f477da817f43e50d0af36abecd33e3edf826c68299714bdc1057dff3b113f516?s=96&d=mm&r=g","caption":"Redazione"}}]}},"_links":{"self":[{"href":"https:\/\/blog.holyart.it\/de\/wp-json\/wp\/v2\/posts\/4579","targetHints":{"allow":["GET"]}}],"collection":[{"href":"https:\/\/blog.holyart.it\/de\/wp-json\/wp\/v2\/posts"}],"about":[{"href":"https:\/\/blog.holyart.it\/de\/wp-json\/wp\/v2\/types\/post"}],"author":[{"embeddable":true,"href":"https:\/\/blog.holyart.it\/de\/wp-json\/wp\/v2\/users\/1"}],"replies":[{"embeddable":true,"href":"https:\/\/blog.holyart.it\/de\/wp-json\/wp\/v2\/comments?post=4579"}],"version-history":[{"count":3,"href":"https:\/\/blog.holyart.it\/de\/wp-json\/wp\/v2\/posts\/4579\/revisions"}],"predecessor-version":[{"id":4587,"href":"https:\/\/blog.holyart.it\/de\/wp-json\/wp\/v2\/posts\/4579\/revisions\/4587"}],"wp:featuredmedia":[{"embeddable":true,"href":"https:\/\/blog.holyart.it\/de\/wp-json\/wp\/v2\/media\/4580"}],"wp:attachment":[{"href":"https:\/\/blog.holyart.it\/de\/wp-json\/wp\/v2\/media?parent=4579"}],"wp:term":[{"taxonomy":"category","embeddable":true,"href":"https:\/\/blog.holyart.it\/de\/wp-json\/wp\/v2\/categories?post=4579"},{"taxonomy":"post_tag","embeddable":true,"href":"https:\/\/blog.holyart.it\/de\/wp-json\/wp\/v2\/tags?post=4579"}],"curies":[{"name":"wp","href":"https:\/\/api.w.org\/{rel}","templated":true}]}}