{"id":4565,"date":"2024-09-02T10:00:40","date_gmt":"2024-09-02T08:00:40","guid":{"rendered":"https:\/\/blog.holyart.it\/de\/?p=4565"},"modified":"2025-09-04T11:58:32","modified_gmt":"2025-09-04T09:58:32","slug":"geburtstag-der-muttergottes-wurde-sie-am-5-august-oder-8-september-geboren","status":"publish","type":"post","link":"https:\/\/blog.holyart.it\/de\/devotionalien\/geburtstag-der-muttergottes-wurde-sie-am-5-august-oder-8-september-geboren\/","title":{"rendered":"Geburtstag der Muttergottes: Wurde sie am 5. August oder 8. September geboren?"},"content":{"rendered":"<h4>Geburtstag der Muttergottes: 5. August oder 8. September? Finden wir heraus, wann und warum die Kirche die Geburt Mariens, der Mutter Jesu, feiert<\/h4>\n<p>Es ist nie leicht, sich vorzustellen, wie das Leben der Protagonisten der Geschichte des Christentums gewesen sein k\u00f6nnte. Wenn wir \u00fcber das <a href=\"https:\/\/www.holyart.de\/blog\/heilige-und-selige\/wenn-heiligkeit-in-der-familie-liegt-geschichten-von-bruedern-und-schwestern-die-gemeinsam-heilig-wurden\/\"><strong>Leben der Heiligen<\/strong><\/a> nachdenken, k\u00f6nnen wir auf zahlreiche hagiografische und historische Dokumente zur\u00fcckgreifen, die mit zunehmender Ann\u00e4herung an unsere Zeit immer zahlreicher und umfassender werden. Einige Heilige, wie der heilige Augustinus, um nur einen zu nennen, erz\u00e4hlten die Geschichte ihres eigenen menschlichen und spirituellen Gleichnisses direkt in ihren ber\u00fchmtesten Texten. Komplizierter wird es jedoch, wenn wir uns auf die <a href=\"https:\/\/www.holyart.de\/blog\/devotionalien\/die-geschichte-jesu-die-wichtigsten-ereignisse-in-seinem-leben\/\"><strong>Geschichte von Jesus<\/strong><\/a>, der <strong>Muttergottes<\/strong> und anderen Protagonisten der Evangelien konzentrieren. Obwohl uns die Evangelien selbst wertvolle Informationen zur Rekonstruktion der Fakten liefern, ist es auch wahr, dass einige Teile des Lebens dieser Charaktere v\u00f6llig oder fast vollst\u00e4ndig weggelassen werden. Denken wir an die verlorenen Jahre Jesu, das hei\u00dft an die Jahre seiner Kindheit und Jugend, bevor er zu predigen begann.<\/p>\n<div class=\"link-article\">\n<p><img loading=\"lazy\" decoding=\"async\" class=\"size-full wp-image-4567 alignleft\" src=\"https:\/\/blog.holyart.it\/de\/wp-content\/uploads\/sites\/12\/2024\/08\/Die-Geschichte-Jesu-die-wichtigsten-Ereignisse-in-seinem-Leben-1.jpg\" alt=\"Die Geschichte Jesu die wichtigsten Ereignisse in seinem Leben 1\" width=\"150\" height=\"99\" data-kale-share-title=\"Geburtstag der Muttergottes: Wurde sie am 5. August oder 8. September geboren?\" data-kale-share-url=\"https:\/\/blog.holyart.it\/de\/?p=4565\" \/><\/p>\n<div class=\"leggi-anche\">Lesen Sie auch:<\/div>\n<p><strong><a href=\"https:\/\/www.holyart.de\/blog\/devotionalien\/die-geschichte-jesu-die-wichtigsten-ereignisse-in-seinem-leben\/\">Die Geschichte Jesu: die wichtigsten Ereignisse in seinem Leben<\/a><\/strong><br \/>\nDie Geschichte Jesu, zwischen Evangelium, historischer Realit\u00e4t und&#8230;<\/p>\n<\/div>\n<p>Selbst im Fall der Jungfrau Maria ist es schwierig, die Ereignisse ihres Lebens nach der Verk\u00fcndigung und der Geburt Jesu bis zu jenem schicksalhaften Tag am Fu\u00dfe des Kreuzes auf Golgatha zu rekonstruieren. Haben Sie sich zum Beispiel jemals gefragt, wann <strong>der Geburtstag Unserer Lieben Frau<\/strong> ist? Wir haben uns in der Vergangenheit auf die Figur der Heiligen Anna, der Mutter Mariens, und auf den Heiligen Joachim, ihren Vater, konzentriert, aber es ist f\u00fcr Christen wichtig, \u00fcber die <strong><a href=\"https:\/\/www.holyart.de\/blog\/devotionalien\/mariae-geburt-wann-und-warum-wird-sie-gefeiert\/\">Geburt der Madonna<\/a><\/strong> selbst nachzudenken, die <strong>am 8. September<\/strong> gefeiert wird, denn sie war es und blieb im Laufe der Zeit das <strong>Symbol einer erneuerten Allianz zwischen Gott und den Menschen<\/strong>, eine neue Eva, die kam, um die Erbs\u00fcnde abzuwaschen und die Erl\u00f6sung f\u00fcr alle in ihren Scho\u00df zu bringen. <em>Gesegnet unter den Frauen<\/em>, so wie Eva von Gott f\u00fcr ihren Ungehorsam verflucht wurde.<\/p>\n<div class=\"link-article\">\n<p><img loading=\"lazy\" decoding=\"async\" class=\"size-full wp-image-4569 alignleft\" src=\"https:\/\/blog.holyart.it\/de\/wp-content\/uploads\/sites\/12\/2024\/08\/Maria-Geburt.jpg\" alt=\"Maria Geburt\" width=\"150\" height=\"99\" data-kale-share-title=\"Geburtstag der Muttergottes: Wurde sie am 5. August oder 8. September geboren?\" data-kale-share-url=\"https:\/\/blog.holyart.it\/de\/?p=4565\" \/><\/p>\n<div class=\"leggi-anche\">Lesen Sie auch:<\/div>\n<p><strong><a href=\"https:\/\/www.holyart.de\/blog\/devotionalien\/mariae-geburt-wann-und-warum-wird-sie-gefeiert\/\">Mari\u00e4 Geburt, wann und warum wird sie gefeiert?<\/a><\/strong><br \/>\nAm 8. September feiern wir die Geburt Marias, der Mutter schlechthin, der Frau, die die Geschichte der Kirche und der Menschheit ver\u00e4ndert&#8230;<\/p>\n<\/div>\n<p>Warum h\u00f6ren wir manchmal, dass der <strong>5. August als Geburtstag Mariens<\/strong> bezeichnet wird? Wie wir geschrieben haben, wird die Geburt Mariens am 8. September gefeiert, die Wahl dieses Datums ist jedoch rein konventionell, da es keine genauen Angaben zum Geburtsdatum der Madonna gibt. Der Hauptgrund f\u00fcr die Wahl dieses Datums ist, dass es mit der <strong>Einweihungsfeier der im 4. Jahrhundert n. Chr. erbauten Basilika der <a href=\"https:\/\/www.holyart.de\/devotionalien\/statuen\/statuen-aus-resin-und-pvc\/heilige-anna-mit-maria-30cm-aus-harz\">Heiligen Anna<\/a> in Jerusalem<\/strong> zusammenf\u00e4llt, und zwar an der Stelle, wo einst Marias Elternhaus stand. Genau hier feiern noch heute jedes Jahr am 8. September die Franziskaner der <strong>Kustodie des Heiligen Landes<\/strong>, der Franziskanerorden, der seit Beginn des 13. Jahrhunderts f\u00fcr die F\u00f6rderung und Verbreitung von <strong><a href=\"https:\/\/www.holyart.de\/blog\/devotionalien\/5-pilgerorte-die-man-mindestens-einmal-im-leben-besuchen-sollte\/\">Wallfahrten zu den Heiligen St\u00e4tten<\/a><\/strong> verantwortlich ist, die Geburt des Heilige Jungfrau Maria. Urspr\u00fcnglich nur im Osten als Fest eingef\u00fchrt, wurde das Fest der Geburt Mariens im 7. Jahrhundert n. Chr. von Papst Sergius I. auch im Westen eingef\u00fchrt.<\/p>\n<div class=\"link-product\">\n<div class=\"blocco-immagine\"><img loading=\"lazy\" decoding=\"async\" class=\"size-full wp-image-4571 alignleft\" src=\"https:\/\/blog.holyart.it\/de\/wp-content\/uploads\/sites\/12\/2024\/08\/heilige-anna-mit-maria-30cm-aus-harz.jpg\" alt=\"heilige anna mit maria 30cm aus harz\" width=\"100\" height=\"100\" data-kale-share-title=\"Geburtstag der Muttergottes: Wurde sie am 5. August oder 8. September geboren?\" data-kale-share-url=\"https:\/\/blog.holyart.it\/de\/?p=4565\" \/><\/div>\n<div class=\"blocco-contenuto\">\n<div class=\"blocco-acquista\">Einkaufen:<\/div>\n<div class=\"blocco-titolo\"><a href=\"https:\/\/www.holyart.de\/devotionalien\/statuen\/statuen-aus-resin-und-pvc\/heilige-anna-mit-maria-30cm-aus-harz\">Heilige Anna mit Maria 30cm aus Harz<\/a><\/div>\n<div class=\"blocco-descrizione\">Statue der Heiligen Anna mit Maria realisiert aus Harz und handbemalt.<\/div>\n<\/div>\n<\/div>\n<p>Es gibt jedoch auch andere \u00dcberlieferungen, die den Geburtstag der Madonna mit einem anderen Datum zusammenfallen lassen. Am <strong>5. August<\/strong> feiern wir beispielsweise die <strong>Madonna della Neve<\/strong>, die in der Nacht des 4. August 352 n. Chr. erschien. an einen r\u00f6mischen Patrizier namens Giovanni und seine Frau und bat sie, an der Stelle, an der es am n\u00e4chsten Tag schneite, eine Basilika in seinem Namen zu errichten. Im August dieses Jahres fiel tats\u00e4chlich Schnee auf dem Esquilin-H\u00fcgel, und hier bauten Giovanni und seine Frau getreu ihrem Versprechen die sp\u00e4tere <strong>Basilika Santa Maria Maggiore.<\/strong><\/p>\n<h2>Geburtstag Unserer Lieben Frau in Medjugorje<\/h2>\n<p>Au\u00dferdem wird am 5. August der <strong>Geburtstag Unserer Lieben <a href=\"https:\/\/www.holyart.de\/besondere-anlasse\/muttergottes-von-medjugorje\/medjugorje-statuen-und-bilder\/bemalte-madonna-von-medjugorje-aus-marmorstaub-mit-kirche-von-st.-jakob-20-cm\">Frau von Medjugorje<\/a><\/strong> gefeiert. Es d\u00fcrfte die Jungfrau selbst gewesen sein, die den Sehern in der Erscheinung vom 1. August 1984 dieses Datum als ihr Geburtsdatum angegeben hat und darum gebeten hat, ihr zu diesem Anlass drei Tage Gebet und Fasten zu schenken: \u201e<em>Am n\u00e4chsten 5. August wollen wir das zweite Jahrtausend meiner Geburt feiern. An diesem Tag erlaubt mir Gott, Ihnen besondere Gnaden und der Welt einen besonderen Segen zu schenken. Ich bitte Sie, sich intensiv vorzubereiten und drei Tage ausschlie\u00dflich mir zu widmen. Arbeiten Sie an diesen Tagen nicht. Nehmen Sie Ihren Rosenkranz und beten Sie. <strong>Fasten Sie auf Brot und Wasser<\/strong>. Im Laufe all dieser Jahrhunderte habe ich mich ganz Ihnen gewidmet: Ist es zu viel, wenn ich Sie jetzt darum bitte, mir mindestens drei Tage zu widmen?<\/em>\u201c<\/p>\n<p>Dasselbe Datum soll die Madonna auch anderen heiligen M\u00e4nnern bei verschiedenen Erscheinungen angezeigt haben.<\/p>\n<div class=\"link-product\">\n<div class=\"blocco-immagine\"><img loading=\"lazy\" decoding=\"async\" class=\"size-full wp-image-4573 alignleft\" src=\"https:\/\/blog.holyart.it\/de\/wp-content\/uploads\/sites\/12\/2024\/08\/bemalte-madonna-von-medjugorje-aus-marmorstaub-mit-kirche-von-st.-jakob-20-cm1.jpg\" alt=\"bemalte madonna von medjugorje aus marmorstaub mit kirche von st. jakob 20 cm1\" width=\"100\" height=\"100\" data-kale-share-title=\"Geburtstag der Muttergottes: Wurde sie am 5. August oder 8. September geboren?\" data-kale-share-url=\"https:\/\/blog.holyart.it\/de\/?p=4565\" \/><\/div>\n<div class=\"blocco-contenuto\">\n<div class=\"blocco-acquista\">Einkaufen:<\/div>\n<div class=\"blocco-titolo\"><a href=\"https:\/\/www.holyart.de\/besondere-anlasse\/muttergottes-von-medjugorje\/medjugorje-statuen-und-bilder\/bemalte-madonna-von-medjugorje-aus-marmorstaub-mit-kirche-von-st.-jakob-20-cm\">Bemalte Madonna von Medjugorje aus Marmorstaub mit Kirche von St. Jakob, 20 cm<\/a><\/div>\n<div class=\"blocco-descrizione\">Diese Statue ist 21 x 8 cm gro\u00df und stellt die Madonna von Medjugorje dar.<\/div>\n<\/div>\n<\/div>\n<h2>Die Geburt der Heiligen Jungfrau Maria nach Angaben der Kirche<\/h2>\n<p>Die Kirche erkennt daher den 8. September als das herk\u00f6mmliche Datum der Geburt Mariens an, und obwohl es schon immer eine <strong>Verehrung f\u00fcr das Kind Maria<\/strong> gegeben hatte, weihte Carlo Borromeo 1572 den <a href=\"https:\/\/www.holyart.de\/devotionalien\/statuen\/statuen-aus-resin-und-pvc\/statue-aus-harz-junge-maria-mit-buch-12-5-cm\"><strong>Mail\u00e4nder Dom<\/strong><\/a>, der kurz vor der Fertigstellung stand, genau der werdenden Maria.<\/p>\n<p>Ebenfalls in Mailand entstand 1720 die <strong>Verehrung des Kindes Maria<\/strong>, verbunden mit einem kleinen Wachssimulakrum, das die neugeborene Madonna als Protagonistin einer wundersamen Heilung darstellt und von der Franziskanerin <strong>Schwester Chiara Isabella Fornari<\/strong> den Kapuzinerinnen von Santa Maria degli Angeli gespendet wurde. Noch heute werden die <strong>Schwestern der Kongregation der Barmherzigen Schwestern von Lovere<\/strong> in Mailand <em>Nonnen des Kindes Maria<\/em> genannt.<\/p>\n<div class=\"link-product\">\n<div class=\"blocco-immagine\"><img loading=\"lazy\" decoding=\"async\" class=\"size-full wp-image-4576 alignleft\" src=\"https:\/\/blog.holyart.it\/de\/wp-content\/uploads\/sites\/12\/2024\/08\/statue-aus-harz-junge-maria-mit-buch-12-5-cm.jpg\" alt=\"statue aus harz junge maria mit buch 12 5 cm\" width=\"100\" height=\"100\" data-kale-share-title=\"Geburtstag der Muttergottes: Wurde sie am 5. August oder 8. September geboren?\" data-kale-share-url=\"https:\/\/blog.holyart.it\/de\/?p=4565\" \/><\/div>\n<div class=\"blocco-contenuto\">\n<div class=\"blocco-acquista\">Einkaufen:<\/div>\n<div class=\"blocco-titolo\"><a href=\"https:\/\/www.holyart.de\/devotionalien\/statuen\/statuen-aus-resin-und-pvc\/statue-aus-harz-junge-maria-mit-buch-12-5-cm\">Statue aus Harz junge Maria mit Buch, 12,5 cm<\/a><\/div>\n<div class=\"blocco-descrizione\">Sch\u00f6ne Statue hergestellt aus Harz mit viel liebe zum Detail.<\/div>\n<\/div>\n<\/div>\n<h2>Gebet zu Maria als Kind<\/h2>\n<p>Wir bieten hierunter die Novene an das Kind Maria, die denjenigen, die sie einmal t\u00e4glich beten, einen teilweisen Genuss garantiert:<\/p>\n<p><em>Heiliges Kind aus der k\u00f6niglichen Linie Davids, K\u00f6nigin der Engel, Mutter der Gnade und Liebe, ich gr\u00fc\u00dfe dich mit der ganzen Zuneigung meines Herzens. Erbitte mir vom Herrn, dass ich ihn in allen Tagen meines Lebens mit gro\u00dfz\u00fcgiger Treue liebe und dass ich eine sehr z\u00e4rtliche Hingabe an Dich erlange, der Du der Erstgeborene der g\u00f6ttlichen Liebe bist.<\/em><\/p>\n<p><em>(Ave Maria,&#8230;)<\/em><\/p>\n<p><em>O himmlisches kleines M\u00e4dchen, das wie eine wei\u00dfe Taube auf die Welt gekommen ist. Unbefleckt und sch\u00f6n, meine Seele freut sich vor Dir, wahres Wunderkind der Weisheit und G\u00fcte Gottes. Unbefleckt und rein, hilf mir, sie um jeden Preis eifers\u00fcchtig zu bewahren, die engelhafte Tugend der heiligen Reinheit.<\/em><\/p>\n<p><em>(Ave Maria,&#8230;)<\/em><\/p>\n<p><em>Sei gegr\u00fc\u00dft, gn\u00e4diges und heiliges Kind, spirituelles Paradies der Freuden, wo am Tag der Inkarnation der wahre Baum des Lebens, der Retter der Welt, gepflanzt wurde. Da du mich so sehr liebst, hilf mir, den vergifteten Fr\u00fcchten der Eitelkeiten und Vergn\u00fcgungen der Welt zu entkommen und sie zu verabscheuen. Erwecke in meiner Seele die Gedanken, die Zuneigung und die Tugenden Deines g\u00f6ttlichen Sohnes, die s\u00fc\u00dfesten Fr\u00fcchte des unsterblichen Lebens.<\/em><\/p>\n<p><em>(Ave Maria,&#8230;)<\/em><\/p>\n<p><em>Sei gegr\u00fc\u00dft, o bewundernswertes kleines M\u00e4dchen, geschlossener Garten, undurchdringlich f\u00fcr Gesch\u00f6pfe, offen nur f\u00fcr den himmlischen Br\u00e4utigam, der sich freut, zwischen den Blumen deiner erhabenen Tugenden zu ruhen. O Lilie des Paradieses, wunderbares Beispiel f\u00fcr bescheidenes und verborgenes Leben: Lass den himmlischen Br\u00e4utigam die T\u00fcr meines Herzens immer f\u00fcr die liebevollen Besuche seiner Gnaden und Inspirationen offen finden.<\/em><\/p>\n<p><em>(Ave Maria,&#8230;)<\/em><\/p>\n<p><em>O heiliges Kind, mystische Morgend\u00e4mmerung, gl\u00fcckliche T\u00fcr des Himmels, auf Dich vertraut und hofft meine Seele. Wie tief ist meine Lauheit im Dienst Gottes! Wie gro\u00df ist die Gefahr, mich selbst zu verdammen! Oh, m\u00e4chtiger Anwalt, strecke von deiner kleinen Wiege aus deine g\u00fctige Hand aus, ersch\u00fcttere mich aus der schmerzhaften Lethargie, unterst\u00fctze mich auf dem Weg des Lebens &#8230; Lass mich mit Inbrunst und Best\u00e4ndigkeit bis zum Tod dem Dienst des Herrn widmen und so das Ziel der ewigen Krone erreichen.<\/em><\/p>\n<p><em>(Ave Maria,&#8230;)<\/em><\/p>\n<p>Aber es gibt viele Gebete, die mit der Geburt Mariens verbunden sind und die Sie anl\u00e4sslich des Geburtstages der Madonna oder wenn Sie das Bed\u00fcrfnis versp\u00fcren, sprechen k\u00f6nnen:<\/p>\n<p><em>\u201eO Allerheiligste Maria, auserw\u00e4hlte und bestimmte Mutter des eingeborenen Sohnes des Vaters, von den Propheten vorhergesagt, von den Patriarchen erwartet und von allen Menschen begehrt, Heiligtum und lebendiger Tempel des Heiligen Geistes, Sonne ohne Makel, weil ohne empfangen.\u201c S\u00fcnde, Herrin des Himmels und der Erde, K\u00f6nigin der Engel, wir verneigen uns dem\u00fctig vor dir und freuen uns \u00fcber den j\u00e4hrlichen Jahrestag deiner sehr gl\u00fccklichen Geburt.<\/em><\/p>\n<p><em>Wir bitten dich, spirituell in unsere Seelen hineingeboren zu werden, damit diese, von deiner Lieblichkeit und Sanftheit ergriffen, immer vereint mit deinem s\u00fc\u00dfesten und liebenswertesten Herzen leben k\u00f6nnen.\u201c<\/em><\/p>\n<div class=\"link-product\">\n<div class=\"blocco-immagine\"><img loading=\"lazy\" decoding=\"async\" class=\"size-full wp-image-4577 alignleft\" src=\"https:\/\/blog.holyart.it\/de\/wp-content\/uploads\/sites\/12\/2024\/08\/das-madchen-maria-terrakotta-18-cm-in-glas-glocke-35x25-cm.jpg\" alt=\"das madchen maria terrakotta 18 cm in glas glocke 35x25 cm\" width=\"100\" height=\"100\" data-kale-share-title=\"Geburtstag der Muttergottes: Wurde sie am 5. August oder 8. September geboren?\" data-kale-share-url=\"https:\/\/blog.holyart.it\/de\/?p=4565\" \/><\/div>\n<div class=\"blocco-contenuto\">\n<div class=\"blocco-acquista\">Einkaufen:<\/div>\n<div class=\"blocco-titolo\"><a href=\"https:\/\/www.holyart.de\/devotionalien\/statuen\/statuen-aus-porzellan-und-ton\/das-madchen-maria-terrakotta-18-cm-in-glas-glocke-35x25-cm\">Das M\u00e4dchen Maria Terrakotta 18 cm in Glas-Glocke 35&#215;25 cm<\/a><\/div>\n<div class=\"blocco-descrizione\">Figur aus Terrakotta in Glocke aus Glas.<\/div>\n<\/div>\n<\/div>\n","protected":false},"excerpt":{"rendered":"<p>Geburtstag der Muttergottes: 5. August oder 8. September? Finden wir heraus, wann und warum die Kirche die Geburt Mariens, der Mutter Jesu, feiert Es ist nie leicht, sich vorzustellen, wie das Leben der Protagonisten der Geschichte des Christentums gewesen sein k\u00f6nnte. Wenn wir \u00fcber das&hellip;<\/p>\n","protected":false},"author":1,"featured_media":4566,"comment_status":"closed","ping_status":"open","sticky":false,"template":"","format":"standard","meta":{"_acf_changed":false,"footnotes":""},"categories":[10],"tags":[],"class_list":["post-4565","post","type-post","status-publish","format-standard","has-post-thumbnail","hentry","category-devotionalien"],"acf":[],"yoast_head":"<!-- This site is optimized with the Yoast SEO plugin v26.6 - https:\/\/yoast.com\/wordpress\/plugins\/seo\/ -->\n<title>Geburtstag der Muttergottes: Wurde sie am 5. August oder 8. September geboren? - Holyart.de Blog<\/title>\n<meta name=\"description\" content=\"Geburtstag der Muttergottes: 5. August oder 8. September? Finden wir heraus, wann und warum die Kirche die Geburt Mariens, der Mutter Jesu, feiert\" \/>\n<meta name=\"robots\" content=\"index, follow, max-snippet:-1, max-image-preview:large, max-video-preview:-1\" \/>\n<link rel=\"canonical\" href=\"https:\/\/blog.holyart.it\/de\/devotionalien\/geburtstag-der-muttergottes-wurde-sie-am-5-august-oder-8-september-geboren\/\" \/>\n<meta property=\"og:locale\" content=\"de_DE\" \/>\n<meta property=\"og:type\" content=\"article\" \/>\n<meta property=\"og:title\" content=\"Geburtstag der Muttergottes: Wurde sie am 5. August oder 8. September geboren? - Holyart.de Blog\" \/>\n<meta property=\"og:description\" content=\"Geburtstag der Muttergottes: 5. August oder 8. September? Finden wir heraus, wann und warum die Kirche die Geburt Mariens, der Mutter Jesu, feiert\" \/>\n<meta property=\"og:url\" content=\"https:\/\/blog.holyart.it\/de\/devotionalien\/geburtstag-der-muttergottes-wurde-sie-am-5-august-oder-8-september-geboren\/\" \/>\n<meta property=\"og:site_name\" content=\"Holyart.de Blog\" \/>\n<meta property=\"article:published_time\" content=\"2024-09-02T08:00:40+00:00\" \/>\n<meta property=\"article:modified_time\" content=\"2025-09-04T09:58:32+00:00\" \/>\n<meta property=\"og:image\" content=\"https:\/\/blog.holyart.it\/de\/wp-content\/uploads\/sites\/12\/2024\/08\/geburtstag-der-muttergottes.jpg\" \/>\n\t<meta property=\"og:image:width\" content=\"1000\" \/>\n\t<meta property=\"og:image:height\" content=\"666\" \/>\n\t<meta property=\"og:image:type\" content=\"image\/jpeg\" \/>\n<meta name=\"author\" content=\"Redazione\" \/>\n<meta name=\"twitter:card\" content=\"summary_large_image\" \/>\n<meta name=\"twitter:label1\" content=\"Verfasst von\" \/>\n\t<meta name=\"twitter:data1\" content=\"Redazione\" \/>\n\t<meta name=\"twitter:label2\" content=\"Gesch\u00e4tzte Lesezeit\" \/>\n\t<meta name=\"twitter:data2\" content=\"10\u00a0Minuten\" \/>\n<script type=\"application\/ld+json\" class=\"yoast-schema-graph\">{\"@context\":\"https:\/\/schema.org\",\"@graph\":[{\"@type\":\"Article\",\"@id\":\"https:\/\/blog.holyart.it\/de\/devotionalien\/geburtstag-der-muttergottes-wurde-sie-am-5-august-oder-8-september-geboren\/#article\",\"isPartOf\":{\"@id\":\"https:\/\/blog.holyart.it\/de\/devotionalien\/geburtstag-der-muttergottes-wurde-sie-am-5-august-oder-8-september-geboren\/\"},\"author\":{\"name\":\"Redazione\",\"@id\":\"https:\/\/blog.holyart.it\/de\/#\/schema\/person\/0a7b686e5af0f856ec1e390dd0baecda\"},\"headline\":\"Geburtstag der Muttergottes: Wurde sie am 5. August oder 8. September geboren?\",\"datePublished\":\"2024-09-02T08:00:40+00:00\",\"dateModified\":\"2025-09-04T09:58:32+00:00\",\"mainEntityOfPage\":{\"@id\":\"https:\/\/blog.holyart.it\/de\/devotionalien\/geburtstag-der-muttergottes-wurde-sie-am-5-august-oder-8-september-geboren\/\"},\"wordCount\":1512,\"publisher\":{\"@id\":\"https:\/\/blog.holyart.it\/de\/#organization\"},\"image\":{\"@id\":\"https:\/\/blog.holyart.it\/de\/devotionalien\/geburtstag-der-muttergottes-wurde-sie-am-5-august-oder-8-september-geboren\/#primaryimage\"},\"thumbnailUrl\":\"https:\/\/blog.holyart.it\/de\/wp-content\/uploads\/sites\/12\/2024\/08\/geburtstag-der-muttergottes.jpg\",\"articleSection\":[\"Religion\"],\"inLanguage\":\"de\"},{\"@type\":\"WebPage\",\"@id\":\"https:\/\/blog.holyart.it\/de\/devotionalien\/geburtstag-der-muttergottes-wurde-sie-am-5-august-oder-8-september-geboren\/\",\"url\":\"https:\/\/blog.holyart.it\/de\/devotionalien\/geburtstag-der-muttergottes-wurde-sie-am-5-august-oder-8-september-geboren\/\",\"name\":\"Geburtstag der Muttergottes: Wurde sie am 5. August oder 8. September geboren? - Holyart.de Blog\",\"isPartOf\":{\"@id\":\"https:\/\/blog.holyart.it\/de\/#website\"},\"primaryImageOfPage\":{\"@id\":\"https:\/\/blog.holyart.it\/de\/devotionalien\/geburtstag-der-muttergottes-wurde-sie-am-5-august-oder-8-september-geboren\/#primaryimage\"},\"image\":{\"@id\":\"https:\/\/blog.holyart.it\/de\/devotionalien\/geburtstag-der-muttergottes-wurde-sie-am-5-august-oder-8-september-geboren\/#primaryimage\"},\"thumbnailUrl\":\"https:\/\/blog.holyart.it\/de\/wp-content\/uploads\/sites\/12\/2024\/08\/geburtstag-der-muttergottes.jpg\",\"datePublished\":\"2024-09-02T08:00:40+00:00\",\"dateModified\":\"2025-09-04T09:58:32+00:00\",\"description\":\"Geburtstag der Muttergottes: 5. August oder 8. September? Finden wir heraus, wann und warum die Kirche die Geburt Mariens, der Mutter Jesu, feiert\",\"breadcrumb\":{\"@id\":\"https:\/\/blog.holyart.it\/de\/devotionalien\/geburtstag-der-muttergottes-wurde-sie-am-5-august-oder-8-september-geboren\/#breadcrumb\"},\"inLanguage\":\"de\",\"potentialAction\":[{\"@type\":\"ReadAction\",\"target\":[\"https:\/\/blog.holyart.it\/de\/devotionalien\/geburtstag-der-muttergottes-wurde-sie-am-5-august-oder-8-september-geboren\/\"]}]},{\"@type\":\"ImageObject\",\"inLanguage\":\"de\",\"@id\":\"https:\/\/blog.holyart.it\/de\/devotionalien\/geburtstag-der-muttergottes-wurde-sie-am-5-august-oder-8-september-geboren\/#primaryimage\",\"url\":\"https:\/\/blog.holyart.it\/de\/wp-content\/uploads\/sites\/12\/2024\/08\/geburtstag-der-muttergottes.jpg\",\"contentUrl\":\"https:\/\/blog.holyart.it\/de\/wp-content\/uploads\/sites\/12\/2024\/08\/geburtstag-der-muttergottes.jpg\",\"width\":1000,\"height\":666,\"caption\":\"geburtstag der muttergottes\"},{\"@type\":\"BreadcrumbList\",\"@id\":\"https:\/\/blog.holyart.it\/de\/devotionalien\/geburtstag-der-muttergottes-wurde-sie-am-5-august-oder-8-september-geboren\/#breadcrumb\",\"itemListElement\":[{\"@type\":\"ListItem\",\"position\":1,\"name\":\"Homepage\",\"item\":\"https:\/\/blog.holyart.it\/de\/\"},{\"@type\":\"ListItem\",\"position\":2,\"name\":\"Religion\",\"item\":\"https:\/\/blog.holyart.it\/de\/devotionalien\/\"},{\"@type\":\"ListItem\",\"position\":3,\"name\":\"Geburtstag der Muttergottes: Wurde sie am 5. August oder 8. September geboren?\"}]},{\"@type\":\"WebSite\",\"@id\":\"https:\/\/blog.holyart.it\/de\/#website\",\"url\":\"https:\/\/blog.holyart.it\/de\/\",\"name\":\"Holyart.de Blog\",\"description\":\"Holyblog\",\"publisher\":{\"@id\":\"https:\/\/blog.holyart.it\/de\/#organization\"},\"potentialAction\":[{\"@type\":\"SearchAction\",\"target\":{\"@type\":\"EntryPoint\",\"urlTemplate\":\"https:\/\/blog.holyart.it\/de\/?s={search_term_string}\"},\"query-input\":{\"@type\":\"PropertyValueSpecification\",\"valueRequired\":true,\"valueName\":\"search_term_string\"}}],\"inLanguage\":\"de\"},{\"@type\":\"Organization\",\"@id\":\"https:\/\/blog.holyart.it\/de\/#organization\",\"name\":\"Holyart.de Blog\",\"url\":\"https:\/\/blog.holyart.it\/de\/\",\"logo\":{\"@type\":\"ImageObject\",\"inLanguage\":\"de\",\"@id\":\"https:\/\/blog.holyart.it\/de\/#\/schema\/logo\/image\/\",\"url\":\"https:\/\/blog.holyart.it\/de\/wp-content\/uploads\/sites\/12\/2022\/12\/Holyart_Blog_Logo.jpg\",\"contentUrl\":\"https:\/\/blog.holyart.it\/de\/wp-content\/uploads\/sites\/12\/2022\/12\/Holyart_Blog_Logo.jpg\",\"width\":300,\"height\":50,\"caption\":\"Holyart.de Blog\"},\"image\":{\"@id\":\"https:\/\/blog.holyart.it\/de\/#\/schema\/logo\/image\/\"}},{\"@type\":\"Person\",\"@id\":\"https:\/\/blog.holyart.it\/de\/#\/schema\/person\/0a7b686e5af0f856ec1e390dd0baecda\",\"name\":\"Redazione\",\"image\":{\"@type\":\"ImageObject\",\"inLanguage\":\"de\",\"@id\":\"https:\/\/blog.holyart.it\/de\/#\/schema\/person\/image\/\",\"url\":\"https:\/\/secure.gravatar.com\/avatar\/f477da817f43e50d0af36abecd33e3edf826c68299714bdc1057dff3b113f516?s=96&d=mm&r=g\",\"contentUrl\":\"https:\/\/secure.gravatar.com\/avatar\/f477da817f43e50d0af36abecd33e3edf826c68299714bdc1057dff3b113f516?s=96&d=mm&r=g\",\"caption\":\"Redazione\"}}]}<\/script>\n<!-- \/ Yoast SEO plugin. -->","yoast_head_json":{"title":"Geburtstag der Muttergottes: Wurde sie am 5. August oder 8. September geboren? - Holyart.de Blog","description":"Geburtstag der Muttergottes: 5. August oder 8. September? Finden wir heraus, wann und warum die Kirche die Geburt Mariens, der Mutter Jesu, feiert","robots":{"index":"index","follow":"follow","max-snippet":"max-snippet:-1","max-image-preview":"max-image-preview:large","max-video-preview":"max-video-preview:-1"},"canonical":"https:\/\/blog.holyart.it\/de\/devotionalien\/geburtstag-der-muttergottes-wurde-sie-am-5-august-oder-8-september-geboren\/","og_locale":"de_DE","og_type":"article","og_title":"Geburtstag der Muttergottes: Wurde sie am 5. August oder 8. September geboren? - Holyart.de Blog","og_description":"Geburtstag der Muttergottes: 5. August oder 8. September? Finden wir heraus, wann und warum die Kirche die Geburt Mariens, der Mutter Jesu, feiert","og_url":"https:\/\/blog.holyart.it\/de\/devotionalien\/geburtstag-der-muttergottes-wurde-sie-am-5-august-oder-8-september-geboren\/","og_site_name":"Holyart.de Blog","article_published_time":"2024-09-02T08:00:40+00:00","article_modified_time":"2025-09-04T09:58:32+00:00","og_image":[{"width":1000,"height":666,"url":"https:\/\/blog.holyart.it\/de\/wp-content\/uploads\/sites\/12\/2024\/08\/geburtstag-der-muttergottes.jpg","type":"image\/jpeg"}],"author":"Redazione","twitter_card":"summary_large_image","twitter_misc":{"Verfasst von":"Redazione","Gesch\u00e4tzte Lesezeit":"10\u00a0Minuten"},"schema":{"@context":"https:\/\/schema.org","@graph":[{"@type":"Article","@id":"https:\/\/blog.holyart.it\/de\/devotionalien\/geburtstag-der-muttergottes-wurde-sie-am-5-august-oder-8-september-geboren\/#article","isPartOf":{"@id":"https:\/\/blog.holyart.it\/de\/devotionalien\/geburtstag-der-muttergottes-wurde-sie-am-5-august-oder-8-september-geboren\/"},"author":{"name":"Redazione","@id":"https:\/\/blog.holyart.it\/de\/#\/schema\/person\/0a7b686e5af0f856ec1e390dd0baecda"},"headline":"Geburtstag der Muttergottes: Wurde sie am 5. August oder 8. September geboren?","datePublished":"2024-09-02T08:00:40+00:00","dateModified":"2025-09-04T09:58:32+00:00","mainEntityOfPage":{"@id":"https:\/\/blog.holyart.it\/de\/devotionalien\/geburtstag-der-muttergottes-wurde-sie-am-5-august-oder-8-september-geboren\/"},"wordCount":1512,"publisher":{"@id":"https:\/\/blog.holyart.it\/de\/#organization"},"image":{"@id":"https:\/\/blog.holyart.it\/de\/devotionalien\/geburtstag-der-muttergottes-wurde-sie-am-5-august-oder-8-september-geboren\/#primaryimage"},"thumbnailUrl":"https:\/\/blog.holyart.it\/de\/wp-content\/uploads\/sites\/12\/2024\/08\/geburtstag-der-muttergottes.jpg","articleSection":["Religion"],"inLanguage":"de"},{"@type":"WebPage","@id":"https:\/\/blog.holyart.it\/de\/devotionalien\/geburtstag-der-muttergottes-wurde-sie-am-5-august-oder-8-september-geboren\/","url":"https:\/\/blog.holyart.it\/de\/devotionalien\/geburtstag-der-muttergottes-wurde-sie-am-5-august-oder-8-september-geboren\/","name":"Geburtstag der Muttergottes: Wurde sie am 5. August oder 8. September geboren? - Holyart.de Blog","isPartOf":{"@id":"https:\/\/blog.holyart.it\/de\/#website"},"primaryImageOfPage":{"@id":"https:\/\/blog.holyart.it\/de\/devotionalien\/geburtstag-der-muttergottes-wurde-sie-am-5-august-oder-8-september-geboren\/#primaryimage"},"image":{"@id":"https:\/\/blog.holyart.it\/de\/devotionalien\/geburtstag-der-muttergottes-wurde-sie-am-5-august-oder-8-september-geboren\/#primaryimage"},"thumbnailUrl":"https:\/\/blog.holyart.it\/de\/wp-content\/uploads\/sites\/12\/2024\/08\/geburtstag-der-muttergottes.jpg","datePublished":"2024-09-02T08:00:40+00:00","dateModified":"2025-09-04T09:58:32+00:00","description":"Geburtstag der Muttergottes: 5. August oder 8. September? Finden wir heraus, wann und warum die Kirche die Geburt Mariens, der Mutter Jesu, feiert","breadcrumb":{"@id":"https:\/\/blog.holyart.it\/de\/devotionalien\/geburtstag-der-muttergottes-wurde-sie-am-5-august-oder-8-september-geboren\/#breadcrumb"},"inLanguage":"de","potentialAction":[{"@type":"ReadAction","target":["https:\/\/blog.holyart.it\/de\/devotionalien\/geburtstag-der-muttergottes-wurde-sie-am-5-august-oder-8-september-geboren\/"]}]},{"@type":"ImageObject","inLanguage":"de","@id":"https:\/\/blog.holyart.it\/de\/devotionalien\/geburtstag-der-muttergottes-wurde-sie-am-5-august-oder-8-september-geboren\/#primaryimage","url":"https:\/\/blog.holyart.it\/de\/wp-content\/uploads\/sites\/12\/2024\/08\/geburtstag-der-muttergottes.jpg","contentUrl":"https:\/\/blog.holyart.it\/de\/wp-content\/uploads\/sites\/12\/2024\/08\/geburtstag-der-muttergottes.jpg","width":1000,"height":666,"caption":"geburtstag der muttergottes"},{"@type":"BreadcrumbList","@id":"https:\/\/blog.holyart.it\/de\/devotionalien\/geburtstag-der-muttergottes-wurde-sie-am-5-august-oder-8-september-geboren\/#breadcrumb","itemListElement":[{"@type":"ListItem","position":1,"name":"Homepage","item":"https:\/\/blog.holyart.it\/de\/"},{"@type":"ListItem","position":2,"name":"Religion","item":"https:\/\/blog.holyart.it\/de\/devotionalien\/"},{"@type":"ListItem","position":3,"name":"Geburtstag der Muttergottes: Wurde sie am 5. August oder 8. September geboren?"}]},{"@type":"WebSite","@id":"https:\/\/blog.holyart.it\/de\/#website","url":"https:\/\/blog.holyart.it\/de\/","name":"Holyart.de Blog","description":"Holyblog","publisher":{"@id":"https:\/\/blog.holyart.it\/de\/#organization"},"potentialAction":[{"@type":"SearchAction","target":{"@type":"EntryPoint","urlTemplate":"https:\/\/blog.holyart.it\/de\/?s={search_term_string}"},"query-input":{"@type":"PropertyValueSpecification","valueRequired":true,"valueName":"search_term_string"}}],"inLanguage":"de"},{"@type":"Organization","@id":"https:\/\/blog.holyart.it\/de\/#organization","name":"Holyart.de Blog","url":"https:\/\/blog.holyart.it\/de\/","logo":{"@type":"ImageObject","inLanguage":"de","@id":"https:\/\/blog.holyart.it\/de\/#\/schema\/logo\/image\/","url":"https:\/\/blog.holyart.it\/de\/wp-content\/uploads\/sites\/12\/2022\/12\/Holyart_Blog_Logo.jpg","contentUrl":"https:\/\/blog.holyart.it\/de\/wp-content\/uploads\/sites\/12\/2022\/12\/Holyart_Blog_Logo.jpg","width":300,"height":50,"caption":"Holyart.de Blog"},"image":{"@id":"https:\/\/blog.holyart.it\/de\/#\/schema\/logo\/image\/"}},{"@type":"Person","@id":"https:\/\/blog.holyart.it\/de\/#\/schema\/person\/0a7b686e5af0f856ec1e390dd0baecda","name":"Redazione","image":{"@type":"ImageObject","inLanguage":"de","@id":"https:\/\/blog.holyart.it\/de\/#\/schema\/person\/image\/","url":"https:\/\/secure.gravatar.com\/avatar\/f477da817f43e50d0af36abecd33e3edf826c68299714bdc1057dff3b113f516?s=96&d=mm&r=g","contentUrl":"https:\/\/secure.gravatar.com\/avatar\/f477da817f43e50d0af36abecd33e3edf826c68299714bdc1057dff3b113f516?s=96&d=mm&r=g","caption":"Redazione"}}]}},"_links":{"self":[{"href":"https:\/\/blog.holyart.it\/de\/wp-json\/wp\/v2\/posts\/4565","targetHints":{"allow":["GET"]}}],"collection":[{"href":"https:\/\/blog.holyart.it\/de\/wp-json\/wp\/v2\/posts"}],"about":[{"href":"https:\/\/blog.holyart.it\/de\/wp-json\/wp\/v2\/types\/post"}],"author":[{"embeddable":true,"href":"https:\/\/blog.holyart.it\/de\/wp-json\/wp\/v2\/users\/1"}],"replies":[{"embeddable":true,"href":"https:\/\/blog.holyart.it\/de\/wp-json\/wp\/v2\/comments?post=4565"}],"version-history":[{"count":6,"href":"https:\/\/blog.holyart.it\/de\/wp-json\/wp\/v2\/posts\/4565\/revisions"}],"predecessor-version":[{"id":4578,"href":"https:\/\/blog.holyart.it\/de\/wp-json\/wp\/v2\/posts\/4565\/revisions\/4578"}],"wp:featuredmedia":[{"embeddable":true,"href":"https:\/\/blog.holyart.it\/de\/wp-json\/wp\/v2\/media\/4566"}],"wp:attachment":[{"href":"https:\/\/blog.holyart.it\/de\/wp-json\/wp\/v2\/media?parent=4565"}],"wp:term":[{"taxonomy":"category","embeddable":true,"href":"https:\/\/blog.holyart.it\/de\/wp-json\/wp\/v2\/categories?post=4565"},{"taxonomy":"post_tag","embeddable":true,"href":"https:\/\/blog.holyart.it\/de\/wp-json\/wp\/v2\/tags?post=4565"}],"curies":[{"name":"wp","href":"https:\/\/api.w.org\/{rel}","templated":true}]}}