{"id":4540,"date":"2024-08-26T10:00:40","date_gmt":"2024-08-26T08:00:40","guid":{"rendered":"https:\/\/blog.holyart.it\/de\/?p=4540"},"modified":"2025-07-23T15:43:24","modified_gmt":"2025-07-23T13:43:24","slug":"carlo-acutis-der-selige-des-digitalen-zeitalters","status":"publish","type":"post","link":"https:\/\/blog.holyart.it\/de\/devotionalien\/carlo-acutis-der-selige-des-digitalen-zeitalters\/","title":{"rendered":"Carlo Acutis: der Selige des digitalen Zeitalters"},"content":{"rendered":"<h4>Carlo Acutis, der Millennial-Heilige, der sein kurzes Leben Jesus und der Hilfe f\u00fcr die \u00c4rmsten und Bed\u00fcrftigsten gewidmet hat, erinnert uns daran, wie sehr wir Heilige in der modernen Welt brauchen<\/h4>\n\n<p>Wenn wir \u00fcber Heilige sprechen, sind wir es daran gewohnt, uns vorzustellen, dass sie alle lange vor unserer Geburt lebten. Seit unserer Kindheit sind uns die kleinen Bilder bewusst, die sie in langen Anz\u00fcgen, Tuniken und manchmal auch in R\u00fcstungen zeigen, verewigt von den gro\u00dfen Meistern der Malerei auf Leinw\u00e4nden und Fresken, in Marmor und Holz gemei\u00dfelt von hervorragenden Bildhauern und erfahrenen Handwerkern. oder einfach auf heiligen Karten und heiligen Darstellungen von unbekannten K\u00fcnstlern, die seit Jahrhunderten tot sind, zur Volksverehrung dargeboten. Aber es gibt auch <strong>moderne Heilige<\/strong>, wie <strong>Carlo<\/strong> <strong>Acutis<\/strong>, der im Oktober 2020 selig gesprochene <a href=\"https:\/\/www.holyart.de\/devotionalien\/wandteppiche\/wandteppich-mit-carlo-acutis-fur-grosses-bild-50-x-40-cm\"><strong><em>Millennial-Heilige<\/em><\/strong><\/a>, ein Junge wie viele andere, der sich f\u00fcr die IT begeistert (eines seiner Attribute ist ein Personalcomputer), der wie jeder andere in sozialen Netzwerken aktiv ist Gleichaltrige, aber beseelt von einer <strong>seltenen Berufung und religi\u00f6sem Eifer<\/strong>.<\/p>\n<div class=\"link-product\">\n<div class=\"blocco-immagine\"><img loading=\"lazy\" decoding=\"async\" class=\"size-full wp-image-4542 alignleft\" src=\"https:\/\/blog.holyart.it\/de\/wp-content\/uploads\/sites\/12\/2024\/08\/wandteppich-mit-carlo-acutis-fur-grosses-bild-50-x-40-cm.jpg\" alt=\"wandteppich mit carlo acutis fur grosses bild 50 x 40 cm\" width=\"100\" height=\"100\" data-kale-share-title=\"Carlo Acutis: der Selige des digitalen Zeitalters\" data-kale-share-url=\"https:\/\/blog.holyart.it\/de\/?p=4540\" \/><\/div>\n<div class=\"blocco-contenuto\">\n<div class=\"blocco-acquista\">Einkaufen:<\/div>\n<div class=\"blocco-titolo\"><a href=\"https:\/\/www.holyart.de\/devotionalien\/wandteppiche\/wandteppich-mit-carlo-acutis-fur-grosses-bild-50-x-40-cm\">Wandteppich mit Carlo Acutis f\u0171r gro\u00dfes Bild, 50 x 40 cm<\/a><\/div>\n<div class=\"blocco-descrizione\">Italienischer Wandteppich mit der Darstellung des seligen Carlo Acutis.<\/div>\n<\/div>\n<\/div>\n<p>Carlo liebte <strong>Jesus<\/strong>, er sah die Heilige Eucharistie als seinen <strong><em>Weg zum Himmel<\/em><\/strong>, er betrachtete die <strong>Madonna<\/strong> als die \u201e<em>einzige Frau in meinem Leben<\/em>\u201c. Ein Junge, der seine Freizeit damit verbrachte, durch die Stadt zu fahren, um <strong>den Obdachlosen warme Mahlzeiten und Trost zu bringen<\/strong> oder in <strong>Suppenk\u00fcchen<\/strong> zu dienen. Und Carlo betete, er betete viel, er <strong><a href=\"https:\/\/www.holyart.de\/blog\/devotionalien\/wie-betet-man-mit-einem-rosenkranz-10-wichtige-schritte\/\">betete jeden Tag den Heiligen Rosenkranz<\/a><\/strong>. Schon in sehr jungem Alter, als seine Altersgenossen sich entschieden unbeschwerteren Interessen widmeten, organisierte er in Zusammenarbeit mit dem Papst- und M\u00e4rtyrerinstitut San Clemente I, das immer noch gereist ist, eine Wanderausstellung, die den <strong>eucharistischen Wundern in der Welt<\/strong> gewidmet war in der ganzen Welt als die <em>Ausstellung der eucharistischen Wunder von Carlo Acutis<\/em>. Der selige Carlo Acutis starb zu fr\u00fch, zu jung, und wir k\u00f6nnen uns nur fragen, was dieser au\u00dfergew\u00f6hnliche Junge getan h\u00e4tte, wenn er nur mehr Zeit gehabt h\u00e4tte. Er wurde als <strong>Patron des Internets<\/strong> vorgeschlagen, und auch in dieser Anerkennung erkennen wir, wie sehr unsere moderne Welt immer noch Heilige braucht, M\u00e4nner und Frauen, die in der Lage sind, den Glauben zu leben und ganz in die menschliche und spirituelle Erfahrung einzutauchen, f\u00fcr sich selbst und f\u00fcr sich selbst wir alle.<\/p>\n<div class=\"link-article\">\n<p><img loading=\"lazy\" decoding=\"async\" class=\"size-full wp-image-4544 alignleft\" src=\"https:\/\/blog.holyart.it\/de\/wp-content\/uploads\/sites\/12\/2024\/08\/Wie-betet-man-mit-einem-Rosenkranz-10-wichtige-Schritte.jpg\" alt=\"Wie betet man mit einem Rosenkranz 10 wichtige Schritte\" width=\"150\" height=\"100\" data-kale-share-title=\"Carlo Acutis: der Selige des digitalen Zeitalters\" data-kale-share-url=\"https:\/\/blog.holyart.it\/de\/?p=4540\" \/><\/p>\n<div class=\"leggi-anche\">Lesen Sie auch:<\/div>\n<p><strong><a href=\"https:\/\/www.holyart.de\/blog\/devotionalien\/wie-betet-man-mit-einem-rosenkranz-10-wichtige-schritte\/\">Wie betet man mit einem Rosenkranz \u2013 10 wichtige Schritte<\/a><\/strong><br \/>\nDie Krone des Rosenkranzes wird durch Perlen geformt, die durch einen Draht oder eine Schnur zusammen gehalten werden&#8230;<\/p>\n<\/div>\n<h2>Die Geschichte von Carlo Acutis<\/h2>\n<p>Um die Biografie von Carlo Acutis zu sammeln, wird es nie n\u00f6tig sein, ein sehr umfangreiches Buch zu sammeln. Doch es gibt so viel im Leben dieses besonderen Jungen, der in den wenigen Jahren, die ihm zum Leben gegeben wurden, nicht nur im Leben derer, die das Gl\u00fcck hatten, ihn zu kennen, sondern auch bei Tausenden einen unausl\u00f6schlichen Eindruck hinterlassen konnte von Leuten, die nur von ihm geh\u00f6rt haben. Er wurde in London als Sohn der Turiner Oberschicht geboren und wuchs in Mailand auf, wo er die Schule besuchte und das Liceo Classico abschloss. Schon in jungen Jahren zeigte er eine <strong>gro\u00dfe Liebe zu Jesus<\/strong> und eine intensive Spiritualit\u00e4t, die dazu f\u00fchrte, dass er bereits <strong>im Alter von sieben Jahren seine <a href=\"https:\/\/www.holyart.de\/blog\/besondere-anlassen\/erstkommunion-prinzen-und-prinzessinnen-fur-einen-tag-aber\/\">Erstkommunion<\/a><\/strong> empfing. W\u00e4hrend seine Freunde Boybands und Fu\u00dfballer anfeuerten, waren seine Idole die Heiligen Francisco und Jacinta Marto, die Hirtenkinder von Fatima, der Heilige Dominikus Savio, der j\u00fcngste katholische Nichtm\u00e4rtyrer und Sch\u00fcler Don Boscos, und der <strong><a href=\"https:\/\/www.holyart.de\/devotionalien\/statuen\/statuen-aus-gips\/statue-aus-gips-aloisius-von-gonzaga-von-arte-barsanti-20-cm\">Heilige Louis Gonzaga<\/a><\/strong>, der Schutzpatron der Jugend, und San Tarcisio, r\u00f6mischer M\u00e4rtyrer und Schutzpatron der Ministranten, der als kleiner Junge von seinen heidnischen Altersgenossen get\u00f6tet wurde, weil er sich zur Verf\u00fcgung gestellt hatte, um gefangenen Christen die Eucharistie zu bringen.<\/p>\n<div class=\"link-article\">\n<p><img loading=\"lazy\" decoding=\"async\" class=\"size-full wp-image-4546 alignleft\" src=\"https:\/\/blog.holyart.it\/de\/wp-content\/uploads\/sites\/12\/2024\/08\/Erstkommunion-Prinzen-und-Prinzessinnen-fuer-einen-Tag-aber\u2026.jpg\" alt=\"Erstkommunion Prinzen und Prinzessinnen f\u00fcr einen Tag aber\u2026\" width=\"150\" height=\"99\" data-kale-share-title=\"Carlo Acutis: der Selige des digitalen Zeitalters\" data-kale-share-url=\"https:\/\/blog.holyart.it\/de\/?p=4540\" \/><\/p>\n<div class=\"leggi-anche\">Lesen Sie auch:<\/div>\n<p><strong><a href=\"https:\/\/www.holyart.de\/blog\/besondere-anlassen\/erstkommunion-prinzen-und-prinzessinnen-fur-einen-tag-aber\/\">Erstkommunion: Prinzen und Prinzessinnen f\u00fcr einen Tag, aber\u2026<\/a><\/strong><br \/>\nDie Erstkommunion ist einer der wichtigsten und wertvollsten&#8230;<\/p>\n<\/div>\n<p>Das Leben von Carlo Acutis bestand aus den gleichen Dingen wie das Leben eines jeden Jungen: Schule, Freunde, Zuneigung, Leidenschaften. Und zu seinen Leidenschaften geh\u00f6rte vor allem Gott, den er mit der Frische seines Alters, aber auch mit einem beeindruckenden Bewusstsein, einer seltenen Reife lebte. Auch als er 2006 im Alter von nur 15 Jahren an <strong>fulminanter Leuk\u00e4mie<\/strong> erkrankte, bot er sein Leiden dem Papst und der Kirche an. Er starb innerhalb von nur drei Tagen und wurde auf dem Friedhof von Assisi beigesetzt, um ein Jahr sp\u00e4ter in die Kirche Santa Maria Maggiore, das Heiligtum der Spogliazione, \u00fcberf\u00fchrt zu werden, wo er heute ruht.<\/p>\n<div class=\"link-product\">\n<div class=\"blocco-immagine\"><img loading=\"lazy\" decoding=\"async\" class=\"size-full wp-image-4548 alignleft\" src=\"https:\/\/blog.holyart.it\/de\/wp-content\/uploads\/sites\/12\/2024\/08\/statue-aus-gips-aloisius-von-gonzaga-von-arte-barsanti-20-cm.jpg\" alt=\"statue aus gips aloisius von gonzaga von arte barsanti 20 cm\" width=\"100\" height=\"100\" data-kale-share-title=\"Carlo Acutis: der Selige des digitalen Zeitalters\" data-kale-share-url=\"https:\/\/blog.holyart.it\/de\/?p=4540\" \/><\/div>\n<div class=\"blocco-contenuto\">\n<div class=\"blocco-acquista\">Einkaufen:<\/div>\n<div class=\"blocco-titolo\"><a href=\"https:\/\/www.holyart.de\/devotionalien\/statuen\/statuen-aus-gips\/statue-aus-gips-aloisius-von-gonzaga-von-arte-barsanti-20-cm\">Statue aus Gips Aloisius von Gonzaga von Arte Barsanti, 20 cm<\/a><\/div>\n<div class=\"blocco-descrizione\">Hergestellt wurde sie von dem italienischen Unternehmen Arte Barsanti.<\/div>\n<\/div>\n<\/div>\n<p>Sein Seligsprechungsprozess begann im Jahr 2013 und am 5. Juli 2018 wurde Carlo von <a href=\"https:\/\/www.holyart.de\/besondere-anlasse\/papst-franziskus\"><strong>Papst<\/strong> <strong>Franziskus<\/strong><\/a> f\u00fcr ehrw\u00fcrdig erkl\u00e4rt.<\/p>\n<h2>Das Wunder von Carlo Acutis<\/h2>\n<p>Die <strong><a href=\"https:\/\/www.holyart.de\/devotionalien\/anhanger-in-kreuzform-medaillen\/medaillen\/kleine-medaille-carlo-acutis-925er-silber\">Heiligung von Carlo Acutis<\/a><\/strong> erforderte ein <strong>Wunder<\/strong>, und das Wunder wurde anerkannt. Es geht um die Heilung durch die F\u00fcrsprache des kleinen Matheus, eines sechsj\u00e4hrigen brasilianischen Jungen. Das Kind, das an einer schweren Fehlbildung der Bauchspeicheldr\u00fcse litt, hatte Gelegenheit, ein St\u00fcck des Pyjamas zu ber\u00fchren, das Carlo kurz vor seinem Tod trug und das mit seinem Blut befleckt war. Der kleine Junge flehte Carlo an, ihm zu helfen, sich besser zu f\u00fchlen, und anschlie\u00dfende Tests ergaben, dass seine Bauchspeicheldr\u00fcse wieder vollkommen gesund war. Der \u00c4rzterat der Kongregation f\u00fcr die Selig- und Heiligsprechungsprozesse erkannte das <strong>Wunder auf F\u00fcrsprache<\/strong> an und am 10. Oktober 2020 wurde Carlo Acutis in seinem geliebten Assisi zum Heiligen erkl\u00e4rt.<\/p>\n<div class=\"link-product\">\n<div class=\"blocco-immagine\"><img loading=\"lazy\" decoding=\"async\" class=\"size-full wp-image-4550 alignleft\" src=\"https:\/\/blog.holyart.it\/de\/wp-content\/uploads\/sites\/12\/2024\/08\/kleine-medaille-carlo-acutis-925er-silber.jpg\" alt=\"kleine medaille carlo acutis 925er silber\" width=\"100\" height=\"100\" data-kale-share-title=\"Carlo Acutis: der Selige des digitalen Zeitalters\" data-kale-share-url=\"https:\/\/blog.holyart.it\/de\/?p=4540\" \/><\/div>\n<div class=\"blocco-contenuto\">\n<div class=\"blocco-acquista\">Einkaufen:<\/div>\n<div class=\"blocco-titolo\"><a href=\"https:\/\/www.holyart.de\/devotionalien\/anhanger-in-kreuzform-medaillen\/medaillen\/kleine-medaille-carlo-acutis-925er-silber\">Kleine Medaille Carlo Acutis, 925er Silber<\/a><\/div>\n<div class=\"blocco-descrizione\">Diese Medaille ist ein zartes Tribut an Carlo Acutis.<\/div>\n<\/div>\n<\/div>\n<p>Auch wir k\u00f6nnen um die F\u00fcrsprache des jungen Heiligen bitten, indem wir neun Tage lang die Novene vor dem <strong>Ehrw\u00fcrdigen Carlo Acutis<\/strong> beten:<\/p>\n<p><em>Allerheiligste Dreifaltigkeit, Vater, Sohn und Heiliger Geist,<\/em><\/p>\n<p><em>Ich danke Ihnen f\u00fcr all die Gef\u00e4lligkeiten und Gnaden, die Sie erhalten<\/em><\/p>\n<p><em>bereicherte w\u00e4hrenddessen die Seele des seligen Carlo Acutis<\/em><\/p>\n<p><em>seine f\u00fcnfzehn Jahre, die er auf dieser Erde verbrachte und, f\u00fcr<\/em><\/p>\n<p><em>die Verdienste dieses geliebten Engels der Jugend,<\/em><\/p>\n<p><em>Gew\u00e4hre mir die Gnade, um die ich Dich inst\u00e4ndig bitte.<\/em><\/p>\n<h2>Moderne Heilige<\/h2>\n<p>Wir erw\u00e4hnten einige <strong>junge Heilige<\/strong> und sprachen \u00fcber Carlo Acutis und den Bedarf, den wir auch heute noch an modernen Heiligen haben, die die Welt zu einem besseren Ort machen. Nun, neben Karl wurden in j\u00fcngster Zeit auch andere Heilige seliggesprochen, wie zum Beispiel der junge <strong>Jos\u00e9 S\u00e1nchez del R\u00edo<\/strong>, ein Junge, der von einem Regierungsbeamten w\u00e4hrend des <strong>Cristeria-Krieges<\/strong> get\u00f6tet wurde, der zwischen 1926 und 1929 in Mexiko gegen die restriktive Politik der Regierung \u00fcber die Religionsfreiheit stattfand. Jos\u00e9 weigerte sich, seinem katholischen Glauben abzuschw\u00f6ren und starb infolgedessen. Er wurde 2005 von Papst Benedikt XVI. seliggesprochen und 2016 von Papst Franziskus heiliggesprochen. <strong>Oscar Romero<\/strong>, ein salvadorianischer katholischer Erzbischof, wurde ebenfalls von Todesschwadronen get\u00f6tet, weil er die Gewalt der Milit\u00e4rregierung verurteilte, und wurde 2016 von Papst Franziskus zum Heiligen erkl\u00e4rt 2018. <strong>Charles Eug\u00e8ne de Foucauld<\/strong>, ein franz\u00f6sischer religi\u00f6ser Mann, der sein Leben dem Studium der Tuareg-Kultur widmete und bei einem Angriff von Pl\u00fcnderern in der W\u00fcste in der Festung starb, die er zur Verteidigung der wehrlosen Bev\u00f6lkerung errichtete, wurde von Papst Benedikt zum Segen erkl\u00e4rt im Jahr 2005 von Papst Franziskus heiliggesprochen und 2022 von Papst Franziskus heiliggesprochen.<\/p>\n","protected":false},"excerpt":{"rendered":"<p>Carlo Acutis, der Millennial-Heilige, der sein kurzes Leben Jesus und der Hilfe f\u00fcr die \u00c4rmsten und Bed\u00fcrftigsten gewidmet hat, erinnert uns daran, wie sehr wir Heilige in der modernen Welt brauchen Wenn wir \u00fcber Heilige sprechen, sind wir es daran gewohnt, uns vorzustellen, dass sie&hellip;<\/p>\n","protected":false},"author":1,"featured_media":4541,"comment_status":"closed","ping_status":"open","sticky":false,"template":"","format":"standard","meta":{"_acf_changed":false,"footnotes":""},"categories":[10],"tags":[],"class_list":["post-4540","post","type-post","status-publish","format-standard","has-post-thumbnail","hentry","category-devotionalien"],"acf":[],"yoast_head":"<!-- This site is optimized with the Yoast SEO plugin v26.6 - https:\/\/yoast.com\/wordpress\/plugins\/seo\/ -->\n<title>Carlo Acutis: der Selige des digitalen Zeitalters - Holyart.de Blog<\/title>\n<meta name=\"description\" content=\"Vielleicht wird er Schutzpatron des Internets. Sicherlich ist der junge Carlo Acutis, der 2020 heiliggesprochen wurde, ein Vorbild und eine Hoffnung f\u00fcr junge Menschen und f\u00fcr uns alle\" \/>\n<meta name=\"robots\" content=\"index, follow, max-snippet:-1, max-image-preview:large, max-video-preview:-1\" \/>\n<link rel=\"canonical\" href=\"https:\/\/blog.holyart.it\/de\/devotionalien\/carlo-acutis-der-selige-des-digitalen-zeitalters\/\" \/>\n<meta property=\"og:locale\" content=\"de_DE\" \/>\n<meta property=\"og:type\" content=\"article\" \/>\n<meta property=\"og:title\" content=\"Carlo Acutis: der Selige des digitalen Zeitalters - Holyart.de Blog\" \/>\n<meta property=\"og:description\" content=\"Vielleicht wird er Schutzpatron des Internets. Sicherlich ist der junge Carlo Acutis, der 2020 heiliggesprochen wurde, ein Vorbild und eine Hoffnung f\u00fcr junge Menschen und f\u00fcr uns alle\" \/>\n<meta property=\"og:url\" content=\"https:\/\/blog.holyart.it\/de\/devotionalien\/carlo-acutis-der-selige-des-digitalen-zeitalters\/\" \/>\n<meta property=\"og:site_name\" content=\"Holyart.de Blog\" \/>\n<meta property=\"article:published_time\" content=\"2024-08-26T08:00:40+00:00\" \/>\n<meta property=\"article:modified_time\" content=\"2025-07-23T13:43:24+00:00\" \/>\n<meta property=\"og:image\" content=\"https:\/\/blog.holyart.it\/de\/wp-content\/uploads\/sites\/12\/2024\/08\/carlo-acutis-de.jpg\" \/>\n\t<meta property=\"og:image:width\" content=\"1000\" \/>\n\t<meta property=\"og:image:height\" content=\"666\" \/>\n\t<meta property=\"og:image:type\" content=\"image\/jpeg\" \/>\n<meta name=\"author\" content=\"Redazione\" \/>\n<meta name=\"twitter:card\" content=\"summary_large_image\" \/>\n<meta name=\"twitter:label1\" content=\"Verfasst von\" \/>\n\t<meta name=\"twitter:data1\" content=\"Redazione\" \/>\n\t<meta name=\"twitter:label2\" content=\"Gesch\u00e4tzte Lesezeit\" \/>\n\t<meta name=\"twitter:data2\" content=\"8\u00a0Minuten\" \/>\n<script type=\"application\/ld+json\" class=\"yoast-schema-graph\">{\"@context\":\"https:\/\/schema.org\",\"@graph\":[{\"@type\":\"Article\",\"@id\":\"https:\/\/blog.holyart.it\/de\/devotionalien\/carlo-acutis-der-selige-des-digitalen-zeitalters\/#article\",\"isPartOf\":{\"@id\":\"https:\/\/blog.holyart.it\/de\/devotionalien\/carlo-acutis-der-selige-des-digitalen-zeitalters\/\"},\"author\":{\"name\":\"Redazione\",\"@id\":\"https:\/\/blog.holyart.it\/de\/#\/schema\/person\/0a7b686e5af0f856ec1e390dd0baecda\"},\"headline\":\"Carlo Acutis: der Selige des digitalen Zeitalters\",\"datePublished\":\"2024-08-26T08:00:40+00:00\",\"dateModified\":\"2025-07-23T13:43:24+00:00\",\"mainEntityOfPage\":{\"@id\":\"https:\/\/blog.holyart.it\/de\/devotionalien\/carlo-acutis-der-selige-des-digitalen-zeitalters\/\"},\"wordCount\":1255,\"publisher\":{\"@id\":\"https:\/\/blog.holyart.it\/de\/#organization\"},\"image\":{\"@id\":\"https:\/\/blog.holyart.it\/de\/devotionalien\/carlo-acutis-der-selige-des-digitalen-zeitalters\/#primaryimage\"},\"thumbnailUrl\":\"https:\/\/blog.holyart.it\/de\/wp-content\/uploads\/sites\/12\/2024\/08\/carlo-acutis-de.jpg\",\"articleSection\":[\"Religion\"],\"inLanguage\":\"de\"},{\"@type\":\"WebPage\",\"@id\":\"https:\/\/blog.holyart.it\/de\/devotionalien\/carlo-acutis-der-selige-des-digitalen-zeitalters\/\",\"url\":\"https:\/\/blog.holyart.it\/de\/devotionalien\/carlo-acutis-der-selige-des-digitalen-zeitalters\/\",\"name\":\"Carlo Acutis: der Selige des digitalen Zeitalters - Holyart.de Blog\",\"isPartOf\":{\"@id\":\"https:\/\/blog.holyart.it\/de\/#website\"},\"primaryImageOfPage\":{\"@id\":\"https:\/\/blog.holyart.it\/de\/devotionalien\/carlo-acutis-der-selige-des-digitalen-zeitalters\/#primaryimage\"},\"image\":{\"@id\":\"https:\/\/blog.holyart.it\/de\/devotionalien\/carlo-acutis-der-selige-des-digitalen-zeitalters\/#primaryimage\"},\"thumbnailUrl\":\"https:\/\/blog.holyart.it\/de\/wp-content\/uploads\/sites\/12\/2024\/08\/carlo-acutis-de.jpg\",\"datePublished\":\"2024-08-26T08:00:40+00:00\",\"dateModified\":\"2025-07-23T13:43:24+00:00\",\"description\":\"Vielleicht wird er Schutzpatron des Internets. Sicherlich ist der junge Carlo Acutis, der 2020 heiliggesprochen wurde, ein Vorbild und eine Hoffnung f\u00fcr junge Menschen und f\u00fcr uns alle\",\"breadcrumb\":{\"@id\":\"https:\/\/blog.holyart.it\/de\/devotionalien\/carlo-acutis-der-selige-des-digitalen-zeitalters\/#breadcrumb\"},\"inLanguage\":\"de\",\"potentialAction\":[{\"@type\":\"ReadAction\",\"target\":[\"https:\/\/blog.holyart.it\/de\/devotionalien\/carlo-acutis-der-selige-des-digitalen-zeitalters\/\"]}]},{\"@type\":\"ImageObject\",\"inLanguage\":\"de\",\"@id\":\"https:\/\/blog.holyart.it\/de\/devotionalien\/carlo-acutis-der-selige-des-digitalen-zeitalters\/#primaryimage\",\"url\":\"https:\/\/blog.holyart.it\/de\/wp-content\/uploads\/sites\/12\/2024\/08\/carlo-acutis-de.jpg\",\"contentUrl\":\"https:\/\/blog.holyart.it\/de\/wp-content\/uploads\/sites\/12\/2024\/08\/carlo-acutis-de.jpg\",\"width\":1000,\"height\":666,\"caption\":\"carlo acutis\"},{\"@type\":\"BreadcrumbList\",\"@id\":\"https:\/\/blog.holyart.it\/de\/devotionalien\/carlo-acutis-der-selige-des-digitalen-zeitalters\/#breadcrumb\",\"itemListElement\":[{\"@type\":\"ListItem\",\"position\":1,\"name\":\"Homepage\",\"item\":\"https:\/\/blog.holyart.it\/de\/\"},{\"@type\":\"ListItem\",\"position\":2,\"name\":\"Religion\",\"item\":\"https:\/\/blog.holyart.it\/de\/devotionalien\/\"},{\"@type\":\"ListItem\",\"position\":3,\"name\":\"Carlo Acutis: der Selige des digitalen Zeitalters\"}]},{\"@type\":\"WebSite\",\"@id\":\"https:\/\/blog.holyart.it\/de\/#website\",\"url\":\"https:\/\/blog.holyart.it\/de\/\",\"name\":\"Holyart.de Blog\",\"description\":\"Holyblog\",\"publisher\":{\"@id\":\"https:\/\/blog.holyart.it\/de\/#organization\"},\"potentialAction\":[{\"@type\":\"SearchAction\",\"target\":{\"@type\":\"EntryPoint\",\"urlTemplate\":\"https:\/\/blog.holyart.it\/de\/?s={search_term_string}\"},\"query-input\":{\"@type\":\"PropertyValueSpecification\",\"valueRequired\":true,\"valueName\":\"search_term_string\"}}],\"inLanguage\":\"de\"},{\"@type\":\"Organization\",\"@id\":\"https:\/\/blog.holyart.it\/de\/#organization\",\"name\":\"Holyart.de Blog\",\"url\":\"https:\/\/blog.holyart.it\/de\/\",\"logo\":{\"@type\":\"ImageObject\",\"inLanguage\":\"de\",\"@id\":\"https:\/\/blog.holyart.it\/de\/#\/schema\/logo\/image\/\",\"url\":\"https:\/\/blog.holyart.it\/de\/wp-content\/uploads\/sites\/12\/2022\/12\/Holyart_Blog_Logo.jpg\",\"contentUrl\":\"https:\/\/blog.holyart.it\/de\/wp-content\/uploads\/sites\/12\/2022\/12\/Holyart_Blog_Logo.jpg\",\"width\":300,\"height\":50,\"caption\":\"Holyart.de Blog\"},\"image\":{\"@id\":\"https:\/\/blog.holyart.it\/de\/#\/schema\/logo\/image\/\"}},{\"@type\":\"Person\",\"@id\":\"https:\/\/blog.holyart.it\/de\/#\/schema\/person\/0a7b686e5af0f856ec1e390dd0baecda\",\"name\":\"Redazione\",\"image\":{\"@type\":\"ImageObject\",\"inLanguage\":\"de\",\"@id\":\"https:\/\/blog.holyart.it\/de\/#\/schema\/person\/image\/\",\"url\":\"https:\/\/secure.gravatar.com\/avatar\/f477da817f43e50d0af36abecd33e3edf826c68299714bdc1057dff3b113f516?s=96&d=mm&r=g\",\"contentUrl\":\"https:\/\/secure.gravatar.com\/avatar\/f477da817f43e50d0af36abecd33e3edf826c68299714bdc1057dff3b113f516?s=96&d=mm&r=g\",\"caption\":\"Redazione\"}}]}<\/script>\n<!-- \/ Yoast SEO plugin. -->","yoast_head_json":{"title":"Carlo Acutis: der Selige des digitalen Zeitalters - Holyart.de Blog","description":"Vielleicht wird er Schutzpatron des Internets. Sicherlich ist der junge Carlo Acutis, der 2020 heiliggesprochen wurde, ein Vorbild und eine Hoffnung f\u00fcr junge Menschen und f\u00fcr uns alle","robots":{"index":"index","follow":"follow","max-snippet":"max-snippet:-1","max-image-preview":"max-image-preview:large","max-video-preview":"max-video-preview:-1"},"canonical":"https:\/\/blog.holyart.it\/de\/devotionalien\/carlo-acutis-der-selige-des-digitalen-zeitalters\/","og_locale":"de_DE","og_type":"article","og_title":"Carlo Acutis: der Selige des digitalen Zeitalters - Holyart.de Blog","og_description":"Vielleicht wird er Schutzpatron des Internets. Sicherlich ist der junge Carlo Acutis, der 2020 heiliggesprochen wurde, ein Vorbild und eine Hoffnung f\u00fcr junge Menschen und f\u00fcr uns alle","og_url":"https:\/\/blog.holyart.it\/de\/devotionalien\/carlo-acutis-der-selige-des-digitalen-zeitalters\/","og_site_name":"Holyart.de Blog","article_published_time":"2024-08-26T08:00:40+00:00","article_modified_time":"2025-07-23T13:43:24+00:00","og_image":[{"width":1000,"height":666,"url":"https:\/\/blog.holyart.it\/de\/wp-content\/uploads\/sites\/12\/2024\/08\/carlo-acutis-de.jpg","type":"image\/jpeg"}],"author":"Redazione","twitter_card":"summary_large_image","twitter_misc":{"Verfasst von":"Redazione","Gesch\u00e4tzte Lesezeit":"8\u00a0Minuten"},"schema":{"@context":"https:\/\/schema.org","@graph":[{"@type":"Article","@id":"https:\/\/blog.holyart.it\/de\/devotionalien\/carlo-acutis-der-selige-des-digitalen-zeitalters\/#article","isPartOf":{"@id":"https:\/\/blog.holyart.it\/de\/devotionalien\/carlo-acutis-der-selige-des-digitalen-zeitalters\/"},"author":{"name":"Redazione","@id":"https:\/\/blog.holyart.it\/de\/#\/schema\/person\/0a7b686e5af0f856ec1e390dd0baecda"},"headline":"Carlo Acutis: der Selige des digitalen Zeitalters","datePublished":"2024-08-26T08:00:40+00:00","dateModified":"2025-07-23T13:43:24+00:00","mainEntityOfPage":{"@id":"https:\/\/blog.holyart.it\/de\/devotionalien\/carlo-acutis-der-selige-des-digitalen-zeitalters\/"},"wordCount":1255,"publisher":{"@id":"https:\/\/blog.holyart.it\/de\/#organization"},"image":{"@id":"https:\/\/blog.holyart.it\/de\/devotionalien\/carlo-acutis-der-selige-des-digitalen-zeitalters\/#primaryimage"},"thumbnailUrl":"https:\/\/blog.holyart.it\/de\/wp-content\/uploads\/sites\/12\/2024\/08\/carlo-acutis-de.jpg","articleSection":["Religion"],"inLanguage":"de"},{"@type":"WebPage","@id":"https:\/\/blog.holyart.it\/de\/devotionalien\/carlo-acutis-der-selige-des-digitalen-zeitalters\/","url":"https:\/\/blog.holyart.it\/de\/devotionalien\/carlo-acutis-der-selige-des-digitalen-zeitalters\/","name":"Carlo Acutis: der Selige des digitalen Zeitalters - Holyart.de Blog","isPartOf":{"@id":"https:\/\/blog.holyart.it\/de\/#website"},"primaryImageOfPage":{"@id":"https:\/\/blog.holyart.it\/de\/devotionalien\/carlo-acutis-der-selige-des-digitalen-zeitalters\/#primaryimage"},"image":{"@id":"https:\/\/blog.holyart.it\/de\/devotionalien\/carlo-acutis-der-selige-des-digitalen-zeitalters\/#primaryimage"},"thumbnailUrl":"https:\/\/blog.holyart.it\/de\/wp-content\/uploads\/sites\/12\/2024\/08\/carlo-acutis-de.jpg","datePublished":"2024-08-26T08:00:40+00:00","dateModified":"2025-07-23T13:43:24+00:00","description":"Vielleicht wird er Schutzpatron des Internets. Sicherlich ist der junge Carlo Acutis, der 2020 heiliggesprochen wurde, ein Vorbild und eine Hoffnung f\u00fcr junge Menschen und f\u00fcr uns alle","breadcrumb":{"@id":"https:\/\/blog.holyart.it\/de\/devotionalien\/carlo-acutis-der-selige-des-digitalen-zeitalters\/#breadcrumb"},"inLanguage":"de","potentialAction":[{"@type":"ReadAction","target":["https:\/\/blog.holyart.it\/de\/devotionalien\/carlo-acutis-der-selige-des-digitalen-zeitalters\/"]}]},{"@type":"ImageObject","inLanguage":"de","@id":"https:\/\/blog.holyart.it\/de\/devotionalien\/carlo-acutis-der-selige-des-digitalen-zeitalters\/#primaryimage","url":"https:\/\/blog.holyart.it\/de\/wp-content\/uploads\/sites\/12\/2024\/08\/carlo-acutis-de.jpg","contentUrl":"https:\/\/blog.holyart.it\/de\/wp-content\/uploads\/sites\/12\/2024\/08\/carlo-acutis-de.jpg","width":1000,"height":666,"caption":"carlo acutis"},{"@type":"BreadcrumbList","@id":"https:\/\/blog.holyart.it\/de\/devotionalien\/carlo-acutis-der-selige-des-digitalen-zeitalters\/#breadcrumb","itemListElement":[{"@type":"ListItem","position":1,"name":"Homepage","item":"https:\/\/blog.holyart.it\/de\/"},{"@type":"ListItem","position":2,"name":"Religion","item":"https:\/\/blog.holyart.it\/de\/devotionalien\/"},{"@type":"ListItem","position":3,"name":"Carlo Acutis: der Selige des digitalen Zeitalters"}]},{"@type":"WebSite","@id":"https:\/\/blog.holyart.it\/de\/#website","url":"https:\/\/blog.holyart.it\/de\/","name":"Holyart.de Blog","description":"Holyblog","publisher":{"@id":"https:\/\/blog.holyart.it\/de\/#organization"},"potentialAction":[{"@type":"SearchAction","target":{"@type":"EntryPoint","urlTemplate":"https:\/\/blog.holyart.it\/de\/?s={search_term_string}"},"query-input":{"@type":"PropertyValueSpecification","valueRequired":true,"valueName":"search_term_string"}}],"inLanguage":"de"},{"@type":"Organization","@id":"https:\/\/blog.holyart.it\/de\/#organization","name":"Holyart.de Blog","url":"https:\/\/blog.holyart.it\/de\/","logo":{"@type":"ImageObject","inLanguage":"de","@id":"https:\/\/blog.holyart.it\/de\/#\/schema\/logo\/image\/","url":"https:\/\/blog.holyart.it\/de\/wp-content\/uploads\/sites\/12\/2022\/12\/Holyart_Blog_Logo.jpg","contentUrl":"https:\/\/blog.holyart.it\/de\/wp-content\/uploads\/sites\/12\/2022\/12\/Holyart_Blog_Logo.jpg","width":300,"height":50,"caption":"Holyart.de Blog"},"image":{"@id":"https:\/\/blog.holyart.it\/de\/#\/schema\/logo\/image\/"}},{"@type":"Person","@id":"https:\/\/blog.holyart.it\/de\/#\/schema\/person\/0a7b686e5af0f856ec1e390dd0baecda","name":"Redazione","image":{"@type":"ImageObject","inLanguage":"de","@id":"https:\/\/blog.holyart.it\/de\/#\/schema\/person\/image\/","url":"https:\/\/secure.gravatar.com\/avatar\/f477da817f43e50d0af36abecd33e3edf826c68299714bdc1057dff3b113f516?s=96&d=mm&r=g","contentUrl":"https:\/\/secure.gravatar.com\/avatar\/f477da817f43e50d0af36abecd33e3edf826c68299714bdc1057dff3b113f516?s=96&d=mm&r=g","caption":"Redazione"}}]}},"_links":{"self":[{"href":"https:\/\/blog.holyart.it\/de\/wp-json\/wp\/v2\/posts\/4540","targetHints":{"allow":["GET"]}}],"collection":[{"href":"https:\/\/blog.holyart.it\/de\/wp-json\/wp\/v2\/posts"}],"about":[{"href":"https:\/\/blog.holyart.it\/de\/wp-json\/wp\/v2\/types\/post"}],"author":[{"embeddable":true,"href":"https:\/\/blog.holyart.it\/de\/wp-json\/wp\/v2\/users\/1"}],"replies":[{"embeddable":true,"href":"https:\/\/blog.holyart.it\/de\/wp-json\/wp\/v2\/comments?post=4540"}],"version-history":[{"count":5,"href":"https:\/\/blog.holyart.it\/de\/wp-json\/wp\/v2\/posts\/4540\/revisions"}],"predecessor-version":[{"id":4551,"href":"https:\/\/blog.holyart.it\/de\/wp-json\/wp\/v2\/posts\/4540\/revisions\/4551"}],"wp:featuredmedia":[{"embeddable":true,"href":"https:\/\/blog.holyart.it\/de\/wp-json\/wp\/v2\/media\/4541"}],"wp:attachment":[{"href":"https:\/\/blog.holyart.it\/de\/wp-json\/wp\/v2\/media?parent=4540"}],"wp:term":[{"taxonomy":"category","embeddable":true,"href":"https:\/\/blog.holyart.it\/de\/wp-json\/wp\/v2\/categories?post=4540"},{"taxonomy":"post_tag","embeddable":true,"href":"https:\/\/blog.holyart.it\/de\/wp-json\/wp\/v2\/tags?post=4540"}],"curies":[{"name":"wp","href":"https:\/\/api.w.org\/{rel}","templated":true}]}}