{"id":453,"date":"2017-12-14T16:47:53","date_gmt":"2017-12-14T15:47:53","guid":{"rendered":"https:\/\/blog.holyart.it\/de\/?p=453"},"modified":"2018-02-09T12:27:55","modified_gmt":"2018-02-09T11:27:55","slug":"der-schlafende-heilige-josef-schutzpatron-von-papst-franziskus","status":"publish","type":"post","link":"https:\/\/blog.holyart.it\/de\/heilige-und-selige\/der-schlafende-heilige-josef-schutzpatron-von-papst-franziskus\/","title":{"rendered":"Der schlafende heilige Josef: Schutzpatron von Franziskus"},"content":{"rendered":"<p>Die Geschichte der Person und des Geistlichen <strong>Jorge Mario Bergoglio, <\/strong>der jetzige <strong>Papst Franziskus<\/strong>, ist seit je her an einer von allen Christen der Welt geliebten Figur gebunden: die des <strong>heiligen Josef<\/strong>. Ein d\u00fcnnes Band aus zuf\u00e4llig zusammengetroffenen kleinen und gr\u00f6\u00dferen Bausteinen die sich mit der Zeit so hingestellt haben, dass daraus ein au\u00dferordentlich klares und starkes Bild entstanden ist.<\/p>\n<p>Es war im Jahre 1953 als der damals siebzehnj\u00e4hrige Jorge Mario Bergoglio in der Kirche von San Jos\u00e9 in Buenos Aires die Berufung entdeckte und den Willen verordnete, sein Leben Gott und den Menschen zu widmen. Viele Jahre sp\u00e4ter, am Tag des hl. Josef, dem 19. M\u00e4rz 2013, wird der zu Mann gewordene Junge, zum Papst und zum Vater der Kirche ernannt.<\/p>\n<p>Es war ein langer Weg, den Papst Franziskus mit <strong>Mut<\/strong>, <strong>Entschlossenheit<\/strong> und <strong>Optimismus<\/strong> bestritten hat; Eigenschaften, die ihn als Person ausmachen. Eine Reise die er nicht alleine auf sich<\/p>\n<figure id=\"attachment_558\" aria-describedby=\"caption-attachment-558\" style=\"width: 300px\" class=\"wp-caption alignright\"><a href=\"https:\/\/www.holyart.de\/weihnachten\/krippenfiguren\/heiliger-schlafender-josef-fontanini-17cm\"><img loading=\"lazy\" decoding=\"async\" class=\"wp-image-558 size-medium\" src=\"https:\/\/blog.holyart.it\/de\/wp-content\/uploads\/sites\/12\/2018\/02\/Der-schlafende-heilige-Josef-300x198.jpg\" alt=\"Der schlafende heilige Josef\" width=\"300\" height=\"198\" \/><\/a><figcaption id=\"caption-attachment-558\" class=\"wp-caption-text\"><center><span style=\"color: #0000ff;\"><strong><a style=\"color: #0000ff; font-size: 17px;\" href=\"https:\/\/www.holyart.de\/weihnachten\/krippenfiguren\/heiliger-schlafender-josef-fontanini-17cm\">Der schlafende heilige Josef HOLYART<\/a><\/strong><\/span><\/center><\/figcaption><\/figure>\n<p>genommen hat. Papst Franziskus wollte n\u00e4mlich, dass der heilige Josef ihn zur Seite stehe, als unsichtbarer Begleiter, <strong>als leiser Besch\u00fctzer<\/strong> aber trotzdem immer aufmerksam. Heute noch, gibt es im Privatb\u00fcro des Papstes im Haus Santa Marta, zwei Statuen die den Heiligen darstellen. Eine ins Besondere, ist dem Papst sehr lieb und begleitet ihn seit er im Internat Maximo von San Miguel lebte und dort auch Rektor war. Es handelt sich dabei um ein f\u00fcr uns ungewohntes Bild, aber unter den s\u00fcdamerikanischen Gl\u00e4ubigen ist es sehr verbreitet: eine Statue die den <strong>schlafenden heiligen Josef<\/strong> darstellt. Der Papst wollte sie mit sich als er von Argentinien nach Italien zog. Diese Staute ist aus Holz, sehr einfach in der Ausf\u00fchrung wie es der Mensch war, der dargestellt ist. Trotz seines roten bescheidenen Gewands, ist der symbolische Wert dieser Statue sehr gro\u00df.<strong> Im Schlaf bekommt Josef die Mitteilungen von Gott<\/strong>, der ihn vor dem gef\u00e4hrlichen K\u00f6nig Herodes warnt und ihm empfiehlt Maria und das Kind zu lieben und zu besch\u00fctzen. Genau im Traum \u00fcbernimmt Josef seine Rolle als vermeintlicher Vater Jesus und aller Menschen; eine archetypische Figur als Besch\u00fctzer, Verteidiger und Tr\u00f6ster. Josef ist der aufmerksame und liebevolle W\u00e4chter der Familie, der richtige Mann der die Geheimnisse von Gott aufnimmt und bewahrt. Bewusst er hat Maria, die Frau die Gott als <strong>heilige und unbefleckte Mutter<\/strong> seines einzigen Sohnes ausgesucht hat, akzeptiert und besch\u00fctzt. Josef ist der Archetyp des christlichen Bischofes, der Vater und Besch\u00fctzer der Kirche und aller M\u00e4nner und Frauen die sie bilden.<\/p>\n<p>Deswegen hat der Papst die Angewohnheit unter der Statue des <strong>schlafenden Heiligen<\/strong>, kleine Zettel zu schieben. Zettel auf denen die Probleme, Gnadenanfragen und Gebete der Gl\u00e4ubigen geschrieben sind. Es ist so als w\u00fcrde er den heiligen Josef bitten, \u201adar\u00fcber zu schlafen\u2018, und vielleicht auch ein gutes Wort bei Gott einzulegen, um sie in den schweren Situationen zu helfen und den Notd\u00fcrftigen beizustehen. Auf dieser Weise erneuert Papst Franziskus seine Rolle als barmherziger Vater und beugt sich zu denen die er liebt.<\/p>\n<p><em>\u201cIch m\u00f6chte euch etwas sehr pers\u00f6nliches mitteilen. Ich liebe den heiligen Josef sehr, weil er ein starker und gleichzeitig auch ein stiller Mann ist. Auf meinem Tisch habe ich ein Bild vom ihm wo er schl\u00e4ft, und w\u00e4hrend er schl\u00e4ft, k\u00fcmmert er sich um die Kirche! Ja! Er kann das und wir wissen es. Und wenn ich ein Problem oder Schwierigkeiten habe, schreibe ich es auf einem kleinen Zettel und lege es dann unter dem heiligen Josef, sodass er davon tr\u00e4umt! Das hei\u00dft: bete f\u00fcr dieses Problem!\u201c<\/em><\/p>\n<p>Das ist was Papst Franziskus am 16. Januar 2015 zu den anwesenden Familien im Mall of Asia in der Arena von Manila sagte. Ein sehr sch\u00f6nes Bild, ein Bild der einfachen und tiefen Ergebenheit, die vielen Gl\u00e4ubigen, auch in Italien, dazu gebracht hat den Beispiel vom Papst zu folgen und in ihren H\u00e4usern eine Statue vom <strong>schlafenden heiligen Josef<\/strong> zu stellen. Ein sehr besonderer Heiliger, der sogar im Schlaf besch\u00fctzt und hilft!<\/p>\n","protected":false},"excerpt":{"rendered":"<p>Die Geschichte der Person und des Geistlichen Jorge Mario Bergoglio, der jetzige Papst Franziskus, ist seit je her an einer von allen Christen der Welt geliebten Figur gebunden: die des heiligen Josef. Ein d\u00fcnnes Band aus zuf\u00e4llig zusammengetroffenen kleinen und gr\u00f6\u00dferen Bausteinen die sich mit&hellip;<\/p>\n","protected":false},"author":1,"featured_media":454,"comment_status":"closed","ping_status":"open","sticky":false,"template":"","format":"standard","meta":{"_acf_changed":false,"footnotes":""},"categories":[9],"tags":[],"class_list":["post-453","post","type-post","status-publish","format-standard","has-post-thumbnail","hentry","category-heilige-und-selige"],"acf":[],"yoast_head":"<!-- This site is optimized with the Yoast SEO plugin v26.6 - https:\/\/yoast.com\/wordpress\/plugins\/seo\/ -->\n<title>Der schlafende heilige Josef: Schutzpatron von Papst Franziskus<\/title>\n<meta name=\"description\" content=\"Die Geschichte der Person und des Geistlichen Jorge Mario Bergoglio, der jetzige Papst Franziskus, ist seit je her an einer von allen Christen der Welt geliebten Figur gebunden: die des heiligen Josef.\" \/>\n<meta name=\"robots\" content=\"index, follow, max-snippet:-1, max-image-preview:large, max-video-preview:-1\" \/>\n<link rel=\"canonical\" href=\"https:\/\/blog.holyart.it\/de\/heilige-und-selige\/der-schlafende-heilige-josef-schutzpatron-von-papst-franziskus\/\" \/>\n<meta property=\"og:locale\" content=\"de_DE\" \/>\n<meta property=\"og:type\" content=\"article\" \/>\n<meta property=\"og:title\" content=\"Der schlafende heilige Josef: Schutzpatron von Papst Franziskus\" \/>\n<meta property=\"og:description\" content=\"Die Geschichte der Person und des Geistlichen Jorge Mario Bergoglio, der jetzige Papst Franziskus, ist seit je her an einer von allen Christen der Welt geliebten Figur gebunden: die des heiligen Josef.\" \/>\n<meta property=\"og:url\" content=\"https:\/\/blog.holyart.it\/de\/heilige-und-selige\/der-schlafende-heilige-josef-schutzpatron-von-papst-franziskus\/\" \/>\n<meta property=\"og:site_name\" content=\"Holyart.de Blog\" \/>\n<meta property=\"article:published_time\" content=\"2017-12-14T15:47:53+00:00\" \/>\n<meta property=\"article:modified_time\" content=\"2018-02-09T11:27:55+00:00\" \/>\n<meta property=\"og:image\" content=\"https:\/\/blog.holyart.it\/de\/wp-content\/uploads\/sites\/12\/2018\/02\/Der-schlafende-heilige-Josef.jpg\" \/>\n\t<meta property=\"og:image:width\" content=\"1000\" \/>\n\t<meta property=\"og:image:height\" content=\"659\" \/>\n\t<meta property=\"og:image:type\" content=\"image\/jpeg\" \/>\n<meta name=\"author\" content=\"Redazione\" \/>\n<meta name=\"twitter:card\" content=\"summary_large_image\" \/>\n<meta name=\"twitter:label1\" content=\"Verfasst von\" \/>\n\t<meta name=\"twitter:data1\" content=\"Redazione\" \/>\n\t<meta name=\"twitter:label2\" content=\"Gesch\u00e4tzte Lesezeit\" \/>\n\t<meta name=\"twitter:data2\" content=\"3\u00a0Minuten\" \/>\n<script type=\"application\/ld+json\" class=\"yoast-schema-graph\">{\"@context\":\"https:\/\/schema.org\",\"@graph\":[{\"@type\":\"Article\",\"@id\":\"https:\/\/blog.holyart.it\/de\/heilige-und-selige\/der-schlafende-heilige-josef-schutzpatron-von-papst-franziskus\/#article\",\"isPartOf\":{\"@id\":\"https:\/\/blog.holyart.it\/de\/heilige-und-selige\/der-schlafende-heilige-josef-schutzpatron-von-papst-franziskus\/\"},\"author\":{\"name\":\"Redazione\",\"@id\":\"https:\/\/blog.holyart.it\/de\/#\/schema\/person\/0a7b686e5af0f856ec1e390dd0baecda\"},\"headline\":\"Der schlafende heilige Josef: Schutzpatron von Franziskus\",\"datePublished\":\"2017-12-14T15:47:53+00:00\",\"dateModified\":\"2018-02-09T11:27:55+00:00\",\"mainEntityOfPage\":{\"@id\":\"https:\/\/blog.holyart.it\/de\/heilige-und-selige\/der-schlafende-heilige-josef-schutzpatron-von-papst-franziskus\/\"},\"wordCount\":695,\"publisher\":{\"@id\":\"https:\/\/blog.holyart.it\/de\/#organization\"},\"image\":{\"@id\":\"https:\/\/blog.holyart.it\/de\/heilige-und-selige\/der-schlafende-heilige-josef-schutzpatron-von-papst-franziskus\/#primaryimage\"},\"thumbnailUrl\":\"https:\/\/blog.holyart.it\/de\/wp-content\/uploads\/sites\/12\/2018\/02\/Der-schlafende-heilige-Josef.jpg\",\"articleSection\":[\"Heilige und Selige\"],\"inLanguage\":\"de\"},{\"@type\":\"WebPage\",\"@id\":\"https:\/\/blog.holyart.it\/de\/heilige-und-selige\/der-schlafende-heilige-josef-schutzpatron-von-papst-franziskus\/\",\"url\":\"https:\/\/blog.holyart.it\/de\/heilige-und-selige\/der-schlafende-heilige-josef-schutzpatron-von-papst-franziskus\/\",\"name\":\"Der schlafende heilige Josef: Schutzpatron von Papst Franziskus\",\"isPartOf\":{\"@id\":\"https:\/\/blog.holyart.it\/de\/#website\"},\"primaryImageOfPage\":{\"@id\":\"https:\/\/blog.holyart.it\/de\/heilige-und-selige\/der-schlafende-heilige-josef-schutzpatron-von-papst-franziskus\/#primaryimage\"},\"image\":{\"@id\":\"https:\/\/blog.holyart.it\/de\/heilige-und-selige\/der-schlafende-heilige-josef-schutzpatron-von-papst-franziskus\/#primaryimage\"},\"thumbnailUrl\":\"https:\/\/blog.holyart.it\/de\/wp-content\/uploads\/sites\/12\/2018\/02\/Der-schlafende-heilige-Josef.jpg\",\"datePublished\":\"2017-12-14T15:47:53+00:00\",\"dateModified\":\"2018-02-09T11:27:55+00:00\",\"description\":\"Die Geschichte der Person und des Geistlichen Jorge Mario Bergoglio, der jetzige Papst Franziskus, ist seit je her an einer von allen Christen der Welt geliebten Figur gebunden: die des heiligen Josef.\",\"breadcrumb\":{\"@id\":\"https:\/\/blog.holyart.it\/de\/heilige-und-selige\/der-schlafende-heilige-josef-schutzpatron-von-papst-franziskus\/#breadcrumb\"},\"inLanguage\":\"de\",\"potentialAction\":[{\"@type\":\"ReadAction\",\"target\":[\"https:\/\/blog.holyart.it\/de\/heilige-und-selige\/der-schlafende-heilige-josef-schutzpatron-von-papst-franziskus\/\"]}]},{\"@type\":\"ImageObject\",\"inLanguage\":\"de\",\"@id\":\"https:\/\/blog.holyart.it\/de\/heilige-und-selige\/der-schlafende-heilige-josef-schutzpatron-von-papst-franziskus\/#primaryimage\",\"url\":\"https:\/\/blog.holyart.it\/de\/wp-content\/uploads\/sites\/12\/2018\/02\/Der-schlafende-heilige-Josef.jpg\",\"contentUrl\":\"https:\/\/blog.holyart.it\/de\/wp-content\/uploads\/sites\/12\/2018\/02\/Der-schlafende-heilige-Josef.jpg\",\"width\":1000,\"height\":659,\"caption\":\"Der schlafende heilige Josef\"},{\"@type\":\"BreadcrumbList\",\"@id\":\"https:\/\/blog.holyart.it\/de\/heilige-und-selige\/der-schlafende-heilige-josef-schutzpatron-von-papst-franziskus\/#breadcrumb\",\"itemListElement\":[{\"@type\":\"ListItem\",\"position\":1,\"name\":\"Homepage\",\"item\":\"https:\/\/blog.holyart.it\/de\/\"},{\"@type\":\"ListItem\",\"position\":2,\"name\":\"Heilige und Selige\",\"item\":\"https:\/\/blog.holyart.it\/de\/heilige-und-selige\/\"},{\"@type\":\"ListItem\",\"position\":3,\"name\":\"Der schlafende heilige Josef: Schutzpatron von Franziskus\"}]},{\"@type\":\"WebSite\",\"@id\":\"https:\/\/blog.holyart.it\/de\/#website\",\"url\":\"https:\/\/blog.holyart.it\/de\/\",\"name\":\"Holyart.de Blog\",\"description\":\"Holyblog\",\"publisher\":{\"@id\":\"https:\/\/blog.holyart.it\/de\/#organization\"},\"potentialAction\":[{\"@type\":\"SearchAction\",\"target\":{\"@type\":\"EntryPoint\",\"urlTemplate\":\"https:\/\/blog.holyart.it\/de\/?s={search_term_string}\"},\"query-input\":{\"@type\":\"PropertyValueSpecification\",\"valueRequired\":true,\"valueName\":\"search_term_string\"}}],\"inLanguage\":\"de\"},{\"@type\":\"Organization\",\"@id\":\"https:\/\/blog.holyart.it\/de\/#organization\",\"name\":\"Holyart.de Blog\",\"url\":\"https:\/\/blog.holyart.it\/de\/\",\"logo\":{\"@type\":\"ImageObject\",\"inLanguage\":\"de\",\"@id\":\"https:\/\/blog.holyart.it\/de\/#\/schema\/logo\/image\/\",\"url\":\"https:\/\/blog.holyart.it\/de\/wp-content\/uploads\/sites\/12\/2022\/12\/Holyart_Blog_Logo.jpg\",\"contentUrl\":\"https:\/\/blog.holyart.it\/de\/wp-content\/uploads\/sites\/12\/2022\/12\/Holyart_Blog_Logo.jpg\",\"width\":300,\"height\":50,\"caption\":\"Holyart.de Blog\"},\"image\":{\"@id\":\"https:\/\/blog.holyart.it\/de\/#\/schema\/logo\/image\/\"}},{\"@type\":\"Person\",\"@id\":\"https:\/\/blog.holyart.it\/de\/#\/schema\/person\/0a7b686e5af0f856ec1e390dd0baecda\",\"name\":\"Redazione\",\"image\":{\"@type\":\"ImageObject\",\"inLanguage\":\"de\",\"@id\":\"https:\/\/blog.holyart.it\/de\/#\/schema\/person\/image\/\",\"url\":\"https:\/\/secure.gravatar.com\/avatar\/f477da817f43e50d0af36abecd33e3edf826c68299714bdc1057dff3b113f516?s=96&d=mm&r=g\",\"contentUrl\":\"https:\/\/secure.gravatar.com\/avatar\/f477da817f43e50d0af36abecd33e3edf826c68299714bdc1057dff3b113f516?s=96&d=mm&r=g\",\"caption\":\"Redazione\"}}]}<\/script>\n<!-- \/ Yoast SEO plugin. -->","yoast_head_json":{"title":"Der schlafende heilige Josef: Schutzpatron von Papst Franziskus","description":"Die Geschichte der Person und des Geistlichen Jorge Mario Bergoglio, der jetzige Papst Franziskus, ist seit je her an einer von allen Christen der Welt geliebten Figur gebunden: die des heiligen Josef.","robots":{"index":"index","follow":"follow","max-snippet":"max-snippet:-1","max-image-preview":"max-image-preview:large","max-video-preview":"max-video-preview:-1"},"canonical":"https:\/\/blog.holyart.it\/de\/heilige-und-selige\/der-schlafende-heilige-josef-schutzpatron-von-papst-franziskus\/","og_locale":"de_DE","og_type":"article","og_title":"Der schlafende heilige Josef: Schutzpatron von Papst Franziskus","og_description":"Die Geschichte der Person und des Geistlichen Jorge Mario Bergoglio, der jetzige Papst Franziskus, ist seit je her an einer von allen Christen der Welt geliebten Figur gebunden: die des heiligen Josef.","og_url":"https:\/\/blog.holyart.it\/de\/heilige-und-selige\/der-schlafende-heilige-josef-schutzpatron-von-papst-franziskus\/","og_site_name":"Holyart.de Blog","article_published_time":"2017-12-14T15:47:53+00:00","article_modified_time":"2018-02-09T11:27:55+00:00","og_image":[{"width":1000,"height":659,"url":"https:\/\/blog.holyart.it\/de\/wp-content\/uploads\/sites\/12\/2018\/02\/Der-schlafende-heilige-Josef.jpg","type":"image\/jpeg"}],"author":"Redazione","twitter_card":"summary_large_image","twitter_misc":{"Verfasst von":"Redazione","Gesch\u00e4tzte Lesezeit":"3\u00a0Minuten"},"schema":{"@context":"https:\/\/schema.org","@graph":[{"@type":"Article","@id":"https:\/\/blog.holyart.it\/de\/heilige-und-selige\/der-schlafende-heilige-josef-schutzpatron-von-papst-franziskus\/#article","isPartOf":{"@id":"https:\/\/blog.holyart.it\/de\/heilige-und-selige\/der-schlafende-heilige-josef-schutzpatron-von-papst-franziskus\/"},"author":{"name":"Redazione","@id":"https:\/\/blog.holyart.it\/de\/#\/schema\/person\/0a7b686e5af0f856ec1e390dd0baecda"},"headline":"Der schlafende heilige Josef: Schutzpatron von Franziskus","datePublished":"2017-12-14T15:47:53+00:00","dateModified":"2018-02-09T11:27:55+00:00","mainEntityOfPage":{"@id":"https:\/\/blog.holyart.it\/de\/heilige-und-selige\/der-schlafende-heilige-josef-schutzpatron-von-papst-franziskus\/"},"wordCount":695,"publisher":{"@id":"https:\/\/blog.holyart.it\/de\/#organization"},"image":{"@id":"https:\/\/blog.holyart.it\/de\/heilige-und-selige\/der-schlafende-heilige-josef-schutzpatron-von-papst-franziskus\/#primaryimage"},"thumbnailUrl":"https:\/\/blog.holyart.it\/de\/wp-content\/uploads\/sites\/12\/2018\/02\/Der-schlafende-heilige-Josef.jpg","articleSection":["Heilige und Selige"],"inLanguage":"de"},{"@type":"WebPage","@id":"https:\/\/blog.holyart.it\/de\/heilige-und-selige\/der-schlafende-heilige-josef-schutzpatron-von-papst-franziskus\/","url":"https:\/\/blog.holyart.it\/de\/heilige-und-selige\/der-schlafende-heilige-josef-schutzpatron-von-papst-franziskus\/","name":"Der schlafende heilige Josef: Schutzpatron von Papst Franziskus","isPartOf":{"@id":"https:\/\/blog.holyart.it\/de\/#website"},"primaryImageOfPage":{"@id":"https:\/\/blog.holyart.it\/de\/heilige-und-selige\/der-schlafende-heilige-josef-schutzpatron-von-papst-franziskus\/#primaryimage"},"image":{"@id":"https:\/\/blog.holyart.it\/de\/heilige-und-selige\/der-schlafende-heilige-josef-schutzpatron-von-papst-franziskus\/#primaryimage"},"thumbnailUrl":"https:\/\/blog.holyart.it\/de\/wp-content\/uploads\/sites\/12\/2018\/02\/Der-schlafende-heilige-Josef.jpg","datePublished":"2017-12-14T15:47:53+00:00","dateModified":"2018-02-09T11:27:55+00:00","description":"Die Geschichte der Person und des Geistlichen Jorge Mario Bergoglio, der jetzige Papst Franziskus, ist seit je her an einer von allen Christen der Welt geliebten Figur gebunden: die des heiligen Josef.","breadcrumb":{"@id":"https:\/\/blog.holyart.it\/de\/heilige-und-selige\/der-schlafende-heilige-josef-schutzpatron-von-papst-franziskus\/#breadcrumb"},"inLanguage":"de","potentialAction":[{"@type":"ReadAction","target":["https:\/\/blog.holyart.it\/de\/heilige-und-selige\/der-schlafende-heilige-josef-schutzpatron-von-papst-franziskus\/"]}]},{"@type":"ImageObject","inLanguage":"de","@id":"https:\/\/blog.holyart.it\/de\/heilige-und-selige\/der-schlafende-heilige-josef-schutzpatron-von-papst-franziskus\/#primaryimage","url":"https:\/\/blog.holyart.it\/de\/wp-content\/uploads\/sites\/12\/2018\/02\/Der-schlafende-heilige-Josef.jpg","contentUrl":"https:\/\/blog.holyart.it\/de\/wp-content\/uploads\/sites\/12\/2018\/02\/Der-schlafende-heilige-Josef.jpg","width":1000,"height":659,"caption":"Der schlafende heilige Josef"},{"@type":"BreadcrumbList","@id":"https:\/\/blog.holyart.it\/de\/heilige-und-selige\/der-schlafende-heilige-josef-schutzpatron-von-papst-franziskus\/#breadcrumb","itemListElement":[{"@type":"ListItem","position":1,"name":"Homepage","item":"https:\/\/blog.holyart.it\/de\/"},{"@type":"ListItem","position":2,"name":"Heilige und Selige","item":"https:\/\/blog.holyart.it\/de\/heilige-und-selige\/"},{"@type":"ListItem","position":3,"name":"Der schlafende heilige Josef: Schutzpatron von Franziskus"}]},{"@type":"WebSite","@id":"https:\/\/blog.holyart.it\/de\/#website","url":"https:\/\/blog.holyart.it\/de\/","name":"Holyart.de Blog","description":"Holyblog","publisher":{"@id":"https:\/\/blog.holyart.it\/de\/#organization"},"potentialAction":[{"@type":"SearchAction","target":{"@type":"EntryPoint","urlTemplate":"https:\/\/blog.holyart.it\/de\/?s={search_term_string}"},"query-input":{"@type":"PropertyValueSpecification","valueRequired":true,"valueName":"search_term_string"}}],"inLanguage":"de"},{"@type":"Organization","@id":"https:\/\/blog.holyart.it\/de\/#organization","name":"Holyart.de Blog","url":"https:\/\/blog.holyart.it\/de\/","logo":{"@type":"ImageObject","inLanguage":"de","@id":"https:\/\/blog.holyart.it\/de\/#\/schema\/logo\/image\/","url":"https:\/\/blog.holyart.it\/de\/wp-content\/uploads\/sites\/12\/2022\/12\/Holyart_Blog_Logo.jpg","contentUrl":"https:\/\/blog.holyart.it\/de\/wp-content\/uploads\/sites\/12\/2022\/12\/Holyart_Blog_Logo.jpg","width":300,"height":50,"caption":"Holyart.de Blog"},"image":{"@id":"https:\/\/blog.holyart.it\/de\/#\/schema\/logo\/image\/"}},{"@type":"Person","@id":"https:\/\/blog.holyart.it\/de\/#\/schema\/person\/0a7b686e5af0f856ec1e390dd0baecda","name":"Redazione","image":{"@type":"ImageObject","inLanguage":"de","@id":"https:\/\/blog.holyart.it\/de\/#\/schema\/person\/image\/","url":"https:\/\/secure.gravatar.com\/avatar\/f477da817f43e50d0af36abecd33e3edf826c68299714bdc1057dff3b113f516?s=96&d=mm&r=g","contentUrl":"https:\/\/secure.gravatar.com\/avatar\/f477da817f43e50d0af36abecd33e3edf826c68299714bdc1057dff3b113f516?s=96&d=mm&r=g","caption":"Redazione"}}]}},"_links":{"self":[{"href":"https:\/\/blog.holyart.it\/de\/wp-json\/wp\/v2\/posts\/453","targetHints":{"allow":["GET"]}}],"collection":[{"href":"https:\/\/blog.holyart.it\/de\/wp-json\/wp\/v2\/posts"}],"about":[{"href":"https:\/\/blog.holyart.it\/de\/wp-json\/wp\/v2\/types\/post"}],"author":[{"embeddable":true,"href":"https:\/\/blog.holyart.it\/de\/wp-json\/wp\/v2\/users\/1"}],"replies":[{"embeddable":true,"href":"https:\/\/blog.holyart.it\/de\/wp-json\/wp\/v2\/comments?post=453"}],"version-history":[{"count":0,"href":"https:\/\/blog.holyart.it\/de\/wp-json\/wp\/v2\/posts\/453\/revisions"}],"wp:featuredmedia":[{"embeddable":true,"href":"https:\/\/blog.holyart.it\/de\/wp-json\/wp\/v2\/media\/454"}],"wp:attachment":[{"href":"https:\/\/blog.holyart.it\/de\/wp-json\/wp\/v2\/media?parent=453"}],"wp:term":[{"taxonomy":"category","embeddable":true,"href":"https:\/\/blog.holyart.it\/de\/wp-json\/wp\/v2\/categories?post=453"},{"taxonomy":"post_tag","embeddable":true,"href":"https:\/\/blog.holyart.it\/de\/wp-json\/wp\/v2\/tags?post=453"}],"curies":[{"name":"wp","href":"https:\/\/api.w.org\/{rel}","templated":true}]}}