{"id":4492,"date":"2024-08-14T10:00:41","date_gmt":"2024-08-14T08:00:41","guid":{"rendered":"https:\/\/blog.holyart.it\/de\/?p=4492"},"modified":"2024-07-19T15:23:44","modified_gmt":"2024-07-19T13:23:44","slug":"die-maertyrer-von-otranto-das-opfer-der-813-einwohner-im-namen-des-glaubens","status":"publish","type":"post","link":"https:\/\/blog.holyart.it\/de\/heilige-und-selige\/die-maertyrer-von-otranto-das-opfer-der-813-einwohner-im-namen-des-glaubens\/","title":{"rendered":"Die M\u00e4rtyrer von Otranto: das Opfer der 813 Einwohner im Namen des Glaubens"},"content":{"rendered":"<h4>Kann ein ganzes Land heiliggesprochen werden? So erging es den M\u00e4rtyrern von Otranto, 800 M\u00e4rtyrern im Namen ihres Glaubens<\/h4>\n\n<p>Die Geschichte der christlichen Kirche ist mit schrecklichen und blutigen Episoden \u00fcbers\u00e4t. So wie Jesus <strong>seinem<\/strong> <strong>Leiden und seinem Tod<\/strong> im Namen dessen begegnete, was er war, im Namen der Botschaft der Hoffnung und Erl\u00f6sung, die er gebracht hatte, so mussten die ersten Christen <a href=\"https:\/\/www.holyart.de\/blog\/devotionalien\/heilige-maertyrer-das-eigene-leben-im-namen-gottes-opfern\/\"><strong>Verfolgung, Folter und oft sogar den Tod<\/strong><\/a> ertragen, um ihre eigene Lebensentscheidung und Religion zu rechtfertigen. Aber diese erschreckenden Ereignisse ereigneten sich nicht nur in der Antike. Die Geschichte der <strong>813 M\u00e4rtyrer von Otranto<\/strong> spielt sich Ende des 15. Jahrhunderts ab, genau im Jahr 1480. Die Dunkelheit des Mittelalters war l\u00e4ngst der Pracht der Renaissance gewichen. Der Humanismus hatte den Menschen einerseits mit der Wiederbelebung der klassischen Kultur und Kunst, andererseits mit einer religi\u00f6seren Ausrichtung zur\u00fcck in den Mittelpunkt der Welt ger\u00fcckt bewusst, ausgerichtet auf die Suche nach Gott, auf ein gr\u00f6\u00dferes spirituelles Streben. Lorenzo de Medici und seine Familie l\u00f6sten eine Kulturrevolution aus, die ganz Italien erfasste und die St\u00e4dte mit Denkm\u00e4lern, Pal\u00e4sten und Kunstwerken f\u00fcllte, die f\u00fcr die Unsterblichkeit bestimmt waren. Doch im Schatten von Glanz und Zivilisation zieht sich die Menschheitsgeschichte durch Kriege, Schlamm und Taten beispielloser Grausamkeit hin.<\/p>\n<div class=\"link-article\">\n<p><img loading=\"lazy\" decoding=\"async\" class=\"size-full wp-image-4497 alignleft\" src=\"https:\/\/blog.holyart.it\/de\/wp-content\/uploads\/sites\/12\/2024\/07\/Heilige-Maertyrer.jpg\" alt=\"Heilige M\u00e4rtyrer\" width=\"150\" height=\"99\" data-kale-share-title=\"Die M\u00e4rtyrer von Otranto: das Opfer der 813 Einwohner im Namen des Glaubens\" data-kale-share-url=\"https:\/\/blog.holyart.it\/de\/?p=4492\" \/><\/p>\n<div class=\"leggi-anche\">Lesen Sie auch:<\/div>\n<p><strong><a href=\"https:\/\/www.holyart.de\/blog\/devotionalien\/heilige-maertyrer-das-eigene-leben-im-namen-gottes-opfern\/\">Heilige M\u00e4rtyrer: das eigene Leben im Namen Gottes opfern<\/a><\/strong><br \/>\nHeilige M\u00e4rtyrer sind M\u00e4nner und Frauen, oft sehr jung, die ihr Leben aus Liebe zu Gott geopfert haben und daf\u00fcr selig&#8230;<\/p>\n<\/div>\n<p>Dies geschah in der Stadt Otranto im Salento, wo am <strong>14. August 1480<\/strong> auf dem Minerva-H\u00fcgel, direkt au\u00dferhalb der Stadtmauern, mehr als 800 M\u00e4nner barbarisch hingerichtet wurden, weil sie ihren Glauben nicht aufgeben wollten. Aber sie waren nicht die einzigen Opfer dieses schrecklichen Tages, als die t\u00fcrkische Armee von Gedik Ahmet Pascha die Stadt nach f\u00fcnfzehn anstrengenden Tagen der Belagerung \u00fcberw\u00e4ltigte. Besonders brutal war die t\u00fcrkische Vergeltung gegen die B\u00fcrger von Otranto, die sich bis zuletzt der Eroberung widersetzt hatten.<\/p>\n<p>Die M\u00e4rtyrer von Otranto, die bereits 1771 von Papst Clemens XIV. f\u00fcr gesegnet erkl\u00e4rt wurden, wurden am 12. Mai 2013 von <a href=\"https:\/\/www.holyart.de\/besondere-anlasse\/papst-franziksus\"><strong>Papst Franziskus<\/strong><\/a> heiliggesprochen. Jedes Jahr am <strong>13. August<\/strong> wird in Otranto der Mut und die Hingabe der 813 Helden und Heiligen M\u00e4rtyrer von Otranto gefeiert. Schauen wir uns ihre Geschichte an.<\/p>\n<div class=\"link-product\">\n<div class=\"blocco-immagine\"><img loading=\"lazy\" decoding=\"async\" class=\"size-full wp-image-4498 alignleft\" src=\"https:\/\/blog.holyart.it\/de\/wp-content\/uploads\/sites\/12\/2024\/07\/PAPST-FRANZIKSUS.jpg\" alt=\"PAPST FRANZIKSUS\" width=\"100\" height=\"100\" data-kale-share-title=\"Die M\u00e4rtyrer von Otranto: das Opfer der 813 Einwohner im Namen des Glaubens\" data-kale-share-url=\"https:\/\/blog.holyart.it\/de\/?p=4492\" \/><\/div>\n<div class=\"blocco-contenuto\">\n<div class=\"blocco-acquista\">Einkaufen:<\/div>\n<div class=\"blocco-titolo\"><a href=\"https:\/\/www.holyart.de\/besondere-anlasse\/papst-franziksus\">PAPST FRANZIKSUS<\/a><\/div>\n<div class=\"blocco-descrizione\">Diese Produktkategorie ist Jorge Mario Bergoglio gewidmet.<\/div>\n<\/div>\n<\/div>\n<h2>Die Geschichte der M\u00e4rtyrer von Otranto<\/h2>\n<p>Die Eroberung von Otranto durch die T\u00fcrken war Teil des <strong>gro\u00dfen Eroberungsplans von Mohammed II.,<\/strong> dem Sultan des Osmanischen Reiches, der im 15. Jahrhundert versuchte, seine Herrschaftsgebiete \u00fcber das Mittelmeer auszudehnen. Aus diesem Grund schickte er am 28. Juli 1480 einen Teil seiner Flotte nach <strong>Salento<\/strong>, um die Stadt Otranto zu erobern. Urspr\u00fcnglich vom K\u00f6nig von Neapel unterst\u00fctzt, versuchten die Einwohner von Otranto, die Eindringlinge an den <strong>Alimini-Seen<\/strong>, etwa 35 km von Lecce entfernt, aufzuhalten. Trotz der zahlenm\u00e4\u00dfigen Ungleichheit und obwohl die M\u00e4nner von Otranto gr\u00f6\u00dftenteils Fischer, Bauern und H\u00e4ndler waren, gelang es ihnen, die t\u00fcrkische Armee zu besiegen und so der \u00fcbrigen Bev\u00f6lkerung Zeit zu geben, <strong>innerhalb der Stadtmauern<\/strong> Zuflucht zu suchen. Es folgte eine <strong>lange Belagerung<\/strong>, bei der die Einwohner von Otranto K\u00f6nig Ferrante und Erzbischof Francesco De Arenis vergeblich um Hilfe baten. Schlie\u00dflich <strong>geriet die Stadt unter t\u00fcrkischen Beschuss<\/strong>, und am 11. August, nach 15 Tagen Belagerung, durchbrach die Invasionsarmee die Mauern und str\u00f6mte in die Stadt. Es kam zu einem Massaker, bei dem alle M\u00e4nner \u00fcber f\u00fcnfzehn Jahren get\u00f6tet und Frauen und Kinder versklavt wurden. <strong>Am 14. August<\/strong> befahl Gedik Ahmet Pascha, die \u00dcberlebenden gefesselt zum Minerva-H\u00fcgel zu f\u00fchren. Hier forderte er sie auf, <strong>ihrem Glauben abzuschw\u00f6ren<\/strong>, und als sie sich weigerten, lie\u00df er sie vor den Augen ihrer Verwandten <strong>enthaupten<\/strong>. <strong>Mehr als 800 Menschen aus Otranto<\/strong> starben an diesem Tag den M\u00e4rtyrertod. Der erste, der enthauptet wurde, war ein alter Schneider, Antonio Pezzulla, bekannt als Il Primaldo. Der Legende nach blieb sein kopfloser K\u00f6rper bis zum M\u00e4rtyrertod des letzten seiner Mitb\u00fcrger stehen.<\/p>\n<p>Anschlie\u00dfend gelang es Alfons von Aragon, dem Sohn K\u00f6nig Ferdinands von Neapel, Otranto zur\u00fcckzuerobern, doch bereits das Blut seiner M\u00e4rtyrer war bereits vergossen.<\/p>\n<h2>Die Reliquien der 800 M\u00e4rtyrer von Otranto<\/h2>\n<p>Heute werden die sterblichen \u00dcberreste der M\u00e4rtyrer von Otranto in sieben Holzkisten gesammelt, die in der <strong>Kapelle der M\u00e4rtyrer<\/strong> in der Kathedrale der Stadt aufbewahrt werden. Andere Relikte befinden sich stattdessen in der <strong>Kathedrale von Neapel<\/strong> und in anderen Kirchen in der Umgebung. Es hei\u00dft, als die Neapolitaner schlie\u00dflich die Stadt zur\u00fcckeroberten, fanden sie die Leichen der enthaupteten Otranto-Bewohner noch unversehrt vor.<\/p>\n<p>Im Jahr 1888 wurde ein Teil der Reliquien der <a href=\"https:\/\/www.holyart.de\/devotionalien\/rosenkranze-und-rosenkranzetuis\/besondere-rosenkranze\/rosenkranz-fur-martyrer-mit-kugelchen-aus-rotem-glas-6-mm-kollektion-vertrauenkronen-24-47\"><strong>M\u00e4rtyrer<\/strong><\/a> der Schlacht von Otranto in die Wallfahrtskirche Santa Maria di Valleverde in Bovino gebracht, und auch heute noch kann man die \u00dcberreste dieser Heldenm\u00e4rtyrer in den Kirchen von Apulien, Neapel und bis nach Frankreich und Spanien.<\/p>\n<div class=\"link-product\">\n<div class=\"blocco-immagine\"><img loading=\"lazy\" decoding=\"async\" class=\"size-full wp-image-4500 alignleft\" src=\"https:\/\/blog.holyart.it\/de\/wp-content\/uploads\/sites\/12\/2024\/07\/Rosenkranz-fur-Maertyrer-mit-Kuegelchen-aus-rotem-Glas-6-mm-Kollektion-Vertrauenkronen-2447.jpg\" alt=\"Rosenkranz f\u0171r M\u00e4rtyrer mit K\u00fcgelchen aus rotem Glas (6 mm) - Kollektion Vertrauenkronen 2447 \" width=\"100\" height=\"100\" data-kale-share-title=\"Die M\u00e4rtyrer von Otranto: das Opfer der 813 Einwohner im Namen des Glaubens\" data-kale-share-url=\"https:\/\/blog.holyart.it\/de\/?p=4492\" \/><\/div>\n<div class=\"blocco-contenuto\">\n<div class=\"blocco-acquista\">Einkaufen:<\/div>\n<div class=\"blocco-titolo\"><a href=\"https:\/\/www.holyart.de\/devotionalien\/rosenkranze-und-rosenkranzetuis\/besondere-rosenkranze\/rosenkranz-fur-martyrer-mit-kugelchen-aus-rotem-glas-6-mm-kollektion-vertrauenkronen-24-47\">Rosenkranz f\u0171r M\u00e4rtyrer mit K\u00fcgelchen aus rotem Glas (6 mm) &#8211; Kollektion Vertrauenkronen 24\/47<\/a><\/div>\n<div class=\"blocco-descrizione\">Rosenkranz f\u0171r M\u00e4rtyrer mit runden K\u00fcgelchen aus rotem Glas mit Durchmesser von 6 mm und mit Seilbindung.<\/div>\n<\/div>\n<\/div>\n<h2>Die Heiligsprechung der M\u00e4rtyrer durch Papst Franziskus<\/h2>\n<p>Die Episode erregte solche Emotionen, dass bereits 1539 von der Heiligsprechung der M\u00e4rtyrer von Otranto die Rede war. Im Dezember 1771 erkl\u00e4rte Papst Clemens XIV. die 800 auf dem Minerva-H\u00fcgel get\u00f6teten Menschen aus Otranto zum Segen. Um sie herum entstand sofort ein <strong>starker Andachtskult<\/strong>, der sie zu Schutzherren von Otranto machte.<\/p>\n<p>Im Jahr 2007 erkannte <a href=\"https:\/\/www.holyart.de\/besondere-anlasse\/benedikt-xvi\"><strong>Papst Benedikt XVI<\/strong><\/a>. Antonio Primaldo und seine Mitb\u00fcrger als M\u00e4rtyrer des Glaubens an und erkannte auch das Wunder der Heilung einer Nonne an, das den M\u00e4rtyrern von Otranto zugeschrieben wird.<\/p>\n<p>Am 12. Mai 2013 erkl\u00e4rte <a href=\"https:\/\/www.holyart.de\/devotionalien\/kruzifixe-und-kreuze\/kruzifixe-und-kreuze-aus-holz\/kreuz-papst-franziskus-guter-hirte-bemalten-grodnertal-holz\"><strong>Papst Franziskus<\/strong><\/a> seine Heiligsprechung. Die M\u00e4rtyrer von Otranto wurden offiziell zu <strong>Heiligen<\/strong> erkl\u00e4rt und die ganze Stadt feierte ihr Opfer mit Liebe und Hingabe.<\/p>\n<div class=\"link-product\">\n<div class=\"blocco-immagine\"><img loading=\"lazy\" decoding=\"async\" class=\"size-full wp-image-4501 alignleft\" src=\"https:\/\/blog.holyart.it\/de\/wp-content\/uploads\/sites\/12\/2024\/07\/Kreuz-Papst-Franziskus-Guter-Hirte-bemalten-Groednertal-Holz.jpg\" alt=\"Kreuz Papst Franziskus Guter Hirte bemalten Gr\u00f6dnertal Holz\" width=\"100\" height=\"100\" data-kale-share-title=\"Die M\u00e4rtyrer von Otranto: das Opfer der 813 Einwohner im Namen des Glaubens\" data-kale-share-url=\"https:\/\/blog.holyart.it\/de\/?p=4492\" \/><\/div>\n<div class=\"blocco-contenuto\">\n<div class=\"blocco-acquista\">Einkaufen:<\/div>\n<div class=\"blocco-titolo\"><a href=\"https:\/\/www.holyart.de\/devotionalien\/kruzifixe-und-kreuze\/kruzifixe-und-kreuze-aus-holz\/kreuz-papst-franziskus-guter-hirte-bemalten-grodnertal-holz\">Kreuz Papst Franziskus Guter Hirte bemalten Gr\u00f6dnertal Holz<\/a><\/div>\n<div class=\"blocco-descrizione\">Kreuz von Papst Franziskus realisiert aus bemalten Gr\u00f6dnertal Holz.<\/div>\n<\/div>\n<\/div>\n","protected":false},"excerpt":{"rendered":"<p>Kann ein ganzes Land heiliggesprochen werden? So erging es den M\u00e4rtyrern von Otranto, 800 M\u00e4rtyrern im Namen ihres Glaubens Die Geschichte der christlichen Kirche ist mit schrecklichen und blutigen Episoden \u00fcbers\u00e4t. So wie Jesus seinem Leiden und seinem Tod im Namen dessen begegnete, was er&hellip;<\/p>\n","protected":false},"author":1,"featured_media":4494,"comment_status":"closed","ping_status":"open","sticky":false,"template":"","format":"standard","meta":{"_acf_changed":false,"footnotes":""},"categories":[9],"tags":[],"class_list":["post-4492","post","type-post","status-publish","format-standard","has-post-thumbnail","hentry","category-heilige-und-selige"],"acf":[],"yoast_head":"<!-- This site is optimized with the Yoast SEO plugin v26.6 - https:\/\/yoast.com\/wordpress\/plugins\/seo\/ -->\n<title>Die M\u00e4rtyrer von Otranto: das Opfer der 813 Einwohner im Namen des Glaubens - Holyart.de Blog<\/title>\n<meta name=\"description\" content=\"Die Geschichte der M\u00e4rtyrer von Otranto, die im Namen ihres Glaubens ermordet wurden, l\u00f6ste gro\u00dfe Andacht aus und f\u00fchrte zur Heiligsprechung von 800 M\u00e4nnern.\" \/>\n<meta name=\"robots\" content=\"index, follow, max-snippet:-1, max-image-preview:large, max-video-preview:-1\" \/>\n<link rel=\"canonical\" href=\"https:\/\/blog.holyart.it\/de\/heilige-und-selige\/die-maertyrer-von-otranto-das-opfer-der-813-einwohner-im-namen-des-glaubens\/\" \/>\n<meta property=\"og:locale\" content=\"de_DE\" \/>\n<meta property=\"og:type\" content=\"article\" \/>\n<meta property=\"og:title\" content=\"Die M\u00e4rtyrer von Otranto: das Opfer der 813 Einwohner im Namen des Glaubens - Holyart.de Blog\" \/>\n<meta property=\"og:description\" content=\"Die Geschichte der M\u00e4rtyrer von Otranto, die im Namen ihres Glaubens ermordet wurden, l\u00f6ste gro\u00dfe Andacht aus und f\u00fchrte zur Heiligsprechung von 800 M\u00e4nnern.\" \/>\n<meta property=\"og:url\" content=\"https:\/\/blog.holyart.it\/de\/heilige-und-selige\/die-maertyrer-von-otranto-das-opfer-der-813-einwohner-im-namen-des-glaubens\/\" \/>\n<meta property=\"og:site_name\" content=\"Holyart.de Blog\" \/>\n<meta property=\"article:published_time\" content=\"2024-08-14T08:00:41+00:00\" \/>\n<meta property=\"og:image\" content=\"https:\/\/blog.holyart.it\/de\/wp-content\/uploads\/sites\/12\/2024\/07\/Die-Maertyrer-von-Otranto.jpg\" \/>\n\t<meta property=\"og:image:width\" content=\"1000\" \/>\n\t<meta property=\"og:image:height\" content=\"666\" \/>\n\t<meta property=\"og:image:type\" content=\"image\/jpeg\" \/>\n<meta name=\"author\" content=\"Redazione\" \/>\n<meta name=\"twitter:card\" content=\"summary_large_image\" \/>\n<meta name=\"twitter:label1\" content=\"Verfasst von\" \/>\n\t<meta name=\"twitter:data1\" content=\"Redazione\" \/>\n\t<meta name=\"twitter:label2\" content=\"Gesch\u00e4tzte Lesezeit\" \/>\n\t<meta name=\"twitter:data2\" content=\"7\u00a0Minuten\" \/>\n<script type=\"application\/ld+json\" class=\"yoast-schema-graph\">{\"@context\":\"https:\/\/schema.org\",\"@graph\":[{\"@type\":\"Article\",\"@id\":\"https:\/\/blog.holyart.it\/de\/heilige-und-selige\/die-maertyrer-von-otranto-das-opfer-der-813-einwohner-im-namen-des-glaubens\/#article\",\"isPartOf\":{\"@id\":\"https:\/\/blog.holyart.it\/de\/heilige-und-selige\/die-maertyrer-von-otranto-das-opfer-der-813-einwohner-im-namen-des-glaubens\/\"},\"author\":{\"name\":\"Redazione\",\"@id\":\"https:\/\/blog.holyart.it\/de\/#\/schema\/person\/0a7b686e5af0f856ec1e390dd0baecda\"},\"headline\":\"Die M\u00e4rtyrer von Otranto: das Opfer der 813 Einwohner im Namen des Glaubens\",\"datePublished\":\"2024-08-14T08:00:41+00:00\",\"mainEntityOfPage\":{\"@id\":\"https:\/\/blog.holyart.it\/de\/heilige-und-selige\/die-maertyrer-von-otranto-das-opfer-der-813-einwohner-im-namen-des-glaubens\/\"},\"wordCount\":1024,\"publisher\":{\"@id\":\"https:\/\/blog.holyart.it\/de\/#organization\"},\"image\":{\"@id\":\"https:\/\/blog.holyart.it\/de\/heilige-und-selige\/die-maertyrer-von-otranto-das-opfer-der-813-einwohner-im-namen-des-glaubens\/#primaryimage\"},\"thumbnailUrl\":\"https:\/\/blog.holyart.it\/de\/wp-content\/uploads\/sites\/12\/2024\/07\/Die-Maertyrer-von-Otranto.jpg\",\"articleSection\":[\"Heilige und Selige\"],\"inLanguage\":\"de\"},{\"@type\":\"WebPage\",\"@id\":\"https:\/\/blog.holyart.it\/de\/heilige-und-selige\/die-maertyrer-von-otranto-das-opfer-der-813-einwohner-im-namen-des-glaubens\/\",\"url\":\"https:\/\/blog.holyart.it\/de\/heilige-und-selige\/die-maertyrer-von-otranto-das-opfer-der-813-einwohner-im-namen-des-glaubens\/\",\"name\":\"Die M\u00e4rtyrer von Otranto: das Opfer der 813 Einwohner im Namen des Glaubens - Holyart.de Blog\",\"isPartOf\":{\"@id\":\"https:\/\/blog.holyart.it\/de\/#website\"},\"primaryImageOfPage\":{\"@id\":\"https:\/\/blog.holyart.it\/de\/heilige-und-selige\/die-maertyrer-von-otranto-das-opfer-der-813-einwohner-im-namen-des-glaubens\/#primaryimage\"},\"image\":{\"@id\":\"https:\/\/blog.holyart.it\/de\/heilige-und-selige\/die-maertyrer-von-otranto-das-opfer-der-813-einwohner-im-namen-des-glaubens\/#primaryimage\"},\"thumbnailUrl\":\"https:\/\/blog.holyart.it\/de\/wp-content\/uploads\/sites\/12\/2024\/07\/Die-Maertyrer-von-Otranto.jpg\",\"datePublished\":\"2024-08-14T08:00:41+00:00\",\"description\":\"Die Geschichte der M\u00e4rtyrer von Otranto, die im Namen ihres Glaubens ermordet wurden, l\u00f6ste gro\u00dfe Andacht aus und f\u00fchrte zur Heiligsprechung von 800 M\u00e4nnern.\",\"breadcrumb\":{\"@id\":\"https:\/\/blog.holyart.it\/de\/heilige-und-selige\/die-maertyrer-von-otranto-das-opfer-der-813-einwohner-im-namen-des-glaubens\/#breadcrumb\"},\"inLanguage\":\"de\",\"potentialAction\":[{\"@type\":\"ReadAction\",\"target\":[\"https:\/\/blog.holyart.it\/de\/heilige-und-selige\/die-maertyrer-von-otranto-das-opfer-der-813-einwohner-im-namen-des-glaubens\/\"]}]},{\"@type\":\"ImageObject\",\"inLanguage\":\"de\",\"@id\":\"https:\/\/blog.holyart.it\/de\/heilige-und-selige\/die-maertyrer-von-otranto-das-opfer-der-813-einwohner-im-namen-des-glaubens\/#primaryimage\",\"url\":\"https:\/\/blog.holyart.it\/de\/wp-content\/uploads\/sites\/12\/2024\/07\/Die-Maertyrer-von-Otranto.jpg\",\"contentUrl\":\"https:\/\/blog.holyart.it\/de\/wp-content\/uploads\/sites\/12\/2024\/07\/Die-Maertyrer-von-Otranto.jpg\",\"width\":1000,\"height\":666,\"caption\":\"Die M\u00e4rtyrer von Otranto\"},{\"@type\":\"BreadcrumbList\",\"@id\":\"https:\/\/blog.holyart.it\/de\/heilige-und-selige\/die-maertyrer-von-otranto-das-opfer-der-813-einwohner-im-namen-des-glaubens\/#breadcrumb\",\"itemListElement\":[{\"@type\":\"ListItem\",\"position\":1,\"name\":\"Homepage\",\"item\":\"https:\/\/blog.holyart.it\/de\/\"},{\"@type\":\"ListItem\",\"position\":2,\"name\":\"Heilige und Selige\",\"item\":\"https:\/\/blog.holyart.it\/de\/heilige-und-selige\/\"},{\"@type\":\"ListItem\",\"position\":3,\"name\":\"Die M\u00e4rtyrer von Otranto: das Opfer der 813 Einwohner im Namen des Glaubens\"}]},{\"@type\":\"WebSite\",\"@id\":\"https:\/\/blog.holyart.it\/de\/#website\",\"url\":\"https:\/\/blog.holyart.it\/de\/\",\"name\":\"Holyart.de Blog\",\"description\":\"Holyblog\",\"publisher\":{\"@id\":\"https:\/\/blog.holyart.it\/de\/#organization\"},\"potentialAction\":[{\"@type\":\"SearchAction\",\"target\":{\"@type\":\"EntryPoint\",\"urlTemplate\":\"https:\/\/blog.holyart.it\/de\/?s={search_term_string}\"},\"query-input\":{\"@type\":\"PropertyValueSpecification\",\"valueRequired\":true,\"valueName\":\"search_term_string\"}}],\"inLanguage\":\"de\"},{\"@type\":\"Organization\",\"@id\":\"https:\/\/blog.holyart.it\/de\/#organization\",\"name\":\"Holyart.de Blog\",\"url\":\"https:\/\/blog.holyart.it\/de\/\",\"logo\":{\"@type\":\"ImageObject\",\"inLanguage\":\"de\",\"@id\":\"https:\/\/blog.holyart.it\/de\/#\/schema\/logo\/image\/\",\"url\":\"https:\/\/blog.holyart.it\/de\/wp-content\/uploads\/sites\/12\/2022\/12\/Holyart_Blog_Logo.jpg\",\"contentUrl\":\"https:\/\/blog.holyart.it\/de\/wp-content\/uploads\/sites\/12\/2022\/12\/Holyart_Blog_Logo.jpg\",\"width\":300,\"height\":50,\"caption\":\"Holyart.de Blog\"},\"image\":{\"@id\":\"https:\/\/blog.holyart.it\/de\/#\/schema\/logo\/image\/\"}},{\"@type\":\"Person\",\"@id\":\"https:\/\/blog.holyart.it\/de\/#\/schema\/person\/0a7b686e5af0f856ec1e390dd0baecda\",\"name\":\"Redazione\",\"image\":{\"@type\":\"ImageObject\",\"inLanguage\":\"de\",\"@id\":\"https:\/\/blog.holyart.it\/de\/#\/schema\/person\/image\/\",\"url\":\"https:\/\/secure.gravatar.com\/avatar\/f477da817f43e50d0af36abecd33e3edf826c68299714bdc1057dff3b113f516?s=96&d=mm&r=g\",\"contentUrl\":\"https:\/\/secure.gravatar.com\/avatar\/f477da817f43e50d0af36abecd33e3edf826c68299714bdc1057dff3b113f516?s=96&d=mm&r=g\",\"caption\":\"Redazione\"}}]}<\/script>\n<!-- \/ Yoast SEO plugin. -->","yoast_head_json":{"title":"Die M\u00e4rtyrer von Otranto: das Opfer der 813 Einwohner im Namen des Glaubens - Holyart.de Blog","description":"Die Geschichte der M\u00e4rtyrer von Otranto, die im Namen ihres Glaubens ermordet wurden, l\u00f6ste gro\u00dfe Andacht aus und f\u00fchrte zur Heiligsprechung von 800 M\u00e4nnern.","robots":{"index":"index","follow":"follow","max-snippet":"max-snippet:-1","max-image-preview":"max-image-preview:large","max-video-preview":"max-video-preview:-1"},"canonical":"https:\/\/blog.holyart.it\/de\/heilige-und-selige\/die-maertyrer-von-otranto-das-opfer-der-813-einwohner-im-namen-des-glaubens\/","og_locale":"de_DE","og_type":"article","og_title":"Die M\u00e4rtyrer von Otranto: das Opfer der 813 Einwohner im Namen des Glaubens - Holyart.de Blog","og_description":"Die Geschichte der M\u00e4rtyrer von Otranto, die im Namen ihres Glaubens ermordet wurden, l\u00f6ste gro\u00dfe Andacht aus und f\u00fchrte zur Heiligsprechung von 800 M\u00e4nnern.","og_url":"https:\/\/blog.holyart.it\/de\/heilige-und-selige\/die-maertyrer-von-otranto-das-opfer-der-813-einwohner-im-namen-des-glaubens\/","og_site_name":"Holyart.de Blog","article_published_time":"2024-08-14T08:00:41+00:00","og_image":[{"width":1000,"height":666,"url":"https:\/\/blog.holyart.it\/de\/wp-content\/uploads\/sites\/12\/2024\/07\/Die-Maertyrer-von-Otranto.jpg","type":"image\/jpeg"}],"author":"Redazione","twitter_card":"summary_large_image","twitter_misc":{"Verfasst von":"Redazione","Gesch\u00e4tzte Lesezeit":"7\u00a0Minuten"},"schema":{"@context":"https:\/\/schema.org","@graph":[{"@type":"Article","@id":"https:\/\/blog.holyart.it\/de\/heilige-und-selige\/die-maertyrer-von-otranto-das-opfer-der-813-einwohner-im-namen-des-glaubens\/#article","isPartOf":{"@id":"https:\/\/blog.holyart.it\/de\/heilige-und-selige\/die-maertyrer-von-otranto-das-opfer-der-813-einwohner-im-namen-des-glaubens\/"},"author":{"name":"Redazione","@id":"https:\/\/blog.holyart.it\/de\/#\/schema\/person\/0a7b686e5af0f856ec1e390dd0baecda"},"headline":"Die M\u00e4rtyrer von Otranto: das Opfer der 813 Einwohner im Namen des Glaubens","datePublished":"2024-08-14T08:00:41+00:00","mainEntityOfPage":{"@id":"https:\/\/blog.holyart.it\/de\/heilige-und-selige\/die-maertyrer-von-otranto-das-opfer-der-813-einwohner-im-namen-des-glaubens\/"},"wordCount":1024,"publisher":{"@id":"https:\/\/blog.holyart.it\/de\/#organization"},"image":{"@id":"https:\/\/blog.holyart.it\/de\/heilige-und-selige\/die-maertyrer-von-otranto-das-opfer-der-813-einwohner-im-namen-des-glaubens\/#primaryimage"},"thumbnailUrl":"https:\/\/blog.holyart.it\/de\/wp-content\/uploads\/sites\/12\/2024\/07\/Die-Maertyrer-von-Otranto.jpg","articleSection":["Heilige und Selige"],"inLanguage":"de"},{"@type":"WebPage","@id":"https:\/\/blog.holyart.it\/de\/heilige-und-selige\/die-maertyrer-von-otranto-das-opfer-der-813-einwohner-im-namen-des-glaubens\/","url":"https:\/\/blog.holyart.it\/de\/heilige-und-selige\/die-maertyrer-von-otranto-das-opfer-der-813-einwohner-im-namen-des-glaubens\/","name":"Die M\u00e4rtyrer von Otranto: das Opfer der 813 Einwohner im Namen des Glaubens - Holyart.de Blog","isPartOf":{"@id":"https:\/\/blog.holyart.it\/de\/#website"},"primaryImageOfPage":{"@id":"https:\/\/blog.holyart.it\/de\/heilige-und-selige\/die-maertyrer-von-otranto-das-opfer-der-813-einwohner-im-namen-des-glaubens\/#primaryimage"},"image":{"@id":"https:\/\/blog.holyart.it\/de\/heilige-und-selige\/die-maertyrer-von-otranto-das-opfer-der-813-einwohner-im-namen-des-glaubens\/#primaryimage"},"thumbnailUrl":"https:\/\/blog.holyart.it\/de\/wp-content\/uploads\/sites\/12\/2024\/07\/Die-Maertyrer-von-Otranto.jpg","datePublished":"2024-08-14T08:00:41+00:00","description":"Die Geschichte der M\u00e4rtyrer von Otranto, die im Namen ihres Glaubens ermordet wurden, l\u00f6ste gro\u00dfe Andacht aus und f\u00fchrte zur Heiligsprechung von 800 M\u00e4nnern.","breadcrumb":{"@id":"https:\/\/blog.holyart.it\/de\/heilige-und-selige\/die-maertyrer-von-otranto-das-opfer-der-813-einwohner-im-namen-des-glaubens\/#breadcrumb"},"inLanguage":"de","potentialAction":[{"@type":"ReadAction","target":["https:\/\/blog.holyart.it\/de\/heilige-und-selige\/die-maertyrer-von-otranto-das-opfer-der-813-einwohner-im-namen-des-glaubens\/"]}]},{"@type":"ImageObject","inLanguage":"de","@id":"https:\/\/blog.holyart.it\/de\/heilige-und-selige\/die-maertyrer-von-otranto-das-opfer-der-813-einwohner-im-namen-des-glaubens\/#primaryimage","url":"https:\/\/blog.holyart.it\/de\/wp-content\/uploads\/sites\/12\/2024\/07\/Die-Maertyrer-von-Otranto.jpg","contentUrl":"https:\/\/blog.holyart.it\/de\/wp-content\/uploads\/sites\/12\/2024\/07\/Die-Maertyrer-von-Otranto.jpg","width":1000,"height":666,"caption":"Die M\u00e4rtyrer von Otranto"},{"@type":"BreadcrumbList","@id":"https:\/\/blog.holyart.it\/de\/heilige-und-selige\/die-maertyrer-von-otranto-das-opfer-der-813-einwohner-im-namen-des-glaubens\/#breadcrumb","itemListElement":[{"@type":"ListItem","position":1,"name":"Homepage","item":"https:\/\/blog.holyart.it\/de\/"},{"@type":"ListItem","position":2,"name":"Heilige und Selige","item":"https:\/\/blog.holyart.it\/de\/heilige-und-selige\/"},{"@type":"ListItem","position":3,"name":"Die M\u00e4rtyrer von Otranto: das Opfer der 813 Einwohner im Namen des Glaubens"}]},{"@type":"WebSite","@id":"https:\/\/blog.holyart.it\/de\/#website","url":"https:\/\/blog.holyart.it\/de\/","name":"Holyart.de Blog","description":"Holyblog","publisher":{"@id":"https:\/\/blog.holyart.it\/de\/#organization"},"potentialAction":[{"@type":"SearchAction","target":{"@type":"EntryPoint","urlTemplate":"https:\/\/blog.holyart.it\/de\/?s={search_term_string}"},"query-input":{"@type":"PropertyValueSpecification","valueRequired":true,"valueName":"search_term_string"}}],"inLanguage":"de"},{"@type":"Organization","@id":"https:\/\/blog.holyart.it\/de\/#organization","name":"Holyart.de Blog","url":"https:\/\/blog.holyart.it\/de\/","logo":{"@type":"ImageObject","inLanguage":"de","@id":"https:\/\/blog.holyart.it\/de\/#\/schema\/logo\/image\/","url":"https:\/\/blog.holyart.it\/de\/wp-content\/uploads\/sites\/12\/2022\/12\/Holyart_Blog_Logo.jpg","contentUrl":"https:\/\/blog.holyart.it\/de\/wp-content\/uploads\/sites\/12\/2022\/12\/Holyart_Blog_Logo.jpg","width":300,"height":50,"caption":"Holyart.de Blog"},"image":{"@id":"https:\/\/blog.holyart.it\/de\/#\/schema\/logo\/image\/"}},{"@type":"Person","@id":"https:\/\/blog.holyart.it\/de\/#\/schema\/person\/0a7b686e5af0f856ec1e390dd0baecda","name":"Redazione","image":{"@type":"ImageObject","inLanguage":"de","@id":"https:\/\/blog.holyart.it\/de\/#\/schema\/person\/image\/","url":"https:\/\/secure.gravatar.com\/avatar\/f477da817f43e50d0af36abecd33e3edf826c68299714bdc1057dff3b113f516?s=96&d=mm&r=g","contentUrl":"https:\/\/secure.gravatar.com\/avatar\/f477da817f43e50d0af36abecd33e3edf826c68299714bdc1057dff3b113f516?s=96&d=mm&r=g","caption":"Redazione"}}]}},"_links":{"self":[{"href":"https:\/\/blog.holyart.it\/de\/wp-json\/wp\/v2\/posts\/4492","targetHints":{"allow":["GET"]}}],"collection":[{"href":"https:\/\/blog.holyart.it\/de\/wp-json\/wp\/v2\/posts"}],"about":[{"href":"https:\/\/blog.holyart.it\/de\/wp-json\/wp\/v2\/types\/post"}],"author":[{"embeddable":true,"href":"https:\/\/blog.holyart.it\/de\/wp-json\/wp\/v2\/users\/1"}],"replies":[{"embeddable":true,"href":"https:\/\/blog.holyart.it\/de\/wp-json\/wp\/v2\/comments?post=4492"}],"version-history":[{"count":4,"href":"https:\/\/blog.holyart.it\/de\/wp-json\/wp\/v2\/posts\/4492\/revisions"}],"predecessor-version":[{"id":4502,"href":"https:\/\/blog.holyart.it\/de\/wp-json\/wp\/v2\/posts\/4492\/revisions\/4502"}],"wp:featuredmedia":[{"embeddable":true,"href":"https:\/\/blog.holyart.it\/de\/wp-json\/wp\/v2\/media\/4494"}],"wp:attachment":[{"href":"https:\/\/blog.holyart.it\/de\/wp-json\/wp\/v2\/media?parent=4492"}],"wp:term":[{"taxonomy":"category","embeddable":true,"href":"https:\/\/blog.holyart.it\/de\/wp-json\/wp\/v2\/categories?post=4492"},{"taxonomy":"post_tag","embeddable":true,"href":"https:\/\/blog.holyart.it\/de\/wp-json\/wp\/v2\/tags?post=4492"}],"curies":[{"name":"wp","href":"https:\/\/api.w.org\/{rel}","templated":true}]}}