{"id":4473,"date":"2024-08-12T10:00:23","date_gmt":"2024-08-12T08:00:23","guid":{"rendered":"https:\/\/blog.holyart.it\/de\/?p=4473"},"modified":"2024-10-11T17:12:32","modified_gmt":"2024-10-11T15:12:32","slug":"mariae-himmelfahrt-und-die-charakteristischsten-feste","status":"publish","type":"post","link":"https:\/\/blog.holyart.it\/de\/besondere-anlassen\/mariae-himmelfahrt-und-die-charakteristischsten-feste\/","title":{"rendered":"Mari\u00e4 Himmelfahrt und die charakteristischsten Feste"},"content":{"rendered":"<h4>Der 15. August ist nicht nur ein Anlass f\u00fcr Feiern und Ausfl\u00fcge au\u00dferhalb der Stadt. Tats\u00e4chlich erinnern wir uns an Mari\u00e4 Himmelfahrt. Entdecken wir die eindrucksvollsten Feste, mit denen dieses Ereignis gefeiert wird.<\/h4>\n<p>In einem Artikel von vor einiger Zeit hatten wir bereits ausf\u00fchrlich \u00fcber die <strong><a href=\"https:\/\/www.holyart.de\/blog\/devotionalien\/mariae-himmelfahrt\/\">Mari\u00e4 Himmelfahrt<\/a><\/strong> gesprochen, dass es sich nicht nur um ein Glaubensdogma, sondern zuvor um einen sehr tief verwurzelten und weit verbreiteten Glauben in unserem Land handelte hat im Laufe der Jahrhunderte unz\u00e4hlige Formen der Volksfr\u00f6mmigkeit inspiriert.<\/p>\n<div class=\"link-article\">\n<p><img loading=\"lazy\" decoding=\"async\" class=\"size-full wp-image-4475 alignleft\" src=\"https:\/\/blog.holyart.it\/de\/wp-content\/uploads\/sites\/12\/2024\/07\/Aufnahme-Marias-in-den-Himmel.jpg\" alt=\"Aufnahme Marias in den Himmel\" width=\"150\" height=\"99\" data-kale-share-title=\"Mari\u00e4 Himmelfahrt und die charakteristischsten Feste\" data-kale-share-url=\"https:\/\/blog.holyart.it\/de\/?p=4473\" \/><\/p>\n<div class=\"leggi-anche\">Lesen Sie auch:<\/div>\n<p><strong><a href=\"https:\/\/www.holyart.de\/blog\/devotionalien\/mariae-himmelfahrt\/\">Mari\u00e4 Himmelfahrt<\/a><\/strong><br \/>\nF\u00fcr die Christen ist der 15. August nicht nur das Herz des Sommers, sondern auch das Fest der Madonna&#8230;<\/p>\n<\/div>\n<p>Die Gr\u00fcnde f\u00fcr die Emotionen, die die Himmelfahrt der Allerheiligsten Maria hervorrief, sind leicht verst\u00e4ndlich, wenn wir dar\u00fcber nachdenken, wie Maria sich seit der Antike als Beh\u00e4lter der Hingabe, Zuneigung und Gebete von M\u00e4nnern und Frauen aller Herkunft und sozialen Schichten etabliert hat. Wahrscheinlich ist es ihre Dimension als barmherzige Mutter, die f\u00fcr die Menschen b\u00fcrgt, indem sie vor Gott, dem allm\u00e4chtigen Vater, f\u00fcr sie eintritt, die ihr so viel Mitgef\u00fchl und F\u00fcrsorge verdient.<\/p>\n<p>Aber wie kam Maria in den Himmel? Und warum?<\/p>\n<p>Der christlichen Religion zufolge stiegen alle Seelen der Heiligen in den Himmel auf, oft begleitet von Scharen von Engeln. Es gibt unz\u00e4hlige k\u00fcnstlerische Darstellungen, die dieses Ereignis zeigen.<\/p>\n<p>Doch f\u00fcr die Jungfrau Maria war es etwas anderes. Sie stieg <strong>nicht nur als Seele, sondern auch mit ihrem K\u00f6rper<\/strong> in den Himmel auf. So wie es bei Jesus, ihrem Sohn, der bei der <strong>Himmelfahrt<\/strong> mit seinem eigenen K\u00f6rper und seinem eigenen Geist zu seinem himmlischen Vater kam, so hatte auch Maria von der Himmelfahrt das unter Frauen und M\u00e4nnern einzigartige Privileg, in den Himmel aufzusteigen, ohne ihren Himmel zu verlassen Gebeine. Und so erwartet uns diese sehr <strong>s\u00fc\u00dfe Mutter<\/strong> im Himmelreich, die sich mit Leib und Seele ihren Kindern zuwendet, sie umarmt, sich tr\u00f6stet und sie umh\u00fcllt, wie es nur eine Mutter kann.<\/p>\n<p>Die Gr\u00fcnde f\u00fcr die <strong><a href=\"https:\/\/www.holyart.de\/devotionalien\/statuen\/statuen-aus-resin-und-pvc\/maria-himmelfahrt-statue-resin-18x12x6-cm\">Himmelfahrt der Jungfrau Maria<\/a><\/strong> mit Leib und Seele sind leicht zu verstehen. Sie war nicht nur die <strong>Mutter vom fleischgewordenen Gott<\/strong>, die unter allen Frauen auserw\u00e4hlt war, den Erl\u00f6ser in ihrem Scho\u00df und in ihrem Herzen zu tragen. Aber schon lange vor der Verk\u00fcndigung hatte Gott sie erw\u00e4hlt und f\u00fcr ihr Schicksal vorherbestimmt, indem er sie gem\u00e4\u00df dem Dogma der Unbefleckten Empf\u00e4ngnis <strong>ohne S\u00fcnde geboren<\/strong> wurde und anschlie\u00dfend daf\u00fcr gesorgt hatte, dass sie Jesus empfing, w\u00e4hrend sie Jungfrau blieb, wie das Dogma der <strong>Jungfr\u00e4ulichkeit Maria<\/strong> uns erinnert.<\/p>\n<div class=\"link-product\">\n<div class=\"blocco-immagine\"><img loading=\"lazy\" decoding=\"async\" class=\"size-full wp-image-4480 alignleft\" src=\"https:\/\/blog.holyart.it\/de\/wp-content\/uploads\/sites\/12\/2024\/07\/statue-aus-harz-maria-mit-engelchen-18x12x6-cm.jpg\" alt=\"statue aus harz maria mit engelchen 18x12x6 cm\" width=\"100\" height=\"100\" data-kale-share-title=\"Mari\u00e4 Himmelfahrt und die charakteristischsten Feste\" data-kale-share-url=\"https:\/\/blog.holyart.it\/de\/?p=4473\" \/><\/div>\n<div class=\"blocco-contenuto\">\n<div class=\"blocco-acquista\">Einkaufen:<\/div>\n<div class=\"blocco-titolo\"><a href=\"https:\/\/www.holyart.de\/devotionalien\/statuen\/statuen-aus-resin-und-pvc\/maria-himmelfahrt-statue-resin-18x12x6-cm\">Mari\u00e4 Himmelfahrt, Statue, Resin, 18x12x6 cm<\/a><\/div>\n<div class=\"blocco-descrizione\">Die Statue ist aus Resin gefertigt.<\/div>\n<\/div>\n<\/div>\n<p>Die <strong>Himmelfahrt<\/strong> ist also eine <strong>Belohnung<\/strong>, die Gott Maria f\u00fcr ihr Opfer und ihre Hingabe gew\u00e4hren wollte. Aber es ist auch ein Heilsversprechen f\u00fcr alle Menschen, da Maria als erste die <strong>Auferstehung des Fleisches<\/strong> genoss, die allen Menschen am Ende der Zeit versprochen wurde.<\/p>\n<p>Doch nun wollen wir uns gemeinsam die <strong>wichtigsten Traditionen und Feierlichkeiten<\/strong> ansehen, die mit dem Gedenken an Mari\u00e4 Himmelfahrt verbunden sind.<\/p>\n<h2>Feste und Feierlichkeiten zu Mari\u00e4 Himmelfahrt<\/h2>\n<p>Mari\u00e4 Himmelfahrt ist ein <strong>Pflichtfest<\/strong>, das hei\u00dft ein Tag, an dem die Gl\u00e4ubigen verpflichtet sind, alle \u00fcblichen Aktivit\u00e4ten, Arbeiten und Gesch\u00e4fte zu unterbrechen und an der Messe teilzunehmen.<\/p>\n<p>In Italien, einem Land grandioser Patronatsfeste, deren Traditionen jahrhundertelang \u00fcberliefert sind, sind viele <strong><a href=\"https:\/\/www.holyart.de\/blog\/devotionalien\/marienfeste-hier-sind-alle-feste-des-jahres-die-maria-gewidmet-sind\/\">Feste der Madonna Assunta gewidmet<\/a><\/strong>.<\/p>\n<div class=\"link-article\">\n<p><img loading=\"lazy\" decoding=\"async\" class=\"size-full wp-image-4483 alignleft\" src=\"https:\/\/blog.holyart.it\/de\/wp-content\/uploads\/sites\/12\/2024\/07\/marienfeste-1.jpg\" alt=\"marienfeste\" width=\"150\" height=\"99\" data-kale-share-title=\"Mari\u00e4 Himmelfahrt und die charakteristischsten Feste\" data-kale-share-url=\"https:\/\/blog.holyart.it\/de\/?p=4473\" \/><\/p>\n<div class=\"leggi-anche\">Lesen Sie auch:<\/div>\n<p><strong><a href=\"https:\/\/www.holyart.de\/blog\/devotionalien\/marienfeste-hier-sind-alle-feste-des-jahres-die-maria-gewidmet-sind\/\">Marienfeste: Hier sind alle Feste des Jahres, die Maria gewidmet sind<\/a><\/strong><br \/>\nMarienfeste, alle Gesichter der Verehrung von Maria, der Mutter Jesu&#8230;<\/p>\n<\/div>\n<h2>Die Verbeugungsprozession im Tivoli<\/h2>\n<p>Jedes Jahr findet in <strong>Tivoli<\/strong> zwischen dem Abend des 14. August und dem darauffolgenden Tag die <strong>Verbeugungsprozession<\/strong> zu Ehren der Himmelfahrt der Jungfrau Maria statt. Es handelt sich um ein sehr altes Fest, das bereits im Hochmittelalter gefeiert wurde und auf die heidnischen Prozessionen zur\u00fcckgeht, bei denen die R\u00f6mer die Bilder ihrer G\u00f6tter (<em>Theophorie<\/em>) durch die Stadt trugen. Die Verbeugungsprozession geht wahrscheinlich auf das 13. Jahrhundert zur\u00fcck und ist mit der Anwesenheit einer Gemeinschaft von Franziskanern in der Stadt verbunden, die in der N\u00e4he von Santa Maria Maggiore lebten und am 14. und 15. August der Ikone der <a href=\"https:\/\/www.holyart.de\/devotionalien\/wandteppiche\/wandteppich-gottesmutter-der-gnade-40x30-cm\"><strong>Heiligen Madonna<\/strong> <strong>der<\/strong> <strong>Gnaden<\/strong><\/a> hudelten.<\/p>\n<div class=\"link-product\">\n<div class=\"blocco-immagine\"><img loading=\"lazy\" decoding=\"async\" class=\"size-full wp-image-4485 alignleft\" src=\"https:\/\/blog.holyart.it\/de\/wp-content\/uploads\/sites\/12\/2024\/07\/wandteppich-gottesmutter-der-gnade-40x30cm.jpg\" alt=\"wandteppich gottesmutter der gnade 40x30cm\" width=\"100\" height=\"100\" data-kale-share-title=\"Mari\u00e4 Himmelfahrt und die charakteristischsten Feste\" data-kale-share-url=\"https:\/\/blog.holyart.it\/de\/?p=4473\" \/><\/div>\n<div class=\"blocco-contenuto\">\n<div class=\"blocco-acquista\">Einkaufen:<\/div>\n<div class=\"blocco-titolo\"><a href=\"https:\/\/www.holyart.de\/devotionalien\/wandteppiche\/wandteppich-gottesmutter-der-gnade-40x30-cm\">Wandteppich Gottesmutter der Gnade 40&#215;30 cm<\/a><\/div>\n<div class=\"blocco-descrizione\">Der Jacquard-Wandteppich wird vollst\u00e4ndig in Italien gefertigt.<\/div>\n<\/div>\n<\/div>\n<p>Anl\u00e4sslich des Verbeugungsprozession wurde das Bild des Heiligen Retter, das in der Kathedrale aufbewahrt wird, in einer Prozession durch die Stra\u00dfen der Stadt getragen. An der Gregoriana-Br\u00fccke segnet ein Priester den Fluss Aniene und wirft ein Licht in sein Wasser, das den Glauben an Gott symbolisiert. In einer weiteren Phase bleibt der Prior der Bruderschaft des Erl\u00f6sers stehen, um die Schwelle des Krankenhauses zu k\u00fcssen. Wenn das Bild des Erl\u00f6sers Piazza Trento erreicht, vereint es sich mit dem der Madonna der Gnaden. Beide Bilder werden feierlich in die Kirche Santa Maria Maggiore gebracht und voreinander aufgestellt, damit sie die ganze Nacht \u00fcber miteinander \u201esprechen\u201c k\u00f6nnen. Am n\u00e4chsten Morgen, dem Tag Mari\u00e4 Himmelfahrt, werden die beiden Bilder wieder herausgenommen und getrennt. Mit einer neuen Prozession, an der alle st\u00e4dtischen Bruderschaften und Vertreter des Kunstgewerbes teilnehmen, wird der Erl\u00f6ser in die Kathedrale zur\u00fcckgebracht.<\/p>\n<h2>Vara von Randazzo<\/h2>\n<p>In <strong>Randazzo<\/strong>, einer kleinen Stadt in der Provinz Syrakus, beginnen die Feierlichkeiten zu Mari\u00e4 Himmelfahrt am 15. August um Mitternacht, wenn die <strong>Prozession der Vara<\/strong> beginnt. Die Vara ist ein alter und gro\u00dfer allegorischer Votivwagen aus dem 16. Jahrhundert. Er ist etwa 15 Meter hoch und besteht aus mehreren \u00fcberlappenden Etagen, die sich um eine Mittelachse drehen.<\/p>\n<p>Jede Etage entspricht einem <strong>Marienmysterium<\/strong>, n\u00e4mlich dem <strong><a href=\"https:\/\/www.holyart.de\/devotionalien\/ikonen\/russiche-ikonen\/russische-ikone-maria-himmelfahrt-20.-jahrhundert-30x25-cm\">Tod<\/a><\/strong>, der Himmelfahrt und der Kr\u00f6nung Mariens, dargestellt auf einer 1548 von Giovanni Caniglia geschaffenen Tafel, die in der Kapelle des Allerheiligsten Kruzifixes in der Kirche Santa Maria aufbewahrt wird.<\/p>\n<div class=\"link-product\">\n<div class=\"blocco-immagine\"><img loading=\"lazy\" decoding=\"async\" class=\"size-full wp-image-4487 alignleft\" src=\"https:\/\/blog.holyart.it\/de\/wp-content\/uploads\/sites\/12\/2024\/07\/russische-ikone-maria-himmelfahrt-20.-jahrhundert-30x25-cm.jpg\" alt=\"russische ikone maria himmelfahrt 20. jahrhundert 30x25 cm\" width=\"100\" height=\"100\" data-kale-share-title=\"Mari\u00e4 Himmelfahrt und die charakteristischsten Feste\" data-kale-share-url=\"https:\/\/blog.holyart.it\/de\/?p=4473\" \/><\/div>\n<div class=\"blocco-contenuto\">\n<div class=\"blocco-acquista\">Einkaufen:<\/div>\n<div class=\"blocco-titolo\"><a href=\"https:\/\/www.holyart.de\/devotionalien\/ikonen\/russiche-ikonen\/russische-ikone-maria-himmelfahrt-20.-jahrhundert-30x25-cm\">Russische Ikone Mari\u00e4 Himmelfahrt 20. Jahrhundert, 30&#215;25 cm<\/a><\/div>\n<div class=\"blocco-descrizione\">Dieses Symbol zeigt die Mari\u00e4 Himmelfahrt oder den Tod Mariens vor ihrer Himmelfahrt.<\/div>\n<\/div>\n<\/div>\n<p>Etwa drei\u00dfig Kinder werden gebeten, auf die Vara zu klettern, um die verschiedenen Geheimnisse zu symbolisieren, und Hymnen zu singen, die der Jungfrau gewidmet sind, w\u00e4hrend die Gl\u00e4ubigen den gro\u00dfen Streitwagen in einer Prozession durch die Stadt tragen. Die Prozession der Vara entstand im 16. Jahrhundert, als K\u00f6nig Johannes von Aragon die Fiera Franca einf\u00fchrte, die neun Tage lang um den 15. August herum stattfand und auch einen gro\u00dfen Palio umfasste.<\/p>\n<p>Selbst in <strong>Messina<\/strong> wird ein 13 m hoher Vara von 1500 barf\u00fc\u00dfigen, wei\u00df gekleideten M\u00e4nnern durch die Stra\u00dfen der Stadt getragen.<\/p>\n<h2>Feierlichkeiten zu Mari\u00e4 Himmelfahrt auf Sardinien<\/h2>\n<p>In <strong>Siniscola<\/strong>, Sardinien, findet die <strong>Prozession Mari\u00e4 Himmelfahrt<\/strong> auf dem Meer statt. W\u00e4hrend in allen Pfarreien Maria Assunta gefeiert wird, wird die Madonna-Statue von der Hauptkirche zum Strand La Caletta gebracht und auf ein Boot verladen, das eine maritime Prozession anf\u00fchrt. Zu der Prozession auf dem Meer kommt noch eine Prozession durch die Stra\u00dfen der Stadt hinzu. Eine Statue der Jungfrau wird herumgetragen und dann in einer majest\u00e4tischen Holzkonstruktion aufgestellt, wo sie von den Gl\u00e4ubigen mit Blumen und Opfergaben geehrt wird.<\/p>\n<p>In <strong>Sassari<\/strong> werden am 14. August die Feierlichkeiten zu Maria Santissima Assunta gefeiert. Dieses Fest wurde 2013 von der UNESCO zum <strong>immateriellen Erbe der Menschheit<\/strong> erkl\u00e4rt und tr\u00e4gt den eindrucksvollen Namen <strong>Faradda di li candareri <\/strong>oder <strong>Faradda<\/strong>, <em>Herabkunft der Kerzenleuchter<\/em>.<img loading=\"lazy\" decoding=\"async\" class=\"aligncenter size-full wp-image-4488\" src=\"https:\/\/blog.holyart.it\/de\/wp-content\/uploads\/sites\/12\/2024\/07\/herabkunft-der-kerzenleuchter.jpg\" alt=\"herabkunft der kerzenleuchter\" width=\"718\" height=\"445\" data-kale-share-title=\"Mari\u00e4 Himmelfahrt und die charakteristischsten Feste\" data-kale-share-url=\"https:\/\/blog.holyart.it\/de\/?p=4473\" \/><\/p>\n<p>Am Abend des 14. August tragen die Vertreter der verschiedenen Berufsst\u00e4nde die <strong>Leuchter<\/strong>, also gro\u00dfe Holzs\u00e4ulen, die Kerzen symbolisieren, auf ihren Schultern durch die Stadt. Die Fest zieht Tausende von Menschen aus der ganzen Welt an und ist eines der wichtigsten unter den gro\u00dfen Schultermaschinen. Durch die Bewegung der Transporter drehen sich die Kerzen wie in einem Tanz, wobei auch alle anderen Teilnehmer der Prozession einbezogen werden, die sich die langen B\u00e4nder schnappen, die an den Strukturen h\u00e4ngen.<\/p>\n<h2>Sora-Prozession<\/h2>\n<p>Auch in <strong>Sora<\/strong>, in Latium, gibt es etwa sechzig Tr\u00e4ger, die in wei\u00df-hellblauer Uniform durch die Stadt ziehen und eine etwa 16 Meter hohe Metalls\u00e4ule tragen, auf deren Spitze die Statue der Jungfrau steht. Die Basis der Struktur ist mit blauen Rosen geschm\u00fcckt, die f\u00fcr diesen Anlass gesegnet wurden.<\/p>\n<p>In der Kirche San Domenico Abate finden verschiedene Riten statt, darunter eine abendliche Prozession der Statue der <strong>schlafenden Jungfrau<\/strong>, die auf einer S\u00e4nfte liegt. Die Feierlichkeiten dauern bis zum Fest von San Domenico (21. und 22. August).<\/p>\n<h2>Seeprozession in Santa Maria di Leuca<\/h2>\n<p>In <strong>Santa Maria di Leuca<\/strong>, in der Provinz Lecce, findet am 15. August eine feierliche Prozession durch die Stra\u00dfen der Stadt statt. Die <strong><a href=\"https:\/\/www.holyart.de\/devotionalien\/statuen\/statuen-aus-carrara-marmor-pulver\/selige-heilige-jungfrau-kunstlicher-marmor-weiss-35-55-cm\">Statue von Maria Assunta<\/a><\/strong> wird in einer Prozession zum Hafen getragen, wo sie auf ein ausgelostes Fischerboot verschifft, das f\u00fcr diesen Anlass geschm\u00fcckt wird. Die Prozession geht mit allen Fischerschiffen und -booten aller Art auf dem Meer weiter.<\/p>\n<div class=\"link-product\">\n<div class=\"blocco-immagine\"><img loading=\"lazy\" decoding=\"async\" class=\"size-full wp-image-4489 alignleft\" src=\"https:\/\/blog.holyart.it\/de\/wp-content\/uploads\/sites\/12\/2024\/07\/selige-heilige-jungfrau-kunstlicher-marmor-weiss-35-55-cm.jpg\" alt=\"selige heilige jungfrau kunstlicher marmor weiss 35 55 cm\" width=\"100\" height=\"100\" data-kale-share-title=\"Mari\u00e4 Himmelfahrt und die charakteristischsten Feste\" data-kale-share-url=\"https:\/\/blog.holyart.it\/de\/?p=4473\" \/><\/div>\n<div class=\"blocco-contenuto\">\n<div class=\"blocco-acquista\">Einkaufen:<\/div>\n<div class=\"blocco-titolo\"><a href=\"https:\/\/www.holyart.de\/devotionalien\/statuen\/statuen-aus-carrara-marmor-pulver\/selige-heilige-jungfrau-kunstlicher-marmor-weiss-35-55-cm\">Selige Heilige Jungfrau k\u00fcnstlicher Marmor weiss 35-55 cm<\/a><\/div>\n<div class=\"blocco-descrizione\">Gesicht, Gew\u00e4nder und Haar sind in jedem Detail geplegt.<\/div>\n<\/div>\n<\/div>\n<p>Sobald Sie am Yachthafen von San Gregorio angekommen sind, kehren Sie nach Leuca zur\u00fcck, um die Statue wieder an ihren Platz zu bringen. Abends wird bis sp\u00e4t in die Nacht gefeiert und um Mitternacht wird der Himmel vom Schein des Feuerwerks erleuchtet.<\/p>\n<h2>Madonnina del Mare und Feuerwerk Mitte August<\/h2>\n<p>Auch in <strong>Silvi<\/strong>, in der Provinz Teramo, wird Mari\u00e4 Himmelfahrt mit einer Prozession von Booten auf dem Meer gefeiert. Die <strong>Madonnina del Mare<\/strong> wird aus der Kirche Mari\u00e4 Himmelfahrt geholt, auf ein Patrouillenboot der K\u00fcstenwache und dann auf ein Fischerboot verladen. Die Prozession der Boote schl\u00e4ngelt sich entlang der K\u00fcste vom Torre di Cerrano bis zur M\u00fcndung des Flusses Piomba. Um Mitternacht lockt das Feuerwerk auf See Tausende Menschen an.<\/p>\n<p>In der Provinz Livorno, in <strong>Marina di Cecina<\/strong>, wird die Statue der Madonna mit Kind, die in der Kirche Sant&#8217;Andrea in Marina di Cecina aufbewahrt wird, im Beisein des Bischofs von Volterra mit einer Prozession vom Land aus zum Meer getragen, was dann zu einer Prozession auf dem Meer wird.<\/p>\n","protected":false},"excerpt":{"rendered":"<p>Der 15. August ist nicht nur ein Anlass f\u00fcr Feiern und Ausfl\u00fcge au\u00dferhalb der Stadt. Tats\u00e4chlich erinnern wir uns an Mari\u00e4 Himmelfahrt. Entdecken wir die eindrucksvollsten Feste, mit denen dieses Ereignis gefeiert wird. In einem Artikel von vor einiger Zeit hatten wir bereits ausf\u00fchrlich \u00fcber&hellip;<\/p>\n","protected":false},"author":1,"featured_media":4474,"comment_status":"closed","ping_status":"open","sticky":false,"template":"","format":"standard","meta":{"_acf_changed":false,"footnotes":""},"categories":[14],"tags":[],"class_list":["post-4473","post","type-post","status-publish","format-standard","has-post-thumbnail","hentry","category-besondere-anlassen"],"acf":[],"yoast_head":"<!-- This site is optimized with the Yoast SEO plugin v26.6 - https:\/\/yoast.com\/wordpress\/plugins\/seo\/ -->\n<title>Mari\u00e4 Himmelfahrt und die charakteristischsten Feste - Holyart.de Blog<\/title>\n<meta name=\"description\" content=\"Um 15. August erinnern wir uns an Mari\u00e4 Himmelfahrt. Entdecken wir die eindrucksvollsten Feste, mit denen dieses Ereignis gefeiert wird.\" \/>\n<meta name=\"robots\" content=\"index, follow, max-snippet:-1, max-image-preview:large, max-video-preview:-1\" \/>\n<link rel=\"canonical\" href=\"https:\/\/blog.holyart.it\/de\/besondere-anlassen\/mariae-himmelfahrt-und-die-charakteristischsten-feste\/\" \/>\n<meta property=\"og:locale\" content=\"de_DE\" \/>\n<meta property=\"og:type\" content=\"article\" \/>\n<meta property=\"og:title\" content=\"Mari\u00e4 Himmelfahrt und die charakteristischsten Feste - Holyart.de Blog\" \/>\n<meta property=\"og:description\" content=\"Um 15. August erinnern wir uns an Mari\u00e4 Himmelfahrt. Entdecken wir die eindrucksvollsten Feste, mit denen dieses Ereignis gefeiert wird.\" \/>\n<meta property=\"og:url\" content=\"https:\/\/blog.holyart.it\/de\/besondere-anlassen\/mariae-himmelfahrt-und-die-charakteristischsten-feste\/\" \/>\n<meta property=\"og:site_name\" content=\"Holyart.de Blog\" \/>\n<meta property=\"article:published_time\" content=\"2024-08-12T08:00:23+00:00\" \/>\n<meta property=\"article:modified_time\" content=\"2024-10-11T15:12:32+00:00\" \/>\n<meta property=\"og:image\" content=\"https:\/\/blog.holyart.it\/de\/wp-content\/uploads\/sites\/12\/2024\/07\/Maria-Himmelfahrt.jpg\" \/>\n\t<meta property=\"og:image:width\" content=\"1000\" \/>\n\t<meta property=\"og:image:height\" content=\"666\" \/>\n\t<meta property=\"og:image:type\" content=\"image\/jpeg\" \/>\n<meta name=\"author\" content=\"Redazione\" \/>\n<meta name=\"twitter:card\" content=\"summary_large_image\" \/>\n<meta name=\"twitter:label1\" content=\"Verfasst von\" \/>\n\t<meta name=\"twitter:data1\" content=\"Redazione\" \/>\n\t<meta name=\"twitter:label2\" content=\"Gesch\u00e4tzte Lesezeit\" \/>\n\t<meta name=\"twitter:data2\" content=\"11\u00a0Minuten\" \/>\n<script type=\"application\/ld+json\" class=\"yoast-schema-graph\">{\"@context\":\"https:\/\/schema.org\",\"@graph\":[{\"@type\":\"Article\",\"@id\":\"https:\/\/blog.holyart.it\/de\/besondere-anlassen\/mariae-himmelfahrt-und-die-charakteristischsten-feste\/#article\",\"isPartOf\":{\"@id\":\"https:\/\/blog.holyart.it\/de\/besondere-anlassen\/mariae-himmelfahrt-und-die-charakteristischsten-feste\/\"},\"author\":{\"name\":\"Redazione\",\"@id\":\"https:\/\/blog.holyart.it\/de\/#\/schema\/person\/0a7b686e5af0f856ec1e390dd0baecda\"},\"headline\":\"Mari\u00e4 Himmelfahrt und die charakteristischsten Feste\",\"datePublished\":\"2024-08-12T08:00:23+00:00\",\"dateModified\":\"2024-10-11T15:12:32+00:00\",\"mainEntityOfPage\":{\"@id\":\"https:\/\/blog.holyart.it\/de\/besondere-anlassen\/mariae-himmelfahrt-und-die-charakteristischsten-feste\/\"},\"wordCount\":1679,\"publisher\":{\"@id\":\"https:\/\/blog.holyart.it\/de\/#organization\"},\"image\":{\"@id\":\"https:\/\/blog.holyart.it\/de\/besondere-anlassen\/mariae-himmelfahrt-und-die-charakteristischsten-feste\/#primaryimage\"},\"thumbnailUrl\":\"https:\/\/blog.holyart.it\/de\/wp-content\/uploads\/sites\/12\/2024\/07\/Maria-Himmelfahrt.jpg\",\"articleSection\":[\"Besondere Anl\u00e4ssen\"],\"inLanguage\":\"de\"},{\"@type\":\"WebPage\",\"@id\":\"https:\/\/blog.holyart.it\/de\/besondere-anlassen\/mariae-himmelfahrt-und-die-charakteristischsten-feste\/\",\"url\":\"https:\/\/blog.holyart.it\/de\/besondere-anlassen\/mariae-himmelfahrt-und-die-charakteristischsten-feste\/\",\"name\":\"Mari\u00e4 Himmelfahrt und die charakteristischsten Feste - Holyart.de Blog\",\"isPartOf\":{\"@id\":\"https:\/\/blog.holyart.it\/de\/#website\"},\"primaryImageOfPage\":{\"@id\":\"https:\/\/blog.holyart.it\/de\/besondere-anlassen\/mariae-himmelfahrt-und-die-charakteristischsten-feste\/#primaryimage\"},\"image\":{\"@id\":\"https:\/\/blog.holyart.it\/de\/besondere-anlassen\/mariae-himmelfahrt-und-die-charakteristischsten-feste\/#primaryimage\"},\"thumbnailUrl\":\"https:\/\/blog.holyart.it\/de\/wp-content\/uploads\/sites\/12\/2024\/07\/Maria-Himmelfahrt.jpg\",\"datePublished\":\"2024-08-12T08:00:23+00:00\",\"dateModified\":\"2024-10-11T15:12:32+00:00\",\"description\":\"Um 15. August erinnern wir uns an Mari\u00e4 Himmelfahrt. Entdecken wir die eindrucksvollsten Feste, mit denen dieses Ereignis gefeiert wird.\",\"breadcrumb\":{\"@id\":\"https:\/\/blog.holyart.it\/de\/besondere-anlassen\/mariae-himmelfahrt-und-die-charakteristischsten-feste\/#breadcrumb\"},\"inLanguage\":\"de\",\"potentialAction\":[{\"@type\":\"ReadAction\",\"target\":[\"https:\/\/blog.holyart.it\/de\/besondere-anlassen\/mariae-himmelfahrt-und-die-charakteristischsten-feste\/\"]}]},{\"@type\":\"ImageObject\",\"inLanguage\":\"de\",\"@id\":\"https:\/\/blog.holyart.it\/de\/besondere-anlassen\/mariae-himmelfahrt-und-die-charakteristischsten-feste\/#primaryimage\",\"url\":\"https:\/\/blog.holyart.it\/de\/wp-content\/uploads\/sites\/12\/2024\/07\/Maria-Himmelfahrt.jpg\",\"contentUrl\":\"https:\/\/blog.holyart.it\/de\/wp-content\/uploads\/sites\/12\/2024\/07\/Maria-Himmelfahrt.jpg\",\"width\":1000,\"height\":666,\"caption\":\"Maria Himmelfahrt\"},{\"@type\":\"BreadcrumbList\",\"@id\":\"https:\/\/blog.holyart.it\/de\/besondere-anlassen\/mariae-himmelfahrt-und-die-charakteristischsten-feste\/#breadcrumb\",\"itemListElement\":[{\"@type\":\"ListItem\",\"position\":1,\"name\":\"Homepage\",\"item\":\"https:\/\/blog.holyart.it\/de\/\"},{\"@type\":\"ListItem\",\"position\":2,\"name\":\"Besondere Anl\u00e4ssen\",\"item\":\"https:\/\/blog.holyart.it\/de\/besondere-anlassen\/\"},{\"@type\":\"ListItem\",\"position\":3,\"name\":\"Mari\u00e4 Himmelfahrt und die charakteristischsten Feste\"}]},{\"@type\":\"WebSite\",\"@id\":\"https:\/\/blog.holyart.it\/de\/#website\",\"url\":\"https:\/\/blog.holyart.it\/de\/\",\"name\":\"Holyart.de Blog\",\"description\":\"Holyblog\",\"publisher\":{\"@id\":\"https:\/\/blog.holyart.it\/de\/#organization\"},\"potentialAction\":[{\"@type\":\"SearchAction\",\"target\":{\"@type\":\"EntryPoint\",\"urlTemplate\":\"https:\/\/blog.holyart.it\/de\/?s={search_term_string}\"},\"query-input\":{\"@type\":\"PropertyValueSpecification\",\"valueRequired\":true,\"valueName\":\"search_term_string\"}}],\"inLanguage\":\"de\"},{\"@type\":\"Organization\",\"@id\":\"https:\/\/blog.holyart.it\/de\/#organization\",\"name\":\"Holyart.de Blog\",\"url\":\"https:\/\/blog.holyart.it\/de\/\",\"logo\":{\"@type\":\"ImageObject\",\"inLanguage\":\"de\",\"@id\":\"https:\/\/blog.holyart.it\/de\/#\/schema\/logo\/image\/\",\"url\":\"https:\/\/blog.holyart.it\/de\/wp-content\/uploads\/sites\/12\/2022\/12\/Holyart_Blog_Logo.jpg\",\"contentUrl\":\"https:\/\/blog.holyart.it\/de\/wp-content\/uploads\/sites\/12\/2022\/12\/Holyart_Blog_Logo.jpg\",\"width\":300,\"height\":50,\"caption\":\"Holyart.de Blog\"},\"image\":{\"@id\":\"https:\/\/blog.holyart.it\/de\/#\/schema\/logo\/image\/\"}},{\"@type\":\"Person\",\"@id\":\"https:\/\/blog.holyart.it\/de\/#\/schema\/person\/0a7b686e5af0f856ec1e390dd0baecda\",\"name\":\"Redazione\",\"image\":{\"@type\":\"ImageObject\",\"inLanguage\":\"de\",\"@id\":\"https:\/\/blog.holyart.it\/de\/#\/schema\/person\/image\/\",\"url\":\"https:\/\/secure.gravatar.com\/avatar\/f477da817f43e50d0af36abecd33e3edf826c68299714bdc1057dff3b113f516?s=96&d=mm&r=g\",\"contentUrl\":\"https:\/\/secure.gravatar.com\/avatar\/f477da817f43e50d0af36abecd33e3edf826c68299714bdc1057dff3b113f516?s=96&d=mm&r=g\",\"caption\":\"Redazione\"}}]}<\/script>\n<!-- \/ Yoast SEO plugin. -->","yoast_head_json":{"title":"Mari\u00e4 Himmelfahrt und die charakteristischsten Feste - Holyart.de Blog","description":"Um 15. August erinnern wir uns an Mari\u00e4 Himmelfahrt. Entdecken wir die eindrucksvollsten Feste, mit denen dieses Ereignis gefeiert wird.","robots":{"index":"index","follow":"follow","max-snippet":"max-snippet:-1","max-image-preview":"max-image-preview:large","max-video-preview":"max-video-preview:-1"},"canonical":"https:\/\/blog.holyart.it\/de\/besondere-anlassen\/mariae-himmelfahrt-und-die-charakteristischsten-feste\/","og_locale":"de_DE","og_type":"article","og_title":"Mari\u00e4 Himmelfahrt und die charakteristischsten Feste - Holyart.de Blog","og_description":"Um 15. August erinnern wir uns an Mari\u00e4 Himmelfahrt. Entdecken wir die eindrucksvollsten Feste, mit denen dieses Ereignis gefeiert wird.","og_url":"https:\/\/blog.holyart.it\/de\/besondere-anlassen\/mariae-himmelfahrt-und-die-charakteristischsten-feste\/","og_site_name":"Holyart.de Blog","article_published_time":"2024-08-12T08:00:23+00:00","article_modified_time":"2024-10-11T15:12:32+00:00","og_image":[{"width":1000,"height":666,"url":"https:\/\/blog.holyart.it\/de\/wp-content\/uploads\/sites\/12\/2024\/07\/Maria-Himmelfahrt.jpg","type":"image\/jpeg"}],"author":"Redazione","twitter_card":"summary_large_image","twitter_misc":{"Verfasst von":"Redazione","Gesch\u00e4tzte Lesezeit":"11\u00a0Minuten"},"schema":{"@context":"https:\/\/schema.org","@graph":[{"@type":"Article","@id":"https:\/\/blog.holyart.it\/de\/besondere-anlassen\/mariae-himmelfahrt-und-die-charakteristischsten-feste\/#article","isPartOf":{"@id":"https:\/\/blog.holyart.it\/de\/besondere-anlassen\/mariae-himmelfahrt-und-die-charakteristischsten-feste\/"},"author":{"name":"Redazione","@id":"https:\/\/blog.holyart.it\/de\/#\/schema\/person\/0a7b686e5af0f856ec1e390dd0baecda"},"headline":"Mari\u00e4 Himmelfahrt und die charakteristischsten Feste","datePublished":"2024-08-12T08:00:23+00:00","dateModified":"2024-10-11T15:12:32+00:00","mainEntityOfPage":{"@id":"https:\/\/blog.holyart.it\/de\/besondere-anlassen\/mariae-himmelfahrt-und-die-charakteristischsten-feste\/"},"wordCount":1679,"publisher":{"@id":"https:\/\/blog.holyart.it\/de\/#organization"},"image":{"@id":"https:\/\/blog.holyart.it\/de\/besondere-anlassen\/mariae-himmelfahrt-und-die-charakteristischsten-feste\/#primaryimage"},"thumbnailUrl":"https:\/\/blog.holyart.it\/de\/wp-content\/uploads\/sites\/12\/2024\/07\/Maria-Himmelfahrt.jpg","articleSection":["Besondere Anl\u00e4ssen"],"inLanguage":"de"},{"@type":"WebPage","@id":"https:\/\/blog.holyart.it\/de\/besondere-anlassen\/mariae-himmelfahrt-und-die-charakteristischsten-feste\/","url":"https:\/\/blog.holyart.it\/de\/besondere-anlassen\/mariae-himmelfahrt-und-die-charakteristischsten-feste\/","name":"Mari\u00e4 Himmelfahrt und die charakteristischsten Feste - Holyart.de Blog","isPartOf":{"@id":"https:\/\/blog.holyart.it\/de\/#website"},"primaryImageOfPage":{"@id":"https:\/\/blog.holyart.it\/de\/besondere-anlassen\/mariae-himmelfahrt-und-die-charakteristischsten-feste\/#primaryimage"},"image":{"@id":"https:\/\/blog.holyart.it\/de\/besondere-anlassen\/mariae-himmelfahrt-und-die-charakteristischsten-feste\/#primaryimage"},"thumbnailUrl":"https:\/\/blog.holyart.it\/de\/wp-content\/uploads\/sites\/12\/2024\/07\/Maria-Himmelfahrt.jpg","datePublished":"2024-08-12T08:00:23+00:00","dateModified":"2024-10-11T15:12:32+00:00","description":"Um 15. August erinnern wir uns an Mari\u00e4 Himmelfahrt. Entdecken wir die eindrucksvollsten Feste, mit denen dieses Ereignis gefeiert wird.","breadcrumb":{"@id":"https:\/\/blog.holyart.it\/de\/besondere-anlassen\/mariae-himmelfahrt-und-die-charakteristischsten-feste\/#breadcrumb"},"inLanguage":"de","potentialAction":[{"@type":"ReadAction","target":["https:\/\/blog.holyart.it\/de\/besondere-anlassen\/mariae-himmelfahrt-und-die-charakteristischsten-feste\/"]}]},{"@type":"ImageObject","inLanguage":"de","@id":"https:\/\/blog.holyart.it\/de\/besondere-anlassen\/mariae-himmelfahrt-und-die-charakteristischsten-feste\/#primaryimage","url":"https:\/\/blog.holyart.it\/de\/wp-content\/uploads\/sites\/12\/2024\/07\/Maria-Himmelfahrt.jpg","contentUrl":"https:\/\/blog.holyart.it\/de\/wp-content\/uploads\/sites\/12\/2024\/07\/Maria-Himmelfahrt.jpg","width":1000,"height":666,"caption":"Maria Himmelfahrt"},{"@type":"BreadcrumbList","@id":"https:\/\/blog.holyart.it\/de\/besondere-anlassen\/mariae-himmelfahrt-und-die-charakteristischsten-feste\/#breadcrumb","itemListElement":[{"@type":"ListItem","position":1,"name":"Homepage","item":"https:\/\/blog.holyart.it\/de\/"},{"@type":"ListItem","position":2,"name":"Besondere Anl\u00e4ssen","item":"https:\/\/blog.holyart.it\/de\/besondere-anlassen\/"},{"@type":"ListItem","position":3,"name":"Mari\u00e4 Himmelfahrt und die charakteristischsten Feste"}]},{"@type":"WebSite","@id":"https:\/\/blog.holyart.it\/de\/#website","url":"https:\/\/blog.holyart.it\/de\/","name":"Holyart.de Blog","description":"Holyblog","publisher":{"@id":"https:\/\/blog.holyart.it\/de\/#organization"},"potentialAction":[{"@type":"SearchAction","target":{"@type":"EntryPoint","urlTemplate":"https:\/\/blog.holyart.it\/de\/?s={search_term_string}"},"query-input":{"@type":"PropertyValueSpecification","valueRequired":true,"valueName":"search_term_string"}}],"inLanguage":"de"},{"@type":"Organization","@id":"https:\/\/blog.holyart.it\/de\/#organization","name":"Holyart.de Blog","url":"https:\/\/blog.holyart.it\/de\/","logo":{"@type":"ImageObject","inLanguage":"de","@id":"https:\/\/blog.holyart.it\/de\/#\/schema\/logo\/image\/","url":"https:\/\/blog.holyart.it\/de\/wp-content\/uploads\/sites\/12\/2022\/12\/Holyart_Blog_Logo.jpg","contentUrl":"https:\/\/blog.holyart.it\/de\/wp-content\/uploads\/sites\/12\/2022\/12\/Holyart_Blog_Logo.jpg","width":300,"height":50,"caption":"Holyart.de Blog"},"image":{"@id":"https:\/\/blog.holyart.it\/de\/#\/schema\/logo\/image\/"}},{"@type":"Person","@id":"https:\/\/blog.holyart.it\/de\/#\/schema\/person\/0a7b686e5af0f856ec1e390dd0baecda","name":"Redazione","image":{"@type":"ImageObject","inLanguage":"de","@id":"https:\/\/blog.holyart.it\/de\/#\/schema\/person\/image\/","url":"https:\/\/secure.gravatar.com\/avatar\/f477da817f43e50d0af36abecd33e3edf826c68299714bdc1057dff3b113f516?s=96&d=mm&r=g","contentUrl":"https:\/\/secure.gravatar.com\/avatar\/f477da817f43e50d0af36abecd33e3edf826c68299714bdc1057dff3b113f516?s=96&d=mm&r=g","caption":"Redazione"}}]}},"_links":{"self":[{"href":"https:\/\/blog.holyart.it\/de\/wp-json\/wp\/v2\/posts\/4473","targetHints":{"allow":["GET"]}}],"collection":[{"href":"https:\/\/blog.holyart.it\/de\/wp-json\/wp\/v2\/posts"}],"about":[{"href":"https:\/\/blog.holyart.it\/de\/wp-json\/wp\/v2\/types\/post"}],"author":[{"embeddable":true,"href":"https:\/\/blog.holyart.it\/de\/wp-json\/wp\/v2\/users\/1"}],"replies":[{"embeddable":true,"href":"https:\/\/blog.holyart.it\/de\/wp-json\/wp\/v2\/comments?post=4473"}],"version-history":[{"count":7,"href":"https:\/\/blog.holyart.it\/de\/wp-json\/wp\/v2\/posts\/4473\/revisions"}],"predecessor-version":[{"id":4490,"href":"https:\/\/blog.holyart.it\/de\/wp-json\/wp\/v2\/posts\/4473\/revisions\/4490"}],"wp:featuredmedia":[{"embeddable":true,"href":"https:\/\/blog.holyart.it\/de\/wp-json\/wp\/v2\/media\/4474"}],"wp:attachment":[{"href":"https:\/\/blog.holyart.it\/de\/wp-json\/wp\/v2\/media?parent=4473"}],"wp:term":[{"taxonomy":"category","embeddable":true,"href":"https:\/\/blog.holyart.it\/de\/wp-json\/wp\/v2\/categories?post=4473"},{"taxonomy":"post_tag","embeddable":true,"href":"https:\/\/blog.holyart.it\/de\/wp-json\/wp\/v2\/tags?post=4473"}],"curies":[{"name":"wp","href":"https:\/\/api.w.org\/{rel}","templated":true}]}}