{"id":4445,"date":"2024-08-05T10:00:03","date_gmt":"2024-08-05T08:00:03","guid":{"rendered":"https:\/\/blog.holyart.it\/de\/?p=4445"},"modified":"2024-07-15T15:52:44","modified_gmt":"2024-07-15T13:52:44","slug":"die-heilige-klara-die-in-den-fussstapfen-des-heiligen-franziskus-die-armut-annahm","status":"publish","type":"post","link":"https:\/\/blog.holyart.it\/de\/heilige-und-selige\/die-heilige-klara-die-in-den-fussstapfen-des-heiligen-franziskus-die-armut-annahm\/","title":{"rendered":"Die heilige Klara, die in den Fu\u00dfstapfen des Heiligen Franziskus die Armut annahm"},"content":{"rendered":"<h4>Die heilige Klara folgte dem Beispiel des Heiligen Franziskus, verzichtete auf alle ihre Besitzt\u00fcmer und opferte ihr junges Leben Jesus. Diese au\u00dfergew\u00f6hnliche Frau wird am 11. August gefeiert.<\/h4>\n\n<p>Es kommt selten vor, dass die heilige Klara von Assisi erw\u00e4hnt wird, ohne dass ihr Name mit dem ihres Mitb\u00fcrgers und gro\u00dfen Freundes, dem <strong>heiligen Franziskus<\/strong>, in Verbindung gebracht wird.<\/p>\n<p>Tats\u00e4chlich verband die beiden jungen Menschen eine <strong>so z\u00e4rtliche und tiefe Freundschaft<\/strong>, dass sie auch zu einem integralen Bestandteil ihres Glaubensweges und ihrer Mission in diesem Land wurde. Wir sprachen \u00fcber diese besondere Verbindung, <strong>die Gott zum L\u00e4cheln brachte<\/strong>, als wir \u00fcber den Weltfreundschaftstag sprachen, der am 30. Juli gefeiert wird.<\/p>\n<p>Aber die heilige Klara verdient es, in Erinnerung zu bleiben und gefeiert zu werden, nicht nur aufgrund ihrer einzigartigen und besonderen Verbundenheit mit dem armen Mann von Assisi. Der <strong>Mut und die Opferbereitschaft<\/strong> dieses M\u00e4dchens, das sich dazu entschloss, alle Privilegien aufzugeben, die ihr ihre glanzvolle Geburt garantiert h\u00e4tte, um einen Lebensstil an der Grenze zur Armut anzunehmen, sind bewundernswert, \u00fcber die Inspiration hinaus, die sie ermutigte. Dasselbe M\u00e4dchen, das einer der reichsten und prominentesten Familien in Assisi angeh\u00f6rte, ging sogar so weit, Papst Gregor IX. um das \u201e<strong>Privileg der Armut<\/strong>\u201c zu bitten.<\/p>\n<p>Diese Entschlossenheit, dieser Wunsch, die eigene Existenz einem transzendenten spirituellen Wert zu widmen, Jesus nachzuahmen, bis man sich mit ihm eins f\u00fchlt, sind Verdienste, die die heilige Klara aus eigener Kraft voranbringen konnte.<\/p>\n<p>Dabei darf nicht vergessen werden, <strong><a href=\"https:\/\/www.holyart.de\/blog\/heilige-und-selige\/10-christliche-frauen-die-die-kirche-und-die-welt-veraenderten\/\">dass es Frauen gab, die die Kirche und die Welt ver\u00e4ndert haben<\/a><\/strong>, nicht unbedingt mit der Hilfe von M\u00e4nnern. Die heilige Klara, Gr\u00fcnderin der Klarissen und Schutzpatronin des Fernsehens und der Telekommunikation, verdient es, als eine davon angesehen zu werden. Was dieses besondere Patronat anbelangt, das ihr 1958 von Papst Pius gegeben wurde, stammt aus einer Legende. Der Legende nach konnte Klara an die Weihnachtsmesse des heiligen Franziskus nicht teilnehmen, weil sie sich nicht wohlf\u00fchlte. Diese Messe w\u00e4re ihr wie eine Vision erschienen und mit ihr sogar ein Engel, der ihr die Eucharistie brachte, die sie sonst nicht h\u00e4tte empfangen k\u00f6nnen.<\/p>\n<div class=\"link-article\">\n<p><img loading=\"lazy\" decoding=\"async\" class=\"size-full wp-image-4448 alignleft\" src=\"https:\/\/blog.holyart.it\/de\/wp-content\/uploads\/sites\/12\/2024\/07\/10-christliche-Frauen-die-die-Kirche-und-die-Welt-veraenderten.jpg\" alt=\"10 christliche Frauen, die die Kirche und die Welt ver\u00e4nderten\" width=\"150\" height=\"99\" data-kale-share-title=\"Die heilige Klara, die in den Fu\u00dfstapfen des Heiligen Franziskus die Armut annahm\" data-kale-share-url=\"https:\/\/blog.holyart.it\/de\/?p=4445\" \/><\/p>\n<div class=\"leggi-anche\">Lesen Sie auch:<\/div>\n<p><strong><a href=\"https:\/\/www.holyart.de\/blog\/heilige-und-selige\/10-christliche-frauen-die-die-kirche-und-die-welt-veraenderten\/\">10 christliche Frauen, die die Kirche und die Welt ver\u00e4nderten<\/a><\/strong><br \/>\nChristentum und Frauen, eine schwierige Beziehung? Vielleicht, aber wenn wir uns zehn Frauen ansehen, die es geschafft haben, die Kirche&#8230;<\/p>\n<\/div>\n<h2>Die heilige Klara und ihre Begegnung mit dem Heiligen Franziskus<\/h2>\n<p>Es bleibt jedoch wahr, dass das, was ihren religi\u00f6sen Eifer und ihre Rebellion gegen die wohlhabende Zukunft, die ihre Familie f\u00fcr sie vorgesehen hatte, ausl\u00f6ste, mit ziemlicher Sicherheit die Geste dieses ungew\u00f6hnlichen Jungen war, der im Winter 1206 Assisi emp\u00f6rte, indem er seine reichen Kleider auszog Palast, um sie an Pater Pietro di Bernardone zur\u00fcckzugeben.<\/p>\n<p>Der Junge war der <a href=\"https:\/\/www.holyart.de\/devotionalien\/statuen\/statuen-aus-bemalten-holz\/hl.-franz-mit-tieren-grodnertal-holz\"><strong>heilige Franziskus<\/strong><\/a>, und Klara war erst zw\u00f6lf Jahre alt. Wir denken aber gerne, dass an diesem Tag, angesichts dieser unvorstellbaren Tat, die vor allen umbrischen Adligen begangen wurde, der Samen der Heiligkeit in ihr Wurzeln geschlagen hatte. Sie verga\u00df sicherlich nie diesen Jungen, dem sie weiterhin aus der Ferne folgte, dank der Berichte von Rufino, einem der jungen M\u00e4nner, die Franziskus folgten, der auch der Cousin von Klara war.<\/p>\n<div class=\"link-product\">\n<div class=\"blocco-immagine\"><img loading=\"lazy\" decoding=\"async\" class=\"size-full wp-image-4449 alignleft\" src=\"https:\/\/blog.holyart.it\/de\/wp-content\/uploads\/sites\/12\/2024\/07\/Hl.-Franz-mit-Tieren-Groednertal-Holz.jpg\" alt=\"Hl. Franz mit Tieren Gr\u00f6dnertal Holz\" width=\"100\" height=\"100\" data-kale-share-title=\"Die heilige Klara, die in den Fu\u00dfstapfen des Heiligen Franziskus die Armut annahm\" data-kale-share-url=\"https:\/\/blog.holyart.it\/de\/?p=4445\" \/><\/div>\n<div class=\"blocco-contenuto\">\n<div class=\"blocco-acquista\">Einkaufen:<\/div>\n<div class=\"blocco-titolo\"><a href=\"https:\/\/www.holyart.de\/devotionalien\/statuen\/statuen-aus-bemalten-holz\/hl.-franz-mit-tieren-grodnertal-holz\">Hl. Franz mit Tieren Gr\u00f6dnertal Holz<\/a><\/div>\n<div class=\"blocco-descrizione\">Statue des Heiligen Franzes von Assisi realisiert aus Gr\u00f6dnertal Holz und handbemalt.<\/div>\n<\/div>\n<\/div>\n<p>Die <a href=\"https:\/\/www.holyart.de\/devotionalien\/wandteppiche\/wandteppich-heilige-klara-50x40-cm\"><strong>heilige Klara<\/strong><\/a> reifte in den folgenden sieben Jahren ihre Lebens- und Glaubensentscheidung. Wir k\u00f6nnen sicherlich nicht von einer Handlung sprechen, die r\u00fccksichtslos war oder durch einfache Nachahmung diktiert wurde! Wir wissen wenig \u00fcber sie in diesen Jahren, au\u00dfer dass sie ein sch\u00fcchternes Kind war, das zu einem besinnlichen Leben gef\u00fchrt wurde und dass sie von ihrer Mutter bald die Gabe der N\u00e4chstenliebe lernte.<\/p>\n<p>Sicherlich lieferte ihr der junge Francesco das Lebensmodell und die spirituelle Berufung, die sie schlie\u00dflich anzunehmen beschloss. Sobald sie achtzehn war, suchte Klara Rat bei ihm auf, und Francesco war gl\u00fccklich, ihr am Abend des <strong>Palmsonntags<\/strong> 1211 bei der Flucht aus ihrem Zuhause und ihrer Familie zu helfen. Zwischen den br\u00f6ckelnden, aber dennoch triefenden Spiritualit\u00e4tsmauern der Porziuncola schnitt Franziskus ihr Haar ab und bot ihr die Kutte seiner Franziskanerbr\u00fcder an. Mit weniger Tamtam als ihre Freundin, aber ebenso mutig, traf sie ihre eigene Entscheidung f\u00fcr ihr Leben und ihren Glauben.<\/p>\n<p>Eine Zeit lang musste sich Klara dem Dr\u00e4ngen ihrer Familie entziehen, die sie zur\u00fcck nach Hause wollte. Er fl\u00fcchtete in das Benediktinerkloster <strong>San Paolo della Abbadesse<\/strong> in Bastia Umbra. Es hei\u00dft, ihre Verwandten h\u00e4tten sogar versucht, sie zu entf\u00fchren, insbesondere nachdem ihre Schwester Agnese beschlossen hatte, ihre Geste nachzuahmen und sich ihr anzuschlie\u00dfen. Zusammen zogen sie nach <strong>San Angelo di Panzo<\/strong>, immer verfolgt von ihren Familien, aber keine Drohung, keine Schmeichelei konnte die beiden M\u00e4dchen dazu bewegen, in die andere Richtung zur\u00fcckzukehren.<\/p>\n<p>In der Zwischenzeit bereiteten Franziskus und seine Br\u00fcder die Unterkunft f\u00fcr Klara und Agnese in der <strong>Kirche San Damiano<\/strong> vor, in der sich das <strong><a href=\"https:\/\/www.holyart.de\/devotionalien\/kruzifixe-und-kreuze\/kruzifixe-und-kreuze-aus-holz\/kruzifix-von-san-damiano-aus-holz.\">Kruzifix<\/a><\/strong> befand, vor dem der junge Heilige seine Bekehrung erfahren hatte. Tats\u00e4chlich erhielt Franziskus genau vor diesem Kruzifix den Ruf des Herrn, an der Renovierung seiner Kirche zu arbeiten.<\/p>\n<div class=\"link-product\">\n<div class=\"blocco-immagine\"><img loading=\"lazy\" decoding=\"async\" class=\"size-full wp-image-4450 alignleft\" src=\"https:\/\/blog.holyart.it\/de\/wp-content\/uploads\/sites\/12\/2024\/07\/Kruzifix-von-San-Damiano-aus-Holz.jpg\" alt=\"Kruzifix von San Damiano aus Holz.\" width=\"100\" height=\"100\" data-kale-share-title=\"Die heilige Klara, die in den Fu\u00dfstapfen des Heiligen Franziskus die Armut annahm\" data-kale-share-url=\"https:\/\/blog.holyart.it\/de\/?p=4445\" \/><\/div>\n<div class=\"blocco-contenuto\">\n<div class=\"blocco-acquista\">Einkaufen:<\/div>\n<div class=\"blocco-titolo\"><a href=\"https:\/\/www.holyart.de\/devotionalien\/kruzifixe-und-kreuze\/kruzifixe-und-kreuze-aus-holz\/kruzifix-von-san-damiano-aus-holz.\">Kruzifix von San Damiano aus Holz.<\/a><\/div>\n<div class=\"blocco-descrizione\">Kruzifix von San Damiano aus Holz. Der Kruzifix ist aus bedruckten Holz.<\/div>\n<\/div>\n<\/div>\n<p>In der Kirche San Damiano gr\u00fcndete die Heilige Klara die \u201e<strong>Armen Damen vom Heiligen Damian<\/strong>\u201c, den zuk\u00fcnftigen Orden der Klarissen.<\/p>\n<h2>Die Verbundenheit zwischen dem Heiligen Franziskus und der Heiligen Klara<\/h2>\n<p>Klara und Franziskus verband eine tiefe Freundschaft, die nichts von der fleischlichen Liebe hatte, die einen Mann und eine Frau vereinen kann. Eine <strong>Wahlverwandtschaft<\/strong>, ein spirituelles Band, das aus Wertsch\u00e4tzung, Respekt und st\u00e4ndiger gegenseitiger Anregung besteht.<\/p>\n<p>Gemeinsam blickten diese beiden gro\u00dfartigen jungen Menschen <strong>in die gleiche Richtung<\/strong> und gingen in diese Richtung weiter, beseelt von dem gemeinsamen Wunsch, <strong>Christus nachzuahmen<\/strong> und ihm Tag f\u00fcr Tag, Schritt f\u00fcr Schritt, n\u00e4herzukommen.<\/p>\n<p>Wenn der Blick in die gleiche Richtung bedeutet, einander zu lieben, wie geschrieben wurde, dann haben Franziskus und Klara sich sicherlich auf eine einzigartige und besondere Weise geliebt.<\/p>\n<p>F\u00fcr Klara sang <a href=\"https:\/\/www.holyart.de\/devotionalien\/statuen\/statuen-aus-resin-und-pvc?page=1&amp;params=%257B%2522offset%2522%3A0%2C%2522limit%2522%3A60%2C%2522filters%2522%3A%255B%255D%2C%2522sorter%2522%3A%2522HIGHER_DISCOUNT%2522%2C%2522categoryIds%2522%3A%255B108438%255D%2C%2522filtersByIds%2522%3A%255B%257B%2522key%2522%3A41%2C%2522values%2522%3A%255B1101%255D%257D%255D%257D\"><strong>Franziskus<\/strong><\/a> kurz vor seinem Tod in der Kirche San Damiano seinen <strong>Gesang der Gesch\u00f6pfe<\/strong>. Der Lobgesang ist gleichzeitig <strong>ein Gebet und ein Liebesgedicht<\/strong>, in dem es um die Liebe zu allen Gesch\u00f6pfen Gottes geht, die Franziskus und Klara teilten.<\/p>\n<p>Eine spirituelle Freundschaft also, die darin bestand, <strong>alles zu teilen<\/strong>, von der Armut \u00fcber die Hingabe bis hin <strong>zum Weg zur Heiligkeit<\/strong>.<\/p>\n<div class=\"link-product\">\n<div class=\"blocco-immagine\"><img loading=\"lazy\" decoding=\"async\" class=\"size-full wp-image-4453 alignleft\" src=\"https:\/\/blog.holyart.it\/de\/wp-content\/uploads\/sites\/12\/2024\/07\/heilig-franziskus-aus-assisi-50-cm-harz-fontanini.jpg\" alt=\"heilig franziskus aus assisi 50 cm harz fontanini\" width=\"100\" height=\"100\" data-kale-share-title=\"Die heilige Klara, die in den Fu\u00dfstapfen des Heiligen Franziskus die Armut annahm\" data-kale-share-url=\"https:\/\/blog.holyart.it\/de\/?p=4445\" \/><\/div>\n<div class=\"blocco-contenuto\">\n<div class=\"blocco-acquista\">Einkaufen:<\/div>\n<div class=\"blocco-titolo\"><a href=\"https:\/\/www.holyart.de\/devotionalien\/statuen\/statuen-aus-resin-und-pvc?page=1&amp;params=%257B%2522offset%2522%3A0%2C%2522limit%2522%3A60%2C%2522filters%2522%3A%255B%255D%2C%2522sorter%2522%3A%2522HIGHER_DISCOUNT%2522%2C%2522categoryIds%2522%3A%255B108438%255D%2C%2522filtersByIds%2522%3A%255B%257B%2522key%2522%3A41%2C%2522values%2522%3A%255B1101%255D%257D%255D%257D\">Heiliger Franz von Assisi Statuen<\/a><\/div>\n<div class=\"blocco-descrizione\">Statuen aus Harz und PVC.<\/div>\n<\/div>\n<\/div>\n<h2>Der Orden der Klarissen<\/h2>\n<p>Erst nach dem Tod von der Heiligen Klara wurden aus den \u201eArmen Einsiedlerinnen von San Damiano\u201c die <strong>Klarissen<\/strong>. Die Geschichte des Ordens war nicht immer einfach. Damals glaubte man, dass die einzige M\u00f6glichkeit f\u00fcr Frauen, ihre Spiritualit\u00e4t zu leben und ihr Leben Gott zu widmen, darin besteht, <strong>zur\u00fcckgezogen<\/strong> zu sein, in Gebet und Bu\u00dfe zu verbringen und v\u00f6llig losgel\u00f6st von der Welt zu sein. Doch um sich diesen Lebensunterhalt leisten zu k\u00f6nnen, brauchten sie ein gewisses Einkommen.<\/p>\n<div class=\"link-product\">\n<div class=\"blocco-immagine\"><img loading=\"lazy\" decoding=\"async\" class=\"size-full wp-image-4455 alignleft\" src=\"https:\/\/blog.holyart.it\/de\/wp-content\/uploads\/sites\/12\/2024\/07\/Wandteppich-Heilige-Klara-50x40-cm.jpg\" alt=\"Wandteppich Heilige Klara 50x40 cm\" width=\"100\" height=\"100\" data-kale-share-title=\"Die heilige Klara, die in den Fu\u00dfstapfen des Heiligen Franziskus die Armut annahm\" data-kale-share-url=\"https:\/\/blog.holyart.it\/de\/?p=4445\" \/><\/div>\n<div class=\"blocco-contenuto\">\n<div class=\"blocco-acquista\">Einkaufen:<\/div>\n<div class=\"blocco-titolo\"><a href=\"https:\/\/www.holyart.de\/devotionalien\/wandteppiche\/wandteppich-heilige-klara-50x40-cm\">Wandteppich Heilige Klara 50&#215;40 cm<\/a><\/div>\n<div class=\"blocco-descrizione\">Der Jacquard-Wandteppich wird vollst\u00e4ndig in Italien gefertigt.<\/div>\n<\/div>\n<\/div>\n<p>Klara, die sich als integraler Bestandteil des Franziskanerordens f\u00fchlte, konnte es nicht akzeptieren, die <strong>Armutsregel<\/strong> ihres Lehrers und Freundes zu brechen. Im Jahr 1228 erhielt sie von Papst Gregor IX. die Bulle \u201e<strong>Privileg der Armut<\/strong>\u201c, die es ihr und ihren Schwestern erm\u00f6glichte, nichts zu besitzen und von Almosen zu leben. Doch Klara musste ihr ganzes Leben lang k\u00e4mpfen, um dieses Privileg zu verteidigen.<\/p>\n<p>Lange Zeit folgten die Kl\u00f6ster der Armen Damen oder Damianiten, die in Anlehnung an das in San Damiano erbaute Kl\u00f6ster entstanden waren, der von <strong>Kardinal Ugolino d&#8217;Agnani<\/strong> auferlegten Regel, die verlangte, dass die Damen direkt dem Heiligen Stuhl Bericht erstatteten und nicht an den Bischof, und die sehr strenge Regeln vorsah, einschlie\u00dflich einer sehr <strong>strengen Abgeschiedenheit<\/strong>, die auch nach dem Tod nicht verletzt werden durfte. Tats\u00e4chlich mussten die Damen in dem Kloster begraben werden, in dem sie gelebt hatten.<\/p>\n<p>F\u00fcr das Kloster San Damiano <strong>schrieb<\/strong> <strong>Klara ihre eigene Regel<\/strong>, die ihre Schwestern daran hinderte, Spenden und Eink\u00fcnfte anzunehmen, doch nach ihrem Tod folgten ihr viele Kl\u00f6ster nicht mehr.<\/p>\n<p>Papst Urban IV. schrieb 1263 eine neue Regel, die erste, die von einem Papst f\u00fcr einen weiblichen Orden verfasst wurde, und standardisierte die Gerichtsbarkeit aller Kl\u00f6ster der Damen oder Armen Schwestern, die von diesem Moment an <strong>Klarissen<\/strong> wurden.<\/p>\n<p>Das der Klarissen wurde sp\u00e4ter zum Lebensmodell aller <strong>Klausurschwestern<\/strong>, auch derjenigen, die anderen Orden angeh\u00f6rten<\/p>\n<h2>Basilika der Heiligen Klara<\/h2>\n<p>Klara starb am 11. August 1253 und kurz nach ihrem Tod begannen die Menschen \u00fcber die Notwendigkeit nachzudenken, eine <strong>ihr gewidmete Kirche<\/strong> zu bauen. Die Bauarbeiten begannen an der Kirche San Giorgio, wo der Heilige vor\u00fcbergehend begraben war. Neben der ihr gewidmeten Basilika wollte man auch ein Kloster f\u00fcr die Klarissen von San Damiano errichten. Die Basilika der Heiligen Klara besteht aus Subasio-Stein mit rosa und wei\u00dfen Streifen. Die Decke wird von gro\u00dfen Strebepfeilern getragen. Mit ihrem einzigen Kirchenschiff und der innen umlaufenden Galerie \u00e4hnelt sie stark der Oberkirche San Francesco. Die Basilika der Heilige Klara in Assisi wurde am 6. September 1265 von Papst Clemens IV. geweiht.<\/p>\n<p>In der Kapelle San Giorgio im Inneren der Basilika ist neben den \u00dcberresten von der Heiligen Klara noch heute das <a href=\"https:\/\/www.holyart.de\/blog\/heilige-und-selige\/das-kruzifix-von-san-damiano\/\"><strong>Kruzifix von Heiligen Damian<\/strong><\/a> erhalten, das San Francesco inspirierte und eine so gro\u00dfe Rolle in dieser wunderbaren Geschichte der Freundschaft und des Glaubens spielte.<\/p>\n<div class=\"link-article\">\n<p><img loading=\"lazy\" decoding=\"async\" class=\"size-full wp-image-4456 alignleft\" src=\"https:\/\/blog.holyart.it\/de\/wp-content\/uploads\/sites\/12\/2024\/07\/Das-Kruzifix-von-San-Damiano.jpg\" alt=\"Das Kruzifix von San Damiano\" width=\"150\" height=\"99\" data-kale-share-title=\"Die heilige Klara, die in den Fu\u00dfstapfen des Heiligen Franziskus die Armut annahm\" data-kale-share-url=\"https:\/\/blog.holyart.it\/de\/?p=4445\" \/><\/p>\n<div class=\"leggi-anche\">Lesen Sie auch:<\/div>\n<p><strong><a href=\"https:\/\/www.holyart.de\/blog\/heilige-und-selige\/das-kruzifix-von-san-damiano\/\">Das Kruzifix von San Damiano<\/a><\/strong><br \/>\nDas Kruzifix von San Damiano ist jenes, vor dem der heilige Franz von Assisi im fernen Jahr 1205 betete und von Gott den Auftrag erhielt&#8230;<\/p>\n<\/div>\n","protected":false},"excerpt":{"rendered":"<p>Die heilige Klara folgte dem Beispiel des Heiligen Franziskus, verzichtete auf alle ihre Besitzt\u00fcmer und opferte ihr junges Leben Jesus. Diese au\u00dfergew\u00f6hnliche Frau wird am 11. August gefeiert. Es kommt selten vor, dass die heilige Klara von Assisi erw\u00e4hnt wird, ohne dass ihr Name mit&hellip;<\/p>\n","protected":false},"author":1,"featured_media":4458,"comment_status":"closed","ping_status":"open","sticky":false,"template":"","format":"standard","meta":{"_acf_changed":false,"footnotes":""},"categories":[9],"tags":[],"class_list":["post-4445","post","type-post","status-publish","format-standard","has-post-thumbnail","hentry","category-heilige-und-selige"],"acf":[],"yoast_head":"<!-- This site is optimized with the Yoast SEO plugin v26.6 - https:\/\/yoast.com\/wordpress\/plugins\/seo\/ -->\n<title>Die heilige Klara, die in den Fu\u00dfstapfen des Heiligen Franziskus die Armut annahm - Holyart.de Blog<\/title>\n<meta name=\"description\" content=\"Die heilige Klara folgte dem Beispiel des Heiligen Franziskus, verzichtete auf alle ihre Besitzt\u00fcmer und opferte ihr junges Leben Jesus. Diese au\u00dfergew\u00f6hnliche Frau wird am 11. August gefeiert.\" \/>\n<meta name=\"robots\" content=\"index, follow, max-snippet:-1, max-image-preview:large, max-video-preview:-1\" \/>\n<link rel=\"canonical\" href=\"https:\/\/blog.holyart.it\/de\/heilige-und-selige\/die-heilige-klara-die-in-den-fussstapfen-des-heiligen-franziskus-die-armut-annahm\/\" \/>\n<meta property=\"og:locale\" content=\"de_DE\" \/>\n<meta property=\"og:type\" content=\"article\" \/>\n<meta property=\"og:title\" content=\"Die heilige Klara, die in den Fu\u00dfstapfen des Heiligen Franziskus die Armut annahm - Holyart.de Blog\" \/>\n<meta property=\"og:description\" content=\"Die heilige Klara folgte dem Beispiel des Heiligen Franziskus, verzichtete auf alle ihre Besitzt\u00fcmer und opferte ihr junges Leben Jesus. Diese au\u00dfergew\u00f6hnliche Frau wird am 11. August gefeiert.\" \/>\n<meta property=\"og:url\" content=\"https:\/\/blog.holyart.it\/de\/heilige-und-selige\/die-heilige-klara-die-in-den-fussstapfen-des-heiligen-franziskus-die-armut-annahm\/\" \/>\n<meta property=\"og:site_name\" content=\"Holyart.de Blog\" \/>\n<meta property=\"article:published_time\" content=\"2024-08-05T08:00:03+00:00\" \/>\n<meta property=\"og:image\" content=\"https:\/\/blog.holyart.it\/de\/wp-content\/uploads\/sites\/12\/2024\/07\/Die-heilige-Klara.jpeg\" \/>\n\t<meta property=\"og:image:width\" content=\"1000\" \/>\n\t<meta property=\"og:image:height\" content=\"662\" \/>\n\t<meta property=\"og:image:type\" content=\"image\/jpeg\" \/>\n<meta name=\"author\" content=\"Redazione\" \/>\n<meta name=\"twitter:card\" content=\"summary_large_image\" \/>\n<meta name=\"twitter:label1\" content=\"Verfasst von\" \/>\n\t<meta name=\"twitter:data1\" content=\"Redazione\" \/>\n\t<meta name=\"twitter:label2\" content=\"Gesch\u00e4tzte Lesezeit\" \/>\n\t<meta name=\"twitter:data2\" content=\"11\u00a0Minuten\" \/>\n<script type=\"application\/ld+json\" class=\"yoast-schema-graph\">{\"@context\":\"https:\/\/schema.org\",\"@graph\":[{\"@type\":\"Article\",\"@id\":\"https:\/\/blog.holyart.it\/de\/heilige-und-selige\/die-heilige-klara-die-in-den-fussstapfen-des-heiligen-franziskus-die-armut-annahm\/#article\",\"isPartOf\":{\"@id\":\"https:\/\/blog.holyart.it\/de\/heilige-und-selige\/die-heilige-klara-die-in-den-fussstapfen-des-heiligen-franziskus-die-armut-annahm\/\"},\"author\":{\"name\":\"Redazione\",\"@id\":\"https:\/\/blog.holyart.it\/de\/#\/schema\/person\/0a7b686e5af0f856ec1e390dd0baecda\"},\"headline\":\"Die heilige Klara, die in den Fu\u00dfstapfen des Heiligen Franziskus die Armut annahm\",\"datePublished\":\"2024-08-05T08:00:03+00:00\",\"mainEntityOfPage\":{\"@id\":\"https:\/\/blog.holyart.it\/de\/heilige-und-selige\/die-heilige-klara-die-in-den-fussstapfen-des-heiligen-franziskus-die-armut-annahm\/\"},\"wordCount\":1645,\"publisher\":{\"@id\":\"https:\/\/blog.holyart.it\/de\/#organization\"},\"image\":{\"@id\":\"https:\/\/blog.holyart.it\/de\/heilige-und-selige\/die-heilige-klara-die-in-den-fussstapfen-des-heiligen-franziskus-die-armut-annahm\/#primaryimage\"},\"thumbnailUrl\":\"https:\/\/blog.holyart.it\/de\/wp-content\/uploads\/sites\/12\/2024\/07\/Die-heilige-Klara.jpeg\",\"articleSection\":[\"Heilige und Selige\"],\"inLanguage\":\"de\"},{\"@type\":\"WebPage\",\"@id\":\"https:\/\/blog.holyart.it\/de\/heilige-und-selige\/die-heilige-klara-die-in-den-fussstapfen-des-heiligen-franziskus-die-armut-annahm\/\",\"url\":\"https:\/\/blog.holyart.it\/de\/heilige-und-selige\/die-heilige-klara-die-in-den-fussstapfen-des-heiligen-franziskus-die-armut-annahm\/\",\"name\":\"Die heilige Klara, die in den Fu\u00dfstapfen des Heiligen Franziskus die Armut annahm - Holyart.de Blog\",\"isPartOf\":{\"@id\":\"https:\/\/blog.holyart.it\/de\/#website\"},\"primaryImageOfPage\":{\"@id\":\"https:\/\/blog.holyart.it\/de\/heilige-und-selige\/die-heilige-klara-die-in-den-fussstapfen-des-heiligen-franziskus-die-armut-annahm\/#primaryimage\"},\"image\":{\"@id\":\"https:\/\/blog.holyart.it\/de\/heilige-und-selige\/die-heilige-klara-die-in-den-fussstapfen-des-heiligen-franziskus-die-armut-annahm\/#primaryimage\"},\"thumbnailUrl\":\"https:\/\/blog.holyart.it\/de\/wp-content\/uploads\/sites\/12\/2024\/07\/Die-heilige-Klara.jpeg\",\"datePublished\":\"2024-08-05T08:00:03+00:00\",\"description\":\"Die heilige Klara folgte dem Beispiel des Heiligen Franziskus, verzichtete auf alle ihre Besitzt\u00fcmer und opferte ihr junges Leben Jesus. Diese au\u00dfergew\u00f6hnliche Frau wird am 11. August gefeiert.\",\"breadcrumb\":{\"@id\":\"https:\/\/blog.holyart.it\/de\/heilige-und-selige\/die-heilige-klara-die-in-den-fussstapfen-des-heiligen-franziskus-die-armut-annahm\/#breadcrumb\"},\"inLanguage\":\"de\",\"potentialAction\":[{\"@type\":\"ReadAction\",\"target\":[\"https:\/\/blog.holyart.it\/de\/heilige-und-selige\/die-heilige-klara-die-in-den-fussstapfen-des-heiligen-franziskus-die-armut-annahm\/\"]}]},{\"@type\":\"ImageObject\",\"inLanguage\":\"de\",\"@id\":\"https:\/\/blog.holyart.it\/de\/heilige-und-selige\/die-heilige-klara-die-in-den-fussstapfen-des-heiligen-franziskus-die-armut-annahm\/#primaryimage\",\"url\":\"https:\/\/blog.holyart.it\/de\/wp-content\/uploads\/sites\/12\/2024\/07\/Die-heilige-Klara.jpeg\",\"contentUrl\":\"https:\/\/blog.holyart.it\/de\/wp-content\/uploads\/sites\/12\/2024\/07\/Die-heilige-Klara.jpeg\",\"width\":1000,\"height\":662,\"caption\":\"Die heilige Klara\"},{\"@type\":\"BreadcrumbList\",\"@id\":\"https:\/\/blog.holyart.it\/de\/heilige-und-selige\/die-heilige-klara-die-in-den-fussstapfen-des-heiligen-franziskus-die-armut-annahm\/#breadcrumb\",\"itemListElement\":[{\"@type\":\"ListItem\",\"position\":1,\"name\":\"Homepage\",\"item\":\"https:\/\/blog.holyart.it\/de\/\"},{\"@type\":\"ListItem\",\"position\":2,\"name\":\"Heilige und Selige\",\"item\":\"https:\/\/blog.holyart.it\/de\/heilige-und-selige\/\"},{\"@type\":\"ListItem\",\"position\":3,\"name\":\"Die heilige Klara, die in den Fu\u00dfstapfen des Heiligen Franziskus die Armut annahm\"}]},{\"@type\":\"WebSite\",\"@id\":\"https:\/\/blog.holyart.it\/de\/#website\",\"url\":\"https:\/\/blog.holyart.it\/de\/\",\"name\":\"Holyart.de Blog\",\"description\":\"Holyblog\",\"publisher\":{\"@id\":\"https:\/\/blog.holyart.it\/de\/#organization\"},\"potentialAction\":[{\"@type\":\"SearchAction\",\"target\":{\"@type\":\"EntryPoint\",\"urlTemplate\":\"https:\/\/blog.holyart.it\/de\/?s={search_term_string}\"},\"query-input\":{\"@type\":\"PropertyValueSpecification\",\"valueRequired\":true,\"valueName\":\"search_term_string\"}}],\"inLanguage\":\"de\"},{\"@type\":\"Organization\",\"@id\":\"https:\/\/blog.holyart.it\/de\/#organization\",\"name\":\"Holyart.de Blog\",\"url\":\"https:\/\/blog.holyart.it\/de\/\",\"logo\":{\"@type\":\"ImageObject\",\"inLanguage\":\"de\",\"@id\":\"https:\/\/blog.holyart.it\/de\/#\/schema\/logo\/image\/\",\"url\":\"https:\/\/blog.holyart.it\/de\/wp-content\/uploads\/sites\/12\/2022\/12\/Holyart_Blog_Logo.jpg\",\"contentUrl\":\"https:\/\/blog.holyart.it\/de\/wp-content\/uploads\/sites\/12\/2022\/12\/Holyart_Blog_Logo.jpg\",\"width\":300,\"height\":50,\"caption\":\"Holyart.de Blog\"},\"image\":{\"@id\":\"https:\/\/blog.holyart.it\/de\/#\/schema\/logo\/image\/\"}},{\"@type\":\"Person\",\"@id\":\"https:\/\/blog.holyart.it\/de\/#\/schema\/person\/0a7b686e5af0f856ec1e390dd0baecda\",\"name\":\"Redazione\",\"image\":{\"@type\":\"ImageObject\",\"inLanguage\":\"de\",\"@id\":\"https:\/\/blog.holyart.it\/de\/#\/schema\/person\/image\/\",\"url\":\"https:\/\/secure.gravatar.com\/avatar\/f477da817f43e50d0af36abecd33e3edf826c68299714bdc1057dff3b113f516?s=96&d=mm&r=g\",\"contentUrl\":\"https:\/\/secure.gravatar.com\/avatar\/f477da817f43e50d0af36abecd33e3edf826c68299714bdc1057dff3b113f516?s=96&d=mm&r=g\",\"caption\":\"Redazione\"}}]}<\/script>\n<!-- \/ Yoast SEO plugin. -->","yoast_head_json":{"title":"Die heilige Klara, die in den Fu\u00dfstapfen des Heiligen Franziskus die Armut annahm - Holyart.de Blog","description":"Die heilige Klara folgte dem Beispiel des Heiligen Franziskus, verzichtete auf alle ihre Besitzt\u00fcmer und opferte ihr junges Leben Jesus. Diese au\u00dfergew\u00f6hnliche Frau wird am 11. August gefeiert.","robots":{"index":"index","follow":"follow","max-snippet":"max-snippet:-1","max-image-preview":"max-image-preview:large","max-video-preview":"max-video-preview:-1"},"canonical":"https:\/\/blog.holyart.it\/de\/heilige-und-selige\/die-heilige-klara-die-in-den-fussstapfen-des-heiligen-franziskus-die-armut-annahm\/","og_locale":"de_DE","og_type":"article","og_title":"Die heilige Klara, die in den Fu\u00dfstapfen des Heiligen Franziskus die Armut annahm - Holyart.de Blog","og_description":"Die heilige Klara folgte dem Beispiel des Heiligen Franziskus, verzichtete auf alle ihre Besitzt\u00fcmer und opferte ihr junges Leben Jesus. Diese au\u00dfergew\u00f6hnliche Frau wird am 11. August gefeiert.","og_url":"https:\/\/blog.holyart.it\/de\/heilige-und-selige\/die-heilige-klara-die-in-den-fussstapfen-des-heiligen-franziskus-die-armut-annahm\/","og_site_name":"Holyart.de Blog","article_published_time":"2024-08-05T08:00:03+00:00","og_image":[{"width":1000,"height":662,"url":"https:\/\/blog.holyart.it\/de\/wp-content\/uploads\/sites\/12\/2024\/07\/Die-heilige-Klara.jpeg","type":"image\/jpeg"}],"author":"Redazione","twitter_card":"summary_large_image","twitter_misc":{"Verfasst von":"Redazione","Gesch\u00e4tzte Lesezeit":"11\u00a0Minuten"},"schema":{"@context":"https:\/\/schema.org","@graph":[{"@type":"Article","@id":"https:\/\/blog.holyart.it\/de\/heilige-und-selige\/die-heilige-klara-die-in-den-fussstapfen-des-heiligen-franziskus-die-armut-annahm\/#article","isPartOf":{"@id":"https:\/\/blog.holyart.it\/de\/heilige-und-selige\/die-heilige-klara-die-in-den-fussstapfen-des-heiligen-franziskus-die-armut-annahm\/"},"author":{"name":"Redazione","@id":"https:\/\/blog.holyart.it\/de\/#\/schema\/person\/0a7b686e5af0f856ec1e390dd0baecda"},"headline":"Die heilige Klara, die in den Fu\u00dfstapfen des Heiligen Franziskus die Armut annahm","datePublished":"2024-08-05T08:00:03+00:00","mainEntityOfPage":{"@id":"https:\/\/blog.holyart.it\/de\/heilige-und-selige\/die-heilige-klara-die-in-den-fussstapfen-des-heiligen-franziskus-die-armut-annahm\/"},"wordCount":1645,"publisher":{"@id":"https:\/\/blog.holyart.it\/de\/#organization"},"image":{"@id":"https:\/\/blog.holyart.it\/de\/heilige-und-selige\/die-heilige-klara-die-in-den-fussstapfen-des-heiligen-franziskus-die-armut-annahm\/#primaryimage"},"thumbnailUrl":"https:\/\/blog.holyart.it\/de\/wp-content\/uploads\/sites\/12\/2024\/07\/Die-heilige-Klara.jpeg","articleSection":["Heilige und Selige"],"inLanguage":"de"},{"@type":"WebPage","@id":"https:\/\/blog.holyart.it\/de\/heilige-und-selige\/die-heilige-klara-die-in-den-fussstapfen-des-heiligen-franziskus-die-armut-annahm\/","url":"https:\/\/blog.holyart.it\/de\/heilige-und-selige\/die-heilige-klara-die-in-den-fussstapfen-des-heiligen-franziskus-die-armut-annahm\/","name":"Die heilige Klara, die in den Fu\u00dfstapfen des Heiligen Franziskus die Armut annahm - Holyart.de Blog","isPartOf":{"@id":"https:\/\/blog.holyart.it\/de\/#website"},"primaryImageOfPage":{"@id":"https:\/\/blog.holyart.it\/de\/heilige-und-selige\/die-heilige-klara-die-in-den-fussstapfen-des-heiligen-franziskus-die-armut-annahm\/#primaryimage"},"image":{"@id":"https:\/\/blog.holyart.it\/de\/heilige-und-selige\/die-heilige-klara-die-in-den-fussstapfen-des-heiligen-franziskus-die-armut-annahm\/#primaryimage"},"thumbnailUrl":"https:\/\/blog.holyart.it\/de\/wp-content\/uploads\/sites\/12\/2024\/07\/Die-heilige-Klara.jpeg","datePublished":"2024-08-05T08:00:03+00:00","description":"Die heilige Klara folgte dem Beispiel des Heiligen Franziskus, verzichtete auf alle ihre Besitzt\u00fcmer und opferte ihr junges Leben Jesus. Diese au\u00dfergew\u00f6hnliche Frau wird am 11. August gefeiert.","breadcrumb":{"@id":"https:\/\/blog.holyart.it\/de\/heilige-und-selige\/die-heilige-klara-die-in-den-fussstapfen-des-heiligen-franziskus-die-armut-annahm\/#breadcrumb"},"inLanguage":"de","potentialAction":[{"@type":"ReadAction","target":["https:\/\/blog.holyart.it\/de\/heilige-und-selige\/die-heilige-klara-die-in-den-fussstapfen-des-heiligen-franziskus-die-armut-annahm\/"]}]},{"@type":"ImageObject","inLanguage":"de","@id":"https:\/\/blog.holyart.it\/de\/heilige-und-selige\/die-heilige-klara-die-in-den-fussstapfen-des-heiligen-franziskus-die-armut-annahm\/#primaryimage","url":"https:\/\/blog.holyart.it\/de\/wp-content\/uploads\/sites\/12\/2024\/07\/Die-heilige-Klara.jpeg","contentUrl":"https:\/\/blog.holyart.it\/de\/wp-content\/uploads\/sites\/12\/2024\/07\/Die-heilige-Klara.jpeg","width":1000,"height":662,"caption":"Die heilige Klara"},{"@type":"BreadcrumbList","@id":"https:\/\/blog.holyart.it\/de\/heilige-und-selige\/die-heilige-klara-die-in-den-fussstapfen-des-heiligen-franziskus-die-armut-annahm\/#breadcrumb","itemListElement":[{"@type":"ListItem","position":1,"name":"Homepage","item":"https:\/\/blog.holyart.it\/de\/"},{"@type":"ListItem","position":2,"name":"Heilige und Selige","item":"https:\/\/blog.holyart.it\/de\/heilige-und-selige\/"},{"@type":"ListItem","position":3,"name":"Die heilige Klara, die in den Fu\u00dfstapfen des Heiligen Franziskus die Armut annahm"}]},{"@type":"WebSite","@id":"https:\/\/blog.holyart.it\/de\/#website","url":"https:\/\/blog.holyart.it\/de\/","name":"Holyart.de Blog","description":"Holyblog","publisher":{"@id":"https:\/\/blog.holyart.it\/de\/#organization"},"potentialAction":[{"@type":"SearchAction","target":{"@type":"EntryPoint","urlTemplate":"https:\/\/blog.holyart.it\/de\/?s={search_term_string}"},"query-input":{"@type":"PropertyValueSpecification","valueRequired":true,"valueName":"search_term_string"}}],"inLanguage":"de"},{"@type":"Organization","@id":"https:\/\/blog.holyart.it\/de\/#organization","name":"Holyart.de Blog","url":"https:\/\/blog.holyart.it\/de\/","logo":{"@type":"ImageObject","inLanguage":"de","@id":"https:\/\/blog.holyart.it\/de\/#\/schema\/logo\/image\/","url":"https:\/\/blog.holyart.it\/de\/wp-content\/uploads\/sites\/12\/2022\/12\/Holyart_Blog_Logo.jpg","contentUrl":"https:\/\/blog.holyart.it\/de\/wp-content\/uploads\/sites\/12\/2022\/12\/Holyart_Blog_Logo.jpg","width":300,"height":50,"caption":"Holyart.de Blog"},"image":{"@id":"https:\/\/blog.holyart.it\/de\/#\/schema\/logo\/image\/"}},{"@type":"Person","@id":"https:\/\/blog.holyart.it\/de\/#\/schema\/person\/0a7b686e5af0f856ec1e390dd0baecda","name":"Redazione","image":{"@type":"ImageObject","inLanguage":"de","@id":"https:\/\/blog.holyart.it\/de\/#\/schema\/person\/image\/","url":"https:\/\/secure.gravatar.com\/avatar\/f477da817f43e50d0af36abecd33e3edf826c68299714bdc1057dff3b113f516?s=96&d=mm&r=g","contentUrl":"https:\/\/secure.gravatar.com\/avatar\/f477da817f43e50d0af36abecd33e3edf826c68299714bdc1057dff3b113f516?s=96&d=mm&r=g","caption":"Redazione"}}]}},"_links":{"self":[{"href":"https:\/\/blog.holyart.it\/de\/wp-json\/wp\/v2\/posts\/4445","targetHints":{"allow":["GET"]}}],"collection":[{"href":"https:\/\/blog.holyart.it\/de\/wp-json\/wp\/v2\/posts"}],"about":[{"href":"https:\/\/blog.holyart.it\/de\/wp-json\/wp\/v2\/types\/post"}],"author":[{"embeddable":true,"href":"https:\/\/blog.holyart.it\/de\/wp-json\/wp\/v2\/users\/1"}],"replies":[{"embeddable":true,"href":"https:\/\/blog.holyart.it\/de\/wp-json\/wp\/v2\/comments?post=4445"}],"version-history":[{"count":8,"href":"https:\/\/blog.holyart.it\/de\/wp-json\/wp\/v2\/posts\/4445\/revisions"}],"predecessor-version":[{"id":4459,"href":"https:\/\/blog.holyart.it\/de\/wp-json\/wp\/v2\/posts\/4445\/revisions\/4459"}],"wp:featuredmedia":[{"embeddable":true,"href":"https:\/\/blog.holyart.it\/de\/wp-json\/wp\/v2\/media\/4458"}],"wp:attachment":[{"href":"https:\/\/blog.holyart.it\/de\/wp-json\/wp\/v2\/media?parent=4445"}],"wp:term":[{"taxonomy":"category","embeddable":true,"href":"https:\/\/blog.holyart.it\/de\/wp-json\/wp\/v2\/categories?post=4445"},{"taxonomy":"post_tag","embeddable":true,"href":"https:\/\/blog.holyart.it\/de\/wp-json\/wp\/v2\/tags?post=4445"}],"curies":[{"name":"wp","href":"https:\/\/api.w.org\/{rel}","templated":true}]}}