{"id":4404,"date":"2024-07-29T10:00:14","date_gmt":"2024-07-29T08:00:14","guid":{"rendered":"https:\/\/blog.holyart.it\/de\/?p=4404"},"modified":"2025-08-29T10:09:17","modified_gmt":"2025-08-29T08:09:17","slug":"marienfeste-hier-sind-alle-feste-des-jahres-die-maria-gewidmet-sind","status":"publish","type":"post","link":"https:\/\/blog.holyart.it\/de\/devotionalien\/marienfeste-hier-sind-alle-feste-des-jahres-die-maria-gewidmet-sind\/","title":{"rendered":"Marienfeste: Hier sind alle Feste des Jahres, die Maria gewidmet sind"},"content":{"rendered":"<h4>Marienfeste, alle Gesichter der Verehrung von Maria, der Mutter Jesu<\/h4>\n<p>Es ist nicht einfach, alle Feste aufzuz\u00e4hlen, die <a href=\"https:\/\/www.holyart.de\/search?params=%7B%22search%22%3A%22marienmonat%22%7D&amp;search_term=marienmonat\"><strong>Maria, der Mutter Jesu<\/strong><\/a>, gewidmet sind. Die <strong>Verehrung<\/strong>, die ihr von den Gl\u00e4ubigen entgegengebracht wird, hat sich in der katholischen Kirche schon immer in vielf\u00e4ltiger Weise manifestiert. Die vielen Marienfeste, die den Kalender der Katholiken pr\u00e4gen, sind Momente, in denen Andachtsakte, Gebete, das Beten des Rosenkranzes und alle Bekundungen des Glaubens und der Zuneigung zur Mutter Gottes eine breitere Dimension annehmen, die alle Gl\u00e4ubigen einschlie\u00dft. Es ist schwer zu sagen, ob die <strong>volkst\u00fcmliche Verehrung<\/strong> der Jungfrau zuerst da war, die Verehrung, die ihr von ihren bescheidensten Kindern entgegengebracht wurde, die sich stets flehend und weinend an sie wandten, um den Trost zu suchen, den nur eine Mutter geben kann, oder die <strong>Theologie<\/strong>, die von den gro\u00dfen Gelehrten und Kirchenv\u00e4tern \u00fcber Maria geschrieben wurde. Bereits im <strong>Lukasevangelium<\/strong> wird Maria vom Erzengel Gabriel als \u201e<em>Empf\u00e4ngerin der g\u00f6ttlichen Gunst und Gnade<\/em>\u201c bezeichnet (Lk 1,28), und es wird von Anfang an deutlich gemacht, dass \u201e<em>der Herr mit ihr ist<\/em>\u201c (Lk 1,28).<\/p>\n<div class=\"link-product\">\n<div class=\"blocco-immagine\"><img loading=\"lazy\" decoding=\"async\" class=\"size-full wp-image-4408 alignleft\" src=\"https:\/\/blog.holyart.it\/de\/wp-content\/uploads\/sites\/12\/2024\/07\/Heiligenfigur-Immaculata-20-cm-Ahornholz.jpg\" alt=\"Heiligenfigur Immaculata 20 cm Ahornholz\" width=\"100\" height=\"100\" data-kale-share-title=\"Marienfeste: Hier sind alle Feste des Jahres, die Maria gewidmet sind\" data-kale-share-url=\"https:\/\/blog.holyart.it\/de\/?p=4404\" \/><\/div>\n<div class=\"blocco-contenuto\">\n<div class=\"blocco-acquista\">Einkaufen:<\/div>\n<div class=\"blocco-titolo\"><a href=\"https:\/\/www.holyart.de\/devotionalien\/statuen\/statuen-aus-bemalten-holz\/heiligenfigur-immaculata-20-cm-ahornholz\">Heiligenfigur Immaculata 20 cm Ahornholz<\/a><\/div>\n<div class=\"blocco-descrizione\">Heiligenfigur Immaculata, von Hand geschnitzt und bemalt, aus Ahornholz.<\/div>\n<\/div>\n<\/div>\n<p>Die katholische Kirche hat ihre Gestalt im Laufe der Jahrhunderte weiter geadelt, indem sie ihr die Dogmen der <strong>Unbefleckten Empf\u00e4ngnis<\/strong>, die jahrhundertelang umstritten waren und schlie\u00dflich von Papst Pius IX. 1854 mit der Bulle <em>Ineffabilis Deue<\/em> verk\u00fcndet wurden, und der <strong>Himmelfahrt<\/strong>, die bereits seit dem 5. Jahrhundert n. Chr. in der Volksfr\u00f6mmigkeit anerkannt und 1950 von Papst Pius XII. mit der apostolischen Konstitution <em>Munificentissimus Deus<\/em> verk\u00fcndet wurde, zugeschrieben hat. Die Verehrung Marias, die seit dem Konzil von Ephesus (431 n. Chr.) dogmatisch als <strong>Mutter Gottes<\/strong> anerkannt und auf dem Zweiten Vatikanischen Konzil (1962 &#8211; 1965) als <strong>Mutter der Kirche<\/strong> definiert wurde, ist stets stark gef\u00f6rdert worden. Sicherlich hat sie nie ihren Charakter der <strong>Zuneigung und des Flehens<\/strong> verloren, denn keine Figur in der Geschichte des Christentums hat die Barmherzigkeit und die Bereitschaft, den Menschen zu helfen und sie zu besch\u00fctzen, vor allem in Zeiten gr\u00f6\u00dfter Schwierigkeiten, von Maria, der Mutter Jesu und der Mutter der ganzen Menschheit, verk\u00f6rpern k\u00f6nnen.<\/p>\n<p>In der Vergangenheit haben wir die vielen der <strong>Jungfrau Maria geweihten Heiligt\u00fcmer<\/strong> in Italien bereist, wahre pulsierende Zentren dieser Verehrung, jedes mit seinen eigenen Merkmalen, seiner eigenen Geschichte und seiner eigenen Art der Anbetung. Wir haben uns mit den <a href=\"https:\/\/www.holyart.de\/blog\/heilige-und-selige\/marianische-titel-welche-und-wie-viele-sind-die-namen-die-maria-gewidmet-sind\/\"><strong>marianischen Titeln<\/strong><\/a> besch\u00e4ftigt, mit den vielen Namen, die der Jungfrau im Laufe der Jahrhunderte zugeschrieben wurden, und wir haben die <strong>Erscheinungen der Jungfrau auf der ganzen Welt<\/strong> verfolgt, von Loreto bis Tschenstochau, von Fatima bis Lourdes und Guadalupe. Da der Sommer voranschreitet und wir uns immer mehr dem <strong>Fest Mari\u00e4 Himmelfahrt<\/strong> (15. August) und dem <u>Fest der Kr\u00f6nung Mariens<\/u> (22. August) n\u00e4hern, wollen wir uns auch den wichtigsten <strong>Marienfesten<\/strong> widmen, den besonderen Tagen, die im Kalender dem Kult der Jungfrau gewidmet sind. Dem von Papst Franziskus im Jahr 2018 eingef\u00fchrten <strong>Fest Maria, Mutter der Kirche<\/strong>, haben wir bereits einen Artikel gewidmet. Werfen wir nun einen Blick auf die anderen wichtigen marianischen Feste und Jahrestage. Obwohl der Mai als der <strong>marianische Monat<\/strong> schlechthin gilt, ebenso wie der Oktober als Monat des <strong>Rosenkranzes<\/strong>, werden wir sehen, dass die Feste der Jungfrau Maria den gesamten Kalender durchziehen.<\/p>\n<div class=\"link-article\">\n<p><img loading=\"lazy\" decoding=\"async\" class=\"size-full wp-image-4409 alignleft\" src=\"https:\/\/blog.holyart.it\/de\/wp-content\/uploads\/sites\/12\/2024\/07\/Marianische-Titel.jpeg\" alt=\"Marianische Titel\" width=\"150\" height=\"99\" data-kale-share-title=\"Marienfeste: Hier sind alle Feste des Jahres, die Maria gewidmet sind\" data-kale-share-url=\"https:\/\/blog.holyart.it\/de\/?p=4404\" \/><\/p>\n<div class=\"leggi-anche\">Lesen Sie auch:<\/div>\n<p><strong><a href=\"https:\/\/www.holyart.de\/blog\/heilige-und-selige\/marianische-titel-welche-und-wie-viele-sind-die-namen-die-maria-gewidmet-sind\/\">Marianische Titel: welche und wie viele sind die Namen, die Maria gewidmet sind<\/a><\/strong><br \/>\nMarianische Titel: alle Namen, unter denen Maria, die Mutter Jesu&#8230;<\/p>\n<\/div>\n<h2>Maria gewidmete Feste im Kalender<\/h2>\n<h3>1. Januar: Maria, Mutter Gottes<\/h3>\n<p>Traditionell ist der Monat Januar dem Jesuskind und insbesondere dem Allerheiligsten Namen Jesu gewidmet, aber am 1. Januar feiern wir <strong>Maria, die heiligste Mutter Gottes<\/strong>, oder die <strong>g\u00f6ttliche<\/strong> <strong>Mutterschaft Mariens<\/strong>, die mit dem Dogma von <em>Maria Theot\u00f3kos<\/em>, der <em>Mutter Gottes<\/em>, verbunden ist. Dieses Dogma wurde auf dem Konzil von Ephesus im Jahr 431 n. Chr. verk\u00fcndet, auf dem dar\u00fcber debattiert wurde, ob die Gottesmutter nur <em>Christotokos<\/em>, die Mutter des Menschen Jesus, oder auch <em>Theot\u00f3kos<\/em>, die Mutter Gottes, ist. Urspr\u00fcnglich auf den Oktober festgelegt, wurde das Fest der Gottesmutter Maria 1969 auf den 1. Januar verlegt, ein Datum, das fr\u00fcher als <em>Weihnachten Sanctae<\/em> <em>Mariae<\/em> gefeiert wurde, das dann aber verschwand.<\/p>\n<h3>11. Februar: Unsere Liebe Frau von Lourdes<\/h3>\n<p>Am 11. Februar, dem Jahrestag der <a href=\"https:\/\/www.holyart.de\/blog\/heilige-und-selige\/der-tag-dem-die-jungfrau-maria-bernadette-soubirous-erschien\/\"><strong>ersten Erscheinung der Jungfrau Maria an Bernadette Subirous<\/strong><\/a>, wird die <a href=\"https:\/\/www.holyart.de\/devotionalien\/statuen\/statuen-aus-stein\/heilige-jungfrau-von-lourdes\"><strong>Muttergottes von Lourdes<\/strong><\/a> gefeiert. Es war der 11. Februar 1858, an dem das M\u00e4dchen behauptete, der \u201e<em>wei\u00dfgekleideten Dame<\/em>\u201c in der Grotte von Massabielle begegnet zu sein. Sie sollte an diesem anonymen Ort in den franz\u00f6sischen Pyren\u00e4en eine der ber\u00fchmtesten und innigsten Formen der Marienverehrung in der Welt hervorbringen und diese Grotte zu einem der wichtigsten Wallfahrtsorte f\u00fcr Katholiken machen.<\/p>\n<div class=\"link-product\">\n<div class=\"blocco-immagine\"><img loading=\"lazy\" decoding=\"async\" class=\"size-full wp-image-4411 alignleft\" src=\"https:\/\/blog.holyart.it\/de\/wp-content\/uploads\/sites\/12\/2024\/07\/Heilige-Jungfrau-von-Lourdes.jpg\" alt=\"Heilige Jungfrau von Lourdes\" width=\"100\" height=\"100\" data-kale-share-title=\"Marienfeste: Hier sind alle Feste des Jahres, die Maria gewidmet sind\" data-kale-share-url=\"https:\/\/blog.holyart.it\/de\/?p=4404\" \/><\/div>\n<div class=\"blocco-contenuto\">\n<div class=\"blocco-acquista\">Einkaufen:<\/div>\n<div class=\"blocco-titolo\"><a href=\"https:\/\/www.holyart.de\/devotionalien\/statuen\/statuen-aus-stein\/heilige-jungfrau-von-lourdes\">Heilige Jungfrau von Lourdes<\/a><\/div>\n<div class=\"blocco-descrizione\">Intensive und zarte Reproduktion der Heiligen Jungfrau von Lourdes.<\/div>\n<\/div>\n<\/div>\n<h3>25. M\u00e4rz: Verk\u00fcndigung des Herrn<\/h3>\n<p>Am 25. M\u00e4rz wird das Fest der <a href=\"https:\/\/www.holyart.de\/blog\/heilige-und-selige\/maria-verkundigung\/\"><strong>Verk\u00fcndigung des Herrn<\/strong><\/a> gefeiert. Dieses Fest wird sowohl in der katholischen als auch in der orthodoxen Kirche gefeiert. Es ist eines der Feste des Herrn und daher Jesus, aber auch seiner Mutter Maria gewidmet. Es ist das Fest der Erinnerung an die <strong>Begegnung zwischen Maria und dem Erzengel Gabriel<\/strong>, als der Engel der Jungfrau das Kommen des Messias ank\u00fcndigte und sie die Rolle akzeptierte, die Gott f\u00fcr sie in den kommenden Ereignissen vorgesehen hatte.<\/p>\n<h3>13. Mai: Unsere Liebe Frau von Fatima<\/h3>\n<p>Wie das Fest Unserer Lieben Frau von Lourdes soll auch das Fest <strong>Unserer Lieben <a href=\"https:\/\/www.holyart.de\/devotionalien\/statuen\/statuen-aus-resin-und-pvc\/gottesmutter-von-fatima-43cm-bemalten-harz\">Frau von Fatima<\/a><\/strong> an die erste Erscheinung Unserer Lieben Frau von Fatima erinnern, die am <strong>13. Mai 1917<\/strong> stattfand. Die Protagonisten der <a href=\"https:\/\/www.holyart.de\/blog\/heilige-und-selige\/gottesmutter-von-fatima\/\"><strong>wunderbaren Begegnung<\/strong><\/a> waren dieses Mal drei Hirtenkinder aus Aljustrel. Es folgten weitere Begegnungen am 13. eines jeden Monats, und nach verschiedenen Wechself\u00e4llen wurde der <strong>Kult der Muttergottes von Fatima<\/strong> 1930 von der Kirche anerkannt und legitimiert. Den drei Hirtenkindern offenbarte die Gottesmutter die so genannten drei Geheimnisse von Fatima und \u00fcberbrachte allgemein eine Friedensbotschaft und eine Einladung zum Gebet.<\/p>\n<div class=\"link-product\">\n<div class=\"blocco-immagine\"><img loading=\"lazy\" decoding=\"async\" class=\"size-full wp-image-4412 alignleft\" src=\"https:\/\/blog.holyart.it\/de\/wp-content\/uploads\/sites\/12\/2024\/07\/Gottesmutter-von-Fatima-43cm-bemalten-Harz.jpg\" alt=\"Gottesmutter von Fatima 43cm bemalten Harz\" width=\"100\" height=\"100\" data-kale-share-title=\"Marienfeste: Hier sind alle Feste des Jahres, die Maria gewidmet sind\" data-kale-share-url=\"https:\/\/blog.holyart.it\/de\/?p=4404\" \/><\/div>\n<div class=\"blocco-contenuto\">\n<div class=\"blocco-acquista\">Einkaufen:<\/div>\n<div class=\"blocco-titolo\"><a href=\"https:\/\/www.holyart.de\/devotionalien\/statuen\/statuen-aus-resin-und-pvc\/gottesmutter-von-fatima-43cm-bemalten-harz\">Gottesmutter von Fatima 43cm bemalten Harz<\/a><\/div>\n<div class=\"blocco-descrizione\">Statue der Gottesmutter von Fatima realisiert aus Harz und handbemalt.<\/div>\n<\/div>\n<\/div>\n<h3>20. Mai: Maria Heiligste Mater Domini<\/h3>\n<p>Das Patronatsfest der Jungfrau Maria Mater Domini ist eines der wichtigsten Ereignisse in der Stadt Laterza in der Provinz Tarent. Am 20. Mai wird die Statue der Jungfrau Maria Mater Domini, der Mutter Gottes, die in der Wallfahrtskirche von Laterza aufbewahrt wird, in einer Prozession zur Mutterkirche von S. Lorenzo getragen. Dieses alte Patronatsfest wird von den Einwohnern von Laterza sehr gesch\u00e4tzt, zieht aber auch Pilger und Schaulustige aus Kampanien, der Basilicata und Latium an. Die Prozession tr\u00e4gt den Namen <em>Peregrinatio Mariae<\/em> und wurde erstmals 1985 eingef\u00fchrt.<\/p>\n<h3>31. Mai: Heimsuchung der Heiligen Jungfrau Maria<\/h3>\n<p>Das liturgische Fest <a href=\"https:\/\/www.holyart.de\/devotionalien\/basreliefs\/basreliefs-aus-stein\/flachrelief-heimsuchung-maria\"><strong>Mari\u00e4 Heimsuchung<\/strong><\/a> findet am 31. Mai statt und feiert die Begegnung zwischen Elisabeth und der Jungfrau Maria, wie sie im Lukasevangelium geschildert wird. Maria hatte gerade die Verk\u00fcndigung des Erzengels Gabriel erhalten und begab sich nach Jud\u00e4a, um ihre Verwandte Elisabeth zu besuchen, die im hohen Alter schwanger geworden war. Als diese sie sah, keuchte das Kind in ihrem Scho\u00df, das Johannes der T\u00e4ufer werden sollte, und Elisabeth begr\u00fc\u00dfte Maria als die zuk\u00fcnftige Mutter des Erl\u00f6sers. Bei dieser Gelegenheit dr\u00fcckte die Gottesmutter auch ihre Dankbarkeit gegen\u00fcber Gott mit dem Lobgesang aus, der im ersten Kapitel des Lukasevangeliums enthalten ist und den wir als <em>Magnificat<\/em> kennen.<\/p>\n<div class=\"link-product\">\n<div class=\"blocco-immagine\"><img loading=\"lazy\" decoding=\"async\" class=\"size-full wp-image-4413 alignleft\" src=\"https:\/\/blog.holyart.it\/de\/wp-content\/uploads\/sites\/12\/2024\/07\/Flachrelief-Heimsuchung-Mariae.jpg\" alt=\"Flachrelief Heimsuchung Mari\u00e4\" width=\"100\" height=\"100\" data-kale-share-title=\"Marienfeste: Hier sind alle Feste des Jahres, die Maria gewidmet sind\" data-kale-share-url=\"https:\/\/blog.holyart.it\/de\/?p=4404\" \/><\/div>\n<div class=\"blocco-contenuto\">\n<div class=\"blocco-acquista\">Einkaufen:<\/div>\n<div class=\"blocco-titolo\"><a href=\"https:\/\/www.holyart.de\/devotionalien\/basreliefs\/basreliefs-aus-stein\/flachrelief-heimsuchung-maria\">Flachrelief Heimsuchung Mari\u00e4<\/a><\/div>\n<div class=\"blocco-descrizione\">Handbemaltes Flachreelief aus Pyren\u00e4en-Stein mit der Darstellung der Heimsuchung Mari\u00e4.<\/div>\n<\/div>\n<\/div>\n<h3>Montag nach Pfingsten: Maria, Mutter der Kirche<\/h3>\n<p>Die marianische Bezeichnung von Maria, der Mutter der Kirche, Mater Ecclesiae, ist seit langem Gegenstand von Debatten und \u00dcberlegungen, aber erst im M\u00e4rz 2018 hat Papst Franziskus die obligatorische Feier des liturgischen Ged\u00e4chtnisses von Maria, der Mutter der Kirche, am <strong>Montag nach <a href=\"https:\/\/www.holyart.de\/blog\/devotionalien\/pfingsten-der-tag-dem-wir-den-heiligen-geist-und-die-geburt-der-kirche-feiern\/\">Pfingsten<\/a><\/strong> angeordnet. Mit diesem Fest wird die Doppelrolle Marias als Mutter Gottes und Mutter der Kirche gefeiert.<\/p>\n<h3>Samstag nach Herz Jesu: Unbeflecktes Herz Mariens<\/h3>\n<p>Das Fest des <a href=\"https:\/\/www.holyart.de\/devotionalien\/statuen\/statuen-aus-bemalten-holz\/grodnertal-holzschnitzerei-heiliges-herz-maria\"><strong>Heiligsten Herzens Mariens<\/strong><\/a> wechselt von Jahr zu Jahr, f\u00e4llt aber immer auf den Tag nach dem Fest des <strong>Heiligsten Herzens Jesu<\/strong>. Das Fest ist j\u00fcngeren Datums, denn es war Papst Pius XII., der 1942 nach den Feierlichkeiten zu Ehren der Erscheinungen von Fatima die Welt dem Unbefleckten Herzen Mariens weihte und zwei Jahre sp\u00e4ter, im Jahr 1944, das Fest des Unbefleckten Herzens Mariens einf\u00fchrte.<\/p>\n<div class=\"link-product\">\n<div class=\"blocco-immagine\"><img loading=\"lazy\" decoding=\"async\" class=\"size-full wp-image-4415 alignleft\" src=\"https:\/\/blog.holyart.it\/de\/wp-content\/uploads\/sites\/12\/2024\/07\/Groednertal-Holzschnitzerei-Heiliges-Herz-Mariae.jpg\" alt=\"Gr\u00f6dnertal Holzschnitzerei Heiliges Herz Mari\u00e4\" width=\"100\" height=\"100\" data-kale-share-title=\"Marienfeste: Hier sind alle Feste des Jahres, die Maria gewidmet sind\" data-kale-share-url=\"https:\/\/blog.holyart.it\/de\/?p=4404\" \/><\/div>\n<div class=\"blocco-contenuto\">\n<div class=\"blocco-acquista\">Einkaufen:<\/div>\n<div class=\"blocco-titolo\"><a href=\"https:\/\/www.holyart.de\/devotionalien\/statuen\/statuen-aus-bemalten-holz\/grodnertal-holzschnitzerei-heiliges-herz-maria\">Gr\u00f6dnertal Holzschnitzerei Heiliges Herz Mari\u00e4<\/a><\/div>\n<div class=\"blocco-descrizione\">Gr\u00f6dnertal Holzschnitzerei Heiliges Herz Mari\u00e4. Heiligenfigur aus Holz von Hand bemalt und geschnitzt.<\/div>\n<\/div>\n<\/div>\n<h3>16. Juli: Selige Jungfrau Maria vom Berg Karmel<\/h3>\n<p>Am 16. Juli wird die <a href=\"https:\/\/www.holyart.de\/blog\/heilige-und-selige\/gottesmutter-vom-berge-karmel\/\"><strong>Erscheinung der Mutter Jesu auf dem Berg Karmel<\/strong><\/a> an Simon Stock, den damaligen Generalprior der Karmeliten, gefeiert. Es war der 16. Juli 1251, als die Jungfrau Maria dem Mann erschien, ihm ein Skapulier \u00fcberreichte und versprach, dass jeder, der es trage, gerettet werden w\u00fcrde. Aus dieser Episode entstand das Fest Unserer Lieben Frau vom Berge Karmel, und das Skapulier ist f\u00fcr die Karmeliten noch heute das Symbol des m\u00fctterlichen Schutzes Mariens.<\/p>\n<h3>5. August: Einweihung der Basilika St. Maria Major<\/h3>\n<p>Am 5. August 352 n. Chr. erschien die Gottesmutter dem Papst Liberius und befahl ihm, eine Kirche an der Stelle zu errichten, an der er am n\u00e4chsten Morgen Schnee finden w\u00fcrde. So entstand nach einem wundersamen Schneefall im August die <strong>Basilika Santa Maria Maggiore<\/strong>, eine der vier p\u00e4pstlichen Basiliken von Rom, die sich auf dem Esquilin-H\u00fcgel befindet. Sie ist auch das \u00e4lteste Marienheiligtum des Westens und der Gottesmutter Maria geweiht.<\/p>\n<h3>15. August: Mari\u00e4 Aufnahme in den Himmel<\/h3>\n<p>Der 15. August ist der Tag der <a href=\"https:\/\/www.holyart.de\/devotionalien\/statuen\/statuen-aus-resin-und-pvc\/maria-himmelfahrt-statue-resin-18x12x6-cm\"><strong>Marias Himmelsfahrt<\/strong>.<\/a> Obwohl das Dogma der Himmelfahrt Mariens, wonach sie mit Leib und Seele in den Himmel aufgefahren ist, erst von Papst Pius XII. dank der <em>p\u00e4pstlichen Unfehlbarkeit<\/em> verk\u00fcndet wurde, hat es einen sehr alten Ursprung und war immer mit der Volkstradition verbunden. Es ist ein Fest, das von allen christlichen Kirchen gefeiert wird.<\/p>\n<div class=\"link-product\">\n<div class=\"blocco-immagine\"><img loading=\"lazy\" decoding=\"async\" class=\"size-full wp-image-4416 alignleft\" src=\"https:\/\/blog.holyart.it\/de\/wp-content\/uploads\/sites\/12\/2024\/07\/Mariae-Himmelfahrt-Statue-Resin-18x12x6-cm.jpg\" alt=\"Mari\u00e4 Himmelfahrt, Statue, Resin, 18x12x6 cm\" width=\"100\" height=\"100\" data-kale-share-title=\"Marienfeste: Hier sind alle Feste des Jahres, die Maria gewidmet sind\" data-kale-share-url=\"https:\/\/blog.holyart.it\/de\/?p=4404\" \/><\/div>\n<div class=\"blocco-contenuto\">\n<div class=\"blocco-acquista\">Einkaufen:<\/div>\n<div class=\"blocco-titolo\"><a href=\"https:\/\/www.holyart.de\/devotionalien\/statuen\/statuen-aus-resin-und-pvc\/maria-himmelfahrt-statue-resin-18x12x6-cm\">Mari\u00e4 Himmelfahrt, Statue, Resin, 18x12x6 cm<\/a><\/div>\n<div class=\"blocco-descrizione\">Dargestellt ist die Aufnahme Mariens in den Himmel.<\/div>\n<\/div>\n<\/div>\n<h3>22. August: K\u00f6niginschaft Mariens<\/h3>\n<p>Das Fest der <strong>K\u00f6niginschaft Mariens<\/strong>, das urspr\u00fcnglich am 31. Mai 1954 von Pius XII. eingef\u00fchrt wurde, wurde sp\u00e4ter auf den 22. August, den achten Tag von Mari\u00e4 Himmelfahrt, verlegt, um die <strong>k\u00f6nigliche W\u00fcrde der Jungfrau Maria<\/strong> anzuerkennen und zu bekr\u00e4ftigen. Die Grundlage f\u00fcr diese K\u00f6nigsw\u00fcrde Marias hat uralte Wurzeln und findet sich sowohl in den liturgischen Texten als auch in der Volkstradition.<\/p>\n<h3>8. September: Geburt der seligen Jungfrau Maria<\/h3>\n<p>Am 8. September feiern die katholische und die orthodoxe Kirche das <a href=\"https:\/\/www.holyart.de\/blog\/devotionalien\/mariae-geburt-wann-und-warum-wird-sie-gefeiert\/\"><strong>Fest der Geburt der Heiligen Jungfrau Maria<\/strong><\/a>. Marias Eltern waren Joachim und Anna, und die Tradition, die die Geburt Marias auf den 8. September legt, h\u00e4ngt mit dem Bau der Basilika St. Anna in Jerusalem im 4. Jahrhundert n. Chr. zusammen, die an der Stelle des Hauses errichtet wurde, in dem Marias Eltern einst lebten und in dem angeblich die Mutter Jesu geboren wurde. In der Welt der Landwirtschaft f\u00e4llt das Fest der Geburt Marias mit der Erntezeit und dem Ende des Sommers zusammen.<\/p>\n<div class=\"link-article\">\n<p><img loading=\"lazy\" decoding=\"async\" class=\"size-full wp-image-4417 alignleft\" src=\"https:\/\/blog.holyart.it\/de\/wp-content\/uploads\/sites\/12\/2024\/07\/Mariae-Geburt-wann-und-warum-wird-sie-gefeiert.jpg\" alt=\"Mari\u00e4 Geburt, wann und warum wird sie gefeiert\" width=\"150\" height=\"99\" data-kale-share-title=\"Marienfeste: Hier sind alle Feste des Jahres, die Maria gewidmet sind\" data-kale-share-url=\"https:\/\/blog.holyart.it\/de\/?p=4404\" \/><\/p>\n<div class=\"leggi-anche\">Lesen Sie auch:<\/div>\n<p><strong><a href=\"https:\/\/www.holyart.de\/blog\/devotionalien\/mariae-geburt-wann-und-warum-wird-sie-gefeiert\/\">Mari\u00e4 Geburt, wann und warum wird sie gefeiert?<\/a><\/strong><br \/>\nAm 8. September feiern wir die Geburt Marias, der Mutter schlechthin, der Frau, die die Geschichte der Kirche und der Menschheit&#8230;<\/p>\n<\/div>\n<h3>12. September: Der Name Mariens<\/h3>\n<p>Seit dem 12. Jahrhundert gibt es eine starke Verehrung des <strong>Namens Mariens<\/strong>, die von vielen P\u00e4psten gef\u00f6rdert wurde, die ihn zum Mittelpunkt verschiedener Abl\u00e4sse machten. Es wurde ein erster offizieller Festtag eingef\u00fchrt, der jedoch eine Zeit lang auf Spanien beschr\u00e4nkt blieb. Es war Papst Innozenz XI. Odescalchi, der 1685 das Datum des <strong>Festes des heiligsten Namens Mariens<\/strong> auf den 12. September festlegte, um der Befreiung Wiens von der T\u00fcrkenbelagerung (12. September 1683) zu gedenken.<\/p>\n<p>Papst Johannes Paul II. best\u00e4tigte das Fest als fakultatives Gedenken ebenfalls am 12. September.<\/p>\n<h3>15. September Heilige Jungfrau Maria von den Schmerzen<\/h3>\n<p>Am 15. September, dem Tag nach dem Fest der Kreuzerh\u00f6hung, feiern wir die <a href=\"https:\/\/www.holyart.de\/blog\/devotionalien\/der-kult-der-schmerzensreichen-muttergottes\/\"><strong>Schmerzensmuttergottes<\/strong><\/a>, <em>Mater Dolorosa<\/em>. Dieses Datum wurde von Papst Pius X. (1904-1914) eingef\u00fchrt, der damit einen alten Kult aus dem sp\u00e4ten 11. Jahrhundert, den der Schmerzensmutter und ihrer <strong>sieben Schmerzen<\/strong>, wiederbelebte. Die Schmerzen Marias sind mit verschiedenen Momenten ihres Lebens verbunden, die in den Evangelien erz\u00e4hlt werden oder in der Volksfr\u00f6mmigkeit \u00fcberliefert sind und mit der Passion und dem Tod Jesu zusammenh\u00e4ngen, aber nicht nur. Die Schmerzen Marias wurden bereits mit Schwertern dargestellt, die durch das Herz gestochen wurden.<\/p>\n<div class=\"link-product\">\n<div class=\"blocco-immagine\"><img loading=\"lazy\" decoding=\"async\" class=\"size-full wp-image-4418 alignleft\" src=\"https:\/\/blog.holyart.it\/de\/wp-content\/uploads\/sites\/12\/2024\/07\/Schmerzensmutter-Resin-koloriert-30-cm.jpg\" alt=\"Schmerzensmutter, Resin, koloriert, 30 cm\" width=\"100\" height=\"100\" data-kale-share-title=\"Marienfeste: Hier sind alle Feste des Jahres, die Maria gewidmet sind\" data-kale-share-url=\"https:\/\/blog.holyart.it\/de\/?p=4404\" \/><\/div>\n<div class=\"blocco-contenuto\">\n<div class=\"blocco-acquista\">Einkaufen:<\/div>\n<div class=\"blocco-titolo\"><a href=\"https:\/\/www.holyart.de\/devotionalien\/statuen\/statuen-aus-resin-und-pvc\/schmerzensmutter-resin-koloriert-30-cm\">Schmerzensmutter, Resin, koloriert, 30 cm<\/a><\/div>\n<div class=\"blocco-descrizione\">Diese Statue stellt die Schmerzensmutter mit gefalteten H\u00e4nden und einem traurigen Gesichtsausdruck mit gerunzelten Brauen dar.<\/div>\n<\/div>\n<\/div>\n<h3>7. Oktober Heilige Jungfrau Maria vom Rosenkranz<\/h3>\n<p>Zur Feier des Sieges \u00fcber die T\u00fcrken bei Lepanto wurde am 7. Oktober 1571 von Papst Pius V. das Fest <strong>Unserer Lieben Frau vom Siege<\/strong> eingef\u00fchrt, das sein Nachfolger Gregor XIII. in das Fest der <strong>Seligen Jungfrau Maria vom Rosenkranz<\/strong> umbenannte. Der Legende nach war der Papst, nachdem er allen christlichen Streitkr\u00e4ften geraten hatte, vor Beginn der Schlacht den Rosenkranz zu beten, so sicher, dass die durch den Rosenkranz erbetene F\u00fcrsprache der Gottesmutter \u00fcber den Ausgang der Schlacht entscheiden w\u00fcrde, dass er den Befehl gab, die Glocken zum Zeichen des Sieges zu l\u00e4uten, noch bevor die Schlacht zu Ende war, damit man bis nach Rom wisse, dass die Christen gesiegt h\u00e4tten.<\/p>\n<h3>21. November Vorstellung Mariens im Tempel<\/h3>\n<p>Der 21. November wird als <strong>Fest der Vorstellung der Jungfrau Maria<\/strong> gefeiert. Es handelt sich dabei um eine liturgische Andacht, die an die Darstellung Marias durch ihre Eltern Anna und Joachim vor den Priestern des Tempels von Jerusalem erinnert. Am selben Tag im Jahr 543 wurde die Basilika St. Mary New in Jerusalem eingeweiht.<\/p>\n<h3>8. Dezember Unbefleckte Empf\u00e4ngnis<\/h3>\n<p>Die Verehrung der unbefleckten Jungfrau Maria ist eine der am weitesten verbreiteten und am meisten gesch\u00e4tzten in der Volkstradition. Sie geht auf das Dogma der katholischen Kirche zur\u00fcck, dass Maria, obwohl sie von einem sterblichen Paar gezeugt und geboren wurde, rein und <strong>unber\u00fchrt von der Erbs\u00fcnde<\/strong> geboren wurde, wie alle anderen M\u00e4nner und Frauen auch. Maria w\u00e4re das einzige Gesch\u00f6pf, dem dieses besondere Privileg vorbehalten w\u00e4re, gerade im Hinblick auf ihre Aufgabe, die Mutter Jesu zu werden. Am 8. Dezember 1857 erkannte Papst Pius IX. das Dogma an und legte die Art und Weise fest, in der es gefeiert werden sollte. Er segnete ein Denkmal in Rom auf der Piazza Mignanelli in der N\u00e4he der Spanischen Treppe, das Maria Immaculata gewidmet ist, und ehrte es mit einer Blumengabe. Seitdem ist es Tradition, dass der Papst am 8. Dezember den Vatikan verl\u00e4sst und pers\u00f6nlich zur Piazza di Spagna geht, um der Unbefleckten Jungfrau Maria frische Blumen als Opfergabe zu bringen und das Volk im Gebet mit der Lesung eines Abschnitts aus der Heiligen Schrift und eines Abschnitts aus der Lehre der Kirche zu leiten.<\/p>\n<h3>10. Dezember: Unsere Liebe Frau von Loreto<\/h3>\n<p>Der 10. Dezember ist das liturgische Fest <strong>Unserer Lieben Frau von Loreto<\/strong>, das <u>sehr alte Urspr\u00fcnge<\/u> hat. Seit Jahrhunderten werden an diesem Fest Feuer entz\u00fcndet, die die Nacht erhellen, in Erinnerung an jene, die den Weg der Engel erleuchteten, die das <strong><a href=\"https:\/\/www.holyart.de\/blog\/heilige-und-selige\/die-muttergottes-von-loreto-geschichte-und-mythos-des-aus-palaestina-nach-loreto-gekommenen-hauses\/\">Heilige Haus Marias von Nazareth nach Loreto<\/a><\/strong> bringen wollten.<\/p>\n<div class=\"link-product\">\n<div class=\"blocco-immagine\"><img loading=\"lazy\" decoding=\"async\" class=\"size-full wp-image-4419 alignleft\" src=\"https:\/\/blog.holyart.it\/de\/wp-content\/uploads\/sites\/12\/2024\/07\/Gottesmutter-von-Loreto-20cm-perlmuttartigen-Gips.jpg\" alt=\"Gottesmutter von Loreto 20cm perlmuttartigen Gips\" width=\"100\" height=\"100\" data-kale-share-title=\"Marienfeste: Hier sind alle Feste des Jahres, die Maria gewidmet sind\" data-kale-share-url=\"https:\/\/blog.holyart.it\/de\/?p=4404\" \/><\/div>\n<div class=\"blocco-contenuto\">\n<div class=\"blocco-acquista\">Einkaufen:<\/div>\n<div class=\"blocco-titolo\"><a href=\"https:\/\/www.holyart.de\/devotionalien\/statuen\/statuen-aus-gips\/gottesmutter-von-loreto-20cm-perlmuttartigen-gips\">Gottesmutter von Loreto 20cm perlmuttartigen Gips<\/a><\/div>\n<div class=\"blocco-descrizione\">Statue der Gottesmutter von Loreto realisiert aus Gips und handbemalt mit perlmuttigen Finish.<\/div>\n<\/div>\n<\/div>\n<h3>12. Dezember: Unsere Liebe Frau von Guadalupe<\/h3>\n<p>Die <strong>Jungfrau von Guadalupe<\/strong>, Schutzpatronin aller spanischsprachigen V\u00f6lker und Schutzpatronin Amerikas, wird am 12. Dezember gefeiert. Der \u00dcberlieferung nach erschien die Gottesmutter zwischen dem 9. und 12. Dezember 1531 Juan Diego Cuauhtlatoatzin, einem der ersten zum Christentum bekehrten Azteken, auf dem Tepeyac-H\u00fcgel n\u00f6rdlich von Mexiko-Stadt. Dies war die Geburtsstunde der Verehrung Unserer Lieben Frau von Guadalupe, <a href=\"https:\/\/www.holyart.de\/blog\/devotionalien\/die-basilika-unserer-lieben-frau-von-guadalupe-von-mexiko-stadt\/\"><strong>deren Heiligtum<\/strong><\/a>, das am Ort der Erscheinungen erbaut wurde, eine der meistbesuchten Verehrungsst\u00e4tten der Welt ist, mehr noch als Lourdes und Fatima, und die erste in Amerika.<\/p>\n<div class=\"link-product\">\n<div class=\"blocco-immagine\"><img loading=\"lazy\" decoding=\"async\" class=\"size-full wp-image-4420 alignleft\" src=\"https:\/\/blog.holyart.it\/de\/wp-content\/uploads\/sites\/12\/2024\/07\/Statue-Gottesmutter-von-Guadalupe-bemalten-Groednertal-Holz.jpg\" alt=\"Statue Gottesmutter von Guadalupe bemalten Gr\u00f6dnertal Holz\" width=\"100\" height=\"100\" data-kale-share-title=\"Marienfeste: Hier sind alle Feste des Jahres, die Maria gewidmet sind\" data-kale-share-url=\"https:\/\/blog.holyart.it\/de\/?p=4404\" \/><\/div>\n<div class=\"blocco-contenuto\">\n<div class=\"blocco-acquista\">Einkaufen:<\/div>\n<div class=\"blocco-titolo\"><a href=\"https:\/\/www.holyart.de\/devotionalien\/statuen\/statuen-aus-bemalten-holz\/statue-gottesmutter-von-guadalupe-bemalten-grodnertal-holz\">Statue Gottesmutter von Guadalupe bemalten Gr\u00f6dnertal Holz<\/a><\/div>\n<div class=\"blocco-descrizione\">Statue der Gottesmutter von Guadalupe realisiert aus Gr\u00f6dnertal Holz und handbemalt.<\/div>\n<\/div>\n<\/div>\n","protected":false},"excerpt":{"rendered":"<p>Marienfeste, alle Gesichter der Verehrung von Maria, der Mutter Jesu Es ist nicht einfach, alle Feste aufzuz\u00e4hlen, die Maria, der Mutter Jesu, gewidmet sind. Die Verehrung, die ihr von den Gl\u00e4ubigen entgegengebracht wird, hat sich in der katholischen Kirche schon immer in vielf\u00e4ltiger Weise manifestiert.&hellip;<\/p>\n","protected":false},"author":1,"featured_media":4406,"comment_status":"closed","ping_status":"open","sticky":false,"template":"","format":"standard","meta":{"_acf_changed":false,"footnotes":""},"categories":[10],"tags":[],"class_list":["post-4404","post","type-post","status-publish","format-standard","has-post-thumbnail","hentry","category-devotionalien"],"acf":[],"yoast_head":"<!-- This site is optimized with the Yoast SEO plugin v26.6 - https:\/\/yoast.com\/wordpress\/plugins\/seo\/ -->\n<title>Marienfeste: Hier sind alle Feste des Jahres, die Maria gewidmet sind - Holyart.de Blog<\/title>\n<meta name=\"description\" content=\"Marienfeste durchziehen den Kalender der christlichen Kirche und zelebrieren eine uralte, aber unaufh\u00f6rliche Verehrung der Mutter Gottes. Finden wir heraus, was sie sind.\" \/>\n<meta name=\"robots\" content=\"index, follow, max-snippet:-1, max-image-preview:large, max-video-preview:-1\" \/>\n<link rel=\"canonical\" href=\"https:\/\/blog.holyart.it\/de\/devotionalien\/marienfeste-hier-sind-alle-feste-des-jahres-die-maria-gewidmet-sind\/\" \/>\n<meta property=\"og:locale\" content=\"de_DE\" \/>\n<meta property=\"og:type\" content=\"article\" \/>\n<meta property=\"og:title\" content=\"Marienfeste: Hier sind alle Feste des Jahres, die Maria gewidmet sind - Holyart.de Blog\" \/>\n<meta property=\"og:description\" content=\"Marienfeste durchziehen den Kalender der christlichen Kirche und zelebrieren eine uralte, aber unaufh\u00f6rliche Verehrung der Mutter Gottes. Finden wir heraus, was sie sind.\" \/>\n<meta property=\"og:url\" content=\"https:\/\/blog.holyart.it\/de\/devotionalien\/marienfeste-hier-sind-alle-feste-des-jahres-die-maria-gewidmet-sind\/\" \/>\n<meta property=\"og:site_name\" content=\"Holyart.de Blog\" \/>\n<meta property=\"article:published_time\" content=\"2024-07-29T08:00:14+00:00\" \/>\n<meta property=\"article:modified_time\" content=\"2025-08-29T08:09:17+00:00\" \/>\n<meta property=\"og:image\" content=\"https:\/\/blog.holyart.it\/de\/wp-content\/uploads\/sites\/12\/2024\/07\/Marienfeste.jpg\" \/>\n\t<meta property=\"og:image:width\" content=\"1000\" \/>\n\t<meta property=\"og:image:height\" content=\"666\" \/>\n\t<meta property=\"og:image:type\" content=\"image\/jpeg\" \/>\n<meta name=\"author\" content=\"Redazione\" \/>\n<meta name=\"twitter:card\" content=\"summary_large_image\" \/>\n<meta name=\"twitter:label1\" content=\"Verfasst von\" \/>\n\t<meta name=\"twitter:data1\" content=\"Redazione\" \/>\n\t<meta name=\"twitter:label2\" content=\"Gesch\u00e4tzte Lesezeit\" \/>\n\t<meta name=\"twitter:data2\" content=\"17\u00a0Minuten\" \/>\n<script type=\"application\/ld+json\" class=\"yoast-schema-graph\">{\"@context\":\"https:\/\/schema.org\",\"@graph\":[{\"@type\":\"Article\",\"@id\":\"https:\/\/blog.holyart.it\/de\/devotionalien\/marienfeste-hier-sind-alle-feste-des-jahres-die-maria-gewidmet-sind\/#article\",\"isPartOf\":{\"@id\":\"https:\/\/blog.holyart.it\/de\/devotionalien\/marienfeste-hier-sind-alle-feste-des-jahres-die-maria-gewidmet-sind\/\"},\"author\":{\"name\":\"Redazione\",\"@id\":\"https:\/\/blog.holyart.it\/de\/#\/schema\/person\/0a7b686e5af0f856ec1e390dd0baecda\"},\"headline\":\"Marienfeste: Hier sind alle Feste des Jahres, die Maria gewidmet sind\",\"datePublished\":\"2024-07-29T08:00:14+00:00\",\"dateModified\":\"2025-08-29T08:09:17+00:00\",\"mainEntityOfPage\":{\"@id\":\"https:\/\/blog.holyart.it\/de\/devotionalien\/marienfeste-hier-sind-alle-feste-des-jahres-die-maria-gewidmet-sind\/\"},\"wordCount\":2628,\"publisher\":{\"@id\":\"https:\/\/blog.holyart.it\/de\/#organization\"},\"image\":{\"@id\":\"https:\/\/blog.holyart.it\/de\/devotionalien\/marienfeste-hier-sind-alle-feste-des-jahres-die-maria-gewidmet-sind\/#primaryimage\"},\"thumbnailUrl\":\"https:\/\/blog.holyart.it\/de\/wp-content\/uploads\/sites\/12\/2024\/07\/Marienfeste.jpg\",\"articleSection\":[\"Religion\"],\"inLanguage\":\"de\"},{\"@type\":\"WebPage\",\"@id\":\"https:\/\/blog.holyart.it\/de\/devotionalien\/marienfeste-hier-sind-alle-feste-des-jahres-die-maria-gewidmet-sind\/\",\"url\":\"https:\/\/blog.holyart.it\/de\/devotionalien\/marienfeste-hier-sind-alle-feste-des-jahres-die-maria-gewidmet-sind\/\",\"name\":\"Marienfeste: Hier sind alle Feste des Jahres, die Maria gewidmet sind - Holyart.de Blog\",\"isPartOf\":{\"@id\":\"https:\/\/blog.holyart.it\/de\/#website\"},\"primaryImageOfPage\":{\"@id\":\"https:\/\/blog.holyart.it\/de\/devotionalien\/marienfeste-hier-sind-alle-feste-des-jahres-die-maria-gewidmet-sind\/#primaryimage\"},\"image\":{\"@id\":\"https:\/\/blog.holyart.it\/de\/devotionalien\/marienfeste-hier-sind-alle-feste-des-jahres-die-maria-gewidmet-sind\/#primaryimage\"},\"thumbnailUrl\":\"https:\/\/blog.holyart.it\/de\/wp-content\/uploads\/sites\/12\/2024\/07\/Marienfeste.jpg\",\"datePublished\":\"2024-07-29T08:00:14+00:00\",\"dateModified\":\"2025-08-29T08:09:17+00:00\",\"description\":\"Marienfeste durchziehen den Kalender der christlichen Kirche und zelebrieren eine uralte, aber unaufh\u00f6rliche Verehrung der Mutter Gottes. Finden wir heraus, was sie sind.\",\"breadcrumb\":{\"@id\":\"https:\/\/blog.holyart.it\/de\/devotionalien\/marienfeste-hier-sind-alle-feste-des-jahres-die-maria-gewidmet-sind\/#breadcrumb\"},\"inLanguage\":\"de\",\"potentialAction\":[{\"@type\":\"ReadAction\",\"target\":[\"https:\/\/blog.holyart.it\/de\/devotionalien\/marienfeste-hier-sind-alle-feste-des-jahres-die-maria-gewidmet-sind\/\"]}]},{\"@type\":\"ImageObject\",\"inLanguage\":\"de\",\"@id\":\"https:\/\/blog.holyart.it\/de\/devotionalien\/marienfeste-hier-sind-alle-feste-des-jahres-die-maria-gewidmet-sind\/#primaryimage\",\"url\":\"https:\/\/blog.holyart.it\/de\/wp-content\/uploads\/sites\/12\/2024\/07\/Marienfeste.jpg\",\"contentUrl\":\"https:\/\/blog.holyart.it\/de\/wp-content\/uploads\/sites\/12\/2024\/07\/Marienfeste.jpg\",\"width\":1000,\"height\":666,\"caption\":\"Marienfeste\"},{\"@type\":\"BreadcrumbList\",\"@id\":\"https:\/\/blog.holyart.it\/de\/devotionalien\/marienfeste-hier-sind-alle-feste-des-jahres-die-maria-gewidmet-sind\/#breadcrumb\",\"itemListElement\":[{\"@type\":\"ListItem\",\"position\":1,\"name\":\"Homepage\",\"item\":\"https:\/\/blog.holyart.it\/de\/\"},{\"@type\":\"ListItem\",\"position\":2,\"name\":\"Religion\",\"item\":\"https:\/\/blog.holyart.it\/de\/devotionalien\/\"},{\"@type\":\"ListItem\",\"position\":3,\"name\":\"Marienfeste: Hier sind alle Feste des Jahres, die Maria gewidmet sind\"}]},{\"@type\":\"WebSite\",\"@id\":\"https:\/\/blog.holyart.it\/de\/#website\",\"url\":\"https:\/\/blog.holyart.it\/de\/\",\"name\":\"Holyart.de Blog\",\"description\":\"Holyblog\",\"publisher\":{\"@id\":\"https:\/\/blog.holyart.it\/de\/#organization\"},\"potentialAction\":[{\"@type\":\"SearchAction\",\"target\":{\"@type\":\"EntryPoint\",\"urlTemplate\":\"https:\/\/blog.holyart.it\/de\/?s={search_term_string}\"},\"query-input\":{\"@type\":\"PropertyValueSpecification\",\"valueRequired\":true,\"valueName\":\"search_term_string\"}}],\"inLanguage\":\"de\"},{\"@type\":\"Organization\",\"@id\":\"https:\/\/blog.holyart.it\/de\/#organization\",\"name\":\"Holyart.de Blog\",\"url\":\"https:\/\/blog.holyart.it\/de\/\",\"logo\":{\"@type\":\"ImageObject\",\"inLanguage\":\"de\",\"@id\":\"https:\/\/blog.holyart.it\/de\/#\/schema\/logo\/image\/\",\"url\":\"https:\/\/blog.holyart.it\/de\/wp-content\/uploads\/sites\/12\/2022\/12\/Holyart_Blog_Logo.jpg\",\"contentUrl\":\"https:\/\/blog.holyart.it\/de\/wp-content\/uploads\/sites\/12\/2022\/12\/Holyart_Blog_Logo.jpg\",\"width\":300,\"height\":50,\"caption\":\"Holyart.de Blog\"},\"image\":{\"@id\":\"https:\/\/blog.holyart.it\/de\/#\/schema\/logo\/image\/\"}},{\"@type\":\"Person\",\"@id\":\"https:\/\/blog.holyart.it\/de\/#\/schema\/person\/0a7b686e5af0f856ec1e390dd0baecda\",\"name\":\"Redazione\",\"image\":{\"@type\":\"ImageObject\",\"inLanguage\":\"de\",\"@id\":\"https:\/\/blog.holyart.it\/de\/#\/schema\/person\/image\/\",\"url\":\"https:\/\/secure.gravatar.com\/avatar\/f477da817f43e50d0af36abecd33e3edf826c68299714bdc1057dff3b113f516?s=96&d=mm&r=g\",\"contentUrl\":\"https:\/\/secure.gravatar.com\/avatar\/f477da817f43e50d0af36abecd33e3edf826c68299714bdc1057dff3b113f516?s=96&d=mm&r=g\",\"caption\":\"Redazione\"}}]}<\/script>\n<!-- \/ Yoast SEO plugin. -->","yoast_head_json":{"title":"Marienfeste: Hier sind alle Feste des Jahres, die Maria gewidmet sind - Holyart.de Blog","description":"Marienfeste durchziehen den Kalender der christlichen Kirche und zelebrieren eine uralte, aber unaufh\u00f6rliche Verehrung der Mutter Gottes. Finden wir heraus, was sie sind.","robots":{"index":"index","follow":"follow","max-snippet":"max-snippet:-1","max-image-preview":"max-image-preview:large","max-video-preview":"max-video-preview:-1"},"canonical":"https:\/\/blog.holyart.it\/de\/devotionalien\/marienfeste-hier-sind-alle-feste-des-jahres-die-maria-gewidmet-sind\/","og_locale":"de_DE","og_type":"article","og_title":"Marienfeste: Hier sind alle Feste des Jahres, die Maria gewidmet sind - Holyart.de Blog","og_description":"Marienfeste durchziehen den Kalender der christlichen Kirche und zelebrieren eine uralte, aber unaufh\u00f6rliche Verehrung der Mutter Gottes. Finden wir heraus, was sie sind.","og_url":"https:\/\/blog.holyart.it\/de\/devotionalien\/marienfeste-hier-sind-alle-feste-des-jahres-die-maria-gewidmet-sind\/","og_site_name":"Holyart.de Blog","article_published_time":"2024-07-29T08:00:14+00:00","article_modified_time":"2025-08-29T08:09:17+00:00","og_image":[{"width":1000,"height":666,"url":"https:\/\/blog.holyart.it\/de\/wp-content\/uploads\/sites\/12\/2024\/07\/Marienfeste.jpg","type":"image\/jpeg"}],"author":"Redazione","twitter_card":"summary_large_image","twitter_misc":{"Verfasst von":"Redazione","Gesch\u00e4tzte Lesezeit":"17\u00a0Minuten"},"schema":{"@context":"https:\/\/schema.org","@graph":[{"@type":"Article","@id":"https:\/\/blog.holyart.it\/de\/devotionalien\/marienfeste-hier-sind-alle-feste-des-jahres-die-maria-gewidmet-sind\/#article","isPartOf":{"@id":"https:\/\/blog.holyart.it\/de\/devotionalien\/marienfeste-hier-sind-alle-feste-des-jahres-die-maria-gewidmet-sind\/"},"author":{"name":"Redazione","@id":"https:\/\/blog.holyart.it\/de\/#\/schema\/person\/0a7b686e5af0f856ec1e390dd0baecda"},"headline":"Marienfeste: Hier sind alle Feste des Jahres, die Maria gewidmet sind","datePublished":"2024-07-29T08:00:14+00:00","dateModified":"2025-08-29T08:09:17+00:00","mainEntityOfPage":{"@id":"https:\/\/blog.holyart.it\/de\/devotionalien\/marienfeste-hier-sind-alle-feste-des-jahres-die-maria-gewidmet-sind\/"},"wordCount":2628,"publisher":{"@id":"https:\/\/blog.holyart.it\/de\/#organization"},"image":{"@id":"https:\/\/blog.holyart.it\/de\/devotionalien\/marienfeste-hier-sind-alle-feste-des-jahres-die-maria-gewidmet-sind\/#primaryimage"},"thumbnailUrl":"https:\/\/blog.holyart.it\/de\/wp-content\/uploads\/sites\/12\/2024\/07\/Marienfeste.jpg","articleSection":["Religion"],"inLanguage":"de"},{"@type":"WebPage","@id":"https:\/\/blog.holyart.it\/de\/devotionalien\/marienfeste-hier-sind-alle-feste-des-jahres-die-maria-gewidmet-sind\/","url":"https:\/\/blog.holyart.it\/de\/devotionalien\/marienfeste-hier-sind-alle-feste-des-jahres-die-maria-gewidmet-sind\/","name":"Marienfeste: Hier sind alle Feste des Jahres, die Maria gewidmet sind - Holyart.de Blog","isPartOf":{"@id":"https:\/\/blog.holyart.it\/de\/#website"},"primaryImageOfPage":{"@id":"https:\/\/blog.holyart.it\/de\/devotionalien\/marienfeste-hier-sind-alle-feste-des-jahres-die-maria-gewidmet-sind\/#primaryimage"},"image":{"@id":"https:\/\/blog.holyart.it\/de\/devotionalien\/marienfeste-hier-sind-alle-feste-des-jahres-die-maria-gewidmet-sind\/#primaryimage"},"thumbnailUrl":"https:\/\/blog.holyart.it\/de\/wp-content\/uploads\/sites\/12\/2024\/07\/Marienfeste.jpg","datePublished":"2024-07-29T08:00:14+00:00","dateModified":"2025-08-29T08:09:17+00:00","description":"Marienfeste durchziehen den Kalender der christlichen Kirche und zelebrieren eine uralte, aber unaufh\u00f6rliche Verehrung der Mutter Gottes. Finden wir heraus, was sie sind.","breadcrumb":{"@id":"https:\/\/blog.holyart.it\/de\/devotionalien\/marienfeste-hier-sind-alle-feste-des-jahres-die-maria-gewidmet-sind\/#breadcrumb"},"inLanguage":"de","potentialAction":[{"@type":"ReadAction","target":["https:\/\/blog.holyart.it\/de\/devotionalien\/marienfeste-hier-sind-alle-feste-des-jahres-die-maria-gewidmet-sind\/"]}]},{"@type":"ImageObject","inLanguage":"de","@id":"https:\/\/blog.holyart.it\/de\/devotionalien\/marienfeste-hier-sind-alle-feste-des-jahres-die-maria-gewidmet-sind\/#primaryimage","url":"https:\/\/blog.holyart.it\/de\/wp-content\/uploads\/sites\/12\/2024\/07\/Marienfeste.jpg","contentUrl":"https:\/\/blog.holyart.it\/de\/wp-content\/uploads\/sites\/12\/2024\/07\/Marienfeste.jpg","width":1000,"height":666,"caption":"Marienfeste"},{"@type":"BreadcrumbList","@id":"https:\/\/blog.holyart.it\/de\/devotionalien\/marienfeste-hier-sind-alle-feste-des-jahres-die-maria-gewidmet-sind\/#breadcrumb","itemListElement":[{"@type":"ListItem","position":1,"name":"Homepage","item":"https:\/\/blog.holyart.it\/de\/"},{"@type":"ListItem","position":2,"name":"Religion","item":"https:\/\/blog.holyart.it\/de\/devotionalien\/"},{"@type":"ListItem","position":3,"name":"Marienfeste: Hier sind alle Feste des Jahres, die Maria gewidmet sind"}]},{"@type":"WebSite","@id":"https:\/\/blog.holyart.it\/de\/#website","url":"https:\/\/blog.holyart.it\/de\/","name":"Holyart.de Blog","description":"Holyblog","publisher":{"@id":"https:\/\/blog.holyart.it\/de\/#organization"},"potentialAction":[{"@type":"SearchAction","target":{"@type":"EntryPoint","urlTemplate":"https:\/\/blog.holyart.it\/de\/?s={search_term_string}"},"query-input":{"@type":"PropertyValueSpecification","valueRequired":true,"valueName":"search_term_string"}}],"inLanguage":"de"},{"@type":"Organization","@id":"https:\/\/blog.holyart.it\/de\/#organization","name":"Holyart.de Blog","url":"https:\/\/blog.holyart.it\/de\/","logo":{"@type":"ImageObject","inLanguage":"de","@id":"https:\/\/blog.holyart.it\/de\/#\/schema\/logo\/image\/","url":"https:\/\/blog.holyart.it\/de\/wp-content\/uploads\/sites\/12\/2022\/12\/Holyart_Blog_Logo.jpg","contentUrl":"https:\/\/blog.holyart.it\/de\/wp-content\/uploads\/sites\/12\/2022\/12\/Holyart_Blog_Logo.jpg","width":300,"height":50,"caption":"Holyart.de Blog"},"image":{"@id":"https:\/\/blog.holyart.it\/de\/#\/schema\/logo\/image\/"}},{"@type":"Person","@id":"https:\/\/blog.holyart.it\/de\/#\/schema\/person\/0a7b686e5af0f856ec1e390dd0baecda","name":"Redazione","image":{"@type":"ImageObject","inLanguage":"de","@id":"https:\/\/blog.holyart.it\/de\/#\/schema\/person\/image\/","url":"https:\/\/secure.gravatar.com\/avatar\/f477da817f43e50d0af36abecd33e3edf826c68299714bdc1057dff3b113f516?s=96&d=mm&r=g","contentUrl":"https:\/\/secure.gravatar.com\/avatar\/f477da817f43e50d0af36abecd33e3edf826c68299714bdc1057dff3b113f516?s=96&d=mm&r=g","caption":"Redazione"}}]}},"_links":{"self":[{"href":"https:\/\/blog.holyart.it\/de\/wp-json\/wp\/v2\/posts\/4404","targetHints":{"allow":["GET"]}}],"collection":[{"href":"https:\/\/blog.holyart.it\/de\/wp-json\/wp\/v2\/posts"}],"about":[{"href":"https:\/\/blog.holyart.it\/de\/wp-json\/wp\/v2\/types\/post"}],"author":[{"embeddable":true,"href":"https:\/\/blog.holyart.it\/de\/wp-json\/wp\/v2\/users\/1"}],"replies":[{"embeddable":true,"href":"https:\/\/blog.holyart.it\/de\/wp-json\/wp\/v2\/comments?post=4404"}],"version-history":[{"count":8,"href":"https:\/\/blog.holyart.it\/de\/wp-json\/wp\/v2\/posts\/4404\/revisions"}],"predecessor-version":[{"id":4424,"href":"https:\/\/blog.holyart.it\/de\/wp-json\/wp\/v2\/posts\/4404\/revisions\/4424"}],"wp:featuredmedia":[{"embeddable":true,"href":"https:\/\/blog.holyart.it\/de\/wp-json\/wp\/v2\/media\/4406"}],"wp:attachment":[{"href":"https:\/\/blog.holyart.it\/de\/wp-json\/wp\/v2\/media?parent=4404"}],"wp:term":[{"taxonomy":"category","embeddable":true,"href":"https:\/\/blog.holyart.it\/de\/wp-json\/wp\/v2\/categories?post=4404"},{"taxonomy":"post_tag","embeddable":true,"href":"https:\/\/blog.holyart.it\/de\/wp-json\/wp\/v2\/tags?post=4404"}],"curies":[{"name":"wp","href":"https:\/\/api.w.org\/{rel}","templated":true}]}}