{"id":4392,"date":"2024-07-24T10:00:52","date_gmt":"2024-07-24T08:00:52","guid":{"rendered":"https:\/\/blog.holyart.it\/de\/?p=4392"},"modified":"2024-07-08T17:17:33","modified_gmt":"2024-07-08T15:17:33","slug":"auferweckung-des-lazarus-steh-auf-und-geh","status":"publish","type":"post","link":"https:\/\/blog.holyart.it\/de\/devotionalien\/auferweckung-des-lazarus-steh-auf-und-geh\/","title":{"rendered":"Auferweckung des Lazarus: \u201eSteh auf und geh\u201c"},"content":{"rendered":"<h4>Die Auferweckung Lazarus stellt f\u00fcr Jesus einen Punkt dar, an dem es kein Zur\u00fcck mehr gibt. Von hier aus beginnt seine unaufhaltsame Reise hin zu dem Schicksal, das Gott f\u00fcr ihn wollte<\/h4>\n<p>In einem Artikel \u00fcber Freundschaft haben wir von <a href=\"https:\/\/www.holyart.de\/blog\/heilige-und-selige\/martha-maria-und-lazarus-die-freunde-jesu\/\"><strong>Martha, Maria und Lazarus von Bethanien<\/strong><\/a> erz\u00e4hlt. Tats\u00e4chlich war es f\u00fcr Jesus genauso wichtig, Freunde zu haben wie f\u00fcr jeden anderen Menschen. Doch die Geschichte der <strong>Auferweckung Lazarus<\/strong>, die in Johannes 11,1-45 erz\u00e4hlt wird, ist viel mehr als eine einfache Geschichte der Freundschaft. Tats\u00e4chlich tritt das Thema der Freundschaft in den Hintergrund, da Lazarus nicht spricht, die ganze Szene wird von Jesus eingenommen, der von den beiden Schwestern seines Freundes gerufen wird, um ihn vor dem B\u00f6sen zu retten, das ihn getroffen hat, und ihn bereits seit vier Tagen tot vorfindet, rufe die Macht Gottes des Vaters an, um ihn wieder zum Leben zu erwecken. Doch <strong>die Liebe, die Jesus zu Lazarus hatte, ist unbestritten<\/strong>: Christus bricht vor dem Grab des Lazarus in Tr\u00e4nen aus, er ist beunruhigt und bewegt von der Verzweiflung seiner Schwester Maria, die ihn anfleht, ihren Bruder zu retten, w\u00e4hrend Martha wie immer bleibt im Haus eingesperrt, H\u00fcter der Familie und des Schutzes, den sie bietet.<\/p>\n<div class=\"link-article\">\n<p><img loading=\"lazy\" decoding=\"async\" class=\"size-full wp-image-4398 alignleft\" src=\"https:\/\/blog.holyart.it\/de\/wp-content\/uploads\/sites\/12\/2024\/07\/Martha-Maria-und-Lazarus-1.jpg\" alt=\"Martha, Maria und Lazarus\" width=\"150\" height=\"99\" data-kale-share-title=\"Auferweckung des Lazarus: \u201eSteh auf und geh\u201c\" data-kale-share-url=\"https:\/\/blog.holyart.it\/de\/?p=4392\" \/><\/p>\n<div class=\"leggi-anche\">Lesen Sie auch:<\/div>\n<p><strong><a href=\"https:\/\/www.holyart.de\/blog\/heilige-und-selige\/martha-maria-und-lazarus-die-freunde-jesu\/\">Martha, Maria und Lazarus: Die Freunde Jesu<\/a><\/strong><br \/>\nAm 29. Juli feiern wir das Gedenken an Martha, Maria und Lazarus von Bethanien&#8230;<\/p>\n<\/div>\n<p>Die Entscheidung des Johannes, diese Episode zu erz\u00e4hlen, die nur in dem Evangelium vorkommt, das seinen Namen tr\u00e4gt, und in den anderen Evangelien nicht erw\u00e4hnt wird, hat <strong>eine tiefere, symbolische und prophetische Bedeutung<\/strong>. Genau in dem Moment, in dem Jesus nach Bethanien geht und Lazarus auferstehen l\u00e4sst, <strong>erf\u00fcllt sich sein Schicksal<\/strong>. Jesus zeigt seine Macht vor den vielen Juden, die gekommen sind, um den Tod des Menschen zu betrauern, und offenbart sich selbst, ohne weitere Masken, ohne Einschr\u00e4nkungen. Von nun an wirst du zum Ziel seiner Feinde. Er entscheidet sich bewusst daf\u00fcr, nach Jud\u00e4a zu gehen, obwohl er wei\u00df, dass sie ihn dort hassen. Tats\u00e4chlich versuchen die J\u00fcnger ihn davon abzubringen: \u201e<em>Rabbi, gerade haben die Juden versucht, dich zu steinigen, und gehst du wieder dorthin?<\/em>\u201c (Joh 11,8). Aber er hat <strong>seine Entscheidung<\/strong> bereits getroffen.<\/p>\n<p>Er selbst gibt es kurz darauf zu: \u201e<em>Dann hob Jesus den Blick und sagte: \u201eVater, ich danke dir, dass du mir zugeh\u00f6rt hast.\u201c Ich wusste, dass du mir immer zuh\u00f6rst, aber ich habe es f\u00fcr die Menschen um mich herum gesagt, also.\u201c damit sie glauben, dass du mich gesandt hast<\/em>\u201c (Joh 11,41-42)<\/p>\n<p>Aus dieser Perspektive wird die Auferstehung des Lazarus, wie und mehr als die anderen Wunder, zu einer Demonstration Jesu des <strong>Grundes<\/strong> <strong>seiner Anwesenheit in der Welt<\/strong>, zu einer Absichtserkl\u00e4rung, die auch zu einer Botschaft Gottes wird.<\/p>\n<p>Bezeichnend ist auch die Tatsache, dass Jesus nicht nach Bethanien aufbricht, sobald er die Nachricht vom Zustand des Lazarus erh\u00e4lt. Er <strong>wartet zwei Tage und reist erst am dritten ab<\/strong>, und in dieser Wahl seitens des <a href=\"https:\/\/www.holyart.de\/devotionalien\/ikonen\/rumanische-ikonen\/ikone-heiliger-evangelist-johannes-ovale-form\"><strong>Evangelisten Johannes<\/strong><\/a> lesen wir eine klare prophetische Absicht: Der dritte Tag wird derjenige sein, der f\u00fcr die Abreise ausgew\u00e4hlt wird, so wie der dritte Tag derjenige sein wird, an dem er abreisen wird <strong>welches Christus auferstehen wird<\/strong>.<\/p>\n<div class=\"link-product\">\n<div class=\"blocco-immagine\"><img loading=\"lazy\" decoding=\"async\" class=\"size-full wp-image-4399 alignleft\" src=\"https:\/\/blog.holyart.it\/de\/wp-content\/uploads\/sites\/12\/2024\/07\/Ikone-Heiliger-Evangelist-Johannes-ovale-Form.jpg\" alt=\"Ikone Heiliger Evangelist Johannes ovale Form\" width=\"100\" height=\"100\" data-kale-share-title=\"Auferweckung des Lazarus: \u201eSteh auf und geh\u201c\" data-kale-share-url=\"https:\/\/blog.holyart.it\/de\/?p=4392\" \/><\/div>\n<div class=\"blocco-contenuto\">\n<div class=\"blocco-acquista\">Einkaufen:<\/div>\n<div class=\"blocco-titolo\"><a href=\"https:\/\/www.holyart.de\/devotionalien\/ikonen\/rumanische-ikonen\/ikone-heiliger-evangelist-johannes-ovale-form\">Ikone Heiliger Evangelist Johannes ovale Form<\/a><\/div>\n<div class=\"blocco-descrizione\">Der Heilige Johannes, der &#8222;Theologe der Stille&#8220; und &#8222;J\u00fcnger, den Jesus liebte&#8220;, wird wie die anderen Evangelisten in seinem Schreibzimmer dargestellt.<\/div>\n<\/div>\n<\/div>\n<h2>Steh auf und geh<\/h2>\n<p>Jesus geht zum Grab, gefolgt von seinen J\u00fcngern. \u201e<em>Lazarus, unser Freund, ist eingeschlafen; aber ich werde ihn wecken<\/em>\u201c (Joh 11,11). Es ist keine einfache Reise von einem Ort zum anderen, es ist ein <strong>Punkt ohne Wiederkehr<\/strong>, den der Erl\u00f6ser \u00fcberwindet, inmitten des Bewusstseins, von da an nicht mehr zur\u00fcckkehren zu k\u00f6nnen. Er wartete zwei Tage, weil <strong>der Tod von Lazarus im Zusammenhang mit dem stand, was er erreichen wollte<\/strong>. Es war ein notwendiges Opfer, um den <strong>Glauben der J\u00fcnger zu st\u00e4rken<\/strong> und sie zum Glauben zu bewegen. Von hier an <strong>beschleunigt das Johannesevangelium<\/strong>, als ob ein unumkehrbarer Mechanismus aktiviert worden w\u00e4re, eine <strong>Kette von immer engeren und hektischeren Ereignissen<\/strong>, <a href=\"https:\/\/www.holyart.de\/blog\/devotionalien\/ostern-in-der-kunst-die-10-schoensten-werke-die-die-passion-christi-darstellen\/\"><strong>die im Leiden und Sterben Jesu ihren H\u00f6hepunkt finden werden<\/strong><\/a>.<\/p>\n<p>Die <strong>Einladung<\/strong>, die Jesus an Lazarus richtet: \u201e<em>Steh auf und komm heraus<\/em>\u201c (Joh 11,43), ist die Erf\u00fcllung dessen, was er Martha versprochen hat: \u201e<em>Jesus sagte zu ihr: Ich bin die Auferstehung und das Leben; wer an mich glaubt, selbst wenn er stirbt, wird er leben; wer lebt und an mich glaubt, wird in Ewigkeit nicht sterben<\/em>\u201c (Joh 11,25-26).<\/p>\n<p>Von nun an kann nichts mehr so sein wie zuvor.<\/p>\n<div class=\"link-article\">\n<p><img loading=\"lazy\" decoding=\"async\" class=\"size-full wp-image-4400 alignleft\" src=\"https:\/\/blog.holyart.it\/de\/wp-content\/uploads\/sites\/12\/2024\/07\/Ostern-in-der-Kunst.jpeg\" alt=\"Ostern in der Kunst\" width=\"150\" height=\"99\" data-kale-share-title=\"Auferweckung des Lazarus: \u201eSteh auf und geh\u201c\" data-kale-share-url=\"https:\/\/blog.holyart.it\/de\/?p=4392\" \/><\/p>\n<div class=\"leggi-anche\">Lesen Sie auch:<\/div>\n<p><strong><a href=\"https:\/\/www.holyart.de\/blog\/devotionalien\/ostern-in-der-kunst-die-10-schoensten-werke-die-die-passion-christi-darstellen\/\">Ostern in der Kunst: die 10 sch\u00f6nsten Werke, die die Passion Christi darstellen<\/a><\/strong><br \/>\nOstern ist das wichtigste Fest f\u00fcr katholische Christen. Deshalb wurde&#8230;<\/p>\n<\/div>\n<h2>Auferweckung Lazarus von Caravaggio<\/h2>\n<p>Die Auferweckung Lazarus hat im Laufe der Jahrhunderte viele K\u00fcnstler inspiriert. Insbesondere schuf <strong>Caravaggio<\/strong> 1609 ein pr\u00e4chtiges Gem\u00e4lde, das diese Episode aus dem Johannesevangelium darstellt. Das im Regionalmuseum von Messina aufbewahrte Werk wurde von einem genuesischen Kaufmann, Giovanni Battista de&#8216; Lazzari, bei dem K\u00fcnstler, der gerade aus den Gef\u00e4ngnissen Maltas geflohen war, in Auftrag gegeben. Es ist ein Gem\u00e4lde von <strong>schockierendem Realismus<\/strong>, umgeben von <strong>d\u00fcsterer Dunkelheit<\/strong>, in dem die <a href=\"https:\/\/www.holyart.de\/devotionalien\/statuen\/statuen-aus-resin-und-pvc\/statue-heiliger-lazarus-20-cm-aus-kunstharz\"><strong>Gestalt des Lazarus<\/strong><\/a>, umh\u00fcllt vom <strong>g\u00f6ttlichen Licht<\/strong>, das Christus hervorgerufen hat, mit dramatischer Sch\u00f6nheit und Intensit\u00e4t auftaucht, seine Arme in einer Geste ge\u00f6ffnet, die <strong>an das Kreuz<\/strong> erinnert. Der Legende nach verlangte der ber\u00fchmte Maler f\u00fcr die Darstellung des Leichnams von Lazarus <strong>einen echten Leichnam<\/strong>, der von Tr\u00e4gern hochgehalten wurde.<\/p>\n<div class=\"link-product\">\n<div class=\"blocco-immagine\"><img loading=\"lazy\" decoding=\"async\" class=\"size-full wp-image-4401 alignleft\" src=\"https:\/\/blog.holyart.it\/de\/wp-content\/uploads\/sites\/12\/2024\/07\/Statue-Heiliger-Lazarus-20-cm-aus-Kunstharz-1.jpg\" alt=\"Statue Heiliger Lazarus, 20 cm, aus Kunstharz\" width=\"100\" height=\"100\" data-kale-share-title=\"Auferweckung des Lazarus: \u201eSteh auf und geh\u201c\" data-kale-share-url=\"https:\/\/blog.holyart.it\/de\/?p=4392\" \/><\/div>\n<div class=\"blocco-contenuto\">\n<div class=\"blocco-acquista\">Einkaufen:<\/div>\n<div class=\"blocco-titolo\"><a href=\"https:\/\/www.holyart.de\/devotionalien\/statuen\/statuen-aus-resin-und-pvc\/statue-heiliger-lazarus-20-cm-aus-kunstharz\">Statue Heiliger Lazarus, 20 cm, aus Kunstharz<\/a><\/div>\n<div class=\"blocco-descrizione\">Statue Heiliger Lazarus, H\u00f6he: 20 cm, aus Kunstharz gefertigt.<\/div>\n<\/div>\n<\/div>\n","protected":false},"excerpt":{"rendered":"<p>Die Auferweckung Lazarus stellt f\u00fcr Jesus einen Punkt dar, an dem es kein Zur\u00fcck mehr gibt. Von hier aus beginnt seine unaufhaltsame Reise hin zu dem Schicksal, das Gott f\u00fcr ihn wollte In einem Artikel \u00fcber Freundschaft haben wir von Martha, Maria und Lazarus von&hellip;<\/p>\n","protected":false},"author":1,"featured_media":4394,"comment_status":"closed","ping_status":"open","sticky":false,"template":"","format":"standard","meta":{"_acf_changed":false,"footnotes":""},"categories":[10],"tags":[],"class_list":["post-4392","post","type-post","status-publish","format-standard","has-post-thumbnail","hentry","category-devotionalien"],"acf":[],"yoast_head":"<!-- This site is optimized with the Yoast SEO plugin v26.6 - https:\/\/yoast.com\/wordpress\/plugins\/seo\/ -->\n<title>Auferweckung des Lazarus: \u201eSteh auf und geh\u201c - Holyart.de Blog<\/title>\n<meta name=\"description\" content=\"Die Auferweckung Lazarus markiert einen entscheidenden Abschnitt in der Geschichte Jesu, die im Johannesevangelium erz\u00e4hlt wird. Von hier aus beginnt seine Reise zur Passion.\" \/>\n<meta name=\"robots\" content=\"index, follow, max-snippet:-1, max-image-preview:large, max-video-preview:-1\" \/>\n<link rel=\"canonical\" href=\"https:\/\/blog.holyart.it\/de\/devotionalien\/auferweckung-des-lazarus-steh-auf-und-geh\/\" \/>\n<meta property=\"og:locale\" content=\"de_DE\" \/>\n<meta property=\"og:type\" content=\"article\" \/>\n<meta property=\"og:title\" content=\"Auferweckung des Lazarus: \u201eSteh auf und geh\u201c - Holyart.de Blog\" \/>\n<meta property=\"og:description\" content=\"Die Auferweckung Lazarus markiert einen entscheidenden Abschnitt in der Geschichte Jesu, die im Johannesevangelium erz\u00e4hlt wird. Von hier aus beginnt seine Reise zur Passion.\" \/>\n<meta property=\"og:url\" content=\"https:\/\/blog.holyart.it\/de\/devotionalien\/auferweckung-des-lazarus-steh-auf-und-geh\/\" \/>\n<meta property=\"og:site_name\" content=\"Holyart.de Blog\" \/>\n<meta property=\"article:published_time\" content=\"2024-07-24T08:00:52+00:00\" \/>\n<meta property=\"og:image\" content=\"https:\/\/blog.holyart.it\/de\/wp-content\/uploads\/sites\/12\/2024\/07\/Auferweckung-des-Lazarus.jpg\" \/>\n\t<meta property=\"og:image:width\" content=\"1000\" \/>\n\t<meta property=\"og:image:height\" content=\"666\" \/>\n\t<meta property=\"og:image:type\" content=\"image\/jpeg\" \/>\n<meta name=\"author\" content=\"Redazione\" \/>\n<meta name=\"twitter:card\" content=\"summary_large_image\" \/>\n<meta name=\"twitter:label1\" content=\"Verfasst von\" \/>\n\t<meta name=\"twitter:data1\" content=\"Redazione\" \/>\n\t<meta name=\"twitter:label2\" content=\"Gesch\u00e4tzte Lesezeit\" \/>\n\t<meta name=\"twitter:data2\" content=\"7\u00a0Minuten\" \/>\n<script type=\"application\/ld+json\" class=\"yoast-schema-graph\">{\"@context\":\"https:\/\/schema.org\",\"@graph\":[{\"@type\":\"Article\",\"@id\":\"https:\/\/blog.holyart.it\/de\/devotionalien\/auferweckung-des-lazarus-steh-auf-und-geh\/#article\",\"isPartOf\":{\"@id\":\"https:\/\/blog.holyart.it\/de\/devotionalien\/auferweckung-des-lazarus-steh-auf-und-geh\/\"},\"author\":{\"name\":\"Redazione\",\"@id\":\"https:\/\/blog.holyart.it\/de\/#\/schema\/person\/0a7b686e5af0f856ec1e390dd0baecda\"},\"headline\":\"Auferweckung des Lazarus: \u201eSteh auf und geh\u201c\",\"datePublished\":\"2024-07-24T08:00:52+00:00\",\"mainEntityOfPage\":{\"@id\":\"https:\/\/blog.holyart.it\/de\/devotionalien\/auferweckung-des-lazarus-steh-auf-und-geh\/\"},\"wordCount\":961,\"publisher\":{\"@id\":\"https:\/\/blog.holyart.it\/de\/#organization\"},\"image\":{\"@id\":\"https:\/\/blog.holyart.it\/de\/devotionalien\/auferweckung-des-lazarus-steh-auf-und-geh\/#primaryimage\"},\"thumbnailUrl\":\"https:\/\/blog.holyart.it\/de\/wp-content\/uploads\/sites\/12\/2024\/07\/Auferweckung-des-Lazarus.jpg\",\"articleSection\":[\"Religion\"],\"inLanguage\":\"de\"},{\"@type\":\"WebPage\",\"@id\":\"https:\/\/blog.holyart.it\/de\/devotionalien\/auferweckung-des-lazarus-steh-auf-und-geh\/\",\"url\":\"https:\/\/blog.holyart.it\/de\/devotionalien\/auferweckung-des-lazarus-steh-auf-und-geh\/\",\"name\":\"Auferweckung des Lazarus: \u201eSteh auf und geh\u201c - Holyart.de Blog\",\"isPartOf\":{\"@id\":\"https:\/\/blog.holyart.it\/de\/#website\"},\"primaryImageOfPage\":{\"@id\":\"https:\/\/blog.holyart.it\/de\/devotionalien\/auferweckung-des-lazarus-steh-auf-und-geh\/#primaryimage\"},\"image\":{\"@id\":\"https:\/\/blog.holyart.it\/de\/devotionalien\/auferweckung-des-lazarus-steh-auf-und-geh\/#primaryimage\"},\"thumbnailUrl\":\"https:\/\/blog.holyart.it\/de\/wp-content\/uploads\/sites\/12\/2024\/07\/Auferweckung-des-Lazarus.jpg\",\"datePublished\":\"2024-07-24T08:00:52+00:00\",\"description\":\"Die Auferweckung Lazarus markiert einen entscheidenden Abschnitt in der Geschichte Jesu, die im Johannesevangelium erz\u00e4hlt wird. Von hier aus beginnt seine Reise zur Passion.\",\"breadcrumb\":{\"@id\":\"https:\/\/blog.holyart.it\/de\/devotionalien\/auferweckung-des-lazarus-steh-auf-und-geh\/#breadcrumb\"},\"inLanguage\":\"de\",\"potentialAction\":[{\"@type\":\"ReadAction\",\"target\":[\"https:\/\/blog.holyart.it\/de\/devotionalien\/auferweckung-des-lazarus-steh-auf-und-geh\/\"]}]},{\"@type\":\"ImageObject\",\"inLanguage\":\"de\",\"@id\":\"https:\/\/blog.holyart.it\/de\/devotionalien\/auferweckung-des-lazarus-steh-auf-und-geh\/#primaryimage\",\"url\":\"https:\/\/blog.holyart.it\/de\/wp-content\/uploads\/sites\/12\/2024\/07\/Auferweckung-des-Lazarus.jpg\",\"contentUrl\":\"https:\/\/blog.holyart.it\/de\/wp-content\/uploads\/sites\/12\/2024\/07\/Auferweckung-des-Lazarus.jpg\",\"width\":1000,\"height\":666,\"caption\":\"Auferweckung des Lazarus\"},{\"@type\":\"BreadcrumbList\",\"@id\":\"https:\/\/blog.holyart.it\/de\/devotionalien\/auferweckung-des-lazarus-steh-auf-und-geh\/#breadcrumb\",\"itemListElement\":[{\"@type\":\"ListItem\",\"position\":1,\"name\":\"Homepage\",\"item\":\"https:\/\/blog.holyart.it\/de\/\"},{\"@type\":\"ListItem\",\"position\":2,\"name\":\"Religion\",\"item\":\"https:\/\/blog.holyart.it\/de\/devotionalien\/\"},{\"@type\":\"ListItem\",\"position\":3,\"name\":\"Auferweckung des Lazarus: \u201eSteh auf und geh\u201c\"}]},{\"@type\":\"WebSite\",\"@id\":\"https:\/\/blog.holyart.it\/de\/#website\",\"url\":\"https:\/\/blog.holyart.it\/de\/\",\"name\":\"Holyart.de Blog\",\"description\":\"Holyblog\",\"publisher\":{\"@id\":\"https:\/\/blog.holyart.it\/de\/#organization\"},\"potentialAction\":[{\"@type\":\"SearchAction\",\"target\":{\"@type\":\"EntryPoint\",\"urlTemplate\":\"https:\/\/blog.holyart.it\/de\/?s={search_term_string}\"},\"query-input\":{\"@type\":\"PropertyValueSpecification\",\"valueRequired\":true,\"valueName\":\"search_term_string\"}}],\"inLanguage\":\"de\"},{\"@type\":\"Organization\",\"@id\":\"https:\/\/blog.holyart.it\/de\/#organization\",\"name\":\"Holyart.de Blog\",\"url\":\"https:\/\/blog.holyart.it\/de\/\",\"logo\":{\"@type\":\"ImageObject\",\"inLanguage\":\"de\",\"@id\":\"https:\/\/blog.holyart.it\/de\/#\/schema\/logo\/image\/\",\"url\":\"https:\/\/blog.holyart.it\/de\/wp-content\/uploads\/sites\/12\/2022\/12\/Holyart_Blog_Logo.jpg\",\"contentUrl\":\"https:\/\/blog.holyart.it\/de\/wp-content\/uploads\/sites\/12\/2022\/12\/Holyart_Blog_Logo.jpg\",\"width\":300,\"height\":50,\"caption\":\"Holyart.de Blog\"},\"image\":{\"@id\":\"https:\/\/blog.holyart.it\/de\/#\/schema\/logo\/image\/\"}},{\"@type\":\"Person\",\"@id\":\"https:\/\/blog.holyart.it\/de\/#\/schema\/person\/0a7b686e5af0f856ec1e390dd0baecda\",\"name\":\"Redazione\",\"image\":{\"@type\":\"ImageObject\",\"inLanguage\":\"de\",\"@id\":\"https:\/\/blog.holyart.it\/de\/#\/schema\/person\/image\/\",\"url\":\"https:\/\/secure.gravatar.com\/avatar\/f477da817f43e50d0af36abecd33e3edf826c68299714bdc1057dff3b113f516?s=96&d=mm&r=g\",\"contentUrl\":\"https:\/\/secure.gravatar.com\/avatar\/f477da817f43e50d0af36abecd33e3edf826c68299714bdc1057dff3b113f516?s=96&d=mm&r=g\",\"caption\":\"Redazione\"}}]}<\/script>\n<!-- \/ Yoast SEO plugin. -->","yoast_head_json":{"title":"Auferweckung des Lazarus: \u201eSteh auf und geh\u201c - Holyart.de Blog","description":"Die Auferweckung Lazarus markiert einen entscheidenden Abschnitt in der Geschichte Jesu, die im Johannesevangelium erz\u00e4hlt wird. Von hier aus beginnt seine Reise zur Passion.","robots":{"index":"index","follow":"follow","max-snippet":"max-snippet:-1","max-image-preview":"max-image-preview:large","max-video-preview":"max-video-preview:-1"},"canonical":"https:\/\/blog.holyart.it\/de\/devotionalien\/auferweckung-des-lazarus-steh-auf-und-geh\/","og_locale":"de_DE","og_type":"article","og_title":"Auferweckung des Lazarus: \u201eSteh auf und geh\u201c - Holyart.de Blog","og_description":"Die Auferweckung Lazarus markiert einen entscheidenden Abschnitt in der Geschichte Jesu, die im Johannesevangelium erz\u00e4hlt wird. Von hier aus beginnt seine Reise zur Passion.","og_url":"https:\/\/blog.holyart.it\/de\/devotionalien\/auferweckung-des-lazarus-steh-auf-und-geh\/","og_site_name":"Holyart.de Blog","article_published_time":"2024-07-24T08:00:52+00:00","og_image":[{"width":1000,"height":666,"url":"https:\/\/blog.holyart.it\/de\/wp-content\/uploads\/sites\/12\/2024\/07\/Auferweckung-des-Lazarus.jpg","type":"image\/jpeg"}],"author":"Redazione","twitter_card":"summary_large_image","twitter_misc":{"Verfasst von":"Redazione","Gesch\u00e4tzte Lesezeit":"7\u00a0Minuten"},"schema":{"@context":"https:\/\/schema.org","@graph":[{"@type":"Article","@id":"https:\/\/blog.holyart.it\/de\/devotionalien\/auferweckung-des-lazarus-steh-auf-und-geh\/#article","isPartOf":{"@id":"https:\/\/blog.holyart.it\/de\/devotionalien\/auferweckung-des-lazarus-steh-auf-und-geh\/"},"author":{"name":"Redazione","@id":"https:\/\/blog.holyart.it\/de\/#\/schema\/person\/0a7b686e5af0f856ec1e390dd0baecda"},"headline":"Auferweckung des Lazarus: \u201eSteh auf und geh\u201c","datePublished":"2024-07-24T08:00:52+00:00","mainEntityOfPage":{"@id":"https:\/\/blog.holyart.it\/de\/devotionalien\/auferweckung-des-lazarus-steh-auf-und-geh\/"},"wordCount":961,"publisher":{"@id":"https:\/\/blog.holyart.it\/de\/#organization"},"image":{"@id":"https:\/\/blog.holyart.it\/de\/devotionalien\/auferweckung-des-lazarus-steh-auf-und-geh\/#primaryimage"},"thumbnailUrl":"https:\/\/blog.holyart.it\/de\/wp-content\/uploads\/sites\/12\/2024\/07\/Auferweckung-des-Lazarus.jpg","articleSection":["Religion"],"inLanguage":"de"},{"@type":"WebPage","@id":"https:\/\/blog.holyart.it\/de\/devotionalien\/auferweckung-des-lazarus-steh-auf-und-geh\/","url":"https:\/\/blog.holyart.it\/de\/devotionalien\/auferweckung-des-lazarus-steh-auf-und-geh\/","name":"Auferweckung des Lazarus: \u201eSteh auf und geh\u201c - Holyart.de Blog","isPartOf":{"@id":"https:\/\/blog.holyart.it\/de\/#website"},"primaryImageOfPage":{"@id":"https:\/\/blog.holyart.it\/de\/devotionalien\/auferweckung-des-lazarus-steh-auf-und-geh\/#primaryimage"},"image":{"@id":"https:\/\/blog.holyart.it\/de\/devotionalien\/auferweckung-des-lazarus-steh-auf-und-geh\/#primaryimage"},"thumbnailUrl":"https:\/\/blog.holyart.it\/de\/wp-content\/uploads\/sites\/12\/2024\/07\/Auferweckung-des-Lazarus.jpg","datePublished":"2024-07-24T08:00:52+00:00","description":"Die Auferweckung Lazarus markiert einen entscheidenden Abschnitt in der Geschichte Jesu, die im Johannesevangelium erz\u00e4hlt wird. Von hier aus beginnt seine Reise zur Passion.","breadcrumb":{"@id":"https:\/\/blog.holyart.it\/de\/devotionalien\/auferweckung-des-lazarus-steh-auf-und-geh\/#breadcrumb"},"inLanguage":"de","potentialAction":[{"@type":"ReadAction","target":["https:\/\/blog.holyart.it\/de\/devotionalien\/auferweckung-des-lazarus-steh-auf-und-geh\/"]}]},{"@type":"ImageObject","inLanguage":"de","@id":"https:\/\/blog.holyart.it\/de\/devotionalien\/auferweckung-des-lazarus-steh-auf-und-geh\/#primaryimage","url":"https:\/\/blog.holyart.it\/de\/wp-content\/uploads\/sites\/12\/2024\/07\/Auferweckung-des-Lazarus.jpg","contentUrl":"https:\/\/blog.holyart.it\/de\/wp-content\/uploads\/sites\/12\/2024\/07\/Auferweckung-des-Lazarus.jpg","width":1000,"height":666,"caption":"Auferweckung des Lazarus"},{"@type":"BreadcrumbList","@id":"https:\/\/blog.holyart.it\/de\/devotionalien\/auferweckung-des-lazarus-steh-auf-und-geh\/#breadcrumb","itemListElement":[{"@type":"ListItem","position":1,"name":"Homepage","item":"https:\/\/blog.holyart.it\/de\/"},{"@type":"ListItem","position":2,"name":"Religion","item":"https:\/\/blog.holyart.it\/de\/devotionalien\/"},{"@type":"ListItem","position":3,"name":"Auferweckung des Lazarus: \u201eSteh auf und geh\u201c"}]},{"@type":"WebSite","@id":"https:\/\/blog.holyart.it\/de\/#website","url":"https:\/\/blog.holyart.it\/de\/","name":"Holyart.de Blog","description":"Holyblog","publisher":{"@id":"https:\/\/blog.holyart.it\/de\/#organization"},"potentialAction":[{"@type":"SearchAction","target":{"@type":"EntryPoint","urlTemplate":"https:\/\/blog.holyart.it\/de\/?s={search_term_string}"},"query-input":{"@type":"PropertyValueSpecification","valueRequired":true,"valueName":"search_term_string"}}],"inLanguage":"de"},{"@type":"Organization","@id":"https:\/\/blog.holyart.it\/de\/#organization","name":"Holyart.de Blog","url":"https:\/\/blog.holyart.it\/de\/","logo":{"@type":"ImageObject","inLanguage":"de","@id":"https:\/\/blog.holyart.it\/de\/#\/schema\/logo\/image\/","url":"https:\/\/blog.holyart.it\/de\/wp-content\/uploads\/sites\/12\/2022\/12\/Holyart_Blog_Logo.jpg","contentUrl":"https:\/\/blog.holyart.it\/de\/wp-content\/uploads\/sites\/12\/2022\/12\/Holyart_Blog_Logo.jpg","width":300,"height":50,"caption":"Holyart.de Blog"},"image":{"@id":"https:\/\/blog.holyart.it\/de\/#\/schema\/logo\/image\/"}},{"@type":"Person","@id":"https:\/\/blog.holyart.it\/de\/#\/schema\/person\/0a7b686e5af0f856ec1e390dd0baecda","name":"Redazione","image":{"@type":"ImageObject","inLanguage":"de","@id":"https:\/\/blog.holyart.it\/de\/#\/schema\/person\/image\/","url":"https:\/\/secure.gravatar.com\/avatar\/f477da817f43e50d0af36abecd33e3edf826c68299714bdc1057dff3b113f516?s=96&d=mm&r=g","contentUrl":"https:\/\/secure.gravatar.com\/avatar\/f477da817f43e50d0af36abecd33e3edf826c68299714bdc1057dff3b113f516?s=96&d=mm&r=g","caption":"Redazione"}}]}},"_links":{"self":[{"href":"https:\/\/blog.holyart.it\/de\/wp-json\/wp\/v2\/posts\/4392","targetHints":{"allow":["GET"]}}],"collection":[{"href":"https:\/\/blog.holyart.it\/de\/wp-json\/wp\/v2\/posts"}],"about":[{"href":"https:\/\/blog.holyart.it\/de\/wp-json\/wp\/v2\/types\/post"}],"author":[{"embeddable":true,"href":"https:\/\/blog.holyart.it\/de\/wp-json\/wp\/v2\/users\/1"}],"replies":[{"embeddable":true,"href":"https:\/\/blog.holyart.it\/de\/wp-json\/wp\/v2\/comments?post=4392"}],"version-history":[{"count":6,"href":"https:\/\/blog.holyart.it\/de\/wp-json\/wp\/v2\/posts\/4392\/revisions"}],"predecessor-version":[{"id":4403,"href":"https:\/\/blog.holyart.it\/de\/wp-json\/wp\/v2\/posts\/4392\/revisions\/4403"}],"wp:featuredmedia":[{"embeddable":true,"href":"https:\/\/blog.holyart.it\/de\/wp-json\/wp\/v2\/media\/4394"}],"wp:attachment":[{"href":"https:\/\/blog.holyart.it\/de\/wp-json\/wp\/v2\/media?parent=4392"}],"wp:term":[{"taxonomy":"category","embeddable":true,"href":"https:\/\/blog.holyart.it\/de\/wp-json\/wp\/v2\/categories?post=4392"},{"taxonomy":"post_tag","embeddable":true,"href":"https:\/\/blog.holyart.it\/de\/wp-json\/wp\/v2\/tags?post=4392"}],"curies":[{"name":"wp","href":"https:\/\/api.w.org\/{rel}","templated":true}]}}