{"id":4345,"date":"2024-07-15T10:00:37","date_gmt":"2024-07-15T08:00:37","guid":{"rendered":"https:\/\/blog.holyart.it\/de\/?p=4345"},"modified":"2024-10-11T17:10:27","modified_gmt":"2024-10-11T15:10:27","slug":"martha-maria-und-lazarus-die-freunde-jesu","status":"publish","type":"post","link":"https:\/\/blog.holyart.it\/de\/heilige-und-selige\/martha-maria-und-lazarus-die-freunde-jesu\/","title":{"rendered":"Martha, Maria und Lazarus: Die Freunde Jesu"},"content":{"rendered":"<h4>Am 29. Juli feiern wir das Gedenken an Martha, Maria und Lazarus von Bethanien. Diese Heiligen geh\u00f6rten zu den engsten Freunden Jesu.<\/h4>\n<p>Im Jahr 2011 hat die Generalversammlung der Vereinten Nationen beschlossen, den 30. Juli als <strong>Welttag der Freundschaft<\/strong> zu begehen. Ziel dieses Tages ist es, die Freundschaft nicht nur zwischen Einzelpersonen, sondern auch zwischen L\u00e4ndern und V\u00f6lkern zu f\u00f6rdern, und zwar durch kulturellen Austausch und das Teilen einer Reihe von Werten und Verhaltensweisen, die zu einem dauerhaften und fruchtbaren Frieden f\u00fcr alle f\u00fchren k\u00f6nnen.<\/p>\n<p>Am 29. Juli ordnete <a href=\"https:\/\/www.holyart.de\/besondere-anlasse\/papst-franziksus\"><strong>Papst Franziskus<\/strong><\/a> an, dass im Allgemeinen R\u00f6mischen Kalender das <strong>Gedenken an die Heiligen Martha, Maria und Lazarus<\/strong> gefeiert wird. In der Vergangenheit wurde an diesem Tag nur das Ged\u00e4chtnis der heiligen Martha gefeiert, aber die Kongregation f\u00fcr den Gottesdienst und die Sakramenten-Ordnung hat diese \u00c4nderung nachdr\u00fccklich gew\u00fcnscht, und der Papst hat daf\u00fcr gesorgt, dass sie umgesetzt wurde.<\/p>\n<div class=\"link-product\">\n<div class=\"blocco-immagine\"><img loading=\"lazy\" decoding=\"async\" class=\"size-full wp-image-4348 alignleft\" src=\"https:\/\/blog.holyart.it\/de\/wp-content\/uploads\/sites\/12\/2024\/07\/Armband-mit-schwarzem-Seil-und-Freundschaftskreuz-Silber-800.jpg\" alt=\"Armband mit schwarzem Seil und Freundschaftskreuz Silber 800\" width=\"100\" height=\"100\" data-kale-share-title=\"Martha, Maria und Lazarus: Die Freunde Jesu\" data-kale-share-url=\"https:\/\/blog.holyart.it\/de\/?p=4345\" \/><\/div>\n<div class=\"blocco-contenuto\">\n<div class=\"blocco-acquista\">Einkaufen:<\/div>\n<div class=\"blocco-titolo\"><a href=\"https:\/\/www.holyart.de\/devotionalien\/armbander\/armbander-aus-silber\/armband-mit-schwarzem-seil-und-freundschaftskreuz-silber-800\">Armband mit schwarzem Seil und Freundschaftskreuz Silber 800<\/a><\/div>\n<div class=\"blocco-descrizione\">Armband mit schwarzem Seil und Freundschaftskreuz aus Silber 800.<\/div>\n<\/div>\n<\/div>\n<p>Die Motivation, die zu dieser Entscheidung f\u00fchrte, war die evangelische Bedeutung, die den drei Br\u00fcdern zuerkannt wurde, weil sie Jesus in ihrem Haus beherbergten, ihn als Freund willkommen hie\u00dfen und sich seinen Worten mit vollem Vertrauen und voller Treue anvertrauten.<\/p>\n<p>Doch wer waren diese drei Br\u00fcder, die in dem Dorf Bethanien in der N\u00e4he von Jerusalem lebten?<\/p>\n<p><a href=\"https:\/\/www.holyart.de\/devotionalien\/statuen\/statuen-aus-gips\/heilige-marta-30cm-perlmuttartigen-gips\"><strong>Martha von Bethanien<\/strong><\/a> (Tamar) war haupts\u00e4chlich mit der Hausarbeit besch\u00e4ftigt: <em>W\u00e4hrend sie unterwegs waren, kam (Jesus) in ein Dorf, und eine Frau namens Martha nahm ihn in ihr Haus auf. Sie hatte eine Schwester namens Maria, die zu Jesu F\u00fc\u00dfen sa\u00df und seinem Wort zuh\u00f6rte; Martha dagegen war mit vielen Diensten besch\u00e4ftigt. <\/em>(Lukas 10:38-40)<\/p>\n<div class=\"link-product\">\n<div class=\"blocco-immagine\"><img loading=\"lazy\" decoding=\"async\" class=\"size-full wp-image-4349 alignleft\" src=\"https:\/\/blog.holyart.it\/de\/wp-content\/uploads\/sites\/12\/2024\/07\/Heilige-Martha-20cm-aus-Harz.jpg\" alt=\"Heilige Martha 20cm aus Harz\" width=\"100\" height=\"100\" data-kale-share-title=\"Martha, Maria und Lazarus: Die Freunde Jesu\" data-kale-share-url=\"https:\/\/blog.holyart.it\/de\/?p=4345\" \/><\/div>\n<div class=\"blocco-contenuto\">\n<div class=\"blocco-acquista\">Einkaufen:<\/div>\n<div class=\"blocco-titolo\"><a href=\"https:\/\/www.holyart.de\/devotionalien\/statuen\/statuen-aus-resin-und-pvc\/heilige-martha-20cm-aus-harz\">Heilige Martha 20cm aus Harz<\/a><\/div>\n<div class=\"blocco-descrizione\">Heilige Martha 20cm aus Harz. Statue der Heiligen Martha realisiert aus Harz und handbemalt.<\/div>\n<\/div>\n<\/div>\n<p>Martha beschwerte sich bei Jesus, weil sie arbeitete, w\u00e4hrend ihre Schwester <a href=\"https:\/\/www.holyart.de\/blog\/devotionalien\/wer-maria-magdalena-wirklich-war-geschichte-und-leben-der-apostelin-der-apostel\/\"><strong>Maria<\/strong><\/a> (Miry\u0101m) zu seinen F\u00fc\u00dfen sa\u00df und ihm zuh\u00f6rte, aber Jesus antwortete ihr so: \u201e<em>Martha, Martha, du sorgst dich um viele Dinge, aber nur eines ist n\u00f6tig. Maria hat sich das Beste ausgesucht, das nicht von ihr genommen werden soll.\u201c<\/em><\/p>\n<p>Von <a href=\"https:\/\/www.holyart.de\/devotionalien\/statuen\/statuen-aus-resin-und-pvc\/statue-heiliger-lazarus-20-cm-aus-kunstharz\"><strong>Lazarus<\/strong><\/a> (Eleasar oder Elieser) kennen wir die Geschichte <strong>seines Todes und seiner Auferstehung<\/strong> durch den Willen Jesu aus dem Johannesevangelium (11,1-44): Martha und Maria, die Schwestern des Lazarus, baten Jesus um Hilfe, der zum Grab ging und den Mann von den Toten zur\u00fcckholte.<\/p>\n<div class=\"link-article\">\n<p><img loading=\"lazy\" decoding=\"async\" class=\"size-full wp-image-4350 alignleft\" src=\"https:\/\/blog.holyart.it\/de\/wp-content\/uploads\/sites\/12\/2024\/07\/Wer-Maria-Magdalena-wirklich-war-\u2013-Geschichte-und-Leben-der-\u201eApostelin-der-Apostel.jpg\" alt=\"Wer Maria Magdalena wirklich war \u2013 Geschichte und Leben der \u201eApostelin der Apostel\u201c\" width=\"150\" height=\"99\" data-kale-share-title=\"Martha, Maria und Lazarus: Die Freunde Jesu\" data-kale-share-url=\"https:\/\/blog.holyart.it\/de\/?p=4345\" \/><\/p>\n<div class=\"leggi-anche\">Lesen Sie auch:<\/div>\n<p><strong><a href=\"https:\/\/www.holyart.de\/blog\/devotionalien\/wer-maria-magdalena-wirklich-war-geschichte-und-leben-der-apostelin-der-apostel\/\">Wer Maria Magdalena wirklich war \u2013 Geschichte und Leben der \u201eApostelin der Apostel\u201c<\/a><\/strong><br \/>\nUnter den J\u00fcngern gab es auch einige Frauen. Wir wollen mehr \u00fcber&#8230;<\/p>\n<\/div>\n<p>&nbsp;<\/p>\n<h2>Martha und Maria: die zwei Gesichter der Gastfreundschaft<\/h2>\n<p>Schon im ersten Abschnitt des Lukasevangeliums sehen wir, wie sich die beiden Schwestern unterscheiden. Beide bringen <strong>zwei Arten zum Ausdruck, Jesus Christus zu lieben und ihm nachzufolgen<\/strong>: Martha tut es mit Sorgfalt, indem sie ihn als Mitglied der Familie beherbergt und umsorgt, w\u00e4hrend Maria zu seinen F\u00fc\u00dfen sitzt und ihm zuh\u00f6rt. Beide Ans\u00e4tze sind richtig, beide sind Ausdruck der Liebe und Freundschaft zum Herrn.<\/p>\n<p>Martha mit ihrer F\u00fcrsorge, Maria mit ihrem Zuh\u00f6ren und ihrer Verehrung, Lazarus mit seiner stillen Zuneigung und seinem Vertrauen auf das Wort Jesu sind die Verk\u00f6rperung <strong>dreier Arten, ihn zu lieben und ihm zu folgen<\/strong>. Ein Glaube, der aus Kontemplation besteht, aber auch aus Aktion, aus Gesten. Es ist kein Zufall, dass laut der <em>Legenda aurea<\/em> (Goldlegende) die drei Br\u00fcder von Bethanien nach <a href=\"https:\/\/www.holyart.de\/blog\/devotionalien\/warum-ist-jesus-am-kreuz-ein-so-wichtiges-symbol-fuer-die-katholiken\/\"><strong>dem Tod Jesu<\/strong><\/a> nach Frankreich gingen, um sein Wort zu verk\u00fcnden, und Lazarus soll der erste Bischof von Marseille gewesen sein. Nach einer anderen \u00dcberlieferung wurde Lazarus von den Priestern gerade deshalb zum Tode verurteilt, weil er durch seine Auferstehung zum lebendigen Beweis f\u00fcr die Macht Jesu geworden war.<\/p>\n<p>Genau in dieser Integration der Gastfreundschaft, die aus Essen, W\u00e4rme, Ruhe und absoluter Hingabe besteht, fand Papst Franziskus die perfekte Motivation, um allen drei Br\u00fcdern von Bethanien das Recht zuzugestehen, als Freunde Jesu erinnert und gefeiert zu werden.<\/p>\n<div class=\"link-product\">\n<div class=\"blocco-immagine\"><img loading=\"lazy\" decoding=\"async\" class=\"size-full wp-image-4351 alignleft\" src=\"https:\/\/blog.holyart.it\/de\/wp-content\/uploads\/sites\/12\/2024\/07\/Statue-Heiliger-Lazarus-20-cm-aus-Kunstharz.jpg\" alt=\"Statue Heiliger Lazarus, 20 cm, aus Kunstharz\" width=\"100\" height=\"100\" data-kale-share-title=\"Martha, Maria und Lazarus: Die Freunde Jesu\" data-kale-share-url=\"https:\/\/blog.holyart.it\/de\/?p=4345\" \/><\/div>\n<div class=\"blocco-contenuto\">\n<div class=\"blocco-acquista\">Einkaufen:<\/div>\n<div class=\"blocco-titolo\"><a href=\"https:\/\/www.holyart.de\/devotionalien\/statuen\/statuen-aus-resin-und-pvc\/statue-heiliger-lazarus-20-cm-aus-kunstharz\">Statue Heiliger Lazarus, 20 cm, aus Kunstharz<\/a><\/div>\n<div class=\"blocco-descrizione\">Statue Heiliger Lazarus, H\u00f6he: 20 cm, aus Kunstharz gefertigt.<\/div>\n<\/div>\n<\/div>\n<h2>Zweifel an der S\u00fcnderin<\/h2>\n<p>Um zu verstehen, warum diese Anerkennung warten musste, m\u00fcssen wir auch <a href=\"https:\/\/www.holyart.de\/blog\/heilige-und-selige\/maria-magdalena-die-frau-jesu-klaeren-wir-das-thema-auf\/\"><strong>die Zweifel an der Identit\u00e4t der S\u00fcnderin <\/strong><\/a>ber\u00fccksichtigen, der Prostituierten, die Jesus angeblich mit ihren Tr\u00e4nen die F\u00fc\u00dfe gewaschen und mit ihrem Haar getrocknet hat. \u00dcber Jahrhunderte hinweg wurde diese Figur mit denen von Maria Magdalena und Maria von Bethanien verwechselt und \u00fcberlagert, was dazu f\u00fchrte, dass letztere nicht den gleichen Status wie ihre Schwester Martha erhielt. Neuere Studien haben gezeigt, dass Maria, die Schwester von Martha und Lazarus, zwar ebenfalls die F\u00fc\u00dfe Jesu mit teurem \u00d6l salbte und sie mit ihrem Haar abtrocknete und damit Judas ver\u00e4rgerte (Johannes 12, 1-8), aber nicht die angebliche S\u00fcnderin war.<\/p>\n<div class=\"link-article\">\n<p><img loading=\"lazy\" decoding=\"async\" class=\"size-full wp-image-4352 alignleft\" src=\"https:\/\/blog.holyart.it\/de\/wp-content\/uploads\/sites\/12\/2024\/07\/Maria-Magdalena-die-Frau-Jesu.jpeg\" alt=\"Maria Magdalena die Frau Jesu\" width=\"150\" height=\"100\" data-kale-share-title=\"Martha, Maria und Lazarus: Die Freunde Jesu\" data-kale-share-url=\"https:\/\/blog.holyart.it\/de\/?p=4345\" \/><\/p>\n<div class=\"leggi-anche\">Lesen Sie auch:<\/div>\n<p><strong><a href=\"https:\/\/www.holyart.de\/blog\/heilige-und-selige\/maria-magdalena-die-frau-jesu-klaeren-wir-das-thema-auf\/\">Maria Magdalena, die Frau Jesu: Kl\u00e4ren wir das Thema auf<\/a><\/strong><br \/>\nWas ist die Wahrheit \u00fcber Maria Magdalena? Ehefrau von Jesus oder nur eine J\u00fcngerin? Das wollen wir&#8230;<\/p>\n<\/div>\n<p>Im Grunde gilt f\u00fcr uns alle, dass Freundschaft, wahre Freundschaft, aus Zuneigung und Teilen bestehen muss, aus dem Wissen, dass wir bei jemandem, der nicht zur Familie geh\u00f6rt, ein Zuhause, eine Zuflucht, einen Ort finden k\u00f6nnen, an dem wir uns angenommen f\u00fchlen. <a href=\"https:\/\/www.holyart.de\/devotionalien\/kruzifixe-und-kreuze\/kruzifixe-und-kreuze-aus-holz\/kruzifix-aus-olivenbaumholz-mit-freundschaftszeichen-14-cm\"><strong>Freundschaft ist uneingeschr\u00e4nkte Liebe<\/strong><\/a>, ein kostbares Gut, das in keinem Leben fehlen darf. Das wusste auch Jesus, weshalb er seine Freunde Martha, Maria und Lazarus von Bethanien z\u00e4rtlich liebte.<\/p>\n<div class=\"link-product\">\n<div class=\"blocco-immagine\"><img loading=\"lazy\" decoding=\"async\" class=\"size-full wp-image-4353 alignleft\" src=\"https:\/\/blog.holyart.it\/de\/wp-content\/uploads\/sites\/12\/2024\/07\/Kruzifix-aus-Olivenbaumholz-mit-Freundschaftszeichen-14-cm.jpg\" alt=\"Kruzifix aus Olivenbaumholz mit Freundschaftszeichen, 14 cm \" width=\"100\" height=\"100\" data-kale-share-title=\"Martha, Maria und Lazarus: Die Freunde Jesu\" data-kale-share-url=\"https:\/\/blog.holyart.it\/de\/?p=4345\" \/><\/div>\n<div class=\"blocco-contenuto\">\n<div class=\"blocco-acquista\">Einkaufen:<\/div>\n<div class=\"blocco-titolo\"><a href=\"https:\/\/www.holyart.de\/devotionalien\/kruzifixe-und-kreuze\/kruzifixe-und-kreuze-aus-holz\/kruzifix-aus-olivenbaumholz-mit-freundschaftszeichen-14-cm\">Kruzifix aus Olivenbaumholz mit Freundschaftszeichen, 14 cm<\/a><\/div>\n<div class=\"blocco-descrizione\">14 x 8,5 gro\u00dfes Kruzifix aus Olivenbaumholz mit dem darauf eingravierten Zeichen der Freundschaft.<\/div>\n<\/div>\n<\/div>\n","protected":false},"excerpt":{"rendered":"<p>Am 29. Juli feiern wir das Gedenken an Martha, Maria und Lazarus von Bethanien. Diese Heiligen geh\u00f6rten zu den engsten Freunden Jesu. Im Jahr 2011 hat die Generalversammlung der Vereinten Nationen beschlossen, den 30. Juli als Welttag der Freundschaft zu begehen. Ziel dieses Tages ist&hellip;<\/p>\n","protected":false},"author":1,"featured_media":4347,"comment_status":"closed","ping_status":"open","sticky":false,"template":"","format":"standard","meta":{"_acf_changed":false,"footnotes":""},"categories":[9],"tags":[],"class_list":["post-4345","post","type-post","status-publish","format-standard","has-post-thumbnail","hentry","category-heilige-und-selige"],"acf":[],"yoast_head":"<!-- This site is optimized with the Yoast SEO plugin v26.6 - https:\/\/yoast.com\/wordpress\/plugins\/seo\/ -->\n<title>Martha, Maria und Lazarus: Die Freunde Jesu - Holyart.de Blog<\/title>\n<meta name=\"description\" content=\"Am 29. Juli feiern wir das Gedenken an Martha, Maria und Lazarus von Bethanien. Diese Heiligen geh\u00f6rten zu den engsten Freunden Jesu.\" \/>\n<meta name=\"robots\" content=\"index, follow, max-snippet:-1, max-image-preview:large, max-video-preview:-1\" \/>\n<link rel=\"canonical\" href=\"https:\/\/blog.holyart.it\/de\/heilige-und-selige\/martha-maria-und-lazarus-die-freunde-jesu\/\" \/>\n<meta property=\"og:locale\" content=\"de_DE\" \/>\n<meta property=\"og:type\" content=\"article\" \/>\n<meta property=\"og:title\" content=\"Martha, Maria und Lazarus: Die Freunde Jesu - Holyart.de Blog\" \/>\n<meta property=\"og:description\" content=\"Am 29. Juli feiern wir das Gedenken an Martha, Maria und Lazarus von Bethanien. Diese Heiligen geh\u00f6rten zu den engsten Freunden Jesu.\" \/>\n<meta property=\"og:url\" content=\"https:\/\/blog.holyart.it\/de\/heilige-und-selige\/martha-maria-und-lazarus-die-freunde-jesu\/\" \/>\n<meta property=\"og:site_name\" content=\"Holyart.de Blog\" \/>\n<meta property=\"article:published_time\" content=\"2024-07-15T08:00:37+00:00\" \/>\n<meta property=\"article:modified_time\" content=\"2024-10-11T15:10:27+00:00\" \/>\n<meta property=\"og:image\" content=\"https:\/\/blog.holyart.it\/de\/wp-content\/uploads\/sites\/12\/2024\/07\/Martha-Maria-und-Lazarus.jpg\" \/>\n\t<meta property=\"og:image:width\" content=\"1000\" \/>\n\t<meta property=\"og:image:height\" content=\"664\" \/>\n\t<meta property=\"og:image:type\" content=\"image\/jpeg\" \/>\n<meta name=\"author\" content=\"Redazione\" \/>\n<meta name=\"twitter:card\" content=\"summary_large_image\" \/>\n<meta name=\"twitter:label1\" content=\"Verfasst von\" \/>\n\t<meta name=\"twitter:data1\" content=\"Redazione\" \/>\n\t<meta name=\"twitter:label2\" content=\"Gesch\u00e4tzte Lesezeit\" \/>\n\t<meta name=\"twitter:data2\" content=\"7\u00a0Minuten\" \/>\n<script type=\"application\/ld+json\" class=\"yoast-schema-graph\">{\"@context\":\"https:\/\/schema.org\",\"@graph\":[{\"@type\":\"Article\",\"@id\":\"https:\/\/blog.holyart.it\/de\/heilige-und-selige\/martha-maria-und-lazarus-die-freunde-jesu\/#article\",\"isPartOf\":{\"@id\":\"https:\/\/blog.holyart.it\/de\/heilige-und-selige\/martha-maria-und-lazarus-die-freunde-jesu\/\"},\"author\":{\"name\":\"Redazione\",\"@id\":\"https:\/\/blog.holyart.it\/de\/#\/schema\/person\/0a7b686e5af0f856ec1e390dd0baecda\"},\"headline\":\"Martha, Maria und Lazarus: Die Freunde Jesu\",\"datePublished\":\"2024-07-15T08:00:37+00:00\",\"dateModified\":\"2024-10-11T15:10:27+00:00\",\"mainEntityOfPage\":{\"@id\":\"https:\/\/blog.holyart.it\/de\/heilige-und-selige\/martha-maria-und-lazarus-die-freunde-jesu\/\"},\"wordCount\":951,\"publisher\":{\"@id\":\"https:\/\/blog.holyart.it\/de\/#organization\"},\"image\":{\"@id\":\"https:\/\/blog.holyart.it\/de\/heilige-und-selige\/martha-maria-und-lazarus-die-freunde-jesu\/#primaryimage\"},\"thumbnailUrl\":\"https:\/\/blog.holyart.it\/de\/wp-content\/uploads\/sites\/12\/2024\/07\/Martha-Maria-und-Lazarus.jpg\",\"articleSection\":[\"Heilige und Selige\"],\"inLanguage\":\"de\"},{\"@type\":\"WebPage\",\"@id\":\"https:\/\/blog.holyart.it\/de\/heilige-und-selige\/martha-maria-und-lazarus-die-freunde-jesu\/\",\"url\":\"https:\/\/blog.holyart.it\/de\/heilige-und-selige\/martha-maria-und-lazarus-die-freunde-jesu\/\",\"name\":\"Martha, Maria und Lazarus: Die Freunde Jesu - Holyart.de Blog\",\"isPartOf\":{\"@id\":\"https:\/\/blog.holyart.it\/de\/#website\"},\"primaryImageOfPage\":{\"@id\":\"https:\/\/blog.holyart.it\/de\/heilige-und-selige\/martha-maria-und-lazarus-die-freunde-jesu\/#primaryimage\"},\"image\":{\"@id\":\"https:\/\/blog.holyart.it\/de\/heilige-und-selige\/martha-maria-und-lazarus-die-freunde-jesu\/#primaryimage\"},\"thumbnailUrl\":\"https:\/\/blog.holyart.it\/de\/wp-content\/uploads\/sites\/12\/2024\/07\/Martha-Maria-und-Lazarus.jpg\",\"datePublished\":\"2024-07-15T08:00:37+00:00\",\"dateModified\":\"2024-10-11T15:10:27+00:00\",\"description\":\"Am 29. Juli feiern wir das Gedenken an Martha, Maria und Lazarus von Bethanien. Diese Heiligen geh\u00f6rten zu den engsten Freunden Jesu.\",\"breadcrumb\":{\"@id\":\"https:\/\/blog.holyart.it\/de\/heilige-und-selige\/martha-maria-und-lazarus-die-freunde-jesu\/#breadcrumb\"},\"inLanguage\":\"de\",\"potentialAction\":[{\"@type\":\"ReadAction\",\"target\":[\"https:\/\/blog.holyart.it\/de\/heilige-und-selige\/martha-maria-und-lazarus-die-freunde-jesu\/\"]}]},{\"@type\":\"ImageObject\",\"inLanguage\":\"de\",\"@id\":\"https:\/\/blog.holyart.it\/de\/heilige-und-selige\/martha-maria-und-lazarus-die-freunde-jesu\/#primaryimage\",\"url\":\"https:\/\/blog.holyart.it\/de\/wp-content\/uploads\/sites\/12\/2024\/07\/Martha-Maria-und-Lazarus.jpg\",\"contentUrl\":\"https:\/\/blog.holyart.it\/de\/wp-content\/uploads\/sites\/12\/2024\/07\/Martha-Maria-und-Lazarus.jpg\",\"width\":1000,\"height\":664,\"caption\":\"Martha, Maria und Lazarus\"},{\"@type\":\"BreadcrumbList\",\"@id\":\"https:\/\/blog.holyart.it\/de\/heilige-und-selige\/martha-maria-und-lazarus-die-freunde-jesu\/#breadcrumb\",\"itemListElement\":[{\"@type\":\"ListItem\",\"position\":1,\"name\":\"Homepage\",\"item\":\"https:\/\/blog.holyart.it\/de\/\"},{\"@type\":\"ListItem\",\"position\":2,\"name\":\"Heilige und Selige\",\"item\":\"https:\/\/blog.holyart.it\/de\/heilige-und-selige\/\"},{\"@type\":\"ListItem\",\"position\":3,\"name\":\"Martha, Maria und Lazarus: Die Freunde Jesu\"}]},{\"@type\":\"WebSite\",\"@id\":\"https:\/\/blog.holyart.it\/de\/#website\",\"url\":\"https:\/\/blog.holyart.it\/de\/\",\"name\":\"Holyart.de Blog\",\"description\":\"Holyblog\",\"publisher\":{\"@id\":\"https:\/\/blog.holyart.it\/de\/#organization\"},\"potentialAction\":[{\"@type\":\"SearchAction\",\"target\":{\"@type\":\"EntryPoint\",\"urlTemplate\":\"https:\/\/blog.holyart.it\/de\/?s={search_term_string}\"},\"query-input\":{\"@type\":\"PropertyValueSpecification\",\"valueRequired\":true,\"valueName\":\"search_term_string\"}}],\"inLanguage\":\"de\"},{\"@type\":\"Organization\",\"@id\":\"https:\/\/blog.holyart.it\/de\/#organization\",\"name\":\"Holyart.de Blog\",\"url\":\"https:\/\/blog.holyart.it\/de\/\",\"logo\":{\"@type\":\"ImageObject\",\"inLanguage\":\"de\",\"@id\":\"https:\/\/blog.holyart.it\/de\/#\/schema\/logo\/image\/\",\"url\":\"https:\/\/blog.holyart.it\/de\/wp-content\/uploads\/sites\/12\/2022\/12\/Holyart_Blog_Logo.jpg\",\"contentUrl\":\"https:\/\/blog.holyart.it\/de\/wp-content\/uploads\/sites\/12\/2022\/12\/Holyart_Blog_Logo.jpg\",\"width\":300,\"height\":50,\"caption\":\"Holyart.de Blog\"},\"image\":{\"@id\":\"https:\/\/blog.holyart.it\/de\/#\/schema\/logo\/image\/\"}},{\"@type\":\"Person\",\"@id\":\"https:\/\/blog.holyart.it\/de\/#\/schema\/person\/0a7b686e5af0f856ec1e390dd0baecda\",\"name\":\"Redazione\",\"image\":{\"@type\":\"ImageObject\",\"inLanguage\":\"de\",\"@id\":\"https:\/\/blog.holyart.it\/de\/#\/schema\/person\/image\/\",\"url\":\"https:\/\/secure.gravatar.com\/avatar\/f477da817f43e50d0af36abecd33e3edf826c68299714bdc1057dff3b113f516?s=96&d=mm&r=g\",\"contentUrl\":\"https:\/\/secure.gravatar.com\/avatar\/f477da817f43e50d0af36abecd33e3edf826c68299714bdc1057dff3b113f516?s=96&d=mm&r=g\",\"caption\":\"Redazione\"}}]}<\/script>\n<!-- \/ Yoast SEO plugin. -->","yoast_head_json":{"title":"Martha, Maria und Lazarus: Die Freunde Jesu - Holyart.de Blog","description":"Am 29. Juli feiern wir das Gedenken an Martha, Maria und Lazarus von Bethanien. Diese Heiligen geh\u00f6rten zu den engsten Freunden Jesu.","robots":{"index":"index","follow":"follow","max-snippet":"max-snippet:-1","max-image-preview":"max-image-preview:large","max-video-preview":"max-video-preview:-1"},"canonical":"https:\/\/blog.holyart.it\/de\/heilige-und-selige\/martha-maria-und-lazarus-die-freunde-jesu\/","og_locale":"de_DE","og_type":"article","og_title":"Martha, Maria und Lazarus: Die Freunde Jesu - Holyart.de Blog","og_description":"Am 29. Juli feiern wir das Gedenken an Martha, Maria und Lazarus von Bethanien. Diese Heiligen geh\u00f6rten zu den engsten Freunden Jesu.","og_url":"https:\/\/blog.holyart.it\/de\/heilige-und-selige\/martha-maria-und-lazarus-die-freunde-jesu\/","og_site_name":"Holyart.de Blog","article_published_time":"2024-07-15T08:00:37+00:00","article_modified_time":"2024-10-11T15:10:27+00:00","og_image":[{"width":1000,"height":664,"url":"https:\/\/blog.holyart.it\/de\/wp-content\/uploads\/sites\/12\/2024\/07\/Martha-Maria-und-Lazarus.jpg","type":"image\/jpeg"}],"author":"Redazione","twitter_card":"summary_large_image","twitter_misc":{"Verfasst von":"Redazione","Gesch\u00e4tzte Lesezeit":"7\u00a0Minuten"},"schema":{"@context":"https:\/\/schema.org","@graph":[{"@type":"Article","@id":"https:\/\/blog.holyart.it\/de\/heilige-und-selige\/martha-maria-und-lazarus-die-freunde-jesu\/#article","isPartOf":{"@id":"https:\/\/blog.holyart.it\/de\/heilige-und-selige\/martha-maria-und-lazarus-die-freunde-jesu\/"},"author":{"name":"Redazione","@id":"https:\/\/blog.holyart.it\/de\/#\/schema\/person\/0a7b686e5af0f856ec1e390dd0baecda"},"headline":"Martha, Maria und Lazarus: Die Freunde Jesu","datePublished":"2024-07-15T08:00:37+00:00","dateModified":"2024-10-11T15:10:27+00:00","mainEntityOfPage":{"@id":"https:\/\/blog.holyart.it\/de\/heilige-und-selige\/martha-maria-und-lazarus-die-freunde-jesu\/"},"wordCount":951,"publisher":{"@id":"https:\/\/blog.holyart.it\/de\/#organization"},"image":{"@id":"https:\/\/blog.holyart.it\/de\/heilige-und-selige\/martha-maria-und-lazarus-die-freunde-jesu\/#primaryimage"},"thumbnailUrl":"https:\/\/blog.holyart.it\/de\/wp-content\/uploads\/sites\/12\/2024\/07\/Martha-Maria-und-Lazarus.jpg","articleSection":["Heilige und Selige"],"inLanguage":"de"},{"@type":"WebPage","@id":"https:\/\/blog.holyart.it\/de\/heilige-und-selige\/martha-maria-und-lazarus-die-freunde-jesu\/","url":"https:\/\/blog.holyart.it\/de\/heilige-und-selige\/martha-maria-und-lazarus-die-freunde-jesu\/","name":"Martha, Maria und Lazarus: Die Freunde Jesu - Holyart.de Blog","isPartOf":{"@id":"https:\/\/blog.holyart.it\/de\/#website"},"primaryImageOfPage":{"@id":"https:\/\/blog.holyart.it\/de\/heilige-und-selige\/martha-maria-und-lazarus-die-freunde-jesu\/#primaryimage"},"image":{"@id":"https:\/\/blog.holyart.it\/de\/heilige-und-selige\/martha-maria-und-lazarus-die-freunde-jesu\/#primaryimage"},"thumbnailUrl":"https:\/\/blog.holyart.it\/de\/wp-content\/uploads\/sites\/12\/2024\/07\/Martha-Maria-und-Lazarus.jpg","datePublished":"2024-07-15T08:00:37+00:00","dateModified":"2024-10-11T15:10:27+00:00","description":"Am 29. Juli feiern wir das Gedenken an Martha, Maria und Lazarus von Bethanien. Diese Heiligen geh\u00f6rten zu den engsten Freunden Jesu.","breadcrumb":{"@id":"https:\/\/blog.holyart.it\/de\/heilige-und-selige\/martha-maria-und-lazarus-die-freunde-jesu\/#breadcrumb"},"inLanguage":"de","potentialAction":[{"@type":"ReadAction","target":["https:\/\/blog.holyart.it\/de\/heilige-und-selige\/martha-maria-und-lazarus-die-freunde-jesu\/"]}]},{"@type":"ImageObject","inLanguage":"de","@id":"https:\/\/blog.holyart.it\/de\/heilige-und-selige\/martha-maria-und-lazarus-die-freunde-jesu\/#primaryimage","url":"https:\/\/blog.holyart.it\/de\/wp-content\/uploads\/sites\/12\/2024\/07\/Martha-Maria-und-Lazarus.jpg","contentUrl":"https:\/\/blog.holyart.it\/de\/wp-content\/uploads\/sites\/12\/2024\/07\/Martha-Maria-und-Lazarus.jpg","width":1000,"height":664,"caption":"Martha, Maria und Lazarus"},{"@type":"BreadcrumbList","@id":"https:\/\/blog.holyart.it\/de\/heilige-und-selige\/martha-maria-und-lazarus-die-freunde-jesu\/#breadcrumb","itemListElement":[{"@type":"ListItem","position":1,"name":"Homepage","item":"https:\/\/blog.holyart.it\/de\/"},{"@type":"ListItem","position":2,"name":"Heilige und Selige","item":"https:\/\/blog.holyart.it\/de\/heilige-und-selige\/"},{"@type":"ListItem","position":3,"name":"Martha, Maria und Lazarus: Die Freunde Jesu"}]},{"@type":"WebSite","@id":"https:\/\/blog.holyart.it\/de\/#website","url":"https:\/\/blog.holyart.it\/de\/","name":"Holyart.de Blog","description":"Holyblog","publisher":{"@id":"https:\/\/blog.holyart.it\/de\/#organization"},"potentialAction":[{"@type":"SearchAction","target":{"@type":"EntryPoint","urlTemplate":"https:\/\/blog.holyart.it\/de\/?s={search_term_string}"},"query-input":{"@type":"PropertyValueSpecification","valueRequired":true,"valueName":"search_term_string"}}],"inLanguage":"de"},{"@type":"Organization","@id":"https:\/\/blog.holyart.it\/de\/#organization","name":"Holyart.de Blog","url":"https:\/\/blog.holyart.it\/de\/","logo":{"@type":"ImageObject","inLanguage":"de","@id":"https:\/\/blog.holyart.it\/de\/#\/schema\/logo\/image\/","url":"https:\/\/blog.holyart.it\/de\/wp-content\/uploads\/sites\/12\/2022\/12\/Holyart_Blog_Logo.jpg","contentUrl":"https:\/\/blog.holyart.it\/de\/wp-content\/uploads\/sites\/12\/2022\/12\/Holyart_Blog_Logo.jpg","width":300,"height":50,"caption":"Holyart.de Blog"},"image":{"@id":"https:\/\/blog.holyart.it\/de\/#\/schema\/logo\/image\/"}},{"@type":"Person","@id":"https:\/\/blog.holyart.it\/de\/#\/schema\/person\/0a7b686e5af0f856ec1e390dd0baecda","name":"Redazione","image":{"@type":"ImageObject","inLanguage":"de","@id":"https:\/\/blog.holyart.it\/de\/#\/schema\/person\/image\/","url":"https:\/\/secure.gravatar.com\/avatar\/f477da817f43e50d0af36abecd33e3edf826c68299714bdc1057dff3b113f516?s=96&d=mm&r=g","contentUrl":"https:\/\/secure.gravatar.com\/avatar\/f477da817f43e50d0af36abecd33e3edf826c68299714bdc1057dff3b113f516?s=96&d=mm&r=g","caption":"Redazione"}}]}},"_links":{"self":[{"href":"https:\/\/blog.holyart.it\/de\/wp-json\/wp\/v2\/posts\/4345","targetHints":{"allow":["GET"]}}],"collection":[{"href":"https:\/\/blog.holyart.it\/de\/wp-json\/wp\/v2\/posts"}],"about":[{"href":"https:\/\/blog.holyart.it\/de\/wp-json\/wp\/v2\/types\/post"}],"author":[{"embeddable":true,"href":"https:\/\/blog.holyart.it\/de\/wp-json\/wp\/v2\/users\/1"}],"replies":[{"embeddable":true,"href":"https:\/\/blog.holyart.it\/de\/wp-json\/wp\/v2\/comments?post=4345"}],"version-history":[{"count":3,"href":"https:\/\/blog.holyart.it\/de\/wp-json\/wp\/v2\/posts\/4345\/revisions"}],"predecessor-version":[{"id":4355,"href":"https:\/\/blog.holyart.it\/de\/wp-json\/wp\/v2\/posts\/4345\/revisions\/4355"}],"wp:featuredmedia":[{"embeddable":true,"href":"https:\/\/blog.holyart.it\/de\/wp-json\/wp\/v2\/media\/4347"}],"wp:attachment":[{"href":"https:\/\/blog.holyart.it\/de\/wp-json\/wp\/v2\/media?parent=4345"}],"wp:term":[{"taxonomy":"category","embeddable":true,"href":"https:\/\/blog.holyart.it\/de\/wp-json\/wp\/v2\/categories?post=4345"},{"taxonomy":"post_tag","embeddable":true,"href":"https:\/\/blog.holyart.it\/de\/wp-json\/wp\/v2\/tags?post=4345"}],"curies":[{"name":"wp","href":"https:\/\/api.w.org\/{rel}","templated":true}]}}