{"id":431,"date":"2017-09-20T15:58:48","date_gmt":"2017-09-20T13:58:48","guid":{"rendered":"https:\/\/blog.holyart.it\/de\/?p=431"},"modified":"2018-02-08T12:24:50","modified_gmt":"2018-02-08T11:24:50","slug":"die-geschichte-von-mutter-teresa-von-kalkutta","status":"publish","type":"post","link":"https:\/\/blog.holyart.it\/de\/heilige-und-selige\/die-geschichte-von-mutter-teresa-von-kalkutta\/","title":{"rendered":"Die Geschichte von Mutter Teresa von Kalkutta"},"content":{"rendered":"<p>Wir werden immer daran erinnern,<strong> Mutter Teresa von Kalkutta<\/strong> f\u00fcr ihren unerm\u00fcdlichen Willen, die letzten zu helfen, die benachteiligten und Armen. Heute ist Sie ein Heiliger, gefeiert auf der ganzen Welt, und sicherlich eine d<strong>er wichtigsten Figuren in der modernen<\/strong> <strong>Geschichte<\/strong> mit dem Friedensnobelpreis ausgezeichnet und unz\u00e4hlige andere Auszeichnungen.<\/p>\n<p>Aber wir d\u00fcrfen nicht vergessen, dass Sie zuallererst eine Frau war: eine einfache Frau, die sich bewu\u00dft entschlossen hat, ihr ganzes Leben anderen zu widmen.<\/p>\n<p>Wir sollten das nie vergessen, weil es darum geht, dass wir den Willen zu imitieren, in unseren kleinen, so wichtigen und kostbaren Figuren finden k\u00f6nnen.<\/p>\n<figure id=\"attachment_434\" aria-describedby=\"caption-attachment-434\" style=\"width: 300px\" class=\"wp-caption alignright\"><img loading=\"lazy\" decoding=\"async\" class=\"size-medium wp-image-434\" src=\"https:\/\/blog.holyart.it\/de\/wp-content\/uploads\/sites\/12\/2017\/06\/Statuen-Mutter-Teresa-300x300.jpg\" alt=\"Mutter Teresa von Kalkutta\" width=\"300\" height=\"300\" \/><figcaption id=\"caption-attachment-434\" class=\"wp-caption-text\"><center><strong><span style=\"color: #0000ff;\"><a style=\"color: #0000ff;\" href=\"https:\/\/www.holyart.de\/devotionalien\/statuen\/statuen-aus-harz-und-pvc\/statue-mutter-teresa-aus-harz-50cm-fontanini\">Auf Holyart kaufen<\/a><\/span><\/strong><\/center><\/figcaption><\/figure>\n<p>Santa Teresa von Kalkutta (Anjez\u00eb Gonxhe Bojaxhiu) wurde in Albanien geboren. Nach einer schwierigen Kindheit mit dem vorzeitigen Tod ihres Vaters, zeigt Sie ein fr\u00fches Interesse an Wohlt\u00e4tigkeit und Barmherzigkeit; Sie wurde eine Nonne bei achtzehn und nach einem kurzen Aufenthalt in England und Irland, wurde Sie nach Indien geschickt. Seit sehr jung hat Sie Ihre Liebe zu diesem Land in ihrer engen Korrespondenz mit den Jesuiten-Missionare in Bengalen gezeigt.<\/p>\n<p>Seither hat die heilige Teresa zwischen Kalkutta und Darjeeling gelebt, geteilt zwischen Gebet und N\u00e4chstenliebe, bis im August 1946, als Kalkutta durch unabh\u00e4ngige K\u00e4mpfe blutig war, wurde sie durch den <strong>&#8222;Ruf im Ruf&#8220;<\/strong> erreicht. Sie verstand, dass sie das ruhige Leben des Klosters verlassen musste, um in die Armut derer, die auf der Stra\u00dfe lebten, vollst\u00e4ndig eintauchen zu lassen. Saint Teresa hielt es f\u00fcr eine genaue Ordnung Gottes.<\/p>\n<p>Seitdem, auch wenn sie die von der Kirche selbst verworfene k\u00e4mpfen, begann sie ihre wahre Mission als die \u00c4rmsten der Armen. Sie verlie\u00df den schwarzen Schleier und nahm die Staatsb\u00fcrgerschaft in der neu unabh\u00e4ngigen Republik Indien an. Bald wurde ihr Beispiel von anderen gefolgt. Um sie herum begann ein gr\u00f6\u00dferes Netzwerk von Freiwilligen: Ihre Aufgaben reichten von der Verteilung von Nahrung, Lehre, Unterst\u00fctzung der Kranken und Sterbenden.<\/p>\n<p>1950 gr\u00fcndete Mutter Teresa die <strong>Missionare der N\u00e4chstenliebe,<\/strong> eine Gemeinde, die der Barmherzigkeit und Sorge der Armen und der Bed\u00fcrftigen gewidmet war. Als Robe w\u00e4hlte Mutter Theresa einen wei\u00dfen Sari mit blauen Streifen, die Farben des Falles der Untouchables.<\/p>\n<p>Mutter Teresa Einfluss wuchs schnell, auch dank der weltweit die Aufmerksamkeit der Medien. Mit Hilfe von lokalen und ausl\u00e4ndischen Pers\u00f6nlichkeiten er\u00f6ffnete sie Empfangszentren und sorgte f\u00fcr die Armen, Kranken und Leprakranken. Sie erhielt den Besuch der Staatsoberh\u00e4upter, die m\u00e4chtigsten M\u00e4nner der Welt und hatte eine lange Freundschaft mit <strong><span style=\"color: #0000ff;\"><a style=\"color: #0000ff;\" href=\"https:\/\/www.holyart.it\/it\/occasioni-speciali\/giovanni-paolo-ii\">Papst Johannes Paul II.<\/a><\/span><\/strong>, Der sie bereits als lebendigen <strong>Patron der Gastfreundschaft<\/strong> betrachtete.<\/p>\n<p>Sie blieb f\u00fcr ihre Gemeinde verantwortlich, solange die Gesundheit es ihr erlaubte, weiterhin unter ihren Leuten zu dienen und starb in ihrem Kalkutta im Alter von 87 Jahren. Johannes Paul II. Begann f\u00fcr sie, zwei Jahre nach ihrem Tod, einen besonderen Seligsprechungsprozess, Um die Heiligkeit zu best\u00e4tigen, die sie w\u00e4hrend ihres ganzen Lebens begleitete.<\/p>\n<p>&nbsp;<\/p>\n","protected":false},"excerpt":{"rendered":"<p>Wir werden immer daran erinnern, Mutter Teresa von Kalkutta f\u00fcr ihren unerm\u00fcdlichen Willen, die letzten zu helfen, die benachteiligten und Armen. Heute ist Sie ein Heiliger, gefeiert auf der ganzen Welt, und sicherlich eine der wichtigsten Figuren in der modernen Geschichte mit dem Friedensnobelpreis ausgezeichnet&hellip;<\/p>\n","protected":false},"author":1,"featured_media":433,"comment_status":"closed","ping_status":"open","sticky":false,"template":"","format":"standard","meta":{"_acf_changed":false,"footnotes":""},"categories":[9],"tags":[],"class_list":["post-431","post","type-post","status-publish","format-standard","has-post-thumbnail","hentry","category-heilige-und-selige"],"acf":[],"yoast_head":"<!-- This site is optimized with the Yoast SEO plugin v26.6 - https:\/\/yoast.com\/wordpress\/plugins\/seo\/ -->\n<title>Die Geschichte von Mutter Teresa von Kalkutta<\/title>\n<meta name=\"description\" content=\"Wir werden immer daran erinnern, Mutter Teresa von Kalkutta f\u00fcr ihren unerm\u00fcdlichen Willen, die letzten zu helfen, die benachteiligten und Armen.\" \/>\n<meta name=\"robots\" content=\"index, follow, max-snippet:-1, max-image-preview:large, max-video-preview:-1\" \/>\n<link rel=\"canonical\" href=\"https:\/\/blog.holyart.it\/de\/heilige-und-selige\/die-geschichte-von-mutter-teresa-von-kalkutta\/\" \/>\n<meta property=\"og:locale\" content=\"de_DE\" \/>\n<meta property=\"og:type\" content=\"article\" \/>\n<meta property=\"og:title\" content=\"Die Geschichte von Mutter Teresa von Kalkutta\" \/>\n<meta property=\"og:description\" content=\"Wir werden immer daran erinnern, Mutter Teresa von Kalkutta f\u00fcr ihren unerm\u00fcdlichen Willen, die letzten zu helfen, die benachteiligten und Armen.\" \/>\n<meta property=\"og:url\" content=\"https:\/\/blog.holyart.it\/de\/heilige-und-selige\/die-geschichte-von-mutter-teresa-von-kalkutta\/\" \/>\n<meta property=\"og:site_name\" content=\"Holyart.de Blog\" \/>\n<meta property=\"article:published_time\" content=\"2017-09-20T13:58:48+00:00\" \/>\n<meta property=\"article:modified_time\" content=\"2018-02-08T11:24:50+00:00\" \/>\n<meta property=\"og:image\" content=\"https:\/\/blog.holyart.it\/de\/wp-content\/uploads\/sites\/12\/2017\/06\/Mutter-Teresa-von-Kalkutta.jpg\" \/>\n\t<meta property=\"og:image:width\" content=\"1000\" \/>\n\t<meta property=\"og:image:height\" content=\"666\" \/>\n\t<meta property=\"og:image:type\" content=\"image\/jpeg\" \/>\n<meta name=\"author\" content=\"Redazione\" \/>\n<meta name=\"twitter:card\" content=\"summary_large_image\" \/>\n<meta name=\"twitter:label1\" content=\"Verfasst von\" \/>\n\t<meta name=\"twitter:data1\" content=\"Redazione\" \/>\n\t<meta name=\"twitter:label2\" content=\"Gesch\u00e4tzte Lesezeit\" \/>\n\t<meta name=\"twitter:data2\" content=\"3\u00a0Minuten\" \/>\n<script type=\"application\/ld+json\" class=\"yoast-schema-graph\">{\"@context\":\"https:\/\/schema.org\",\"@graph\":[{\"@type\":\"Article\",\"@id\":\"https:\/\/blog.holyart.it\/de\/heilige-und-selige\/die-geschichte-von-mutter-teresa-von-kalkutta\/#article\",\"isPartOf\":{\"@id\":\"https:\/\/blog.holyart.it\/de\/heilige-und-selige\/die-geschichte-von-mutter-teresa-von-kalkutta\/\"},\"author\":{\"name\":\"Redazione\",\"@id\":\"https:\/\/blog.holyart.it\/de\/#\/schema\/person\/0a7b686e5af0f856ec1e390dd0baecda\"},\"headline\":\"Die Geschichte von Mutter Teresa von Kalkutta\",\"datePublished\":\"2017-09-20T13:58:48+00:00\",\"dateModified\":\"2018-02-08T11:24:50+00:00\",\"mainEntityOfPage\":{\"@id\":\"https:\/\/blog.holyart.it\/de\/heilige-und-selige\/die-geschichte-von-mutter-teresa-von-kalkutta\/\"},\"wordCount\":508,\"publisher\":{\"@id\":\"https:\/\/blog.holyart.it\/de\/#organization\"},\"image\":{\"@id\":\"https:\/\/blog.holyart.it\/de\/heilige-und-selige\/die-geschichte-von-mutter-teresa-von-kalkutta\/#primaryimage\"},\"thumbnailUrl\":\"https:\/\/blog.holyart.it\/de\/wp-content\/uploads\/sites\/12\/2017\/06\/Mutter-Teresa-von-Kalkutta.jpg\",\"articleSection\":[\"Heilige und Selige\"],\"inLanguage\":\"de\"},{\"@type\":\"WebPage\",\"@id\":\"https:\/\/blog.holyart.it\/de\/heilige-und-selige\/die-geschichte-von-mutter-teresa-von-kalkutta\/\",\"url\":\"https:\/\/blog.holyart.it\/de\/heilige-und-selige\/die-geschichte-von-mutter-teresa-von-kalkutta\/\",\"name\":\"Die Geschichte von Mutter Teresa von Kalkutta\",\"isPartOf\":{\"@id\":\"https:\/\/blog.holyart.it\/de\/#website\"},\"primaryImageOfPage\":{\"@id\":\"https:\/\/blog.holyart.it\/de\/heilige-und-selige\/die-geschichte-von-mutter-teresa-von-kalkutta\/#primaryimage\"},\"image\":{\"@id\":\"https:\/\/blog.holyart.it\/de\/heilige-und-selige\/die-geschichte-von-mutter-teresa-von-kalkutta\/#primaryimage\"},\"thumbnailUrl\":\"https:\/\/blog.holyart.it\/de\/wp-content\/uploads\/sites\/12\/2017\/06\/Mutter-Teresa-von-Kalkutta.jpg\",\"datePublished\":\"2017-09-20T13:58:48+00:00\",\"dateModified\":\"2018-02-08T11:24:50+00:00\",\"description\":\"Wir werden immer daran erinnern, Mutter Teresa von Kalkutta f\u00fcr ihren unerm\u00fcdlichen Willen, die letzten zu helfen, die benachteiligten und Armen.\",\"breadcrumb\":{\"@id\":\"https:\/\/blog.holyart.it\/de\/heilige-und-selige\/die-geschichte-von-mutter-teresa-von-kalkutta\/#breadcrumb\"},\"inLanguage\":\"de\",\"potentialAction\":[{\"@type\":\"ReadAction\",\"target\":[\"https:\/\/blog.holyart.it\/de\/heilige-und-selige\/die-geschichte-von-mutter-teresa-von-kalkutta\/\"]}]},{\"@type\":\"ImageObject\",\"inLanguage\":\"de\",\"@id\":\"https:\/\/blog.holyart.it\/de\/heilige-und-selige\/die-geschichte-von-mutter-teresa-von-kalkutta\/#primaryimage\",\"url\":\"https:\/\/blog.holyart.it\/de\/wp-content\/uploads\/sites\/12\/2017\/06\/Mutter-Teresa-von-Kalkutta.jpg\",\"contentUrl\":\"https:\/\/blog.holyart.it\/de\/wp-content\/uploads\/sites\/12\/2017\/06\/Mutter-Teresa-von-Kalkutta.jpg\",\"width\":1000,\"height\":666,\"caption\":\"Geschichte Mutter Teresa von Kalkutta\"},{\"@type\":\"BreadcrumbList\",\"@id\":\"https:\/\/blog.holyart.it\/de\/heilige-und-selige\/die-geschichte-von-mutter-teresa-von-kalkutta\/#breadcrumb\",\"itemListElement\":[{\"@type\":\"ListItem\",\"position\":1,\"name\":\"Homepage\",\"item\":\"https:\/\/blog.holyart.it\/de\/\"},{\"@type\":\"ListItem\",\"position\":2,\"name\":\"Heilige und Selige\",\"item\":\"https:\/\/blog.holyart.it\/de\/heilige-und-selige\/\"},{\"@type\":\"ListItem\",\"position\":3,\"name\":\"Die Geschichte von Mutter Teresa von Kalkutta\"}]},{\"@type\":\"WebSite\",\"@id\":\"https:\/\/blog.holyart.it\/de\/#website\",\"url\":\"https:\/\/blog.holyart.it\/de\/\",\"name\":\"Holyart.de Blog\",\"description\":\"Holyblog\",\"publisher\":{\"@id\":\"https:\/\/blog.holyart.it\/de\/#organization\"},\"potentialAction\":[{\"@type\":\"SearchAction\",\"target\":{\"@type\":\"EntryPoint\",\"urlTemplate\":\"https:\/\/blog.holyart.it\/de\/?s={search_term_string}\"},\"query-input\":{\"@type\":\"PropertyValueSpecification\",\"valueRequired\":true,\"valueName\":\"search_term_string\"}}],\"inLanguage\":\"de\"},{\"@type\":\"Organization\",\"@id\":\"https:\/\/blog.holyart.it\/de\/#organization\",\"name\":\"Holyart.de Blog\",\"url\":\"https:\/\/blog.holyart.it\/de\/\",\"logo\":{\"@type\":\"ImageObject\",\"inLanguage\":\"de\",\"@id\":\"https:\/\/blog.holyart.it\/de\/#\/schema\/logo\/image\/\",\"url\":\"https:\/\/blog.holyart.it\/de\/wp-content\/uploads\/sites\/12\/2022\/12\/Holyart_Blog_Logo.jpg\",\"contentUrl\":\"https:\/\/blog.holyart.it\/de\/wp-content\/uploads\/sites\/12\/2022\/12\/Holyart_Blog_Logo.jpg\",\"width\":300,\"height\":50,\"caption\":\"Holyart.de Blog\"},\"image\":{\"@id\":\"https:\/\/blog.holyart.it\/de\/#\/schema\/logo\/image\/\"}},{\"@type\":\"Person\",\"@id\":\"https:\/\/blog.holyart.it\/de\/#\/schema\/person\/0a7b686e5af0f856ec1e390dd0baecda\",\"name\":\"Redazione\",\"image\":{\"@type\":\"ImageObject\",\"inLanguage\":\"de\",\"@id\":\"https:\/\/blog.holyart.it\/de\/#\/schema\/person\/image\/\",\"url\":\"https:\/\/secure.gravatar.com\/avatar\/f477da817f43e50d0af36abecd33e3edf826c68299714bdc1057dff3b113f516?s=96&d=mm&r=g\",\"contentUrl\":\"https:\/\/secure.gravatar.com\/avatar\/f477da817f43e50d0af36abecd33e3edf826c68299714bdc1057dff3b113f516?s=96&d=mm&r=g\",\"caption\":\"Redazione\"}}]}<\/script>\n<!-- \/ Yoast SEO plugin. -->","yoast_head_json":{"title":"Die Geschichte von Mutter Teresa von Kalkutta","description":"Wir werden immer daran erinnern, Mutter Teresa von Kalkutta f\u00fcr ihren unerm\u00fcdlichen Willen, die letzten zu helfen, die benachteiligten und Armen.","robots":{"index":"index","follow":"follow","max-snippet":"max-snippet:-1","max-image-preview":"max-image-preview:large","max-video-preview":"max-video-preview:-1"},"canonical":"https:\/\/blog.holyart.it\/de\/heilige-und-selige\/die-geschichte-von-mutter-teresa-von-kalkutta\/","og_locale":"de_DE","og_type":"article","og_title":"Die Geschichte von Mutter Teresa von Kalkutta","og_description":"Wir werden immer daran erinnern, Mutter Teresa von Kalkutta f\u00fcr ihren unerm\u00fcdlichen Willen, die letzten zu helfen, die benachteiligten und Armen.","og_url":"https:\/\/blog.holyart.it\/de\/heilige-und-selige\/die-geschichte-von-mutter-teresa-von-kalkutta\/","og_site_name":"Holyart.de Blog","article_published_time":"2017-09-20T13:58:48+00:00","article_modified_time":"2018-02-08T11:24:50+00:00","og_image":[{"width":1000,"height":666,"url":"https:\/\/blog.holyart.it\/de\/wp-content\/uploads\/sites\/12\/2017\/06\/Mutter-Teresa-von-Kalkutta.jpg","type":"image\/jpeg"}],"author":"Redazione","twitter_card":"summary_large_image","twitter_misc":{"Verfasst von":"Redazione","Gesch\u00e4tzte Lesezeit":"3\u00a0Minuten"},"schema":{"@context":"https:\/\/schema.org","@graph":[{"@type":"Article","@id":"https:\/\/blog.holyart.it\/de\/heilige-und-selige\/die-geschichte-von-mutter-teresa-von-kalkutta\/#article","isPartOf":{"@id":"https:\/\/blog.holyart.it\/de\/heilige-und-selige\/die-geschichte-von-mutter-teresa-von-kalkutta\/"},"author":{"name":"Redazione","@id":"https:\/\/blog.holyart.it\/de\/#\/schema\/person\/0a7b686e5af0f856ec1e390dd0baecda"},"headline":"Die Geschichte von Mutter Teresa von Kalkutta","datePublished":"2017-09-20T13:58:48+00:00","dateModified":"2018-02-08T11:24:50+00:00","mainEntityOfPage":{"@id":"https:\/\/blog.holyart.it\/de\/heilige-und-selige\/die-geschichte-von-mutter-teresa-von-kalkutta\/"},"wordCount":508,"publisher":{"@id":"https:\/\/blog.holyart.it\/de\/#organization"},"image":{"@id":"https:\/\/blog.holyart.it\/de\/heilige-und-selige\/die-geschichte-von-mutter-teresa-von-kalkutta\/#primaryimage"},"thumbnailUrl":"https:\/\/blog.holyart.it\/de\/wp-content\/uploads\/sites\/12\/2017\/06\/Mutter-Teresa-von-Kalkutta.jpg","articleSection":["Heilige und Selige"],"inLanguage":"de"},{"@type":"WebPage","@id":"https:\/\/blog.holyart.it\/de\/heilige-und-selige\/die-geschichte-von-mutter-teresa-von-kalkutta\/","url":"https:\/\/blog.holyart.it\/de\/heilige-und-selige\/die-geschichte-von-mutter-teresa-von-kalkutta\/","name":"Die Geschichte von Mutter Teresa von Kalkutta","isPartOf":{"@id":"https:\/\/blog.holyart.it\/de\/#website"},"primaryImageOfPage":{"@id":"https:\/\/blog.holyart.it\/de\/heilige-und-selige\/die-geschichte-von-mutter-teresa-von-kalkutta\/#primaryimage"},"image":{"@id":"https:\/\/blog.holyart.it\/de\/heilige-und-selige\/die-geschichte-von-mutter-teresa-von-kalkutta\/#primaryimage"},"thumbnailUrl":"https:\/\/blog.holyart.it\/de\/wp-content\/uploads\/sites\/12\/2017\/06\/Mutter-Teresa-von-Kalkutta.jpg","datePublished":"2017-09-20T13:58:48+00:00","dateModified":"2018-02-08T11:24:50+00:00","description":"Wir werden immer daran erinnern, Mutter Teresa von Kalkutta f\u00fcr ihren unerm\u00fcdlichen Willen, die letzten zu helfen, die benachteiligten und Armen.","breadcrumb":{"@id":"https:\/\/blog.holyart.it\/de\/heilige-und-selige\/die-geschichte-von-mutter-teresa-von-kalkutta\/#breadcrumb"},"inLanguage":"de","potentialAction":[{"@type":"ReadAction","target":["https:\/\/blog.holyart.it\/de\/heilige-und-selige\/die-geschichte-von-mutter-teresa-von-kalkutta\/"]}]},{"@type":"ImageObject","inLanguage":"de","@id":"https:\/\/blog.holyart.it\/de\/heilige-und-selige\/die-geschichte-von-mutter-teresa-von-kalkutta\/#primaryimage","url":"https:\/\/blog.holyart.it\/de\/wp-content\/uploads\/sites\/12\/2017\/06\/Mutter-Teresa-von-Kalkutta.jpg","contentUrl":"https:\/\/blog.holyart.it\/de\/wp-content\/uploads\/sites\/12\/2017\/06\/Mutter-Teresa-von-Kalkutta.jpg","width":1000,"height":666,"caption":"Geschichte Mutter Teresa von Kalkutta"},{"@type":"BreadcrumbList","@id":"https:\/\/blog.holyart.it\/de\/heilige-und-selige\/die-geschichte-von-mutter-teresa-von-kalkutta\/#breadcrumb","itemListElement":[{"@type":"ListItem","position":1,"name":"Homepage","item":"https:\/\/blog.holyart.it\/de\/"},{"@type":"ListItem","position":2,"name":"Heilige und Selige","item":"https:\/\/blog.holyart.it\/de\/heilige-und-selige\/"},{"@type":"ListItem","position":3,"name":"Die Geschichte von Mutter Teresa von Kalkutta"}]},{"@type":"WebSite","@id":"https:\/\/blog.holyart.it\/de\/#website","url":"https:\/\/blog.holyart.it\/de\/","name":"Holyart.de Blog","description":"Holyblog","publisher":{"@id":"https:\/\/blog.holyart.it\/de\/#organization"},"potentialAction":[{"@type":"SearchAction","target":{"@type":"EntryPoint","urlTemplate":"https:\/\/blog.holyart.it\/de\/?s={search_term_string}"},"query-input":{"@type":"PropertyValueSpecification","valueRequired":true,"valueName":"search_term_string"}}],"inLanguage":"de"},{"@type":"Organization","@id":"https:\/\/blog.holyart.it\/de\/#organization","name":"Holyart.de Blog","url":"https:\/\/blog.holyart.it\/de\/","logo":{"@type":"ImageObject","inLanguage":"de","@id":"https:\/\/blog.holyart.it\/de\/#\/schema\/logo\/image\/","url":"https:\/\/blog.holyart.it\/de\/wp-content\/uploads\/sites\/12\/2022\/12\/Holyart_Blog_Logo.jpg","contentUrl":"https:\/\/blog.holyart.it\/de\/wp-content\/uploads\/sites\/12\/2022\/12\/Holyart_Blog_Logo.jpg","width":300,"height":50,"caption":"Holyart.de Blog"},"image":{"@id":"https:\/\/blog.holyart.it\/de\/#\/schema\/logo\/image\/"}},{"@type":"Person","@id":"https:\/\/blog.holyart.it\/de\/#\/schema\/person\/0a7b686e5af0f856ec1e390dd0baecda","name":"Redazione","image":{"@type":"ImageObject","inLanguage":"de","@id":"https:\/\/blog.holyart.it\/de\/#\/schema\/person\/image\/","url":"https:\/\/secure.gravatar.com\/avatar\/f477da817f43e50d0af36abecd33e3edf826c68299714bdc1057dff3b113f516?s=96&d=mm&r=g","contentUrl":"https:\/\/secure.gravatar.com\/avatar\/f477da817f43e50d0af36abecd33e3edf826c68299714bdc1057dff3b113f516?s=96&d=mm&r=g","caption":"Redazione"}}]}},"_links":{"self":[{"href":"https:\/\/blog.holyart.it\/de\/wp-json\/wp\/v2\/posts\/431","targetHints":{"allow":["GET"]}}],"collection":[{"href":"https:\/\/blog.holyart.it\/de\/wp-json\/wp\/v2\/posts"}],"about":[{"href":"https:\/\/blog.holyart.it\/de\/wp-json\/wp\/v2\/types\/post"}],"author":[{"embeddable":true,"href":"https:\/\/blog.holyart.it\/de\/wp-json\/wp\/v2\/users\/1"}],"replies":[{"embeddable":true,"href":"https:\/\/blog.holyart.it\/de\/wp-json\/wp\/v2\/comments?post=431"}],"version-history":[{"count":0,"href":"https:\/\/blog.holyart.it\/de\/wp-json\/wp\/v2\/posts\/431\/revisions"}],"wp:featuredmedia":[{"embeddable":true,"href":"https:\/\/blog.holyart.it\/de\/wp-json\/wp\/v2\/media\/433"}],"wp:attachment":[{"href":"https:\/\/blog.holyart.it\/de\/wp-json\/wp\/v2\/media?parent=431"}],"wp:term":[{"taxonomy":"category","embeddable":true,"href":"https:\/\/blog.holyart.it\/de\/wp-json\/wp\/v2\/categories?post=431"},{"taxonomy":"post_tag","embeddable":true,"href":"https:\/\/blog.holyart.it\/de\/wp-json\/wp\/v2\/tags?post=431"}],"curies":[{"name":"wp","href":"https:\/\/api.w.org\/{rel}","templated":true}]}}