{"id":43,"date":"2016-05-30T15:13:22","date_gmt":"2016-05-30T13:13:22","guid":{"rendered":"https:\/\/blog.holyart.it\/de\/?p=43"},"modified":"2016-09-30T12:44:16","modified_gmt":"2016-09-30T10:44:16","slug":"liturgische-paramente","status":"publish","type":"post","link":"https:\/\/blog.holyart.it\/de\/liturgische-gerate\/liturgische-paramente\/","title":{"rendered":"Die Liturgische Paramente"},"content":{"rendered":"<p>Unter dem Wort <strong><a title=\"Liturgischen Paramenten\" href=\"http:\/\/www.holyart.de\/liturgische-gerate\/paramente-altargarnitur-und-pultbehange\">liturgischen Paramenten<\/a><\/strong>, oder <strong>liturgisches Gewand<\/strong>, versteht man alle Kleidungsst\u00fccke, Altart\u00fccher und Kelchw\u00e4sche benutzt bei den Ministranten w\u00e4hrend der Liturgie.\u00a0<span style=\"line-height: 1.5;\">Nach der liturgischen Reform ersetzte das Wort <strong>liturgisches Parament<\/strong> das benutzte Wort <strong>heiliges Parament<\/strong>.<\/span><\/p>\n<p>Die Bekleidung ist sehr wichtig w\u00e4hrend der Liturgie, Moment in dem man den Opfertod Christi und seine Wiederauferstehung zelebriert. Zusammen mit den anderen Symbolen und Gesten der Liturgie sind die <strong>liturgischen Paramenten<\/strong> auch ein wichtig Teil der Feier. Und wie f\u00fcr jede Feier muss man die richtige Bekleidung haben.<\/p>\n<p>Schon in der Vergangenheit trug man besondere Bekleidungen reserviert f\u00fcr die Feier. Die Priester trugen nicht normalen Kleidungen, sondern etwas gedacht f\u00fcr die Liturgie, bzw. <strong>liturgischen Paramente<\/strong>, die Weltfremdheit symbolisierten.<\/p>\n<p>Kaseln, Stolen, Pluvialen, Messhemden, Chormantel, Pultbeh\u00e4nger, Altart\u00fccher und Kelchw\u00e4sche sind alle <strong>liturgischen Paramente<\/strong>, verf\u00fcgbar in verschiedenen Farben, je nach dem Zeitalter des liturgischen Jahres.<\/p>\n<p>Die <strong>liturgische Paramente<\/strong> sind normalerweise Handwerkprodukte, oft Hand gestickt und voll von Dekorationen. Je nach dem kirchlichen Rang sind die <strong>liturgischen Paramente<\/strong> anders.<\/p>\n<p>Sondergebete begleiten normalerweise die Einkleidung, und Diese Gebete helfen dem <strong>Priester<\/strong>, vor der Liturgie sich ins Gebet zu versenken.<\/p>\n","protected":false},"excerpt":{"rendered":"<p>Unter dem Wort liturgischen Paramenten, oder liturgisches Gewand, versteht man alle Kleidungsst\u00fccke, Altart\u00fccher und Kelchw\u00e4sche benutzt bei den Ministranten w\u00e4hrend der Liturgie.\u00a0Nach der liturgischen Reform ersetzte das Wort liturgisches Parament das benutzte Wort heiliges Parament. Die Bekleidung ist sehr wichtig w\u00e4hrend der Liturgie, Moment in&hellip;<\/p>\n","protected":false},"author":1,"featured_media":50,"comment_status":"closed","ping_status":"open","sticky":false,"template":"","format":"standard","meta":{"_acf_changed":false,"footnotes":""},"categories":[5],"tags":[],"class_list":["post-43","post","type-post","status-publish","format-standard","has-post-thumbnail","hentry","category-liturgische-gerate"],"acf":[],"yoast_head":"<!-- This site is optimized with the Yoast SEO plugin v26.6 - https:\/\/yoast.com\/wordpress\/plugins\/seo\/ -->\n<title>Die Liturgische Paramente - Holyart.de Blog<\/title>\n<meta name=\"description\" content=\"Unter dem Wort liturgischen Paramenten versteht man alle Kleidungsst\u00fccke, Altart\u00fccher und Kelchw\u00e4sche benutzt bei den Ministranten w\u00e4hrend der Liturgie.\" \/>\n<meta name=\"robots\" content=\"index, follow, max-snippet:-1, max-image-preview:large, max-video-preview:-1\" \/>\n<link rel=\"canonical\" href=\"https:\/\/blog.holyart.it\/de\/liturgische-gerate\/liturgische-paramente\/\" \/>\n<meta property=\"og:locale\" content=\"de_DE\" \/>\n<meta property=\"og:type\" content=\"article\" \/>\n<meta property=\"og:title\" content=\"Die Liturgische Paramente - Holyart.de Blog\" \/>\n<meta property=\"og:description\" content=\"Unter dem Wort liturgischen Paramenten versteht man alle Kleidungsst\u00fccke, Altart\u00fccher und Kelchw\u00e4sche benutzt bei den Ministranten w\u00e4hrend der Liturgie.\" \/>\n<meta property=\"og:url\" content=\"https:\/\/blog.holyart.it\/de\/liturgische-gerate\/liturgische-paramente\/\" \/>\n<meta property=\"og:site_name\" content=\"Holyart.de Blog\" \/>\n<meta property=\"article:published_time\" content=\"2016-05-30T13:13:22+00:00\" \/>\n<meta property=\"article:modified_time\" content=\"2016-09-30T10:44:16+00:00\" \/>\n<meta property=\"og:image\" content=\"https:\/\/blog.holyart.it\/de\/wp-content\/uploads\/sites\/12\/2016\/05\/Liturgische-Paramente-header.jpg\" \/>\n\t<meta property=\"og:image:width\" content=\"1000\" \/>\n\t<meta property=\"og:image:height\" content=\"667\" \/>\n\t<meta property=\"og:image:type\" content=\"image\/jpeg\" \/>\n<meta name=\"author\" content=\"Redazione\" \/>\n<meta name=\"twitter:card\" content=\"summary_large_image\" \/>\n<meta name=\"twitter:label1\" content=\"Verfasst von\" \/>\n\t<meta name=\"twitter:data1\" content=\"Redazione\" \/>\n\t<meta name=\"twitter:label2\" content=\"Gesch\u00e4tzte Lesezeit\" \/>\n\t<meta name=\"twitter:data2\" content=\"1\u00a0Minute\" \/>\n<script type=\"application\/ld+json\" class=\"yoast-schema-graph\">{\"@context\":\"https:\/\/schema.org\",\"@graph\":[{\"@type\":\"Article\",\"@id\":\"https:\/\/blog.holyart.it\/de\/liturgische-gerate\/liturgische-paramente\/#article\",\"isPartOf\":{\"@id\":\"https:\/\/blog.holyart.it\/de\/liturgische-gerate\/liturgische-paramente\/\"},\"author\":{\"name\":\"Redazione\",\"@id\":\"https:\/\/blog.holyart.it\/de\/#\/schema\/person\/0a7b686e5af0f856ec1e390dd0baecda\"},\"headline\":\"Die Liturgische Paramente\",\"datePublished\":\"2016-05-30T13:13:22+00:00\",\"dateModified\":\"2016-09-30T10:44:16+00:00\",\"mainEntityOfPage\":{\"@id\":\"https:\/\/blog.holyart.it\/de\/liturgische-gerate\/liturgische-paramente\/\"},\"wordCount\":196,\"publisher\":{\"@id\":\"https:\/\/blog.holyart.it\/de\/#organization\"},\"image\":{\"@id\":\"https:\/\/blog.holyart.it\/de\/liturgische-gerate\/liturgische-paramente\/#primaryimage\"},\"thumbnailUrl\":\"https:\/\/blog.holyart.it\/de\/wp-content\/uploads\/sites\/12\/2016\/05\/Liturgische-Paramente-header.jpg\",\"articleSection\":[\"Liturgie\"],\"inLanguage\":\"de\"},{\"@type\":\"WebPage\",\"@id\":\"https:\/\/blog.holyart.it\/de\/liturgische-gerate\/liturgische-paramente\/\",\"url\":\"https:\/\/blog.holyart.it\/de\/liturgische-gerate\/liturgische-paramente\/\",\"name\":\"Die Liturgische Paramente - Holyart.de Blog\",\"isPartOf\":{\"@id\":\"https:\/\/blog.holyart.it\/de\/#website\"},\"primaryImageOfPage\":{\"@id\":\"https:\/\/blog.holyart.it\/de\/liturgische-gerate\/liturgische-paramente\/#primaryimage\"},\"image\":{\"@id\":\"https:\/\/blog.holyart.it\/de\/liturgische-gerate\/liturgische-paramente\/#primaryimage\"},\"thumbnailUrl\":\"https:\/\/blog.holyart.it\/de\/wp-content\/uploads\/sites\/12\/2016\/05\/Liturgische-Paramente-header.jpg\",\"datePublished\":\"2016-05-30T13:13:22+00:00\",\"dateModified\":\"2016-09-30T10:44:16+00:00\",\"description\":\"Unter dem Wort liturgischen Paramenten versteht man alle Kleidungsst\u00fccke, Altart\u00fccher und Kelchw\u00e4sche benutzt bei den Ministranten w\u00e4hrend der Liturgie.\",\"breadcrumb\":{\"@id\":\"https:\/\/blog.holyart.it\/de\/liturgische-gerate\/liturgische-paramente\/#breadcrumb\"},\"inLanguage\":\"de\",\"potentialAction\":[{\"@type\":\"ReadAction\",\"target\":[\"https:\/\/blog.holyart.it\/de\/liturgische-gerate\/liturgische-paramente\/\"]}]},{\"@type\":\"ImageObject\",\"inLanguage\":\"de\",\"@id\":\"https:\/\/blog.holyart.it\/de\/liturgische-gerate\/liturgische-paramente\/#primaryimage\",\"url\":\"https:\/\/blog.holyart.it\/de\/wp-content\/uploads\/sites\/12\/2016\/05\/Liturgische-Paramente-header.jpg\",\"contentUrl\":\"https:\/\/blog.holyart.it\/de\/wp-content\/uploads\/sites\/12\/2016\/05\/Liturgische-Paramente-header.jpg\",\"width\":1000,\"height\":667,\"caption\":\"Liturgische Paramente\"},{\"@type\":\"BreadcrumbList\",\"@id\":\"https:\/\/blog.holyart.it\/de\/liturgische-gerate\/liturgische-paramente\/#breadcrumb\",\"itemListElement\":[{\"@type\":\"ListItem\",\"position\":1,\"name\":\"Homepage\",\"item\":\"https:\/\/blog.holyart.it\/de\/\"},{\"@type\":\"ListItem\",\"position\":2,\"name\":\"Liturgie\",\"item\":\"https:\/\/blog.holyart.it\/de\/liturgische-gerate\/\"},{\"@type\":\"ListItem\",\"position\":3,\"name\":\"Die Liturgische Paramente\"}]},{\"@type\":\"WebSite\",\"@id\":\"https:\/\/blog.holyart.it\/de\/#website\",\"url\":\"https:\/\/blog.holyart.it\/de\/\",\"name\":\"Holyart.de Blog\",\"description\":\"Holyblog\",\"publisher\":{\"@id\":\"https:\/\/blog.holyart.it\/de\/#organization\"},\"potentialAction\":[{\"@type\":\"SearchAction\",\"target\":{\"@type\":\"EntryPoint\",\"urlTemplate\":\"https:\/\/blog.holyart.it\/de\/?s={search_term_string}\"},\"query-input\":{\"@type\":\"PropertyValueSpecification\",\"valueRequired\":true,\"valueName\":\"search_term_string\"}}],\"inLanguage\":\"de\"},{\"@type\":\"Organization\",\"@id\":\"https:\/\/blog.holyart.it\/de\/#organization\",\"name\":\"Holyart.de Blog\",\"url\":\"https:\/\/blog.holyart.it\/de\/\",\"logo\":{\"@type\":\"ImageObject\",\"inLanguage\":\"de\",\"@id\":\"https:\/\/blog.holyart.it\/de\/#\/schema\/logo\/image\/\",\"url\":\"https:\/\/blog.holyart.it\/de\/wp-content\/uploads\/sites\/12\/2022\/12\/Holyart_Blog_Logo.jpg\",\"contentUrl\":\"https:\/\/blog.holyart.it\/de\/wp-content\/uploads\/sites\/12\/2022\/12\/Holyart_Blog_Logo.jpg\",\"width\":300,\"height\":50,\"caption\":\"Holyart.de Blog\"},\"image\":{\"@id\":\"https:\/\/blog.holyart.it\/de\/#\/schema\/logo\/image\/\"}},{\"@type\":\"Person\",\"@id\":\"https:\/\/blog.holyart.it\/de\/#\/schema\/person\/0a7b686e5af0f856ec1e390dd0baecda\",\"name\":\"Redazione\",\"image\":{\"@type\":\"ImageObject\",\"inLanguage\":\"de\",\"@id\":\"https:\/\/blog.holyart.it\/de\/#\/schema\/person\/image\/\",\"url\":\"https:\/\/secure.gravatar.com\/avatar\/f477da817f43e50d0af36abecd33e3edf826c68299714bdc1057dff3b113f516?s=96&d=mm&r=g\",\"contentUrl\":\"https:\/\/secure.gravatar.com\/avatar\/f477da817f43e50d0af36abecd33e3edf826c68299714bdc1057dff3b113f516?s=96&d=mm&r=g\",\"caption\":\"Redazione\"}}]}<\/script>\n<!-- \/ Yoast SEO plugin. -->","yoast_head_json":{"title":"Die Liturgische Paramente - Holyart.de Blog","description":"Unter dem Wort liturgischen Paramenten versteht man alle Kleidungsst\u00fccke, Altart\u00fccher und Kelchw\u00e4sche benutzt bei den Ministranten w\u00e4hrend der Liturgie.","robots":{"index":"index","follow":"follow","max-snippet":"max-snippet:-1","max-image-preview":"max-image-preview:large","max-video-preview":"max-video-preview:-1"},"canonical":"https:\/\/blog.holyart.it\/de\/liturgische-gerate\/liturgische-paramente\/","og_locale":"de_DE","og_type":"article","og_title":"Die Liturgische Paramente - Holyart.de Blog","og_description":"Unter dem Wort liturgischen Paramenten versteht man alle Kleidungsst\u00fccke, Altart\u00fccher und Kelchw\u00e4sche benutzt bei den Ministranten w\u00e4hrend der Liturgie.","og_url":"https:\/\/blog.holyart.it\/de\/liturgische-gerate\/liturgische-paramente\/","og_site_name":"Holyart.de Blog","article_published_time":"2016-05-30T13:13:22+00:00","article_modified_time":"2016-09-30T10:44:16+00:00","og_image":[{"width":1000,"height":667,"url":"https:\/\/blog.holyart.it\/de\/wp-content\/uploads\/sites\/12\/2016\/05\/Liturgische-Paramente-header.jpg","type":"image\/jpeg"}],"author":"Redazione","twitter_card":"summary_large_image","twitter_misc":{"Verfasst von":"Redazione","Gesch\u00e4tzte Lesezeit":"1\u00a0Minute"},"schema":{"@context":"https:\/\/schema.org","@graph":[{"@type":"Article","@id":"https:\/\/blog.holyart.it\/de\/liturgische-gerate\/liturgische-paramente\/#article","isPartOf":{"@id":"https:\/\/blog.holyart.it\/de\/liturgische-gerate\/liturgische-paramente\/"},"author":{"name":"Redazione","@id":"https:\/\/blog.holyart.it\/de\/#\/schema\/person\/0a7b686e5af0f856ec1e390dd0baecda"},"headline":"Die Liturgische Paramente","datePublished":"2016-05-30T13:13:22+00:00","dateModified":"2016-09-30T10:44:16+00:00","mainEntityOfPage":{"@id":"https:\/\/blog.holyart.it\/de\/liturgische-gerate\/liturgische-paramente\/"},"wordCount":196,"publisher":{"@id":"https:\/\/blog.holyart.it\/de\/#organization"},"image":{"@id":"https:\/\/blog.holyart.it\/de\/liturgische-gerate\/liturgische-paramente\/#primaryimage"},"thumbnailUrl":"https:\/\/blog.holyart.it\/de\/wp-content\/uploads\/sites\/12\/2016\/05\/Liturgische-Paramente-header.jpg","articleSection":["Liturgie"],"inLanguage":"de"},{"@type":"WebPage","@id":"https:\/\/blog.holyart.it\/de\/liturgische-gerate\/liturgische-paramente\/","url":"https:\/\/blog.holyart.it\/de\/liturgische-gerate\/liturgische-paramente\/","name":"Die Liturgische Paramente - Holyart.de Blog","isPartOf":{"@id":"https:\/\/blog.holyart.it\/de\/#website"},"primaryImageOfPage":{"@id":"https:\/\/blog.holyart.it\/de\/liturgische-gerate\/liturgische-paramente\/#primaryimage"},"image":{"@id":"https:\/\/blog.holyart.it\/de\/liturgische-gerate\/liturgische-paramente\/#primaryimage"},"thumbnailUrl":"https:\/\/blog.holyart.it\/de\/wp-content\/uploads\/sites\/12\/2016\/05\/Liturgische-Paramente-header.jpg","datePublished":"2016-05-30T13:13:22+00:00","dateModified":"2016-09-30T10:44:16+00:00","description":"Unter dem Wort liturgischen Paramenten versteht man alle Kleidungsst\u00fccke, Altart\u00fccher und Kelchw\u00e4sche benutzt bei den Ministranten w\u00e4hrend der Liturgie.","breadcrumb":{"@id":"https:\/\/blog.holyart.it\/de\/liturgische-gerate\/liturgische-paramente\/#breadcrumb"},"inLanguage":"de","potentialAction":[{"@type":"ReadAction","target":["https:\/\/blog.holyart.it\/de\/liturgische-gerate\/liturgische-paramente\/"]}]},{"@type":"ImageObject","inLanguage":"de","@id":"https:\/\/blog.holyart.it\/de\/liturgische-gerate\/liturgische-paramente\/#primaryimage","url":"https:\/\/blog.holyart.it\/de\/wp-content\/uploads\/sites\/12\/2016\/05\/Liturgische-Paramente-header.jpg","contentUrl":"https:\/\/blog.holyart.it\/de\/wp-content\/uploads\/sites\/12\/2016\/05\/Liturgische-Paramente-header.jpg","width":1000,"height":667,"caption":"Liturgische Paramente"},{"@type":"BreadcrumbList","@id":"https:\/\/blog.holyart.it\/de\/liturgische-gerate\/liturgische-paramente\/#breadcrumb","itemListElement":[{"@type":"ListItem","position":1,"name":"Homepage","item":"https:\/\/blog.holyart.it\/de\/"},{"@type":"ListItem","position":2,"name":"Liturgie","item":"https:\/\/blog.holyart.it\/de\/liturgische-gerate\/"},{"@type":"ListItem","position":3,"name":"Die Liturgische Paramente"}]},{"@type":"WebSite","@id":"https:\/\/blog.holyart.it\/de\/#website","url":"https:\/\/blog.holyart.it\/de\/","name":"Holyart.de Blog","description":"Holyblog","publisher":{"@id":"https:\/\/blog.holyart.it\/de\/#organization"},"potentialAction":[{"@type":"SearchAction","target":{"@type":"EntryPoint","urlTemplate":"https:\/\/blog.holyart.it\/de\/?s={search_term_string}"},"query-input":{"@type":"PropertyValueSpecification","valueRequired":true,"valueName":"search_term_string"}}],"inLanguage":"de"},{"@type":"Organization","@id":"https:\/\/blog.holyart.it\/de\/#organization","name":"Holyart.de Blog","url":"https:\/\/blog.holyart.it\/de\/","logo":{"@type":"ImageObject","inLanguage":"de","@id":"https:\/\/blog.holyart.it\/de\/#\/schema\/logo\/image\/","url":"https:\/\/blog.holyart.it\/de\/wp-content\/uploads\/sites\/12\/2022\/12\/Holyart_Blog_Logo.jpg","contentUrl":"https:\/\/blog.holyart.it\/de\/wp-content\/uploads\/sites\/12\/2022\/12\/Holyart_Blog_Logo.jpg","width":300,"height":50,"caption":"Holyart.de Blog"},"image":{"@id":"https:\/\/blog.holyart.it\/de\/#\/schema\/logo\/image\/"}},{"@type":"Person","@id":"https:\/\/blog.holyart.it\/de\/#\/schema\/person\/0a7b686e5af0f856ec1e390dd0baecda","name":"Redazione","image":{"@type":"ImageObject","inLanguage":"de","@id":"https:\/\/blog.holyart.it\/de\/#\/schema\/person\/image\/","url":"https:\/\/secure.gravatar.com\/avatar\/f477da817f43e50d0af36abecd33e3edf826c68299714bdc1057dff3b113f516?s=96&d=mm&r=g","contentUrl":"https:\/\/secure.gravatar.com\/avatar\/f477da817f43e50d0af36abecd33e3edf826c68299714bdc1057dff3b113f516?s=96&d=mm&r=g","caption":"Redazione"}}]}},"_links":{"self":[{"href":"https:\/\/blog.holyart.it\/de\/wp-json\/wp\/v2\/posts\/43","targetHints":{"allow":["GET"]}}],"collection":[{"href":"https:\/\/blog.holyart.it\/de\/wp-json\/wp\/v2\/posts"}],"about":[{"href":"https:\/\/blog.holyart.it\/de\/wp-json\/wp\/v2\/types\/post"}],"author":[{"embeddable":true,"href":"https:\/\/blog.holyart.it\/de\/wp-json\/wp\/v2\/users\/1"}],"replies":[{"embeddable":true,"href":"https:\/\/blog.holyart.it\/de\/wp-json\/wp\/v2\/comments?post=43"}],"version-history":[{"count":0,"href":"https:\/\/blog.holyart.it\/de\/wp-json\/wp\/v2\/posts\/43\/revisions"}],"wp:featuredmedia":[{"embeddable":true,"href":"https:\/\/blog.holyart.it\/de\/wp-json\/wp\/v2\/media\/50"}],"wp:attachment":[{"href":"https:\/\/blog.holyart.it\/de\/wp-json\/wp\/v2\/media?parent=43"}],"wp:term":[{"taxonomy":"category","embeddable":true,"href":"https:\/\/blog.holyart.it\/de\/wp-json\/wp\/v2\/categories?post=43"},{"taxonomy":"post_tag","embeddable":true,"href":"https:\/\/blog.holyart.it\/de\/wp-json\/wp\/v2\/tags?post=43"}],"curies":[{"name":"wp","href":"https:\/\/api.w.org\/{rel}","templated":true}]}}