{"id":4276,"date":"2024-07-03T10:00:00","date_gmt":"2024-07-03T08:00:00","guid":{"rendered":"https:\/\/blog.holyart.it\/de\/?p=4276"},"modified":"2024-06-19T11:55:42","modified_gmt":"2024-06-19T09:55:42","slug":"heiligen-maria-goretti-die-reinheit-und-die-vergebung","status":"publish","type":"post","link":"https:\/\/blog.holyart.it\/de\/heilige-und-selige\/heiligen-maria-goretti-die-reinheit-und-die-vergebung\/","title":{"rendered":"Der Heiligen Maria Goretti, die Reinheit und die Vergebung"},"content":{"rendered":"<h4>Am 6. Juli wird der heiligen Maria Goretti gedacht, der Kinderheiligen, die f\u00fcr die Bewahrung ihrer Unschuld starb. So ist ihr Kult entstanden.<\/h4>\n\n<p>Die Verehrung der heiligen Maria Goretti begann unmittelbar nach ihrem tragischen Tod am 6. Juli 1902. Um zu verstehen, warum dieser Kult so schnell entstand und sich auf ein junges M\u00e4dchen, eine Bauerntochter, bezog, die unter tragischen, aber f\u00fcr die damalige Zeit auch h\u00e4ufigen Umst\u00e4nden starb, muss man den Kontext verstehen, in dem Maria lebte und starb. Gerade in den <strong>einfachsten Schichten der Bev\u00f6lkerung<\/strong> entwickelte sich die Verehrung f\u00fcr dieses heilige Kind, in den Herzen und Seelen von M\u00e4nnern, Frauen und Kindern, die an Leiden und Entbehrungen gew\u00f6hnt waren und der b\u00e4uerlichen Welt angeh\u00f6rten, derselben Welt, in der sie ihr kurzes Leben gelebt hatte.<\/p>\n<p>Maria Goretti wurde heiliggesprochen, weil sie <strong>ihrem M\u00f6rder verziehen<\/strong> und ihn zur Umkehr bewegt hat.<\/p>\n<p>Sie ist die Schutzpatronin der Latina, des Agro Pontino, der T\u00f6chter Mariens und der Jugend, zusammen mit dem <strong>heiligen Luigi Gonzaga<\/strong>. Sie ist nicht die einzige Heilige der <strong>Vergewaltigungsopfer<\/strong>, weshalb sie in j\u00fcngster Zeit von Papst Benedikt XVI. und sp\u00e4ter von <a href=\"https:\/\/www.holyart.de\/besondere-anlasse\/papst-franziksus\"><strong>Papst Franziskus<\/strong><\/a> mit der heiligen Dinfna in Verbindung gebracht wurde, einer irischen M\u00e4rtyrerin, die im siebten Jahrhundert in Belgien starb und die Schutzpatronin der Vergewaltigungsopfer war.<\/p>\n<div class=\"link-product\">\n<div class=\"blocco-immagine\"><img loading=\"lazy\" decoding=\"async\" class=\"size-full wp-image-4280 alignleft\" src=\"https:\/\/blog.holyart.it\/de\/wp-content\/uploads\/sites\/12\/2024\/06\/papst-franziskus-fontanini-pvc-18-cm.jpg\" alt=\"Papst Franziskus Fontanini\" width=\"100\" height=\"100\" data-kale-share-title=\"Heiligen Maria Goretti, die Reinheit und die Vergebung\" data-kale-share-url=\"https:\/\/blog.holyart.it\/de\/?p=4276\" \/><\/div>\n<div class=\"blocco-contenuto\">\n<div class=\"blocco-acquista\">Einkaufen:<\/div>\n<div class=\"blocco-titolo\"><a href=\"https:\/\/www.holyart.de\/kirchenbedarf\/kelche-ziborien-patenen\/kelche-ziborien-patenen-aus-metall\/kelch-mod.-hl.-thomas-15cm-messing\">PAPST FRANZIKSUS<\/a><\/div>\n<div class=\"blocco-descrizione\">Diese Produktkategorie ist Jorge Mario Bergoglio gewidmet.<\/div>\n<\/div>\n<\/div>\n<p>Die Geschichte der heiligen Maria Goretti bringt uns zur\u00fcck zu den <strong>vielen jungen Heiligen in der Geschichte des Christentums<\/strong>. Wir haben \u00fcber einige von ihnen in dem Artikel \u00fcber den heiligen Luigi Gonzaga, den Schutzpatron der jungen Menschen, oder in dem \u00fcber <strong>Jeanne d&#8217;Arc<\/strong>, die junge Kriegerin, die ein Symbol des Glaubens und des Mutes war, gesprochen, die auch nur ein bescheidenes Bauernm\u00e4dchen war und dennoch ihr Land zu retten wusste. Diese jungen und sehr jungen Heiligen und M\u00e4rtyrer, die wie die heilige Maria Goretti viel zu fr\u00fch gestorben sind, haben uns allen eine wichtige Lehre mitzugeben, n\u00e4mlich dass man nicht ein langes Leben f\u00fchren und viel Erfahrung sammeln muss, um das Beste in sich selbst hervorzubringen. <strong>Die G\u00fcte, die Barmherzigkeit, der Opfergeist<\/strong> sind zeitlos, und es sind diese Tugenden, die den Unterschied ausmachen, die uns unsterblich machen in der Erinnerung derer, die uns liebten, derer, die uns kannten. Auch die <strong>Heiligkeit<\/strong> kennt kein Alter, und das beweisen uns diese besonderen Jungen, die im Ged\u00e4chtnis der Jahrhunderte als Beispiele geblieben sind, denen man folgen und die man verehren sollte.<\/p>\n<p>Doch wer war die heilige Maria Goretti, und wie kam es zu ihrer Verehrung?<\/p>\n<h2>Die Geschichte der heiligen Maria Goretti<\/h2>\n<p>Maria Goretti wurde am 16. Oktober 1890 in <strong>Corinaldo<\/strong> in der Provinz Ancona, Marken, geboren. Die prek\u00e4ren wirtschaftlichen Verh\u00e4ltnisse und der Mangel an Arbeit zwangen ihre Familie, mit der Familie Serenelli auf <strong>das Land von Agro Pontino<\/strong>, 10 km von Nettuno entfernt, zu ziehen. <strong>Alessandro<\/strong>, einer der S\u00f6hne der Serenellis, interessierte sich schon bald f\u00fcr Maria, ein Interesse, das zu immer eindringlicheren k\u00f6rperlichen Ann\u00e4herungen f\u00fchrte. Nach dem Tod des Vaters des M\u00e4dchens an Malaria kommen sich die beiden Familien noch n\u00e4her und wohnen im selben Haus. Hier \u00fcberf\u00e4llt der zwanzigj\u00e4hrige Alessandro eines Tages die elfj\u00e4hrige Maria. Das M\u00e4dchen verleugnet ihn, versucht zu fliehen, fleht ihn an, und der Junge, blind vor Gewalt, schl\u00e4gt vierzehn Mal mit einer Ahle auf sie ein. Maria wird ins Krankenhaus von Nettuno gebracht, wo sie am n\u00e4chsten Tag stirbt, aber ihre letzten Worte sind Vergebung und Vers\u00f6hnung f\u00fcr ihren M\u00f6rder: \u201e<em>Aus Liebe zu Jesus vergebe ich ihm, ich m\u00f6chte, dass er mit mir ins Paradies kommt.<\/em>\u201c<\/p>\n<p>So starb <a href=\"https:\/\/www.holyart.de\/devotionalien\/wandteppiche\/wandteppich-heilige-maria-goretti-40x30-cm\"><strong>Maria Goretti<\/strong><\/a>, w\u00e4hrend Alessandro Serenelli, tief ber\u00fchrt von ihrer Vergebung, im Gef\u00e4ngnis eingesperrt wurde, wo er in den n\u00e4chsten siebenundzwanzig Jahren einen pers\u00f6nlichen Weg der Reue und der Ann\u00e4herung an die katholische Religion beschreiten sollte. Seine Bekehrung gilt als <strong>das erste der Wunder des kleinen Heiligen<\/strong>. Nach seiner Entlassung aus dem Gef\u00e4ngnis bat er die Familie Marias um Vergebung und erhielt die Vergebung seiner Mutter Assunta.<\/p>\n<div class=\"link-product\">\n<div class=\"blocco-immagine\"><img loading=\"lazy\" decoding=\"async\" class=\"size-full wp-image-4281 alignleft\" src=\"https:\/\/blog.holyart.it\/de\/wp-content\/uploads\/sites\/12\/2024\/06\/Wandteppich-Heilige-Maria-Goretti-40x30-cm.jpg\" alt=\"Wandteppich Heilige Maria Goretti 40x30 cm\" width=\"100\" height=\"100\" data-kale-share-title=\"Heiligen Maria Goretti, die Reinheit und die Vergebung\" data-kale-share-url=\"https:\/\/blog.holyart.it\/de\/?p=4276\" \/><\/div>\n<div class=\"blocco-contenuto\">\n<div class=\"blocco-acquista\">Einkaufen:<\/div>\n<div class=\"blocco-titolo\"><a href=\"https:\/\/www.holyart.de\/devotionalien\/wandteppiche\/wandteppich-heilige-maria-goretti-40x30-cm\">Wandteppich Heilige Maria Goretti 40&#215;30 cm<\/a><\/div>\n<div class=\"blocco-descrizione\">Der Jacquard-Wandteppich wird vollst\u00e4ndig in Italien gefertigt.<\/div>\n<\/div>\n<\/div>\n<p>Die Passionisten-Br\u00fcder von Nettuno und Azione Cattolica Italiana verbreiteten sofort die Geschichte von Maria, die f\u00fcr die \u00f6rtliche Landbev\u00f6lkerung auch w\u00e4hrend der faschistischen \u00c4ra zu <strong>einem Symbol der Tugend und des Mutes<\/strong> wurde.<\/p>\n<p>Auch nach dem Zweiten Weltkrieg, in den 1950er Jahren, erregte die Geschichte des jungen M\u00e4dchens viele Gem\u00fcter, nicht nur unter Katholiken. Ihr Beispiel f\u00fcr Mut und Widerstand wurde sogar f\u00fcr <strong>junge militante Kommunistinnen<\/strong> zum Vorbild, so dass sie auf Anregung von Palmiro Togliatti zum Vorbild f\u00fcr die M\u00e4dchen der FGCI (Federazione Giovanile Comunista Italiana) wurde.<\/p>\n<p>Im Laufe der Jahre untersuchte die Kongregation f\u00fcr die Selig- und Heiligsprechungsprozesse mehrere <strong>Heilungen<\/strong>, die Maria Goretti zugeschrieben wurden. Im Beisein von Mutter Assunta wurde Maria am 24. Juni 1950 von Papst Pius XII. in einer Zeremonie unter freiem Himmel auf dem Petersplatz zum ersten Mal in der Geschichte der Kirche <strong>heiliggesprochen<\/strong>. Bei dieser Gelegenheit k\u00fcsste der Papst die Hand der Mutter des M\u00e4dchens, als Zeichen des Respekts f\u00fcr das Opfer seiner Tochter, aber auch f\u00fcr ihren Schmerz. Alessandro Serenelli nahm ebenfalls an der Heiligsprechung teil. Er erz\u00e4hlte, dass er Maria in einem Traum in einem wundersch\u00f6nen Garten, umgeben von Blumen, gesehen habe. Danach verbrachte er den Rest seines langen Lebens im Kloster.<\/p>\n<div class=\"link-product\">\n<div class=\"blocco-immagine\"><img loading=\"lazy\" decoding=\"async\" class=\"size-full wp-image-4283 alignleft\" src=\"https:\/\/blog.holyart.it\/de\/wp-content\/uploads\/sites\/12\/2024\/06\/papst-pius-xii-rosenkranz-mit-roten-kunststoffperlen-6-mm-kollektion-glaubenskronen-40-47.jpg\" alt=\"Papst Pius xii rosenkranz mit roten kunststoffperlen\" width=\"100\" height=\"100\" data-kale-share-title=\"Heiligen Maria Goretti, die Reinheit und die Vergebung\" data-kale-share-url=\"https:\/\/blog.holyart.it\/de\/?p=4276\" \/><\/div>\n<div class=\"blocco-contenuto\">\n<div class=\"blocco-acquista\">Einkaufen:<\/div>\n<div class=\"blocco-titolo\"><a href=\"https:\/\/www.holyart.de\/devotionalien\/rosenkranze-und-rosenkranzetuis\/besondere-rosenkranze\/papst-pius-xii-rosenkranz-mit-roten-kunststoffperlen-6-mm-kollektion-glaubenskronen-40-47\">Papst Pius XII Rosenkranz mit roten Kunststoffperlen (6 mm) &#8211; Kollektion Glaubenskronen 40\/47<\/a><\/div>\n<div class=\"blocco-descrizione\">Papst Pius XII Rosenkranz mit runden roten Kunststoffperlen mit Perleffekt.<\/div>\n<\/div>\n<\/div>\n<h2>Das Haus der Heiligen Maria Goretti, ein Wallfahrtsort<\/h2>\n<p>Jedes Jahr finden zwei Wallfahrten zu den Orten im Leben von Santa Maria Goretti statt: am letzten Samstag im Juni und am ersten Samstag im Juli. Sie finden in Nettuno statt, wo seine sterblichen \u00dcberreste aufbewahrt werden, aber auch in seinem Geburtsort.<\/p>\n<p>Der <strong>Geburtsort von Santa Maria Goretti<\/strong> liegt im Stadtteil Pregiagna, in der N\u00e4he von Corinaldo. Das Bauernhaus ist weitgehend so geblieben, wie es damals war, ein kleines zweist\u00f6ckiges Geb\u00e4ude, wie man es in dieser l\u00e4ndlichen Gegend oft sieht. Im Erdgeschoss sind noch Reste des Stalls zu sehen. Wo einst der Keller stand, wurde eine kleine Kapelle eingerichtet, die Santa <a href=\"https:\/\/www.holyart.de\/devotionalien\/statuen\/statuen-aus-gips\/statue-aus-gips-heilige-maria-goretti-von-arte-barsanti-30-cm\"><strong>Maria Goretti<\/strong><\/a> gewidmet ist. Im zweiten Obergeschoss befinden sich die R\u00e4ume, in denen die Familie Goretti wohnte, die K\u00fcche mit dem Kamin, die noch mit den M\u00f6beln der Zeit ausgestatteten R\u00e4ume.<\/p>\n<div class=\"link-product\">\n<div class=\"blocco-immagine\"><img loading=\"lazy\" decoding=\"async\" class=\"size-full wp-image-4284 alignleft\" src=\"https:\/\/blog.holyart.it\/de\/wp-content\/uploads\/sites\/12\/2024\/06\/Statue-aus-Gips-Heilige-Maria-Goretti-von-Arte-Barsanti-30-cm.jpg\" alt=\"Statue aus Gips Heilige Maria Goretti von Arte Barsanti, 30 cm\" width=\"100\" height=\"100\" data-kale-share-title=\"Heiligen Maria Goretti, die Reinheit und die Vergebung\" data-kale-share-url=\"https:\/\/blog.holyart.it\/de\/?p=4276\" \/><\/div>\n<div class=\"blocco-contenuto\">\n<div class=\"blocco-acquista\">Einkaufen:<\/div>\n<div class=\"blocco-titolo\"><a href=\"https:\/\/www.holyart.de\/devotionalien\/statuen\/statuen-aus-gips\/statue-aus-gips-heilige-maria-goretti-von-arte-barsanti-30-cm\">Statue aus Gips Heilige Maria Goretti von Arte Barsanti, 30 cm<\/a><\/div>\n<div class=\"blocco-descrizione\">Sch\u00f6ne Statue angefertigt aus Gips und von Hand bemalt.<\/div>\n<\/div>\n<\/div>\n<p>Im Jahr 2015 schuf der Senigallia-K\u00fcnstler Andrea Ippoliti eine Installation f\u00fcr den Park rund um das Haus aus 12 Tafeln, die dem Thema Liebe gewidmet waren.<\/p>\n<p>Das Haus Santa Maria Goretti ist ein Ziel f\u00fcr Wallfahrten und Besuche von Gl\u00e4ubigen nicht nur aus Italien. Es ist etwa 1 km vom historischen Zentrum von Corinaldo entfernt und kann problemlos mit dem Bus erreicht werden. Dar\u00fcber hinaus gibt es einen gro\u00dfen Parkplatz mit Platz f\u00fcr Busse und Autos. Vor dem Haus von Maria Goretti wurde ein Empfangszentrum f\u00fcr Pilger errichtet, ein kleines Votivheiligtum, das dem heiligen Kind gewidmet ist, ein \u201eVia Crucis\u201c, ein Kinderspielplatz. Ein Marienschrein ist Assunta Goretti, Marias Mutter, gewidmet.<\/p>\n<p>Auch in Corinaldo, in der <strong>Pfarrkirche <a href=\"https:\/\/www.holyart.de\/blog\/heilige-und-selige\/franziskus-von-assisi\/\">San Francesco<\/a><\/strong>, in deren Baptisterium Santa Maria Goretti getauft wurde, wurde ein kleines, ihr gewidmetes Denkmal aus wei\u00dfem Carrara-Marmor aufgestellt.<\/p>\n<p>An der Spitze des historischen Zentrums von Corinaldo steht das <strong>Di\u00f6zesanheiligtum Santa Maria Goretti<\/strong>. Hier ruhen Mutter Assunta, die 1954 starb, und Alessandro Serenelli, der 1970 starb. Eine Holzskulptur, die die kleine Heilige darstellt, steht in der N\u00e4he des Hauptaltars, wo sich auch eine silberne Urne mit dem Knochen ihres Arms befindet.<\/p>\n<h2>Das Heiligtum von Maria Goretti in Nettuno<\/h2>\n<p>Der Leichnam und die Reliquien von Santa Maria Goretti werden in Nettuno in der <strong>Wallfahrtskirche Unserer Lieben Frau der Gnaden und Heilige Maria Goretti<\/strong> aufbewahrt. Der Legende nach wurden im Jahr 1532 drei Statuen von einem Schiff in Richtung Neapel transportiert, darunter eine Statue der Madonna aus England, wo die Heiligenstatuen aufgrund des anglikanischen Schismas zerst\u00f6rt wurden. Ein heftiger Sturm traf das Schiff und die Seeleute flehten die Madonna an, die sie rettete. Der Legende zufolge landete die Madonna-Statue wiederum an den K\u00fcsten von Nettuno, oder, in einer anderen Version wurde sie von den Seeleuten selbst den Einheimischen geschenkt.<\/p>\n<p>So entstand der Kult der <a href=\"https:\/\/www.holyart.de\/devotionalien\/statuen\/statuen-aus-bemalten-holz\/gottesmutter-der-gnaden-grodnertal-holz-antikisiert\"><strong>Jungfrau der Gnaden<\/strong><\/a>, die \u00fcber die Bev\u00f6lkerung von Nettuno wacht und sie vor jedem Ungl\u00fcck und jeder Trag\u00f6die sch\u00fctzt. Ihr wurde ein Heiligtum gewidmet, das am Ende der Strandpromenade Giacomo Matteotti, nahe der M\u00fcndung des Flusses Loricina, steht. Es beherbergt noch immer die Holzstatue Unserer Lieben Frau der Gnaden, die auf so abenteuerliche Weise an diese K\u00fcste gelangte.<\/p>\n<div class=\"link-product\">\n<div class=\"blocco-immagine\"><img loading=\"lazy\" decoding=\"async\" class=\"size-full wp-image-4285 alignleft\" src=\"https:\/\/blog.holyart.it\/de\/wp-content\/uploads\/sites\/12\/2024\/06\/gottesmutter-der-gnaden-grodnertal-holz-antikisiert.jpg\" alt=\"gottesmutter der gnaden grodnertal holz antikisiert\" width=\"100\" height=\"100\" data-kale-share-title=\"Heiligen Maria Goretti, die Reinheit und die Vergebung\" data-kale-share-url=\"https:\/\/blog.holyart.it\/de\/?p=4276\" \/><\/div>\n<div class=\"blocco-contenuto\">\n<div class=\"blocco-acquista\">Einkaufen:<\/div>\n<div class=\"blocco-titolo\"><a href=\"https:\/\/www.holyart.de\/devotionalien\/statuen\/statuen-aus-bemalten-holz\/gottesmutter-der-gnaden-grodnertal-holz-antikisiert\">Gottesmutter der Gnaden Gr\u00f6dnertal Holz antikisiert<\/a><\/div>\n<div class=\"blocco-descrizione\">Statue der Gottesmutter der Gnaden realisiert aus Gr\u00f6dnertal Holz und handbemalt mit antikisierten Finish.<\/div>\n<\/div>\n<\/div>\n<p>Als Maria Goretti 1950 seliggesprochen wurde, wurde ihr Name dem Titel \u201eUnsere Liebe Frau der Gnaden\u201c hinzugef\u00fcgt, um dem Heiligtum neu zu nennen. In der Krypta befindet sich auf einem von Arnaldo Brandizzi geschaffenen Altar die Urne von Maria Goretti, die 1929 hier beigesetzt wurde. 1947 wurden ihre sterblichen \u00dcberreste zu einer Wachsstatue zusammengef\u00fcgt, in einem Schrein und in der ihr gewidmeten Kapelle ausgestellt.<\/p>\n","protected":false},"excerpt":{"rendered":"<p>Am 6. Juli wird der heiligen Maria Goretti gedacht, der Kinderheiligen, die f\u00fcr die Bewahrung ihrer Unschuld starb. So ist ihr Kult entstanden. Die Verehrung der heiligen Maria Goretti begann unmittelbar nach ihrem tragischen Tod am 6. Juli 1902. Um zu verstehen, warum dieser Kult&hellip;<\/p>\n","protected":false},"author":1,"featured_media":4278,"comment_status":"closed","ping_status":"open","sticky":false,"template":"","format":"standard","meta":{"_acf_changed":false,"footnotes":""},"categories":[9],"tags":[],"class_list":["post-4276","post","type-post","status-publish","format-standard","has-post-thumbnail","hentry","category-heilige-und-selige"],"acf":[],"yoast_head":"<!-- This site is optimized with the Yoast SEO plugin v26.6 - https:\/\/yoast.com\/wordpress\/plugins\/seo\/ -->\n<title>Der Heiligen Maria Goretti, die Reinheit und die Vergebung - Holyart.de Blog<\/title>\n<meta name=\"description\" content=\"Am 6. Juli wird der heiligen Maria Goretti gedacht, der Kinderheiligen, die f\u00fcr die Bewahrung ihrer Unschuld starb. So ist ihr Kult entstanden.\" \/>\n<meta name=\"robots\" content=\"index, follow, max-snippet:-1, max-image-preview:large, max-video-preview:-1\" \/>\n<link rel=\"canonical\" href=\"https:\/\/blog.holyart.it\/de\/heilige-und-selige\/heiligen-maria-goretti-die-reinheit-und-die-vergebung\/\" \/>\n<meta property=\"og:locale\" content=\"de_DE\" \/>\n<meta property=\"og:type\" content=\"article\" \/>\n<meta property=\"og:title\" content=\"Der Heiligen Maria Goretti, die Reinheit und die Vergebung - Holyart.de Blog\" \/>\n<meta property=\"og:description\" content=\"Am 6. Juli wird der heiligen Maria Goretti gedacht, der Kinderheiligen, die f\u00fcr die Bewahrung ihrer Unschuld starb. So ist ihr Kult entstanden.\" \/>\n<meta property=\"og:url\" content=\"https:\/\/blog.holyart.it\/de\/heilige-und-selige\/heiligen-maria-goretti-die-reinheit-und-die-vergebung\/\" \/>\n<meta property=\"og:site_name\" content=\"Holyart.de Blog\" \/>\n<meta property=\"article:published_time\" content=\"2024-07-03T08:00:00+00:00\" \/>\n<meta property=\"og:image\" content=\"https:\/\/blog.holyart.it\/de\/wp-content\/uploads\/sites\/12\/2024\/06\/heiligen-maria-goretti.jpg\" \/>\n\t<meta property=\"og:image:width\" content=\"1000\" \/>\n\t<meta property=\"og:image:height\" content=\"666\" \/>\n\t<meta property=\"og:image:type\" content=\"image\/jpeg\" \/>\n<meta name=\"author\" content=\"Redazione\" \/>\n<meta name=\"twitter:card\" content=\"summary_large_image\" \/>\n<meta name=\"twitter:label1\" content=\"Verfasst von\" \/>\n\t<meta name=\"twitter:data1\" content=\"Redazione\" \/>\n\t<meta name=\"twitter:label2\" content=\"Gesch\u00e4tzte Lesezeit\" \/>\n\t<meta name=\"twitter:data2\" content=\"10\u00a0Minuten\" \/>\n<script type=\"application\/ld+json\" class=\"yoast-schema-graph\">{\"@context\":\"https:\/\/schema.org\",\"@graph\":[{\"@type\":\"Article\",\"@id\":\"https:\/\/blog.holyart.it\/de\/heilige-und-selige\/heiligen-maria-goretti-die-reinheit-und-die-vergebung\/#article\",\"isPartOf\":{\"@id\":\"https:\/\/blog.holyart.it\/de\/heilige-und-selige\/heiligen-maria-goretti-die-reinheit-und-die-vergebung\/\"},\"author\":{\"name\":\"Redazione\",\"@id\":\"https:\/\/blog.holyart.it\/de\/#\/schema\/person\/0a7b686e5af0f856ec1e390dd0baecda\"},\"headline\":\"Der Heiligen Maria Goretti, die Reinheit und die Vergebung\",\"datePublished\":\"2024-07-03T08:00:00+00:00\",\"mainEntityOfPage\":{\"@id\":\"https:\/\/blog.holyart.it\/de\/heilige-und-selige\/heiligen-maria-goretti-die-reinheit-und-die-vergebung\/\"},\"wordCount\":1579,\"publisher\":{\"@id\":\"https:\/\/blog.holyart.it\/de\/#organization\"},\"image\":{\"@id\":\"https:\/\/blog.holyart.it\/de\/heilige-und-selige\/heiligen-maria-goretti-die-reinheit-und-die-vergebung\/#primaryimage\"},\"thumbnailUrl\":\"https:\/\/blog.holyart.it\/de\/wp-content\/uploads\/sites\/12\/2024\/06\/heiligen-maria-goretti.jpg\",\"articleSection\":[\"Heilige und Selige\"],\"inLanguage\":\"de\"},{\"@type\":\"WebPage\",\"@id\":\"https:\/\/blog.holyart.it\/de\/heilige-und-selige\/heiligen-maria-goretti-die-reinheit-und-die-vergebung\/\",\"url\":\"https:\/\/blog.holyart.it\/de\/heilige-und-selige\/heiligen-maria-goretti-die-reinheit-und-die-vergebung\/\",\"name\":\"Der Heiligen Maria Goretti, die Reinheit und die Vergebung - Holyart.de Blog\",\"isPartOf\":{\"@id\":\"https:\/\/blog.holyart.it\/de\/#website\"},\"primaryImageOfPage\":{\"@id\":\"https:\/\/blog.holyart.it\/de\/heilige-und-selige\/heiligen-maria-goretti-die-reinheit-und-die-vergebung\/#primaryimage\"},\"image\":{\"@id\":\"https:\/\/blog.holyart.it\/de\/heilige-und-selige\/heiligen-maria-goretti-die-reinheit-und-die-vergebung\/#primaryimage\"},\"thumbnailUrl\":\"https:\/\/blog.holyart.it\/de\/wp-content\/uploads\/sites\/12\/2024\/06\/heiligen-maria-goretti.jpg\",\"datePublished\":\"2024-07-03T08:00:00+00:00\",\"description\":\"Am 6. Juli wird der heiligen Maria Goretti gedacht, der Kinderheiligen, die f\u00fcr die Bewahrung ihrer Unschuld starb. So ist ihr Kult entstanden.\",\"breadcrumb\":{\"@id\":\"https:\/\/blog.holyart.it\/de\/heilige-und-selige\/heiligen-maria-goretti-die-reinheit-und-die-vergebung\/#breadcrumb\"},\"inLanguage\":\"de\",\"potentialAction\":[{\"@type\":\"ReadAction\",\"target\":[\"https:\/\/blog.holyart.it\/de\/heilige-und-selige\/heiligen-maria-goretti-die-reinheit-und-die-vergebung\/\"]}]},{\"@type\":\"ImageObject\",\"inLanguage\":\"de\",\"@id\":\"https:\/\/blog.holyart.it\/de\/heilige-und-selige\/heiligen-maria-goretti-die-reinheit-und-die-vergebung\/#primaryimage\",\"url\":\"https:\/\/blog.holyart.it\/de\/wp-content\/uploads\/sites\/12\/2024\/06\/heiligen-maria-goretti.jpg\",\"contentUrl\":\"https:\/\/blog.holyart.it\/de\/wp-content\/uploads\/sites\/12\/2024\/06\/heiligen-maria-goretti.jpg\",\"width\":1000,\"height\":666,\"caption\":\"heiligen maria goretti\"},{\"@type\":\"BreadcrumbList\",\"@id\":\"https:\/\/blog.holyart.it\/de\/heilige-und-selige\/heiligen-maria-goretti-die-reinheit-und-die-vergebung\/#breadcrumb\",\"itemListElement\":[{\"@type\":\"ListItem\",\"position\":1,\"name\":\"Homepage\",\"item\":\"https:\/\/blog.holyart.it\/de\/\"},{\"@type\":\"ListItem\",\"position\":2,\"name\":\"Heilige und Selige\",\"item\":\"https:\/\/blog.holyart.it\/de\/heilige-und-selige\/\"},{\"@type\":\"ListItem\",\"position\":3,\"name\":\"Der Heiligen Maria Goretti, die Reinheit und die Vergebung\"}]},{\"@type\":\"WebSite\",\"@id\":\"https:\/\/blog.holyart.it\/de\/#website\",\"url\":\"https:\/\/blog.holyart.it\/de\/\",\"name\":\"Holyart.de Blog\",\"description\":\"Holyblog\",\"publisher\":{\"@id\":\"https:\/\/blog.holyart.it\/de\/#organization\"},\"potentialAction\":[{\"@type\":\"SearchAction\",\"target\":{\"@type\":\"EntryPoint\",\"urlTemplate\":\"https:\/\/blog.holyart.it\/de\/?s={search_term_string}\"},\"query-input\":{\"@type\":\"PropertyValueSpecification\",\"valueRequired\":true,\"valueName\":\"search_term_string\"}}],\"inLanguage\":\"de\"},{\"@type\":\"Organization\",\"@id\":\"https:\/\/blog.holyart.it\/de\/#organization\",\"name\":\"Holyart.de Blog\",\"url\":\"https:\/\/blog.holyart.it\/de\/\",\"logo\":{\"@type\":\"ImageObject\",\"inLanguage\":\"de\",\"@id\":\"https:\/\/blog.holyart.it\/de\/#\/schema\/logo\/image\/\",\"url\":\"https:\/\/blog.holyart.it\/de\/wp-content\/uploads\/sites\/12\/2022\/12\/Holyart_Blog_Logo.jpg\",\"contentUrl\":\"https:\/\/blog.holyart.it\/de\/wp-content\/uploads\/sites\/12\/2022\/12\/Holyart_Blog_Logo.jpg\",\"width\":300,\"height\":50,\"caption\":\"Holyart.de Blog\"},\"image\":{\"@id\":\"https:\/\/blog.holyart.it\/de\/#\/schema\/logo\/image\/\"}},{\"@type\":\"Person\",\"@id\":\"https:\/\/blog.holyart.it\/de\/#\/schema\/person\/0a7b686e5af0f856ec1e390dd0baecda\",\"name\":\"Redazione\",\"image\":{\"@type\":\"ImageObject\",\"inLanguage\":\"de\",\"@id\":\"https:\/\/blog.holyart.it\/de\/#\/schema\/person\/image\/\",\"url\":\"https:\/\/secure.gravatar.com\/avatar\/f477da817f43e50d0af36abecd33e3edf826c68299714bdc1057dff3b113f516?s=96&d=mm&r=g\",\"contentUrl\":\"https:\/\/secure.gravatar.com\/avatar\/f477da817f43e50d0af36abecd33e3edf826c68299714bdc1057dff3b113f516?s=96&d=mm&r=g\",\"caption\":\"Redazione\"}}]}<\/script>\n<!-- \/ Yoast SEO plugin. -->","yoast_head_json":{"title":"Der Heiligen Maria Goretti, die Reinheit und die Vergebung - Holyart.de Blog","description":"Am 6. Juli wird der heiligen Maria Goretti gedacht, der Kinderheiligen, die f\u00fcr die Bewahrung ihrer Unschuld starb. So ist ihr Kult entstanden.","robots":{"index":"index","follow":"follow","max-snippet":"max-snippet:-1","max-image-preview":"max-image-preview:large","max-video-preview":"max-video-preview:-1"},"canonical":"https:\/\/blog.holyart.it\/de\/heilige-und-selige\/heiligen-maria-goretti-die-reinheit-und-die-vergebung\/","og_locale":"de_DE","og_type":"article","og_title":"Der Heiligen Maria Goretti, die Reinheit und die Vergebung - Holyart.de Blog","og_description":"Am 6. Juli wird der heiligen Maria Goretti gedacht, der Kinderheiligen, die f\u00fcr die Bewahrung ihrer Unschuld starb. So ist ihr Kult entstanden.","og_url":"https:\/\/blog.holyart.it\/de\/heilige-und-selige\/heiligen-maria-goretti-die-reinheit-und-die-vergebung\/","og_site_name":"Holyart.de Blog","article_published_time":"2024-07-03T08:00:00+00:00","og_image":[{"width":1000,"height":666,"url":"https:\/\/blog.holyart.it\/de\/wp-content\/uploads\/sites\/12\/2024\/06\/heiligen-maria-goretti.jpg","type":"image\/jpeg"}],"author":"Redazione","twitter_card":"summary_large_image","twitter_misc":{"Verfasst von":"Redazione","Gesch\u00e4tzte Lesezeit":"10\u00a0Minuten"},"schema":{"@context":"https:\/\/schema.org","@graph":[{"@type":"Article","@id":"https:\/\/blog.holyart.it\/de\/heilige-und-selige\/heiligen-maria-goretti-die-reinheit-und-die-vergebung\/#article","isPartOf":{"@id":"https:\/\/blog.holyart.it\/de\/heilige-und-selige\/heiligen-maria-goretti-die-reinheit-und-die-vergebung\/"},"author":{"name":"Redazione","@id":"https:\/\/blog.holyart.it\/de\/#\/schema\/person\/0a7b686e5af0f856ec1e390dd0baecda"},"headline":"Der Heiligen Maria Goretti, die Reinheit und die Vergebung","datePublished":"2024-07-03T08:00:00+00:00","mainEntityOfPage":{"@id":"https:\/\/blog.holyart.it\/de\/heilige-und-selige\/heiligen-maria-goretti-die-reinheit-und-die-vergebung\/"},"wordCount":1579,"publisher":{"@id":"https:\/\/blog.holyart.it\/de\/#organization"},"image":{"@id":"https:\/\/blog.holyart.it\/de\/heilige-und-selige\/heiligen-maria-goretti-die-reinheit-und-die-vergebung\/#primaryimage"},"thumbnailUrl":"https:\/\/blog.holyart.it\/de\/wp-content\/uploads\/sites\/12\/2024\/06\/heiligen-maria-goretti.jpg","articleSection":["Heilige und Selige"],"inLanguage":"de"},{"@type":"WebPage","@id":"https:\/\/blog.holyart.it\/de\/heilige-und-selige\/heiligen-maria-goretti-die-reinheit-und-die-vergebung\/","url":"https:\/\/blog.holyart.it\/de\/heilige-und-selige\/heiligen-maria-goretti-die-reinheit-und-die-vergebung\/","name":"Der Heiligen Maria Goretti, die Reinheit und die Vergebung - Holyart.de Blog","isPartOf":{"@id":"https:\/\/blog.holyart.it\/de\/#website"},"primaryImageOfPage":{"@id":"https:\/\/blog.holyart.it\/de\/heilige-und-selige\/heiligen-maria-goretti-die-reinheit-und-die-vergebung\/#primaryimage"},"image":{"@id":"https:\/\/blog.holyart.it\/de\/heilige-und-selige\/heiligen-maria-goretti-die-reinheit-und-die-vergebung\/#primaryimage"},"thumbnailUrl":"https:\/\/blog.holyart.it\/de\/wp-content\/uploads\/sites\/12\/2024\/06\/heiligen-maria-goretti.jpg","datePublished":"2024-07-03T08:00:00+00:00","description":"Am 6. Juli wird der heiligen Maria Goretti gedacht, der Kinderheiligen, die f\u00fcr die Bewahrung ihrer Unschuld starb. So ist ihr Kult entstanden.","breadcrumb":{"@id":"https:\/\/blog.holyart.it\/de\/heilige-und-selige\/heiligen-maria-goretti-die-reinheit-und-die-vergebung\/#breadcrumb"},"inLanguage":"de","potentialAction":[{"@type":"ReadAction","target":["https:\/\/blog.holyart.it\/de\/heilige-und-selige\/heiligen-maria-goretti-die-reinheit-und-die-vergebung\/"]}]},{"@type":"ImageObject","inLanguage":"de","@id":"https:\/\/blog.holyart.it\/de\/heilige-und-selige\/heiligen-maria-goretti-die-reinheit-und-die-vergebung\/#primaryimage","url":"https:\/\/blog.holyart.it\/de\/wp-content\/uploads\/sites\/12\/2024\/06\/heiligen-maria-goretti.jpg","contentUrl":"https:\/\/blog.holyart.it\/de\/wp-content\/uploads\/sites\/12\/2024\/06\/heiligen-maria-goretti.jpg","width":1000,"height":666,"caption":"heiligen maria goretti"},{"@type":"BreadcrumbList","@id":"https:\/\/blog.holyart.it\/de\/heilige-und-selige\/heiligen-maria-goretti-die-reinheit-und-die-vergebung\/#breadcrumb","itemListElement":[{"@type":"ListItem","position":1,"name":"Homepage","item":"https:\/\/blog.holyart.it\/de\/"},{"@type":"ListItem","position":2,"name":"Heilige und Selige","item":"https:\/\/blog.holyart.it\/de\/heilige-und-selige\/"},{"@type":"ListItem","position":3,"name":"Der Heiligen Maria Goretti, die Reinheit und die Vergebung"}]},{"@type":"WebSite","@id":"https:\/\/blog.holyart.it\/de\/#website","url":"https:\/\/blog.holyart.it\/de\/","name":"Holyart.de Blog","description":"Holyblog","publisher":{"@id":"https:\/\/blog.holyart.it\/de\/#organization"},"potentialAction":[{"@type":"SearchAction","target":{"@type":"EntryPoint","urlTemplate":"https:\/\/blog.holyart.it\/de\/?s={search_term_string}"},"query-input":{"@type":"PropertyValueSpecification","valueRequired":true,"valueName":"search_term_string"}}],"inLanguage":"de"},{"@type":"Organization","@id":"https:\/\/blog.holyart.it\/de\/#organization","name":"Holyart.de Blog","url":"https:\/\/blog.holyart.it\/de\/","logo":{"@type":"ImageObject","inLanguage":"de","@id":"https:\/\/blog.holyart.it\/de\/#\/schema\/logo\/image\/","url":"https:\/\/blog.holyart.it\/de\/wp-content\/uploads\/sites\/12\/2022\/12\/Holyart_Blog_Logo.jpg","contentUrl":"https:\/\/blog.holyart.it\/de\/wp-content\/uploads\/sites\/12\/2022\/12\/Holyart_Blog_Logo.jpg","width":300,"height":50,"caption":"Holyart.de Blog"},"image":{"@id":"https:\/\/blog.holyart.it\/de\/#\/schema\/logo\/image\/"}},{"@type":"Person","@id":"https:\/\/blog.holyart.it\/de\/#\/schema\/person\/0a7b686e5af0f856ec1e390dd0baecda","name":"Redazione","image":{"@type":"ImageObject","inLanguage":"de","@id":"https:\/\/blog.holyart.it\/de\/#\/schema\/person\/image\/","url":"https:\/\/secure.gravatar.com\/avatar\/f477da817f43e50d0af36abecd33e3edf826c68299714bdc1057dff3b113f516?s=96&d=mm&r=g","contentUrl":"https:\/\/secure.gravatar.com\/avatar\/f477da817f43e50d0af36abecd33e3edf826c68299714bdc1057dff3b113f516?s=96&d=mm&r=g","caption":"Redazione"}}]}},"_links":{"self":[{"href":"https:\/\/blog.holyart.it\/de\/wp-json\/wp\/v2\/posts\/4276","targetHints":{"allow":["GET"]}}],"collection":[{"href":"https:\/\/blog.holyart.it\/de\/wp-json\/wp\/v2\/posts"}],"about":[{"href":"https:\/\/blog.holyart.it\/de\/wp-json\/wp\/v2\/types\/post"}],"author":[{"embeddable":true,"href":"https:\/\/blog.holyart.it\/de\/wp-json\/wp\/v2\/users\/1"}],"replies":[{"embeddable":true,"href":"https:\/\/blog.holyart.it\/de\/wp-json\/wp\/v2\/comments?post=4276"}],"version-history":[{"count":8,"href":"https:\/\/blog.holyart.it\/de\/wp-json\/wp\/v2\/posts\/4276\/revisions"}],"predecessor-version":[{"id":4290,"href":"https:\/\/blog.holyart.it\/de\/wp-json\/wp\/v2\/posts\/4276\/revisions\/4290"}],"wp:featuredmedia":[{"embeddable":true,"href":"https:\/\/blog.holyart.it\/de\/wp-json\/wp\/v2\/media\/4278"}],"wp:attachment":[{"href":"https:\/\/blog.holyart.it\/de\/wp-json\/wp\/v2\/media?parent=4276"}],"wp:term":[{"taxonomy":"category","embeddable":true,"href":"https:\/\/blog.holyart.it\/de\/wp-json\/wp\/v2\/categories?post=4276"},{"taxonomy":"post_tag","embeddable":true,"href":"https:\/\/blog.holyart.it\/de\/wp-json\/wp\/v2\/tags?post=4276"}],"curies":[{"name":"wp","href":"https:\/\/api.w.org\/{rel}","templated":true}]}}