{"id":4259,"date":"2024-07-01T10:00:34","date_gmt":"2024-07-01T08:00:34","guid":{"rendered":"https:\/\/blog.holyart.it\/de\/?p=4259"},"modified":"2025-06-03T15:52:25","modified_gmt":"2025-06-03T13:52:25","slug":"der-heilige-thomas-der-unglaeubige-apostel","status":"publish","type":"post","link":"https:\/\/blog.holyart.it\/de\/heilige-und-selige\/der-heilige-thomas-der-unglaeubige-apostel\/","title":{"rendered":"Der heilige Thomas, der ungl\u00e4ubige Apostel"},"content":{"rendered":"<h4>Die Rede hier ist vom heiligen Thomas, den ungl\u00e4ubigen Apostel, den treuen und gro\u00dfen Verk\u00fcnder des Evangeliums, an den man sich eher wegen seines Skeptizismus erinnert, der aber ein Mann von gro\u00dfem und festem Glauben war<\/h4>\n\n<p>Unter den Aposteln, die Jesus bis in seine letzten Tage folgten, gibt es einen, an den man sich fast ausschlie\u00dflich wegen einer Episode erinnert, die ihm im \u00dcbrigen keine besondere Ehre einbringt: die Rede ist vom heiligen <strong>Thomas, dem ungl\u00e4ubigen Apostel<\/strong>. In Wirklichkeit war der heilige Thomas, dessen Name auf Aram\u00e4isch \u201e<em>Zwilling<\/em>\u201c bedeutet, wie auch sein Spitzname auf Griechisch <em>Didymus<\/em>, <strong>ein begeisterter Apostel von gro\u00dfem Eifer<\/strong>. Nur charakterlich muss er etwas pessimistisch und wenig vertrauensvoll gewesen sein. Das zeigt sich praktisch in jedem Abschnitt des <strong><a href=\"https:\/\/www.holyart.de\/devotionalien\/italienische-christliche-bucher\/evangelien-in-italienischer-sprache\">Evangeliums<\/a><\/strong>, in dem er erw\u00e4hnt wird.<\/p>\n<p>In Kapitel 11 des <strong>Johannesevangeliums<\/strong> wird zum Beispiel erz\u00e4hlt, dass Jesus beschlie\u00dft, nach Bethanien zu gehen, wo seine Freunde Martha, Maria und Lazarus leben. Letzterer ist krank, und die verzweifelten Schwestern haben sich auf den Weg gemacht, um ihn um Hilfe zu bitten. Aber es gibt viele in Jud\u00e4a, die Jesus hassen, und seine R\u00fcckkehr nach Bethanien k\u00f6nnte sich als gef\u00e4hrlich erweisen. Von den vielen \u00c4u\u00dferungen des Widerspruchs der <strong><a href=\"https:\/\/www.holyart.de\/blog\/heilige-und-selige\/wer-waren-die-12-apostel-und-worin-besteht-der-unterschied-zwischen-aposteln-und-juengern\/\">Apostel<\/a> <\/strong>ist die des Thomas sicherlich die lapidarste. Als Jesus die Apostel auffordert, wegzugehen, weil Lazarus bereits tot ist, antwortet Thomas: \u201e<em>Lasst uns auch gehen und mit ihm sterben<\/em>\u201c (Joh 11,16). Eine etwas s\u00e4uerliche Antwort, die Thomas jedoch nicht davon abh\u00e4lt, seinem Meister zu folgen und sich mit ihm in Gefahr zu begeben.<\/p>\n<div class=\"link-article\">\n<p><img loading=\"lazy\" decoding=\"async\" class=\"size-full wp-image-4261 alignleft\" src=\"https:\/\/blog.holyart.it\/de\/wp-content\/uploads\/sites\/12\/2024\/06\/die-12-Apostel.jpeg\" alt=\"die 12 Apostel\" width=\"150\" height=\"99\" data-kale-share-title=\"Der heilige Thomas, der ungl\u00e4ubige Apostel\" data-kale-share-url=\"https:\/\/blog.holyart.it\/de\/?p=4259\" \/><\/p>\n<div class=\"leggi-anche\">Lesen Sie auch:<\/div>\n<p><strong><a href=\"https:\/\/www.holyart.de\/blog\/heilige-und-selige\/wer-waren-die-12-apostel-und-worin-besteht-der-unterschied-zwischen-aposteln-und-juengern\/\">Wer waren die 12 Apostel und worin besteht der Unterschied zwischen Aposteln und J\u00fcngern?<\/a><\/strong><br \/>\nWer waren die 12 Apostel, die Jesus w\u00e4hrend der kurzen Zeit seiner&#8230;<\/p>\n<\/div>\n<p>Schon beim <a href=\"https:\/\/www.holyart.de\/blog\/devotionalien\/das-letzte-abendmahl-von-leonardo-da-vinci\/\"><strong>letzten Abendmahl<\/strong><\/a> zeigt sich die <strong>Skepsis<\/strong> dieses Apostels, von dem wir praktisch nichts wissen. Wiederum in Johannes, Kapitel 14, erkl\u00e4rt Jesus, dass er f\u00fcr jeden <strong>einen Platz im Haus des Vaters<\/strong> vorbereiten wird. \u201e<em>Und von dem Ort, wo ich hingehe, kennt ihr den Weg<\/em>\u201c, sagt er zu den unsicheren Aposteln. Und hier spricht Thomas das aus, was wahrscheinlich alle verwirrt hat, was die anderen aber nicht auszusprechen wagten. \u201e<em>Herr, wir wissen nicht, wohin du gehst, und woher sollen wir den Weg wissen<\/em>\u201c. Man muss fast schmunzeln, wenn man sich den heiligen Apostel Thomas als einen jener Freunde vorstellt, die in jeder Gesellschaft anwesend sind, die an den gemeinsamen Aktivit\u00e4ten teilnehmen, die nie zur\u00fcckweichen und immer bereit sind zu helfen, die aber auch murren und gegen jeden Vorschlag Einspruch erheben. Das k\u00f6nnte seine Rolle unter den 12 Aposteln gewesen sein.<\/p>\n<div class=\"link-article\">\n<p><img loading=\"lazy\" decoding=\"async\" class=\"size-full wp-image-4264 alignleft\" src=\"https:\/\/blog.holyart.it\/de\/wp-content\/uploads\/sites\/12\/2024\/06\/Das-letzte-Abendmahl-von-Leonardo-da-Vinci.jpeg\" alt=\"Das letzte Abendmahl von Leonardo da Vinci\" width=\"150\" height=\"99\" data-kale-share-title=\"Der heilige Thomas, der ungl\u00e4ubige Apostel\" data-kale-share-url=\"https:\/\/blog.holyart.it\/de\/?p=4259\" \/><\/p>\n<div class=\"leggi-anche\">Lesen Sie auch:<\/div>\n<p><strong><a href=\"https:\/\/www.holyart.de\/blog\/devotionalien\/das-letzte-abendmahl-von-leonardo-da-vinci\/\">Das letzte Abendmahl von Leonardo da Vinci<\/a><\/strong><br \/>\nDas letzte Abendmahl von Leonardo da Vinci in Santa Maria delle Grazie (Mailand) ist eines der ber\u00fchmtesten Kunstwerke der Welt&#8230;<\/p>\n<\/div>\n<h2>\u201eWenn ich nicht sehe, glaube ich nicht\u201c<\/h2>\n<p>Nachdem wir Thomas in fr\u00fcheren Episoden der Evangelien kennengelernt haben, ist sein Verhalten anl\u00e4sslich der <a href=\"https:\/\/www.holyart.de\/blog\/devotionalien\/marias-leben-nach-der-auferstehung-jesu\/\"><strong>Auferstehung Christi <\/strong><\/a>vielleicht verst\u00e4ndlicher. Vor den Augen seiner aufgeregten Gef\u00e4hrten, die berichten, Jesus von den Toten auferstanden zu sehen, zeigt sich Thomas&#8216; \u00fcbliche Skepsis: \u201e<em>Wenn ich nicht in seinen H\u00e4nden das Zeichen der N\u00e4gel sehe und meinen Finger in die Stelle der N\u00e4gel lege und meine Hand in seine Seite lege, werde ich nicht glauben<\/em>\u201c (Joh 20,25). Acht Tage sp\u00e4ter erscheint Jesus den versammelten J\u00fcngern. Unter ihnen ist auch Thomas, und Christus spricht ihn an: \u201e<em>Leg deinen Finger hierher und sieh meine H\u00e4nde; streck deine Hand aus und lege sie in meine Seite; und sei nicht mehr ungl\u00e4ubig, sondern gl\u00e4ubig<\/em>\u201c (Joh 20,27). Jetzt zweifelt Thomas nicht mehr und spricht Jesus mit den Worten an: \u201e<em>Mein Herr und mein Gott<\/em>!\u201c. Die Antwort Jesu (\u201e<em>Weil du mich gesehen hast, hast du geglaubt; selig sind die, die nicht gesehen haben, aber glauben werden<\/em>\u201c) verr\u00e4t keine Bitterkeit gegen\u00fcber diesem st\u00f6rrischen, misstrauischen und vielleicht etwas pessimistischen Freund. Im Gegenteil, Thomas erweist sich als eine sehr menschliche Figur, die jedem von uns nahesteht, ein Sinnbild f\u00fcr die Zweifel, die zu einer gr\u00f6\u00dferen Erkenntnis f\u00fchren, f\u00fcr die Unsicherheit, die den Glauben n\u00e4hrt.<\/p>\n<div class=\"link-article\">\n<p><img loading=\"lazy\" decoding=\"async\" class=\"size-full wp-image-4266 alignleft\" src=\"https:\/\/blog.holyart.it\/de\/wp-content\/uploads\/sites\/12\/2024\/06\/Marias-Leben-nach-der-Auferstehung-Jesu.jpg\" alt=\"Marias Leben nach der Auferstehung Jesu\" width=\"150\" height=\"99\" data-kale-share-title=\"Der heilige Thomas, der ungl\u00e4ubige Apostel\" data-kale-share-url=\"https:\/\/blog.holyart.it\/de\/?p=4259\" \/><\/p>\n<div class=\"leggi-anche\">Lesen Sie auch:<\/div>\n<p><strong><a href=\"https:\/\/www.holyart.de\/blog\/devotionalien\/marias-leben-nach-der-auferstehung-jesu\/\">Marias Leben nach der Auferstehung Jesu<\/a><\/strong><br \/>\nWas geschah mit der Gottesmutter nach der Auferstehung Jesu? Wir erforschen das Leben Marias anhand der Evangelien bis zum Tag&#8230;<\/p>\n<\/div>\n<h2>Die Ungl\u00e4ubigkeit des heiligen Thomas<\/h2>\n<p>Die Episode <strong>des Unglaubens des heiligen Thomas<\/strong> ist Gegenstand unz\u00e4hliger k\u00fcnstlerischer Darstellungen gewesen. Die <strong>Ikonographie dieses Heiligen<\/strong> ist in der Tat sehr vielf\u00e4ltig. In der Antike wurde er <strong>mit einem Buch<\/strong> dargestellt, ein ikonographisches Attribut, das allen Aposteln gemeinsam ist, oder mit <strong>einem<\/strong> <strong>Schwert oder einer Lanze<\/strong> in der Faust, der Waffe, mit der er get\u00f6tet wurde, und der <strong>Palme<\/strong>, dem Symbol des Martyriums. Auf anderen Darstellungen sehen wir ihn jedoch mit einem <strong>Architektenlineal<\/strong>. Tats\u00e4chlich ist der heilige Thomas unter anderem der <strong><a href=\"https:\/\/www.holyart.de\/devotionalien\/wandteppiche\/wandteppich-apostel-thomas-40x30cm\">Schutzpatron der Architekten und Landvermesser<\/a><\/strong> sowie von Indien und Pakistan. Der Legende nach \u00fcbergab der indische K\u00f6nig dem Heiligen das Rei\u00dfbrett (oder den \u00d6lstab), nachdem er den Plan des k\u00f6niglichen Palastes mit gro\u00dfem Aufwand gezeichnet hatte. Seitdem ist das Rei\u00dfbrett zu einem seiner ikonografischen Attribute geworden.<\/p>\n<div class=\"link-product\">\n<div class=\"blocco-immagine\"><img loading=\"lazy\" decoding=\"async\" class=\"size-full wp-image-4269 alignleft\" src=\"https:\/\/blog.holyart.it\/de\/wp-content\/uploads\/sites\/12\/2024\/06\/wandteppich-hl.-thomas-apostel-40x30cm-1.jpg\" alt=\"wandteppich hl. thomas apostel 40x30cm\" width=\"100\" height=\"100\" data-kale-share-title=\"Der heilige Thomas, der ungl\u00e4ubige Apostel\" data-kale-share-url=\"https:\/\/blog.holyart.it\/de\/?p=4259\" \/><\/div>\n<div class=\"blocco-contenuto\">\n<div class=\"blocco-acquista\">Einkaufen:<\/div>\n<div class=\"blocco-titolo\"><a href=\"https:\/\/www.holyart.de\/devotionalien\/wandteppiche\/wandteppich-apostel-thomas-40x30cm\">Wandteppich Apostel Thomas 40x30cm<\/a><\/div>\n<div class=\"blocco-descrizione\">Der Jacquard-Wandteppich wird vollst\u00e4ndig in Italien gefertigt.<\/div>\n<\/div>\n<\/div>\n<p>Eine weitere Szene mit dem heiligen Thomas, die in der sakralen Kunst immer wieder auftaucht, stammt aus den <strong>apokryphen Evangelien<\/strong>. Thomas, der immer misstrauisch war, wollte nicht an die <strong>Himmelfahrt Mariens<\/strong> glauben. Um ihn zu \u00fcberzeugen, erschien ihm die Gottesmutter vom Himmel und <strong>warf ihm ihren G\u00fcrtel<\/strong> zu.<\/p>\n<p>Die Szene des Unglaubens wurde unter anderem von dem italienischen Maler <strong>Caravaggio<\/strong> in einem ber\u00fchmten \u00d6lgem\u00e4lde dargestellt, das zwischen 1600 und 1601 entstand und in der Bildergalerie in Potsdam ausgestellt ist. Das Gem\u00e4lde zeigt mit dem erhabenen Stil und dem Licht- und Schattenspiel, die das Werk des Malers so gro\u00dfartig gemacht haben, den genauen Moment, in dem Thomas die Wunden am K\u00f6rper Jesu feststellt.<\/p>\n<h2>Der heilige Thomas und sein Werk der Evangelisierung<\/h2>\n<p>Aber der heilige Thomas war auch an <strong>einem gro\u00dfen<\/strong> <strong>Evangelisierungswerk<\/strong> beteiligt, das ihn nach <strong>Syrien, Persien, Indien und China<\/strong> f\u00fchrte. Nachdem er in Syrien war und Edessa evangelisiert hatte, zog er nach Babylon in Mesopotamien, wo er die <strong>erste christliche Gemeinde<\/strong> gr\u00fcndete und sieben Jahre lang blieb. Danach ging er nach Indien, wo er j\u00fcdische Gemeinden besuchte und missionierte, und von Indien aus ging er nach China. Zur\u00fcck in Indien erlitt er 72 n. Chr. das <strong>Martyrium<\/strong>, als er auf Befehl von K\u00f6nig Misdaeu durch eine Lanze (oder ein Schwert) get\u00f6tet wurde.<\/p>\n<div class=\"link-product\">\n<div class=\"blocco-immagine\"><img loading=\"lazy\" decoding=\"async\" class=\"size-full wp-image-4270 alignleft\" src=\"https:\/\/blog.holyart.it\/de\/wp-content\/uploads\/sites\/12\/2024\/06\/kelch-mod.-hl.-thomas-15cm-messing.jpg\" alt=\"kelch mod. hl. thomas 15cm messing\" width=\"100\" height=\"100\" data-kale-share-title=\"Der heilige Thomas, der ungl\u00e4ubige Apostel\" data-kale-share-url=\"https:\/\/blog.holyart.it\/de\/?p=4259\" \/><\/div>\n<div class=\"blocco-contenuto\">\n<div class=\"blocco-acquista\">Einkaufen:<\/div>\n<div class=\"blocco-titolo\"><a href=\"https:\/\/www.holyart.de\/kirchenbedarf\/kelche-ziborien-patenen\/kelche-ziborien-patenen-aus-metall\/kelch-mod.-hl.-thomas-15cm-messing\">Kelch Mod. Hl. Thomas 15cm Messing<\/a><\/div>\n<div class=\"blocco-descrizione\">Kelch realisiert bei der italienischen Firma Forma Fluens.<\/div>\n<\/div>\n<\/div>\n<h2>Evangelium des Heiligen Thomas<\/h2>\n<p>Auch ein <strong>apokryphes Thomasevangelium<\/strong> ist uns \u00fcberliefert, ein koptischer Text, der nicht wie die kanonischen Evangelien das Leben Jesu erz\u00e4hlt, sondern seine Worte sammelt. Es sei daran erinnert, dass die <strong><a href=\"https:\/\/www.holyart.de\/blog\/devotionalien\/apokryphe-evangelien-was-sie-sind-und-die-unterschiede-zu-den-kanonischen-evangelien\/\">apokryphen, oft fragmentarischen Evangelien<\/a><\/strong> aus der Zeit nach der so genannten apostolischen \u00c4ra stammen und vom Lehramt der Kirche nicht als kanonisch anerkannt wurden. Sie entstanden im Zusammenhang mit der Entstehung der ersten christlichen Gemeinschaften und wurden verfasst, um die in den kanonischen Evangelien angesprochenen Themen zu vertiefen und weitere Informationen \u00fcber das Leben Jesu und derer, die ihn gekannt haben, zu sammeln. Im Thomas-Evangelium ist das Reich Gottes bereits auf der Erde und nur f\u00fcr die Menschen sichtbar, die bereit sind, sich von dem g\u00f6ttlichen Licht erleuchten zu lassen, das in jedem von ihnen gegenw\u00e4rtig ist. F\u00fcr einen chronischen Pessimisten klingt das nicht nach einer schlechten Vermutung!<\/p>\n<div class=\"link-article\">\n<p><img loading=\"lazy\" decoding=\"async\" class=\"size-full wp-image-4273 alignleft\" src=\"https:\/\/blog.holyart.it\/de\/wp-content\/uploads\/sites\/12\/2024\/06\/Apokryphe-Evangelien.jpeg\" alt=\"Apokryphe Evangelien\" width=\"150\" height=\"99\" data-kale-share-title=\"Der heilige Thomas, der ungl\u00e4ubige Apostel\" data-kale-share-url=\"https:\/\/blog.holyart.it\/de\/?p=4259\" \/><\/p>\n<div class=\"leggi-anche\">Lesen Sie auch:<\/div>\n<p><strong><a href=\"https:\/\/www.holyart.de\/blog\/devotionalien\/apokryphe-evangelien-was-sie-sind-und-die-unterschiede-zu-den-kanonischen-evangelien\/\">Apokryphe Evangelien: Was sie sind und die Unterschiede zu den kanonischen Evangelien<\/a><\/strong><br \/>\nDie apokryphen Evangelien sind nicht Teil des Neuen Testaments&#8230;<\/p>\n<\/div>\n","protected":false},"excerpt":{"rendered":"<p>Die Rede hier ist vom heiligen Thomas, den ungl\u00e4ubigen Apostel, den treuen und gro\u00dfen Verk\u00fcnder des Evangeliums, an den man sich eher wegen seines Skeptizismus erinnert, der aber ein Mann von gro\u00dfem und festem Glauben war Unter den Aposteln, die Jesus bis in seine letzten&hellip;<\/p>\n","protected":false},"author":1,"featured_media":4260,"comment_status":"closed","ping_status":"open","sticky":false,"template":"","format":"standard","meta":{"_acf_changed":false,"footnotes":""},"categories":[9],"tags":[],"class_list":["post-4259","post","type-post","status-publish","format-standard","has-post-thumbnail","hentry","category-heilige-und-selige"],"acf":[],"yoast_head":"<!-- This site is optimized with the Yoast SEO plugin v26.6 - https:\/\/yoast.com\/wordpress\/plugins\/seo\/ -->\n<title>Der heilige Thomas, der ungl\u00e4ubige Apostel - Holyart.de Blog<\/title>\n<meta name=\"description\" content=\"Heilige Thomas war ein ungl\u00e4ubig Apostel aber beseelt von einem gro\u00dfen Glauber, der ihn bis ans Ende der Welt f\u00fchrte.\" \/>\n<meta name=\"robots\" content=\"index, follow, max-snippet:-1, max-image-preview:large, max-video-preview:-1\" \/>\n<link rel=\"canonical\" href=\"https:\/\/blog.holyart.it\/de\/heilige-und-selige\/der-heilige-thomas-der-unglaeubige-apostel\/\" \/>\n<meta property=\"og:locale\" content=\"de_DE\" \/>\n<meta property=\"og:type\" content=\"article\" \/>\n<meta property=\"og:title\" content=\"Der heilige Thomas, der ungl\u00e4ubige Apostel - Holyart.de Blog\" \/>\n<meta property=\"og:description\" content=\"Heilige Thomas war ein ungl\u00e4ubig Apostel aber beseelt von einem gro\u00dfen Glauber, der ihn bis ans Ende der Welt f\u00fchrte.\" \/>\n<meta property=\"og:url\" content=\"https:\/\/blog.holyart.it\/de\/heilige-und-selige\/der-heilige-thomas-der-unglaeubige-apostel\/\" \/>\n<meta property=\"og:site_name\" content=\"Holyart.de Blog\" \/>\n<meta property=\"article:published_time\" content=\"2024-07-01T08:00:34+00:00\" \/>\n<meta property=\"article:modified_time\" content=\"2025-06-03T13:52:25+00:00\" \/>\n<meta property=\"og:image\" content=\"https:\/\/blog.holyart.it\/de\/wp-content\/uploads\/sites\/12\/2024\/06\/heilige-thomas.jpg\" \/>\n\t<meta property=\"og:image:width\" content=\"1000\" \/>\n\t<meta property=\"og:image:height\" content=\"666\" \/>\n\t<meta property=\"og:image:type\" content=\"image\/jpeg\" \/>\n<meta name=\"author\" content=\"Redazione\" \/>\n<meta name=\"twitter:card\" content=\"summary_large_image\" \/>\n<meta name=\"twitter:label1\" content=\"Verfasst von\" \/>\n\t<meta name=\"twitter:data1\" content=\"Redazione\" \/>\n\t<meta name=\"twitter:label2\" content=\"Gesch\u00e4tzte Lesezeit\" \/>\n\t<meta name=\"twitter:data2\" content=\"9\u00a0Minuten\" \/>\n<script type=\"application\/ld+json\" class=\"yoast-schema-graph\">{\"@context\":\"https:\/\/schema.org\",\"@graph\":[{\"@type\":\"Article\",\"@id\":\"https:\/\/blog.holyart.it\/de\/heilige-und-selige\/der-heilige-thomas-der-unglaeubige-apostel\/#article\",\"isPartOf\":{\"@id\":\"https:\/\/blog.holyart.it\/de\/heilige-und-selige\/der-heilige-thomas-der-unglaeubige-apostel\/\"},\"author\":{\"name\":\"Redazione\",\"@id\":\"https:\/\/blog.holyart.it\/de\/#\/schema\/person\/0a7b686e5af0f856ec1e390dd0baecda\"},\"headline\":\"Der heilige Thomas, der ungl\u00e4ubige Apostel\",\"datePublished\":\"2024-07-01T08:00:34+00:00\",\"dateModified\":\"2025-06-03T13:52:25+00:00\",\"mainEntityOfPage\":{\"@id\":\"https:\/\/blog.holyart.it\/de\/heilige-und-selige\/der-heilige-thomas-der-unglaeubige-apostel\/\"},\"wordCount\":1297,\"publisher\":{\"@id\":\"https:\/\/blog.holyart.it\/de\/#organization\"},\"image\":{\"@id\":\"https:\/\/blog.holyart.it\/de\/heilige-und-selige\/der-heilige-thomas-der-unglaeubige-apostel\/#primaryimage\"},\"thumbnailUrl\":\"https:\/\/blog.holyart.it\/de\/wp-content\/uploads\/sites\/12\/2024\/06\/heilige-thomas.jpg\",\"articleSection\":[\"Heilige und Selige\"],\"inLanguage\":\"de\"},{\"@type\":\"WebPage\",\"@id\":\"https:\/\/blog.holyart.it\/de\/heilige-und-selige\/der-heilige-thomas-der-unglaeubige-apostel\/\",\"url\":\"https:\/\/blog.holyart.it\/de\/heilige-und-selige\/der-heilige-thomas-der-unglaeubige-apostel\/\",\"name\":\"Der heilige Thomas, der ungl\u00e4ubige Apostel - Holyart.de Blog\",\"isPartOf\":{\"@id\":\"https:\/\/blog.holyart.it\/de\/#website\"},\"primaryImageOfPage\":{\"@id\":\"https:\/\/blog.holyart.it\/de\/heilige-und-selige\/der-heilige-thomas-der-unglaeubige-apostel\/#primaryimage\"},\"image\":{\"@id\":\"https:\/\/blog.holyart.it\/de\/heilige-und-selige\/der-heilige-thomas-der-unglaeubige-apostel\/#primaryimage\"},\"thumbnailUrl\":\"https:\/\/blog.holyart.it\/de\/wp-content\/uploads\/sites\/12\/2024\/06\/heilige-thomas.jpg\",\"datePublished\":\"2024-07-01T08:00:34+00:00\",\"dateModified\":\"2025-06-03T13:52:25+00:00\",\"description\":\"Heilige Thomas war ein ungl\u00e4ubig Apostel aber beseelt von einem gro\u00dfen Glauber, der ihn bis ans Ende der Welt f\u00fchrte.\",\"breadcrumb\":{\"@id\":\"https:\/\/blog.holyart.it\/de\/heilige-und-selige\/der-heilige-thomas-der-unglaeubige-apostel\/#breadcrumb\"},\"inLanguage\":\"de\",\"potentialAction\":[{\"@type\":\"ReadAction\",\"target\":[\"https:\/\/blog.holyart.it\/de\/heilige-und-selige\/der-heilige-thomas-der-unglaeubige-apostel\/\"]}]},{\"@type\":\"ImageObject\",\"inLanguage\":\"de\",\"@id\":\"https:\/\/blog.holyart.it\/de\/heilige-und-selige\/der-heilige-thomas-der-unglaeubige-apostel\/#primaryimage\",\"url\":\"https:\/\/blog.holyart.it\/de\/wp-content\/uploads\/sites\/12\/2024\/06\/heilige-thomas.jpg\",\"contentUrl\":\"https:\/\/blog.holyart.it\/de\/wp-content\/uploads\/sites\/12\/2024\/06\/heilige-thomas.jpg\",\"width\":1000,\"height\":666,\"caption\":\"heilige thomas\"},{\"@type\":\"BreadcrumbList\",\"@id\":\"https:\/\/blog.holyart.it\/de\/heilige-und-selige\/der-heilige-thomas-der-unglaeubige-apostel\/#breadcrumb\",\"itemListElement\":[{\"@type\":\"ListItem\",\"position\":1,\"name\":\"Homepage\",\"item\":\"https:\/\/blog.holyart.it\/de\/\"},{\"@type\":\"ListItem\",\"position\":2,\"name\":\"Heilige und Selige\",\"item\":\"https:\/\/blog.holyart.it\/de\/heilige-und-selige\/\"},{\"@type\":\"ListItem\",\"position\":3,\"name\":\"Der heilige Thomas, der ungl\u00e4ubige Apostel\"}]},{\"@type\":\"WebSite\",\"@id\":\"https:\/\/blog.holyart.it\/de\/#website\",\"url\":\"https:\/\/blog.holyart.it\/de\/\",\"name\":\"Holyart.de Blog\",\"description\":\"Holyblog\",\"publisher\":{\"@id\":\"https:\/\/blog.holyart.it\/de\/#organization\"},\"potentialAction\":[{\"@type\":\"SearchAction\",\"target\":{\"@type\":\"EntryPoint\",\"urlTemplate\":\"https:\/\/blog.holyart.it\/de\/?s={search_term_string}\"},\"query-input\":{\"@type\":\"PropertyValueSpecification\",\"valueRequired\":true,\"valueName\":\"search_term_string\"}}],\"inLanguage\":\"de\"},{\"@type\":\"Organization\",\"@id\":\"https:\/\/blog.holyart.it\/de\/#organization\",\"name\":\"Holyart.de Blog\",\"url\":\"https:\/\/blog.holyart.it\/de\/\",\"logo\":{\"@type\":\"ImageObject\",\"inLanguage\":\"de\",\"@id\":\"https:\/\/blog.holyart.it\/de\/#\/schema\/logo\/image\/\",\"url\":\"https:\/\/blog.holyart.it\/de\/wp-content\/uploads\/sites\/12\/2022\/12\/Holyart_Blog_Logo.jpg\",\"contentUrl\":\"https:\/\/blog.holyart.it\/de\/wp-content\/uploads\/sites\/12\/2022\/12\/Holyart_Blog_Logo.jpg\",\"width\":300,\"height\":50,\"caption\":\"Holyart.de Blog\"},\"image\":{\"@id\":\"https:\/\/blog.holyart.it\/de\/#\/schema\/logo\/image\/\"}},{\"@type\":\"Person\",\"@id\":\"https:\/\/blog.holyart.it\/de\/#\/schema\/person\/0a7b686e5af0f856ec1e390dd0baecda\",\"name\":\"Redazione\",\"image\":{\"@type\":\"ImageObject\",\"inLanguage\":\"de\",\"@id\":\"https:\/\/blog.holyart.it\/de\/#\/schema\/person\/image\/\",\"url\":\"https:\/\/secure.gravatar.com\/avatar\/f477da817f43e50d0af36abecd33e3edf826c68299714bdc1057dff3b113f516?s=96&d=mm&r=g\",\"contentUrl\":\"https:\/\/secure.gravatar.com\/avatar\/f477da817f43e50d0af36abecd33e3edf826c68299714bdc1057dff3b113f516?s=96&d=mm&r=g\",\"caption\":\"Redazione\"}}]}<\/script>\n<!-- \/ Yoast SEO plugin. -->","yoast_head_json":{"title":"Der heilige Thomas, der ungl\u00e4ubige Apostel - Holyart.de Blog","description":"Heilige Thomas war ein ungl\u00e4ubig Apostel aber beseelt von einem gro\u00dfen Glauber, der ihn bis ans Ende der Welt f\u00fchrte.","robots":{"index":"index","follow":"follow","max-snippet":"max-snippet:-1","max-image-preview":"max-image-preview:large","max-video-preview":"max-video-preview:-1"},"canonical":"https:\/\/blog.holyart.it\/de\/heilige-und-selige\/der-heilige-thomas-der-unglaeubige-apostel\/","og_locale":"de_DE","og_type":"article","og_title":"Der heilige Thomas, der ungl\u00e4ubige Apostel - Holyart.de Blog","og_description":"Heilige Thomas war ein ungl\u00e4ubig Apostel aber beseelt von einem gro\u00dfen Glauber, der ihn bis ans Ende der Welt f\u00fchrte.","og_url":"https:\/\/blog.holyart.it\/de\/heilige-und-selige\/der-heilige-thomas-der-unglaeubige-apostel\/","og_site_name":"Holyart.de Blog","article_published_time":"2024-07-01T08:00:34+00:00","article_modified_time":"2025-06-03T13:52:25+00:00","og_image":[{"width":1000,"height":666,"url":"https:\/\/blog.holyart.it\/de\/wp-content\/uploads\/sites\/12\/2024\/06\/heilige-thomas.jpg","type":"image\/jpeg"}],"author":"Redazione","twitter_card":"summary_large_image","twitter_misc":{"Verfasst von":"Redazione","Gesch\u00e4tzte Lesezeit":"9\u00a0Minuten"},"schema":{"@context":"https:\/\/schema.org","@graph":[{"@type":"Article","@id":"https:\/\/blog.holyart.it\/de\/heilige-und-selige\/der-heilige-thomas-der-unglaeubige-apostel\/#article","isPartOf":{"@id":"https:\/\/blog.holyart.it\/de\/heilige-und-selige\/der-heilige-thomas-der-unglaeubige-apostel\/"},"author":{"name":"Redazione","@id":"https:\/\/blog.holyart.it\/de\/#\/schema\/person\/0a7b686e5af0f856ec1e390dd0baecda"},"headline":"Der heilige Thomas, der ungl\u00e4ubige Apostel","datePublished":"2024-07-01T08:00:34+00:00","dateModified":"2025-06-03T13:52:25+00:00","mainEntityOfPage":{"@id":"https:\/\/blog.holyart.it\/de\/heilige-und-selige\/der-heilige-thomas-der-unglaeubige-apostel\/"},"wordCount":1297,"publisher":{"@id":"https:\/\/blog.holyart.it\/de\/#organization"},"image":{"@id":"https:\/\/blog.holyart.it\/de\/heilige-und-selige\/der-heilige-thomas-der-unglaeubige-apostel\/#primaryimage"},"thumbnailUrl":"https:\/\/blog.holyart.it\/de\/wp-content\/uploads\/sites\/12\/2024\/06\/heilige-thomas.jpg","articleSection":["Heilige und Selige"],"inLanguage":"de"},{"@type":"WebPage","@id":"https:\/\/blog.holyart.it\/de\/heilige-und-selige\/der-heilige-thomas-der-unglaeubige-apostel\/","url":"https:\/\/blog.holyart.it\/de\/heilige-und-selige\/der-heilige-thomas-der-unglaeubige-apostel\/","name":"Der heilige Thomas, der ungl\u00e4ubige Apostel - Holyart.de Blog","isPartOf":{"@id":"https:\/\/blog.holyart.it\/de\/#website"},"primaryImageOfPage":{"@id":"https:\/\/blog.holyart.it\/de\/heilige-und-selige\/der-heilige-thomas-der-unglaeubige-apostel\/#primaryimage"},"image":{"@id":"https:\/\/blog.holyart.it\/de\/heilige-und-selige\/der-heilige-thomas-der-unglaeubige-apostel\/#primaryimage"},"thumbnailUrl":"https:\/\/blog.holyart.it\/de\/wp-content\/uploads\/sites\/12\/2024\/06\/heilige-thomas.jpg","datePublished":"2024-07-01T08:00:34+00:00","dateModified":"2025-06-03T13:52:25+00:00","description":"Heilige Thomas war ein ungl\u00e4ubig Apostel aber beseelt von einem gro\u00dfen Glauber, der ihn bis ans Ende der Welt f\u00fchrte.","breadcrumb":{"@id":"https:\/\/blog.holyart.it\/de\/heilige-und-selige\/der-heilige-thomas-der-unglaeubige-apostel\/#breadcrumb"},"inLanguage":"de","potentialAction":[{"@type":"ReadAction","target":["https:\/\/blog.holyart.it\/de\/heilige-und-selige\/der-heilige-thomas-der-unglaeubige-apostel\/"]}]},{"@type":"ImageObject","inLanguage":"de","@id":"https:\/\/blog.holyart.it\/de\/heilige-und-selige\/der-heilige-thomas-der-unglaeubige-apostel\/#primaryimage","url":"https:\/\/blog.holyart.it\/de\/wp-content\/uploads\/sites\/12\/2024\/06\/heilige-thomas.jpg","contentUrl":"https:\/\/blog.holyart.it\/de\/wp-content\/uploads\/sites\/12\/2024\/06\/heilige-thomas.jpg","width":1000,"height":666,"caption":"heilige thomas"},{"@type":"BreadcrumbList","@id":"https:\/\/blog.holyart.it\/de\/heilige-und-selige\/der-heilige-thomas-der-unglaeubige-apostel\/#breadcrumb","itemListElement":[{"@type":"ListItem","position":1,"name":"Homepage","item":"https:\/\/blog.holyart.it\/de\/"},{"@type":"ListItem","position":2,"name":"Heilige und Selige","item":"https:\/\/blog.holyart.it\/de\/heilige-und-selige\/"},{"@type":"ListItem","position":3,"name":"Der heilige Thomas, der ungl\u00e4ubige Apostel"}]},{"@type":"WebSite","@id":"https:\/\/blog.holyart.it\/de\/#website","url":"https:\/\/blog.holyart.it\/de\/","name":"Holyart.de Blog","description":"Holyblog","publisher":{"@id":"https:\/\/blog.holyart.it\/de\/#organization"},"potentialAction":[{"@type":"SearchAction","target":{"@type":"EntryPoint","urlTemplate":"https:\/\/blog.holyart.it\/de\/?s={search_term_string}"},"query-input":{"@type":"PropertyValueSpecification","valueRequired":true,"valueName":"search_term_string"}}],"inLanguage":"de"},{"@type":"Organization","@id":"https:\/\/blog.holyart.it\/de\/#organization","name":"Holyart.de Blog","url":"https:\/\/blog.holyart.it\/de\/","logo":{"@type":"ImageObject","inLanguage":"de","@id":"https:\/\/blog.holyart.it\/de\/#\/schema\/logo\/image\/","url":"https:\/\/blog.holyart.it\/de\/wp-content\/uploads\/sites\/12\/2022\/12\/Holyart_Blog_Logo.jpg","contentUrl":"https:\/\/blog.holyart.it\/de\/wp-content\/uploads\/sites\/12\/2022\/12\/Holyart_Blog_Logo.jpg","width":300,"height":50,"caption":"Holyart.de Blog"},"image":{"@id":"https:\/\/blog.holyart.it\/de\/#\/schema\/logo\/image\/"}},{"@type":"Person","@id":"https:\/\/blog.holyart.it\/de\/#\/schema\/person\/0a7b686e5af0f856ec1e390dd0baecda","name":"Redazione","image":{"@type":"ImageObject","inLanguage":"de","@id":"https:\/\/blog.holyart.it\/de\/#\/schema\/person\/image\/","url":"https:\/\/secure.gravatar.com\/avatar\/f477da817f43e50d0af36abecd33e3edf826c68299714bdc1057dff3b113f516?s=96&d=mm&r=g","contentUrl":"https:\/\/secure.gravatar.com\/avatar\/f477da817f43e50d0af36abecd33e3edf826c68299714bdc1057dff3b113f516?s=96&d=mm&r=g","caption":"Redazione"}}]}},"_links":{"self":[{"href":"https:\/\/blog.holyart.it\/de\/wp-json\/wp\/v2\/posts\/4259","targetHints":{"allow":["GET"]}}],"collection":[{"href":"https:\/\/blog.holyart.it\/de\/wp-json\/wp\/v2\/posts"}],"about":[{"href":"https:\/\/blog.holyart.it\/de\/wp-json\/wp\/v2\/types\/post"}],"author":[{"embeddable":true,"href":"https:\/\/blog.holyart.it\/de\/wp-json\/wp\/v2\/users\/1"}],"replies":[{"embeddable":true,"href":"https:\/\/blog.holyart.it\/de\/wp-json\/wp\/v2\/comments?post=4259"}],"version-history":[{"count":7,"href":"https:\/\/blog.holyart.it\/de\/wp-json\/wp\/v2\/posts\/4259\/revisions"}],"predecessor-version":[{"id":4274,"href":"https:\/\/blog.holyart.it\/de\/wp-json\/wp\/v2\/posts\/4259\/revisions\/4274"}],"wp:featuredmedia":[{"embeddable":true,"href":"https:\/\/blog.holyart.it\/de\/wp-json\/wp\/v2\/media\/4260"}],"wp:attachment":[{"href":"https:\/\/blog.holyart.it\/de\/wp-json\/wp\/v2\/media?parent=4259"}],"wp:term":[{"taxonomy":"category","embeddable":true,"href":"https:\/\/blog.holyart.it\/de\/wp-json\/wp\/v2\/categories?post=4259"},{"taxonomy":"post_tag","embeddable":true,"href":"https:\/\/blog.holyart.it\/de\/wp-json\/wp\/v2\/tags?post=4259"}],"curies":[{"name":"wp","href":"https:\/\/api.w.org\/{rel}","templated":true}]}}