{"id":425,"date":"2017-06-22T15:39:01","date_gmt":"2017-06-22T13:39:01","guid":{"rendered":"https:\/\/blog.holyart.it\/de\/?p=425"},"modified":"2022-10-24T12:17:44","modified_gmt":"2022-10-24T10:17:44","slug":"jahrhunderts-von-fatima","status":"publish","type":"post","link":"https:\/\/blog.holyart.it\/de\/heilige-und-selige\/jahrhunderts-von-fatima\/","title":{"rendered":"Jahrhunderts von Fatima"},"content":{"rendered":"<p style=\"text-align: justify;\">Am 13. Mai feierten die Gl\u00e4ubigen auf der ganzen Welt den Feiertag Unserer Lieben Frau von Fatima.<\/p>\n<p style=\"text-align: justify;\">In diesem Jahr war es aber ein ganz besonderes Fest: Es war das hundertj\u00e4hrige Jubil\u00e4um von Marias erstes Erscheinen der drei Hirten Francesco, Jacinta und Lucia. Am 13. Mai 1917 sahen die drei Kinder, w\u00e4hrend sie die Herde bei Cova DA Iria (Conca DI Iria) grasen wollten, in der Umgebung von F\u00e1tima, einer kleinen Stadt in Portugal, eine Wolke, die \u00fcber sie herabstieg, und aus dieser Wolke entstand Eine Frau, die in Wei\u00df gekleidet war und einen Rosenkranz in den H\u00e4nden trug.<\/p>\n<p style=\"text-align: justify;\">Das war nur ihre erste Erscheinung, wie die sch\u00f6ne Dame die Kinder bat, zu diesem Ort am 13. jedes Monats zur\u00fcckzukehren, f\u00fcr die n\u00e4chsten f\u00fcnf Monate. W\u00e4hrend dieser Treffen enth\u00fcllte sie den Kindern und den anderen Zeugen gro\u00dfe Wunder und Geheimnisse \u00fcber das Schicksal der ganzen Menschheit.<\/p>\n<p style=\"text-align: justify;\">Fatimas Erscheinungen wurden seit 1930 von der katholischen Kirche anerkannt: Die portugiesische Stadt wurde zum Zentrum eines Kultes, der jedes Jahr Tausende von Pilgern anzieht.<\/p>\n<p style=\"text-align: justify;\">Am 12. und 13. Mai ging Papst Francis in das Heiligtum von Fatima und wurde von tausenden Gl\u00e4ubigen im Gebet begr\u00fc\u00dft, um das Jubil\u00e4um zu feiern. W\u00e4hrend der Feier, heilig gesprochen die beiden Hirten, Francesco und Jacinta, die sehr jung gestorben. Der Papst erinnerte an die Wichtigkeit der Figur Mariens f\u00fcr Christen auf der ganzen Welt: die Art und Weise, wie Sie, mit ihrer Demut, Barmherzigkeit und Hingabe, zu einem Fahrzeug zwischen Gott und M\u00e4nnern, wie eine sch\u00f6ne und ungeheuer gute Mutter.<\/p>\n<p style=\"text-align: justify;\">&#8222;Wenn wir Christen sein wollen, m\u00fcssen wir Marianen sein: Wir m\u00fcssen daher die fundamentale, lebenswichtige und gl\u00fcckliche Beziehung anerkennen, die unsere Dame mit Jesus vereinigt, und \u00f6ffnet den Weg, der uns zu ihm f\u00fchrt&#8220;, sagte der Papst w\u00e4hrend der Kerzen Segnung in der Cappellina der Erscheinungen.<\/p>\n<p style=\"text-align: justify;\"><strong><span style=\"color: #0000ff;\"><a href=\"https:\/\/www.holyart.it\/articoli\/statue-madonna.php\">Die Statue unserer Gottesmutter von Fatima<\/a>,<\/span><\/strong>in dem Heiligtum errichtet, wo die Jungfrau zu den drei Hirten erschien, wird von Gl\u00e4ubigen aus der ganzen Welt verehrt.<\/p>\n<p style=\"text-align: justify;\"><strong>\u00a0<\/strong><\/p>\n","protected":false},"excerpt":{"rendered":"<p>Am 13. Mai feierten die Gl\u00e4ubigen auf der ganzen Welt den Feiertag Unserer Lieben Frau von Fatima. In diesem Jahr war es aber ein ganz besonderes Fest: Es war das hundertj\u00e4hrige Jubil\u00e4um von Marias erstes Erscheinen der drei Hirten Francesco, Jacinta und Lucia. Am 13.&hellip;<\/p>\n","protected":false},"author":1,"featured_media":428,"comment_status":"closed","ping_status":"open","sticky":false,"template":"","format":"standard","meta":{"_acf_changed":false,"footnotes":""},"categories":[9],"tags":[],"class_list":["post-425","post","type-post","status-publish","format-standard","has-post-thumbnail","hentry","category-heilige-und-selige"],"acf":[],"yoast_head":"<!-- This site is optimized with the Yoast SEO plugin v26.6 - https:\/\/yoast.com\/wordpress\/plugins\/seo\/ -->\n<title>13 Maggio 2017 - Jahrhunderts von Fatima - Holyblog<\/title>\n<meta name=\"description\" content=\"Am 13. Mai feierten die Gl\u00e4ubigen auf der ganzen Welt den Feiertag Unserer Lieben Frau von Fatima.In diesem Jahr war es aber ein ganz besonderes Fest.\" \/>\n<meta name=\"robots\" content=\"index, follow, max-snippet:-1, max-image-preview:large, max-video-preview:-1\" \/>\n<link rel=\"canonical\" href=\"https:\/\/blog.holyart.it\/de\/heilige-und-selige\/jahrhunderts-von-fatima\/\" \/>\n<meta property=\"og:locale\" content=\"de_DE\" \/>\n<meta property=\"og:type\" content=\"article\" \/>\n<meta property=\"og:title\" content=\"13 Maggio 2017 - Jahrhunderts von Fatima - Holyblog\" \/>\n<meta property=\"og:description\" content=\"Am 13. Mai feierten die Gl\u00e4ubigen auf der ganzen Welt den Feiertag Unserer Lieben Frau von Fatima.In diesem Jahr war es aber ein ganz besonderes Fest.\" \/>\n<meta property=\"og:url\" content=\"https:\/\/blog.holyart.it\/de\/heilige-und-selige\/jahrhunderts-von-fatima\/\" \/>\n<meta property=\"og:site_name\" content=\"Holyart.de Blog\" \/>\n<meta property=\"article:published_time\" content=\"2017-06-22T13:39:01+00:00\" \/>\n<meta property=\"article:modified_time\" content=\"2022-10-24T10:17:44+00:00\" \/>\n<meta property=\"og:image\" content=\"https:\/\/blog.holyart.it\/de\/wp-content\/uploads\/sites\/12\/2017\/06\/Jahrhunderts-von-Fatima.jpg\" \/>\n\t<meta property=\"og:image:width\" content=\"1000\" \/>\n\t<meta property=\"og:image:height\" content=\"665\" \/>\n\t<meta property=\"og:image:type\" content=\"image\/jpeg\" \/>\n<meta name=\"author\" content=\"Redazione\" \/>\n<meta name=\"twitter:card\" content=\"summary_large_image\" \/>\n<meta name=\"twitter:label1\" content=\"Verfasst von\" \/>\n\t<meta name=\"twitter:data1\" content=\"Redazione\" \/>\n\t<meta name=\"twitter:label2\" content=\"Gesch\u00e4tzte Lesezeit\" \/>\n\t<meta name=\"twitter:data2\" content=\"2\u00a0Minuten\" \/>\n<script type=\"application\/ld+json\" class=\"yoast-schema-graph\">{\"@context\":\"https:\/\/schema.org\",\"@graph\":[{\"@type\":\"Article\",\"@id\":\"https:\/\/blog.holyart.it\/de\/heilige-und-selige\/jahrhunderts-von-fatima\/#article\",\"isPartOf\":{\"@id\":\"https:\/\/blog.holyart.it\/de\/heilige-und-selige\/jahrhunderts-von-fatima\/\"},\"author\":{\"name\":\"Redazione\",\"@id\":\"https:\/\/blog.holyart.it\/de\/#\/schema\/person\/0a7b686e5af0f856ec1e390dd0baecda\"},\"headline\":\"Jahrhunderts von Fatima\",\"datePublished\":\"2017-06-22T13:39:01+00:00\",\"dateModified\":\"2022-10-24T10:17:44+00:00\",\"mainEntityOfPage\":{\"@id\":\"https:\/\/blog.holyart.it\/de\/heilige-und-selige\/jahrhunderts-von-fatima\/\"},\"wordCount\":348,\"publisher\":{\"@id\":\"https:\/\/blog.holyart.it\/de\/#organization\"},\"image\":{\"@id\":\"https:\/\/blog.holyart.it\/de\/heilige-und-selige\/jahrhunderts-von-fatima\/#primaryimage\"},\"thumbnailUrl\":\"https:\/\/blog.holyart.it\/de\/wp-content\/uploads\/sites\/12\/2017\/06\/Jahrhunderts-von-Fatima.jpg\",\"articleSection\":[\"Heilige und Selige\"],\"inLanguage\":\"de\"},{\"@type\":\"WebPage\",\"@id\":\"https:\/\/blog.holyart.it\/de\/heilige-und-selige\/jahrhunderts-von-fatima\/\",\"url\":\"https:\/\/blog.holyart.it\/de\/heilige-und-selige\/jahrhunderts-von-fatima\/\",\"name\":\"13 Maggio 2017 - Jahrhunderts von Fatima - Holyblog\",\"isPartOf\":{\"@id\":\"https:\/\/blog.holyart.it\/de\/#website\"},\"primaryImageOfPage\":{\"@id\":\"https:\/\/blog.holyart.it\/de\/heilige-und-selige\/jahrhunderts-von-fatima\/#primaryimage\"},\"image\":{\"@id\":\"https:\/\/blog.holyart.it\/de\/heilige-und-selige\/jahrhunderts-von-fatima\/#primaryimage\"},\"thumbnailUrl\":\"https:\/\/blog.holyart.it\/de\/wp-content\/uploads\/sites\/12\/2017\/06\/Jahrhunderts-von-Fatima.jpg\",\"datePublished\":\"2017-06-22T13:39:01+00:00\",\"dateModified\":\"2022-10-24T10:17:44+00:00\",\"description\":\"Am 13. Mai feierten die Gl\u00e4ubigen auf der ganzen Welt den Feiertag Unserer Lieben Frau von Fatima.In diesem Jahr war es aber ein ganz besonderes Fest.\",\"breadcrumb\":{\"@id\":\"https:\/\/blog.holyart.it\/de\/heilige-und-selige\/jahrhunderts-von-fatima\/#breadcrumb\"},\"inLanguage\":\"de\",\"potentialAction\":[{\"@type\":\"ReadAction\",\"target\":[\"https:\/\/blog.holyart.it\/de\/heilige-und-selige\/jahrhunderts-von-fatima\/\"]}]},{\"@type\":\"ImageObject\",\"inLanguage\":\"de\",\"@id\":\"https:\/\/blog.holyart.it\/de\/heilige-und-selige\/jahrhunderts-von-fatima\/#primaryimage\",\"url\":\"https:\/\/blog.holyart.it\/de\/wp-content\/uploads\/sites\/12\/2017\/06\/Jahrhunderts-von-Fatima.jpg\",\"contentUrl\":\"https:\/\/blog.holyart.it\/de\/wp-content\/uploads\/sites\/12\/2017\/06\/Jahrhunderts-von-Fatima.jpg\",\"width\":1000,\"height\":665,\"caption\":\"Feiertag Unserer Lieben Frau von Fatima\"},{\"@type\":\"BreadcrumbList\",\"@id\":\"https:\/\/blog.holyart.it\/de\/heilige-und-selige\/jahrhunderts-von-fatima\/#breadcrumb\",\"itemListElement\":[{\"@type\":\"ListItem\",\"position\":1,\"name\":\"Homepage\",\"item\":\"https:\/\/blog.holyart.it\/de\/\"},{\"@type\":\"ListItem\",\"position\":2,\"name\":\"Heilige und Selige\",\"item\":\"https:\/\/blog.holyart.it\/de\/heilige-und-selige\/\"},{\"@type\":\"ListItem\",\"position\":3,\"name\":\"Jahrhunderts von Fatima\"}]},{\"@type\":\"WebSite\",\"@id\":\"https:\/\/blog.holyart.it\/de\/#website\",\"url\":\"https:\/\/blog.holyart.it\/de\/\",\"name\":\"Holyart.de Blog\",\"description\":\"Holyblog\",\"publisher\":{\"@id\":\"https:\/\/blog.holyart.it\/de\/#organization\"},\"potentialAction\":[{\"@type\":\"SearchAction\",\"target\":{\"@type\":\"EntryPoint\",\"urlTemplate\":\"https:\/\/blog.holyart.it\/de\/?s={search_term_string}\"},\"query-input\":{\"@type\":\"PropertyValueSpecification\",\"valueRequired\":true,\"valueName\":\"search_term_string\"}}],\"inLanguage\":\"de\"},{\"@type\":\"Organization\",\"@id\":\"https:\/\/blog.holyart.it\/de\/#organization\",\"name\":\"Holyart.de Blog\",\"url\":\"https:\/\/blog.holyart.it\/de\/\",\"logo\":{\"@type\":\"ImageObject\",\"inLanguage\":\"de\",\"@id\":\"https:\/\/blog.holyart.it\/de\/#\/schema\/logo\/image\/\",\"url\":\"https:\/\/blog.holyart.it\/de\/wp-content\/uploads\/sites\/12\/2022\/12\/Holyart_Blog_Logo.jpg\",\"contentUrl\":\"https:\/\/blog.holyart.it\/de\/wp-content\/uploads\/sites\/12\/2022\/12\/Holyart_Blog_Logo.jpg\",\"width\":300,\"height\":50,\"caption\":\"Holyart.de Blog\"},\"image\":{\"@id\":\"https:\/\/blog.holyart.it\/de\/#\/schema\/logo\/image\/\"}},{\"@type\":\"Person\",\"@id\":\"https:\/\/blog.holyart.it\/de\/#\/schema\/person\/0a7b686e5af0f856ec1e390dd0baecda\",\"name\":\"Redazione\",\"image\":{\"@type\":\"ImageObject\",\"inLanguage\":\"de\",\"@id\":\"https:\/\/blog.holyart.it\/de\/#\/schema\/person\/image\/\",\"url\":\"https:\/\/secure.gravatar.com\/avatar\/f477da817f43e50d0af36abecd33e3edf826c68299714bdc1057dff3b113f516?s=96&d=mm&r=g\",\"contentUrl\":\"https:\/\/secure.gravatar.com\/avatar\/f477da817f43e50d0af36abecd33e3edf826c68299714bdc1057dff3b113f516?s=96&d=mm&r=g\",\"caption\":\"Redazione\"}}]}<\/script>\n<!-- \/ Yoast SEO plugin. -->","yoast_head_json":{"title":"13 Maggio 2017 - Jahrhunderts von Fatima - Holyblog","description":"Am 13. Mai feierten die Gl\u00e4ubigen auf der ganzen Welt den Feiertag Unserer Lieben Frau von Fatima.In diesem Jahr war es aber ein ganz besonderes Fest.","robots":{"index":"index","follow":"follow","max-snippet":"max-snippet:-1","max-image-preview":"max-image-preview:large","max-video-preview":"max-video-preview:-1"},"canonical":"https:\/\/blog.holyart.it\/de\/heilige-und-selige\/jahrhunderts-von-fatima\/","og_locale":"de_DE","og_type":"article","og_title":"13 Maggio 2017 - Jahrhunderts von Fatima - Holyblog","og_description":"Am 13. Mai feierten die Gl\u00e4ubigen auf der ganzen Welt den Feiertag Unserer Lieben Frau von Fatima.In diesem Jahr war es aber ein ganz besonderes Fest.","og_url":"https:\/\/blog.holyart.it\/de\/heilige-und-selige\/jahrhunderts-von-fatima\/","og_site_name":"Holyart.de Blog","article_published_time":"2017-06-22T13:39:01+00:00","article_modified_time":"2022-10-24T10:17:44+00:00","og_image":[{"width":1000,"height":665,"url":"https:\/\/blog.holyart.it\/de\/wp-content\/uploads\/sites\/12\/2017\/06\/Jahrhunderts-von-Fatima.jpg","type":"image\/jpeg"}],"author":"Redazione","twitter_card":"summary_large_image","twitter_misc":{"Verfasst von":"Redazione","Gesch\u00e4tzte Lesezeit":"2\u00a0Minuten"},"schema":{"@context":"https:\/\/schema.org","@graph":[{"@type":"Article","@id":"https:\/\/blog.holyart.it\/de\/heilige-und-selige\/jahrhunderts-von-fatima\/#article","isPartOf":{"@id":"https:\/\/blog.holyart.it\/de\/heilige-und-selige\/jahrhunderts-von-fatima\/"},"author":{"name":"Redazione","@id":"https:\/\/blog.holyart.it\/de\/#\/schema\/person\/0a7b686e5af0f856ec1e390dd0baecda"},"headline":"Jahrhunderts von Fatima","datePublished":"2017-06-22T13:39:01+00:00","dateModified":"2022-10-24T10:17:44+00:00","mainEntityOfPage":{"@id":"https:\/\/blog.holyart.it\/de\/heilige-und-selige\/jahrhunderts-von-fatima\/"},"wordCount":348,"publisher":{"@id":"https:\/\/blog.holyart.it\/de\/#organization"},"image":{"@id":"https:\/\/blog.holyart.it\/de\/heilige-und-selige\/jahrhunderts-von-fatima\/#primaryimage"},"thumbnailUrl":"https:\/\/blog.holyart.it\/de\/wp-content\/uploads\/sites\/12\/2017\/06\/Jahrhunderts-von-Fatima.jpg","articleSection":["Heilige und Selige"],"inLanguage":"de"},{"@type":"WebPage","@id":"https:\/\/blog.holyart.it\/de\/heilige-und-selige\/jahrhunderts-von-fatima\/","url":"https:\/\/blog.holyart.it\/de\/heilige-und-selige\/jahrhunderts-von-fatima\/","name":"13 Maggio 2017 - Jahrhunderts von Fatima - Holyblog","isPartOf":{"@id":"https:\/\/blog.holyart.it\/de\/#website"},"primaryImageOfPage":{"@id":"https:\/\/blog.holyart.it\/de\/heilige-und-selige\/jahrhunderts-von-fatima\/#primaryimage"},"image":{"@id":"https:\/\/blog.holyart.it\/de\/heilige-und-selige\/jahrhunderts-von-fatima\/#primaryimage"},"thumbnailUrl":"https:\/\/blog.holyart.it\/de\/wp-content\/uploads\/sites\/12\/2017\/06\/Jahrhunderts-von-Fatima.jpg","datePublished":"2017-06-22T13:39:01+00:00","dateModified":"2022-10-24T10:17:44+00:00","description":"Am 13. Mai feierten die Gl\u00e4ubigen auf der ganzen Welt den Feiertag Unserer Lieben Frau von Fatima.In diesem Jahr war es aber ein ganz besonderes Fest.","breadcrumb":{"@id":"https:\/\/blog.holyart.it\/de\/heilige-und-selige\/jahrhunderts-von-fatima\/#breadcrumb"},"inLanguage":"de","potentialAction":[{"@type":"ReadAction","target":["https:\/\/blog.holyart.it\/de\/heilige-und-selige\/jahrhunderts-von-fatima\/"]}]},{"@type":"ImageObject","inLanguage":"de","@id":"https:\/\/blog.holyart.it\/de\/heilige-und-selige\/jahrhunderts-von-fatima\/#primaryimage","url":"https:\/\/blog.holyart.it\/de\/wp-content\/uploads\/sites\/12\/2017\/06\/Jahrhunderts-von-Fatima.jpg","contentUrl":"https:\/\/blog.holyart.it\/de\/wp-content\/uploads\/sites\/12\/2017\/06\/Jahrhunderts-von-Fatima.jpg","width":1000,"height":665,"caption":"Feiertag Unserer Lieben Frau von Fatima"},{"@type":"BreadcrumbList","@id":"https:\/\/blog.holyart.it\/de\/heilige-und-selige\/jahrhunderts-von-fatima\/#breadcrumb","itemListElement":[{"@type":"ListItem","position":1,"name":"Homepage","item":"https:\/\/blog.holyart.it\/de\/"},{"@type":"ListItem","position":2,"name":"Heilige und Selige","item":"https:\/\/blog.holyart.it\/de\/heilige-und-selige\/"},{"@type":"ListItem","position":3,"name":"Jahrhunderts von Fatima"}]},{"@type":"WebSite","@id":"https:\/\/blog.holyart.it\/de\/#website","url":"https:\/\/blog.holyart.it\/de\/","name":"Holyart.de Blog","description":"Holyblog","publisher":{"@id":"https:\/\/blog.holyart.it\/de\/#organization"},"potentialAction":[{"@type":"SearchAction","target":{"@type":"EntryPoint","urlTemplate":"https:\/\/blog.holyart.it\/de\/?s={search_term_string}"},"query-input":{"@type":"PropertyValueSpecification","valueRequired":true,"valueName":"search_term_string"}}],"inLanguage":"de"},{"@type":"Organization","@id":"https:\/\/blog.holyart.it\/de\/#organization","name":"Holyart.de Blog","url":"https:\/\/blog.holyart.it\/de\/","logo":{"@type":"ImageObject","inLanguage":"de","@id":"https:\/\/blog.holyart.it\/de\/#\/schema\/logo\/image\/","url":"https:\/\/blog.holyart.it\/de\/wp-content\/uploads\/sites\/12\/2022\/12\/Holyart_Blog_Logo.jpg","contentUrl":"https:\/\/blog.holyart.it\/de\/wp-content\/uploads\/sites\/12\/2022\/12\/Holyart_Blog_Logo.jpg","width":300,"height":50,"caption":"Holyart.de Blog"},"image":{"@id":"https:\/\/blog.holyart.it\/de\/#\/schema\/logo\/image\/"}},{"@type":"Person","@id":"https:\/\/blog.holyart.it\/de\/#\/schema\/person\/0a7b686e5af0f856ec1e390dd0baecda","name":"Redazione","image":{"@type":"ImageObject","inLanguage":"de","@id":"https:\/\/blog.holyart.it\/de\/#\/schema\/person\/image\/","url":"https:\/\/secure.gravatar.com\/avatar\/f477da817f43e50d0af36abecd33e3edf826c68299714bdc1057dff3b113f516?s=96&d=mm&r=g","contentUrl":"https:\/\/secure.gravatar.com\/avatar\/f477da817f43e50d0af36abecd33e3edf826c68299714bdc1057dff3b113f516?s=96&d=mm&r=g","caption":"Redazione"}}]}},"_links":{"self":[{"href":"https:\/\/blog.holyart.it\/de\/wp-json\/wp\/v2\/posts\/425","targetHints":{"allow":["GET"]}}],"collection":[{"href":"https:\/\/blog.holyart.it\/de\/wp-json\/wp\/v2\/posts"}],"about":[{"href":"https:\/\/blog.holyart.it\/de\/wp-json\/wp\/v2\/types\/post"}],"author":[{"embeddable":true,"href":"https:\/\/blog.holyart.it\/de\/wp-json\/wp\/v2\/users\/1"}],"replies":[{"embeddable":true,"href":"https:\/\/blog.holyart.it\/de\/wp-json\/wp\/v2\/comments?post=425"}],"version-history":[{"count":0,"href":"https:\/\/blog.holyart.it\/de\/wp-json\/wp\/v2\/posts\/425\/revisions"}],"wp:featuredmedia":[{"embeddable":true,"href":"https:\/\/blog.holyart.it\/de\/wp-json\/wp\/v2\/media\/428"}],"wp:attachment":[{"href":"https:\/\/blog.holyart.it\/de\/wp-json\/wp\/v2\/media?parent=425"}],"wp:term":[{"taxonomy":"category","embeddable":true,"href":"https:\/\/blog.holyart.it\/de\/wp-json\/wp\/v2\/categories?post=425"},{"taxonomy":"post_tag","embeddable":true,"href":"https:\/\/blog.holyart.it\/de\/wp-json\/wp\/v2\/tags?post=425"}],"curies":[{"name":"wp","href":"https:\/\/api.w.org\/{rel}","templated":true}]}}