{"id":421,"date":"2017-09-13T15:22:42","date_gmt":"2017-09-13T13:22:42","guid":{"rendered":"https:\/\/blog.holyart.it\/de\/?p=421"},"modified":"2025-02-05T12:37:02","modified_gmt":"2025-02-05T11:37:02","slug":"pfingsten-der-tag-dem-wir-den-heiligen-geist-und-die-geburt-der-kirche-feiern","status":"publish","type":"post","link":"https:\/\/blog.holyart.it\/de\/ostern\/pfingsten-der-tag-dem-wir-den-heiligen-geist-und-die-geburt-der-kirche-feiern\/","title":{"rendered":"Pfingsten: der Tag, an dem wir den Heiligen Geist und die Geburt der Kirche feiern"},"content":{"rendered":"<p>Pfingsten ist vielleicht nach <strong><span style=\"color: #0000ff;\"><a style=\"color: #0000ff;\" href=\"https:\/\/www.holyart.de\/besondere-anlassen\/ostern-und-fasten\">Ostern<\/a> <\/span><\/strong>eine der bedeutendsten Festlichkeiten der katholischen Kirche. Es ist die Feier des Abstieg des Heiligen Geistes, der dritten Person der heiligsten Dreifaltigkeit, nach der Auferstehung Jesu und in gewisser Hinsicht die Geburt der Kirche.<\/p>\n<p>Es fiel urspr\u00fcnglich mit der j\u00fcdischen Feier des Schawuot, einer Feier, die der Ernte in der Periode nach Ostern gewidmet ist. Bei dieser Gelegenheit dankte die Juden Gott f\u00fcr die Fr\u00fcchte des Landes, das Ihnen gegeben wurde. Sp\u00e4ter wurde es auch zum Gedenken an den Tag, an dem Moses die zehn Gebote auf dem Berg Sinai empfing.<\/p>\n<p>Heute feiern Katholiken das Pfingsten 50 Tage nach Ostern. Die Erinnerung an den j\u00fcdischen Feiertag ist immer noch da, vor allem auf dem dankbar der Treue zu Gott. In der Tat, auch in christlichen Pfingsten, sprechen wir von einem gro\u00dfen und kostbaren Geschenk, das Gott seinem Volk geben wollte: die Gnade des Heiligen Geistes. Im zweiten Kapitel der Apostelgeschichte der Apostel, Mary und die Apostel versammelten sich, um Pfingsten mit der \u00fcblichen Pilgerreise nach Jerusalem zu feiern, wie viele Juden. Der Heilige Geist kam auf Sie in der Form eines br\u00fcllen vom Himmel und der Zunge des Feuers herab, die jeder von Ihnen blinkt. Von diesem Augenblick an waren Sie in der Lage, jede Sprache zu sprechen.<\/p>\n<p>Die Heilige Merkmale des Heiligen Geistes sind ein Symbol der Vereinigung und Inspiration f\u00fcr die Apostel, die nach diesem wunderbaren treffen das Gef\u00fchl haben, ihre \u00f6kumenische Mission zu beginnen und die Kirche zu erschaffen. Vor dieser Episode wurde der Heilige Geist nicht als g\u00f6ttliche Person beschrieben. Nur im neuen Testament, ist die Vision des Geistes Gottes als eine Person, die die Schicksale des Universums zeichnet, zusammen mit dem Kult seiner Pers\u00f6nlichkeit verbunden: der Heilige Geist wird eine Verk\u00f6rperung der Liebe Gottes gegen\u00fcber seinen Kindern, die unendliche Weisheit, die benutzt wird, wenn er die J\u00fcnger Jesu lehrt, F\u00f6rderer der Wahrheit und Rettung unter den M\u00e4nnern zu werden. Es wird oft als wei\u00dfe Taube dargestellt, oder wie die Flamme Zungen, die Mary und die Apostel ber\u00fchrt h\u00e4tten.<\/p>\n<p>Der Heilige Geist bietet jenen, die es erhalten, viele Geschenke: Weisheit, Intellekt, Ratschl\u00e4ge, St\u00e4rke, Wissenschaft, Mitleid und Furcht vor Gott. Alle Gl\u00e4ubigen profitieren von der\u00a0<strong><span style=\"color: #0000ff;\"><a style=\"color: #0000ff;\" href=\"https:\/\/www.holyart.de\/besondere-anlassen\/taufe\">Taufe<\/a> <\/span><\/strong>und der <strong><span style=\"color: #0000ff;\"><a style=\"color: #0000ff;\" href=\"https:\/\/www.holyart.de\/besondere-anlassen\/firmung\">Best\u00e4tigung<\/a><\/span><\/strong> danach. Pfingsten ist eine Feier, die alle Gl\u00e4ubigen und vor allem ihre Familien, die in der Gnade des Heiligen Geistes und mehr vereinigt und stark gegen die Schwierigkeiten jedes Tages gehalten.<\/p>\n","protected":false},"excerpt":{"rendered":"<p>Pfingsten ist vielleicht nach Ostern eine der bedeutendsten Festlichkeiten der katholischen Kirche. Es ist die Feier des Abstieg des Heiligen Geistes, der dritten Person der heiligsten Dreifaltigkeit, nach der Auferstehung Jesu und in gewisser Hinsicht die Geburt der Kirche. Es fiel urspr\u00fcnglich mit der j\u00fcdischen&hellip;<\/p>\n","protected":false},"author":1,"featured_media":422,"comment_status":"closed","ping_status":"open","sticky":false,"template":"","format":"standard","meta":{"_acf_changed":false,"footnotes":""},"categories":[18,10],"tags":[],"class_list":["post-421","post","type-post","status-publish","format-standard","has-post-thumbnail","hentry","category-ostern","category-devotionalien"],"acf":[],"yoast_head":"<!-- This site is optimized with the Yoast SEO plugin v26.6 - https:\/\/yoast.com\/wordpress\/plugins\/seo\/ -->\n<title>Pfingsten: der Tag, an dem wir den Heiligen Geist und Kirche<\/title>\n<meta name=\"description\" content=\"Pfingsten ist vielleicht nach Ostern eine der bedeutendsten Festlichkeiten der katholischen Kirche. Es ist die Feier des Abstieg des Heiligen Geistes.\" \/>\n<meta name=\"robots\" content=\"index, follow, max-snippet:-1, max-image-preview:large, max-video-preview:-1\" \/>\n<link rel=\"canonical\" href=\"https:\/\/blog.holyart.it\/de\/ostern\/pfingsten-der-tag-dem-wir-den-heiligen-geist-und-die-geburt-der-kirche-feiern\/\" \/>\n<meta property=\"og:locale\" content=\"de_DE\" \/>\n<meta property=\"og:type\" content=\"article\" \/>\n<meta property=\"og:title\" content=\"Pfingsten: der Tag, an dem wir den Heiligen Geist und Kirche\" \/>\n<meta property=\"og:description\" content=\"Pfingsten ist vielleicht nach Ostern eine der bedeutendsten Festlichkeiten der katholischen Kirche. Es ist die Feier des Abstieg des Heiligen Geistes.\" \/>\n<meta property=\"og:url\" content=\"https:\/\/blog.holyart.it\/de\/ostern\/pfingsten-der-tag-dem-wir-den-heiligen-geist-und-die-geburt-der-kirche-feiern\/\" \/>\n<meta property=\"og:site_name\" content=\"Holyart.de Blog\" \/>\n<meta property=\"article:published_time\" content=\"2017-09-13T13:22:42+00:00\" \/>\n<meta property=\"article:modified_time\" content=\"2025-02-05T11:37:02+00:00\" \/>\n<meta property=\"og:image\" content=\"https:\/\/blog.holyart.it\/de\/wp-content\/uploads\/sites\/12\/2017\/11\/Pfingsten.jpg\" \/>\n\t<meta property=\"og:image:width\" content=\"1000\" \/>\n\t<meta property=\"og:image:height\" content=\"666\" \/>\n\t<meta property=\"og:image:type\" content=\"image\/jpeg\" \/>\n<meta name=\"author\" content=\"Redazione\" \/>\n<meta name=\"twitter:card\" content=\"summary_large_image\" \/>\n<meta name=\"twitter:label1\" content=\"Verfasst von\" \/>\n\t<meta name=\"twitter:data1\" content=\"Redazione\" \/>\n\t<meta name=\"twitter:label2\" content=\"Gesch\u00e4tzte Lesezeit\" \/>\n\t<meta name=\"twitter:data2\" content=\"3\u00a0Minuten\" \/>\n<script type=\"application\/ld+json\" class=\"yoast-schema-graph\">{\"@context\":\"https:\/\/schema.org\",\"@graph\":[{\"@type\":\"Article\",\"@id\":\"https:\/\/blog.holyart.it\/de\/ostern\/pfingsten-der-tag-dem-wir-den-heiligen-geist-und-die-geburt-der-kirche-feiern\/#article\",\"isPartOf\":{\"@id\":\"https:\/\/blog.holyart.it\/de\/ostern\/pfingsten-der-tag-dem-wir-den-heiligen-geist-und-die-geburt-der-kirche-feiern\/\"},\"author\":{\"name\":\"Redazione\",\"@id\":\"https:\/\/blog.holyart.it\/de\/#\/schema\/person\/0a7b686e5af0f856ec1e390dd0baecda\"},\"headline\":\"Pfingsten: der Tag, an dem wir den Heiligen Geist und die Geburt der Kirche feiern\",\"datePublished\":\"2017-09-13T13:22:42+00:00\",\"dateModified\":\"2025-02-05T11:37:02+00:00\",\"mainEntityOfPage\":{\"@id\":\"https:\/\/blog.holyart.it\/de\/ostern\/pfingsten-der-tag-dem-wir-den-heiligen-geist-und-die-geburt-der-kirche-feiern\/\"},\"wordCount\":437,\"publisher\":{\"@id\":\"https:\/\/blog.holyart.it\/de\/#organization\"},\"image\":{\"@id\":\"https:\/\/blog.holyart.it\/de\/ostern\/pfingsten-der-tag-dem-wir-den-heiligen-geist-und-die-geburt-der-kirche-feiern\/#primaryimage\"},\"thumbnailUrl\":\"https:\/\/blog.holyart.it\/de\/wp-content\/uploads\/sites\/12\/2017\/11\/Pfingsten.jpg\",\"articleSection\":[\"Ostern\",\"Religion\"],\"inLanguage\":\"de\"},{\"@type\":\"WebPage\",\"@id\":\"https:\/\/blog.holyart.it\/de\/ostern\/pfingsten-der-tag-dem-wir-den-heiligen-geist-und-die-geburt-der-kirche-feiern\/\",\"url\":\"https:\/\/blog.holyart.it\/de\/ostern\/pfingsten-der-tag-dem-wir-den-heiligen-geist-und-die-geburt-der-kirche-feiern\/\",\"name\":\"Pfingsten: der Tag, an dem wir den Heiligen Geist und Kirche\",\"isPartOf\":{\"@id\":\"https:\/\/blog.holyart.it\/de\/#website\"},\"primaryImageOfPage\":{\"@id\":\"https:\/\/blog.holyart.it\/de\/ostern\/pfingsten-der-tag-dem-wir-den-heiligen-geist-und-die-geburt-der-kirche-feiern\/#primaryimage\"},\"image\":{\"@id\":\"https:\/\/blog.holyart.it\/de\/ostern\/pfingsten-der-tag-dem-wir-den-heiligen-geist-und-die-geburt-der-kirche-feiern\/#primaryimage\"},\"thumbnailUrl\":\"https:\/\/blog.holyart.it\/de\/wp-content\/uploads\/sites\/12\/2017\/11\/Pfingsten.jpg\",\"datePublished\":\"2017-09-13T13:22:42+00:00\",\"dateModified\":\"2025-02-05T11:37:02+00:00\",\"description\":\"Pfingsten ist vielleicht nach Ostern eine der bedeutendsten Festlichkeiten der katholischen Kirche. Es ist die Feier des Abstieg des Heiligen Geistes.\",\"breadcrumb\":{\"@id\":\"https:\/\/blog.holyart.it\/de\/ostern\/pfingsten-der-tag-dem-wir-den-heiligen-geist-und-die-geburt-der-kirche-feiern\/#breadcrumb\"},\"inLanguage\":\"de\",\"potentialAction\":[{\"@type\":\"ReadAction\",\"target\":[\"https:\/\/blog.holyart.it\/de\/ostern\/pfingsten-der-tag-dem-wir-den-heiligen-geist-und-die-geburt-der-kirche-feiern\/\"]}]},{\"@type\":\"ImageObject\",\"inLanguage\":\"de\",\"@id\":\"https:\/\/blog.holyart.it\/de\/ostern\/pfingsten-der-tag-dem-wir-den-heiligen-geist-und-die-geburt-der-kirche-feiern\/#primaryimage\",\"url\":\"https:\/\/blog.holyart.it\/de\/wp-content\/uploads\/sites\/12\/2017\/11\/Pfingsten.jpg\",\"contentUrl\":\"https:\/\/blog.holyart.it\/de\/wp-content\/uploads\/sites\/12\/2017\/11\/Pfingsten.jpg\",\"width\":1000,\"height\":666,\"caption\":\"Pfingsten Heiligen Geist\"},{\"@type\":\"BreadcrumbList\",\"@id\":\"https:\/\/blog.holyart.it\/de\/ostern\/pfingsten-der-tag-dem-wir-den-heiligen-geist-und-die-geburt-der-kirche-feiern\/#breadcrumb\",\"itemListElement\":[{\"@type\":\"ListItem\",\"position\":1,\"name\":\"Homepage\",\"item\":\"https:\/\/blog.holyart.it\/de\/\"},{\"@type\":\"ListItem\",\"position\":2,\"name\":\"Ostern\",\"item\":\"https:\/\/blog.holyart.it\/de\/ostern\/\"},{\"@type\":\"ListItem\",\"position\":3,\"name\":\"Pfingsten: der Tag, an dem wir den Heiligen Geist und die Geburt der Kirche feiern\"}]},{\"@type\":\"WebSite\",\"@id\":\"https:\/\/blog.holyart.it\/de\/#website\",\"url\":\"https:\/\/blog.holyart.it\/de\/\",\"name\":\"Holyart.de Blog\",\"description\":\"Holyblog\",\"publisher\":{\"@id\":\"https:\/\/blog.holyart.it\/de\/#organization\"},\"potentialAction\":[{\"@type\":\"SearchAction\",\"target\":{\"@type\":\"EntryPoint\",\"urlTemplate\":\"https:\/\/blog.holyart.it\/de\/?s={search_term_string}\"},\"query-input\":{\"@type\":\"PropertyValueSpecification\",\"valueRequired\":true,\"valueName\":\"search_term_string\"}}],\"inLanguage\":\"de\"},{\"@type\":\"Organization\",\"@id\":\"https:\/\/blog.holyart.it\/de\/#organization\",\"name\":\"Holyart.de Blog\",\"url\":\"https:\/\/blog.holyart.it\/de\/\",\"logo\":{\"@type\":\"ImageObject\",\"inLanguage\":\"de\",\"@id\":\"https:\/\/blog.holyart.it\/de\/#\/schema\/logo\/image\/\",\"url\":\"https:\/\/blog.holyart.it\/de\/wp-content\/uploads\/sites\/12\/2022\/12\/Holyart_Blog_Logo.jpg\",\"contentUrl\":\"https:\/\/blog.holyart.it\/de\/wp-content\/uploads\/sites\/12\/2022\/12\/Holyart_Blog_Logo.jpg\",\"width\":300,\"height\":50,\"caption\":\"Holyart.de Blog\"},\"image\":{\"@id\":\"https:\/\/blog.holyart.it\/de\/#\/schema\/logo\/image\/\"}},{\"@type\":\"Person\",\"@id\":\"https:\/\/blog.holyart.it\/de\/#\/schema\/person\/0a7b686e5af0f856ec1e390dd0baecda\",\"name\":\"Redazione\",\"image\":{\"@type\":\"ImageObject\",\"inLanguage\":\"de\",\"@id\":\"https:\/\/blog.holyart.it\/de\/#\/schema\/person\/image\/\",\"url\":\"https:\/\/secure.gravatar.com\/avatar\/f477da817f43e50d0af36abecd33e3edf826c68299714bdc1057dff3b113f516?s=96&d=mm&r=g\",\"contentUrl\":\"https:\/\/secure.gravatar.com\/avatar\/f477da817f43e50d0af36abecd33e3edf826c68299714bdc1057dff3b113f516?s=96&d=mm&r=g\",\"caption\":\"Redazione\"}}]}<\/script>\n<!-- \/ Yoast SEO plugin. -->","yoast_head_json":{"title":"Pfingsten: der Tag, an dem wir den Heiligen Geist und Kirche","description":"Pfingsten ist vielleicht nach Ostern eine der bedeutendsten Festlichkeiten der katholischen Kirche. Es ist die Feier des Abstieg des Heiligen Geistes.","robots":{"index":"index","follow":"follow","max-snippet":"max-snippet:-1","max-image-preview":"max-image-preview:large","max-video-preview":"max-video-preview:-1"},"canonical":"https:\/\/blog.holyart.it\/de\/ostern\/pfingsten-der-tag-dem-wir-den-heiligen-geist-und-die-geburt-der-kirche-feiern\/","og_locale":"de_DE","og_type":"article","og_title":"Pfingsten: der Tag, an dem wir den Heiligen Geist und Kirche","og_description":"Pfingsten ist vielleicht nach Ostern eine der bedeutendsten Festlichkeiten der katholischen Kirche. Es ist die Feier des Abstieg des Heiligen Geistes.","og_url":"https:\/\/blog.holyart.it\/de\/ostern\/pfingsten-der-tag-dem-wir-den-heiligen-geist-und-die-geburt-der-kirche-feiern\/","og_site_name":"Holyart.de Blog","article_published_time":"2017-09-13T13:22:42+00:00","article_modified_time":"2025-02-05T11:37:02+00:00","og_image":[{"width":1000,"height":666,"url":"https:\/\/blog.holyart.it\/de\/wp-content\/uploads\/sites\/12\/2017\/11\/Pfingsten.jpg","type":"image\/jpeg"}],"author":"Redazione","twitter_card":"summary_large_image","twitter_misc":{"Verfasst von":"Redazione","Gesch\u00e4tzte Lesezeit":"3\u00a0Minuten"},"schema":{"@context":"https:\/\/schema.org","@graph":[{"@type":"Article","@id":"https:\/\/blog.holyart.it\/de\/ostern\/pfingsten-der-tag-dem-wir-den-heiligen-geist-und-die-geburt-der-kirche-feiern\/#article","isPartOf":{"@id":"https:\/\/blog.holyart.it\/de\/ostern\/pfingsten-der-tag-dem-wir-den-heiligen-geist-und-die-geburt-der-kirche-feiern\/"},"author":{"name":"Redazione","@id":"https:\/\/blog.holyart.it\/de\/#\/schema\/person\/0a7b686e5af0f856ec1e390dd0baecda"},"headline":"Pfingsten: der Tag, an dem wir den Heiligen Geist und die Geburt der Kirche feiern","datePublished":"2017-09-13T13:22:42+00:00","dateModified":"2025-02-05T11:37:02+00:00","mainEntityOfPage":{"@id":"https:\/\/blog.holyart.it\/de\/ostern\/pfingsten-der-tag-dem-wir-den-heiligen-geist-und-die-geburt-der-kirche-feiern\/"},"wordCount":437,"publisher":{"@id":"https:\/\/blog.holyart.it\/de\/#organization"},"image":{"@id":"https:\/\/blog.holyart.it\/de\/ostern\/pfingsten-der-tag-dem-wir-den-heiligen-geist-und-die-geburt-der-kirche-feiern\/#primaryimage"},"thumbnailUrl":"https:\/\/blog.holyart.it\/de\/wp-content\/uploads\/sites\/12\/2017\/11\/Pfingsten.jpg","articleSection":["Ostern","Religion"],"inLanguage":"de"},{"@type":"WebPage","@id":"https:\/\/blog.holyart.it\/de\/ostern\/pfingsten-der-tag-dem-wir-den-heiligen-geist-und-die-geburt-der-kirche-feiern\/","url":"https:\/\/blog.holyart.it\/de\/ostern\/pfingsten-der-tag-dem-wir-den-heiligen-geist-und-die-geburt-der-kirche-feiern\/","name":"Pfingsten: der Tag, an dem wir den Heiligen Geist und Kirche","isPartOf":{"@id":"https:\/\/blog.holyart.it\/de\/#website"},"primaryImageOfPage":{"@id":"https:\/\/blog.holyart.it\/de\/ostern\/pfingsten-der-tag-dem-wir-den-heiligen-geist-und-die-geburt-der-kirche-feiern\/#primaryimage"},"image":{"@id":"https:\/\/blog.holyart.it\/de\/ostern\/pfingsten-der-tag-dem-wir-den-heiligen-geist-und-die-geburt-der-kirche-feiern\/#primaryimage"},"thumbnailUrl":"https:\/\/blog.holyart.it\/de\/wp-content\/uploads\/sites\/12\/2017\/11\/Pfingsten.jpg","datePublished":"2017-09-13T13:22:42+00:00","dateModified":"2025-02-05T11:37:02+00:00","description":"Pfingsten ist vielleicht nach Ostern eine der bedeutendsten Festlichkeiten der katholischen Kirche. Es ist die Feier des Abstieg des Heiligen Geistes.","breadcrumb":{"@id":"https:\/\/blog.holyart.it\/de\/ostern\/pfingsten-der-tag-dem-wir-den-heiligen-geist-und-die-geburt-der-kirche-feiern\/#breadcrumb"},"inLanguage":"de","potentialAction":[{"@type":"ReadAction","target":["https:\/\/blog.holyart.it\/de\/ostern\/pfingsten-der-tag-dem-wir-den-heiligen-geist-und-die-geburt-der-kirche-feiern\/"]}]},{"@type":"ImageObject","inLanguage":"de","@id":"https:\/\/blog.holyart.it\/de\/ostern\/pfingsten-der-tag-dem-wir-den-heiligen-geist-und-die-geburt-der-kirche-feiern\/#primaryimage","url":"https:\/\/blog.holyart.it\/de\/wp-content\/uploads\/sites\/12\/2017\/11\/Pfingsten.jpg","contentUrl":"https:\/\/blog.holyart.it\/de\/wp-content\/uploads\/sites\/12\/2017\/11\/Pfingsten.jpg","width":1000,"height":666,"caption":"Pfingsten Heiligen Geist"},{"@type":"BreadcrumbList","@id":"https:\/\/blog.holyart.it\/de\/ostern\/pfingsten-der-tag-dem-wir-den-heiligen-geist-und-die-geburt-der-kirche-feiern\/#breadcrumb","itemListElement":[{"@type":"ListItem","position":1,"name":"Homepage","item":"https:\/\/blog.holyart.it\/de\/"},{"@type":"ListItem","position":2,"name":"Ostern","item":"https:\/\/blog.holyart.it\/de\/ostern\/"},{"@type":"ListItem","position":3,"name":"Pfingsten: der Tag, an dem wir den Heiligen Geist und die Geburt der Kirche feiern"}]},{"@type":"WebSite","@id":"https:\/\/blog.holyart.it\/de\/#website","url":"https:\/\/blog.holyart.it\/de\/","name":"Holyart.de Blog","description":"Holyblog","publisher":{"@id":"https:\/\/blog.holyart.it\/de\/#organization"},"potentialAction":[{"@type":"SearchAction","target":{"@type":"EntryPoint","urlTemplate":"https:\/\/blog.holyart.it\/de\/?s={search_term_string}"},"query-input":{"@type":"PropertyValueSpecification","valueRequired":true,"valueName":"search_term_string"}}],"inLanguage":"de"},{"@type":"Organization","@id":"https:\/\/blog.holyart.it\/de\/#organization","name":"Holyart.de Blog","url":"https:\/\/blog.holyart.it\/de\/","logo":{"@type":"ImageObject","inLanguage":"de","@id":"https:\/\/blog.holyart.it\/de\/#\/schema\/logo\/image\/","url":"https:\/\/blog.holyart.it\/de\/wp-content\/uploads\/sites\/12\/2022\/12\/Holyart_Blog_Logo.jpg","contentUrl":"https:\/\/blog.holyart.it\/de\/wp-content\/uploads\/sites\/12\/2022\/12\/Holyart_Blog_Logo.jpg","width":300,"height":50,"caption":"Holyart.de Blog"},"image":{"@id":"https:\/\/blog.holyart.it\/de\/#\/schema\/logo\/image\/"}},{"@type":"Person","@id":"https:\/\/blog.holyart.it\/de\/#\/schema\/person\/0a7b686e5af0f856ec1e390dd0baecda","name":"Redazione","image":{"@type":"ImageObject","inLanguage":"de","@id":"https:\/\/blog.holyart.it\/de\/#\/schema\/person\/image\/","url":"https:\/\/secure.gravatar.com\/avatar\/f477da817f43e50d0af36abecd33e3edf826c68299714bdc1057dff3b113f516?s=96&d=mm&r=g","contentUrl":"https:\/\/secure.gravatar.com\/avatar\/f477da817f43e50d0af36abecd33e3edf826c68299714bdc1057dff3b113f516?s=96&d=mm&r=g","caption":"Redazione"}}]}},"_links":{"self":[{"href":"https:\/\/blog.holyart.it\/de\/wp-json\/wp\/v2\/posts\/421","targetHints":{"allow":["GET"]}}],"collection":[{"href":"https:\/\/blog.holyart.it\/de\/wp-json\/wp\/v2\/posts"}],"about":[{"href":"https:\/\/blog.holyart.it\/de\/wp-json\/wp\/v2\/types\/post"}],"author":[{"embeddable":true,"href":"https:\/\/blog.holyart.it\/de\/wp-json\/wp\/v2\/users\/1"}],"replies":[{"embeddable":true,"href":"https:\/\/blog.holyart.it\/de\/wp-json\/wp\/v2\/comments?post=421"}],"version-history":[{"count":1,"href":"https:\/\/blog.holyart.it\/de\/wp-json\/wp\/v2\/posts\/421\/revisions"}],"predecessor-version":[{"id":5516,"href":"https:\/\/blog.holyart.it\/de\/wp-json\/wp\/v2\/posts\/421\/revisions\/5516"}],"wp:featuredmedia":[{"embeddable":true,"href":"https:\/\/blog.holyart.it\/de\/wp-json\/wp\/v2\/media\/422"}],"wp:attachment":[{"href":"https:\/\/blog.holyart.it\/de\/wp-json\/wp\/v2\/media?parent=421"}],"wp:term":[{"taxonomy":"category","embeddable":true,"href":"https:\/\/blog.holyart.it\/de\/wp-json\/wp\/v2\/categories?post=421"},{"taxonomy":"post_tag","embeddable":true,"href":"https:\/\/blog.holyart.it\/de\/wp-json\/wp\/v2\/tags?post=421"}],"curies":[{"name":"wp","href":"https:\/\/api.w.org\/{rel}","templated":true}]}}