{"id":4112,"date":"2024-06-05T10:00:10","date_gmt":"2024-06-05T08:00:10","guid":{"rendered":"https:\/\/blog.holyart.it\/de\/?p=4112"},"modified":"2024-12-11T17:02:44","modified_gmt":"2024-12-11T16:02:44","slug":"bereiten-wir-uns-mit-dem-jubilaeumsgebet-auf-das-heilige-jahr-vor","status":"publish","type":"post","link":"https:\/\/blog.holyart.it\/de\/jubilaeum-2025\/bereiten-wir-uns-mit-dem-jubilaeumsgebet-auf-das-heilige-jahr-vor\/","title":{"rendered":"Bereiten wir uns mit dem Jubil\u00e4umsgebet auf das Heilige Jahr vor"},"content":{"rendered":"<h4>Im Hinblick auf das Heilige Jahr 2025 bereiten sich Christen auf der ganzen Welt darauf vor, Pilger der Hoffnung zu sein. Hier finden Sie die vom Dikasterium bereitgestellten Hilfsmittel, die Absichten und Gebete des Papstes sowie das besondere Jubil\u00e4umsgebet<\/h4>\n<p>2025 wird das <u>Jahr des Jubil\u00e4ums<\/u> sein und die gesamte christliche Welt bereitet sich auf dieses neue Heilige Jahr vor. Ein Jahr voller unumg\u00e4nglicher Ereignisse, wie der gesch\u00e4ftige <a href=\"https:\/\/www.holyart.de\/blog\/devotionalien\/der-veranstaltungskalender-des-jubilaeums-2025\/\"><strong>Jubil\u00e4umskalender<\/strong><\/a> zeigt, beginnend mit der <strong><a href=\"https:\/\/www.holyart.de\/blog\/devotionalien\/heilige-pforte-was-sie-ist-und-was-ihre-oeffnung-bedeutet\/\">\u00d6ffnung der Heiligen Pforte<\/a><\/strong> des Petersdoms <strong>am 24. Dezember 2024<\/strong>. Die Vorbereitungen f\u00fcr dieses globale Ereignis laufen seit Monaten und neben <strong><a href=\"https:\/\/www.holyart.de\/blog\/devotionalien\/die-rundreise-zu-den-sieben-kirchen-pilgerwege-zum-jubilaeum\/\">dem Logo gewidmet dem Thema \u201ePilger der Hoffnung\u201c<\/a><\/strong>, f\u00fcr die Hymne und f\u00fcr die m\u00f6gliche <strong><a href=\"https:\/\/www.holyart.de\/blog\/devotionalien\/pilgerreise-nach-rom-ein-beliebtes-ziel-fuer-christen\/\">Pilgerfahrt nach Rom<\/a><\/strong>, einem der beliebtesten Reiseziele der Christen, insbesondere anl\u00e4sslich des Jubil\u00e4ums, auf das sich jeder von uns mit dem besonderen <strong>Jubil\u00e4umsgebet<\/strong> vorbereiten kann.<\/p>\n<div class=\"link-article\">\n<p><img loading=\"lazy\" decoding=\"async\" class=\"size-full wp-image-4114 alignleft\" src=\"https:\/\/blog.holyart.it\/de\/wp-content\/uploads\/sites\/12\/2024\/06\/Jubilaeum-2025.jpg\" alt=\"Jubil\u00e4um 2025\" width=\"150\" height=\"99\" data-kale-share-title=\"Bereiten wir uns mit dem Jubil\u00e4umsgebet auf das Heilige Jahr vor\" data-kale-share-url=\"https:\/\/blog.holyart.it\/de\/?p=4112\" \/><\/p>\n<div class=\"leggi-anche\">Lesen Sie auch:<\/div>\n<p><strong><a href=\"https:\/\/www.holyart.de\/blog\/devotionalien\/der-veranstaltungskalender-des-jubilaeums-2025\/\">Der Veranstaltungskalender des Jubil\u00e4ums 2025<\/a><\/strong><br \/>\nDer Veranstaltungskalender f\u00fcr das Jubil\u00e4um 2025 wurde ver\u00f6ffentlicht: zw\u00f6lf Monate mit Veranstaltungen&#8230;<\/p>\n<\/div>\n<p>Im Vorgriff auf das Jubil\u00e4um 2025 skizzierte <a href=\"https:\/\/www.holyart.de\/besondere-anlasse\/papst-franziksus\"><strong>Papst Franziskus<\/strong><\/a> seine Vors\u00e4tze f\u00fcr 2024 und betonte die Bedeutung des <strong>Gebets als Instrument zur Wiederherstellung des Kontakts mit Gott<\/strong> und <strong>zur Vertiefung unserer spirituellen Dimension<\/strong>. Der Papst bekr\u00e4ftigte die wesentliche Bedeutung des Gebets als <strong>Grundpfeiler f\u00fcr die Bew\u00e4ltigung pers\u00f6nlicher und globaler Herausforderungen<\/strong>.<\/p>\n<p>Es geht also nicht nur um das Jubil\u00e4umsgebet. In den Absichten des Heiligen Vaters wird 2024 zum <strong>Jahr des Gebets<\/strong>, in Vorbereitung auf das Jubil\u00e4um 2025. Der Papst forderte die Di\u00f6zesen auf, die Bedeutung des Gebets <strong>sowohl auf individueller als auch auf gemeinschaftlicher Ebene<\/strong> zu \u00fcbernehmen und zu f\u00f6rdern, damit es nicht gerecht wird ein Akt-Individuum, aber eine Gelegenheit, gemeinsam eine bessere Welt aufzubauen. Genau diese Hoffnung ist die Inspiration f\u00fcr das <a href=\"https:\/\/www.holyart.de\/jubilaum-2025-pilger-der-hoffnung\"><strong>Jubil\u00e4um 2025<\/strong><\/a>, eine Hoffnung, in deren Namen wir alle Pilger sind und einer Welt voller Ver\u00e4nderungen und Unbekanntem entgegengehen, aber vereint im Zeichen des Kreuzes, ebenso wie im Logo der Ereignis veranschaulicht.<\/p>\n<p>\u201e[<em>Beim Beten] geht es zun\u00e4chst darum, den <strong>Wunsch wiederzugewinnen, in der Gegenwart des Herrn<\/strong> zu sein, ihm zuzuh\u00f6ren und ihn anzubeten. Dar\u00fcber hinaus ein Gebet, <strong>um Gott f\u00fcr die vielen Gaben seiner Liebe zu uns zu danken<\/strong> und sein Werk in der Sch\u00f6pfung zu loben, das alle zu Respekt und konkretem und verantwortungsvollem Handeln f\u00fcr ihren Schutz verpflichtet. Das Gebet als Stimme \u201eeines Herzens und einer Seele\u201c (siehe Apostelgeschichte 4,32), was sich in <strong>Solidarit\u00e4t und dem Teilen des t\u00e4glichen Brotes wiederspiegelt<\/strong>. Gebet, das jedem Mann und jeder Frau auf dieser Welt erm\u00f6glicht, sich an den einen Gott zu wenden und ihm auszudr\u00fccken, was im Geheimnis des Herzens verborgen ist. Das Gebet als <strong>Hauptweg zur Heiligkeit<\/strong>, der dazu f\u00fchrt, auch inmitten des Handelns Kontemplation zu erfahren. Kurz gesagt, ein intensives Jahr des Gebets, in dem sich die Herzen \u00f6ffnen, um die F\u00fclle der Gnade zu empfangen, und das Vaterunser, das Gebet, das Jesus uns gelehrt hat, zum Lebensprogramm jedes seiner J\u00fcnger macht\u201c <\/em>(aus dem Brief des Papstes an Msgr. Rino Fisichella, Pr\u00e4sidentin des P\u00e4pstlichen Rates zur F\u00f6rderung der Neuevangelisierung).<\/p>\n<div class=\"link-product\">\n<div class=\"blocco-immagine\"><img loading=\"lazy\" decoding=\"async\" class=\"size-full wp-image-4117 alignleft\" src=\"https:\/\/blog.holyart.it\/de\/wp-content\/uploads\/sites\/12\/2024\/06\/bestickter-pultbehang-2-5-m-x-55-cm-mit-offiziellem-logo-des-jubilaum-2025.jpg\" alt=\"bestickter pultbehang 2 5 m x 55 cm mit offiziellem logo des jubilaum 2025\" width=\"100\" height=\"100\" data-kale-share-title=\"Bereiten wir uns mit dem Jubil\u00e4umsgebet auf das Heilige Jahr vor\" data-kale-share-url=\"https:\/\/blog.holyart.it\/de\/?p=4112\" \/><\/div>\n<div class=\"blocco-contenuto\">\n<div class=\"blocco-acquista\">Einkaufen:<\/div>\n<div class=\"blocco-titolo\"><a href=\"https:\/\/www.holyart.de\/jubilaum-2025-pilger-der-hoffnung\">Jubil\u00e4um 2025 &#8211; Pilger der Hoffnung<\/a><\/div>\n<div class=\"blocco-descrizione\">Artikel anl\u00e4sslich der Feier des bevorstehenden Heiligen Jahres 2025.<\/div>\n<\/div>\n<\/div>\n<p>Zu den zahlreichen Hilfsmitteln, die das <strong>Dikasterium f\u00fcr die Evangelisierung<\/strong> im Hinblick auf das Jubil\u00e4um 2025 vorbereitet, geh\u00f6rt auch \u201e<strong><em>Lehre uns das Beten<\/em><\/strong>\u201c, ein kostenloses digitales Hilfsmittel, das in verschiedenen Sprachen von der Website des Dikasteriums heruntergeladen werden kann, um sowohl einzelnen Christen als auch Gemeinschaften bei der Vorbereitung zu helfen das Heilige Jahr. Der Titel stammt aus dem Lukasevangelium: \u201e<em>Jesus war an einem Ort und betete. Als er fertig war, sagte einer seiner J\u00fcnger zu ihm: \u201eHerr, lehre uns beten, wie auch Johannes seine J\u00fcnger lehrte<\/em>.\u201c (Lukas 11:1). Die Inspiration f\u00fcr diese Brosch\u00fcre stammt genau aus den <strong>Absichten von Papst Franziskus<\/strong>, aus seiner herzlichen Einladung, im Hinblick auf das Jubil\u00e4um mehr denn je das Gebet in einen <strong>pers\u00f6nlichen Dialog mit Gott<\/strong> und in <strong>einen st\u00e4ndigen Einsatz f\u00fcr die Verbesserung der Welt<\/strong> zu verwandeln. So wie das Heilige Jahr eine Gelegenheit sein wird, das br\u00fcderliche Band zwischen den Getauften zu erneuern, die dazu berufen sind, <strong>wahre Zeugen der Liebe Gottes<\/strong> f\u00fcr die ganze Menschheit zu sein, so wird das Gebet zum Weg vorw\u00e4rts, um auf einer tieferen und kostbareren Ebene in die Kommunikation mit sich selbst einzutreten. bis zu dem Punkt, dass wir das <strong>gleiche Licht Gottes<\/strong> in uns finden, wie wir in der Einleitung aus der Garnison lesen. Es ist auch wichtig, mit <strong>Beharrlichkeit zu beten<\/strong>, um st\u00e4ndige und kontinuierliche Unterst\u00fctzung nicht nur f\u00fcr den Einzelnen, sondern f\u00fcr die gesamte Gemeinschaft, die aus dem Gebet die Energie zur Transformation und Verbesserung sch\u00f6pft.<\/p>\n<p><em>M\u00f6ge das Gebet daher f\u00fcr jeden Christen <strong>der Kompass sein, der Orientierung gibt<\/strong>, das Licht, das <strong>den Weg erhellt<\/strong>, und die <strong>Kraft<\/strong>, die ihn auf der Pilgerreise unterst\u00fctzt, die zum \u00dcberschreiten der Heiligen Pforte f\u00fchrt. Durch das Gebet k\u00f6nnen wir mit einem Herzen ankommen, das bereit ist, die Gaben der Gnade und der Vergebung anzunehmen, die das Jubil\u00e4um als lebendigen Ausdruck unserer Beziehung zu Gott bieten wird. Lassen Sie uns daher mit dem Gebet in einen <strong>kontinuierlichen Dialog mit dem Sch\u00f6pfer eintauchen<\/strong>, die Freude der Stille, den Frieden der Verlassenheit und die Kraft der F\u00fcrbitte in der Gemeinschaft der Heiligen entdeckend. <\/em>(LEHRE UNS DAS BETEN \u2013 Das Jahr des Gebets leben)<\/p>\n<div class=\"link-product\">\n<div class=\"blocco-immagine\"><img loading=\"lazy\" decoding=\"async\" class=\"size-full wp-image-4118 alignleft\" src=\"https:\/\/blog.holyart.it\/de\/wp-content\/uploads\/sites\/12\/2024\/06\/papst-franziskus-fontanini-13-cm.jpg\" alt=\"papst franziskus fontanini 13 cm\" width=\"100\" height=\"100\" data-kale-share-title=\"Bereiten wir uns mit dem Jubil\u00e4umsgebet auf das Heilige Jahr vor\" data-kale-share-url=\"https:\/\/blog.holyart.it\/de\/?p=4112\" \/><\/div>\n<div class=\"blocco-contenuto\">\n<div class=\"blocco-acquista\">Einkaufen:<\/div>\n<div class=\"blocco-titolo\"><a href=\"https:\/\/www.holyart.de\/jubilaum-2025-pilger-der-hoffnunghttps:\/\/www.holyart.de\/besondere-anlasse\/papst-franziksus\">Papst Franziksus<\/a><\/div>\n<div class=\"blocco-descrizione\">Produktkategorie ist Jorge Mario Bergoglio gewidmet.<\/div>\n<\/div>\n<\/div>\n<h2>Das Beten gem\u00e4\u00df den Abliegen des Papstes<\/h2>\n<p>Die <strong>Abliegen des Papstes<\/strong> sind die Appelle, die der Papst jeden Monat seinem globalen Gebetsnetzwerk anvertraut. Sie bringen seine Anliegen zum Ausdruck und spiegeln die Bed\u00fcrfnisse der Kirche und der Menschheit wider. Gerade auf der Grundlage dieser Gebetsanliegen l\u00e4dt uns der Papst ein, <strong>unsere Worte des Glaubens in konkrete Taten umzusetzen<\/strong>, mit dem Ziel, dazu beizutragen, die Welt menschlicher, br\u00fcderlicher und solidarischer zu machen. Die monatlichen Gebetsanliegen umfassen alle L\u00e4nder der Welt. Dikasterien und Kongregationen senden ihre Berichte und Vorschl\u00e4ge, und der Papst empf\u00e4ngt sie, pr\u00fcft sie und verwandelt sie in Gelegenheiten zum Gebet. Diese Absichten bieten auch n\u00fctzliche Ideen f\u00fcr eine effektive Vorbereitung auf das Jubil\u00e4umsgebet.<\/p>\n<div class=\"link-product\">\n<div class=\"blocco-immagine\"><img loading=\"lazy\" decoding=\"async\" class=\"size-full wp-image-4201 alignleft\" src=\"https:\/\/blog.holyart.it\/de\/wp-content\/uploads\/sites\/12\/2024\/06\/Pilgerkomplett-Kit-zum-Jubilaeum-2025-Rucksack-plus-Zubehoer-umweltfreundlich-und-wasserdicht.jpg\" alt=\"Pilgerkomplett-Kit zum Jubil\u00e4um 2025, Rucksack plus Zubeh\u00f6r, umweltfreundlich und wasserdicht\" width=\"100\" height=\"100\" data-kale-share-title=\"Bereiten wir uns mit dem Jubil\u00e4umsgebet auf das Heilige Jahr vor\" data-kale-share-url=\"https:\/\/blog.holyart.it\/de\/jubilaeum-2025\/bereiten-wir-uns-mit-dem-jubilaeumsgebet-auf-das-heilige-jahr-vor\/\" \/><\/div>\n<div class=\"blocco-contenuto\">\n<div class=\"blocco-acquista\">Einkaufen:<\/div>\n<div class=\"blocco-titolo\"><a href=\"https:\/\/www.holyart.de\/jubilaum-2025-pilger-der-hoffnung\/pilger-set-und-gadgets-zum-jubilaum-2025\/pilgerkomplett-kit-zum-jubilaum-2025-rucksack-plus-zubehor-umweltfreundlich-und-wasserdicht\">Pilgerkomplett-Kit zum Jubil\u00e4um 2025, Rucksack plus Zubeh\u00f6r, umweltfreundlich und wasserdicht <\/a><\/div>\n<div class=\"blocco-descrizione\">Rucksack aus umweltfreundlichem Material plus Zubeh\u00f6r.<\/div>\n<\/div>\n<\/div>\n<p>Hier sind die Gebetsanliegen von Papst Franziskus f\u00fcr das Jahr 2024, die er dem World Prayer Network anvertraut hat:<\/p>\n<p><strong>JANUAR<\/strong><\/p>\n<p><strong><em>F\u00dcR DAS GESCHENK DER VIELFALT IN DER KIRCHE<\/em><\/strong><\/p>\n<p>Wir beten, dass der Geist uns hilft, die Gabe verschiedener Charismen innerhalb christlicher Gemeinschaften zu erkennen und den Reichtum der verschiedenen Ritualtraditionen innerhalb der katholischen Kirche zu entdecken.<\/p>\n<p>&nbsp;<\/p>\n<p><strong>FEBRUAR<\/strong><\/p>\n<p><strong><em>F\u00dcR UNHEILBAR KRANKE MENSCHEN<\/em><\/strong><\/p>\n<p>Wir beten daf\u00fcr, dass erkrankte Menschen in der Endphase ihres Lebens und ihre Familien stets die notwendige Pflege und Begleitung erhalten, sowohl aus gesundheitlicher als auch aus menschlicher Sicht.<\/p>\n<p>&nbsp;<\/p>\n<p><strong>M\u00c4RZ<\/strong><\/p>\n<p><strong><em>F\u00dcR DIE NEUEN M\u00c4RTYRER, ZEUGEN CHRISTI<\/em><\/strong><\/p>\n<p>Wir beten, dass diejenigen, die in verschiedenen Teilen der Welt ihr Leben f\u00fcr das Evangelium riskieren: M\u00f6gen sie die Kirche mit eigenem Mut und missionarischem Antrieb anstecken.<\/p>\n<p>&nbsp;<\/p>\n<p><strong>APRIL<\/strong><\/p>\n<p><strong><em>F\u00dcR DIE ROLLE DER FRAU<\/em><\/strong><\/p>\n<p>Wir beten, dass die W\u00fcrde der Frau und ihr Reichtum in jeder Kultur anerkannt wird. M\u00f6gen die Diskriminierung, der sie in verschiedenen Teilen der Welt ausgesetzt sind, aufh\u00f6ren.<\/p>\n<p>&nbsp;<\/p>\n<p><strong>MAI<\/strong><\/p>\n<p><strong><em>F\u00dcR DIE AUSBILDUNG VON RELIGI\u00d6SEN M\u00c4NNERN UND SEMINARISTEN<\/em><\/strong><\/p>\n<p>Beten wir daf\u00fcr, dass Ordensleute und Seminaristen auf ihrem beruflichen Weg durch menschliche, pastorale, spirituelle und gemeinschaftliche Ausbildung wachsen, die sie zu Zeugen der Glaubw\u00fcrdigkeit des Evangeliums macht.<\/p>\n<p>&nbsp;<\/p>\n<p><strong>JUNI<\/strong><\/p>\n<p><strong><em>F\u00dcR DIE, DIE AUS IHREM LAND FL\u00dcHNEN<\/em><\/strong><\/p>\n<p>Wir beten, dass Migranten, die vor Kriegen oder Hunger fliehen und zu Reisen voller Gefahren gezwungen werden in den Aufnahmel\u00e4ndern willkommene und neue Lebenschancen finden.<\/p>\n<p>&nbsp;<\/p>\n<p><strong>JULI<\/strong><\/p>\n<p><strong><em>F\u00dcR DIE KRANKENPFLEGE<\/em><\/strong><\/p>\n<p>Beten wir, dass das Sakrament der Krankensalbung den Menschen, die es empfangen, und ihren Lieben die Kraft des Herrn schenkt und immer mehr zu einem sichtbaren Zeichen des Mitgef\u00fchls und der Hoffnung f\u00fcr alle wird.<\/p>\n<p>&nbsp;<\/p>\n<p><strong>AUGUST<\/strong><\/p>\n<p><strong><em>F\u00dcR POLITISCHE F\u00dcHRER<\/em><\/strong><\/p>\n<p>Wir beten, dass die politischen F\u00fchrer im Dienste ihres Volkes stehen, sich f\u00fcr eine umfassende menschliche Entwicklung und f\u00fcr das Gemeinwohl einsetzen, sich um diejenigen k\u00fcmmern, die ihren Arbeitsplatz verloren haben, und sich f\u00fcr die \u00c4rmsten einsetzen.<\/p>\n<p>&nbsp;<\/p>\n<p><strong>SEPTEMBER<\/strong><\/p>\n<p><strong><em>F\u00dcR DEN SCHREI DER ERDE<\/em><\/strong><\/p>\n<p>Beten wir, dass jeder von uns mit dem Herzen auf den Schrei der Erde und der Opfer von Katastrophen, Umweltprobleme und der Klimakrise h\u00f6rt, indem wir uns pers\u00f6nlich f\u00fcr den Schutz der Welt einsetzen, in der wir leben.<\/p>\n<p>&nbsp;<\/p>\n<p><strong>OKTOBER<\/strong><\/p>\n<p><strong><em>F\u00dcR EINE GEMEINSAME MISSION<\/em><\/strong><\/p>\n<p>Wir beten, dass die Kirche weiterhin in jeder Hinsicht einen synodalen Lebensstil unterst\u00fctzt, im Zeichen der Mitverantwortung, der die Teilnahme, die Gemeinschaft und die gemeinsame Mission zwischen Priestern, Ordensleuten und Laien f\u00f6rdert.<\/p>\n<p>&nbsp;<\/p>\n<p><strong>NOVEMBER<\/strong><\/p>\n<p><strong><em>F\u00dcR ALLE, DIE EIN KIND VERLOREN HABEN<\/em><\/strong><\/p>\n<p>Wir beten, dass alle Eltern, die um den Tod eines Sohnes oder einer Tochter trauern, in der Gemeinschaft Unterst\u00fctzung finden und vom tr\u00f6stenden Geist Frieden im Herzen finden.<\/p>\n<p>&nbsp;<\/p>\n<p><strong>DEZEMBER<\/strong><\/p>\n<p><strong><em>F\u00dcR PILGER DER HOFFNUNG<\/em><\/strong><\/p>\n<p>Beten wir, dass dieses Jubil\u00e4um uns im Glauben st\u00e4rkt und uns hilft, den auferstandenen Christus Mitten in unserem Leben zu erkennen und uns in Pilger der christlichen Hoffnung verwandelt.<\/p>\n<p>&nbsp;<\/p>\n<p><em>Franziskus<\/em><\/p>\n<p>Aus dem Vatikan, 31. Dezember 2022<\/p>\n<p>&nbsp;<\/p>\n<h2>Jubil\u00e4umsgebet<\/h2>\n<p><em>Vater, der du im Himmel bist,<\/em><\/p>\n<p><em>der Glaube, den du uns geschenkt hast<\/em><\/p>\n<p><em>Dein Sohn Jesus Christus, unser Bruder,<\/em><\/p>\n<p><em>und die Flamme der N\u00e4chstenliebe<\/em><\/p>\n<p><em>vom Heiligen Geist in unsere Herzen gegossen,<\/em><\/p>\n<p><em>M\u00f6gen sie in uns die selige Hoffnung wiedererwecken<\/em><\/p>\n<p><em>f\u00fcr die Ankunft deines K\u00f6nigreichs.<\/em><\/p>\n<p><em>\u00a0<\/em><\/p>\n<p><em>M\u00f6ge deine Gnade uns verwandeln<\/em><\/p>\n<p><em>zu flei\u00dfigen Z\u00fcchtern evangelischer Samen<\/em><\/p>\n<p><em>M\u00f6gen die Menschheit und der Kosmos auferstehen,<\/em><\/p>\n<p><em>w\u00e4hrend wir selbstbewusst warten<\/em><\/p>\n<p><em>des neuen Himmels und der neuen Erde,<\/em><\/p>\n<p><em>wenn die M\u00e4chte des B\u00f6sen besiegt sind,<\/em><\/p>\n<p><em>Deine Herrlichkeit wird f\u00fcr immer offenbar werden.<\/em><\/p>\n<p><em>\u00a0<\/em><\/p>\n<p><em>Die Gnade des Jubil\u00e4ums<\/em><\/p>\n<p><em>Erlebe in uns Pilgern der Hoffnung wieder,<\/em><\/p>\n<p><em>die Sehnsucht nach himmlischen G\u00fctern<\/em><\/p>\n<p><em>und \u00fcber die ganze Welt str\u00f6men<\/em><\/p>\n<p><em>Freude und Frieden<\/em><\/p>\n<p><em>unseres Erl\u00f6sers.<\/em><\/p>\n<p><em>Gesegneter Gott f\u00fcr immer<\/em><\/p>\n<p><em>sei Lob und Herrlichkeit f\u00fcr immer.<\/em><\/p>\n<p><a href=\"https:\/\/holyart.de\/blog\/wp-content\/uploads\/sites\/12\/2024\/12\/Jubilaeumsgebet.pdf\"><strong>Laden Sie das Jubil\u00e4umsgebet hier herunter<\/strong><\/a><\/p>\n","protected":false},"excerpt":{"rendered":"<p>Im Hinblick auf das Heilige Jahr 2025 bereiten sich Christen auf der ganzen Welt darauf vor, Pilger der Hoffnung zu sein. Hier finden Sie die vom Dikasterium bereitgestellten Hilfsmittel, die Absichten und Gebete des Papstes sowie das besondere Jubil\u00e4umsgebet 2025 wird das Jahr des Jubil\u00e4ums&hellip;<\/p>\n","protected":false},"author":1,"featured_media":4115,"comment_status":"closed","ping_status":"open","sticky":false,"template":"","format":"standard","meta":{"_acf_changed":false,"footnotes":""},"categories":[17],"tags":[],"class_list":["post-4112","post","type-post","status-publish","format-standard","has-post-thumbnail","hentry","category-jubilaeum-2025"],"acf":[],"yoast_head":"<!-- This site is optimized with the Yoast SEO plugin v26.6 - https:\/\/yoast.com\/wordpress\/plugins\/seo\/ -->\n<title>Bereiten wir uns mit dem Jubil\u00e4umsgebet auf das Heilige Jahr vor - Holyart.de Blog<\/title>\n<meta name=\"description\" content=\"Im Hinblick auf das n\u00e4chste Jubil\u00e4um ist es wichtig, sich bestm\u00f6glich vorzubereiten. Die Anliegen des Papstes geben uns Inspiration sowie das Jubil\u00e4umsgebet\" \/>\n<meta name=\"robots\" content=\"index, follow, max-snippet:-1, max-image-preview:large, max-video-preview:-1\" \/>\n<link rel=\"canonical\" href=\"https:\/\/blog.holyart.it\/de\/jubilaeum-2025\/bereiten-wir-uns-mit-dem-jubilaeumsgebet-auf-das-heilige-jahr-vor\/\" \/>\n<meta property=\"og:locale\" content=\"de_DE\" \/>\n<meta property=\"og:type\" content=\"article\" \/>\n<meta property=\"og:title\" content=\"Bereiten wir uns mit dem Jubil\u00e4umsgebet auf das Heilige Jahr vor - Holyart.de Blog\" \/>\n<meta property=\"og:description\" content=\"Im Hinblick auf das n\u00e4chste Jubil\u00e4um ist es wichtig, sich bestm\u00f6glich vorzubereiten. Die Anliegen des Papstes geben uns Inspiration sowie das Jubil\u00e4umsgebet\" \/>\n<meta property=\"og:url\" content=\"https:\/\/blog.holyart.it\/de\/jubilaeum-2025\/bereiten-wir-uns-mit-dem-jubilaeumsgebet-auf-das-heilige-jahr-vor\/\" \/>\n<meta property=\"og:site_name\" content=\"Holyart.de Blog\" \/>\n<meta property=\"article:published_time\" content=\"2024-06-05T08:00:10+00:00\" \/>\n<meta property=\"article:modified_time\" content=\"2024-12-11T16:02:44+00:00\" \/>\n<meta property=\"og:image\" content=\"https:\/\/blog.holyart.it\/de\/wp-content\/uploads\/sites\/12\/2024\/06\/Jubilaeumsgebet.jpg\" \/>\n\t<meta property=\"og:image:width\" content=\"1000\" \/>\n\t<meta property=\"og:image:height\" content=\"666\" \/>\n\t<meta property=\"og:image:type\" content=\"image\/jpeg\" \/>\n<meta name=\"author\" content=\"Redazione\" \/>\n<meta name=\"twitter:card\" content=\"summary_large_image\" \/>\n<meta name=\"twitter:label1\" content=\"Verfasst von\" \/>\n\t<meta name=\"twitter:data1\" content=\"Redazione\" \/>\n\t<meta name=\"twitter:label2\" content=\"Gesch\u00e4tzte Lesezeit\" \/>\n\t<meta name=\"twitter:data2\" content=\"10\u00a0Minuten\" \/>\n<script type=\"application\/ld+json\" class=\"yoast-schema-graph\">{\"@context\":\"https:\/\/schema.org\",\"@graph\":[{\"@type\":\"Article\",\"@id\":\"https:\/\/blog.holyart.it\/de\/jubilaeum-2025\/bereiten-wir-uns-mit-dem-jubilaeumsgebet-auf-das-heilige-jahr-vor\/#article\",\"isPartOf\":{\"@id\":\"https:\/\/blog.holyart.it\/de\/jubilaeum-2025\/bereiten-wir-uns-mit-dem-jubilaeumsgebet-auf-das-heilige-jahr-vor\/\"},\"author\":{\"name\":\"Redazione\",\"@id\":\"https:\/\/blog.holyart.it\/de\/#\/schema\/person\/0a7b686e5af0f856ec1e390dd0baecda\"},\"headline\":\"Bereiten wir uns mit dem Jubil\u00e4umsgebet auf das Heilige Jahr vor\",\"datePublished\":\"2024-06-05T08:00:10+00:00\",\"dateModified\":\"2024-12-11T16:02:44+00:00\",\"mainEntityOfPage\":{\"@id\":\"https:\/\/blog.holyart.it\/de\/jubilaeum-2025\/bereiten-wir-uns-mit-dem-jubilaeumsgebet-auf-das-heilige-jahr-vor\/\"},\"wordCount\":1748,\"publisher\":{\"@id\":\"https:\/\/blog.holyart.it\/de\/#organization\"},\"image\":{\"@id\":\"https:\/\/blog.holyart.it\/de\/jubilaeum-2025\/bereiten-wir-uns-mit-dem-jubilaeumsgebet-auf-das-heilige-jahr-vor\/#primaryimage\"},\"thumbnailUrl\":\"https:\/\/blog.holyart.it\/de\/wp-content\/uploads\/sites\/12\/2024\/06\/Jubilaeumsgebet.jpg\",\"articleSection\":[\"Jubil\u00e4um 2025\"],\"inLanguage\":\"de\"},{\"@type\":\"WebPage\",\"@id\":\"https:\/\/blog.holyart.it\/de\/jubilaeum-2025\/bereiten-wir-uns-mit-dem-jubilaeumsgebet-auf-das-heilige-jahr-vor\/\",\"url\":\"https:\/\/blog.holyart.it\/de\/jubilaeum-2025\/bereiten-wir-uns-mit-dem-jubilaeumsgebet-auf-das-heilige-jahr-vor\/\",\"name\":\"Bereiten wir uns mit dem Jubil\u00e4umsgebet auf das Heilige Jahr vor - Holyart.de Blog\",\"isPartOf\":{\"@id\":\"https:\/\/blog.holyart.it\/de\/#website\"},\"primaryImageOfPage\":{\"@id\":\"https:\/\/blog.holyart.it\/de\/jubilaeum-2025\/bereiten-wir-uns-mit-dem-jubilaeumsgebet-auf-das-heilige-jahr-vor\/#primaryimage\"},\"image\":{\"@id\":\"https:\/\/blog.holyart.it\/de\/jubilaeum-2025\/bereiten-wir-uns-mit-dem-jubilaeumsgebet-auf-das-heilige-jahr-vor\/#primaryimage\"},\"thumbnailUrl\":\"https:\/\/blog.holyart.it\/de\/wp-content\/uploads\/sites\/12\/2024\/06\/Jubilaeumsgebet.jpg\",\"datePublished\":\"2024-06-05T08:00:10+00:00\",\"dateModified\":\"2024-12-11T16:02:44+00:00\",\"description\":\"Im Hinblick auf das n\u00e4chste Jubil\u00e4um ist es wichtig, sich bestm\u00f6glich vorzubereiten. Die Anliegen des Papstes geben uns Inspiration sowie das Jubil\u00e4umsgebet\",\"breadcrumb\":{\"@id\":\"https:\/\/blog.holyart.it\/de\/jubilaeum-2025\/bereiten-wir-uns-mit-dem-jubilaeumsgebet-auf-das-heilige-jahr-vor\/#breadcrumb\"},\"inLanguage\":\"de\",\"potentialAction\":[{\"@type\":\"ReadAction\",\"target\":[\"https:\/\/blog.holyart.it\/de\/jubilaeum-2025\/bereiten-wir-uns-mit-dem-jubilaeumsgebet-auf-das-heilige-jahr-vor\/\"]}]},{\"@type\":\"ImageObject\",\"inLanguage\":\"de\",\"@id\":\"https:\/\/blog.holyart.it\/de\/jubilaeum-2025\/bereiten-wir-uns-mit-dem-jubilaeumsgebet-auf-das-heilige-jahr-vor\/#primaryimage\",\"url\":\"https:\/\/blog.holyart.it\/de\/wp-content\/uploads\/sites\/12\/2024\/06\/Jubilaeumsgebet.jpg\",\"contentUrl\":\"https:\/\/blog.holyart.it\/de\/wp-content\/uploads\/sites\/12\/2024\/06\/Jubilaeumsgebet.jpg\",\"width\":1000,\"height\":666,\"caption\":\"Jubil\u00e4umsgebet\"},{\"@type\":\"BreadcrumbList\",\"@id\":\"https:\/\/blog.holyart.it\/de\/jubilaeum-2025\/bereiten-wir-uns-mit-dem-jubilaeumsgebet-auf-das-heilige-jahr-vor\/#breadcrumb\",\"itemListElement\":[{\"@type\":\"ListItem\",\"position\":1,\"name\":\"Homepage\",\"item\":\"https:\/\/blog.holyart.it\/de\/\"},{\"@type\":\"ListItem\",\"position\":2,\"name\":\"Jubil\u00e4um 2025\",\"item\":\"https:\/\/blog.holyart.it\/de\/jubilaeum-2025\/\"},{\"@type\":\"ListItem\",\"position\":3,\"name\":\"Bereiten wir uns mit dem Jubil\u00e4umsgebet auf das Heilige Jahr vor\"}]},{\"@type\":\"WebSite\",\"@id\":\"https:\/\/blog.holyart.it\/de\/#website\",\"url\":\"https:\/\/blog.holyart.it\/de\/\",\"name\":\"Holyart.de Blog\",\"description\":\"Holyblog\",\"publisher\":{\"@id\":\"https:\/\/blog.holyart.it\/de\/#organization\"},\"potentialAction\":[{\"@type\":\"SearchAction\",\"target\":{\"@type\":\"EntryPoint\",\"urlTemplate\":\"https:\/\/blog.holyart.it\/de\/?s={search_term_string}\"},\"query-input\":{\"@type\":\"PropertyValueSpecification\",\"valueRequired\":true,\"valueName\":\"search_term_string\"}}],\"inLanguage\":\"de\"},{\"@type\":\"Organization\",\"@id\":\"https:\/\/blog.holyart.it\/de\/#organization\",\"name\":\"Holyart.de Blog\",\"url\":\"https:\/\/blog.holyart.it\/de\/\",\"logo\":{\"@type\":\"ImageObject\",\"inLanguage\":\"de\",\"@id\":\"https:\/\/blog.holyart.it\/de\/#\/schema\/logo\/image\/\",\"url\":\"https:\/\/blog.holyart.it\/de\/wp-content\/uploads\/sites\/12\/2022\/12\/Holyart_Blog_Logo.jpg\",\"contentUrl\":\"https:\/\/blog.holyart.it\/de\/wp-content\/uploads\/sites\/12\/2022\/12\/Holyart_Blog_Logo.jpg\",\"width\":300,\"height\":50,\"caption\":\"Holyart.de Blog\"},\"image\":{\"@id\":\"https:\/\/blog.holyart.it\/de\/#\/schema\/logo\/image\/\"}},{\"@type\":\"Person\",\"@id\":\"https:\/\/blog.holyart.it\/de\/#\/schema\/person\/0a7b686e5af0f856ec1e390dd0baecda\",\"name\":\"Redazione\",\"image\":{\"@type\":\"ImageObject\",\"inLanguage\":\"de\",\"@id\":\"https:\/\/blog.holyart.it\/de\/#\/schema\/person\/image\/\",\"url\":\"https:\/\/secure.gravatar.com\/avatar\/f477da817f43e50d0af36abecd33e3edf826c68299714bdc1057dff3b113f516?s=96&d=mm&r=g\",\"contentUrl\":\"https:\/\/secure.gravatar.com\/avatar\/f477da817f43e50d0af36abecd33e3edf826c68299714bdc1057dff3b113f516?s=96&d=mm&r=g\",\"caption\":\"Redazione\"}}]}<\/script>\n<!-- \/ Yoast SEO plugin. -->","yoast_head_json":{"title":"Bereiten wir uns mit dem Jubil\u00e4umsgebet auf das Heilige Jahr vor - Holyart.de Blog","description":"Im Hinblick auf das n\u00e4chste Jubil\u00e4um ist es wichtig, sich bestm\u00f6glich vorzubereiten. Die Anliegen des Papstes geben uns Inspiration sowie das Jubil\u00e4umsgebet","robots":{"index":"index","follow":"follow","max-snippet":"max-snippet:-1","max-image-preview":"max-image-preview:large","max-video-preview":"max-video-preview:-1"},"canonical":"https:\/\/blog.holyart.it\/de\/jubilaeum-2025\/bereiten-wir-uns-mit-dem-jubilaeumsgebet-auf-das-heilige-jahr-vor\/","og_locale":"de_DE","og_type":"article","og_title":"Bereiten wir uns mit dem Jubil\u00e4umsgebet auf das Heilige Jahr vor - Holyart.de Blog","og_description":"Im Hinblick auf das n\u00e4chste Jubil\u00e4um ist es wichtig, sich bestm\u00f6glich vorzubereiten. Die Anliegen des Papstes geben uns Inspiration sowie das Jubil\u00e4umsgebet","og_url":"https:\/\/blog.holyart.it\/de\/jubilaeum-2025\/bereiten-wir-uns-mit-dem-jubilaeumsgebet-auf-das-heilige-jahr-vor\/","og_site_name":"Holyart.de Blog","article_published_time":"2024-06-05T08:00:10+00:00","article_modified_time":"2024-12-11T16:02:44+00:00","og_image":[{"width":1000,"height":666,"url":"https:\/\/blog.holyart.it\/de\/wp-content\/uploads\/sites\/12\/2024\/06\/Jubilaeumsgebet.jpg","type":"image\/jpeg"}],"author":"Redazione","twitter_card":"summary_large_image","twitter_misc":{"Verfasst von":"Redazione","Gesch\u00e4tzte Lesezeit":"10\u00a0Minuten"},"schema":{"@context":"https:\/\/schema.org","@graph":[{"@type":"Article","@id":"https:\/\/blog.holyart.it\/de\/jubilaeum-2025\/bereiten-wir-uns-mit-dem-jubilaeumsgebet-auf-das-heilige-jahr-vor\/#article","isPartOf":{"@id":"https:\/\/blog.holyart.it\/de\/jubilaeum-2025\/bereiten-wir-uns-mit-dem-jubilaeumsgebet-auf-das-heilige-jahr-vor\/"},"author":{"name":"Redazione","@id":"https:\/\/blog.holyart.it\/de\/#\/schema\/person\/0a7b686e5af0f856ec1e390dd0baecda"},"headline":"Bereiten wir uns mit dem Jubil\u00e4umsgebet auf das Heilige Jahr vor","datePublished":"2024-06-05T08:00:10+00:00","dateModified":"2024-12-11T16:02:44+00:00","mainEntityOfPage":{"@id":"https:\/\/blog.holyart.it\/de\/jubilaeum-2025\/bereiten-wir-uns-mit-dem-jubilaeumsgebet-auf-das-heilige-jahr-vor\/"},"wordCount":1748,"publisher":{"@id":"https:\/\/blog.holyart.it\/de\/#organization"},"image":{"@id":"https:\/\/blog.holyart.it\/de\/jubilaeum-2025\/bereiten-wir-uns-mit-dem-jubilaeumsgebet-auf-das-heilige-jahr-vor\/#primaryimage"},"thumbnailUrl":"https:\/\/blog.holyart.it\/de\/wp-content\/uploads\/sites\/12\/2024\/06\/Jubilaeumsgebet.jpg","articleSection":["Jubil\u00e4um 2025"],"inLanguage":"de"},{"@type":"WebPage","@id":"https:\/\/blog.holyart.it\/de\/jubilaeum-2025\/bereiten-wir-uns-mit-dem-jubilaeumsgebet-auf-das-heilige-jahr-vor\/","url":"https:\/\/blog.holyart.it\/de\/jubilaeum-2025\/bereiten-wir-uns-mit-dem-jubilaeumsgebet-auf-das-heilige-jahr-vor\/","name":"Bereiten wir uns mit dem Jubil\u00e4umsgebet auf das Heilige Jahr vor - Holyart.de Blog","isPartOf":{"@id":"https:\/\/blog.holyart.it\/de\/#website"},"primaryImageOfPage":{"@id":"https:\/\/blog.holyart.it\/de\/jubilaeum-2025\/bereiten-wir-uns-mit-dem-jubilaeumsgebet-auf-das-heilige-jahr-vor\/#primaryimage"},"image":{"@id":"https:\/\/blog.holyart.it\/de\/jubilaeum-2025\/bereiten-wir-uns-mit-dem-jubilaeumsgebet-auf-das-heilige-jahr-vor\/#primaryimage"},"thumbnailUrl":"https:\/\/blog.holyart.it\/de\/wp-content\/uploads\/sites\/12\/2024\/06\/Jubilaeumsgebet.jpg","datePublished":"2024-06-05T08:00:10+00:00","dateModified":"2024-12-11T16:02:44+00:00","description":"Im Hinblick auf das n\u00e4chste Jubil\u00e4um ist es wichtig, sich bestm\u00f6glich vorzubereiten. Die Anliegen des Papstes geben uns Inspiration sowie das Jubil\u00e4umsgebet","breadcrumb":{"@id":"https:\/\/blog.holyart.it\/de\/jubilaeum-2025\/bereiten-wir-uns-mit-dem-jubilaeumsgebet-auf-das-heilige-jahr-vor\/#breadcrumb"},"inLanguage":"de","potentialAction":[{"@type":"ReadAction","target":["https:\/\/blog.holyart.it\/de\/jubilaeum-2025\/bereiten-wir-uns-mit-dem-jubilaeumsgebet-auf-das-heilige-jahr-vor\/"]}]},{"@type":"ImageObject","inLanguage":"de","@id":"https:\/\/blog.holyart.it\/de\/jubilaeum-2025\/bereiten-wir-uns-mit-dem-jubilaeumsgebet-auf-das-heilige-jahr-vor\/#primaryimage","url":"https:\/\/blog.holyart.it\/de\/wp-content\/uploads\/sites\/12\/2024\/06\/Jubilaeumsgebet.jpg","contentUrl":"https:\/\/blog.holyart.it\/de\/wp-content\/uploads\/sites\/12\/2024\/06\/Jubilaeumsgebet.jpg","width":1000,"height":666,"caption":"Jubil\u00e4umsgebet"},{"@type":"BreadcrumbList","@id":"https:\/\/blog.holyart.it\/de\/jubilaeum-2025\/bereiten-wir-uns-mit-dem-jubilaeumsgebet-auf-das-heilige-jahr-vor\/#breadcrumb","itemListElement":[{"@type":"ListItem","position":1,"name":"Homepage","item":"https:\/\/blog.holyart.it\/de\/"},{"@type":"ListItem","position":2,"name":"Jubil\u00e4um 2025","item":"https:\/\/blog.holyart.it\/de\/jubilaeum-2025\/"},{"@type":"ListItem","position":3,"name":"Bereiten wir uns mit dem Jubil\u00e4umsgebet auf das Heilige Jahr vor"}]},{"@type":"WebSite","@id":"https:\/\/blog.holyart.it\/de\/#website","url":"https:\/\/blog.holyart.it\/de\/","name":"Holyart.de Blog","description":"Holyblog","publisher":{"@id":"https:\/\/blog.holyart.it\/de\/#organization"},"potentialAction":[{"@type":"SearchAction","target":{"@type":"EntryPoint","urlTemplate":"https:\/\/blog.holyart.it\/de\/?s={search_term_string}"},"query-input":{"@type":"PropertyValueSpecification","valueRequired":true,"valueName":"search_term_string"}}],"inLanguage":"de"},{"@type":"Organization","@id":"https:\/\/blog.holyart.it\/de\/#organization","name":"Holyart.de Blog","url":"https:\/\/blog.holyart.it\/de\/","logo":{"@type":"ImageObject","inLanguage":"de","@id":"https:\/\/blog.holyart.it\/de\/#\/schema\/logo\/image\/","url":"https:\/\/blog.holyart.it\/de\/wp-content\/uploads\/sites\/12\/2022\/12\/Holyart_Blog_Logo.jpg","contentUrl":"https:\/\/blog.holyart.it\/de\/wp-content\/uploads\/sites\/12\/2022\/12\/Holyart_Blog_Logo.jpg","width":300,"height":50,"caption":"Holyart.de Blog"},"image":{"@id":"https:\/\/blog.holyart.it\/de\/#\/schema\/logo\/image\/"}},{"@type":"Person","@id":"https:\/\/blog.holyart.it\/de\/#\/schema\/person\/0a7b686e5af0f856ec1e390dd0baecda","name":"Redazione","image":{"@type":"ImageObject","inLanguage":"de","@id":"https:\/\/blog.holyart.it\/de\/#\/schema\/person\/image\/","url":"https:\/\/secure.gravatar.com\/avatar\/f477da817f43e50d0af36abecd33e3edf826c68299714bdc1057dff3b113f516?s=96&d=mm&r=g","contentUrl":"https:\/\/secure.gravatar.com\/avatar\/f477da817f43e50d0af36abecd33e3edf826c68299714bdc1057dff3b113f516?s=96&d=mm&r=g","caption":"Redazione"}}]}},"_links":{"self":[{"href":"https:\/\/blog.holyart.it\/de\/wp-json\/wp\/v2\/posts\/4112","targetHints":{"allow":["GET"]}}],"collection":[{"href":"https:\/\/blog.holyart.it\/de\/wp-json\/wp\/v2\/posts"}],"about":[{"href":"https:\/\/blog.holyart.it\/de\/wp-json\/wp\/v2\/types\/post"}],"author":[{"embeddable":true,"href":"https:\/\/blog.holyart.it\/de\/wp-json\/wp\/v2\/users\/1"}],"replies":[{"embeddable":true,"href":"https:\/\/blog.holyart.it\/de\/wp-json\/wp\/v2\/comments?post=4112"}],"version-history":[{"count":6,"href":"https:\/\/blog.holyart.it\/de\/wp-json\/wp\/v2\/posts\/4112\/revisions"}],"predecessor-version":[{"id":5145,"href":"https:\/\/blog.holyart.it\/de\/wp-json\/wp\/v2\/posts\/4112\/revisions\/5145"}],"wp:featuredmedia":[{"embeddable":true,"href":"https:\/\/blog.holyart.it\/de\/wp-json\/wp\/v2\/media\/4115"}],"wp:attachment":[{"href":"https:\/\/blog.holyart.it\/de\/wp-json\/wp\/v2\/media?parent=4112"}],"wp:term":[{"taxonomy":"category","embeddable":true,"href":"https:\/\/blog.holyart.it\/de\/wp-json\/wp\/v2\/categories?post=4112"},{"taxonomy":"post_tag","embeddable":true,"href":"https:\/\/blog.holyart.it\/de\/wp-json\/wp\/v2\/tags?post=4112"}],"curies":[{"name":"wp","href":"https:\/\/api.w.org\/{rel}","templated":true}]}}