{"id":4084,"date":"2024-06-03T10:00:12","date_gmt":"2024-06-03T08:00:12","guid":{"rendered":"https:\/\/blog.holyart.it\/de\/?p=4084"},"modified":"2024-06-27T14:08:40","modified_gmt":"2024-06-27T12:08:40","slug":"was-man-auf-eine-pilgerreise-mitnimmt-den-rucksack-organisieren","status":"publish","type":"post","link":"https:\/\/blog.holyart.it\/de\/jubilaeum-2025\/was-man-auf-eine-pilgerreise-mitnimmt-den-rucksack-organisieren\/","title":{"rendered":"Was man auf eine Pilgerreise mitnimmt: den Rucksack organisieren!"},"content":{"rendered":"<h4>Die Vorbereitung auf eine Pilgerreise ist eine aufregende und spirituell bereichernde Erfahrung. Um einen reibungslosen Ablauf der Reise zu gew\u00e4hrleisten, ist es wichtig, sorgf\u00e4ltig zu planen, was man auf die Pilgerreise mitnimmt und wie man seinen Rucksack organisiert<\/h4>\n\n<p>Eine Pilgerreise ist eine spirituelle Reise, die eine sorgf\u00e4ltige und gr\u00fcndliche Vorbereitung erfordert. Die richtige Vorbereitung auf eine Pilgerreise, insbesondere im Hinblick auf das <a href=\"https:\/\/www.holyart.de\/blog\/devotionalien\/der-veranstaltungskalender-des-jubilaeums-2025\/\"><strong>Jubil\u00e4um 2025<\/strong><\/a>, nach Rom oder zu anderen heiligen Zielen, ist f\u00fcr eine tiefe und reibungslose spirituelle Erfahrung unerl\u00e4sslich. Aber was soll man auf eine Pilgerreise mitnehmen?<\/p>\n<p>Die Dinge, die Sie in Ihren Rucksack packen sollten, variieren je nach Jahreszeit und Reiseziel, aber es gibt einige <strong>allgemeine Gegenst\u00e4nde<\/strong>, die f\u00fcr jedes Reiseziel spezifisch sind. Achten Sie darauf, dass Sie alles mitnehmen, was Sie brauchen, ohne sich mit unn\u00f6tigem Gewicht zu belasten, und passen Sie Ihre Ausr\u00fcstung an die spezifischen Bed\u00fcrfnisse der Reise an. Mit einem gut organisierten Rucksack und einem offenen Herzen werden Sie bereit sein, diese Reise des Glaubens und der Entdeckung anzutreten.<\/p>\n<p>Bevor Sie sich auf den Weg machen, sollten Sie sich \u00fcber die <strong>spezifischen Anforderungen und Vorschriften des von Ihnen gew\u00e4hlten Reiseziels<\/strong> informieren. Denken Sie daran, dass eine Pilgerreise sowohl eine physische als auch eine spirituelle Reise ist, und eine gute Vorbereitung kann den Unterschied zwischen einer erm\u00fcdenden und einer bereichernden Erfahrung ausmachen. Planen Sie sorgf\u00e4ltig, nehmen Sie nur das N\u00f6tigste mit und bereiten Sie sich darauf vor, die Reise mit der richtigen Einstellung anzutreten.<\/p>\n<div class=\"link-article\">\n<p><img loading=\"lazy\" decoding=\"async\" class=\"size-full wp-image-4085 alignleft\" src=\"https:\/\/blog.holyart.it\/de\/wp-content\/uploads\/sites\/12\/2024\/05\/Der-Veranstaltungskalender-des-Jubilaeums-2025-3.jpg\" alt=\"Der Veranstaltungskalender des Jubil\u00e4ums 2025\" width=\"150\" height=\"99\" data-kale-share-title=\"Was man auf eine Pilgerreise mitnimmt: den Rucksack organisieren!\" data-kale-share-url=\"https:\/\/blog.holyart.it\/de\/?p=4084\" \/><\/p>\n<div class=\"leggi-anche\">Lesen Sie auch:<\/div>\n<p><strong><a href=\"https:\/\/www.holyart.de\/blog\/devotionalien\/der-veranstaltungskalender-des-jubilaeums-2025\/\">Der Veranstaltungskalender des Jubil\u00e4ums 2025<\/a><\/strong><br \/>\nDer Veranstaltungskalender f\u00fcr das Jubil\u00e4um 2025 wurde ver\u00f6ffentlicht: zw\u00f6lf Monate mit&#8230;<\/p>\n<\/div>\n<p>Hier finden Sie einen praktischen Leitfaden, wie Sie diese einzigartige Erfahrung am besten bew\u00e4ltigen und sorgf\u00e4ltig ausw\u00e4hlen, was Sie auf Ihre Pilgerreise mitnehmen.<\/p>\n<p>Zun\u00e4chst einmal: der Rucksack.<\/p>\n<h2>Pilgerrucksack<\/h2>\n<p>Der Pilgerrucksack sollte leicht, aber ger\u00e4umig sein, mit einer <strong>wasserdichten H\u00fclle<\/strong> ausgestattet sein, um den Inhalt bei schlechtem Wetter zu sch\u00fctzen, und Platz f\u00fcr einen <strong>Schlafsack<\/strong> oder einen <strong>Leintuchbeutel<\/strong> bieten, die je nach den auf der Strecke vorhandenen Einrichtungen unerl\u00e4sslich sind.<\/p>\n<p>Anl\u00e4sslich des bevorstehenden <a href=\"https:\/\/www.holyart.de\/blog\/devotionalien\/was-ist-das-jubilaeum-vorbereitungen-fuer-ein-neues-heiliges-jahr\/\"><strong>Heiligen Jahres<\/strong><\/a> und der <a href=\"https:\/\/www.holyart.de\/blog\/devotionalien\/jubilaeumskirchen-pilgerziele-die-man-waehrend-des-jubilaeums-unbedingt-gesehen-haben-muss\/\"><strong>Pilgerfahrten<\/strong><\/a>, die zu diesem Anlass stattfinden werden, bietet Holyart den <a href=\"https:\/\/www.holyart.de\/jubilaum-2025-pilger-der-hoffnung\/pilger-set-und-gadgets-zum-jubilaum-2025\/pilgerkomplett-kit-zum-jubilaum-2025-rucksack-plus-zubehor-umweltfreundlich-und-wasserdicht\"><strong>Pilgerrucksack<\/strong><\/a> an, ein offizielles Produkt des Jubil\u00e4ums 2025, das vom Dikasterium genehmigt und mit einem F\u00e4lschungsschutzstempel versehen ist, der seine Echtheit und Einzigartigkeit garantiert. Der Rucksack enth\u00e4lt ein <strong>Pilger-Set<\/strong>, das die Tradition mit den Bed\u00fcrfnissen des modernen Pilgers verbindet und die Pilgerreise zu einer bequemen und geistig bereichernden Erfahrung macht.<\/p>\n<div class=\"link-article\">\n<p><img loading=\"lazy\" decoding=\"async\" class=\"size-full wp-image-4087 alignleft\" src=\"https:\/\/blog.holyart.it\/de\/wp-content\/uploads\/sites\/12\/2024\/05\/Jubilaeumskirchen-1.jpg\" alt=\"Jubil\u00e4umskirchen\" width=\"150\" height=\"99\" data-kale-share-title=\"Was man auf eine Pilgerreise mitnimmt: den Rucksack organisieren!\" data-kale-share-url=\"https:\/\/blog.holyart.it\/de\/?p=4084\" \/><\/p>\n<div class=\"leggi-anche\">Lesen Sie auch:<\/div>\n<p><strong><a href=\"https:\/\/www.holyart.de\/blog\/devotionalien\/jubilaeumskirchen-pilgerziele-die-man-waehrend-des-jubilaeums-unbedingt-gesehen-haben-muss\/\">Jubil\u00e4umskirchen, Pilgerziele, die man w\u00e4hrend des Jubil\u00e4ums unbedingt gesehen haben muss<\/a><\/strong><br \/>\nJubil\u00e4umskirchen sind Kirchen, die mit einer Heiligen Pforte&#8230;<\/p>\n<\/div>\n<p>Der Rucksack hat ein Fassungsverm\u00f6gen von 28 Litern und <strong>besteht aus RPET-Gewebe<\/strong>, einem Material, das durch die R\u00fcckgewinnung und das Recycling von herk\u00f6mmlichem PET gewonnen wird und f\u00fcr eine geringe Umweltbelastung ausgelegt ist.<\/p>\n<p>Der nur in Blau erh\u00e4ltliche Rucksack ist mit dem <strong><a href=\"https:\/\/www.holyart.de\/blog\/devotionalien\/die-bedeutung-des-jubilaeumslogos-2025-pilger-der-hoffnung\/\">Jubil\u00e4umslogo<\/a><\/strong> in Farbe bedruckt und verf\u00fcgt \u00fcber ein <strong>beschreibbares Etikett<\/strong> f\u00fcr pers\u00f6nliche Daten. Im Inneren befindet sich ein gro\u00dfes, faltbares Hauptfach mit Rei\u00dfverschluss und ein gepolstertes Fach, in dem empfindliche Gegenst\u00e4nde wie Laptop oder Tablet untergebracht werden k\u00f6nnen.<\/p>\n<p>Der Pilgerrucksack enth\u00e4lt auch eine Reihe von Zubeh\u00f6rteilen, die, wie wir sehen werden, auf einer Pilgerreise unverzichtbar sind: einen <a href=\"https:\/\/www.holyart.de\/jubilaum-2025-pilger-der-hoffnung\/pilger-set-und-gadgets-zum-jubilaum-2025\/safari-hut-zum-jubilaum-2025-pilgerausrustung\"><strong>h\u00fcbschen Safari-Hut<\/strong><\/a>, der Sie w\u00e4hrend der Wanderung vor der Sonne sch\u00fctzt; eine <a href=\"https:\/\/www.holyart.de\/jubilaum-2025-pilger-der-hoffnung\/pilger-set-und-gadgets-zum-jubilaum-2025\/trinkflasche-aus-aluminium-zum-jubilaum-2025-weiss-pilgerausrustung\"><strong>umweltfreundliche und widerstandsf\u00e4hige Aluminium-Wasserflasche<\/strong><\/a>, die Sie mit Fl\u00fcssigkeit versorgt; einen n\u00fctzlichen <a href=\"https:\/\/www.holyart.de\/jubilaum-2025-pilger-der-hoffnung\/pilger-set-und-gadgets-zum-jubilaum-2025\/regen-poncho-zum-jubilaum-2025-pilger-kit\"><strong>Poncho<\/strong><\/a>, der Sie bei pl\u00f6tzlichem Regen sch\u00fctzt; einen <strong><a href=\"https:\/\/www.holyart.de\/jubilaum-2025-pilger-der-hoffnung\/pilger-set-und-gadgets-zum-jubilaum-2025\/halstuch-zum-jubilaum-2025-grun-pilgerausrustung\">multifunktionalen Schal<\/a>,<\/strong> den Sie als Accessoire oder als Windschutz verwenden k\u00f6nnen.<\/p>\n<p>Vervollst\u00e4ndigt wird das Set durch den <a href=\"https:\/\/www.holyart.de\/jubilaum-2025-pilger-der-hoffnung\/pilger-set-und-gadgets-zum-jubilaum-2025\/magnet-set-5-teilig-zum-jubilaum-2025-pilger-kit\"><strong>Ji<\/strong><strong>ub<\/strong><strong>l\u00e4umsmagneten<\/strong><\/a> und die <a href=\"https:\/\/www.holyart.de\/jubilaum-2025-pilger-der-hoffnung\/pilger-set-und-gadgets-zum-jubilaum-2025\/ansteckpin-set-5-teilig-zum-jubilaum-2025-pilger-kit\"><strong>Anstecknadel<\/strong><\/a>, ein <a href=\"https:\/\/www.holyart.de\/jubilaum-2025-pilger-der-hoffnung\/pilger-set-und-gadgets-zum-jubilaum-2025\/silikonarmbander-zum-jubilaum-2025-4-teiliges-set-pilgerausrustung\"><strong>Silikonarmband<\/strong><\/a> als Symbol der Zugeh\u00f6rigkeit und des Glaubens und ein wertvolles <a href=\"https:\/\/www.holyart.de\/jubilaum-2025-pilger-der-hoffnung\/pilger-set-und-gadgets-zum-jubilaum-2025\/rosenkranz-armband-zum-jubilaum-2025-pilgerausrustung\"><strong>Rosenkranzarmband<\/strong><\/a>, das die Gebete auf der Pilgerreise begleitet. Was k\u00f6nnte passender sein als ein <strong><a href=\"https:\/\/www.holyart.de\/devotionalien\/rosenkranze-und-rosenkranzetuis\">Gebetsrosenkranz mit Kruzifix<\/a><\/strong> f\u00fcr eine Reise, die nicht nur eine k\u00f6rperliche Herausforderung, sondern vor allem eine Reise des spirituellen und inneren Wachstums im Glauben zu sein verspricht?<\/p>\n<p>Nun wollen wir sehen, was in den Rucksack des Pilgers geh\u00f6rt.<\/p>\n<div class=\"sp-styles-warning\" style=\"width: 450px; background-color: #FFF; color: #F00; border: 1px solid #F00; padding: 10px; font-size: 14px;\">\n\t\t\t<span style=\"font-weight: bold;\">Warning: The stylesheets were not loaded!<\/span> \n\t\t\tYou will need to change the <i>Load stylesheets<\/i> setting from <i>Automatically<\/i> to <i>On homepage<\/i> or <i>On all pages<\/i>. \n\t\t\tYou can set that <a style=\"text-decoration: underline; color: #F00;\" href=\"https:\/\/blog.holyart.it\/de\/wp-admin\/admin.php?page=sliderpro-settings\">here<\/a>.\n\t\t\t<\/div>\r\n<div id=\"slider-pro-68\" class=\"slider-pro sp-no-js\" style=\"width: 500px; height: 500px;\">\r\n\t<div class=\"sp-slides\">\r\n\t\t\r\n\t\t<div class=\"sp-slide\">\r\n\t\t\t<img loading=\"lazy\" decoding=\"async\" class=\"sp-image\" src=\"https:\/\/blog.holyart.it\/de\/wp-content\/uploads\/sites\/12\/2024\/05\/Pilgerkomplett-Kit-zum-Jubilaeum-2025-Rucksack-plus-Zubehoer-umweltfreundlich-und-wasserdicht-1.jpg\" alt=\"Pilgerkomplett-Kit zum Jubil\u00e4um 2025, Rucksack plus Zubeh\u00f6r, umweltfreundlich und wasserdicht\" width=\"500\" height=\"500\" \/>\r\n\t\t\t<div class=\"sp-thumbnail\"><a class=\"\" href=\"https:\/\/www.holyart.de\/jubilaum-2025-pilger-der-hoffnung\/pilger-set-und-gadgets-zum-jubilaum-2025\/pilgerkomplett-kit-zum-jubilaum-2025-rucksack-plus-zubehor-umweltfreundlich-und-wasserdicht\">\r\n\t\t\t\t<img decoding=\"async\" src=\"https:\/\/blog.holyart.it\/de\/wp-content\/uploads\/sites\/12\/2024\/05\/Pilgerkomplett-Kit-zum-Jubilaeum-2025-Rucksack-plus-Zubehoer-umweltfreundlich-und-wasserdicht-2.jpg\" alt=\"Pilgerkomplett-Kit zum Jubil\u00e4um 2025, Rucksack plus Zubeh\u00f6r, umweltfreundlich und wasserdicht\" \/>\r\n\t\t\t<\/a>\r\n\t\t\t<\/div>\r\n\t\t\t<div class=\"sp-caption\">Pilgerkomplett-Kit zum Jubil\u00e4um 2025, Rucksack plus Zubeh\u00f6r, umweltfreundlich und wasserdicht<\/br><strong><a href=\"https:\/\/www.holyart.de\/jubilaum-2025-pilger-der-hoffnung\/pilger-set-und-gadgets-zum-jubilaum-2025\/pilgerkomplett-kit-zum-jubilaum-2025-rucksack-plus-zubehor-umweltfreundlich-und-wasserdicht\">Bei Holyart kaufen<\/a><\/strong><\/div>\r\n\t\t<\/div>\r\n\t\t<div class=\"sp-slide\">\r\n\t\t\t<img loading=\"lazy\" decoding=\"async\" class=\"sp-image\" src=\"https:\/\/blog.holyart.it\/de\/wp-content\/uploads\/sites\/12\/2024\/05\/Safari-Hut-zum-Jubilaeum-2025-Pilgerausruestung-1.jpg\" alt=\"Safari-Hut zum Jubil\u00e4um 2025, Pilgerausr\u00fcstung\" width=\"500\" height=\"500\" \/>\r\n\t\t\t<div class=\"sp-thumbnail\"><a class=\"\" href=\"https:\/\/www.holyart.de\/jubilaum-2025-pilger-der-hoffnung\/pilger-set-und-gadgets-zum-jubilaum-2025\/safari-hut-zum-jubilaum-2025-pilgerausrustung\">\r\n\t\t\t\t<img decoding=\"async\" src=\"https:\/\/blog.holyart.it\/de\/wp-content\/uploads\/sites\/12\/2024\/05\/Safari-Hut-zum-Jubilaeum-2025-Pilgerausruestung-2-1.jpg\" alt=\"Safari-Hut zum Jubil\u00e4um 2025, Pilgerausr\u00fcstung\" \/>\r\n\t\t\t<\/a>\r\n\t\t\t<\/div>\r\n\t\t\t<div class=\"sp-caption\">Safari-Hut zum Jubil\u00e4um 2025, Pilgerausr\u00fcstung<\/br><strong><a href=\"https:\/\/www.holyart.de\/jubilaum-2025-pilger-der-hoffnung\/pilger-set-und-gadgets-zum-jubilaum-2025\/safari-hut-zum-jubilaum-2025-pilgerausrustung\">Bei Holyart kaufen<\/a><\/strong><\/div>\r\n\t\t<\/div>\r\n\t\t<div class=\"sp-slide\">\r\n\t\t\t<a class=\"\" href=\"https:\/\/www.holyart.de\/jubilaum-der-barmherzigkeit\/pilger-set-zum-jubilaum-2025\/trinkflasche-aus-aluminium-zum-jubilaum-2025-weiss-pilgerausrustung\" target=\"_self\">\r\n\t\t\t\t<img loading=\"lazy\" decoding=\"async\" class=\"sp-image\" src=\"https:\/\/blog.holyart.it\/de\/wp-content\/uploads\/sites\/12\/2025\/04\/trinkflasche-aus-aluminium-zum-jubilaum-2025-weiss-pilgerausrustung.jpg\" alt=\"trinkflasche aus aluminium zum jubilaum 2025 weiss pilgerausrustung\" width=\"500\" height=\"500\" \/>\r\n\t\t\t<\/a>\r\n\t\t\t<div class=\"sp-thumbnail\"><a class=\"\" href=\"https:\/\/www.holyart.de\/jubilaum-2025-pilger-der-hoffnung\/pilger-set-und-gadgets-zum-jubilaum-2025\/trinkflasche-aus-aluminium-zum-jubilaum-2025-weiss-pilgerausrustung\">\r\n\t\t\t\t<img decoding=\"async\" src=\"https:\/\/blog.holyart.it\/de\/wp-content\/uploads\/sites\/12\/2024\/05\/Trinkflasche-aus-Aluminium-zum-Jubilaeum-2025-weiss-Pilgerausruestung-2.jpg\" alt=\"Trinkflasche aus Aluminium zum Jubil\u00e4um 2025, wei\u00df, Pilgerausr\u00fcstung\" \/>\r\n\t\t\t<\/a>\r\n\t\t\t<\/div>\r\n\t\t\t<div class=\"sp-caption\">Trinkflasche aus Aluminium zum Jubil\u00e4um 2025, wei\u00df, Pilgerausr\u00fcstung<\/br><strong><a href=\"https:\/\/www.holyart.de\/jubilaum-2025-pilger-der-hoffnung\/pilger-set-und-gadgets-zum-jubilaum-2025\/trinkflasche-aus-aluminium-zum-jubilaum-2025-weiss-pilgerausrustung\">Bei Holyart kaufen<\/a><\/strong><\/div>\r\n\t\t<\/div>\r\n\t\t<div class=\"sp-slide\">\r\n\t\t\t<img loading=\"lazy\" decoding=\"async\" class=\"sp-image\" src=\"https:\/\/blog.holyart.it\/de\/wp-content\/uploads\/sites\/12\/2024\/05\/Halstuch-zum-Jubilaeum-2025-Gruen-Pilgerausruestung-1.jpg\" alt=\"Halstuch zum Jubil\u00e4um 2025, Gr\u00fcn, Pilgerausr\u00fcstung \" width=\"500\" height=\"500\" \/>\r\n\t\t\t<div class=\"sp-thumbnail\"><a class=\"\" href=\"https:\/\/www.holyart.de\/jubilaum-2025-pilger-der-hoffnung\/pilger-set-und-gadgets-zum-jubilaum-2025\/halstuch-zum-jubilaum-2025-grun-pilgerausrustung\">\r\n\t\t\t\t<img decoding=\"async\" src=\"https:\/\/blog.holyart.it\/de\/wp-content\/uploads\/sites\/12\/2024\/05\/Halstuch-zum-Jubilaeum-2025-Gruen-Pilgerausruestung-2.jpg\" alt=\"Halstuch zum Jubil\u00e4um 2025, Gr\u00fcn, Pilgerausr\u00fcstung \" \/>\r\n\t\t\t<\/a>\r\n\t\t\t<\/div>\r\n\t\t\t<div class=\"sp-caption\">Halstuch zum Jubil\u00e4um 2025, Gr\u00fcn, Pilgerausr\u00fcstung <\/br><strong><a href=\"https:\/\/www.holyart.de\/jubilaum-2025-pilger-der-hoffnung\/pilger-set-und-gadgets-zum-jubilaum-2025\/halstuch-zum-jubilaum-2025-grun-pilgerausrustung\">Bei Holyart kaufen<\/a><\/strong><\/div>\r\n\t\t<\/div>\r\n\t\t<div class=\"sp-slide\">\r\n\t\t\t<img loading=\"lazy\" decoding=\"async\" class=\"sp-image\" src=\"https:\/\/blog.holyart.it\/de\/wp-content\/uploads\/sites\/12\/2024\/05\/Silikonarmbaender-zum-Jubilaeum-2025-4-teiliges-Set-Pilgerausruestung-2.jpg\" alt=\"Silikonarmb\u00e4nder zum Jubil\u00e4um 2025, 4-teiliges Set, Pilgerausr\u00fcstung\" width=\"500\" height=\"500\" \/>\r\n\t\t\t<div class=\"sp-thumbnail\"><a class=\"\" href=\"https:\/\/www.holyart.de\/jubilaum-2025-pilger-der-hoffnung\/pilger-set-und-gadgets-zum-jubilaum-2025\/silikonarmbander-zum-jubilaum-2025-4-teiliges-set-pilgerausrustung\">\r\n\t\t\t\t<img decoding=\"async\" src=\"https:\/\/blog.holyart.it\/de\/wp-content\/uploads\/sites\/12\/2024\/05\/Silikonarmbaender-zum-Jubilaeum-2025-4-teiliges-Set-Pilgerausruestung-1.jpg\" alt=\"Silikonarmb\u00e4nder zum Jubil\u00e4um 2025, 4-teiliges Set, Pilgerausr\u00fcstung\" \/>\r\n\t\t\t<\/a>\r\n\t\t\t<\/div>\r\n\t\t\t<div class=\"sp-caption\">Silikonarmb\u00e4nder zum Jubil\u00e4um 2025, 4-teiliges Set, Pilgerausr\u00fcstung <\/br><strong><a href=\"https:\/\/www.holyart.de\/jubilaum-2025-pilger-der-hoffnung\/pilger-set-und-gadgets-zum-jubilaum-2025\/silikonarmbander-zum-jubilaum-2025-4-teiliges-set-pilgerausrustung\">Bei Holyart kaufen<\/a><\/strong><\/div>\r\n\t\t<\/div>\r\n\t<\/div>\r\n<\/div>\n<h2>Gegenst\u00e4nde, die im Rucksack eines Pilgers nicht fehlen d\u00fcrfen<\/h2>\n<h3>Dokumente und Geld<\/h3>\n<p>Beginnen wir mit den Grundlagen: Dokumente und Geld. Vergewissern Sie sich, dass Sie einen <strong>Personalausweis<\/strong> oder <strong>Reisepass<\/strong> dabeihaben, der nat\u00fcrlich nicht abgelaufen sein darf, und auch die <strong>Europ\u00e4ische Krankenversicherungskarte<\/strong>, wenn Sie innerhalb der EU reisen werden. Von diesen Dokumenten sollten Sie sich auch eine Kopie besorgen, die Sie vielleicht in einer anderen Tasche aufbewahren, nur f\u00fcr den Fall!<\/p>\n<p><strong>Bargeld und Kredit-\/Debitkarten<\/strong> sollten an einem sicheren Ort aufbewahrt werden, wo sie leicht zug\u00e4nglich sind, aber nur f\u00fcr Sie! Es kann n\u00fctzlich sein, <strong>Karten von der Strecke<\/strong> zu haben, die Sie zur\u00fccklegen wollen. Papierkarten sind immer gut, aber wenn Sie Platz sparen wollen, k\u00f6nnen Sie sich f\u00fcr digitale Karten entscheiden, wie zum Beispiel die praktische handliche <a href=\"https:\/\/www.turismoroma.it\/sites\/default\/files\/MappaTurismoRoma_2024.pdf\"><strong>Karte von Rom, die Sie im PDF herunterladen k\u00f6nnen<\/strong><\/a>.<\/p>\n<p>Ebenfalls von grundlegender Bedeutung ist der <a href=\"https:\/\/www.holyart.de\/blog\/devotionalien\/der-pilgerausweis-wie-man-sich-fuer-die-jubilaeumsveranstaltungen-organisiert\/\"><strong>Pilgerausweis<\/strong><\/a>, der Ihnen Zugang zu Erm\u00e4\u00dfigungen und vorteilhaften Angeboten sowohl in Restaurants und \u00dcbernachtungsm\u00f6glichkeiten als auch in den angeschlossenen Verkehrsmitteln verschafft. Besorgen Sie ihn rechtzeitig.<\/p>\n<div class=\"link-article\">\n<p><img loading=\"lazy\" decoding=\"async\" class=\"size-full wp-image-4088 alignleft\" src=\"https:\/\/blog.holyart.it\/de\/wp-content\/uploads\/sites\/12\/2024\/05\/Pilgerausweis.jpg\" alt=\"Pilgerausweis\" width=\"150\" height=\"99\" data-kale-share-title=\"Was man auf eine Pilgerreise mitnimmt: den Rucksack organisieren!\" data-kale-share-url=\"https:\/\/blog.holyart.it\/de\/?p=4084\" \/><\/p>\n<div class=\"leggi-anche\">Lesen Sie auch:<\/div>\n<p><strong><a href=\"https:\/\/www.holyart.de\/blog\/devotionalien\/der-pilgerausweis-wie-man-sich-fuer-die-jubilaeumsveranstaltungen-organisiert\/\">Der Pilgerausweis: Wie man sich f\u00fcr die Jubil\u00e4umsveranstaltungen organisiert<\/a><\/strong><br \/>\nDer Pilgerausweis ist ein wertvolles und unverzichtbares Dokument f\u00fcr&#8230;<\/p>\n<\/div>\n<h3>Geeignete Kleidung<\/h3>\n<p>Je nachdem, ob Sie sich f\u00fcr eine Reise im Sommer oder im Winter entscheiden, \u00e4ndert sich auch die Wahl der Kleidung, die Sie tragen sollten. F\u00fcr den Sommer empfiehlt sich <strong>leichte, atmungsaktive Kleidung<\/strong>, vielleicht mit Motiven, wie die sch\u00f6nen <strong>Jubil\u00e4ums-T-Shirts<\/strong>, <a href=\"https:\/\/www.holyart.de\/jubilaum-2025-pilger-der-hoffnung\/pilger-set-und-gadgets-zum-jubilaum-2025\/t-shirt-zum-jubilaum-2025-blau-mit-gedrucktem-logo-pilgerausrustung\"><strong>kurz<\/strong><\/a>&#8211; <a href=\"https:\/\/www.holyart.de\/jubilaum-2025-pilger-der-hoffnung\/pilger-set-und-gadgets-zum-jubilaum-2025\/hoodie-zum-jubilaum-2025-weiss-mit-leicht-erhabenen-druck-und-irisierendem-effekt\"><strong>oder lang\u00e4rmelige Sweatshirts<\/strong><\/a>. Wenn Sie dagegen im Winter oder in besonders kalten Gegenden unterwegs sind, sollten Sie <strong>Thermokleidung<\/strong> und mehrlagige Kleidung w\u00e4hlen.<\/p>\n<div class=\"link-product\">\n<div class=\"blocco-immagine\"><img loading=\"lazy\" decoding=\"async\" class=\"size-full wp-image-4089 alignleft\" src=\"https:\/\/blog.holyart.it\/de\/wp-content\/uploads\/sites\/12\/2024\/05\/Hoodie-zum-Jubilaeum-2025-weiss-mit-leicht-erhabenen-Druck-und-irisierendem-Effekt.jpg\" alt=\"Hoodie zum Jubil\u00e4um 2025, wei\u00df, mit leicht erhabenen Druck und irisierendem Effekt\" width=\"100\" height=\"100\" data-kale-share-title=\"Was man auf eine Pilgerreise mitnimmt: den Rucksack organisieren!\" data-kale-share-url=\"https:\/\/blog.holyart.it\/de\/?p=4084\" \/><\/div>\n<div class=\"blocco-contenuto\">\n<div class=\"blocco-acquista\">Einkaufen:<\/div>\n<div class=\"blocco-titolo\"><a href=\"https:\/\/www.holyart.de\/jubilaum-2025-pilger-der-hoffnung\/pilger-set-und-gadgets-zum-jubilaum-2025\/hoodie-zum-jubilaum-2025-weiss-mit-leicht-erhabenen-druck-und-irisierendem-effekt\">Hoodie zum Jubil\u00e4um 2025, wei\u00df, mit leicht erhabenen Druck und irisierendem Effekt<\/a><\/div>\n<div class=\"blocco-descrizione\">Das wei\u00dfe Sweatshirt hat eine Bauchtasche, Kapuze und lange \u00c4rmel.<\/div>\n<\/div>\n<\/div>\n<p>Was die im offiziellen Jubil\u00e4umsrucksack enthaltene Pilgerausr\u00fcstung betrifft, so haben wir bereits den <strong>Hut<\/strong> oder die <strong>M\u00fctze<\/strong> zum Schutz vor der Sonne und den unverzichtbaren <a href=\"https:\/\/www.holyart.de\/jubilaum-2025-pilger-der-hoffnung\/pilger-set-und-gadgets-zum-jubilaum-2025\/regen-poncho-zum-jubilaum-2025-pilger-kit\"><strong>K-way oder Poncho<\/strong><\/a> f\u00fcr den Regen erw\u00e4hnt, der biologisch abbaubar ist und in einer kompakten, platzsparenden Tasche verpackt ist.<\/p>\n<div class=\"link-product\">\n<div class=\"blocco-immagine\"><img loading=\"lazy\" decoding=\"async\" class=\"size-full wp-image-4092 alignleft\" src=\"https:\/\/blog.holyart.it\/de\/wp-content\/uploads\/sites\/12\/2024\/06\/Regen-Poncho-zum-Jubilaeum-2025-Pilger-Kit.jpg\" alt=\"Regen-Poncho zum Jubil\u00e4um 2025, Pilger-Kit\" width=\"100\" height=\"100\" data-kale-share-title=\"Was man auf eine Pilgerreise mitnimmt: den Rucksack organisieren!\" data-kale-share-url=\"https:\/\/blog.holyart.it\/de\/?p=4084\" \/><\/div>\n<div class=\"blocco-contenuto\">\n<div class=\"blocco-acquista\">Einkaufen:<\/div>\n<div class=\"blocco-titolo\"><a href=\"https:\/\/www.holyart.de\/jubilaum-2025-pilger-der-hoffnung\/pilger-set-und-gadgets-zum-jubilaum-2025\/regen-poncho-zum-jubilaum-2025-pilger-kit\">Regen-Poncho zum Jubil\u00e4um 2025, Pilger-Kit<\/a><\/div>\n<div class=\"blocco-descrizione\">Biologisch abbaubarer Regen-Poncho, praktisch verpackt in einer platzsparenden Kompakttasche.<\/div>\n<\/div>\n<\/div>\n<p>Die <strong>Schuhe<\/strong> sind eines der wichtigsten Elemente f\u00fcr diejenigen, die eine lange Wanderung vor sich haben. Sie sollten bequem, f\u00fcr lange Wanderungen geeignet und wasserdicht sein. Denken Sie an ein Paar Sandalen oder Flip-Flops, damit Ihre F\u00fc\u00dfe atmen k\u00f6nnen, wenn Sie sich ausruhen.<\/p>\n<h3>Zubeh\u00f6r f\u00fcr die pers\u00f6nliche Hygiene<\/h3>\n<p>Auch die pers\u00f6nliche Hygiene ist bei einer solchen Reise von entscheidender Bedeutung, ebenso wie die Erhaltung der eigenen Gesundheit und Kondition. Neben dem Notwendigsten zum Waschen, wie der klassischen <strong>Zahnb\u00fcrste<\/strong> und <strong>Zahnpasta<\/strong>, <strong>Seife<\/strong> und <strong>Shampoo<\/strong> in Reisegr\u00f6\u00dfe und mindestens ein paar <strong>Mikrofaserhandt\u00fcchern<\/strong>, ist es ratsam, eine <strong>Reiseapotheke<\/strong> mit Pflastern, Desinfektionsmitteln und Basismedikamenten, einem wirksamen Mittel gegen Durchfall, Entz\u00fcndungshemmern und vielleicht einem Naturprodukt zur sofortigen Linderung von m\u00fcden F\u00fc\u00dfen und Beinen angesichts der langen Fu\u00dfm\u00e4rsche, die uns bevorstehen, mitzunehmen. Zum Beispiel die <a href=\"https:\/\/www.holyart.de\/klosterprodukte\/kosmetika-und-atherische-ole\/lindernde-pflegeprodukte\/menthol-creme-100-ml\"><strong>Menthol-Creme der M\u00f6nche von Camaldoli<\/strong><\/a>, eine Massagecreme zur Behandlung m\u00fcder und verkrampfter Muskeln. Dank ihrer einzigartigen Rezeptur, die Menthol und nat\u00fcrliche Essenzen kombiniert, entspannt sie die glatten Muskeln, lindert Kontrakturen, hilft bei rheumatischen Schmerzen, f\u00f6rdert die Muskelentspannung, strafft und erfrischt die Haut. All diese Eigenschaften machen es besonders geeignet f\u00fcr Sportler und f\u00fcr diejenigen, die wie die Pilger intensive k\u00f6rperliche Aktivit\u00e4ten aus\u00fcben.<\/p>\n<div class=\"link-product\">\n<div class=\"blocco-immagine\"><img loading=\"lazy\" decoding=\"async\" class=\"size-full wp-image-4093 alignleft\" src=\"https:\/\/blog.holyart.it\/de\/wp-content\/uploads\/sites\/12\/2024\/06\/Menthol-Creme-100-ml.jpg\" alt=\"Menthol-Creme (100 ml)\" width=\"100\" height=\"100\" data-kale-share-title=\"Was man auf eine Pilgerreise mitnimmt: den Rucksack organisieren!\" data-kale-share-url=\"https:\/\/blog.holyart.it\/de\/?p=4084\" \/><\/div>\n<div class=\"blocco-contenuto\">\n<div class=\"blocco-acquista\">Einkaufen:<\/div>\n<div class=\"blocco-titolo\"><a href=\"https:\/\/www.holyart.de\/klosterprodukte\/kosmetika-und-atherische-ole\/lindernde-pflegeprodukte\/menthol-creme-100-ml\">Menthol-Creme (100 ml)<\/a><\/div>\n<div class=\"blocco-descrizione\">Das Menthol und die nat\u00fcrlichen Essenzen entspannen m\u00fcde Muskeln.<\/div>\n<\/div>\n<\/div>\n<h3>Technologie und Kommunikation<\/h3>\n<p>Niemand geht auf eine Pilgerreise, um an einem Smartphone zu h\u00e4ngen, geschweige denn, um am Computer zu arbeiten oder ein Tablet zu benutzen. Aber Technologie kann helfen, und es ist wichtig, mit denen, die zu Hause bleiben, in Kontakt zu bleiben. Beschr\u00e4nken wir also die elektronischen Ger\u00e4te auf ein Minimum, aber stellen wir sicher, dass wir sie bei uns haben, aufgeladen und funktionsf\u00e4hig. Zu diesem Zweck ist es sinnvoll, neben dem <strong>Mobiltelefon<\/strong> <strong>mit Ladeger\u00e4t<\/strong> und dem Laptop (falls vorhanden) eine <strong>Powerbank<\/strong> mitzunehmen, damit uns vor allem in abgelegenen Gegenden nie der Strom ausgeht, und einen <strong>Netzadapter<\/strong>, wenn wir in L\u00e4nder reisen, die andere Steckdosen haben als wir selbst.<\/p>\n<h3>Sonstiges n\u00fctzliches Zubeh\u00f6r<\/h3>\n<ul>\n<li>Sonnenbrille und Sonnenschutzmittel<\/li>\n<li>Handschuhe und Schal (f\u00fcr kaltes Wetter)<\/li>\n<li>Taschenlampe<\/li>\n<li><a href=\"https:\/\/www.holyart.de\/jubilaum-2025-pilger-der-hoffnung\/pilger-set-und-gadgets-zum-jubilaum-2025\/trinkflasche-aus-aluminium-zum-jubilaum-2025-blau-pilgerausrustung\">Wiederverwendbare Wasserflasche<\/a><\/li>\n<\/ul>\n<div class=\"link-product\">\n<div class=\"blocco-immagine\"><img loading=\"lazy\" decoding=\"async\" class=\"size-full wp-image-4094 alignleft\" src=\"https:\/\/blog.holyart.it\/de\/wp-content\/uploads\/sites\/12\/2024\/06\/Trinkflasche-aus-Aluminium-zum-Jubilaeum-2025-Blau-Pilgerausruestung.jpg\" alt=\"Trinkflasche aus Aluminium zum Jubil\u00e4um 2025, Blau, Pilgerausr\u00fcstung\" width=\"100\" height=\"100\" data-kale-share-title=\"Was man auf eine Pilgerreise mitnimmt: den Rucksack organisieren!\" data-kale-share-url=\"https:\/\/blog.holyart.it\/de\/?p=4084\" \/><\/div>\n<div class=\"blocco-contenuto\">\n<div class=\"blocco-acquista\">Einkaufen:<\/div>\n<div class=\"blocco-titolo\"><a href=\"https:\/\/www.holyart.de\/jubilaum-2025-pilger-der-hoffnung\/pilger-set-und-gadgets-zum-jubilaum-2025\/trinkflasche-aus-aluminium-zum-jubilaum-2025-blau-pilgerausrustung\">Trinkflasche aus Aluminium zum Jubil\u00e4um 2025, Blau, Pilgerausr\u00fcstung<\/a><\/div>\n<div class=\"blocco-descrizione\">Trinkflasche aus Aluminium zum Jubil\u00e4um 2025 &#8222;Pilger der Hoffnung&#8220;.<\/div>\n<\/div>\n<\/div>\n<h2>Gegenst\u00e4nde f\u00fcr bestimmte Reiseziele<\/h2>\n<p>Wenn wir <a href=\"https:\/\/www.holyart.de\/blog\/devotionalien\/5-pilgerorte-die-man-mindestens-einmal-im-leben-besuchen-sollte\/\"><strong>bestimmte Ziele<\/strong><\/a> ansteuern, kann es bei der Entscheidung, was wir auf eine Pilgerreise mitnehmen wollen, notwendig sein, unseren Rucksack, um bestimmte Gegenst\u00e4nde zu erg\u00e4nzen.<\/p>\n<p>F\u00fcr den <strong>Jakobsweg nach Santiago de Compostela<\/strong> kann aufgrund der vielen H\u00f6henunterschiede ein guter <strong>Wanderstock<\/strong> n\u00fctzlich sein, der hilft, das Gleichgewicht zu halten und Erm\u00fcdung zu vermeiden. F\u00fcr dieses Ziel ist der <strong>Pilgerausweis<\/strong>, ein Dokument, das bei der Ankunft ben\u00f6tigt wird, um Zugang zu den Herbergen zu erhalten und um die Compostela zu erhalten, ein Dokument, das die Teilnahme am Pilgerweg bescheinigt, unerl\u00e4sslich.<\/p>\n<p>Wenn man hingegen zu einer Pilgerreise nach <strong>Lourdes<\/strong> aufbricht, muss man ein <strong>Gef\u00e4\u00df<\/strong> mitnehmen, <strong>um das Wasser aus der wundert\u00e4tigen Quelle<\/strong> mit ihren thaumaturgischen Eigenschaften aufzufangen. Au\u00dferdem ist es angesichts der religi\u00f6sen Zeremonien, die dort h\u00e4ufig stattfinden, angebracht, sich bescheiden und <strong>angemessen zu kleiden<\/strong>.<\/p>\n<p>F\u00fcr eine Pilgerreise nach <strong>Medjugorje<\/strong> sind ein <strong>Rosenkranz<\/strong>, der bei den zahlreichen Feiern und Gebetstreffen zu Ehren der Muttergottes gebetet werden kann, und ein gutes Paar <strong>Wanderschuhe<\/strong> f\u00fcr den Aufstieg auf die H\u00fcgel der Erscheinungen und des Kreuzes sicherlich n\u00fctzlich.<\/p>\n<div class=\"link-article\">\n<p><img loading=\"lazy\" decoding=\"async\" class=\"size-full wp-image-4095 alignleft\" src=\"https:\/\/blog.holyart.it\/de\/wp-content\/uploads\/sites\/12\/2024\/06\/5-Pilgerorte-die-man-mindestens-einmal-im-Leben-besuchen-sollte.jpeg\" alt=\"5 Pilgerorte die man mindestens einmal im Leben besuchen sollte\" width=\"150\" height=\"99\" data-kale-share-title=\"Was man auf eine Pilgerreise mitnimmt: den Rucksack organisieren!\" data-kale-share-url=\"https:\/\/blog.holyart.it\/de\/?p=4084\" \/><\/p>\n<div class=\"leggi-anche\">Lesen Sie auch:<\/div>\n<p><strong><a href=\"https:\/\/www.holyart.de\/blog\/devotionalien\/5-pilgerorte-die-man-mindestens-einmal-im-leben-besuchen-sollte\/\">5 Pilgerorte, die man mindestens einmal im Leben besuchen sollte<\/a><\/strong><br \/>\nGottes Handeln auf dieser Erde hinterl\u00e4sst eine starke Spur, die uns&#8230;<\/p>\n<\/div>\n","protected":false},"excerpt":{"rendered":"<p>Die Vorbereitung auf eine Pilgerreise ist eine aufregende und spirituell bereichernde Erfahrung. Um einen reibungslosen Ablauf der Reise zu gew\u00e4hrleisten, ist es wichtig, sorgf\u00e4ltig zu planen, was man auf die Pilgerreise mitnimmt und wie man seinen Rucksack organisiert Eine Pilgerreise ist eine spirituelle Reise, die&hellip;<\/p>\n","protected":false},"author":1,"featured_media":4091,"comment_status":"closed","ping_status":"open","sticky":false,"template":"","format":"standard","meta":{"_acf_changed":false,"footnotes":""},"categories":[17],"tags":[],"class_list":["post-4084","post","type-post","status-publish","format-standard","has-post-thumbnail","hentry","category-jubilaeum-2025"],"acf":[],"yoast_head":"<!-- This site is optimized with the Yoast SEO plugin v26.6 - https:\/\/yoast.com\/wordpress\/plugins\/seo\/ -->\n<title>Was man auf eine Pilgerreise mitnimmt: den Rucksack organisieren! - Holyart.de Blog<\/title>\n<meta name=\"description\" content=\"Ob Sie am Jubil\u00e4um 2025 teilnehmen, den Jakobsweg gehen, Lourdes oder Medjugorje besuchen, hier finden Sie, was Sie auf Ihre Pilgerreise mitnehmen sollten.\" \/>\n<meta name=\"robots\" content=\"index, follow, max-snippet:-1, max-image-preview:large, max-video-preview:-1\" \/>\n<link rel=\"canonical\" href=\"https:\/\/blog.holyart.it\/de\/jubilaeum-2025\/was-man-auf-eine-pilgerreise-mitnimmt-den-rucksack-organisieren\/\" \/>\n<meta property=\"og:locale\" content=\"de_DE\" \/>\n<meta property=\"og:type\" content=\"article\" \/>\n<meta property=\"og:title\" content=\"Was man auf eine Pilgerreise mitnimmt: den Rucksack organisieren! - Holyart.de Blog\" \/>\n<meta property=\"og:description\" content=\"Ob Sie am Jubil\u00e4um 2025 teilnehmen, den Jakobsweg gehen, Lourdes oder Medjugorje besuchen, hier finden Sie, was Sie auf Ihre Pilgerreise mitnehmen sollten.\" \/>\n<meta property=\"og:url\" content=\"https:\/\/blog.holyart.it\/de\/jubilaeum-2025\/was-man-auf-eine-pilgerreise-mitnimmt-den-rucksack-organisieren\/\" \/>\n<meta property=\"og:site_name\" content=\"Holyart.de Blog\" \/>\n<meta property=\"article:published_time\" content=\"2024-06-03T08:00:12+00:00\" \/>\n<meta property=\"article:modified_time\" content=\"2024-06-27T12:08:40+00:00\" \/>\n<meta property=\"og:image\" content=\"https:\/\/blog.holyart.it\/de\/wp-content\/uploads\/sites\/12\/2024\/05\/Organisation-des-Pilgerrucksacks.jpg\" \/>\n\t<meta property=\"og:image:width\" content=\"1000\" \/>\n\t<meta property=\"og:image:height\" content=\"666\" \/>\n\t<meta property=\"og:image:type\" content=\"image\/jpeg\" \/>\n<meta name=\"author\" content=\"Redazione\" \/>\n<meta name=\"twitter:card\" content=\"summary_large_image\" \/>\n<meta name=\"twitter:label1\" content=\"Verfasst von\" \/>\n\t<meta name=\"twitter:data1\" content=\"Redazione\" \/>\n\t<meta name=\"twitter:label2\" content=\"Gesch\u00e4tzte Lesezeit\" \/>\n\t<meta name=\"twitter:data2\" content=\"11\u00a0Minuten\" \/>\n<script type=\"application\/ld+json\" class=\"yoast-schema-graph\">{\"@context\":\"https:\/\/schema.org\",\"@graph\":[{\"@type\":\"Article\",\"@id\":\"https:\/\/blog.holyart.it\/de\/jubilaeum-2025\/was-man-auf-eine-pilgerreise-mitnimmt-den-rucksack-organisieren\/#article\",\"isPartOf\":{\"@id\":\"https:\/\/blog.holyart.it\/de\/jubilaeum-2025\/was-man-auf-eine-pilgerreise-mitnimmt-den-rucksack-organisieren\/\"},\"author\":{\"name\":\"Redazione\",\"@id\":\"https:\/\/blog.holyart.it\/de\/#\/schema\/person\/0a7b686e5af0f856ec1e390dd0baecda\"},\"headline\":\"Was man auf eine Pilgerreise mitnimmt: den Rucksack organisieren!\",\"datePublished\":\"2024-06-03T08:00:12+00:00\",\"dateModified\":\"2024-06-27T12:08:40+00:00\",\"mainEntityOfPage\":{\"@id\":\"https:\/\/blog.holyart.it\/de\/jubilaeum-2025\/was-man-auf-eine-pilgerreise-mitnimmt-den-rucksack-organisieren\/\"},\"wordCount\":1679,\"publisher\":{\"@id\":\"https:\/\/blog.holyart.it\/de\/#organization\"},\"image\":{\"@id\":\"https:\/\/blog.holyart.it\/de\/jubilaeum-2025\/was-man-auf-eine-pilgerreise-mitnimmt-den-rucksack-organisieren\/#primaryimage\"},\"thumbnailUrl\":\"https:\/\/blog.holyart.it\/de\/wp-content\/uploads\/sites\/12\/2024\/05\/Organisation-des-Pilgerrucksacks.jpg\",\"articleSection\":[\"Jubil\u00e4um 2025\"],\"inLanguage\":\"de\"},{\"@type\":\"WebPage\",\"@id\":\"https:\/\/blog.holyart.it\/de\/jubilaeum-2025\/was-man-auf-eine-pilgerreise-mitnimmt-den-rucksack-organisieren\/\",\"url\":\"https:\/\/blog.holyart.it\/de\/jubilaeum-2025\/was-man-auf-eine-pilgerreise-mitnimmt-den-rucksack-organisieren\/\",\"name\":\"Was man auf eine Pilgerreise mitnimmt: den Rucksack organisieren! - Holyart.de Blog\",\"isPartOf\":{\"@id\":\"https:\/\/blog.holyart.it\/de\/#website\"},\"primaryImageOfPage\":{\"@id\":\"https:\/\/blog.holyart.it\/de\/jubilaeum-2025\/was-man-auf-eine-pilgerreise-mitnimmt-den-rucksack-organisieren\/#primaryimage\"},\"image\":{\"@id\":\"https:\/\/blog.holyart.it\/de\/jubilaeum-2025\/was-man-auf-eine-pilgerreise-mitnimmt-den-rucksack-organisieren\/#primaryimage\"},\"thumbnailUrl\":\"https:\/\/blog.holyart.it\/de\/wp-content\/uploads\/sites\/12\/2024\/05\/Organisation-des-Pilgerrucksacks.jpg\",\"datePublished\":\"2024-06-03T08:00:12+00:00\",\"dateModified\":\"2024-06-27T12:08:40+00:00\",\"description\":\"Ob Sie am Jubil\u00e4um 2025 teilnehmen, den Jakobsweg gehen, Lourdes oder Medjugorje besuchen, hier finden Sie, was Sie auf Ihre Pilgerreise mitnehmen sollten.\",\"breadcrumb\":{\"@id\":\"https:\/\/blog.holyart.it\/de\/jubilaeum-2025\/was-man-auf-eine-pilgerreise-mitnimmt-den-rucksack-organisieren\/#breadcrumb\"},\"inLanguage\":\"de\",\"potentialAction\":[{\"@type\":\"ReadAction\",\"target\":[\"https:\/\/blog.holyart.it\/de\/jubilaeum-2025\/was-man-auf-eine-pilgerreise-mitnimmt-den-rucksack-organisieren\/\"]}]},{\"@type\":\"ImageObject\",\"inLanguage\":\"de\",\"@id\":\"https:\/\/blog.holyart.it\/de\/jubilaeum-2025\/was-man-auf-eine-pilgerreise-mitnimmt-den-rucksack-organisieren\/#primaryimage\",\"url\":\"https:\/\/blog.holyart.it\/de\/wp-content\/uploads\/sites\/12\/2024\/05\/Organisation-des-Pilgerrucksacks.jpg\",\"contentUrl\":\"https:\/\/blog.holyart.it\/de\/wp-content\/uploads\/sites\/12\/2024\/05\/Organisation-des-Pilgerrucksacks.jpg\",\"width\":1000,\"height\":666,\"caption\":\"Ob Sie am Jubil\u00e4um 2025 teilnehmen, den Jakobsweg gehen, Lourdes oder Medjugorje besuchen, hier finden Sie, was Sie auf Ihre Pilgerreise mitnehmen sollten.\"},{\"@type\":\"BreadcrumbList\",\"@id\":\"https:\/\/blog.holyart.it\/de\/jubilaeum-2025\/was-man-auf-eine-pilgerreise-mitnimmt-den-rucksack-organisieren\/#breadcrumb\",\"itemListElement\":[{\"@type\":\"ListItem\",\"position\":1,\"name\":\"Homepage\",\"item\":\"https:\/\/blog.holyart.it\/de\/\"},{\"@type\":\"ListItem\",\"position\":2,\"name\":\"Jubil\u00e4um 2025\",\"item\":\"https:\/\/blog.holyart.it\/de\/jubilaeum-2025\/\"},{\"@type\":\"ListItem\",\"position\":3,\"name\":\"Was man auf eine Pilgerreise mitnimmt: den Rucksack organisieren!\"}]},{\"@type\":\"WebSite\",\"@id\":\"https:\/\/blog.holyart.it\/de\/#website\",\"url\":\"https:\/\/blog.holyart.it\/de\/\",\"name\":\"Holyart.de Blog\",\"description\":\"Holyblog\",\"publisher\":{\"@id\":\"https:\/\/blog.holyart.it\/de\/#organization\"},\"potentialAction\":[{\"@type\":\"SearchAction\",\"target\":{\"@type\":\"EntryPoint\",\"urlTemplate\":\"https:\/\/blog.holyart.it\/de\/?s={search_term_string}\"},\"query-input\":{\"@type\":\"PropertyValueSpecification\",\"valueRequired\":true,\"valueName\":\"search_term_string\"}}],\"inLanguage\":\"de\"},{\"@type\":\"Organization\",\"@id\":\"https:\/\/blog.holyart.it\/de\/#organization\",\"name\":\"Holyart.de Blog\",\"url\":\"https:\/\/blog.holyart.it\/de\/\",\"logo\":{\"@type\":\"ImageObject\",\"inLanguage\":\"de\",\"@id\":\"https:\/\/blog.holyart.it\/de\/#\/schema\/logo\/image\/\",\"url\":\"https:\/\/blog.holyart.it\/de\/wp-content\/uploads\/sites\/12\/2022\/12\/Holyart_Blog_Logo.jpg\",\"contentUrl\":\"https:\/\/blog.holyart.it\/de\/wp-content\/uploads\/sites\/12\/2022\/12\/Holyart_Blog_Logo.jpg\",\"width\":300,\"height\":50,\"caption\":\"Holyart.de Blog\"},\"image\":{\"@id\":\"https:\/\/blog.holyart.it\/de\/#\/schema\/logo\/image\/\"}},{\"@type\":\"Person\",\"@id\":\"https:\/\/blog.holyart.it\/de\/#\/schema\/person\/0a7b686e5af0f856ec1e390dd0baecda\",\"name\":\"Redazione\",\"image\":{\"@type\":\"ImageObject\",\"inLanguage\":\"de\",\"@id\":\"https:\/\/blog.holyart.it\/de\/#\/schema\/person\/image\/\",\"url\":\"https:\/\/secure.gravatar.com\/avatar\/f477da817f43e50d0af36abecd33e3edf826c68299714bdc1057dff3b113f516?s=96&d=mm&r=g\",\"contentUrl\":\"https:\/\/secure.gravatar.com\/avatar\/f477da817f43e50d0af36abecd33e3edf826c68299714bdc1057dff3b113f516?s=96&d=mm&r=g\",\"caption\":\"Redazione\"}}]}<\/script>\n<!-- \/ Yoast SEO plugin. -->","yoast_head_json":{"title":"Was man auf eine Pilgerreise mitnimmt: den Rucksack organisieren! - Holyart.de Blog","description":"Ob Sie am Jubil\u00e4um 2025 teilnehmen, den Jakobsweg gehen, Lourdes oder Medjugorje besuchen, hier finden Sie, was Sie auf Ihre Pilgerreise mitnehmen sollten.","robots":{"index":"index","follow":"follow","max-snippet":"max-snippet:-1","max-image-preview":"max-image-preview:large","max-video-preview":"max-video-preview:-1"},"canonical":"https:\/\/blog.holyart.it\/de\/jubilaeum-2025\/was-man-auf-eine-pilgerreise-mitnimmt-den-rucksack-organisieren\/","og_locale":"de_DE","og_type":"article","og_title":"Was man auf eine Pilgerreise mitnimmt: den Rucksack organisieren! - Holyart.de Blog","og_description":"Ob Sie am Jubil\u00e4um 2025 teilnehmen, den Jakobsweg gehen, Lourdes oder Medjugorje besuchen, hier finden Sie, was Sie auf Ihre Pilgerreise mitnehmen sollten.","og_url":"https:\/\/blog.holyart.it\/de\/jubilaeum-2025\/was-man-auf-eine-pilgerreise-mitnimmt-den-rucksack-organisieren\/","og_site_name":"Holyart.de Blog","article_published_time":"2024-06-03T08:00:12+00:00","article_modified_time":"2024-06-27T12:08:40+00:00","og_image":[{"width":1000,"height":666,"url":"https:\/\/blog.holyart.it\/de\/wp-content\/uploads\/sites\/12\/2024\/05\/Organisation-des-Pilgerrucksacks.jpg","type":"image\/jpeg"}],"author":"Redazione","twitter_card":"summary_large_image","twitter_misc":{"Verfasst von":"Redazione","Gesch\u00e4tzte Lesezeit":"11\u00a0Minuten"},"schema":{"@context":"https:\/\/schema.org","@graph":[{"@type":"Article","@id":"https:\/\/blog.holyart.it\/de\/jubilaeum-2025\/was-man-auf-eine-pilgerreise-mitnimmt-den-rucksack-organisieren\/#article","isPartOf":{"@id":"https:\/\/blog.holyart.it\/de\/jubilaeum-2025\/was-man-auf-eine-pilgerreise-mitnimmt-den-rucksack-organisieren\/"},"author":{"name":"Redazione","@id":"https:\/\/blog.holyart.it\/de\/#\/schema\/person\/0a7b686e5af0f856ec1e390dd0baecda"},"headline":"Was man auf eine Pilgerreise mitnimmt: den Rucksack organisieren!","datePublished":"2024-06-03T08:00:12+00:00","dateModified":"2024-06-27T12:08:40+00:00","mainEntityOfPage":{"@id":"https:\/\/blog.holyart.it\/de\/jubilaeum-2025\/was-man-auf-eine-pilgerreise-mitnimmt-den-rucksack-organisieren\/"},"wordCount":1679,"publisher":{"@id":"https:\/\/blog.holyart.it\/de\/#organization"},"image":{"@id":"https:\/\/blog.holyart.it\/de\/jubilaeum-2025\/was-man-auf-eine-pilgerreise-mitnimmt-den-rucksack-organisieren\/#primaryimage"},"thumbnailUrl":"https:\/\/blog.holyart.it\/de\/wp-content\/uploads\/sites\/12\/2024\/05\/Organisation-des-Pilgerrucksacks.jpg","articleSection":["Jubil\u00e4um 2025"],"inLanguage":"de"},{"@type":"WebPage","@id":"https:\/\/blog.holyart.it\/de\/jubilaeum-2025\/was-man-auf-eine-pilgerreise-mitnimmt-den-rucksack-organisieren\/","url":"https:\/\/blog.holyart.it\/de\/jubilaeum-2025\/was-man-auf-eine-pilgerreise-mitnimmt-den-rucksack-organisieren\/","name":"Was man auf eine Pilgerreise mitnimmt: den Rucksack organisieren! - Holyart.de Blog","isPartOf":{"@id":"https:\/\/blog.holyart.it\/de\/#website"},"primaryImageOfPage":{"@id":"https:\/\/blog.holyart.it\/de\/jubilaeum-2025\/was-man-auf-eine-pilgerreise-mitnimmt-den-rucksack-organisieren\/#primaryimage"},"image":{"@id":"https:\/\/blog.holyart.it\/de\/jubilaeum-2025\/was-man-auf-eine-pilgerreise-mitnimmt-den-rucksack-organisieren\/#primaryimage"},"thumbnailUrl":"https:\/\/blog.holyart.it\/de\/wp-content\/uploads\/sites\/12\/2024\/05\/Organisation-des-Pilgerrucksacks.jpg","datePublished":"2024-06-03T08:00:12+00:00","dateModified":"2024-06-27T12:08:40+00:00","description":"Ob Sie am Jubil\u00e4um 2025 teilnehmen, den Jakobsweg gehen, Lourdes oder Medjugorje besuchen, hier finden Sie, was Sie auf Ihre Pilgerreise mitnehmen sollten.","breadcrumb":{"@id":"https:\/\/blog.holyart.it\/de\/jubilaeum-2025\/was-man-auf-eine-pilgerreise-mitnimmt-den-rucksack-organisieren\/#breadcrumb"},"inLanguage":"de","potentialAction":[{"@type":"ReadAction","target":["https:\/\/blog.holyart.it\/de\/jubilaeum-2025\/was-man-auf-eine-pilgerreise-mitnimmt-den-rucksack-organisieren\/"]}]},{"@type":"ImageObject","inLanguage":"de","@id":"https:\/\/blog.holyart.it\/de\/jubilaeum-2025\/was-man-auf-eine-pilgerreise-mitnimmt-den-rucksack-organisieren\/#primaryimage","url":"https:\/\/blog.holyart.it\/de\/wp-content\/uploads\/sites\/12\/2024\/05\/Organisation-des-Pilgerrucksacks.jpg","contentUrl":"https:\/\/blog.holyart.it\/de\/wp-content\/uploads\/sites\/12\/2024\/05\/Organisation-des-Pilgerrucksacks.jpg","width":1000,"height":666,"caption":"Ob Sie am Jubil\u00e4um 2025 teilnehmen, den Jakobsweg gehen, Lourdes oder Medjugorje besuchen, hier finden Sie, was Sie auf Ihre Pilgerreise mitnehmen sollten."},{"@type":"BreadcrumbList","@id":"https:\/\/blog.holyart.it\/de\/jubilaeum-2025\/was-man-auf-eine-pilgerreise-mitnimmt-den-rucksack-organisieren\/#breadcrumb","itemListElement":[{"@type":"ListItem","position":1,"name":"Homepage","item":"https:\/\/blog.holyart.it\/de\/"},{"@type":"ListItem","position":2,"name":"Jubil\u00e4um 2025","item":"https:\/\/blog.holyart.it\/de\/jubilaeum-2025\/"},{"@type":"ListItem","position":3,"name":"Was man auf eine Pilgerreise mitnimmt: den Rucksack organisieren!"}]},{"@type":"WebSite","@id":"https:\/\/blog.holyart.it\/de\/#website","url":"https:\/\/blog.holyart.it\/de\/","name":"Holyart.de Blog","description":"Holyblog","publisher":{"@id":"https:\/\/blog.holyart.it\/de\/#organization"},"potentialAction":[{"@type":"SearchAction","target":{"@type":"EntryPoint","urlTemplate":"https:\/\/blog.holyart.it\/de\/?s={search_term_string}"},"query-input":{"@type":"PropertyValueSpecification","valueRequired":true,"valueName":"search_term_string"}}],"inLanguage":"de"},{"@type":"Organization","@id":"https:\/\/blog.holyart.it\/de\/#organization","name":"Holyart.de Blog","url":"https:\/\/blog.holyart.it\/de\/","logo":{"@type":"ImageObject","inLanguage":"de","@id":"https:\/\/blog.holyart.it\/de\/#\/schema\/logo\/image\/","url":"https:\/\/blog.holyart.it\/de\/wp-content\/uploads\/sites\/12\/2022\/12\/Holyart_Blog_Logo.jpg","contentUrl":"https:\/\/blog.holyart.it\/de\/wp-content\/uploads\/sites\/12\/2022\/12\/Holyart_Blog_Logo.jpg","width":300,"height":50,"caption":"Holyart.de Blog"},"image":{"@id":"https:\/\/blog.holyart.it\/de\/#\/schema\/logo\/image\/"}},{"@type":"Person","@id":"https:\/\/blog.holyart.it\/de\/#\/schema\/person\/0a7b686e5af0f856ec1e390dd0baecda","name":"Redazione","image":{"@type":"ImageObject","inLanguage":"de","@id":"https:\/\/blog.holyart.it\/de\/#\/schema\/person\/image\/","url":"https:\/\/secure.gravatar.com\/avatar\/f477da817f43e50d0af36abecd33e3edf826c68299714bdc1057dff3b113f516?s=96&d=mm&r=g","contentUrl":"https:\/\/secure.gravatar.com\/avatar\/f477da817f43e50d0af36abecd33e3edf826c68299714bdc1057dff3b113f516?s=96&d=mm&r=g","caption":"Redazione"}}]}},"_links":{"self":[{"href":"https:\/\/blog.holyart.it\/de\/wp-json\/wp\/v2\/posts\/4084","targetHints":{"allow":["GET"]}}],"collection":[{"href":"https:\/\/blog.holyart.it\/de\/wp-json\/wp\/v2\/posts"}],"about":[{"href":"https:\/\/blog.holyart.it\/de\/wp-json\/wp\/v2\/types\/post"}],"author":[{"embeddable":true,"href":"https:\/\/blog.holyart.it\/de\/wp-json\/wp\/v2\/users\/1"}],"replies":[{"embeddable":true,"href":"https:\/\/blog.holyart.it\/de\/wp-json\/wp\/v2\/comments?post=4084"}],"version-history":[{"count":6,"href":"https:\/\/blog.holyart.it\/de\/wp-json\/wp\/v2\/posts\/4084\/revisions"}],"predecessor-version":[{"id":4111,"href":"https:\/\/blog.holyart.it\/de\/wp-json\/wp\/v2\/posts\/4084\/revisions\/4111"}],"wp:featuredmedia":[{"embeddable":true,"href":"https:\/\/blog.holyart.it\/de\/wp-json\/wp\/v2\/media\/4091"}],"wp:attachment":[{"href":"https:\/\/blog.holyart.it\/de\/wp-json\/wp\/v2\/media?parent=4084"}],"wp:term":[{"taxonomy":"category","embeddable":true,"href":"https:\/\/blog.holyart.it\/de\/wp-json\/wp\/v2\/categories?post=4084"},{"taxonomy":"post_tag","embeddable":true,"href":"https:\/\/blog.holyart.it\/de\/wp-json\/wp\/v2\/tags?post=4084"}],"curies":[{"name":"wp","href":"https:\/\/api.w.org\/{rel}","templated":true}]}}