{"id":407,"date":"2017-09-06T09:38:28","date_gmt":"2017-09-06T07:38:28","guid":{"rendered":"https:\/\/blog.holyart.it\/de\/?p=407"},"modified":"2025-02-05T12:36:44","modified_gmt":"2025-02-05T11:36:44","slug":"die-feierlichkeit-des-corpus-christi","status":"publish","type":"post","link":"https:\/\/blog.holyart.it\/de\/ostern\/die-feierlichkeit-des-corpus-christi\/","title":{"rendered":"Die Feierlichkeit des Corpus Christi"},"content":{"rendered":"<p>Die Feierlichkeit des Corpus Christi (&#8222;Leib Christi&#8220;) beendet die Feste, die nach <strong><span style=\"color: #0000ff;\"><a style=\"color: #0000ff;\" href=\"https:\/\/www.holyart.de\/besondere-anlassen\/ostern-und-fasten\">Ostern<\/a><\/span><\/strong> folgen. Es wird am Donnerstag nach der Feier der Heiligen Dreifaltigkeit gefeiert, obwohl es in vielen L\u00e4ndern am darauffolgenden Sonntag f\u00e4llt. Das fest des Corpus Christi feiert die wahre Anwesenheit Christi in der Eucharistie, also gegen die Theorie vom Berengario di Tours, der behauptete, dass diese Pr\u00e4senz nicht real, sondern nur symbolisch ist. Nach Jahrhunderten erinnert diese Feier an den Ursprung des Mysterium der Eucharistie: die Vision einer belgischen Mystik, Giuliana di Ret\u00ecne.<\/p>\n<p>In der Vision von Giuliana di Ret\u00ecne, war der Mond voll, wei\u00df und gl\u00e4nzend, mit einem schattigen Bereich. Die mystische Frau interpretierte diese Erscheinung als das Fehlen in der damaligen Kirche <strong>eines Fests, das die Eucharistie, f\u00fcr das, was sie wirklich ist<\/strong>, feiern konnte: die Inkarnation Christi ins Brot des letzten Abendmahl. Nachher fand das Wunder der Bolsena statt, das dieser \u00dcberzeugung Kredit verlieh: von einer gewidmeten Hostie fielen Blut-Tropfen, die das Leinenkorporale des Priester und ein paar Steine, die auf dem Altar lagen, befleckten. Nach diesem Wunder befehlte Papst Urban IV, Giulianas Freund und Vertraute, um die feierlichen Rituale des Corpus Christi offiziell und auf die gesamte Kirche auszudehnen.<\/p>\n<p>Das Korporale des Wunder von Bolsena ist immer noch ein sehr wichtiges Element f\u00fcr diese Feier. Jedes Jahr wird am Sonntag nach dem Fest des Corpus Christi in Prozession entlang der Stra\u00dfen von Orvieto gebracht.<\/p>\n<p>Die Feierlichkeit des Corpus Christi feiert die Beziehung zwischen Eucharistie und Kirche. Die Eucharistie repr\u00e4sentiert den Leib Christi, die Kirche wird als sein mystischer K\u00f6rper, der von der Eucharistie seinen Ursprung und seinen innerlichen Sinn nimmt.<\/p>\n<p>\u00dcberall wird die Feier des Corpus Christi mit Gedenken und Prozessionen gefeiert, in denen eine geweihte Hostie ausgestellt ist, um den Gl\u00e4ubigen ein Symbol von Jesus aus Fleisch und Blut zu geben, der sich f\u00fcr uns alle geopfert hat.<\/p>\n","protected":false},"excerpt":{"rendered":"<p>Die Feierlichkeit des Corpus Christi (&#8222;Leib Christi&#8220;) beendet die Feste, die nach Ostern folgen. Es wird am Donnerstag nach der Feier der Heiligen Dreifaltigkeit gefeiert, obwohl es in vielen L\u00e4ndern am darauffolgenden Sonntag f\u00e4llt. Das fest des Corpus Christi feiert die wahre Anwesenheit Christi in&hellip;<\/p>\n","protected":false},"author":1,"featured_media":412,"comment_status":"closed","ping_status":"open","sticky":false,"template":"","format":"standard","meta":{"_acf_changed":false,"footnotes":""},"categories":[5,18],"tags":[],"class_list":["post-407","post","type-post","status-publish","format-standard","has-post-thumbnail","hentry","category-liturgische-gerate","category-ostern"],"acf":[],"yoast_head":"<!-- This site is optimized with the Yoast SEO plugin v26.6 - https:\/\/yoast.com\/wordpress\/plugins\/seo\/ -->\n<title>Die Feierlichkeit des Corpus Christi - Holyblog<\/title>\n<meta name=\"description\" content=\"Die Feierlichkeit des Corpus Christi (&quot;Leib Christi&quot;) beendet die Feste, die nach Ostern folgen, nach der Feier der Heiligen Dreifaltigkeit.\" \/>\n<meta name=\"robots\" content=\"index, follow, max-snippet:-1, max-image-preview:large, max-video-preview:-1\" \/>\n<link rel=\"canonical\" href=\"https:\/\/blog.holyart.it\/de\/ostern\/die-feierlichkeit-des-corpus-christi\/\" \/>\n<meta property=\"og:locale\" content=\"de_DE\" \/>\n<meta property=\"og:type\" content=\"article\" \/>\n<meta property=\"og:title\" content=\"Die Feierlichkeit des Corpus Christi - Holyblog\" \/>\n<meta property=\"og:description\" content=\"Die Feierlichkeit des Corpus Christi (&quot;Leib Christi&quot;) beendet die Feste, die nach Ostern folgen, nach der Feier der Heiligen Dreifaltigkeit.\" \/>\n<meta property=\"og:url\" content=\"https:\/\/blog.holyart.it\/de\/ostern\/die-feierlichkeit-des-corpus-christi\/\" \/>\n<meta property=\"og:site_name\" content=\"Holyart.de Blog\" \/>\n<meta property=\"article:published_time\" content=\"2017-09-06T07:38:28+00:00\" \/>\n<meta property=\"article:modified_time\" content=\"2025-02-05T11:36:44+00:00\" \/>\n<meta property=\"og:image\" content=\"https:\/\/blog.holyart.it\/de\/wp-content\/uploads\/sites\/12\/2017\/06\/Die-Feierlichkeit-des-Corpus-Christi.jpg\" \/>\n\t<meta property=\"og:image:width\" content=\"1000\" \/>\n\t<meta property=\"og:image:height\" content=\"665\" \/>\n\t<meta property=\"og:image:type\" content=\"image\/jpeg\" \/>\n<meta name=\"author\" content=\"Redazione\" \/>\n<meta name=\"twitter:card\" content=\"summary_large_image\" \/>\n<meta name=\"twitter:label1\" content=\"Verfasst von\" \/>\n\t<meta name=\"twitter:data1\" content=\"Redazione\" \/>\n\t<meta name=\"twitter:label2\" content=\"Gesch\u00e4tzte Lesezeit\" \/>\n\t<meta name=\"twitter:data2\" content=\"2\u00a0Minuten\" \/>\n<script type=\"application\/ld+json\" class=\"yoast-schema-graph\">{\"@context\":\"https:\/\/schema.org\",\"@graph\":[{\"@type\":\"Article\",\"@id\":\"https:\/\/blog.holyart.it\/de\/ostern\/die-feierlichkeit-des-corpus-christi\/#article\",\"isPartOf\":{\"@id\":\"https:\/\/blog.holyart.it\/de\/ostern\/die-feierlichkeit-des-corpus-christi\/\"},\"author\":{\"name\":\"Redazione\",\"@id\":\"https:\/\/blog.holyart.it\/de\/#\/schema\/person\/0a7b686e5af0f856ec1e390dd0baecda\"},\"headline\":\"Die Feierlichkeit des Corpus Christi\",\"datePublished\":\"2017-09-06T07:38:28+00:00\",\"dateModified\":\"2025-02-05T11:36:44+00:00\",\"mainEntityOfPage\":{\"@id\":\"https:\/\/blog.holyart.it\/de\/ostern\/die-feierlichkeit-des-corpus-christi\/\"},\"wordCount\":324,\"publisher\":{\"@id\":\"https:\/\/blog.holyart.it\/de\/#organization\"},\"image\":{\"@id\":\"https:\/\/blog.holyart.it\/de\/ostern\/die-feierlichkeit-des-corpus-christi\/#primaryimage\"},\"thumbnailUrl\":\"https:\/\/blog.holyart.it\/de\/wp-content\/uploads\/sites\/12\/2017\/06\/Die-Feierlichkeit-des-Corpus-Christi.jpg\",\"articleSection\":[\"Liturgie\",\"Ostern\"],\"inLanguage\":\"de\"},{\"@type\":\"WebPage\",\"@id\":\"https:\/\/blog.holyart.it\/de\/ostern\/die-feierlichkeit-des-corpus-christi\/\",\"url\":\"https:\/\/blog.holyart.it\/de\/ostern\/die-feierlichkeit-des-corpus-christi\/\",\"name\":\"Die Feierlichkeit des Corpus Christi - Holyblog\",\"isPartOf\":{\"@id\":\"https:\/\/blog.holyart.it\/de\/#website\"},\"primaryImageOfPage\":{\"@id\":\"https:\/\/blog.holyart.it\/de\/ostern\/die-feierlichkeit-des-corpus-christi\/#primaryimage\"},\"image\":{\"@id\":\"https:\/\/blog.holyart.it\/de\/ostern\/die-feierlichkeit-des-corpus-christi\/#primaryimage\"},\"thumbnailUrl\":\"https:\/\/blog.holyart.it\/de\/wp-content\/uploads\/sites\/12\/2017\/06\/Die-Feierlichkeit-des-Corpus-Christi.jpg\",\"datePublished\":\"2017-09-06T07:38:28+00:00\",\"dateModified\":\"2025-02-05T11:36:44+00:00\",\"description\":\"Die Feierlichkeit des Corpus Christi (\\\"Leib Christi\\\") beendet die Feste, die nach Ostern folgen, nach der Feier der Heiligen Dreifaltigkeit.\",\"breadcrumb\":{\"@id\":\"https:\/\/blog.holyart.it\/de\/ostern\/die-feierlichkeit-des-corpus-christi\/#breadcrumb\"},\"inLanguage\":\"de\",\"potentialAction\":[{\"@type\":\"ReadAction\",\"target\":[\"https:\/\/blog.holyart.it\/de\/ostern\/die-feierlichkeit-des-corpus-christi\/\"]}]},{\"@type\":\"ImageObject\",\"inLanguage\":\"de\",\"@id\":\"https:\/\/blog.holyart.it\/de\/ostern\/die-feierlichkeit-des-corpus-christi\/#primaryimage\",\"url\":\"https:\/\/blog.holyart.it\/de\/wp-content\/uploads\/sites\/12\/2017\/06\/Die-Feierlichkeit-des-Corpus-Christi.jpg\",\"contentUrl\":\"https:\/\/blog.holyart.it\/de\/wp-content\/uploads\/sites\/12\/2017\/06\/Die-Feierlichkeit-des-Corpus-Christi.jpg\",\"width\":1000,\"height\":665,\"caption\":\"Leib Christi\"},{\"@type\":\"BreadcrumbList\",\"@id\":\"https:\/\/blog.holyart.it\/de\/ostern\/die-feierlichkeit-des-corpus-christi\/#breadcrumb\",\"itemListElement\":[{\"@type\":\"ListItem\",\"position\":1,\"name\":\"Homepage\",\"item\":\"https:\/\/blog.holyart.it\/de\/\"},{\"@type\":\"ListItem\",\"position\":2,\"name\":\"Ostern\",\"item\":\"https:\/\/blog.holyart.it\/de\/ostern\/\"},{\"@type\":\"ListItem\",\"position\":3,\"name\":\"Die Feierlichkeit des Corpus Christi\"}]},{\"@type\":\"WebSite\",\"@id\":\"https:\/\/blog.holyart.it\/de\/#website\",\"url\":\"https:\/\/blog.holyart.it\/de\/\",\"name\":\"Holyart.de Blog\",\"description\":\"Holyblog\",\"publisher\":{\"@id\":\"https:\/\/blog.holyart.it\/de\/#organization\"},\"potentialAction\":[{\"@type\":\"SearchAction\",\"target\":{\"@type\":\"EntryPoint\",\"urlTemplate\":\"https:\/\/blog.holyart.it\/de\/?s={search_term_string}\"},\"query-input\":{\"@type\":\"PropertyValueSpecification\",\"valueRequired\":true,\"valueName\":\"search_term_string\"}}],\"inLanguage\":\"de\"},{\"@type\":\"Organization\",\"@id\":\"https:\/\/blog.holyart.it\/de\/#organization\",\"name\":\"Holyart.de Blog\",\"url\":\"https:\/\/blog.holyart.it\/de\/\",\"logo\":{\"@type\":\"ImageObject\",\"inLanguage\":\"de\",\"@id\":\"https:\/\/blog.holyart.it\/de\/#\/schema\/logo\/image\/\",\"url\":\"https:\/\/blog.holyart.it\/de\/wp-content\/uploads\/sites\/12\/2022\/12\/Holyart_Blog_Logo.jpg\",\"contentUrl\":\"https:\/\/blog.holyart.it\/de\/wp-content\/uploads\/sites\/12\/2022\/12\/Holyart_Blog_Logo.jpg\",\"width\":300,\"height\":50,\"caption\":\"Holyart.de Blog\"},\"image\":{\"@id\":\"https:\/\/blog.holyart.it\/de\/#\/schema\/logo\/image\/\"}},{\"@type\":\"Person\",\"@id\":\"https:\/\/blog.holyart.it\/de\/#\/schema\/person\/0a7b686e5af0f856ec1e390dd0baecda\",\"name\":\"Redazione\",\"image\":{\"@type\":\"ImageObject\",\"inLanguage\":\"de\",\"@id\":\"https:\/\/blog.holyart.it\/de\/#\/schema\/person\/image\/\",\"url\":\"https:\/\/secure.gravatar.com\/avatar\/f477da817f43e50d0af36abecd33e3edf826c68299714bdc1057dff3b113f516?s=96&d=mm&r=g\",\"contentUrl\":\"https:\/\/secure.gravatar.com\/avatar\/f477da817f43e50d0af36abecd33e3edf826c68299714bdc1057dff3b113f516?s=96&d=mm&r=g\",\"caption\":\"Redazione\"}}]}<\/script>\n<!-- \/ Yoast SEO plugin. -->","yoast_head_json":{"title":"Die Feierlichkeit des Corpus Christi - Holyblog","description":"Die Feierlichkeit des Corpus Christi (\"Leib Christi\") beendet die Feste, die nach Ostern folgen, nach der Feier der Heiligen Dreifaltigkeit.","robots":{"index":"index","follow":"follow","max-snippet":"max-snippet:-1","max-image-preview":"max-image-preview:large","max-video-preview":"max-video-preview:-1"},"canonical":"https:\/\/blog.holyart.it\/de\/ostern\/die-feierlichkeit-des-corpus-christi\/","og_locale":"de_DE","og_type":"article","og_title":"Die Feierlichkeit des Corpus Christi - Holyblog","og_description":"Die Feierlichkeit des Corpus Christi (\"Leib Christi\") beendet die Feste, die nach Ostern folgen, nach der Feier der Heiligen Dreifaltigkeit.","og_url":"https:\/\/blog.holyart.it\/de\/ostern\/die-feierlichkeit-des-corpus-christi\/","og_site_name":"Holyart.de Blog","article_published_time":"2017-09-06T07:38:28+00:00","article_modified_time":"2025-02-05T11:36:44+00:00","og_image":[{"width":1000,"height":665,"url":"https:\/\/blog.holyart.it\/de\/wp-content\/uploads\/sites\/12\/2017\/06\/Die-Feierlichkeit-des-Corpus-Christi.jpg","type":"image\/jpeg"}],"author":"Redazione","twitter_card":"summary_large_image","twitter_misc":{"Verfasst von":"Redazione","Gesch\u00e4tzte Lesezeit":"2\u00a0Minuten"},"schema":{"@context":"https:\/\/schema.org","@graph":[{"@type":"Article","@id":"https:\/\/blog.holyart.it\/de\/ostern\/die-feierlichkeit-des-corpus-christi\/#article","isPartOf":{"@id":"https:\/\/blog.holyart.it\/de\/ostern\/die-feierlichkeit-des-corpus-christi\/"},"author":{"name":"Redazione","@id":"https:\/\/blog.holyart.it\/de\/#\/schema\/person\/0a7b686e5af0f856ec1e390dd0baecda"},"headline":"Die Feierlichkeit des Corpus Christi","datePublished":"2017-09-06T07:38:28+00:00","dateModified":"2025-02-05T11:36:44+00:00","mainEntityOfPage":{"@id":"https:\/\/blog.holyart.it\/de\/ostern\/die-feierlichkeit-des-corpus-christi\/"},"wordCount":324,"publisher":{"@id":"https:\/\/blog.holyart.it\/de\/#organization"},"image":{"@id":"https:\/\/blog.holyart.it\/de\/ostern\/die-feierlichkeit-des-corpus-christi\/#primaryimage"},"thumbnailUrl":"https:\/\/blog.holyart.it\/de\/wp-content\/uploads\/sites\/12\/2017\/06\/Die-Feierlichkeit-des-Corpus-Christi.jpg","articleSection":["Liturgie","Ostern"],"inLanguage":"de"},{"@type":"WebPage","@id":"https:\/\/blog.holyart.it\/de\/ostern\/die-feierlichkeit-des-corpus-christi\/","url":"https:\/\/blog.holyart.it\/de\/ostern\/die-feierlichkeit-des-corpus-christi\/","name":"Die Feierlichkeit des Corpus Christi - Holyblog","isPartOf":{"@id":"https:\/\/blog.holyart.it\/de\/#website"},"primaryImageOfPage":{"@id":"https:\/\/blog.holyart.it\/de\/ostern\/die-feierlichkeit-des-corpus-christi\/#primaryimage"},"image":{"@id":"https:\/\/blog.holyart.it\/de\/ostern\/die-feierlichkeit-des-corpus-christi\/#primaryimage"},"thumbnailUrl":"https:\/\/blog.holyart.it\/de\/wp-content\/uploads\/sites\/12\/2017\/06\/Die-Feierlichkeit-des-Corpus-Christi.jpg","datePublished":"2017-09-06T07:38:28+00:00","dateModified":"2025-02-05T11:36:44+00:00","description":"Die Feierlichkeit des Corpus Christi (\"Leib Christi\") beendet die Feste, die nach Ostern folgen, nach der Feier der Heiligen Dreifaltigkeit.","breadcrumb":{"@id":"https:\/\/blog.holyart.it\/de\/ostern\/die-feierlichkeit-des-corpus-christi\/#breadcrumb"},"inLanguage":"de","potentialAction":[{"@type":"ReadAction","target":["https:\/\/blog.holyart.it\/de\/ostern\/die-feierlichkeit-des-corpus-christi\/"]}]},{"@type":"ImageObject","inLanguage":"de","@id":"https:\/\/blog.holyart.it\/de\/ostern\/die-feierlichkeit-des-corpus-christi\/#primaryimage","url":"https:\/\/blog.holyart.it\/de\/wp-content\/uploads\/sites\/12\/2017\/06\/Die-Feierlichkeit-des-Corpus-Christi.jpg","contentUrl":"https:\/\/blog.holyart.it\/de\/wp-content\/uploads\/sites\/12\/2017\/06\/Die-Feierlichkeit-des-Corpus-Christi.jpg","width":1000,"height":665,"caption":"Leib Christi"},{"@type":"BreadcrumbList","@id":"https:\/\/blog.holyart.it\/de\/ostern\/die-feierlichkeit-des-corpus-christi\/#breadcrumb","itemListElement":[{"@type":"ListItem","position":1,"name":"Homepage","item":"https:\/\/blog.holyart.it\/de\/"},{"@type":"ListItem","position":2,"name":"Ostern","item":"https:\/\/blog.holyart.it\/de\/ostern\/"},{"@type":"ListItem","position":3,"name":"Die Feierlichkeit des Corpus Christi"}]},{"@type":"WebSite","@id":"https:\/\/blog.holyart.it\/de\/#website","url":"https:\/\/blog.holyart.it\/de\/","name":"Holyart.de Blog","description":"Holyblog","publisher":{"@id":"https:\/\/blog.holyart.it\/de\/#organization"},"potentialAction":[{"@type":"SearchAction","target":{"@type":"EntryPoint","urlTemplate":"https:\/\/blog.holyart.it\/de\/?s={search_term_string}"},"query-input":{"@type":"PropertyValueSpecification","valueRequired":true,"valueName":"search_term_string"}}],"inLanguage":"de"},{"@type":"Organization","@id":"https:\/\/blog.holyart.it\/de\/#organization","name":"Holyart.de Blog","url":"https:\/\/blog.holyart.it\/de\/","logo":{"@type":"ImageObject","inLanguage":"de","@id":"https:\/\/blog.holyart.it\/de\/#\/schema\/logo\/image\/","url":"https:\/\/blog.holyart.it\/de\/wp-content\/uploads\/sites\/12\/2022\/12\/Holyart_Blog_Logo.jpg","contentUrl":"https:\/\/blog.holyart.it\/de\/wp-content\/uploads\/sites\/12\/2022\/12\/Holyart_Blog_Logo.jpg","width":300,"height":50,"caption":"Holyart.de Blog"},"image":{"@id":"https:\/\/blog.holyart.it\/de\/#\/schema\/logo\/image\/"}},{"@type":"Person","@id":"https:\/\/blog.holyart.it\/de\/#\/schema\/person\/0a7b686e5af0f856ec1e390dd0baecda","name":"Redazione","image":{"@type":"ImageObject","inLanguage":"de","@id":"https:\/\/blog.holyart.it\/de\/#\/schema\/person\/image\/","url":"https:\/\/secure.gravatar.com\/avatar\/f477da817f43e50d0af36abecd33e3edf826c68299714bdc1057dff3b113f516?s=96&d=mm&r=g","contentUrl":"https:\/\/secure.gravatar.com\/avatar\/f477da817f43e50d0af36abecd33e3edf826c68299714bdc1057dff3b113f516?s=96&d=mm&r=g","caption":"Redazione"}}]}},"_links":{"self":[{"href":"https:\/\/blog.holyart.it\/de\/wp-json\/wp\/v2\/posts\/407","targetHints":{"allow":["GET"]}}],"collection":[{"href":"https:\/\/blog.holyart.it\/de\/wp-json\/wp\/v2\/posts"}],"about":[{"href":"https:\/\/blog.holyart.it\/de\/wp-json\/wp\/v2\/types\/post"}],"author":[{"embeddable":true,"href":"https:\/\/blog.holyart.it\/de\/wp-json\/wp\/v2\/users\/1"}],"replies":[{"embeddable":true,"href":"https:\/\/blog.holyart.it\/de\/wp-json\/wp\/v2\/comments?post=407"}],"version-history":[{"count":1,"href":"https:\/\/blog.holyart.it\/de\/wp-json\/wp\/v2\/posts\/407\/revisions"}],"predecessor-version":[{"id":5515,"href":"https:\/\/blog.holyart.it\/de\/wp-json\/wp\/v2\/posts\/407\/revisions\/5515"}],"wp:featuredmedia":[{"embeddable":true,"href":"https:\/\/blog.holyart.it\/de\/wp-json\/wp\/v2\/media\/412"}],"wp:attachment":[{"href":"https:\/\/blog.holyart.it\/de\/wp-json\/wp\/v2\/media?parent=407"}],"wp:term":[{"taxonomy":"category","embeddable":true,"href":"https:\/\/blog.holyart.it\/de\/wp-json\/wp\/v2\/categories?post=407"},{"taxonomy":"post_tag","embeddable":true,"href":"https:\/\/blog.holyart.it\/de\/wp-json\/wp\/v2\/tags?post=407"}],"curies":[{"name":"wp","href":"https:\/\/api.w.org\/{rel}","templated":true}]}}