{"id":4021,"date":"2024-05-15T10:00:28","date_gmt":"2024-05-15T08:00:28","guid":{"rendered":"https:\/\/blog.holyart.it\/de\/?p=4021"},"modified":"2026-01-30T10:23:26","modified_gmt":"2026-01-30T09:23:26","slug":"schwarze-madonnen-in-italien-und-auf-der-ganzen-welt-urspruenge-und-geheimnis-eines-kults","status":"publish","type":"post","link":"https:\/\/blog.holyart.it\/de\/devotionalien\/schwarze-madonnen-in-italien-und-auf-der-ganzen-welt-urspruenge-und-geheimnis-eines-kults\/","title":{"rendered":"Schwarze Madonnen in Italien und auf der ganzen Welt: Urspr\u00fcnge und Geheimnis eines Kults"},"content":{"rendered":"<h4>Seit Jahrhunderten bilden die Schwarzen Madonnen das Herzst\u00fcck vieler Verehrungskulte in Italien und dar\u00fcber hinaus. Wir wollen herausfinden, woher diese besondere Vision kommt, und die Schwarzen Madonnen in Italien kennen lernen<\/h4>\n<p>Wenn wir an die Madonna denken, wenn wir sie uns vorstellen, denken wir mit ziemlicher Sicherheit an eine sch\u00f6ne Frau, die in ein langes, blasses Gewand geh\u00fcllt ist und von einem reinen, wei\u00dfen Licht umstrahlt wird. Wir werden an ihr altersloses, zeitloses Gesicht denken, das sie in vielen Kunstwerken sogar neben ihrem Sohn wie ein Kind aussehen l\u00e4sst. Bei der Jungfrau Maria gibt es keinen Platz f\u00fcr Dunkelheit. Dennoch ist es erstaunlich, wie viel Raum die Verehrung der so genannten <strong>Schwarzen Madonna <\/strong>in unserem Land einnimmt und wie viele St\u00e4dte f\u00fcr einen Schrein der Schwarzen Madonna bekannt sind.<\/p>\n<p>Die Ikonographie der Schwarzen Madonna ist n\u00e4mlich uralt und es gibt in der Tat viele Beispiele daf\u00fcr, sowohl in der Malerei als auch in der Bildhauerei, die \u00fcber die ganze Welt verteilt sind. Es handelt sich um Darstellungen, bei denen die Jungfrau ein dunkles oder sogar <strong>schwarzes Gesicht<\/strong> hat. Denken wir nur an die Madonnina von Tindari, die <a href=\"https:\/\/www.holyart.de\/blog\/heilige-und-selige\/marianische-titel-welche-und-wie-viele-sind-die-namen-die-maria-gewidmet-sind\/\"><strong>Madonna von Loreto<\/strong><\/a>, die von Oropa oder Viggiano.<\/p>\n<div class=\"link-article\">\n<p><img loading=\"lazy\" decoding=\"async\" class=\"size-full wp-image-4024 alignleft\" src=\"https:\/\/blog.holyart.it\/de\/wp-content\/uploads\/sites\/12\/2024\/05\/Marianische-Titel.jpeg\" alt=\"Marianische Titel\" width=\"150\" height=\"99\" data-kale-share-title=\"Schwarze Madonnen in Italien und auf der ganzen Welt: Urspr\u00fcnge und Geheimnis eines Kults\" data-kale-share-url=\"https:\/\/blog.holyart.it\/de\/?p=4021\" \/><\/p>\n<div class=\"leggi-anche\">Lesen Sie auch:<\/div>\n<p><strong><a href=\"https:\/\/www.holyart.de\/blog\/heilige-und-selige\/marianische-titel-welche-und-wie-viele-sind-die-namen-die-maria-gewidmet-sind\/\">Marianische Titel: welche und wie viele sind die Namen, die Maria gewidmet sind<\/a><\/strong><br \/>\nMarianische Titel: alle Namen, unter denen Maria, die Mutter Jesu&#8230;<\/p>\n<\/div>\n<p>Aber woher kommt dieser besondere Kult? Wir haben gesehen, dass die Madonna an verschiedenen Orten unter verschiedenen Namen, den so genannten marianischen Titeln, verehrt wird, die sich manchmal von dogmatischen Attributen ableiten, manchmal aber auch mit der Volksfr\u00f6mmigkeit, mit heiligen Bildern oder mit Erscheinungen der Madonna an bestimmten Orten zusammenh\u00e4ngen. Auch die Schwarzen Jungfrauen k\u00f6nnen unterschiedliche Urspr\u00fcnge haben.<\/p>\n<p>In einigen F\u00e4llen erscheint das Gesicht der Madonna dunkel, weil es durch <strong>Rauch oder Oxidation der urspr\u00fcnglichen Farben geschw\u00e4rzt wurde<\/strong>. In einigen F\u00e4llen, insbesondere bei Marienkulten, die ihren Ursprung in Afrika oder S\u00fcdamerika haben, wie z. B. bei der <a href=\"https:\/\/www.holyart.de\/blog\/heilige-und-selige\/die-erscheinungen-unserer-lieben-frau-von-guadaloupe\/\"><strong>Madonna von Guadalupe<\/strong><\/a>, wurde die Jungfrau mit <strong>k\u00f6rperlichen Merkmalen dargestellt, die denen der lokalen Bev\u00f6lkerung \u00e4hneln<\/strong>. In der <strong>byzantinischen<\/strong> Kunst und insbesondere in den Ikonen werden die Pigmente durch die <strong>Oxidation des Blattsilbers<\/strong>, das f\u00fcr die Gesichter der Jungfrau und der Heiligen verwendet wird, dunkel oder sogar schwarz.<\/p>\n<div class=\"link-article\">\n<p><img loading=\"lazy\" decoding=\"async\" class=\"size-full wp-image-4025 alignleft\" src=\"https:\/\/blog.holyart.it\/de\/wp-content\/uploads\/sites\/12\/2024\/05\/Madonna-von-Guadalupe.jpg\" alt=\"Madonna von Guadalupe\" width=\"150\" height=\"99\" data-kale-share-title=\"Schwarze Madonnen in Italien und auf der ganzen Welt: Urspr\u00fcnge und Geheimnis eines Kults\" data-kale-share-url=\"https:\/\/blog.holyart.it\/de\/?p=4021\" \/><\/p>\n<div class=\"leggi-anche\">Lesen Sie auch:<\/div>\n<p><strong><a href=\"https:\/\/www.holyart.de\/blog\/heilige-und-selige\/die-erscheinungen-unserer-lieben-frau-von-guadaloupe\/\">Die Erscheinungen unserer lieben Frau von Guadaloupe<\/a><\/strong><br \/>\nWenn wir von den Erscheinungen von Guadaloupe sprechen, meinen wird die Erscheinung unsere lieben Frau&#8230;<\/p>\n<\/div>\n<p>Auch die <strong>\u00dcbernahme fr\u00fcherer Kulte<\/strong>, wie der der Mutterg\u00f6ttin Erde oder der Isis, f\u00fchrte zur \u201eUmwandlung\u201c von Statuen, die mit der Erde oder der Nacht verbundene Gottheiten darstellten, in Mariendarstellungen, ohne jedoch die originellen Farbe der Jungfrau Maria zu ver\u00e4ndern.<\/p>\n<p>Auch hier kam es vor, dass <strong>Statuen auf dem Seeweg aus dem Osten<\/strong> eintrafen, geschnitzt aus einem dunklen, bei uns v\u00f6llig unbekannten Holz. Sie kamen bereits zur Zeit der Kreuzz\u00fcge an, als Kriegsbeute, aber auch, um sie vor <strong>Verfolgung<\/strong> oder vor der <strong>ikonoklastischen Wut<\/strong> zu retten, die in jenen L\u00e4ndern mehrmals w\u00fctete. W\u00e4hrend der Kreuzz\u00fcge trugen zahlreiche religi\u00f6se Orden, insbesondere die Karmeliter und Franziskaner vor allem, sowie Ritter dazu bei, diese Darstellungen der schwarzen Madonnen in den Westen zu bringen. Vor allem die <strong>Templer<\/strong> sch\u00e4tzten das Hohelied, zu dem ihr Gr\u00fcnder, der heilige Bernhard von Clairvaux, einen Kommentar verfasst hatte. Hier sprach er von der Braut <em>nigra sed formosa<\/em> (Ct 1,5), \u201eschwarz, aber sch\u00f6n\u201c, und diese Definition wurde bald auch f\u00fcr die Schwarzen Madonnen verwendet.<\/p>\n<h2>Die ber\u00fchmtesten schwarzen Madonnen in Italien und in der Welt<\/h2>\n<p>Wir haben die <a href=\"https:\/\/www.holyart.de\/devotionalien\/statuen\/statuen-aus-gips\/statue-aus-gips-madonna-di-loreto-handbemalt-arte-barsanti-30-cm\"><strong>Madonna von Loreto<\/strong><\/a> erw\u00e4hnt. Aber warum ist die Madonna von Loreto schwarz? Diese Verehrung geht auf eine Statue aus dem 16. Jahrhundert zur\u00fcck, deren Gesicht durch den Rauch von \u00d6llampen sowie durch die Ver\u00e4nderung der urspr\u00fcnglichen Pigmente geschw\u00e4rzt wurde. Als die urspr\u00fcngliche Statue 1921 durch ein schreckliches Feuer in Schutt und Asche gelegt wurde, beschloss man, eine neue Statue anzufertigen und dabei ihre Farbe beizubehalten. Zu diesem Zweck wurde sie aus dem Holz einer Libanon-Zeder aus den Vatikanischen G\u00e4rten geschnitzt.<\/p>\n<div class=\"link-product\">\n<div class=\"blocco-immagine\"><img loading=\"lazy\" decoding=\"async\" class=\"size-full wp-image-4027 alignleft\" src=\"https:\/\/blog.holyart.it\/de\/wp-content\/uploads\/sites\/12\/2024\/05\/statue-aus-gips-madonna-di-loreto-handbemalt-arte-barsanti-30-cm.jpg\" alt=\"statue aus gips madonna di loreto handbemalt arte barsanti 30 cm\" width=\"100\" height=\"100\" data-kale-share-title=\"Schwarze Madonnen in Italien und auf der ganzen Welt: Urspr\u00fcnge und Geheimnis eines Kults\" data-kale-share-url=\"https:\/\/blog.holyart.it\/de\/?p=4021\" \/><\/div>\n<div class=\"blocco-contenuto\">\n<div class=\"blocco-acquista\">Einkaufen:<\/div>\n<div class=\"blocco-titolo\"><a href=\"https:\/\/www.holyart.de\/devotionalien\/statuen\/statuen-aus-gips\/statue-aus-gips-madonna-di-loreto-handbemalt-arte-barsanti-30-cm\">Statue aus Gips Madonna di Loreto handbemalt Arte Barsanti<\/a><\/div>\n<div class=\"blocco-descrizione\">Sch\u00f6ne Statue von Madonna di Loreto, angefertigt aus Gips und von Hand bemalt.<\/div>\n<\/div>\n<\/div>\n<p>In der <strong>Wallfahrtskirche von Oropa<\/strong>, in der N\u00e4he von Biella, wird seit der ersten H\u00e4lfte des 14. Jahrhunderts die gotische Statue der Schwarzen Madonna verehrt, deren Urspr\u00fcnge in den alten vorchristlichen Kulten der Kelten zu suchen sind. Tats\u00e4chlich steht das gesamte Heiligtum in der N\u00e4he von <em>Findlingen<\/em>, die in der Antike heidnische Kultst\u00e4tten waren, die mit der Fruchtbarkeit verbunden waren. Die Statue der Schwarzen Madonna zeigt keine Spuren von Motten oder Abnutzung, und auf ihrem Gesicht setzt sich nie Staub ab.<\/p>\n<p>Im <a href=\"https:\/\/www.holyart.de\/blog\/devotionalien\/die-madonnina-von-tindari-die-schwarze-madonna-und-ihr-heiligtum-am-meer\/\"><strong>Heiligtum der Schwarzen Madonna von Tindari<\/strong><\/a> wird eine byzantinische Madonnenstatue verehrt, die aus dem Meer kam, um der ikonoklastischen Verfolgung im Osten zu entgehen. Sie ist aus Zedernholz aus dem Libanon gefertigt und stellt die Madonna als Basilissa, \u201ethronende K\u00f6nigin\u201c, dar, die auf einem Thron sitzt, auf dem das bereits erw\u00e4hnte Zitat aus dem <em>Hohelied<\/em> eingraviert ist: <em>Nigra Sum Sed Formosa, \u201e<\/em>Ich bin schwarz, aber sch\u00f6n<em>\u201c.<\/em><\/p>\n<div class=\"link-article\">\n<p><img loading=\"lazy\" decoding=\"async\" class=\"size-full wp-image-4029 alignleft\" src=\"https:\/\/blog.holyart.it\/de\/wp-content\/uploads\/sites\/12\/2024\/05\/Maria-Santissima-di-Tindari.jpeg\" alt=\"Maria Santissima di Tindari\" width=\"150\" height=\"100\" data-kale-share-title=\"Schwarze Madonnen in Italien und auf der ganzen Welt: Urspr\u00fcnge und Geheimnis eines Kults\" data-kale-share-url=\"https:\/\/blog.holyart.it\/de\/?p=4021\" \/><\/p>\n<div class=\"leggi-anche\">Lesen Sie auch:<\/div>\n<p><strong><a href=\"https:\/\/www.holyart.de\/blog\/devotionalien\/die-madonnina-von-tindari-die-schwarze-madonna-und-ihr-heiligtum-am-meer\/\">Die Madonnina von Tindari: die schwarze Madonna und ihr Heiligtum am Meer<\/a><\/strong><br \/>\nDie Madonnina von Tindari hat sich das gleichnamige St\u00e4dtchen&#8230;<\/p>\n<\/div>\n<p>Die <a href=\"https:\/\/www.holyart.de\/blog\/devotionalien\/die-schwarze-jungfrau-von-tschenstochau-gemalt-vom-heiligen-lukas\/\"><strong>Schwarze Madonna von Tschenstochau (Cz\u0119stochowa)<\/strong><\/a> ist eine mittelalterliche byzantinische Ikone, die die Madonna mit Kind darstellt. Wie andere Bilder der Schwarzen Madonna wird sie dem Heiligen Lukas dem Evangelisten zugeschrieben. Nachdem sie im 15. Jahrhundert mit einer Axt entweiht worden war, wurde sie zu einem Symbol des polnischen Widerstands gegen die Invasion.<\/p>\n<p>Die <strong>Jungfrau von Candelaria<\/strong> ist die Schutzheilige der Kanarischen Inseln. Eine wundert\u00e4tige Statue wurde 1392 von zwei einheimischen Fischern am Meeresufer gefunden, die sie wegen der schwarzen Farbe ihres Gesichts zun\u00e4chst f\u00fcr einen b\u00f6sen Geist hielten und dann begannen, sie zu verehren.<\/p>\n<div class=\"link-article\">\n<p><img loading=\"lazy\" decoding=\"async\" class=\"size-full wp-image-4030 alignleft\" src=\"https:\/\/blog.holyart.it\/de\/wp-content\/uploads\/sites\/12\/2024\/05\/Die-Schwarze-Jungfrau-von-Tschenstochau.jpg\" alt=\"Die Schwarze Jungfrau von Tschenstochau\" width=\"150\" height=\"99\" data-kale-share-title=\"Schwarze Madonnen in Italien und auf der ganzen Welt: Urspr\u00fcnge und Geheimnis eines Kults\" data-kale-share-url=\"https:\/\/blog.holyart.it\/de\/?p=4021\" \/><\/p>\n<div class=\"leggi-anche\">Lesen Sie auch:<\/div>\n<p><strong><a href=\"https:\/\/www.holyart.de\/blog\/devotionalien\/die-schwarze-jungfrau-von-tschenstochau-gemalt-vom-heiligen-lukas\/\">Die Schwarze Jungfrau von Tschenstochau, gemalt vom Heiligen Lukas<\/a><\/strong><br \/>\nDie Schwarze Madonna von Tschenstochau ist eine der&#8230;<\/p>\n<\/div>\n<h2>Die drei Marienstatuen des Meeres<\/h2>\n<p>In Saintes-Maries-De-La-Mer, Frankreich, werden drei <strong>Marias verehrt, die auf dem Seeweg aus Pal\u00e4stina <\/strong>kamen, um nach der Kreuzigung Jesu vor der Verfolgung zu fliehen. Eine von ihnen war Maria Magdalena, vielleicht auch Maria von Bethanien, die Schwester von Martha und Lazarus, Freunden Jesu, die anderen Maria von Kleophas und Maria Salome, zwei der <a href=\"https:\/\/www.holyart.de\/blog\/heilige-und-selige\/fromme-frauen-die-drei-marias-die-unter-dem-kreuz-jesu-anwesend-waren\/\"><strong>frommen Frauen<\/strong><\/a>, die den Tod Christi miterlebt haben. Die Verehrung dieser Frauen vermischte sich mit der Folklore der Zigeuner, die mit ihnen die Figur der Sara, der Kali, der Schwarzen, einer Roma-K\u00f6nigin, die \u00fcber die St\u00e4mme des Rhone-Deltas herrschte, die die Ankunft der frommen Frauen voraussagte und sie vor dem Schiffbruch ihres Flo\u00dfes rettete, assimilierten. Auch Sara hat ein schwarzes Gesicht, und im Laufe der Zeit nahm sie in der Volksvorstellung und -fr\u00f6mmigkeit den Platz von Maria Magdalena ein.<\/p>\n<div class=\"link-article\">\n<p><img loading=\"lazy\" decoding=\"async\" class=\"size-full wp-image-4031 alignleft\" src=\"https:\/\/blog.holyart.it\/de\/wp-content\/uploads\/sites\/12\/2024\/05\/Fromme-Frauen.jpeg\" alt=\"Fromme Frauen\" width=\"150\" height=\"100\" data-kale-share-title=\"Schwarze Madonnen in Italien und auf der ganzen Welt: Urspr\u00fcnge und Geheimnis eines Kults\" data-kale-share-url=\"https:\/\/blog.holyart.it\/de\/?p=4021\" \/><\/p>\n<div class=\"leggi-anche\">Lesen Sie auch:<\/div>\n<p><strong><a href=\"https:\/\/www.holyart.de\/blog\/heilige-und-selige\/fromme-frauen-die-drei-marias-die-unter-dem-kreuz-jesu-anwesend-waren\/\">Fromme Frauen: die drei Marias, die unter dem Kreuz Jesu anwesend waren<\/a><\/strong><br \/>\nDie Jungfrau Maria, Maria Kleophas und Maria Magdalena&#8230;<\/p>\n<\/div>\n","protected":false},"excerpt":{"rendered":"<p>Seit Jahrhunderten bilden die Schwarzen Madonnen das Herzst\u00fcck vieler Verehrungskulte in Italien und dar\u00fcber hinaus. Wir wollen herausfinden, woher diese besondere Vision kommt, und die Schwarzen Madonnen in Italien kennen lernen Wenn wir an die Madonna denken, wenn wir sie uns vorstellen, denken wir mit&hellip;<\/p>\n","protected":false},"author":1,"featured_media":4022,"comment_status":"closed","ping_status":"open","sticky":false,"template":"","format":"standard","meta":{"_acf_changed":false,"footnotes":""},"categories":[10],"tags":[],"class_list":["post-4021","post","type-post","status-publish","format-standard","has-post-thumbnail","hentry","category-devotionalien"],"acf":[],"yoast_head":"<!-- This site is optimized with the Yoast SEO plugin v26.6 - https:\/\/yoast.com\/wordpress\/plugins\/seo\/ -->\n<title>Schwarze Madonnen in Italien und auf der ganzen Welt: Urspr\u00fcnge und Geheimnis eines Kults - Holyart.de Blog<\/title>\n<meta name=\"description\" content=\"Seit Jahrhunderten bilden die Schwarzen Madonnen das Herzst\u00fcck vieler Verehrungskulte in Italien und dar\u00fcber hinaus.\" \/>\n<meta name=\"robots\" content=\"index, follow, max-snippet:-1, max-image-preview:large, max-video-preview:-1\" \/>\n<link rel=\"canonical\" href=\"https:\/\/blog.holyart.it\/de\/devotionalien\/schwarze-madonnen-in-italien-und-auf-der-ganzen-welt-urspruenge-und-geheimnis-eines-kults\/\" \/>\n<meta property=\"og:locale\" content=\"de_DE\" \/>\n<meta property=\"og:type\" content=\"article\" \/>\n<meta property=\"og:title\" content=\"Schwarze Madonnen in Italien und auf der ganzen Welt: Urspr\u00fcnge und Geheimnis eines Kults - Holyart.de Blog\" \/>\n<meta property=\"og:description\" content=\"Seit Jahrhunderten bilden die Schwarzen Madonnen das Herzst\u00fcck vieler Verehrungskulte in Italien und dar\u00fcber hinaus.\" \/>\n<meta property=\"og:url\" content=\"https:\/\/blog.holyart.it\/de\/devotionalien\/schwarze-madonnen-in-italien-und-auf-der-ganzen-welt-urspruenge-und-geheimnis-eines-kults\/\" \/>\n<meta property=\"og:site_name\" content=\"Holyart.de Blog\" \/>\n<meta property=\"article:published_time\" content=\"2024-05-15T08:00:28+00:00\" \/>\n<meta property=\"article:modified_time\" content=\"2026-01-30T09:23:26+00:00\" \/>\n<meta property=\"og:image\" content=\"https:\/\/blog.holyart.it\/de\/wp-content\/uploads\/sites\/12\/2024\/05\/Schwarze-Madonnen.jpeg\" \/>\n\t<meta property=\"og:image:width\" content=\"1000\" \/>\n\t<meta property=\"og:image:height\" content=\"666\" \/>\n\t<meta property=\"og:image:type\" content=\"image\/jpeg\" \/>\n<meta name=\"author\" content=\"Redazione\" \/>\n<meta name=\"twitter:card\" content=\"summary_large_image\" \/>\n<meta name=\"twitter:label1\" content=\"Verfasst von\" \/>\n\t<meta name=\"twitter:data1\" content=\"Redazione\" \/>\n\t<meta name=\"twitter:label2\" content=\"Gesch\u00e4tzte Lesezeit\" \/>\n\t<meta name=\"twitter:data2\" content=\"8\u00a0Minuten\" \/>\n<script type=\"application\/ld+json\" class=\"yoast-schema-graph\">{\"@context\":\"https:\/\/schema.org\",\"@graph\":[{\"@type\":\"Article\",\"@id\":\"https:\/\/blog.holyart.it\/de\/devotionalien\/schwarze-madonnen-in-italien-und-auf-der-ganzen-welt-urspruenge-und-geheimnis-eines-kults\/#article\",\"isPartOf\":{\"@id\":\"https:\/\/blog.holyart.it\/de\/devotionalien\/schwarze-madonnen-in-italien-und-auf-der-ganzen-welt-urspruenge-und-geheimnis-eines-kults\/\"},\"author\":{\"name\":\"Redazione\",\"@id\":\"https:\/\/blog.holyart.it\/de\/#\/schema\/person\/0a7b686e5af0f856ec1e390dd0baecda\"},\"headline\":\"Schwarze Madonnen in Italien und auf der ganzen Welt: Urspr\u00fcnge und Geheimnis eines Kults\",\"datePublished\":\"2024-05-15T08:00:28+00:00\",\"dateModified\":\"2026-01-30T09:23:26+00:00\",\"mainEntityOfPage\":{\"@id\":\"https:\/\/blog.holyart.it\/de\/devotionalien\/schwarze-madonnen-in-italien-und-auf-der-ganzen-welt-urspruenge-und-geheimnis-eines-kults\/\"},\"wordCount\":1195,\"publisher\":{\"@id\":\"https:\/\/blog.holyart.it\/de\/#organization\"},\"image\":{\"@id\":\"https:\/\/blog.holyart.it\/de\/devotionalien\/schwarze-madonnen-in-italien-und-auf-der-ganzen-welt-urspruenge-und-geheimnis-eines-kults\/#primaryimage\"},\"thumbnailUrl\":\"https:\/\/blog.holyart.it\/de\/wp-content\/uploads\/sites\/12\/2024\/05\/Schwarze-Madonnen.jpeg\",\"articleSection\":[\"Religion\"],\"inLanguage\":\"de\"},{\"@type\":\"WebPage\",\"@id\":\"https:\/\/blog.holyart.it\/de\/devotionalien\/schwarze-madonnen-in-italien-und-auf-der-ganzen-welt-urspruenge-und-geheimnis-eines-kults\/\",\"url\":\"https:\/\/blog.holyart.it\/de\/devotionalien\/schwarze-madonnen-in-italien-und-auf-der-ganzen-welt-urspruenge-und-geheimnis-eines-kults\/\",\"name\":\"Schwarze Madonnen in Italien und auf der ganzen Welt: Urspr\u00fcnge und Geheimnis eines Kults - Holyart.de Blog\",\"isPartOf\":{\"@id\":\"https:\/\/blog.holyart.it\/de\/#website\"},\"primaryImageOfPage\":{\"@id\":\"https:\/\/blog.holyart.it\/de\/devotionalien\/schwarze-madonnen-in-italien-und-auf-der-ganzen-welt-urspruenge-und-geheimnis-eines-kults\/#primaryimage\"},\"image\":{\"@id\":\"https:\/\/blog.holyart.it\/de\/devotionalien\/schwarze-madonnen-in-italien-und-auf-der-ganzen-welt-urspruenge-und-geheimnis-eines-kults\/#primaryimage\"},\"thumbnailUrl\":\"https:\/\/blog.holyart.it\/de\/wp-content\/uploads\/sites\/12\/2024\/05\/Schwarze-Madonnen.jpeg\",\"datePublished\":\"2024-05-15T08:00:28+00:00\",\"dateModified\":\"2026-01-30T09:23:26+00:00\",\"description\":\"Seit Jahrhunderten bilden die Schwarzen Madonnen das Herzst\u00fcck vieler Verehrungskulte in Italien und dar\u00fcber hinaus.\",\"breadcrumb\":{\"@id\":\"https:\/\/blog.holyart.it\/de\/devotionalien\/schwarze-madonnen-in-italien-und-auf-der-ganzen-welt-urspruenge-und-geheimnis-eines-kults\/#breadcrumb\"},\"inLanguage\":\"de\",\"potentialAction\":[{\"@type\":\"ReadAction\",\"target\":[\"https:\/\/blog.holyart.it\/de\/devotionalien\/schwarze-madonnen-in-italien-und-auf-der-ganzen-welt-urspruenge-und-geheimnis-eines-kults\/\"]}]},{\"@type\":\"ImageObject\",\"inLanguage\":\"de\",\"@id\":\"https:\/\/blog.holyart.it\/de\/devotionalien\/schwarze-madonnen-in-italien-und-auf-der-ganzen-welt-urspruenge-und-geheimnis-eines-kults\/#primaryimage\",\"url\":\"https:\/\/blog.holyart.it\/de\/wp-content\/uploads\/sites\/12\/2024\/05\/Schwarze-Madonnen.jpeg\",\"contentUrl\":\"https:\/\/blog.holyart.it\/de\/wp-content\/uploads\/sites\/12\/2024\/05\/Schwarze-Madonnen.jpeg\",\"width\":1000,\"height\":666,\"caption\":\"Schwarze Madonnen\"},{\"@type\":\"BreadcrumbList\",\"@id\":\"https:\/\/blog.holyart.it\/de\/devotionalien\/schwarze-madonnen-in-italien-und-auf-der-ganzen-welt-urspruenge-und-geheimnis-eines-kults\/#breadcrumb\",\"itemListElement\":[{\"@type\":\"ListItem\",\"position\":1,\"name\":\"Homepage\",\"item\":\"https:\/\/blog.holyart.it\/de\/\"},{\"@type\":\"ListItem\",\"position\":2,\"name\":\"Religion\",\"item\":\"https:\/\/blog.holyart.it\/de\/devotionalien\/\"},{\"@type\":\"ListItem\",\"position\":3,\"name\":\"Schwarze Madonnen in Italien und auf der ganzen Welt: Urspr\u00fcnge und Geheimnis eines Kults\"}]},{\"@type\":\"WebSite\",\"@id\":\"https:\/\/blog.holyart.it\/de\/#website\",\"url\":\"https:\/\/blog.holyart.it\/de\/\",\"name\":\"Holyart.de Blog\",\"description\":\"Holyblog\",\"publisher\":{\"@id\":\"https:\/\/blog.holyart.it\/de\/#organization\"},\"potentialAction\":[{\"@type\":\"SearchAction\",\"target\":{\"@type\":\"EntryPoint\",\"urlTemplate\":\"https:\/\/blog.holyart.it\/de\/?s={search_term_string}\"},\"query-input\":{\"@type\":\"PropertyValueSpecification\",\"valueRequired\":true,\"valueName\":\"search_term_string\"}}],\"inLanguage\":\"de\"},{\"@type\":\"Organization\",\"@id\":\"https:\/\/blog.holyart.it\/de\/#organization\",\"name\":\"Holyart.de Blog\",\"url\":\"https:\/\/blog.holyart.it\/de\/\",\"logo\":{\"@type\":\"ImageObject\",\"inLanguage\":\"de\",\"@id\":\"https:\/\/blog.holyart.it\/de\/#\/schema\/logo\/image\/\",\"url\":\"https:\/\/blog.holyart.it\/de\/wp-content\/uploads\/sites\/12\/2022\/12\/Holyart_Blog_Logo.jpg\",\"contentUrl\":\"https:\/\/blog.holyart.it\/de\/wp-content\/uploads\/sites\/12\/2022\/12\/Holyart_Blog_Logo.jpg\",\"width\":300,\"height\":50,\"caption\":\"Holyart.de Blog\"},\"image\":{\"@id\":\"https:\/\/blog.holyart.it\/de\/#\/schema\/logo\/image\/\"}},{\"@type\":\"Person\",\"@id\":\"https:\/\/blog.holyart.it\/de\/#\/schema\/person\/0a7b686e5af0f856ec1e390dd0baecda\",\"name\":\"Redazione\",\"image\":{\"@type\":\"ImageObject\",\"inLanguage\":\"de\",\"@id\":\"https:\/\/blog.holyart.it\/de\/#\/schema\/person\/image\/\",\"url\":\"https:\/\/secure.gravatar.com\/avatar\/f477da817f43e50d0af36abecd33e3edf826c68299714bdc1057dff3b113f516?s=96&d=mm&r=g\",\"contentUrl\":\"https:\/\/secure.gravatar.com\/avatar\/f477da817f43e50d0af36abecd33e3edf826c68299714bdc1057dff3b113f516?s=96&d=mm&r=g\",\"caption\":\"Redazione\"}}]}<\/script>\n<!-- \/ Yoast SEO plugin. -->","yoast_head_json":{"title":"Schwarze Madonnen in Italien und auf der ganzen Welt: Urspr\u00fcnge und Geheimnis eines Kults - Holyart.de Blog","description":"Seit Jahrhunderten bilden die Schwarzen Madonnen das Herzst\u00fcck vieler Verehrungskulte in Italien und dar\u00fcber hinaus.","robots":{"index":"index","follow":"follow","max-snippet":"max-snippet:-1","max-image-preview":"max-image-preview:large","max-video-preview":"max-video-preview:-1"},"canonical":"https:\/\/blog.holyart.it\/de\/devotionalien\/schwarze-madonnen-in-italien-und-auf-der-ganzen-welt-urspruenge-und-geheimnis-eines-kults\/","og_locale":"de_DE","og_type":"article","og_title":"Schwarze Madonnen in Italien und auf der ganzen Welt: Urspr\u00fcnge und Geheimnis eines Kults - Holyart.de Blog","og_description":"Seit Jahrhunderten bilden die Schwarzen Madonnen das Herzst\u00fcck vieler Verehrungskulte in Italien und dar\u00fcber hinaus.","og_url":"https:\/\/blog.holyart.it\/de\/devotionalien\/schwarze-madonnen-in-italien-und-auf-der-ganzen-welt-urspruenge-und-geheimnis-eines-kults\/","og_site_name":"Holyart.de Blog","article_published_time":"2024-05-15T08:00:28+00:00","article_modified_time":"2026-01-30T09:23:26+00:00","og_image":[{"width":1000,"height":666,"url":"https:\/\/blog.holyart.it\/de\/wp-content\/uploads\/sites\/12\/2024\/05\/Schwarze-Madonnen.jpeg","type":"image\/jpeg"}],"author":"Redazione","twitter_card":"summary_large_image","twitter_misc":{"Verfasst von":"Redazione","Gesch\u00e4tzte Lesezeit":"8\u00a0Minuten"},"schema":{"@context":"https:\/\/schema.org","@graph":[{"@type":"Article","@id":"https:\/\/blog.holyart.it\/de\/devotionalien\/schwarze-madonnen-in-italien-und-auf-der-ganzen-welt-urspruenge-und-geheimnis-eines-kults\/#article","isPartOf":{"@id":"https:\/\/blog.holyart.it\/de\/devotionalien\/schwarze-madonnen-in-italien-und-auf-der-ganzen-welt-urspruenge-und-geheimnis-eines-kults\/"},"author":{"name":"Redazione","@id":"https:\/\/blog.holyart.it\/de\/#\/schema\/person\/0a7b686e5af0f856ec1e390dd0baecda"},"headline":"Schwarze Madonnen in Italien und auf der ganzen Welt: Urspr\u00fcnge und Geheimnis eines Kults","datePublished":"2024-05-15T08:00:28+00:00","dateModified":"2026-01-30T09:23:26+00:00","mainEntityOfPage":{"@id":"https:\/\/blog.holyart.it\/de\/devotionalien\/schwarze-madonnen-in-italien-und-auf-der-ganzen-welt-urspruenge-und-geheimnis-eines-kults\/"},"wordCount":1195,"publisher":{"@id":"https:\/\/blog.holyart.it\/de\/#organization"},"image":{"@id":"https:\/\/blog.holyart.it\/de\/devotionalien\/schwarze-madonnen-in-italien-und-auf-der-ganzen-welt-urspruenge-und-geheimnis-eines-kults\/#primaryimage"},"thumbnailUrl":"https:\/\/blog.holyart.it\/de\/wp-content\/uploads\/sites\/12\/2024\/05\/Schwarze-Madonnen.jpeg","articleSection":["Religion"],"inLanguage":"de"},{"@type":"WebPage","@id":"https:\/\/blog.holyart.it\/de\/devotionalien\/schwarze-madonnen-in-italien-und-auf-der-ganzen-welt-urspruenge-und-geheimnis-eines-kults\/","url":"https:\/\/blog.holyart.it\/de\/devotionalien\/schwarze-madonnen-in-italien-und-auf-der-ganzen-welt-urspruenge-und-geheimnis-eines-kults\/","name":"Schwarze Madonnen in Italien und auf der ganzen Welt: Urspr\u00fcnge und Geheimnis eines Kults - Holyart.de Blog","isPartOf":{"@id":"https:\/\/blog.holyart.it\/de\/#website"},"primaryImageOfPage":{"@id":"https:\/\/blog.holyart.it\/de\/devotionalien\/schwarze-madonnen-in-italien-und-auf-der-ganzen-welt-urspruenge-und-geheimnis-eines-kults\/#primaryimage"},"image":{"@id":"https:\/\/blog.holyart.it\/de\/devotionalien\/schwarze-madonnen-in-italien-und-auf-der-ganzen-welt-urspruenge-und-geheimnis-eines-kults\/#primaryimage"},"thumbnailUrl":"https:\/\/blog.holyart.it\/de\/wp-content\/uploads\/sites\/12\/2024\/05\/Schwarze-Madonnen.jpeg","datePublished":"2024-05-15T08:00:28+00:00","dateModified":"2026-01-30T09:23:26+00:00","description":"Seit Jahrhunderten bilden die Schwarzen Madonnen das Herzst\u00fcck vieler Verehrungskulte in Italien und dar\u00fcber hinaus.","breadcrumb":{"@id":"https:\/\/blog.holyart.it\/de\/devotionalien\/schwarze-madonnen-in-italien-und-auf-der-ganzen-welt-urspruenge-und-geheimnis-eines-kults\/#breadcrumb"},"inLanguage":"de","potentialAction":[{"@type":"ReadAction","target":["https:\/\/blog.holyart.it\/de\/devotionalien\/schwarze-madonnen-in-italien-und-auf-der-ganzen-welt-urspruenge-und-geheimnis-eines-kults\/"]}]},{"@type":"ImageObject","inLanguage":"de","@id":"https:\/\/blog.holyart.it\/de\/devotionalien\/schwarze-madonnen-in-italien-und-auf-der-ganzen-welt-urspruenge-und-geheimnis-eines-kults\/#primaryimage","url":"https:\/\/blog.holyart.it\/de\/wp-content\/uploads\/sites\/12\/2024\/05\/Schwarze-Madonnen.jpeg","contentUrl":"https:\/\/blog.holyart.it\/de\/wp-content\/uploads\/sites\/12\/2024\/05\/Schwarze-Madonnen.jpeg","width":1000,"height":666,"caption":"Schwarze Madonnen"},{"@type":"BreadcrumbList","@id":"https:\/\/blog.holyart.it\/de\/devotionalien\/schwarze-madonnen-in-italien-und-auf-der-ganzen-welt-urspruenge-und-geheimnis-eines-kults\/#breadcrumb","itemListElement":[{"@type":"ListItem","position":1,"name":"Homepage","item":"https:\/\/blog.holyart.it\/de\/"},{"@type":"ListItem","position":2,"name":"Religion","item":"https:\/\/blog.holyart.it\/de\/devotionalien\/"},{"@type":"ListItem","position":3,"name":"Schwarze Madonnen in Italien und auf der ganzen Welt: Urspr\u00fcnge und Geheimnis eines Kults"}]},{"@type":"WebSite","@id":"https:\/\/blog.holyart.it\/de\/#website","url":"https:\/\/blog.holyart.it\/de\/","name":"Holyart.de Blog","description":"Holyblog","publisher":{"@id":"https:\/\/blog.holyart.it\/de\/#organization"},"potentialAction":[{"@type":"SearchAction","target":{"@type":"EntryPoint","urlTemplate":"https:\/\/blog.holyart.it\/de\/?s={search_term_string}"},"query-input":{"@type":"PropertyValueSpecification","valueRequired":true,"valueName":"search_term_string"}}],"inLanguage":"de"},{"@type":"Organization","@id":"https:\/\/blog.holyart.it\/de\/#organization","name":"Holyart.de Blog","url":"https:\/\/blog.holyart.it\/de\/","logo":{"@type":"ImageObject","inLanguage":"de","@id":"https:\/\/blog.holyart.it\/de\/#\/schema\/logo\/image\/","url":"https:\/\/blog.holyart.it\/de\/wp-content\/uploads\/sites\/12\/2022\/12\/Holyart_Blog_Logo.jpg","contentUrl":"https:\/\/blog.holyart.it\/de\/wp-content\/uploads\/sites\/12\/2022\/12\/Holyart_Blog_Logo.jpg","width":300,"height":50,"caption":"Holyart.de Blog"},"image":{"@id":"https:\/\/blog.holyart.it\/de\/#\/schema\/logo\/image\/"}},{"@type":"Person","@id":"https:\/\/blog.holyart.it\/de\/#\/schema\/person\/0a7b686e5af0f856ec1e390dd0baecda","name":"Redazione","image":{"@type":"ImageObject","inLanguage":"de","@id":"https:\/\/blog.holyart.it\/de\/#\/schema\/person\/image\/","url":"https:\/\/secure.gravatar.com\/avatar\/f477da817f43e50d0af36abecd33e3edf826c68299714bdc1057dff3b113f516?s=96&d=mm&r=g","contentUrl":"https:\/\/secure.gravatar.com\/avatar\/f477da817f43e50d0af36abecd33e3edf826c68299714bdc1057dff3b113f516?s=96&d=mm&r=g","caption":"Redazione"}}]}},"_links":{"self":[{"href":"https:\/\/blog.holyart.it\/de\/wp-json\/wp\/v2\/posts\/4021","targetHints":{"allow":["GET"]}}],"collection":[{"href":"https:\/\/blog.holyart.it\/de\/wp-json\/wp\/v2\/posts"}],"about":[{"href":"https:\/\/blog.holyart.it\/de\/wp-json\/wp\/v2\/types\/post"}],"author":[{"embeddable":true,"href":"https:\/\/blog.holyart.it\/de\/wp-json\/wp\/v2\/users\/1"}],"replies":[{"embeddable":true,"href":"https:\/\/blog.holyart.it\/de\/wp-json\/wp\/v2\/comments?post=4021"}],"version-history":[{"count":5,"href":"https:\/\/blog.holyart.it\/de\/wp-json\/wp\/v2\/posts\/4021\/revisions"}],"predecessor-version":[{"id":4033,"href":"https:\/\/blog.holyart.it\/de\/wp-json\/wp\/v2\/posts\/4021\/revisions\/4033"}],"wp:featuredmedia":[{"embeddable":true,"href":"https:\/\/blog.holyart.it\/de\/wp-json\/wp\/v2\/media\/4022"}],"wp:attachment":[{"href":"https:\/\/blog.holyart.it\/de\/wp-json\/wp\/v2\/media?parent=4021"}],"wp:term":[{"taxonomy":"category","embeddable":true,"href":"https:\/\/blog.holyart.it\/de\/wp-json\/wp\/v2\/categories?post=4021"},{"taxonomy":"post_tag","embeddable":true,"href":"https:\/\/blog.holyart.it\/de\/wp-json\/wp\/v2\/tags?post=4021"}],"curies":[{"name":"wp","href":"https:\/\/api.w.org\/{rel}","templated":true}]}}