{"id":3984,"date":"2024-05-06T10:00:24","date_gmt":"2024-05-06T08:00:24","guid":{"rendered":"https:\/\/blog.holyart.it\/de\/?p=3984"},"modified":"2024-06-13T14:14:51","modified_gmt":"2024-06-13T12:14:51","slug":"was-ist-das-jubilaeum-vorbereitungen-fuer-ein-neues-heiliges-jahr","status":"publish","type":"post","link":"https:\/\/blog.holyart.it\/de\/devotionalien\/was-ist-das-jubilaeum-vorbereitungen-fuer-ein-neues-heiliges-jahr\/","title":{"rendered":"Was ist das Jubil\u00e4um: Vorbereitungen f\u00fcr ein neues Heiliges Jahr"},"content":{"rendered":"<h4>Was ist das Jubil\u00e4umsjahr? Wie oft wird es gefeiert? Im Hinblick auf das Heilige Jahr 2025 entdecken wir den Ursprung dieser jahrhundertealten Andachtspraxis<\/h4>\n\n<p>Im Hinblick auf das Jahr 2025 ist es wichtig zu verstehen, was ein <strong>Jubil\u00e4um<\/strong> ist. Das Jubil\u00e4um oder <strong>Heilige Jahr <\/strong>ist ein besonderes religi\u00f6ses Ereignis der katholischen Kirche, das durch feierliche Zeremonien, gemeinsame Veranstaltungen und Pilgerfahrten gekennzeichnet ist. Es findet in regelm\u00e4\u00dfigen Abst\u00e4nden statt, und zwar <strong>alle 25 Jahre<\/strong>, obwohl wir sehen werden, dass es auch au\u00dferordentliche Jubil\u00e4en gibt, die unter bestimmten Umst\u00e4nden vom Heiligen Vater einberufen werden.<\/p>\n<p>W\u00e4hrend des Jubil\u00e4ums sind die Gl\u00e4ubigen eingeladen, <strong><a href=\"https:\/\/www.holyart.de\/blog\/devotionalien\/pilgerreise-nach-rom-ein-beliebtes-ziel-fuer-christen\/\">zum Petersdom im Vatikan in Rom zu pilgern<\/a><\/strong> und an Ritualen und Andachts\u00fcbungen teilzunehmen, wie z. B. dem Rundgang durch die sieben Kirchen. Es ist eine Gelegenheit zu gro\u00dfem <strong>spirituellen Wachstum und erm\u00f6glicht es, Vergebung aller S\u00fcnden zu erlangen<\/strong>, denn traditionell erh\u00e4lt derjenige, der w\u00e4hrend des Jubil\u00e4ums durch eine der Heiligen Pforten geht, einen <strong>vollkommenen Ablass<\/strong>, d. h. den Erlass aller S\u00fcnden.<\/p>\n<div class=\"link-article\">\n<p><img loading=\"lazy\" decoding=\"async\" class=\"size-full wp-image-3985 alignleft\" src=\"https:\/\/blog.holyart.it\/de\/wp-content\/uploads\/sites\/12\/2024\/05\/Pilgerreise-nach-Rom.jpg\" alt=\"Pilgerreise nach Rom\" width=\"150\" height=\"99\" data-kale-share-title=\"Was ist das Jubil\u00e4um: Vorbereitungen f\u00fcr ein neues Heiliges Jahr\" data-kale-share-url=\"https:\/\/blog.holyart.it\/de\/?p=3984\" \/><\/p>\n<div class=\"leggi-anche\">Lesen Sie auch:<\/div>\n<p><strong><a href=\"https:\/\/www.holyart.de\/blog\/devotionalien\/pilgerreise-nach-rom-ein-beliebtes-ziel-fuer-christen\/\">Pilgerreise nach Rom: ein beliebtes Ziel f\u00fcr Christen<\/a><\/strong><br \/>\nEine Pilgerfahrt nach Rom ist seit jeher eine der wichtigsten spirituellen Erfahrungen f\u00fcr Christen aus aller Welt&#8230;<\/p>\n<\/div>\n<p>Aber was bedeutet das Jubil\u00e4um? Der <strong>Ursprung des Jubil\u00e4ums<\/strong> geht auf die alte j\u00fcdische Tradition des <strong><em>Yovel<\/em><\/strong> zur\u00fcck, das alle f\u00fcnfzig Jahre gefeiert wurde. Beim j\u00fcdischen Jubeljahr ging es haupts\u00e4chlich um <strong>Land<\/strong>, Eigentum und Landrechte. Der hebr\u00e4ischen Bibel zufolge umfasste dieser besondere Zeitraum eine Reihe von Praktiken, darunter die R\u00fcckgabe von Land an seine fr\u00fcheren Besitzer, den Erlass von Schulden, die Freilassung von Sklaven und Gefangenen, die Ruhe des Landes und die besondere Manifestation der g\u00f6ttlichen Barmherzigkeit. Diese Praktiken zielten nicht nur darauf ab, eine gerechte Verteilung der Ressourcen zu gew\u00e4hrleisten und die soziale Gerechtigkeit zu f\u00f6rdern, sondern betonten auch die Bedeutung <strong>der g\u00f6ttlichen Barmherzigkeit und des Mitgef\u00fchls<\/strong> f\u00fcr die menschliche Erfahrung. Er\u00f6ffnet wurde diese Zeit mit dem Blasen eines Widderhorns, auf Hebr\u00e4isch <em>Jobel<\/em>, daher der Name des Festes, der sp\u00e4ter in Jubeljahr ge\u00e4ndert wurde.<\/p>\n<p>Im <strong>Lukasevangelium<\/strong> zitiert Jesus bei seiner Ankunft in Nazareth ganz ausdr\u00fccklich eine Stelle aus dem <strong>Buch Jesaja<\/strong>, die sich genau auf dieses besondere, Gott geweihte Jahr bezieht: \u201e<em>1 Der Geist Gottes, des Herrn, ruht auf mir, denn der Herr hat mich gesalbt; er hat mich gesandt, den Elenden eine frohe Botschaft zu bringen und die Wunden der Gebrochenen zu verbinden, den Sklaven die Freiheit zu verk\u00fcnden und den Gefangenen die Entlassung, 2 das <a href=\"https:\/\/www.holyart.de\/jubilaum-2025-pilger-der-hoffnung\"><strong>Jahr der Barmherzigkeit des Herrn<\/strong><\/a> zu verk\u00fcnden, den Tag der Rache unseres Gottes, um alle Bedr\u00e4ngten zu tr\u00f6sten.\u201c<\/em> (Jesaja 61,1-2).<\/p>\n<p>Und so Jesus im Lukasevangelium: \u201e<em>18 Der Geist des Herrn ruht auf mir; darum hat er mich gesalbt, die Armen zu evangelisieren; er hat mich gesandt, den Gefangenen die Entlassung zu verk\u00fcnden und den Blinden das Augenlicht wiederzugeben, die Bedr\u00e4ngten in Freiheit zu setzen 19 und das <strong>Gnadenjahr des Herrn zu verk\u00fcnden<\/strong><\/em>.\u201c (Lukas 4,18-19)<\/p>\n<div class=\"link-product\">\n<div class=\"blocco-immagine\"><img loading=\"lazy\" decoding=\"async\" class=\"size-full wp-image-3986 alignleft\" src=\"https:\/\/blog.holyart.it\/de\/wp-content\/uploads\/sites\/12\/2024\/05\/Pultbehang-Jubilaums-Pilger-der-Hoffnung-2025-Lurex-Baumwolle.jpg\" alt=\"Pultbehang Jubilaums-Pilger der Hoffnung 2025, Lurex-Baumwolle\" width=\"100\" height=\"100\" data-kale-share-title=\"Was ist das Jubil\u00e4um: Vorbereitungen f\u00fcr ein neues Heiliges Jahr\" data-kale-share-url=\"https:\/\/blog.holyart.it\/de\/?p=3984\" \/><\/div>\n<div class=\"blocco-contenuto\">\n<div class=\"blocco-acquista\">Einkaufen:<\/div>\n<div class=\"blocco-titolo\"><a href=\"https:\/\/www.holyart.de\/jubilaum-2025-pilger-der-hoffnung\">Jubil\u00e4um 2025 &#8211; Pilger der Hoffnung<\/a><\/div>\n<div class=\"blocco-descrizione\">Artikel anl\u00e4sslich der Feier des bevorstehenden Heiligen Jahres 2025 in Rom.<\/div>\n<\/div>\n<\/div>\n<p>Der <strong>Hundertj\u00e4hrige Ablass<\/strong> war ein bedeutendes Ereignis in der Geschichte der katholischen Kirche, das das Jubil\u00e4um vorwegnahm und vorhersagte. Dieses Ereignis fand w\u00e4hrend des Pontifikats von Papst Bonifatius VIII. statt, obwohl er nicht der Papst war, der ihn einf\u00fchrte. Eine Tradition unbekannten Ursprungs garantierte denjenigen, die bis zum Jahr 1300 zum Petersdom in Rom pilgerten, vollst\u00e4ndigen S\u00fcndenerlass und die Aussetzung aller zeitlichen Strafen. Es war <strong>Papst Bonifatius VIII.<\/strong>, der das erste Jubeljahr einf\u00fchrte, vielleicht inspiriert durch den Ablass der Hundert Jahre oder die bereits erw\u00e4hnte j\u00fcdische Tradition des Yovel. Urspr\u00fcnglich sollte das Heilige Jahr <strong>alle hundert Jahre<\/strong> abgehalten werden. Erst sp\u00e4ter, mit Papst Clemens VI. (1350), wurde der Zeitabstand auf 50 Jahre, wie das alte j\u00fcdische Heilige Jahr, dann auf 33 (die Jahre Christi) und schlie\u00dflich auf 25 Jahre verringert.<\/p>\n<div class=\"link-product\">\n<div class=\"blocco-immagine\"><img loading=\"lazy\" decoding=\"async\" class=\"size-full wp-image-4208 alignleft\" src=\"https:\/\/blog.holyart.it\/de\/wp-content\/uploads\/sites\/12\/2024\/05\/Pilgerkomplett-Kit-zum-Jubilaeum-2025-Rucksack-plus-Zubehoer-umweltfreundlich-und-wasserdicht-4.jpg\" alt=\"Pilgerkomplett-Kit zum Jubil\u00e4um 2025, Rucksack plus Zubeh\u00f6r, umweltfreundlich und wasserdicht\" width=\"100\" height=\"100\" data-kale-share-title=\"Was ist das Jubil\u00e4um: Vorbereitungen f\u00fcr ein neues Heiliges Jahr\" data-kale-share-url=\"https:\/\/blog.holyart.it\/de\/devotionalien\/was-ist-das-jubilaeum-vorbereitungen-fuer-ein-neues-heiliges-jahr\/\" \/><\/div>\n<div class=\"blocco-contenuto\">\n<div class=\"blocco-acquista\">Einkaufen:<\/div>\n<div class=\"blocco-titolo\"><a href=\"https:\/\/www.holyart.de\/jubilaum-2025-pilger-der-hoffnung\/pilger-set-und-gadgets-zum-jubilaum-2025\/pilgerkomplett-kit-zum-jubilaum-2025-rucksack-plus-zubehor-umweltfreundlich-und-wasserdicht\">Pilgerkomplett-Kit zum Jubil\u00e4um 2025, Rucksack plus Zubeh\u00f6r, umweltfreundlich und wasserdicht <\/a><\/div>\n<div class=\"blocco-descrizione\">Rucksack aus umweltfreundlichem Material plus Zubeh\u00f6r.<\/div>\n<\/div>\n<\/div>\n<h2>Wann beginnt das Jubil\u00e4um?<\/h2>\n<p>Das Jubil\u00e4um beginnt, wenn der Heilige Vater die Heilige Pforte des Petersdoms \u00f6ffnet. Die \u00d6ffnung der Heiligen Pforte, die den <a href=\"https:\/\/www.holyart.de\/blog\/devotionalien\/der-veranstaltungskalender-des-jubilaeums-2025\/\"><strong>Beginn des Jubil\u00e4ums<\/strong><\/a> markiert, ist f\u00fcr den 24. Dezember 2024 geplant.<\/p>\n<div class=\"link-article\">\n<p><img loading=\"lazy\" decoding=\"async\" class=\"size-full wp-image-3987 alignleft\" src=\"https:\/\/blog.holyart.it\/de\/wp-content\/uploads\/sites\/12\/2024\/05\/Der-Veranstaltungskalender-des-Jubilaeums-2025.jpg\" alt=\"Der-Veranstaltungskalender-des-Jubilaeums-2025\" width=\"150\" height=\"99\" data-kale-share-title=\"Was ist das Jubil\u00e4um: Vorbereitungen f\u00fcr ein neues Heiliges Jahr\" data-kale-share-url=\"https:\/\/blog.holyart.it\/de\/?p=3984\" \/><\/p>\n<div class=\"leggi-anche\">Lesen Sie auch:<\/div>\n<p><strong><a href=\"https:\/\/www.holyart.de\/blog\/devotionalien\/der-veranstaltungskalender-des-jubilaeums-2025\/\">Der Veranstaltungskalender des Jubil\u00e4ums 2025<\/a><\/strong><br \/>\nDer Veranstaltungskalender f\u00fcr das Jubil\u00e4um 2025 wurde ver\u00f6ffentlicht: zw\u00f6lf Monate mit Veranstaltungen und Gelegenheiten&#8230;<\/p>\n<\/div>\n<h2>Ordentliches oder au\u00dferordentliches Jubil\u00e4um<\/h2>\n<p>Neben dem <strong>Ordentlichen Jubil\u00e4um<\/strong> gibt es, wie bereits erw\u00e4hnt, das <strong>Au\u00dferordentliche Jubil\u00e4um<\/strong>. Ersteres findet nach dem von der katholischen Kirche festgelegten regelm\u00e4\u00dfigen Zyklus alle 25 Jahre statt und beinhaltet die \u00d6ffnung der Heiligen Pforten der <strong>p\u00e4pstlichen Basiliken in Rom<\/strong>, einen vollkommenen Ablass f\u00fcr Pilger und zahlreiche Andachts\u00fcbungen.<\/p>\n<p>Das <strong>Au\u00dferordentliche Jubil\u00e4um<\/strong> hingegen wird unter au\u00dfergew\u00f6hnlichen Umst\u00e4nden und zur Feier bedeutender Ereignisse in der katholischen Kirche oder in der Welt ausgerufen. Das von Papst Franziskus einberufene <strong>Jubil\u00e4um der Barmherzigkeit<\/strong> 2016 war beispielsweise ein au\u00dferordentliches Jubil\u00e4um, das mit dem Ziel ausgerufen wurde, das Thema der g\u00f6ttlichen Barmherzigkeit zu feiern und in der Welt zu verbreiten. W\u00e4hrend eines au\u00dferordentlichen Jubil\u00e4ums werden den Gl\u00e4ubigen in der Regel zus\u00e4tzliche geistliche und sakramentale M\u00f6glichkeiten sowie besondere Abl\u00e4sse angeboten.<\/p>\n<h2>Die Bedeutung der \u00d6ffnung der Heiligen Pforte<\/h2>\n<p><a href=\"https:\/\/www.holyart.de\/blog\/devotionalien\/heilige-pforte-was-sie-ist-und-was-ihre-oeffnung-bedeutet\/\"><strong>Die \u00d6ffnung der Heiligen Pforte<\/strong><\/a> markiert nicht nur den Beginn des Jubil\u00e4ums, sondern ist auch ein starkes <strong>spirituelles Symbol<\/strong> f\u00fcr Christen. Die Heilige Pforte ist die T\u00fcr einer christlichen Kirche oder Basilika, die vom Papst f\u00fcr heilig erkl\u00e4rt wird. W\u00e4hrend des Jubil\u00e4ums wird diese T\u00fcr, die normalerweise zugemauert ist, ge\u00f6ffnet, und wenn die Gl\u00e4ubigen sie durchschreiten, k\u00f6nnen sie den vollkommenen Ablass, die vollst\u00e4ndige Vergebung der S\u00fcnden, erlangen.<\/p>\n<p>Neben ihrer praktischen Bedeutung hat die Heilige Pforte auch eine tiefe symbolische Bedeutung. In der Heiligen Schrift wird die T\u00fcr oft als das Tor gesehen, durch das d<strong>ie Herrlichkeit Gottes in das Haus oder, metaphorisch, in die menschliche Seele eintritt<\/strong>. Schon bei Hesekiel finden wir Hinweise auf dieses Konzept, das die Aufnahme der g\u00f6ttlichen Gnade in das Herz des Gl\u00e4ubigen widerspiegelt. Die Heilige Pforte ist also nicht nur ein Symbol f\u00fcr den physischen Zugang zu einem heiligen Ort, sondern auch eine Einladung, Gottes Gegenwart und Barmherzigkeit in unser Leben zu lassen und unser Herz zu verwandeln.<\/p>\n<div class=\"link-article\">\n<p><img loading=\"lazy\" decoding=\"async\" class=\"size-full wp-image-3988 alignleft\" src=\"https:\/\/blog.holyart.it\/de\/wp-content\/uploads\/sites\/12\/2024\/05\/Heilige-Pforte.jpeg\" alt=\"heilige pforte\" width=\"150\" height=\"104\" data-kale-share-title=\"Was ist das Jubil\u00e4um: Vorbereitungen f\u00fcr ein neues Heiliges Jahr\" data-kale-share-url=\"https:\/\/blog.holyart.it\/de\/?p=3984\" \/><\/p>\n<div class=\"leggi-anche\">Lesen Sie auch:<\/div>\n<p><strong><a href=\"https:\/\/www.holyart.de\/blog\/devotionalien\/heilige-pforte-was-sie-ist-und-was-ihre-oeffnung-bedeutet\/\">Heilige Pforte: was sie ist und was ihre \u00d6ffnung bedeutet<\/a><\/strong><br \/>\nDie \u00d6ffnung der Heiligen Pforte markiert nicht nur den Beginn des Jubil\u00e4umsjahres, sondern ist f\u00fcr die Christen&#8230;<\/p>\n<\/div>\n<h2>Jubil\u00e4umsjahr 2025 in Rom<\/h2>\n<p>Mehr als 32 Millionen Pilger werden zum Jubil\u00e4um 2025 in Rom erwartet. Dieses Ereignis wird den Pilgern eine umfassende Erfahrung bieten, die Glauben, Kultur und Spiritualit\u00e4t, Gnade und g\u00f6ttliche Vergebung miteinander verbindet. Das Jubil\u00e4um 2025 bietet einen reichhaltigen <u>Kalender<\/u> mit Initiativen und feierlichen Veranstaltungen, an denen Gl\u00e4ubige aus der ganzen Welt teilnehmen werden. Das gew\u00e4hlte Thema, <a href=\"https:\/\/www.holyart.de\/blog\/devotionalien\/die-bedeutung-des-jubilaeumslogos-2025-pilger-der-hoffnung\/\"><strong><em>Pilger der Hoffnung<\/em><\/strong><\/a>, ist in dieser Zeit der Unsicherheit und des Umbruchs in der Welt so aktuell wie eh und je. Es will eine Botschaft der Hoffnung und des Vertrauens in die Zukunft vermitteln und l\u00e4dt die Gl\u00e4ubigen ein, sich auf eine spirituelle Reise zu begeben, um sich der g\u00f6ttlichen Barmherzigkeit bewusster zu werden und sich st\u00e4rker f\u00fcr die Verbreitung von Liebe und Mitgef\u00fchl in der Welt einzusetzen.<\/p>\n<div class=\"link-article\">\n<p><img loading=\"lazy\" decoding=\"async\" class=\"size-full wp-image-3989 alignleft\" src=\"https:\/\/blog.holyart.it\/de\/wp-content\/uploads\/sites\/12\/2024\/05\/Jubilaumslogos-2025.jpg\" alt=\"Jubilaumslogos-2025\" width=\"150\" height=\"99\" data-kale-share-title=\"Was ist das Jubil\u00e4um: Vorbereitungen f\u00fcr ein neues Heiliges Jahr\" data-kale-share-url=\"https:\/\/blog.holyart.it\/de\/?p=3984\" \/><\/p>\n<div class=\"leggi-anche\">Lesen Sie auch:<\/div>\n<p><strong><a href=\"https:\/\/www.holyart.de\/blog\/devotionalien\/die-bedeutung-des-jubilaeumslogos-2025-pilger-der-hoffnung\/\">Die Bedeutung des Jubil\u00e4umslogos 2025: Pilger der Hoffnung<\/a><\/strong><br \/>\nDas Logo des Jubil\u00e4ums 2025, das aus fast dreihundert Vorschl\u00e4gen ausgew\u00e4hlt wurde, ist vorgestellt worden&#8230;<\/p>\n<\/div>\n","protected":false},"excerpt":{"rendered":"<p>Was ist das Jubil\u00e4umsjahr? Wie oft wird es gefeiert? Im Hinblick auf das Heilige Jahr 2025 entdecken wir den Ursprung dieser jahrhundertealten Andachtspraxis Im Hinblick auf das Jahr 2025 ist es wichtig zu verstehen, was ein Jubil\u00e4um ist. Das Jubil\u00e4um oder Heilige Jahr ist ein&hellip;<\/p>\n","protected":false},"author":1,"featured_media":3991,"comment_status":"closed","ping_status":"open","sticky":false,"template":"","format":"standard","meta":{"_acf_changed":false,"footnotes":""},"categories":[17,10],"tags":[],"class_list":["post-3984","post","type-post","status-publish","format-standard","has-post-thumbnail","hentry","category-jubilaeum-2025","category-devotionalien"],"acf":[],"yoast_head":"<!-- This site is optimized with the Yoast SEO plugin v26.6 - https:\/\/yoast.com\/wordpress\/plugins\/seo\/ -->\n<title>Was ist das Jubil\u00e4um: Vorbereitungen f\u00fcr ein neues Heiliges Jahr - Holyart.de Blog<\/title>\n<meta name=\"description\" content=\"Finden wir heraus, was das Jubil\u00e4um ist - Das besondere religi\u00f6se Ereignis, das Gottes Barmherzigkeit und Vergebung feiert und denjenigen, einen vollkommenen Ablass bietet.\" \/>\n<meta name=\"robots\" content=\"index, follow, max-snippet:-1, max-image-preview:large, max-video-preview:-1\" \/>\n<link rel=\"canonical\" href=\"https:\/\/blog.holyart.it\/de\/devotionalien\/was-ist-das-jubilaeum-vorbereitungen-fuer-ein-neues-heiliges-jahr\/\" \/>\n<meta property=\"og:locale\" content=\"de_DE\" \/>\n<meta property=\"og:type\" content=\"article\" \/>\n<meta property=\"og:title\" content=\"Was ist das Jubil\u00e4um: Vorbereitungen f\u00fcr ein neues Heiliges Jahr - Holyart.de Blog\" \/>\n<meta property=\"og:description\" content=\"Finden wir heraus, was das Jubil\u00e4um ist - Das besondere religi\u00f6se Ereignis, das Gottes Barmherzigkeit und Vergebung feiert und denjenigen, einen vollkommenen Ablass bietet.\" \/>\n<meta property=\"og:url\" content=\"https:\/\/blog.holyart.it\/de\/devotionalien\/was-ist-das-jubilaeum-vorbereitungen-fuer-ein-neues-heiliges-jahr\/\" \/>\n<meta property=\"og:site_name\" content=\"Holyart.de Blog\" \/>\n<meta property=\"article:published_time\" content=\"2024-05-06T08:00:24+00:00\" \/>\n<meta property=\"article:modified_time\" content=\"2024-06-13T12:14:51+00:00\" \/>\n<meta property=\"og:image\" content=\"https:\/\/blog.holyart.it\/de\/wp-content\/uploads\/sites\/12\/2024\/05\/Was-ist-das-Jubilaum.jpg\" \/>\n\t<meta property=\"og:image:width\" content=\"1000\" \/>\n\t<meta property=\"og:image:height\" content=\"666\" \/>\n\t<meta property=\"og:image:type\" content=\"image\/jpeg\" \/>\n<meta name=\"author\" content=\"Redazione\" \/>\n<meta name=\"twitter:card\" content=\"summary_large_image\" \/>\n<meta name=\"twitter:label1\" content=\"Verfasst von\" \/>\n\t<meta name=\"twitter:data1\" content=\"Redazione\" \/>\n\t<meta name=\"twitter:label2\" content=\"Gesch\u00e4tzte Lesezeit\" \/>\n\t<meta name=\"twitter:data2\" content=\"8\u00a0Minuten\" \/>\n<script type=\"application\/ld+json\" class=\"yoast-schema-graph\">{\"@context\":\"https:\/\/schema.org\",\"@graph\":[{\"@type\":\"Article\",\"@id\":\"https:\/\/blog.holyart.it\/de\/devotionalien\/was-ist-das-jubilaeum-vorbereitungen-fuer-ein-neues-heiliges-jahr\/#article\",\"isPartOf\":{\"@id\":\"https:\/\/blog.holyart.it\/de\/devotionalien\/was-ist-das-jubilaeum-vorbereitungen-fuer-ein-neues-heiliges-jahr\/\"},\"author\":{\"name\":\"Redazione\",\"@id\":\"https:\/\/blog.holyart.it\/de\/#\/schema\/person\/0a7b686e5af0f856ec1e390dd0baecda\"},\"headline\":\"Was ist das Jubil\u00e4um: Vorbereitungen f\u00fcr ein neues Heiliges Jahr\",\"datePublished\":\"2024-05-06T08:00:24+00:00\",\"dateModified\":\"2024-06-13T12:14:51+00:00\",\"mainEntityOfPage\":{\"@id\":\"https:\/\/blog.holyart.it\/de\/devotionalien\/was-ist-das-jubilaeum-vorbereitungen-fuer-ein-neues-heiliges-jahr\/\"},\"wordCount\":1296,\"publisher\":{\"@id\":\"https:\/\/blog.holyart.it\/de\/#organization\"},\"image\":{\"@id\":\"https:\/\/blog.holyart.it\/de\/devotionalien\/was-ist-das-jubilaeum-vorbereitungen-fuer-ein-neues-heiliges-jahr\/#primaryimage\"},\"thumbnailUrl\":\"https:\/\/blog.holyart.it\/de\/wp-content\/uploads\/sites\/12\/2024\/05\/Was-ist-das-Jubilaum.jpg\",\"articleSection\":[\"Jubil\u00e4um 2025\",\"Religion\"],\"inLanguage\":\"de\"},{\"@type\":\"WebPage\",\"@id\":\"https:\/\/blog.holyart.it\/de\/devotionalien\/was-ist-das-jubilaeum-vorbereitungen-fuer-ein-neues-heiliges-jahr\/\",\"url\":\"https:\/\/blog.holyart.it\/de\/devotionalien\/was-ist-das-jubilaeum-vorbereitungen-fuer-ein-neues-heiliges-jahr\/\",\"name\":\"Was ist das Jubil\u00e4um: Vorbereitungen f\u00fcr ein neues Heiliges Jahr - Holyart.de Blog\",\"isPartOf\":{\"@id\":\"https:\/\/blog.holyart.it\/de\/#website\"},\"primaryImageOfPage\":{\"@id\":\"https:\/\/blog.holyart.it\/de\/devotionalien\/was-ist-das-jubilaeum-vorbereitungen-fuer-ein-neues-heiliges-jahr\/#primaryimage\"},\"image\":{\"@id\":\"https:\/\/blog.holyart.it\/de\/devotionalien\/was-ist-das-jubilaeum-vorbereitungen-fuer-ein-neues-heiliges-jahr\/#primaryimage\"},\"thumbnailUrl\":\"https:\/\/blog.holyart.it\/de\/wp-content\/uploads\/sites\/12\/2024\/05\/Was-ist-das-Jubilaum.jpg\",\"datePublished\":\"2024-05-06T08:00:24+00:00\",\"dateModified\":\"2024-06-13T12:14:51+00:00\",\"description\":\"Finden wir heraus, was das Jubil\u00e4um ist - Das besondere religi\u00f6se Ereignis, das Gottes Barmherzigkeit und Vergebung feiert und denjenigen, einen vollkommenen Ablass bietet.\",\"breadcrumb\":{\"@id\":\"https:\/\/blog.holyart.it\/de\/devotionalien\/was-ist-das-jubilaeum-vorbereitungen-fuer-ein-neues-heiliges-jahr\/#breadcrumb\"},\"inLanguage\":\"de\",\"potentialAction\":[{\"@type\":\"ReadAction\",\"target\":[\"https:\/\/blog.holyart.it\/de\/devotionalien\/was-ist-das-jubilaeum-vorbereitungen-fuer-ein-neues-heiliges-jahr\/\"]}]},{\"@type\":\"ImageObject\",\"inLanguage\":\"de\",\"@id\":\"https:\/\/blog.holyart.it\/de\/devotionalien\/was-ist-das-jubilaeum-vorbereitungen-fuer-ein-neues-heiliges-jahr\/#primaryimage\",\"url\":\"https:\/\/blog.holyart.it\/de\/wp-content\/uploads\/sites\/12\/2024\/05\/Was-ist-das-Jubilaum.jpg\",\"contentUrl\":\"https:\/\/blog.holyart.it\/de\/wp-content\/uploads\/sites\/12\/2024\/05\/Was-ist-das-Jubilaum.jpg\",\"width\":1000,\"height\":666,\"caption\":\"Was ist das Jubilaum\"},{\"@type\":\"BreadcrumbList\",\"@id\":\"https:\/\/blog.holyart.it\/de\/devotionalien\/was-ist-das-jubilaeum-vorbereitungen-fuer-ein-neues-heiliges-jahr\/#breadcrumb\",\"itemListElement\":[{\"@type\":\"ListItem\",\"position\":1,\"name\":\"Homepage\",\"item\":\"https:\/\/blog.holyart.it\/de\/\"},{\"@type\":\"ListItem\",\"position\":2,\"name\":\"Jubil\u00e4um 2025\",\"item\":\"https:\/\/blog.holyart.it\/de\/jubilaeum-2025\/\"},{\"@type\":\"ListItem\",\"position\":3,\"name\":\"Was ist das Jubil\u00e4um: Vorbereitungen f\u00fcr ein neues Heiliges Jahr\"}]},{\"@type\":\"WebSite\",\"@id\":\"https:\/\/blog.holyart.it\/de\/#website\",\"url\":\"https:\/\/blog.holyart.it\/de\/\",\"name\":\"Holyart.de Blog\",\"description\":\"Holyblog\",\"publisher\":{\"@id\":\"https:\/\/blog.holyart.it\/de\/#organization\"},\"potentialAction\":[{\"@type\":\"SearchAction\",\"target\":{\"@type\":\"EntryPoint\",\"urlTemplate\":\"https:\/\/blog.holyart.it\/de\/?s={search_term_string}\"},\"query-input\":{\"@type\":\"PropertyValueSpecification\",\"valueRequired\":true,\"valueName\":\"search_term_string\"}}],\"inLanguage\":\"de\"},{\"@type\":\"Organization\",\"@id\":\"https:\/\/blog.holyart.it\/de\/#organization\",\"name\":\"Holyart.de Blog\",\"url\":\"https:\/\/blog.holyart.it\/de\/\",\"logo\":{\"@type\":\"ImageObject\",\"inLanguage\":\"de\",\"@id\":\"https:\/\/blog.holyart.it\/de\/#\/schema\/logo\/image\/\",\"url\":\"https:\/\/blog.holyart.it\/de\/wp-content\/uploads\/sites\/12\/2022\/12\/Holyart_Blog_Logo.jpg\",\"contentUrl\":\"https:\/\/blog.holyart.it\/de\/wp-content\/uploads\/sites\/12\/2022\/12\/Holyart_Blog_Logo.jpg\",\"width\":300,\"height\":50,\"caption\":\"Holyart.de Blog\"},\"image\":{\"@id\":\"https:\/\/blog.holyart.it\/de\/#\/schema\/logo\/image\/\"}},{\"@type\":\"Person\",\"@id\":\"https:\/\/blog.holyart.it\/de\/#\/schema\/person\/0a7b686e5af0f856ec1e390dd0baecda\",\"name\":\"Redazione\",\"image\":{\"@type\":\"ImageObject\",\"inLanguage\":\"de\",\"@id\":\"https:\/\/blog.holyart.it\/de\/#\/schema\/person\/image\/\",\"url\":\"https:\/\/secure.gravatar.com\/avatar\/f477da817f43e50d0af36abecd33e3edf826c68299714bdc1057dff3b113f516?s=96&d=mm&r=g\",\"contentUrl\":\"https:\/\/secure.gravatar.com\/avatar\/f477da817f43e50d0af36abecd33e3edf826c68299714bdc1057dff3b113f516?s=96&d=mm&r=g\",\"caption\":\"Redazione\"}}]}<\/script>\n<!-- \/ Yoast SEO plugin. -->","yoast_head_json":{"title":"Was ist das Jubil\u00e4um: Vorbereitungen f\u00fcr ein neues Heiliges Jahr - Holyart.de Blog","description":"Finden wir heraus, was das Jubil\u00e4um ist - Das besondere religi\u00f6se Ereignis, das Gottes Barmherzigkeit und Vergebung feiert und denjenigen, einen vollkommenen Ablass bietet.","robots":{"index":"index","follow":"follow","max-snippet":"max-snippet:-1","max-image-preview":"max-image-preview:large","max-video-preview":"max-video-preview:-1"},"canonical":"https:\/\/blog.holyart.it\/de\/devotionalien\/was-ist-das-jubilaeum-vorbereitungen-fuer-ein-neues-heiliges-jahr\/","og_locale":"de_DE","og_type":"article","og_title":"Was ist das Jubil\u00e4um: Vorbereitungen f\u00fcr ein neues Heiliges Jahr - Holyart.de Blog","og_description":"Finden wir heraus, was das Jubil\u00e4um ist - Das besondere religi\u00f6se Ereignis, das Gottes Barmherzigkeit und Vergebung feiert und denjenigen, einen vollkommenen Ablass bietet.","og_url":"https:\/\/blog.holyart.it\/de\/devotionalien\/was-ist-das-jubilaeum-vorbereitungen-fuer-ein-neues-heiliges-jahr\/","og_site_name":"Holyart.de Blog","article_published_time":"2024-05-06T08:00:24+00:00","article_modified_time":"2024-06-13T12:14:51+00:00","og_image":[{"width":1000,"height":666,"url":"https:\/\/blog.holyart.it\/de\/wp-content\/uploads\/sites\/12\/2024\/05\/Was-ist-das-Jubilaum.jpg","type":"image\/jpeg"}],"author":"Redazione","twitter_card":"summary_large_image","twitter_misc":{"Verfasst von":"Redazione","Gesch\u00e4tzte Lesezeit":"8\u00a0Minuten"},"schema":{"@context":"https:\/\/schema.org","@graph":[{"@type":"Article","@id":"https:\/\/blog.holyart.it\/de\/devotionalien\/was-ist-das-jubilaeum-vorbereitungen-fuer-ein-neues-heiliges-jahr\/#article","isPartOf":{"@id":"https:\/\/blog.holyart.it\/de\/devotionalien\/was-ist-das-jubilaeum-vorbereitungen-fuer-ein-neues-heiliges-jahr\/"},"author":{"name":"Redazione","@id":"https:\/\/blog.holyart.it\/de\/#\/schema\/person\/0a7b686e5af0f856ec1e390dd0baecda"},"headline":"Was ist das Jubil\u00e4um: Vorbereitungen f\u00fcr ein neues Heiliges Jahr","datePublished":"2024-05-06T08:00:24+00:00","dateModified":"2024-06-13T12:14:51+00:00","mainEntityOfPage":{"@id":"https:\/\/blog.holyart.it\/de\/devotionalien\/was-ist-das-jubilaeum-vorbereitungen-fuer-ein-neues-heiliges-jahr\/"},"wordCount":1296,"publisher":{"@id":"https:\/\/blog.holyart.it\/de\/#organization"},"image":{"@id":"https:\/\/blog.holyart.it\/de\/devotionalien\/was-ist-das-jubilaeum-vorbereitungen-fuer-ein-neues-heiliges-jahr\/#primaryimage"},"thumbnailUrl":"https:\/\/blog.holyart.it\/de\/wp-content\/uploads\/sites\/12\/2024\/05\/Was-ist-das-Jubilaum.jpg","articleSection":["Jubil\u00e4um 2025","Religion"],"inLanguage":"de"},{"@type":"WebPage","@id":"https:\/\/blog.holyart.it\/de\/devotionalien\/was-ist-das-jubilaeum-vorbereitungen-fuer-ein-neues-heiliges-jahr\/","url":"https:\/\/blog.holyart.it\/de\/devotionalien\/was-ist-das-jubilaeum-vorbereitungen-fuer-ein-neues-heiliges-jahr\/","name":"Was ist das Jubil\u00e4um: Vorbereitungen f\u00fcr ein neues Heiliges Jahr - Holyart.de Blog","isPartOf":{"@id":"https:\/\/blog.holyart.it\/de\/#website"},"primaryImageOfPage":{"@id":"https:\/\/blog.holyart.it\/de\/devotionalien\/was-ist-das-jubilaeum-vorbereitungen-fuer-ein-neues-heiliges-jahr\/#primaryimage"},"image":{"@id":"https:\/\/blog.holyart.it\/de\/devotionalien\/was-ist-das-jubilaeum-vorbereitungen-fuer-ein-neues-heiliges-jahr\/#primaryimage"},"thumbnailUrl":"https:\/\/blog.holyart.it\/de\/wp-content\/uploads\/sites\/12\/2024\/05\/Was-ist-das-Jubilaum.jpg","datePublished":"2024-05-06T08:00:24+00:00","dateModified":"2024-06-13T12:14:51+00:00","description":"Finden wir heraus, was das Jubil\u00e4um ist - Das besondere religi\u00f6se Ereignis, das Gottes Barmherzigkeit und Vergebung feiert und denjenigen, einen vollkommenen Ablass bietet.","breadcrumb":{"@id":"https:\/\/blog.holyart.it\/de\/devotionalien\/was-ist-das-jubilaeum-vorbereitungen-fuer-ein-neues-heiliges-jahr\/#breadcrumb"},"inLanguage":"de","potentialAction":[{"@type":"ReadAction","target":["https:\/\/blog.holyart.it\/de\/devotionalien\/was-ist-das-jubilaeum-vorbereitungen-fuer-ein-neues-heiliges-jahr\/"]}]},{"@type":"ImageObject","inLanguage":"de","@id":"https:\/\/blog.holyart.it\/de\/devotionalien\/was-ist-das-jubilaeum-vorbereitungen-fuer-ein-neues-heiliges-jahr\/#primaryimage","url":"https:\/\/blog.holyart.it\/de\/wp-content\/uploads\/sites\/12\/2024\/05\/Was-ist-das-Jubilaum.jpg","contentUrl":"https:\/\/blog.holyart.it\/de\/wp-content\/uploads\/sites\/12\/2024\/05\/Was-ist-das-Jubilaum.jpg","width":1000,"height":666,"caption":"Was ist das Jubilaum"},{"@type":"BreadcrumbList","@id":"https:\/\/blog.holyart.it\/de\/devotionalien\/was-ist-das-jubilaeum-vorbereitungen-fuer-ein-neues-heiliges-jahr\/#breadcrumb","itemListElement":[{"@type":"ListItem","position":1,"name":"Homepage","item":"https:\/\/blog.holyart.it\/de\/"},{"@type":"ListItem","position":2,"name":"Jubil\u00e4um 2025","item":"https:\/\/blog.holyart.it\/de\/jubilaeum-2025\/"},{"@type":"ListItem","position":3,"name":"Was ist das Jubil\u00e4um: Vorbereitungen f\u00fcr ein neues Heiliges Jahr"}]},{"@type":"WebSite","@id":"https:\/\/blog.holyart.it\/de\/#website","url":"https:\/\/blog.holyart.it\/de\/","name":"Holyart.de Blog","description":"Holyblog","publisher":{"@id":"https:\/\/blog.holyart.it\/de\/#organization"},"potentialAction":[{"@type":"SearchAction","target":{"@type":"EntryPoint","urlTemplate":"https:\/\/blog.holyart.it\/de\/?s={search_term_string}"},"query-input":{"@type":"PropertyValueSpecification","valueRequired":true,"valueName":"search_term_string"}}],"inLanguage":"de"},{"@type":"Organization","@id":"https:\/\/blog.holyart.it\/de\/#organization","name":"Holyart.de Blog","url":"https:\/\/blog.holyart.it\/de\/","logo":{"@type":"ImageObject","inLanguage":"de","@id":"https:\/\/blog.holyart.it\/de\/#\/schema\/logo\/image\/","url":"https:\/\/blog.holyart.it\/de\/wp-content\/uploads\/sites\/12\/2022\/12\/Holyart_Blog_Logo.jpg","contentUrl":"https:\/\/blog.holyart.it\/de\/wp-content\/uploads\/sites\/12\/2022\/12\/Holyart_Blog_Logo.jpg","width":300,"height":50,"caption":"Holyart.de Blog"},"image":{"@id":"https:\/\/blog.holyart.it\/de\/#\/schema\/logo\/image\/"}},{"@type":"Person","@id":"https:\/\/blog.holyart.it\/de\/#\/schema\/person\/0a7b686e5af0f856ec1e390dd0baecda","name":"Redazione","image":{"@type":"ImageObject","inLanguage":"de","@id":"https:\/\/blog.holyart.it\/de\/#\/schema\/person\/image\/","url":"https:\/\/secure.gravatar.com\/avatar\/f477da817f43e50d0af36abecd33e3edf826c68299714bdc1057dff3b113f516?s=96&d=mm&r=g","contentUrl":"https:\/\/secure.gravatar.com\/avatar\/f477da817f43e50d0af36abecd33e3edf826c68299714bdc1057dff3b113f516?s=96&d=mm&r=g","caption":"Redazione"}}]}},"_links":{"self":[{"href":"https:\/\/blog.holyart.it\/de\/wp-json\/wp\/v2\/posts\/3984","targetHints":{"allow":["GET"]}}],"collection":[{"href":"https:\/\/blog.holyart.it\/de\/wp-json\/wp\/v2\/posts"}],"about":[{"href":"https:\/\/blog.holyart.it\/de\/wp-json\/wp\/v2\/types\/post"}],"author":[{"embeddable":true,"href":"https:\/\/blog.holyart.it\/de\/wp-json\/wp\/v2\/users\/1"}],"replies":[{"embeddable":true,"href":"https:\/\/blog.holyart.it\/de\/wp-json\/wp\/v2\/comments?post=3984"}],"version-history":[{"count":3,"href":"https:\/\/blog.holyart.it\/de\/wp-json\/wp\/v2\/posts\/3984\/revisions"}],"predecessor-version":[{"id":4210,"href":"https:\/\/blog.holyart.it\/de\/wp-json\/wp\/v2\/posts\/3984\/revisions\/4210"}],"wp:featuredmedia":[{"embeddable":true,"href":"https:\/\/blog.holyart.it\/de\/wp-json\/wp\/v2\/media\/3991"}],"wp:attachment":[{"href":"https:\/\/blog.holyart.it\/de\/wp-json\/wp\/v2\/media?parent=3984"}],"wp:term":[{"taxonomy":"category","embeddable":true,"href":"https:\/\/blog.holyart.it\/de\/wp-json\/wp\/v2\/categories?post=3984"},{"taxonomy":"post_tag","embeddable":true,"href":"https:\/\/blog.holyart.it\/de\/wp-json\/wp\/v2\/tags?post=3984"}],"curies":[{"name":"wp","href":"https:\/\/api.w.org\/{rel}","templated":true}]}}