{"id":3961,"date":"2024-04-29T14:53:20","date_gmt":"2024-04-29T12:53:20","guid":{"rendered":"https:\/\/blog.holyart.it\/de\/?p=3961"},"modified":"2024-07-17T14:55:23","modified_gmt":"2024-07-17T12:55:23","slug":"die-bedeutung-des-jubilaeumslogos-2025-pilger-der-hoffnung","status":"publish","type":"post","link":"https:\/\/blog.holyart.it\/de\/devotionalien\/die-bedeutung-des-jubilaeumslogos-2025-pilger-der-hoffnung\/","title":{"rendered":"Die Bedeutung des Jubil\u00e4umslogos 2025: Pilger der Hoffnung"},"content":{"rendered":"<h4>Das Logo des Jubil\u00e4ums 2025, das aus fast dreihundert Vorschl\u00e4gen ausgew\u00e4hlt wurde, ist vorgestellt worden. Ein Symbol der Hoffnung und der Geschwisterlichkeit, das uns auf dem Pilgerweg des Glaubens im Heiligen Jahr begleiten wird<\/h4>\n\n<p>W\u00e4hrend die Vorbereitungen f\u00fcr das <a href=\"https:\/\/www.holyart.de\/blog\/devotionalien\/der-veranstaltungskalender-des-jubilaeums-2025\/\"><strong>Heilige Jahr 2025<\/strong><\/a> in vollem Gange sind, f\u00fcr das der reichhaltige Kalender ver\u00f6ffentlicht und die Hymne zum ersten Mal aufgef\u00fchrt wurde, beginnt sich auch das <strong>Jubil\u00e4umslogo<\/strong> zu verbreiten. Es ist ein symboltr\u00e4chtiges Bild, das die zentralen Themen des Heiligen Jahres darstellt: <strong>Hoffnung, Barmherzigkeit und Geschwisterlichkeit<\/strong>.<\/p>\n<p>Das Logo wurde <strong>am 28. Juni<\/strong> w\u00e4hrend der Pressekonferenz in der Sala Regia des Apostolischen Palastes in der Vatikanstadt in Anwesenheit von <strong>Monsignore Rino Fisichella<\/strong>, Pro-Pr\u00e4fekt des Dikasteriums f\u00fcr Evangelisierung, vorgestellt und von Bisch\u00f6fen und Priestern mit Wohlwollen aufgenommen und Laien.<\/p>\n<div class=\"link-article\">\n<p><img loading=\"lazy\" decoding=\"async\" class=\"size-full wp-image-3964 alignleft\" src=\"https:\/\/blog.holyart.it\/de\/wp-content\/uploads\/sites\/12\/2024\/04\/Der-Veranstaltungskalender-des-Jubilaeums-2025-1.jpg\" alt=\"Der Veranstaltungskalender des Jubilaeums 2025\" width=\"150\" height=\"99\" data-kale-share-title=\"Die Bedeutung des Jubil\u00e4umslogos 2025: Pilger der Hoffnung\" data-kale-share-url=\"https:\/\/blog.holyart.it\/de\/?p=3961\" \/><\/p>\n<div class=\"leggi-anche\">Lesen Sie auch:<\/div>\n<p><strong><a href=\"https:\/\/www.holyart.de\/blog\/devotionalien\/der-veranstaltungskalender-des-jubilaeums-2025\/\">Der Veranstaltungskalender des Jubil\u00e4ums 2025<\/a><\/strong><br \/>\nDer Veranstaltungskalender f\u00fcr das Jubil\u00e4um 2025 wurde ver\u00f6ffentlicht: zw\u00f6lf Monate mit Veranstaltungen und Gelegenheiten&#8230;<\/p>\n<\/div>\n<p>Tats\u00e4chlich handelt es sich um ein <strong>einfaches und universelles Bild<\/strong>, das von Menschen <strong>aller Kulturen und Religionen <\/strong>verstanden werden kann und <strong>eine Einladung an alle<\/strong> enth\u00e4lt, gemeinsam in eine bessere Zukunft zu gehen, <strong>geleitet vom Glauben<\/strong> und dem Wunsch, im Namen der Barmherzigkeit und Br\u00fcderlichkeit <strong>eine bessere Welt aufzubauen<\/strong>. Diese Hoffnung wird durch das <strong>Motto des <a href=\"https:\/\/www.holyart.de\/jubilaum-2025-pilger-der-hoffnung\">Jubil\u00e4ums 2025<\/a><\/strong> unterstrichen, das deutlich in Gr\u00fcn am unteren Rand des Logos zu erkennen ist: <em>Peregrinantes in Spem<\/em>, \u201e<strong>Pilger in Hoffnung<\/strong>\u201c.<\/p>\n<p>Denn <strong>Hoffnung<\/strong> wird das Grundthema des Heiligen Jahres 2025 sein.<\/p>\n<p>Aber sehen wir uns im Detail an, was das Jubil\u00e4umslogo darstellt und welche Bedeutung es hat.<\/p>\n<div class=\"link-product\">\n<div class=\"blocco-immagine\"><img loading=\"lazy\" decoding=\"async\" class=\"size-full wp-image-3965 alignleft\" src=\"https:\/\/blog.holyart.it\/de\/wp-content\/uploads\/sites\/12\/2024\/04\/Rosenkranzetui.jpg\" alt=\"Rosenkranzetui\" width=\"100\" height=\"100\" data-kale-share-title=\"Die Bedeutung des Jubil\u00e4umslogos 2025: Pilger der Hoffnung\" data-kale-share-url=\"https:\/\/blog.holyart.it\/de\/?p=3961\" \/><\/div>\n<div class=\"blocco-contenuto\">\n<div class=\"blocco-acquista\">Einkaufen:<\/div>\n<div class=\"blocco-titolo\"><a href=\"https:\/\/www.holyart.de\/jubilaum-2025-pilger-der-hoffnung\">Jubil\u00e4um 2025 &#8211; Pilger der Hoffnung<\/a><\/div>\n<div class=\"blocco-descrizione\">Artikel anl\u00e4sslich der Feier des bevorstehenden Heiligen Jahres 2025 in Rom.<\/div>\n<\/div>\n<\/div>\n<h2>Jubil\u00e4umslogo: Die Bedeutung<\/h2>\n<p>Das f\u00fcr das Heilige Jahr gew\u00e4hlte Logo zeigt <strong>vier stilisierte und anmutige Figuren<\/strong> in vier Farben, die an die Schattierungen des Regenbogens erinnern: <strong>Rot, Orange, Gr\u00fcn und Blau<\/strong>. Die Wahl der Farben ist nicht zuf\u00e4llig, ebenso wie die Farbe der <a href=\"https:\/\/www.holyart.de\/jubilaum-2025-pilger-der-hoffnung\/kasel-cremefarben-mit-gesticktem-offiziellen-logo-des-jubilaums-2025\"><strong>heiligen Gew\u00e4nder<\/strong><\/a> w\u00e4hrend des liturgischen Jahres nicht zuf\u00e4llig ist. <strong>Rot<\/strong> symbolisiert Liebe, Leidenschaft und Hingabe, das Opfer Christi und seine grenzenlose Liebe zur Menschheit, aber auch das Feuer des Heiligen Geistes und seine Kraft, die Christen belebt. <strong>Orange<\/strong> dr\u00fcckt Freude, Vitalit\u00e4t und Begeisterung aus, das Licht, das den Weg des Glaubens erhellt. <strong>Gr\u00fcn<\/strong> gilt allgemein als die Farbe der Hoffnung, des Wachstums und der Wiedergeburt. Schlie\u00dflich symbolisiert <strong>Blau<\/strong> Glauben, Frieden und Ruhe, erinnert an den Himmel und die Spiritualit\u00e4t und l\u00e4dt zum Nachdenken und Gebet ein.<\/p>\n<div class=\"link-product\">\n<div class=\"blocco-immagine\"><img loading=\"lazy\" decoding=\"async\" class=\"size-full wp-image-3966 alignleft\" src=\"https:\/\/blog.holyart.it\/de\/wp-content\/uploads\/sites\/12\/2024\/04\/kasel-cremefarben-mit-gesticktem-offiziellen-logo-des-jubilaums-2025.jpg\" alt=\"kasel cremefarben mit gesticktem offiziellen logo des jubilaums 2025\" width=\"100\" height=\"100\" data-kale-share-title=\"Die Bedeutung des Jubil\u00e4umslogos 2025: Pilger der Hoffnung\" data-kale-share-url=\"https:\/\/blog.holyart.it\/de\/?p=3961\" \/><\/div>\n<div class=\"blocco-contenuto\">\n<div class=\"blocco-acquista\">Einkaufen:<\/div>\n<div class=\"blocco-titolo\"><a href=\"https:\/\/www.holyart.de\/jubilaum-2025-pilger-der-hoffnung\/kasel-cremefarben-mit-gesticktem-offiziellen-logo-des-jubilaums-2025\">Kasel, cremefarben, mit gesticktem offiziellen Logo des Jubil\u00e4ums 2025<\/a><\/div>\n<div class=\"blocco-descrizione\">Kasel, mit gesticktem offiziellen Logo des Jubil\u00e4ums 2025.<\/div>\n<\/div>\n<\/div>\n<p>Die vier Figuren repr\u00e4sentieren die <strong>gesamte Menschheit<\/strong> in ihren Unterschieden und Gemeinsamkeiten. Sie <strong>legen ihre Arme umeinander<\/strong> und dr\u00fccken damit die <strong>Solidarit\u00e4t<\/strong> und <strong>Br\u00fcderlichkeit<\/strong> aus, die die V\u00f6lker der Welt vereinen sollten. An ihrer Spitze steht die kleine rote Figur, die an einem <strong>Kreuz<\/strong> h\u00e4ngt, das aus einer schwarzen Kurve besteht, die im unteren Teil mit einem <strong>Anker<\/strong> endet. Das Kreuz ist nicht starr, nicht statisch, sondern neigt sich der Menschheit zu, als wolle es sie umarmen. Was den Anker anbelangt, so war es Monsignore Fisichella selbst, der seine Bedeutung erkl\u00e4rte: \u201e<em>Wie wir wissen, wurde der Anker oft als Metapher f\u00fcr Hoffnung verwendet. Der Anker der Hoffnung ist der Name, der im maritimen Jargon der Ankerreserve gegeben wird und von verwendet wird Schiffe m\u00fcssen Notfallman\u00f6ver durchf\u00fchren, um das Schiff bei St\u00fcrmen zu stabilisieren<\/em>.\u201c Die Bedeutung dieses Symbols im Jubil\u00e4umslogo ist klar: Gerade in den schwierigsten Momenten m\u00fcssen wir uns auf einen Anker verlassen, der uns Sicherheit gibt und uns das Heil garantiert, und welchen besseren Anker gibt es als das <strong>Kreuz, Symbol Christi<\/strong> und Seiner Unendliche Liebe f\u00fcr uns alle? Das Vorhandensein der <strong>kleinen Wellen<\/strong> im unteren Teil des Logos best\u00e4tigt die Existenz von Gefahren und Hindernissen, von pers\u00f6nlichen Angelegenheiten und Weltereignissen, die das Leben eines jeden von uns nicht immer einfach machen.<\/p>\n<p>Also erh\u00e4lt das Logo in seiner Gesamtheit eine klare Bedeutung, und das Jubil\u00e4um mit seinen zw\u00f6lf Monaten voller Zeremonien und Initiativen wird zu einer <a href=\"https:\/\/www.holyart.de\/blog\/devotionalien\/5-pilgerorte-die-man-mindestens-einmal-im-leben-besuchen-sollte\/\"><strong>langen Pilgerreise<\/strong><\/a>, die alle gemeinsam und als Br\u00fcder auf dem Weg zum Heil unternehmen m\u00fcssen, geleitet vom Kreuz und der Hoffnung auf das Heil von Gott versprochen.<\/p>\n<div class=\"link-article\">\n<p><img loading=\"lazy\" decoding=\"async\" class=\"size-full wp-image-3967 alignleft\" src=\"https:\/\/blog.holyart.it\/de\/wp-content\/uploads\/sites\/12\/2024\/04\/5-Pilgerorte-die-man-mindestens-einmal-im-Leben-besuchen-sollte.jpeg\" alt=\"5 Pilgerorte die man mindestens einmal im Leben besuchen sollte\" width=\"150\" height=\"99\" data-kale-share-title=\"Die Bedeutung des Jubil\u00e4umslogos 2025: Pilger der Hoffnung\" data-kale-share-url=\"https:\/\/blog.holyart.it\/de\/?p=3961\" \/><\/p>\n<div class=\"leggi-anche\">Lesen Sie auch:<\/div>\n<p><strong><a href=\"https:\/\/www.holyart.de\/blog\/devotionalien\/5-pilgerorte-die-man-mindestens-einmal-im-leben-besuchen-sollte\/\">5 Pilgerorte, die man mindestens einmal im Leben besuchen sollte<\/a><\/strong><br \/>\nGottes Handeln auf dieser Erde hinterl\u00e4sst eine starke Spur, die uns&#8230;<\/p>\n<\/div>\n<h2>Das Thema: Pilger in Hoffnung<\/h2>\n<p>Das Thema des Jubil\u00e4ums in Rom ist in dem oben genannten Motto enthalten: \u201e<a href=\"https:\/\/www.holyart.de\/jubilaum-2025-pilger-der-hoffnung\/weisse-kerze-mit-offiziellem-logo-des-jubilaums-2025-15x6-cm\"><strong>Pilger in Hoffnung<\/strong><\/a>\u201c. Als er \u00fcber das f\u00fcr das n\u00e4chste Jubil\u00e4um gew\u00e4hlte Thema sprach, betonte Papst Franziskus die Bedeutung einer tieferen spirituellen \u00dcberlegung \u00fcber die <strong>Barmherzigkeit<\/strong>, die durch konkrete Ma\u00dfnahmen des <strong>Mitgef\u00fchls, der Vergebung und der Solidarit\u00e4t<\/strong> zum <strong>Gebet<\/strong> und zu einem st\u00e4rkeren Bewusstsein f\u00fcr den g\u00f6ttlichen Willen in unserem t\u00e4glichen Leben anregt. Dar\u00fcber hinaus empfahl der Papst allen, das Jahr 2024 in Vorbereitung auf das Jubil\u00e4um dem Gebet zu widmen und \u00fcber die Barmherzigkeit Gottes des Vaters und \u00fcber unsere Rolle als Zeugen und aktive F\u00f6rderer der Barmherzigkeit in der modernen Welt zu meditieren.<\/p>\n<div class=\"link-product\">\n<div class=\"blocco-immagine\"><img loading=\"lazy\" decoding=\"async\" class=\"size-full wp-image-4213 alignleft\" src=\"https:\/\/blog.holyart.it\/de\/wp-content\/uploads\/sites\/12\/2024\/04\/Pilgerkomplett-Kit-zum-Jubilaeum-2025-Rucksack-plus-Zubehoer-umweltfreundlich-und-wasserdicht.jpg\" alt=\"Pilgerkomplett-Kit zum Jubil\u00e4um 2025, Rucksack plus Zubeh\u00f6r, umweltfreundlich und wasserdicht\" width=\"100\" height=\"100\" data-kale-share-title=\"Die Bedeutung des Jubil\u00e4umslogos 2025: Pilger der Hoffnung\" data-kale-share-url=\"https:\/\/blog.holyart.it\/de\/devotionalien\/die-bedeutung-des-jubilaeumslogos-2025-pilger-der-hoffnung\/\" \/><\/div>\n<div class=\"blocco-contenuto\">\n<div class=\"blocco-acquista\">Einkaufen:<\/div>\n<div class=\"blocco-titolo\"><a href=\"https:\/\/www.holyart.de\/jubilaum-2025-pilger-der-hoffnung\/pilger-set-und-gadgets-zum-jubilaum-2025\/pilgerkomplett-kit-zum-jubilaum-2025-rucksack-plus-zubehor-umweltfreundlich-und-wasserdicht\">Pilgerkomplett-Kit zum Jubil\u00e4um 2025, Rucksack plus Zubeh\u00f6r, umweltfreundlich und wasserdicht <\/a><\/div>\n<div class=\"blocco-descrizione\">Rucksack aus umweltfreundlichem Material plus Zubeh\u00f6r.<\/div>\n<\/div>\n<\/div>\n<p>Dieses Motto klingt als eine Einladung zum gemeinsamen Weg, die an alle Christen und Menschen gerichtet ist, um gemeinsam einer besseren Zukunft entgegenzugehen, basierend auf Hoffnung, Barmherzigkeit und Br\u00fcderlichkeit, einer kontinuierlichen Reise auf der Suche nach Gott und seinem Heil. Schon die Idee der <strong>Pilgerfahrt<\/strong> weist auf die gemeinschaftliche Dimension der Kirche hin: Wir sind alle gemeinsam auf einer Reise, niemand ist allein in seiner Suche nach Erl\u00f6sung, in seinem Wunsch, mit Gott und den anderen vers\u00f6hnt zu werden. Tats\u00e4chlich ist die Pilgerreise genau eine Gelegenheit, die Freude des Evangeliums zu erleben, den eigenen Glauben mit der Welt zu teilen und eine Zukunft des Friedens und der Br\u00fcderlichkeit f\u00fcr alle aufzubauen.<\/p>\n<div class=\"link-product\">\n<div class=\"blocco-immagine\"><img loading=\"lazy\" decoding=\"async\" class=\"size-full wp-image-3968 alignleft\" src=\"https:\/\/blog.holyart.it\/de\/wp-content\/uploads\/sites\/12\/2024\/04\/weisse-kerze-mit-offiziellem-logo-des-jubilaums-2025-15x6-cm.jpg\" alt=\"weisse kerze mit offiziellem logo des jubilaums 2025 15x6 cm\" width=\"100\" height=\"100\" data-kale-share-title=\"Die Bedeutung des Jubil\u00e4umslogos 2025: Pilger der Hoffnung\" data-kale-share-url=\"https:\/\/blog.holyart.it\/de\/?p=3961\" \/><\/div>\n<div class=\"blocco-contenuto\">\n<div class=\"blocco-acquista\">Einkaufen:<\/div>\n<div class=\"blocco-titolo\"><a href=\"https:\/\/www.holyart.de\/jubilaum-2025-pilger-der-hoffnung\/weisse-kerze-mit-offiziellem-logo-des-jubilaums-2025-15x6-cm\">Wei\u00dfe Kerze mit offiziellem Logo des Jubil\u00e4ums 2025, 15&#215;6 cm<\/a><\/div>\n<div class=\"blocco-descrizione\">Die Kerze wird in einer der \u00e4ltesten Kerzenfabriken Italiens und der Welt hergestellt.<\/div>\n<\/div>\n<\/div>\n<h2>Autor des Logos zum Jubil\u00e4um 2025<\/h2>\n<p>Zur Wahl des Logos wurde ein <strong>internationaler Wettbewerb<\/strong> durchgef\u00fchrt, an dem 294 Teilnehmer aus 48 verschiedenen L\u00e4ndern teilnahmen. Der Wettbewerb richtete sich nicht nur an Grafikdesigner und Designer, sondern an alle, die mit der Einreichung eines Vorschlags einen Beitrag leisten wollten. Es gab auch viele handgezeichnete Zeichnungen von Kindern, und die Altersspanne der Teilnehmer reichte von 6 bis 83 Jahren. Am Ende wurden die drei Projekte, die es in die Endauswahl geschafft hatten, Papst Franziskus vorgelegt, damit dieser dasjenige ausw\u00e4hlen konnte, das seiner Meinung nach am besten geeignet war.<\/p>\n<p>Der Gewinner war <strong>Giacomo Trevisani<\/strong>, ein junger Grafikdesigner aus Apulien, der seine grafische Wahl und die Studie hinter der Entstehung des Logos mit folgenden Worten erl\u00e4uterte: \u201e<em>Ich stellte mir vor, dass Menschen jeder Hautfarbe aus jedem Teil der Erde in eine gemeinsame Zukunft ziehen<\/em> <em>und zu einem Kreuz, das Jesus selbst ist. Ich stellte mir vor, wie der Papst die Menschheit durch ein Kreuz f\u00fchrt, das zum Anker wird, und an dem wir uns festhalten, als Symbol f\u00fcr die Pilger aller Zeiten<\/em>.\u201c<\/p>\n<p>Ein passendes Bild, um Christen auf der ganzen Welt und die gesamte Menschheit durch dieses Jahr voller Jubil\u00e4umsereignisse und planetarischer Initiativen zu f\u00fchren, indem wir versuchen, unsere Welt zu einem besseren Ort f\u00fcr die n\u00e4chsten Generationen zu machen, erleuchtet durch Hoffnung und beruhigt durch Liebe und die Verhei\u00dfung Gottes .<\/p>\n","protected":false},"excerpt":{"rendered":"<p>Das Logo des Jubil\u00e4ums 2025, das aus fast dreihundert Vorschl\u00e4gen ausgew\u00e4hlt wurde, ist vorgestellt worden. Ein Symbol der Hoffnung und der Geschwisterlichkeit, das uns auf dem Pilgerweg des Glaubens im Heiligen Jahr begleiten wird W\u00e4hrend die Vorbereitungen f\u00fcr das Heilige Jahr 2025 in vollem Gange&hellip;<\/p>\n","protected":false},"author":1,"featured_media":3962,"comment_status":"closed","ping_status":"open","sticky":false,"template":"","format":"standard","meta":{"_acf_changed":false,"footnotes":""},"categories":[17,10],"tags":[],"class_list":["post-3961","post","type-post","status-publish","format-standard","has-post-thumbnail","hentry","category-jubilaeum-2025","category-devotionalien"],"acf":[],"yoast_head":"<!-- This site is optimized with the Yoast SEO plugin v26.6 - https:\/\/yoast.com\/wordpress\/plugins\/seo\/ -->\n<title>Die Bedeutung des Jubil\u00e4umslogos 2025: Pilger der Hoffnung - Holyart.de Blog<\/title>\n<meta name=\"description\" content=\"Das Logo des Jubil\u00e4ums 2025 ist ein Bild der Hoffnung und des Willens, gemeinsam voranzukommen, vereint im Versprechen der Erl\u00f6sung.\" \/>\n<meta name=\"robots\" content=\"index, follow, max-snippet:-1, max-image-preview:large, max-video-preview:-1\" \/>\n<link rel=\"canonical\" href=\"https:\/\/blog.holyart.it\/de\/devotionalien\/die-bedeutung-des-jubilaeumslogos-2025-pilger-der-hoffnung\/\" \/>\n<meta property=\"og:locale\" content=\"de_DE\" \/>\n<meta property=\"og:type\" content=\"article\" \/>\n<meta property=\"og:title\" content=\"Die Bedeutung des Jubil\u00e4umslogos 2025: Pilger der Hoffnung - Holyart.de Blog\" \/>\n<meta property=\"og:description\" content=\"Das Logo des Jubil\u00e4ums 2025 ist ein Bild der Hoffnung und des Willens, gemeinsam voranzukommen, vereint im Versprechen der Erl\u00f6sung.\" \/>\n<meta property=\"og:url\" content=\"https:\/\/blog.holyart.it\/de\/devotionalien\/die-bedeutung-des-jubilaeumslogos-2025-pilger-der-hoffnung\/\" \/>\n<meta property=\"og:site_name\" content=\"Holyart.de Blog\" \/>\n<meta property=\"article:published_time\" content=\"2024-04-29T12:53:20+00:00\" \/>\n<meta property=\"article:modified_time\" content=\"2024-07-17T12:55:23+00:00\" \/>\n<meta property=\"og:image\" content=\"https:\/\/blog.holyart.it\/de\/wp-content\/uploads\/sites\/12\/2024\/04\/Jubilaumslogos-2025.jpg\" \/>\n\t<meta property=\"og:image:width\" content=\"1000\" \/>\n\t<meta property=\"og:image:height\" content=\"666\" \/>\n\t<meta property=\"og:image:type\" content=\"image\/jpeg\" \/>\n<meta name=\"author\" content=\"Redazione\" \/>\n<meta name=\"twitter:card\" content=\"summary_large_image\" \/>\n<meta name=\"twitter:label1\" content=\"Verfasst von\" \/>\n\t<meta name=\"twitter:data1\" content=\"Redazione\" \/>\n\t<meta name=\"twitter:label2\" content=\"Gesch\u00e4tzte Lesezeit\" \/>\n\t<meta name=\"twitter:data2\" content=\"9\u00a0Minuten\" \/>\n<script type=\"application\/ld+json\" class=\"yoast-schema-graph\">{\"@context\":\"https:\/\/schema.org\",\"@graph\":[{\"@type\":\"Article\",\"@id\":\"https:\/\/blog.holyart.it\/de\/devotionalien\/die-bedeutung-des-jubilaeumslogos-2025-pilger-der-hoffnung\/#article\",\"isPartOf\":{\"@id\":\"https:\/\/blog.holyart.it\/de\/devotionalien\/die-bedeutung-des-jubilaeumslogos-2025-pilger-der-hoffnung\/\"},\"author\":{\"name\":\"Redazione\",\"@id\":\"https:\/\/blog.holyart.it\/de\/#\/schema\/person\/0a7b686e5af0f856ec1e390dd0baecda\"},\"headline\":\"Die Bedeutung des Jubil\u00e4umslogos 2025: Pilger der Hoffnung\",\"datePublished\":\"2024-04-29T12:53:20+00:00\",\"dateModified\":\"2024-07-17T12:55:23+00:00\",\"mainEntityOfPage\":{\"@id\":\"https:\/\/blog.holyart.it\/de\/devotionalien\/die-bedeutung-des-jubilaeumslogos-2025-pilger-der-hoffnung\/\"},\"wordCount\":1287,\"publisher\":{\"@id\":\"https:\/\/blog.holyart.it\/de\/#organization\"},\"image\":{\"@id\":\"https:\/\/blog.holyart.it\/de\/devotionalien\/die-bedeutung-des-jubilaeumslogos-2025-pilger-der-hoffnung\/#primaryimage\"},\"thumbnailUrl\":\"https:\/\/blog.holyart.it\/de\/wp-content\/uploads\/sites\/12\/2024\/04\/Jubilaumslogos-2025.jpg\",\"articleSection\":[\"Jubil\u00e4um 2025\",\"Religion\"],\"inLanguage\":\"de\"},{\"@type\":\"WebPage\",\"@id\":\"https:\/\/blog.holyart.it\/de\/devotionalien\/die-bedeutung-des-jubilaeumslogos-2025-pilger-der-hoffnung\/\",\"url\":\"https:\/\/blog.holyart.it\/de\/devotionalien\/die-bedeutung-des-jubilaeumslogos-2025-pilger-der-hoffnung\/\",\"name\":\"Die Bedeutung des Jubil\u00e4umslogos 2025: Pilger der Hoffnung - Holyart.de Blog\",\"isPartOf\":{\"@id\":\"https:\/\/blog.holyart.it\/de\/#website\"},\"primaryImageOfPage\":{\"@id\":\"https:\/\/blog.holyart.it\/de\/devotionalien\/die-bedeutung-des-jubilaeumslogos-2025-pilger-der-hoffnung\/#primaryimage\"},\"image\":{\"@id\":\"https:\/\/blog.holyart.it\/de\/devotionalien\/die-bedeutung-des-jubilaeumslogos-2025-pilger-der-hoffnung\/#primaryimage\"},\"thumbnailUrl\":\"https:\/\/blog.holyart.it\/de\/wp-content\/uploads\/sites\/12\/2024\/04\/Jubilaumslogos-2025.jpg\",\"datePublished\":\"2024-04-29T12:53:20+00:00\",\"dateModified\":\"2024-07-17T12:55:23+00:00\",\"description\":\"Das Logo des Jubil\u00e4ums 2025 ist ein Bild der Hoffnung und des Willens, gemeinsam voranzukommen, vereint im Versprechen der Erl\u00f6sung.\",\"breadcrumb\":{\"@id\":\"https:\/\/blog.holyart.it\/de\/devotionalien\/die-bedeutung-des-jubilaeumslogos-2025-pilger-der-hoffnung\/#breadcrumb\"},\"inLanguage\":\"de\",\"potentialAction\":[{\"@type\":\"ReadAction\",\"target\":[\"https:\/\/blog.holyart.it\/de\/devotionalien\/die-bedeutung-des-jubilaeumslogos-2025-pilger-der-hoffnung\/\"]}]},{\"@type\":\"ImageObject\",\"inLanguage\":\"de\",\"@id\":\"https:\/\/blog.holyart.it\/de\/devotionalien\/die-bedeutung-des-jubilaeumslogos-2025-pilger-der-hoffnung\/#primaryimage\",\"url\":\"https:\/\/blog.holyart.it\/de\/wp-content\/uploads\/sites\/12\/2024\/04\/Jubilaumslogos-2025.jpg\",\"contentUrl\":\"https:\/\/blog.holyart.it\/de\/wp-content\/uploads\/sites\/12\/2024\/04\/Jubilaumslogos-2025.jpg\",\"width\":1000,\"height\":666,\"caption\":\"Jubil\u00e4umslogos 2025\"},{\"@type\":\"BreadcrumbList\",\"@id\":\"https:\/\/blog.holyart.it\/de\/devotionalien\/die-bedeutung-des-jubilaeumslogos-2025-pilger-der-hoffnung\/#breadcrumb\",\"itemListElement\":[{\"@type\":\"ListItem\",\"position\":1,\"name\":\"Homepage\",\"item\":\"https:\/\/blog.holyart.it\/de\/\"},{\"@type\":\"ListItem\",\"position\":2,\"name\":\"Religion\",\"item\":\"https:\/\/blog.holyart.it\/de\/devotionalien\/\"},{\"@type\":\"ListItem\",\"position\":3,\"name\":\"Die Bedeutung des Jubil\u00e4umslogos 2025: Pilger der Hoffnung\"}]},{\"@type\":\"WebSite\",\"@id\":\"https:\/\/blog.holyart.it\/de\/#website\",\"url\":\"https:\/\/blog.holyart.it\/de\/\",\"name\":\"Holyart.de Blog\",\"description\":\"Holyblog\",\"publisher\":{\"@id\":\"https:\/\/blog.holyart.it\/de\/#organization\"},\"potentialAction\":[{\"@type\":\"SearchAction\",\"target\":{\"@type\":\"EntryPoint\",\"urlTemplate\":\"https:\/\/blog.holyart.it\/de\/?s={search_term_string}\"},\"query-input\":{\"@type\":\"PropertyValueSpecification\",\"valueRequired\":true,\"valueName\":\"search_term_string\"}}],\"inLanguage\":\"de\"},{\"@type\":\"Organization\",\"@id\":\"https:\/\/blog.holyart.it\/de\/#organization\",\"name\":\"Holyart.de Blog\",\"url\":\"https:\/\/blog.holyart.it\/de\/\",\"logo\":{\"@type\":\"ImageObject\",\"inLanguage\":\"de\",\"@id\":\"https:\/\/blog.holyart.it\/de\/#\/schema\/logo\/image\/\",\"url\":\"https:\/\/blog.holyart.it\/de\/wp-content\/uploads\/sites\/12\/2022\/12\/Holyart_Blog_Logo.jpg\",\"contentUrl\":\"https:\/\/blog.holyart.it\/de\/wp-content\/uploads\/sites\/12\/2022\/12\/Holyart_Blog_Logo.jpg\",\"width\":300,\"height\":50,\"caption\":\"Holyart.de Blog\"},\"image\":{\"@id\":\"https:\/\/blog.holyart.it\/de\/#\/schema\/logo\/image\/\"}},{\"@type\":\"Person\",\"@id\":\"https:\/\/blog.holyart.it\/de\/#\/schema\/person\/0a7b686e5af0f856ec1e390dd0baecda\",\"name\":\"Redazione\",\"image\":{\"@type\":\"ImageObject\",\"inLanguage\":\"de\",\"@id\":\"https:\/\/blog.holyart.it\/de\/#\/schema\/person\/image\/\",\"url\":\"https:\/\/secure.gravatar.com\/avatar\/f477da817f43e50d0af36abecd33e3edf826c68299714bdc1057dff3b113f516?s=96&d=mm&r=g\",\"contentUrl\":\"https:\/\/secure.gravatar.com\/avatar\/f477da817f43e50d0af36abecd33e3edf826c68299714bdc1057dff3b113f516?s=96&d=mm&r=g\",\"caption\":\"Redazione\"}}]}<\/script>\n<!-- \/ Yoast SEO plugin. -->","yoast_head_json":{"title":"Die Bedeutung des Jubil\u00e4umslogos 2025: Pilger der Hoffnung - Holyart.de Blog","description":"Das Logo des Jubil\u00e4ums 2025 ist ein Bild der Hoffnung und des Willens, gemeinsam voranzukommen, vereint im Versprechen der Erl\u00f6sung.","robots":{"index":"index","follow":"follow","max-snippet":"max-snippet:-1","max-image-preview":"max-image-preview:large","max-video-preview":"max-video-preview:-1"},"canonical":"https:\/\/blog.holyart.it\/de\/devotionalien\/die-bedeutung-des-jubilaeumslogos-2025-pilger-der-hoffnung\/","og_locale":"de_DE","og_type":"article","og_title":"Die Bedeutung des Jubil\u00e4umslogos 2025: Pilger der Hoffnung - Holyart.de Blog","og_description":"Das Logo des Jubil\u00e4ums 2025 ist ein Bild der Hoffnung und des Willens, gemeinsam voranzukommen, vereint im Versprechen der Erl\u00f6sung.","og_url":"https:\/\/blog.holyart.it\/de\/devotionalien\/die-bedeutung-des-jubilaeumslogos-2025-pilger-der-hoffnung\/","og_site_name":"Holyart.de Blog","article_published_time":"2024-04-29T12:53:20+00:00","article_modified_time":"2024-07-17T12:55:23+00:00","og_image":[{"width":1000,"height":666,"url":"https:\/\/blog.holyart.it\/de\/wp-content\/uploads\/sites\/12\/2024\/04\/Jubilaumslogos-2025.jpg","type":"image\/jpeg"}],"author":"Redazione","twitter_card":"summary_large_image","twitter_misc":{"Verfasst von":"Redazione","Gesch\u00e4tzte Lesezeit":"9\u00a0Minuten"},"schema":{"@context":"https:\/\/schema.org","@graph":[{"@type":"Article","@id":"https:\/\/blog.holyart.it\/de\/devotionalien\/die-bedeutung-des-jubilaeumslogos-2025-pilger-der-hoffnung\/#article","isPartOf":{"@id":"https:\/\/blog.holyart.it\/de\/devotionalien\/die-bedeutung-des-jubilaeumslogos-2025-pilger-der-hoffnung\/"},"author":{"name":"Redazione","@id":"https:\/\/blog.holyart.it\/de\/#\/schema\/person\/0a7b686e5af0f856ec1e390dd0baecda"},"headline":"Die Bedeutung des Jubil\u00e4umslogos 2025: Pilger der Hoffnung","datePublished":"2024-04-29T12:53:20+00:00","dateModified":"2024-07-17T12:55:23+00:00","mainEntityOfPage":{"@id":"https:\/\/blog.holyart.it\/de\/devotionalien\/die-bedeutung-des-jubilaeumslogos-2025-pilger-der-hoffnung\/"},"wordCount":1287,"publisher":{"@id":"https:\/\/blog.holyart.it\/de\/#organization"},"image":{"@id":"https:\/\/blog.holyart.it\/de\/devotionalien\/die-bedeutung-des-jubilaeumslogos-2025-pilger-der-hoffnung\/#primaryimage"},"thumbnailUrl":"https:\/\/blog.holyart.it\/de\/wp-content\/uploads\/sites\/12\/2024\/04\/Jubilaumslogos-2025.jpg","articleSection":["Jubil\u00e4um 2025","Religion"],"inLanguage":"de"},{"@type":"WebPage","@id":"https:\/\/blog.holyart.it\/de\/devotionalien\/die-bedeutung-des-jubilaeumslogos-2025-pilger-der-hoffnung\/","url":"https:\/\/blog.holyart.it\/de\/devotionalien\/die-bedeutung-des-jubilaeumslogos-2025-pilger-der-hoffnung\/","name":"Die Bedeutung des Jubil\u00e4umslogos 2025: Pilger der Hoffnung - Holyart.de Blog","isPartOf":{"@id":"https:\/\/blog.holyart.it\/de\/#website"},"primaryImageOfPage":{"@id":"https:\/\/blog.holyart.it\/de\/devotionalien\/die-bedeutung-des-jubilaeumslogos-2025-pilger-der-hoffnung\/#primaryimage"},"image":{"@id":"https:\/\/blog.holyart.it\/de\/devotionalien\/die-bedeutung-des-jubilaeumslogos-2025-pilger-der-hoffnung\/#primaryimage"},"thumbnailUrl":"https:\/\/blog.holyart.it\/de\/wp-content\/uploads\/sites\/12\/2024\/04\/Jubilaumslogos-2025.jpg","datePublished":"2024-04-29T12:53:20+00:00","dateModified":"2024-07-17T12:55:23+00:00","description":"Das Logo des Jubil\u00e4ums 2025 ist ein Bild der Hoffnung und des Willens, gemeinsam voranzukommen, vereint im Versprechen der Erl\u00f6sung.","breadcrumb":{"@id":"https:\/\/blog.holyart.it\/de\/devotionalien\/die-bedeutung-des-jubilaeumslogos-2025-pilger-der-hoffnung\/#breadcrumb"},"inLanguage":"de","potentialAction":[{"@type":"ReadAction","target":["https:\/\/blog.holyart.it\/de\/devotionalien\/die-bedeutung-des-jubilaeumslogos-2025-pilger-der-hoffnung\/"]}]},{"@type":"ImageObject","inLanguage":"de","@id":"https:\/\/blog.holyart.it\/de\/devotionalien\/die-bedeutung-des-jubilaeumslogos-2025-pilger-der-hoffnung\/#primaryimage","url":"https:\/\/blog.holyart.it\/de\/wp-content\/uploads\/sites\/12\/2024\/04\/Jubilaumslogos-2025.jpg","contentUrl":"https:\/\/blog.holyart.it\/de\/wp-content\/uploads\/sites\/12\/2024\/04\/Jubilaumslogos-2025.jpg","width":1000,"height":666,"caption":"Jubil\u00e4umslogos 2025"},{"@type":"BreadcrumbList","@id":"https:\/\/blog.holyart.it\/de\/devotionalien\/die-bedeutung-des-jubilaeumslogos-2025-pilger-der-hoffnung\/#breadcrumb","itemListElement":[{"@type":"ListItem","position":1,"name":"Homepage","item":"https:\/\/blog.holyart.it\/de\/"},{"@type":"ListItem","position":2,"name":"Religion","item":"https:\/\/blog.holyart.it\/de\/devotionalien\/"},{"@type":"ListItem","position":3,"name":"Die Bedeutung des Jubil\u00e4umslogos 2025: Pilger der Hoffnung"}]},{"@type":"WebSite","@id":"https:\/\/blog.holyart.it\/de\/#website","url":"https:\/\/blog.holyart.it\/de\/","name":"Holyart.de Blog","description":"Holyblog","publisher":{"@id":"https:\/\/blog.holyart.it\/de\/#organization"},"potentialAction":[{"@type":"SearchAction","target":{"@type":"EntryPoint","urlTemplate":"https:\/\/blog.holyart.it\/de\/?s={search_term_string}"},"query-input":{"@type":"PropertyValueSpecification","valueRequired":true,"valueName":"search_term_string"}}],"inLanguage":"de"},{"@type":"Organization","@id":"https:\/\/blog.holyart.it\/de\/#organization","name":"Holyart.de Blog","url":"https:\/\/blog.holyart.it\/de\/","logo":{"@type":"ImageObject","inLanguage":"de","@id":"https:\/\/blog.holyart.it\/de\/#\/schema\/logo\/image\/","url":"https:\/\/blog.holyart.it\/de\/wp-content\/uploads\/sites\/12\/2022\/12\/Holyart_Blog_Logo.jpg","contentUrl":"https:\/\/blog.holyart.it\/de\/wp-content\/uploads\/sites\/12\/2022\/12\/Holyart_Blog_Logo.jpg","width":300,"height":50,"caption":"Holyart.de Blog"},"image":{"@id":"https:\/\/blog.holyart.it\/de\/#\/schema\/logo\/image\/"}},{"@type":"Person","@id":"https:\/\/blog.holyart.it\/de\/#\/schema\/person\/0a7b686e5af0f856ec1e390dd0baecda","name":"Redazione","image":{"@type":"ImageObject","inLanguage":"de","@id":"https:\/\/blog.holyart.it\/de\/#\/schema\/person\/image\/","url":"https:\/\/secure.gravatar.com\/avatar\/f477da817f43e50d0af36abecd33e3edf826c68299714bdc1057dff3b113f516?s=96&d=mm&r=g","contentUrl":"https:\/\/secure.gravatar.com\/avatar\/f477da817f43e50d0af36abecd33e3edf826c68299714bdc1057dff3b113f516?s=96&d=mm&r=g","caption":"Redazione"}}]}},"_links":{"self":[{"href":"https:\/\/blog.holyart.it\/de\/wp-json\/wp\/v2\/posts\/3961","targetHints":{"allow":["GET"]}}],"collection":[{"href":"https:\/\/blog.holyart.it\/de\/wp-json\/wp\/v2\/posts"}],"about":[{"href":"https:\/\/blog.holyart.it\/de\/wp-json\/wp\/v2\/types\/post"}],"author":[{"embeddable":true,"href":"https:\/\/blog.holyart.it\/de\/wp-json\/wp\/v2\/users\/1"}],"replies":[{"embeddable":true,"href":"https:\/\/blog.holyart.it\/de\/wp-json\/wp\/v2\/comments?post=3961"}],"version-history":[{"count":5,"href":"https:\/\/blog.holyart.it\/de\/wp-json\/wp\/v2\/posts\/3961\/revisions"}],"predecessor-version":[{"id":4216,"href":"https:\/\/blog.holyart.it\/de\/wp-json\/wp\/v2\/posts\/3961\/revisions\/4216"}],"wp:featuredmedia":[{"embeddable":true,"href":"https:\/\/blog.holyart.it\/de\/wp-json\/wp\/v2\/media\/3962"}],"wp:attachment":[{"href":"https:\/\/blog.holyart.it\/de\/wp-json\/wp\/v2\/media?parent=3961"}],"wp:term":[{"taxonomy":"category","embeddable":true,"href":"https:\/\/blog.holyart.it\/de\/wp-json\/wp\/v2\/categories?post=3961"},{"taxonomy":"post_tag","embeddable":true,"href":"https:\/\/blog.holyart.it\/de\/wp-json\/wp\/v2\/tags?post=3961"}],"curies":[{"name":"wp","href":"https:\/\/api.w.org\/{rel}","templated":true}]}}