{"id":3950,"date":"2024-04-24T10:00:58","date_gmt":"2024-04-24T08:00:58","guid":{"rendered":"https:\/\/blog.holyart.it\/de\/?p=3950"},"modified":"2024-04-16T09:50:36","modified_gmt":"2024-04-16T07:50:36","slug":"die-heilige-katharina-von-siena-schutzpatronin-von-italien","status":"publish","type":"post","link":"https:\/\/blog.holyart.it\/de\/devotionalien\/die-heilige-katharina-von-siena-schutzpatronin-von-italien\/","title":{"rendered":"Die heilige Katharina von Siena: Schutzpatronin von Italien"},"content":{"rendered":"<h4><em>Die heilige Katharina von Siena: von der Frau aus dem Volk zur Beraterin von P\u00e4psten und F\u00fcrsten. Mutig, weise und ganz und gar Christus zugetan. Lernen wir die Schutzpatronin Italiens besser kennen.<\/em><\/h4>\n\n<p>Wenn man an Katharina von Siena denkt, stellt man sich als erstes die Frage, wie der Glaube es wirklich schaffen kann, uns aus unserem Zustand herauszuheben, uns Tag f\u00fcr Tag besser zu machen und uns zu wirklich erstaunlichen Leistungen in unserem Leben zu bef\u00e4higen. Aber was ist so unglaublich an der Geschichte dieser Heiligen, die Mitte des 14. Jahrhunderts in der Toskana lebte, in einem Land, das von bruderm\u00f6rderischen Auseinandersetzungen und tiefgreifenden politischen und religi\u00f6sen Umw\u00e4lzungen zerrissen war, aber auch von einer spirituellen, kulturellen und k\u00fcnstlerischen Inspiration durchzogen war, die ihresgleichen sucht? Wir erinnern uns an ihre Symbole, <a href=\"https:\/\/www.holyart.de\/devotionalien\/statuen\/statuen-aus-resin-und-pvc\/statue-heilige-katharina-von-siena-40-cm-aus-kunstharz-farbig-gefasst?_gl=1*1bspumi*_gcl_aw*R0NMLjE3MDcxMzI0NjMuQ2p3S0NBaUFxNEt1QmhBNkVpd0FyTUF3MUhUUEpHdlQ0N000UXRPRXdmR19mREJRTVp3d21oUEdfak1mN05xUElYLU8tOHhNalNnZlpSb0NNWVFRQXZEX0J3RQ..*_gcl_au*MjI2ODY5Nzk2LjE3MTA0MDQ4MTI.*_ga*MTQ4NzE4MjM0Mi4xNjk0Nzg4MTQz*_ga_W18MV136NH*MTcxMzI1MjQ3Mi40NTUuMS4xNzEzMjUyNDg0LjQ4LjAuMA..\"><strong>das Buch und die Lilie<\/strong><\/a>: die Lehre auf der einen und die Reinheit auf der anderen Seite. Eine Dichotomie, die vielleicht auch der Schl\u00fcssel zum Verst\u00e4ndnis der Gr\u00f6\u00dfe dieser Frau ist, die ihr Leben Gott und seinen bed\u00fcrftigsten Kindern aufopferte, die ihre Zeit zwischen der Pflege der Kranken, derjenigen, die von so unangenehmen und gef\u00e4hrlichen Krankheiten befallen waren, die niemand sonst heilen wollte, und dem Verfassen theologischer Texte aufteilte, die ihr 1970 den Titel eines Doktors der Kirche einbrachten, der noch nie zuvor einer Frau verliehen worden war. Ein Lebensmodell, das auch heute noch von au\u00dferordentlicher Aktualit\u00e4t ist. Nicht umsonst haben wir sie in unserem Artikel \u00fcber <strong>Heilige, die die Welt ver\u00e4ndert haben<\/strong>, erw\u00e4hnt.<\/p>\n<div class=\"link-product\">\n<div class=\"blocco-immagine\"><img loading=\"lazy\" decoding=\"async\" class=\"size-full wp-image-3952 alignleft\" src=\"https:\/\/blog.holyart.it\/de\/wp-content\/uploads\/sites\/12\/2024\/04\/statue-heilige-katharina-von-siena-40-cm-aus-kunstharz-farbig-gefasst.jpg\" alt=\"Statue, Heilige Katharina von Siena, 40 cm, aus Kunstharz, farbig gefasst\" width=\"100\" height=\"100\" data-kale-share-title=\"Die heilige Katharina von Siena: Schutzpatronin von Italien\" data-kale-share-url=\"https:\/\/blog.holyart.it\/de\/?p=3950\" \/><\/div>\n<div class=\"blocco-contenuto\">\n<div class=\"blocco-acquista\">Einkaufen:<\/div>\n<div class=\"blocco-titolo\"><a href=\"https:\/\/www.holyart.de\/devotionalien\/statuen\/statuen-aus-resin-und-pvc\/statue-heilige-katharina-von-siena-40-cm-aus-kunstharz-farbig-gefasst?_gl=1*1bspumi*_gcl_aw*R0NMLjE3MDcxMzI0NjMuQ2p3S0NBaUFxNEt1QmhBNkVpd0FyTUF3MUhUUEpHdlQ0N000UXRPRXdmR19mREJRTVp3d21oUEdfak1mN05xUElYLU8tOHhNalNnZlpSb0NNWVFRQXZEX0J3RQ..*_gcl_au*MjI2ODY5Nzk2LjE3MTA0MDQ4MTI.*_ga*MTQ4NzE4MjM0Mi4xNjk0Nzg4MTQz*_ga_W18MV136NH*MTcxMzI1MjQ3Mi40NTUuMS4xNzEzMjUyNDg0LjQ4LjAuMA..\">Heilige Katharina von Siena, 40 cm, aus Kunstharz, farbig gefasst<\/a><\/div>\n<div class=\"blocco-descrizione\">Die Statue ist jedoch nicht f\u00fcr eine dauerhafte Aufstellung im Au\u00dfenbereich geeignet<\/div>\n<\/div>\n<\/div>\n<p>Katharina ist die Autorin des <strong><em>Dialogs der g\u00f6ttlichen Vorsehung<\/em><\/strong>, eines der Meisterwerke der mittelalterlichen mystischen Literatur, und gleichzeitig <strong>Nonne<\/strong>, <strong>Theologin<\/strong> und <strong>Philosophin<\/strong>.<\/p>\n<p>In einer <strong>mystischen Ehe<\/strong> mit Jesus \u201everheiratet\u201c, vertraute sie auf das Heil, das der <strong>Papst<\/strong> (den sie den \u201e<em>s\u00fc\u00dfen Christus auf Erden<\/em>\u201c nannte) und die Kirche f\u00fcr alle Christen repr\u00e4sentieren.<\/p>\n<p>Ihre <strong>Briefe<\/strong> des Trostes, des Rates und der Ermahnung, die sie an Herrscher, F\u00fchrer und Literaten richtete, hatten eine unglaubliche Wirkung auf viele Ereignisse und Kontroversen. Sie wurden dann von seinen J\u00fcngern in einem wertvollen <em>Epistolarium<\/em> gesammelt, das noch heute als Bezugspunkt f\u00fcr alle religi\u00f6sen Menschen gilt.<\/p>\n<p>Wir k\u00f6nnen mit Fug und Recht behaupten, dass ihre Schriften und ihr Eifer der <strong>Reformation der Kirche<\/strong> einen gro\u00dfen Ansto\u00df gaben.<\/p>\n<p>Unter den Heiligen und Seligen geh\u00f6rt Katharina auch zu denen, die als <strong>Heilerin<\/strong> und <strong>Heilige gelten, an die man sich im Krankheitsfall wenden kann<\/strong>. Dies nicht nur, weil sie unter anderem die Schutzpatronin der Krankenschwestern ist, sondern gerade wegen ihres <strong>Einsatzes f\u00fcr Kranke<\/strong> <strong>und Schwerkranke<\/strong>, insbesondere f\u00fcr die Opfer schrecklicher Epidemien.<\/p>\n<p>Ihre <strong>absolute und totale Liebe zu Jesus<\/strong>, die sie in mystische Ekstasen von seltener spiritueller Kraft versetzen konnte, gilt als Br\u00fccke zwischen Himmel und Erde, als ein Beispiel f\u00fcr Hingabe und volles Vertrauen auf Gott, das seinesgleichen sucht.<\/p>\n<p>Doch wer war die heilige Katharina von Siena?<\/p>\n<h2>Ihre Geschichte<\/h2>\n<p>Als Katharina als 24. von 25 Kindern des F\u00e4rbers Jacopo Benincasa und seiner Frau Donna Lapa Piacenti geboren wurde, konnte niemand ahnen, welch au\u00dfergew\u00f6hnliches Schicksal ihr beschieden sein w\u00fcrde. Jahrhunderts, und f\u00fcr ein M\u00e4dchen wie sie, das in der Gegend von Fontebranda, in der Contrada dell&#8217;Oca, in einer bescheidenen Familie geboren wurde, gab es keine andere Perspektive als die Heirat und die Gr\u00fcndung einer eigenen Familie. Doch Catherine war kein gew\u00f6hnliches M\u00e4dchen. Schon als Kind behauptete sie, Dinge zu &#8222;sehen&#8220;, denn als Sechsj\u00e4hrige erz\u00e4hlte sie, dass ihr Jesus in der Gestalt des Papstes erschienen sei und mit ihm <strong><a href=\"https:\/\/www.holyart.de\/devotionalien\/ikonen\/griechische-ikonen\/ikone-heilige-peter-und-paul?_gl=1*19ssvli*_gcl_aw*R0NMLjE3MDcxMzI0NjMuQ2p3S0NBaUFxNEt1QmhBNkVpd0FyTUF3MUhUUEpHdlQ0N000UXRPRXdmR19mREJRTVp3d21oUEdfak1mN05xUElYLU8tOHhNalNnZlpSb0NNWVFRQXZEX0J3RQ..*_gcl_au*MjI2ODY5Nzk2LjE3MTA0MDQ4MTI.*_ga*MTQ4NzE4MjM0Mi4xNjk0Nzg4MTQz*_ga_W18MV136NH*MTcxMzI1MjQ3Mi40NTUuMS4xNzEzMjUyODIyLjU4LjAuMA..\">Petrus<\/a><\/strong>, <strong><a href=\"https:\/\/www.holyart.de\/devotionalien\/statuen\/statuen-aus-bemalten-holz\/johannes-evangelist-aus-holzmasse-40cm?_gl=1*v6zipf*_gcl_aw*R0NMLjE3MDcxMzI0NjMuQ2p3S0NBaUFxNEt1QmhBNkVpd0FyTUF3MUhUUEpHdlQ0N000UXRPRXdmR19mREJRTVp3d21oUEdfak1mN05xUElYLU8tOHhNalNnZlpSb0NNWVFRQXZEX0J3RQ..*_gcl_au*MjI2ODY5Nzk2LjE3MTA0MDQ4MTI.*_ga*MTQ4NzE4MjM0Mi4xNjk0Nzg4MTQz*_ga_W18MV136NH*MTcxMzI1MjQ3Mi40NTUuMS4xNzEzMjUyODI4LjUyLjAuMA..\">Johannes<\/a><\/strong> und Paulus.<\/p>\n<div class=\"link-product\">\n<div class=\"blocco-immagine\"><img loading=\"lazy\" decoding=\"async\" class=\"size-full wp-image-3953 alignleft\" src=\"https:\/\/blog.holyart.it\/de\/wp-content\/uploads\/sites\/12\/2024\/04\/Ikone-Heilige-Peter-und-Paul.jpg\" alt=\"Ikone Heilige Peter und Paul\" width=\"100\" height=\"100\" data-kale-share-title=\"Die heilige Katharina von Siena: Schutzpatronin von Italien\" data-kale-share-url=\"https:\/\/blog.holyart.it\/de\/?p=3950\" \/><\/div>\n<div class=\"blocco-contenuto\">\n<div class=\"blocco-acquista\">Einkaufen:<\/div>\n<div class=\"blocco-titolo\"><a href=\"https:\/\/www.holyart.de\/devotionalien\/ikonen\/griechische-ikonen\/ikone-heilige-peter-und-paul?_gl=1*19ssvli*_gcl_aw*R0NMLjE3MDcxMzI0NjMuQ2p3S0NBaUFxNEt1QmhBNkVpd0FyTUF3MUhUUEpHdlQ0N000UXRPRXdmR19mREJRTVp3d21oUEdfak1mN05xUElYLU8tOHhNalNnZlpSb0NNWVFRQXZEX0J3RQ..*_gcl_au*MjI2ODY5Nzk2LjE3MTA0MDQ4MTI.*_ga*MTQ4NzE4MjM0Mi4xNjk0Nzg4MTQz*_ga_W18MV136NH*MTcxMzI1MjQ3Mi40NTUuMS4xNzEzMjUyODIyLjU4LjAuMA..\">Ikone Heilige Peter und Paul<\/a><\/div>\n<div class=\"blocco-descrizione\">Die Ikone wird zusammen mit Ursprungszertifikat<br \/>\nin einer blauen Verpackung abgegeben.<\/div>\n<\/div>\n<\/div>\n<p>Derselbe Christus w\u00fcrde ihr im Alter von zwanzig Jahren in Begleitung der Jungfrau Maria, seiner Mutter, erscheinen, um sie mit einem Ring, der die mystische Hochzeit symbolisieren sollte, zu seiner Braut zu machen.<\/p>\n<p>Doch schon als Kind schien Katharina ihr eigenes Schicksal vorauszusehen, denn im Alter von sieben Jahren legte sie das Gel\u00fcbde der Keuschheit ab, und mit zw\u00f6lf Jahren lehnte sie die Ehe ab, die ihre Eltern ihr vorschlagen wollten, und bekundete ihre Absicht, die Gel\u00fcbde abzulegen. Da sie zu arm war, um sich die auff\u00e4llige Mitgift leisten zu k\u00f6nnen, die Frauen f\u00fcr den Eintritt ins Kloster vorlegen mussten, und von ihrer Familie wegen ihrer Ideen abgelehnt wurde, schloss sie sich zu Hause ein und widmete sich einem Leben in <strong>Gebet, Bu\u00dfe und Fasten<\/strong>. Sie verzichtet auf Fleisch, isst sehr wenig, nur bittere Kr\u00e4uter und Fr\u00fcchte, und benutzt den Bu\u00dfstock. Schlie\u00dflich \u00e4ndert ihr Vater, beeindruckt von ihrer Entschlossenheit, seine Meinung und beschlie\u00dft, ihr bei der Verwirklichung ihres Traums zu helfen. Der Legende nach war es der Anblick einer Taube, die \u00fcber dem Kopf seiner Tochter kreiste und beten wollte, der den Mann \u00fcberzeugte. Doch um in die <strong>dominikanischen Tertiarinnen<\/strong>, die als Bu\u00dfschwestern des heiligen Dominikus bekannt sind, aufgenommen zu werden, muss Katharina neue Hindernisse \u00fcberwinden. Als ihr aufgrund ihrer Jugend und Sch\u00f6nheit die Aufnahme in den Orden verwehrt wird, f\u00e4llt sie einem Fieber zum Opfer, das ihr Gesicht entstellt und sie \u00e4lter als ihr Alter erscheinen l\u00e4sst.<\/p>\n<p>Sobald sie 16 Jahre alt war, trat sie in den Orden ein, lebte aber drei Jahre lang sehr isoliert von den anderen Schwestern. Der Grund daf\u00fcr ist einfach: Da sie kein Latein kann, kann sie nicht am gemeinsamen Gebet teilnehmen. Der Orden, der normalerweise nur Witwen und Frauen im fortgeschrittenen Alter aufnahm, erlaubte ihr jedoch, in der Welt zu leben und gleichzeitig ihre Gel\u00fcbde der Keuschheit, der Armut und des Gehorsams einzuhalten. Und so lebte Katharina in der Welt und widmete sich ganz den <strong>Bed\u00fcrftigen<\/strong>, den Kranken, denjenigen, die von ihren eigenen Angeh\u00f6rigen wegen der Schwere ihres Zustandes verlassen wurden.<\/p>\n<p>Am Ende des Karnevals von 1367 findet ihre <strong>mystische Hochzeit mit Jesus<\/strong> statt, die sie in einer s\u00fc\u00dfen Ekstase erlebt, in der ihre tiefe und unverg\u00e4ngliche Bindung an Christus sanktioniert wird.<\/p>\n<p>In der Zwischenzeit lernte sie auch <strong>lesen und schreiben<\/strong>, obwohl ein gro\u00dfer Teil ihrer Briefe und Werke unter dem Diktat der so genannten &#8222;Sch\u00f6nen Brigade&#8220; f\u00fcr sie geschrieben wurde, einer Art geistiger Familie von J\u00fcngern, die sie liebten und ihr \u00fcberallhin folgten.<\/p>\n<p>So entstanden ihre au\u00dfergew\u00f6hnlichen Texte wie der <strong>Dialog \u00fcber die g\u00f6ttliche Vorsehung<\/strong>, ihre <strong>Reden<\/strong> und vor allem ihre <strong>Briefe<\/strong>, die an das einfache Volk, an Soldaten, Ordensleute, Frauen und sogar an Gefangene gerichtet waren, aber auch an bedeutende Pers\u00f6nlichkeiten der politischen und religi\u00f6sen Welt jener Zeit. Vor allem letzteren unterbreitet er zivile und politische Fragen, von der <strong>Befriedung Italiens<\/strong> \u00fcber die Notwendigkeit eines <strong>neuen Kreuzzugs<\/strong> bis hin zur R\u00fcckkehr des <strong>Papsttums von Avignon nach Rom<\/strong> und zur <strong>Reform der Kirche<\/strong>. Hohe, komplizierte Argumente, die diese Frau aus dem Volk mit einer wahrhaft wundersamen Meisterschaft und einer beeindruckenden Inbrunst zu bew\u00e4ltigen wusste, die die Ger\u00fcchte, sie sei direkt von Gott inspiriert, in nicht geringem Ma\u00dfe best\u00e4tigte.<\/p>\n<p>Am 1. April 1375, dem Palmsonntag, empfing sie beim Gebet vor dem Kruzifix in der Kirche St. Christine die <strong>Stigmata<\/strong>, die jedoch zun\u00e4chst nur f\u00fcr sie selbst sichtbar blieben. Sie setzte ihre politischen und sozialen Aktivit\u00e4ten fort, indem sie versuchte, die antip\u00e4pstliche Liga zu stoppen, die sich um Florenz gebildet hatte, und indem sie nach Avignon reiste, um Papst Gregor XI. zur R\u00fcckkehr nach Rom zu bewegen. Der Papst lie\u00df sich \u00fcberreden und kehrte zur\u00fcck, doch nach seinem Tod kam es zu einem Schisma und die Kirche hatte nur noch zwei P\u00e4pste, Urban VI. und Clemens VII.<\/p>\n<p><strong><a href=\"https:\/\/www.holyart.de\/devotionalien\/schmuck\/anhanger-kreuze-broschen-ketten\/medaille-heilige-katharina-von-siena-silber-925-10mm?_gl=1*49iv2r*_gcl_aw*R0NMLjE3MDcxMzI0NjMuQ2p3S0NBaUFxNEt1QmhBNkVpd0FyTUF3MUhUUEpHdlQ0N000UXRPRXdmR19mREJRTVp3d21oUEdfak1mN05xUElYLU8tOHhNalNnZlpSb0NNWVFRQXZEX0J3RQ..*_gcl_au*MjI2ODY5Nzk2LjE3MTA0MDQ4MTI.*_ga*MTQ4NzE4MjM0Mi4xNjk0Nzg4MTQz*_ga_W18MV136NH*MTcxMzI1MjQ3Mi40NTUuMS4xNzEzMjUyOTIwLjYwLjAuMA..\">Katharina<\/a><\/strong> stirbt am <strong>29. April<\/strong> 1380 und vertraut sich Gott an: \u201e<em>Vater, in deine H\u00e4nde \u00fcberlasse ich meine Seele und meinen Geist<\/em>.\u201c<\/p>\n<div class=\"link-product\">\n<div class=\"blocco-immagine\"><img loading=\"lazy\" decoding=\"async\" class=\"size-full wp-image-3954 alignleft\" src=\"https:\/\/blog.holyart.it\/de\/wp-content\/uploads\/sites\/12\/2024\/04\/Medaille-Heilige-Katharina-von-Siena-Silber-925-10mm.jpg\" alt=\"Medaille Heilige Katharina von Siena Silber 925 10mm\" width=\"100\" height=\"100\" data-kale-share-title=\"Die heilige Katharina von Siena: Schutzpatronin von Italien\" data-kale-share-url=\"https:\/\/blog.holyart.it\/de\/?p=3950\" \/><\/div>\n<div class=\"blocco-contenuto\">\n<div class=\"blocco-acquista\">Einkaufen:<\/div>\n<div class=\"blocco-titolo\"><a href=\"https:\/\/www.holyart.de\/devotionalien\/schmuck\/anhanger-kreuze-broschen-ketten\/medaille-heilige-katharina-von-siena-silber-925-10mm?_gl=1*49iv2r*_gcl_aw*R0NMLjE3MDcxMzI0NjMuQ2p3S0NBaUFxNEt1QmhBNkVpd0FyTUF3MUhUUEpHdlQ0N000UXRPRXdmR19mREJRTVp3d21oUEdfak1mN05xUElYLU8tOHhNalNnZlpSb0NNWVFRQXZEX0J3RQ..*_gcl_au*MjI2ODY5Nzk2LjE3MTA0MDQ4MTI.*_ga*MTQ4NzE4MjM0Mi4xNjk0Nzg4MTQz*_ga_W18MV136NH*MTcxMzI1MjQ3Mi40NTUuMS4xNzEzMjUyOTIwLjYwLjAuMA..\">Medaille Heilige Katharina von Siena Silber 925 10mm<\/a><\/div>\n<div class=\"blocco-descrizione\">Die Medaille wird zusammen mit einer Karte mit der Geschichte und der Bedeutung des Namens verkauft.<\/div>\n<\/div>\n<\/div>\n<h2>Schutzheilige Italiens<\/h2>\n<p>Die <strong><a href=\"https:\/\/www.holyart.de\/devotionalien\/statuen\/statuen-aus-resin-und-pvc\/heilige-katarina-von-siena-40cm-aus-harz?_gl=1*yxgnjk*_gcl_aw*R0NMLjE3MDcxMzI0NjMuQ2p3S0NBaUFxNEt1QmhBNkVpd0FyTUF3MUhUUEpHdlQ0N000UXRPRXdmR19mREJRTVp3d21oUEdfak1mN05xUElYLU8tOHhNalNnZlpSb0NNWVFRQXZEX0J3RQ..*_gcl_au*MjI2ODY5Nzk2LjE3MTA0MDQ4MTI.*_ga*MTQ4NzE4MjM0Mi4xNjk0Nzg4MTQz*_ga_W18MV136NH*MTcxMzI1MjQ3Mi40NTUuMS4xNzEzMjUzMDk4LjU5LjAuMA..\">Heilige Katharina von Siena<\/a><\/strong> wird daher am 29. April, ihrem Todestag, gefeiert. Sie wird oft in der typischen Kleidung des Ordens dargestellt, dem sie angeh\u00f6rte: ein wei\u00dfes Kleid mit einem schwarzen Mantel dar\u00fcber. Ihre Embleme sind die <strong>wei\u00dfe Lilie<\/strong>, Symbol ihrer Reinheit und Keuschheit, der <strong>Ring<\/strong>, der die mystische Hochzeit zwischen ihr und Jesus symbolisiert, ein <strong>Buch<\/strong> und eine <strong>Feder<\/strong>, die an ihre Weisheit und ihre T\u00e4tigkeit als Schriftstellerin und Theologin erinnern, sowie die Stigmata, die Dornenkrone, das Kreuz und das Herz.<\/p>\n<div class=\"link-product\">\n<div class=\"blocco-immagine\"><img loading=\"lazy\" decoding=\"async\" class=\"size-full wp-image-3955 alignleft\" src=\"https:\/\/blog.holyart.it\/de\/wp-content\/uploads\/sites\/12\/2024\/04\/Heilige-Katarina-von-Siena-40cm-aus-Harz.jpg\" alt=\"Heilige Katarina von Siena 40cm aus Harz\" width=\"100\" height=\"100\" data-kale-share-title=\"Die heilige Katharina von Siena: Schutzpatronin von Italien\" data-kale-share-url=\"https:\/\/blog.holyart.it\/de\/?p=3950\" \/><\/div>\n<div class=\"blocco-contenuto\">\n<div class=\"blocco-acquista\">Einkaufen:<\/div>\n<div class=\"blocco-titolo\"><a href=\"https:\/\/www.holyart.de\/devotionalien\/statuen\/statuen-aus-resin-und-pvc\/heilige-katarina-von-siena-40cm-aus-harz?_gl=1*yxgnjk*_gcl_aw*R0NMLjE3MDcxMzI0NjMuQ2p3S0NBaUFxNEt1QmhBNkVpd0FyTUF3MUhUUEpHdlQ0N000UXRPRXdmR19mREJRTVp3d21oUEdfak1mN05xUElYLU8tOHhNalNnZlpSb0NNWVFRQXZEX0J3RQ..*_gcl_au*MjI2ODY5Nzk2LjE3MTA0MDQ4MTI.*_ga*MTQ4NzE4MjM0Mi4xNjk0Nzg4MTQz*_ga_W18MV136NH*MTcxMzI1MjQ3Mi40NTUuMS4xNzEzMjUzMDk4LjU5LjAuMA..\">Heilige Katarina von Siena 40cm aus Harz<\/a><\/div>\n<div class=\"blocco-descrizione\">Statue der heiligen Katarina von Siena realisiert aus Harz und handbemalt<\/div>\n<\/div>\n<\/div>\n<p>Seit 1939 ist sie zusammen mit dem heiligen Franz von Assisi die <strong>Schutzheilige Italiens<\/strong>. <strong><a href=\"https:\/\/www.holyart.de\/devotionalien\/statuen\/statuen-aus-bemalten-holz\/statue-heilig-franziskus?_gl=1*1jq27xg*_gcl_aw*R0NMLjE3MDcxMzI0NjMuQ2p3S0NBaUFxNEt1QmhBNkVpd0FyTUF3MUhUUEpHdlQ0N000UXRPRXdmR19mREJRTVp3d21oUEdfak1mN05xUElYLU8tOHhNalNnZlpSb0NNWVFRQXZEX0J3RQ..*_gcl_au*MjI2ODY5Nzk2LjE3MTA0MDQ4MTI.*_ga*MTQ4NzE4MjM0Mi4xNjk0Nzg4MTQz*_ga_W18MV136NH*MTcxMzI1MjQ3Mi40NTUuMS4xNzEzMjUzMDU0LjM1LjAuMA..\">Franziskus von Assisi<\/a><\/strong>. 1999 wurde sie von Johannes Paul II. auch zur Mitpatronin Europas ernannt.<\/p>\n<div class=\"link-product\">\n<div class=\"blocco-immagine\"><img loading=\"lazy\" decoding=\"async\" class=\"size-full wp-image-3956 alignleft\" src=\"https:\/\/blog.holyart.it\/de\/wp-content\/uploads\/sites\/12\/2024\/04\/Statue-Heilig-Franziskus.jpg\" alt=\"Statue Heilig Franziskus\" width=\"100\" height=\"100\" data-kale-share-title=\"Die heilige Katharina von Siena: Schutzpatronin von Italien\" data-kale-share-url=\"https:\/\/blog.holyart.it\/de\/?p=3950\" \/><\/div>\n<div class=\"blocco-contenuto\">\n<div class=\"blocco-acquista\">Einkaufen:<\/div>\n<div class=\"blocco-titolo\"><a href=\"https:\/\/www.holyart.de\/devotionalien\/statuen\/statuen-aus-bemalten-holz\/statue-heilig-franziskus?_gl=1*1jq27xg*_gcl_aw*R0NMLjE3MDcxMzI0NjMuQ2p3S0NBaUFxNEt1QmhBNkVpd0FyTUF3MUhUUEpHdlQ0N000UXRPRXdmR19mREJRTVp3d21oUEdfak1mN05xUElYLU8tOHhNalNnZlpSb0NNWVFRQXZEX0J3RQ..*_gcl_au*MjI2ODY5Nzk2LjE3MTA0MDQ4MTI.*_ga*MTQ4NzE4MjM0Mi4xNjk0Nzg4MTQz*_ga_W18MV136NH*MTcxMzI1MjQ3Mi40NTUuMS4xNzEzMjUzMDU0LjM1LjAuMA..\">Statue Heilig Franziskus<\/a><\/div>\n<div class=\"blocco-descrizione\">Das Holz wird geschnitzt und von Handwerken in Valgardena handgemalt<\/div>\n<\/div>\n<\/div>\n<h2>Novene zur Heiligen Katharina von Siena<\/h2>\n<p>Die Novene zur Heiligen Katharina kann in Vorbereitung auf ihren Festtag, den 29. April, und somit neun Tage lang vom 20. bis zum 28. April oder wann immer es n\u00f6tig ist, zur Unterst\u00fctzung und zum Trost in einer schwierigen Zeit gebetet werden.<\/p>\n<p><strong><em>Erster Tag<\/em><\/strong><\/p>\n<p><em>Wegen des Geistes des Gebetes, den du von Kindheit an hattest, f\u00fcr den du all deine Freuden eingesetzt<\/em> <em>hast und mit dem Engelsgru\u00df, den du so oft wiederholt hast, wie es Stufen auf der Treppe gab, die du hinaufgestiegen bist, hast du der seligen Jungfrau Maria unabl\u00e4ssig gehuldigt, erbitte f\u00fcr uns die Gnade, auch die Aus\u00fcbung des Gebetes nach deinem Beispiel zu lieben und es immer mit den Bedingungen zu tun, die es w\u00fcrdig machen, es zu erf\u00fcllen.<\/em><\/p>\n<p><em>Ehre sei dem Vater und dem Sohn und dem Heiligen Geist, wie im Anfang, so auch jetzt und in alle Ewigkeit.<\/em><\/p>\n<p><strong><em>Zweiter Tag<\/em><\/strong><\/p>\n<p><em>Wegen der besonderen Zuneigung, die du, oh gro\u00dfe Heilige, f\u00fcr die Tugend der Reinheit empfunden hast, f\u00fcr die du dich dem Herrn mit einem unwiderruflichen Gel\u00fcbde von acht Jahren geweiht hast, und indem du dein Haupt rasiert hast, indem du gest\u00f6hnt und geseufzt hast, hast du im Laufe der Zeit die ehrenvollsten Angebote f\u00fcr die vorteilhafteste Vermittlung abgelehnt, erbitte f\u00fcr uns, wir bitten dich, die Gnade, immer standhaft zu sein in Geist, Herz und Gewohnheit, oder mit h\u00f6chstem Hass alles zu verabscheuen, was auch nur im Geringsten gegen diese erhabene Tugend verst\u00f6\u00dft, die den Menschen in die Sph\u00e4re der Engel erhebt und ihn zum liebsten Gegenstand g\u00f6ttlichen Wohlgefallens macht.<\/em><\/p>\n<p><em>Ehre sei dem Vater und dem Sohn und dem Heiligen Geist, wie im Anfang, so auch jetzt und in alle Ewigkeit.<\/em><\/p>\n<p><strong><em>Dritter Tag<\/em><\/strong><\/p>\n<p><em>Durch den Geist der Zur\u00fcckgezogenheit, den du hattest, oh gro\u00dfe Heilige, in dem du nie von jemandem au\u00dfer deinem Jesus gesehen werden wolltest, und abgelenkt durch die st\u00e4ndigen Besch\u00e4ftigungen in deiner Familie, wusstest du dir eine solche Einsamkeit in deinem Herzen zu schaffen, dass dein Geist immer von Gedanken an das Paradies erf\u00fcllt war, Erhalte f\u00fcr uns, wir bitten dich, die Gnade, auch die Einsamkeit und die Zur\u00fcckgezogenheit zu lieben, trotz aller Einladungen, die die Welt an uns richtet, an ihren Schauspieleinlagen und ihrem Prunk teilzunehmen, und die Gedanken unseres Geistes inmitten aller Besch\u00e4ftigungen, auch der ablenkenden, unseres Standes immer auf Gott zu richten.<\/em><\/p>\n<p><em>Ehre sei dem Vater und dem Sohn und dem Heiligen Geist, wie im Anfang, so auch jetzt und in alle Ewigkeit.<\/em><\/p>\n<p><strong><em>Vierter Tag<\/em><\/strong><\/p>\n<p><em>Wegen dieses Geistes der Bu\u00dfe, den du hattest, oh gro\u00dfe Heilige, seit den Jahren deiner Kindheit, als du deine einstige Herablassung gegen\u00fcber denen, die dir Ratschl\u00e4ge zu Zartheit oder Kleidung gaben, mit den genialsten oder schmerzlichsten Dem\u00fctigungen bestrafte, die daher mit dem Dritten Dominikanischer Orden verbunden sind, du hast die ganze Welt aufgebaut, indem du st\u00e4ndig auf Wein und Fleisch und fast sogar auf den Schlaf verzichtet hast, dich von nichts als rohen Kr\u00e4utern ern\u00e4hrt hast, nur sehr wenig und auf nackten Tischen geschlafen hast, um alle Stunden im Gebet zu verbringen, indem du immer einen schmerzhaften B\u00fc\u00dferstrickt um deinen K\u00f6rper getragen hast, indem du dein Fleisch jeden Tag mit drei Disziplinen mazerierst, erbitte f\u00fcr uns, so beten wir, die Gnade, immer treu die Enthaltsamkeit und Fasten einzuhalten, die die Kirche befiehlt, und geduldig alles Leid zu ertragen, das Gott zu verordnen geruht unser Wohl oder t\u00f6ten spontan alle perversen Neigungen unseres Herzens und die ma\u00dflosen W\u00fcnsche unserer Sinne, damit auch wir die notwendige \u00c4hnlichkeit mit unserem gekreuzigten Vorbild haben.<\/em><\/p>\n<p><em>Ehre sei dem Vater und dem Sohn und dem Heiligen Geist, wie im Anfang, so auch jetzt und in alle Ewigkeit.<\/em><\/p>\n<p><strong><em>F\u00fcnfter Tag<\/em><\/strong><\/p>\n<p><em>Wegen dieser heldenhaften N\u00e4chstenliebe, die dich, oh gro\u00dfe Heiliger, dazu bewegt hat, spontan mit deiner eigenen Hand den armen Kranken zu dienen und sie zu behandeln, die von allen aufgrund des ekelhaften und dann stinkenden brandigen Wunden verlassen wurden und von denen du nur durch Beleidigungen und Unh\u00f6flichkeit genesen bist und die unehrenhaftesten Verleumdungen, erbitte f\u00fcr uns vom Herrn die Gnade, immer gleicherma\u00dfen bereit zu sein, unserem N\u00e4chsten in all seinen N\u00f6ten zu helfen und alle Beleidigungen, die uns zugef\u00fcgt werden, gro\u00dfz\u00fcgig zu vergeben oder vielmehr mit Vorteilen zu erwidern, damit wir in diesem und im anderen Leben die Gl\u00fcckseligkeit verdienen, die den wirklich Sanftm\u00fctigen und den wirklich Barmherzigen zuteilwird.<\/em><\/p>\n<p><em>Ehre sei dem Vater und dem Sohn und dem Heiligen Geist, wie im Anfang, so auch jetzt und in alle Ewigkeit.<\/em><\/p>\n<p><strong><em>Sechster Tag<\/em><\/strong><\/p>\n<p><em>Wegen dieser bewundernswerten Festung, die mit der Verdoppelung von Gebeten, Sparma\u00dfnahmen und Inbrunst, du hast, oh gro\u00dfe Heilige; gegen alle inneren M\u00e4chte demonstriert, die Du gegen Dich entfesselt und Dich lange Zeit mit den unw\u00fcrdigsten Bildern in den heftigsten Versuchungen verfolgt hast und f\u00fcr die Du zus\u00e4tzlich von Deinem g\u00f6ttlichen Br\u00e4utigam eine Belohnung erhalten hast zur Vertrautheit mit dem Sprechen und Umgang mit seinen Heiligen und mit seiner Mutter Maria selbst, den Entf\u00fchrungen, den Ekstasen, den Offenbarungen und den intimsten Kommunikationen mit Ihm, bis hin zur Erkl\u00e4rung seiner Braut mit der sensiblen Gabe eines reichen Ringes, erbitte f\u00fcr uns, so beten wir, die Gnade, den Angriffen unserer geistlichen Feinde gleicherma\u00dfen standzuhalten, damit der Lohn unserer Treue darin besteht, jeden Tag in der g\u00f6ttlichen Liebe zu wachsen, bis zu dem Punkt, an dem wir selbstbewusst die untrennbare Verbindung mit dem H\u00f6chsten Gut verdienen.<\/em><\/p>\n<p><em>Ehre sei dem Vater und dem Sohn und dem Heiligen Geist, wie im Anfang, so auch jetzt und in alle Ewigkeit.<\/em><\/p>\n<p><strong><em>Siebter Tag<\/em><\/strong><\/p>\n<p><em>Wegen dieses \u00fcbernat\u00fcrlichen Lichts, mit dem du auf wundersame Weise begabt wurdest, oh gro\u00dfe Heilige, wodurch du mit vielen Briefen den r\u00f6mischen P\u00e4psten selbst als Berater dienen und von ihnen pers\u00f6nlich konsultiert werden konntest, um ihnen zu entdecken, was sie sich in ihren Herzen vorgenommen hatten, und erwirke von ihnen die lang erwartete Wiederherstellung des Heiligen Stuhls in Rom, dessen er siebzig Jahre lang beraubt worden war, erbitte f\u00fcr uns vom Herrn die Gnade, in unseren Zweifeln immer zu wissen, was dem Willen Gottes am meisten entspricht und am geeignetsten f\u00fcr die Gesundheit unserer Seele, so dass aus unseren Vors\u00e4tzen das Wachstum sowohl unserer Inbrunst vor Gott als auch unserer Erbauung gegen\u00fcber unserem N\u00e4chsten hervorgeht.<\/em><\/p>\n<p><em>Ehre sei dem Vater und dem Sohn und dem Heiligen Geist, wie im Anfang, so auch jetzt und in alle Ewigkeit.<\/em><\/p>\n<p><strong><em>Achter Tag<\/em><\/strong><\/p>\n<p><em>Wegen dieser ganz einzigartigen Hingabe, die du, oh gro\u00dfe Heilige, an Jesus Christus im Sakrament hattest, f\u00fcr die du mehrmals durch seine Hand kommuniziert wurdest und seinen Durst mit seinem g\u00f6ttlichen Blut l\u00f6schtest und dadurch den Geschmack f\u00fcr Essen verlorst, hast du acht Jahre lang vom Beginn der Fastenzeit bis zum Tag der Himmelfahrt durchgehalten, ohne etwas anderes als die Allerheiligste Eucharistie zu essen, erbitte f\u00fcr uns, so beten wir, die Gnade, dem Allerheiligsten Sakrament eine Liebe entgegenzubringen, die der Ihren \u00e4hnlich ist, damit wir Freude am langen Bleiben in seiner Gegenwart haben, indem wir ihn h\u00e4ufig in unsere Brust aufnehmen und ihm in jeder Situation die gr\u00f6\u00dftm\u00f6gliche Verherrlichung verschaffen.<\/em><\/p>\n<p><em>Ehre sei dem Vater und dem Sohn und dem Heiligen Geist, wie im Anfang, so auch jetzt und in alle Ewigkeit.<\/em><\/p>\n<p><strong><em>Neunter Tag<\/em><\/strong><\/p>\n<p><em>Wegen dieser au\u00dfergew\u00f6hnlichen Liebe, die du zum Leiden empfandst, f\u00fcr die du mit gro\u00dfem Gl\u00fcck dem Leiden in den unsichtbaren Stigmata alle Schmerzen eines gekreuzigten K\u00f6rpers zugeschrieben hast und von der letzten Krankheit \u00fcberrascht warst, hast du dich selbst zu einer Schauspielerin der Bewunderung f\u00fcr die ganze Welt gemacht. F\u00fcr die Gelassenheit und die Herrlichkeit, mit der du die schrecklichsten Qualen erlitten hast, erwirke f\u00fcr uns vom Herrn die Gnade, mit christlicher Ergebung, oder vielmehr mit heiliger Freude, alle Kreuze zu empfangen, mit denen Gott uns gerne heimsuchen wird, damit wir mit Dir an der F\u00fclle seiner Gl\u00fcckseligkeit im Haus der Ewigkeit teilhaben k\u00f6nnen, nachdem wir die Abt\u00f6tung Christi in unseren K\u00f6rper gebracht haben.<\/em><\/p>\n<p><em>Ehre sei dem Vater und dem Sohn und dem Heiligen Geist, wie im Anfang, so auch jetzt und in alle Ewigkeit.<\/em><\/p>\n","protected":false},"excerpt":{"rendered":"<p>Die heilige Katharina von Siena: von der Frau aus dem Volk zur Beraterin von P\u00e4psten und F\u00fcrsten. Mutig, weise und ganz und gar Christus zugetan. Lernen wir die Schutzpatronin Italiens besser kennen. Wenn man an Katharina von Siena denkt, stellt man sich als erstes die&hellip;<\/p>\n","protected":false},"author":1,"featured_media":3951,"comment_status":"closed","ping_status":"open","sticky":false,"template":"","format":"standard","meta":{"_acf_changed":false,"footnotes":""},"categories":[10],"tags":[],"class_list":["post-3950","post","type-post","status-publish","format-standard","has-post-thumbnail","hentry","category-devotionalien"],"acf":[],"yoast_head":"<!-- This site is optimized with the Yoast SEO plugin v26.6 - https:\/\/yoast.com\/wordpress\/plugins\/seo\/ -->\n<title>Die heilige Katharina von Siena: Schutzpatronin von Italien - Holyart.de Blog<\/title>\n<meta name=\"description\" content=\"Die heilige Katharina von Siena: von der Frau aus dem Volk zur Beraterin von P\u00e4psten und F\u00fcrsten. Mutig, weise und ganz und gar Christus...\" \/>\n<meta name=\"robots\" content=\"index, follow, max-snippet:-1, max-image-preview:large, max-video-preview:-1\" \/>\n<link rel=\"canonical\" href=\"https:\/\/blog.holyart.it\/de\/devotionalien\/die-heilige-katharina-von-siena-schutzpatronin-von-italien\/\" \/>\n<meta property=\"og:locale\" content=\"de_DE\" \/>\n<meta property=\"og:type\" content=\"article\" \/>\n<meta property=\"og:title\" content=\"Die heilige Katharina von Siena: Schutzpatronin von Italien - Holyart.de Blog\" \/>\n<meta property=\"og:description\" content=\"Die heilige Katharina von Siena: von der Frau aus dem Volk zur Beraterin von P\u00e4psten und F\u00fcrsten. Mutig, weise und ganz und gar Christus...\" \/>\n<meta property=\"og:url\" content=\"https:\/\/blog.holyart.it\/de\/devotionalien\/die-heilige-katharina-von-siena-schutzpatronin-von-italien\/\" \/>\n<meta property=\"og:site_name\" content=\"Holyart.de Blog\" \/>\n<meta property=\"article:published_time\" content=\"2024-04-24T08:00:58+00:00\" \/>\n<meta property=\"og:image\" content=\"https:\/\/blog.holyart.it\/de\/wp-content\/uploads\/sites\/12\/2024\/04\/Die-heilige-Katharina-von-Siena-Schutzpatronin-von-Italien.jpg\" \/>\n\t<meta property=\"og:image:width\" content=\"1000\" \/>\n\t<meta property=\"og:image:height\" content=\"666\" \/>\n\t<meta property=\"og:image:type\" content=\"image\/jpeg\" \/>\n<meta name=\"author\" content=\"Redazione\" \/>\n<meta name=\"twitter:card\" content=\"summary_large_image\" \/>\n<meta name=\"twitter:label1\" content=\"Verfasst von\" \/>\n\t<meta name=\"twitter:data1\" content=\"Redazione\" \/>\n\t<meta name=\"twitter:label2\" content=\"Gesch\u00e4tzte Lesezeit\" \/>\n\t<meta name=\"twitter:data2\" content=\"17\u00a0Minuten\" \/>\n<script type=\"application\/ld+json\" class=\"yoast-schema-graph\">{\"@context\":\"https:\/\/schema.org\",\"@graph\":[{\"@type\":\"Article\",\"@id\":\"https:\/\/blog.holyart.it\/de\/devotionalien\/die-heilige-katharina-von-siena-schutzpatronin-von-italien\/#article\",\"isPartOf\":{\"@id\":\"https:\/\/blog.holyart.it\/de\/devotionalien\/die-heilige-katharina-von-siena-schutzpatronin-von-italien\/\"},\"author\":{\"name\":\"Redazione\",\"@id\":\"https:\/\/blog.holyart.it\/de\/#\/schema\/person\/0a7b686e5af0f856ec1e390dd0baecda\"},\"headline\":\"Die heilige Katharina von Siena: Schutzpatronin von Italien\",\"datePublished\":\"2024-04-24T08:00:58+00:00\",\"mainEntityOfPage\":{\"@id\":\"https:\/\/blog.holyart.it\/de\/devotionalien\/die-heilige-katharina-von-siena-schutzpatronin-von-italien\/\"},\"wordCount\":2917,\"publisher\":{\"@id\":\"https:\/\/blog.holyart.it\/de\/#organization\"},\"image\":{\"@id\":\"https:\/\/blog.holyart.it\/de\/devotionalien\/die-heilige-katharina-von-siena-schutzpatronin-von-italien\/#primaryimage\"},\"thumbnailUrl\":\"https:\/\/blog.holyart.it\/de\/wp-content\/uploads\/sites\/12\/2024\/04\/Die-heilige-Katharina-von-Siena-Schutzpatronin-von-Italien.jpg\",\"articleSection\":[\"Religion\"],\"inLanguage\":\"de\"},{\"@type\":\"WebPage\",\"@id\":\"https:\/\/blog.holyart.it\/de\/devotionalien\/die-heilige-katharina-von-siena-schutzpatronin-von-italien\/\",\"url\":\"https:\/\/blog.holyart.it\/de\/devotionalien\/die-heilige-katharina-von-siena-schutzpatronin-von-italien\/\",\"name\":\"Die heilige Katharina von Siena: Schutzpatronin von Italien - Holyart.de Blog\",\"isPartOf\":{\"@id\":\"https:\/\/blog.holyart.it\/de\/#website\"},\"primaryImageOfPage\":{\"@id\":\"https:\/\/blog.holyart.it\/de\/devotionalien\/die-heilige-katharina-von-siena-schutzpatronin-von-italien\/#primaryimage\"},\"image\":{\"@id\":\"https:\/\/blog.holyart.it\/de\/devotionalien\/die-heilige-katharina-von-siena-schutzpatronin-von-italien\/#primaryimage\"},\"thumbnailUrl\":\"https:\/\/blog.holyart.it\/de\/wp-content\/uploads\/sites\/12\/2024\/04\/Die-heilige-Katharina-von-Siena-Schutzpatronin-von-Italien.jpg\",\"datePublished\":\"2024-04-24T08:00:58+00:00\",\"description\":\"Die heilige Katharina von Siena: von der Frau aus dem Volk zur Beraterin von P\u00e4psten und F\u00fcrsten. Mutig, weise und ganz und gar Christus...\",\"breadcrumb\":{\"@id\":\"https:\/\/blog.holyart.it\/de\/devotionalien\/die-heilige-katharina-von-siena-schutzpatronin-von-italien\/#breadcrumb\"},\"inLanguage\":\"de\",\"potentialAction\":[{\"@type\":\"ReadAction\",\"target\":[\"https:\/\/blog.holyart.it\/de\/devotionalien\/die-heilige-katharina-von-siena-schutzpatronin-von-italien\/\"]}]},{\"@type\":\"ImageObject\",\"inLanguage\":\"de\",\"@id\":\"https:\/\/blog.holyart.it\/de\/devotionalien\/die-heilige-katharina-von-siena-schutzpatronin-von-italien\/#primaryimage\",\"url\":\"https:\/\/blog.holyart.it\/de\/wp-content\/uploads\/sites\/12\/2024\/04\/Die-heilige-Katharina-von-Siena-Schutzpatronin-von-Italien.jpg\",\"contentUrl\":\"https:\/\/blog.holyart.it\/de\/wp-content\/uploads\/sites\/12\/2024\/04\/Die-heilige-Katharina-von-Siena-Schutzpatronin-von-Italien.jpg\",\"width\":1000,\"height\":666,\"caption\":\"Die heilige Katharina von Siena Schutzpatronin von Italien\"},{\"@type\":\"BreadcrumbList\",\"@id\":\"https:\/\/blog.holyart.it\/de\/devotionalien\/die-heilige-katharina-von-siena-schutzpatronin-von-italien\/#breadcrumb\",\"itemListElement\":[{\"@type\":\"ListItem\",\"position\":1,\"name\":\"Homepage\",\"item\":\"https:\/\/blog.holyart.it\/de\/\"},{\"@type\":\"ListItem\",\"position\":2,\"name\":\"Religion\",\"item\":\"https:\/\/blog.holyart.it\/de\/devotionalien\/\"},{\"@type\":\"ListItem\",\"position\":3,\"name\":\"Die heilige Katharina von Siena: Schutzpatronin von Italien\"}]},{\"@type\":\"WebSite\",\"@id\":\"https:\/\/blog.holyart.it\/de\/#website\",\"url\":\"https:\/\/blog.holyart.it\/de\/\",\"name\":\"Holyart.de Blog\",\"description\":\"Holyblog\",\"publisher\":{\"@id\":\"https:\/\/blog.holyart.it\/de\/#organization\"},\"potentialAction\":[{\"@type\":\"SearchAction\",\"target\":{\"@type\":\"EntryPoint\",\"urlTemplate\":\"https:\/\/blog.holyart.it\/de\/?s={search_term_string}\"},\"query-input\":{\"@type\":\"PropertyValueSpecification\",\"valueRequired\":true,\"valueName\":\"search_term_string\"}}],\"inLanguage\":\"de\"},{\"@type\":\"Organization\",\"@id\":\"https:\/\/blog.holyart.it\/de\/#organization\",\"name\":\"Holyart.de Blog\",\"url\":\"https:\/\/blog.holyart.it\/de\/\",\"logo\":{\"@type\":\"ImageObject\",\"inLanguage\":\"de\",\"@id\":\"https:\/\/blog.holyart.it\/de\/#\/schema\/logo\/image\/\",\"url\":\"https:\/\/blog.holyart.it\/de\/wp-content\/uploads\/sites\/12\/2022\/12\/Holyart_Blog_Logo.jpg\",\"contentUrl\":\"https:\/\/blog.holyart.it\/de\/wp-content\/uploads\/sites\/12\/2022\/12\/Holyart_Blog_Logo.jpg\",\"width\":300,\"height\":50,\"caption\":\"Holyart.de Blog\"},\"image\":{\"@id\":\"https:\/\/blog.holyart.it\/de\/#\/schema\/logo\/image\/\"}},{\"@type\":\"Person\",\"@id\":\"https:\/\/blog.holyart.it\/de\/#\/schema\/person\/0a7b686e5af0f856ec1e390dd0baecda\",\"name\":\"Redazione\",\"image\":{\"@type\":\"ImageObject\",\"inLanguage\":\"de\",\"@id\":\"https:\/\/blog.holyart.it\/de\/#\/schema\/person\/image\/\",\"url\":\"https:\/\/secure.gravatar.com\/avatar\/f477da817f43e50d0af36abecd33e3edf826c68299714bdc1057dff3b113f516?s=96&d=mm&r=g\",\"contentUrl\":\"https:\/\/secure.gravatar.com\/avatar\/f477da817f43e50d0af36abecd33e3edf826c68299714bdc1057dff3b113f516?s=96&d=mm&r=g\",\"caption\":\"Redazione\"}}]}<\/script>\n<!-- \/ Yoast SEO plugin. -->","yoast_head_json":{"title":"Die heilige Katharina von Siena: Schutzpatronin von Italien - Holyart.de Blog","description":"Die heilige Katharina von Siena: von der Frau aus dem Volk zur Beraterin von P\u00e4psten und F\u00fcrsten. Mutig, weise und ganz und gar Christus...","robots":{"index":"index","follow":"follow","max-snippet":"max-snippet:-1","max-image-preview":"max-image-preview:large","max-video-preview":"max-video-preview:-1"},"canonical":"https:\/\/blog.holyart.it\/de\/devotionalien\/die-heilige-katharina-von-siena-schutzpatronin-von-italien\/","og_locale":"de_DE","og_type":"article","og_title":"Die heilige Katharina von Siena: Schutzpatronin von Italien - Holyart.de Blog","og_description":"Die heilige Katharina von Siena: von der Frau aus dem Volk zur Beraterin von P\u00e4psten und F\u00fcrsten. Mutig, weise und ganz und gar Christus...","og_url":"https:\/\/blog.holyart.it\/de\/devotionalien\/die-heilige-katharina-von-siena-schutzpatronin-von-italien\/","og_site_name":"Holyart.de Blog","article_published_time":"2024-04-24T08:00:58+00:00","og_image":[{"width":1000,"height":666,"url":"https:\/\/blog.holyart.it\/de\/wp-content\/uploads\/sites\/12\/2024\/04\/Die-heilige-Katharina-von-Siena-Schutzpatronin-von-Italien.jpg","type":"image\/jpeg"}],"author":"Redazione","twitter_card":"summary_large_image","twitter_misc":{"Verfasst von":"Redazione","Gesch\u00e4tzte Lesezeit":"17\u00a0Minuten"},"schema":{"@context":"https:\/\/schema.org","@graph":[{"@type":"Article","@id":"https:\/\/blog.holyart.it\/de\/devotionalien\/die-heilige-katharina-von-siena-schutzpatronin-von-italien\/#article","isPartOf":{"@id":"https:\/\/blog.holyart.it\/de\/devotionalien\/die-heilige-katharina-von-siena-schutzpatronin-von-italien\/"},"author":{"name":"Redazione","@id":"https:\/\/blog.holyart.it\/de\/#\/schema\/person\/0a7b686e5af0f856ec1e390dd0baecda"},"headline":"Die heilige Katharina von Siena: Schutzpatronin von Italien","datePublished":"2024-04-24T08:00:58+00:00","mainEntityOfPage":{"@id":"https:\/\/blog.holyart.it\/de\/devotionalien\/die-heilige-katharina-von-siena-schutzpatronin-von-italien\/"},"wordCount":2917,"publisher":{"@id":"https:\/\/blog.holyart.it\/de\/#organization"},"image":{"@id":"https:\/\/blog.holyart.it\/de\/devotionalien\/die-heilige-katharina-von-siena-schutzpatronin-von-italien\/#primaryimage"},"thumbnailUrl":"https:\/\/blog.holyart.it\/de\/wp-content\/uploads\/sites\/12\/2024\/04\/Die-heilige-Katharina-von-Siena-Schutzpatronin-von-Italien.jpg","articleSection":["Religion"],"inLanguage":"de"},{"@type":"WebPage","@id":"https:\/\/blog.holyart.it\/de\/devotionalien\/die-heilige-katharina-von-siena-schutzpatronin-von-italien\/","url":"https:\/\/blog.holyart.it\/de\/devotionalien\/die-heilige-katharina-von-siena-schutzpatronin-von-italien\/","name":"Die heilige Katharina von Siena: Schutzpatronin von Italien - Holyart.de Blog","isPartOf":{"@id":"https:\/\/blog.holyart.it\/de\/#website"},"primaryImageOfPage":{"@id":"https:\/\/blog.holyart.it\/de\/devotionalien\/die-heilige-katharina-von-siena-schutzpatronin-von-italien\/#primaryimage"},"image":{"@id":"https:\/\/blog.holyart.it\/de\/devotionalien\/die-heilige-katharina-von-siena-schutzpatronin-von-italien\/#primaryimage"},"thumbnailUrl":"https:\/\/blog.holyart.it\/de\/wp-content\/uploads\/sites\/12\/2024\/04\/Die-heilige-Katharina-von-Siena-Schutzpatronin-von-Italien.jpg","datePublished":"2024-04-24T08:00:58+00:00","description":"Die heilige Katharina von Siena: von der Frau aus dem Volk zur Beraterin von P\u00e4psten und F\u00fcrsten. Mutig, weise und ganz und gar Christus...","breadcrumb":{"@id":"https:\/\/blog.holyart.it\/de\/devotionalien\/die-heilige-katharina-von-siena-schutzpatronin-von-italien\/#breadcrumb"},"inLanguage":"de","potentialAction":[{"@type":"ReadAction","target":["https:\/\/blog.holyart.it\/de\/devotionalien\/die-heilige-katharina-von-siena-schutzpatronin-von-italien\/"]}]},{"@type":"ImageObject","inLanguage":"de","@id":"https:\/\/blog.holyart.it\/de\/devotionalien\/die-heilige-katharina-von-siena-schutzpatronin-von-italien\/#primaryimage","url":"https:\/\/blog.holyart.it\/de\/wp-content\/uploads\/sites\/12\/2024\/04\/Die-heilige-Katharina-von-Siena-Schutzpatronin-von-Italien.jpg","contentUrl":"https:\/\/blog.holyart.it\/de\/wp-content\/uploads\/sites\/12\/2024\/04\/Die-heilige-Katharina-von-Siena-Schutzpatronin-von-Italien.jpg","width":1000,"height":666,"caption":"Die heilige Katharina von Siena Schutzpatronin von Italien"},{"@type":"BreadcrumbList","@id":"https:\/\/blog.holyart.it\/de\/devotionalien\/die-heilige-katharina-von-siena-schutzpatronin-von-italien\/#breadcrumb","itemListElement":[{"@type":"ListItem","position":1,"name":"Homepage","item":"https:\/\/blog.holyart.it\/de\/"},{"@type":"ListItem","position":2,"name":"Religion","item":"https:\/\/blog.holyart.it\/de\/devotionalien\/"},{"@type":"ListItem","position":3,"name":"Die heilige Katharina von Siena: Schutzpatronin von Italien"}]},{"@type":"WebSite","@id":"https:\/\/blog.holyart.it\/de\/#website","url":"https:\/\/blog.holyart.it\/de\/","name":"Holyart.de Blog","description":"Holyblog","publisher":{"@id":"https:\/\/blog.holyart.it\/de\/#organization"},"potentialAction":[{"@type":"SearchAction","target":{"@type":"EntryPoint","urlTemplate":"https:\/\/blog.holyart.it\/de\/?s={search_term_string}"},"query-input":{"@type":"PropertyValueSpecification","valueRequired":true,"valueName":"search_term_string"}}],"inLanguage":"de"},{"@type":"Organization","@id":"https:\/\/blog.holyart.it\/de\/#organization","name":"Holyart.de Blog","url":"https:\/\/blog.holyart.it\/de\/","logo":{"@type":"ImageObject","inLanguage":"de","@id":"https:\/\/blog.holyart.it\/de\/#\/schema\/logo\/image\/","url":"https:\/\/blog.holyart.it\/de\/wp-content\/uploads\/sites\/12\/2022\/12\/Holyart_Blog_Logo.jpg","contentUrl":"https:\/\/blog.holyart.it\/de\/wp-content\/uploads\/sites\/12\/2022\/12\/Holyart_Blog_Logo.jpg","width":300,"height":50,"caption":"Holyart.de Blog"},"image":{"@id":"https:\/\/blog.holyart.it\/de\/#\/schema\/logo\/image\/"}},{"@type":"Person","@id":"https:\/\/blog.holyart.it\/de\/#\/schema\/person\/0a7b686e5af0f856ec1e390dd0baecda","name":"Redazione","image":{"@type":"ImageObject","inLanguage":"de","@id":"https:\/\/blog.holyart.it\/de\/#\/schema\/person\/image\/","url":"https:\/\/secure.gravatar.com\/avatar\/f477da817f43e50d0af36abecd33e3edf826c68299714bdc1057dff3b113f516?s=96&d=mm&r=g","contentUrl":"https:\/\/secure.gravatar.com\/avatar\/f477da817f43e50d0af36abecd33e3edf826c68299714bdc1057dff3b113f516?s=96&d=mm&r=g","caption":"Redazione"}}]}},"_links":{"self":[{"href":"https:\/\/blog.holyart.it\/de\/wp-json\/wp\/v2\/posts\/3950","targetHints":{"allow":["GET"]}}],"collection":[{"href":"https:\/\/blog.holyart.it\/de\/wp-json\/wp\/v2\/posts"}],"about":[{"href":"https:\/\/blog.holyart.it\/de\/wp-json\/wp\/v2\/types\/post"}],"author":[{"embeddable":true,"href":"https:\/\/blog.holyart.it\/de\/wp-json\/wp\/v2\/users\/1"}],"replies":[{"embeddable":true,"href":"https:\/\/blog.holyart.it\/de\/wp-json\/wp\/v2\/comments?post=3950"}],"version-history":[{"count":3,"href":"https:\/\/blog.holyart.it\/de\/wp-json\/wp\/v2\/posts\/3950\/revisions"}],"predecessor-version":[{"id":3959,"href":"https:\/\/blog.holyart.it\/de\/wp-json\/wp\/v2\/posts\/3950\/revisions\/3959"}],"wp:featuredmedia":[{"embeddable":true,"href":"https:\/\/blog.holyart.it\/de\/wp-json\/wp\/v2\/media\/3951"}],"wp:attachment":[{"href":"https:\/\/blog.holyart.it\/de\/wp-json\/wp\/v2\/media?parent=3950"}],"wp:term":[{"taxonomy":"category","embeddable":true,"href":"https:\/\/blog.holyart.it\/de\/wp-json\/wp\/v2\/categories?post=3950"},{"taxonomy":"post_tag","embeddable":true,"href":"https:\/\/blog.holyart.it\/de\/wp-json\/wp\/v2\/tags?post=3950"}],"curies":[{"name":"wp","href":"https:\/\/api.w.org\/{rel}","templated":true}]}}