{"id":3934,"date":"2024-04-22T10:00:16","date_gmt":"2024-04-22T08:00:16","guid":{"rendered":"https:\/\/blog.holyart.it\/de\/?p=3934"},"modified":"2025-09-29T15:43:57","modified_gmt":"2025-09-29T13:43:57","slug":"der-veranstaltungskalender-des-jubilaeums-2025","status":"publish","type":"post","link":"https:\/\/blog.holyart.it\/de\/devotionalien\/der-veranstaltungskalender-des-jubilaeums-2025\/","title":{"rendered":"Der Veranstaltungskalender des Jubil\u00e4ums 2025"},"content":{"rendered":"<h4><em>Der Veranstaltungskalender f\u00fcr das Jubil\u00e4um 2025 wurde ver\u00f6ffentlicht: zw\u00f6lf Monate mit Veranstaltungen und Gelegenheiten, den Glauben zu vertiefen, br\u00fcderliche Gemeinschaft zu leben und gemeinsam als \u201ePilger in Hoffnung\u201c zu gehen.<\/em><\/h4>\n\n<p>Das Jubil\u00e4um 2025 wird eine Gelegenheit sein, eine <strong>Zeit der Gnade und der Barmherzigkeit<\/strong> zu erleben, um gemeinsam der <strong>Hoffnung<\/strong> entgegenzugehen. Es verspricht ein au\u00dfergew\u00f6hnlicher Moment der Freude, der Hoffnung und der Vers\u00f6hnung zu werden, dank des erwarteten Zustroms von Pilgern aus der ganzen Welt nach Rom, das sich als <strong><a href=\"https:\/\/www.holyart.de\/blog\/devotionalien\/5-pilgerorte-die-man-mindestens-einmal-im-leben-besuchen-sollte\/\">beliebtes Pilgerziel der Christen<\/a><\/strong> wie nie zuvor best\u00e4tigen wird. Diese gro\u00dfe und vielf\u00e4ltige Beteiligung wird Einheit und Solidarit\u00e4t zwischen den verschiedenen Religionsgemeinschaften schaffen und dazu beitragen, die Bande zwischen den Gl\u00e4ubigen aus allen Teilen der Welt zu st\u00e4rken. Das Jubil\u00e4um in Rom verspricht jedoch weit mehr als eine Gelegenheit zur Begegnung und zum Gebet zu bieten. Neben den religi\u00f6sen Feiern werden auch <strong>kulturelle Veranstaltungen, Konzerte und Ausstellungen<\/strong> organisiert, um die reiche Geschichte und Kunst Roms zu feiern. Diese Veranstaltungen werden den Pilgern eine umfassende Erfahrung bieten, die Glauben, Kultur und Spiritualit\u00e4t miteinander verbindet. Auf diese Weise wird das Jubil\u00e4um nicht nur eine Zeit der religi\u00f6sen Reflexion sein, sondern auch eine Gelegenheit, in die Sch\u00f6nheit und Vielfalt der ewigen Stadt einzutauchen.<\/p>\n<div class=\"link-product\">\n<div class=\"blocco-immagine\"><img loading=\"lazy\" decoding=\"async\" class=\"size-full wp-image-4218 alignleft\" src=\"https:\/\/blog.holyart.it\/de\/wp-content\/uploads\/sites\/12\/2024\/04\/pilgerkomplett-kit-zum-jubilaum-2025-rucksack-plus-zubehor-umweltfreundlich-und-wasserdicht.jpg\" alt=\"pilgerkomplett kit zum jubilaum 2025 rucksack plus zubehor umweltfreundlich und wasserdicht\" width=\"100\" height=\"100\" data-kale-share-title=\"Der Veranstaltungskalender des Jubil\u00e4ums 2025\" data-kale-share-url=\"https:\/\/blog.holyart.it\/de\/devotionalien\/der-veranstaltungskalender-des-jubilaeums-2025\/\" \/><\/div>\n<div class=\"blocco-contenuto\">\n<div class=\"blocco-acquista\">Einkaufen:<\/div>\n<div class=\"blocco-titolo\"><a href=\"https:\/\/www.holyart.de\/jubilaum-2025-pilger-der-hoffnung\/pilger-set-und-gadgets-zum-jubilaum-2025\/pilgerkomplett-kit-zum-jubilaum-2025-rucksack-plus-zubehor-umweltfreundlich-und-wasserdicht\">Pilgerkomplett-Kit zum Jubil\u00e4um 2025, Rucksack plus Zubeh\u00f6r, umweltfreundlich und wasserdicht <\/a><\/div>\n<div class=\"blocco-descrizione\">Rucksack aus umweltfreundlichem Material plus Zubeh\u00f6r.<\/div>\n<\/div>\n<\/div>\n<p>Das Jubil\u00e4um, das auch als <strong>Heiliges Jahr<\/strong> bezeichnet wird, zeichnet sich n\u00e4mlich seit jeher nicht nur durch die feierlichen heiligen Riten aus, die es von Anfang bis Ende kennzeichnen, sondern auch durch seine Absicht, die Heiligkeit des Lebens zu f\u00f6rdern, den Glauben zu st\u00e4rken, zu solidarischen Werken zu ermutigen und die br\u00fcderliche Gemeinschaft innerhalb der Kirche und der Gesellschaft zu f\u00f6rdern. Es handelt sich also um einen bedeutenden Moment der geistlichen Erneuerung und des Engagements f\u00fcr die Praxis des christlichen Glaubens, aber auch um die Gemeinschaft der Absichten und den Austausch von Erfahrungen, die den Geist und die Seele der Teilnehmer bereichern.<\/p>\n<p>Das n\u00e4chste Heilige Jahr wird die <strong>Hoffnung<\/strong> zum zentralen Thema haben, und das Motto, das f\u00fcr die Veranstaltung gew\u00e4hlt wurde, lautet \u201e<a href=\"https:\/\/www.holyart.de\/jubilaum-2025-pilger-der-hoffnung?page=1&amp;params=%257B%2522offset%2522%3A0%2C%2522limit%2522%3A60%2C%2522filters%2522%3A%255B%255D%2C%2522sorter%2522%3A%2522LATEST%2522%2C%2522categoryIds%2522%3A%255B108480%255D%257D&amp;_gl=1*m4yhs3*_gcl_aw*R0NMLjE3MDcxMzI0NjMuQ2p3S0NBaUFxNEt1QmhBNkVpd0FyTUF3MUhUUEpHdlQ0N000UXRPRXdmR19mREJRTVp3d21oUEdfak1mN05xUElYLU8tOHhNalNnZlpSb0NNWVFRQXZEX0J3RQ..*_gcl_au*MjI2ODY5Nzk2LjE3MTA0MDQ4MTI.*_ga*MTQ4NzE4MjM0Mi4xNjk0Nzg4MTQz*_ga_W18MV136NH*MTcxMzE4MzQzNS40NTIuMS4xNzEzMTg3Nzc0LjYwLjAuMA..\"><strong>Pilger in Hoffnung<\/strong><\/a>\u201c. In einer symbolischen Geste von gro\u00dfer Bedeutung lud Papst Franziskus anl\u00e4sslich des letzten Weltjugendtags alle jungen Menschen ein, 2025 zum n\u00e4chsten Jubil\u00e4um nach Rom zu kommen, um echte \u201e<em>Pilger der Hoffnung<\/em>\u201c zu werden. Dieser Aufruf zeigt den tiefen Wunsch, <strong>junge Menschen in den Weg des Glaubens einzubeziehen<\/strong> und sie zu ermutigen, aktive Protagonisten einer besseren Welt zu sein. Durch den Aufruf zur Hoffnung soll eine Botschaft des Vertrauens in die Zukunft, der Solidarit\u00e4t und des Engagements f\u00fcr den Aufbau einer gerechteren und br\u00fcderlicheren Gesellschaft vermittelt werden.<\/p>\n<div class=\"link-product\">\n<div class=\"blocco-immagine\"><img loading=\"lazy\" decoding=\"async\" class=\"size-full wp-image-3938 alignleft\" src=\"https:\/\/blog.holyart.it\/de\/wp-content\/uploads\/sites\/12\/2024\/04\/Jubilaeum-2025-Pilger-der-Hoffnung.jpg\" alt=\"Jubilaeum 2025 - Pilger der Hoffnung\" width=\"100\" height=\"100\" data-kale-share-title=\"Der Veranstaltungskalender des Jubil\u00e4ums 2025\" data-kale-share-url=\"https:\/\/blog.holyart.it\/de\/?p=3934\" \/><\/div>\n<div class=\"blocco-contenuto\">\n<div class=\"blocco-acquista\">Einkaufen:<\/div>\n<div class=\"blocco-titolo\"><a href=\"https:\/\/www.holyart.de\/jubilaum-2025-pilger-der-hoffnung?page=1&amp;params=%257B%2522offset%2522%3A0%2C%2522limit%2522%3A60%2C%2522filters%2522%3A%255B%255D%2C%2522sorter%2522%3A%2522LATEST%2522%2C%2522categoryIds%2522%3A%255B108480%255D%257D&amp;_gl=1*m4yhs3*_gcl_aw*R0NMLjE3MDcxMzI0NjMuQ2p3S0NBaUFxNEt1QmhBNkVpd0FyTUF3MUhUUEpHdlQ0N000UXRPRXdmR19mREJRTVp3d21oUEdfak1mN05xUElYLU8tOHhNalNnZlpSb0NNWVFRQXZEX0J3RQ..*_gcl_au*MjI2ODY5Nzk2LjE3MTA0MDQ4MTI.*_ga*MTQ4NzE4MjM0Mi4xNjk0Nzg4MTQz*_ga_W18MV136NH*MTcxMzE4MzQzNS40NTIuMS4xNzEzMTg3Nzc0LjYwLjAuMA..\">Jubil\u00e4um 2025 &#8211; Pilger der Hoffnung<\/a><\/div>\n<div class=\"blocco-descrizione\">Artikel anl\u00e4sslich der Feier des bevorstehenden Heiligen Jahres 2025 in Rom<\/div>\n<\/div>\n<\/div>\n<p>Angesichts des bevorstehenden Jubil\u00e4ums umriss Papst Franziskus seine W\u00fcnsche f\u00fcr das neue Jahr und betonte die Bedeutung eines erneuerten geistlichen Engagements f\u00fcr ein tieferes Verst\u00e4ndnis des Konzepts der Barmherzigkeit. Er rief zum <strong>Gebet und zur bewussten \u00dcberlegung \u00fcber den Willen Gottes<\/strong> auf, damit wir ihn in unserem t\u00e4glichen Leben durch konkrete Handlungen des Mitgef\u00fchls, der Vergebung und der Solidarit\u00e4t im Kontext der heutigen Menschheit verk\u00f6rpern k\u00f6nnen.<\/p>\n<p><strong>Mehr als 32 Millionen<\/strong> Pilger werden in Rom erwartet, um an den zahlreichen Jubil\u00e4umsinitiativen teilzunehmen.<\/p>\n<p>Die Vorbereitungen f\u00fcr das Jubil\u00e4um 2025 haben bereits mit der Schaffung des <a href=\"https:\/\/www.holyart.de\/jubilaum-2025-pilger-der-hoffnung\/bestickter-pultbehang-2-5-m-x-55-cm-mit-offiziellem-logo-des-jubilaums-2025?_gl=1*14vfe32*_gcl_aw*R0NMLjE3MDcxMzI0NjMuQ2p3S0NBaUFxNEt1QmhBNkVpd0FyTUF3MUhUUEpHdlQ0N000UXRPRXdmR19mREJRTVp3d21oUEdfak1mN05xUElYLU8tOHhNalNnZlpSb0NNWVFRQXZEX0J3RQ..*_gcl_au*MjI2ODY5Nzk2LjE3MTA0MDQ4MTI.*_ga*MTQ4NzE4MjM0Mi4xNjk0Nzg4MTQz*_ga_W18MV136NH*MTcxMzE4MzQzNS40NTIuMS4xNzEzMTg3OTA1LjYwLjAuMA..\"><strong>Jubil\u00e4umslogos<\/strong><\/a> begonnen, einer kraftvollen symbolischen Darstellung der Hoffnung, mit vier stilisierten Figuren, die die Menschheit repr\u00e4sentieren und sich gegenseitig umarmen. Die erste der Figuren, mit der die anderen verbunden sind, umklammert das Kreuz. Die Botschaft ist klar: die Hoffnung auf Solidarit\u00e4t und Br\u00fcderlichkeit unter allen V\u00f6lkern, die im Glauben an Christus vereint sind.<\/p>\n<p>Der <strong>Jubil\u00e4ums-Hymnus<\/strong> wurde bereits bei einer Pressekonferenz in der Sixtinischen Kapelle vorgestellt. Sie wurde von dem Theologen Pierangelo Sequeri und dem Maestro Francesco Meneghello aus Mantua, der f\u00fcr die musikalische Gestaltung verantwortlich ist, geschrieben und aus fast dreihundert Kompositionsvorschl\u00e4gen von K\u00fcnstlern aus der ganzen Welt ausgew\u00e4hlt.<\/p>\n<div class=\"link-product\">\n<div class=\"blocco-immagine\"><img loading=\"lazy\" decoding=\"async\" class=\"size-full wp-image-3939 alignleft\" src=\"https:\/\/blog.holyart.it\/de\/wp-content\/uploads\/sites\/12\/2024\/04\/Bestickter-Pultbehang-25-m-x-55-cm-mit-offiziellem-Logo-des-Jubilaeums-2025.jpg\" alt=\"Bestickter Pultbehang, 2,5 m x 55 cm, mit offiziellem Logo des Jubilaeums 2025\" width=\"100\" height=\"100\" data-kale-share-title=\"Der Veranstaltungskalender des Jubil\u00e4ums 2025\" data-kale-share-url=\"https:\/\/blog.holyart.it\/de\/?p=3934\" \/><\/div>\n<div class=\"blocco-contenuto\">\n<div class=\"blocco-acquista\">Einkaufen:<\/div>\n<div class=\"blocco-titolo\"><a href=\"https:\/\/www.holyart.de\/jubilaum-2025-pilger-der-hoffnung\/bestickter-pultbehang-2-5-m-x-55-cm-mit-offiziellem-logo-des-jubilaums-2025?_gl=1*14vfe32*_gcl_aw*R0NMLjE3MDcxMzI0NjMuQ2p3S0NBaUFxNEt1QmhBNkVpd0FyTUF3MUhUUEpHdlQ0N000UXRPRXdmR19mREJRTVp3d21oUEdfak1mN05xUElYLU8tOHhNalNnZlpSb0NNWVFRQXZEX0J3RQ..*_gcl_au*MjI2ODY5Nzk2LjE3MTA0MDQ4MTI.*_ga*MTQ4NzE4MjM0Mi4xNjk0Nzg4MTQz*_ga_W18MV136NH*MTcxMzE4MzQzNS40NTIuMS4xNzEzMTg3OTA1LjYwLjAuMA..\">Bestickter Pultbehang, 2,5 m x 55 cm, mit offiziellem Logo des Jubil\u00e4ums 2025 <\/a><\/div>\n<div class=\"blocco-descrizione\">Der Pultbehang ist in den vier liturgischen Farben bestellbar<\/div>\n<\/div>\n<\/div>\n<h2>Jubil\u00e4umsjahr 2025: Termine<\/h2>\n<p><a href=\"https:\/\/blog.holyart.it\/de\/wp-content\/uploads\/sites\/12\/2024\/04\/jubilaums-2025-kalender-de.pdf\"><strong>Lade den Kalender des Jubil\u00e4ums 2025 herunter<\/strong><\/a><\/p>\n<ol start=\"24\">\n<li><strong> Dezember 2024 &#8211; \u00d6ffnung der Heiligen Pforte des Petersdoms.<\/strong><\/li>\n<\/ol>\n<p><strong>JANUAR-FEBRUAR 2025<\/strong><\/p>\n<p>24.-26. Januar | Weltkommunikationsjubil\u00e4um<\/p>\n<p>&nbsp;<\/p>\n<p>8-9 Februar | Jubil\u00e4um der Streitkr\u00e4fte, der Polizei und der Sicherheitskr\u00e4fte<\/p>\n<p>15-18 Februar | Jubil\u00e4um der K\u00fcnstler<\/p>\n<p>21-23 Februar | Jubil\u00e4um der Diakone<\/p>\n<p>&nbsp;<\/p>\n<p><strong>M\u00c4RZ-APRIL 2025<\/strong><\/p>\n<p>8-9 M\u00e4rz | Jubil\u00e4um der Welt der Freiwilligen<\/p>\n<ol start=\"28\">\n<li>M\u00e4rz | 24 Stunden f\u00fcr den Herrn<\/li>\n<\/ol>\n<p>28.-30. M\u00e4rz | Jubil\u00e4um der Missionare der Barmherzigkeit<\/p>\n<p>&nbsp;<\/p>\n<p>5.-6. April | Jubil\u00e4um der Kranken und der Welt des Gesundheitswesens<\/p>\n<p>25-27 April | Jubil\u00e4um der Teenager<\/p>\n<p>28.-29. April | Jubil\u00e4um der Menschen mit Behinderungen<\/p>\n<p>&nbsp;<\/p>\n<p><strong>MAI &#8211; JULI 2025<\/strong><\/p>\n<p>1-4 Mai | Jubil\u00e4um der Arbeiter<\/p>\n<p>4-5 Mai | Jubil\u00e4um der Unternehmer<\/p>\n<p>10-11 Mai | Jubil\u00e4um der Bands<\/p>\n<p>12-14 Mai | Jubil\u00e4um der orientalischen Kirchen<\/p>\n<p>16-18 Mai | Jubil\u00e4um der Br\u00fcderlichkeit<\/p>\n<ol start=\"30\">\n<li>Mai &#8211; 1. Juni | Jubil\u00e4um der Familien, Kinderjubil\u00e4um, Gro\u00dfeltern und Senioren<\/li>\n<\/ol>\n<p>&nbsp;<\/p>\n<p>7-8 Juni | Jubil\u00e4um der Bewegungen, Vereinigungen und neuen Gemeinschaften<\/p>\n<ol start=\"9\">\n<li>Juni | Jubil\u00e4um des Heiligen Stuhls<\/li>\n<\/ol>\n<p>14-15 Juni | Jubil\u00e4um des Sports<\/p>\n<p>20.-22. Juni | Jubil\u00e4um der F\u00fchrungspers\u00f6nlichkeiten<\/p>\n<p>23.-24. Juni | Jubil\u00e4um der Seminaristen<\/p>\n<ol start=\"25\">\n<li>Juni | Jubil\u00e4umsjahr der Bisch\u00f6fe<\/li>\n<\/ol>\n<p>25.-27. Juni | Priesterjubil\u00e4um<\/p>\n<p>&nbsp;<\/p>\n<ol start=\"28\">\n<li>Juli &#8211; 3. August | Jubil\u00e4um der jungen Menschen<\/li>\n<\/ol>\n<p>&nbsp;<\/p>\n<p><strong>SEPTEMBER &#8211; DEZEMBER 2025<\/strong><\/p>\n<ol start=\"15\">\n<li>September | Jubeljahr des Trostes<\/li>\n<\/ol>\n<ol start=\"20\">\n<li>September | Jubil\u00e4um der Mitarbeiter der Justiz<\/li>\n<\/ol>\n<p>26-28 September | Jubil\u00e4um der Katechisten<\/p>\n<p>4.-5. Oktober | Jubil\u00e4um der Migranten, Jubil\u00e4um der Missionswelt<\/p>\n<p>8.-9. Oktober | Jubil\u00e4um des gottgeweihten Lebens<\/p>\n<p>11.-12. Oktober | Jubil\u00e4um der marianischen Spiritualit\u00e4t<\/p>\n<ol start=\"31\">\n<li>Oktober &#8211; 2. November | Jubil\u00e4um der Bildungswelt<\/li>\n<\/ol>\n<p>&nbsp;<\/p>\n<ol start=\"16\">\n<li>November | Jubil\u00e4um der Armen<\/li>\n<\/ol>\n<p>22-23 November | Jubil\u00e4um der Ch\u00f6re und Chor\u00e4le<\/p>\n<p>&nbsp;<\/p>\n<ol start=\"14\">\n<li>Dezember | Jubil\u00e4um der Gefangenen<\/li>\n<\/ol>\n<p>&nbsp;<\/p>\n<ol start=\"6\">\n<li><strong> Januar 2026 | Schlie\u00dfung der Heiligen Pforte des Petersdoms.<\/strong><\/li>\n<\/ol>\n<p>&nbsp;<\/p>\n<h2>\u00d6ffnung der Heiligen Pforte<\/h2>\n<p>Das Heilige Jahr beginnt mit der \u00d6ffnung der Heiligen Pforte und endet mit ihrer Schlie\u00dfung. Die <strong><a href=\"https:\/\/www.holyart.de\/blog\/devotionalien\/heilige-pforte-was-sie-ist-und-was-ihre-oeffnung-bedeutet\/\">\u00d6ffnung der Heiligen Pforte<\/a><\/strong> stellt nicht nur den offiziellen Beginn der Veranstaltung dar, sondern ist f\u00fcr die Gl\u00e4ubigen auch mit symbolischen Bedeutungen verbunden. Das Jubil\u00e4um 2025 beginnt am 24. Dezember 2024 um 16:30 Uhr mit der \u00d6ffnung der Heiligen Pforte des Petersdoms. Die feierliche Er\u00f6ffnungszeremonie wird von Papst Franziskus geleitet.<\/p>\n<p>Das Heilige Jahr wird am 6. Januar 2026 mit der Schlie\u00dfung der Heiligen Pforte des Petersdoms enden.<\/p>\n<p>Neben der Heiligen Pforte des Petersdoms werden auch die anderen Heiligen Pforten Roms ge\u00f6ffnet: die Basilika St. Paul vor den Mauern, die Basilika St. Johannes im Lateran und die Basilika St. Maria Maggiore.<\/p>\n<div class=\"link-article\">\n<p><img loading=\"lazy\" decoding=\"async\" class=\"size-full wp-image-3940 alignleft\" src=\"https:\/\/blog.holyart.it\/de\/wp-content\/uploads\/sites\/12\/2024\/04\/Heilige-Pforte-1.jpeg\" alt=\"Heilige Pforte\" width=\"150\" height=\"104\" data-kale-share-title=\"Der Veranstaltungskalender des Jubil\u00e4ums 2025\" data-kale-share-url=\"https:\/\/blog.holyart.it\/de\/?p=3934\" \/><\/p>\n<div class=\"leggi-anche\">Lesen Sie auch:<\/div>\n<p><strong><a href=\"https:\/\/www.holyart.de\/blog\/devotionalien\/heilige-pforte-was-sie-ist-und-was-ihre-oeffnung-bedeutet\/\">Heilige Pforte: was sie ist und was ihre \u00d6ffnung bedeutet<\/a><\/strong><br \/>\nDie \u00d6ffnung der Heiligen Pforte markiert nicht nur den Beginn des Jubil\u00e4umsjahres, sondern ist f\u00fcr die Christen&#8230;<\/p>\n<\/div>\n<h2>Der Jubil\u00e4umskalender 2025<\/h2>\n<p>Jedes Jubil\u00e4umstreffen wird eine Gelegenheit sein, den Glauben zu vertiefen, br\u00fcderliche Gemeinschaft zu leben und gemeinsam die Herausforderungen der heutigen Welt zu erkennen. Eine Einladung an alle Gl\u00e4ubigen, sich gemeinsam als \u201ePilger in Hoffnung\u201c auf den Weg zu machen und das Licht des Evangeliums in die Mitte der Gesellschaft zu tragen. Die zw\u00f6lf Monate der Jubil\u00e4umstreffen werden wie Wellen der Hoffnung sein, die sich vom Herzen der Kirche auf die gesamte Menschheit ausbreiten. Eine Einladung an alle, eine bessere Zukunft aufzubauen, die auf Br\u00fcderlichkeit, Solidarit\u00e4t und Liebe beruht.<\/p>\n<p>Das erste wichtige Datum des Jubil\u00e4ums 2025 wird der <strong>24. Dezember<\/strong> sein, wenn <strong>die Heilige Pforte des <a href=\"https:\/\/www.holyart.de\/blog\/devotionalien\/der-petersdom-im-vatikan-symbol-der-kirche-fuer-die-ganze-christliche-welt\/\">Petersdoms<\/a> ge\u00f6ffnet wird<\/strong>.<\/p>\n<div class=\"link-article\">\n<p><img loading=\"lazy\" decoding=\"async\" class=\"size-full wp-image-3941 alignleft\" src=\"https:\/\/blog.holyart.it\/de\/wp-content\/uploads\/sites\/12\/2024\/04\/Petersdom-1.jpeg\" alt=\"Petersdom\" width=\"150\" height=\"100\" data-kale-share-title=\"Der Veranstaltungskalender des Jubil\u00e4ums 2025\" data-kale-share-url=\"https:\/\/blog.holyart.it\/de\/?p=3934\" \/><\/p>\n<div class=\"leggi-anche\">Lesen Sie auch:<\/div>\n<p><strong><a href=\"https:\/\/www.holyart.de\/blog\/devotionalien\/der-petersdom-im-vatikan-symbol-der-kirche-fuer-die-ganze-christliche-welt\/\">Der Petersdom im Vatikan: Symbol der Kirche f\u00fcr die ganze christliche Welt<\/a><\/strong><br \/>\nDer Petersdom im Vatikan ist eine Basilika voller Bedeutungen&#8230;<\/p>\n<\/div>\n<p>Das erste wichtige Ereignis des Heiligen Jahres wird das <strong>Jubil\u00e4um der Kommunikationswelt<\/strong> sein, das vom <strong>24. bis 26. Januar 2025<\/strong> in Rom stattfinden wird.\u00a0 Es wird eine wertvolle Gelegenheit sein, \u00fcber die Rolle der Kommunikation in der heutigen Welt nachzudenken, die Verbreitung konstruktiver und friedlicher Informationen zu f\u00f6rdern und alle, die in der Welt der Kommunikation arbeiten, zu ermutigen, eine Botschaft der Wahrheit und der Hoffnung zu vermitteln.<\/p>\n<p><strong>Vom 8. bis 9. Februar 2025<\/strong> findet in Rom auch das <strong>Jubil\u00e4um der Streitkr\u00e4fte, der Polizei und der Sicherheitskr\u00e4fte <\/strong>statt, um den Dienst derjenigen anzuerkennen und zu feiern, die sich t\u00e4glich f\u00fcr die Sicherheit und die Verteidigung des Landes einsetzen. Neben der Anerkennung des Wertes des von den Streitkr\u00e4ften, der Polizei und den Sicherheitskr\u00e4ften geleisteten Dienstes wird es eine Gelegenheit sein, f\u00fcr Frieden und Sicherheit in der Welt zu beten und die Menschen zu ermutigen, ihren Dienst mit Treue und Hingabe zu leben.<\/p>\n<p>Das <strong>Jubil\u00e4um der K\u00fcnstler<\/strong> findet vom <strong>16. bis 18. Februar 2025<\/strong> in Rom statt und richtet sich an Musiker, Maler, Bildhauer, Schriftsteller, Schauspieler, Regisseure und all jene, die sich im Gebet f\u00fcr das Sch\u00f6ne und Gute zusammenschlie\u00dfen m\u00f6chten. Die Veranstaltung wurde von Papst Franziskus gew\u00fcnscht, um das Geschenk der Sch\u00f6nheit und die Rolle der K\u00fcnstler in der Gesellschaft zu feiern. Ziel der Initiative ist es, den Wert der Kunst und ihre Rolle in der Gesellschaft anzuerkennen, die K\u00fcnstler zu ermutigen, ihre Talente zur F\u00f6rderung des Sch\u00f6nen und Guten einzusetzen, und den Dialog zwischen Kunst und Glauben zu f\u00f6rdern.<\/p>\n<p>Das <strong>Jubil\u00e4um der <a href=\"https:\/\/www.holyart.de\/blog\/devotionalien\/wie-wird-man-diakon-aufgaben-und-ausbildung\/\">Diakone<\/a><\/strong> wird vom <strong>21. bis 23. Februar 2025<\/strong> stattfinden, um die grundlegende Rolle der Diakone in der Kirche und den Wert des diakonischen Dienstes zu feiern. Ziel der Initiative ist es, die Diakone zu ermutigen, ihren Dienst mit Treue und Hingabe zu leben, und den Dialog zwischen Diakonen und Priestern zu f\u00f6rdern.<\/p>\n<div class=\"link-article\">\n<p><img loading=\"lazy\" decoding=\"async\" class=\"size-full wp-image-3942 alignleft\" src=\"https:\/\/blog.holyart.it\/de\/wp-content\/uploads\/sites\/12\/2024\/04\/Diakone.jpg\" alt=\"Diakone\" width=\"150\" height=\"99\" data-kale-share-title=\"Der Veranstaltungskalender des Jubil\u00e4ums 2025\" data-kale-share-url=\"https:\/\/blog.holyart.it\/de\/?p=3934\" \/><\/p>\n<div class=\"leggi-anche\">Lesen Sie auch:<\/div>\n<p><strong><a href=\"https:\/\/www.holyart.de\/blog\/devotionalien\/wie-wird-man-diakon-aufgaben-und-ausbildung\/\">Wie wird man Diakon: Aufgaben und Ausbildung<\/a><\/strong><br \/>\nWer ist ein Diakon und was ist seine Aufgabe? Wie wird man Diakon? Wir wollen mehr \u00fcber diese Figur erfahren, die in der katholischen Kirche&#8230;<\/p>\n<\/div>\n<p>Die Tage des <strong>8. und 9. M\u00e4rz<\/strong> sind dem <strong>Jubil\u00e4um der Welt der Freiwilligen<\/strong> vorbehalten, um das Geschenk des unentgeltlichen und liebevollen Dienstes zu feiern, w\u00e4hrend am <strong>28. M\u00e4rz<\/strong> die <strong>24-Stunden-Gebetsinitiative<\/strong> f\u00fcr den Herrn begangen wird.<\/p>\n<p>Am <strong>29. und 30. M\u00e4rz<\/strong> wird das <strong>Jubil\u00e4um der <a href=\"https:\/\/www.holyart.de\/blog\/devotionalien\/weltmissionstag-sich-fuer-andere-einsetzen\/\">Missionare<\/a> der Barmherzigkeit<\/strong> begangen, um den missionarischen Eifer und die Solidarit\u00e4t mit den bed\u00fcrftigsten V\u00f6lkern neu zu beleben.<\/p>\n<p>April ist der Gesundheit und den jungen Menschen gewidmet. Am <strong>5. und 6. April<\/strong> wird das <strong>Jubil\u00e4um der Kranken und der Welt der Gesundheit <\/strong>begangen, eine Zeit der tiefen Reflexion und des intensiven Gebets f\u00fcr diejenigen, die leiblich und geistig leiden, und f\u00fcr alle, die sich mit Liebe und Hingabe ihrer Pflege widmen. Danach folgt das Jubil\u00e4um der <strong>Jugendlichen<\/strong> (<strong>25.-27. April<\/strong>), ein aufregendes Abenteuer des Glaubens und der Freude f\u00fcr alle Jungen und M\u00e4dchen im Alter von 13 bis 16 Jahren. Eine einmalige Gelegenheit, eine Begegnung mit Gott, mit der Kirche und mit Gleichaltrigen aus der ganzen Welt zu erleben, und das <strong>Jubil\u00e4um der Menschen mit Behinderungen<\/strong> (<strong>28.-30. April<\/strong>), eine einmalige Gelegenheit, die W\u00fcrde jedes Menschen zu feiern, unabh\u00e4ngig von seinem k\u00f6rperlichen oder geistigen Zustand, und das Recht aller auf ein erf\u00fclltes und gemeinsames Leben zu bekr\u00e4ftigen.<\/p>\n<div class=\"link-article\">\n<p><img loading=\"lazy\" decoding=\"async\" class=\"size-full wp-image-3943 alignleft\" src=\"https:\/\/blog.holyart.it\/de\/wp-content\/uploads\/sites\/12\/2024\/04\/Weltmissionstag.jpg\" alt=\"Weltmissionstag\" width=\"150\" height=\"99\" data-kale-share-title=\"Der Veranstaltungskalender des Jubil\u00e4ums 2025\" data-kale-share-url=\"https:\/\/blog.holyart.it\/de\/?p=3934\" \/><\/p>\n<div class=\"leggi-anche\">Lesen Sie auch:<\/div>\n<p><strong><a href=\"https:\/\/www.holyart.de\/blog\/devotionalien\/weltmissionstag-sich-fuer-andere-einsetzen\/\">Weltmissionstag: Sich f\u00fcr andere einsetzen<\/a><\/strong><br \/>\nDer Weltmissionstag wird am 24. Oktober gefeiert und macht den Oktober zum Missionsmonat schlechthin.<\/p>\n<\/div>\n<p>Im Mai wird <strong>am 1. und 4. Mai<\/strong> bzw. <strong>am 4. und 5. Mai<\/strong> das <strong>Jubil\u00e4um der Arbeitnehmer<\/strong> und das <strong>Jubil\u00e4um der Arbeitgeber<\/strong> gefeiert. Es werden zwei Gelegenheiten sein, den unsch\u00e4tzbaren Wert der Arbeit zu w\u00fcrdigen und \u00fcber die Herausforderungen und Chancen der Arbeitswelt in einem sich st\u00e4ndig weiterentwickelnden sozialen und wirtschaftlichen Kontext nachzudenken, aber auch ein Moment der Begegnung und des Dialogs zwischen Arbeitnehmern, Unternehmern, Politikern und Vertretern unterschiedliche Realit\u00e4ten der Arbeitswelt kennenzulernen, gemeinsame Herausforderungen zu diskutieren und gemeinsam nach L\u00f6sungen f\u00fcr eine gerechtere und nachhaltigere Zukunft zu suchen. Darauf folgt das <strong>Jubil\u00e4um der Musikkapellen (10.-11. Mai)<\/strong>, das der <strong>Bruderschaften (16.-18. Mai)<\/strong> und schlie\u00dflich endet der Monat mit dem <strong>Jubil\u00e4um der Kinder am 24. und 25. Mai, das der Bedeutung von gewidmet ist Kindheit<\/strong>, um der <strong>oft vergessenen und ungeh\u00f6rten Stimme der Kleinen<\/strong> zu lauschen, und das <strong>Jubil\u00e4um der Familien, Gro\u00dfeltern und \u00e4lteren Menschen <\/strong>vom <strong>30. Mai bis 1. Juni<\/strong>, um die Sch\u00f6nheit und zentrale Stellung der Familie in der Gesellschaft wiederzuentdecken.<\/p>\n<p>Juni wird den Bewegungen, Vereinen und neuen Gemeinschaften gewidmet sein, aber auch der R\u00f6mischen Kurie und den Nuntien sowie dem Sport. Tats\u00e4chlich wird das <strong>Jubil\u00e4um der Bewegungen, Verb\u00e4nde und neuen Gemeinschaften vom 7. bis 8. Juni<\/strong> stattfinden, w\u00e4hrend das <strong>Jubil\u00e4um des Heiligen Stuhls<\/strong> am <strong>9. Juni<\/strong> gefeiert wird. Der Monat wird mit dem <strong>Jubil\u00e4um des Sports am 14. und 15. Juni<\/strong> und dem <strong>Jubil\u00e4um der Regierungen vom 20. bis 22. Juni <\/strong>fortgesetzt, einem Moment der Besinnung und des Engagements f\u00fcr das Gemeinwohl f\u00fcr alle, die auf nationaler und nationaler Ebene politische Verantwortung tragen auf internationaler Ebene und die der <strong>Seminaristen am 23. und 24. Juni<\/strong>, <strong>eine Gelegenheit zur Unterscheidung und beruflichen Weiterentwicklung f\u00fcr alle Seminaristen auf der Welt<\/strong>. Mit dem <strong>Jubil\u00e4um der Bisch\u00f6fe<\/strong> (<strong>25. Juni<\/strong>), dem der <strong>Priester<\/strong> (<strong>26.-27. Juni<\/strong>) und dem der <strong>Ostkirchen<\/strong> (<strong>28. Juni<\/strong>) werden sich die Feierlichkeiten wieder auf die Kirche und ihre Amtstr\u00e4ger konzentrieren.<\/p>\n<p>Das <strong>Jubil\u00e4um der Gefangenen<\/strong> wird am <strong>13. Juli<\/strong> gefeiert, w\u00e4hrend das Jubil\u00e4um der <strong>Jugendlichen<\/strong> vom <strong>28. Juli bis 3. August<\/strong> gefeiert wird. Insbesondere wird am 28. Juli in Tor Vergata der <strong><u>Weltjugendtag<\/u><\/strong> stattfinden, um den Glauben junger Menschen und ihr Engagement in der Kirche und in der Welt zu st\u00e4rken.<\/p>\n<p>Das <strong>Jubil\u00e4um des Trostes<\/strong> wird im September stattfinden (<strong>14. und 15. September<\/strong>), w\u00e4hrend am <strong>20. und 21.<\/strong> das <strong>Jubil\u00e4um der Mitarbeiter der Justiz <\/strong>stattfinden wird. Das <strong>Jubil\u00e4um der Katechisten<\/strong> findet vom <strong>26. bis 28. September<\/strong> statt, um ihre grundlegende Rolle bei der Weitergabe des Glaubens zu w\u00fcrdigen.<\/p>\n<p>Im Oktober, dem Monat, in dem traditionell der <u>Gro\u00dfelterntag<\/u> gefeiert wird, beginnt er mit dem <strong>Gro\u00dfelternjubil\u00e4um<\/strong> (<strong>4.-5. Oktober<\/strong>), um die Weisheit und Erfahrung derjenigen zu f\u00f6rdern, die so viel zu geben haben. Am <strong>8. und 9. Oktober<\/strong> findet das <strong>Jubil\u00e4um des <a href=\"https:\/\/www.holyart.de\/kirchenbedarf\/kleidung-fur-geistliche\/religiose-kleidung-fur-damen?page=1&amp;_gl=1*oph6ml*_gcl_aw*R0NMLjE3MDcxMzI0NjMuQ2p3S0NBaUFxNEt1QmhBNkVpd0FyTUF3MUhUUEpHdlQ0N000UXRPRXdmR19mREJRTVp3d21oUEdfak1mN05xUElYLU8tOHhNalNnZlpSb0NNWVFRQXZEX0J3RQ..*_gcl_au*MjI2ODY5Nzk2LjE3MTA0MDQ4MTI.*_ga*MTQ4NzE4MjM0Mi4xNjk0Nzg4MTQz*_ga_W18MV136NH*MTcxMzE4MzQzNS40NTIuMS4xNzEzMTg4NTY5LjQ5LjAuMA..\">geweihten Lebens<\/a><\/strong> statt, am <strong>11. und 12. das Jubil\u00e4um der marianischen Spiritualit\u00e4t<\/strong>, am <strong>18. und 19. das Jubil\u00e4um der Missionswelt<\/strong>. Der Monat endet vom <strong>28. Oktober bis 2. November<\/strong> mit dem <strong>Jubil\u00e4um der Bildungswelt<\/strong>, einer einzigartigen Gelegenheit, die grundlegende Rolle der Bildung bei der Vermittlung von Werten und beim Aufbau einer besseren Zukunft zu feiern.<\/p>\n<p>Schlie\u00dflich finden im November noch zwei weitere gro\u00dfe Jubil\u00e4umsveranstaltungen statt: <strong>am 16. und 17. das Jubil\u00e4um der Armen und sozial ausgegrenzten Menschen<\/strong>, w\u00e4hrend <strong>vom 21. bis 23. das Jubil\u00e4um der Ch\u00f6re und Chor\u00e4le<\/strong>, um die Sch\u00f6nheit des Chorgesangs zu feiern und zu feiern Erleben Sie eine Erfahrung der br\u00fcderlichen Gemeinschaft.<\/p>\n<p>Das <strong>Jubil\u00e4um der Gefangenen<\/strong>, das am <strong>14. Dezember 2025<\/strong> stattfinden wird, wird die letzte Jubil\u00e4umsveranstaltung des Heiligen Jahres 2025 sein, eine Gelegenheit zur Begegnung und Hoffnung f\u00fcr alle Gefangenen auf der Welt, ein Moment, um die W\u00fcrde jedes Menschen zu feiern derer, die Fehler gemacht haben, und um das Recht auf Hoffnung und Erl\u00f6sung zu bekr\u00e4ftigen.<\/p>\n<div class=\"link-product\">\n<div class=\"blocco-immagine\"><img loading=\"lazy\" decoding=\"async\" class=\"size-full wp-image-3944 alignleft\" src=\"https:\/\/blog.holyart.it\/de\/wp-content\/uploads\/sites\/12\/2024\/04\/Damen-Weste.jpg\" alt=\"Damen-Weste\" width=\"100\" height=\"100\" data-kale-share-title=\"Der Veranstaltungskalender des Jubil\u00e4ums 2025\" data-kale-share-url=\"https:\/\/blog.holyart.it\/de\/?p=3934\" \/><\/div>\n<div class=\"blocco-contenuto\">\n<div class=\"blocco-acquista\">Einkaufen:<\/div>\n<div class=\"blocco-titolo\"><a href=\"https:\/\/www.holyart.de\/kirchenbedarf\/kleidung-fur-geistliche\/religiose-kleidung-fur-damen\">Religi\u00f6se Kleidung f\u00fcr Damen<\/a><\/div>\n<div class=\"blocco-descrizione\">Kleidung f\u00fcr Ordensschwestern und liturgische Bekleidung f\u00fcr Damen.<\/div>\n<\/div>\n<\/div>\n","protected":false},"excerpt":{"rendered":"<p>Der Veranstaltungskalender f\u00fcr das Jubil\u00e4um 2025 wurde ver\u00f6ffentlicht: zw\u00f6lf Monate mit Veranstaltungen und Gelegenheiten, den Glauben zu vertiefen, br\u00fcderliche Gemeinschaft zu leben und gemeinsam als \u201ePilger in Hoffnung\u201c zu gehen. Das Jubil\u00e4um 2025 wird eine Gelegenheit sein, eine Zeit der Gnade und der Barmherzigkeit zu&hellip;<\/p>\n","protected":false},"author":1,"featured_media":3936,"comment_status":"closed","ping_status":"open","sticky":false,"template":"","format":"standard","meta":{"_acf_changed":false,"footnotes":""},"categories":[17,10],"tags":[],"class_list":["post-3934","post","type-post","status-publish","format-standard","has-post-thumbnail","hentry","category-jubilaeum-2025","category-devotionalien"],"acf":[],"yoast_head":"<!-- This site is optimized with the Yoast SEO plugin v26.6 - https:\/\/yoast.com\/wordpress\/plugins\/seo\/ -->\n<title>Der Veranstaltungskalender des Jubil\u00e4ums 2025 - Holyart.de Blog<\/title>\n<meta name=\"description\" content=\"Der Jubil\u00e4umskalender 2025 pr\u00e4sentiert zw\u00f6lf Monate voller Treffen, die auf den Aufbau einer besseren Zukunft abzielen, basierend auf...\" \/>\n<meta name=\"robots\" content=\"index, follow, max-snippet:-1, max-image-preview:large, max-video-preview:-1\" \/>\n<link rel=\"canonical\" href=\"https:\/\/blog.holyart.it\/de\/devotionalien\/der-veranstaltungskalender-des-jubilaeums-2025\/\" \/>\n<meta property=\"og:locale\" content=\"de_DE\" \/>\n<meta property=\"og:type\" content=\"article\" \/>\n<meta property=\"og:title\" content=\"Der Veranstaltungskalender des Jubil\u00e4ums 2025 - Holyart.de Blog\" \/>\n<meta property=\"og:description\" content=\"Der Jubil\u00e4umskalender 2025 pr\u00e4sentiert zw\u00f6lf Monate voller Treffen, die auf den Aufbau einer besseren Zukunft abzielen, basierend auf...\" \/>\n<meta property=\"og:url\" content=\"https:\/\/blog.holyart.it\/de\/devotionalien\/der-veranstaltungskalender-des-jubilaeums-2025\/\" \/>\n<meta property=\"og:site_name\" content=\"Holyart.de Blog\" \/>\n<meta property=\"article:published_time\" content=\"2024-04-22T08:00:16+00:00\" \/>\n<meta property=\"article:modified_time\" content=\"2025-09-29T13:43:57+00:00\" \/>\n<meta property=\"og:image\" content=\"https:\/\/blog.holyart.it\/de\/wp-content\/uploads\/sites\/12\/2024\/04\/Der-Veranstaltungskalender-des-Jubilaeums-2025.jpg\" \/>\n\t<meta property=\"og:image:width\" content=\"1000\" \/>\n\t<meta property=\"og:image:height\" content=\"666\" \/>\n\t<meta property=\"og:image:type\" content=\"image\/jpeg\" \/>\n<meta name=\"author\" content=\"Redazione\" \/>\n<meta name=\"twitter:card\" content=\"summary_large_image\" \/>\n<meta name=\"twitter:label1\" content=\"Verfasst von\" \/>\n\t<meta name=\"twitter:data1\" content=\"Redazione\" \/>\n\t<meta name=\"twitter:label2\" content=\"Gesch\u00e4tzte Lesezeit\" \/>\n\t<meta name=\"twitter:data2\" content=\"16\u00a0Minuten\" \/>\n<script type=\"application\/ld+json\" class=\"yoast-schema-graph\">{\"@context\":\"https:\/\/schema.org\",\"@graph\":[{\"@type\":\"Article\",\"@id\":\"https:\/\/blog.holyart.it\/de\/devotionalien\/der-veranstaltungskalender-des-jubilaeums-2025\/#article\",\"isPartOf\":{\"@id\":\"https:\/\/blog.holyart.it\/de\/devotionalien\/der-veranstaltungskalender-des-jubilaeums-2025\/\"},\"author\":{\"name\":\"Redazione\",\"@id\":\"https:\/\/blog.holyart.it\/de\/#\/schema\/person\/0a7b686e5af0f856ec1e390dd0baecda\"},\"headline\":\"Der Veranstaltungskalender des Jubil\u00e4ums 2025\",\"datePublished\":\"2024-04-22T08:00:16+00:00\",\"dateModified\":\"2025-09-29T13:43:57+00:00\",\"mainEntityOfPage\":{\"@id\":\"https:\/\/blog.holyart.it\/de\/devotionalien\/der-veranstaltungskalender-des-jubilaeums-2025\/\"},\"wordCount\":2547,\"publisher\":{\"@id\":\"https:\/\/blog.holyart.it\/de\/#organization\"},\"image\":{\"@id\":\"https:\/\/blog.holyart.it\/de\/devotionalien\/der-veranstaltungskalender-des-jubilaeums-2025\/#primaryimage\"},\"thumbnailUrl\":\"https:\/\/blog.holyart.it\/de\/wp-content\/uploads\/sites\/12\/2024\/04\/Der-Veranstaltungskalender-des-Jubilaeums-2025.jpg\",\"articleSection\":[\"Jubil\u00e4um 2025\",\"Religion\"],\"inLanguage\":\"de\"},{\"@type\":\"WebPage\",\"@id\":\"https:\/\/blog.holyart.it\/de\/devotionalien\/der-veranstaltungskalender-des-jubilaeums-2025\/\",\"url\":\"https:\/\/blog.holyart.it\/de\/devotionalien\/der-veranstaltungskalender-des-jubilaeums-2025\/\",\"name\":\"Der Veranstaltungskalender des Jubil\u00e4ums 2025 - Holyart.de Blog\",\"isPartOf\":{\"@id\":\"https:\/\/blog.holyart.it\/de\/#website\"},\"primaryImageOfPage\":{\"@id\":\"https:\/\/blog.holyart.it\/de\/devotionalien\/der-veranstaltungskalender-des-jubilaeums-2025\/#primaryimage\"},\"image\":{\"@id\":\"https:\/\/blog.holyart.it\/de\/devotionalien\/der-veranstaltungskalender-des-jubilaeums-2025\/#primaryimage\"},\"thumbnailUrl\":\"https:\/\/blog.holyart.it\/de\/wp-content\/uploads\/sites\/12\/2024\/04\/Der-Veranstaltungskalender-des-Jubilaeums-2025.jpg\",\"datePublished\":\"2024-04-22T08:00:16+00:00\",\"dateModified\":\"2025-09-29T13:43:57+00:00\",\"description\":\"Der Jubil\u00e4umskalender 2025 pr\u00e4sentiert zw\u00f6lf Monate voller Treffen, die auf den Aufbau einer besseren Zukunft abzielen, basierend auf...\",\"breadcrumb\":{\"@id\":\"https:\/\/blog.holyart.it\/de\/devotionalien\/der-veranstaltungskalender-des-jubilaeums-2025\/#breadcrumb\"},\"inLanguage\":\"de\",\"potentialAction\":[{\"@type\":\"ReadAction\",\"target\":[\"https:\/\/blog.holyart.it\/de\/devotionalien\/der-veranstaltungskalender-des-jubilaeums-2025\/\"]}]},{\"@type\":\"ImageObject\",\"inLanguage\":\"de\",\"@id\":\"https:\/\/blog.holyart.it\/de\/devotionalien\/der-veranstaltungskalender-des-jubilaeums-2025\/#primaryimage\",\"url\":\"https:\/\/blog.holyart.it\/de\/wp-content\/uploads\/sites\/12\/2024\/04\/Der-Veranstaltungskalender-des-Jubilaeums-2025.jpg\",\"contentUrl\":\"https:\/\/blog.holyart.it\/de\/wp-content\/uploads\/sites\/12\/2024\/04\/Der-Veranstaltungskalender-des-Jubilaeums-2025.jpg\",\"width\":1000,\"height\":666,\"caption\":\"Der Veranstaltungskalender des Jubilaeums 2025\"},{\"@type\":\"BreadcrumbList\",\"@id\":\"https:\/\/blog.holyart.it\/de\/devotionalien\/der-veranstaltungskalender-des-jubilaeums-2025\/#breadcrumb\",\"itemListElement\":[{\"@type\":\"ListItem\",\"position\":1,\"name\":\"Homepage\",\"item\":\"https:\/\/blog.holyart.it\/de\/\"},{\"@type\":\"ListItem\",\"position\":2,\"name\":\"Jubil\u00e4um 2025\",\"item\":\"https:\/\/blog.holyart.it\/de\/jubilaeum-2025\/\"},{\"@type\":\"ListItem\",\"position\":3,\"name\":\"Der Veranstaltungskalender des Jubil\u00e4ums 2025\"}]},{\"@type\":\"WebSite\",\"@id\":\"https:\/\/blog.holyart.it\/de\/#website\",\"url\":\"https:\/\/blog.holyart.it\/de\/\",\"name\":\"Holyart.de Blog\",\"description\":\"Holyblog\",\"publisher\":{\"@id\":\"https:\/\/blog.holyart.it\/de\/#organization\"},\"potentialAction\":[{\"@type\":\"SearchAction\",\"target\":{\"@type\":\"EntryPoint\",\"urlTemplate\":\"https:\/\/blog.holyart.it\/de\/?s={search_term_string}\"},\"query-input\":{\"@type\":\"PropertyValueSpecification\",\"valueRequired\":true,\"valueName\":\"search_term_string\"}}],\"inLanguage\":\"de\"},{\"@type\":\"Organization\",\"@id\":\"https:\/\/blog.holyart.it\/de\/#organization\",\"name\":\"Holyart.de Blog\",\"url\":\"https:\/\/blog.holyart.it\/de\/\",\"logo\":{\"@type\":\"ImageObject\",\"inLanguage\":\"de\",\"@id\":\"https:\/\/blog.holyart.it\/de\/#\/schema\/logo\/image\/\",\"url\":\"https:\/\/blog.holyart.it\/de\/wp-content\/uploads\/sites\/12\/2022\/12\/Holyart_Blog_Logo.jpg\",\"contentUrl\":\"https:\/\/blog.holyart.it\/de\/wp-content\/uploads\/sites\/12\/2022\/12\/Holyart_Blog_Logo.jpg\",\"width\":300,\"height\":50,\"caption\":\"Holyart.de Blog\"},\"image\":{\"@id\":\"https:\/\/blog.holyart.it\/de\/#\/schema\/logo\/image\/\"}},{\"@type\":\"Person\",\"@id\":\"https:\/\/blog.holyart.it\/de\/#\/schema\/person\/0a7b686e5af0f856ec1e390dd0baecda\",\"name\":\"Redazione\",\"image\":{\"@type\":\"ImageObject\",\"inLanguage\":\"de\",\"@id\":\"https:\/\/blog.holyart.it\/de\/#\/schema\/person\/image\/\",\"url\":\"https:\/\/secure.gravatar.com\/avatar\/f477da817f43e50d0af36abecd33e3edf826c68299714bdc1057dff3b113f516?s=96&d=mm&r=g\",\"contentUrl\":\"https:\/\/secure.gravatar.com\/avatar\/f477da817f43e50d0af36abecd33e3edf826c68299714bdc1057dff3b113f516?s=96&d=mm&r=g\",\"caption\":\"Redazione\"}}]}<\/script>\n<!-- \/ Yoast SEO plugin. -->","yoast_head_json":{"title":"Der Veranstaltungskalender des Jubil\u00e4ums 2025 - Holyart.de Blog","description":"Der Jubil\u00e4umskalender 2025 pr\u00e4sentiert zw\u00f6lf Monate voller Treffen, die auf den Aufbau einer besseren Zukunft abzielen, basierend auf...","robots":{"index":"index","follow":"follow","max-snippet":"max-snippet:-1","max-image-preview":"max-image-preview:large","max-video-preview":"max-video-preview:-1"},"canonical":"https:\/\/blog.holyart.it\/de\/devotionalien\/der-veranstaltungskalender-des-jubilaeums-2025\/","og_locale":"de_DE","og_type":"article","og_title":"Der Veranstaltungskalender des Jubil\u00e4ums 2025 - Holyart.de Blog","og_description":"Der Jubil\u00e4umskalender 2025 pr\u00e4sentiert zw\u00f6lf Monate voller Treffen, die auf den Aufbau einer besseren Zukunft abzielen, basierend auf...","og_url":"https:\/\/blog.holyart.it\/de\/devotionalien\/der-veranstaltungskalender-des-jubilaeums-2025\/","og_site_name":"Holyart.de Blog","article_published_time":"2024-04-22T08:00:16+00:00","article_modified_time":"2025-09-29T13:43:57+00:00","og_image":[{"width":1000,"height":666,"url":"https:\/\/blog.holyart.it\/de\/wp-content\/uploads\/sites\/12\/2024\/04\/Der-Veranstaltungskalender-des-Jubilaeums-2025.jpg","type":"image\/jpeg"}],"author":"Redazione","twitter_card":"summary_large_image","twitter_misc":{"Verfasst von":"Redazione","Gesch\u00e4tzte Lesezeit":"16\u00a0Minuten"},"schema":{"@context":"https:\/\/schema.org","@graph":[{"@type":"Article","@id":"https:\/\/blog.holyart.it\/de\/devotionalien\/der-veranstaltungskalender-des-jubilaeums-2025\/#article","isPartOf":{"@id":"https:\/\/blog.holyart.it\/de\/devotionalien\/der-veranstaltungskalender-des-jubilaeums-2025\/"},"author":{"name":"Redazione","@id":"https:\/\/blog.holyart.it\/de\/#\/schema\/person\/0a7b686e5af0f856ec1e390dd0baecda"},"headline":"Der Veranstaltungskalender des Jubil\u00e4ums 2025","datePublished":"2024-04-22T08:00:16+00:00","dateModified":"2025-09-29T13:43:57+00:00","mainEntityOfPage":{"@id":"https:\/\/blog.holyart.it\/de\/devotionalien\/der-veranstaltungskalender-des-jubilaeums-2025\/"},"wordCount":2547,"publisher":{"@id":"https:\/\/blog.holyart.it\/de\/#organization"},"image":{"@id":"https:\/\/blog.holyart.it\/de\/devotionalien\/der-veranstaltungskalender-des-jubilaeums-2025\/#primaryimage"},"thumbnailUrl":"https:\/\/blog.holyart.it\/de\/wp-content\/uploads\/sites\/12\/2024\/04\/Der-Veranstaltungskalender-des-Jubilaeums-2025.jpg","articleSection":["Jubil\u00e4um 2025","Religion"],"inLanguage":"de"},{"@type":"WebPage","@id":"https:\/\/blog.holyart.it\/de\/devotionalien\/der-veranstaltungskalender-des-jubilaeums-2025\/","url":"https:\/\/blog.holyart.it\/de\/devotionalien\/der-veranstaltungskalender-des-jubilaeums-2025\/","name":"Der Veranstaltungskalender des Jubil\u00e4ums 2025 - Holyart.de Blog","isPartOf":{"@id":"https:\/\/blog.holyart.it\/de\/#website"},"primaryImageOfPage":{"@id":"https:\/\/blog.holyart.it\/de\/devotionalien\/der-veranstaltungskalender-des-jubilaeums-2025\/#primaryimage"},"image":{"@id":"https:\/\/blog.holyart.it\/de\/devotionalien\/der-veranstaltungskalender-des-jubilaeums-2025\/#primaryimage"},"thumbnailUrl":"https:\/\/blog.holyart.it\/de\/wp-content\/uploads\/sites\/12\/2024\/04\/Der-Veranstaltungskalender-des-Jubilaeums-2025.jpg","datePublished":"2024-04-22T08:00:16+00:00","dateModified":"2025-09-29T13:43:57+00:00","description":"Der Jubil\u00e4umskalender 2025 pr\u00e4sentiert zw\u00f6lf Monate voller Treffen, die auf den Aufbau einer besseren Zukunft abzielen, basierend auf...","breadcrumb":{"@id":"https:\/\/blog.holyart.it\/de\/devotionalien\/der-veranstaltungskalender-des-jubilaeums-2025\/#breadcrumb"},"inLanguage":"de","potentialAction":[{"@type":"ReadAction","target":["https:\/\/blog.holyart.it\/de\/devotionalien\/der-veranstaltungskalender-des-jubilaeums-2025\/"]}]},{"@type":"ImageObject","inLanguage":"de","@id":"https:\/\/blog.holyart.it\/de\/devotionalien\/der-veranstaltungskalender-des-jubilaeums-2025\/#primaryimage","url":"https:\/\/blog.holyart.it\/de\/wp-content\/uploads\/sites\/12\/2024\/04\/Der-Veranstaltungskalender-des-Jubilaeums-2025.jpg","contentUrl":"https:\/\/blog.holyart.it\/de\/wp-content\/uploads\/sites\/12\/2024\/04\/Der-Veranstaltungskalender-des-Jubilaeums-2025.jpg","width":1000,"height":666,"caption":"Der Veranstaltungskalender des Jubilaeums 2025"},{"@type":"BreadcrumbList","@id":"https:\/\/blog.holyart.it\/de\/devotionalien\/der-veranstaltungskalender-des-jubilaeums-2025\/#breadcrumb","itemListElement":[{"@type":"ListItem","position":1,"name":"Homepage","item":"https:\/\/blog.holyart.it\/de\/"},{"@type":"ListItem","position":2,"name":"Jubil\u00e4um 2025","item":"https:\/\/blog.holyart.it\/de\/jubilaeum-2025\/"},{"@type":"ListItem","position":3,"name":"Der Veranstaltungskalender des Jubil\u00e4ums 2025"}]},{"@type":"WebSite","@id":"https:\/\/blog.holyart.it\/de\/#website","url":"https:\/\/blog.holyart.it\/de\/","name":"Holyart.de Blog","description":"Holyblog","publisher":{"@id":"https:\/\/blog.holyart.it\/de\/#organization"},"potentialAction":[{"@type":"SearchAction","target":{"@type":"EntryPoint","urlTemplate":"https:\/\/blog.holyart.it\/de\/?s={search_term_string}"},"query-input":{"@type":"PropertyValueSpecification","valueRequired":true,"valueName":"search_term_string"}}],"inLanguage":"de"},{"@type":"Organization","@id":"https:\/\/blog.holyart.it\/de\/#organization","name":"Holyart.de Blog","url":"https:\/\/blog.holyart.it\/de\/","logo":{"@type":"ImageObject","inLanguage":"de","@id":"https:\/\/blog.holyart.it\/de\/#\/schema\/logo\/image\/","url":"https:\/\/blog.holyart.it\/de\/wp-content\/uploads\/sites\/12\/2022\/12\/Holyart_Blog_Logo.jpg","contentUrl":"https:\/\/blog.holyart.it\/de\/wp-content\/uploads\/sites\/12\/2022\/12\/Holyart_Blog_Logo.jpg","width":300,"height":50,"caption":"Holyart.de Blog"},"image":{"@id":"https:\/\/blog.holyart.it\/de\/#\/schema\/logo\/image\/"}},{"@type":"Person","@id":"https:\/\/blog.holyart.it\/de\/#\/schema\/person\/0a7b686e5af0f856ec1e390dd0baecda","name":"Redazione","image":{"@type":"ImageObject","inLanguage":"de","@id":"https:\/\/blog.holyart.it\/de\/#\/schema\/person\/image\/","url":"https:\/\/secure.gravatar.com\/avatar\/f477da817f43e50d0af36abecd33e3edf826c68299714bdc1057dff3b113f516?s=96&d=mm&r=g","contentUrl":"https:\/\/secure.gravatar.com\/avatar\/f477da817f43e50d0af36abecd33e3edf826c68299714bdc1057dff3b113f516?s=96&d=mm&r=g","caption":"Redazione"}}]}},"_links":{"self":[{"href":"https:\/\/blog.holyart.it\/de\/wp-json\/wp\/v2\/posts\/3934","targetHints":{"allow":["GET"]}}],"collection":[{"href":"https:\/\/blog.holyart.it\/de\/wp-json\/wp\/v2\/posts"}],"about":[{"href":"https:\/\/blog.holyart.it\/de\/wp-json\/wp\/v2\/types\/post"}],"author":[{"embeddable":true,"href":"https:\/\/blog.holyart.it\/de\/wp-json\/wp\/v2\/users\/1"}],"replies":[{"embeddable":true,"href":"https:\/\/blog.holyart.it\/de\/wp-json\/wp\/v2\/comments?post=3934"}],"version-history":[{"count":13,"href":"https:\/\/blog.holyart.it\/de\/wp-json\/wp\/v2\/posts\/3934\/revisions"}],"predecessor-version":[{"id":6936,"href":"https:\/\/blog.holyart.it\/de\/wp-json\/wp\/v2\/posts\/3934\/revisions\/6936"}],"wp:featuredmedia":[{"embeddable":true,"href":"https:\/\/blog.holyart.it\/de\/wp-json\/wp\/v2\/media\/3936"}],"wp:attachment":[{"href":"https:\/\/blog.holyart.it\/de\/wp-json\/wp\/v2\/media?parent=3934"}],"wp:term":[{"taxonomy":"category","embeddable":true,"href":"https:\/\/blog.holyart.it\/de\/wp-json\/wp\/v2\/categories?post=3934"},{"taxonomy":"post_tag","embeddable":true,"href":"https:\/\/blog.holyart.it\/de\/wp-json\/wp\/v2\/tags?post=3934"}],"curies":[{"name":"wp","href":"https:\/\/api.w.org\/{rel}","templated":true}]}}