{"id":3928,"date":"2024-04-17T10:00:06","date_gmt":"2024-04-17T08:00:06","guid":{"rendered":"https:\/\/blog.holyart.it\/de\/?p=3928"},"modified":"2026-04-13T15:47:28","modified_gmt":"2026-04-13T13:47:28","slug":"die-legende-vom-heiligen-georg-und-dem-drachen","status":"publish","type":"post","link":"https:\/\/blog.holyart.it\/de\/devotionalien\/die-legende-vom-heiligen-georg-und-dem-drachen\/","title":{"rendered":"Die Legende vom heiligen Georg und dem Drachen"},"content":{"rendered":"<h4><em>Die Legende vom heiligen Georg und dem Drachen ist im Laufe der Zeit zu einer Parabel \u00fcber den Kampf zwischen Gut und B\u00f6se geworden. Aber wer war Georg, der heilige Krieger?<\/em><\/h4>\n\n<p>Der heilige Georg und der Drache. Das klingt wie der Titel eines M\u00e4rchens. In Wirklichkeit erz\u00e4hlt uns die \u00dcberlieferung die Geschichte eines christlichen M\u00e4rtyrers, eines tapferen Soldaten, eines tapferen Kriegers, der sogar zu den Leibw\u00e4chtern des Kaisers Diokletian geh\u00f6rte. Sein sehr alter Kult entwickelte sich bereits im 4. Jahrhundert und verbreitete sich im gesamten Christentum. Die Islamisten gaben ihm den Titel eines Propheten. Was hat der Drache damit zu tun?<\/p>\n<h2>Geschichte des Heiligen Georg<\/h2>\n<p>Um die Entwicklung der Figur des <strong><a href=\"https:\/\/www.holyart.de\/devotionalien\/statuen\/statuen-aus-bemalten-holz\/statue-heilig-giorgio-holz?_gl=1*ow0eu2*_gcl_aw*R0NMLjE3MDcxMzI0NjMuQ2p3S0NBaUFxNEt1QmhBNkVpd0FyTUF3MUhUUEpHdlQ0N000UXRPRXdmR19mREJRTVp3d21oUEdfak1mN05xUElYLU8tOHhNalNnZlpSb0NNWVFRQXZEX0J3RQ..*_gcl_au*MjI2ODY5Nzk2LjE3MTA0MDQ4MTI.*_ga*MTQ4NzE4MjM0Mi4xNjk0Nzg4MTQz*_ga_W18MV136NH*MTcxMzE2OTAxNC40NTEuMS4xNzEzMTcxMDA2LjU4LjAuMA..\">Heiligen Georg<\/a><\/strong> zu verstehen, muss man bedenken, dass er in einer sehr fernen Zeit lebte. Laut der <em>Passio sancti Georgii<\/em>, einem alten, mit eindrucksvollen Miniaturen verzierten Kodex aus dem 13. Jahrhundert, wurde Georg um 280 n. Chr. in Kappadokien, in der heutigen T\u00fcrkei, als Sohn eines persischen Vaters und einer kappadokischen Mutter geboren. Er wurde von seinen Eltern in der christlichen Religion erzogen, lernte aber auch die <strong>Kriegskunst<\/strong>, so dass er, als er erwachsen war und nach Pal\u00e4stina zog, in die Armee des Kaisers Diokletian eintrat. Es gelang ihm, sich zu bew\u00e4hren und sein K\u00f6nnen unter Beweis zu stellen, so dass er einer der <a href=\"https:\/\/www.holyart.de\/devotionalien\/statuen\/statuen-aus-gips\/statue-aus-gips-heiliger-georg-handbemalt-arte-barsanti-30-cm?_gl=1*um6adp*_gcl_aw*R0NMLjE3MDcxMzI0NjMuQ2p3S0NBaUFxNEt1QmhBNkVpd0FyTUF3MUhUUEpHdlQ0N000UXRPRXdmR19mREJRTVp3d21oUEdfak1mN05xUElYLU8tOHhNalNnZlpSb0NNWVFRQXZEX0J3RQ..*_gcl_au*MjI2ODY5Nzk2LjE3MTA0MDQ4MTI.*_ga*MTQ4NzE4MjM0Mi4xNjk0Nzg4MTQz*_ga_W18MV136NH*MTcxMzE2OTAxNC40NTEuMS4xNzEzMTcxMDA5LjU1LjAuMA..\"><strong>Leibw\u00e4chter des Kaisers<\/strong><\/a> wurde, doch als der Kaiser eine heftige Verfolgung gegen die Christen einleitete, wurde auch Georg ein Opfer.<\/p>\n<h2>Das Martyrium des Heiligen Georg<\/h2>\n<p>Zun\u00e4chst versuchte Diokletian, der den jungen Mann mochte und seine kriegerischen Qualit\u00e4ten sch\u00e4tzte, ihn davon zu \u00fcberzeugen, das Heidentum anzunehmen und den G\u00f6ttern zu opfern, und lockte ihn mit Geschenken und Versprechen von Macht. Der heilige Georg weigerte sich, vor dem Kaiser selbst seinem Glauben abzuschw\u00f6ren, und wurde daf\u00fcr eingekerkert, geschlagen und auf jede Weise gefoltert. W\u00e4hrend seiner Gefangenschaft prophezeite ihm Gott, dass er sechs Jahre lang Qualen erleiden w\u00fcrde und dass er dreimal sterben und dreimal wieder auferstehen w\u00fcrde. So geschah es dann auch: Georg wurde mit einem Rad voller N\u00e4gel und Schwerter in zwei H\u00e4lften geteilt, aber er stand wieder auf und f\u00fchrte den <em>magister militum<\/em> (Befehlshaber der Soldaten) Anatolius und seine gesamte Garnison zur Bekehrung. Sp\u00e4ter riss er alle Statuen eines heidnischen Tempels allein mit der Kraft seines Atems nieder und erreichte so auch die Bekehrung der Kaiserin Alexandra. Als die Verfolgungen gegen die Christen um ihn herum immer grausamer und umfangreicher wurden, wurde Georg von Kaiser Diokletian erneut zum Tode verurteilt. Diesmal erlitt er den M\u00e4rtyrertod durch Enthauptung, nicht ohne vorher denjenigen, die seine Reliquien verehrten, Schutz zu gew\u00e4hren.<\/p>\n<div class=\"link-product\">\n<div class=\"blocco-immagine\"><img loading=\"lazy\" decoding=\"async\" class=\"size-full wp-image-3930 alignleft\" src=\"https:\/\/blog.holyart.it\/de\/wp-content\/uploads\/sites\/12\/2024\/04\/Statue-Heilig-Georg-Holz.jpg\" alt=\"Statue Heilig Georg Holz\" width=\"100\" height=\"100\" data-kale-share-title=\"Die Legende vom heiligen Georg und dem Drachen\" data-kale-share-url=\"https:\/\/blog.holyart.it\/de\/?p=3928\" \/><\/div>\n<div class=\"blocco-contenuto\">\n<div class=\"blocco-acquista\">Einkaufen:<\/div>\n<div class=\"blocco-titolo\"><a href=\"https:\/\/www.holyart.de\/devotionalien\/statuen\/statuen-aus-bemalten-holz\/statue-heilig-giorgio-holz?_gl=1*jzir3c*_gcl_aw*R0NMLjE3MDcxMzI0NjMuQ2p3S0NBaUFxNEt1QmhBNkVpd0FyTUF3MUhUUEpHdlQ0N000UXRPRXdmR19mREJRTVp3d21oUEdfak1mN05xUElYLU8tOHhNalNnZlpSb0NNWVFRQXZEX0J3RQ..*_gcl_au*MjI2ODY5Nzk2LjE3MTA0MDQ4MTI.*_ga*MTQ4NzE4MjM0Mi4xNjk0Nzg4MTQz*_ga_W18MV136NH*MTcxMzE2OTAxNC40NTEuMS4xNzEzMTcxMDYyLjIuMC4w\">Statue Heilig Giorgio Holz<\/a><\/div>\n<div class=\"blocco-descrizione\">Sie ist aus Holz, fein bearbeitet, geschnitzt und handgemalt.<\/div>\n<\/div>\n<\/div>\n<h2>Der Drache<\/h2>\n<p>Die Legende vom Heiligen Georg und dem Drachen wird in der <em>Legenda Aurea<\/em> erz\u00e4hlt, einer Sammlung hagiografischer Biografien, die Jacopo da Varazze, Bischof von Genua, im Mittelalter verfasste. Der Legende zufolge gab es in der Stadt Salem in Libyen einen Teich, in dem ein riesiger, st\u00e4ndig hungriger Drache hauste. Die Bewohner der Region versuchten, ihn zu bes\u00e4nftigen, indem sie ihm Schafe und Ziegen opferten, doch irgendwann reichte das Vieh nicht mehr aus und der Drache verlangte Menschen als Opfergabe. So begannen die Einheimischen, eine makabre Lotterie unter ihren Kindern abzuhalten und auf diese Weise auszuw\u00e4hlen, wer dem unstillbaren Hunger des Drachen geopfert werden sollte. Als auch Prinzessin Silene, die Tochter des \u00f6rtlichen K\u00f6nigs, ausgelost wurde, erschien der Heilige Georg vor den Toren der Stadt. Er verk\u00fcndete, dass Gott ihn gesandt habe, um das Ungeheuer zu besiegen, sofern alle Einwohner von Salem den Glauben an Christus annehmen w\u00fcrden. Der K\u00f6nig und alle seine Untertanen erkl\u00e4rten sich bereit, sich taufen zu lassen, und so trat der Heilige Georg dem Drachen entgegen, machte ihn sanftm\u00fctig und lie\u00df ihn von der Prinzessin mit einem einfachen G\u00fcrtel gefesselt in die Stadt f\u00fchren. Beim Anblick dieses Wunders bekehrten sich alle und der Drache wurde get\u00f6tet.<\/p>\n<p><img loading=\"lazy\" decoding=\"async\" class=\"alignnone size-full wp-image-3931 aligncenter\" src=\"https:\/\/blog.holyart.it\/de\/wp-content\/uploads\/sites\/12\/2024\/04\/Die-Legende-vom-heiligen-Georg-und-dem-Drachen.jpg\" alt=\"Die Legende vom heiligen Georg und dem Drachen\" width=\"1000\" height=\"666\" data-kale-share-title=\"Die Legende vom heiligen Georg und dem Drachen\" data-kale-share-url=\"https:\/\/blog.holyart.it\/de\/?p=3928\" \/><\/p>\n<p>Diese vor allem im Mittelalter weit verbreitete Geschichte <a href=\"https:\/\/www.holyart.de\/devotionalien\/ikonen\/griechische-ikonen\/ikone-heilig-georg-rot-mantel?_gl=1*168t2ip*_gcl_aw*R0NMLjE3MDcxMzI0NjMuQ2p3S0NBaUFxNEt1QmhBNkVpd0FyTUF3MUhUUEpHdlQ0N000UXRPRXdmR19mREJRTVp3d21oUEdfak1mN05xUElYLU8tOHhNalNnZlpSb0NNWVFRQXZEX0J3RQ..*_gcl_au*MjI2ODY5Nzk2LjE3MTA0MDQ4MTI.*_ga*MTQ4NzE4MjM0Mi4xNjk0Nzg4MTQz*_ga_W18MV136NH*MTcxMzE2OTAxNC40NTEuMS4xNzEzMTcxMTgwLjU3LjAuMA..\"><strong>inspirierte viele K\u00fcnstler<\/strong><\/a>, von Paolo Uccello \u00fcber Donatello bis hin zu Kandinsky, die den heiligen Georg und den Drachen in ihren Werken darstellten, aber sie war auch die Inspiration f\u00fcr die Entstehung zahlreicher <strong>Ritterorden<\/strong>, die den Namen des Heiligen annahmen. Die Verehrung des Heiligen Georg durch Richard L\u00f6wenherz machte ihn zum Schutzheiligen Englands.<\/p>\n<p>Die Legende vom heiligen Georg und dem Drachen steht f\u00fcr den <strong>Kampf des Guten gegen das B\u00f6se<\/strong>, f\u00fcr die Werte des Christentums gegen Chaos und Barbarei. In diesem Sinne wurde er als Emblem f\u00fcr die Ideale des aufkommenden <strong>Rittertums<\/strong> angesehen.<\/p>\n<p>Das <a href=\"https:\/\/www.holyart.de\/devotionalien\/schlusselanhanger\/schlusselanhanger-mit-kleiner-medaille-vom-heiligen-georg-aus-zamack-mit-hellblauem-emaillack?_gl=1*bt4ipa*_gcl_aw*R0NMLjE3MDcxMzI0NjMuQ2p3S0NBaUFxNEt1QmhBNkVpd0FyTUF3MUhUUEpHdlQ0N000UXRPRXdmR19mREJRTVp3d21oUEdfak1mN05xUElYLU8tOHhNalNnZlpSb0NNWVFRQXZEX0J3RQ..*_gcl_au*MjI2ODY5Nzk2LjE3MTA0MDQ4MTI.*_ga*MTQ4NzE4MjM0Mi4xNjk0Nzg4MTQz*_ga_W18MV136NH*MTcxMzE2OTAxNC40NTEuMS4xNzEzMTcxMTg0LjUzLjAuMA..\"><strong>Georgs-Kreuz<\/strong><\/a> ist ein rotes Kreuz auf einem wei\u00dfen Feld. Es wurde von den Genuesen seit dem Ende des 6. Jahrhunderts verwendet und wurde zum offiziellen Wappen der <strong>Republik Genua<\/strong>, wurde aber auch von den <strong>Kreuzrittern<\/strong> wegen seines starken symbolischen Wertes verwendet und sp\u00e4ter auf die Flaggen vieler Nationen aufgedruckt.<\/p>\n<h2>Das Fest des Heiligen Georg<\/h2>\n<p><strong><a href=\"https:\/\/www.holyart.de\/devotionalien\/heiligenbildchen-und-grusskarten\/heiligenbildchen\/heiligenbildchen-heiliger-georg-10x5-cm-gebet-in-italienischer-sprache1?flags=true&amp;_gl=1*nf61uc*_gcl_aw*R0NMLjE3MDcxMzI0NjMuQ2p3S0NBaUFxNEt1QmhBNkVpd0FyTUF3MUhUUEpHdlQ0N000UXRPRXdmR19mREJRTVp3d21oUEdfak1mN05xUElYLU8tOHhNalNnZlpSb0NNWVFRQXZEX0J3RQ..*_gcl_au*MjI2ODY5Nzk2LjE3MTA0MDQ4MTI.*_ga*MTQ4NzE4MjM0Mi4xNjk0Nzg4MTQz*_ga_W18MV136NH*MTcxMzE2OTAxNC40NTEuMS4xNzEzMTcxMjE2LjIxLjAuMA..\">Der Heilige Georg wird in vielen italienischen Gemeinden verehrt<\/a><\/strong>. Sein Festtag f\u00e4llt auf den 23. April. In Reggio Calabria geht sein Kult auf das fr\u00fche 11. Jahrhundert zur\u00fcck, wo er als Retter Kalabriens vor den Sarazenen verehrt wird. Der Heilige Georg ist auch der Schutzpatron von Bogensch\u00fctzen, Rittern, Soldaten, Pfadfindern, Entdeckern und F\u00fchrern. <u>Wie viele andere Heilige<\/u> wurde er seit der Antike gegen Hautkrankheiten, aber auch gegen die Pest und Geschlechtskrankheiten angerufen.<\/p>\n","protected":false},"excerpt":{"rendered":"<p>Die Legende vom heiligen Georg und dem Drachen ist im Laufe der Zeit zu einer Parabel \u00fcber den Kampf zwischen Gut und B\u00f6se geworden. Aber wer war Georg, der heilige Krieger? Der heilige Georg und der Drache. Das klingt wie der Titel eines M\u00e4rchens. In&hellip;<\/p>\n","protected":false},"author":1,"featured_media":3929,"comment_status":"closed","ping_status":"open","sticky":false,"template":"","format":"standard","meta":{"_acf_changed":false,"footnotes":""},"categories":[10],"tags":[],"class_list":["post-3928","post","type-post","status-publish","format-standard","has-post-thumbnail","hentry","category-devotionalien"],"acf":[],"yoast_head":"<!-- This site is optimized with the Yoast SEO plugin v26.6 - https:\/\/yoast.com\/wordpress\/plugins\/seo\/ -->\n<title>Die Legende vom heiligen Georg und dem Drachen - Holyart.de Blog<\/title>\n<meta name=\"description\" content=\"Die Legende vom heiligen Georg und dem Drachen ist im Laufe der Zeit zu einer Parabel \u00fcber den Kampf zwischen Gut und B\u00f6se geworden. Aber,,,\" \/>\n<meta name=\"robots\" content=\"index, follow, max-snippet:-1, max-image-preview:large, max-video-preview:-1\" \/>\n<link rel=\"canonical\" href=\"https:\/\/blog.holyart.it\/de\/devotionalien\/die-legende-vom-heiligen-georg-und-dem-drachen\/\" \/>\n<meta property=\"og:locale\" content=\"de_DE\" \/>\n<meta property=\"og:type\" content=\"article\" \/>\n<meta property=\"og:title\" content=\"Die Legende vom heiligen Georg und dem Drachen - Holyart.de Blog\" \/>\n<meta property=\"og:description\" content=\"Die Legende vom heiligen Georg und dem Drachen ist im Laufe der Zeit zu einer Parabel \u00fcber den Kampf zwischen Gut und B\u00f6se geworden. Aber,,,\" \/>\n<meta property=\"og:url\" content=\"https:\/\/blog.holyart.it\/de\/devotionalien\/die-legende-vom-heiligen-georg-und-dem-drachen\/\" \/>\n<meta property=\"og:site_name\" content=\"Holyart.de Blog\" \/>\n<meta property=\"article:published_time\" content=\"2024-04-17T08:00:06+00:00\" \/>\n<meta property=\"article:modified_time\" content=\"2026-04-13T13:47:28+00:00\" \/>\n<meta property=\"og:image\" content=\"https:\/\/blog.holyart.it\/de\/wp-content\/uploads\/sites\/12\/2024\/04\/Die-Legende-vom-heiligen-Georg-und-dem-Drachen.jpeg\" \/>\n\t<meta property=\"og:image:width\" content=\"1000\" \/>\n\t<meta property=\"og:image:height\" content=\"666\" \/>\n\t<meta property=\"og:image:type\" content=\"image\/jpeg\" \/>\n<meta name=\"author\" content=\"Redazione\" \/>\n<meta name=\"twitter:card\" content=\"summary_large_image\" \/>\n<meta name=\"twitter:label1\" content=\"Verfasst von\" \/>\n\t<meta name=\"twitter:data1\" content=\"Redazione\" \/>\n\t<meta name=\"twitter:label2\" content=\"Gesch\u00e4tzte Lesezeit\" \/>\n\t<meta name=\"twitter:data2\" content=\"6\u00a0Minuten\" \/>\n<script type=\"application\/ld+json\" class=\"yoast-schema-graph\">{\"@context\":\"https:\/\/schema.org\",\"@graph\":[{\"@type\":\"Article\",\"@id\":\"https:\/\/blog.holyart.it\/de\/devotionalien\/die-legende-vom-heiligen-georg-und-dem-drachen\/#article\",\"isPartOf\":{\"@id\":\"https:\/\/blog.holyart.it\/de\/devotionalien\/die-legende-vom-heiligen-georg-und-dem-drachen\/\"},\"author\":{\"name\":\"Redazione\",\"@id\":\"https:\/\/blog.holyart.it\/de\/#\/schema\/person\/0a7b686e5af0f856ec1e390dd0baecda\"},\"headline\":\"Die Legende vom heiligen Georg und dem Drachen\",\"datePublished\":\"2024-04-17T08:00:06+00:00\",\"dateModified\":\"2026-04-13T13:47:28+00:00\",\"mainEntityOfPage\":{\"@id\":\"https:\/\/blog.holyart.it\/de\/devotionalien\/die-legende-vom-heiligen-georg-und-dem-drachen\/\"},\"wordCount\":922,\"publisher\":{\"@id\":\"https:\/\/blog.holyart.it\/de\/#organization\"},\"image\":{\"@id\":\"https:\/\/blog.holyart.it\/de\/devotionalien\/die-legende-vom-heiligen-georg-und-dem-drachen\/#primaryimage\"},\"thumbnailUrl\":\"https:\/\/blog.holyart.it\/de\/wp-content\/uploads\/sites\/12\/2024\/04\/Die-Legende-vom-heiligen-Georg-und-dem-Drachen.jpeg\",\"articleSection\":[\"Religion\"],\"inLanguage\":\"de\"},{\"@type\":\"WebPage\",\"@id\":\"https:\/\/blog.holyart.it\/de\/devotionalien\/die-legende-vom-heiligen-georg-und-dem-drachen\/\",\"url\":\"https:\/\/blog.holyart.it\/de\/devotionalien\/die-legende-vom-heiligen-georg-und-dem-drachen\/\",\"name\":\"Die Legende vom heiligen Georg und dem Drachen - Holyart.de Blog\",\"isPartOf\":{\"@id\":\"https:\/\/blog.holyart.it\/de\/#website\"},\"primaryImageOfPage\":{\"@id\":\"https:\/\/blog.holyart.it\/de\/devotionalien\/die-legende-vom-heiligen-georg-und-dem-drachen\/#primaryimage\"},\"image\":{\"@id\":\"https:\/\/blog.holyart.it\/de\/devotionalien\/die-legende-vom-heiligen-georg-und-dem-drachen\/#primaryimage\"},\"thumbnailUrl\":\"https:\/\/blog.holyart.it\/de\/wp-content\/uploads\/sites\/12\/2024\/04\/Die-Legende-vom-heiligen-Georg-und-dem-Drachen.jpeg\",\"datePublished\":\"2024-04-17T08:00:06+00:00\",\"dateModified\":\"2026-04-13T13:47:28+00:00\",\"description\":\"Die Legende vom heiligen Georg und dem Drachen ist im Laufe der Zeit zu einer Parabel \u00fcber den Kampf zwischen Gut und B\u00f6se geworden. Aber,,,\",\"breadcrumb\":{\"@id\":\"https:\/\/blog.holyart.it\/de\/devotionalien\/die-legende-vom-heiligen-georg-und-dem-drachen\/#breadcrumb\"},\"inLanguage\":\"de\",\"potentialAction\":[{\"@type\":\"ReadAction\",\"target\":[\"https:\/\/blog.holyart.it\/de\/devotionalien\/die-legende-vom-heiligen-georg-und-dem-drachen\/\"]}]},{\"@type\":\"ImageObject\",\"inLanguage\":\"de\",\"@id\":\"https:\/\/blog.holyart.it\/de\/devotionalien\/die-legende-vom-heiligen-georg-und-dem-drachen\/#primaryimage\",\"url\":\"https:\/\/blog.holyart.it\/de\/wp-content\/uploads\/sites\/12\/2024\/04\/Die-Legende-vom-heiligen-Georg-und-dem-Drachen.jpeg\",\"contentUrl\":\"https:\/\/blog.holyart.it\/de\/wp-content\/uploads\/sites\/12\/2024\/04\/Die-Legende-vom-heiligen-Georg-und-dem-Drachen.jpeg\",\"width\":1000,\"height\":666,\"caption\":\"Die Legende vom heiligen Georg und dem Drachen\"},{\"@type\":\"BreadcrumbList\",\"@id\":\"https:\/\/blog.holyart.it\/de\/devotionalien\/die-legende-vom-heiligen-georg-und-dem-drachen\/#breadcrumb\",\"itemListElement\":[{\"@type\":\"ListItem\",\"position\":1,\"name\":\"Homepage\",\"item\":\"https:\/\/blog.holyart.it\/de\/\"},{\"@type\":\"ListItem\",\"position\":2,\"name\":\"Religion\",\"item\":\"https:\/\/blog.holyart.it\/de\/devotionalien\/\"},{\"@type\":\"ListItem\",\"position\":3,\"name\":\"Die Legende vom heiligen Georg und dem Drachen\"}]},{\"@type\":\"WebSite\",\"@id\":\"https:\/\/blog.holyart.it\/de\/#website\",\"url\":\"https:\/\/blog.holyart.it\/de\/\",\"name\":\"Holyart.de Blog\",\"description\":\"Holyblog\",\"publisher\":{\"@id\":\"https:\/\/blog.holyart.it\/de\/#organization\"},\"potentialAction\":[{\"@type\":\"SearchAction\",\"target\":{\"@type\":\"EntryPoint\",\"urlTemplate\":\"https:\/\/blog.holyart.it\/de\/?s={search_term_string}\"},\"query-input\":{\"@type\":\"PropertyValueSpecification\",\"valueRequired\":true,\"valueName\":\"search_term_string\"}}],\"inLanguage\":\"de\"},{\"@type\":\"Organization\",\"@id\":\"https:\/\/blog.holyart.it\/de\/#organization\",\"name\":\"Holyart.de Blog\",\"url\":\"https:\/\/blog.holyart.it\/de\/\",\"logo\":{\"@type\":\"ImageObject\",\"inLanguage\":\"de\",\"@id\":\"https:\/\/blog.holyart.it\/de\/#\/schema\/logo\/image\/\",\"url\":\"https:\/\/blog.holyart.it\/de\/wp-content\/uploads\/sites\/12\/2022\/12\/Holyart_Blog_Logo.jpg\",\"contentUrl\":\"https:\/\/blog.holyart.it\/de\/wp-content\/uploads\/sites\/12\/2022\/12\/Holyart_Blog_Logo.jpg\",\"width\":300,\"height\":50,\"caption\":\"Holyart.de Blog\"},\"image\":{\"@id\":\"https:\/\/blog.holyart.it\/de\/#\/schema\/logo\/image\/\"}},{\"@type\":\"Person\",\"@id\":\"https:\/\/blog.holyart.it\/de\/#\/schema\/person\/0a7b686e5af0f856ec1e390dd0baecda\",\"name\":\"Redazione\",\"image\":{\"@type\":\"ImageObject\",\"inLanguage\":\"de\",\"@id\":\"https:\/\/blog.holyart.it\/de\/#\/schema\/person\/image\/\",\"url\":\"https:\/\/secure.gravatar.com\/avatar\/f477da817f43e50d0af36abecd33e3edf826c68299714bdc1057dff3b113f516?s=96&d=mm&r=g\",\"contentUrl\":\"https:\/\/secure.gravatar.com\/avatar\/f477da817f43e50d0af36abecd33e3edf826c68299714bdc1057dff3b113f516?s=96&d=mm&r=g\",\"caption\":\"Redazione\"}}]}<\/script>\n<!-- \/ Yoast SEO plugin. -->","yoast_head_json":{"title":"Die Legende vom heiligen Georg und dem Drachen - Holyart.de Blog","description":"Die Legende vom heiligen Georg und dem Drachen ist im Laufe der Zeit zu einer Parabel \u00fcber den Kampf zwischen Gut und B\u00f6se geworden. Aber,,,","robots":{"index":"index","follow":"follow","max-snippet":"max-snippet:-1","max-image-preview":"max-image-preview:large","max-video-preview":"max-video-preview:-1"},"canonical":"https:\/\/blog.holyart.it\/de\/devotionalien\/die-legende-vom-heiligen-georg-und-dem-drachen\/","og_locale":"de_DE","og_type":"article","og_title":"Die Legende vom heiligen Georg und dem Drachen - Holyart.de Blog","og_description":"Die Legende vom heiligen Georg und dem Drachen ist im Laufe der Zeit zu einer Parabel \u00fcber den Kampf zwischen Gut und B\u00f6se geworden. Aber,,,","og_url":"https:\/\/blog.holyart.it\/de\/devotionalien\/die-legende-vom-heiligen-georg-und-dem-drachen\/","og_site_name":"Holyart.de Blog","article_published_time":"2024-04-17T08:00:06+00:00","article_modified_time":"2026-04-13T13:47:28+00:00","og_image":[{"width":1000,"height":666,"url":"https:\/\/blog.holyart.it\/de\/wp-content\/uploads\/sites\/12\/2024\/04\/Die-Legende-vom-heiligen-Georg-und-dem-Drachen.jpeg","type":"image\/jpeg"}],"author":"Redazione","twitter_card":"summary_large_image","twitter_misc":{"Verfasst von":"Redazione","Gesch\u00e4tzte Lesezeit":"6\u00a0Minuten"},"schema":{"@context":"https:\/\/schema.org","@graph":[{"@type":"Article","@id":"https:\/\/blog.holyart.it\/de\/devotionalien\/die-legende-vom-heiligen-georg-und-dem-drachen\/#article","isPartOf":{"@id":"https:\/\/blog.holyart.it\/de\/devotionalien\/die-legende-vom-heiligen-georg-und-dem-drachen\/"},"author":{"name":"Redazione","@id":"https:\/\/blog.holyart.it\/de\/#\/schema\/person\/0a7b686e5af0f856ec1e390dd0baecda"},"headline":"Die Legende vom heiligen Georg und dem Drachen","datePublished":"2024-04-17T08:00:06+00:00","dateModified":"2026-04-13T13:47:28+00:00","mainEntityOfPage":{"@id":"https:\/\/blog.holyart.it\/de\/devotionalien\/die-legende-vom-heiligen-georg-und-dem-drachen\/"},"wordCount":922,"publisher":{"@id":"https:\/\/blog.holyart.it\/de\/#organization"},"image":{"@id":"https:\/\/blog.holyart.it\/de\/devotionalien\/die-legende-vom-heiligen-georg-und-dem-drachen\/#primaryimage"},"thumbnailUrl":"https:\/\/blog.holyart.it\/de\/wp-content\/uploads\/sites\/12\/2024\/04\/Die-Legende-vom-heiligen-Georg-und-dem-Drachen.jpeg","articleSection":["Religion"],"inLanguage":"de"},{"@type":"WebPage","@id":"https:\/\/blog.holyart.it\/de\/devotionalien\/die-legende-vom-heiligen-georg-und-dem-drachen\/","url":"https:\/\/blog.holyart.it\/de\/devotionalien\/die-legende-vom-heiligen-georg-und-dem-drachen\/","name":"Die Legende vom heiligen Georg und dem Drachen - Holyart.de Blog","isPartOf":{"@id":"https:\/\/blog.holyart.it\/de\/#website"},"primaryImageOfPage":{"@id":"https:\/\/blog.holyart.it\/de\/devotionalien\/die-legende-vom-heiligen-georg-und-dem-drachen\/#primaryimage"},"image":{"@id":"https:\/\/blog.holyart.it\/de\/devotionalien\/die-legende-vom-heiligen-georg-und-dem-drachen\/#primaryimage"},"thumbnailUrl":"https:\/\/blog.holyart.it\/de\/wp-content\/uploads\/sites\/12\/2024\/04\/Die-Legende-vom-heiligen-Georg-und-dem-Drachen.jpeg","datePublished":"2024-04-17T08:00:06+00:00","dateModified":"2026-04-13T13:47:28+00:00","description":"Die Legende vom heiligen Georg und dem Drachen ist im Laufe der Zeit zu einer Parabel \u00fcber den Kampf zwischen Gut und B\u00f6se geworden. Aber,,,","breadcrumb":{"@id":"https:\/\/blog.holyart.it\/de\/devotionalien\/die-legende-vom-heiligen-georg-und-dem-drachen\/#breadcrumb"},"inLanguage":"de","potentialAction":[{"@type":"ReadAction","target":["https:\/\/blog.holyart.it\/de\/devotionalien\/die-legende-vom-heiligen-georg-und-dem-drachen\/"]}]},{"@type":"ImageObject","inLanguage":"de","@id":"https:\/\/blog.holyart.it\/de\/devotionalien\/die-legende-vom-heiligen-georg-und-dem-drachen\/#primaryimage","url":"https:\/\/blog.holyart.it\/de\/wp-content\/uploads\/sites\/12\/2024\/04\/Die-Legende-vom-heiligen-Georg-und-dem-Drachen.jpeg","contentUrl":"https:\/\/blog.holyart.it\/de\/wp-content\/uploads\/sites\/12\/2024\/04\/Die-Legende-vom-heiligen-Georg-und-dem-Drachen.jpeg","width":1000,"height":666,"caption":"Die Legende vom heiligen Georg und dem Drachen"},{"@type":"BreadcrumbList","@id":"https:\/\/blog.holyart.it\/de\/devotionalien\/die-legende-vom-heiligen-georg-und-dem-drachen\/#breadcrumb","itemListElement":[{"@type":"ListItem","position":1,"name":"Homepage","item":"https:\/\/blog.holyart.it\/de\/"},{"@type":"ListItem","position":2,"name":"Religion","item":"https:\/\/blog.holyart.it\/de\/devotionalien\/"},{"@type":"ListItem","position":3,"name":"Die Legende vom heiligen Georg und dem Drachen"}]},{"@type":"WebSite","@id":"https:\/\/blog.holyart.it\/de\/#website","url":"https:\/\/blog.holyart.it\/de\/","name":"Holyart.de Blog","description":"Holyblog","publisher":{"@id":"https:\/\/blog.holyart.it\/de\/#organization"},"potentialAction":[{"@type":"SearchAction","target":{"@type":"EntryPoint","urlTemplate":"https:\/\/blog.holyart.it\/de\/?s={search_term_string}"},"query-input":{"@type":"PropertyValueSpecification","valueRequired":true,"valueName":"search_term_string"}}],"inLanguage":"de"},{"@type":"Organization","@id":"https:\/\/blog.holyart.it\/de\/#organization","name":"Holyart.de Blog","url":"https:\/\/blog.holyart.it\/de\/","logo":{"@type":"ImageObject","inLanguage":"de","@id":"https:\/\/blog.holyart.it\/de\/#\/schema\/logo\/image\/","url":"https:\/\/blog.holyart.it\/de\/wp-content\/uploads\/sites\/12\/2022\/12\/Holyart_Blog_Logo.jpg","contentUrl":"https:\/\/blog.holyart.it\/de\/wp-content\/uploads\/sites\/12\/2022\/12\/Holyart_Blog_Logo.jpg","width":300,"height":50,"caption":"Holyart.de Blog"},"image":{"@id":"https:\/\/blog.holyart.it\/de\/#\/schema\/logo\/image\/"}},{"@type":"Person","@id":"https:\/\/blog.holyart.it\/de\/#\/schema\/person\/0a7b686e5af0f856ec1e390dd0baecda","name":"Redazione","image":{"@type":"ImageObject","inLanguage":"de","@id":"https:\/\/blog.holyart.it\/de\/#\/schema\/person\/image\/","url":"https:\/\/secure.gravatar.com\/avatar\/f477da817f43e50d0af36abecd33e3edf826c68299714bdc1057dff3b113f516?s=96&d=mm&r=g","contentUrl":"https:\/\/secure.gravatar.com\/avatar\/f477da817f43e50d0af36abecd33e3edf826c68299714bdc1057dff3b113f516?s=96&d=mm&r=g","caption":"Redazione"}}]}},"_links":{"self":[{"href":"https:\/\/blog.holyart.it\/de\/wp-json\/wp\/v2\/posts\/3928","targetHints":{"allow":["GET"]}}],"collection":[{"href":"https:\/\/blog.holyart.it\/de\/wp-json\/wp\/v2\/posts"}],"about":[{"href":"https:\/\/blog.holyart.it\/de\/wp-json\/wp\/v2\/types\/post"}],"author":[{"embeddable":true,"href":"https:\/\/blog.holyart.it\/de\/wp-json\/wp\/v2\/users\/1"}],"replies":[{"embeddable":true,"href":"https:\/\/blog.holyart.it\/de\/wp-json\/wp\/v2\/comments?post=3928"}],"version-history":[{"count":2,"href":"https:\/\/blog.holyart.it\/de\/wp-json\/wp\/v2\/posts\/3928\/revisions"}],"predecessor-version":[{"id":3933,"href":"https:\/\/blog.holyart.it\/de\/wp-json\/wp\/v2\/posts\/3928\/revisions\/3933"}],"wp:featuredmedia":[{"embeddable":true,"href":"https:\/\/blog.holyart.it\/de\/wp-json\/wp\/v2\/media\/3929"}],"wp:attachment":[{"href":"https:\/\/blog.holyart.it\/de\/wp-json\/wp\/v2\/media?parent=3928"}],"wp:term":[{"taxonomy":"category","embeddable":true,"href":"https:\/\/blog.holyart.it\/de\/wp-json\/wp\/v2\/categories?post=3928"},{"taxonomy":"post_tag","embeddable":true,"href":"https:\/\/blog.holyart.it\/de\/wp-json\/wp\/v2\/tags?post=3928"}],"curies":[{"name":"wp","href":"https:\/\/api.w.org\/{rel}","templated":true}]}}