{"id":392,"date":"2017-12-06T11:58:55","date_gmt":"2017-12-06T10:58:55","guid":{"rendered":"https:\/\/blog.holyart.it\/de\/?p=392"},"modified":"2018-02-09T12:26:55","modified_gmt":"2018-02-09T11:26:55","slug":"5-fragen-und-5-antworten-auf-den-wein-aus-der-messe","status":"publish","type":"post","link":"https:\/\/blog.holyart.it\/de\/devotionalien\/5-fragen-und-5-antworten-auf-den-wein-aus-der-messe\/","title":{"rendered":"5 Fragen und 5 Antworten auf den Wein aus der Messe"},"content":{"rendered":"<p>W\u00e4hrend des letzten Abendmahls bot Jesus seinen Sch\u00fclern Brot und Wein an und feierte damit die erste Eucharistie. Brot wird zum K\u00f6rper, Wein wird Blut, in einem feierlichen Ritual, das \u00fcber jedes menschliche Verst\u00e4ndnis hinausgeht, das aber jeden Tag f\u00fcr Jahrtausende sich erneuert, auf der ganzen Erde, im Namen der unendlichen Liebe: <strong>ein Versprechen der Hoffnung, des Seeleheils und der Erl\u00f6sung der S\u00fcnden aller Menschen<\/strong>. Jenseits des theologischen und unbestreitbaren Dogma, auf das diese Aussage basiert, gibt es einige sch\u00f6ne menschliche Kuriosit\u00e4ten, die wir mit Ihnen erkunden m\u00f6chten.<\/p>\n<h2>Zum Beispiel, welcher Wein wird f\u00fcr die Messe verwendet?<\/h2>\n<p>Ein nat\u00fcrlicher Wein, der gem\u00e4\u00df Artikel 924 des Kodex des kanonischen Gesetzes hergestellt wird. Es kann durch ein Kloster oder durch ein laizistisches Gesch\u00e4ft produziert werden: das wichtigste ist, dass man die Erlaubnis von der Curia erhalten hat und die chemische Anforderungen erf\u00fcllt. Wein kann entweder wei\u00df oder rot sein. Zum Beispiel, wir schlagen <strong><span style=\"color: #0000ff;\"><a style=\"color: #0000ff;\" href=\"https:\/\/www.holyart.de\/verbrauchsprodukte\/messwein\">Martinez&#8217;s Messe Wein<\/a><\/span><\/strong> vor, einen s\u00fc\u00dfen Lik\u00f6rwein, den von der historischen Firma Martinez unter der Aufsicht des Domvikars, mit Erlaubnis des Bischofs; oder der Morreale Wein f\u00fcr die Messe, der auch nach den Regeln des kanonischen Rechts und mit Erlaubnis des Bischofs von \u201eMazara del Vallo\u201c produziert wird. Die Auswahl besteht in Lik\u00f6rweinen, weil es einfacher ist, sie zu lagern.<\/p>\n<h2>Ist es erlaubt, Wein und Wasser zu vermischen?<\/h2>\n<p>Absolut ja. Zus\u00e4tzlich zu der Tatsache, dass es normal war, zur Zeit Jesu Wein mit Wasser zu verd\u00fcnnen, gibt es auch einen symbolischen Grund. Wasser symbolisiert die menschliche Natur Jesu, gemischt mit dem g\u00f6ttlichen, die durch den Wein repr\u00e4sentiert wird. Au\u00dferdem erinnert das Mischen von Wasser und Wein an Jesus, der, indem er unsere S\u00fcnden auf ihn nimmt, sie l\u00f6scht.<\/p>\n<h2>Haben Brot und Wein die gleiche Bedeutung in der Eucharistie?<\/h2>\n<p>Ja. Der Priester ist verpflichtet, beide zu widmen und sie w\u00e4hrend der Feier zu konsumieren. Wenn er Abstinenzler ist, kann er sich auf eine Mindestmenge von Wein beschr\u00e4nken, oder sogar nur die Hostie in den Wein eintauchen. Stattdessen kann der Priester entscheiden, ob er den Gl\u00e4ubigen nur einen der beiden Elemente oder beide geben soll, da Jesus sowohl im Brot als auch im Wein anwesend ist. Die Wahl, in diesem Fall, h\u00e4ngt vom Priester ab.<\/p>\n<h2>Was zu tun ist, wenn der Wein f\u00e4llt<\/h2>\n<p>Der gewidmete Wein ist in jeder Hinsicht das Blut Christi und, als solches, heilig. Es kann nicht umsonst gegossen werden, es kann absolut nicht weggeworfen werden: die Bestrafung ist Exkommunikation. Wenn in der Tasse Wein \u00fcbrig bleibt, muss der Zelebrant ihn trinken. W\u00e4hrend des gesamten Ritus muss der Wein von einem kleinen Schleier abgedeckt werden, da kein \u00e4u\u00dferer K\u00f6rper ihn verschmutzen darf. Wenn es versehentlich f\u00e4llt, ist es notwendig, den Bereich mit Wasser zu waschen; die Mischung wird dann ins Sakrarium der Sakristei gegossen.<\/p>\n<h2>Und was passiert, wenn ein Non-Priester den Wein au\u00dferhalb der Messe trinkt?<\/h2>\n<p>Nun, es ist Wein, der besser oder schlechter sein kann. Was es besonders macht, ist nicht der Geschmack, sondern seine Weihe. Wenn es jedoch au\u00dferhalb der Messe mit einem gottesl\u00e4sterlichen Zweck getrunken wird, ist die Strafe die Exkommunikation.<\/p>\n","protected":false},"excerpt":{"rendered":"<p>W\u00e4hrend des letzten Abendmahls bot Jesus seinen Sch\u00fclern Brot und Wein an und feierte damit die erste Eucharistie. Brot wird zum K\u00f6rper, Wein wird Blut, in einem feierlichen Ritual, das \u00fcber jedes menschliche Verst\u00e4ndnis hinausgeht, das aber jeden Tag f\u00fcr Jahrtausende sich erneuert, auf der&hellip;<\/p>\n","protected":false},"author":1,"featured_media":393,"comment_status":"closed","ping_status":"open","sticky":false,"template":"","format":"standard","meta":{"_acf_changed":false,"footnotes":""},"categories":[10],"tags":[],"class_list":["post-392","post","type-post","status-publish","format-standard","has-post-thumbnail","hentry","category-devotionalien"],"acf":[],"yoast_head":"<!-- This site is optimized with the Yoast SEO plugin v26.6 - https:\/\/yoast.com\/wordpress\/plugins\/seo\/ -->\n<title>5 Fragen und 5 Antworten auf den Wein aus der Messe<\/title>\n<meta name=\"description\" content=\"W\u00e4hrend des letzten Abendmahls bot Jesus seinen Sch\u00fclern Brot und Wein an und feierte damit die erste Eucharistie. 5 Fragen und 5 Antworten auf den Messwein\" \/>\n<meta name=\"robots\" content=\"index, follow, max-snippet:-1, max-image-preview:large, max-video-preview:-1\" \/>\n<link rel=\"canonical\" href=\"https:\/\/blog.holyart.it\/de\/devotionalien\/5-fragen-und-5-antworten-auf-den-wein-aus-der-messe\/\" \/>\n<meta property=\"og:locale\" content=\"de_DE\" \/>\n<meta property=\"og:type\" content=\"article\" \/>\n<meta property=\"og:title\" content=\"5 Fragen und 5 Antworten auf den Wein aus der Messe\" \/>\n<meta property=\"og:description\" content=\"W\u00e4hrend des letzten Abendmahls bot Jesus seinen Sch\u00fclern Brot und Wein an und feierte damit die erste Eucharistie. 5 Fragen und 5 Antworten auf den Messwein\" \/>\n<meta property=\"og:url\" content=\"https:\/\/blog.holyart.it\/de\/devotionalien\/5-fragen-und-5-antworten-auf-den-wein-aus-der-messe\/\" \/>\n<meta property=\"og:site_name\" content=\"Holyart.de Blog\" \/>\n<meta property=\"article:published_time\" content=\"2017-12-06T10:58:55+00:00\" \/>\n<meta property=\"article:modified_time\" content=\"2018-02-09T11:26:55+00:00\" \/>\n<meta property=\"og:image\" content=\"https:\/\/blog.holyart.it\/de\/wp-content\/uploads\/sites\/12\/2017\/10\/Wein-aus-der-Messe.jpg\" \/>\n\t<meta property=\"og:image:width\" content=\"1000\" \/>\n\t<meta property=\"og:image:height\" content=\"667\" \/>\n\t<meta property=\"og:image:type\" content=\"image\/jpeg\" \/>\n<meta name=\"author\" content=\"Redazione\" \/>\n<meta name=\"twitter:card\" content=\"summary_large_image\" \/>\n<meta name=\"twitter:label1\" content=\"Verfasst von\" \/>\n\t<meta name=\"twitter:data1\" content=\"Redazione\" \/>\n\t<meta name=\"twitter:label2\" content=\"Gesch\u00e4tzte Lesezeit\" \/>\n\t<meta name=\"twitter:data2\" content=\"3\u00a0Minuten\" \/>\n<script type=\"application\/ld+json\" class=\"yoast-schema-graph\">{\"@context\":\"https:\/\/schema.org\",\"@graph\":[{\"@type\":\"Article\",\"@id\":\"https:\/\/blog.holyart.it\/de\/devotionalien\/5-fragen-und-5-antworten-auf-den-wein-aus-der-messe\/#article\",\"isPartOf\":{\"@id\":\"https:\/\/blog.holyart.it\/de\/devotionalien\/5-fragen-und-5-antworten-auf-den-wein-aus-der-messe\/\"},\"author\":{\"name\":\"Redazione\",\"@id\":\"https:\/\/blog.holyart.it\/de\/#\/schema\/person\/0a7b686e5af0f856ec1e390dd0baecda\"},\"headline\":\"5 Fragen und 5 Antworten auf den Wein aus der Messe\",\"datePublished\":\"2017-12-06T10:58:55+00:00\",\"dateModified\":\"2018-02-09T11:26:55+00:00\",\"mainEntityOfPage\":{\"@id\":\"https:\/\/blog.holyart.it\/de\/devotionalien\/5-fragen-und-5-antworten-auf-den-wein-aus-der-messe\/\"},\"wordCount\":551,\"publisher\":{\"@id\":\"https:\/\/blog.holyart.it\/de\/#organization\"},\"image\":{\"@id\":\"https:\/\/blog.holyart.it\/de\/devotionalien\/5-fragen-und-5-antworten-auf-den-wein-aus-der-messe\/#primaryimage\"},\"thumbnailUrl\":\"https:\/\/blog.holyart.it\/de\/wp-content\/uploads\/sites\/12\/2017\/10\/Wein-aus-der-Messe.jpg\",\"articleSection\":[\"Religion\"],\"inLanguage\":\"de\"},{\"@type\":\"WebPage\",\"@id\":\"https:\/\/blog.holyart.it\/de\/devotionalien\/5-fragen-und-5-antworten-auf-den-wein-aus-der-messe\/\",\"url\":\"https:\/\/blog.holyart.it\/de\/devotionalien\/5-fragen-und-5-antworten-auf-den-wein-aus-der-messe\/\",\"name\":\"5 Fragen und 5 Antworten auf den Wein aus der Messe\",\"isPartOf\":{\"@id\":\"https:\/\/blog.holyart.it\/de\/#website\"},\"primaryImageOfPage\":{\"@id\":\"https:\/\/blog.holyart.it\/de\/devotionalien\/5-fragen-und-5-antworten-auf-den-wein-aus-der-messe\/#primaryimage\"},\"image\":{\"@id\":\"https:\/\/blog.holyart.it\/de\/devotionalien\/5-fragen-und-5-antworten-auf-den-wein-aus-der-messe\/#primaryimage\"},\"thumbnailUrl\":\"https:\/\/blog.holyart.it\/de\/wp-content\/uploads\/sites\/12\/2017\/10\/Wein-aus-der-Messe.jpg\",\"datePublished\":\"2017-12-06T10:58:55+00:00\",\"dateModified\":\"2018-02-09T11:26:55+00:00\",\"description\":\"W\u00e4hrend des letzten Abendmahls bot Jesus seinen Sch\u00fclern Brot und Wein an und feierte damit die erste Eucharistie. 5 Fragen und 5 Antworten auf den Messwein\",\"breadcrumb\":{\"@id\":\"https:\/\/blog.holyart.it\/de\/devotionalien\/5-fragen-und-5-antworten-auf-den-wein-aus-der-messe\/#breadcrumb\"},\"inLanguage\":\"de\",\"potentialAction\":[{\"@type\":\"ReadAction\",\"target\":[\"https:\/\/blog.holyart.it\/de\/devotionalien\/5-fragen-und-5-antworten-auf-den-wein-aus-der-messe\/\"]}]},{\"@type\":\"ImageObject\",\"inLanguage\":\"de\",\"@id\":\"https:\/\/blog.holyart.it\/de\/devotionalien\/5-fragen-und-5-antworten-auf-den-wein-aus-der-messe\/#primaryimage\",\"url\":\"https:\/\/blog.holyart.it\/de\/wp-content\/uploads\/sites\/12\/2017\/10\/Wein-aus-der-Messe.jpg\",\"contentUrl\":\"https:\/\/blog.holyart.it\/de\/wp-content\/uploads\/sites\/12\/2017\/10\/Wein-aus-der-Messe.jpg\",\"width\":1000,\"height\":667,\"caption\":\"Wein aus der Messe\"},{\"@type\":\"BreadcrumbList\",\"@id\":\"https:\/\/blog.holyart.it\/de\/devotionalien\/5-fragen-und-5-antworten-auf-den-wein-aus-der-messe\/#breadcrumb\",\"itemListElement\":[{\"@type\":\"ListItem\",\"position\":1,\"name\":\"Homepage\",\"item\":\"https:\/\/blog.holyart.it\/de\/\"},{\"@type\":\"ListItem\",\"position\":2,\"name\":\"Religion\",\"item\":\"https:\/\/blog.holyart.it\/de\/devotionalien\/\"},{\"@type\":\"ListItem\",\"position\":3,\"name\":\"5 Fragen und 5 Antworten auf den Wein aus der Messe\"}]},{\"@type\":\"WebSite\",\"@id\":\"https:\/\/blog.holyart.it\/de\/#website\",\"url\":\"https:\/\/blog.holyart.it\/de\/\",\"name\":\"Holyart.de Blog\",\"description\":\"Holyblog\",\"publisher\":{\"@id\":\"https:\/\/blog.holyart.it\/de\/#organization\"},\"potentialAction\":[{\"@type\":\"SearchAction\",\"target\":{\"@type\":\"EntryPoint\",\"urlTemplate\":\"https:\/\/blog.holyart.it\/de\/?s={search_term_string}\"},\"query-input\":{\"@type\":\"PropertyValueSpecification\",\"valueRequired\":true,\"valueName\":\"search_term_string\"}}],\"inLanguage\":\"de\"},{\"@type\":\"Organization\",\"@id\":\"https:\/\/blog.holyart.it\/de\/#organization\",\"name\":\"Holyart.de Blog\",\"url\":\"https:\/\/blog.holyart.it\/de\/\",\"logo\":{\"@type\":\"ImageObject\",\"inLanguage\":\"de\",\"@id\":\"https:\/\/blog.holyart.it\/de\/#\/schema\/logo\/image\/\",\"url\":\"https:\/\/blog.holyart.it\/de\/wp-content\/uploads\/sites\/12\/2022\/12\/Holyart_Blog_Logo.jpg\",\"contentUrl\":\"https:\/\/blog.holyart.it\/de\/wp-content\/uploads\/sites\/12\/2022\/12\/Holyart_Blog_Logo.jpg\",\"width\":300,\"height\":50,\"caption\":\"Holyart.de Blog\"},\"image\":{\"@id\":\"https:\/\/blog.holyart.it\/de\/#\/schema\/logo\/image\/\"}},{\"@type\":\"Person\",\"@id\":\"https:\/\/blog.holyart.it\/de\/#\/schema\/person\/0a7b686e5af0f856ec1e390dd0baecda\",\"name\":\"Redazione\",\"image\":{\"@type\":\"ImageObject\",\"inLanguage\":\"de\",\"@id\":\"https:\/\/blog.holyart.it\/de\/#\/schema\/person\/image\/\",\"url\":\"https:\/\/secure.gravatar.com\/avatar\/f477da817f43e50d0af36abecd33e3edf826c68299714bdc1057dff3b113f516?s=96&d=mm&r=g\",\"contentUrl\":\"https:\/\/secure.gravatar.com\/avatar\/f477da817f43e50d0af36abecd33e3edf826c68299714bdc1057dff3b113f516?s=96&d=mm&r=g\",\"caption\":\"Redazione\"}}]}<\/script>\n<!-- \/ Yoast SEO plugin. -->","yoast_head_json":{"title":"5 Fragen und 5 Antworten auf den Wein aus der Messe","description":"W\u00e4hrend des letzten Abendmahls bot Jesus seinen Sch\u00fclern Brot und Wein an und feierte damit die erste Eucharistie. 5 Fragen und 5 Antworten auf den Messwein","robots":{"index":"index","follow":"follow","max-snippet":"max-snippet:-1","max-image-preview":"max-image-preview:large","max-video-preview":"max-video-preview:-1"},"canonical":"https:\/\/blog.holyart.it\/de\/devotionalien\/5-fragen-und-5-antworten-auf-den-wein-aus-der-messe\/","og_locale":"de_DE","og_type":"article","og_title":"5 Fragen und 5 Antworten auf den Wein aus der Messe","og_description":"W\u00e4hrend des letzten Abendmahls bot Jesus seinen Sch\u00fclern Brot und Wein an und feierte damit die erste Eucharistie. 5 Fragen und 5 Antworten auf den Messwein","og_url":"https:\/\/blog.holyart.it\/de\/devotionalien\/5-fragen-und-5-antworten-auf-den-wein-aus-der-messe\/","og_site_name":"Holyart.de Blog","article_published_time":"2017-12-06T10:58:55+00:00","article_modified_time":"2018-02-09T11:26:55+00:00","og_image":[{"width":1000,"height":667,"url":"https:\/\/blog.holyart.it\/de\/wp-content\/uploads\/sites\/12\/2017\/10\/Wein-aus-der-Messe.jpg","type":"image\/jpeg"}],"author":"Redazione","twitter_card":"summary_large_image","twitter_misc":{"Verfasst von":"Redazione","Gesch\u00e4tzte Lesezeit":"3\u00a0Minuten"},"schema":{"@context":"https:\/\/schema.org","@graph":[{"@type":"Article","@id":"https:\/\/blog.holyart.it\/de\/devotionalien\/5-fragen-und-5-antworten-auf-den-wein-aus-der-messe\/#article","isPartOf":{"@id":"https:\/\/blog.holyart.it\/de\/devotionalien\/5-fragen-und-5-antworten-auf-den-wein-aus-der-messe\/"},"author":{"name":"Redazione","@id":"https:\/\/blog.holyart.it\/de\/#\/schema\/person\/0a7b686e5af0f856ec1e390dd0baecda"},"headline":"5 Fragen und 5 Antworten auf den Wein aus der Messe","datePublished":"2017-12-06T10:58:55+00:00","dateModified":"2018-02-09T11:26:55+00:00","mainEntityOfPage":{"@id":"https:\/\/blog.holyart.it\/de\/devotionalien\/5-fragen-und-5-antworten-auf-den-wein-aus-der-messe\/"},"wordCount":551,"publisher":{"@id":"https:\/\/blog.holyart.it\/de\/#organization"},"image":{"@id":"https:\/\/blog.holyart.it\/de\/devotionalien\/5-fragen-und-5-antworten-auf-den-wein-aus-der-messe\/#primaryimage"},"thumbnailUrl":"https:\/\/blog.holyart.it\/de\/wp-content\/uploads\/sites\/12\/2017\/10\/Wein-aus-der-Messe.jpg","articleSection":["Religion"],"inLanguage":"de"},{"@type":"WebPage","@id":"https:\/\/blog.holyart.it\/de\/devotionalien\/5-fragen-und-5-antworten-auf-den-wein-aus-der-messe\/","url":"https:\/\/blog.holyart.it\/de\/devotionalien\/5-fragen-und-5-antworten-auf-den-wein-aus-der-messe\/","name":"5 Fragen und 5 Antworten auf den Wein aus der Messe","isPartOf":{"@id":"https:\/\/blog.holyart.it\/de\/#website"},"primaryImageOfPage":{"@id":"https:\/\/blog.holyart.it\/de\/devotionalien\/5-fragen-und-5-antworten-auf-den-wein-aus-der-messe\/#primaryimage"},"image":{"@id":"https:\/\/blog.holyart.it\/de\/devotionalien\/5-fragen-und-5-antworten-auf-den-wein-aus-der-messe\/#primaryimage"},"thumbnailUrl":"https:\/\/blog.holyart.it\/de\/wp-content\/uploads\/sites\/12\/2017\/10\/Wein-aus-der-Messe.jpg","datePublished":"2017-12-06T10:58:55+00:00","dateModified":"2018-02-09T11:26:55+00:00","description":"W\u00e4hrend des letzten Abendmahls bot Jesus seinen Sch\u00fclern Brot und Wein an und feierte damit die erste Eucharistie. 5 Fragen und 5 Antworten auf den Messwein","breadcrumb":{"@id":"https:\/\/blog.holyart.it\/de\/devotionalien\/5-fragen-und-5-antworten-auf-den-wein-aus-der-messe\/#breadcrumb"},"inLanguage":"de","potentialAction":[{"@type":"ReadAction","target":["https:\/\/blog.holyart.it\/de\/devotionalien\/5-fragen-und-5-antworten-auf-den-wein-aus-der-messe\/"]}]},{"@type":"ImageObject","inLanguage":"de","@id":"https:\/\/blog.holyart.it\/de\/devotionalien\/5-fragen-und-5-antworten-auf-den-wein-aus-der-messe\/#primaryimage","url":"https:\/\/blog.holyart.it\/de\/wp-content\/uploads\/sites\/12\/2017\/10\/Wein-aus-der-Messe.jpg","contentUrl":"https:\/\/blog.holyart.it\/de\/wp-content\/uploads\/sites\/12\/2017\/10\/Wein-aus-der-Messe.jpg","width":1000,"height":667,"caption":"Wein aus der Messe"},{"@type":"BreadcrumbList","@id":"https:\/\/blog.holyart.it\/de\/devotionalien\/5-fragen-und-5-antworten-auf-den-wein-aus-der-messe\/#breadcrumb","itemListElement":[{"@type":"ListItem","position":1,"name":"Homepage","item":"https:\/\/blog.holyart.it\/de\/"},{"@type":"ListItem","position":2,"name":"Religion","item":"https:\/\/blog.holyart.it\/de\/devotionalien\/"},{"@type":"ListItem","position":3,"name":"5 Fragen und 5 Antworten auf den Wein aus der Messe"}]},{"@type":"WebSite","@id":"https:\/\/blog.holyart.it\/de\/#website","url":"https:\/\/blog.holyart.it\/de\/","name":"Holyart.de Blog","description":"Holyblog","publisher":{"@id":"https:\/\/blog.holyart.it\/de\/#organization"},"potentialAction":[{"@type":"SearchAction","target":{"@type":"EntryPoint","urlTemplate":"https:\/\/blog.holyart.it\/de\/?s={search_term_string}"},"query-input":{"@type":"PropertyValueSpecification","valueRequired":true,"valueName":"search_term_string"}}],"inLanguage":"de"},{"@type":"Organization","@id":"https:\/\/blog.holyart.it\/de\/#organization","name":"Holyart.de Blog","url":"https:\/\/blog.holyart.it\/de\/","logo":{"@type":"ImageObject","inLanguage":"de","@id":"https:\/\/blog.holyart.it\/de\/#\/schema\/logo\/image\/","url":"https:\/\/blog.holyart.it\/de\/wp-content\/uploads\/sites\/12\/2022\/12\/Holyart_Blog_Logo.jpg","contentUrl":"https:\/\/blog.holyart.it\/de\/wp-content\/uploads\/sites\/12\/2022\/12\/Holyart_Blog_Logo.jpg","width":300,"height":50,"caption":"Holyart.de Blog"},"image":{"@id":"https:\/\/blog.holyart.it\/de\/#\/schema\/logo\/image\/"}},{"@type":"Person","@id":"https:\/\/blog.holyart.it\/de\/#\/schema\/person\/0a7b686e5af0f856ec1e390dd0baecda","name":"Redazione","image":{"@type":"ImageObject","inLanguage":"de","@id":"https:\/\/blog.holyart.it\/de\/#\/schema\/person\/image\/","url":"https:\/\/secure.gravatar.com\/avatar\/f477da817f43e50d0af36abecd33e3edf826c68299714bdc1057dff3b113f516?s=96&d=mm&r=g","contentUrl":"https:\/\/secure.gravatar.com\/avatar\/f477da817f43e50d0af36abecd33e3edf826c68299714bdc1057dff3b113f516?s=96&d=mm&r=g","caption":"Redazione"}}]}},"_links":{"self":[{"href":"https:\/\/blog.holyart.it\/de\/wp-json\/wp\/v2\/posts\/392","targetHints":{"allow":["GET"]}}],"collection":[{"href":"https:\/\/blog.holyart.it\/de\/wp-json\/wp\/v2\/posts"}],"about":[{"href":"https:\/\/blog.holyart.it\/de\/wp-json\/wp\/v2\/types\/post"}],"author":[{"embeddable":true,"href":"https:\/\/blog.holyart.it\/de\/wp-json\/wp\/v2\/users\/1"}],"replies":[{"embeddable":true,"href":"https:\/\/blog.holyart.it\/de\/wp-json\/wp\/v2\/comments?post=392"}],"version-history":[{"count":0,"href":"https:\/\/blog.holyart.it\/de\/wp-json\/wp\/v2\/posts\/392\/revisions"}],"wp:featuredmedia":[{"embeddable":true,"href":"https:\/\/blog.holyart.it\/de\/wp-json\/wp\/v2\/media\/393"}],"wp:attachment":[{"href":"https:\/\/blog.holyart.it\/de\/wp-json\/wp\/v2\/media?parent=392"}],"wp:term":[{"taxonomy":"category","embeddable":true,"href":"https:\/\/blog.holyart.it\/de\/wp-json\/wp\/v2\/categories?post=392"},{"taxonomy":"post_tag","embeddable":true,"href":"https:\/\/blog.holyart.it\/de\/wp-json\/wp\/v2\/tags?post=392"}],"curies":[{"name":"wp","href":"https:\/\/api.w.org\/{rel}","templated":true}]}}