{"id":3918,"date":"2024-04-15T10:00:19","date_gmt":"2024-04-15T08:00:19","guid":{"rendered":"https:\/\/blog.holyart.it\/de\/?p=3918"},"modified":"2024-05-28T12:45:52","modified_gmt":"2024-05-28T10:45:52","slug":"heilige-pforte-was-sie-ist-und-was-ihre-oeffnung-bedeutet","status":"publish","type":"post","link":"https:\/\/blog.holyart.it\/de\/devotionalien\/heilige-pforte-was-sie-ist-und-was-ihre-oeffnung-bedeutet\/","title":{"rendered":"Heilige Pforte: was sie ist und was ihre \u00d6ffnung bedeutet"},"content":{"rendered":"<h4><em>Die \u00d6ffnung der Heiligen Pforte markiert nicht nur den Beginn des Jubil\u00e4umsjahres, sondern ist f\u00fcr die Christen auch ein sehr eindrucksvolles spirituelles Symbol. Was ist das?<\/em><\/h4>\n\n<p>Der <strong>T\u00fcr<\/strong> wurde in der Geschichte der Menschheit schon immer eine grundlegende Bedeutung beigemessen. Als Element des <strong>Schutzes <\/strong>und der<strong> Verteidigung<\/strong> von D\u00f6rfern, St\u00e4dten und Pal\u00e4sten erhielt sie in der griechischen und sp\u00e4ter in der r\u00f6mischen Welt auch eine starke <strong>spirituelle Symbolik<\/strong> als <strong>Tor zwischen den Welten, als Durchgangspunkt, als Grenze zwischen Leben und Tod<\/strong>. Diese starke spirituelle Bedeutung wird auch im christlichen Bereich mit der so genannten <strong>Heiligen Pforte<\/strong> best\u00e4tigt.<\/p>\n<p>Was ist sie, was bedeutet sie? Und warum wird sie Heilige Pforte genannt?<\/p>\n<p>Aus einer \u00e4u\u00dferst materiellen Sicht k\u00f6nnen wir eine Heilige Pforte als die <strong>T\u00fcr einer christlichen Kirche oder Basilika definieren, die der Papst als solche verk\u00fcndet hat<\/strong>. Diese T\u00fcr wird verschlossen gehalten und nur anl\u00e4sslich eines Jubil\u00e4ums ge\u00f6ffnet, wenn man sie durchschreiten kann, um einen <strong><a href=\"https:\/\/www.holyart.de\/blog\/devotionalien\/5-pilgerorte-die-man-mindestens-einmal-im-leben-besuchen-sollte\/\">vollkommenen Ablass<\/a><\/strong> von allen S\u00fcnden zu erhalten. Es sei daran erinnert, dass das <strong>Jubil\u00e4um<\/strong> ein Jahr ist, in dem die Kirche denjenigen einen besonderen Ablass gew\u00e4hrt, <strong><a href=\"https:\/\/www.holyart.de\/blog\/devotionalien\/5-pilgerorte-die-man-mindestens-einmal-im-leben-besuchen-sollte\/\">die eine Wallfahrt unternehmen<\/a><\/strong>, Werke der N\u00e4chstenliebe verrichten, sich dem Gebet und der Bu\u00dfe widmen oder, wie in diesem Fall, eine der vom Papst verk\u00fcndeten Heiligen Pforten durchschreiten.<\/p>\n<p>Was die symbolische <strong>Bedeutung der Heiligen Pforte<\/strong> betrifft, so finden wir die T\u00fcr bereits bei Hesekiel erw\u00e4hnt, als das Tor, durch das die <strong>Herrlichkeit Gottes in das Haus<\/strong>, aber auch in die Seele eintritt: \u201e<em>Da f\u00fchrte er mich zur T\u00fcr, zur T\u00fcr, die nach Osten schaut. Und siehe, die Herrlichkeit des Gottes Israels kam von der Ostseite her. Seine Stimme war wie das Rauschen gro\u00dfer Wasser, und die Erde leuchtete von seiner Herrlichkeit[a]. Die Vision, die ich hatte, glich der, die ich hatte, als ich kam, um die Stadt zu zerst\u00f6ren; diese Visionen glichen der, die ich am Fluss Chebar hatte; und ich fiel auf mein Angesicht. Und ich fiel auf mein Angesicht. Und die Herrlichkeit des Herrn kam in das Haus durch das Tor, das nach Osten schaut<\/em>.\u201c (Hesekiel 43:1-4)<\/p>\n<div class=\"link-article\">\n<p><img loading=\"lazy\" decoding=\"async\" class=\"size-full wp-image-3922 alignleft\" src=\"https:\/\/blog.holyart.it\/de\/wp-content\/uploads\/sites\/12\/2024\/04\/Der-vollkommene-Ablass.jpeg\" alt=\"Der vollkommene Ablass\" width=\"150\" height=\"99\" data-kale-share-title=\"Heilige Pforte: was sie ist und was ihre \u00d6ffnung bedeutet\" data-kale-share-url=\"https:\/\/blog.holyart.it\/de\/?p=3918\" \/><\/p>\n<div class=\"leggi-anche\">Lesen Sie auch:<\/div>\n<p><strong><a href=\"https:\/\/www.holyart.de\/blog\/devotionalien\/der-vollkommene-ablass-bedeutung-ursprung-und-weg-zum-ablass\/\">Der vollkommene Ablass: Bedeutung, Ursprung und Weg zum Ablass<\/a><\/strong><br \/>\nWas ist ein vollkommener Ablass? Aus diesem Grund hat Papst Franziskus ihn denjenigen gew\u00e4hrt, die am Jahr des Heiligen&#8230;<\/p>\n<\/div>\n<p>Wir k\u00f6nnen jedoch die Bedeutung der Heiligen Pforte im <a href=\"https:\/\/www.holyart.de\/devotionalien\/statuen\/statuen-aus-resin-und-pvc\/heiliger-johaness-evangelist-30cm-aus-harz?_gl=1*bu19v*_gcl_aw*R0NMLjE3MDcxMzI0NjMuQ2p3S0NBaUFxNEt1QmhBNkVpd0FyTUF3MUhUUEpHdlQ0N000UXRPRXdmR19mREJRTVp3d21oUEdfak1mN05xUElYLU8tOHhNalNnZlpSb0NNWVFRQXZEX0J3RQ..*_gcl_au*MjI2ODY5Nzk2LjE3MTA0MDQ4MTI.*_ga*MTQ4NzE4MjM0Mi4xNjk0Nzg4MTQz*_ga_W18MV136NH*MTcxMjg0OTk4Mi40NDUuMC4xNzEyODQ5OTgyLjYwLjAuMA..\"><strong>Johannesevangelium<\/strong><\/a> besser verstehen, wo es hei\u00dft: \u201e<em>Da sprach Jesus wieder zu ihnen: &#8218;Wahrlich, wahrlich, ich sage euch: Ich bin die T\u00fcr zu den Schafen. Alle, die vor mir gekommen sind, sind Diebe und R\u00e4uber; aber die Schafe haben nicht auf sie geh\u00f6rt. Ich bin die T\u00fcr; wenn jemand durch mich hineingeht, wird er gerettet werden; er wird ein- und ausgehen und Weide finden<\/em>\u201c (Johannes 10,7). Hier sp<strong>richt Jesus von sich selbst als einer T\u00fcr<\/strong>, und so wird die Heilige Pforte zum <strong>obligatorischen Durchgang<\/strong> f\u00fcr diejenigen, die ihm nachfolgen und in ihm die Erl\u00f6sung von aller S\u00fcnde und das Heil finden wollen.<\/p>\n<p>Die Tradition der Heiligen Pforte ist uralt. Der erste, der eine solche verk\u00fcndete, war Papst Coelestin V., der im Jahr 1294 die <strong>T\u00fcr der Basilika Santa Maria di Collemaggio<\/strong> in L&#8217;Aquila zur Heiligen Pforte erkl\u00e4rte, die noch heute Schauplatz des von Coelestin selbst durch die <em>Vergebungsbulle<\/em> vom 29. September 1294 gew\u00fcnschten <strong>j\u00e4hrlichen Jubil\u00e4ums<\/strong> ist, das als <strong>Perdonanza Celestiniana<\/strong> bekannt ist und von der UNESCO als m\u00fcndliches und immaterielles Kulturerbe der Menschheit eingestuft wird.<\/p>\n<p><strong>Heute gibt es zahlreiche Jubil\u00e4umst\u00fcren<\/strong>, zu denen neben der <strong><a href=\"https:\/\/www.holyart.de\/devotionalien\/statuen\/statuen-aus-resin-und-pvc\/heiliger-peter-30cm-aus-harz?_gl=1*xwozkb*_gcl_aw*R0NMLjE3MDcxMzI0NjMuQ2p3S0NBaUFxNEt1QmhBNkVpd0FyTUF3MUhUUEpHdlQ0N000UXRPRXdmR19mREJRTVp3d21oUEdfak1mN05xUElYLU8tOHhNalNnZlpSb0NNWVFRQXZEX0J3RQ..*_gcl_au*MjI2ODY5Nzk2LjE3MTA0MDQ4MTI.*_ga*MTQ4NzE4MjM0Mi4xNjk0Nzg4MTQz*_ga_W18MV136NH*MTcxMjg0OTk4Mi40NDUuMS4xNzEyODUwMDEwLjMyLjAuMA..\">Peterskirche<\/a><\/strong> und der Heiligen Pforte im Lateran in Rom auch die Kathedrale von Santiago de Compostela, die Kathedrale von Atri und die Basilika-Kathedrale von Notre-Dame de Qu\u00e9bec geh\u00f6ren. Die <strong><a href=\"https:\/\/www.holyart.de\/blog\/devotionalien\/ss-herz-jesu\/\">Herz-Jesu-Kathedrale<\/a><\/strong> in Neu-Delhi, Indien, \u00f6ffnete ihre Heilige Pforte am 12. Dezember 2015 anl\u00e4sslich des Beginns des Jubil\u00e4ums der Barmherzigkeit.<\/p>\n<h2>Die Heilige Pforte des Petersdoms<\/h2>\n<p>Die ersten Hinweise auf die <strong>Heilige Pforte im Petersdom in Rom<\/strong> gehen auf das Pontifikat von Papst Alexander VI. von Borgia zur\u00fcck.<\/p>\n<p>Sie ist eine der f\u00fcnf T\u00fcren des Petersdoms und befindet sich ganz rechts im Atrium. Sie <strong>blieb bis 1950 geschlossen<\/strong> und ist von einem Rahmen aus geschnitztem Marmor umgeben, der auf Gehei\u00df von Papst Gregor XIII. anl\u00e4sslich des Jubil\u00e4ums von 1575 angefertigt wurde. Die <strong>urspr\u00fcnglichen Bronzet\u00fcren<\/strong> wurden 1949 vom Schweizer Bischof Franz von Streng gestiftet, als Votivgabe f\u00fcr die Bewahrung der Schweiz vor dem Krieg. Die heutige T\u00fcr wurde f\u00fcr das <strong>Jubil\u00e4um 1950<\/strong> von Vico Consorti, dem \u201eMaestro degli usci\u201c (<em>T\u00fcrmeister<\/em>), angefertigt. Die Heilige Pforte von St. Peter besteht aus 16 rechteckigen Tafeln, die die Geschichte der Menschheit von den Anf\u00e4ngen bis zur Gegenwart erz\u00e4hlen. Sie sind auf vier Reihen angeordnet, zwischen denen sich 36 Wappen befinden. Am Fu\u00df der beiden Tafeln steht zwischen den verschiedenen Gravuren geschrieben: \u201e<em>Von hier aus m\u00f6gen die Quellen der g\u00f6ttlichen Gnade reichlich sprudeln und die Seelen aller, die eintreten, reinigen, sie mit heiligem Frieden erf\u00fcllen und mit christlicher Tugend schm\u00fccken. Heiliges Jahr 1950<\/em>\u201c.<\/p>\n<div class=\"link-article\">\n<p><img loading=\"lazy\" decoding=\"async\" class=\"alignleft wp-image-3925 size-full\" src=\"https:\/\/blog.holyart.it\/de\/wp-content\/uploads\/sites\/12\/2024\/04\/Petersdom.jpeg\" alt=\"Petersdom\" width=\"150\" height=\"100\" data-kale-share-title=\"Heilige Pforte: was sie ist und was ihre \u00d6ffnung bedeutet\" data-kale-share-url=\"https:\/\/blog.holyart.it\/de\/?p=3918\" \/><\/p>\n<div class=\"leggi-anche\">Lesen Sie auch:<\/div>\n<p><strong><a href=\"https:\/\/www.holyart.de\/blog\/devotionalien\/der-petersdom-im-vatikan-symbol-der-kirche-fuer-die-ganze-christliche-welt\/\">Der Petersdom im Vatikan: Symbol der Kirche f\u00fcr die ganze christliche Welt<\/a><\/strong><br \/>\nDer Petersdom im Vatikan ist eine Basilika voller Bedeutungen, Geheimnisse und weltber\u00fchmter sakraler Kunstwerke. Hier finden&#8230;<\/p>\n<\/div>\n<h2>\u00d6ffnung der Heiligen Pforte<\/h2>\n<p>Das Jubil\u00e4umsjahr beginnt mit der <strong>\u00d6ffnung der Heiligen Pforte im Petersdom<\/strong> und endet mit ihrer Schlie\u00dfung.<\/p>\n<p>Der Ritus der \u00d6ffnung der Heiligen Pforte erinnert an die bereits erw\u00e4hnte Symbolik der <strong>T\u00fcr als obligatorischem Durchgang zur Erl\u00f6sung<\/strong>. Die \u00d6ffnung der Heiligen Pforte des Petersdoms im Besonderen markiert den Beginn des Jubil\u00e4ums. In den folgenden Tagen werden die T\u00fcren der anderen Jubil\u00e4umsbasiliken in der ganzen Welt ge\u00f6ffnet.<\/p>\n<p>Traditionell wurde die Heilige Pforte zur Vorbereitung des Jubil\u00e4ums ge\u00f6ffnet. Es war die Aufgabe des Papstes, die letzte Membran symbolisch mit einem Hammer zu zerschlagen und dann die Steinmetze die Arbeit vollenden zu lassen. Die Tradition, die Heilige Pforte des Petersdoms zuzumauern und nur anl\u00e4sslich des Jubil\u00e4ums zu \u00f6ffnen, blieb bis 1975 in Kraft. Im <strong>Jahr 2000 beschloss <a href=\"https:\/\/www.holyart.de\/besondere-anlasse\/johannes-paul-ii?page=1&amp;_gl=1*1qpihiv*_gcl_aw*R0NMLjE3MDcxMzI0NjMuQ2p3S0NBaUFxNEt1QmhBNkVpd0FyTUF3MUhUUEpHdlQ0N000UXRPRXdmR19mREJRTVp3d21oUEdfak1mN05xUElYLU8tOHhNalNnZlpSb0NNWVFRQXZEX0J3RQ..*_gcl_au*MjI2ODY5Nzk2LjE3MTA0MDQ4MTI.*_ga*MTQ4NzE4MjM0Mi4xNjk0Nzg4MTQz*_ga_W18MV136NH*MTcxMjg0OTk4Mi40NDUuMS4xNzEyODUwMTQ1LjYwLjAuMA..\">Papst Johannes Paul II<\/a>.<\/strong>, der sich bei der Durchf\u00fchrung des Ritus der Gefahr aussetzte, von Tr\u00fcmmern getroffen zu werden, den Brauch zu \u00e4ndern, und seitdem wird die Heilige Pforte am Ende des Jubil\u00e4umsjahres einfach geschlossen und zum n\u00e4chsten Jubil\u00e4um wieder ge\u00f6ffnet.<\/p>\n<div class=\"link-product\">\n<div class=\"blocco-immagine\"><img loading=\"lazy\" decoding=\"async\" class=\"size-full wp-image-3923 alignleft\" src=\"https:\/\/blog.holyart.it\/de\/wp-content\/uploads\/sites\/12\/2024\/04\/Johannes-Paul-II.jpg\" alt=\"Johannes Paul II\" width=\"100\" height=\"100\" data-kale-share-title=\"Heilige Pforte: was sie ist und was ihre \u00d6ffnung bedeutet\" data-kale-share-url=\"https:\/\/blog.holyart.it\/de\/?p=3918\" \/><\/div>\n<div class=\"blocco-contenuto\">\n<div class=\"blocco-acquista\">Einkaufen:<\/div>\n<div class=\"blocco-titolo\"><a href=\"https:\/\/www.holyart.de\/besondere-anlasse\/johannes-paul-ii\">Johannes Paul II<\/a><\/div>\n<div class=\"blocco-descrizione\">Anl\u00e4sslich seiner Seligsprechung haben wir eine Produktkategorie geschaffen, die ganz Johannes Paul II.<\/div>\n<\/div>\n<\/div>\n<h2>Wie viele Heilige Pforten gibt es?<\/h2>\n<p>Der Papst hat daher die Befugnis, jede Kirchent\u00fcr in der Welt zur Heiligen Pforte zu ernennen. In Rom gibt es neben dem <strong><a href=\"https:\/\/www.holyart.de\/devotionalien\/wandteppiche\/wandteppich-petersplatz-35x60-cm?_gl=1*j445zo*_gcl_aw*R0NMLjE3MDcxMzI0NjMuQ2p3S0NBaUFxNEt1QmhBNkVpd0FyTUF3MUhUUEpHdlQ0N000UXRPRXdmR19mREJRTVp3d21oUEdfak1mN05xUElYLU8tOHhNalNnZlpSb0NNWVFRQXZEX0J3RQ..*_gcl_au*MjI2ODY5Nzk2LjE3MTA0MDQ4MTI.*_ga*MTQ4NzE4MjM0Mi4xNjk0Nzg4MTQz*_ga_W18MV136NH*MTcxMjg0OTk4Mi40NDUuMS4xNzEyODUwMzA3LjYwLjAuMA..\">Petersdom<\/a><\/strong> eine Heilige Pforte in den Basiliken <strong><a href=\"https:\/\/www.holyart.de\/devotionalien\/statuen\/statuen-aus-resin-und-pvc\/johannes-der-taufer-37cm-aus-harz?_gl=1*kdyix5*_gcl_aw*R0NMLjE3MDcxMzI0NjMuQ2p3S0NBaUFxNEt1QmhBNkVpd0FyTUF3MUhUUEpHdlQ0N000UXRPRXdmR19mREJRTVp3d21oUEdfak1mN05xUElYLU8tOHhNalNnZlpSb0NNWVFRQXZEX0J3RQ..*_gcl_au*MjI2ODY5Nzk2LjE3MTA0MDQ4MTI.*_ga*MTQ4NzE4MjM0Mi4xNjk0Nzg4MTQz*_ga_W18MV136NH*MTcxMjg0OTk4Mi40NDUuMS4xNzEyODUwMzQ0LjIzLjAuMA..\">St. Johannes<\/a><\/strong> im Lateran, <strong><a href=\"https:\/\/www.holyart.de\/devotionalien\/statuen\/statuen-aus-bemalten-holz\/statue-heilig-paul-holz?_gl=1*bke15c*_gcl_aw*R0NMLjE3MDcxMzI0NjMuQ2p3S0NBaUFxNEt1QmhBNkVpd0FyTUF3MUhUUEpHdlQ0N000UXRPRXdmR19mREJRTVp3d21oUEdfak1mN05xUElYLU8tOHhNalNnZlpSb0NNWVFRQXZEX0J3RQ..*_gcl_au*MjI2ODY5Nzk2LjE3MTA0MDQ4MTI.*_ga*MTQ4NzE4MjM0Mi4xNjk0Nzg4MTQz*_ga_W18MV136NH*MTcxMjg0OTk4Mi40NDUuMS4xNzEyODUwMzY1LjIuMC4w\">St. Paul<\/a><\/strong> vor den Mauern und St. Maria Major. Anl\u00e4sslich des <a href=\"https:\/\/www.holyart.de\/devotionalien\/statuen\/statuen-aus-bemalten-holz\/statue-heilig-paul-holz?_gl=1*bke15c*_gcl_aw*R0NMLjE3MDcxMzI0NjMuQ2p3S0NBaUFxNEt1QmhBNkVpd0FyTUF3MUhUUEpHdlQ0N000UXRPRXdmR19mREJRTVp3d21oUEdfak1mN05xUElYLU8tOHhNalNnZlpSb0NNWVFRQXZEX0J3RQ..*_gcl_au*MjI2ODY5Nzk2LjE3MTA0MDQ4MTI.*_ga*MTQ4NzE4MjM0Mi4xNjk0Nzg4MTQz*_ga_W18MV136NH*MTcxMjg0OTk4Mi40NDUuMS4xNzEyODUwMzY1LjIuMC4w\"><strong>Au\u00dferordentlichen Jubil\u00e4ums der Barmherzigkeit<\/strong><\/a> (8. Dezember 2015-20. November 2016) bat <a href=\"https:\/\/www.holyart.de\/besondere-anlasse\/papst-franziksus?page=1&amp;_gl=1*ezcwwx*_gcl_aw*R0NMLjE3MDcxMzI0NjMuQ2p3S0NBaUFxNEt1QmhBNkVpd0FyTUF3MUhUUEpHdlQ0N000UXRPRXdmR19mREJRTVp3d21oUEdfak1mN05xUElYLU8tOHhNalNnZlpSb0NNWVFRQXZEX0J3RQ..*_gcl_au*MjI2ODY5Nzk2LjE3MTA0MDQ4MTI.*_ga*MTQ4NzE4MjM0Mi4xNjk0Nzg4MTQz*_ga_W18MV136NH*MTcxMjg0OTk4Mi40NDUuMS4xNzEyODUwNDAyLjI1LjAuMA..\"><strong>Papst Franziskus<\/strong><\/a> die Bisch\u00f6fe um Zusammenarbeit bei der Ermittlung der f\u00fcr die Gl\u00e4ubigen wichtigsten Orte und gew\u00e4hrte die \u00d6ffnung der Heiligen Pforte neben den Basiliken auch in den Kathedralkirchen. So konnten viele Kirchen, die regelm\u00e4\u00dfig Ziel von Pilgerreisen sind, ihre Heilige Pforte mit dem Zugest\u00e4ndnis des Papstes \u00f6ffnen und ihren Gl\u00e4ubigen einen vollkommenen Ablass gew\u00e4hren.<\/p>\n<div class=\"link-product\">\n<div class=\"blocco-immagine\"><img loading=\"lazy\" decoding=\"async\" class=\"size-full wp-image-3924 alignleft\" src=\"https:\/\/blog.holyart.it\/de\/wp-content\/uploads\/sites\/12\/2024\/04\/Papst-Franziskus.jpg\" alt=\"Papst Franziskus\" width=\"100\" height=\"100\" data-kale-share-title=\"Heilige Pforte: was sie ist und was ihre \u00d6ffnung bedeutet\" data-kale-share-url=\"https:\/\/blog.holyart.it\/de\/?p=3918\" \/><\/div>\n<div class=\"blocco-contenuto\">\n<div class=\"blocco-acquista\">Einkaufen:<\/div>\n<div class=\"blocco-titolo\"><a href=\"https:\/\/www.holyart.de\/besondere-anlasse\/papst-franziksus?page=1&amp;_gl=1*ezcwwx*_gcl_aw*R0NMLjE3MDcxMzI0NjMuQ2p3S0NBaUFxNEt1QmhBNkVpd0FyTUF3MUhUUEpHdlQ0N000UXRPRXdmR19mREJRTVp3d21oUEdfak1mN05xUElYLU8tOHhNalNnZlpSb0NNWVFRQXZEX0J3RQ..*_gcl_au*MjI2ODY5Nzk2LjE3MTA0MDQ4MTI.*_ga*MTQ4NzE4MjM0Mi4xNjk0Nzg4MTQz*_ga_W18MV136NH*MTcxMjg0OTk4Mi40NDUuMS4xNzEyODUwNDAyLjI1LjAuMA..\">Papst Franziksus<\/a><\/div>\n<div class=\"blocco-descrizione\">Diese Produktkategorie ist Jorge Mario Bergoglio gewidmet<\/div>\n<\/div>\n<\/div>\n","protected":false},"excerpt":{"rendered":"<p>Die \u00d6ffnung der Heiligen Pforte markiert nicht nur den Beginn des Jubil\u00e4umsjahres, sondern ist f\u00fcr die Christen auch ein sehr eindrucksvolles spirituelles Symbol. Was ist das? Der T\u00fcr wurde in der Geschichte der Menschheit schon immer eine grundlegende Bedeutung beigemessen. Als Element des Schutzes und&hellip;<\/p>\n","protected":false},"author":1,"featured_media":3920,"comment_status":"closed","ping_status":"open","sticky":false,"template":"","format":"standard","meta":{"_acf_changed":false,"footnotes":""},"categories":[17,10],"tags":[],"class_list":["post-3918","post","type-post","status-publish","format-standard","has-post-thumbnail","hentry","category-jubilaeum-2025","category-devotionalien"],"acf":[],"yoast_head":"<!-- This site is optimized with the Yoast SEO plugin v26.6 - https:\/\/yoast.com\/wordpress\/plugins\/seo\/ -->\n<title>Heilige Pforte: was sie ist und was ihre \u00d6ffnung bedeutet - Holyart.de Blog<\/title>\n<meta name=\"description\" content=\"Die \u00d6ffnung der Heiligen Pforte markiert nicht nur den Beginn des Jubil\u00e4umsjahres, sondern ist f\u00fcr die Christen auch ein sehr eindrucksvolles spirituelles Symbol. Was ist das?\" \/>\n<meta name=\"robots\" content=\"index, follow, max-snippet:-1, max-image-preview:large, max-video-preview:-1\" \/>\n<link rel=\"canonical\" href=\"https:\/\/blog.holyart.it\/de\/devotionalien\/heilige-pforte-was-sie-ist-und-was-ihre-oeffnung-bedeutet\/\" \/>\n<meta property=\"og:locale\" content=\"de_DE\" \/>\n<meta property=\"og:type\" content=\"article\" \/>\n<meta property=\"og:title\" content=\"Heilige Pforte: was sie ist und was ihre \u00d6ffnung bedeutet - Holyart.de Blog\" \/>\n<meta property=\"og:description\" content=\"Die \u00d6ffnung der Heiligen Pforte markiert nicht nur den Beginn des Jubil\u00e4umsjahres, sondern ist f\u00fcr die Christen auch ein sehr eindrucksvolles spirituelles Symbol. Was ist das?\" \/>\n<meta property=\"og:url\" content=\"https:\/\/blog.holyart.it\/de\/devotionalien\/heilige-pforte-was-sie-ist-und-was-ihre-oeffnung-bedeutet\/\" \/>\n<meta property=\"og:site_name\" content=\"Holyart.de Blog\" \/>\n<meta property=\"article:published_time\" content=\"2024-04-15T08:00:19+00:00\" \/>\n<meta property=\"article:modified_time\" content=\"2024-05-28T10:45:52+00:00\" \/>\n<meta property=\"og:image\" content=\"https:\/\/blog.holyart.it\/de\/wp-content\/uploads\/sites\/12\/2024\/04\/Heilige-Pforte.jpeg\" \/>\n\t<meta property=\"og:image:width\" content=\"1000\" \/>\n\t<meta property=\"og:image:height\" content=\"696\" \/>\n\t<meta property=\"og:image:type\" content=\"image\/jpeg\" \/>\n<meta name=\"author\" content=\"Redazione\" \/>\n<meta name=\"twitter:card\" content=\"summary_large_image\" \/>\n<meta name=\"twitter:label1\" content=\"Verfasst von\" \/>\n\t<meta name=\"twitter:data1\" content=\"Redazione\" \/>\n\t<meta name=\"twitter:label2\" content=\"Gesch\u00e4tzte Lesezeit\" \/>\n\t<meta name=\"twitter:data2\" content=\"8\u00a0Minuten\" \/>\n<script type=\"application\/ld+json\" class=\"yoast-schema-graph\">{\"@context\":\"https:\/\/schema.org\",\"@graph\":[{\"@type\":\"Article\",\"@id\":\"https:\/\/blog.holyart.it\/de\/devotionalien\/heilige-pforte-was-sie-ist-und-was-ihre-oeffnung-bedeutet\/#article\",\"isPartOf\":{\"@id\":\"https:\/\/blog.holyart.it\/de\/devotionalien\/heilige-pforte-was-sie-ist-und-was-ihre-oeffnung-bedeutet\/\"},\"author\":{\"name\":\"Redazione\",\"@id\":\"https:\/\/blog.holyart.it\/de\/#\/schema\/person\/0a7b686e5af0f856ec1e390dd0baecda\"},\"headline\":\"Heilige Pforte: was sie ist und was ihre \u00d6ffnung bedeutet\",\"datePublished\":\"2024-04-15T08:00:19+00:00\",\"dateModified\":\"2024-05-28T10:45:52+00:00\",\"mainEntityOfPage\":{\"@id\":\"https:\/\/blog.holyart.it\/de\/devotionalien\/heilige-pforte-was-sie-ist-und-was-ihre-oeffnung-bedeutet\/\"},\"wordCount\":1238,\"publisher\":{\"@id\":\"https:\/\/blog.holyart.it\/de\/#organization\"},\"image\":{\"@id\":\"https:\/\/blog.holyart.it\/de\/devotionalien\/heilige-pforte-was-sie-ist-und-was-ihre-oeffnung-bedeutet\/#primaryimage\"},\"thumbnailUrl\":\"https:\/\/blog.holyart.it\/de\/wp-content\/uploads\/sites\/12\/2024\/04\/Heilige-Pforte.jpeg\",\"articleSection\":[\"Jubil\u00e4um 2025\",\"Religion\"],\"inLanguage\":\"de\"},{\"@type\":\"WebPage\",\"@id\":\"https:\/\/blog.holyart.it\/de\/devotionalien\/heilige-pforte-was-sie-ist-und-was-ihre-oeffnung-bedeutet\/\",\"url\":\"https:\/\/blog.holyart.it\/de\/devotionalien\/heilige-pforte-was-sie-ist-und-was-ihre-oeffnung-bedeutet\/\",\"name\":\"Heilige Pforte: was sie ist und was ihre \u00d6ffnung bedeutet - Holyart.de Blog\",\"isPartOf\":{\"@id\":\"https:\/\/blog.holyart.it\/de\/#website\"},\"primaryImageOfPage\":{\"@id\":\"https:\/\/blog.holyart.it\/de\/devotionalien\/heilige-pforte-was-sie-ist-und-was-ihre-oeffnung-bedeutet\/#primaryimage\"},\"image\":{\"@id\":\"https:\/\/blog.holyart.it\/de\/devotionalien\/heilige-pforte-was-sie-ist-und-was-ihre-oeffnung-bedeutet\/#primaryimage\"},\"thumbnailUrl\":\"https:\/\/blog.holyart.it\/de\/wp-content\/uploads\/sites\/12\/2024\/04\/Heilige-Pforte.jpeg\",\"datePublished\":\"2024-04-15T08:00:19+00:00\",\"dateModified\":\"2024-05-28T10:45:52+00:00\",\"description\":\"Die \u00d6ffnung der Heiligen Pforte markiert nicht nur den Beginn des Jubil\u00e4umsjahres, sondern ist f\u00fcr die Christen auch ein sehr eindrucksvolles spirituelles Symbol. Was ist das?\",\"breadcrumb\":{\"@id\":\"https:\/\/blog.holyart.it\/de\/devotionalien\/heilige-pforte-was-sie-ist-und-was-ihre-oeffnung-bedeutet\/#breadcrumb\"},\"inLanguage\":\"de\",\"potentialAction\":[{\"@type\":\"ReadAction\",\"target\":[\"https:\/\/blog.holyart.it\/de\/devotionalien\/heilige-pforte-was-sie-ist-und-was-ihre-oeffnung-bedeutet\/\"]}]},{\"@type\":\"ImageObject\",\"inLanguage\":\"de\",\"@id\":\"https:\/\/blog.holyart.it\/de\/devotionalien\/heilige-pforte-was-sie-ist-und-was-ihre-oeffnung-bedeutet\/#primaryimage\",\"url\":\"https:\/\/blog.holyart.it\/de\/wp-content\/uploads\/sites\/12\/2024\/04\/Heilige-Pforte.jpeg\",\"contentUrl\":\"https:\/\/blog.holyart.it\/de\/wp-content\/uploads\/sites\/12\/2024\/04\/Heilige-Pforte.jpeg\",\"width\":1000,\"height\":696,\"caption\":\"Heilige Pforte: was sie ist und was ihre Oeffnung bedeutet\"},{\"@type\":\"BreadcrumbList\",\"@id\":\"https:\/\/blog.holyart.it\/de\/devotionalien\/heilige-pforte-was-sie-ist-und-was-ihre-oeffnung-bedeutet\/#breadcrumb\",\"itemListElement\":[{\"@type\":\"ListItem\",\"position\":1,\"name\":\"Homepage\",\"item\":\"https:\/\/blog.holyart.it\/de\/\"},{\"@type\":\"ListItem\",\"position\":2,\"name\":\"Jubil\u00e4um 2025\",\"item\":\"https:\/\/blog.holyart.it\/de\/jubilaeum-2025\/\"},{\"@type\":\"ListItem\",\"position\":3,\"name\":\"Heilige Pforte: was sie ist und was ihre \u00d6ffnung bedeutet\"}]},{\"@type\":\"WebSite\",\"@id\":\"https:\/\/blog.holyart.it\/de\/#website\",\"url\":\"https:\/\/blog.holyart.it\/de\/\",\"name\":\"Holyart.de Blog\",\"description\":\"Holyblog\",\"publisher\":{\"@id\":\"https:\/\/blog.holyart.it\/de\/#organization\"},\"potentialAction\":[{\"@type\":\"SearchAction\",\"target\":{\"@type\":\"EntryPoint\",\"urlTemplate\":\"https:\/\/blog.holyart.it\/de\/?s={search_term_string}\"},\"query-input\":{\"@type\":\"PropertyValueSpecification\",\"valueRequired\":true,\"valueName\":\"search_term_string\"}}],\"inLanguage\":\"de\"},{\"@type\":\"Organization\",\"@id\":\"https:\/\/blog.holyart.it\/de\/#organization\",\"name\":\"Holyart.de Blog\",\"url\":\"https:\/\/blog.holyart.it\/de\/\",\"logo\":{\"@type\":\"ImageObject\",\"inLanguage\":\"de\",\"@id\":\"https:\/\/blog.holyart.it\/de\/#\/schema\/logo\/image\/\",\"url\":\"https:\/\/blog.holyart.it\/de\/wp-content\/uploads\/sites\/12\/2022\/12\/Holyart_Blog_Logo.jpg\",\"contentUrl\":\"https:\/\/blog.holyart.it\/de\/wp-content\/uploads\/sites\/12\/2022\/12\/Holyart_Blog_Logo.jpg\",\"width\":300,\"height\":50,\"caption\":\"Holyart.de Blog\"},\"image\":{\"@id\":\"https:\/\/blog.holyart.it\/de\/#\/schema\/logo\/image\/\"}},{\"@type\":\"Person\",\"@id\":\"https:\/\/blog.holyart.it\/de\/#\/schema\/person\/0a7b686e5af0f856ec1e390dd0baecda\",\"name\":\"Redazione\",\"image\":{\"@type\":\"ImageObject\",\"inLanguage\":\"de\",\"@id\":\"https:\/\/blog.holyart.it\/de\/#\/schema\/person\/image\/\",\"url\":\"https:\/\/secure.gravatar.com\/avatar\/f477da817f43e50d0af36abecd33e3edf826c68299714bdc1057dff3b113f516?s=96&d=mm&r=g\",\"contentUrl\":\"https:\/\/secure.gravatar.com\/avatar\/f477da817f43e50d0af36abecd33e3edf826c68299714bdc1057dff3b113f516?s=96&d=mm&r=g\",\"caption\":\"Redazione\"}}]}<\/script>\n<!-- \/ Yoast SEO plugin. -->","yoast_head_json":{"title":"Heilige Pforte: was sie ist und was ihre \u00d6ffnung bedeutet - Holyart.de Blog","description":"Die \u00d6ffnung der Heiligen Pforte markiert nicht nur den Beginn des Jubil\u00e4umsjahres, sondern ist f\u00fcr die Christen auch ein sehr eindrucksvolles spirituelles Symbol. Was ist das?","robots":{"index":"index","follow":"follow","max-snippet":"max-snippet:-1","max-image-preview":"max-image-preview:large","max-video-preview":"max-video-preview:-1"},"canonical":"https:\/\/blog.holyart.it\/de\/devotionalien\/heilige-pforte-was-sie-ist-und-was-ihre-oeffnung-bedeutet\/","og_locale":"de_DE","og_type":"article","og_title":"Heilige Pforte: was sie ist und was ihre \u00d6ffnung bedeutet - Holyart.de Blog","og_description":"Die \u00d6ffnung der Heiligen Pforte markiert nicht nur den Beginn des Jubil\u00e4umsjahres, sondern ist f\u00fcr die Christen auch ein sehr eindrucksvolles spirituelles Symbol. Was ist das?","og_url":"https:\/\/blog.holyart.it\/de\/devotionalien\/heilige-pforte-was-sie-ist-und-was-ihre-oeffnung-bedeutet\/","og_site_name":"Holyart.de Blog","article_published_time":"2024-04-15T08:00:19+00:00","article_modified_time":"2024-05-28T10:45:52+00:00","og_image":[{"width":1000,"height":696,"url":"https:\/\/blog.holyart.it\/de\/wp-content\/uploads\/sites\/12\/2024\/04\/Heilige-Pforte.jpeg","type":"image\/jpeg"}],"author":"Redazione","twitter_card":"summary_large_image","twitter_misc":{"Verfasst von":"Redazione","Gesch\u00e4tzte Lesezeit":"8\u00a0Minuten"},"schema":{"@context":"https:\/\/schema.org","@graph":[{"@type":"Article","@id":"https:\/\/blog.holyart.it\/de\/devotionalien\/heilige-pforte-was-sie-ist-und-was-ihre-oeffnung-bedeutet\/#article","isPartOf":{"@id":"https:\/\/blog.holyart.it\/de\/devotionalien\/heilige-pforte-was-sie-ist-und-was-ihre-oeffnung-bedeutet\/"},"author":{"name":"Redazione","@id":"https:\/\/blog.holyart.it\/de\/#\/schema\/person\/0a7b686e5af0f856ec1e390dd0baecda"},"headline":"Heilige Pforte: was sie ist und was ihre \u00d6ffnung bedeutet","datePublished":"2024-04-15T08:00:19+00:00","dateModified":"2024-05-28T10:45:52+00:00","mainEntityOfPage":{"@id":"https:\/\/blog.holyart.it\/de\/devotionalien\/heilige-pforte-was-sie-ist-und-was-ihre-oeffnung-bedeutet\/"},"wordCount":1238,"publisher":{"@id":"https:\/\/blog.holyart.it\/de\/#organization"},"image":{"@id":"https:\/\/blog.holyart.it\/de\/devotionalien\/heilige-pforte-was-sie-ist-und-was-ihre-oeffnung-bedeutet\/#primaryimage"},"thumbnailUrl":"https:\/\/blog.holyart.it\/de\/wp-content\/uploads\/sites\/12\/2024\/04\/Heilige-Pforte.jpeg","articleSection":["Jubil\u00e4um 2025","Religion"],"inLanguage":"de"},{"@type":"WebPage","@id":"https:\/\/blog.holyart.it\/de\/devotionalien\/heilige-pforte-was-sie-ist-und-was-ihre-oeffnung-bedeutet\/","url":"https:\/\/blog.holyart.it\/de\/devotionalien\/heilige-pforte-was-sie-ist-und-was-ihre-oeffnung-bedeutet\/","name":"Heilige Pforte: was sie ist und was ihre \u00d6ffnung bedeutet - Holyart.de Blog","isPartOf":{"@id":"https:\/\/blog.holyart.it\/de\/#website"},"primaryImageOfPage":{"@id":"https:\/\/blog.holyart.it\/de\/devotionalien\/heilige-pforte-was-sie-ist-und-was-ihre-oeffnung-bedeutet\/#primaryimage"},"image":{"@id":"https:\/\/blog.holyart.it\/de\/devotionalien\/heilige-pforte-was-sie-ist-und-was-ihre-oeffnung-bedeutet\/#primaryimage"},"thumbnailUrl":"https:\/\/blog.holyart.it\/de\/wp-content\/uploads\/sites\/12\/2024\/04\/Heilige-Pforte.jpeg","datePublished":"2024-04-15T08:00:19+00:00","dateModified":"2024-05-28T10:45:52+00:00","description":"Die \u00d6ffnung der Heiligen Pforte markiert nicht nur den Beginn des Jubil\u00e4umsjahres, sondern ist f\u00fcr die Christen auch ein sehr eindrucksvolles spirituelles Symbol. Was ist das?","breadcrumb":{"@id":"https:\/\/blog.holyart.it\/de\/devotionalien\/heilige-pforte-was-sie-ist-und-was-ihre-oeffnung-bedeutet\/#breadcrumb"},"inLanguage":"de","potentialAction":[{"@type":"ReadAction","target":["https:\/\/blog.holyart.it\/de\/devotionalien\/heilige-pforte-was-sie-ist-und-was-ihre-oeffnung-bedeutet\/"]}]},{"@type":"ImageObject","inLanguage":"de","@id":"https:\/\/blog.holyart.it\/de\/devotionalien\/heilige-pforte-was-sie-ist-und-was-ihre-oeffnung-bedeutet\/#primaryimage","url":"https:\/\/blog.holyart.it\/de\/wp-content\/uploads\/sites\/12\/2024\/04\/Heilige-Pforte.jpeg","contentUrl":"https:\/\/blog.holyart.it\/de\/wp-content\/uploads\/sites\/12\/2024\/04\/Heilige-Pforte.jpeg","width":1000,"height":696,"caption":"Heilige Pforte: was sie ist und was ihre Oeffnung bedeutet"},{"@type":"BreadcrumbList","@id":"https:\/\/blog.holyart.it\/de\/devotionalien\/heilige-pforte-was-sie-ist-und-was-ihre-oeffnung-bedeutet\/#breadcrumb","itemListElement":[{"@type":"ListItem","position":1,"name":"Homepage","item":"https:\/\/blog.holyart.it\/de\/"},{"@type":"ListItem","position":2,"name":"Jubil\u00e4um 2025","item":"https:\/\/blog.holyart.it\/de\/jubilaeum-2025\/"},{"@type":"ListItem","position":3,"name":"Heilige Pforte: was sie ist und was ihre \u00d6ffnung bedeutet"}]},{"@type":"WebSite","@id":"https:\/\/blog.holyart.it\/de\/#website","url":"https:\/\/blog.holyart.it\/de\/","name":"Holyart.de Blog","description":"Holyblog","publisher":{"@id":"https:\/\/blog.holyart.it\/de\/#organization"},"potentialAction":[{"@type":"SearchAction","target":{"@type":"EntryPoint","urlTemplate":"https:\/\/blog.holyart.it\/de\/?s={search_term_string}"},"query-input":{"@type":"PropertyValueSpecification","valueRequired":true,"valueName":"search_term_string"}}],"inLanguage":"de"},{"@type":"Organization","@id":"https:\/\/blog.holyart.it\/de\/#organization","name":"Holyart.de Blog","url":"https:\/\/blog.holyart.it\/de\/","logo":{"@type":"ImageObject","inLanguage":"de","@id":"https:\/\/blog.holyart.it\/de\/#\/schema\/logo\/image\/","url":"https:\/\/blog.holyart.it\/de\/wp-content\/uploads\/sites\/12\/2022\/12\/Holyart_Blog_Logo.jpg","contentUrl":"https:\/\/blog.holyart.it\/de\/wp-content\/uploads\/sites\/12\/2022\/12\/Holyart_Blog_Logo.jpg","width":300,"height":50,"caption":"Holyart.de Blog"},"image":{"@id":"https:\/\/blog.holyart.it\/de\/#\/schema\/logo\/image\/"}},{"@type":"Person","@id":"https:\/\/blog.holyart.it\/de\/#\/schema\/person\/0a7b686e5af0f856ec1e390dd0baecda","name":"Redazione","image":{"@type":"ImageObject","inLanguage":"de","@id":"https:\/\/blog.holyart.it\/de\/#\/schema\/person\/image\/","url":"https:\/\/secure.gravatar.com\/avatar\/f477da817f43e50d0af36abecd33e3edf826c68299714bdc1057dff3b113f516?s=96&d=mm&r=g","contentUrl":"https:\/\/secure.gravatar.com\/avatar\/f477da817f43e50d0af36abecd33e3edf826c68299714bdc1057dff3b113f516?s=96&d=mm&r=g","caption":"Redazione"}}]}},"_links":{"self":[{"href":"https:\/\/blog.holyart.it\/de\/wp-json\/wp\/v2\/posts\/3918","targetHints":{"allow":["GET"]}}],"collection":[{"href":"https:\/\/blog.holyart.it\/de\/wp-json\/wp\/v2\/posts"}],"about":[{"href":"https:\/\/blog.holyart.it\/de\/wp-json\/wp\/v2\/types\/post"}],"author":[{"embeddable":true,"href":"https:\/\/blog.holyart.it\/de\/wp-json\/wp\/v2\/users\/1"}],"replies":[{"embeddable":true,"href":"https:\/\/blog.holyart.it\/de\/wp-json\/wp\/v2\/comments?post=3918"}],"version-history":[{"count":4,"href":"https:\/\/blog.holyart.it\/de\/wp-json\/wp\/v2\/posts\/3918\/revisions"}],"predecessor-version":[{"id":3927,"href":"https:\/\/blog.holyart.it\/de\/wp-json\/wp\/v2\/posts\/3918\/revisions\/3927"}],"wp:featuredmedia":[{"embeddable":true,"href":"https:\/\/blog.holyart.it\/de\/wp-json\/wp\/v2\/media\/3920"}],"wp:attachment":[{"href":"https:\/\/blog.holyart.it\/de\/wp-json\/wp\/v2\/media?parent=3918"}],"wp:term":[{"taxonomy":"category","embeddable":true,"href":"https:\/\/blog.holyart.it\/de\/wp-json\/wp\/v2\/categories?post=3918"},{"taxonomy":"post_tag","embeddable":true,"href":"https:\/\/blog.holyart.it\/de\/wp-json\/wp\/v2\/tags?post=3918"}],"curies":[{"name":"wp","href":"https:\/\/api.w.org\/{rel}","templated":true}]}}