{"id":3904,"date":"2024-04-10T10:00:01","date_gmt":"2024-04-10T08:00:01","guid":{"rendered":"https:\/\/blog.holyart.it\/de\/?p=3904"},"modified":"2025-03-20T15:56:29","modified_gmt":"2025-03-20T14:56:29","slug":"der-geliebte-juenger-wer-war-der-geliebte-juenger-jesu","status":"publish","type":"post","link":"https:\/\/blog.holyart.it\/de\/devotionalien\/der-geliebte-juenger-wer-war-der-geliebte-juenger-jesu\/","title":{"rendered":"Der geliebte J\u00fcnger: Wer war der &#8222;geliebte&#8220; J\u00fcnger Jesu?"},"content":{"rendered":"<h4><em>Johannes, der geliebte J\u00fcnger von Jesus. Als Fischer, wie seine Br\u00fcder Simon Petrus und Andreas, hatte er eine besondere Beziehung zu Christus. Das ist der Grund<\/em><\/h4>\n\n<p>Wir haben bereits bei vielen Gelegenheiten gesehen, wie viel Wert Jesus auf <strong>Freundschaft<\/strong> legte und wie sehr er Freunde sch\u00e4tzte. So war es bei Martha, Maria und Lazarus von Bethanien, so bei den vielen Frauen, die ihm folgten und seinen Worten zuh\u00f6rten. Umso mehr k\u00f6nnen wir davon ausgehen, dass er eine tiefe <strong><a href=\"https:\/\/www.holyart.de\/blog\/heilige-und-selige\/wer-waren-die-12-apostel-und-worin-besteht-der-unterschied-zwischen-aposteln-und-juengern\/\">Verbundenheit mit den Aposteln<\/a><\/strong> hatte, seinen engsten J\u00fcngern, den zw\u00f6lf Auserw\u00e4hlten, die ihr t\u00e4gliches Leben mit ihm teilten. Und unter ihnen hatte er einen Lieblingsj\u00fcnger, zu dem er ein besonders inniges Verh\u00e4ltnis hatte: Es war der <strong>Apostel Johannes<\/strong>, der Bruder der Apostel Simon Petrus und Andreas, der Verfasser des vierten Evangeliums.<\/p>\n<div class=\"link-article\">\n<p><img loading=\"lazy\" decoding=\"async\" class=\"size-full wp-image-3908 alignleft\" src=\"https:\/\/blog.holyart.it\/de\/wp-content\/uploads\/sites\/12\/2024\/03\/Die-12-Apostel.jpeg\" alt=\"Die 12 Apostel\" width=\"150\" height=\"99\" data-kale-share-title=\"Der geliebte J\u00fcnger: Wer war der \u201cgeliebte\u201d J\u00fcnger Jesu?\" data-kale-share-url=\"https:\/\/blog.holyart.it\/de\/?p=3904\" \/><\/p>\n<div class=\"leggi-anche\">Lesen Sie auch:<\/div>\n<p><strong><a href=\"https:\/\/www.holyart.de\/blog\/heilige-und-selige\/wer-waren-die-12-apostel-und-worin-besteht-der-unterschied-zwischen-aposteln-und-juengern\/\">Wer waren die 12 Apostel und worin besteht der Unterschied zwischen Aposteln und J\u00fcngern?<\/a><\/strong><br \/>\nWer waren die 12 Apostel, die Jesus w\u00e4hrend der kurzen Zeit seiner Mission begleiteten und von ihm beauftragt wurden, das Wort&#8230;<\/p>\n<\/div>\n<p>Tats\u00e4chlich wird in keinem Evangelium der Name des Lieblingsj\u00fcngers genannt. Nicht einmal in dem des Johannes selbst, der anonym bleibt, wie alle anderen Evangelisten auch. Im Johannesevangelium erw\u00e4hnt der Apostel nie seinen eigenen Namen, der einzige Johannes, von dem er spricht, ist Johannes der T\u00e4ufer. Und doch erz\u00e4hlt er gerade in seinem Evangelium an mehreren Stellen von der Zuneigung Jesu zu diesem geheimnisvollen geliebten J\u00fcnger:<\/p>\n<div class=\"link-product\">\n<div class=\"blocco-immagine\"><img loading=\"lazy\" decoding=\"async\" class=\"size-full wp-image-3910 alignleft\" src=\"https:\/\/blog.holyart.it\/de\/wp-content\/uploads\/sites\/12\/2024\/03\/Heiliger-Johannes-Evangelist-21cm-aus-Harz.jpg\" alt=\"Heiliger Johannes Evangelist 21cm aus Harz\" width=\"100\" height=\"100\" data-kale-share-title=\"Der geliebte J\u00fcnger: Wer war der \u201cgeliebte\u201d J\u00fcnger Jesu?\" data-kale-share-url=\"https:\/\/blog.holyart.it\/de\/?p=3904\" \/><\/div>\n<div class=\"blocco-contenuto\">\n<div class=\"blocco-acquista\">Einkaufen:<\/div>\n<div class=\"blocco-titolo\"><a href=\"https:\/\/www.holyart.de\/devotionalien\/statuen\/statuen-aus-resin-und-pvc\/heiliger-johannes-evangelist-21cm-aus-harz?_gl=1*y8ndo8*_gcl_aw*R0NMLjE3MDcxMzI0NjMuQ2p3S0NBaUFxNEt1QmhBNkVpd0FyTUF3MUhUUEpHdlQ0N000UXRPRXdmR19mREJRTVp3d21oUEdfak1mN05xUElYLU8tOHhNalNnZlpSb0NNWVFRQXZEX0J3RQ..*_gcl_au*MjI2ODY5Nzk2LjE3MTA0MDQ4MTI.*_ga*MTQ4NzE4MjM0Mi4xNjk0Nzg4MTQz*_ga_W18MV136NH*MTcxMjU2MDQ2Ny40MjMuMC4xNzEyNTYwNDY3LjYwLjAuMA..\">Heiliger Johannes Evangelist 21cm aus Harz<\/a><\/div>\n<div class=\"blocco-descrizione\">Statue des Evangelists Johannes realisiert aus Harz und handbemalt.<\/div>\n<\/div>\n<\/div>\n<p>\u201e<em>Einer der J\u00fcnger aber, <strong>den Jesus liebte<\/strong>, sa\u00df mit Jesus zu Tisch. Simon Petrus winkte ihm zu und sagte: \u00abSag, wer ist der, von dem du sprichst?\u00bb Und er lehnte sich an den Scho\u00df Jesu und sagte zu ihm: \u00abHerr, wer ist es?\u00bb<\/em>\u201c (Joh 13,23)<\/p>\n<p>Beim <a href=\"https:\/\/www.holyart.de\/blog\/devotionalien\/das-letzte-abendmahl-von-leonardo-da-vinci\/\"><strong>letzten<\/strong> <strong>Abendmahl<\/strong><\/a>, als Jesus offenbart, wer es sein wird, der ihn verr\u00e4t:<\/p>\n<p><strong>Unter dem Kreuz:<\/strong><\/p>\n<p>\u201e<em>Als nun Jesus seine Mutter sah und bei ihr den J\u00fcnger, den er liebte, sprach er zu seiner Mutter: \u00abFrau, siehe, dein Sohn!\u00bb 27 Dann sagte er zu dem J\u00fcnger: \u00abSiehe, deine Mutter!\u00bb Und von da an nahm der J\u00fcnger sie in sein Haus auf.<\/em>\u201c (Joh 19,26-27)<\/p>\n<p>Anl\u00e4sslich der <strong><a href=\"https:\/\/www.holyart.de\/besondere-anlasse\/ostern-und-fastenzeit\/auferstandener-christus-und-priesterkonig?page=1&amp;_gl=1*zdz85r*_gcl_aw*R0NMLjE3MDcxMzI0NjMuQ2p3S0NBaUFxNEt1QmhBNkVpd0FyTUF3MUhUUEpHdlQ0N000UXRPRXdmR19mREJRTVp3d21oUEdfak1mN05xUElYLU8tOHhNalNnZlpSb0NNWVFRQXZEX0J3RQ..*_gcl_au*MjI2ODY5Nzk2LjE3MTA0MDQ4MTI.*_ga*MTQ4NzE4MjM0Mi4xNjk0Nzg4MTQz*_ga_W18MV136NH*MTcxMjU2MDQ2Ny40MjMuMS4xNzEyNTYwNjkwLjYwLjAuMA..\">Auferstehung<\/a>:<\/strong><\/p>\n<p>\u201e<em>Am ersten Tag nach den Sabbaten aber, als es noch dunkel war, ging Maria Magdalena zum Grab und sah, dass der Stein vom Grab weggenommen worden war. Da lief sie zu Simon Petrus und <strong>dem anderen J\u00fcnger, den Jesus liebte<\/strong>, und sagte zu ihnen: \u00abSie haben den Herrn aus dem Grab weggenommen, und wir wissen nicht, wo sie ihn hingelegt haben\u00bb\u201c<\/em> (Joh 20,1-2)<\/p>\n<p>und so weiter. Wir m\u00fcssen also nicht in den <strong>Evangelien<\/strong>, sondern in der <strong>Tradition<\/strong> nach der Identit\u00e4t dieses geliebten J\u00fcngers suchen, den Jesus liebte und der eine so besondere Rolle bei seinem Tod und seiner Auferstehung spielte. Vielleicht, weil die <strong>Liebe<\/strong> der Schl\u00fcssel zum Verst\u00e4ndnis eines so gro\u00dfen und schrecklichen Geheimnisses wie des Todes ist, und nur diejenigen, die es verstehen, sich diesem gro\u00dfen Geheimnis mit einem unschuldigen und reinen Herzen zu n\u00e4hern, k\u00f6nnen es bezeugen und daran teilhaben.<\/p>\n<div class=\"link-article\">\n<p><img loading=\"lazy\" decoding=\"async\" class=\"size-full wp-image-3911 alignleft\" src=\"https:\/\/blog.holyart.it\/de\/wp-content\/uploads\/sites\/12\/2024\/04\/Apokryphe-Evangelien.jpeg\" alt=\"Apokryphe Evangelien\" width=\"150\" height=\"99\" data-kale-share-title=\"Der geliebte J\u00fcnger: Wer war der \u201cgeliebte\u201d J\u00fcnger Jesu?\" data-kale-share-url=\"https:\/\/blog.holyart.it\/de\/?p=3904\" \/><\/p>\n<div class=\"leggi-anche\">Lesen Sie auch:<\/div>\n<p><strong><a href=\"https:\/\/www.holyart.de\/blog\/devotionalien\/apokryphe-evangelien-was-sie-sind-und-die-unterschiede-zu-den-kanonischen-evangelien\/\">Apokryphe Evangelien: Was sie sind und die Unterschiede zu den kanonischen Evangelien<\/a><\/strong><br \/>\nDie apokryphen Evangelien sind nicht Teil des Neuen Testaments: Was unterscheidet sie von den Evangelien nach Markus, Matth\u00e4us, Lukas&#8230;<\/p>\n<\/div>\n<p>Der Abschnitt, der den von Jesus geliebten J\u00fcnger <strong>am Fu\u00dfe des Kreuzes<\/strong> sieht, ist besonders bedeutsam. Wir wissen, dass die Tradition an dieser Stelle die <strong>drei Marias<\/strong> sieht, die <a href=\"https:\/\/www.holyart.de\/blog\/heilige-und-selige\/fromme-frauen-die-drei-marias-die-unter-dem-kreuz-jesu-anwesend-waren\/\"><strong>frommen Frauen<\/strong><\/a>, die Christus in seinen letzten Augenblicken gefolgt sind. Keiner der zw\u00f6lf Apostel Jesu ist in diesem hohen und schrecklichen Augenblick anwesend, aber hier im Johannesevangelium erscheint der von Jesus geliebte J\u00fcnger, der nicht nur Zeuge des Todeskampfes seines Meisters ist, sondern von ihm die Aufgabe erh\u00e4lt, sich um die Gottesmutter, seine Mutter, zu k\u00fcmmern, als w\u00e4re auch er sein Sohn. Auch in dieser Episode ist es die Liebe, die die Oberhand gewinnt, selbst im Angesicht der Qualen und des Todes. Jesus stellt sich seinem Schicksal mit einem extremen <strong>Akt der Liebe<\/strong>, indem er dem J\u00fcnger, den er liebt, seine eigene Mutter anvertraut und ihn ihr anvertraut, um die Vernichtung und das B\u00f6se zu \u00fcberwinden, die ihn bedr\u00e4ngen.<\/p>\n<div class=\"link-article\">\n<p><img loading=\"lazy\" decoding=\"async\" class=\"size-full wp-image-3912 alignleft\" src=\"https:\/\/blog.holyart.it\/de\/wp-content\/uploads\/sites\/12\/2024\/04\/Die-Fromme-Frauen.jpeg\" alt=\"Die Fromme Frauen\" width=\"150\" height=\"100\" data-kale-share-title=\"Der geliebte J\u00fcnger: Wer war der \u201cgeliebte\u201d J\u00fcnger Jesu?\" data-kale-share-url=\"https:\/\/blog.holyart.it\/de\/?p=3904\" \/><\/p>\n<div class=\"leggi-anche\">Lesen Sie auch:<\/div>\n<p><strong><a href=\"https:\/\/www.holyart.de\/blog\/heilige-und-selige\/fromme-frauen-die-drei-marias-die-unter-dem-kreuz-jesu-anwesend-waren\/\">Fromme Frauen: die drei Marias, die unter dem Kreuz Jesu anwesend waren<\/a><\/strong><br \/>\nDie Jungfrau Maria, Maria Kleophas und Maria Magdalena: Das waren die frommen Frauen, die den Tod Jesu am Kreuz miterlebten.<\/p>\n<\/div>\n<p>Die Entscheidung, den geliebten J\u00fcnger anonym zu lassen, ist dem Wunsch des Evangelisten Johannes geschuldet, jedem Leser die M\u00f6glichkeit zu geben, sich zu <strong>identifizieren<\/strong>, denn in Wirklichkeit ist jeder J\u00fcnger Jesu ein <strong>geliebter J\u00fcnger<\/strong>, etwas Besonderes, eben weil er einzigartig ist. In diesem Licht erscheint auch eine der letzten Passagen des Johannesevangeliums klarer, wenn Petrus Jesus fragt: \u201e<em>Was wird aus ihm?<\/em>\u201c (Joh 21,21), und damit genau den J\u00fcnger meint, den er liebt, und Jesus antwortet: \u201e<em>Wenn ich will, dass er bleibt, bis ich zu dir komme, was macht das schon? Du folgst mir nach<\/em>\u201c (Joh 21,22), womit er die Notwendigkeit der Liebe bekr\u00e4ftigt, die nicht weniger wichtig ist als Engagement und Hingabe.<\/p>\n<p>Aber wenn Johannes der Evangelist der geliebte und gesch\u00e4tzte J\u00fcnger war, warum<strong> betraut Jesus dann Petrus mit der Gr\u00fcndung und der Leitung der Kirche<\/strong>?<\/p>\n<div class=\"link-article\">\n<p><img loading=\"lazy\" decoding=\"async\" class=\"size-full wp-image-3913 alignleft\" src=\"https:\/\/blog.holyart.it\/de\/wp-content\/uploads\/sites\/12\/2024\/04\/Der-Petersdom-im-Vatikan.jpeg\" alt=\"Der Petersdom im Vatikan\" width=\"150\" height=\"100\" data-kale-share-title=\"Der geliebte J\u00fcnger: Wer war der \u201cgeliebte\u201d J\u00fcnger Jesu?\" data-kale-share-url=\"https:\/\/blog.holyart.it\/de\/?p=3904\" \/><\/p>\n<div class=\"leggi-anche\">Lesen Sie auch:<\/div>\n<p><strong><a href=\"https:\/\/www.holyart.de\/blog\/devotionalien\/der-petersdom-im-vatikan-symbol-der-kirche-fuer-die-ganze-christliche-welt\/\">Der Petersdom im Vatikan: Symbol der Kirche f\u00fcr die ganze christliche Welt<\/a><\/strong><br \/>\nDer Petersdom im Vatikan ist eine Basilika voller Bedeutungen, Geheimnisse und weltber\u00fchmter sakraler Kunstwerke. Hier finden Sie&#8230;<\/p>\n<\/div>\n<p>Auch Petrus liebt Jesus, und das, obwohl er ihn verleugnet hat. Jesus selbst befragt ihn zu dieser Liebe: \u201e<em>Als sie gegessen hatten, sagte Jesus zu Simon Petrus: \u00abSimon von Johannes, liebst du mich mehr als diese M\u00e4nner?\u00bb Er antwortete ihm: \u00abHerr, du wei\u00dft doch, dass ich dich liebe.\u00bb Er sagte zu ihm: \u00abWeide meine L\u00e4mmer.\u00bb Er sprach wieder zu ihm: \u00abSimon von Johannes, liebst du mich?\u00bb Er antwortete ihm: \u00abSicherlich, Herr, du wei\u00dft, dass ich dich liebe.\u00bb Er sagte zu ihm: \u00abH\u00fcte meine Schafe.\u00bb Er sagte zum dritten Mal zu ihm: \u00abSimon von Johannes, liebst du mich?\u00bb Petrus war betr\u00fcbt, dass er zum dritten Mal zu ihm sagte: Liebst du mich? Und er sagte zu ihm: \u00abHerr, du wei\u00dft alles; du wei\u00dft, dass ich dich liebe.\u00bb Jesus antwortete ihm: \u00abWeide meine Schafe.\u00bb<\/em>\u201c (Joh 21,15-17).<\/p>\n<p><strong><a href=\"https:\/\/www.holyart.de\/blog\/heilige-und-selige\/das-grab-des-heiligen-petrus-und-seine-unglaubliche-entdeckung\/\">Petrus ist der erste unter den Aposteln<\/a><\/strong>. Schon vor dem Tod Jesu ist seine Rolle als F\u00fchrer und Sprecher, als Vertreter gegen\u00fcber der Obrigkeit und dem Volk, offensichtlich. Aber auch f\u00fcr ihn ist die Grundlage von allem die Liebe zu Jesus und die Liebe Jesu zu ihm, der ihn trotz seiner Fehler, trotz seines Verrats auserw\u00e4hlt, als wollte er zeigen, dass jeder von uns, auch der Unw\u00fcrdigste, danach streben kann, an seiner Seite zu sein, von ihm mit gro\u00dfen Gaben und Aufgaben ausgestattet zu werden. Alles h\u00e4ngt davon ab, dass man wei\u00df, wie man es zu gegebener Zeit beweisen kann.<\/p>\n","protected":false},"excerpt":{"rendered":"<p>Johannes, der geliebte J\u00fcnger von Jesus. Als Fischer, wie seine Br\u00fcder Simon Petrus und Andreas, hatte er eine besondere Beziehung zu Christus. Das ist der Grund Wir haben bereits bei vielen Gelegenheiten gesehen, wie viel Wert Jesus auf Freundschaft legte und wie sehr er Freunde&hellip;<\/p>\n","protected":false},"author":1,"featured_media":3907,"comment_status":"closed","ping_status":"open","sticky":false,"template":"","format":"standard","meta":{"_acf_changed":false,"footnotes":""},"categories":[10],"tags":[],"class_list":["post-3904","post","type-post","status-publish","format-standard","has-post-thumbnail","hentry","category-devotionalien"],"acf":[],"yoast_head":"<!-- This site is optimized with the Yoast SEO plugin v26.6 - https:\/\/yoast.com\/wordpress\/plugins\/seo\/ -->\n<title>Der geliebte J\u00fcnger: Wer war der &quot;geliebte&quot; J\u00fcnger Jesu? - Holyart.de Blog<\/title>\n<meta name=\"description\" content=\"Johannes, der geliebte J\u00fcnger von Jesus. Als Fischer, wie seine Br\u00fcder Simon Petrus und Andreas, hatte er eine besondere Beziehung zu...\" \/>\n<meta name=\"robots\" content=\"index, follow, max-snippet:-1, max-image-preview:large, max-video-preview:-1\" \/>\n<link rel=\"canonical\" href=\"https:\/\/blog.holyart.it\/de\/devotionalien\/der-geliebte-juenger-wer-war-der-geliebte-juenger-jesu\/\" \/>\n<meta property=\"og:locale\" content=\"de_DE\" \/>\n<meta property=\"og:type\" content=\"article\" \/>\n<meta property=\"og:title\" content=\"Der geliebte J\u00fcnger: Wer war der &quot;geliebte&quot; J\u00fcnger Jesu? - Holyart.de Blog\" \/>\n<meta property=\"og:description\" content=\"Johannes, der geliebte J\u00fcnger von Jesus. Als Fischer, wie seine Br\u00fcder Simon Petrus und Andreas, hatte er eine besondere Beziehung zu...\" \/>\n<meta property=\"og:url\" content=\"https:\/\/blog.holyart.it\/de\/devotionalien\/der-geliebte-juenger-wer-war-der-geliebte-juenger-jesu\/\" \/>\n<meta property=\"og:site_name\" content=\"Holyart.de Blog\" \/>\n<meta property=\"article:published_time\" content=\"2024-04-10T08:00:01+00:00\" \/>\n<meta property=\"article:modified_time\" content=\"2025-03-20T14:56:29+00:00\" \/>\n<meta property=\"og:image\" content=\"https:\/\/blog.holyart.it\/de\/wp-content\/uploads\/sites\/12\/2024\/03\/Der-geliebte-Juenger-1.jpeg\" \/>\n\t<meta property=\"og:image:width\" content=\"1000\" \/>\n\t<meta property=\"og:image:height\" content=\"666\" \/>\n\t<meta property=\"og:image:type\" content=\"image\/jpeg\" \/>\n<meta name=\"author\" content=\"Redazione\" \/>\n<meta name=\"twitter:card\" content=\"summary_large_image\" \/>\n<meta name=\"twitter:label1\" content=\"Verfasst von\" \/>\n\t<meta name=\"twitter:data1\" content=\"Redazione\" \/>\n\t<meta name=\"twitter:label2\" content=\"Gesch\u00e4tzte Lesezeit\" \/>\n\t<meta name=\"twitter:data2\" content=\"8\u00a0Minuten\" \/>\n<script type=\"application\/ld+json\" class=\"yoast-schema-graph\">{\"@context\":\"https:\/\/schema.org\",\"@graph\":[{\"@type\":\"Article\",\"@id\":\"https:\/\/blog.holyart.it\/de\/devotionalien\/der-geliebte-juenger-wer-war-der-geliebte-juenger-jesu\/#article\",\"isPartOf\":{\"@id\":\"https:\/\/blog.holyart.it\/de\/devotionalien\/der-geliebte-juenger-wer-war-der-geliebte-juenger-jesu\/\"},\"author\":{\"name\":\"Redazione\",\"@id\":\"https:\/\/blog.holyart.it\/de\/#\/schema\/person\/0a7b686e5af0f856ec1e390dd0baecda\"},\"headline\":\"Der geliebte J\u00fcnger: Wer war der &#8222;geliebte&#8220; J\u00fcnger Jesu?\",\"datePublished\":\"2024-04-10T08:00:01+00:00\",\"dateModified\":\"2025-03-20T14:56:29+00:00\",\"mainEntityOfPage\":{\"@id\":\"https:\/\/blog.holyart.it\/de\/devotionalien\/der-geliebte-juenger-wer-war-der-geliebte-juenger-jesu\/\"},\"wordCount\":1198,\"publisher\":{\"@id\":\"https:\/\/blog.holyart.it\/de\/#organization\"},\"image\":{\"@id\":\"https:\/\/blog.holyart.it\/de\/devotionalien\/der-geliebte-juenger-wer-war-der-geliebte-juenger-jesu\/#primaryimage\"},\"thumbnailUrl\":\"https:\/\/blog.holyart.it\/de\/wp-content\/uploads\/sites\/12\/2024\/03\/Der-geliebte-Juenger-1.jpeg\",\"articleSection\":[\"Religion\"],\"inLanguage\":\"de\"},{\"@type\":\"WebPage\",\"@id\":\"https:\/\/blog.holyart.it\/de\/devotionalien\/der-geliebte-juenger-wer-war-der-geliebte-juenger-jesu\/\",\"url\":\"https:\/\/blog.holyart.it\/de\/devotionalien\/der-geliebte-juenger-wer-war-der-geliebte-juenger-jesu\/\",\"name\":\"Der geliebte J\u00fcnger: Wer war der \\\"geliebte\\\" J\u00fcnger Jesu? - Holyart.de Blog\",\"isPartOf\":{\"@id\":\"https:\/\/blog.holyart.it\/de\/#website\"},\"primaryImageOfPage\":{\"@id\":\"https:\/\/blog.holyart.it\/de\/devotionalien\/der-geliebte-juenger-wer-war-der-geliebte-juenger-jesu\/#primaryimage\"},\"image\":{\"@id\":\"https:\/\/blog.holyart.it\/de\/devotionalien\/der-geliebte-juenger-wer-war-der-geliebte-juenger-jesu\/#primaryimage\"},\"thumbnailUrl\":\"https:\/\/blog.holyart.it\/de\/wp-content\/uploads\/sites\/12\/2024\/03\/Der-geliebte-Juenger-1.jpeg\",\"datePublished\":\"2024-04-10T08:00:01+00:00\",\"dateModified\":\"2025-03-20T14:56:29+00:00\",\"description\":\"Johannes, der geliebte J\u00fcnger von Jesus. Als Fischer, wie seine Br\u00fcder Simon Petrus und Andreas, hatte er eine besondere Beziehung zu...\",\"breadcrumb\":{\"@id\":\"https:\/\/blog.holyart.it\/de\/devotionalien\/der-geliebte-juenger-wer-war-der-geliebte-juenger-jesu\/#breadcrumb\"},\"inLanguage\":\"de\",\"potentialAction\":[{\"@type\":\"ReadAction\",\"target\":[\"https:\/\/blog.holyart.it\/de\/devotionalien\/der-geliebte-juenger-wer-war-der-geliebte-juenger-jesu\/\"]}]},{\"@type\":\"ImageObject\",\"inLanguage\":\"de\",\"@id\":\"https:\/\/blog.holyart.it\/de\/devotionalien\/der-geliebte-juenger-wer-war-der-geliebte-juenger-jesu\/#primaryimage\",\"url\":\"https:\/\/blog.holyart.it\/de\/wp-content\/uploads\/sites\/12\/2024\/03\/Der-geliebte-Juenger-1.jpeg\",\"contentUrl\":\"https:\/\/blog.holyart.it\/de\/wp-content\/uploads\/sites\/12\/2024\/03\/Der-geliebte-Juenger-1.jpeg\",\"width\":1000,\"height\":666,\"caption\":\"Der geliebte Juenger\"},{\"@type\":\"BreadcrumbList\",\"@id\":\"https:\/\/blog.holyart.it\/de\/devotionalien\/der-geliebte-juenger-wer-war-der-geliebte-juenger-jesu\/#breadcrumb\",\"itemListElement\":[{\"@type\":\"ListItem\",\"position\":1,\"name\":\"Homepage\",\"item\":\"https:\/\/blog.holyart.it\/de\/\"},{\"@type\":\"ListItem\",\"position\":2,\"name\":\"Religion\",\"item\":\"https:\/\/blog.holyart.it\/de\/devotionalien\/\"},{\"@type\":\"ListItem\",\"position\":3,\"name\":\"Der geliebte J\u00fcnger: Wer war der &#8220;geliebte&#8221; J\u00fcnger Jesu?\"}]},{\"@type\":\"WebSite\",\"@id\":\"https:\/\/blog.holyart.it\/de\/#website\",\"url\":\"https:\/\/blog.holyart.it\/de\/\",\"name\":\"Holyart.de Blog\",\"description\":\"Holyblog\",\"publisher\":{\"@id\":\"https:\/\/blog.holyart.it\/de\/#organization\"},\"potentialAction\":[{\"@type\":\"SearchAction\",\"target\":{\"@type\":\"EntryPoint\",\"urlTemplate\":\"https:\/\/blog.holyart.it\/de\/?s={search_term_string}\"},\"query-input\":{\"@type\":\"PropertyValueSpecification\",\"valueRequired\":true,\"valueName\":\"search_term_string\"}}],\"inLanguage\":\"de\"},{\"@type\":\"Organization\",\"@id\":\"https:\/\/blog.holyart.it\/de\/#organization\",\"name\":\"Holyart.de Blog\",\"url\":\"https:\/\/blog.holyart.it\/de\/\",\"logo\":{\"@type\":\"ImageObject\",\"inLanguage\":\"de\",\"@id\":\"https:\/\/blog.holyart.it\/de\/#\/schema\/logo\/image\/\",\"url\":\"https:\/\/blog.holyart.it\/de\/wp-content\/uploads\/sites\/12\/2022\/12\/Holyart_Blog_Logo.jpg\",\"contentUrl\":\"https:\/\/blog.holyart.it\/de\/wp-content\/uploads\/sites\/12\/2022\/12\/Holyart_Blog_Logo.jpg\",\"width\":300,\"height\":50,\"caption\":\"Holyart.de Blog\"},\"image\":{\"@id\":\"https:\/\/blog.holyart.it\/de\/#\/schema\/logo\/image\/\"}},{\"@type\":\"Person\",\"@id\":\"https:\/\/blog.holyart.it\/de\/#\/schema\/person\/0a7b686e5af0f856ec1e390dd0baecda\",\"name\":\"Redazione\",\"image\":{\"@type\":\"ImageObject\",\"inLanguage\":\"de\",\"@id\":\"https:\/\/blog.holyart.it\/de\/#\/schema\/person\/image\/\",\"url\":\"https:\/\/secure.gravatar.com\/avatar\/f477da817f43e50d0af36abecd33e3edf826c68299714bdc1057dff3b113f516?s=96&d=mm&r=g\",\"contentUrl\":\"https:\/\/secure.gravatar.com\/avatar\/f477da817f43e50d0af36abecd33e3edf826c68299714bdc1057dff3b113f516?s=96&d=mm&r=g\",\"caption\":\"Redazione\"}}]}<\/script>\n<!-- \/ Yoast SEO plugin. -->","yoast_head_json":{"title":"Der geliebte J\u00fcnger: Wer war der \"geliebte\" J\u00fcnger Jesu? - Holyart.de Blog","description":"Johannes, der geliebte J\u00fcnger von Jesus. Als Fischer, wie seine Br\u00fcder Simon Petrus und Andreas, hatte er eine besondere Beziehung zu...","robots":{"index":"index","follow":"follow","max-snippet":"max-snippet:-1","max-image-preview":"max-image-preview:large","max-video-preview":"max-video-preview:-1"},"canonical":"https:\/\/blog.holyart.it\/de\/devotionalien\/der-geliebte-juenger-wer-war-der-geliebte-juenger-jesu\/","og_locale":"de_DE","og_type":"article","og_title":"Der geliebte J\u00fcnger: Wer war der \"geliebte\" J\u00fcnger Jesu? - Holyart.de Blog","og_description":"Johannes, der geliebte J\u00fcnger von Jesus. Als Fischer, wie seine Br\u00fcder Simon Petrus und Andreas, hatte er eine besondere Beziehung zu...","og_url":"https:\/\/blog.holyart.it\/de\/devotionalien\/der-geliebte-juenger-wer-war-der-geliebte-juenger-jesu\/","og_site_name":"Holyart.de Blog","article_published_time":"2024-04-10T08:00:01+00:00","article_modified_time":"2025-03-20T14:56:29+00:00","og_image":[{"width":1000,"height":666,"url":"https:\/\/blog.holyart.it\/de\/wp-content\/uploads\/sites\/12\/2024\/03\/Der-geliebte-Juenger-1.jpeg","type":"image\/jpeg"}],"author":"Redazione","twitter_card":"summary_large_image","twitter_misc":{"Verfasst von":"Redazione","Gesch\u00e4tzte Lesezeit":"8\u00a0Minuten"},"schema":{"@context":"https:\/\/schema.org","@graph":[{"@type":"Article","@id":"https:\/\/blog.holyart.it\/de\/devotionalien\/der-geliebte-juenger-wer-war-der-geliebte-juenger-jesu\/#article","isPartOf":{"@id":"https:\/\/blog.holyart.it\/de\/devotionalien\/der-geliebte-juenger-wer-war-der-geliebte-juenger-jesu\/"},"author":{"name":"Redazione","@id":"https:\/\/blog.holyart.it\/de\/#\/schema\/person\/0a7b686e5af0f856ec1e390dd0baecda"},"headline":"Der geliebte J\u00fcnger: Wer war der &#8222;geliebte&#8220; J\u00fcnger Jesu?","datePublished":"2024-04-10T08:00:01+00:00","dateModified":"2025-03-20T14:56:29+00:00","mainEntityOfPage":{"@id":"https:\/\/blog.holyart.it\/de\/devotionalien\/der-geliebte-juenger-wer-war-der-geliebte-juenger-jesu\/"},"wordCount":1198,"publisher":{"@id":"https:\/\/blog.holyart.it\/de\/#organization"},"image":{"@id":"https:\/\/blog.holyart.it\/de\/devotionalien\/der-geliebte-juenger-wer-war-der-geliebte-juenger-jesu\/#primaryimage"},"thumbnailUrl":"https:\/\/blog.holyart.it\/de\/wp-content\/uploads\/sites\/12\/2024\/03\/Der-geliebte-Juenger-1.jpeg","articleSection":["Religion"],"inLanguage":"de"},{"@type":"WebPage","@id":"https:\/\/blog.holyart.it\/de\/devotionalien\/der-geliebte-juenger-wer-war-der-geliebte-juenger-jesu\/","url":"https:\/\/blog.holyart.it\/de\/devotionalien\/der-geliebte-juenger-wer-war-der-geliebte-juenger-jesu\/","name":"Der geliebte J\u00fcnger: Wer war der \"geliebte\" J\u00fcnger Jesu? - Holyart.de Blog","isPartOf":{"@id":"https:\/\/blog.holyart.it\/de\/#website"},"primaryImageOfPage":{"@id":"https:\/\/blog.holyart.it\/de\/devotionalien\/der-geliebte-juenger-wer-war-der-geliebte-juenger-jesu\/#primaryimage"},"image":{"@id":"https:\/\/blog.holyart.it\/de\/devotionalien\/der-geliebte-juenger-wer-war-der-geliebte-juenger-jesu\/#primaryimage"},"thumbnailUrl":"https:\/\/blog.holyart.it\/de\/wp-content\/uploads\/sites\/12\/2024\/03\/Der-geliebte-Juenger-1.jpeg","datePublished":"2024-04-10T08:00:01+00:00","dateModified":"2025-03-20T14:56:29+00:00","description":"Johannes, der geliebte J\u00fcnger von Jesus. Als Fischer, wie seine Br\u00fcder Simon Petrus und Andreas, hatte er eine besondere Beziehung zu...","breadcrumb":{"@id":"https:\/\/blog.holyart.it\/de\/devotionalien\/der-geliebte-juenger-wer-war-der-geliebte-juenger-jesu\/#breadcrumb"},"inLanguage":"de","potentialAction":[{"@type":"ReadAction","target":["https:\/\/blog.holyart.it\/de\/devotionalien\/der-geliebte-juenger-wer-war-der-geliebte-juenger-jesu\/"]}]},{"@type":"ImageObject","inLanguage":"de","@id":"https:\/\/blog.holyart.it\/de\/devotionalien\/der-geliebte-juenger-wer-war-der-geliebte-juenger-jesu\/#primaryimage","url":"https:\/\/blog.holyart.it\/de\/wp-content\/uploads\/sites\/12\/2024\/03\/Der-geliebte-Juenger-1.jpeg","contentUrl":"https:\/\/blog.holyart.it\/de\/wp-content\/uploads\/sites\/12\/2024\/03\/Der-geliebte-Juenger-1.jpeg","width":1000,"height":666,"caption":"Der geliebte Juenger"},{"@type":"BreadcrumbList","@id":"https:\/\/blog.holyart.it\/de\/devotionalien\/der-geliebte-juenger-wer-war-der-geliebte-juenger-jesu\/#breadcrumb","itemListElement":[{"@type":"ListItem","position":1,"name":"Homepage","item":"https:\/\/blog.holyart.it\/de\/"},{"@type":"ListItem","position":2,"name":"Religion","item":"https:\/\/blog.holyart.it\/de\/devotionalien\/"},{"@type":"ListItem","position":3,"name":"Der geliebte J\u00fcnger: Wer war der &#8220;geliebte&#8221; J\u00fcnger Jesu?"}]},{"@type":"WebSite","@id":"https:\/\/blog.holyart.it\/de\/#website","url":"https:\/\/blog.holyart.it\/de\/","name":"Holyart.de Blog","description":"Holyblog","publisher":{"@id":"https:\/\/blog.holyart.it\/de\/#organization"},"potentialAction":[{"@type":"SearchAction","target":{"@type":"EntryPoint","urlTemplate":"https:\/\/blog.holyart.it\/de\/?s={search_term_string}"},"query-input":{"@type":"PropertyValueSpecification","valueRequired":true,"valueName":"search_term_string"}}],"inLanguage":"de"},{"@type":"Organization","@id":"https:\/\/blog.holyart.it\/de\/#organization","name":"Holyart.de Blog","url":"https:\/\/blog.holyart.it\/de\/","logo":{"@type":"ImageObject","inLanguage":"de","@id":"https:\/\/blog.holyart.it\/de\/#\/schema\/logo\/image\/","url":"https:\/\/blog.holyart.it\/de\/wp-content\/uploads\/sites\/12\/2022\/12\/Holyart_Blog_Logo.jpg","contentUrl":"https:\/\/blog.holyart.it\/de\/wp-content\/uploads\/sites\/12\/2022\/12\/Holyart_Blog_Logo.jpg","width":300,"height":50,"caption":"Holyart.de Blog"},"image":{"@id":"https:\/\/blog.holyart.it\/de\/#\/schema\/logo\/image\/"}},{"@type":"Person","@id":"https:\/\/blog.holyart.it\/de\/#\/schema\/person\/0a7b686e5af0f856ec1e390dd0baecda","name":"Redazione","image":{"@type":"ImageObject","inLanguage":"de","@id":"https:\/\/blog.holyart.it\/de\/#\/schema\/person\/image\/","url":"https:\/\/secure.gravatar.com\/avatar\/f477da817f43e50d0af36abecd33e3edf826c68299714bdc1057dff3b113f516?s=96&d=mm&r=g","contentUrl":"https:\/\/secure.gravatar.com\/avatar\/f477da817f43e50d0af36abecd33e3edf826c68299714bdc1057dff3b113f516?s=96&d=mm&r=g","caption":"Redazione"}}]}},"_links":{"self":[{"href":"https:\/\/blog.holyart.it\/de\/wp-json\/wp\/v2\/posts\/3904","targetHints":{"allow":["GET"]}}],"collection":[{"href":"https:\/\/blog.holyart.it\/de\/wp-json\/wp\/v2\/posts"}],"about":[{"href":"https:\/\/blog.holyart.it\/de\/wp-json\/wp\/v2\/types\/post"}],"author":[{"embeddable":true,"href":"https:\/\/blog.holyart.it\/de\/wp-json\/wp\/v2\/users\/1"}],"replies":[{"embeddable":true,"href":"https:\/\/blog.holyart.it\/de\/wp-json\/wp\/v2\/comments?post=3904"}],"version-history":[{"count":4,"href":"https:\/\/blog.holyart.it\/de\/wp-json\/wp\/v2\/posts\/3904\/revisions"}],"predecessor-version":[{"id":3916,"href":"https:\/\/blog.holyart.it\/de\/wp-json\/wp\/v2\/posts\/3904\/revisions\/3916"}],"wp:featuredmedia":[{"embeddable":true,"href":"https:\/\/blog.holyart.it\/de\/wp-json\/wp\/v2\/media\/3907"}],"wp:attachment":[{"href":"https:\/\/blog.holyart.it\/de\/wp-json\/wp\/v2\/media?parent=3904"}],"wp:term":[{"taxonomy":"category","embeddable":true,"href":"https:\/\/blog.holyart.it\/de\/wp-json\/wp\/v2\/categories?post=3904"},{"taxonomy":"post_tag","embeddable":true,"href":"https:\/\/blog.holyart.it\/de\/wp-json\/wp\/v2\/tags?post=3904"}],"curies":[{"name":"wp","href":"https:\/\/api.w.org\/{rel}","templated":true}]}}