{"id":3894,"date":"2024-04-08T10:00:05","date_gmt":"2024-04-08T08:00:05","guid":{"rendered":"https:\/\/blog.holyart.it\/de\/?p=3894"},"modified":"2026-02-18T15:47:39","modified_gmt":"2026-02-18T14:47:39","slug":"die-kinder-von-adam-und-eva-von-kain-und-abel-bis-zur-gesamten-menschheit","status":"publish","type":"post","link":"https:\/\/blog.holyart.it\/de\/devotionalien\/die-kinder-von-adam-und-eva-von-kain-und-abel-bis-zur-gesamten-menschheit\/","title":{"rendered":"Die Kinder von Adam und Eva: von Kain und Abel bis zur gesamten Menschheit"},"content":{"rendered":"<h4><em>Wer waren die Kinder von Adam und Eva und wie entstand die menschliche Rasse? So erz\u00e4hlt die Bibel von der Geburt der Menschheit<\/em><\/h4>\n<p>Bevor wir uns den Kindern <strong><a href=\"https:\/\/www.holyart.de\/blog\/devotionalien\/die-geschichte-von-adam-und-eva\/\">Adams und Evas<\/a><\/strong> und dem Ursprung der Menschheit zuwenden, sollten wir uns an ein grundlegendes Konzept erinnern, das manchmal aus den Augen verloren wird. Es w\u00e4re absurd, alles, was in der Heiligen Schrift steht, w\u00f6rtlich zu nehmen, besonders wenn es sich um die \u00e4ltesten B\u00fccher handelt. Es stimmt zwar, dass die Bibel von Gott inspiriert wurde, aber es stimmt auch, dass sie von Menschen geschrieben wurde, die die g\u00f6ttliche Botschaft so umgestalteten, dass sie in die Welt passte, in der sie lebten.<\/p>\n<div class=\"link-article\">\n<p><img loading=\"lazy\" decoding=\"async\" class=\"size-full wp-image-3896 alignleft\" src=\"https:\/\/blog.holyart.it\/de\/wp-content\/uploads\/sites\/12\/2024\/03\/Die-Geschichte-von-Adam-und-Eva.jpg\" alt=\"Die Geschichte von Adam und Eva\" width=\"150\" height=\"99\" data-kale-share-title=\"Die Kinder von Adam und Eva: Von Kain und Abel bis zur gesamten Menschheit\" data-kale-share-url=\"https:\/\/blog.holyart.it\/de\/?p=3894\" \/><\/p>\n<div class=\"leggi-anche\">Lesen Sie auch:<\/div>\n<p><strong><a href=\"https:\/\/www.holyart.de\/blog\/devotionalien\/die-geschichte-von-adam-und-eva\/\">Die Geschichte von Adam und Eva<\/a><\/strong><br \/>\nWer kennt die Geschichte von Adam und Eva nicht, dem ersten Mann und der ersten Frau? Aber sind wir so sicher, dass wir sie wirklich wissen? Lassen Sie uns gemeinsam die Geschichte aller Geschichten in Erinnerung rufen.<\/p>\n<\/div>\n<p>So ist die <strong>Genesis<\/strong> weder ein Geschichtsbuch noch eine wissenschaftliche Abhandlung. Sie enth\u00e4lt die <strong>gro\u00dfen Wahrheiten<\/strong>, die der j\u00fcdischen und christlichen Religion zugrunde liegen, inspiriert von Gott und erz\u00e4hlt von Menschen, die lange nach den darin erz\u00e4hlten \u201eFakten\u201c lebten. Was wir \u00fcber den Ursprung der Welt, die Erschaffung von Mann und Frau, den <strong><a href=\"https:\/\/www.holyart.de\/blog\/devotionalien\/die-bedeutung-des-baumes-des-lebens-2\/\">Baum des Lebens<\/a><\/strong>, der den ersten Menschen Unsterblichkeit verlieh und sie vor allem B\u00f6sen bewahrte, und den Baum der Erkenntnis verstehen m\u00fcssen, ist die Erbs\u00fcnde, die der Mensch aus freier Entscheidung beging, und all die Folgen, die sie mit sich brachte, die das Band zwischen Mensch und Gott zerrissen und das Kommen Jesu notwendig machten, um es auf der Grundlage eines neuen und dauerhafteren Bundes wiederherzustellen.<\/p>\n<div class=\"link-product\">\n<div class=\"blocco-immagine\"><img loading=\"lazy\" decoding=\"async\" class=\"size-full wp-image-3897 alignleft\" src=\"https:\/\/blog.holyart.it\/de\/wp-content\/uploads\/sites\/12\/2024\/03\/Baum-des-lebens.jpg\" alt=\"Baum des lebens\" width=\"100\" height=\"100\" data-kale-share-title=\"Die Kinder von Adam und Eva: Von Kain und Abel bis zur gesamten Menschheit\" data-kale-share-url=\"https:\/\/blog.holyart.it\/de\/?p=3894\" \/><\/div>\n<div class=\"blocco-contenuto\">\n<div class=\"blocco-acquista\">Einkaufen:<\/div>\n<div class=\"blocco-titolo\"><a href=\"https:\/\/www.holyart.de\/search?params=%7B%22search%22%3A%22baum%20des%20lebens%22%7D&amp;search_term=baum+des+lebens\">Artikeln mit dem Lebensbaum: Ikonen, Schmuck und Kreuze<\/a><\/div>\n<div class=\"blocco-descrizione\">Mehr als 300 verschiedenen Modelle der Statue der Gottesmutter findet man bei uns, in verschiedenen Kategorien je nach dem Material benutzt:<\/div>\n<\/div>\n<\/div>\n<p>Beginnen wir also mit <strong>Adam und Eva<\/strong> und ihren S\u00f6hnen <strong>Kain und Abel<\/strong>, aber auch mit <strong>Set<\/strong>, der kommen wird, um den verstorbenen Abel zu \u201eersetzen\u201c und die <strong>gesegnete Nachkommenschaft<\/strong> der Menschen zu geb\u00e4ren, im Gegensatz zu der <strong>verfluchten<\/strong> Nachkommenschaft, die von Kain, dem <em>Bruderm\u00f6rder<\/em>, erzeugt wurde.<\/p>\n<h2>Der Stammbaum von Adam und Eva<\/h2>\n<p>Ein interessanter Aspekt des <strong>Stammbaums von Adam und Eva<\/strong> ist, dass er davon ausgeht, dass sie nach ihrer Vertreibung aus dem irdischen Paradies in einer Welt lebten, die bereits von anderen M\u00e4nnern und Frauen bev\u00f6lkert war. Die Tatsache, dass zwei ihrer S\u00f6hne, <strong>Kain und Abel<\/strong>, Ackerbauern bzw. Viehz\u00fcchter waren, erlaubt es uns, das Leben der beiden Vorfahren der Menschheit in eine historische Periode einzuordnen, die der Jungsteinzeit entspricht, d. h. zwischen ca. 10000 v. Chr. und 3500 v. Chr., einer Zeit, die durch viele wichtige Neuerungen in der Steinbearbeitung sowie durch die Einf\u00fchrung der T\u00f6pferei, des Ackerbaus und der Viehzucht, aber auch durch echte Umw\u00e4lzungen in der Sozial- und Familienstruktur gekennzeichnet ist.<\/p>\n<p>Au\u00dfer Adam und Eva gab es also noch andere M\u00e4nner und Frauen, die viele Kinder hatten: \u201e<em>Nachdem er Set gezeugt hatte, lebte Adam noch achthundert Jahre und zeugte S\u00f6hne und T\u00f6chter. Das ganze Leben Adams betrug neunhundertdrei\u00dfig Jahre; dann starb er<\/em>\u201c (Gen 5,4-5). Die S\u00f6hne Adams und Evas waren also Kain, Abel und Set sowie viele andere, deren Namen wir nicht kennen.<\/p>\n<p><strong>Kain<\/strong>, der Bauer, lie\u00df sich nach der Ermordung Abels im Nordosten Edens nieder, heiratete seine Schwester Awan und gr\u00fcndete mit seinen verfluchten Nachkommen die ersten St\u00e4dte und lebte als Gottloser. Aus der Verbindung mit Awan wurde <strong>Henoch<\/strong> geboren.<\/p>\n<p>Gott veranlasste Adam im Alter von 130 Jahren, \u201e<em>einen Sohn nach seinem Bild und Gleichnis\u201c<\/em> (Gen 5,3) zu zeugen, <strong>Set<\/strong>, der bereits beschnitten geboren wurde und dessen gute und religi\u00f6se Nachkommen den gro\u00dfen g\u00f6ttlichen Plan weiterf\u00fchren sollten, der bis zu Noah und der Sintflut andauern sollte. Adam w\u00fcrde Set auch das geheime Wissen offenbaren, das sp\u00e4ter in der Kabbala, der esoterischen Lehre des rabbinischen Judentums, gesammelt wurde. Laut dem Buch der Jubil\u00e4en, einem nicht kanonischen Text aus dem 2. Jahrhundert, heiratete Set seine vier Jahre j\u00fcngere Schwester Azura und zeugte mit ihr <strong>Enos<\/strong>.<\/p>\n<h2>Kain und Abel<\/h2>\n<p>Aus den biblischen Berichten geht auch hervor, dass es unter den Menschen \u00fcblich war, <strong>Gott zu opfern<\/strong>: Abels Opfer, die aus Tieren bestanden, die er als Brandopfer darbrachte, waren Gott wohlgef\u00e4llig, w\u00e4hrend die Opfer Kains, der die Fr\u00fcchte seines Ackers opferte, es nicht waren.<\/p>\n<p>Um diese Vorliebe zu verstehen, m\u00fcssen wir uns auf die j\u00fcdische Kultur und Religion beziehen. Im <em>Levitikus<\/em> hei\u00dft es, dass nur Blut S\u00fcnden s\u00fchnen kann, denn <strong>Blut ist Leben<\/strong> (vgl. Lev 17,11) und ohne Blutvergie\u00dfen gibt es keine Vergebung (Hebr 9,22). Daher waren Tieropfer f\u00fcr Gott am annehmbarsten, die einzigen, die Erl\u00f6sung und Vers\u00f6hnung garantieren konnten.<\/p>\n<p>Einige Gelehrte haben in der Ermordung Abels durch seinen Bruder eine symbolische Deutung des Gegensatzes zwischen dem Leben der Menschen, die als Nomaden lebten, und dem der ersten Siedler, die sich der Kultivierung der Erde widmeten, gesehen.<\/p>\n<p>Eine letzte Bemerkung zu Kain. In der Genesis ist wieder von ihm und seinen Nachkommen die Rede:<\/p>\n<p>\u201e<em>Kain aber gesellte sich zu seinem Weibe, die ward schwanger und gebar Henoch und ward ein Baumeister einer Stadt, die er Henoch nannte, nach dem Namen seines Sohnes. Dem Henoch wurde Irad geboren; Irad zeugte Mekka, und Mekka zeugte Methusalem, und Methusalem zeugte Lamech. Lamech nahm sich zwei Frauen: die eine hie\u00df Ada und die andere Zilla. Die eine hie\u00df Ada, die andere Zilla. Ada gebar Jabal, <strong>den Vater derer, die in Zelten beim Vieh wohnen<\/strong>. Der Name seines Bruders war Iubal: <strong>er war der Vater aller Zither- und Fl\u00f6tenspieler<\/strong>. Zilla wiederum gebar Tubalkain, den Schmied, <strong>den Vater all derer, die mit Kupfer und Eisen arbeiten<\/strong>. Die Schwester von Tubalkain war Naama<\/em>.\u201c (Genesis, 17-24)<\/p>\n<p>Obwohl es positiv erscheinen mag, dass Kain der Ursprung dieser K\u00fcnstler und Arbeiter zugeschrieben wird, wird seine Entscheidung, <strong>St\u00e4dte zu bauen<\/strong>, in Wirklichkeit in einem negativen Licht gesehen, und er wird als Gr\u00fcnder einer Zivilisation gesehen, die aus Z\u00fcchtern, Musikern, Schmieden, aber vielleicht auch den \u201eT\u00f6chtern des Vergn\u00fcgens\u201c (Naama, die <em>Sch\u00f6ne<\/em> oder <em>Geliebte<\/em>) besteht, die sich dem pers\u00f6nlichen Gewinn, der Gewalt und der Verwirrung verschrieben haben, wie wir beim Bau des Turms von Babel sehen werden.<\/p>\n","protected":false},"excerpt":{"rendered":"<p>Wer waren die Kinder von Adam und Eva und wie entstand die menschliche Rasse? So erz\u00e4hlt die Bibel von der Geburt der Menschheit Bevor wir uns den Kindern Adams und Evas und dem Ursprung der Menschheit zuwenden, sollten wir uns an ein grundlegendes Konzept erinnern,&hellip;<\/p>\n","protected":false},"author":1,"featured_media":3895,"comment_status":"closed","ping_status":"open","sticky":false,"template":"","format":"standard","meta":{"_acf_changed":false,"footnotes":""},"categories":[10],"tags":[],"class_list":["post-3894","post","type-post","status-publish","format-standard","has-post-thumbnail","hentry","category-devotionalien"],"acf":[],"yoast_head":"<!-- This site is optimized with the Yoast SEO plugin v26.6 - https:\/\/yoast.com\/wordpress\/plugins\/seo\/ -->\n<title>Die Kinder von Adam und Eva: von Kain und Abel bis zur gesamten Menschheit - Holyart.de Blog<\/title>\n<meta name=\"description\" content=\"Wer waren die Kinder von Adam und Eva und wie entstand die menschliche Rasse? So erz\u00e4hlt die Bibel von der Geburt der Menschheit.\" \/>\n<meta name=\"robots\" content=\"index, follow, max-snippet:-1, max-image-preview:large, max-video-preview:-1\" \/>\n<link rel=\"canonical\" href=\"https:\/\/blog.holyart.it\/de\/devotionalien\/die-kinder-von-adam-und-eva-von-kain-und-abel-bis-zur-gesamten-menschheit\/\" \/>\n<meta property=\"og:locale\" content=\"de_DE\" \/>\n<meta property=\"og:type\" content=\"article\" \/>\n<meta property=\"og:title\" content=\"Die Kinder von Adam und Eva: von Kain und Abel bis zur gesamten Menschheit - Holyart.de Blog\" \/>\n<meta property=\"og:description\" content=\"Wer waren die Kinder von Adam und Eva und wie entstand die menschliche Rasse? So erz\u00e4hlt die Bibel von der Geburt der Menschheit.\" \/>\n<meta property=\"og:url\" content=\"https:\/\/blog.holyart.it\/de\/devotionalien\/die-kinder-von-adam-und-eva-von-kain-und-abel-bis-zur-gesamten-menschheit\/\" \/>\n<meta property=\"og:site_name\" content=\"Holyart.de Blog\" \/>\n<meta property=\"article:published_time\" content=\"2024-04-08T08:00:05+00:00\" \/>\n<meta property=\"article:modified_time\" content=\"2026-02-18T14:47:39+00:00\" \/>\n<meta property=\"og:image\" content=\"https:\/\/blog.holyart.it\/de\/wp-content\/uploads\/sites\/12\/2024\/03\/Die-Kinder-von-Adam-und-Eva-Von-Kain-und-Abel-bis-zur-gesamten-Menschheit.jpg\" \/>\n\t<meta property=\"og:image:width\" content=\"1000\" \/>\n\t<meta property=\"og:image:height\" content=\"666\" \/>\n\t<meta property=\"og:image:type\" content=\"image\/jpeg\" \/>\n<meta name=\"author\" content=\"Redazione\" \/>\n<meta name=\"twitter:card\" content=\"summary_large_image\" \/>\n<meta name=\"twitter:label1\" content=\"Verfasst von\" \/>\n\t<meta name=\"twitter:data1\" content=\"Redazione\" \/>\n\t<meta name=\"twitter:label2\" content=\"Gesch\u00e4tzte Lesezeit\" \/>\n\t<meta name=\"twitter:data2\" content=\"7\u00a0Minuten\" \/>\n<script type=\"application\/ld+json\" class=\"yoast-schema-graph\">{\"@context\":\"https:\/\/schema.org\",\"@graph\":[{\"@type\":\"Article\",\"@id\":\"https:\/\/blog.holyart.it\/de\/devotionalien\/die-kinder-von-adam-und-eva-von-kain-und-abel-bis-zur-gesamten-menschheit\/#article\",\"isPartOf\":{\"@id\":\"https:\/\/blog.holyart.it\/de\/devotionalien\/die-kinder-von-adam-und-eva-von-kain-und-abel-bis-zur-gesamten-menschheit\/\"},\"author\":{\"name\":\"Redazione\",\"@id\":\"https:\/\/blog.holyart.it\/de\/#\/schema\/person\/0a7b686e5af0f856ec1e390dd0baecda\"},\"headline\":\"Die Kinder von Adam und Eva: von Kain und Abel bis zur gesamten Menschheit\",\"datePublished\":\"2024-04-08T08:00:05+00:00\",\"dateModified\":\"2026-02-18T14:47:39+00:00\",\"mainEntityOfPage\":{\"@id\":\"https:\/\/blog.holyart.it\/de\/devotionalien\/die-kinder-von-adam-und-eva-von-kain-und-abel-bis-zur-gesamten-menschheit\/\"},\"wordCount\":1076,\"publisher\":{\"@id\":\"https:\/\/blog.holyart.it\/de\/#organization\"},\"image\":{\"@id\":\"https:\/\/blog.holyart.it\/de\/devotionalien\/die-kinder-von-adam-und-eva-von-kain-und-abel-bis-zur-gesamten-menschheit\/#primaryimage\"},\"thumbnailUrl\":\"https:\/\/blog.holyart.it\/de\/wp-content\/uploads\/sites\/12\/2024\/03\/Die-Kinder-von-Adam-und-Eva-Von-Kain-und-Abel-bis-zur-gesamten-Menschheit.jpg\",\"articleSection\":[\"Religion\"],\"inLanguage\":\"de\"},{\"@type\":\"WebPage\",\"@id\":\"https:\/\/blog.holyart.it\/de\/devotionalien\/die-kinder-von-adam-und-eva-von-kain-und-abel-bis-zur-gesamten-menschheit\/\",\"url\":\"https:\/\/blog.holyart.it\/de\/devotionalien\/die-kinder-von-adam-und-eva-von-kain-und-abel-bis-zur-gesamten-menschheit\/\",\"name\":\"Die Kinder von Adam und Eva: von Kain und Abel bis zur gesamten Menschheit - Holyart.de Blog\",\"isPartOf\":{\"@id\":\"https:\/\/blog.holyart.it\/de\/#website\"},\"primaryImageOfPage\":{\"@id\":\"https:\/\/blog.holyart.it\/de\/devotionalien\/die-kinder-von-adam-und-eva-von-kain-und-abel-bis-zur-gesamten-menschheit\/#primaryimage\"},\"image\":{\"@id\":\"https:\/\/blog.holyart.it\/de\/devotionalien\/die-kinder-von-adam-und-eva-von-kain-und-abel-bis-zur-gesamten-menschheit\/#primaryimage\"},\"thumbnailUrl\":\"https:\/\/blog.holyart.it\/de\/wp-content\/uploads\/sites\/12\/2024\/03\/Die-Kinder-von-Adam-und-Eva-Von-Kain-und-Abel-bis-zur-gesamten-Menschheit.jpg\",\"datePublished\":\"2024-04-08T08:00:05+00:00\",\"dateModified\":\"2026-02-18T14:47:39+00:00\",\"description\":\"Wer waren die Kinder von Adam und Eva und wie entstand die menschliche Rasse? So erz\u00e4hlt die Bibel von der Geburt der Menschheit.\",\"breadcrumb\":{\"@id\":\"https:\/\/blog.holyart.it\/de\/devotionalien\/die-kinder-von-adam-und-eva-von-kain-und-abel-bis-zur-gesamten-menschheit\/#breadcrumb\"},\"inLanguage\":\"de\",\"potentialAction\":[{\"@type\":\"ReadAction\",\"target\":[\"https:\/\/blog.holyart.it\/de\/devotionalien\/die-kinder-von-adam-und-eva-von-kain-und-abel-bis-zur-gesamten-menschheit\/\"]}]},{\"@type\":\"ImageObject\",\"inLanguage\":\"de\",\"@id\":\"https:\/\/blog.holyart.it\/de\/devotionalien\/die-kinder-von-adam-und-eva-von-kain-und-abel-bis-zur-gesamten-menschheit\/#primaryimage\",\"url\":\"https:\/\/blog.holyart.it\/de\/wp-content\/uploads\/sites\/12\/2024\/03\/Die-Kinder-von-Adam-und-Eva-Von-Kain-und-Abel-bis-zur-gesamten-Menschheit.jpg\",\"contentUrl\":\"https:\/\/blog.holyart.it\/de\/wp-content\/uploads\/sites\/12\/2024\/03\/Die-Kinder-von-Adam-und-Eva-Von-Kain-und-Abel-bis-zur-gesamten-Menschheit.jpg\",\"width\":1000,\"height\":666,\"caption\":\"Die Kinder von Adam und Eva: Von Kain und Abel bis zur gesamten Menschheit\"},{\"@type\":\"BreadcrumbList\",\"@id\":\"https:\/\/blog.holyart.it\/de\/devotionalien\/die-kinder-von-adam-und-eva-von-kain-und-abel-bis-zur-gesamten-menschheit\/#breadcrumb\",\"itemListElement\":[{\"@type\":\"ListItem\",\"position\":1,\"name\":\"Homepage\",\"item\":\"https:\/\/blog.holyart.it\/de\/\"},{\"@type\":\"ListItem\",\"position\":2,\"name\":\"Religion\",\"item\":\"https:\/\/blog.holyart.it\/de\/devotionalien\/\"},{\"@type\":\"ListItem\",\"position\":3,\"name\":\"Die Kinder von Adam und Eva: von Kain und Abel bis zur gesamten Menschheit\"}]},{\"@type\":\"WebSite\",\"@id\":\"https:\/\/blog.holyart.it\/de\/#website\",\"url\":\"https:\/\/blog.holyart.it\/de\/\",\"name\":\"Holyart.de Blog\",\"description\":\"Holyblog\",\"publisher\":{\"@id\":\"https:\/\/blog.holyart.it\/de\/#organization\"},\"potentialAction\":[{\"@type\":\"SearchAction\",\"target\":{\"@type\":\"EntryPoint\",\"urlTemplate\":\"https:\/\/blog.holyart.it\/de\/?s={search_term_string}\"},\"query-input\":{\"@type\":\"PropertyValueSpecification\",\"valueRequired\":true,\"valueName\":\"search_term_string\"}}],\"inLanguage\":\"de\"},{\"@type\":\"Organization\",\"@id\":\"https:\/\/blog.holyart.it\/de\/#organization\",\"name\":\"Holyart.de Blog\",\"url\":\"https:\/\/blog.holyart.it\/de\/\",\"logo\":{\"@type\":\"ImageObject\",\"inLanguage\":\"de\",\"@id\":\"https:\/\/blog.holyart.it\/de\/#\/schema\/logo\/image\/\",\"url\":\"https:\/\/blog.holyart.it\/de\/wp-content\/uploads\/sites\/12\/2022\/12\/Holyart_Blog_Logo.jpg\",\"contentUrl\":\"https:\/\/blog.holyart.it\/de\/wp-content\/uploads\/sites\/12\/2022\/12\/Holyart_Blog_Logo.jpg\",\"width\":300,\"height\":50,\"caption\":\"Holyart.de Blog\"},\"image\":{\"@id\":\"https:\/\/blog.holyart.it\/de\/#\/schema\/logo\/image\/\"}},{\"@type\":\"Person\",\"@id\":\"https:\/\/blog.holyart.it\/de\/#\/schema\/person\/0a7b686e5af0f856ec1e390dd0baecda\",\"name\":\"Redazione\",\"image\":{\"@type\":\"ImageObject\",\"inLanguage\":\"de\",\"@id\":\"https:\/\/blog.holyart.it\/de\/#\/schema\/person\/image\/\",\"url\":\"https:\/\/secure.gravatar.com\/avatar\/f477da817f43e50d0af36abecd33e3edf826c68299714bdc1057dff3b113f516?s=96&d=mm&r=g\",\"contentUrl\":\"https:\/\/secure.gravatar.com\/avatar\/f477da817f43e50d0af36abecd33e3edf826c68299714bdc1057dff3b113f516?s=96&d=mm&r=g\",\"caption\":\"Redazione\"}}]}<\/script>\n<!-- \/ Yoast SEO plugin. -->","yoast_head_json":{"title":"Die Kinder von Adam und Eva: von Kain und Abel bis zur gesamten Menschheit - Holyart.de Blog","description":"Wer waren die Kinder von Adam und Eva und wie entstand die menschliche Rasse? So erz\u00e4hlt die Bibel von der Geburt der Menschheit.","robots":{"index":"index","follow":"follow","max-snippet":"max-snippet:-1","max-image-preview":"max-image-preview:large","max-video-preview":"max-video-preview:-1"},"canonical":"https:\/\/blog.holyart.it\/de\/devotionalien\/die-kinder-von-adam-und-eva-von-kain-und-abel-bis-zur-gesamten-menschheit\/","og_locale":"de_DE","og_type":"article","og_title":"Die Kinder von Adam und Eva: von Kain und Abel bis zur gesamten Menschheit - Holyart.de Blog","og_description":"Wer waren die Kinder von Adam und Eva und wie entstand die menschliche Rasse? So erz\u00e4hlt die Bibel von der Geburt der Menschheit.","og_url":"https:\/\/blog.holyart.it\/de\/devotionalien\/die-kinder-von-adam-und-eva-von-kain-und-abel-bis-zur-gesamten-menschheit\/","og_site_name":"Holyart.de Blog","article_published_time":"2024-04-08T08:00:05+00:00","article_modified_time":"2026-02-18T14:47:39+00:00","og_image":[{"width":1000,"height":666,"url":"https:\/\/blog.holyart.it\/de\/wp-content\/uploads\/sites\/12\/2024\/03\/Die-Kinder-von-Adam-und-Eva-Von-Kain-und-Abel-bis-zur-gesamten-Menschheit.jpg","type":"image\/jpeg"}],"author":"Redazione","twitter_card":"summary_large_image","twitter_misc":{"Verfasst von":"Redazione","Gesch\u00e4tzte Lesezeit":"7\u00a0Minuten"},"schema":{"@context":"https:\/\/schema.org","@graph":[{"@type":"Article","@id":"https:\/\/blog.holyart.it\/de\/devotionalien\/die-kinder-von-adam-und-eva-von-kain-und-abel-bis-zur-gesamten-menschheit\/#article","isPartOf":{"@id":"https:\/\/blog.holyart.it\/de\/devotionalien\/die-kinder-von-adam-und-eva-von-kain-und-abel-bis-zur-gesamten-menschheit\/"},"author":{"name":"Redazione","@id":"https:\/\/blog.holyart.it\/de\/#\/schema\/person\/0a7b686e5af0f856ec1e390dd0baecda"},"headline":"Die Kinder von Adam und Eva: von Kain und Abel bis zur gesamten Menschheit","datePublished":"2024-04-08T08:00:05+00:00","dateModified":"2026-02-18T14:47:39+00:00","mainEntityOfPage":{"@id":"https:\/\/blog.holyart.it\/de\/devotionalien\/die-kinder-von-adam-und-eva-von-kain-und-abel-bis-zur-gesamten-menschheit\/"},"wordCount":1076,"publisher":{"@id":"https:\/\/blog.holyart.it\/de\/#organization"},"image":{"@id":"https:\/\/blog.holyart.it\/de\/devotionalien\/die-kinder-von-adam-und-eva-von-kain-und-abel-bis-zur-gesamten-menschheit\/#primaryimage"},"thumbnailUrl":"https:\/\/blog.holyart.it\/de\/wp-content\/uploads\/sites\/12\/2024\/03\/Die-Kinder-von-Adam-und-Eva-Von-Kain-und-Abel-bis-zur-gesamten-Menschheit.jpg","articleSection":["Religion"],"inLanguage":"de"},{"@type":"WebPage","@id":"https:\/\/blog.holyart.it\/de\/devotionalien\/die-kinder-von-adam-und-eva-von-kain-und-abel-bis-zur-gesamten-menschheit\/","url":"https:\/\/blog.holyart.it\/de\/devotionalien\/die-kinder-von-adam-und-eva-von-kain-und-abel-bis-zur-gesamten-menschheit\/","name":"Die Kinder von Adam und Eva: von Kain und Abel bis zur gesamten Menschheit - Holyart.de Blog","isPartOf":{"@id":"https:\/\/blog.holyart.it\/de\/#website"},"primaryImageOfPage":{"@id":"https:\/\/blog.holyart.it\/de\/devotionalien\/die-kinder-von-adam-und-eva-von-kain-und-abel-bis-zur-gesamten-menschheit\/#primaryimage"},"image":{"@id":"https:\/\/blog.holyart.it\/de\/devotionalien\/die-kinder-von-adam-und-eva-von-kain-und-abel-bis-zur-gesamten-menschheit\/#primaryimage"},"thumbnailUrl":"https:\/\/blog.holyart.it\/de\/wp-content\/uploads\/sites\/12\/2024\/03\/Die-Kinder-von-Adam-und-Eva-Von-Kain-und-Abel-bis-zur-gesamten-Menschheit.jpg","datePublished":"2024-04-08T08:00:05+00:00","dateModified":"2026-02-18T14:47:39+00:00","description":"Wer waren die Kinder von Adam und Eva und wie entstand die menschliche Rasse? So erz\u00e4hlt die Bibel von der Geburt der Menschheit.","breadcrumb":{"@id":"https:\/\/blog.holyart.it\/de\/devotionalien\/die-kinder-von-adam-und-eva-von-kain-und-abel-bis-zur-gesamten-menschheit\/#breadcrumb"},"inLanguage":"de","potentialAction":[{"@type":"ReadAction","target":["https:\/\/blog.holyart.it\/de\/devotionalien\/die-kinder-von-adam-und-eva-von-kain-und-abel-bis-zur-gesamten-menschheit\/"]}]},{"@type":"ImageObject","inLanguage":"de","@id":"https:\/\/blog.holyart.it\/de\/devotionalien\/die-kinder-von-adam-und-eva-von-kain-und-abel-bis-zur-gesamten-menschheit\/#primaryimage","url":"https:\/\/blog.holyart.it\/de\/wp-content\/uploads\/sites\/12\/2024\/03\/Die-Kinder-von-Adam-und-Eva-Von-Kain-und-Abel-bis-zur-gesamten-Menschheit.jpg","contentUrl":"https:\/\/blog.holyart.it\/de\/wp-content\/uploads\/sites\/12\/2024\/03\/Die-Kinder-von-Adam-und-Eva-Von-Kain-und-Abel-bis-zur-gesamten-Menschheit.jpg","width":1000,"height":666,"caption":"Die Kinder von Adam und Eva: Von Kain und Abel bis zur gesamten Menschheit"},{"@type":"BreadcrumbList","@id":"https:\/\/blog.holyart.it\/de\/devotionalien\/die-kinder-von-adam-und-eva-von-kain-und-abel-bis-zur-gesamten-menschheit\/#breadcrumb","itemListElement":[{"@type":"ListItem","position":1,"name":"Homepage","item":"https:\/\/blog.holyart.it\/de\/"},{"@type":"ListItem","position":2,"name":"Religion","item":"https:\/\/blog.holyart.it\/de\/devotionalien\/"},{"@type":"ListItem","position":3,"name":"Die Kinder von Adam und Eva: von Kain und Abel bis zur gesamten Menschheit"}]},{"@type":"WebSite","@id":"https:\/\/blog.holyart.it\/de\/#website","url":"https:\/\/blog.holyart.it\/de\/","name":"Holyart.de Blog","description":"Holyblog","publisher":{"@id":"https:\/\/blog.holyart.it\/de\/#organization"},"potentialAction":[{"@type":"SearchAction","target":{"@type":"EntryPoint","urlTemplate":"https:\/\/blog.holyart.it\/de\/?s={search_term_string}"},"query-input":{"@type":"PropertyValueSpecification","valueRequired":true,"valueName":"search_term_string"}}],"inLanguage":"de"},{"@type":"Organization","@id":"https:\/\/blog.holyart.it\/de\/#organization","name":"Holyart.de Blog","url":"https:\/\/blog.holyart.it\/de\/","logo":{"@type":"ImageObject","inLanguage":"de","@id":"https:\/\/blog.holyart.it\/de\/#\/schema\/logo\/image\/","url":"https:\/\/blog.holyart.it\/de\/wp-content\/uploads\/sites\/12\/2022\/12\/Holyart_Blog_Logo.jpg","contentUrl":"https:\/\/blog.holyart.it\/de\/wp-content\/uploads\/sites\/12\/2022\/12\/Holyart_Blog_Logo.jpg","width":300,"height":50,"caption":"Holyart.de Blog"},"image":{"@id":"https:\/\/blog.holyart.it\/de\/#\/schema\/logo\/image\/"}},{"@type":"Person","@id":"https:\/\/blog.holyart.it\/de\/#\/schema\/person\/0a7b686e5af0f856ec1e390dd0baecda","name":"Redazione","image":{"@type":"ImageObject","inLanguage":"de","@id":"https:\/\/blog.holyart.it\/de\/#\/schema\/person\/image\/","url":"https:\/\/secure.gravatar.com\/avatar\/f477da817f43e50d0af36abecd33e3edf826c68299714bdc1057dff3b113f516?s=96&d=mm&r=g","contentUrl":"https:\/\/secure.gravatar.com\/avatar\/f477da817f43e50d0af36abecd33e3edf826c68299714bdc1057dff3b113f516?s=96&d=mm&r=g","caption":"Redazione"}}]}},"_links":{"self":[{"href":"https:\/\/blog.holyart.it\/de\/wp-json\/wp\/v2\/posts\/3894","targetHints":{"allow":["GET"]}}],"collection":[{"href":"https:\/\/blog.holyart.it\/de\/wp-json\/wp\/v2\/posts"}],"about":[{"href":"https:\/\/blog.holyart.it\/de\/wp-json\/wp\/v2\/types\/post"}],"author":[{"embeddable":true,"href":"https:\/\/blog.holyart.it\/de\/wp-json\/wp\/v2\/users\/1"}],"replies":[{"embeddable":true,"href":"https:\/\/blog.holyart.it\/de\/wp-json\/wp\/v2\/comments?post=3894"}],"version-history":[{"count":2,"href":"https:\/\/blog.holyart.it\/de\/wp-json\/wp\/v2\/posts\/3894\/revisions"}],"predecessor-version":[{"id":3899,"href":"https:\/\/blog.holyart.it\/de\/wp-json\/wp\/v2\/posts\/3894\/revisions\/3899"}],"wp:featuredmedia":[{"embeddable":true,"href":"https:\/\/blog.holyart.it\/de\/wp-json\/wp\/v2\/media\/3895"}],"wp:attachment":[{"href":"https:\/\/blog.holyart.it\/de\/wp-json\/wp\/v2\/media?parent=3894"}],"wp:term":[{"taxonomy":"category","embeddable":true,"href":"https:\/\/blog.holyart.it\/de\/wp-json\/wp\/v2\/categories?post=3894"},{"taxonomy":"post_tag","embeddable":true,"href":"https:\/\/blog.holyart.it\/de\/wp-json\/wp\/v2\/tags?post=3894"}],"curies":[{"name":"wp","href":"https:\/\/api.w.org\/{rel}","templated":true}]}}