{"id":3873,"date":"2024-04-03T10:00:01","date_gmt":"2024-04-03T08:00:01","guid":{"rendered":"https:\/\/blog.holyart.it\/de\/?p=3873"},"modified":"2025-03-07T14:57:50","modified_gmt":"2025-03-07T13:57:50","slug":"marias-leben-nach-der-auferstehung-jesu","status":"publish","type":"post","link":"https:\/\/blog.holyart.it\/de\/devotionalien\/marias-leben-nach-der-auferstehung-jesu\/","title":{"rendered":"Marias Leben nach der Auferstehung Jesu"},"content":{"rendered":"<h4>Was geschah mit der Gottesmutter nach der Auferstehung Jesu? Wir erforschen das Leben Marias anhand der Evangelien bis zum Tag ihrer Aufnahme in den Himmel<\/h4>\n<p>Was geschah mit Maria, der <strong><a href=\"https:\/\/www.holyart.de\/produkte\/statuen-madonna.php\">Mutter von Jesus<\/a><\/strong>, nach dem Tod und der Auferstehung ihres Sohnes? Die Evangelien erz\u00e4hlen uns nicht viel dar\u00fcber, nur ein paar Hinweise, die es uns erm\u00f6glichen, Marias Leben nach den tragischen Ereignissen in Jerusalem teilweise zu rekonstruieren. Die sp\u00e4tere \u00dcberlieferung hat versucht, ihre Bewegungen auf mehr oder weniger fantasievolle Weise zu rekonstruieren. Wenn wir uns an die Heilige Schrift halten, m\u00fcssen wir davon ausgehen, dass die Gottesmutter mit den Aposteln und insbesondere mit dem <strong>Apostel Johannes<\/strong>, dem Jesus sie im Sterben anvertraut hatte, in dieser Stadt blieb. Im Evangelium desselben Johannes lesen wir: \u201e<em>Als nun Jesus seine Mutter sah und neben ihr den J\u00fcnger, den er liebte, sagte er zu seiner Mutter: Frau, siehe, dein Sohn! Dann sagte er zu dem J\u00fcnger: \u201eSiehe, deine Mutter!\u201c Und von dem Augenblick an nahm der J\u00fcnger sie in sein Haus auf<\/em>.\u201c (Joh 19,26-27).<\/p>\n<div class=\"link-product\">\n<div class=\"blocco-immagine\"><img loading=\"lazy\" decoding=\"async\" class=\"size-full wp-image-3876 alignleft\" src=\"https:\/\/blog.holyart.it\/de\/wp-content\/uploads\/sites\/12\/2024\/03\/Statuen-Madonna.jpg\" alt=\"Statuen Madonna\" width=\"100\" height=\"100\" data-kale-share-title=\"Marias Leben nach der Auferstehung Jesu\" data-kale-share-url=\"https:\/\/blog.holyart.it\/de\/?p=3873\" \/><\/div>\n<div class=\"blocco-contenuto\">\n<div class=\"blocco-acquista\">Einkaufen:<\/div>\n<div class=\"blocco-titolo\"><a href=\"https:\/\/www.holyart.de\/produkte\/statuen-madonna.php\">Statuen Madonna<\/a><\/div>\n<div class=\"blocco-descrizione\">Mehr als 300 verschiedenen Modelle der Statue der Gottesmutter findet man bei uns&#8230;<\/div>\n<\/div>\n<\/div>\n<p>Aus dieser Passage ergeben sich zwei Hinweise: Maria wohnte bei dem <u>Lieblingsj\u00fcnger Jesu<\/u>, dem <strong>Apostel Johannes<\/strong>, dem Bruder der Apostel Simon Petrus und Andreas, dem Verfasser des vierten Evangeliums, und vermutlich lie\u00dfen sie sich in der <strong>Stadt Ephesus<\/strong> nieder, wo sich Johannes niederlie\u00df. Nach den Berichten von Iren\u00e4us von Lyon und Polykrates von Ephesus zog Johannes nach einem kurzen Aufenthalt auf der Insel Patmos nach Ephesus in der heutigen T\u00fcrkei und lie\u00df sich in einem Haus auf einem unbewohnten H\u00fcgel nieder. Als die Zeit kam, in der er sterben sollte, warnte ihn der Herr, und Johannes grub ein Grab in Form eines Kreuzes und legte sich darin nieder. In dieser Grube verschwand er, umh\u00fcllt von einem gro\u00dfen Licht und einem s\u00fc\u00dfen Wohlgeruch. Seine J\u00fcnger begruben ihn, aber sie sagten, dass sich in den folgenden Tagen die Erde auf dem Grab weiter erhob, als w\u00fcrde sie von einem Hauch bewegt. Daher der Name des H\u00fcgels: <em>aya soluk<\/em>, \u201eheiliger Atem\u201c.<\/p>\n<p>Doch bevor sie nach Ephesus kamen, blieben <strong>Maria und Johannes<\/strong> mit den anderen Aposteln bis zum Pfingsttag <strong>in Jerusalem<\/strong>. In der <em>Apostelgeschichte<\/em> (Apg 2,1-11) lesen wir die Episode: Maria und alle Apostel befanden sich am selben Ort, als \u201e<em>pl\u00f6tzlich ein Brausen vom Himmel kam, wie von einem rauschenden Wind, und es erf\u00fcllte das ganze Haus, in dem sie waren. Und es erschienen ihnen Zungen wie Feuerzungen, und sie wurden alle mit dem Heiligen Geist erf\u00fcllt und fingen an, in anderen Sprachen zu reden, wie der Geist ihnen Kraft zum Reden gab<\/em>.\u201c Wir k\u00f6nnen behaupten, dass Maria <strong>das Herzst\u00fcck von Pfingsten<\/strong> ist, sie, die immer f\u00fcr die Menschen bei Gott F\u00fcrsprache eingelegt hat, und die an der Herabkunft des Heiligen Geistes teilnimmt, fast wie ein Katalysator, der durch seine Gnade die Einsetzung der Apostel und die Verhei\u00dfung der Hoffnung f\u00fcr alle Menschen erm\u00f6glicht hat.<\/p>\n<h2>Marias Haus in Ephesus<\/h2>\n<p>Das Haus der Muttergottes stand in Ephesus. Zumindest wird vermutet, dass Maria, die Mutter Gottes, in ihren sp\u00e4teren Jahren tats\u00e4chlich in dieser Stadt lebte. Tats\u00e4chlich gibt es in Ephesus eine Kultst\u00e4tte, <strong>das Haus Mariens<\/strong>, auf T\u00fcrkisch <em>Meryem Ana Evi<\/em>, das jedes Jahr von mindestens 1 Million Pilgern besucht wird, sowohl von Christen als auch von Muslimen. Entdeckt wurde es Ende des 19. Jahrhunderts von einem Forschungsteam aus Ordensleuten und Laien unter der Leitung von Schwester Marie de Mandat-Grancey, einer franz\u00f6sischen Nonne, die Maria verehrte und davon besessen war, den Ort zu finden, an dem sie lebte. Sie ging von den Hinweisen der deutschen Mystikerin <strong>Anna Katerina Emmerick<\/strong> aus, die Visionen \u00fcber Maria und Johannes und ihr Leben nach <a href=\"https:\/\/www.holyart.de\/blog\/devotionalien\/die-geschichte-jesu-die-wichtigsten-ereignisse-in-seinem-leben\/\"><strong>der Auferstehung Jesu<\/strong><\/a> gehabt hatte. In einem Buch, das 1852 in M\u00fcnchen ver\u00f6ffentlicht wurde, hatte die Mystikerin berichtet, dass sie das Haus gesehen hatte, das aus rechteckigen Steinen mit gro\u00dfen Fenstern bestand und in zwei Teile gegliedert war, wobei sich die Feuerstelle in der Mitte befand. Anna Katerina Emmerick hatte auch erz\u00e4hlt, wo das Haus stand: \u201e<em>Maria wohnte nicht genau in Ephesus, sondern in einem Nachbardorf. Die Wohnung Marias lag auf einem H\u00fcgel links der Stra\u00dfe in Richtung Jerusalem, etwa dreieinhalb Stunden von Ephesus entfernt. Dieser H\u00fcgel verj\u00fcngt sich steil, wenn man sich Ephesus zuwendet; wenn man sich von S\u00fcdosten n\u00e4hert, scheint die Stadt auf einer Anh\u00f6he zu liegen&#8230; Schmale Pfade in s\u00fcdlicher Richtung f\u00fchren zu einem H\u00fcgel, auf dessen Gipfel sich ein unregelm\u00e4\u00dfiges Plateau befindet, etwa eine halbe Stunde von Ephesus entfernt<\/em>.\u201c<\/p>\n<div class=\"link-article\">\n<p><img loading=\"lazy\" decoding=\"async\" class=\"size-full wp-image-3880 alignleft\" src=\"https:\/\/blog.holyart.it\/de\/wp-content\/uploads\/sites\/12\/2024\/03\/Die-Geschichte-Jesu.jpg\" alt=\"Die Geschichte Jesu\" width=\"150\" height=\"99\" data-kale-share-title=\"Marias Leben nach der Auferstehung Jesu\" data-kale-share-url=\"https:\/\/blog.holyart.it\/de\/?p=3873\" \/><\/p>\n<div class=\"leggi-anche\">Lesen Sie auch:<\/div>\n<p><strong><a href=\"https:\/\/www.holyart.de\/blog\/devotionalien\/die-geschichte-jesu-die-wichtigsten-ereignisse-in-seinem-leben\/\">Die Geschichte Jesu: die wichtigsten Ereignisse in seinem Leben<\/a><\/strong><br \/>\nDie Geschichte Jesu, zwischen Evangelium, historischer Realit\u00e4t&#8230;<\/p>\n<\/div>\n<p>Die Mystikerin <strong>Maria Valtorta<\/strong> behauptete ebenfalls, detaillierte Visionen und Gespr\u00e4che mit Maria und Jesus gehabt zu haben. Schwester Marie verglich die Schriften der beiden Frauen und folgte den darin enthaltenen Hinweisen und entdeckte den Ort, an dem Marias Haus stand, auf einem H\u00fcgel au\u00dferhalb der Stadt. Einige Jahre zuvor hatte der franz\u00f6sische Priester Julien Gouyet hier bereits die \u00dcberreste eines Geb\u00e4udes gefunden, das er mit der Geschichte Marias in Verbindung brachte. Bei Ausgrabungen wurden die \u00dcberreste eines Hauses aus dem 1. Jahrhundert freigelegt, auf dem im 5. Jahrhundert die erste, Maria geweihte Basilika errichtet worden war. Die Einheimischen nannten diese Ruinen <em>Panaya Kapulu<\/em>, \u201eTor der Jungfrau\u201c. Die Nonne kaufte das Land, das sofort zu <a href=\"https:\/\/www.holyart.de\/blog\/devotionalien\/5-pilgerorte-die-man-mindestens-einmal-im-leben-besuchen-sollte\/\"><strong>einem Ziel f\u00fcr Wallfahrten<\/strong><\/a> und sogar f\u00fcr den vollkommenen Ablass auf Gehei\u00df von Papst Johannes XXIII. und anderen P\u00e4psten nach ihm wurde.<\/p>\n<div class=\"link-article\">\n<p><img loading=\"lazy\" decoding=\"async\" class=\"size-full wp-image-3885 alignleft\" src=\"https:\/\/blog.holyart.it\/de\/wp-content\/uploads\/sites\/12\/2024\/03\/5-Pilgerorte.jpeg\" alt=\"5 Pilgerorte, die man mindestens einmal im Leben besuchen sollte\" width=\"150\" height=\"99\" data-kale-share-title=\"Marias Leben nach der Auferstehung Jesu\" data-kale-share-url=\"https:\/\/blog.holyart.it\/de\/?p=3873\" \/><\/p>\n<div class=\"leggi-anche\">Lesen Sie auch:<\/div>\n<p><strong><a href=\"https:\/\/www.holyart.de\/blog\/devotionalien\/5-pilgerorte-die-man-mindestens-einmal-im-leben-besuchen-sollte\/\">5 Pilgerorte, die man mindestens einmal im Leben besuchen sollte<\/a><\/strong><br \/>\nGottes Handeln auf dieser Erde hinterl\u00e4sst eine starke Spur&#8230;<\/p>\n<\/div>\n<p>Meta description: Wo lebte die Muttergottes nach der Auferstehung Jesu? Die Evangelien geben kurze Einblicke in das Leben Marias in ihren sp\u00e4teren Jahren. In Ephesus ist ihr Zuhause<\/p>\n","protected":false},"excerpt":{"rendered":"<p>Was geschah mit der Gottesmutter nach der Auferstehung Jesu? Wir erforschen das Leben Marias anhand der Evangelien bis zum Tag ihrer Aufnahme in den Himmel Was geschah mit Maria, der Mutter von Jesus, nach dem Tod und der Auferstehung ihres Sohnes? Die Evangelien erz\u00e4hlen uns&hellip;<\/p>\n","protected":false},"author":1,"featured_media":3875,"comment_status":"closed","ping_status":"open","sticky":false,"template":"","format":"standard","meta":{"_acf_changed":false,"footnotes":""},"categories":[18,10],"tags":[],"class_list":["post-3873","post","type-post","status-publish","format-standard","has-post-thumbnail","hentry","category-ostern","category-devotionalien"],"acf":[],"yoast_head":"<!-- This site is optimized with the Yoast SEO plugin v26.6 - https:\/\/yoast.com\/wordpress\/plugins\/seo\/ -->\n<title>Marias Leben nach der Auferstehung Jesu - Holyart.de Blog<\/title>\n<meta name=\"description\" content=\"Was geschah mit der Gottesmutter nach der Auferstehung Jesu? Wir erforschen das Leben Marias anhand der Evangelien...\" \/>\n<meta name=\"robots\" content=\"index, follow, max-snippet:-1, max-image-preview:large, max-video-preview:-1\" \/>\n<link rel=\"canonical\" href=\"https:\/\/blog.holyart.it\/de\/devotionalien\/marias-leben-nach-der-auferstehung-jesu\/\" \/>\n<meta property=\"og:locale\" content=\"de_DE\" \/>\n<meta property=\"og:type\" content=\"article\" \/>\n<meta property=\"og:title\" content=\"Marias Leben nach der Auferstehung Jesu - Holyart.de Blog\" \/>\n<meta property=\"og:description\" content=\"Was geschah mit der Gottesmutter nach der Auferstehung Jesu? Wir erforschen das Leben Marias anhand der Evangelien...\" \/>\n<meta property=\"og:url\" content=\"https:\/\/blog.holyart.it\/de\/devotionalien\/marias-leben-nach-der-auferstehung-jesu\/\" \/>\n<meta property=\"og:site_name\" content=\"Holyart.de Blog\" \/>\n<meta property=\"article:published_time\" content=\"2024-04-03T08:00:01+00:00\" \/>\n<meta property=\"article:modified_time\" content=\"2025-03-07T13:57:50+00:00\" \/>\n<meta property=\"og:image\" content=\"https:\/\/blog.holyart.it\/de\/wp-content\/uploads\/sites\/12\/2024\/03\/Marias-Leben-nach-der-Auferstehung-Jesu.jpg\" \/>\n\t<meta property=\"og:image:width\" content=\"1000\" \/>\n\t<meta property=\"og:image:height\" content=\"666\" \/>\n\t<meta property=\"og:image:type\" content=\"image\/jpeg\" \/>\n<meta name=\"author\" content=\"Redazione\" \/>\n<meta name=\"twitter:card\" content=\"summary_large_image\" \/>\n<meta name=\"twitter:label1\" content=\"Verfasst von\" \/>\n\t<meta name=\"twitter:data1\" content=\"Redazione\" \/>\n\t<meta name=\"twitter:label2\" content=\"Gesch\u00e4tzte Lesezeit\" \/>\n\t<meta name=\"twitter:data2\" content=\"7\u00a0Minuten\" \/>\n<script type=\"application\/ld+json\" class=\"yoast-schema-graph\">{\"@context\":\"https:\/\/schema.org\",\"@graph\":[{\"@type\":\"Article\",\"@id\":\"https:\/\/blog.holyart.it\/de\/devotionalien\/marias-leben-nach-der-auferstehung-jesu\/#article\",\"isPartOf\":{\"@id\":\"https:\/\/blog.holyart.it\/de\/devotionalien\/marias-leben-nach-der-auferstehung-jesu\/\"},\"author\":{\"name\":\"Redazione\",\"@id\":\"https:\/\/blog.holyart.it\/de\/#\/schema\/person\/0a7b686e5af0f856ec1e390dd0baecda\"},\"headline\":\"Marias Leben nach der Auferstehung Jesu\",\"datePublished\":\"2024-04-03T08:00:01+00:00\",\"dateModified\":\"2025-03-07T13:57:50+00:00\",\"mainEntityOfPage\":{\"@id\":\"https:\/\/blog.holyart.it\/de\/devotionalien\/marias-leben-nach-der-auferstehung-jesu\/\"},\"wordCount\":1007,\"publisher\":{\"@id\":\"https:\/\/blog.holyart.it\/de\/#organization\"},\"image\":{\"@id\":\"https:\/\/blog.holyart.it\/de\/devotionalien\/marias-leben-nach-der-auferstehung-jesu\/#primaryimage\"},\"thumbnailUrl\":\"https:\/\/blog.holyart.it\/de\/wp-content\/uploads\/sites\/12\/2024\/03\/Marias-Leben-nach-der-Auferstehung-Jesu.jpg\",\"articleSection\":[\"Ostern\",\"Religion\"],\"inLanguage\":\"de\"},{\"@type\":\"WebPage\",\"@id\":\"https:\/\/blog.holyart.it\/de\/devotionalien\/marias-leben-nach-der-auferstehung-jesu\/\",\"url\":\"https:\/\/blog.holyart.it\/de\/devotionalien\/marias-leben-nach-der-auferstehung-jesu\/\",\"name\":\"Marias Leben nach der Auferstehung Jesu - Holyart.de Blog\",\"isPartOf\":{\"@id\":\"https:\/\/blog.holyart.it\/de\/#website\"},\"primaryImageOfPage\":{\"@id\":\"https:\/\/blog.holyart.it\/de\/devotionalien\/marias-leben-nach-der-auferstehung-jesu\/#primaryimage\"},\"image\":{\"@id\":\"https:\/\/blog.holyart.it\/de\/devotionalien\/marias-leben-nach-der-auferstehung-jesu\/#primaryimage\"},\"thumbnailUrl\":\"https:\/\/blog.holyart.it\/de\/wp-content\/uploads\/sites\/12\/2024\/03\/Marias-Leben-nach-der-Auferstehung-Jesu.jpg\",\"datePublished\":\"2024-04-03T08:00:01+00:00\",\"dateModified\":\"2025-03-07T13:57:50+00:00\",\"description\":\"Was geschah mit der Gottesmutter nach der Auferstehung Jesu? Wir erforschen das Leben Marias anhand der Evangelien...\",\"breadcrumb\":{\"@id\":\"https:\/\/blog.holyart.it\/de\/devotionalien\/marias-leben-nach-der-auferstehung-jesu\/#breadcrumb\"},\"inLanguage\":\"de\",\"potentialAction\":[{\"@type\":\"ReadAction\",\"target\":[\"https:\/\/blog.holyart.it\/de\/devotionalien\/marias-leben-nach-der-auferstehung-jesu\/\"]}]},{\"@type\":\"ImageObject\",\"inLanguage\":\"de\",\"@id\":\"https:\/\/blog.holyart.it\/de\/devotionalien\/marias-leben-nach-der-auferstehung-jesu\/#primaryimage\",\"url\":\"https:\/\/blog.holyart.it\/de\/wp-content\/uploads\/sites\/12\/2024\/03\/Marias-Leben-nach-der-Auferstehung-Jesu.jpg\",\"contentUrl\":\"https:\/\/blog.holyart.it\/de\/wp-content\/uploads\/sites\/12\/2024\/03\/Marias-Leben-nach-der-Auferstehung-Jesu.jpg\",\"width\":1000,\"height\":666,\"caption\":\"Marias Leben nach der Auferstehung Jesu\"},{\"@type\":\"BreadcrumbList\",\"@id\":\"https:\/\/blog.holyart.it\/de\/devotionalien\/marias-leben-nach-der-auferstehung-jesu\/#breadcrumb\",\"itemListElement\":[{\"@type\":\"ListItem\",\"position\":1,\"name\":\"Homepage\",\"item\":\"https:\/\/blog.holyart.it\/de\/\"},{\"@type\":\"ListItem\",\"position\":2,\"name\":\"Religion\",\"item\":\"https:\/\/blog.holyart.it\/de\/devotionalien\/\"},{\"@type\":\"ListItem\",\"position\":3,\"name\":\"Marias Leben nach der Auferstehung Jesu\"}]},{\"@type\":\"WebSite\",\"@id\":\"https:\/\/blog.holyart.it\/de\/#website\",\"url\":\"https:\/\/blog.holyart.it\/de\/\",\"name\":\"Holyart.de Blog\",\"description\":\"Holyblog\",\"publisher\":{\"@id\":\"https:\/\/blog.holyart.it\/de\/#organization\"},\"potentialAction\":[{\"@type\":\"SearchAction\",\"target\":{\"@type\":\"EntryPoint\",\"urlTemplate\":\"https:\/\/blog.holyart.it\/de\/?s={search_term_string}\"},\"query-input\":{\"@type\":\"PropertyValueSpecification\",\"valueRequired\":true,\"valueName\":\"search_term_string\"}}],\"inLanguage\":\"de\"},{\"@type\":\"Organization\",\"@id\":\"https:\/\/blog.holyart.it\/de\/#organization\",\"name\":\"Holyart.de Blog\",\"url\":\"https:\/\/blog.holyart.it\/de\/\",\"logo\":{\"@type\":\"ImageObject\",\"inLanguage\":\"de\",\"@id\":\"https:\/\/blog.holyart.it\/de\/#\/schema\/logo\/image\/\",\"url\":\"https:\/\/blog.holyart.it\/de\/wp-content\/uploads\/sites\/12\/2022\/12\/Holyart_Blog_Logo.jpg\",\"contentUrl\":\"https:\/\/blog.holyart.it\/de\/wp-content\/uploads\/sites\/12\/2022\/12\/Holyart_Blog_Logo.jpg\",\"width\":300,\"height\":50,\"caption\":\"Holyart.de Blog\"},\"image\":{\"@id\":\"https:\/\/blog.holyart.it\/de\/#\/schema\/logo\/image\/\"}},{\"@type\":\"Person\",\"@id\":\"https:\/\/blog.holyart.it\/de\/#\/schema\/person\/0a7b686e5af0f856ec1e390dd0baecda\",\"name\":\"Redazione\",\"image\":{\"@type\":\"ImageObject\",\"inLanguage\":\"de\",\"@id\":\"https:\/\/blog.holyart.it\/de\/#\/schema\/person\/image\/\",\"url\":\"https:\/\/secure.gravatar.com\/avatar\/f477da817f43e50d0af36abecd33e3edf826c68299714bdc1057dff3b113f516?s=96&d=mm&r=g\",\"contentUrl\":\"https:\/\/secure.gravatar.com\/avatar\/f477da817f43e50d0af36abecd33e3edf826c68299714bdc1057dff3b113f516?s=96&d=mm&r=g\",\"caption\":\"Redazione\"}}]}<\/script>\n<!-- \/ Yoast SEO plugin. -->","yoast_head_json":{"title":"Marias Leben nach der Auferstehung Jesu - Holyart.de Blog","description":"Was geschah mit der Gottesmutter nach der Auferstehung Jesu? Wir erforschen das Leben Marias anhand der Evangelien...","robots":{"index":"index","follow":"follow","max-snippet":"max-snippet:-1","max-image-preview":"max-image-preview:large","max-video-preview":"max-video-preview:-1"},"canonical":"https:\/\/blog.holyart.it\/de\/devotionalien\/marias-leben-nach-der-auferstehung-jesu\/","og_locale":"de_DE","og_type":"article","og_title":"Marias Leben nach der Auferstehung Jesu - Holyart.de Blog","og_description":"Was geschah mit der Gottesmutter nach der Auferstehung Jesu? Wir erforschen das Leben Marias anhand der Evangelien...","og_url":"https:\/\/blog.holyart.it\/de\/devotionalien\/marias-leben-nach-der-auferstehung-jesu\/","og_site_name":"Holyart.de Blog","article_published_time":"2024-04-03T08:00:01+00:00","article_modified_time":"2025-03-07T13:57:50+00:00","og_image":[{"width":1000,"height":666,"url":"https:\/\/blog.holyart.it\/de\/wp-content\/uploads\/sites\/12\/2024\/03\/Marias-Leben-nach-der-Auferstehung-Jesu.jpg","type":"image\/jpeg"}],"author":"Redazione","twitter_card":"summary_large_image","twitter_misc":{"Verfasst von":"Redazione","Gesch\u00e4tzte Lesezeit":"7\u00a0Minuten"},"schema":{"@context":"https:\/\/schema.org","@graph":[{"@type":"Article","@id":"https:\/\/blog.holyart.it\/de\/devotionalien\/marias-leben-nach-der-auferstehung-jesu\/#article","isPartOf":{"@id":"https:\/\/blog.holyart.it\/de\/devotionalien\/marias-leben-nach-der-auferstehung-jesu\/"},"author":{"name":"Redazione","@id":"https:\/\/blog.holyart.it\/de\/#\/schema\/person\/0a7b686e5af0f856ec1e390dd0baecda"},"headline":"Marias Leben nach der Auferstehung Jesu","datePublished":"2024-04-03T08:00:01+00:00","dateModified":"2025-03-07T13:57:50+00:00","mainEntityOfPage":{"@id":"https:\/\/blog.holyart.it\/de\/devotionalien\/marias-leben-nach-der-auferstehung-jesu\/"},"wordCount":1007,"publisher":{"@id":"https:\/\/blog.holyart.it\/de\/#organization"},"image":{"@id":"https:\/\/blog.holyart.it\/de\/devotionalien\/marias-leben-nach-der-auferstehung-jesu\/#primaryimage"},"thumbnailUrl":"https:\/\/blog.holyart.it\/de\/wp-content\/uploads\/sites\/12\/2024\/03\/Marias-Leben-nach-der-Auferstehung-Jesu.jpg","articleSection":["Ostern","Religion"],"inLanguage":"de"},{"@type":"WebPage","@id":"https:\/\/blog.holyart.it\/de\/devotionalien\/marias-leben-nach-der-auferstehung-jesu\/","url":"https:\/\/blog.holyart.it\/de\/devotionalien\/marias-leben-nach-der-auferstehung-jesu\/","name":"Marias Leben nach der Auferstehung Jesu - Holyart.de Blog","isPartOf":{"@id":"https:\/\/blog.holyart.it\/de\/#website"},"primaryImageOfPage":{"@id":"https:\/\/blog.holyart.it\/de\/devotionalien\/marias-leben-nach-der-auferstehung-jesu\/#primaryimage"},"image":{"@id":"https:\/\/blog.holyart.it\/de\/devotionalien\/marias-leben-nach-der-auferstehung-jesu\/#primaryimage"},"thumbnailUrl":"https:\/\/blog.holyart.it\/de\/wp-content\/uploads\/sites\/12\/2024\/03\/Marias-Leben-nach-der-Auferstehung-Jesu.jpg","datePublished":"2024-04-03T08:00:01+00:00","dateModified":"2025-03-07T13:57:50+00:00","description":"Was geschah mit der Gottesmutter nach der Auferstehung Jesu? Wir erforschen das Leben Marias anhand der Evangelien...","breadcrumb":{"@id":"https:\/\/blog.holyart.it\/de\/devotionalien\/marias-leben-nach-der-auferstehung-jesu\/#breadcrumb"},"inLanguage":"de","potentialAction":[{"@type":"ReadAction","target":["https:\/\/blog.holyart.it\/de\/devotionalien\/marias-leben-nach-der-auferstehung-jesu\/"]}]},{"@type":"ImageObject","inLanguage":"de","@id":"https:\/\/blog.holyart.it\/de\/devotionalien\/marias-leben-nach-der-auferstehung-jesu\/#primaryimage","url":"https:\/\/blog.holyart.it\/de\/wp-content\/uploads\/sites\/12\/2024\/03\/Marias-Leben-nach-der-Auferstehung-Jesu.jpg","contentUrl":"https:\/\/blog.holyart.it\/de\/wp-content\/uploads\/sites\/12\/2024\/03\/Marias-Leben-nach-der-Auferstehung-Jesu.jpg","width":1000,"height":666,"caption":"Marias Leben nach der Auferstehung Jesu"},{"@type":"BreadcrumbList","@id":"https:\/\/blog.holyart.it\/de\/devotionalien\/marias-leben-nach-der-auferstehung-jesu\/#breadcrumb","itemListElement":[{"@type":"ListItem","position":1,"name":"Homepage","item":"https:\/\/blog.holyart.it\/de\/"},{"@type":"ListItem","position":2,"name":"Religion","item":"https:\/\/blog.holyart.it\/de\/devotionalien\/"},{"@type":"ListItem","position":3,"name":"Marias Leben nach der Auferstehung Jesu"}]},{"@type":"WebSite","@id":"https:\/\/blog.holyart.it\/de\/#website","url":"https:\/\/blog.holyart.it\/de\/","name":"Holyart.de Blog","description":"Holyblog","publisher":{"@id":"https:\/\/blog.holyart.it\/de\/#organization"},"potentialAction":[{"@type":"SearchAction","target":{"@type":"EntryPoint","urlTemplate":"https:\/\/blog.holyart.it\/de\/?s={search_term_string}"},"query-input":{"@type":"PropertyValueSpecification","valueRequired":true,"valueName":"search_term_string"}}],"inLanguage":"de"},{"@type":"Organization","@id":"https:\/\/blog.holyart.it\/de\/#organization","name":"Holyart.de Blog","url":"https:\/\/blog.holyart.it\/de\/","logo":{"@type":"ImageObject","inLanguage":"de","@id":"https:\/\/blog.holyart.it\/de\/#\/schema\/logo\/image\/","url":"https:\/\/blog.holyart.it\/de\/wp-content\/uploads\/sites\/12\/2022\/12\/Holyart_Blog_Logo.jpg","contentUrl":"https:\/\/blog.holyart.it\/de\/wp-content\/uploads\/sites\/12\/2022\/12\/Holyart_Blog_Logo.jpg","width":300,"height":50,"caption":"Holyart.de Blog"},"image":{"@id":"https:\/\/blog.holyart.it\/de\/#\/schema\/logo\/image\/"}},{"@type":"Person","@id":"https:\/\/blog.holyart.it\/de\/#\/schema\/person\/0a7b686e5af0f856ec1e390dd0baecda","name":"Redazione","image":{"@type":"ImageObject","inLanguage":"de","@id":"https:\/\/blog.holyart.it\/de\/#\/schema\/person\/image\/","url":"https:\/\/secure.gravatar.com\/avatar\/f477da817f43e50d0af36abecd33e3edf826c68299714bdc1057dff3b113f516?s=96&d=mm&r=g","contentUrl":"https:\/\/secure.gravatar.com\/avatar\/f477da817f43e50d0af36abecd33e3edf826c68299714bdc1057dff3b113f516?s=96&d=mm&r=g","caption":"Redazione"}}]}},"_links":{"self":[{"href":"https:\/\/blog.holyart.it\/de\/wp-json\/wp\/v2\/posts\/3873","targetHints":{"allow":["GET"]}}],"collection":[{"href":"https:\/\/blog.holyart.it\/de\/wp-json\/wp\/v2\/posts"}],"about":[{"href":"https:\/\/blog.holyart.it\/de\/wp-json\/wp\/v2\/types\/post"}],"author":[{"embeddable":true,"href":"https:\/\/blog.holyart.it\/de\/wp-json\/wp\/v2\/users\/1"}],"replies":[{"embeddable":true,"href":"https:\/\/blog.holyart.it\/de\/wp-json\/wp\/v2\/comments?post=3873"}],"version-history":[{"count":9,"href":"https:\/\/blog.holyart.it\/de\/wp-json\/wp\/v2\/posts\/3873\/revisions"}],"predecessor-version":[{"id":3889,"href":"https:\/\/blog.holyart.it\/de\/wp-json\/wp\/v2\/posts\/3873\/revisions\/3889"}],"wp:featuredmedia":[{"embeddable":true,"href":"https:\/\/blog.holyart.it\/de\/wp-json\/wp\/v2\/media\/3875"}],"wp:attachment":[{"href":"https:\/\/blog.holyart.it\/de\/wp-json\/wp\/v2\/media?parent=3873"}],"wp:term":[{"taxonomy":"category","embeddable":true,"href":"https:\/\/blog.holyart.it\/de\/wp-json\/wp\/v2\/categories?post=3873"},{"taxonomy":"post_tag","embeddable":true,"href":"https:\/\/blog.holyart.it\/de\/wp-json\/wp\/v2\/tags?post=3873"}],"curies":[{"name":"wp","href":"https:\/\/api.w.org\/{rel}","templated":true}]}}