{"id":3794,"date":"2024-03-18T10:00:47","date_gmt":"2024-03-18T09:00:47","guid":{"rendered":"https:\/\/blog.holyart.it\/de\/?p=3794"},"modified":"2026-03-10T15:09:37","modified_gmt":"2026-03-10T14:09:37","slug":"palmsonntag-geschichte-und-bedeutung-des-festes","status":"publish","type":"post","link":"https:\/\/blog.holyart.it\/de\/ostern\/palmsonntag-geschichte-und-bedeutung-des-festes\/","title":{"rendered":"Palmsonntag: Geschichte und Bedeutung des Festes"},"content":{"rendered":"<h4>Der Palmsonntag ist der letzte Sonntag vor Ostern. Mit ihm beginnt die Karwoche. Hier erfahren Sie, was und wie gefeiert wird.<\/h4>\n\n<p>Jeder von uns, der in einer katholischen Familie aufgewachsen ist, wird es als Kind erlebt haben, dass er am Palmsonntag in die Kirche gebracht wurde und vom Priester einen Olivenzweig gesegnet bekam. Dieser mitgebrachte Zweig wurde dann irgendwo aufgeh\u00e4ngt und aufbewahrt, als Zeichen des Friedens und des Glaubens f\u00fcr das Haus und die Menschen, die dort lebten. Nat\u00fcrlich konnten wir als Kinder nicht wissen, wie alt der Ursprung dieses Brauchs war, der mit einer noch \u00e4lteren j\u00fcdischen Tradition verbunden ist, die mit <em>Sukkot<\/em>, dem \u201e<strong>Fest der H\u00fctten<\/strong>\u201c, zusammenf\u00e4llt. Es ist ein Pilgerfest, das auch heute noch zu den wichtigsten Festen der Juden geh\u00f6rt. Es erinnert an die Reise des j\u00fcdischen Volkes durch die W\u00fcste in das Gelobte Land, als es in H\u00fctten lebte (das hebr\u00e4ische Wort Sukka bedeutet \u201eH\u00fctte\u201c und \u201eSukoth\u201c ist der Plural). Um dieses Fest zu feiern<strong>, pilgerten die Juden zum Tempel in Jerusalem <\/strong>und trugen als Opfergabe ein B\u00fcndel aus vier verschiedenen Pflanzen mit sich: Palmen, Zedern, drei Myrtenzweige und zwei Weidenzweige, die mit Hanf zusammengebunden wurden.<\/p>\n<div class=\"link-product\">\n<div class=\"blocco-immagine\"><img loading=\"lazy\" decoding=\"async\" class=\"size-full wp-image-3798 alignleft\" src=\"https:\/\/blog.holyart.it\/de\/wp-content\/uploads\/sites\/12\/2024\/02\/Einzug-Jesu-in-Jerusalem-fuer-9-cm-Krippe.jpg\" alt=\"Einzug Jesu in Jerusalem, f\u00fcr 9 cm Krippe\" width=\"100\" height=\"100\" data-kale-share-title=\"Palmsonntag: Geschichte und Bedeutung des Festes\" data-kale-share-url=\"https:\/\/blog.holyart.it\/de\/?p=3794\" \/><\/div>\n<div class=\"blocco-contenuto\">\n<div class=\"blocco-acquista\">Einkaufen:<\/div>\n<div class=\"blocco-titolo\"><a href=\"https:\/\/www.holyart.de\/besondere-anlasse\/passionskrippe\/einzug-jesu-in-jerusalem-fur-9-cm-krippe?_gl=1*99m0oi*_gcl_aw*R0NMLjE3MDc3NTM2NDYuQ2owS0NRanc4cW1oQmhDbEFSSXNBTkF0Ym9mZ21KMm85dkV5S0JjLUdLUWIweWFCLU9EekR0N1ZQV2hnY1g4WW96M2haNGVTR0JkUjR1d2FBZzZrRUFMd193Y0I.*_gcl_au*MTYzMTc5MDU5My4xNzA1NTg0Nzkw*_ga*MjAyODIwNTUzOS4xNjgwNTA1OTc3*_ga_W18MV136NH*MTcwNzkwMTI1OS40MzguMC4xNzA3OTAxMjU5LjAuMC4w\">Einzug Jesu in Jerusalem, f\u00fcr 9 cm Krippe<\/a><\/div>\n<div class=\"blocco-descrizione\">Einzug Jesu in Jerusalem, f\u00fcr 9 cm Krippe geeignet. Passionsszene: Einzug in Jerusalem&#8230;<\/div>\n<\/div>\n<\/div>\n<p>Als Kinder konnten wir nicht einmal wissen, dass die Palmenmesse an den <a href=\"https:\/\/www.holyart.de\/besondere-anlasse\/passionskrippe\/einzug-jesu-in-jerusalem-fur-9-cm-krippe?_gl=1*99m0oi*_gcl_aw*R0NMLjE3MDc3NTM2NDYuQ2owS0NRanc4cW1oQmhDbEFSSXNBTkF0Ym9mZ21KMm85dkV5S0JjLUdLUWIweWFCLU9EekR0N1ZQV2hnY1g4WW96M2haNGVTR0JkUjR1d2FBZzZrRUFMd193Y0I.*_gcl_au*MTYzMTc5MDU5My4xNzA1NTg0Nzkw*_ga*MjAyODIwNTUzOS4xNjgwNTA1OTc3*_ga_W18MV136NH*MTcwNzkwMTI1OS40MzguMC4xNzA3OTAxMjU5LjAuMC4w\"><strong>triumphalen<\/strong> <strong>Einzug Jesu in Jerusalem erinnert<\/strong><\/a>, von dem in allen vier kanonischen Evangelien berichtet wird. So schreibt Johannes (Joh 12,12-13), dass Jesu Einzug <strong>von einer Menge begr\u00fc\u00dft wurde, die Palmzweige schwenkte<\/strong>, w\u00e4hrend Matth\u00e4us und Markus ganz allgemein von Zweigen und Wedeln sprechen, die auf den Feldern gesammelt wurden, und Lukas nichts Besonderes erw\u00e4hnt.<\/p>\n<p>Aus diesem grundlegenden Ereignis, das <strong>f\u00fcnf Tage vor dem Tod Jesu stattfand<\/strong>, leitet sich die Feier des Palmsonntags ab, bei der der Priester Palmzweige oder in unseren Breitengraden Olivenzweige segnet und an die Gl\u00e4ubigen verteilt, damit sie sie als <strong><a href=\"https:\/\/www.holyart.de\/blog\/devotionalien\/die-taube-der-christlichen-bildenden-kunst\/\">Symbol des Friedens<\/a><\/strong> mit nach Hause nehmen und aufbewahren.<\/p>\n<div class=\"link-article\">\n<p><img loading=\"lazy\" decoding=\"async\" class=\"size-full wp-image-3800 alignleft\" src=\"https:\/\/blog.holyart.it\/de\/wp-content\/uploads\/sites\/12\/2024\/02\/Die-Taube-in-der-christlichen-bildenden-Kunst.jpg\" alt=\"Die Taube in der christlichen bildenden Kunst\" width=\"150\" height=\"100\" data-kale-share-title=\"Palmsonntag: Geschichte und Bedeutung des Festes\" data-kale-share-url=\"https:\/\/blog.holyart.it\/de\/?p=3794\" \/><\/p>\n<div class=\"leggi-anche\">Lesen Sie auch:<\/div>\n<p><strong><a href=\"https:\/\/www.holyart.de\/blog\/devotionalien\/die-taube-der-christlichen-bildenden-kunst\/\">Die Taube in der christlichen bildenden Kunst<\/a><\/strong><br \/>\nSchon vor Christi Geburt galt die Taube als ein Tier mit einem starken symbolischen Wert. F\u00fcr die Griechen war die Taube das Symbol&#8230;<\/p>\n<\/div>\n<h2>Die Liturgie des Palmsonntags<\/h2>\n<p>Der Palmsonntag markiert den Beginn der <strong>Karwoche<\/strong>, die sich mit der Fastenzeit \u00fcberschneidet. Erst mit der Feier der neunten Stunde am Gr\u00fcndonnerstag ist die Fastenzeit beendet und wir treten voll in <strong>das \u00f6sterliche Triduum<\/strong> ein, das Gedenken an das Leiden, den Tod und die Auferstehung Christi.<\/p>\n<p>Am Palmsonntag wird in der Messe die <em>Passio<\/em>, der <strong>Bericht \u00fcber das Leiden Christi<\/strong> aus dem Markus-, dem Lukas- oder dem Matth\u00e4us-Evangelium, gelesen, je nach liturgischem Jahr. Die Lesung wird <strong>von drei verschiedenen Personen<\/strong> vorgetragen, die Jesus, den Chronisten und das Volk verk\u00f6rpern. Vor dem Einzug in die Kirche versammeln sich die Gl\u00e4ubigen auf dem Platz oder dem Kirchhof, wo der Priester die <strong>Olivenzweige<\/strong> segnet und verteilt. Wenn m\u00f6glich, findet auch eine <strong>Prozession<\/strong> statt.<\/p>\n<p>Neben der eigentlichen Liturgie gibt es zahlreiche Br\u00e4uche, die mit den am Palmsonntag verteilten Olivenzweigen zusammenh\u00e4ngen, wie zum Beispiel die Verwendung eines in Weihwasser getauchten Olivenzweigs zur Segnung des Tisches am Ostersonntag.<\/p>\n<h2>Der Einzug Jesu in Jerusalem<\/h2>\n<p>Der Einzug Jesu in Jerusalem, auf den die Tradition des Palmenfestes zur\u00fcckgeht, wird in allen vier kanonischen Evangelien beschrieben: Matth\u00e4us 21,1-11, Markus 11,1-11, Lukas 19,28-44 und Johannes 12,12-19. Nach Johannes fand der Einzug Jesu in Jerusalem am f\u00fcnften Tag vor dem <a href=\"https:\/\/www.holyart.de\/blog\/devotionalien\/wie-wird-ostern-berechnet\/\"><strong>Passahfest<\/strong> <\/a>statt, am 10. des Monats Nisan. Es ist bezeichnend, dass der Evangelist diesen Tag gew\u00e4hlt hat, denn in seinem Evangelium wird immer wieder von <strong>Jesus als Lamm Gottes<\/strong> gesprochen. Die anderen Evangelien geben kein genaues Datum an, sondern sagen nur, dass es in der N\u00e4he von Ostern war.<\/p>\n<div class=\"link-article\">\n<p><img loading=\"lazy\" decoding=\"async\" class=\"size-full wp-image-3803 alignleft\" src=\"https:\/\/blog.holyart.it\/de\/wp-content\/uploads\/sites\/12\/2024\/02\/Wie-wird-Ostern-berechnet.jpeg\" alt=\"Wie wird Ostern berechnet\" width=\"150\" height=\"99\" data-kale-share-title=\"Palmsonntag: Geschichte und Bedeutung des Festes\" data-kale-share-url=\"https:\/\/blog.holyart.it\/de\/?p=3794\" \/><\/p>\n<div class=\"leggi-anche\">Lesen Sie auch:<\/div>\n<p><strong><a href=\"https:\/\/www.holyart.de\/blog\/devotionalien\/wie-wird-ostern-berechnet\/\">Wie wird Ostern berechnet?<\/a><\/strong><br \/>\nJedes Jahr \u00e4ndert sich das Datum, aber es bleibt das wichtigste Fest: In diesem Artikel erfahren Sie, wie Ostern in der j\u00fcdischen&#8230;<\/p>\n<\/div>\n<p><strong><a href=\"https:\/\/www.holyart.de\/besondere-anlasse\/passionskrippe\/einzug-in-jerusalem-4-figuren-resin-handbemalt-fur-15-cm-krippe?_gl=1*1x4aov*_gcl_aw*R0NMLjE3MDc3NTM2NDYuQ2owS0NRanc4cW1oQmhDbEFSSXNBTkF0Ym9mZ21KMm85dkV5S0JjLUdLUWIweWFCLU9EekR0N1ZQV2hnY1g4WW96M2haNGVTR0JkUjR1d2FBZzZrRUFMd193Y0I.*_gcl_au*MTYzMTc5MDU5My4xNzA1NTg0Nzkw*_ga*MjAyODIwNTUzOS4xNjgwNTA1OTc3*_ga_W18MV136NH*MTcwNzkwMTI1OS40MzguMS4xNzA3OTAyMDk2LjAuMC4w\">Jesus zieht in die Heilige Stadt Jerusalem ein<\/a><\/strong>, um das <strong><a href=\"https:\/\/www.holyart.de\/besondere-anlasse\/ostern-und-fastenzeit?_gl=1*db6ixi*_gcl_aw*R0NMLjE3MDc3NTM2NDYuQ2owS0NRanc4cW1oQmhDbEFSSXNBTkF0Ym9mZ21KMm85dkV5S0JjLUdLUWIweWFCLU9EekR0N1ZQV2hnY1g4WW96M2haNGVTR0JkUjR1d2FBZzZrRUFMd193Y0I.*_gcl_au*MTYzMTc5MDU5My4xNzA1NTg0Nzkw*_ga*MjAyODIwNTUzOS4xNjgwNTA1OTc3*_ga_W18MV136NH*MTcwNzkwMTI1OS40MzguMS4xNzA3OTAyNjE3LjAuMC4w\">Passahfest<\/a> <\/strong>zu feiern. Er reitet auf einem Esel, ist von seinen J\u00fcngern umgeben und wird von einer festlichen Menge begleitet, die Palmzweige schwenkt. Sie rufen seinen Namen und bejubeln ihn mit festlichen Rufen: \u201e<em>Hosanna! Gesegnet sei der, der im Namen des Herrn kommt!\u201c<\/em> (Joh 12:13). <strong>Hosanna<\/strong> ist ein j\u00fcdischer Ausdruck des Jubels, bedeutet aber auch: Hilf uns, rette uns.<\/p>\n<p>Auch die Wahl des Reittiers Jesu, des <strong>Esels<\/strong>, ist nicht zuf\u00e4llig. In Sacharjas Prophezeiung \u00fcber das <strong>Kommen des Messias<\/strong> hei\u00dft es n\u00e4mlich: \u201e<em>Freue dich, Tochter Zion, freue dich, Tochter Jerusalem! Denn siehe, dein K\u00f6nig kommt zu dir. Er ist gerecht und siegreich, dem\u00fctig, er reitet auf einem Esel, einem Eselsfohlen<\/em>\u201c (Sach 9,9).<\/p>\n<p>Die <strong>M\u00e4ntel<\/strong>, die dem Esel als Sattel f\u00fcr Jesus aufgelegt werden, haben ebenfalls einen symbolischen Wert: Sie wurden auf die Stufen gelegt, damit der Herrscher auf den Thron steigen konnte. So werden sie hier zu einem Symbol des K\u00f6nigtums und der Anerkennung.<\/p>\n<div class=\"link-product\">\n<div class=\"blocco-immagine\"><img loading=\"lazy\" decoding=\"async\" class=\"size-full wp-image-3806 alignleft\" src=\"https:\/\/blog.holyart.it\/de\/wp-content\/uploads\/sites\/12\/2024\/02\/Einzug-in-Jerusalem-4-Figuren-Resin-handbemalt-fuer-15-cm-Krippe.jpg\" alt=\"Einzug in Jerusalem, 4 Figuren, Resin, handbemalt, f\u00fcr 15 cm Krippe\" width=\"100\" height=\"100\" data-kale-share-title=\"Palmsonntag: Geschichte und Bedeutung des Festes\" data-kale-share-url=\"https:\/\/blog.holyart.it\/de\/?p=3794\" \/><\/div>\n<div class=\"blocco-contenuto\">\n<div class=\"blocco-acquista\">Einkaufen:<\/div>\n<div class=\"blocco-titolo\"><a href=\"https:\/\/www.holyart.de\/besondere-anlasse\/passionskrippe\/einzug-in-jerusalem-4-figuren-resin-handbemalt-fur-15-cm-krippe?_gl=1*1x4aov*_gcl_aw*R0NMLjE3MDc3NTM2NDYuQ2owS0NRanc4cW1oQmhDbEFSSXNBTkF0Ym9mZ21KMm85dkV5S0JjLUdLUWIweWFCLU9EekR0N1ZQV2hnY1g4WW96M2haNGVTR0JkUjR1d2FBZzZrRUFMd193Y0I.*_gcl_au*MTYzMTc5MDU5My4xNzA1NTg0Nzkw*_ga*MjAyODIwNTUzOS4xNjgwNTA1OTc3*_ga_W18MV136NH*MTcwNzkwMTI1OS40MzguMS4xNzA3OTAyMDk2LjAuMC4w\">Einzug in Jerusalem, 4 Figuren, Resin, handbemalt, f\u00fcr 15 cm Krippe<\/a><\/div>\n<div class=\"blocco-descrizione\">Einzug in Jerusalem, Szene bestehend aus 4 Figuren&#8230;<\/div>\n<\/div>\n<\/div>\n<h2>Die Bedeutung der gesegneten Olivenzweige<\/h2>\n<p>Der Brauch, am Palmsonntag in die Kirche zu gehen und gesegnete Olivenzweige mit nach Hause zu nehmen, geht also auf diese Episode aus dem Evangelium zur\u00fcck. Aber warum wurde der Olivenbaum als Ersatz f\u00fcr die Palme gew\u00e4hlt? Der <strong>Olivenbaum<\/strong> galt bei allen V\u00f6lkern des Altertums als heilige Pflanze. F\u00fcr die Griechen war er ein Symbol der Athene und wurde zur Kr\u00f6nung der olympischen Athleten verwendet. N\u00e4her an unserer Sph\u00e4re ist die biblische Geschichte von <strong>Noah<\/strong> und der Taube, die ihm einen Olivenzweig brachte und ihn erkennen lie\u00df, dass die Sintflut vorbei war. Die Olive als <strong>Symbol der Wiedergeburt und des Friedens<\/strong> ist also eng mit der Geschichte Jesu verbunden: Schon der Name <strong>Christus<\/strong> bedeutet \u201egesalbt\u201c und bezieht sich auf das \u00d6l, das aus Oliven gewonnen und bei Zeremonien verwendet wird. Wir erinnern <strong><a href=\"https:\/\/www.holyart.de\/besondere-anlasse\/passionskrippe\/jesus-im-garten-am-olberg-fur-9-cm-krippe?_gl=1*juaqsc*_gcl_aw*R0NMLjE3MDc3NTM2NDYuQ2owS0NRanc4cW1oQmhDbEFSSXNBTkF0Ym9mZ21KMm85dkV5S0JjLUdLUWIweWFCLU9EekR0N1ZQV2hnY1g4WW96M2haNGVTR0JkUjR1d2FBZzZrRUFMd193Y0I.*_gcl_au*MTYzMTc5MDU5My4xNzA1NTg0Nzkw*_ga*MjAyODIwNTUzOS4xNjgwNTA1OTc3*_ga_W18MV136NH*MTcwNzkwMTI1OS40MzguMS4xNzA3OTAyMjgyLjAuMC4w\">uns auch an die letzte Nacht, die Jesus mit seinen J\u00fcngern in Gethsemane<\/a><\/strong>, dem Garten am Fu\u00dfe des \u00d6lbergs, verbrachte.<\/p>\n<div class=\"link-product\">\n<div class=\"blocco-immagine\"><img loading=\"lazy\" decoding=\"async\" class=\"size-full wp-image-3810 alignleft\" src=\"https:\/\/blog.holyart.it\/de\/wp-content\/uploads\/sites\/12\/2024\/02\/Jesus-im-Garten-am-Oelberg-fuer-9-cm-Krippe.jpg\" alt=\"Jesus im Garten am \u00d6lberg, f\u00fcr 9 cm Krippe\" width=\"100\" height=\"100\" data-kale-share-title=\"Palmsonntag: Geschichte und Bedeutung des Festes\" data-kale-share-url=\"https:\/\/blog.holyart.it\/de\/?p=3794\" \/><\/div>\n<div class=\"blocco-contenuto\">\n<div class=\"blocco-acquista\">Einkaufen:<\/div>\n<div class=\"blocco-titolo\"><a href=\"https:\/\/www.holyart.de\/besondere-anlasse\/passionskrippe\/jesus-im-garten-am-olberg-fur-9-cm-krippe?_gl=1*juaqsc*_gcl_aw*R0NMLjE3MDc3NTM2NDYuQ2owS0NRanc4cW1oQmhDbEFSSXNBTkF0Ym9mZ21KMm85dkV5S0JjLUdLUWIweWFCLU9EekR0N1ZQV2hnY1g4WW96M2haNGVTR0JkUjR1d2FBZzZrRUFMd193Y0I.*_gcl_au*MTYzMTc5MDU5My4xNzA1NTg0Nzkw*_ga*MjAyODIwNTUzOS4xNjgwNTA1OTc3*_ga_W18MV136NH*MTcwNzkwMTI1OS40MzguMS4xNzA3OTAyMjgyLjAuMC4w\">Jesus im Garten am \u00d6lberg, f\u00fcr 9 cm Krippe<\/a><\/div>\n<div class=\"blocco-descrizione\">Jesus im Garten am \u00d6lberg, f\u00fcr eine 9 cm Krippe geeignet. Passionsszene: Erscheinung&#8230;<\/div>\n<\/div>\n<\/div>\n<p>Die Palme war auch f\u00fcr die alten Zivilisationen, von den \u00c4gyptern bis zu den R\u00f6mern, von gro\u00dfer Bedeutung. Sie galt als Symbol f\u00fcr <strong>Unsterblichkeit und Wiedergeburt<\/strong>. Sie war so hoch, dass sie <strong>eine Verbindung zwischen Erde und Himmel<\/strong> suggerierte, trug unz\u00e4hlige Fr\u00fcchte und wurde oft als Modell f\u00fcr Tempels\u00e4ulen verwendet.<\/p>\n<p>Es ist wichtig, <u>Olivenzweige nicht wegzuwerfen<\/u>, auch nicht, wenn sie vertrocknet sind: Sie sind <strong>Sakramentalien<\/strong> und als solche durch das Kirchenrecht gesch\u00fctzt, also heilig. Man kann sie verbrennen, vergraben oder in die Kirche zur\u00fcckbringen, wo sie verbrannt werden, um Asche f\u00fcr den folgenden Aschermittwoch zu erhalten.<\/p>\n<p>Meta description: Der Palmsonntag markiert den Beginn der Karwoche. Er erinnert daran, wie Jesus in Jerusalem einzog und von einer Menge begr\u00fc\u00dft wurde, die ihm mit Zweigen und Wedeln zujubelte.<\/p>\n","protected":false},"excerpt":{"rendered":"<p>Der Palmsonntag ist der letzte Sonntag vor Ostern. Mit ihm beginnt die Karwoche. Hier erfahren Sie, was und wie gefeiert wird. Jeder von uns, der in einer katholischen Familie aufgewachsen ist, wird es als Kind erlebt haben, dass er am Palmsonntag in die Kirche gebracht&hellip;<\/p>\n","protected":false},"author":1,"featured_media":3797,"comment_status":"closed","ping_status":"open","sticky":false,"template":"","format":"standard","meta":{"_acf_changed":false,"footnotes":""},"categories":[18,10],"tags":[],"class_list":["post-3794","post","type-post","status-publish","format-standard","has-post-thumbnail","hentry","category-ostern","category-devotionalien"],"acf":[],"yoast_head":"<!-- This site is optimized with the Yoast SEO plugin v26.6 - https:\/\/yoast.com\/wordpress\/plugins\/seo\/ -->\n<title>Palmsonntag: Geschichte und Bedeutung des Festes - Holyart.de Blog<\/title>\n<meta name=\"description\" content=\"Der Palmsonntag ist der letzte Sonntag vor Ostern. Mit ihm beginnt die Karwoche. Hier erfahren Sie, was und wie gefeiert wird...\" \/>\n<meta name=\"robots\" content=\"index, follow, max-snippet:-1, max-image-preview:large, max-video-preview:-1\" \/>\n<link rel=\"canonical\" href=\"https:\/\/blog.holyart.it\/de\/ostern\/palmsonntag-geschichte-und-bedeutung-des-festes\/\" \/>\n<meta property=\"og:locale\" content=\"de_DE\" \/>\n<meta property=\"og:type\" content=\"article\" \/>\n<meta property=\"og:title\" content=\"Palmsonntag: Geschichte und Bedeutung des Festes - Holyart.de Blog\" \/>\n<meta property=\"og:description\" content=\"Der Palmsonntag ist der letzte Sonntag vor Ostern. Mit ihm beginnt die Karwoche. Hier erfahren Sie, was und wie gefeiert wird...\" \/>\n<meta property=\"og:url\" content=\"https:\/\/blog.holyart.it\/de\/ostern\/palmsonntag-geschichte-und-bedeutung-des-festes\/\" \/>\n<meta property=\"og:site_name\" content=\"Holyart.de Blog\" \/>\n<meta property=\"article:published_time\" content=\"2024-03-18T09:00:47+00:00\" \/>\n<meta property=\"article:modified_time\" content=\"2026-03-10T14:09:37+00:00\" \/>\n<meta property=\"og:image\" content=\"https:\/\/blog.holyart.it\/de\/wp-content\/uploads\/sites\/12\/2024\/02\/Palmsonntag.jpg\" \/>\n\t<meta property=\"og:image:width\" content=\"1000\" \/>\n\t<meta property=\"og:image:height\" content=\"666\" \/>\n\t<meta property=\"og:image:type\" content=\"image\/jpeg\" \/>\n<meta name=\"author\" content=\"Redazione\" \/>\n<meta name=\"twitter:card\" content=\"summary_large_image\" \/>\n<meta name=\"twitter:label1\" content=\"Verfasst von\" \/>\n\t<meta name=\"twitter:data1\" content=\"Redazione\" \/>\n\t<meta name=\"twitter:label2\" content=\"Gesch\u00e4tzte Lesezeit\" \/>\n\t<meta name=\"twitter:data2\" content=\"8\u00a0Minuten\" \/>\n<script type=\"application\/ld+json\" class=\"yoast-schema-graph\">{\"@context\":\"https:\/\/schema.org\",\"@graph\":[{\"@type\":\"Article\",\"@id\":\"https:\/\/blog.holyart.it\/de\/ostern\/palmsonntag-geschichte-und-bedeutung-des-festes\/#article\",\"isPartOf\":{\"@id\":\"https:\/\/blog.holyart.it\/de\/ostern\/palmsonntag-geschichte-und-bedeutung-des-festes\/\"},\"author\":{\"name\":\"Redazione\",\"@id\":\"https:\/\/blog.holyart.it\/de\/#\/schema\/person\/0a7b686e5af0f856ec1e390dd0baecda\"},\"headline\":\"Palmsonntag: Geschichte und Bedeutung des Festes\",\"datePublished\":\"2024-03-18T09:00:47+00:00\",\"dateModified\":\"2026-03-10T14:09:37+00:00\",\"mainEntityOfPage\":{\"@id\":\"https:\/\/blog.holyart.it\/de\/ostern\/palmsonntag-geschichte-und-bedeutung-des-festes\/\"},\"wordCount\":1195,\"publisher\":{\"@id\":\"https:\/\/blog.holyart.it\/de\/#organization\"},\"image\":{\"@id\":\"https:\/\/blog.holyart.it\/de\/ostern\/palmsonntag-geschichte-und-bedeutung-des-festes\/#primaryimage\"},\"thumbnailUrl\":\"https:\/\/blog.holyart.it\/de\/wp-content\/uploads\/sites\/12\/2024\/02\/Palmsonntag.jpg\",\"articleSection\":[\"Ostern\",\"Religion\"],\"inLanguage\":\"de\"},{\"@type\":\"WebPage\",\"@id\":\"https:\/\/blog.holyart.it\/de\/ostern\/palmsonntag-geschichte-und-bedeutung-des-festes\/\",\"url\":\"https:\/\/blog.holyart.it\/de\/ostern\/palmsonntag-geschichte-und-bedeutung-des-festes\/\",\"name\":\"Palmsonntag: Geschichte und Bedeutung des Festes - Holyart.de Blog\",\"isPartOf\":{\"@id\":\"https:\/\/blog.holyart.it\/de\/#website\"},\"primaryImageOfPage\":{\"@id\":\"https:\/\/blog.holyart.it\/de\/ostern\/palmsonntag-geschichte-und-bedeutung-des-festes\/#primaryimage\"},\"image\":{\"@id\":\"https:\/\/blog.holyart.it\/de\/ostern\/palmsonntag-geschichte-und-bedeutung-des-festes\/#primaryimage\"},\"thumbnailUrl\":\"https:\/\/blog.holyart.it\/de\/wp-content\/uploads\/sites\/12\/2024\/02\/Palmsonntag.jpg\",\"datePublished\":\"2024-03-18T09:00:47+00:00\",\"dateModified\":\"2026-03-10T14:09:37+00:00\",\"description\":\"Der Palmsonntag ist der letzte Sonntag vor Ostern. Mit ihm beginnt die Karwoche. Hier erfahren Sie, was und wie gefeiert wird...\",\"breadcrumb\":{\"@id\":\"https:\/\/blog.holyart.it\/de\/ostern\/palmsonntag-geschichte-und-bedeutung-des-festes\/#breadcrumb\"},\"inLanguage\":\"de\",\"potentialAction\":[{\"@type\":\"ReadAction\",\"target\":[\"https:\/\/blog.holyart.it\/de\/ostern\/palmsonntag-geschichte-und-bedeutung-des-festes\/\"]}]},{\"@type\":\"ImageObject\",\"inLanguage\":\"de\",\"@id\":\"https:\/\/blog.holyart.it\/de\/ostern\/palmsonntag-geschichte-und-bedeutung-des-festes\/#primaryimage\",\"url\":\"https:\/\/blog.holyart.it\/de\/wp-content\/uploads\/sites\/12\/2024\/02\/Palmsonntag.jpg\",\"contentUrl\":\"https:\/\/blog.holyart.it\/de\/wp-content\/uploads\/sites\/12\/2024\/02\/Palmsonntag.jpg\",\"width\":1000,\"height\":666,\"caption\":\"Palmsonntag\"},{\"@type\":\"BreadcrumbList\",\"@id\":\"https:\/\/blog.holyart.it\/de\/ostern\/palmsonntag-geschichte-und-bedeutung-des-festes\/#breadcrumb\",\"itemListElement\":[{\"@type\":\"ListItem\",\"position\":1,\"name\":\"Homepage\",\"item\":\"https:\/\/blog.holyart.it\/de\/\"},{\"@type\":\"ListItem\",\"position\":2,\"name\":\"Ostern\",\"item\":\"https:\/\/blog.holyart.it\/de\/ostern\/\"},{\"@type\":\"ListItem\",\"position\":3,\"name\":\"Palmsonntag: Geschichte und Bedeutung des Festes\"}]},{\"@type\":\"WebSite\",\"@id\":\"https:\/\/blog.holyart.it\/de\/#website\",\"url\":\"https:\/\/blog.holyart.it\/de\/\",\"name\":\"Holyart.de Blog\",\"description\":\"Holyblog\",\"publisher\":{\"@id\":\"https:\/\/blog.holyart.it\/de\/#organization\"},\"potentialAction\":[{\"@type\":\"SearchAction\",\"target\":{\"@type\":\"EntryPoint\",\"urlTemplate\":\"https:\/\/blog.holyart.it\/de\/?s={search_term_string}\"},\"query-input\":{\"@type\":\"PropertyValueSpecification\",\"valueRequired\":true,\"valueName\":\"search_term_string\"}}],\"inLanguage\":\"de\"},{\"@type\":\"Organization\",\"@id\":\"https:\/\/blog.holyart.it\/de\/#organization\",\"name\":\"Holyart.de Blog\",\"url\":\"https:\/\/blog.holyart.it\/de\/\",\"logo\":{\"@type\":\"ImageObject\",\"inLanguage\":\"de\",\"@id\":\"https:\/\/blog.holyart.it\/de\/#\/schema\/logo\/image\/\",\"url\":\"https:\/\/blog.holyart.it\/de\/wp-content\/uploads\/sites\/12\/2022\/12\/Holyart_Blog_Logo.jpg\",\"contentUrl\":\"https:\/\/blog.holyart.it\/de\/wp-content\/uploads\/sites\/12\/2022\/12\/Holyart_Blog_Logo.jpg\",\"width\":300,\"height\":50,\"caption\":\"Holyart.de Blog\"},\"image\":{\"@id\":\"https:\/\/blog.holyart.it\/de\/#\/schema\/logo\/image\/\"}},{\"@type\":\"Person\",\"@id\":\"https:\/\/blog.holyart.it\/de\/#\/schema\/person\/0a7b686e5af0f856ec1e390dd0baecda\",\"name\":\"Redazione\",\"image\":{\"@type\":\"ImageObject\",\"inLanguage\":\"de\",\"@id\":\"https:\/\/blog.holyart.it\/de\/#\/schema\/person\/image\/\",\"url\":\"https:\/\/secure.gravatar.com\/avatar\/f477da817f43e50d0af36abecd33e3edf826c68299714bdc1057dff3b113f516?s=96&d=mm&r=g\",\"contentUrl\":\"https:\/\/secure.gravatar.com\/avatar\/f477da817f43e50d0af36abecd33e3edf826c68299714bdc1057dff3b113f516?s=96&d=mm&r=g\",\"caption\":\"Redazione\"}}]}<\/script>\n<!-- \/ Yoast SEO plugin. -->","yoast_head_json":{"title":"Palmsonntag: Geschichte und Bedeutung des Festes - Holyart.de Blog","description":"Der Palmsonntag ist der letzte Sonntag vor Ostern. Mit ihm beginnt die Karwoche. Hier erfahren Sie, was und wie gefeiert wird...","robots":{"index":"index","follow":"follow","max-snippet":"max-snippet:-1","max-image-preview":"max-image-preview:large","max-video-preview":"max-video-preview:-1"},"canonical":"https:\/\/blog.holyart.it\/de\/ostern\/palmsonntag-geschichte-und-bedeutung-des-festes\/","og_locale":"de_DE","og_type":"article","og_title":"Palmsonntag: Geschichte und Bedeutung des Festes - Holyart.de Blog","og_description":"Der Palmsonntag ist der letzte Sonntag vor Ostern. Mit ihm beginnt die Karwoche. Hier erfahren Sie, was und wie gefeiert wird...","og_url":"https:\/\/blog.holyart.it\/de\/ostern\/palmsonntag-geschichte-und-bedeutung-des-festes\/","og_site_name":"Holyart.de Blog","article_published_time":"2024-03-18T09:00:47+00:00","article_modified_time":"2026-03-10T14:09:37+00:00","og_image":[{"width":1000,"height":666,"url":"https:\/\/blog.holyart.it\/de\/wp-content\/uploads\/sites\/12\/2024\/02\/Palmsonntag.jpg","type":"image\/jpeg"}],"author":"Redazione","twitter_card":"summary_large_image","twitter_misc":{"Verfasst von":"Redazione","Gesch\u00e4tzte Lesezeit":"8\u00a0Minuten"},"schema":{"@context":"https:\/\/schema.org","@graph":[{"@type":"Article","@id":"https:\/\/blog.holyart.it\/de\/ostern\/palmsonntag-geschichte-und-bedeutung-des-festes\/#article","isPartOf":{"@id":"https:\/\/blog.holyart.it\/de\/ostern\/palmsonntag-geschichte-und-bedeutung-des-festes\/"},"author":{"name":"Redazione","@id":"https:\/\/blog.holyart.it\/de\/#\/schema\/person\/0a7b686e5af0f856ec1e390dd0baecda"},"headline":"Palmsonntag: Geschichte und Bedeutung des Festes","datePublished":"2024-03-18T09:00:47+00:00","dateModified":"2026-03-10T14:09:37+00:00","mainEntityOfPage":{"@id":"https:\/\/blog.holyart.it\/de\/ostern\/palmsonntag-geschichte-und-bedeutung-des-festes\/"},"wordCount":1195,"publisher":{"@id":"https:\/\/blog.holyart.it\/de\/#organization"},"image":{"@id":"https:\/\/blog.holyart.it\/de\/ostern\/palmsonntag-geschichte-und-bedeutung-des-festes\/#primaryimage"},"thumbnailUrl":"https:\/\/blog.holyart.it\/de\/wp-content\/uploads\/sites\/12\/2024\/02\/Palmsonntag.jpg","articleSection":["Ostern","Religion"],"inLanguage":"de"},{"@type":"WebPage","@id":"https:\/\/blog.holyart.it\/de\/ostern\/palmsonntag-geschichte-und-bedeutung-des-festes\/","url":"https:\/\/blog.holyart.it\/de\/ostern\/palmsonntag-geschichte-und-bedeutung-des-festes\/","name":"Palmsonntag: Geschichte und Bedeutung des Festes - Holyart.de Blog","isPartOf":{"@id":"https:\/\/blog.holyart.it\/de\/#website"},"primaryImageOfPage":{"@id":"https:\/\/blog.holyart.it\/de\/ostern\/palmsonntag-geschichte-und-bedeutung-des-festes\/#primaryimage"},"image":{"@id":"https:\/\/blog.holyart.it\/de\/ostern\/palmsonntag-geschichte-und-bedeutung-des-festes\/#primaryimage"},"thumbnailUrl":"https:\/\/blog.holyart.it\/de\/wp-content\/uploads\/sites\/12\/2024\/02\/Palmsonntag.jpg","datePublished":"2024-03-18T09:00:47+00:00","dateModified":"2026-03-10T14:09:37+00:00","description":"Der Palmsonntag ist der letzte Sonntag vor Ostern. Mit ihm beginnt die Karwoche. Hier erfahren Sie, was und wie gefeiert wird...","breadcrumb":{"@id":"https:\/\/blog.holyart.it\/de\/ostern\/palmsonntag-geschichte-und-bedeutung-des-festes\/#breadcrumb"},"inLanguage":"de","potentialAction":[{"@type":"ReadAction","target":["https:\/\/blog.holyart.it\/de\/ostern\/palmsonntag-geschichte-und-bedeutung-des-festes\/"]}]},{"@type":"ImageObject","inLanguage":"de","@id":"https:\/\/blog.holyart.it\/de\/ostern\/palmsonntag-geschichte-und-bedeutung-des-festes\/#primaryimage","url":"https:\/\/blog.holyart.it\/de\/wp-content\/uploads\/sites\/12\/2024\/02\/Palmsonntag.jpg","contentUrl":"https:\/\/blog.holyart.it\/de\/wp-content\/uploads\/sites\/12\/2024\/02\/Palmsonntag.jpg","width":1000,"height":666,"caption":"Palmsonntag"},{"@type":"BreadcrumbList","@id":"https:\/\/blog.holyart.it\/de\/ostern\/palmsonntag-geschichte-und-bedeutung-des-festes\/#breadcrumb","itemListElement":[{"@type":"ListItem","position":1,"name":"Homepage","item":"https:\/\/blog.holyart.it\/de\/"},{"@type":"ListItem","position":2,"name":"Ostern","item":"https:\/\/blog.holyart.it\/de\/ostern\/"},{"@type":"ListItem","position":3,"name":"Palmsonntag: Geschichte und Bedeutung des Festes"}]},{"@type":"WebSite","@id":"https:\/\/blog.holyart.it\/de\/#website","url":"https:\/\/blog.holyart.it\/de\/","name":"Holyart.de Blog","description":"Holyblog","publisher":{"@id":"https:\/\/blog.holyart.it\/de\/#organization"},"potentialAction":[{"@type":"SearchAction","target":{"@type":"EntryPoint","urlTemplate":"https:\/\/blog.holyart.it\/de\/?s={search_term_string}"},"query-input":{"@type":"PropertyValueSpecification","valueRequired":true,"valueName":"search_term_string"}}],"inLanguage":"de"},{"@type":"Organization","@id":"https:\/\/blog.holyart.it\/de\/#organization","name":"Holyart.de Blog","url":"https:\/\/blog.holyart.it\/de\/","logo":{"@type":"ImageObject","inLanguage":"de","@id":"https:\/\/blog.holyart.it\/de\/#\/schema\/logo\/image\/","url":"https:\/\/blog.holyart.it\/de\/wp-content\/uploads\/sites\/12\/2022\/12\/Holyart_Blog_Logo.jpg","contentUrl":"https:\/\/blog.holyart.it\/de\/wp-content\/uploads\/sites\/12\/2022\/12\/Holyart_Blog_Logo.jpg","width":300,"height":50,"caption":"Holyart.de Blog"},"image":{"@id":"https:\/\/blog.holyart.it\/de\/#\/schema\/logo\/image\/"}},{"@type":"Person","@id":"https:\/\/blog.holyart.it\/de\/#\/schema\/person\/0a7b686e5af0f856ec1e390dd0baecda","name":"Redazione","image":{"@type":"ImageObject","inLanguage":"de","@id":"https:\/\/blog.holyart.it\/de\/#\/schema\/person\/image\/","url":"https:\/\/secure.gravatar.com\/avatar\/f477da817f43e50d0af36abecd33e3edf826c68299714bdc1057dff3b113f516?s=96&d=mm&r=g","contentUrl":"https:\/\/secure.gravatar.com\/avatar\/f477da817f43e50d0af36abecd33e3edf826c68299714bdc1057dff3b113f516?s=96&d=mm&r=g","caption":"Redazione"}}]}},"_links":{"self":[{"href":"https:\/\/blog.holyart.it\/de\/wp-json\/wp\/v2\/posts\/3794","targetHints":{"allow":["GET"]}}],"collection":[{"href":"https:\/\/blog.holyart.it\/de\/wp-json\/wp\/v2\/posts"}],"about":[{"href":"https:\/\/blog.holyart.it\/de\/wp-json\/wp\/v2\/types\/post"}],"author":[{"embeddable":true,"href":"https:\/\/blog.holyart.it\/de\/wp-json\/wp\/v2\/users\/1"}],"replies":[{"embeddable":true,"href":"https:\/\/blog.holyart.it\/de\/wp-json\/wp\/v2\/comments?post=3794"}],"version-history":[{"count":12,"href":"https:\/\/blog.holyart.it\/de\/wp-json\/wp\/v2\/posts\/3794\/revisions"}],"predecessor-version":[{"id":3812,"href":"https:\/\/blog.holyart.it\/de\/wp-json\/wp\/v2\/posts\/3794\/revisions\/3812"}],"wp:featuredmedia":[{"embeddable":true,"href":"https:\/\/blog.holyart.it\/de\/wp-json\/wp\/v2\/media\/3797"}],"wp:attachment":[{"href":"https:\/\/blog.holyart.it\/de\/wp-json\/wp\/v2\/media?parent=3794"}],"wp:term":[{"taxonomy":"category","embeddable":true,"href":"https:\/\/blog.holyart.it\/de\/wp-json\/wp\/v2\/categories?post=3794"},{"taxonomy":"post_tag","embeddable":true,"href":"https:\/\/blog.holyart.it\/de\/wp-json\/wp\/v2\/tags?post=3794"}],"curies":[{"name":"wp","href":"https:\/\/api.w.org\/{rel}","templated":true}]}}