{"id":3756,"date":"2024-03-11T10:00:42","date_gmt":"2024-03-11T09:00:42","guid":{"rendered":"https:\/\/blog.holyart.it\/de\/?p=3756"},"modified":"2025-02-11T15:28:34","modified_gmt":"2025-02-11T14:28:34","slug":"die-blume-des-heiligen-josef-ist-die-narde-warum","status":"publish","type":"post","link":"https:\/\/blog.holyart.it\/de\/devotionalien\/die-blume-des-heiligen-josef-ist-die-narde-warum\/","title":{"rendered":"Die Blume des heiligen Josef ist die Narde: warum?"},"content":{"rendered":"<h4><em>Der heilige Josef, Symbol aller V\u00e4ter. Papst Franziskus hat ihm das Jahr 2021 gewidmet. Aber heute sprechen wir \u00fcber einen ungew\u00f6hnlichen Aspekt von ihm: die Blume des heiligen Josef<\/em><\/h4>\n<p>\u00dcber die Bedeutung des heiligen <strong><a href=\"https:\/\/www.holyart.de\/blog\/heilige-und-selige\/heiliger-josef-patron-der-ganzen-kirche\/\">Josef, des mutma\u00dflichen Vaters Jesu<\/a><\/strong>, des Patrons und Besch\u00fctzers der Weltkirche und des Symbols der Arbeiter, sind schon viele Worte verloren worden. Heute konzentrieren wir uns auf ein etwas ungew\u00f6hnliches Attribut dieses wichtigen Heiligen. Vielleicht wei\u00df nicht jeder, dass es eine <strong>Josephsblume<\/strong> gibt und dass diese Blume auch <strong>das Wappen von <a href=\"https:\/\/www.holyart.de\/besondere-anlasse\/papst-franziksus\">Papst Franziskus<\/a><\/strong> ziert. Es handelt sich um die <strong>Narde<\/strong>.<\/p>\n<p>Aber warum wurde diese wundersch\u00f6ne Blume mit ihrem intensiven und s\u00fc\u00dfen Duft dem heiligen Josef zugeschrieben? Und warum wollte der Papst sie in seinem Wappen haben, zusammen mit der Tiara und den gekreuzten Schl\u00fcsseln, den Symbolen der p\u00e4pstlichen Macht, der strahlenden Sonne, die f\u00fcr Jesus steht, und dem Stern als Symbol der Jungfrau Maria?<\/p>\n<p><img loading=\"lazy\" decoding=\"async\" class=\"size-full wp-image-3758 aligncenter\" src=\"https:\/\/blog.holyart.it\/de\/wp-content\/uploads\/sites\/12\/2024\/02\/das-Wappen-von-Papst-Franziskus.jpg\" alt=\"\" width=\"614\" height=\"745\" data-kale-share-title=\"Die Blume des heiligen Josef ist die Narde: warum?\" data-kale-share-url=\"https:\/\/blog.holyart.it\/de\/?p=3756\" \/><\/p>\n<p>Die <strong>besondere Verehrung von Papst Franziskus f\u00fcr den heiligen Josef<\/strong> ist allgemein bekannt. Nicht nur, dass der Papst seit seiner Zeit im Priesterseminar eine <strong><a href=\"https:\/\/www.holyart.de\/blog\/heilige-und-selige\/der-schlafende-heilige-josef-schutzpatron-von-papst-franziskus\/\">Statue des schlafenden heiligen Josef<\/a><\/strong> bei sich tr\u00e4gt, von der er behauptet, dass er sie durch Karten um Rat bittet, es war auch seine Entscheidung, das Jahr 2021 zum Jahr des heiligen Josef auszurufen, durch das Apostolische Schreiben <em>Patris corde<\/em> &#8211; \u201eMit dem Herzen eines Vaters\u201c. Auf diese Weise wollte der Papst den Wert einfacher, bescheidener Menschen anerkennen, die sich jeden Tag der Hilfe f\u00fcr andere widmen, wie dieser Zimmermann, der sein Leben dem Schutz seiner jungen Frau und eines Kindes widmete, das nicht sein eigenes war.<\/p>\n<div class=\"sp-styles-warning\" style=\"width: 450px; background-color: #FFF; color: #F00; border: 1px solid #F00; padding: 10px; font-size: 14px;\">\n\t\t\t<span style=\"font-weight: bold;\">Warning: The stylesheets were not loaded!<\/span> \n\t\t\tYou will need to change the <i>Load stylesheets<\/i> setting from <i>Automatically<\/i> to <i>On homepage<\/i> or <i>On all pages<\/i>. \n\t\t\tYou can set that <a style=\"text-decoration: underline; color: #F00;\" href=\"https:\/\/blog.holyart.it\/de\/wp-admin\/admin.php?page=sliderpro-settings\">here<\/a>.\n\t\t\t<\/div>\r\n<div id=\"slider-pro-65\" class=\"slider-pro sp-no-js\" style=\"width: 500px; height: 500px;\">\r\n\t<div class=\"sp-slides\">\r\n\t\t\r\n\t\t<div class=\"sp-slide\">\r\n\t\t\t<a class=\"\" href=\"https:\/\/www.holyart.de\/verbrauchsprodukte\/weihrauch\/duftol-narde-35ml\" title=\"Duft\u00f6l Narde 35ml\" target=\"_self\">\r\n\t\t\t\t<img loading=\"lazy\" decoding=\"async\" class=\"sp-image\" src=\"https:\/\/blog.holyart.it\/de\/wp-content\/uploads\/sites\/12\/2024\/02\/Duftoel-Narde-35ml.jpg\" alt=\"Duftoel Narde 35ml\" width=\"500\" height=\"500\" \/>\r\n\t\t\t<\/a>\r\n\t\t\t<div class=\"sp-thumbnail\"><a class=\"\" href=\"https:\/\/www.holyart.de\/verbrauchsprodukte\/weihrauch\/duftol-narde-35ml\" title=\"Duft\u00f6l Narde 35ml\">\r\n\t\t\t\t<img decoding=\"async\" src=\"https:\/\/blog.holyart.it\/de\/wp-content\/uploads\/sites\/12\/2024\/02\/Duftoel-Narde-35ml-150x150-1.jpg\" alt=\"Duftoel Narde 35ml\" \/>\r\n\t\t\t<\/a>\r\n\t\t\t<\/div>\r\n\t\t\t<div class=\"sp-caption\">Duft\u00f6l Narde 35ml<\/br><strong><a href=\"https:\/\/www.holyart.de\/verbrauchsprodukte\/weihrauch\/duftol-narde-35ml\">Bei Holyart kaufen<\/a><\/strong><\/div>\r\n\t\t<\/div>\r\n\t\t<div class=\"sp-slide\">\r\n\t\t\t<a class=\"\" href=\"https:\/\/www.holyart.de\/verbrauchsprodukte\/weihrauch\/duftol-narde-10ml\" title=\"Duft\u00f6l Narde 10 ml\" target=\"_self\">\r\n\t\t\t\t<img loading=\"lazy\" decoding=\"async\" class=\"sp-image\" src=\"https:\/\/blog.holyart.it\/de\/wp-content\/uploads\/sites\/12\/2024\/02\/Duftoel-Narde-10-ml.jpg\" alt=\"Duftoel Narde 10 ml\" width=\"500\" height=\"500\" \/>\r\n\t\t\t<\/a>\r\n\t\t\t<div class=\"sp-thumbnail\"><a class=\"\" href=\"https:\/\/www.holyart.de\/verbrauchsprodukte\/weihrauch\/duftol-narde-10ml\" title=\"Duft\u00f6l Narde 10 ml\">\r\n\t\t\t\t<img decoding=\"async\" src=\"https:\/\/blog.holyart.it\/de\/wp-content\/uploads\/sites\/12\/2024\/02\/Duftoel-Narde-10-ml-150x150-1.jpg\" alt=\"Duftoel Narde 10 ml\" \/>\r\n\t\t\t<\/a>\r\n\t\t\t<\/div>\r\n\t\t\t<div class=\"sp-caption\">Duft\u00f6l Narde 10ml<\/br><strong><a href=\"https:\/\/www.holyart.de\/verbrauchsprodukte\/weihrauch\/duftol-narde-10ml\">Bei Holyart kaufen<\/a><\/strong><\/div>\r\n\t\t<\/div>\r\n\t\t<div class=\"sp-slide\">\r\n\t\t\t<img loading=\"lazy\" decoding=\"async\" class=\"sp-image\" src=\"https:\/\/blog.holyart.it\/de\/wp-content\/uploads\/sites\/12\/2024\/02\/Duftoel-mit-Narden-Essenz-80ml.jpg\" alt=\"Duftoel mit Narden-Essenz 80ml\" width=\"500\" height=\"500\" \/>\r\n\t\t\t<div class=\"sp-thumbnail\"><a class=\"\" href=\"https:\/\/www.holyart.de\/verbrauchsprodukte\/weihrauch\/duftol-mit-narden-essenz-80ml\" title=\"Duft\u00f6l mit Narden-Essenz 80ml\">\r\n\t\t\t\t<img decoding=\"async\" src=\"https:\/\/blog.holyart.it\/de\/wp-content\/uploads\/sites\/12\/2024\/02\/Duftoel-mit-Narden-Essenz-80ml-1.jpg\" alt=\"Duftoel mit Narden-Essenz 80ml\" \/>\r\n\t\t\t<\/a>\r\n\t\t\t<\/div>\r\n\t\t\t<div class=\"sp-caption\">Duft\u00f6l mit Narden-Essenz 80ml<\/br><strong><a href=\"https:\/\/www.holyart.de\/verbrauchsprodukte\/weihrauch\/duftol-mit-narden-essenz-80ml\">Bei Holyart kaufen<\/a><\/strong><\/div>\r\n\t\t<\/div>\r\n\t<\/div>\r\n<\/div>\n<p>Um auf die Blume des heiligen Josef zur\u00fcckzukommen: W\u00e4hrend der heilige Josef in der g\u00e4ngigen Ikonographie oft mit <strong>einem Stock<\/strong> dargestellt wird, <strong>aus dem Lilien bl\u00fchen<\/strong>, die die Reinheit der Jungfrau symbolisieren, wird er in der <strong>sakralen Ikonographie der hispanischen L\u00e4nder<\/strong> oft mit einem Narde-Zweig in der Hand dargestellt. Der Spitzwegerich ist eine Pflanze aus der Familie der <em>Baldriangew\u00e4chse<\/em>, die in den Hochebenen Zentralasiens beheimatet ist, aber auch in Mexiko und Mittelamerika in bestimmten Sorten verbreitet ist. Seine Bl\u00fcten haben die Form von wei\u00dfen oder rosafarbenen \u00c4hren. Aus diesen Bl\u00fcten wird ein <strong>wohlriechendes \u00d6l <\/strong>gewonnen, das seit dem Altertum, als sehr wertvoll angesehen und als R\u00e4ucherwerk verwendet wird: <strong>das Narden\u00f6l<\/strong>. Es wird durch Zerkleinern und Destillieren des Inhalts des Rhizoms gewonnen, dem N\u00e4hrstoffspeicher der Pflanze, der ihr ein langes \u00dcberleben auch unter ung\u00fcnstigen klimatischen Bedingungen erm\u00f6glicht. Das Narden\u00f6l wird seit jeher wegen seiner beruhigenden Eigenschaften, aber auch wegen seiner antiseptischen Wirkung als Massage\u00f6l verwendet. Es beruhigt die unruhige Seele, senkt den Blutdruck, f\u00f6rdert eine gleichm\u00e4\u00dfige Atmung und wird daher auch heute noch h\u00e4ufig in der Aromatherapie verwendet, um R\u00e4ume zu parf\u00fcmieren und eine angenehme, entspannende Atmosph\u00e4re zu schaffen.<\/p>\n<p>Diese bernsteinfarbene, stark aromatische Fl\u00fcssigkeit, die aus der Narde gewonnen wird, gilt <strong>seit jeher als heilig<\/strong> und kommt auch in der <strong>Bibel<\/strong> h\u00e4ufig vor, vom <em>Hohelied<\/em> als <strong>Symbol der grenzenlosen Liebe<\/strong> bis zu den Evangelien <strong>als Symbol der g\u00f6ttlichen Liebe<\/strong>. Es wurde von einer Frau, vielleicht Maria Magdalena, vielleicht Maria von Bethanien, benutzt, um Jesu Kopf und F\u00fc\u00dfe zu salben. Das kostbare \u00d6l kostete die Frau bis zu dreihundert Denare, und daf\u00fcr wurde sie getadelt, als sie den Krug, in dem es sich befand, versehentlich zerbrach, aber in dieser Episode wollte man eine prophetische <strong><a href=\"https:\/\/www.holyart.de\/besondere-anlasse\/ostern-und-fastenzeit\/auferstandener-christus-und-priesterkonig\">Vorwegnahme des Todes Christi<\/a><\/strong> lesen, und in das kostbare \u00d6l floss das Symbol seiner Liebe, einer Liebe, die bis zur Hingabe des eigenen Lebens treu ist, die so unermesslich ist, dass sie bis zum \u00e4u\u00dfersten Opfer reicht, und die so kostbar ist, dass sie sich in dem Moment, in dem sie ausgegossen wird, verbreitet.<\/p>\n<p>Auch der Orden vom Heiligen Grab in Jerusalem l\u00e4sst sich von dieser besonderen Episode der Salbung Jesu durch die Frau inspirieren: So wie sie die Gliedma\u00dfen des Erl\u00f6sers salbte, pflegt und sch\u00fctzt der Orden die Kirche, den Leib Christi. Es ist kein Zufall, dass das \u00d6l der Narde seit jeher zu den elf Kr\u00e4utern geh\u00f6rt, die im Tempel von Jerusalem als <strong><a href=\"https:\/\/www.holyart.de\/verbrauchsprodukte\/weihrauch\">Weihrauch<\/a><\/strong> verwendet wurden.<\/p>\n<div class=\"sp-styles-warning\" style=\"width: 450px; background-color: #FFF; color: #F00; border: 1px solid #F00; padding: 10px; font-size: 14px;\">\n\t\t\t<span style=\"font-weight: bold;\">Warning: The stylesheets were not loaded!<\/span> \n\t\t\tYou will need to change the <i>Load stylesheets<\/i> setting from <i>Automatically<\/i> to <i>On homepage<\/i> or <i>On all pages<\/i>. \n\t\t\tYou can set that <a style=\"text-decoration: underline; color: #F00;\" href=\"https:\/\/blog.holyart.it\/de\/wp-admin\/admin.php?page=sliderpro-settings\">here<\/a>.\n\t\t\t<\/div>\r\n<div id=\"slider-pro-66\" class=\"slider-pro sp-no-js\" style=\"width: 500px; height: 500px;\">\r\n\t<div class=\"sp-slides\">\r\n\t\t\r\n\t\t<div class=\"sp-slide\">\r\n\t\t\t<a class=\"\" href=\"https:\/\/www.holyart.de\/devotionalien\/poster-und-bilder\/bild-auf-leinwand-heiliger-josef-25x20-cm\" title=\"Bild auf Leinwand Heiliger Josef 25x20 cm\" target=\"_self\">\r\n\t\t\t\t<img loading=\"lazy\" decoding=\"async\" class=\"sp-image\" src=\"https:\/\/blog.holyart.it\/de\/wp-content\/uploads\/sites\/12\/2024\/02\/Bild-auf-Leinwand-Heiliger-Josef-25x20-cm.jpg\" alt=\"Bild auf Leinwand Heiliger Josef 25x20 cm\" width=\"500\" height=\"500\" \/>\r\n\t\t\t<\/a>\r\n\t\t\t<div class=\"sp-thumbnail\"><a class=\"\" href=\"https:\/\/www.holyart.de\/devotionalien\/poster-und-bilder\/bild-auf-leinwand-heiliger-josef-25x20-cm\" title=\"Bild auf Leinwand Heiliger Josef 25x20 cm\">\r\n\t\t\t\t<img decoding=\"async\" src=\"https:\/\/blog.holyart.it\/de\/wp-content\/uploads\/sites\/12\/2024\/02\/Bild-auf-Leinwand-Heiliger-Josef-25x20-cm-150x150-1.jpg\" alt=\"Bild auf Leinwand Heiliger Josef 25x20 cm\" \/>\r\n\t\t\t<\/a>\r\n\t\t\t<\/div>\r\n\t\t\t<div class=\"sp-caption\">Bild auf Leinwand Heiliger Josef 25x20 cm<\/br><strong><a href=\"https:\/\/www.holyart.de\/devotionalien\/poster-und-bilder\/bild-auf-leinwand-heiliger-josef-25x20-cm\">Bei Holyart kaufen<\/a><\/strong><\/div>\r\n\t\t<\/div>\r\n\t\t<div class=\"sp-slide\">\r\n\t\t\t<a class=\"\" href=\"https:\/\/www.holyart.de\/devotionalien\/schmuck\/anhanger-kreuze-broschen-ketten\/medaille-heiliger-josef-silber-925-10mm\" title=\"Medaille Heiliger Josef Silber 925 10mm\" target=\"_self\">\r\n\t\t\t\t<img loading=\"lazy\" decoding=\"async\" class=\"sp-image\" src=\"https:\/\/blog.holyart.it\/de\/wp-content\/uploads\/sites\/12\/2024\/02\/Medaille-Heiliger-Josef-Silber-925-10mm.jpg\" alt=\"Medaille Heiliger Josef Silber 925 10mm\" width=\"500\" height=\"500\" \/>\r\n\t\t\t<\/a>\r\n\t\t\t<div class=\"sp-thumbnail\"><a class=\"\" href=\"https:\/\/www.holyart.de\/devotionalien\/schmuck\/anhanger-kreuze-broschen-ketten\/medaille-heiliger-josef-silber-925-10mm\" title=\"Medaille Heiliger Josef Silber 925 10mm\">\r\n\t\t\t\t<img decoding=\"async\" src=\"https:\/\/blog.holyart.it\/de\/wp-content\/uploads\/sites\/12\/2024\/02\/Medaille-Heiliger-Josef-Silber-925-10mm-150x150-1.jpg\" alt=\"Medaille Heiliger Josef Silber 925 10mm\" \/>\r\n\t\t\t<\/a>\r\n\t\t\t<\/div>\r\n\t\t\t<div class=\"sp-caption\">Medaille Heiliger Josef Silber 925 10mm<\/br><strong><a href=\"https:\/\/www.holyart.de\/devotionalien\/schmuck\/anhanger-kreuze-broschen-ketten\/medaille-heiliger-josef-silber-925-10mm\">Bei Holyart kaufen<\/a><\/strong><\/div>\r\n\t\t<\/div>\r\n\t\t<div class=\"sp-slide\">\r\n\t\t\t<a class=\"\" href=\"https:\/\/www.holyart.de\/devotionalien\/statuen\/marmor-pulver-statuen-aus-medjugorje\/schlafender-sankt-joseph-aus-marmorstaub-mit-weissem-gewand-12-cm\" title=\"Schlafender Sankt Joseph 12 cm\" target=\"_self\">\r\n\t\t\t\t<img loading=\"lazy\" decoding=\"async\" class=\"sp-image\" src=\"https:\/\/blog.holyart.it\/de\/wp-content\/uploads\/sites\/12\/2024\/02\/Schlafender-Sankt-Joseph-12-cm.jpg\" alt=\"Schlafender Sankt Joseph 12 cm\" width=\"500\" height=\"500\" \/>\r\n\t\t\t<\/a>\r\n\t\t\t<div class=\"sp-thumbnail\"><a class=\"\" href=\"https:\/\/www.holyart.de\/devotionalien\/statuen\/marmor-pulver-statuen-aus-medjugorje\/schlafender-sankt-joseph-aus-marmorstaub-mit-weissem-gewand-12-cm\" title=\"Schlafender Sankt Joseph 12 cm\">\r\n\t\t\t\t<img decoding=\"async\" src=\"https:\/\/blog.holyart.it\/de\/wp-content\/uploads\/sites\/12\/2024\/02\/Schlafender-Sankt-Joseph-12-cm-150x150-1.jpg\" alt=\"Schlafender Sankt Joseph 12 cm\" \/>\r\n\t\t\t<\/a>\r\n\t\t\t<\/div>\r\n\t\t\t<div class=\"sp-caption\">Schlafender Sankt Joseph<\/br><strong><a href=\"https:\/\/www.holyart.de\/devotionalien\/statuen\/marmor-pulver-statuen-aus-medjugorje\/schlafender-sankt-joseph-aus-marmorstaub-mit-weissem-gewand-12-cm\">Bei Holyart kaufen<\/a><\/strong><\/div>\r\n\t\t<\/div>\r\n\t\t<div class=\"sp-slide\">\r\n\t\t\t<a class=\"\" href=\"https:\/\/www.holyart.de\/devotionalien\/wandteppiche\/wandteppich-heiliger-josef-mit-lilie-mit-rahmen-und-schlaufen-50x40-cm\" title=\"Wandteppich Heiliger Josef mit Lilie 50x40 cm\" target=\"_self\">\r\n\t\t\t\t<img loading=\"lazy\" decoding=\"async\" class=\"sp-image\" src=\"https:\/\/blog.holyart.it\/de\/wp-content\/uploads\/sites\/12\/2024\/02\/Wandteppich-Heiliger-Josef-mit-Lilie-50x40-cm.jpg\" alt=\"Wandteppich Heiliger Josef mit Lilie 50x40 cm\" width=\"500\" height=\"500\" \/>\r\n\t\t\t<\/a>\r\n\t\t\t<div class=\"sp-thumbnail\"><a class=\"\" href=\"https:\/\/www.holyart.de\/devotionalien\/wandteppiche\/wandteppich-heiliger-josef-mit-lilie-mit-rahmen-und-schlaufen-50x40-cm\" title=\"Wandteppich Heiliger Josef mit Lilie 50x40 cm\">\r\n\t\t\t\t<img decoding=\"async\" src=\"https:\/\/blog.holyart.it\/de\/wp-content\/uploads\/sites\/12\/2024\/02\/Wandteppich-Heiliger-Josef-mit-Lilie-50x40-cm-150x150-1.jpg\" alt=\"Wandteppich Heiliger Josef mit Lilie 50x40 cm\" \/>\r\n\t\t\t<\/a>\r\n\t\t\t<\/div>\r\n\t\t\t<div class=\"sp-caption\">Wandteppich Heiliger Josef mit Lilie 50x40 cm<\/br><strong><a href=\"https:\/\/www.holyart.de\/devotionalien\/wandteppiche\/wandteppich-heiliger-josef-mit-lilie-mit-rahmen-und-schlaufen-50x40-cm\">Bei Holyart kaufen<\/a><\/strong><\/div>\r\n\t\t<\/div>\r\n\t\t<div class=\"sp-slide\">\r\n\t\t\t<a class=\"\" href=\"https:\/\/www.holyart.de\/devotionalien\/ikonen\/rumanische-ikonen\/ikone-josef-mit-christkind\" title=\"Ikone Josef mit Christkind\" target=\"_self\">\r\n\t\t\t\t<img loading=\"lazy\" decoding=\"async\" class=\"sp-image\" src=\"https:\/\/blog.holyart.it\/de\/wp-content\/uploads\/sites\/12\/2024\/02\/Ikone-Josef-mit-Christkind.jpg\" alt=\"Ikone Josef mit Christkind\" width=\"500\" height=\"500\" \/>\r\n\t\t\t<\/a>\r\n\t\t\t<div class=\"sp-thumbnail\"><a class=\"\" href=\"https:\/\/www.holyart.de\/devotionalien\/ikonen\/rumanische-ikonen\/ikone-josef-mit-christkind\" title=\"Ikone Josef mit Christkind\">\r\n\t\t\t\t<img decoding=\"async\" src=\"https:\/\/blog.holyart.it\/de\/wp-content\/uploads\/sites\/12\/2024\/02\/Ikone-Josef-mit-Christkind-150x150-1.jpg\" alt=\"Ikone Josef mit Christkind\" \/>\r\n\t\t\t<\/a>\r\n\t\t\t<\/div>\r\n\t\t\t<div class=\"sp-caption\">Ikone Josef mit Christkind<\/br><strong><a href=\"https:\/\/www.holyart.de\/devotionalien\/ikonen\/rumanische-ikonen\/ikone-josef-mit-christkind\">Bei Holyart kaufen<\/a><\/strong><\/div>\r\n\t\t<\/div>\r\n\t<\/div>\r\n<\/div>\n<h2>Das Symbol der Narde<\/h2>\n<p>Die mit <a href=\"https:\/\/www.holyart.de\/besondere-anlasse\/heiliger-josef\"><strong>der Ikonographie des heiligen Josef<\/strong><\/a> verbundene Narde unterscheidet sich stark von der Blume auf dem Wappen von Papst Franziskus: Die erste, die auf Heiligenkarten und Heiligenbildern zu sehen ist, steht bereits in voller Bl\u00fcte und erinnert stark an eine Lilie, w\u00e4hrend die Blume auf dem Wappen des Papstes eher wie eine Weintraube aussieht. Vielleicht wollte der Papst auf diese Weise nicht nur seine Verehrung f\u00fcr den heiligen Josef zum Ausdruck bringen, sondern auch seine <strong>Hoffnung<\/strong> auf etwas Gutes, das noch kommen wird, eine Hoffnung f\u00fcr die Welt, die sich erst noch entfalten muss, um zu erbl\u00fchen, wie eine Blume.<\/p>\n<p>Denn die Zuordnung der Narde zum heiligen Josef ist auch mit dem <strong>Zeitpunkt der Bl\u00fcte<\/strong> dieser Blume verbunden. Josef wird immer mit einem bl\u00fchenden Stock in der Hand dargestellt, weil ihn der \u00dcberlieferung nach jemand verspottete, als er erfuhr, dass Maria schwanger war, aber nicht von ihm, und ihn herausforderte: Wenn er wirklich ein Engel gewesen w\u00e4re, h\u00e4tte sein Stock bl\u00fchen m\u00fcssen. Und das tat er auch. Nach einer anderen \u00dcberlieferung war gerade das Aufbl\u00fchen des Stabes das wundersame Zeichen, mit dem der Himmel den Priestern anzeigte, welcher Junggeselle als <strong><a href=\"https:\/\/www.holyart.de\/search?params=%7B%22search%22%3A%22JUNGFRAU%20MARIA%22%7D&amp;search_term=JUNGFRAU+MARIA\">Marias<\/a><\/strong> Br\u00e4utigam ausgew\u00e4hlt werden sollte.<\/p>\n","protected":false},"excerpt":{"rendered":"<p>Der heilige Josef, Symbol aller V\u00e4ter. Papst Franziskus hat ihm das Jahr 2021 gewidmet. Aber heute sprechen wir \u00fcber einen ungew\u00f6hnlichen Aspekt von ihm: die Blume des heiligen Josef \u00dcber die Bedeutung des heiligen Josef, des mutma\u00dflichen Vaters Jesu, des Patrons und Besch\u00fctzers der Weltkirche&hellip;<\/p>\n","protected":false},"author":1,"featured_media":3757,"comment_status":"closed","ping_status":"open","sticky":false,"template":"","format":"standard","meta":{"_acf_changed":false,"footnotes":""},"categories":[10],"tags":[],"class_list":["post-3756","post","type-post","status-publish","format-standard","has-post-thumbnail","hentry","category-devotionalien"],"acf":[],"yoast_head":"<!-- This site is optimized with the Yoast SEO plugin v26.6 - https:\/\/yoast.com\/wordpress\/plugins\/seo\/ -->\n<title>Die Blume des heiligen Josef ist die Narde: warum? - Holyart.de Blog<\/title>\n<meta name=\"description\" content=\"Der heilige Josef, Symbol aller V\u00e4ter. Papst Franziskus hat ihm das Jahr 2021 gewidmet. Aber heute sprechen wir \u00fcber einen ungew\u00f6hnlichen...\" \/>\n<meta name=\"robots\" content=\"index, follow, max-snippet:-1, max-image-preview:large, max-video-preview:-1\" \/>\n<link rel=\"canonical\" href=\"https:\/\/blog.holyart.it\/de\/devotionalien\/die-blume-des-heiligen-josef-ist-die-narde-warum\/\" \/>\n<meta property=\"og:locale\" content=\"de_DE\" \/>\n<meta property=\"og:type\" content=\"article\" \/>\n<meta property=\"og:title\" content=\"Die Blume des heiligen Josef ist die Narde: warum? - Holyart.de Blog\" \/>\n<meta property=\"og:description\" content=\"Der heilige Josef, Symbol aller V\u00e4ter. Papst Franziskus hat ihm das Jahr 2021 gewidmet. Aber heute sprechen wir \u00fcber einen ungew\u00f6hnlichen...\" \/>\n<meta property=\"og:url\" content=\"https:\/\/blog.holyart.it\/de\/devotionalien\/die-blume-des-heiligen-josef-ist-die-narde-warum\/\" \/>\n<meta property=\"og:site_name\" content=\"Holyart.de Blog\" \/>\n<meta property=\"article:published_time\" content=\"2024-03-11T09:00:42+00:00\" \/>\n<meta property=\"article:modified_time\" content=\"2025-02-11T14:28:34+00:00\" \/>\n<meta property=\"og:image\" content=\"https:\/\/blog.holyart.it\/de\/wp-content\/uploads\/sites\/12\/2024\/02\/Die-Blume-des-heiligen-Josef-ist-die-Narde-warum.jpeg\" \/>\n\t<meta property=\"og:image:width\" content=\"1000\" \/>\n\t<meta property=\"og:image:height\" content=\"666\" \/>\n\t<meta property=\"og:image:type\" content=\"image\/jpeg\" \/>\n<meta name=\"author\" content=\"Redazione\" \/>\n<meta name=\"twitter:card\" content=\"summary_large_image\" \/>\n<meta name=\"twitter:label1\" content=\"Verfasst von\" \/>\n\t<meta name=\"twitter:data1\" content=\"Redazione\" \/>\n\t<meta name=\"twitter:label2\" content=\"Gesch\u00e4tzte Lesezeit\" \/>\n\t<meta name=\"twitter:data2\" content=\"6\u00a0Minuten\" \/>\n<script type=\"application\/ld+json\" class=\"yoast-schema-graph\">{\"@context\":\"https:\/\/schema.org\",\"@graph\":[{\"@type\":\"Article\",\"@id\":\"https:\/\/blog.holyart.it\/de\/devotionalien\/die-blume-des-heiligen-josef-ist-die-narde-warum\/#article\",\"isPartOf\":{\"@id\":\"https:\/\/blog.holyart.it\/de\/devotionalien\/die-blume-des-heiligen-josef-ist-die-narde-warum\/\"},\"author\":{\"name\":\"Redazione\",\"@id\":\"https:\/\/blog.holyart.it\/de\/#\/schema\/person\/0a7b686e5af0f856ec1e390dd0baecda\"},\"headline\":\"Die Blume des heiligen Josef ist die Narde: warum?\",\"datePublished\":\"2024-03-11T09:00:42+00:00\",\"dateModified\":\"2025-02-11T14:28:34+00:00\",\"mainEntityOfPage\":{\"@id\":\"https:\/\/blog.holyart.it\/de\/devotionalien\/die-blume-des-heiligen-josef-ist-die-narde-warum\/\"},\"wordCount\":931,\"publisher\":{\"@id\":\"https:\/\/blog.holyart.it\/de\/#organization\"},\"image\":{\"@id\":\"https:\/\/blog.holyart.it\/de\/devotionalien\/die-blume-des-heiligen-josef-ist-die-narde-warum\/#primaryimage\"},\"thumbnailUrl\":\"https:\/\/blog.holyart.it\/de\/wp-content\/uploads\/sites\/12\/2024\/02\/Die-Blume-des-heiligen-Josef-ist-die-Narde-warum.jpeg\",\"articleSection\":[\"Religion\"],\"inLanguage\":\"de\"},{\"@type\":\"WebPage\",\"@id\":\"https:\/\/blog.holyart.it\/de\/devotionalien\/die-blume-des-heiligen-josef-ist-die-narde-warum\/\",\"url\":\"https:\/\/blog.holyart.it\/de\/devotionalien\/die-blume-des-heiligen-josef-ist-die-narde-warum\/\",\"name\":\"Die Blume des heiligen Josef ist die Narde: warum? - Holyart.de Blog\",\"isPartOf\":{\"@id\":\"https:\/\/blog.holyart.it\/de\/#website\"},\"primaryImageOfPage\":{\"@id\":\"https:\/\/blog.holyart.it\/de\/devotionalien\/die-blume-des-heiligen-josef-ist-die-narde-warum\/#primaryimage\"},\"image\":{\"@id\":\"https:\/\/blog.holyart.it\/de\/devotionalien\/die-blume-des-heiligen-josef-ist-die-narde-warum\/#primaryimage\"},\"thumbnailUrl\":\"https:\/\/blog.holyart.it\/de\/wp-content\/uploads\/sites\/12\/2024\/02\/Die-Blume-des-heiligen-Josef-ist-die-Narde-warum.jpeg\",\"datePublished\":\"2024-03-11T09:00:42+00:00\",\"dateModified\":\"2025-02-11T14:28:34+00:00\",\"description\":\"Der heilige Josef, Symbol aller V\u00e4ter. Papst Franziskus hat ihm das Jahr 2021 gewidmet. Aber heute sprechen wir \u00fcber einen ungew\u00f6hnlichen...\",\"breadcrumb\":{\"@id\":\"https:\/\/blog.holyart.it\/de\/devotionalien\/die-blume-des-heiligen-josef-ist-die-narde-warum\/#breadcrumb\"},\"inLanguage\":\"de\",\"potentialAction\":[{\"@type\":\"ReadAction\",\"target\":[\"https:\/\/blog.holyart.it\/de\/devotionalien\/die-blume-des-heiligen-josef-ist-die-narde-warum\/\"]}]},{\"@type\":\"ImageObject\",\"inLanguage\":\"de\",\"@id\":\"https:\/\/blog.holyart.it\/de\/devotionalien\/die-blume-des-heiligen-josef-ist-die-narde-warum\/#primaryimage\",\"url\":\"https:\/\/blog.holyart.it\/de\/wp-content\/uploads\/sites\/12\/2024\/02\/Die-Blume-des-heiligen-Josef-ist-die-Narde-warum.jpeg\",\"contentUrl\":\"https:\/\/blog.holyart.it\/de\/wp-content\/uploads\/sites\/12\/2024\/02\/Die-Blume-des-heiligen-Josef-ist-die-Narde-warum.jpeg\",\"width\":1000,\"height\":666,\"caption\":\"Die Blume des heiligen Josef ist die Narde: warum?\"},{\"@type\":\"BreadcrumbList\",\"@id\":\"https:\/\/blog.holyart.it\/de\/devotionalien\/die-blume-des-heiligen-josef-ist-die-narde-warum\/#breadcrumb\",\"itemListElement\":[{\"@type\":\"ListItem\",\"position\":1,\"name\":\"Homepage\",\"item\":\"https:\/\/blog.holyart.it\/de\/\"},{\"@type\":\"ListItem\",\"position\":2,\"name\":\"Religion\",\"item\":\"https:\/\/blog.holyart.it\/de\/devotionalien\/\"},{\"@type\":\"ListItem\",\"position\":3,\"name\":\"Die Blume des heiligen Josef ist die Narde: warum?\"}]},{\"@type\":\"WebSite\",\"@id\":\"https:\/\/blog.holyart.it\/de\/#website\",\"url\":\"https:\/\/blog.holyart.it\/de\/\",\"name\":\"Holyart.de Blog\",\"description\":\"Holyblog\",\"publisher\":{\"@id\":\"https:\/\/blog.holyart.it\/de\/#organization\"},\"potentialAction\":[{\"@type\":\"SearchAction\",\"target\":{\"@type\":\"EntryPoint\",\"urlTemplate\":\"https:\/\/blog.holyart.it\/de\/?s={search_term_string}\"},\"query-input\":{\"@type\":\"PropertyValueSpecification\",\"valueRequired\":true,\"valueName\":\"search_term_string\"}}],\"inLanguage\":\"de\"},{\"@type\":\"Organization\",\"@id\":\"https:\/\/blog.holyart.it\/de\/#organization\",\"name\":\"Holyart.de Blog\",\"url\":\"https:\/\/blog.holyart.it\/de\/\",\"logo\":{\"@type\":\"ImageObject\",\"inLanguage\":\"de\",\"@id\":\"https:\/\/blog.holyart.it\/de\/#\/schema\/logo\/image\/\",\"url\":\"https:\/\/blog.holyart.it\/de\/wp-content\/uploads\/sites\/12\/2022\/12\/Holyart_Blog_Logo.jpg\",\"contentUrl\":\"https:\/\/blog.holyart.it\/de\/wp-content\/uploads\/sites\/12\/2022\/12\/Holyart_Blog_Logo.jpg\",\"width\":300,\"height\":50,\"caption\":\"Holyart.de Blog\"},\"image\":{\"@id\":\"https:\/\/blog.holyart.it\/de\/#\/schema\/logo\/image\/\"}},{\"@type\":\"Person\",\"@id\":\"https:\/\/blog.holyart.it\/de\/#\/schema\/person\/0a7b686e5af0f856ec1e390dd0baecda\",\"name\":\"Redazione\",\"image\":{\"@type\":\"ImageObject\",\"inLanguage\":\"de\",\"@id\":\"https:\/\/blog.holyart.it\/de\/#\/schema\/person\/image\/\",\"url\":\"https:\/\/secure.gravatar.com\/avatar\/f477da817f43e50d0af36abecd33e3edf826c68299714bdc1057dff3b113f516?s=96&d=mm&r=g\",\"contentUrl\":\"https:\/\/secure.gravatar.com\/avatar\/f477da817f43e50d0af36abecd33e3edf826c68299714bdc1057dff3b113f516?s=96&d=mm&r=g\",\"caption\":\"Redazione\"}}]}<\/script>\n<!-- \/ Yoast SEO plugin. -->","yoast_head_json":{"title":"Die Blume des heiligen Josef ist die Narde: warum? - Holyart.de Blog","description":"Der heilige Josef, Symbol aller V\u00e4ter. Papst Franziskus hat ihm das Jahr 2021 gewidmet. Aber heute sprechen wir \u00fcber einen ungew\u00f6hnlichen...","robots":{"index":"index","follow":"follow","max-snippet":"max-snippet:-1","max-image-preview":"max-image-preview:large","max-video-preview":"max-video-preview:-1"},"canonical":"https:\/\/blog.holyart.it\/de\/devotionalien\/die-blume-des-heiligen-josef-ist-die-narde-warum\/","og_locale":"de_DE","og_type":"article","og_title":"Die Blume des heiligen Josef ist die Narde: warum? - Holyart.de Blog","og_description":"Der heilige Josef, Symbol aller V\u00e4ter. Papst Franziskus hat ihm das Jahr 2021 gewidmet. Aber heute sprechen wir \u00fcber einen ungew\u00f6hnlichen...","og_url":"https:\/\/blog.holyart.it\/de\/devotionalien\/die-blume-des-heiligen-josef-ist-die-narde-warum\/","og_site_name":"Holyart.de Blog","article_published_time":"2024-03-11T09:00:42+00:00","article_modified_time":"2025-02-11T14:28:34+00:00","og_image":[{"width":1000,"height":666,"url":"https:\/\/blog.holyart.it\/de\/wp-content\/uploads\/sites\/12\/2024\/02\/Die-Blume-des-heiligen-Josef-ist-die-Narde-warum.jpeg","type":"image\/jpeg"}],"author":"Redazione","twitter_card":"summary_large_image","twitter_misc":{"Verfasst von":"Redazione","Gesch\u00e4tzte Lesezeit":"6\u00a0Minuten"},"schema":{"@context":"https:\/\/schema.org","@graph":[{"@type":"Article","@id":"https:\/\/blog.holyart.it\/de\/devotionalien\/die-blume-des-heiligen-josef-ist-die-narde-warum\/#article","isPartOf":{"@id":"https:\/\/blog.holyart.it\/de\/devotionalien\/die-blume-des-heiligen-josef-ist-die-narde-warum\/"},"author":{"name":"Redazione","@id":"https:\/\/blog.holyart.it\/de\/#\/schema\/person\/0a7b686e5af0f856ec1e390dd0baecda"},"headline":"Die Blume des heiligen Josef ist die Narde: warum?","datePublished":"2024-03-11T09:00:42+00:00","dateModified":"2025-02-11T14:28:34+00:00","mainEntityOfPage":{"@id":"https:\/\/blog.holyart.it\/de\/devotionalien\/die-blume-des-heiligen-josef-ist-die-narde-warum\/"},"wordCount":931,"publisher":{"@id":"https:\/\/blog.holyart.it\/de\/#organization"},"image":{"@id":"https:\/\/blog.holyart.it\/de\/devotionalien\/die-blume-des-heiligen-josef-ist-die-narde-warum\/#primaryimage"},"thumbnailUrl":"https:\/\/blog.holyart.it\/de\/wp-content\/uploads\/sites\/12\/2024\/02\/Die-Blume-des-heiligen-Josef-ist-die-Narde-warum.jpeg","articleSection":["Religion"],"inLanguage":"de"},{"@type":"WebPage","@id":"https:\/\/blog.holyart.it\/de\/devotionalien\/die-blume-des-heiligen-josef-ist-die-narde-warum\/","url":"https:\/\/blog.holyart.it\/de\/devotionalien\/die-blume-des-heiligen-josef-ist-die-narde-warum\/","name":"Die Blume des heiligen Josef ist die Narde: warum? - Holyart.de Blog","isPartOf":{"@id":"https:\/\/blog.holyart.it\/de\/#website"},"primaryImageOfPage":{"@id":"https:\/\/blog.holyart.it\/de\/devotionalien\/die-blume-des-heiligen-josef-ist-die-narde-warum\/#primaryimage"},"image":{"@id":"https:\/\/blog.holyart.it\/de\/devotionalien\/die-blume-des-heiligen-josef-ist-die-narde-warum\/#primaryimage"},"thumbnailUrl":"https:\/\/blog.holyart.it\/de\/wp-content\/uploads\/sites\/12\/2024\/02\/Die-Blume-des-heiligen-Josef-ist-die-Narde-warum.jpeg","datePublished":"2024-03-11T09:00:42+00:00","dateModified":"2025-02-11T14:28:34+00:00","description":"Der heilige Josef, Symbol aller V\u00e4ter. Papst Franziskus hat ihm das Jahr 2021 gewidmet. Aber heute sprechen wir \u00fcber einen ungew\u00f6hnlichen...","breadcrumb":{"@id":"https:\/\/blog.holyart.it\/de\/devotionalien\/die-blume-des-heiligen-josef-ist-die-narde-warum\/#breadcrumb"},"inLanguage":"de","potentialAction":[{"@type":"ReadAction","target":["https:\/\/blog.holyart.it\/de\/devotionalien\/die-blume-des-heiligen-josef-ist-die-narde-warum\/"]}]},{"@type":"ImageObject","inLanguage":"de","@id":"https:\/\/blog.holyart.it\/de\/devotionalien\/die-blume-des-heiligen-josef-ist-die-narde-warum\/#primaryimage","url":"https:\/\/blog.holyart.it\/de\/wp-content\/uploads\/sites\/12\/2024\/02\/Die-Blume-des-heiligen-Josef-ist-die-Narde-warum.jpeg","contentUrl":"https:\/\/blog.holyart.it\/de\/wp-content\/uploads\/sites\/12\/2024\/02\/Die-Blume-des-heiligen-Josef-ist-die-Narde-warum.jpeg","width":1000,"height":666,"caption":"Die Blume des heiligen Josef ist die Narde: warum?"},{"@type":"BreadcrumbList","@id":"https:\/\/blog.holyart.it\/de\/devotionalien\/die-blume-des-heiligen-josef-ist-die-narde-warum\/#breadcrumb","itemListElement":[{"@type":"ListItem","position":1,"name":"Homepage","item":"https:\/\/blog.holyart.it\/de\/"},{"@type":"ListItem","position":2,"name":"Religion","item":"https:\/\/blog.holyart.it\/de\/devotionalien\/"},{"@type":"ListItem","position":3,"name":"Die Blume des heiligen Josef ist die Narde: warum?"}]},{"@type":"WebSite","@id":"https:\/\/blog.holyart.it\/de\/#website","url":"https:\/\/blog.holyart.it\/de\/","name":"Holyart.de Blog","description":"Holyblog","publisher":{"@id":"https:\/\/blog.holyart.it\/de\/#organization"},"potentialAction":[{"@type":"SearchAction","target":{"@type":"EntryPoint","urlTemplate":"https:\/\/blog.holyart.it\/de\/?s={search_term_string}"},"query-input":{"@type":"PropertyValueSpecification","valueRequired":true,"valueName":"search_term_string"}}],"inLanguage":"de"},{"@type":"Organization","@id":"https:\/\/blog.holyart.it\/de\/#organization","name":"Holyart.de Blog","url":"https:\/\/blog.holyart.it\/de\/","logo":{"@type":"ImageObject","inLanguage":"de","@id":"https:\/\/blog.holyart.it\/de\/#\/schema\/logo\/image\/","url":"https:\/\/blog.holyart.it\/de\/wp-content\/uploads\/sites\/12\/2022\/12\/Holyart_Blog_Logo.jpg","contentUrl":"https:\/\/blog.holyart.it\/de\/wp-content\/uploads\/sites\/12\/2022\/12\/Holyart_Blog_Logo.jpg","width":300,"height":50,"caption":"Holyart.de Blog"},"image":{"@id":"https:\/\/blog.holyart.it\/de\/#\/schema\/logo\/image\/"}},{"@type":"Person","@id":"https:\/\/blog.holyart.it\/de\/#\/schema\/person\/0a7b686e5af0f856ec1e390dd0baecda","name":"Redazione","image":{"@type":"ImageObject","inLanguage":"de","@id":"https:\/\/blog.holyart.it\/de\/#\/schema\/person\/image\/","url":"https:\/\/secure.gravatar.com\/avatar\/f477da817f43e50d0af36abecd33e3edf826c68299714bdc1057dff3b113f516?s=96&d=mm&r=g","contentUrl":"https:\/\/secure.gravatar.com\/avatar\/f477da817f43e50d0af36abecd33e3edf826c68299714bdc1057dff3b113f516?s=96&d=mm&r=g","caption":"Redazione"}}]}},"_links":{"self":[{"href":"https:\/\/blog.holyart.it\/de\/wp-json\/wp\/v2\/posts\/3756","targetHints":{"allow":["GET"]}}],"collection":[{"href":"https:\/\/blog.holyart.it\/de\/wp-json\/wp\/v2\/posts"}],"about":[{"href":"https:\/\/blog.holyart.it\/de\/wp-json\/wp\/v2\/types\/post"}],"author":[{"embeddable":true,"href":"https:\/\/blog.holyart.it\/de\/wp-json\/wp\/v2\/users\/1"}],"replies":[{"embeddable":true,"href":"https:\/\/blog.holyart.it\/de\/wp-json\/wp\/v2\/comments?post=3756"}],"version-history":[{"count":4,"href":"https:\/\/blog.holyart.it\/de\/wp-json\/wp\/v2\/posts\/3756\/revisions"}],"predecessor-version":[{"id":3780,"href":"https:\/\/blog.holyart.it\/de\/wp-json\/wp\/v2\/posts\/3756\/revisions\/3780"}],"wp:featuredmedia":[{"embeddable":true,"href":"https:\/\/blog.holyart.it\/de\/wp-json\/wp\/v2\/media\/3757"}],"wp:attachment":[{"href":"https:\/\/blog.holyart.it\/de\/wp-json\/wp\/v2\/media?parent=3756"}],"wp:term":[{"taxonomy":"category","embeddable":true,"href":"https:\/\/blog.holyart.it\/de\/wp-json\/wp\/v2\/categories?post=3756"},{"taxonomy":"post_tag","embeddable":true,"href":"https:\/\/blog.holyart.it\/de\/wp-json\/wp\/v2\/tags?post=3756"}],"curies":[{"name":"wp","href":"https:\/\/api.w.org\/{rel}","templated":true}]}}