{"id":369,"date":"2017-07-12T15:40:48","date_gmt":"2017-07-12T13:40:48","guid":{"rendered":"https:\/\/blog.holyart.it\/de\/?p=369"},"modified":"2018-02-08T12:28:29","modified_gmt":"2018-02-08T11:28:29","slug":"verehrung-von-heiligen-bildern","status":"publish","type":"post","link":"https:\/\/blog.holyart.it\/de\/heilige-und-selige\/verehrung-von-heiligen-bildern\/","title":{"rendered":"Verehrung von heiligen Bildern"},"content":{"rendered":"<p>Die katholische Kirche hat immer <strong><span style=\"color: #0000ff;\"><a style=\"color: #0000ff;\" href=\"https:\/\/www.holyart.de\/devotionalien\/statuen\">heilige Bilder und Statuen<\/a><\/span><\/strong> f\u00fcr die Praxis der Anbetung verwendet. Nat\u00fcrlich kommt es nicht in den Sinn, dass die ersten Christen gezwungen waren, ihren Glauben zu verbergen und ihre Anbetung in geheimen Orten zu f\u00fchren, wo sie h\u00f6chstens geheimen Symbolen f\u00fcr ihre Feinde unverst\u00e4ndlich, nutzen konnten. Aber auch sie sammelten die \u00dcberreste der fr\u00fchen M\u00e4rtyrer, die Heiligen werden sollten, und respektierten und verehrten sie als Gegenst\u00e4nde der Anbetung.<\/p>\n<p>Viele alte und moderne Religionen sind ikonoklastisch oder verurteilen die Anbetung der Bilder: Denken an den Islam, der die Darstellung des Bildes von Muhammad verbietet, aber auch der Protestantismus, der einst die Zerst\u00f6rung vieler Statuen und Bilder in katholischen Kirchen verurteilte und verordnete. Sogar die Bibel verurteilt den G\u00f6tzendienst, und viele Passagen der Heiligen Schrift verbieten den Bau von Statuen und Bildern, obwohl diese Verurteilung nur auf die Darstellung der heidnischen G\u00f6tter gerichtet ist.<\/p>\n<p>Die Bibel verbietet G\u00f6tzendienst und nicht die Sch\u00f6pfung von Bildern f\u00fcr die Anbetung und Verehrung des einen wahren Gottes. In der Tat, in anderen Schriften, Gott selbst befahl den Menschen, ihre Hingabe zu zeigen, indem sie Statuen und Gegenst\u00e4nde der Verehrung machten.<\/p>\n<p>Der Gebrauch der heiligen Bilder, die Verehrung der Statuen Jesu oder der Jungfrau Maria oder der Heiligen ist also nicht im Widerspruch zu den Lehren der Bibel. In der Tat ist es irgendwie das Erbe jener ersten Anzeichen von Hingabe, Mitgef\u00fchl und Liebe, die von den fr\u00fchen Christen zu den \u00dcberresten der M\u00e4rtyrer gebracht wurden. Es war der Rat von Nicaea im Jahre 787, der die Verwendung von heiligen Bildern formalisierte und weihte.<\/p>\n<p>Es wurde ihnen das gleiche Niveau der Heiligkeit gegeben, das dem Kreuz gegeben wurde, und daher das Recht, in den Kirchen, w\u00e4hrend der Feierlichkeiten oder als Gegenstand der Verehrung durch die Gl\u00e4ubigen, in Privath\u00e4usern und \u00f6ffentlichen Pl\u00e4tzen verwendet zu werden. Wie vom Rat festgelegt, konnten heilige Bilder gemalt werden, die in Form von Mosaiken gemacht wurden, geschnitzt, gewebt, vorausgesetzt, dass sie: &#8222;sind Bilder des Herrn Gott und Erl\u00f6ser Jesus Christus oder die Unbefleckte Gottesmutter, die Heilige Mutter Gottes , Die Heiligen Engel, die Heiligen und die Gerechten. &#8220;<\/p>\n<p>Die Verehrung der heiligen Bilder entwickelte sich im Laufe der Jahrhunderte in vielen Formen der Volksverehrung und hat sicherlich wesentlich zur Ausbreitung der katholischen Religion in der Welt beigetragen.<\/p>\n","protected":false},"excerpt":{"rendered":"<p>Die katholische Kirche hat immer heilige Bilder und Statuen f\u00fcr die Praxis der Anbetung verwendet. Nat\u00fcrlich kommt es nicht in den Sinn, dass die ersten Christen gezwungen waren, ihren Glauben zu verbergen und ihre Anbetung in geheimen Orten zu f\u00fchren, wo sie h\u00f6chstens geheimen Symbolen&hellip;<\/p>\n","protected":false},"author":1,"featured_media":371,"comment_status":"closed","ping_status":"open","sticky":false,"template":"","format":"standard","meta":{"_acf_changed":false,"footnotes":""},"categories":[9],"tags":[],"class_list":["post-369","post","type-post","status-publish","format-standard","has-post-thumbnail","hentry","category-heilige-und-selige"],"acf":[],"yoast_head":"<!-- This site is optimized with the Yoast SEO plugin v26.6 - https:\/\/yoast.com\/wordpress\/plugins\/seo\/ -->\n<title>Verehrung von heiligen Bildern - Holyart.de Blog<\/title>\n<meta name=\"description\" content=\"Die katholische Kirche hat immer heilige Bilder und Statuen f\u00fcr die Praxis der Anbetung verwendet. Nat\u00fcrlich kommt es nicht in den Sinn\" \/>\n<meta name=\"robots\" content=\"index, follow, max-snippet:-1, max-image-preview:large, max-video-preview:-1\" \/>\n<link rel=\"canonical\" href=\"https:\/\/blog.holyart.it\/de\/heilige-und-selige\/verehrung-von-heiligen-bildern\/\" \/>\n<meta property=\"og:locale\" content=\"de_DE\" \/>\n<meta property=\"og:type\" content=\"article\" \/>\n<meta property=\"og:title\" content=\"Verehrung von heiligen Bildern - Holyart.de Blog\" \/>\n<meta property=\"og:description\" content=\"Die katholische Kirche hat immer heilige Bilder und Statuen f\u00fcr die Praxis der Anbetung verwendet. Nat\u00fcrlich kommt es nicht in den Sinn\" \/>\n<meta property=\"og:url\" content=\"https:\/\/blog.holyart.it\/de\/heilige-und-selige\/verehrung-von-heiligen-bildern\/\" \/>\n<meta property=\"og:site_name\" content=\"Holyart.de Blog\" \/>\n<meta property=\"article:published_time\" content=\"2017-07-12T13:40:48+00:00\" \/>\n<meta property=\"article:modified_time\" content=\"2018-02-08T11:28:29+00:00\" \/>\n<meta property=\"og:image\" content=\"https:\/\/blog.holyart.it\/de\/wp-content\/uploads\/sites\/12\/2017\/06\/Verehrung-von-heiligen-Bildern.jpg\" \/>\n\t<meta property=\"og:image:width\" content=\"1000\" \/>\n\t<meta property=\"og:image:height\" content=\"667\" \/>\n\t<meta property=\"og:image:type\" content=\"image\/jpeg\" \/>\n<meta name=\"author\" content=\"Redazione\" \/>\n<meta name=\"twitter:card\" content=\"summary_large_image\" \/>\n<meta name=\"twitter:label1\" content=\"Verfasst von\" \/>\n\t<meta name=\"twitter:data1\" content=\"Redazione\" \/>\n\t<meta name=\"twitter:label2\" content=\"Gesch\u00e4tzte Lesezeit\" \/>\n\t<meta name=\"twitter:data2\" content=\"2\u00a0Minuten\" \/>\n<script type=\"application\/ld+json\" class=\"yoast-schema-graph\">{\"@context\":\"https:\/\/schema.org\",\"@graph\":[{\"@type\":\"Article\",\"@id\":\"https:\/\/blog.holyart.it\/de\/heilige-und-selige\/verehrung-von-heiligen-bildern\/#article\",\"isPartOf\":{\"@id\":\"https:\/\/blog.holyart.it\/de\/heilige-und-selige\/verehrung-von-heiligen-bildern\/\"},\"author\":{\"name\":\"Redazione\",\"@id\":\"https:\/\/blog.holyart.it\/de\/#\/schema\/person\/0a7b686e5af0f856ec1e390dd0baecda\"},\"headline\":\"Verehrung von heiligen Bildern\",\"datePublished\":\"2017-07-12T13:40:48+00:00\",\"dateModified\":\"2018-02-08T11:28:29+00:00\",\"mainEntityOfPage\":{\"@id\":\"https:\/\/blog.holyart.it\/de\/heilige-und-selige\/verehrung-von-heiligen-bildern\/\"},\"wordCount\":404,\"publisher\":{\"@id\":\"https:\/\/blog.holyart.it\/de\/#organization\"},\"image\":{\"@id\":\"https:\/\/blog.holyart.it\/de\/heilige-und-selige\/verehrung-von-heiligen-bildern\/#primaryimage\"},\"thumbnailUrl\":\"https:\/\/blog.holyart.it\/de\/wp-content\/uploads\/sites\/12\/2017\/06\/Verehrung-von-heiligen-Bildern.jpg\",\"articleSection\":[\"Heilige und Selige\"],\"inLanguage\":\"de\"},{\"@type\":\"WebPage\",\"@id\":\"https:\/\/blog.holyart.it\/de\/heilige-und-selige\/verehrung-von-heiligen-bildern\/\",\"url\":\"https:\/\/blog.holyart.it\/de\/heilige-und-selige\/verehrung-von-heiligen-bildern\/\",\"name\":\"Verehrung von heiligen Bildern - Holyart.de Blog\",\"isPartOf\":{\"@id\":\"https:\/\/blog.holyart.it\/de\/#website\"},\"primaryImageOfPage\":{\"@id\":\"https:\/\/blog.holyart.it\/de\/heilige-und-selige\/verehrung-von-heiligen-bildern\/#primaryimage\"},\"image\":{\"@id\":\"https:\/\/blog.holyart.it\/de\/heilige-und-selige\/verehrung-von-heiligen-bildern\/#primaryimage\"},\"thumbnailUrl\":\"https:\/\/blog.holyart.it\/de\/wp-content\/uploads\/sites\/12\/2017\/06\/Verehrung-von-heiligen-Bildern.jpg\",\"datePublished\":\"2017-07-12T13:40:48+00:00\",\"dateModified\":\"2018-02-08T11:28:29+00:00\",\"description\":\"Die katholische Kirche hat immer heilige Bilder und Statuen f\u00fcr die Praxis der Anbetung verwendet. Nat\u00fcrlich kommt es nicht in den Sinn\",\"breadcrumb\":{\"@id\":\"https:\/\/blog.holyart.it\/de\/heilige-und-selige\/verehrung-von-heiligen-bildern\/#breadcrumb\"},\"inLanguage\":\"de\",\"potentialAction\":[{\"@type\":\"ReadAction\",\"target\":[\"https:\/\/blog.holyart.it\/de\/heilige-und-selige\/verehrung-von-heiligen-bildern\/\"]}]},{\"@type\":\"ImageObject\",\"inLanguage\":\"de\",\"@id\":\"https:\/\/blog.holyart.it\/de\/heilige-und-selige\/verehrung-von-heiligen-bildern\/#primaryimage\",\"url\":\"https:\/\/blog.holyart.it\/de\/wp-content\/uploads\/sites\/12\/2017\/06\/Verehrung-von-heiligen-Bildern.jpg\",\"contentUrl\":\"https:\/\/blog.holyart.it\/de\/wp-content\/uploads\/sites\/12\/2017\/06\/Verehrung-von-heiligen-Bildern.jpg\",\"width\":1000,\"height\":667,\"caption\":\"Verehrung von heiligen Bildern\"},{\"@type\":\"BreadcrumbList\",\"@id\":\"https:\/\/blog.holyart.it\/de\/heilige-und-selige\/verehrung-von-heiligen-bildern\/#breadcrumb\",\"itemListElement\":[{\"@type\":\"ListItem\",\"position\":1,\"name\":\"Homepage\",\"item\":\"https:\/\/blog.holyart.it\/de\/\"},{\"@type\":\"ListItem\",\"position\":2,\"name\":\"Heilige und Selige\",\"item\":\"https:\/\/blog.holyart.it\/de\/heilige-und-selige\/\"},{\"@type\":\"ListItem\",\"position\":3,\"name\":\"Verehrung von heiligen Bildern\"}]},{\"@type\":\"WebSite\",\"@id\":\"https:\/\/blog.holyart.it\/de\/#website\",\"url\":\"https:\/\/blog.holyart.it\/de\/\",\"name\":\"Holyart.de Blog\",\"description\":\"Holyblog\",\"publisher\":{\"@id\":\"https:\/\/blog.holyart.it\/de\/#organization\"},\"potentialAction\":[{\"@type\":\"SearchAction\",\"target\":{\"@type\":\"EntryPoint\",\"urlTemplate\":\"https:\/\/blog.holyart.it\/de\/?s={search_term_string}\"},\"query-input\":{\"@type\":\"PropertyValueSpecification\",\"valueRequired\":true,\"valueName\":\"search_term_string\"}}],\"inLanguage\":\"de\"},{\"@type\":\"Organization\",\"@id\":\"https:\/\/blog.holyart.it\/de\/#organization\",\"name\":\"Holyart.de Blog\",\"url\":\"https:\/\/blog.holyart.it\/de\/\",\"logo\":{\"@type\":\"ImageObject\",\"inLanguage\":\"de\",\"@id\":\"https:\/\/blog.holyart.it\/de\/#\/schema\/logo\/image\/\",\"url\":\"https:\/\/blog.holyart.it\/de\/wp-content\/uploads\/sites\/12\/2022\/12\/Holyart_Blog_Logo.jpg\",\"contentUrl\":\"https:\/\/blog.holyart.it\/de\/wp-content\/uploads\/sites\/12\/2022\/12\/Holyart_Blog_Logo.jpg\",\"width\":300,\"height\":50,\"caption\":\"Holyart.de Blog\"},\"image\":{\"@id\":\"https:\/\/blog.holyart.it\/de\/#\/schema\/logo\/image\/\"}},{\"@type\":\"Person\",\"@id\":\"https:\/\/blog.holyart.it\/de\/#\/schema\/person\/0a7b686e5af0f856ec1e390dd0baecda\",\"name\":\"Redazione\",\"image\":{\"@type\":\"ImageObject\",\"inLanguage\":\"de\",\"@id\":\"https:\/\/blog.holyart.it\/de\/#\/schema\/person\/image\/\",\"url\":\"https:\/\/secure.gravatar.com\/avatar\/f477da817f43e50d0af36abecd33e3edf826c68299714bdc1057dff3b113f516?s=96&d=mm&r=g\",\"contentUrl\":\"https:\/\/secure.gravatar.com\/avatar\/f477da817f43e50d0af36abecd33e3edf826c68299714bdc1057dff3b113f516?s=96&d=mm&r=g\",\"caption\":\"Redazione\"}}]}<\/script>\n<!-- \/ Yoast SEO plugin. -->","yoast_head_json":{"title":"Verehrung von heiligen Bildern - Holyart.de Blog","description":"Die katholische Kirche hat immer heilige Bilder und Statuen f\u00fcr die Praxis der Anbetung verwendet. Nat\u00fcrlich kommt es nicht in den Sinn","robots":{"index":"index","follow":"follow","max-snippet":"max-snippet:-1","max-image-preview":"max-image-preview:large","max-video-preview":"max-video-preview:-1"},"canonical":"https:\/\/blog.holyart.it\/de\/heilige-und-selige\/verehrung-von-heiligen-bildern\/","og_locale":"de_DE","og_type":"article","og_title":"Verehrung von heiligen Bildern - Holyart.de Blog","og_description":"Die katholische Kirche hat immer heilige Bilder und Statuen f\u00fcr die Praxis der Anbetung verwendet. Nat\u00fcrlich kommt es nicht in den Sinn","og_url":"https:\/\/blog.holyart.it\/de\/heilige-und-selige\/verehrung-von-heiligen-bildern\/","og_site_name":"Holyart.de Blog","article_published_time":"2017-07-12T13:40:48+00:00","article_modified_time":"2018-02-08T11:28:29+00:00","og_image":[{"width":1000,"height":667,"url":"https:\/\/blog.holyart.it\/de\/wp-content\/uploads\/sites\/12\/2017\/06\/Verehrung-von-heiligen-Bildern.jpg","type":"image\/jpeg"}],"author":"Redazione","twitter_card":"summary_large_image","twitter_misc":{"Verfasst von":"Redazione","Gesch\u00e4tzte Lesezeit":"2\u00a0Minuten"},"schema":{"@context":"https:\/\/schema.org","@graph":[{"@type":"Article","@id":"https:\/\/blog.holyart.it\/de\/heilige-und-selige\/verehrung-von-heiligen-bildern\/#article","isPartOf":{"@id":"https:\/\/blog.holyart.it\/de\/heilige-und-selige\/verehrung-von-heiligen-bildern\/"},"author":{"name":"Redazione","@id":"https:\/\/blog.holyart.it\/de\/#\/schema\/person\/0a7b686e5af0f856ec1e390dd0baecda"},"headline":"Verehrung von heiligen Bildern","datePublished":"2017-07-12T13:40:48+00:00","dateModified":"2018-02-08T11:28:29+00:00","mainEntityOfPage":{"@id":"https:\/\/blog.holyart.it\/de\/heilige-und-selige\/verehrung-von-heiligen-bildern\/"},"wordCount":404,"publisher":{"@id":"https:\/\/blog.holyart.it\/de\/#organization"},"image":{"@id":"https:\/\/blog.holyart.it\/de\/heilige-und-selige\/verehrung-von-heiligen-bildern\/#primaryimage"},"thumbnailUrl":"https:\/\/blog.holyart.it\/de\/wp-content\/uploads\/sites\/12\/2017\/06\/Verehrung-von-heiligen-Bildern.jpg","articleSection":["Heilige und Selige"],"inLanguage":"de"},{"@type":"WebPage","@id":"https:\/\/blog.holyart.it\/de\/heilige-und-selige\/verehrung-von-heiligen-bildern\/","url":"https:\/\/blog.holyart.it\/de\/heilige-und-selige\/verehrung-von-heiligen-bildern\/","name":"Verehrung von heiligen Bildern - Holyart.de Blog","isPartOf":{"@id":"https:\/\/blog.holyart.it\/de\/#website"},"primaryImageOfPage":{"@id":"https:\/\/blog.holyart.it\/de\/heilige-und-selige\/verehrung-von-heiligen-bildern\/#primaryimage"},"image":{"@id":"https:\/\/blog.holyart.it\/de\/heilige-und-selige\/verehrung-von-heiligen-bildern\/#primaryimage"},"thumbnailUrl":"https:\/\/blog.holyart.it\/de\/wp-content\/uploads\/sites\/12\/2017\/06\/Verehrung-von-heiligen-Bildern.jpg","datePublished":"2017-07-12T13:40:48+00:00","dateModified":"2018-02-08T11:28:29+00:00","description":"Die katholische Kirche hat immer heilige Bilder und Statuen f\u00fcr die Praxis der Anbetung verwendet. Nat\u00fcrlich kommt es nicht in den Sinn","breadcrumb":{"@id":"https:\/\/blog.holyart.it\/de\/heilige-und-selige\/verehrung-von-heiligen-bildern\/#breadcrumb"},"inLanguage":"de","potentialAction":[{"@type":"ReadAction","target":["https:\/\/blog.holyart.it\/de\/heilige-und-selige\/verehrung-von-heiligen-bildern\/"]}]},{"@type":"ImageObject","inLanguage":"de","@id":"https:\/\/blog.holyart.it\/de\/heilige-und-selige\/verehrung-von-heiligen-bildern\/#primaryimage","url":"https:\/\/blog.holyart.it\/de\/wp-content\/uploads\/sites\/12\/2017\/06\/Verehrung-von-heiligen-Bildern.jpg","contentUrl":"https:\/\/blog.holyart.it\/de\/wp-content\/uploads\/sites\/12\/2017\/06\/Verehrung-von-heiligen-Bildern.jpg","width":1000,"height":667,"caption":"Verehrung von heiligen Bildern"},{"@type":"BreadcrumbList","@id":"https:\/\/blog.holyart.it\/de\/heilige-und-selige\/verehrung-von-heiligen-bildern\/#breadcrumb","itemListElement":[{"@type":"ListItem","position":1,"name":"Homepage","item":"https:\/\/blog.holyart.it\/de\/"},{"@type":"ListItem","position":2,"name":"Heilige und Selige","item":"https:\/\/blog.holyart.it\/de\/heilige-und-selige\/"},{"@type":"ListItem","position":3,"name":"Verehrung von heiligen Bildern"}]},{"@type":"WebSite","@id":"https:\/\/blog.holyart.it\/de\/#website","url":"https:\/\/blog.holyart.it\/de\/","name":"Holyart.de Blog","description":"Holyblog","publisher":{"@id":"https:\/\/blog.holyart.it\/de\/#organization"},"potentialAction":[{"@type":"SearchAction","target":{"@type":"EntryPoint","urlTemplate":"https:\/\/blog.holyart.it\/de\/?s={search_term_string}"},"query-input":{"@type":"PropertyValueSpecification","valueRequired":true,"valueName":"search_term_string"}}],"inLanguage":"de"},{"@type":"Organization","@id":"https:\/\/blog.holyart.it\/de\/#organization","name":"Holyart.de Blog","url":"https:\/\/blog.holyart.it\/de\/","logo":{"@type":"ImageObject","inLanguage":"de","@id":"https:\/\/blog.holyart.it\/de\/#\/schema\/logo\/image\/","url":"https:\/\/blog.holyart.it\/de\/wp-content\/uploads\/sites\/12\/2022\/12\/Holyart_Blog_Logo.jpg","contentUrl":"https:\/\/blog.holyart.it\/de\/wp-content\/uploads\/sites\/12\/2022\/12\/Holyart_Blog_Logo.jpg","width":300,"height":50,"caption":"Holyart.de Blog"},"image":{"@id":"https:\/\/blog.holyart.it\/de\/#\/schema\/logo\/image\/"}},{"@type":"Person","@id":"https:\/\/blog.holyart.it\/de\/#\/schema\/person\/0a7b686e5af0f856ec1e390dd0baecda","name":"Redazione","image":{"@type":"ImageObject","inLanguage":"de","@id":"https:\/\/blog.holyart.it\/de\/#\/schema\/person\/image\/","url":"https:\/\/secure.gravatar.com\/avatar\/f477da817f43e50d0af36abecd33e3edf826c68299714bdc1057dff3b113f516?s=96&d=mm&r=g","contentUrl":"https:\/\/secure.gravatar.com\/avatar\/f477da817f43e50d0af36abecd33e3edf826c68299714bdc1057dff3b113f516?s=96&d=mm&r=g","caption":"Redazione"}}]}},"_links":{"self":[{"href":"https:\/\/blog.holyart.it\/de\/wp-json\/wp\/v2\/posts\/369","targetHints":{"allow":["GET"]}}],"collection":[{"href":"https:\/\/blog.holyart.it\/de\/wp-json\/wp\/v2\/posts"}],"about":[{"href":"https:\/\/blog.holyart.it\/de\/wp-json\/wp\/v2\/types\/post"}],"author":[{"embeddable":true,"href":"https:\/\/blog.holyart.it\/de\/wp-json\/wp\/v2\/users\/1"}],"replies":[{"embeddable":true,"href":"https:\/\/blog.holyart.it\/de\/wp-json\/wp\/v2\/comments?post=369"}],"version-history":[{"count":0,"href":"https:\/\/blog.holyart.it\/de\/wp-json\/wp\/v2\/posts\/369\/revisions"}],"wp:featuredmedia":[{"embeddable":true,"href":"https:\/\/blog.holyart.it\/de\/wp-json\/wp\/v2\/media\/371"}],"wp:attachment":[{"href":"https:\/\/blog.holyart.it\/de\/wp-json\/wp\/v2\/media?parent=369"}],"wp:term":[{"taxonomy":"category","embeddable":true,"href":"https:\/\/blog.holyart.it\/de\/wp-json\/wp\/v2\/categories?post=369"},{"taxonomy":"post_tag","embeddable":true,"href":"https:\/\/blog.holyart.it\/de\/wp-json\/wp\/v2\/tags?post=369"}],"curies":[{"name":"wp","href":"https:\/\/api.w.org\/{rel}","templated":true}]}}