{"id":3686,"date":"2024-02-28T10:00:42","date_gmt":"2024-02-28T09:00:42","guid":{"rendered":"https:\/\/blog.holyart.it\/de\/?p=3686"},"modified":"2024-01-24T16:04:25","modified_gmt":"2024-01-24T15:04:25","slug":"10-christliche-frauen-die-die-kirche-und-die-welt-veraenderten","status":"publish","type":"post","link":"https:\/\/blog.holyart.it\/de\/heilige-und-selige\/10-christliche-frauen-die-die-kirche-und-die-welt-veraenderten\/","title":{"rendered":"10 christliche Frauen, die die Kirche und die Welt ver\u00e4nderten"},"content":{"rendered":"<h4>Christentum und Frauen, eine schwierige Beziehung? Vielleicht, aber wenn wir uns zehn Frauen ansehen, die es geschafft haben, die Kirche und die Welt zu revolutionieren, werden wir die Bedeutung der Frauen in der christlichen Religion besser verstehen. Ein sch\u00f6ner Gedanke im Hinblick auf den Marienmonat.<\/h4>\n\n<p>Es gibt viele Vorurteile \u00fcber die Art und Weise, wie Frauen in der christlichen Religion behandelt werden. Vor allem wenn wir uns die Geschichte anschauen, kann es leicht zu Missverst\u00e4ndnissen kommen. Nat\u00fcrlich gab es schwierige Zeiten, und es w\u00e4re falsch zu behaupten, dass M\u00e4nner und Frauen in der Kirche die gleichen Rechte und Pflichten gehabt h\u00e4tten. Auch heute kann eine solche Behauptung nicht aufgestellt werden. <a href=\"https:\/\/www.holyart.de\/besondere-anlasse\/papst-franziksus?page=1&amp;_gl=1*kxq3y9*_gcl_aw*R0NMLjE3MDYxMDc3OTguQ2owS0NRanc4cW1oQmhDbEFSSXNBTkF0Ym9mZ21KMm85dkV5S0JjLUdLUWIweWFCLU9EekR0N1ZQV2hnY1g4WW96M2haNGVTR0JkUjR1d2FBZzZrRUFMd193Y0I.*_gcl_au*MTYzMTc5MDU5My4xNzA1NTg0Nzkw*_ga*MjAyODIwNTUzOS4xNjgwNTA1OTc3*_ga_W18MV136NH*MTcwNjEwMzg2Ny4zNzYuMS4xNzA2MTA4MDEzLjAuMC4w\"><strong>Papst Franziskus<\/strong><\/a> besteht st\u00e4ndig auf der Notwendigkeit, Frauen mehr Befugnisse und verantwortungsvolle Aufgaben in der Kirche zu \u00fcbertragen. Auf sein Betreiben hin wurde eine Kommission eingesetzt, die \u00fcber den weiblichen Diakonat debattieren soll. Und dann ist da noch seine t\u00e4gliche Anerkennung der Frauen, die tagt\u00e4glich sehr wichtige Funktionen in der Gesellschaft aus\u00fcben, nicht nur \u00c4rztinnen und Krankenschwestern, die heute mehr denn je an vorderster Front f\u00fcr das Gemeinwohl k\u00e4mpfen, sondern auch M\u00fctter, die \u00fcber die Sicherheit ihrer Kinder wachen und die Familie sch\u00fctzen und zusammenhalten.<\/p>\n<p>Und doch liegt noch ein langer Weg vor uns.<\/p>\n<p>Es w\u00e4re ebenso falsch, den Wert und die Bedeutung der Frauen in der Geschichte der Kirche zu leugnen. Nicht nur, weil die Natur der Frauen, ihre Sensibilit\u00e4t und Intelligenz, die sich in vielerlei Hinsicht von der des Mannes unterscheiden, aber deswegen nicht weniger wertvoll sind, sie besonders geneigt machen, die christliche Botschaft anzunehmen und sie intensiv zu leben.<\/p>\n<p>Aber die Unterwerfung der Frau in der christlichen Religion ist eine unbestreitbare historische und soziale Tatsache. Wenn der <strong>heilige Paulus<\/strong> bekr\u00e4ftigt: \u201e<em>Ich will aber, dass ihr wisst, dass Christus das Haupt eines jeden Mannes ist, das Haupt der Frau aber ist der Mann<\/em>\u201c (1. Korinther 11,3), so bekr\u00e4ftigt er gleichzeitig die Notwendigkeit, dass die Frauen still und unterw\u00fcrfig sein und sich der Sorge f\u00fcr das Haus und den Mann widmen sollen. In vielerlei Hinsicht k\u00f6nnen wir ihn als einen der gr\u00f6\u00dften Gegner der Frauenrechte im Christentum betrachten, aber er war sicher nicht der einzige.<\/p>\n<p>Warum das?<\/p>\n<p>Die Verpflichtung zum <strong>Schweigen<\/strong> und zur <strong>Unterordnung<\/strong> der Frauen in der christlichen Religion geht auf die <strong>Genesis<\/strong> zur\u00fcck. Zwar wurden im ersten Sch\u00f6pfungsbericht <strong><a href=\"https:\/\/www.holyart.de\/blog\/devotionalien\/die-geschichte-von-adam-und-eva\/\">Mann und Frau gemeinsam erschaffen<\/a><\/strong>, beide nach dem Bild und Gleichnis Gottes, doch der zweite Bericht, in dem die Frau aus Adams Rippe erschaffen wird, war erfolgreicher und legte von Anfang an die untergeordnete Rolle der Frau fest. Die <strong>Erbs\u00fcnde<\/strong>, die von Eva begangen wurde, tat ihr \u00dcbriges, um die Unterwerfung, ja sogar die Schuldzuweisung an das weibliche Geschlecht zu rechtfertigen.<\/p>\n<div class=\"link-article\">\n<p><img loading=\"lazy\" decoding=\"async\" class=\"size-full wp-image-3690 alignleft\" src=\"https:\/\/blog.holyart.it\/de\/wp-content\/uploads\/sites\/12\/2024\/01\/Die-Geschichte-von-Adam-und-Eva.jpg\" alt=\"Die Geschichte von Adam und Eva\" width=\"150\" height=\"99\" data-kale-share-title=\"10 christliche Frauen, die die Kirche und die Welt ver\u00e4nderten\" data-kale-share-url=\"https:\/\/blog.holyart.it\/de\/?p=3686\" \/><\/p>\n<div class=\"leggi-anche\">Lesen Sie auch:<\/div>\n<p><strong><a href=\"https:\/\/www.holyart.de\/blog\/devotionalien\/die-geschichte-von-adam-und-eva\/\">Die Geschichte von Adam und Eva<\/a><\/strong><br \/>\nWer kennt die Geschichte von Adam und Eva nicht, dem ersten Mann und der ersten Frau? Aber sind wir so sicher, dass wir sie wirklich wissen? &#8230;<\/p>\n<\/div>\n<p>Doch selbst in der <strong>j\u00fcdischen Gesellschaft<\/strong>, die zutiefst patriarchalisch und m\u00e4nnlich gepr\u00e4gt ist (es gen\u00fcgt zu sagen, dass einer der j\u00fcdischen Morgensegen, der beim Aufwachen rezitiert wird, lautet: \u201e<em>Gesegnet seist Du, o Herr, unser Gott. K\u00f6nig der Welt, dass du mich nicht zu einer Frau gemacht hast<\/em>\u201c), hat es nicht an mutigen und geistig gesch\u00e4tzten Frauen gebrannt. Im <strong>Talmud<\/strong>, dem Buch, in dem die Spr\u00fcche der Rabbiner gesammelt sind, hei\u00dft es: \u201e<em>H\u00fctet euch, eine Frau zum Weinen zu bringen, denn dann z\u00e4hlt Gott ihre Tr\u00e4nen! Die Frau ist aus der Rippe des Mannes hervorgegangen, nicht aus den F\u00fc\u00dfen, damit sie geschlagen wird, nicht aus dem Kopf, damit sie \u00fcberlegen ist, sondern aus der Seite, damit sie gleich ist. Ein wenig niedriger als der Arm, um besch\u00fctzt zu werden, und von der Seite des Herzens, um geliebt zu werden<\/em>\u201c.<\/p>\n<p>Das sind kontroverse, ja sogar widerspr\u00fcchliche Haltungen, aber wir m\u00fcssen immer den <strong>historischen, politischen und sozialen Kontext <\/strong>ber\u00fccksichtigen.<\/p>\n<p>Sicher ist, dass sich f\u00fcr Frauen in der christlichen Religion dank <strong>Jesus<\/strong> viel ver\u00e4ndert hat. Er stand den Frauen immer nahe, er ging sogar so weit, sie als Gleichberechtigte zu behandeln, er sch\u00e4tzte ihre Anwesenheit an seiner Seite. Er hat sie besch\u00fctzt, gesegnet und geliebt, bis hin zu der Entscheidung, sich nach seiner Auferstehung zuerst zwei Frauen zu offenbaren. Eine, gelinde gesagt, <strong>revolution\u00e4re<\/strong> Haltung in einer Welt, die weit davon entfernt war, den beiden Geschlechtern die gleiche W\u00fcrde zuzuerkennen! Doch trotz des Beispiels Jesu hatten die Frauen in der religi\u00f6sen Debatte und in der Geschichte des Christentums kein leichtes Leben.<\/p>\n<p>So kommen wir zu den christlichen Frauen, die die Kirche und die Welt ver\u00e4ndert haben. Die Tatsache, dass sie dies trotz der untergeordneten Rolle und der oft feindseligen Haltung vieler M\u00e4nner tun konnten, macht ihre Leistungen noch unglaublicher und wertvoller! Schauen wir sie uns gemeinsam an.<\/p>\n<h2>Maria, Mutter von Jesus<\/h2>\n<p>Die <strong><a href=\"https:\/\/www.holyart.de\/produkte\/statuen-madonna.php\">Jungfrau Maria<\/a><\/strong> muss sicherlich nicht vorgestellt werden. Und doch ist \u00fcber diese au\u00dfergew\u00f6hnliche Frau, Symbol und Verk\u00f6rperung der Hoffnung der Kirche, noch nicht genug gesagt und geschrieben worden. Sie hat Gott zuerst in sich aufgenommen, und zwar aus freiem Willen, indem sie die f\u00fcr sie und ihren Sohn vorgesehene Bestimmung annahm. Ein Akt des Glaubens, aber auch eine revolution\u00e4re Geste. Maria hat sich nicht nur dem Willen Gottes unterworfen. Sie ist sein Werkzeug und nimmt aktiv am menschlichen Gleichnis von Christus teil, indem sie ihn nie verl\u00e4sst und nie aufh\u00f6rt, an ihn zu glauben, auch wenn die Apostel zweifeln oder sich nicht trauen, dies zu tun. Von Bethlehem bis unter das Kreuz stand Maria an der Seite Jesu, erlebte seine Qualen, seinen Schmerz, auf ihrer eigenen Haut, in ihrem eigenen Herzen.<\/p>\n<p>Das macht sie zur <strong><a href=\"https:\/\/www.holyart.de\/weihnachten\/krippen\/krippen-von-angela-tripi\/pieta-szene-der-kreuzabnahme-fur-30-cm-krippe-von-angela-tripi-terrakotta?_gl=1*5xetzs*_gcl_aw*R0NMLjE3MDYxMDUyMDIuQ2owS0NRanc4cW1oQmhDbEFSSXNBTkF0Ym9mZ21KMm85dkV5S0JjLUdLUWIweWFCLU9EekR0N1ZQV2hnY1g4WW96M2haNGVTR0JkUjR1d2FBZzZrRUFMd193Y0I.*_gcl_au*MTYzMTc5MDU5My4xNzA1NTg0Nzkw*_ga*MjAyODIwNTUzOS4xNjgwNTA1OTc3*_ga_W18MV136NH*MTcwNjEwMzg2Ny4zNzYuMS4xNzA2MTA2NzM4LjAuMC4w\">Mutter aller M\u00fctter<\/a><\/strong>, und das ist auch heute noch ihre Aufgabe, die Menschen Gott n\u00e4her zu bringen, f\u00fcr sie F\u00fcrsprache einzulegen, ihre Tr\u00e4nen zu trocknen und ihnen den Trost zu spenden, den nur die Umarmung und bedingungslose Liebe einer Mutter bieten kann.<\/p>\n<div class=\"link-product\">\n<div class=\"blocco-immagine\"><img loading=\"lazy\" decoding=\"async\" class=\"size-full wp-image-3693 alignleft\" src=\"https:\/\/blog.holyart.it\/de\/wp-content\/uploads\/sites\/12\/2024\/01\/Pieta-Szene-der-Kreuzabnahme-fuer-30-cm-Krippe-von-Angela-Tripi-Terrakotta.jpg\" alt=\"Piet\u00e0, Szene der Kreuzabnahme, f\u00fcr 30 cm Krippe von Angela Tripi, Terrakotta\" width=\"100\" height=\"100\" data-kale-share-title=\"10 christliche Frauen, die die Kirche und die Welt ver\u00e4nderten\" data-kale-share-url=\"https:\/\/blog.holyart.it\/de\/?p=3686\" \/><\/div>\n<div class=\"blocco-contenuto\">\n<div class=\"blocco-acquista\">Einkaufen:<\/div>\n<div class=\"blocco-titolo\"><a href=\"https:\/\/www.holyart.de\/weihnachten\/krippen\/krippen-von-angela-tripi\/pieta-szene-der-kreuzabnahme-fur-30-cm-krippe-von-angela-tripi-terrakotta?_gl=1*5xetzs*_gcl_aw*R0NMLjE3MDYxMDUyMDIuQ2owS0NRanc4cW1oQmhDbEFSSXNBTkF0Ym9mZ21KMm85dkV5S0JjLUdLUWIweWFCLU9EekR0N1ZQV2hnY1g4WW96M2haNGVTR0JkUjR1d2FBZzZrRUFMd193Y0I.*_gcl_au*MTYzMTc5MDU5My4xNzA1NTg0Nzkw*_ga*MjAyODIwNTUzOS4xNjgwNTA1OTc3*_ga_W18MV136NH*MTcwNjEwMzg2Ny4zNzYuMS4xNzA2MTA2NzM4LjAuMC4w\">Piet\u00e0, Szene der Kreuzabnahme, f\u00fcr 30 cm Krippe von Angela Tripi, Terrakotta<\/a><\/div>\n<div class=\"blocco-descrizione\">Piet\u00e0, Szene der Kreuzabnahme, f\u00fcr 30 cm Krippe&#8230;<\/div>\n<\/div>\n<\/div>\n<h2>Die heilige Hildegard von Bingen<\/h2>\n<p>Die deutschst\u00e4mmige <strong><a href=\"https:\/\/www.holyart.de\/devotionalien\/statuen\/statuen-aus-naturholz\/heilige-hildegard-mit-vase-grodnertal-holz-natur-finish?_gl=1*1pvjvlm*_gcl_aw*R0NMLjE3MDYxMDUyMDIuQ2owS0NRanc4cW1oQmhDbEFSSXNBTkF0Ym9mZ21KMm85dkV5S0JjLUdLUWIweWFCLU9EekR0N1ZQV2hnY1g4WW96M2haNGVTR0JkUjR1d2FBZzZrRUFMd193Y0I.*_gcl_au*MTYzMTc5MDU5My4xNzA1NTg0Nzkw*_ga*MjAyODIwNTUzOS4xNjgwNTA1OTc3*_ga_W18MV136NH*MTcwNjEwMzg2Ny4zNzYuMS4xNzA2MTA2OTEwLjAuMC4w\">Benediktinerin Hildegard<\/a><\/strong> lebte am Ende des 12. Im Mittelalter war die Stellung der Frau keineswegs emanzipiert, doch Hildegard schaffte es aufgrund ihrer au\u00dfergew\u00f6hnlichen Begabung, von ihren Zeitgenossen so sehr gesch\u00e4tzt zu werden, dass M\u00e4nner der Kirche und dar\u00fcber hinaus weite Wege auf sich nahmen, um ihren Rat zu h\u00f6ren. Selbst Friedrich Barbarossa musste sie anh\u00f6ren. Sie war nicht nur eine Mystikerin von bew\u00e4hrter Spiritualit\u00e4t, sondern wurde von Kindheit an von Visionen heimgesucht, die sie nicht mehr loslie\u00dfen. Ausgestattet mit zahllosen Talenten, konnte sie ihren Intellekt auf vielf\u00e4ltige Weise einsetzen, in der Wissenschaft wie in der Literatur, sogar in der Musik. Sie war auch eine geschickte Kr\u00e4uterkundige, Heilerin und Naturforscherin. Es ist kein Zufall, dass <strong><a href=\"https:\/\/www.holyart.de\/devotionalien\/statuen\/statuen-aus-naturholz\/papst-benedikt-16.-grodnertal-holz-natur-finish?_gl=1*17i1p8f*_gcl_aw*R0NMLjE3MDYxMDc3OTguQ2owS0NRanc4cW1oQmhDbEFSSXNBTkF0Ym9mZ21KMm85dkV5S0JjLUdLUWIweWFCLU9EekR0N1ZQV2hnY1g4WW96M2haNGVTR0JkUjR1d2FBZzZrRUFMd193Y0I.*_gcl_au*MTYzMTc5MDU5My4xNzA1NTg0Nzkw*_ga*MjAyODIwNTUzOS4xNjgwNTA1OTc3*_ga_W18MV136NH*MTcwNjEwMzg2Ny4zNzYuMS4xNzA2MTA4MjczLjAuMC4w\">Papst Benedikt XVI<\/a><\/strong>. sie 2012 als erste Frau in der Geschichte zum Doktor der Kirche erkl\u00e4rte. Ihre Positionen brachten sie oft in Konflikt mit bedeutenden Mitgliedern des Klerus, aber Hildegard konnte ihre Position mit St\u00e4rke und Entschlossenheit verteidigen und hinterlie\u00df ein Verm\u00e4chtnis, das nicht nur religi\u00f6s, sondern auch kulturell beispiellos ist.<\/p>\n<div class=\"link-product\">\n<div class=\"blocco-immagine\"><img loading=\"lazy\" decoding=\"async\" class=\"size-full wp-image-3696 alignleft\" src=\"https:\/\/blog.holyart.it\/de\/wp-content\/uploads\/sites\/12\/2024\/01\/Heilige-Hildegard-mit-Vase-Groednertal-Holz-Natur-Finish.jpg\" alt=\"Heilige Hildegard mit Vase Gr\u00f6dnertal Holz Natur Finish\" width=\"100\" height=\"100\" data-kale-share-title=\"10 christliche Frauen, die die Kirche und die Welt ver\u00e4nderten\" data-kale-share-url=\"https:\/\/blog.holyart.it\/de\/?p=3686\" \/><\/div>\n<div class=\"blocco-contenuto\">\n<div class=\"blocco-acquista\">Einkaufen:<\/div>\n<div class=\"blocco-titolo\"><a href=\"https:\/\/www.holyart.de\/devotionalien\/statuen\/statuen-aus-naturholz\/heilige-hildegard-mit-vase-grodnertal-holz-natur-finish?_gl=1*1pvjvlm*_gcl_aw*R0NMLjE3MDYxMDUyMDIuQ2owS0NRanc4cW1oQmhDbEFSSXNBTkF0Ym9mZ21KMm85dkV5S0JjLUdLUWIweWFCLU9EekR0N1ZQV2hnY1g4WW96M2haNGVTR0JkUjR1d2FBZzZrRUFMd193Y0I.*_gcl_au*MTYzMTc5MDU5My4xNzA1NTg0Nzkw*_ga*MjAyODIwNTUzOS4xNjgwNTA1OTc3*_ga_W18MV136NH*MTcwNjEwMzg2Ny4zNzYuMS4xNzA2MTA2OTEwLjAuMC4w\">Heilige Hildegard mit Vase Gr\u00f6dnertal Holz Natur Finish<\/a><\/div>\n<div class=\"blocco-descrizione\">Heilige Hildegard mit Vase Gr\u00f6dnertal Holz Natur Finish&#8230;<\/div>\n<\/div>\n<\/div>\n<h2>Die heilige Katharina von Siena<\/h2>\n<p><strong><a href=\"https:\/\/www.holyart.de\/devotionalien\/statuen\/statuen-aus-resin-und-pvc\/statue-aus-harz-katharina-von-siena-mit-dornenkrone-12-cm?_gl=1*1vo5vya*_gcl_aw*R0NMLjE3MDYxMDcxNzIuQ2owS0NRanc4cW1oQmhDbEFSSXNBTkF0Ym9mZ21KMm85dkV5S0JjLUdLUWIweWFCLU9EekR0N1ZQV2hnY1g4WW96M2haNGVTR0JkUjR1d2FBZzZrRUFMd193Y0I.*_gcl_au*MTYzMTc5MDU5My4xNzA1NTg0Nzkw*_ga*MjAyODIwNTUzOS4xNjgwNTA1OTc3*_ga_W18MV136NH*MTcwNjEwMzg2Ny4zNzYuMS4xNzA2MTA3MTk1LjAuMC4w\">Katharina von Siena<\/a><\/strong> stammte aus einfachen Verh\u00e4ltnissen und brachte sich selbst das Lesen und Schreiben bei, so dass sie zu einer angesehenen Theologin und Philosophin sowie zu einer der ber\u00fchmtesten vision\u00e4ren Mystikerinnen der Geschichte wurde. Sie stand im Mittelpunkt der gro\u00dfen politischen und religi\u00f6sen Krise, die die Kirche an der Wende zum 14. Jahrhundert traf, als der Sitz des Papsttums nach Avignon verlegt wurde. Eines ihrer Lebensziele war es, den Papst zur\u00fcck nach Rom zu holen. Es gelang ihr, aber sie konnte das westliche Schisma nicht verhindern. Neben ihren Visionen ist sie vor allem f\u00fcr ihr Engagement f\u00fcr die Armen und Bed\u00fcrftigen sowie f\u00fcr ihren dichten Briefwechsel mit gro\u00dfen M\u00e4nnern ihrer Zeit bekannt, die sich auf der Suche nach Rat und Trost an sie wandten.<\/p>\n<div class=\"link-product\">\n<div class=\"blocco-immagine\"><img loading=\"lazy\" decoding=\"async\" class=\"size-full wp-image-3699 alignleft\" src=\"https:\/\/blog.holyart.it\/de\/wp-content\/uploads\/sites\/12\/2024\/01\/statue-aus-harz-katharina-von-siena-mit-dornenkrone-12-cm.jpg\" alt=\"statue-aus-harz-katharina-von-siena-mit-dornenkrone-12-cm\" width=\"100\" height=\"100\" data-kale-share-title=\"10 christliche Frauen, die die Kirche und die Welt ver\u00e4nderten\" data-kale-share-url=\"https:\/\/blog.holyart.it\/de\/?p=3686\" \/><\/div>\n<div class=\"blocco-contenuto\">\n<div class=\"blocco-acquista\">Einkaufen:<\/div>\n<div class=\"blocco-titolo\"><a href=\"https:\/\/www.holyart.de\/devotionalien\/statuen\/statuen-aus-resin-und-pvc\/statue-aus-harz-katharina-von-siena-mit-dornenkrone-12-cm?_gl=1*1vo5vya*_gcl_aw*R0NMLjE3MDYxMDcxNzIuQ2owS0NRanc4cW1oQmhDbEFSSXNBTkF0Ym9mZ21KMm85dkV5S0JjLUdLUWIweWFCLU9EekR0N1ZQV2hnY1g4WW96M2haNGVTR0JkUjR1d2FBZzZrRUFMd193Y0I.*_gcl_au*MTYzMTc5MDU5My4xNzA1NTg0Nzkw*_ga*MjAyODIwNTUzOS4xNjgwNTA1OTc3*_ga_W18MV136NH*MTcwNjEwMzg2Ny4zNzYuMS4xNzA2MTA3MTk1LjAuMC4w\">Statue aus Harz Katharina von Siena mit Dornenkrone, 12 cm<\/a><\/div>\n<div class=\"blocco-descrizione\">Statue aus Harz Katharina von Siena mit Dornenkrone&#8230;<\/div>\n<\/div>\n<\/div>\n<h2>Jeanne d&#8217;Arc<\/h2>\n<p>Unter den Heiligen und Seligen ist <strong><a href=\"https:\/\/www.holyart.de\/devotionalien\/heiligenbildchen-und-grusskarten\/heiligenbildchen\/heiligenbildchen-heilige-jeanne-d-arc-10x5-cm-gebet-in-italienischer-sprache?_gl=1*afz37d*_gcl_aw*R0NMLjE3MDYxMDcxNzIuQ2owS0NRanc4cW1oQmhDbEFSSXNBTkF0Ym9mZ21KMm85dkV5S0JjLUdLUWIweWFCLU9EekR0N1ZQV2hnY1g4WW96M2haNGVTR0JkUjR1d2FBZzZrRUFMd193Y0I.*_gcl_au*MTYzMTc5MDU5My4xNzA1NTg0Nzkw*_ga*MjAyODIwNTUzOS4xNjgwNTA1OTc3*_ga_W18MV136NH*MTcwNjEwMzg2Ny4zNzYuMS4xNzA2MTA3NDc5LjAuMC4w\">Jeanne d&#8217;Arc<\/a><\/strong> vielleicht die einzige, an die man sich nicht nur wegen ihrer geistigen St\u00e4rke erinnert, sondern auch, weil sie im Namen des Glaubens das Schwert schwang. Sie ist sicherlich die einzige Frau &#8230; Die Patronin Frankreichs war zwar nur ein ungebildetes Bauernm\u00e4dchen, aber sie war in der Lage, ihr Land im Hundertj\u00e4hrigen Krieg gegen die Engl\u00e4nder zum Sieg zu f\u00fchren. An diese wurde sie sp\u00e4ter verkauft, der Ketzerei angeklagt und in einem Prozess, der sich sp\u00e4ter als nichtig herausstellte, lebendig verbrannt. Sie war erst neunzehn Jahre alt.<\/p>\n<div class=\"link-product\">\n<div class=\"blocco-immagine\"><img loading=\"lazy\" decoding=\"async\" class=\"size-full wp-image-3702 alignleft\" src=\"https:\/\/blog.holyart.it\/de\/wp-content\/uploads\/sites\/12\/2024\/01\/Heiligenbildchen-Heilige-Jeanne-dArc-10x5-cm-Gebet-in-italienischer-Sprache.jpg\" alt=\"Heiligenbildchen, Heilige Jeanne d\u2019Arc, 10x5 cm, Gebet in italienischer Sprache\" width=\"100\" height=\"100\" data-kale-share-title=\"10 christliche Frauen, die die Kirche und die Welt ver\u00e4nderten\" data-kale-share-url=\"https:\/\/blog.holyart.it\/de\/?p=3686\" \/><\/div>\n<div class=\"blocco-contenuto\">\n<div class=\"blocco-acquista\">Einkaufen:<\/div>\n<div class=\"blocco-titolo\"><a href=\"https:\/\/www.holyart.de\/devotionalien\/heiligenbildchen-und-grusskarten\/heiligenbildchen\/heiligenbildchen-heilige-jeanne-d-arc-10x5-cm-gebet-in-italienischer-sprache?_gl=1*afz37d*_gcl_aw*R0NMLjE3MDYxMDcxNzIuQ2owS0NRanc4cW1oQmhDbEFSSXNBTkF0Ym9mZ21KMm85dkV5S0JjLUdLUWIweWFCLU9EekR0N1ZQV2hnY1g4WW96M2haNGVTR0JkUjR1d2FBZzZrRUFMd193Y0I.*_gcl_au*MTYzMTc5MDU5My4xNzA1NTg0Nzkw*_ga*MjAyODIwNTUzOS4xNjgwNTA1OTc3*_ga_W18MV136NH*MTcwNjEwMzg2Ny4zNzYuMS4xNzA2MTA3NDc5LjAuMC4w\">Heiligenbildchen, Heilige Jeanne d\u2019Arc, 10&#215;5 cm, Gebet in italienischer Sprache<\/a><\/div>\n<div class=\"blocco-descrizione\">Heiligenbildchen, Heilige Jeanne d\u2019Arc, Ma\u00dfe: 10&#215;5 cm&#8230;<\/div>\n<\/div>\n<\/div>\n<p>Schon als Kind behauptete sie, Besuche und Botschaften von Gott und den Heiligen zu erhalten. Ihr Charisma und ihre Kraft waren so stark, dass sie, als sie zum Befehlshaber der franz\u00f6sischen Armee ernannt wurde, alle Befehlshaber ansteckte und sie anspornte, f\u00fcr ihr Land und f\u00fcr Gott zu k\u00e4mpfen.<\/p>\n<h2>Die heilige Teresa von Avila<\/h2>\n<p>Wie Hildegard wird auch sie zu den Kirchenlehrern gez\u00e4hlt. Sie war eine der wichtigsten Pers\u00f6nlichkeiten der katholischen Reformation und hat Texte verfasst, die bis heute als Grundlage der modernen geistlichen Literatur gelten. Sie gr\u00fcndete den Orden der Karmeliterinnen und Karmeliter. Im Mittelpunkt ihres mystischen Denkens steht die tiefe Beziehung zwischen Gott und dem Menschen, die durch verschiedene Ebenen der Meditation und des Gebets sublimiert werden kann und in der mystischen Ekstase gipfelt, die die menschliche Existenz vollst\u00e4ndig verwandelt. In einer Zeit, in der es Frauen nicht erlaubt war, \u00f6ffentlich \u00fcber religi\u00f6se Themen zu sprechen, Theologie zu studieren oder die Heilige Schrift zu kommentieren, gibt uns der Mut der heiligen Teresa, mystische Visionen und Ekstasen zu verk\u00fcnden, einen Eindruck von ihrer geistigen St\u00e4rke.<\/p>\n<h2>Heilige Rose von Lima<\/h2>\n<p><strong><a href=\"https:\/\/www.holyart.de\/devotionalien\/heiligenbildchen-und-grusskarten\/heiligenbildchen\/heiligenbildchen-heilige-rosa-von-lima-10x5-cm-gebet-in-italienischer-sprache?_gl=1*1krwmmv*_gcl_aw*R0NMLjE3MDYxMDc3OTguQ2owS0NRanc4cW1oQmhDbEFSSXNBTkF0Ym9mZ21KMm85dkV5S0JjLUdLUWIweWFCLU9EekR0N1ZQV2hnY1g4WW96M2haNGVTR0JkUjR1d2FBZzZrRUFMd193Y0I.*_gcl_au*MTYzMTc5MDU5My4xNzA1NTg0Nzkw*_ga*MjAyODIwNTUzOS4xNjgwNTA1OTc3*_ga_W18MV136NH*MTcwNjEwMzg2Ny4zNzYuMS4xNzA2MTA4MzM1LjAuMC4w\">Die Nonne Rose von Lima<\/a><\/strong>, die dem Dritten Orden der Dominikaner angeh\u00f6rte, lebte im 16. Jahrhundert in Peru, dem Land, dessen Schutzpatronin sie heute ist. Sie verehrte die Rosenkranzmadonna und strebte nach dem geistlichen Vorbild der heiligen Katharina von Siena. Auch sie widmete ihre Bem\u00fchungen den Armen und Kranken. Nachdem sie die mystische Hochzeit empfangen hatte, f\u00fchrte sie ein asketisches Leben der Bu\u00dfe, des Fastens und der Selbstgei\u00dfelung, empfing Visionen und vollbrachte schon zu Lebzeiten erstaunliche Wunder. Sie engagierte sich sehr f\u00fcr die Unterst\u00fctzung und Bekehrung der einheimischen Bev\u00f6lkerung. Sie genoss gro\u00dfe Verehrung im Volk und wurde daher bald seliggesprochen.<\/p>\n<h2>Die heilige Therese von Lisieux<\/h2>\n<p>Die franz\u00f6sische Mystikerin und Heilige der katholischen Kirche, die in der zweiten H\u00e4lfte des 19. Jahrhunderts lebte, wurde von Pius X. als \u201e<em>die gr\u00f6\u00dfte Heilige der Neuzeit<\/em>\u201c bezeichnet. Die Patronin Frankreichs und der Missionare und dritte Frau, die nach der heiligen Katharina von Siena und der heiligen Teresa von Avila zur Kirchenlehrerin ernannt wurde, f\u00fchrte in ihren Schriften ein v\u00f6llig neues Konzept der Spiritualit\u00e4t ein: <strong><a href=\"https:\/\/www.holyart.de\/blog\/devotionalien\/die-heilige-therese-von-lisieux-und-das-rosenwunder\/\">die Theologie des \u201ekleinen Weges\u201c<\/a><\/strong>. Teresa setzt sich f\u00fcr den t\u00e4glichen, pers\u00f6nlichen Kampf ein, der jeden von uns dazu anregen soll, mit unersch\u00fctterlichem Eifer und Spontaneit\u00e4t zur Heiligkeit aufzusteigen. Als leuchtende Seele lebte Teresa ein Leben voller k\u00f6rperlicher und geistiger Leiden, aber sie lie\u00df sich nicht unterkriegen. \u201e<em>Mein Gott, ich liebe dich<\/em>\u201c, waren ihre letzten Worte. Als sie im Alter von nur 24 Jahren starb, trat sie nach eigenem Bekunden in das wahre Leben ein.<\/p>\n<div class=\"link-product\">\n<div class=\"blocco-immagine\"><img loading=\"lazy\" decoding=\"async\" class=\"size-full wp-image-3705 alignleft\" src=\"https:\/\/blog.holyart.it\/de\/wp-content\/uploads\/sites\/12\/2024\/01\/Heilige-Theresa-mit-dem-Jesuskind.jpg\" alt=\"Heilige Theresa mit dem Jesuskind\" width=\"100\" height=\"100\" data-kale-share-title=\"10 christliche Frauen, die die Kirche und die Welt ver\u00e4nderten\" data-kale-share-url=\"https:\/\/blog.holyart.it\/de\/?p=3686\" \/><\/div>\n<div class=\"blocco-contenuto\">\n<div class=\"blocco-acquista\">Einkaufen:<\/div>\n<div class=\"blocco-titolo\"><a href=\"https:\/\/www.holyart.de\/devotionalien\/statuen\/statuen-aus-bemalten-holz\/heilige-theresa-mit-dem-jesuskind?_gl=1*1066lv3*_gcl_aw*R0NMLjE3MDYxMDcxNzIuQ2owS0NRanc4cW1oQmhDbEFSSXNBTkF0Ym9mZ21KMm85dkV5S0JjLUdLUWIweWFCLU9EekR0N1ZQV2hnY1g4WW96M2haNGVTR0JkUjR1d2FBZzZrRUFMd193Y0I.*_gcl_au*MTYzMTc5MDU5My4xNzA1NTg0Nzkw*_ga*MjAyODIwNTUzOS4xNjgwNTA1OTc3*_ga_W18MV136NH*MTcwNjEwMzg2Ny4zNzYuMS4xNzA2MTA3NjQxLjAuMC4w\">Heilige Theresa mit dem Jesuskind<\/a><\/div>\n<div class=\"blocco-descrizione\">Statue aus Holz die die Heilige Theresa aus Lisieux mit dem Jesuskind. Sie ist sehr beliebt&#8230;<\/div>\n<\/div>\n<\/div>\n<h2>Die heilige Teresa Benedicta vom Kreuz<\/h2>\n<p>Die von Johannes Paul II. zur Mitpatronin Europas ernannte heilige Teresa Benedicta vom Kreuz war eine deutsche Nonne, Philosophin und Mystikerin. Ihr Name war Edith Stein, sie war j\u00fcdischer Herkunft und starb in Auschwitz-Birkenau. Obwohl sie sich nach langen Jahren des Atheismus erst sp\u00e4t bekehrte, konnte sie als Karmelitin der j\u00fcngeren Br\u00fcder eine tiefe und dramatische Spiritualit\u00e4t in ihren Werken und Schriften zum Ausdruck bringen. Als Atheistin widmete sie sich der politischen T\u00e4tigkeit und setzte sich f\u00fcr das Wahlrecht f\u00fcr Frauen und die Anerkennung der Frauenarbeit ein. Als religi\u00f6se Frau gab sie nie auf, ihre spirituellen Ideale zu verteidigen, und widersetzte sich energisch dem Nationalsozialismus. Ihr menschliches, kulturelles und religi\u00f6ses Gleichnis bringt die ganze Dramatik der Menschheit in den Schrecken des Krieges zum Ausdruck.<\/p>\n<h2>Die heilige Gianna Beretta Molla<\/h2>\n<p>Die 1962 verstorbene italienische Kinder\u00e4rztin zog es vor, an Geb\u00e4rmutterkrebs zu sterben, um das vierte Kind, das sie trug, nicht zu t\u00f6ten. Sie wird sehr geliebt und verehrt und wurde 2004 von Johannes Paul II. heiliggesprochen.<\/p>\n<h2>Mutter Teresa von Kalkutta<\/h2>\n<p>Wir haben ihr einen <a href=\"https:\/\/www.holyart.de\/devotionalien\/statuen\/statuen-aus-bemalten-holz\/mutter-theresa-aus-calcutta?_gl=1*1qrfbg8*_gcl_aw*R0NMLjE3MDYxMDc3OTguQ2owS0NRanc4cW1oQmhDbEFSSXNBTkF0Ym9mZ21KMm85dkV5S0JjLUdLUWIweWFCLU9EekR0N1ZQV2hnY1g4WW96M2haNGVTR0JkUjR1d2FBZzZrRUFMd193Y0I.*_gcl_au*MTYzMTc5MDU5My4xNzA1NTg0Nzkw*_ga*MjAyODIwNTUzOS4xNjgwNTA1OTc3*_ga_W18MV136NH*MTcwNjEwMzg2Ny4zNzYuMS4xNzA2MTA3ODA5LjAuMC4w\"><strong><u>fr\u00fcheren Artikel<\/u><\/strong><\/a> gewidmet, denn es gibt nur wenige Menschen, die ihrem Beispiel der N\u00e4chstenliebe und der v\u00f6lligen Hingabe an Gott und die Menschen gleichkommen. Mutter Teresa widmete ihr ganzes Leben den Letzten der Letzten und opferte alles f\u00fcr das Wohlergehen derjenigen, die von allen vergessen worden zu sein schienen. Eine kleine Frau, eine kleine Nonne, die mit ihrem unermesslichen Herzen, mit ihrer grenzenlosen Barmherzigkeit zu den Herzen der M\u00e4chtigen zu sprechen vermochte und das Recht auf Gesundheit und Gl\u00fcck f\u00fcr diejenigen einforderte, denen alles genommen worden war. Sie zwang die Welt, sich an ihre ungl\u00fccklichsten Kinder zu erinnern.<\/p>\n<div class=\"link-product\">\n<div class=\"blocco-immagine\"><img loading=\"lazy\" decoding=\"async\" class=\"size-full wp-image-3708 alignleft\" src=\"https:\/\/blog.holyart.it\/de\/wp-content\/uploads\/sites\/12\/2024\/01\/mutter-theresa-aus-calcutta.jpg\" alt=\"mutter-theresa-aus-calcutta\" width=\"100\" height=\"100\" data-kale-share-title=\"10 christliche Frauen, die die Kirche und die Welt ver\u00e4nderten\" data-kale-share-url=\"https:\/\/blog.holyart.it\/de\/?p=3686\" \/><\/div>\n<div class=\"blocco-contenuto\">\n<div class=\"blocco-acquista\">Einkaufen:<\/div>\n<div class=\"blocco-titolo\"><a href=\"https:\/\/www.holyart.de\/devotionalien\/statuen\/statuen-aus-bemalten-holz\/mutter-theresa-aus-calcutta?_gl=1*1qrfbg8*_gcl_aw*R0NMLjE3MDYxMDc3OTguQ2owS0NRanc4cW1oQmhDbEFSSXNBTkF0Ym9mZ21KMm85dkV5S0JjLUdLUWIweWFCLU9EekR0N1ZQV2hnY1g4WW96M2haNGVTR0JkUjR1d2FBZzZrRUFMd193Y0I.*_gcl_au*MTYzMTc5MDU5My4xNzA1NTg0Nzkw*_ga*MjAyODIwNTUzOS4xNjgwNTA1OTc3*_ga_W18MV136NH*MTcwNjEwMzg2Ny4zNzYuMS4xNzA2MTA3ODA5LjAuMC4w\">Mutter Theresa aus Calcutta<\/a><\/div>\n<div class=\"blocco-descrizione\">Statue aus handgemalte Ahorn-Holz; sie zeigt die Mutter Theresa aus Calcutta die laechelt und ein indianer Kind&#8230;<\/div>\n<\/div>\n<\/div>\n","protected":false},"excerpt":{"rendered":"<p>Christentum und Frauen, eine schwierige Beziehung? Vielleicht, aber wenn wir uns zehn Frauen ansehen, die es geschafft haben, die Kirche und die Welt zu revolutionieren, werden wir die Bedeutung der Frauen in der christlichen Religion besser verstehen. Ein sch\u00f6ner Gedanke im Hinblick auf den Marienmonat.&hellip;<\/p>\n","protected":false},"author":1,"featured_media":3689,"comment_status":"closed","ping_status":"open","sticky":false,"template":"","format":"standard","meta":{"_acf_changed":false,"footnotes":""},"categories":[9],"tags":[],"class_list":["post-3686","post","type-post","status-publish","format-standard","has-post-thumbnail","hentry","category-heilige-und-selige"],"acf":[],"yoast_head":"<!-- This site is optimized with the Yoast SEO plugin v26.6 - https:\/\/yoast.com\/wordpress\/plugins\/seo\/ -->\n<title>10 christliche Frauen, die die Kirche und die Welt ver\u00e4nderten - Holyart.de Blog<\/title>\n<meta name=\"description\" content=\"Christentum und Frauen, eine schwierige Beziehung? Vielleicht, aber wenn wir uns zehn Frauen ansehen, die es geschafft haben...\" \/>\n<meta name=\"robots\" content=\"index, follow, max-snippet:-1, max-image-preview:large, max-video-preview:-1\" \/>\n<link rel=\"canonical\" href=\"https:\/\/blog.holyart.it\/de\/heilige-und-selige\/10-christliche-frauen-die-die-kirche-und-die-welt-veraenderten\/\" \/>\n<meta property=\"og:locale\" content=\"de_DE\" \/>\n<meta property=\"og:type\" content=\"article\" \/>\n<meta property=\"og:title\" content=\"10 christliche Frauen, die die Kirche und die Welt ver\u00e4nderten - Holyart.de Blog\" \/>\n<meta property=\"og:description\" content=\"Christentum und Frauen, eine schwierige Beziehung? Vielleicht, aber wenn wir uns zehn Frauen ansehen, die es geschafft haben...\" \/>\n<meta property=\"og:url\" content=\"https:\/\/blog.holyart.it\/de\/heilige-und-selige\/10-christliche-frauen-die-die-kirche-und-die-welt-veraenderten\/\" \/>\n<meta property=\"og:site_name\" content=\"Holyart.de Blog\" \/>\n<meta property=\"article:published_time\" content=\"2024-02-28T09:00:42+00:00\" \/>\n<meta property=\"og:image\" content=\"https:\/\/blog.holyart.it\/de\/wp-content\/uploads\/sites\/12\/2024\/01\/10-christliche-Frauen.jpg\" \/>\n\t<meta property=\"og:image:width\" content=\"1000\" \/>\n\t<meta property=\"og:image:height\" content=\"666\" \/>\n\t<meta property=\"og:image:type\" content=\"image\/jpeg\" \/>\n<meta name=\"author\" content=\"Redazione\" \/>\n<meta name=\"twitter:card\" content=\"summary_large_image\" \/>\n<meta name=\"twitter:label1\" content=\"Verfasst von\" \/>\n\t<meta name=\"twitter:data1\" content=\"Redazione\" \/>\n\t<meta name=\"twitter:label2\" content=\"Gesch\u00e4tzte Lesezeit\" \/>\n\t<meta name=\"twitter:data2\" content=\"14\u00a0Minuten\" \/>\n<script type=\"application\/ld+json\" class=\"yoast-schema-graph\">{\"@context\":\"https:\/\/schema.org\",\"@graph\":[{\"@type\":\"Article\",\"@id\":\"https:\/\/blog.holyart.it\/de\/heilige-und-selige\/10-christliche-frauen-die-die-kirche-und-die-welt-veraenderten\/#article\",\"isPartOf\":{\"@id\":\"https:\/\/blog.holyart.it\/de\/heilige-und-selige\/10-christliche-frauen-die-die-kirche-und-die-welt-veraenderten\/\"},\"author\":{\"name\":\"Redazione\",\"@id\":\"https:\/\/blog.holyart.it\/de\/#\/schema\/person\/0a7b686e5af0f856ec1e390dd0baecda\"},\"headline\":\"10 christliche Frauen, die die Kirche und die Welt ver\u00e4nderten\",\"datePublished\":\"2024-02-28T09:00:42+00:00\",\"mainEntityOfPage\":{\"@id\":\"https:\/\/blog.holyart.it\/de\/heilige-und-selige\/10-christliche-frauen-die-die-kirche-und-die-welt-veraenderten\/\"},\"wordCount\":2335,\"publisher\":{\"@id\":\"https:\/\/blog.holyart.it\/de\/#organization\"},\"image\":{\"@id\":\"https:\/\/blog.holyart.it\/de\/heilige-und-selige\/10-christliche-frauen-die-die-kirche-und-die-welt-veraenderten\/#primaryimage\"},\"thumbnailUrl\":\"https:\/\/blog.holyart.it\/de\/wp-content\/uploads\/sites\/12\/2024\/01\/10-christliche-Frauen.jpg\",\"articleSection\":[\"Heilige und Selige\"],\"inLanguage\":\"de\"},{\"@type\":\"WebPage\",\"@id\":\"https:\/\/blog.holyart.it\/de\/heilige-und-selige\/10-christliche-frauen-die-die-kirche-und-die-welt-veraenderten\/\",\"url\":\"https:\/\/blog.holyart.it\/de\/heilige-und-selige\/10-christliche-frauen-die-die-kirche-und-die-welt-veraenderten\/\",\"name\":\"10 christliche Frauen, die die Kirche und die Welt ver\u00e4nderten - Holyart.de Blog\",\"isPartOf\":{\"@id\":\"https:\/\/blog.holyart.it\/de\/#website\"},\"primaryImageOfPage\":{\"@id\":\"https:\/\/blog.holyart.it\/de\/heilige-und-selige\/10-christliche-frauen-die-die-kirche-und-die-welt-veraenderten\/#primaryimage\"},\"image\":{\"@id\":\"https:\/\/blog.holyart.it\/de\/heilige-und-selige\/10-christliche-frauen-die-die-kirche-und-die-welt-veraenderten\/#primaryimage\"},\"thumbnailUrl\":\"https:\/\/blog.holyart.it\/de\/wp-content\/uploads\/sites\/12\/2024\/01\/10-christliche-Frauen.jpg\",\"datePublished\":\"2024-02-28T09:00:42+00:00\",\"description\":\"Christentum und Frauen, eine schwierige Beziehung? Vielleicht, aber wenn wir uns zehn Frauen ansehen, die es geschafft haben...\",\"breadcrumb\":{\"@id\":\"https:\/\/blog.holyart.it\/de\/heilige-und-selige\/10-christliche-frauen-die-die-kirche-und-die-welt-veraenderten\/#breadcrumb\"},\"inLanguage\":\"de\",\"potentialAction\":[{\"@type\":\"ReadAction\",\"target\":[\"https:\/\/blog.holyart.it\/de\/heilige-und-selige\/10-christliche-frauen-die-die-kirche-und-die-welt-veraenderten\/\"]}]},{\"@type\":\"ImageObject\",\"inLanguage\":\"de\",\"@id\":\"https:\/\/blog.holyart.it\/de\/heilige-und-selige\/10-christliche-frauen-die-die-kirche-und-die-welt-veraenderten\/#primaryimage\",\"url\":\"https:\/\/blog.holyart.it\/de\/wp-content\/uploads\/sites\/12\/2024\/01\/10-christliche-Frauen.jpg\",\"contentUrl\":\"https:\/\/blog.holyart.it\/de\/wp-content\/uploads\/sites\/12\/2024\/01\/10-christliche-Frauen.jpg\",\"width\":1000,\"height\":666,\"caption\":\"10 christliche Frauen\"},{\"@type\":\"BreadcrumbList\",\"@id\":\"https:\/\/blog.holyart.it\/de\/heilige-und-selige\/10-christliche-frauen-die-die-kirche-und-die-welt-veraenderten\/#breadcrumb\",\"itemListElement\":[{\"@type\":\"ListItem\",\"position\":1,\"name\":\"Homepage\",\"item\":\"https:\/\/blog.holyart.it\/de\/\"},{\"@type\":\"ListItem\",\"position\":2,\"name\":\"Heilige und Selige\",\"item\":\"https:\/\/blog.holyart.it\/de\/heilige-und-selige\/\"},{\"@type\":\"ListItem\",\"position\":3,\"name\":\"10 christliche Frauen, die die Kirche und die Welt ver\u00e4nderten\"}]},{\"@type\":\"WebSite\",\"@id\":\"https:\/\/blog.holyart.it\/de\/#website\",\"url\":\"https:\/\/blog.holyart.it\/de\/\",\"name\":\"Holyart.de Blog\",\"description\":\"Holyblog\",\"publisher\":{\"@id\":\"https:\/\/blog.holyart.it\/de\/#organization\"},\"potentialAction\":[{\"@type\":\"SearchAction\",\"target\":{\"@type\":\"EntryPoint\",\"urlTemplate\":\"https:\/\/blog.holyart.it\/de\/?s={search_term_string}\"},\"query-input\":{\"@type\":\"PropertyValueSpecification\",\"valueRequired\":true,\"valueName\":\"search_term_string\"}}],\"inLanguage\":\"de\"},{\"@type\":\"Organization\",\"@id\":\"https:\/\/blog.holyart.it\/de\/#organization\",\"name\":\"Holyart.de Blog\",\"url\":\"https:\/\/blog.holyart.it\/de\/\",\"logo\":{\"@type\":\"ImageObject\",\"inLanguage\":\"de\",\"@id\":\"https:\/\/blog.holyart.it\/de\/#\/schema\/logo\/image\/\",\"url\":\"https:\/\/blog.holyart.it\/de\/wp-content\/uploads\/sites\/12\/2022\/12\/Holyart_Blog_Logo.jpg\",\"contentUrl\":\"https:\/\/blog.holyart.it\/de\/wp-content\/uploads\/sites\/12\/2022\/12\/Holyart_Blog_Logo.jpg\",\"width\":300,\"height\":50,\"caption\":\"Holyart.de Blog\"},\"image\":{\"@id\":\"https:\/\/blog.holyart.it\/de\/#\/schema\/logo\/image\/\"}},{\"@type\":\"Person\",\"@id\":\"https:\/\/blog.holyart.it\/de\/#\/schema\/person\/0a7b686e5af0f856ec1e390dd0baecda\",\"name\":\"Redazione\",\"image\":{\"@type\":\"ImageObject\",\"inLanguage\":\"de\",\"@id\":\"https:\/\/blog.holyart.it\/de\/#\/schema\/person\/image\/\",\"url\":\"https:\/\/secure.gravatar.com\/avatar\/f477da817f43e50d0af36abecd33e3edf826c68299714bdc1057dff3b113f516?s=96&d=mm&r=g\",\"contentUrl\":\"https:\/\/secure.gravatar.com\/avatar\/f477da817f43e50d0af36abecd33e3edf826c68299714bdc1057dff3b113f516?s=96&d=mm&r=g\",\"caption\":\"Redazione\"}}]}<\/script>\n<!-- \/ Yoast SEO plugin. -->","yoast_head_json":{"title":"10 christliche Frauen, die die Kirche und die Welt ver\u00e4nderten - Holyart.de Blog","description":"Christentum und Frauen, eine schwierige Beziehung? Vielleicht, aber wenn wir uns zehn Frauen ansehen, die es geschafft haben...","robots":{"index":"index","follow":"follow","max-snippet":"max-snippet:-1","max-image-preview":"max-image-preview:large","max-video-preview":"max-video-preview:-1"},"canonical":"https:\/\/blog.holyart.it\/de\/heilige-und-selige\/10-christliche-frauen-die-die-kirche-und-die-welt-veraenderten\/","og_locale":"de_DE","og_type":"article","og_title":"10 christliche Frauen, die die Kirche und die Welt ver\u00e4nderten - Holyart.de Blog","og_description":"Christentum und Frauen, eine schwierige Beziehung? Vielleicht, aber wenn wir uns zehn Frauen ansehen, die es geschafft haben...","og_url":"https:\/\/blog.holyart.it\/de\/heilige-und-selige\/10-christliche-frauen-die-die-kirche-und-die-welt-veraenderten\/","og_site_name":"Holyart.de Blog","article_published_time":"2024-02-28T09:00:42+00:00","og_image":[{"width":1000,"height":666,"url":"https:\/\/blog.holyart.it\/de\/wp-content\/uploads\/sites\/12\/2024\/01\/10-christliche-Frauen.jpg","type":"image\/jpeg"}],"author":"Redazione","twitter_card":"summary_large_image","twitter_misc":{"Verfasst von":"Redazione","Gesch\u00e4tzte Lesezeit":"14\u00a0Minuten"},"schema":{"@context":"https:\/\/schema.org","@graph":[{"@type":"Article","@id":"https:\/\/blog.holyart.it\/de\/heilige-und-selige\/10-christliche-frauen-die-die-kirche-und-die-welt-veraenderten\/#article","isPartOf":{"@id":"https:\/\/blog.holyart.it\/de\/heilige-und-selige\/10-christliche-frauen-die-die-kirche-und-die-welt-veraenderten\/"},"author":{"name":"Redazione","@id":"https:\/\/blog.holyart.it\/de\/#\/schema\/person\/0a7b686e5af0f856ec1e390dd0baecda"},"headline":"10 christliche Frauen, die die Kirche und die Welt ver\u00e4nderten","datePublished":"2024-02-28T09:00:42+00:00","mainEntityOfPage":{"@id":"https:\/\/blog.holyart.it\/de\/heilige-und-selige\/10-christliche-frauen-die-die-kirche-und-die-welt-veraenderten\/"},"wordCount":2335,"publisher":{"@id":"https:\/\/blog.holyart.it\/de\/#organization"},"image":{"@id":"https:\/\/blog.holyart.it\/de\/heilige-und-selige\/10-christliche-frauen-die-die-kirche-und-die-welt-veraenderten\/#primaryimage"},"thumbnailUrl":"https:\/\/blog.holyart.it\/de\/wp-content\/uploads\/sites\/12\/2024\/01\/10-christliche-Frauen.jpg","articleSection":["Heilige und Selige"],"inLanguage":"de"},{"@type":"WebPage","@id":"https:\/\/blog.holyart.it\/de\/heilige-und-selige\/10-christliche-frauen-die-die-kirche-und-die-welt-veraenderten\/","url":"https:\/\/blog.holyart.it\/de\/heilige-und-selige\/10-christliche-frauen-die-die-kirche-und-die-welt-veraenderten\/","name":"10 christliche Frauen, die die Kirche und die Welt ver\u00e4nderten - Holyart.de Blog","isPartOf":{"@id":"https:\/\/blog.holyart.it\/de\/#website"},"primaryImageOfPage":{"@id":"https:\/\/blog.holyart.it\/de\/heilige-und-selige\/10-christliche-frauen-die-die-kirche-und-die-welt-veraenderten\/#primaryimage"},"image":{"@id":"https:\/\/blog.holyart.it\/de\/heilige-und-selige\/10-christliche-frauen-die-die-kirche-und-die-welt-veraenderten\/#primaryimage"},"thumbnailUrl":"https:\/\/blog.holyart.it\/de\/wp-content\/uploads\/sites\/12\/2024\/01\/10-christliche-Frauen.jpg","datePublished":"2024-02-28T09:00:42+00:00","description":"Christentum und Frauen, eine schwierige Beziehung? Vielleicht, aber wenn wir uns zehn Frauen ansehen, die es geschafft haben...","breadcrumb":{"@id":"https:\/\/blog.holyart.it\/de\/heilige-und-selige\/10-christliche-frauen-die-die-kirche-und-die-welt-veraenderten\/#breadcrumb"},"inLanguage":"de","potentialAction":[{"@type":"ReadAction","target":["https:\/\/blog.holyart.it\/de\/heilige-und-selige\/10-christliche-frauen-die-die-kirche-und-die-welt-veraenderten\/"]}]},{"@type":"ImageObject","inLanguage":"de","@id":"https:\/\/blog.holyart.it\/de\/heilige-und-selige\/10-christliche-frauen-die-die-kirche-und-die-welt-veraenderten\/#primaryimage","url":"https:\/\/blog.holyart.it\/de\/wp-content\/uploads\/sites\/12\/2024\/01\/10-christliche-Frauen.jpg","contentUrl":"https:\/\/blog.holyart.it\/de\/wp-content\/uploads\/sites\/12\/2024\/01\/10-christliche-Frauen.jpg","width":1000,"height":666,"caption":"10 christliche Frauen"},{"@type":"BreadcrumbList","@id":"https:\/\/blog.holyart.it\/de\/heilige-und-selige\/10-christliche-frauen-die-die-kirche-und-die-welt-veraenderten\/#breadcrumb","itemListElement":[{"@type":"ListItem","position":1,"name":"Homepage","item":"https:\/\/blog.holyart.it\/de\/"},{"@type":"ListItem","position":2,"name":"Heilige und Selige","item":"https:\/\/blog.holyart.it\/de\/heilige-und-selige\/"},{"@type":"ListItem","position":3,"name":"10 christliche Frauen, die die Kirche und die Welt ver\u00e4nderten"}]},{"@type":"WebSite","@id":"https:\/\/blog.holyart.it\/de\/#website","url":"https:\/\/blog.holyart.it\/de\/","name":"Holyart.de Blog","description":"Holyblog","publisher":{"@id":"https:\/\/blog.holyart.it\/de\/#organization"},"potentialAction":[{"@type":"SearchAction","target":{"@type":"EntryPoint","urlTemplate":"https:\/\/blog.holyart.it\/de\/?s={search_term_string}"},"query-input":{"@type":"PropertyValueSpecification","valueRequired":true,"valueName":"search_term_string"}}],"inLanguage":"de"},{"@type":"Organization","@id":"https:\/\/blog.holyart.it\/de\/#organization","name":"Holyart.de Blog","url":"https:\/\/blog.holyart.it\/de\/","logo":{"@type":"ImageObject","inLanguage":"de","@id":"https:\/\/blog.holyart.it\/de\/#\/schema\/logo\/image\/","url":"https:\/\/blog.holyart.it\/de\/wp-content\/uploads\/sites\/12\/2022\/12\/Holyart_Blog_Logo.jpg","contentUrl":"https:\/\/blog.holyart.it\/de\/wp-content\/uploads\/sites\/12\/2022\/12\/Holyart_Blog_Logo.jpg","width":300,"height":50,"caption":"Holyart.de Blog"},"image":{"@id":"https:\/\/blog.holyart.it\/de\/#\/schema\/logo\/image\/"}},{"@type":"Person","@id":"https:\/\/blog.holyart.it\/de\/#\/schema\/person\/0a7b686e5af0f856ec1e390dd0baecda","name":"Redazione","image":{"@type":"ImageObject","inLanguage":"de","@id":"https:\/\/blog.holyart.it\/de\/#\/schema\/person\/image\/","url":"https:\/\/secure.gravatar.com\/avatar\/f477da817f43e50d0af36abecd33e3edf826c68299714bdc1057dff3b113f516?s=96&d=mm&r=g","contentUrl":"https:\/\/secure.gravatar.com\/avatar\/f477da817f43e50d0af36abecd33e3edf826c68299714bdc1057dff3b113f516?s=96&d=mm&r=g","caption":"Redazione"}}]}},"_links":{"self":[{"href":"https:\/\/blog.holyart.it\/de\/wp-json\/wp\/v2\/posts\/3686","targetHints":{"allow":["GET"]}}],"collection":[{"href":"https:\/\/blog.holyart.it\/de\/wp-json\/wp\/v2\/posts"}],"about":[{"href":"https:\/\/blog.holyart.it\/de\/wp-json\/wp\/v2\/types\/post"}],"author":[{"embeddable":true,"href":"https:\/\/blog.holyart.it\/de\/wp-json\/wp\/v2\/users\/1"}],"replies":[{"embeddable":true,"href":"https:\/\/blog.holyart.it\/de\/wp-json\/wp\/v2\/comments?post=3686"}],"version-history":[{"count":17,"href":"https:\/\/blog.holyart.it\/de\/wp-json\/wp\/v2\/posts\/3686\/revisions"}],"predecessor-version":[{"id":3711,"href":"https:\/\/blog.holyart.it\/de\/wp-json\/wp\/v2\/posts\/3686\/revisions\/3711"}],"wp:featuredmedia":[{"embeddable":true,"href":"https:\/\/blog.holyart.it\/de\/wp-json\/wp\/v2\/media\/3689"}],"wp:attachment":[{"href":"https:\/\/blog.holyart.it\/de\/wp-json\/wp\/v2\/media?parent=3686"}],"wp:term":[{"taxonomy":"category","embeddable":true,"href":"https:\/\/blog.holyart.it\/de\/wp-json\/wp\/v2\/categories?post=3686"},{"taxonomy":"post_tag","embeddable":true,"href":"https:\/\/blog.holyart.it\/de\/wp-json\/wp\/v2\/tags?post=3686"}],"curies":[{"name":"wp","href":"https:\/\/api.w.org\/{rel}","templated":true}]}}