{"id":3645,"date":"2024-02-26T10:00:04","date_gmt":"2024-02-26T09:00:04","guid":{"rendered":"https:\/\/blog.holyart.it\/de\/?p=3645"},"modified":"2025-03-19T16:56:32","modified_gmt":"2025-03-19T15:56:32","slug":"die-geschichte-jesu-die-wichtigsten-ereignisse-in-seinem-leben","status":"publish","type":"post","link":"https:\/\/blog.holyart.it\/de\/devotionalien\/die-geschichte-jesu-die-wichtigsten-ereignisse-in-seinem-leben\/","title":{"rendered":"Die Geschichte Jesu: die wichtigsten Ereignisse in seinem Leben"},"content":{"rendered":"<h4><em>Die Geschichte Jesu, zwischen Evangelium, historischer Realit\u00e4t und frommer Legende. Im Hinblick auf Ostern rekonstruieren wir die menschliche Geschichte, die das Schicksal der Menschheit ver\u00e4ndert hat<\/em><\/h4>\n\n<p>Die Geschichte von Jesus zu erz\u00e4hlen, mag auf den ersten Blick einfach, ja banal erscheinen. Jeder, der in einer katholischen Familie geboren und aufgewachsen ist, ist seit seiner Kindheit an die <strong><a href=\"https:\/\/www.holyart.de\/blog\/besondere-anlassen\/osterkrippe-eine-alte-tradition-die-wiederentdeckt-werden-soll\/\">Tradition des Krippenspiels<\/a><\/strong> zu Weihnachten gew\u00f6hnt, einer Darstellung der Geburt Jesu. Wenn wir dann die Gelegenheit hatten, den Katechismus zu besuchen, lernten wir bald die Geschichte dieses Mannes kennen, der nicht nur ein Mann war und der das Heil aller in seine H\u00e4nde nahm. Wir lauschten wie im M\u00e4rchen seinen Gleichnissen, seinen Wundern, deren Protagonist und Urheber er war. Seine Worte der Liebe und Weisheit haben uns durch unser ganzes Leben begleitet.<\/p>\n<p>Aber unabh\u00e4ngig von unserem religi\u00f6sen Bekenntnis ist die Geschichte Jesu eng mit der Geschichte der Menschheit verbunden und verdient es, in ihren vielen wertvollen Facetten bekannt und verstanden zu werden. Um sein Leben zu rekonstruieren, reicht es nicht aus, sich an die Fakten zu halten, die in den vier <strong>kanonischen Evangelien<\/strong> der Evangelisten <strong>Matth\u00e4us, Markus, Lukas und Johannes <\/strong>erz\u00e4hlt werden. Obwohl sie die einzigen anerkannten antiken Textquellen sind, lassen sie zu viele L\u00fccken. Die so genannten <strong>verlorenen Jahre im Leben Jesu<\/strong>, also die Zeit zwischen seiner Geburt und dem Beginn seiner Verk\u00fcndigung, werden nur selten erw\u00e4hnt. In den Berichten selbst ist es dann schwierig, die historische Komponente von der mythischen zu trennen, die unweigerlich mit den realen Fakten verbunden ist. Au\u00dferdem weisen sie erhebliche Unterschiede auf: W\u00e4hrend bei Matth\u00e4us, Markus und Lukas, den so genannten <strong>synoptischen Evangelien<\/strong>, mehr oder weniger dieselben Episoden erz\u00e4hlt werden, wenn auch mit Abweichungen, gibt es im Johannesevangelium \u201eunver\u00f6ffentlichte\u201c Berichte, und mehrere von den anderen drei Evangelisten berichtete Ereignisse fehlen.<\/p>\n<div class=\"link-article\">\n<p><img loading=\"lazy\" decoding=\"async\" class=\"size-full wp-image-3646 alignleft\" src=\"https:\/\/blog.holyart.it\/de\/wp-content\/uploads\/sites\/12\/2024\/01\/Osterkrippe-eine-alte-Tradition.png\" alt=\"Osterkrippe, eine alte Tradition\" width=\"150\" height=\"99\" data-kale-share-title=\"Die Geschichte Jesu: die wichtigsten Ereignisse in seinem Leben\" data-kale-share-url=\"https:\/\/blog.holyart.it\/de\/?p=3645\" \/><\/p>\n<div class=\"leggi-anche\">Lesen Sie auch:<\/div>\n<p><strong><a href=\"https:\/\/www.holyart.de\/blog\/besondere-anlassen\/osterkrippe-eine-alte-tradition-die-wiederentdeckt-werden-soll\/\">Osterkrippe, eine alte Tradition, die wiederentdeckt werden soll<\/a><\/strong><br \/>\nOsterkrippe? Nat\u00fcrlich! In unserem Land ist sie eine uralte und sehr beliebte Tradition. Aber wann sollte sie aufgestellt werden?<\/p>\n<\/div>\n<p>Die <strong>apokryphen Evangelien<\/strong>, die sp\u00e4ter verfasst wurden und von den Gelehrten nicht anerkannt sind, enthalten weitere wertvolle, aber schwer nachpr\u00fcfbare Informationen, ebenso wie zahlreiche mittelalterliche Dokumente und Andachtsb\u00fccher, bei denen es oft unm\u00f6glich ist, sie auf eine dokumentierte und plausible historische Quelle zur\u00fcckzuf\u00fchren.<\/p>\n<p><strong><a href=\"https:\/\/www.holyart.de\/besondere-anlasse\/ostern-und-fastenzeit?_gl=1*i9csbp*_gcl_au*MjEzMjgwNzUyLjE3MDI1NjUxODE.*_ga*MTQ4NzE4MjM0Mi4xNjk0Nzg4MTQz*_ga_W18MV136NH*MTcwNjA4OTc3MC4yNTUuMS4xNzA2MDg5OTM1LjAuMC4w\">Ostern<\/a><\/strong> steht vor der T\u00fcr und damit auch die Gelegenheit, die <strong><a href=\"https:\/\/www.holyart.de\/besondere-anlasse\/passionskrippe?page=1&amp;_gl=1*xk2htg*_gcl_au*MjEzMjgwNzUyLjE3MDI1NjUxODE.*_ga*MTQ4NzE4MjM0Mi4xNjk0Nzg4MTQz*_ga_W18MV136NH*MTcwNjA4OTc3MC4yNTUuMS4xNzA2MDg5OTY0LjAuMC4w\">Osterkrippe<\/a><\/strong> aufzustellen, eine Tradition, die uns auf Jesu Tod vorbereitet und uns Gelegenheit gibt, \u00fcber sein Leben und Wirken nachzudenken. Welches sind die wichtigsten Ereignisse im Leben von Jesus? Was ist wirklich wichtig, von der Verk\u00fcndigung \u00fcber die Geburt bis hin zu seinem Tod und seiner Auferstehung?<\/p>\n<div class=\"sp-styles-warning\" style=\"width: 450px; background-color: #FFF; color: #F00; border: 1px solid #F00; padding: 10px; font-size: 14px;\">\n\t\t\t<span style=\"font-weight: bold;\">Warning: The stylesheets were not loaded!<\/span> \n\t\t\tYou will need to change the <i>Load stylesheets<\/i> setting from <i>Automatically<\/i> to <i>On homepage<\/i> or <i>On all pages<\/i>. \n\t\t\tYou can set that <a style=\"text-decoration: underline; color: #F00;\" href=\"https:\/\/blog.holyart.it\/de\/wp-admin\/admin.php?page=sliderpro-settings\">here<\/a>.\n\t\t\t<\/div>\r\n<div id=\"slider-pro-64\" class=\"slider-pro sp-no-js\" style=\"width: 500px; height: 500px;\">\r\n\t<div class=\"sp-slides\">\r\n\t\t\r\n\t\t<div class=\"sp-slide\">\r\n\t\t\t<a class=\"\" href=\"https:\/\/www.holyart.de\/besondere-anlasse\/passionskrippe\/maria-verkundigung-fur-9-cm-krippe?_gl=1*10xhiru*_gcl_au*MjEzMjgwNzUyLjE3MDI1NjUxODE.*_ga*MTQ4NzE4MjM0Mi4xNjk0Nzg4MTQz*_ga_W18MV136NH*MTcwNjA5MjAzMi4yNTYuMS4xNzA2MDk0NDgzLjAuMC4w\" title=\"Maria Verk\u00fcndigung f\u00fcr 9 cm Krippe\" target=\"_self\">\r\n\t\t\t\t<img loading=\"lazy\" decoding=\"async\" class=\"sp-image\" src=\"https:\/\/blog.holyart.it\/de\/wp-content\/uploads\/sites\/12\/2024\/01\/Maria-Verkuendigung-fuer-9-cm-Krippe.jpg\" alt=\"Maria Verk\u00fcndigung fur 9 cm Krippe\" width=\"500\" height=\"500\" \/>\r\n\t\t\t<\/a>\r\n\t\t\t<div class=\"sp-thumbnail\"><a class=\"\" href=\"https:\/\/www.holyart.de\/besondere-anlasse\/passionskrippe\/maria-verkundigung-fur-9-cm-krippe\">\r\n\t\t\t\t<img decoding=\"async\" src=\"https:\/\/blog.holyart.it\/de\/wp-content\/uploads\/sites\/12\/2024\/01\/Maria-Verkuendigung-fuer-9-cm-Krippe-150x150-1.jpg\" alt=\"Maria Verk\u00fcndigung fur 9 cm Krippe\" \/>\r\n\t\t\t<\/a>\r\n\t\t\t<\/div>\r\n\t\t\t<div class=\"sp-caption\">Maria Verk\u00fcndigung f\u00fcr 9 cm Krippe<\/br><strong><a href=\"https:\/\/www.holyart.de\/besondere-anlasse\/passionskrippe\/maria-verkundigung-fur-9-cm-krippe\">Bei Holyart kaufen<\/a><\/strong><\/div>\r\n\t\t<\/div>\r\n\t\t<div class=\"sp-slide\">\r\n\t\t\t<a class=\"\" href=\"https:\/\/www.holyart.de\/besondere-anlasse\/passionskrippe\/taufe-jesu-im-jordan-mit-johannes-dem-taufer-fur-9-cm-krippe\" title=\"Taufe Jesu im Jordan mit Johannes dem T\u00e4ufer, f\u00fcr 9 cm Krippe\" target=\"_self\">\r\n\t\t\t\t<img loading=\"lazy\" decoding=\"async\" class=\"sp-image\" src=\"https:\/\/blog.holyart.it\/de\/wp-content\/uploads\/sites\/12\/2024\/01\/Taufe-Jesu-im-Jordan-mit-Johannes-dem-Taeufer-fuer-9-cm-Krippe.jpg\" alt=\"Taufe Jesu im Jordan mit Johannes dem T\u00e4ufer fur 9 cm Krippe\" width=\"500\" height=\"500\" \/>\r\n\t\t\t<\/a>\r\n\t\t\t<div class=\"sp-thumbnail\"><a class=\"\" href=\"https:\/\/www.holyart.de\/besondere-anlasse\/passionskrippe\/taufe-jesu-im-jordan-mit-johannes-dem-taufer-fur-9-cm-krippe?\" title=\"Taufe Jesu im Jordan mit Johannes dem T\u00e4ufer f\u00fcr 9 cm Krippe\">\r\n\t\t\t\t<img decoding=\"async\" src=\"https:\/\/blog.holyart.it\/de\/wp-content\/uploads\/sites\/12\/2024\/01\/Taufe-Jesu-im-Jordan-mit-Johannes-dem-Taeufer-fuer-9-cm-Krippe-150x150-1.jpg\" alt=\"Taufe Jesu im Jordan mit Johannes dem T\u00e4ufer f\u00fcr 9 cm Krippe \" \/>\r\n\t\t\t<\/a>\r\n\t\t\t<\/div>\r\n\t\t\t<div class=\"sp-caption\">Taufe Jesu im Jordan mit Johannes dem T\u00e4ufer f\u00fcr 9 cm Krippe <\/br><strong><a href=\"https:\/\/www.holyart.de\/besondere-anlasse\/passionskrippe\/taufe-jesu-im-jordan-mit-johannes-dem-taufer-fur-9-cm-krippe\">Bei Holyart kaufen<\/a><\/strong><\/div>\r\n\t\t<\/div>\r\n\t\t<div class=\"sp-slide\">\r\n\t\t\t<a class=\"\" href=\"https:\/\/www.holyart.de\/besondere-anlasse\/passionskrippe\/hochzeit-zu-kana-wunder-jesu-fur-9-cm-krippe\" title=\"Hochzeit zu Kana Wunder Jesu f\u00fcr 9 cm Krippe\" target=\"_self\">\r\n\t\t\t\t<img loading=\"lazy\" decoding=\"async\" class=\"sp-image\" src=\"https:\/\/blog.holyart.it\/de\/wp-content\/uploads\/sites\/12\/2024\/01\/Hochzeit-zu-Kana-Wunder-Jesu-fuer-9-cm-Krippe.jpeg\" alt=\"Hochzeit zu Kana Wunder Jesu fur 9 cm Krippe\" width=\"500\" height=\"500\" \/>\r\n\t\t\t<\/a>\r\n\t\t\t<div class=\"sp-thumbnail\"><a class=\"\" href=\"https:\/\/www.holyart.de\/besondere-anlasse\/passionskrippe\/taufe-jesu-im-jordan-mit-johannes-dem-taufer-fur-9-cm-krippe\" title=\"Taufe Jesu im Jordan mit Johannes dem T\u00e4ufer f\u00fcr 9 cm Krippe\">\r\n\t\t\t\t<img decoding=\"async\" src=\"https:\/\/blog.holyart.it\/de\/wp-content\/uploads\/sites\/12\/2024\/01\/Hochzeit-zu-Kana-Wunder-Jesu-fuer-9-cm-Krippe-150x150-2.jpg\" alt=\"Hochzeit zu Kana Wunder Jesu, fuer 9 cm Krippe\" \/>\r\n\t\t\t<\/a>\r\n\t\t\t<\/div>\r\n\t\t\t<div class=\"sp-caption\">Hochzeit zu Kana Wunder Jesu, f\u00fcr 9 cm Krippe <\/br><strong><a href=\"https:\/\/www.holyart.de\/besondere-anlasse\/passionskrippe\/hochzeit-zu-kana-wunder-jesu-fur-9-cm-krippe\">Bei Holyart kaufen<\/a><\/strong><\/div>\r\n\t\t<\/div>\r\n\t\t<div class=\"sp-slide\">\r\n\t\t\t<a class=\"\" href=\"https:\/\/www.holyart.de\/besondere-anlasse\/passionskrippe\/einzug-jesu-in-jerusalem-fur-9-cm-krippe\" title=\"Einzug Jesu in Jerusalem, f\u00fcr 9 cm Krippe\" target=\"_self\">\r\n\t\t\t\t<img loading=\"lazy\" decoding=\"async\" class=\"sp-image\" src=\"https:\/\/blog.holyart.it\/de\/wp-content\/uploads\/sites\/12\/2024\/01\/Einzug-Jesu-in-Jerusalem-fuer-9-cm-Krippe.jpeg\" alt=\"Einzug Jesu in Jerusalem fur 9 cm Krippe\" width=\"500\" height=\"500\" \/>\r\n\t\t\t<\/a>\r\n\t\t\t<div class=\"sp-thumbnail\"><a class=\"\" href=\"https:\/\/www.holyart.de\/besondere-anlasse\/passionskrippe\/einzug-jesu-in-jerusalem-fur-9-cm-krippe\" title=\"Einzug Jesu in Jerusalem f\u00fcr 9 cm Krippe\">\r\n\t\t\t\t<img decoding=\"async\" src=\"https:\/\/blog.holyart.it\/de\/wp-content\/uploads\/sites\/12\/2024\/01\/Einzug-Jesu-in-Jerusalem-fuer-9-cm-Krippe-150x150-2.jpg\" alt=\"Einzug Jesu in Jerusalem, fuer 9 cm Krippe\" \/>\r\n\t\t\t<\/a>\r\n\t\t\t<\/div>\r\n\t\t\t<div class=\"sp-caption\">Einzug Jesu in Jerusalem, f\u00fcr 9 cm Krippe <\/br><strong><a href=\"https:\/\/www.holyart.de\/besondere-anlasse\/passionskrippe\/einzug-jesu-in-jerusalem-fur-9-cm-krippe\">Bei Holyart kaufen<\/a><\/strong><\/div>\r\n\t\t<\/div>\r\n\t\t<div class=\"sp-slide\">\r\n\t\t\t<a class=\"\" href=\"https:\/\/www.holyart.de\/besondere-anlasse\/passionskrippe\/letztes-abendmahl-fur-9-cm-krippe\" title=\"Letztes Abendmahl f\u00fcr 9 cm Krippe\" target=\"_self\">\r\n\t\t\t\t<img loading=\"lazy\" decoding=\"async\" class=\"sp-image\" src=\"https:\/\/blog.holyart.it\/de\/wp-content\/uploads\/sites\/12\/2024\/01\/Letztes-Abendmahl-fuer-9-cm-Krippe.jpeg\" alt=\"Letztes Abendmahl fur 9 cm Krippe\" width=\"500\" height=\"500\" \/>\r\n\t\t\t<\/a>\r\n\t\t\t<div class=\"sp-thumbnail\"><a class=\"\" href=\"https:\/\/www.holyart.de\/besondere-anlasse\/passionskrippe\/letztes-abendmahl-fur-9-cm-krippe\" title=\"Letztes Abendmahl, f\u00fcr 9 cm Krippe\">\r\n\t\t\t\t<img decoding=\"async\" src=\"https:\/\/blog.holyart.it\/de\/wp-content\/uploads\/sites\/12\/2024\/01\/Letztes-Abendmahl-fuer-9-cm-Krippe-150x150-2.jpg\" alt=\"Letztes Abendmahl, fuer 9 cm Krippe\" \/>\r\n\t\t\t<\/a>\r\n\t\t\t<\/div>\r\n\t\t\t<div class=\"sp-caption\">Letztes Abendmahl f\u00fcr 9 cm Krippe <\/br><strong><a href=\"https:\/\/www.holyart.de\/besondere-anlasse\/passionskrippe\/letztes-abendmahl-fur-9-cm-krippe\">Bei Holyart kaufen<\/a><\/strong><\/div>\r\n\t\t<\/div>\r\n\t\t<div class=\"sp-slide\">\r\n\t\t\t<img loading=\"lazy\" decoding=\"async\" class=\"sp-image\" src=\"https:\/\/blog.holyart.it\/de\/wp-content\/uploads\/sites\/12\/2024\/01\/Fusswaschung-Jesu-fuer-9-cm-Krippe-2.jpg\" alt=\"Fu\u00dfwaschung Jesu f\u00fcr 9 cm Krippe\" width=\"500\" height=\"500\" \/>\r\n\t\t\t<div class=\"sp-thumbnail\"><a class=\"\" href=\"https:\/\/www.holyart.de\/besondere-anlasse\/passionskrippe\/fusswaschung-jesu-fur-9-cm-krippe\" title=\"Fu\u00dfwaschung Jesu f\u00fcr 9 cm Krippe\">\r\n\t\t\t\t<img decoding=\"async\" src=\"https:\/\/blog.holyart.it\/de\/wp-content\/uploads\/sites\/12\/2024\/01\/Fusswaschung-Jesu-fuer-9-cm-Krippe-150x150-1.jpg\" alt=\"Fu\u00dfwaschung Jesu fur 9 cm Krippe\" \/>\r\n\t\t\t<\/a>\r\n\t\t\t<\/div>\r\n\t\t\t<div class=\"sp-caption\">Fu\u00dfwaschung Jesu, f\u00fcr 9 cm Krippe <\/br><strong><a href=\"https:\/\/www.holyart.de\/besondere-anlasse\/passionskrippe\/fusswaschung-jesu-fur-9-cm-krippe\">Bei Holyart kaufen<\/a><\/strong><\/div>\r\n\t\t<\/div>\r\n\t\t<div class=\"sp-slide\">\r\n\t\t\t<a class=\"\" href=\"https:\/\/www.holyart.de\/besondere-anlasse\/passionskrippe\/romische-soldaten-set-zu-4-stuck-fur-9-cm-krippe\" title=\"R\u00f6mische Soldaten, Set zu 4 St\u00fcck, f\u00fcr 9 cm Krippe\" target=\"_self\">\r\n\t\t\t\t<img loading=\"lazy\" decoding=\"async\" class=\"sp-image\" src=\"https:\/\/blog.holyart.it\/de\/wp-content\/uploads\/sites\/12\/2024\/01\/Roemische-Soldaten-Set-zu-4-Stueck-fuer-9-cm-Krippe.jpg\" alt=\"Roemische Soldaten, Set zu 4 Stueck, fuer 9 cm Krippe\" width=\"500\" height=\"500\" \/>\r\n\t\t\t<\/a>\r\n\t\t\t<div class=\"sp-thumbnail\"><a class=\"\" href=\"https:\/\/www.holyart.de\/besondere-anlasse\/passionskrippe\/romische-soldaten-set-zu-4-stuck-fur-9-cm-krippe\" title=\"R\u00f6mische Soldaten, Set zu 4 St\u00fcck, f\u00fcr 9 cm Krippe\">\r\n\t\t\t\t<img decoding=\"async\" src=\"https:\/\/blog.holyart.it\/de\/wp-content\/uploads\/sites\/12\/2024\/01\/Roemische-Soldaten-Set-zu-4-Stueck-fuer-9-cm-Krippe-150x150-2.jpg\" alt=\"Roemische Soldaten, Set zu 4 Stueck fuer 9 cm Krippe\" \/>\r\n\t\t\t<\/a>\r\n\t\t\t<\/div>\r\n\t\t\t<div class=\"sp-caption\">R\u00f6mische Soldaten, Set zu 4 St\u00fcck, f\u00fcr 9 cm Krippe <\/br><strong><a href=\"https:\/\/www.holyart.de\/besondere-anlasse\/passionskrippe\/romische-soldaten-set-zu-4-stuck-fur-9-cm-krippe\">Bei Holyart kaufen<\/a><\/strong><\/div>\r\n\t\t<\/div>\r\n\t\t<div class=\"sp-slide\">\r\n\t\t\t<a class=\"\" href=\"https:\/\/www.holyart.de\/besondere-anlasse\/passionskrippe\/aufstieg-zum-kalvarienberg-fur-9-cm-krippe\" title=\"Aufstieg zum Kalvarienberg, f\u00fcr 9 cm Krippe\" target=\"_self\">\r\n\t\t\t\t<img loading=\"lazy\" decoding=\"async\" class=\"sp-image\" src=\"https:\/\/blog.holyart.it\/de\/wp-content\/uploads\/sites\/12\/2024\/01\/Aufstieg-zum-Kalvarienberg-fuer-9-cm-Krippe.jpg\" alt=\"Aufstieg zum Kalvarienberg fur 9 cm Krippe\" width=\"500\" height=\"500\" \/>\r\n\t\t\t<\/a>\r\n\t\t\t<div class=\"sp-thumbnail\"><a class=\"\" href=\"https:\/\/www.holyart.de\/besondere-anlasse\/passionskrippe\/aufstieg-zum-kalvarienberg-fur-9-cm-krippe\" title=\"Aufstieg zum Kalvarienberg, f\u00fcr 9 cm Krippe\">\r\n\t\t\t\t<img decoding=\"async\" src=\"https:\/\/blog.holyart.it\/de\/wp-content\/uploads\/sites\/12\/2024\/01\/Aufstieg-zum-Kalvarienberg-fuer-9-cm-Krippe-150x150-1.jpg\" alt=\"Aufstieg zum Kalvarienberg fuer 9 cm Krippe\" \/>\r\n\t\t\t<\/a>\r\n\t\t\t<\/div>\r\n\t\t\t<div class=\"sp-caption\">R\u00f6mische Soldaten, Set zu 4 St\u00fcck, f\u00fcr 9 cm Krippe <\/br><strong><a href=\"https:\/\/www.holyart.de\/besondere-anlasse\/passionskrippe\/romische-soldaten-set-zu-4-stuck-fur-9-cm-krippe\">Bei Holyart kaufen<\/a><\/strong><\/div>\r\n\t\t<\/div>\r\n\t<\/div>\r\n<\/div>\n<h2>Die Verk\u00fcndigung des Herrn<\/h2>\n<p>Sowohl das Matth\u00e4us- als auch das Lukas-Evangelium beginnen mit einer <a href=\"https:\/\/www.holyart.de\/besondere-anlasse\/passionskrippe?page=1&amp;params=%257B%2522offset%2522%3A0%2C%2522limit%2522%3A60%2C%2522filters%2522%3A%255B%255D%2C%2522sorter%2522%3A%2522HIGHER_DISCOUNT%2522%2C%2522categoryIds%2522%3A%255B108544%255D%2C%2522filtersByIds%2522%3A%255B%257B%2522key%2522%3A104%2C%2522values%2522%3A%255B2820%255D%257D%255D%257D&amp;_gl=1*1hzyeob*_gcl_au*MjEzMjgwNzUyLjE3MDI1NjUxODE.*_ga*MTQ4NzE4MjM0Mi4xNjk0Nzg4MTQz*_ga_W18MV136NH*MTcwNjA5MjAzMi4yNTYuMS4xNzA2MDkzNTc1LjAuMC4w\"><strong>Verk\u00fcndigung<\/strong><\/a>. In beiden Evangelien wird zun\u00e4chst die <strong>Genealogie Jesu<\/strong> aufgef\u00fchrt, beginnend mit Abraham bei Matth\u00e4us und Adam bei Lukas, wobei <strong>Josef<\/strong> als Adoptivvater vorgestellt wird. Die Verk\u00fcndigung im Matth\u00e4us-Evangelium (Matth\u00e4us 1,18-25) ist diejenige, in der <strong>Josef<\/strong>, der Maria versto\u00dfen wollte, nachdem er von ihrer Schwangerschaft erfahren hatte, im Traum von einem Engel besucht wurde, der ihn \u00fcber die wahre Identit\u00e4t des Kindes, das geboren werden sollte, und \u00fcber Marias Rolle in Gottes Plan informierte. Die Verk\u00fcndigung des Lukas (Lk 1,26-38) erz\u00e4hlt, wie der Erzengel Gabriel Maria erschien, um ihr die Empf\u00e4ngnis des Sohnes Gottes anzuk\u00fcndigen.<\/p>\n<div class=\"link-product\">\n<div class=\"blocco-immagine\"><img loading=\"lazy\" decoding=\"async\" class=\"size-full wp-image-3660 alignleft\" src=\"https:\/\/blog.holyart.it\/de\/wp-content\/uploads\/sites\/12\/2024\/01\/Verkuendigung-des-Herrn-aus-Holz.jpg\" alt=\"Verk\u00fcndigung des Herrn aus Holz\" width=\"100\" height=\"100\" data-kale-share-title=\"Die Geschichte Jesu: die wichtigsten Ereignisse in seinem Leben\" data-kale-share-url=\"https:\/\/blog.holyart.it\/de\/?p=3645\" \/><\/div>\n<div class=\"blocco-contenuto\">\n<div class=\"blocco-acquista\">Einkaufen:<\/div>\n<div class=\"blocco-titolo\"><a href=\"https:\/\/www.holyart.de\/besondere-anlasse\/passionskrippe?page=1&amp;params=%257B%2522offset%2522%3A0%2C%2522limit%2522%3A60%2C%2522filters%2522%3A%255B%255D%2C%2522sorter%2522%3A%2522HIGHER_DISCOUNT%2522%2C%2522categoryIds%2522%3A%255B108544%255D%2C%2522filtersByIds%2522%3A%255B%257B%2522key%2522%3A104%2C%2522values%2522%3A%255B2820%255D%257D%255D%257D&amp;_gl=1*1hzyeob*_gcl_au*MjEzMjgwNzUyLjE3MDI1NjUxODE.*_ga*MTQ4NzE4MjM0Mi4xNjk0Nzg4MTQz*_ga_W18MV136NH*MTcwNjA5MjAzMi4yNTYuMS4xNzA2MDkzNTc1LjAuMC4w\">Verk\u00fcndigung<\/a><\/div>\n<div class=\"blocco-descrizione\">Figuren f\u00fcr die Osterkrippe, ideal zur Gestaltung einer Passionskrippe.<\/div>\n<\/div>\n<\/div>\n<h2>Die Geburt Jesu<\/h2>\n<p>Was die <strong>Geburt Jesu<\/strong> betrifft, erw\u00e4hnen Matth\u00e4us und Lukas sie noch immer in ihren Evangelien. Der erste (Matth\u00e4us 1,25) erw\u00e4hnt lediglich die Nachricht: \u201e<em>Jesus wurde in Bethlehem in Jud\u00e4a geboren, zur Zeit des K\u00f6nigs Herodes<\/em>\u201c, w\u00e4hrend der zweite (Lukas 2,1-20) die gesamte Episode von der Herausgabe des Buches sehr detailliert erz\u00e4hlt Erlass des Kaisers Augustus, aufgrund dessen Joseph zur Volksz\u00e4hlung aus Nazareth und Bethlehem zur\u00fcckkehren musste, zur Geburt Jesu in einem Stall, weil im Hotel kein Platz war, zur Anbetung der Hirten, zu der eine Schar Engelwurz eingeladen wurde Erreichen Sie den Ort der Geburt Christi.<\/p>\n<h2>Dreik\u00f6nigstag<\/h2>\n<p>Matth\u00e4us erw\u00e4hnt auch den <strong>Besuch der Heiligen Drei K\u00f6nige<\/strong>, die aus dem Osten kamen (Matth\u00e4us 2,1), und er ist der einzige Evangelist, der dies tut. Alle anderen Traditionen, die mit diesen drei Figuren, ihren Namen und den von ihnen mitgebrachten Geschenken verbunden sind, gehen auf die sp\u00e4tere christliche Tradition zur\u00fcck.<\/p>\n<h2>Die Flucht nach \u00c4gypten und das Massaker an Unschuldigen<\/h2>\n<p>Ebenso erz\u00e4hlt nur das Matth\u00e4usevangelium (Matth\u00e4us 2,13-23) von der <strong><a href=\"https:\/\/www.holyart.de\/blog\/weihnachten\/flucht-nach-aegypten-die-reise-der-heiligen-familie-auf-der-flucht-vor-koenig-herodes\/\">Flucht nach \u00c4gypten und dem Massaker an den Unschuldigen<\/a><\/strong>, als ein Engel des Herrn Joseph erschien und ihn vor der T\u00f6tungsabsicht von Jesus seitens K\u00f6nigs Herodes warnte, nahm er Maria und das neugeborene Kind und machte sich auf den Weg, w\u00e4hrend die Soldaten des Herodes alle Kinder von Bethlehem ausrotteten. Die Heilige Familie w\u00fcrde bis zum Tod von Herodes in \u00c4gypten bleiben.<\/p>\n<div class=\"link-article\">\n<p><img loading=\"lazy\" decoding=\"async\" class=\"size-full wp-image-3647 alignleft\" src=\"https:\/\/blog.holyart.it\/de\/wp-content\/uploads\/sites\/12\/2024\/01\/Die-Flucht-nach-Aegypten.jpg\" alt=\"Die Flucht nach \u00c4gypten\" width=\"150\" height=\"99\" data-kale-share-title=\"Die Geschichte Jesu: die wichtigsten Ereignisse in seinem Leben\" data-kale-share-url=\"https:\/\/blog.holyart.it\/de\/?p=3645\" \/><\/p>\n<div class=\"leggi-anche\">Lesen Sie auch:<\/div>\n<p><strong><a href=\"https:\/\/www.holyart.de\/blog\/weihnachten\/flucht-nach-aegypten-die-reise-der-heiligen-familie-auf-der-flucht-vor-koenig-herodes\/\">Flucht nach \u00c4gypten: die Reise der Heiligen Familie auf der Flucht vor K\u00f6nig Herodes<\/a><\/strong><br \/>\nDie Flucht nach \u00c4gypten ist eine Episode aus der Kindheit von Jesus. Zwischen Geschichte und Glaube ist hier die erste Reise des Erl\u00f6sers<\/p>\n<\/div>\n<h2>Die Entdeckung Jesu im Tempel<\/h2>\n<p>Wie bereits erw\u00e4hnt, ist wenig \u00fcber die verlorenen Jahre Jesu bekannt, aber im Lukasevangelium wird die Episode des <strong>Tempelbesuchs<\/strong> erw\u00e4hnt (Lukas 2,41-50), als Jesus zw\u00f6lf Jahre alt war und Maria und Josef zusammen waren nahmen ihn mit nach Jerusalem zur Osterfeier. Als sie nach Nazareth aufbrachen, stellten sie fest, dass Jesus nicht in der Karawane war, und kehrten zur\u00fcck, suchten drei Tage lang verzweifelt nach ihm, nur um ihn im Tempel zu finden, wo er zwischen den \u00c4rzten sa\u00df, ihnen zuh\u00f6rte und sie befragte.<\/p>\n<h2>Taufe und Versuchungen Jesu<\/h2>\n<p>Matth\u00e4us, Markus und Lukas erz\u00e4hlen von <a href=\"https:\/\/www.holyart.de\/besondere-anlasse\/passionskrippe\/taufe-jesu-im-jordan-mit-johannes-dem-taufer-fur-9-cm-krippe?_gl=1*fitt8g*_gcl_au*MjEzMjgwNzUyLjE3MDI1NjUxODE.*_ga*MTQ4NzE4MjM0Mi4xNjk0Nzg4MTQz*_ga_W18MV136NH*MTcwNjA5MjAzMi4yNTYuMC4xNzA2MDkyMDMyLjAuMC4w\"><strong>der Taufe, die Jesus<\/strong><\/a>, nun ein Mann, von <strong><u>J<\/u>ohannes dem T\u00e4ufer <\/strong>empfing. Im <strong>Markusevangelium<\/strong> (Markus 1,9-13) und im <strong>Matth\u00e4usevangelium<\/strong> (Matth\u00e4us 3,13-4,11) wird erz\u00e4hlt, wie Jesus, von Nazareth am Ufer des Jordan angekommen, Johannes dem T\u00e4ufer begegnete und von ihm getauft wurde ihn. Als er aus dem Fluss kam, \u00f6ffnete sich der Himmel weit, der Heilige Geist in Form einer Taube kam auf ihn herab und ein Stellvertreter sagte: \u201e<em>Du bist mein geliebter Sohn, ich habe Wohlgefallen an dir<\/em>.\u201c<\/p>\n<p>Matth\u00e4us l\u00e4sst auch Johannes den T\u00e4ufer sprechen, der sich zun\u00e4chst weigert, Jesus zu taufen, da er derjenige sein sollte, der getauft werden soll.<\/p>\n<p>Im <strong>Lukasevangelium<\/strong> (Lukas 3,21-22;4,1-13) wird Jesus gemeinsam mit dem ganzen Volk getauft, und die Taube und die Stimme vom Himmel erreichen ihn, w\u00e4hrend er im Gebet versammelt ist.<\/p>\n<p>Matth\u00e4us und Lukas konzentrieren sich auch auf die n\u00e4chsten <strong>vierzig Tage<\/strong>, die Jesus in der W\u00fcste verbringen wird, gequ\u00e4lt von den Versuchungen des Teufels, w\u00e4hrend Markus dies kaum erw\u00e4hnt.<\/p>\n<p><strong>Johannes<\/strong> spricht nicht von der Taufe Jesu, sondern nur von der Herabkunft des Heiligen Geistes in Form einer Taube.<\/p>\n<h2>\u00d6ffentliches Leben Jesu<\/h2>\n<p>Alle Evangelisten sprechen vom <strong>\u00f6ffentlichen Leben Jesu<\/strong>, oder besser gesagt von seinem <strong>Wirken<\/strong>, der dreij\u00e4hrigen Zeitspanne von seiner Taufe am Ufer des Jordan bis zu seinem Tod in Jerusalem. Jesus war damals etwa drei\u00dfig Jahre alt und nachdem er vierzig Tage in der W\u00fcste verbracht hatte, begann er seine Wanderung in Galil\u00e4a, wo er die ersten J\u00fcnger um sich scharte. Dabei handelt es sich um das sogenannte Erste Amt, zu dem auch <strong>die Berufung der Apostel am Tiberias-See<\/strong> geh\u00f6rt, wie in den synoptischen Evangelien berichtet, w\u00e4hrend im Johannesevangelium die erste Begegnung Jesu mit Andreas, Petrus und Johannes kurz darauf in Bethanien stattfand nach der Taufe.<\/p>\n<p>Jesus reiste sp\u00e4ter durch Jud\u00e4a und nach Jerusalem, wo er seinen letzten Dienst, die <strong>Karwoche<\/strong>, die letzte Woche seines Lebens, beginnt.<\/p>\n<h2>Die Wunder Jesu<\/h2>\n<p>W\u00e4hrend seines Dienstes vollbringt Jesus auch viele <strong>Wunder<\/strong>, die von erstaunlichen Heilungen \u00fcber Exorzismen bis hin zur Auferstehung von den Toten reichen.<\/p>\n<div class=\"link-product\">\n<div class=\"blocco-immagine\"><img loading=\"lazy\" decoding=\"async\" class=\"size-full wp-image-3648 alignleft\" src=\"https:\/\/blog.holyart.it\/de\/wp-content\/uploads\/sites\/12\/2024\/01\/Wunder-der-Heilung-des-Blinden-durch-Jesus-fur-9-cm-Krippe.jpg\" alt=\"Wunder der Heilung des Blinden durch Jesus, fur 9 cm Krippe\" width=\"100\" height=\"100\" data-kale-share-title=\"Die Geschichte Jesu: die wichtigsten Ereignisse in seinem Leben\" data-kale-share-url=\"https:\/\/blog.holyart.it\/de\/?p=3645\" \/><\/div>\n<div class=\"blocco-contenuto\">\n<div class=\"blocco-acquista\">Einkaufen:<\/div>\n<div class=\"blocco-titolo\"><a href=\"https:\/\/www.holyart.de\/besondere-anlasse\/passionskrippe\/wunder-der-heilung-des-blinden-durch-jesus-fur-9-cm-krippe?_gl=1*nnib4*_gcl_au*MjEzMjgwNzUyLjE3MDI1NjUxODE.*_ga*MTQ4NzE4MjM0Mi4xNjk0Nzg4MTQz*_ga_W18MV136NH*MTcwNjA5MjAzMi4yNTYuMS4xNzA2MDkyMDc1LjAuMC4w\">Wunder der Heilung des Blinden durch Jesus, f\u00fcr 9 cm Krippe<\/a><\/div>\n<div class=\"blocco-descrizione\">Jesus einen Blinden die Sehkraft zur\u00fcckgibt.<\/div>\n<\/div>\n<\/div>\n<h2>Einzug Jesu in Jerusalem (Palmsonntag)<\/h2>\n<p>Alle kanonischen Evangelien erz\u00e4hlen vom <strong>Einzug Jesu in Jerusalem<\/strong>, wo er von einer jubelnden Menge begr\u00fc\u00dft wurde, die ihm zujubelte und mit Palmwedeln schwenkte. Daher die Tradition des Palmsonntags, der den Beginn der Karwoche markiert.<\/p>\n<h2>Das letzte Abendmahl (Fu\u00dfwaschung)<\/h2>\n<p>Die vier Evangelien erz\u00e4hlen auch vom <a href=\"https:\/\/www.holyart.de\/blog\/devotionalien\/das-letzte-abendmahl-von-leonardo-da-vinci\/\"><strong>letzten Abendmahl Jesu und seiner J\u00fcnger<\/strong><\/a>, die sich im Abendmahlssaal versammelten, um das j\u00fcdische Pessach zu feiern, bei dem die Einsetzung der Eucharistie stattfand. Bei dieser Gelegenheit <strong>wusch Jesus auch die F\u00fc\u00dfe seiner Apostel<\/strong>, obwohl diese Episode nur im Johannesevangelium erz\u00e4hlt wird (Joh 13,1-15), und offenbarte, dass einer der Apostel ihn verraten w\u00fcrde.<\/p>\n<div class=\"link-product\">\n<div class=\"blocco-immagine\"><img loading=\"lazy\" decoding=\"async\" class=\"size-full wp-image-3650 alignleft\" src=\"https:\/\/blog.holyart.it\/de\/wp-content\/uploads\/sites\/12\/2024\/01\/Fusswaschung-Jesu-fuer-9-cm-Krippe-1.jpg\" alt=\"Fu\u00dfwaschung Jesu, f\u00fcr 9 cm Krippe\" width=\"100\" height=\"100\" data-kale-share-title=\"Die Geschichte Jesu: die wichtigsten Ereignisse in seinem Leben\" data-kale-share-url=\"https:\/\/blog.holyart.it\/de\/?p=3645\" \/><\/div>\n<div class=\"blocco-contenuto\">\n<div class=\"blocco-acquista\">Einkaufen:<\/div>\n<div class=\"blocco-titolo\"><a href=\"https:\/\/www.holyart.de\/besondere-anlasse\/passionskrippe\/fusswaschung-jesu-fur-9-cm-krippe?_gl=1*l6s7gu*_gcl_au*MjEzMjgwNzUyLjE3MDI1NjUxODE.*_ga*MTQ4NzE4MjM0Mi4xNjk0Nzg4MTQz*_ga_W18MV136NH*MTcwNjA5MjAzMi4yNTYuMS4xNzA2MDkyMzQ0LjAuMC4w\">Fu\u00dfwaschung Jesu, f\u00fcr 9 cm Krippe<\/a><\/div>\n<div class=\"blocco-descrizione\">Jesus w\u00e4hrend des letzten Abendmahls beschlie\u00dft, die F\u00fc\u00dfe der Apostel als Zeichen der Demut zu waschen.<\/div>\n<\/div>\n<\/div>\n<h2>Der Prozess gegen Jesus<\/h2>\n<p>Die vier kanonischen Evangelien erz\u00e4hlen von der <strong>Verhaftung Jesu<\/strong> im Garten Gethsemane au\u00dferhalb Jerusalems, seinem <a href=\"https:\/\/www.holyart.de\/besondere-anlasse\/passionskrippe\/verurteilung-jesu-kaiphas-barabbas-fur-9-cm-krippe?_gl=1*1a60upn*_gcl_au*MjEzMjgwNzUyLjE3MDI1NjUxODE.*_ga*MTQ4NzE4MjM0Mi4xNjk0Nzg4MTQz*_ga_W18MV136NH*MTcwNjA5MjAzMi4yNTYuMS4xNzA2MDkyNDg1LjAuMC4w\"><strong>Verh\u00f6r und seinem Prozess<\/strong><\/a> zun\u00e4chst vor dem Sanhedrin, dem h\u00f6chsten j\u00fcdischen Rat in der R\u00f6merzeit, dann durch den r\u00f6mischen Statthalter Pontius Pilatus. Die Festnahme erfolgt traditionell am Donnerstagabend, das Urteil des Pilatus wird am Freitag verk\u00fcndet. Im <strong>Lukasevangelium<\/strong> schickt Pilatus Jesus zu Herodes Antipas, der ihn zur\u00fcckschickt, ohne etwas zu sagen. Obwohl Pilatus bei einem ersten privaten Gespr\u00e4ch mit Jesus zu dem Schluss gekommen war, dass er geisteskrank sei und ihn f\u00fcr unschuldig befunden hatte, musste er ihn sp\u00e4ter verurteilen. Pontius Pilatus verurteilte ihn wegen Gottesl\u00e4sterung, Volksverhetzung und Hochverrats zum Tod durch Kreuzigung. W\u00e4hrend des Prozesses wird Barabbas, der vom Volk ausgew\u00e4hlt wurde, um anstelle von Jesus zu begnadigen, freigelassen.<\/p>\n<div class=\"link-product\">\n<div class=\"blocco-immagine\"><img loading=\"lazy\" decoding=\"async\" class=\"size-full wp-image-3651 alignleft\" src=\"https:\/\/blog.holyart.it\/de\/wp-content\/uploads\/sites\/12\/2024\/01\/Verurteilung-Jesu-Kaiphas-Barabbas-fuer-9-cm-Krippe.jpg\" alt=\"Verurteilung Jesu, Kaiphas, Barabbas f\u00fcr 9 cm Krippe\" width=\"100\" height=\"100\" data-kale-share-title=\"Die Geschichte Jesu: die wichtigsten Ereignisse in seinem Leben\" data-kale-share-url=\"https:\/\/blog.holyart.it\/de\/?p=3645\" \/><\/div>\n<div class=\"blocco-contenuto\">\n<div class=\"blocco-acquista\">Einkaufen:<\/div>\n<div class=\"blocco-titolo\"><a href=\"https:\/\/www.holyart.de\/besondere-anlasse\/passionskrippe\/verurteilung-jesu-kaiphas-barabbas-fur-9-cm-krippe?_gl=1*1a60upn*_gcl_au*MjEzMjgwNzUyLjE3MDI1NjUxODE.*_ga*MTQ4NzE4MjM0Mi4xNjk0Nzg4MTQz*_ga_W18MV136NH*MTcwNjA5MjAzMi4yNTYuMS4xNzA2MDkyNDg1LjAuMC4w\">Verurteilung Jesu, Kaiphas, Barabbas f\u00fcr 9 cm Krippe<\/a><\/div>\n<div class=\"blocco-descrizione\">Jesus nach dem Prozess verurteilt wird.<\/div>\n<\/div>\n<\/div>\n<h2>Passion und Kreuzigung<\/h2>\n<p>Die <strong>Passion Christi<\/strong> umfasst die letzten schrecklichen Momente seines Lebens nach dem Prozess, als er zum Berg Golgatha gef\u00fchrt und gekreuzigt wird. Der Prozess endet am Mittag, der Tod Jesu findet am Karfreitag gegen drei Uhr nachmittags (neunte Stunde) statt. An die Passion erinnern sich Christen in der Karwoche, auf die Ostern folgt, in dem drei Tage nach seinem Tod die Auferstehung Christi gefeiert wird.<\/p>\n<p>Traurig ber\u00fchmte Episoden der Passion sind die <a href=\"https:\/\/www.holyart.de\/besondere-anlasse\/passionskrippe\/geisselung-jesu-fur-9-cm-krippe?_gl=1*tvtk92*_gcl_au*MjEzMjgwNzUyLjE3MDI1NjUxODE.*_ga*MTQ4NzE4MjM0Mi4xNjk0Nzg4MTQz*_ga_W18MV136NH*MTcwNjA5MjAzMi4yNTYuMS4xNzA2MDkyNzI0LjAuMC4w\"><strong>Gei\u00dfelung Christi<\/strong><\/a>, von der in allen Evangelien berichtet wird, die <a href=\"https:\/\/www.holyart.de\/besondere-anlasse\/passionskrippe\/dornenkronung-jesu-fur-9-cm-krippe?_gl=1*tvtk92*_gcl_au*MjEzMjgwNzUyLjE3MDI1NjUxODE.*_ga*MTQ4NzE4MjM0Mi4xNjk0Nzg4MTQz*_ga_W18MV136NH*MTcwNjA5MjAzMi4yNTYuMS4xNzA2MDkyNzI0LjAuMC4w\"><strong>Kr\u00f6nung mit der Dornenkrone<\/strong><\/a>, der Aufstieg zum Kalvarienberg, wo Jesus laut Matth\u00e4us, Markus und Lukas von <a href=\"https:\/\/www.holyart.de\/besondere-anlasse\/passionskrippe\/szene-kreuzigung-mit-soldat-und-maria-fur-9-cm-krippe?_gl=1*l9rcqi*_gcl_au*MjEzMjgwNzUyLjE3MDI1NjUxODE.*_ga*MTQ4NzE4MjM0Mi4xNjk0Nzg4MTQz*_ga_W18MV136NH*MTcwNjA5MjAzMi4yNTYuMS4xNzA2MDkyNzM2LjAuMC4w\"><strong>Simon von Kyrene<\/strong><\/a> beim Tragen des Kreuzes unterst\u00fctzt wurde. Auf Golgatha wird Jesus zwischen zwei Dieben gekreuzigt. Laut Matth\u00e4us und Markus wurde bei seinem Tod der Vorhang des Tempels in Jerusalem von einem \u00fcbernat\u00fcrlichen Wind zerrissen. Anschlie\u00dfend erfolgt die <a href=\"https:\/\/www.holyart.de\/besondere-anlasse\/passionskrippe\/kreuzabnahme-jesu-fur-9-cm-krippe?_gl=1*1jofd4u*_ga*MTQ4NzE4MjM0Mi4xNjk0Nzg4MTQz*_ga_W18MV136NH*MTcwNjA5MjAzMi4yNTYuMS4xNzA2MDkyNzM4LjAuMC4w*_gcl_au*MjEzMjgwNzUyLjE3MDI1NjUxODE.\"><strong>Beisetzung<\/strong><\/a> des Leichnams Jesu im Grab.<\/p>\n<h2>Auferstehung und Himmelfahrt Jesu<\/h2>\n<p>Die <a href=\"https:\/\/www.holyart.de\/besondere-anlasse\/passionskrippe\/auferstehung-jesu-fur-9-cm-krippe?_gl=1*1b4f6oh*_gcl_au*MjEzMjgwNzUyLjE3MDI1NjUxODE.*_ga*MTQ4NzE4MjM0Mi4xNjk0Nzg4MTQz*_ga_W18MV136NH*MTcwNjA5MjAzMi4yNTYuMS4xNzA2MDkyODAxLjAuMC4w\"><strong>Auferstehung Jesu<\/strong><\/a> von den Toten wird in den verschiedenen Evangelien mit einigen Unterschieden erz\u00e4hlt. Bei Matth\u00e4us gehen <strong><a href=\"https:\/\/www.holyart.de\/blog\/devotionalien\/wer-maria-magdalena-wirklich-war-geschichte-und-leben-der-apostelin-der-apostel\/\">Maria Magdalena<\/a><\/strong> und Maria von Kleophas nach dem Sabbat im Morgengrauen zum Grab und finden es leer. Bei Markus sind es Maria Magdalena, Maria von Jakobus und Maria Salome, bei Lukas Maria Magdalena, Johanna die Mirophora und Maria von Kleophas, w\u00e4hrend Johannes der Evangelist nur Maria Magdalena und andere namenlose Frauen erw\u00e4hnt und die Handlung auf die \u201e<em>erste Wochentag, an dem es noch dunkel war<\/em>\u201c verschiebt. Die Geschichte geht weiter, wobei der Stein des Grabes entfernt wird, je nach der Geschichte durch einen oder zwei Engel oder durch ein Erdbeben, und die Angst vor den Wachsoldaten oder den Frauen. Der Engel verk\u00fcndet den Frauen die Auferstehung Jesu und befiehlt ihnen, die Nachricht den J\u00fcngern zu \u00fcberbringen. <strong>Jesus erscheint<\/strong> den Frauen, die aus dem Grab fliehen (bei Markus nur Maria Magdalena), und je nach Version verk\u00fcnden sie es oder schweigen.<\/p>\n<p>Im Lukasevangelium und in der Apostelgeschichte (Lukas 24,51 und Apostelgeschichte 1,9-11) wird auch von der <strong>Himmelfahrt Jesu <\/strong>erz\u00e4hlt, der letzten Episode seines irdischen Gleichnisses. Jesus steigt in den Himmel auf, um zur Rechten des Vaters zu sitzen, und von dort wird er erst am Ende der Zeit zur\u00fcckkehren, um die Lebenden und die Toten zu richten.<\/p>\n<div class=\"link-product\">\n<div class=\"blocco-immagine\"><img loading=\"lazy\" decoding=\"async\" class=\"size-full wp-image-3662 alignleft\" src=\"https:\/\/blog.holyart.it\/de\/wp-content\/uploads\/sites\/12\/2024\/01\/Auferstehung-Jesu-fuer-9-cm-Krippe.jpg\" alt=\"Auferstehung Jesu, f\u00fcr 9 cm Krippe\" width=\"100\" height=\"100\" data-kale-share-title=\"Die Geschichte Jesu: die wichtigsten Ereignisse in seinem Leben\" data-kale-share-url=\"https:\/\/blog.holyart.it\/de\/?p=3645\" \/><\/div>\n<div class=\"blocco-contenuto\">\n<div class=\"blocco-acquista\">Einkaufen:<\/div>\n<div class=\"blocco-titolo\"><a href=\"https:\/\/www.holyart.de\/besondere-anlasse\/passionskrippe\/auferstehung-jesu-fur-9-cm-krippe?_gl=1*1b4f6oh*_gcl_au*MjEzMjgwNzUyLjE3MDI1NjUxODE.*_ga*MTQ4NzE4MjM0Mi4xNjk0Nzg4MTQz*_ga_W18MV136NH*MTcwNjA5MjAzMi4yNTYuMS4xNzA2MDkyODAxLjAuMC4w\">Auferstehung Jesu, f\u00fcr 9 cm Krippe<\/a><\/div>\n<div class=\"blocco-descrizione\">Jesus wird im Moment der Auferstehung dargestellt.<\/div>\n<\/div>\n<\/div>\n","protected":false},"excerpt":{"rendered":"<p>Die Geschichte Jesu, zwischen Evangelium, historischer Realit\u00e4t und frommer Legende. Im Hinblick auf Ostern rekonstruieren wir die menschliche Geschichte, die das Schicksal der Menschheit ver\u00e4ndert hat Die Geschichte von Jesus zu erz\u00e4hlen, mag auf den ersten Blick einfach, ja banal erscheinen. Jeder, der in einer&hellip;<\/p>\n","protected":false},"author":1,"featured_media":3654,"comment_status":"closed","ping_status":"open","sticky":false,"template":"","format":"standard","meta":{"_acf_changed":false,"footnotes":""},"categories":[10],"tags":[],"class_list":["post-3645","post","type-post","status-publish","format-standard","has-post-thumbnail","hentry","category-devotionalien"],"acf":[],"yoast_head":"<!-- This site is optimized with the Yoast SEO plugin v26.6 - https:\/\/yoast.com\/wordpress\/plugins\/seo\/ -->\n<title>Die Geschichte Jesu: die wichtigsten Ereignisse in seinem Leben - Holyart.de Blog<\/title>\n<meta name=\"description\" content=\"Die Geschichte Jesu von der Verk\u00fcndigung bis zur Auferstehung wird in den Evangelien und unz\u00e4hligen Geschichten der christlichen Tradition...\" \/>\n<meta name=\"robots\" content=\"index, follow, max-snippet:-1, max-image-preview:large, max-video-preview:-1\" \/>\n<link rel=\"canonical\" href=\"https:\/\/blog.holyart.it\/de\/devotionalien\/die-geschichte-jesu-die-wichtigsten-ereignisse-in-seinem-leben\/\" \/>\n<meta property=\"og:locale\" content=\"de_DE\" \/>\n<meta property=\"og:type\" content=\"article\" \/>\n<meta property=\"og:title\" content=\"Die Geschichte Jesu: die wichtigsten Ereignisse in seinem Leben - Holyart.de Blog\" \/>\n<meta property=\"og:description\" content=\"Die Geschichte Jesu von der Verk\u00fcndigung bis zur Auferstehung wird in den Evangelien und unz\u00e4hligen Geschichten der christlichen Tradition...\" \/>\n<meta property=\"og:url\" content=\"https:\/\/blog.holyart.it\/de\/devotionalien\/die-geschichte-jesu-die-wichtigsten-ereignisse-in-seinem-leben\/\" \/>\n<meta property=\"og:site_name\" content=\"Holyart.de Blog\" \/>\n<meta property=\"article:published_time\" content=\"2024-02-26T09:00:04+00:00\" \/>\n<meta property=\"article:modified_time\" content=\"2025-03-19T15:56:32+00:00\" \/>\n<meta property=\"og:image\" content=\"https:\/\/blog.holyart.it\/de\/wp-content\/uploads\/sites\/12\/2024\/01\/Die-Geschichte-Jesu-die-wichtigsten-Ereignisse-in-seinem-Leben-1.jpg\" \/>\n\t<meta property=\"og:image:width\" content=\"1000\" \/>\n\t<meta property=\"og:image:height\" content=\"666\" \/>\n\t<meta property=\"og:image:type\" content=\"image\/jpeg\" \/>\n<meta name=\"author\" content=\"Redazione\" \/>\n<meta name=\"twitter:card\" content=\"summary_large_image\" \/>\n<meta name=\"twitter:label1\" content=\"Verfasst von\" \/>\n\t<meta name=\"twitter:data1\" content=\"Redazione\" \/>\n\t<meta name=\"twitter:label2\" content=\"Gesch\u00e4tzte Lesezeit\" \/>\n\t<meta name=\"twitter:data2\" content=\"13\u00a0Minuten\" \/>\n<script type=\"application\/ld+json\" class=\"yoast-schema-graph\">{\"@context\":\"https:\/\/schema.org\",\"@graph\":[{\"@type\":\"Article\",\"@id\":\"https:\/\/blog.holyart.it\/de\/devotionalien\/die-geschichte-jesu-die-wichtigsten-ereignisse-in-seinem-leben\/#article\",\"isPartOf\":{\"@id\":\"https:\/\/blog.holyart.it\/de\/devotionalien\/die-geschichte-jesu-die-wichtigsten-ereignisse-in-seinem-leben\/\"},\"author\":{\"name\":\"Redazione\",\"@id\":\"https:\/\/blog.holyart.it\/de\/#\/schema\/person\/0a7b686e5af0f856ec1e390dd0baecda\"},\"headline\":\"Die Geschichte Jesu: die wichtigsten Ereignisse in seinem Leben\",\"datePublished\":\"2024-02-26T09:00:04+00:00\",\"dateModified\":\"2025-03-19T15:56:32+00:00\",\"mainEntityOfPage\":{\"@id\":\"https:\/\/blog.holyart.it\/de\/devotionalien\/die-geschichte-jesu-die-wichtigsten-ereignisse-in-seinem-leben\/\"},\"wordCount\":2070,\"publisher\":{\"@id\":\"https:\/\/blog.holyart.it\/de\/#organization\"},\"image\":{\"@id\":\"https:\/\/blog.holyart.it\/de\/devotionalien\/die-geschichte-jesu-die-wichtigsten-ereignisse-in-seinem-leben\/#primaryimage\"},\"thumbnailUrl\":\"https:\/\/blog.holyart.it\/de\/wp-content\/uploads\/sites\/12\/2024\/01\/Die-Geschichte-Jesu-die-wichtigsten-Ereignisse-in-seinem-Leben-1.jpg\",\"articleSection\":[\"Religion\"],\"inLanguage\":\"de\"},{\"@type\":\"WebPage\",\"@id\":\"https:\/\/blog.holyart.it\/de\/devotionalien\/die-geschichte-jesu-die-wichtigsten-ereignisse-in-seinem-leben\/\",\"url\":\"https:\/\/blog.holyart.it\/de\/devotionalien\/die-geschichte-jesu-die-wichtigsten-ereignisse-in-seinem-leben\/\",\"name\":\"Die Geschichte Jesu: die wichtigsten Ereignisse in seinem Leben - Holyart.de Blog\",\"isPartOf\":{\"@id\":\"https:\/\/blog.holyart.it\/de\/#website\"},\"primaryImageOfPage\":{\"@id\":\"https:\/\/blog.holyart.it\/de\/devotionalien\/die-geschichte-jesu-die-wichtigsten-ereignisse-in-seinem-leben\/#primaryimage\"},\"image\":{\"@id\":\"https:\/\/blog.holyart.it\/de\/devotionalien\/die-geschichte-jesu-die-wichtigsten-ereignisse-in-seinem-leben\/#primaryimage\"},\"thumbnailUrl\":\"https:\/\/blog.holyart.it\/de\/wp-content\/uploads\/sites\/12\/2024\/01\/Die-Geschichte-Jesu-die-wichtigsten-Ereignisse-in-seinem-Leben-1.jpg\",\"datePublished\":\"2024-02-26T09:00:04+00:00\",\"dateModified\":\"2025-03-19T15:56:32+00:00\",\"description\":\"Die Geschichte Jesu von der Verk\u00fcndigung bis zur Auferstehung wird in den Evangelien und unz\u00e4hligen Geschichten der christlichen Tradition...\",\"breadcrumb\":{\"@id\":\"https:\/\/blog.holyart.it\/de\/devotionalien\/die-geschichte-jesu-die-wichtigsten-ereignisse-in-seinem-leben\/#breadcrumb\"},\"inLanguage\":\"de\",\"potentialAction\":[{\"@type\":\"ReadAction\",\"target\":[\"https:\/\/blog.holyart.it\/de\/devotionalien\/die-geschichte-jesu-die-wichtigsten-ereignisse-in-seinem-leben\/\"]}]},{\"@type\":\"ImageObject\",\"inLanguage\":\"de\",\"@id\":\"https:\/\/blog.holyart.it\/de\/devotionalien\/die-geschichte-jesu-die-wichtigsten-ereignisse-in-seinem-leben\/#primaryimage\",\"url\":\"https:\/\/blog.holyart.it\/de\/wp-content\/uploads\/sites\/12\/2024\/01\/Die-Geschichte-Jesu-die-wichtigsten-Ereignisse-in-seinem-Leben-1.jpg\",\"contentUrl\":\"https:\/\/blog.holyart.it\/de\/wp-content\/uploads\/sites\/12\/2024\/01\/Die-Geschichte-Jesu-die-wichtigsten-Ereignisse-in-seinem-Leben-1.jpg\",\"width\":1000,\"height\":666,\"caption\":\"Die Geschichte Jesu: die wichtigsten Ereignisse in seinem Leben\"},{\"@type\":\"BreadcrumbList\",\"@id\":\"https:\/\/blog.holyart.it\/de\/devotionalien\/die-geschichte-jesu-die-wichtigsten-ereignisse-in-seinem-leben\/#breadcrumb\",\"itemListElement\":[{\"@type\":\"ListItem\",\"position\":1,\"name\":\"Homepage\",\"item\":\"https:\/\/blog.holyart.it\/de\/\"},{\"@type\":\"ListItem\",\"position\":2,\"name\":\"Religion\",\"item\":\"https:\/\/blog.holyart.it\/de\/devotionalien\/\"},{\"@type\":\"ListItem\",\"position\":3,\"name\":\"Die Geschichte Jesu: die wichtigsten Ereignisse in seinem Leben\"}]},{\"@type\":\"WebSite\",\"@id\":\"https:\/\/blog.holyart.it\/de\/#website\",\"url\":\"https:\/\/blog.holyart.it\/de\/\",\"name\":\"Holyart.de Blog\",\"description\":\"Holyblog\",\"publisher\":{\"@id\":\"https:\/\/blog.holyart.it\/de\/#organization\"},\"potentialAction\":[{\"@type\":\"SearchAction\",\"target\":{\"@type\":\"EntryPoint\",\"urlTemplate\":\"https:\/\/blog.holyart.it\/de\/?s={search_term_string}\"},\"query-input\":{\"@type\":\"PropertyValueSpecification\",\"valueRequired\":true,\"valueName\":\"search_term_string\"}}],\"inLanguage\":\"de\"},{\"@type\":\"Organization\",\"@id\":\"https:\/\/blog.holyart.it\/de\/#organization\",\"name\":\"Holyart.de Blog\",\"url\":\"https:\/\/blog.holyart.it\/de\/\",\"logo\":{\"@type\":\"ImageObject\",\"inLanguage\":\"de\",\"@id\":\"https:\/\/blog.holyart.it\/de\/#\/schema\/logo\/image\/\",\"url\":\"https:\/\/blog.holyart.it\/de\/wp-content\/uploads\/sites\/12\/2022\/12\/Holyart_Blog_Logo.jpg\",\"contentUrl\":\"https:\/\/blog.holyart.it\/de\/wp-content\/uploads\/sites\/12\/2022\/12\/Holyart_Blog_Logo.jpg\",\"width\":300,\"height\":50,\"caption\":\"Holyart.de Blog\"},\"image\":{\"@id\":\"https:\/\/blog.holyart.it\/de\/#\/schema\/logo\/image\/\"}},{\"@type\":\"Person\",\"@id\":\"https:\/\/blog.holyart.it\/de\/#\/schema\/person\/0a7b686e5af0f856ec1e390dd0baecda\",\"name\":\"Redazione\",\"image\":{\"@type\":\"ImageObject\",\"inLanguage\":\"de\",\"@id\":\"https:\/\/blog.holyart.it\/de\/#\/schema\/person\/image\/\",\"url\":\"https:\/\/secure.gravatar.com\/avatar\/f477da817f43e50d0af36abecd33e3edf826c68299714bdc1057dff3b113f516?s=96&d=mm&r=g\",\"contentUrl\":\"https:\/\/secure.gravatar.com\/avatar\/f477da817f43e50d0af36abecd33e3edf826c68299714bdc1057dff3b113f516?s=96&d=mm&r=g\",\"caption\":\"Redazione\"}}]}<\/script>\n<!-- \/ Yoast SEO plugin. -->","yoast_head_json":{"title":"Die Geschichte Jesu: die wichtigsten Ereignisse in seinem Leben - Holyart.de Blog","description":"Die Geschichte Jesu von der Verk\u00fcndigung bis zur Auferstehung wird in den Evangelien und unz\u00e4hligen Geschichten der christlichen Tradition...","robots":{"index":"index","follow":"follow","max-snippet":"max-snippet:-1","max-image-preview":"max-image-preview:large","max-video-preview":"max-video-preview:-1"},"canonical":"https:\/\/blog.holyart.it\/de\/devotionalien\/die-geschichte-jesu-die-wichtigsten-ereignisse-in-seinem-leben\/","og_locale":"de_DE","og_type":"article","og_title":"Die Geschichte Jesu: die wichtigsten Ereignisse in seinem Leben - Holyart.de Blog","og_description":"Die Geschichte Jesu von der Verk\u00fcndigung bis zur Auferstehung wird in den Evangelien und unz\u00e4hligen Geschichten der christlichen Tradition...","og_url":"https:\/\/blog.holyart.it\/de\/devotionalien\/die-geschichte-jesu-die-wichtigsten-ereignisse-in-seinem-leben\/","og_site_name":"Holyart.de Blog","article_published_time":"2024-02-26T09:00:04+00:00","article_modified_time":"2025-03-19T15:56:32+00:00","og_image":[{"width":1000,"height":666,"url":"https:\/\/blog.holyart.it\/de\/wp-content\/uploads\/sites\/12\/2024\/01\/Die-Geschichte-Jesu-die-wichtigsten-Ereignisse-in-seinem-Leben-1.jpg","type":"image\/jpeg"}],"author":"Redazione","twitter_card":"summary_large_image","twitter_misc":{"Verfasst von":"Redazione","Gesch\u00e4tzte Lesezeit":"13\u00a0Minuten"},"schema":{"@context":"https:\/\/schema.org","@graph":[{"@type":"Article","@id":"https:\/\/blog.holyart.it\/de\/devotionalien\/die-geschichte-jesu-die-wichtigsten-ereignisse-in-seinem-leben\/#article","isPartOf":{"@id":"https:\/\/blog.holyart.it\/de\/devotionalien\/die-geschichte-jesu-die-wichtigsten-ereignisse-in-seinem-leben\/"},"author":{"name":"Redazione","@id":"https:\/\/blog.holyart.it\/de\/#\/schema\/person\/0a7b686e5af0f856ec1e390dd0baecda"},"headline":"Die Geschichte Jesu: die wichtigsten Ereignisse in seinem Leben","datePublished":"2024-02-26T09:00:04+00:00","dateModified":"2025-03-19T15:56:32+00:00","mainEntityOfPage":{"@id":"https:\/\/blog.holyart.it\/de\/devotionalien\/die-geschichte-jesu-die-wichtigsten-ereignisse-in-seinem-leben\/"},"wordCount":2070,"publisher":{"@id":"https:\/\/blog.holyart.it\/de\/#organization"},"image":{"@id":"https:\/\/blog.holyart.it\/de\/devotionalien\/die-geschichte-jesu-die-wichtigsten-ereignisse-in-seinem-leben\/#primaryimage"},"thumbnailUrl":"https:\/\/blog.holyart.it\/de\/wp-content\/uploads\/sites\/12\/2024\/01\/Die-Geschichte-Jesu-die-wichtigsten-Ereignisse-in-seinem-Leben-1.jpg","articleSection":["Religion"],"inLanguage":"de"},{"@type":"WebPage","@id":"https:\/\/blog.holyart.it\/de\/devotionalien\/die-geschichte-jesu-die-wichtigsten-ereignisse-in-seinem-leben\/","url":"https:\/\/blog.holyart.it\/de\/devotionalien\/die-geschichte-jesu-die-wichtigsten-ereignisse-in-seinem-leben\/","name":"Die Geschichte Jesu: die wichtigsten Ereignisse in seinem Leben - Holyart.de Blog","isPartOf":{"@id":"https:\/\/blog.holyart.it\/de\/#website"},"primaryImageOfPage":{"@id":"https:\/\/blog.holyart.it\/de\/devotionalien\/die-geschichte-jesu-die-wichtigsten-ereignisse-in-seinem-leben\/#primaryimage"},"image":{"@id":"https:\/\/blog.holyart.it\/de\/devotionalien\/die-geschichte-jesu-die-wichtigsten-ereignisse-in-seinem-leben\/#primaryimage"},"thumbnailUrl":"https:\/\/blog.holyart.it\/de\/wp-content\/uploads\/sites\/12\/2024\/01\/Die-Geschichte-Jesu-die-wichtigsten-Ereignisse-in-seinem-Leben-1.jpg","datePublished":"2024-02-26T09:00:04+00:00","dateModified":"2025-03-19T15:56:32+00:00","description":"Die Geschichte Jesu von der Verk\u00fcndigung bis zur Auferstehung wird in den Evangelien und unz\u00e4hligen Geschichten der christlichen Tradition...","breadcrumb":{"@id":"https:\/\/blog.holyart.it\/de\/devotionalien\/die-geschichte-jesu-die-wichtigsten-ereignisse-in-seinem-leben\/#breadcrumb"},"inLanguage":"de","potentialAction":[{"@type":"ReadAction","target":["https:\/\/blog.holyart.it\/de\/devotionalien\/die-geschichte-jesu-die-wichtigsten-ereignisse-in-seinem-leben\/"]}]},{"@type":"ImageObject","inLanguage":"de","@id":"https:\/\/blog.holyart.it\/de\/devotionalien\/die-geschichte-jesu-die-wichtigsten-ereignisse-in-seinem-leben\/#primaryimage","url":"https:\/\/blog.holyart.it\/de\/wp-content\/uploads\/sites\/12\/2024\/01\/Die-Geschichte-Jesu-die-wichtigsten-Ereignisse-in-seinem-Leben-1.jpg","contentUrl":"https:\/\/blog.holyart.it\/de\/wp-content\/uploads\/sites\/12\/2024\/01\/Die-Geschichte-Jesu-die-wichtigsten-Ereignisse-in-seinem-Leben-1.jpg","width":1000,"height":666,"caption":"Die Geschichte Jesu: die wichtigsten Ereignisse in seinem Leben"},{"@type":"BreadcrumbList","@id":"https:\/\/blog.holyart.it\/de\/devotionalien\/die-geschichte-jesu-die-wichtigsten-ereignisse-in-seinem-leben\/#breadcrumb","itemListElement":[{"@type":"ListItem","position":1,"name":"Homepage","item":"https:\/\/blog.holyart.it\/de\/"},{"@type":"ListItem","position":2,"name":"Religion","item":"https:\/\/blog.holyart.it\/de\/devotionalien\/"},{"@type":"ListItem","position":3,"name":"Die Geschichte Jesu: die wichtigsten Ereignisse in seinem Leben"}]},{"@type":"WebSite","@id":"https:\/\/blog.holyart.it\/de\/#website","url":"https:\/\/blog.holyart.it\/de\/","name":"Holyart.de Blog","description":"Holyblog","publisher":{"@id":"https:\/\/blog.holyart.it\/de\/#organization"},"potentialAction":[{"@type":"SearchAction","target":{"@type":"EntryPoint","urlTemplate":"https:\/\/blog.holyart.it\/de\/?s={search_term_string}"},"query-input":{"@type":"PropertyValueSpecification","valueRequired":true,"valueName":"search_term_string"}}],"inLanguage":"de"},{"@type":"Organization","@id":"https:\/\/blog.holyart.it\/de\/#organization","name":"Holyart.de Blog","url":"https:\/\/blog.holyart.it\/de\/","logo":{"@type":"ImageObject","inLanguage":"de","@id":"https:\/\/blog.holyart.it\/de\/#\/schema\/logo\/image\/","url":"https:\/\/blog.holyart.it\/de\/wp-content\/uploads\/sites\/12\/2022\/12\/Holyart_Blog_Logo.jpg","contentUrl":"https:\/\/blog.holyart.it\/de\/wp-content\/uploads\/sites\/12\/2022\/12\/Holyart_Blog_Logo.jpg","width":300,"height":50,"caption":"Holyart.de Blog"},"image":{"@id":"https:\/\/blog.holyart.it\/de\/#\/schema\/logo\/image\/"}},{"@type":"Person","@id":"https:\/\/blog.holyart.it\/de\/#\/schema\/person\/0a7b686e5af0f856ec1e390dd0baecda","name":"Redazione","image":{"@type":"ImageObject","inLanguage":"de","@id":"https:\/\/blog.holyart.it\/de\/#\/schema\/person\/image\/","url":"https:\/\/secure.gravatar.com\/avatar\/f477da817f43e50d0af36abecd33e3edf826c68299714bdc1057dff3b113f516?s=96&d=mm&r=g","contentUrl":"https:\/\/secure.gravatar.com\/avatar\/f477da817f43e50d0af36abecd33e3edf826c68299714bdc1057dff3b113f516?s=96&d=mm&r=g","caption":"Redazione"}}]}},"_links":{"self":[{"href":"https:\/\/blog.holyart.it\/de\/wp-json\/wp\/v2\/posts\/3645","targetHints":{"allow":["GET"]}}],"collection":[{"href":"https:\/\/blog.holyart.it\/de\/wp-json\/wp\/v2\/posts"}],"about":[{"href":"https:\/\/blog.holyart.it\/de\/wp-json\/wp\/v2\/types\/post"}],"author":[{"embeddable":true,"href":"https:\/\/blog.holyart.it\/de\/wp-json\/wp\/v2\/users\/1"}],"replies":[{"embeddable":true,"href":"https:\/\/blog.holyart.it\/de\/wp-json\/wp\/v2\/comments?post=3645"}],"version-history":[{"count":9,"href":"https:\/\/blog.holyart.it\/de\/wp-json\/wp\/v2\/posts\/3645\/revisions"}],"predecessor-version":[{"id":3684,"href":"https:\/\/blog.holyart.it\/de\/wp-json\/wp\/v2\/posts\/3645\/revisions\/3684"}],"wp:featuredmedia":[{"embeddable":true,"href":"https:\/\/blog.holyart.it\/de\/wp-json\/wp\/v2\/media\/3654"}],"wp:attachment":[{"href":"https:\/\/blog.holyart.it\/de\/wp-json\/wp\/v2\/media?parent=3645"}],"wp:term":[{"taxonomy":"category","embeddable":true,"href":"https:\/\/blog.holyart.it\/de\/wp-json\/wp\/v2\/categories?post=3645"},{"taxonomy":"post_tag","embeddable":true,"href":"https:\/\/blog.holyart.it\/de\/wp-json\/wp\/v2\/tags?post=3645"}],"curies":[{"name":"wp","href":"https:\/\/api.w.org\/{rel}","templated":true}]}}