{"id":3587,"date":"2024-02-14T10:00:31","date_gmt":"2024-02-14T09:00:31","guid":{"rendered":"https:\/\/blog.holyart.it\/de\/?p=3587"},"modified":"2024-01-17T15:43:04","modified_gmt":"2024-01-17T14:43:04","slug":"heilige-margareta-von-cortona-beschuetzerin-der-gebaerenden","status":"publish","type":"post","link":"https:\/\/blog.holyart.it\/de\/devotionalien\/heilige-margareta-von-cortona-beschuetzerin-der-gebaerenden\/","title":{"rendered":"Heilige Margareta von Cortona: Besch\u00fctzerin der Geb\u00e4renden"},"content":{"rendered":"<h4>Entdecken wir die Figur der heiligen Margareta von Cortona, der Nova Magdalena (Neue Magdalena), die unter den Heiligen ber\u00fchmt und gesegnet ist, weil sie die Patronin der Geb\u00e4renden ist.<\/h4>\n\n<p>Die heilige Margareta von Cortona hatte ein Leben voller &#8211; nicht immer gl\u00fccklicher &#8211; Ereignisse, die sie schon vor ihrem Tod als Heilige ber\u00fchmt machten. Die wichtigsten Orte und Episoden ihres Lebens tragen noch heute die Spuren ihrer Anwesenheit.<\/p>\n<h2>Leben der Heiligen Margareta von Cortona<\/h2>\n<p>Margarete wurde 1247 in <strong>Laviano<\/strong>, an der Grenze zwischen der Toskana und Umbrien, geboren. Als sie noch ein Kind ist, verliert sie ihre Mutter, und ihr Vater heiratet erneut: So beginnt das Schicksal der kleinen Margaret, die wie im M\u00e4rchen das <strong>Opfer der Eifersucht und der Qualen ihrer Stiefmutter<\/strong> ist. Mit achtzehn Jahren verliebt sich Margherita in Arsenio, einen jungen Mann aus Montepulciano. Es ist eine Gelegenheit zur Erl\u00f6sung: Die beiden beschlie\u00dfen, gemeinsam wegzulaufen und zu heiraten. Doch seine Familie <strong>lehnt die Verbindung ab<\/strong>, auch nach der Geburt eines Kindes, und Margherita findet sich in einer Situation des unehelichen Zusammenlebens wieder, die ihr viel Leid bringt. Arsenios Familie akzeptiert sie nicht &#8211; ebenso wenig wie der \u00fcbrige Adel von Montepulciano &#8211; und Margherita versucht, die Not zu lindern, indem sie sich <strong>gro\u00dfz\u00fcgig den Armen widmet<\/strong>.<\/p>\n<div class=\"link-product\">\n<div class=\"blocco-immagine\"><img loading=\"lazy\" decoding=\"async\" class=\"size-full wp-image-3591 alignleft\" src=\"https:\/\/blog.holyart.it\/de\/wp-content\/uploads\/sites\/12\/2024\/01\/Statue-Hl.-Margareta-mit-Kreuz-und-Fisch-bemalten-Groednertal-Holz.jpg\" alt=\"Statue Hl. Margareta mit Kreuz und Fisch bemalten Gr\u00f6dnertal Holz\" width=\"100\" height=\"100\" data-kale-share-title=\"Heilige Margareta von Cortona: Besch\u00fctzerin der Geb\u00e4renden\" data-kale-share-url=\"https:\/\/blog.holyart.it\/de\/?p=3587\" \/><\/div>\n<div class=\"blocco-contenuto\">\n<div class=\"blocco-acquista\">Einkaufen:<\/div>\n<div class=\"blocco-titolo\"><a href=\"https:\/\/www.holyart.de\/devotionalien\/statuen\/statuen-aus-bemalten-holz\/statue-hl.-margareta-mit-kreuz-und-fisch-bemalten-grodnertal-holz?_gl=1*15ppfmz*_gcl_aw*R0NMLjE3MDU0ODUwNzMuQ2owS0NRanc4cW1oQmhDbEFSSXNBTkF0Ym9mZ21KMm85dkV5S0JjLUdLUWIweWFCLU9EekR0N1ZQV2hnY1g4WW96M2haNGVTR0JkUjR1d2FBZzZrRUFMd193Y0I.*_gcl_au*MzQ2MTAxMTM4LjE2OTc4MDc3MzQ.*_ga*MjAyODIwNTUzOS4xNjgwNTA1OTc3*_ga_W18MV136NH*MTcwNTQ5ODQ0Ny4zNTMuMS4xNzA1NTAxNTQwLjAuMC4w\">Statue Hl. Margareta mit Kreuz und Fisch bemalten Gr\u00f6dnertal Holz<\/a><\/div>\n<div class=\"blocco-descrizione\">Statue der heiligen Margareta mit Kreuz und Fisch&#8230;<\/div>\n<\/div>\n<\/div>\n<p>Die Situation verkompliziert sich, als Arsenio nach neun Jahren des Zusammenlebens get\u00f6tet wird: Im Schloss ist kein Platz mehr f\u00fcr Margherita; sie sucht Zuflucht bei ihrem Vater, wird aber auch hier durch die Intervention ihrer Stiefmutter abgewiesen. Margaret, die nun obdachlos ist, macht sich auf den Weg nach <strong>Cortona<\/strong> &#8211; vielleicht inspiriert vom Heiligen Geist. Endlich nimmt sie jemand auf: <strong>die Franziskaner von Cortona<\/strong>, die sie wie eine Tochter behandeln, ihr eine Zelle im alten Kloster einrichten und sie auf einer intensiven <strong>Bekehrungsreise<\/strong> begleiten.<\/p>\n<p>Mehrere Jahre lang unterzog sie sich der Bu\u00dfe und f\u00fchrte ein Leben in tiefem Gebet. Sie beschloss, in den Dritten Orden der Franziskaner einzutreten, wurde aber etwa drei Jahre lang abgewiesen, weil sie \u201ezu sch\u00f6n und jung\u201c war. Im Jahr 1277 wurde sie dann aufgenommen.<\/p>\n<div class=\"link-product\">\n<div class=\"blocco-immagine\"><img loading=\"lazy\" decoding=\"async\" class=\"size-full wp-image-3594 alignleft\" src=\"https:\/\/blog.holyart.it\/de\/wp-content\/uploads\/sites\/12\/2024\/01\/Santa-Monica-Wandteppich-40-x-30-cm.jpg\" alt=\"Santa Monica Wandteppich, 40 x 30 cm\" width=\"100\" height=\"100\" data-kale-share-title=\"Heilige Margareta von Cortona: Besch\u00fctzerin der Geb\u00e4renden\" data-kale-share-url=\"https:\/\/blog.holyart.it\/de\/?p=3587\" \/><\/div>\n<div class=\"blocco-contenuto\">\n<div class=\"blocco-acquista\">Einkaufen:<\/div>\n<div class=\"blocco-titolo\"><a href=\"https:\/\/www.holyart.de\/devotionalien\/wandteppiche\/santa-monica-wandteppich-40-x-30-cm?_gl=1*gjcrmc*_gcl_aw*R0NMLjE3MDU0ODUwNzMuQ2owS0NRanc4cW1oQmhDbEFSSXNBTkF0Ym9mZ21KMm85dkV5S0JjLUdLUWIweWFCLU9EekR0N1ZQV2hnY1g4WW96M2haNGVTR0JkUjR1d2FBZzZrRUFMd193Y0I.*_gcl_au*MzQ2MTAxMTM4LjE2OTc4MDc3MzQ.*_ga*MjAyODIwNTUzOS4xNjgwNTA1OTc3*_ga_W18MV136NH*MTcwNTQ5ODQ0Ny4zNTMuMS4xNzA1NTAxODg5LjAuMC4w\">Santa Monica Wandteppich, 40 x 30 cm<\/a><\/div>\n<div class=\"blocco-descrizione\">Dieser Wandteppich aus einer Baumwollmischung wurde in Italien von einem spezialisierten Unternehmen hergestellt.<\/div>\n<\/div>\n<\/div>\n<p>Die \u00f6rtliche Adelige Diabella bietet ihr eine Zelle in ihrem Palast an. Margarete \u00fcbergibt ihren Sohn in die Obhut eines Erziehers aus Arezzo, zieht in ihre neue Zelle und widmet sich einem Leben des <strong>Gebets und des Dienstes<\/strong> an anderen. Sie verfolgt die Studien ihres Sohnes aus der Ferne, mit Zuneigung und Aufmerksamkeit. Sie entwickelte gro\u00dfe spirituelle und gl\u00e4ubige Qualit\u00e4ten und spielte eine wichtige Rolle bei der Ermahnung von Franziskanern, die von der richtigen Predigt abwichen, und bei der Befriedung der Streitigkeiten zwischen Guelfen und Ghibellinen.<\/p>\n<p>Im Jahr 1288 zog sie sich als Einsiedlerin in die Festung von Cortona zur\u00fcck, in der N\u00e4he der Ruinen der Kirche San Basilio. Zu dieser Zeit war sie bereits sehr ber\u00fchmt, und es wird angenommen, dass <strong>unter den vielen Menschen<\/strong>, die sie um <strong>Rat und Hilfe baten<\/strong>, auch ein junger Dante Alighieri war.<\/p>\n<p>Am 22. Februar 1297 starb Margarete nach mehreren Tagen des Gebets und der Besinnung.<\/p>\n<div class=\"link-product\">\n<div class=\"blocco-immagine\"><img loading=\"lazy\" decoding=\"async\" class=\"size-full wp-image-3596 alignleft\" src=\"https:\/\/blog.holyart.it\/de\/wp-content\/uploads\/sites\/12\/2024\/01\/Heiligenbildchen-Muttergottes-mit-dem-Jesuskind-10x5-cm-Gebet-in-italienischer-Sprache-laminiert.jpg\" alt=\"Heiligenbildchen, Muttergottes mit dem Jesuskind, 10x5 cm, Gebet in italienischer Sprache, laminiert\" width=\"100\" height=\"100\" data-kale-share-title=\"Heilige Margareta von Cortona: Besch\u00fctzerin der Geb\u00e4renden\" data-kale-share-url=\"https:\/\/blog.holyart.it\/de\/?p=3587\" \/><\/div>\n<div class=\"blocco-contenuto\">\n<div class=\"blocco-acquista\">Einkaufen:<\/div>\n<div class=\"blocco-titolo\"><a href=\"https:\/\/www.holyart.de\/devotionalien\/heiligenbildchen-und-grusskarten\/heiligenbildchen\/heiligenbildchen-muttergottes-mit-dem-jesuskind-10x5-cm-gebet-in-italienischer-sprache-laminiert?_gl=1*u1ztde*_gcl_aw*R0NMLjE3MDU0ODUwNzMuQ2owS0NRanc4cW1oQmhDbEFSSXNBTkF0Ym9mZ21KMm85dkV5S0JjLUdLUWIweWFCLU9EekR0N1ZQV2hnY1g4WW96M2haNGVTR0JkUjR1d2FBZzZrRUFMd193Y0I.*_gcl_au*MzQ2MTAxMTM4LjE2OTc4MDc3MzQ.*_ga*MjAyODIwNTUzOS4xNjgwNTA1OTc3*_ga_W18MV136NH*MTcwNTQ5ODQ0Ny4zNTMuMS4xNzA1NTAyMDI4LjAuMC4w\">Heiligenbildchen, Muttergottes mit dem Jesuskind, 10&#215;5 cm, Gebet in italienischer Sprache, laminiert<\/a><\/div>\n<div class=\"blocco-descrizione\">Heiligenbildchen, Muttergottes mit dem Jesuskind&#8230;<\/div>\n<\/div>\n<\/div>\n<h2>Die heilige Margareta von Cortona: Besch\u00fctzerin der Geb\u00e4renden<\/h2>\n<p>Nel 1278, con l&#8217;aiuto di Diabella e della nobilt\u00e0 della zona, Margherita fond\u00f2 la <strong>Casa Santa Maria della Misericordia<\/strong>, un piccolo ospedale dove accogliere i malati e i bisognosi, ancora esistente. In particolare, era molto apprezzata per l&#8217;aiuto che dava alle <strong>donne incinte<\/strong>, prima e durante il parto. Per questo oggi \u00e8 venerata come <strong>protettrice delle partorienti<\/strong>.<\/p>\n<p>Im Jahr 1278 gr\u00fcndete Margareta mit Hilfe von Diabella und dem Adel der Gegend <strong>die Casa Santa Maria della Misericordia<\/strong>, ein kleines Krankenhaus zur Aufnahme von Kranken und Bed\u00fcrftigen, das noch heute besteht. Besonders gesch\u00e4tzt wurde sie f\u00fcr die Hilfe, die sie <strong>schwangeren Frauen<\/strong> vor und w\u00e4hrend der Entbindung leistete. Aus diesem Grund wird sie heute als Schutzpatronin der Geb\u00e4renden verehrt.<\/p>\n<div class=\"link-product\">\n<div class=\"blocco-immagine\"><img loading=\"lazy\" decoding=\"async\" class=\"size-full wp-image-3599 alignleft\" src=\"https:\/\/blog.holyart.it\/de\/wp-content\/uploads\/sites\/12\/2024\/01\/Engelrufer-Kette-Amen-Herz-und-weisse-Zirkone-aus-Silber-925.jpg\" alt=\"Engelrufer Kette Amen Herz und wei\u00dfe Zirkone aus Silber 925\" width=\"100\" height=\"100\" data-kale-share-title=\"Heilige Margareta von Cortona: Besch\u00fctzerin der Geb\u00e4renden\" data-kale-share-url=\"https:\/\/blog.holyart.it\/de\/?p=3587\" \/><\/div>\n<div class=\"blocco-contenuto\">\n<div class=\"blocco-acquista\">Einkaufen:<\/div>\n<div class=\"blocco-titolo\"><a href=\"https:\/\/www.holyart.de\/devotionalien\/schmuck\/anhanger-kreuze-broschen-ketten\/engelrufer-kette-amen-herz-und-weisse-zirkone-aus-silber-925?_gl=1*14q9m25*_gcl_aw*R0NMLjE3MDU0ODUwNzMuQ2owS0NRanc4cW1oQmhDbEFSSXNBTkF0Ym9mZ21KMm85dkV5S0JjLUdLUWIweWFCLU9EekR0N1ZQV2hnY1g4WW96M2haNGVTR0JkUjR1d2FBZzZrRUFMd193Y0I.*_gcl_au*MzQ2MTAxMTM4LjE2OTc4MDc3MzQ.*_ga*MjAyODIwNTUzOS4xNjgwNTA1OTc3*_ga_W18MV136NH*MTcwNTQ5ODQ0Ny4zNTMuMS4xNzA1NTAyMTk1LjAuMC4w\">Engelrufer Kette Amen Herz und wei\u00dfe Zirkone aus Silber 925<\/a><\/div>\n<div class=\"blocco-descrizione\">Der Engelrufer ist ein kugelf\u00f6rmiger Anh\u00e4nger&#8230;<\/div>\n<\/div>\n<\/div>\n<h2>Die Wunder der Heiligen Margareta von Cortona<\/h2>\n<p>Nach ihrem Tod wuchs ihre Verehrung dank der zahlreichen Wunder, die ihrer F\u00fcrsprache zugeschrieben wurden. Eines der ber\u00fchmtesten Ereignisse war der <strong>Schutz der Stadt Cortona vor dem Angriff Karls V<\/strong>. im Jahr 1529: Obwohl das Heer angesichts von 25 000 feindlichen Soldaten unbewaffnet war, gelang es ihm, den Angriff abzuwehren. Ihre Heiligkeit wird auch durch eine Schrift von Fr. Giunta Bevegnati, ihrem Beichtvater, bezeugt: <em>Legenda de vita et miraculis beatae Margheritae de Cortona.<\/em> Papst Innozenz X. genehmigte 1653 ihren Kult und Benedikt XIII. sprach sie 1728 heilig.<\/p>\n<h2>Fest der heiligen Margareta von Cortona<\/h2>\n<p>Am 22. Februar, dem Gedenktag des Heiligen, sind sowohl Laviano als auch Cortona an den Feierlichkeiten beteiligt. Im Jahr 2020 fand eine Prozession vom Geburtsort der Heiligen zu ihrem Sterbeort statt. Ein volkst\u00fcmliches Sprichwort begleitet diesen Anlass: \u201e<strong>Das Fest der Margarete ist immer in Schnee oder Blumen gekleidet<\/strong>\u201c. Diese Jahreszeit markiert das Ende des Winters und die Vorboten des nahenden Fr\u00fchlings.<\/p>\n<div class=\"link-product\">\n<div class=\"blocco-immagine\"><img loading=\"lazy\" decoding=\"async\" class=\"size-full wp-image-3602 alignleft\" src=\"https:\/\/blog.holyart.it\/de\/wp-content\/uploads\/sites\/12\/2024\/01\/Basreliefs-aus-Silber-und-versilberte-Flachreliefe.jpg\" alt=\"Basreliefs aus Silber und versilberte Flachreliefe\" width=\"100\" height=\"100\" data-kale-share-title=\"Heilige Margareta von Cortona: Besch\u00fctzerin der Geb\u00e4renden\" data-kale-share-url=\"https:\/\/blog.holyart.it\/de\/?p=3587\" \/><\/div>\n<div class=\"blocco-contenuto\">\n<div class=\"blocco-acquista\">Einkaufen:<\/div>\n<div class=\"blocco-titolo\"><a href=\"https:\/\/www.holyart.de\/devotionalien\/basreliefs\/basreliefs-aus-silber-und-versilberte-flachreliefe?page=1&amp;22%5B%5D=2076%2C183&amp;p_min=&amp;p_max=&amp;_gl=1*1dch435*_gcl_aw*R0NMLjE3MDU0ODUwNzMuQ2owS0NRanc4cW1oQmhDbEFSSXNBTkF0Ym9mZ21KMm85dkV5S0JjLUdLUWIweWFCLU9EekR0N1ZQV2hnY1g4WW96M2haNGVTR0JkUjR1d2FBZzZrRUFMd193Y0I.*_gcl_au*MzQ2MTAxMTM4LjE2OTc4MDc3MzQ.*_ga*MjAyODIwNTUzOS4xNjgwNTA1OTc3*_ga_W18MV136NH*MTcwNTQ5ODQ0Ny4zNTMuMS4xNzA1NTAyMzUxLjAuMC4w\">Basreliefs aus Silber und versilberte Flachreliefe<\/a><\/div>\n<div class=\"blocco-descrizione\">Flachreliefs aus Silber und versilberte Flachreliefs in verschiedenen Formen und Gr\u00f6\u00dfen.<\/div>\n<\/div>\n<\/div>\n<h2>Heiligtum der Heiligen Margareta von Cortona<\/h2>\n<p>Das Heiligtum, das Margarete gewidmet ist, steht an dem Ort, an den sich die Heilige vor ihrem Tod zur\u00fcckgezogen hat. Die dortige Kirche war zur Zeit des Heiligen dem <strong>Heiligen Basilius<\/strong> geweiht, lag aber nach der Pl\u00fcnderung von Cortona im Jahr 1258 in Tr\u00fcmmern. Dank Margarets Eingreifen wurde es wiederhergestellt. Nach ihrem Tod wurde Margaret in der gleichen Kirche beigesetzt. Sp\u00e4ter wurde eine gr\u00f6\u00dfere Kirche gebaut, und 1330 wurde der Leichnam des Heiligen dort getraut. Im Inneren des Heiligtums ist noch ein <strong>wertvolles Holzkruzifix<\/strong> zu sehen: das gleiche, vor dem die Heilige betete und mit dem Herrn sprach.<\/p>\n","protected":false},"excerpt":{"rendered":"<p>Entdecken wir die Figur der heiligen Margareta von Cortona, der Nova Magdalena (Neue Magdalena), die unter den Heiligen ber\u00fchmt und gesegnet ist, weil sie die Patronin der Geb\u00e4renden ist. Die heilige Margareta von Cortona hatte ein Leben voller &#8211; nicht immer gl\u00fccklicher &#8211; Ereignisse, die&hellip;<\/p>\n","protected":false},"author":1,"featured_media":3590,"comment_status":"closed","ping_status":"open","sticky":false,"template":"","format":"standard","meta":{"_acf_changed":false,"footnotes":""},"categories":[10],"tags":[],"class_list":["post-3587","post","type-post","status-publish","format-standard","has-post-thumbnail","hentry","category-devotionalien"],"acf":[],"yoast_head":"<!-- This site is optimized with the Yoast SEO plugin v26.6 - https:\/\/yoast.com\/wordpress\/plugins\/seo\/ -->\n<title>Heilige Margareta von Cortona: Besch\u00fctzerin der Geb\u00e4renden - Holyart.de Blog<\/title>\n<meta name=\"description\" content=\"Entdecken wir die Figur der heiligen Margareta von Cortona, der Nova Magdalena (Neue Magdalena), die unter den Heiligen ber\u00fchmt...\" \/>\n<meta name=\"robots\" content=\"index, follow, max-snippet:-1, max-image-preview:large, max-video-preview:-1\" \/>\n<link rel=\"canonical\" href=\"https:\/\/blog.holyart.it\/de\/devotionalien\/heilige-margareta-von-cortona-beschuetzerin-der-gebaerenden\/\" \/>\n<meta property=\"og:locale\" content=\"de_DE\" \/>\n<meta property=\"og:type\" content=\"article\" \/>\n<meta property=\"og:title\" content=\"Heilige Margareta von Cortona: Besch\u00fctzerin der Geb\u00e4renden - Holyart.de Blog\" \/>\n<meta property=\"og:description\" content=\"Entdecken wir die Figur der heiligen Margareta von Cortona, der Nova Magdalena (Neue Magdalena), die unter den Heiligen ber\u00fchmt...\" \/>\n<meta property=\"og:url\" content=\"https:\/\/blog.holyart.it\/de\/devotionalien\/heilige-margareta-von-cortona-beschuetzerin-der-gebaerenden\/\" \/>\n<meta property=\"og:site_name\" content=\"Holyart.de Blog\" \/>\n<meta property=\"article:published_time\" content=\"2024-02-14T09:00:31+00:00\" \/>\n<meta property=\"og:image\" content=\"https:\/\/blog.holyart.it\/de\/wp-content\/uploads\/sites\/12\/2024\/01\/Heilige-Margareta-von-Cortona.jpg\" \/>\n\t<meta property=\"og:image:width\" content=\"1001\" \/>\n\t<meta property=\"og:image:height\" content=\"666\" \/>\n\t<meta property=\"og:image:type\" content=\"image\/jpeg\" \/>\n<meta name=\"author\" content=\"Redazione\" \/>\n<meta name=\"twitter:card\" content=\"summary_large_image\" \/>\n<meta name=\"twitter:label1\" content=\"Verfasst von\" \/>\n\t<meta name=\"twitter:data1\" content=\"Redazione\" \/>\n\t<meta name=\"twitter:label2\" content=\"Gesch\u00e4tzte Lesezeit\" \/>\n\t<meta name=\"twitter:data2\" content=\"7\u00a0Minuten\" \/>\n<script type=\"application\/ld+json\" class=\"yoast-schema-graph\">{\"@context\":\"https:\/\/schema.org\",\"@graph\":[{\"@type\":\"Article\",\"@id\":\"https:\/\/blog.holyart.it\/de\/devotionalien\/heilige-margareta-von-cortona-beschuetzerin-der-gebaerenden\/#article\",\"isPartOf\":{\"@id\":\"https:\/\/blog.holyart.it\/de\/devotionalien\/heilige-margareta-von-cortona-beschuetzerin-der-gebaerenden\/\"},\"author\":{\"name\":\"Redazione\",\"@id\":\"https:\/\/blog.holyart.it\/de\/#\/schema\/person\/0a7b686e5af0f856ec1e390dd0baecda\"},\"headline\":\"Heilige Margareta von Cortona: Besch\u00fctzerin der Geb\u00e4renden\",\"datePublished\":\"2024-02-14T09:00:31+00:00\",\"mainEntityOfPage\":{\"@id\":\"https:\/\/blog.holyart.it\/de\/devotionalien\/heilige-margareta-von-cortona-beschuetzerin-der-gebaerenden\/\"},\"wordCount\":1007,\"publisher\":{\"@id\":\"https:\/\/blog.holyart.it\/de\/#organization\"},\"image\":{\"@id\":\"https:\/\/blog.holyart.it\/de\/devotionalien\/heilige-margareta-von-cortona-beschuetzerin-der-gebaerenden\/#primaryimage\"},\"thumbnailUrl\":\"https:\/\/blog.holyart.it\/de\/wp-content\/uploads\/sites\/12\/2024\/01\/Heilige-Margareta-von-Cortona.jpg\",\"articleSection\":[\"Religion\"],\"inLanguage\":\"de\"},{\"@type\":\"WebPage\",\"@id\":\"https:\/\/blog.holyart.it\/de\/devotionalien\/heilige-margareta-von-cortona-beschuetzerin-der-gebaerenden\/\",\"url\":\"https:\/\/blog.holyart.it\/de\/devotionalien\/heilige-margareta-von-cortona-beschuetzerin-der-gebaerenden\/\",\"name\":\"Heilige Margareta von Cortona: Besch\u00fctzerin der Geb\u00e4renden - Holyart.de Blog\",\"isPartOf\":{\"@id\":\"https:\/\/blog.holyart.it\/de\/#website\"},\"primaryImageOfPage\":{\"@id\":\"https:\/\/blog.holyart.it\/de\/devotionalien\/heilige-margareta-von-cortona-beschuetzerin-der-gebaerenden\/#primaryimage\"},\"image\":{\"@id\":\"https:\/\/blog.holyart.it\/de\/devotionalien\/heilige-margareta-von-cortona-beschuetzerin-der-gebaerenden\/#primaryimage\"},\"thumbnailUrl\":\"https:\/\/blog.holyart.it\/de\/wp-content\/uploads\/sites\/12\/2024\/01\/Heilige-Margareta-von-Cortona.jpg\",\"datePublished\":\"2024-02-14T09:00:31+00:00\",\"description\":\"Entdecken wir die Figur der heiligen Margareta von Cortona, der Nova Magdalena (Neue Magdalena), die unter den Heiligen ber\u00fchmt...\",\"breadcrumb\":{\"@id\":\"https:\/\/blog.holyart.it\/de\/devotionalien\/heilige-margareta-von-cortona-beschuetzerin-der-gebaerenden\/#breadcrumb\"},\"inLanguage\":\"de\",\"potentialAction\":[{\"@type\":\"ReadAction\",\"target\":[\"https:\/\/blog.holyart.it\/de\/devotionalien\/heilige-margareta-von-cortona-beschuetzerin-der-gebaerenden\/\"]}]},{\"@type\":\"ImageObject\",\"inLanguage\":\"de\",\"@id\":\"https:\/\/blog.holyart.it\/de\/devotionalien\/heilige-margareta-von-cortona-beschuetzerin-der-gebaerenden\/#primaryimage\",\"url\":\"https:\/\/blog.holyart.it\/de\/wp-content\/uploads\/sites\/12\/2024\/01\/Heilige-Margareta-von-Cortona.jpg\",\"contentUrl\":\"https:\/\/blog.holyart.it\/de\/wp-content\/uploads\/sites\/12\/2024\/01\/Heilige-Margareta-von-Cortona.jpg\",\"width\":1001,\"height\":666,\"caption\":\"Heilige Margareta von Cortona\"},{\"@type\":\"BreadcrumbList\",\"@id\":\"https:\/\/blog.holyart.it\/de\/devotionalien\/heilige-margareta-von-cortona-beschuetzerin-der-gebaerenden\/#breadcrumb\",\"itemListElement\":[{\"@type\":\"ListItem\",\"position\":1,\"name\":\"Homepage\",\"item\":\"https:\/\/blog.holyart.it\/de\/\"},{\"@type\":\"ListItem\",\"position\":2,\"name\":\"Religion\",\"item\":\"https:\/\/blog.holyart.it\/de\/devotionalien\/\"},{\"@type\":\"ListItem\",\"position\":3,\"name\":\"Heilige Margareta von Cortona: Besch\u00fctzerin der Geb\u00e4renden\"}]},{\"@type\":\"WebSite\",\"@id\":\"https:\/\/blog.holyart.it\/de\/#website\",\"url\":\"https:\/\/blog.holyart.it\/de\/\",\"name\":\"Holyart.de Blog\",\"description\":\"Holyblog\",\"publisher\":{\"@id\":\"https:\/\/blog.holyart.it\/de\/#organization\"},\"potentialAction\":[{\"@type\":\"SearchAction\",\"target\":{\"@type\":\"EntryPoint\",\"urlTemplate\":\"https:\/\/blog.holyart.it\/de\/?s={search_term_string}\"},\"query-input\":{\"@type\":\"PropertyValueSpecification\",\"valueRequired\":true,\"valueName\":\"search_term_string\"}}],\"inLanguage\":\"de\"},{\"@type\":\"Organization\",\"@id\":\"https:\/\/blog.holyart.it\/de\/#organization\",\"name\":\"Holyart.de Blog\",\"url\":\"https:\/\/blog.holyart.it\/de\/\",\"logo\":{\"@type\":\"ImageObject\",\"inLanguage\":\"de\",\"@id\":\"https:\/\/blog.holyart.it\/de\/#\/schema\/logo\/image\/\",\"url\":\"https:\/\/blog.holyart.it\/de\/wp-content\/uploads\/sites\/12\/2022\/12\/Holyart_Blog_Logo.jpg\",\"contentUrl\":\"https:\/\/blog.holyart.it\/de\/wp-content\/uploads\/sites\/12\/2022\/12\/Holyart_Blog_Logo.jpg\",\"width\":300,\"height\":50,\"caption\":\"Holyart.de Blog\"},\"image\":{\"@id\":\"https:\/\/blog.holyart.it\/de\/#\/schema\/logo\/image\/\"}},{\"@type\":\"Person\",\"@id\":\"https:\/\/blog.holyart.it\/de\/#\/schema\/person\/0a7b686e5af0f856ec1e390dd0baecda\",\"name\":\"Redazione\",\"image\":{\"@type\":\"ImageObject\",\"inLanguage\":\"de\",\"@id\":\"https:\/\/blog.holyart.it\/de\/#\/schema\/person\/image\/\",\"url\":\"https:\/\/secure.gravatar.com\/avatar\/f477da817f43e50d0af36abecd33e3edf826c68299714bdc1057dff3b113f516?s=96&d=mm&r=g\",\"contentUrl\":\"https:\/\/secure.gravatar.com\/avatar\/f477da817f43e50d0af36abecd33e3edf826c68299714bdc1057dff3b113f516?s=96&d=mm&r=g\",\"caption\":\"Redazione\"}}]}<\/script>\n<!-- \/ Yoast SEO plugin. -->","yoast_head_json":{"title":"Heilige Margareta von Cortona: Besch\u00fctzerin der Geb\u00e4renden - Holyart.de Blog","description":"Entdecken wir die Figur der heiligen Margareta von Cortona, der Nova Magdalena (Neue Magdalena), die unter den Heiligen ber\u00fchmt...","robots":{"index":"index","follow":"follow","max-snippet":"max-snippet:-1","max-image-preview":"max-image-preview:large","max-video-preview":"max-video-preview:-1"},"canonical":"https:\/\/blog.holyart.it\/de\/devotionalien\/heilige-margareta-von-cortona-beschuetzerin-der-gebaerenden\/","og_locale":"de_DE","og_type":"article","og_title":"Heilige Margareta von Cortona: Besch\u00fctzerin der Geb\u00e4renden - Holyart.de Blog","og_description":"Entdecken wir die Figur der heiligen Margareta von Cortona, der Nova Magdalena (Neue Magdalena), die unter den Heiligen ber\u00fchmt...","og_url":"https:\/\/blog.holyart.it\/de\/devotionalien\/heilige-margareta-von-cortona-beschuetzerin-der-gebaerenden\/","og_site_name":"Holyart.de Blog","article_published_time":"2024-02-14T09:00:31+00:00","og_image":[{"width":1001,"height":666,"url":"https:\/\/blog.holyart.it\/de\/wp-content\/uploads\/sites\/12\/2024\/01\/Heilige-Margareta-von-Cortona.jpg","type":"image\/jpeg"}],"author":"Redazione","twitter_card":"summary_large_image","twitter_misc":{"Verfasst von":"Redazione","Gesch\u00e4tzte Lesezeit":"7\u00a0Minuten"},"schema":{"@context":"https:\/\/schema.org","@graph":[{"@type":"Article","@id":"https:\/\/blog.holyart.it\/de\/devotionalien\/heilige-margareta-von-cortona-beschuetzerin-der-gebaerenden\/#article","isPartOf":{"@id":"https:\/\/blog.holyart.it\/de\/devotionalien\/heilige-margareta-von-cortona-beschuetzerin-der-gebaerenden\/"},"author":{"name":"Redazione","@id":"https:\/\/blog.holyart.it\/de\/#\/schema\/person\/0a7b686e5af0f856ec1e390dd0baecda"},"headline":"Heilige Margareta von Cortona: Besch\u00fctzerin der Geb\u00e4renden","datePublished":"2024-02-14T09:00:31+00:00","mainEntityOfPage":{"@id":"https:\/\/blog.holyart.it\/de\/devotionalien\/heilige-margareta-von-cortona-beschuetzerin-der-gebaerenden\/"},"wordCount":1007,"publisher":{"@id":"https:\/\/blog.holyart.it\/de\/#organization"},"image":{"@id":"https:\/\/blog.holyart.it\/de\/devotionalien\/heilige-margareta-von-cortona-beschuetzerin-der-gebaerenden\/#primaryimage"},"thumbnailUrl":"https:\/\/blog.holyart.it\/de\/wp-content\/uploads\/sites\/12\/2024\/01\/Heilige-Margareta-von-Cortona.jpg","articleSection":["Religion"],"inLanguage":"de"},{"@type":"WebPage","@id":"https:\/\/blog.holyart.it\/de\/devotionalien\/heilige-margareta-von-cortona-beschuetzerin-der-gebaerenden\/","url":"https:\/\/blog.holyart.it\/de\/devotionalien\/heilige-margareta-von-cortona-beschuetzerin-der-gebaerenden\/","name":"Heilige Margareta von Cortona: Besch\u00fctzerin der Geb\u00e4renden - Holyart.de Blog","isPartOf":{"@id":"https:\/\/blog.holyart.it\/de\/#website"},"primaryImageOfPage":{"@id":"https:\/\/blog.holyart.it\/de\/devotionalien\/heilige-margareta-von-cortona-beschuetzerin-der-gebaerenden\/#primaryimage"},"image":{"@id":"https:\/\/blog.holyart.it\/de\/devotionalien\/heilige-margareta-von-cortona-beschuetzerin-der-gebaerenden\/#primaryimage"},"thumbnailUrl":"https:\/\/blog.holyart.it\/de\/wp-content\/uploads\/sites\/12\/2024\/01\/Heilige-Margareta-von-Cortona.jpg","datePublished":"2024-02-14T09:00:31+00:00","description":"Entdecken wir die Figur der heiligen Margareta von Cortona, der Nova Magdalena (Neue Magdalena), die unter den Heiligen ber\u00fchmt...","breadcrumb":{"@id":"https:\/\/blog.holyart.it\/de\/devotionalien\/heilige-margareta-von-cortona-beschuetzerin-der-gebaerenden\/#breadcrumb"},"inLanguage":"de","potentialAction":[{"@type":"ReadAction","target":["https:\/\/blog.holyart.it\/de\/devotionalien\/heilige-margareta-von-cortona-beschuetzerin-der-gebaerenden\/"]}]},{"@type":"ImageObject","inLanguage":"de","@id":"https:\/\/blog.holyart.it\/de\/devotionalien\/heilige-margareta-von-cortona-beschuetzerin-der-gebaerenden\/#primaryimage","url":"https:\/\/blog.holyart.it\/de\/wp-content\/uploads\/sites\/12\/2024\/01\/Heilige-Margareta-von-Cortona.jpg","contentUrl":"https:\/\/blog.holyart.it\/de\/wp-content\/uploads\/sites\/12\/2024\/01\/Heilige-Margareta-von-Cortona.jpg","width":1001,"height":666,"caption":"Heilige Margareta von Cortona"},{"@type":"BreadcrumbList","@id":"https:\/\/blog.holyart.it\/de\/devotionalien\/heilige-margareta-von-cortona-beschuetzerin-der-gebaerenden\/#breadcrumb","itemListElement":[{"@type":"ListItem","position":1,"name":"Homepage","item":"https:\/\/blog.holyart.it\/de\/"},{"@type":"ListItem","position":2,"name":"Religion","item":"https:\/\/blog.holyart.it\/de\/devotionalien\/"},{"@type":"ListItem","position":3,"name":"Heilige Margareta von Cortona: Besch\u00fctzerin der Geb\u00e4renden"}]},{"@type":"WebSite","@id":"https:\/\/blog.holyart.it\/de\/#website","url":"https:\/\/blog.holyart.it\/de\/","name":"Holyart.de Blog","description":"Holyblog","publisher":{"@id":"https:\/\/blog.holyart.it\/de\/#organization"},"potentialAction":[{"@type":"SearchAction","target":{"@type":"EntryPoint","urlTemplate":"https:\/\/blog.holyart.it\/de\/?s={search_term_string}"},"query-input":{"@type":"PropertyValueSpecification","valueRequired":true,"valueName":"search_term_string"}}],"inLanguage":"de"},{"@type":"Organization","@id":"https:\/\/blog.holyart.it\/de\/#organization","name":"Holyart.de Blog","url":"https:\/\/blog.holyart.it\/de\/","logo":{"@type":"ImageObject","inLanguage":"de","@id":"https:\/\/blog.holyart.it\/de\/#\/schema\/logo\/image\/","url":"https:\/\/blog.holyart.it\/de\/wp-content\/uploads\/sites\/12\/2022\/12\/Holyart_Blog_Logo.jpg","contentUrl":"https:\/\/blog.holyart.it\/de\/wp-content\/uploads\/sites\/12\/2022\/12\/Holyart_Blog_Logo.jpg","width":300,"height":50,"caption":"Holyart.de Blog"},"image":{"@id":"https:\/\/blog.holyart.it\/de\/#\/schema\/logo\/image\/"}},{"@type":"Person","@id":"https:\/\/blog.holyart.it\/de\/#\/schema\/person\/0a7b686e5af0f856ec1e390dd0baecda","name":"Redazione","image":{"@type":"ImageObject","inLanguage":"de","@id":"https:\/\/blog.holyart.it\/de\/#\/schema\/person\/image\/","url":"https:\/\/secure.gravatar.com\/avatar\/f477da817f43e50d0af36abecd33e3edf826c68299714bdc1057dff3b113f516?s=96&d=mm&r=g","contentUrl":"https:\/\/secure.gravatar.com\/avatar\/f477da817f43e50d0af36abecd33e3edf826c68299714bdc1057dff3b113f516?s=96&d=mm&r=g","caption":"Redazione"}}]}},"_links":{"self":[{"href":"https:\/\/blog.holyart.it\/de\/wp-json\/wp\/v2\/posts\/3587","targetHints":{"allow":["GET"]}}],"collection":[{"href":"https:\/\/blog.holyart.it\/de\/wp-json\/wp\/v2\/posts"}],"about":[{"href":"https:\/\/blog.holyart.it\/de\/wp-json\/wp\/v2\/types\/post"}],"author":[{"embeddable":true,"href":"https:\/\/blog.holyart.it\/de\/wp-json\/wp\/v2\/users\/1"}],"replies":[{"embeddable":true,"href":"https:\/\/blog.holyart.it\/de\/wp-json\/wp\/v2\/comments?post=3587"}],"version-history":[{"count":10,"href":"https:\/\/blog.holyart.it\/de\/wp-json\/wp\/v2\/posts\/3587\/revisions"}],"predecessor-version":[{"id":3603,"href":"https:\/\/blog.holyart.it\/de\/wp-json\/wp\/v2\/posts\/3587\/revisions\/3603"}],"wp:featuredmedia":[{"embeddable":true,"href":"https:\/\/blog.holyart.it\/de\/wp-json\/wp\/v2\/media\/3590"}],"wp:attachment":[{"href":"https:\/\/blog.holyart.it\/de\/wp-json\/wp\/v2\/media?parent=3587"}],"wp:term":[{"taxonomy":"category","embeddable":true,"href":"https:\/\/blog.holyart.it\/de\/wp-json\/wp\/v2\/categories?post=3587"},{"taxonomy":"post_tag","embeddable":true,"href":"https:\/\/blog.holyart.it\/de\/wp-json\/wp\/v2\/tags?post=3587"}],"curies":[{"name":"wp","href":"https:\/\/api.w.org\/{rel}","templated":true}]}}