{"id":3573,"date":"2024-02-07T10:00:29","date_gmt":"2024-02-07T09:00:29","guid":{"rendered":"https:\/\/blog.holyart.it\/de\/?p=3573"},"modified":"2024-01-17T12:22:46","modified_gmt":"2024-01-17T11:22:46","slug":"die-geluebden-des-heiligen-franziskus-kurz-erklaert","status":"publish","type":"post","link":"https:\/\/blog.holyart.it\/de\/devotionalien\/die-geluebden-des-heiligen-franziskus-kurz-erklaert\/","title":{"rendered":"Die Gel\u00fcbden des Heiligen Franziskus kurz erkl\u00e4rt"},"content":{"rendered":"<h4>Die Fastenzeit, eine Zeit der Bu\u00dfe und der Gel\u00fcbden. Heute geht es um die Gel\u00fcbden des Heiligen Franziskus, eine Sammlung von Episoden aus dem Leben des Armen von Assisi und eine fabelhafte Rekonstruktion seiner Predigten.<\/h4>\n<p>Wir haben \u00fcber die Bedeutung der <strong><a href=\"https:\/\/www.holyart.de\/blog\/devotionalien\/fastengeluebde-5-ideen-fuer-kleine-verzichte-die-man-tun-kann\/\"><u>Gel\u00fcbden in der Fastenzeit<\/u><\/a><\/strong> gesprochen und dar\u00fcber, wie sie sich als wertvolles Werkzeug erweisen k\u00f6nnen, um sich in einer Haltung der Bu\u00dfe, der tiefen inneren Einkehr und des Dialogs mit Gott auf Ostern vorzubereiten. Und nur wenige Heilige haben die N\u00e4he zum Allm\u00e4chtigen, den st\u00e4ndigen Dialog mit ihm, so zum Ausdruck bringen k\u00f6nnen wie der heilige <strong>Franz von Assisi<\/strong>, der die Liebe zu Gott, die sich in der Liebe zur ganzen Sch\u00f6pfung ausdr\u00fcckt, zu seiner Lebensaufgabe machte. Neben dem <u>Gesang der Kreaturen<\/u>, der Emblem und Manifest der Liebe und des Glaubens des heiligen Franziskus ist, stellen die Gel\u00fcbden des heiligen Franziskus einen emblematischen Text dar, da sie von einem reinen und lebendigen religi\u00f6sen Afflatus durchdrungen sind, der all das zum Ausdruck bringt, was die Eckpfeiler der franziskanischen Lehre sind: Armut, Liebe, vollkommene Freude.<\/p>\n<div class=\"link-article\">\n<p><img loading=\"lazy\" decoding=\"async\" class=\"size-full wp-image-3576 alignleft\" src=\"https:\/\/blog.holyart.it\/de\/wp-content\/uploads\/sites\/12\/2024\/01\/Fastengeluebde.jpg\" alt=\"Fastengel\u00fcbde\" width=\"150\" height=\"100\" data-kale-share-title=\"Die Gel\u00fcbden des Heiligen Franziskus kurz erkl\u00e4rt\" data-kale-share-url=\"https:\/\/blog.holyart.it\/de\/?p=3573\" \/><\/p>\n<div class=\"leggi-anche\">Lesen Sie auch:<\/div>\n<p><strong><a href=\"https:\/\/www.holyart.de\/blog\/devotionalien\/fastengeluebde-5-ideen-fuer-kleine-verzichte-die-man-tun-kann\/\">Fastengel\u00fcbde: 5 Ideen f\u00fcr kleine Verzichte, die man tun kann<\/a><\/strong><br \/>\nDie Fastenzeit, eine Zeit der Bu\u00dfe, des Gebets und der Andacht. Welche Gel\u00fcbde eignen sich am besten f\u00fcr die Fastenzeit&#8230;<\/p>\n<\/div>\n<p>Im Namen dieser Ideale verzichtete der heilige Franziskus, der zusammen mit der heiligen Katharina von Siena der Schutzpatron Italiens ist, auf alles, was ihm geh\u00f6rte, auf alles, was er war, um ein Leben im Zeichen der absoluten Armut und der N\u00e4he zum Letzten zu f\u00fchren, in einer <em>Imitatio Christi<\/em>, die in ihrer Ganzheit und Einfachheit ersch\u00fctternd und bewegend ist.<\/p>\n<p>Diese Entscheidung tritt in seinen Gel\u00fcbden vor und erinnert uns an eine Figur des Heiligen und seiner Gef\u00e4hrten, die zwar zweifellos in dem hagiographischen Wunsch, einen beispielhaften Charakter darzustellen, idealisiert wird, uns aber dennoch einen Eindruck von der Gr\u00f6\u00dfe dieses Heiligen vermittelt, der so weit entfernt und doch jedem von uns so nahe ist. Im Hinblick auf das Osterfest k\u00f6nnen uns diese fast m\u00e4rchenhaft erz\u00e4hlten Ereignisse vielleicht eine Inspiration f\u00fcr unsere Fastenzeit sein.<\/p>\n<h2>Was sind die Gel\u00fcbden des Heiligen Franziskus?<\/h2>\n<p>Aber was sind die Gel\u00fcbden des Heiligen Franziskus? Die Urspr\u00fcnge des Originals aus dem 14. Jahrhundert sind geheimnisumwittert. Lange Zeit glaubte man, es handele sich um die \u00dcbersetzung aus dem Lateinischen eines fr\u00fcheren Textes mit dem Titel \u201e<em>Floretum<\/em>\u201c, einer Geschichte von Franziskus und seinen ersten Gef\u00e4hrten, die Bruder <strong>Ugolino da Montegiorgio<\/strong> zugeschrieben wird, dem Verfasser des mittelalterlichen lateinischen Werkes \u201e<em>Actus Sancti Francisci et sociorum eius<\/em>\u201c, von dem die \u201eGel\u00fcbden\u201c die Einleitung gewesen sein k\u00f6nnten. Eine andere \u00dcberlieferung schreibt die Urheberschaft des Textes <strong>Giovanni de&#8216; Marignolli<\/strong> zu, einem Franziskanerminderj\u00e4hrigen, der als Bischof und Missionar in China t\u00e4tig war.<\/p>\n<p>Auch wenn der Autor ungewiss bleibt, \u00e4ndert dies nichts an der Bedeutung des Werks, das eine Sammlung von Geschichten und Legenden \u00fcber das Leben des heiligen <strong><a href=\"https:\/\/www.holyart.de\/devotionalien\/statuen\/statuen-aus-resin-und-pvc\/statue-franz-von-assisi-aus-harz-60cm?_gl=1*1o7ofed*_gcl_aw*R0NMLjE3MDU0NzkxNzYuQ2owS0NRanc4cW1oQmhDbEFSSXNBTkF0Ym9mZ21KMm85dkV5S0JjLUdLUWIweWFCLU9EekR0N1ZQV2hnY1g4WW96M2haNGVTR0JkUjR1d2FBZzZrRUFMd193Y0I.*_gcl_au*MzQ2MTAxMTM4LjE2OTc4MDc3MzQ.*_ga*MjAyODIwNTUzOS4xNjgwNTA1OTc3*_ga_W18MV136NH*MTcwNTQ4NDEzMC4zNTEuMS4xNzA1NDg0NzA0LjAuMC4w\">Franz von Assisi<\/a><\/strong> und seiner J\u00fcnger ist, in denen seine Predigt und sein Beispiel f\u00fcr Leben und Glauben zum Ausdruck kommen.<\/p>\n<div class=\"link-product\">\n<div class=\"blocco-immagine\"><img loading=\"lazy\" decoding=\"async\" class=\"size-full wp-image-3580 alignleft\" src=\"https:\/\/blog.holyart.it\/de\/wp-content\/uploads\/sites\/12\/2024\/01\/Statue-Franz-von-Assisi-aus-Harz-60cm.jpg\" alt=\"Statue Franz von Assisi aus Harz 60cm\" width=\"100\" height=\"100\" data-kale-share-title=\"Die Gel\u00fcbden des Heiligen Franziskus kurz erkl\u00e4rt\" data-kale-share-url=\"https:\/\/blog.holyart.it\/de\/?p=3573\" \/><\/div>\n<div class=\"blocco-contenuto\">\n<div class=\"blocco-acquista\">Einkaufen:<\/div>\n<div class=\"blocco-titolo\"><a href=\"https:\/\/www.holyart.de\/devotionalien\/statuen\/statuen-aus-resin-und-pvc\/statue-franz-von-assisi-aus-harz-60cm?_gl=1*1o7ofed*_gcl_aw*R0NMLjE3MDU0NzkxNzYuQ2owS0NRanc4cW1oQmhDbEFSSXNBTkF0Ym9mZ21KMm85dkV5S0JjLUdLUWIweWFCLU9EekR0N1ZQV2hnY1g4WW96M2haNGVTR0JkUjR1d2FBZzZrRUFMd193Y0I.*_gcl_au*MzQ2MTAxMTM4LjE2OTc4MDc3MzQ.*_ga*MjAyODIwNTUzOS4xNjgwNTA1OTc3*_ga_W18MV136NH*MTcwNTQ4NDEzMC4zNTEuMS4xNzA1NDg0NzA0LjAuMC4w\">Statue Franz von Assisi aus Harz 60cm<\/a><\/div>\n<div class=\"blocco-descrizione\">Statue von Franz von Assisi realisiert aus Harz (die Innenseite der Statue ist aus Gips) und handbemalt&#8230;<\/div>\n<\/div>\n<\/div>\n<p>Sie wurden im 14. Jahrhundert verfasst und sind durch eine Reihe von handschriftlichen Kodizes bis zum ersten Druck im Jahr 1476 \u00fcberliefert. Das Werk besteht aus dreiundf\u00fcnfzig Kapiteln und l\u00e4sst sich <strong>idealerweise in zwei Teile unterteilen<\/strong>: Der erste ist dem heiligen Franziskus, seinem Leben, seiner Verk\u00fcndigung und der Entstehung des Franziskanerordens gewidmet; der zweite erz\u00e4hlt die <strong>Abenteuer der ersten Franziskanerm\u00f6nche der Marken<\/strong>, die in den Kl\u00f6stern von Mogliano, Massa Fermana, Loro, Soffiano und Forano lebten. Bruder Ugolino da Montegiorgio selbst, der mutma\u00dfliche Autor des Werks, hielt sich zu Beginn des 14. Jahrhunderts im Kloster Santa Colomba di Mogliano auf, und vielleicht schrieb er in dieser Zeit die Gel\u00fcbden, die sp\u00e4ter in die Volkssprache \u00fcbersetzt wurden.<\/p>\n<p>Interessant f\u00fcr uns ist, dass wir durch die Schriften die <strong>gesamte historische und vor allem spirituelle Entwicklung des Franziskanerordens<\/strong> im ersten Jahrhundert seines Bestehens und seiner Verbreitung kennenlernen k\u00f6nnen. Bereits das 1. Kapitel verr\u00e4t uns den Inhalt des gesamten Werkes:<\/p>\n<p><em>Im Namen unseres Herrn Jesus Christus, des Gekreuzigten, und seiner jungfr\u00e4ulichen Mutter Maria. In diesem Buch sind einige Lehren, Wunder und fromme Beispiele des glorreichen Poverello Christi, des heiligen Franziskus und einiger seiner heiligen Gef\u00e4hrten enthalten. Zum Lobpreis von Jesus Christus. Amen.<\/em><\/p>\n<p>Im selben Kapitel werden die zw\u00f6lf Gef\u00e4hrten des Franziskus erw\u00e4hnt, von denen wir einige im Text kennenlernen werden. Der Bezug zu den zw\u00f6lf Aposteln ist sofort klar: \u201e<em>Und wie diese heiligen Apostel f\u00fcr die ganze Welt wunderbar waren in Heiligkeit und Demut und voll des Heiligen Geistes, so waren diese heiligen Gef\u00e4hrten des heiligen Franziskus M\u00e4nner von solcher Heiligkeit, dass die Welt seit der Zeit der Apostel keine so wunderbaren und heiligen M\u00e4nner mehr gehabt hat<\/em>.\u201c<\/p>\n<p>Deshalb erz\u00e4hlen uns die Gel\u00fcbden auch mit au\u00dferordentlicher Lebendigkeit und Anschaulichkeit die Geschichten <strong>der Gef\u00e4hrten von Franziskus<\/strong>, wie <strong>Bruder Bernhard von Quintavalle<\/strong>, der der erste Anh\u00e4nger von Franziskus war; <strong>Bruder Leo<\/strong>, der Franziskus besonders in seinen letzten Lebensjahren nahe stand und dem der Heilige einen pers\u00f6nlichen Segen (<em>Benedictio fratris Leonis<\/em>) und ein Loblied auf Gott (<em>Laudes Dei altissimi<\/em>) widmete, sehr wertvolle Dokumente, die uns \u00fcberliefert wurden; <strong>Bruder Masseo<\/strong>, einer der liebsten Freunde von Franziskus, gut aussehend und mit einem sprichw\u00f6rtlichen gesunden Menschenverstand ausgestattet, der in den ihm gewidmeten Gel\u00fcbden zusammen mit Demut, Gehorsam und Gottesliebe zum Vorschein kommt; die <strong><a href=\"https:\/\/www.holyart.de\/devotionalien\/wandteppiche\/wandteppich-hl.-franz-und-klara-von-assisi-50x40cm?_gl=1*unotod*_gcl_aw*R0NMLjE3MDU0ODUwNzMuQ2owS0NRanc4cW1oQmhDbEFSSXNBTkF0Ym9mZ21KMm85dkV5S0JjLUdLUWIweWFCLU9EekR0N1ZQV2hnY1g4WW96M2haNGVTR0JkUjR1d2FBZzZrRUFMd193Y0I.*_gcl_au*MzQ2MTAxMTM4LjE2OTc4MDc3MzQ.*_ga*MjAyODIwNTUzOS4xNjgwNTA1OTc3*_ga_W18MV136NH*MTcwNTQ4NzQ0Ny4zNTIuMS4xNzA1NDg3NDYwLjAuMC4w\"><u>heilige Klara<\/u><\/a><\/strong>, Franziskus\u00b4 Schwester in Armut, die mit ihm durch eine h\u00f6chst s\u00fc\u00dfe, heilige und reine Liebe verbunden ist.<\/p>\n<div class=\"link-product\">\n<div class=\"blocco-immagine\"><img loading=\"lazy\" decoding=\"async\" class=\"size-full wp-image-3583 alignleft\" src=\"https:\/\/blog.holyart.it\/de\/wp-content\/uploads\/sites\/12\/2024\/01\/wandteppich-hl.-franz-und-klara-von-assisi-50x40cm.jpg\" alt=\"wandteppich-hl.-franz-und-klara-von-assisi-50x40cm\" width=\"100\" height=\"100\" data-kale-share-title=\"Die Gel\u00fcbden des Heiligen Franziskus kurz erkl\u00e4rt\" data-kale-share-url=\"https:\/\/blog.holyart.it\/de\/?p=3573\" \/><\/div>\n<div class=\"blocco-contenuto\">\n<div class=\"blocco-acquista\">Einkaufen:<\/div>\n<div class=\"blocco-titolo\"><a href=\"https:\/\/www.holyart.de\/devotionalien\/wandteppiche\/wandteppich-hl.-franz-und-klara-von-assisi-50x40cm?_gl=1*unotod*_gcl_aw*R0NMLjE3MDU0ODUwNzMuQ2owS0NRanc4cW1oQmhDbEFSSXNBTkF0Ym9mZ21KMm85dkV5S0JjLUdLUWIweWFCLU9EekR0N1ZQV2hnY1g4WW96M2haNGVTR0JkUjR1d2FBZzZrRUFMd193Y0I.*_gcl_au*MzQ2MTAxMTM4LjE2OTc4MDc3MzQ.*_ga*MjAyODIwNTUzOS4xNjgwNTA1OTc3*_ga_W18MV136NH*MTcwNTQ4NzQ0Ny4zNTIuMS4xNzA1NDg3NDYwLjAuMC4w\">Wandteppich Hl. Franz und Klara von Assisi 50x40cm<\/a><\/div>\n<div class=\"blocco-descrizione\">Wandteppich, Motiv: Hl. Franz und Klara von Assisi&#8230;<\/div>\n<\/div>\n<\/div>\n<p>Ein Chorbuch also, in dem es keinen einzigen Protagonisten gibt, wie man es von einer bescheidenen Figur erwarten w\u00fcrde, die wie der heilige Franz von Assisi tief in seine Gemeinschaft von Freunden und Br\u00fcdern eingebunden ist.<\/p>\n","protected":false},"excerpt":{"rendered":"<p>Die Fastenzeit, eine Zeit der Bu\u00dfe und der Gel\u00fcbden. Heute geht es um die Gel\u00fcbden des Heiligen Franziskus, eine Sammlung von Episoden aus dem Leben des Armen von Assisi und eine fabelhafte Rekonstruktion seiner Predigten. Wir haben \u00fcber die Bedeutung der Gel\u00fcbden in der Fastenzeit&hellip;<\/p>\n","protected":false},"author":1,"featured_media":3579,"comment_status":"closed","ping_status":"open","sticky":false,"template":"","format":"standard","meta":{"_acf_changed":false,"footnotes":""},"categories":[10],"tags":[],"class_list":["post-3573","post","type-post","status-publish","format-standard","has-post-thumbnail","hentry","category-devotionalien"],"acf":[],"yoast_head":"<!-- This site is optimized with the Yoast SEO plugin v26.6 - https:\/\/yoast.com\/wordpress\/plugins\/seo\/ -->\n<title>Die Gel\u00fcbden des Heiligen Franziskus kurz erkl\u00e4rt - Holyart.de Blog<\/title>\n<meta name=\"description\" content=\"Die Fastenzeit, eine Zeit der Bu\u00dfe und der Gel\u00fcbden. Heute geht es um die Gel\u00fcbden des Heiligen Franziskus, eine Sammlung von Episoden...\" \/>\n<meta name=\"robots\" content=\"index, follow, max-snippet:-1, max-image-preview:large, max-video-preview:-1\" \/>\n<link rel=\"canonical\" href=\"https:\/\/blog.holyart.it\/de\/devotionalien\/die-geluebden-des-heiligen-franziskus-kurz-erklaert\/\" \/>\n<meta property=\"og:locale\" content=\"de_DE\" \/>\n<meta property=\"og:type\" content=\"article\" \/>\n<meta property=\"og:title\" content=\"Die Gel\u00fcbden des Heiligen Franziskus kurz erkl\u00e4rt - Holyart.de Blog\" \/>\n<meta property=\"og:description\" content=\"Die Fastenzeit, eine Zeit der Bu\u00dfe und der Gel\u00fcbden. Heute geht es um die Gel\u00fcbden des Heiligen Franziskus, eine Sammlung von Episoden...\" \/>\n<meta property=\"og:url\" content=\"https:\/\/blog.holyart.it\/de\/devotionalien\/die-geluebden-des-heiligen-franziskus-kurz-erklaert\/\" \/>\n<meta property=\"og:site_name\" content=\"Holyart.de Blog\" \/>\n<meta property=\"article:published_time\" content=\"2024-02-07T09:00:29+00:00\" \/>\n<meta property=\"og:image\" content=\"https:\/\/blog.holyart.it\/de\/wp-content\/uploads\/sites\/12\/2024\/01\/Die-Geluebden-des-Heiligen-Franziskus-kurz-erklaert.jpg\" \/>\n\t<meta property=\"og:image:width\" content=\"1000\" \/>\n\t<meta property=\"og:image:height\" content=\"666\" \/>\n\t<meta property=\"og:image:type\" content=\"image\/jpeg\" \/>\n<meta name=\"author\" content=\"Redazione\" \/>\n<meta name=\"twitter:card\" content=\"summary_large_image\" \/>\n<meta name=\"twitter:label1\" content=\"Verfasst von\" \/>\n\t<meta name=\"twitter:data1\" content=\"Redazione\" \/>\n\t<meta name=\"twitter:label2\" content=\"Gesch\u00e4tzte Lesezeit\" \/>\n\t<meta name=\"twitter:data2\" content=\"6\u00a0Minuten\" \/>\n<script type=\"application\/ld+json\" class=\"yoast-schema-graph\">{\"@context\":\"https:\/\/schema.org\",\"@graph\":[{\"@type\":\"Article\",\"@id\":\"https:\/\/blog.holyart.it\/de\/devotionalien\/die-geluebden-des-heiligen-franziskus-kurz-erklaert\/#article\",\"isPartOf\":{\"@id\":\"https:\/\/blog.holyart.it\/de\/devotionalien\/die-geluebden-des-heiligen-franziskus-kurz-erklaert\/\"},\"author\":{\"name\":\"Redazione\",\"@id\":\"https:\/\/blog.holyart.it\/de\/#\/schema\/person\/0a7b686e5af0f856ec1e390dd0baecda\"},\"headline\":\"Die Gel\u00fcbden des Heiligen Franziskus kurz erkl\u00e4rt\",\"datePublished\":\"2024-02-07T09:00:29+00:00\",\"mainEntityOfPage\":{\"@id\":\"https:\/\/blog.holyart.it\/de\/devotionalien\/die-geluebden-des-heiligen-franziskus-kurz-erklaert\/\"},\"wordCount\":1039,\"publisher\":{\"@id\":\"https:\/\/blog.holyart.it\/de\/#organization\"},\"image\":{\"@id\":\"https:\/\/blog.holyart.it\/de\/devotionalien\/die-geluebden-des-heiligen-franziskus-kurz-erklaert\/#primaryimage\"},\"thumbnailUrl\":\"https:\/\/blog.holyart.it\/de\/wp-content\/uploads\/sites\/12\/2024\/01\/Die-Geluebden-des-Heiligen-Franziskus-kurz-erklaert.jpg\",\"articleSection\":[\"Religion\"],\"inLanguage\":\"de\"},{\"@type\":\"WebPage\",\"@id\":\"https:\/\/blog.holyart.it\/de\/devotionalien\/die-geluebden-des-heiligen-franziskus-kurz-erklaert\/\",\"url\":\"https:\/\/blog.holyart.it\/de\/devotionalien\/die-geluebden-des-heiligen-franziskus-kurz-erklaert\/\",\"name\":\"Die Gel\u00fcbden des Heiligen Franziskus kurz erkl\u00e4rt - Holyart.de Blog\",\"isPartOf\":{\"@id\":\"https:\/\/blog.holyart.it\/de\/#website\"},\"primaryImageOfPage\":{\"@id\":\"https:\/\/blog.holyart.it\/de\/devotionalien\/die-geluebden-des-heiligen-franziskus-kurz-erklaert\/#primaryimage\"},\"image\":{\"@id\":\"https:\/\/blog.holyart.it\/de\/devotionalien\/die-geluebden-des-heiligen-franziskus-kurz-erklaert\/#primaryimage\"},\"thumbnailUrl\":\"https:\/\/blog.holyart.it\/de\/wp-content\/uploads\/sites\/12\/2024\/01\/Die-Geluebden-des-Heiligen-Franziskus-kurz-erklaert.jpg\",\"datePublished\":\"2024-02-07T09:00:29+00:00\",\"description\":\"Die Fastenzeit, eine Zeit der Bu\u00dfe und der Gel\u00fcbden. Heute geht es um die Gel\u00fcbden des Heiligen Franziskus, eine Sammlung von Episoden...\",\"breadcrumb\":{\"@id\":\"https:\/\/blog.holyart.it\/de\/devotionalien\/die-geluebden-des-heiligen-franziskus-kurz-erklaert\/#breadcrumb\"},\"inLanguage\":\"de\",\"potentialAction\":[{\"@type\":\"ReadAction\",\"target\":[\"https:\/\/blog.holyart.it\/de\/devotionalien\/die-geluebden-des-heiligen-franziskus-kurz-erklaert\/\"]}]},{\"@type\":\"ImageObject\",\"inLanguage\":\"de\",\"@id\":\"https:\/\/blog.holyart.it\/de\/devotionalien\/die-geluebden-des-heiligen-franziskus-kurz-erklaert\/#primaryimage\",\"url\":\"https:\/\/blog.holyart.it\/de\/wp-content\/uploads\/sites\/12\/2024\/01\/Die-Geluebden-des-Heiligen-Franziskus-kurz-erklaert.jpg\",\"contentUrl\":\"https:\/\/blog.holyart.it\/de\/wp-content\/uploads\/sites\/12\/2024\/01\/Die-Geluebden-des-Heiligen-Franziskus-kurz-erklaert.jpg\",\"width\":1000,\"height\":666,\"caption\":\"Die Gel\u00fcbden des Heiligen Franziskus kurz erkl\u00e4rt\"},{\"@type\":\"BreadcrumbList\",\"@id\":\"https:\/\/blog.holyart.it\/de\/devotionalien\/die-geluebden-des-heiligen-franziskus-kurz-erklaert\/#breadcrumb\",\"itemListElement\":[{\"@type\":\"ListItem\",\"position\":1,\"name\":\"Homepage\",\"item\":\"https:\/\/blog.holyart.it\/de\/\"},{\"@type\":\"ListItem\",\"position\":2,\"name\":\"Religion\",\"item\":\"https:\/\/blog.holyart.it\/de\/devotionalien\/\"},{\"@type\":\"ListItem\",\"position\":3,\"name\":\"Die Gel\u00fcbden des Heiligen Franziskus kurz erkl\u00e4rt\"}]},{\"@type\":\"WebSite\",\"@id\":\"https:\/\/blog.holyart.it\/de\/#website\",\"url\":\"https:\/\/blog.holyart.it\/de\/\",\"name\":\"Holyart.de Blog\",\"description\":\"Holyblog\",\"publisher\":{\"@id\":\"https:\/\/blog.holyart.it\/de\/#organization\"},\"potentialAction\":[{\"@type\":\"SearchAction\",\"target\":{\"@type\":\"EntryPoint\",\"urlTemplate\":\"https:\/\/blog.holyart.it\/de\/?s={search_term_string}\"},\"query-input\":{\"@type\":\"PropertyValueSpecification\",\"valueRequired\":true,\"valueName\":\"search_term_string\"}}],\"inLanguage\":\"de\"},{\"@type\":\"Organization\",\"@id\":\"https:\/\/blog.holyart.it\/de\/#organization\",\"name\":\"Holyart.de Blog\",\"url\":\"https:\/\/blog.holyart.it\/de\/\",\"logo\":{\"@type\":\"ImageObject\",\"inLanguage\":\"de\",\"@id\":\"https:\/\/blog.holyart.it\/de\/#\/schema\/logo\/image\/\",\"url\":\"https:\/\/blog.holyart.it\/de\/wp-content\/uploads\/sites\/12\/2022\/12\/Holyart_Blog_Logo.jpg\",\"contentUrl\":\"https:\/\/blog.holyart.it\/de\/wp-content\/uploads\/sites\/12\/2022\/12\/Holyart_Blog_Logo.jpg\",\"width\":300,\"height\":50,\"caption\":\"Holyart.de Blog\"},\"image\":{\"@id\":\"https:\/\/blog.holyart.it\/de\/#\/schema\/logo\/image\/\"}},{\"@type\":\"Person\",\"@id\":\"https:\/\/blog.holyart.it\/de\/#\/schema\/person\/0a7b686e5af0f856ec1e390dd0baecda\",\"name\":\"Redazione\",\"image\":{\"@type\":\"ImageObject\",\"inLanguage\":\"de\",\"@id\":\"https:\/\/blog.holyart.it\/de\/#\/schema\/person\/image\/\",\"url\":\"https:\/\/secure.gravatar.com\/avatar\/f477da817f43e50d0af36abecd33e3edf826c68299714bdc1057dff3b113f516?s=96&d=mm&r=g\",\"contentUrl\":\"https:\/\/secure.gravatar.com\/avatar\/f477da817f43e50d0af36abecd33e3edf826c68299714bdc1057dff3b113f516?s=96&d=mm&r=g\",\"caption\":\"Redazione\"}}]}<\/script>\n<!-- \/ Yoast SEO plugin. -->","yoast_head_json":{"title":"Die Gel\u00fcbden des Heiligen Franziskus kurz erkl\u00e4rt - Holyart.de Blog","description":"Die Fastenzeit, eine Zeit der Bu\u00dfe und der Gel\u00fcbden. Heute geht es um die Gel\u00fcbden des Heiligen Franziskus, eine Sammlung von Episoden...","robots":{"index":"index","follow":"follow","max-snippet":"max-snippet:-1","max-image-preview":"max-image-preview:large","max-video-preview":"max-video-preview:-1"},"canonical":"https:\/\/blog.holyart.it\/de\/devotionalien\/die-geluebden-des-heiligen-franziskus-kurz-erklaert\/","og_locale":"de_DE","og_type":"article","og_title":"Die Gel\u00fcbden des Heiligen Franziskus kurz erkl\u00e4rt - Holyart.de Blog","og_description":"Die Fastenzeit, eine Zeit der Bu\u00dfe und der Gel\u00fcbden. Heute geht es um die Gel\u00fcbden des Heiligen Franziskus, eine Sammlung von Episoden...","og_url":"https:\/\/blog.holyart.it\/de\/devotionalien\/die-geluebden-des-heiligen-franziskus-kurz-erklaert\/","og_site_name":"Holyart.de Blog","article_published_time":"2024-02-07T09:00:29+00:00","og_image":[{"width":1000,"height":666,"url":"https:\/\/blog.holyart.it\/de\/wp-content\/uploads\/sites\/12\/2024\/01\/Die-Geluebden-des-Heiligen-Franziskus-kurz-erklaert.jpg","type":"image\/jpeg"}],"author":"Redazione","twitter_card":"summary_large_image","twitter_misc":{"Verfasst von":"Redazione","Gesch\u00e4tzte Lesezeit":"6\u00a0Minuten"},"schema":{"@context":"https:\/\/schema.org","@graph":[{"@type":"Article","@id":"https:\/\/blog.holyart.it\/de\/devotionalien\/die-geluebden-des-heiligen-franziskus-kurz-erklaert\/#article","isPartOf":{"@id":"https:\/\/blog.holyart.it\/de\/devotionalien\/die-geluebden-des-heiligen-franziskus-kurz-erklaert\/"},"author":{"name":"Redazione","@id":"https:\/\/blog.holyart.it\/de\/#\/schema\/person\/0a7b686e5af0f856ec1e390dd0baecda"},"headline":"Die Gel\u00fcbden des Heiligen Franziskus kurz erkl\u00e4rt","datePublished":"2024-02-07T09:00:29+00:00","mainEntityOfPage":{"@id":"https:\/\/blog.holyart.it\/de\/devotionalien\/die-geluebden-des-heiligen-franziskus-kurz-erklaert\/"},"wordCount":1039,"publisher":{"@id":"https:\/\/blog.holyart.it\/de\/#organization"},"image":{"@id":"https:\/\/blog.holyart.it\/de\/devotionalien\/die-geluebden-des-heiligen-franziskus-kurz-erklaert\/#primaryimage"},"thumbnailUrl":"https:\/\/blog.holyart.it\/de\/wp-content\/uploads\/sites\/12\/2024\/01\/Die-Geluebden-des-Heiligen-Franziskus-kurz-erklaert.jpg","articleSection":["Religion"],"inLanguage":"de"},{"@type":"WebPage","@id":"https:\/\/blog.holyart.it\/de\/devotionalien\/die-geluebden-des-heiligen-franziskus-kurz-erklaert\/","url":"https:\/\/blog.holyart.it\/de\/devotionalien\/die-geluebden-des-heiligen-franziskus-kurz-erklaert\/","name":"Die Gel\u00fcbden des Heiligen Franziskus kurz erkl\u00e4rt - Holyart.de Blog","isPartOf":{"@id":"https:\/\/blog.holyart.it\/de\/#website"},"primaryImageOfPage":{"@id":"https:\/\/blog.holyart.it\/de\/devotionalien\/die-geluebden-des-heiligen-franziskus-kurz-erklaert\/#primaryimage"},"image":{"@id":"https:\/\/blog.holyart.it\/de\/devotionalien\/die-geluebden-des-heiligen-franziskus-kurz-erklaert\/#primaryimage"},"thumbnailUrl":"https:\/\/blog.holyart.it\/de\/wp-content\/uploads\/sites\/12\/2024\/01\/Die-Geluebden-des-Heiligen-Franziskus-kurz-erklaert.jpg","datePublished":"2024-02-07T09:00:29+00:00","description":"Die Fastenzeit, eine Zeit der Bu\u00dfe und der Gel\u00fcbden. Heute geht es um die Gel\u00fcbden des Heiligen Franziskus, eine Sammlung von Episoden...","breadcrumb":{"@id":"https:\/\/blog.holyart.it\/de\/devotionalien\/die-geluebden-des-heiligen-franziskus-kurz-erklaert\/#breadcrumb"},"inLanguage":"de","potentialAction":[{"@type":"ReadAction","target":["https:\/\/blog.holyart.it\/de\/devotionalien\/die-geluebden-des-heiligen-franziskus-kurz-erklaert\/"]}]},{"@type":"ImageObject","inLanguage":"de","@id":"https:\/\/blog.holyart.it\/de\/devotionalien\/die-geluebden-des-heiligen-franziskus-kurz-erklaert\/#primaryimage","url":"https:\/\/blog.holyart.it\/de\/wp-content\/uploads\/sites\/12\/2024\/01\/Die-Geluebden-des-Heiligen-Franziskus-kurz-erklaert.jpg","contentUrl":"https:\/\/blog.holyart.it\/de\/wp-content\/uploads\/sites\/12\/2024\/01\/Die-Geluebden-des-Heiligen-Franziskus-kurz-erklaert.jpg","width":1000,"height":666,"caption":"Die Gel\u00fcbden des Heiligen Franziskus kurz erkl\u00e4rt"},{"@type":"BreadcrumbList","@id":"https:\/\/blog.holyart.it\/de\/devotionalien\/die-geluebden-des-heiligen-franziskus-kurz-erklaert\/#breadcrumb","itemListElement":[{"@type":"ListItem","position":1,"name":"Homepage","item":"https:\/\/blog.holyart.it\/de\/"},{"@type":"ListItem","position":2,"name":"Religion","item":"https:\/\/blog.holyart.it\/de\/devotionalien\/"},{"@type":"ListItem","position":3,"name":"Die Gel\u00fcbden des Heiligen Franziskus kurz erkl\u00e4rt"}]},{"@type":"WebSite","@id":"https:\/\/blog.holyart.it\/de\/#website","url":"https:\/\/blog.holyart.it\/de\/","name":"Holyart.de Blog","description":"Holyblog","publisher":{"@id":"https:\/\/blog.holyart.it\/de\/#organization"},"potentialAction":[{"@type":"SearchAction","target":{"@type":"EntryPoint","urlTemplate":"https:\/\/blog.holyart.it\/de\/?s={search_term_string}"},"query-input":{"@type":"PropertyValueSpecification","valueRequired":true,"valueName":"search_term_string"}}],"inLanguage":"de"},{"@type":"Organization","@id":"https:\/\/blog.holyart.it\/de\/#organization","name":"Holyart.de Blog","url":"https:\/\/blog.holyart.it\/de\/","logo":{"@type":"ImageObject","inLanguage":"de","@id":"https:\/\/blog.holyart.it\/de\/#\/schema\/logo\/image\/","url":"https:\/\/blog.holyart.it\/de\/wp-content\/uploads\/sites\/12\/2022\/12\/Holyart_Blog_Logo.jpg","contentUrl":"https:\/\/blog.holyart.it\/de\/wp-content\/uploads\/sites\/12\/2022\/12\/Holyart_Blog_Logo.jpg","width":300,"height":50,"caption":"Holyart.de Blog"},"image":{"@id":"https:\/\/blog.holyart.it\/de\/#\/schema\/logo\/image\/"}},{"@type":"Person","@id":"https:\/\/blog.holyart.it\/de\/#\/schema\/person\/0a7b686e5af0f856ec1e390dd0baecda","name":"Redazione","image":{"@type":"ImageObject","inLanguage":"de","@id":"https:\/\/blog.holyart.it\/de\/#\/schema\/person\/image\/","url":"https:\/\/secure.gravatar.com\/avatar\/f477da817f43e50d0af36abecd33e3edf826c68299714bdc1057dff3b113f516?s=96&d=mm&r=g","contentUrl":"https:\/\/secure.gravatar.com\/avatar\/f477da817f43e50d0af36abecd33e3edf826c68299714bdc1057dff3b113f516?s=96&d=mm&r=g","caption":"Redazione"}}]}},"_links":{"self":[{"href":"https:\/\/blog.holyart.it\/de\/wp-json\/wp\/v2\/posts\/3573","targetHints":{"allow":["GET"]}}],"collection":[{"href":"https:\/\/blog.holyart.it\/de\/wp-json\/wp\/v2\/posts"}],"about":[{"href":"https:\/\/blog.holyart.it\/de\/wp-json\/wp\/v2\/types\/post"}],"author":[{"embeddable":true,"href":"https:\/\/blog.holyart.it\/de\/wp-json\/wp\/v2\/users\/1"}],"replies":[{"embeddable":true,"href":"https:\/\/blog.holyart.it\/de\/wp-json\/wp\/v2\/comments?post=3573"}],"version-history":[{"count":8,"href":"https:\/\/blog.holyart.it\/de\/wp-json\/wp\/v2\/posts\/3573\/revisions"}],"predecessor-version":[{"id":3586,"href":"https:\/\/blog.holyart.it\/de\/wp-json\/wp\/v2\/posts\/3573\/revisions\/3586"}],"wp:featuredmedia":[{"embeddable":true,"href":"https:\/\/blog.holyart.it\/de\/wp-json\/wp\/v2\/media\/3579"}],"wp:attachment":[{"href":"https:\/\/blog.holyart.it\/de\/wp-json\/wp\/v2\/media?parent=3573"}],"wp:term":[{"taxonomy":"category","embeddable":true,"href":"https:\/\/blog.holyart.it\/de\/wp-json\/wp\/v2\/categories?post=3573"},{"taxonomy":"post_tag","embeddable":true,"href":"https:\/\/blog.holyart.it\/de\/wp-json\/wp\/v2\/tags?post=3573"}],"curies":[{"name":"wp","href":"https:\/\/api.w.org\/{rel}","templated":true}]}}