{"id":3561,"date":"2024-02-12T10:00:48","date_gmt":"2024-02-12T09:00:48","guid":{"rendered":"https:\/\/blog.holyart.it\/de\/?p=3561"},"modified":"2025-01-24T15:36:48","modified_gmt":"2025-01-24T14:36:48","slug":"das-gesicht-jesu-die-rekonstruktion-seines-wahren-aussehens","status":"publish","type":"post","link":"https:\/\/blog.holyart.it\/de\/devotionalien\/das-gesicht-jesu-die-rekonstruktion-seines-wahren-aussehens\/","title":{"rendered":"Das Gesicht Jesu: Die Rekonstruktion seines wahren Aussehens"},"content":{"rendered":"<h4><em>Welches war das wahre Gesicht von Jesus? Zu welcher ethnischen Gruppe geh\u00f6rte er? Eine Frage, die Gelehrte und Theologen seit zweitausend Jahren fasziniert und spaltet<\/em><\/h4>\n<p>Wenn wir ein Kind fragen w\u00fcrden, wie Jesus aussah, w\u00fcrde es nicht das geringste Z\u00f6gern haben: Jesus war gro\u00df und schlank, hatte helle Haut, ein l\u00e4chelndes Gesicht, langes braunes Haar, das an den Seiten seines Gesichts herunterlief, und blaue Augen. Nat\u00fcrlich nur, wenn wir ein europ\u00e4isches Kind fragen w\u00fcrden. Wenn wir die gleiche Frage einem afrikanischen oder chinesischen Kind stellen w\u00fcrden, h\u00e4tten wir wahrscheinlich <strong>eine ganz andere Vorstellung von Jesu Gesicht<\/strong>, mit schwarzer Haut oder mandelf\u00f6rmigen Augen. Das liegt daran, dass Jesu k\u00f6rperliche Erscheinung, seine somatischen Merkmale, nicht durch ein bestimmtes Zeugnis belegt sind. Einfach ausgedr\u00fcckt: Keiner der Evangelisten, die ihn pers\u00f6nlich kannten, <strong>hat sich die M\u00fche gemacht, sein Aussehen zu beschreiben<\/strong>. Im gesamten Neuen Testament gibt es keine Beschreibung der k\u00f6rperlichen Erscheinung Jesu, geschweige denn einen Hinweis auf seine ethnische Herkunft.<\/p>\n<p>Aus diesem Grund hat die Ikonographie Christi im Laufe der Jahrhunderte zahllose Entwicklungen durchlaufen, die zumeist von subjektiven Interpretationen, kulturellen Stereotypen und dem Wunsch diktiert wurden, das Erscheinungsbild des Gottessohns mit einem \u00e4sthetischen Ideal zu vereinheitlichen, das dem in einer bestimmten historischen Zeit und Kultur am meisten gesch\u00e4tzten entsprach.\u00a0 Wie die hypothetischen Kinder, die nach dem Gesicht Jesu befragt wurden, ist das Bild Jesu f\u00fcr uns alle das Ergebnis eines mentalen Bildes, das sich aus der Weitergabe von <strong>k\u00fcnstlerischen Vorschl\u00e4gen<\/strong>, Illustrationen, <strong><a href=\"https:\/\/www.holyart.de\/devotionalien\/statuen\/statuen-aus-resin-und-pvc?page=1&amp;params=%257B%2522offset%2522%3A0%2C%2522limit%2522%3A60%2C%2522filters%2522%3A%255B%255D%2C%2522sorter%2522%3A%2522YEAR_BEST_SELLERS%2522%2C%2522categoryIds%2522%3A%255B108438%255D%2C%2522filtersByIds%2522%3A%255B%257B%2522key%2522%3A41%2C%2522values%2522%3A%255B1272%255D%257D%255D%257D&amp;_gl=1*qdiyxu*_gcl_au*MjEzMjgwNzUyLjE3MDI1NjUxODE.*_ga*MTQ4NzE4MjM0Mi4xNjk0Nzg4MTQz*_ga_W18MV136NH*MTcwNTQ3ODkyNC4yNDkuMS4xNzA1NDgwNDU5LjAuMC4w\">Statuen<\/a><\/strong>, <strong><a href=\"https:\/\/www.holyart.de\/devotionalien\/poster-und-bilder?page=1&amp;params=%257B%2522offset%2522%3A0%2C%2522limit%2522%3A60%2C%2522filters%2522%3A%255B%255D%2C%2522sorter%2522%3A%2522YEAR_BEST_SELLERS%2522%2C%2522categoryIds%2522%3A%255B106%255D%2C%2522filtersByIds%2522%3A%255B%257B%2522key%2522%3A22%2C%2522values%2522%3A%255B1160%255D%257D%255D%257D&amp;_gl=1*f10sx2*_gcl_au*MjEzMjgwNzUyLjE3MDI1NjUxODE.*_ga*MTQ4NzE4MjM0Mi4xNjk0Nzg4MTQz*_ga_W18MV136NH*MTcwNTQ3ODkyNC4yNDkuMS4xNzA1NDgwNDY3LjAuMC4w\">Gem\u00e4lden<\/a><\/strong>, aber auch filmischen Interpretationen ergibt, die von Stereotypen bestimmt werden, die nichts mit dem historischen Jesus zu tun haben.<\/p>\n<div class=\"link-product\">\n<div class=\"blocco-immagine\"><img loading=\"lazy\" decoding=\"async\" class=\"size-full wp-image-3563 alignleft\" src=\"https:\/\/blog.holyart.it\/de\/wp-content\/uploads\/sites\/12\/2024\/01\/Poster-un-Bilder.jpg\" alt=\"Poster un Bilder\" width=\"100\" height=\"100\" data-kale-share-title=\"Das Gesicht Jesu: Die Rekonstruktion seines wahren Aussehens\" data-kale-share-url=\"https:\/\/blog.holyart.it\/de\/?p=3561\" \/><\/div>\n<div class=\"blocco-contenuto\">\n<div class=\"blocco-acquista\">Einkaufen:<\/div>\n<div class=\"blocco-titolo\"><a href=\"https:\/\/www.holyart.de\/devotionalien\/poster-und-bilder?page=1&amp;params=%257B%2522offset%2522%3A0%2C%2522limit%2522%3A60%2C%2522filters%2522%3A%255B%255D%2C%2522sorter%2522%3A%2522YEAR_BEST_SELLERS%2522%2C%2522categoryIds%2522%3A%255B106%255D%2C%2522filtersByIds%2522%3A%255B%257B%2522key%2522%3A22%2C%2522values%2522%3A%255B1160%255D%257D%255D%257D&amp;_gl=1*f10sx2*_gcl_au*MjEzMjgwNzUyLjE3MDI1NjUxODE.*_ga*MTQ4NzE4MjM0Mi4xNjk0Nzg4MTQz*_ga_W18MV136NH*MTcwNTQ3ODkyNC4yNDkuMS4xNzA1NDgwNDY3LjAuMC4w\">Poster und Bilder<\/a><\/div>\n<div class=\"blocco-descrizione\">Auswahl an Heiligenbildern sowie Bilder mit religi\u00f6sen Motiven<\/div>\n<\/div>\n<\/div>\n<h2>Die Ikonographie von Jesus<\/h2>\n<p>Es ist faszinierend, die Entwicklung der Ikonographie Jesu in der Geschichte der sakralen Kunst zu studieren, nicht so sehr, um zu erforschen, wie der Messias wirklich aussah, sondern um zu verstehen, wie sich das Christentum parallel zur Gestalt seines Inspirators entwickelte und ver\u00e4nderte.<\/p>\n<p>In den Evangelien wird, wie gesagt, das Aussehen Jesu nicht erw\u00e4hnt, obwohl wir davon ausgehen, dass er Jude war, wie auch seine J\u00fcnger. Und Juden war es verboten, das Antlitz Gottes abzubilden. Die ersten Christen, die das Bed\u00fcrfnis hatten, Jesus abzubilden, waren wahrscheinlich dieselben, die sich in den Katakomben verstecken mussten, um ihren Glauben zu bekunden. Aus diesem Grund und wegen des Mangels an Beschreibungen, von denen sie sich inspirieren lassen konnten, stellten sie Christus durch <strong>Symbole und allegorische Bilder<\/strong> dar, ohne Anspruch auf \u00c4hnlichkeit.<\/p>\n<p>Erst als das Christentum zur <strong>offiziellen Religion des R\u00f6mischen Reiches<\/strong> wurde, begann man sich Gedanken dar\u00fcber zu machen, wie man Christus darstellen sollte. Interessanterweise musste Jesus nach Ansicht <strong>der griechischen Kirchenv\u00e4ter<\/strong> <strong>h\u00e4sslich<\/strong> und seine Sch\u00f6nheit ausschlie\u00dflich g\u00f6ttlich sein, w\u00e4hrend er f\u00fcr die Lateiner, wie den heiligen Hieronymus und Augustinus von Hippo, eine <strong>sch\u00f6ne Erscheinung<\/strong> hatte, die seine innere und geistige Vollkommenheit widerspiegelte.<\/p>\n<p>Im Laufe der Zeit mehrten sich die Beschreibungen, die einen Wahrheitsanspruch erhoben, sei es, weil sie von <strong>Visionen<\/strong> inspiriert waren, in denen sich Jesus eher mit dem einen als mit dem anderen Aussehen gezeigt haben soll, sei es, weil sie durch die Entdeckung von nicht von <strong>Menschenhand geschaffenen Bildern <\/strong>(<em>acherotipa<\/em>) wie dem <strong>Mandylion<\/strong> oder dem Bild von Edessa, das von den Christen des Ostens verehrt wurde, oder von <a href=\"https:\/\/www.holyart.de\/kirchenbedarf\/monstranzen-und-reliquiare-aus-metall\/monstranzen-und-reliquiare?page=1&amp;_gl=1*y7kmsb*_gcl_au*MjEzMjgwNzUyLjE3MDI1NjUxODE.*_ga*MTQ4NzE4MjM0Mi4xNjk0Nzg4MTQz*_ga_W18MV136NH*MTcwNTQ3ODkyNC4yNDkuMS4xNzA1NDgwOTk2LjAuMC4w\"><strong>Reliquien<\/strong><\/a> wie dem <strong>Schleier der Veronika<\/strong>, auf dem das wahre Gesicht Jesu eingepr\u00e4gt gewesen sein soll, erh\u00e4rtet wurden. Diese Art von Beweisen hat dazu gef\u00fchrt, dass sich die Darstellung von Jesus <strong>mit Bart und langem Haar<\/strong> bis zum 4. Jh. n.Ch. durchgesetzt hat. Er wurde gew\u00f6hnlich als <strong>jung und bartlos<\/strong> dargestellt. Interessanterweise konnte Jesus laut Paulus keine <strong>langen Haare<\/strong> tragen, da dies zu seiner Zeit als unschicklich galt.<\/p>\n<div class=\"link-product\">\n<div class=\"blocco-immagine\">\n<p><img loading=\"lazy\" decoding=\"async\" class=\"wp-image-3569 size-full\" src=\"https:\/\/blog.holyart.it\/de\/wp-content\/uploads\/sites\/12\/2024\/01\/Aufstieg-zum-Kalvarienberg-Jesus-ein-Samariter-und-Veronika.jpg\" alt=\"Aufstieg zum Kalvarienberg, Jesus, ein Samariter und Veronika\" width=\"100\" height=\"100\" data-kale-share-title=\"Das Gesicht Jesu: Die Rekonstruktion seines wahren Aussehens\" data-kale-share-url=\"https:\/\/blog.holyart.it\/de\/?p=3561\" \/><\/p>\n<\/div>\n<div class=\"blocco-contenuto\">\n<div class=\"blocco-acquista\">Einkaufen:<\/div>\n<div class=\"blocco-titolo\"><a href=\"https:\/\/www.holyart.de\/besondere-anlasse\/passionskrippe\/aufstieg-zum-kalvarienberg-jesus-ein-samariter-und-veronika-fur-15-cm-krippe?_gl=1*4t29k3*_gcl_au*MjEzMjgwNzUyLjE3MDI1NjUxODE.*_ga*MTQ4NzE4MjM0Mi4xNjk0Nzg4MTQz*_ga_W18MV136NH*MTcwNTQ3ODkyNC4yNDkuMS4xNzA1NDgyOTI4LjAuMC4w\">Aufstieg zum Kalvarienberg, Jesus, ein Samariter und Veronika<\/a><\/div>\n<div class=\"blocco-descrizione\">Resin, handbemalt, f\u00fcr eine 15 cm Krippe geeignet.<\/div>\n<\/div>\n<\/div>\n<p>In der <strong>byzantinischen Zeit<\/strong> wird Jesus gew\u00f6hnlich in <strong>Herrlichkeit und im Triumph<\/strong> als Christus Pantokrator dargestellt. Ebenfalls weit verbreitet, insbesondere auf Ikonen, ist die Ikonographie der<a href=\"https:\/\/www.holyart.de\/blog\/devotionalien\/die-verklaerung-jesu\/\"><strong> Verkl\u00e4rung Jesu<\/strong><\/a>. Die <strong>ikonoklastische Wut<\/strong>, die die Darstellung von Christus verurteilte, f\u00fchrte im Osten zwischen dem 8. und 9. Im Westen hingegen wird die Gestalt Jesu nicht als strenger und richtender Herrscher dargestellt, sondern, dank des <strong>Einflusses der Franziskaner<\/strong>, in seiner <strong>Menschlichkeit und Demut<\/strong>, von der Geburt bis zur Kreuzigung. Mit <strong>Giotto<\/strong> und sp\u00e4ter mit den gro\u00dfen Meistern der <strong>Renaissance<\/strong> werden die westlichen K\u00fcnstler zu einem <strong>gr\u00f6\u00dferen Realismus<\/strong> hingef\u00fchrt.<\/p>\n<div class=\"link-article\">\n<p><img loading=\"lazy\" decoding=\"async\" class=\"size-full wp-image-3565 alignleft\" src=\"https:\/\/blog.holyart.it\/de\/wp-content\/uploads\/sites\/12\/2024\/01\/Die-Verklarung-Jesu.jpg\" alt=\"Die Verklarung Jesu\" width=\"150\" height=\"99\" data-kale-share-title=\"Das Gesicht Jesu: Die Rekonstruktion seines wahren Aussehens\" data-kale-share-url=\"https:\/\/blog.holyart.it\/de\/?p=3561\" \/><\/p>\n<div class=\"leggi-anche\">Lesen Sie auch:<\/div>\n<p><strong><a href=\"https:\/\/www.holyart.de\/blog\/devotionalien\/die-verklaerung-jesu\/\">Die Verkl\u00e4rung Jesu<\/a><\/strong><br \/>\nDie Verkl\u00e4rung Jesu wird am 6. August gefeiert, vierzig Tage vor der Erh\u00f6hung des Heiligen Kreuzes, dem Gedenken an die Kreuzigung. Was bedeutet Verkl\u00e4rung? Was wird gefeiert?<\/p>\n<\/div>\n<p>Man begann, <strong>kanonische Darstellungsmodelle<\/strong> zu definieren, sowohl f\u00fcr das Jesuskind in den Armen der Madonna als auch f\u00fcr den erwachsenen Jesus, der sein langes Haar offen tr\u00e4gt, seine Tunika und seinen Mantel und w\u00e4hrend der Passion nur ein Tuch, das seine H\u00fcften bedeckt. Eine Ikonographie, die sich durch die Geschichte der abendl\u00e4ndischen Kunst zieht und sie seit Jahrhunderten durchdringt.<\/p>\n<h2>Der wahre Name Jesu<\/h2>\n<p>Ein weiteres, alles andere als offensichtliches Element, das Gelehrte und Theologen im Laufe der Jahrhunderte gespalten hat, ist <strong>der wahre Name Jesu<\/strong>. Denn in der Heiligen Schrift wird er neben dem Namen, den wir alle kennen, oft auch mit <strong>Titeln und Bezeichnungen<\/strong> bezeichnet.<\/p>\n<p>Der im Neuen Testament am h\u00e4ufigsten verwendete Name, der als <strong>der wahre Name Jesu<\/strong> gilt, ist \u1f38\u03b7\u03c3\u03bf\u1fe6\u03c2, der im Lateinischen zu Iesus und im Deutsch zu <strong>Jesus<\/strong> wird. Er leitet sich von der Transliteration des aram\u00e4ischen Y\u0113\u0161\u016ba&#8216; ab, das sich wiederum vom hebr\u00e4ischen Y\u0115ho\u0161\u016ba&#8216; ableitet, was \u201eGott-YAH (ist) das Heil\u201c bedeutet.<\/p>\n<p>Die Bezeichnung <strong>Christus<\/strong> (X\u03c1\u03b9\u03c3\u03c4\u03cc\u03c2, Christ\u00f2s) kommt in der Heiligen Schrift ebenfalls sehr h\u00e4ufig vor, und zwar als Ehrentitel f\u00fcr Jesus. Sie stammt aus dem Griechischen und bedeutet \u201egesalbter\u201c und bezieht sich auf die Tradition, dass die K\u00f6nige Israels mit duftenden, heiligen \u00d6len gesalbt werden sollten. Durch diese Bezeichnung wird Jesus als \u201eAuserw\u00e4hlter\u201c, \u201egesalbter\u201c, als der vom j\u00fcdischen Volk lang erwartete Messias anerkannt.<\/p>\n<div class=\"link-product\">\n<div class=\"blocco-immagine\"><img loading=\"lazy\" decoding=\"async\" class=\"size-full wp-image-3566 alignleft\" src=\"https:\/\/blog.holyart.it\/de\/wp-content\/uploads\/sites\/12\/2024\/01\/barmherziger-jesus-bild-mit-unterlager-15x10cm.jpg\" alt=\"Barmherziger Jesus Bild mit Unterlager 15x10cm\" width=\"100\" height=\"100\" data-kale-share-title=\"Das Gesicht Jesu: Die Rekonstruktion seines wahren Aussehens\" data-kale-share-url=\"https:\/\/blog.holyart.it\/de\/?p=3561\" \/><\/div>\n<div class=\"blocco-contenuto\">\n<div class=\"blocco-acquista\">Einkaufen:<\/div>\n<div class=\"blocco-titolo\"><a href=\"https:\/\/www.holyart.de\/devotionalien\/poster-und-bilder\/barmherziger-jesus-bild-mit-unterlager-15x10cm?_gl=1*1nzco7c*_gcl_au*MjEzMjgwNzUyLjE3MDI1NjUxODE.*_ga*MTQ4NzE4MjM0Mi4xNjk0Nzg4MTQz*_ga_W18MV136NH*MTcwNTQ3ODkyNC4yNDkuMS4xNzA1NDgxNzQyLjAuMC4w\">Barmherziger Jesus Bild mit Unterlager 15x10cm<\/a><\/div>\n<div class=\"blocco-descrizione\">Hochaufl\u00f6send Tafelbild, von italienische Handwerker realisiert.<\/div>\n<\/div>\n<\/div>\n<p>Die Ehrendefinition Jesu als <strong>Herr<\/strong> geht ebenfalls auf das Neue Testament zur\u00fcck: das griechische Wort, das aus dem aram\u00e4ischen \u201emara\u201c stammt, von dem sich der vollst\u00e4ndige Titel \u201eunser Herr Jesus Christus\u201c ableitet.<\/p>\n<p>Die Bezeichnungen <strong>Nazor\u00e4er<\/strong> und <strong>Nazarener<\/strong> weisen beide auf die Herkunft Jesu aus der Stadt Nazareth hin, wobei sich die erste Bezeichnung vielleicht auf ein Weihegel\u00fcbde der Nazarener bezieht, die ihr Haar lang trugen. Dies w\u00fcrde die Ikonographie Jesu rechtfertigen, der immer mit wallendem Haar dargestellt wird, obwohl es zu seiner Zeit als unehrenhaft galt, es so zu tragen.<\/p>\n<p>Schlie\u00dflich ist unter den vielen Namen und Bezeichnungen Jesu auch der <strong>K\u00f6nig der Juden<\/strong> zu nennen, der auf dem von Pontius Pilatus am Kreuz angebrachten <em>titulus crucis<\/em> verzeichnet ist. Die Juden warteten auf einen Messias, einen Erben des Throns von K\u00f6nig David, und die Evangelisten Matth\u00e4us und Lukas berichteten eine Genealogie, die diese Abstammung best\u00e4tigen und das k\u00f6nigliche Recht Jesu beanspruchen sollte.<\/p>\n","protected":false},"excerpt":{"rendered":"<p>Welches war das wahre Gesicht von Jesus? Zu welcher ethnischen Gruppe geh\u00f6rte er? Eine Frage, die Gelehrte und Theologen seit zweitausend Jahren fasziniert und spaltet Wenn wir ein Kind fragen w\u00fcrden, wie Jesus aussah, w\u00fcrde es nicht das geringste Z\u00f6gern haben: Jesus war gro\u00df und&hellip;<\/p>\n","protected":false},"author":1,"featured_media":3568,"comment_status":"closed","ping_status":"open","sticky":false,"template":"","format":"standard","meta":{"_acf_changed":false,"footnotes":""},"categories":[10],"tags":[],"class_list":["post-3561","post","type-post","status-publish","format-standard","has-post-thumbnail","hentry","category-devotionalien"],"acf":[],"yoast_head":"<!-- This site is optimized with the Yoast SEO plugin v26.6 - https:\/\/yoast.com\/wordpress\/plugins\/seo\/ -->\n<title>Das Gesicht Jesu: Die Rekonstruktion seines wahren Aussehens - Holyart.de Blog<\/title>\n<meta name=\"description\" content=\"Wie sah Jesus aus? Welcher Ethnie geh\u00f6rte er an, war er hellh\u00e4utig oder dunkelh\u00e4utig? Hier lesen Sie, wie sich das Gesicht von Jesus in...\" \/>\n<meta name=\"robots\" content=\"index, follow, max-snippet:-1, max-image-preview:large, max-video-preview:-1\" \/>\n<link rel=\"canonical\" href=\"https:\/\/blog.holyart.it\/de\/devotionalien\/das-gesicht-jesu-die-rekonstruktion-seines-wahren-aussehens\/\" \/>\n<meta property=\"og:locale\" content=\"de_DE\" \/>\n<meta property=\"og:type\" content=\"article\" \/>\n<meta property=\"og:title\" content=\"Das Gesicht Jesu: Die Rekonstruktion seines wahren Aussehens - Holyart.de Blog\" \/>\n<meta property=\"og:description\" content=\"Wie sah Jesus aus? Welcher Ethnie geh\u00f6rte er an, war er hellh\u00e4utig oder dunkelh\u00e4utig? Hier lesen Sie, wie sich das Gesicht von Jesus in...\" \/>\n<meta property=\"og:url\" content=\"https:\/\/blog.holyart.it\/de\/devotionalien\/das-gesicht-jesu-die-rekonstruktion-seines-wahren-aussehens\/\" \/>\n<meta property=\"og:site_name\" content=\"Holyart.de Blog\" \/>\n<meta property=\"article:published_time\" content=\"2024-02-12T09:00:48+00:00\" \/>\n<meta property=\"article:modified_time\" content=\"2025-01-24T14:36:48+00:00\" \/>\n<meta property=\"og:image\" content=\"https:\/\/blog.holyart.it\/de\/wp-content\/uploads\/sites\/12\/2024\/01\/Das-Gesicht-Jesu-Die-Rekonstruktion-seines-wahren-Aussehens.jpeg\" \/>\n\t<meta property=\"og:image:width\" content=\"1188\" \/>\n\t<meta property=\"og:image:height\" content=\"666\" \/>\n\t<meta property=\"og:image:type\" content=\"image\/jpeg\" \/>\n<meta name=\"author\" content=\"Redazione\" \/>\n<meta name=\"twitter:card\" content=\"summary_large_image\" \/>\n<meta name=\"twitter:label1\" content=\"Verfasst von\" \/>\n\t<meta name=\"twitter:data1\" content=\"Redazione\" \/>\n\t<meta name=\"twitter:label2\" content=\"Gesch\u00e4tzte Lesezeit\" \/>\n\t<meta name=\"twitter:data2\" content=\"8\u00a0Minuten\" \/>\n<script type=\"application\/ld+json\" class=\"yoast-schema-graph\">{\"@context\":\"https:\/\/schema.org\",\"@graph\":[{\"@type\":\"Article\",\"@id\":\"https:\/\/blog.holyart.it\/de\/devotionalien\/das-gesicht-jesu-die-rekonstruktion-seines-wahren-aussehens\/#article\",\"isPartOf\":{\"@id\":\"https:\/\/blog.holyart.it\/de\/devotionalien\/das-gesicht-jesu-die-rekonstruktion-seines-wahren-aussehens\/\"},\"author\":{\"name\":\"Redazione\",\"@id\":\"https:\/\/blog.holyart.it\/de\/#\/schema\/person\/0a7b686e5af0f856ec1e390dd0baecda\"},\"headline\":\"Das Gesicht Jesu: Die Rekonstruktion seines wahren Aussehens\",\"datePublished\":\"2024-02-12T09:00:48+00:00\",\"dateModified\":\"2025-01-24T14:36:48+00:00\",\"mainEntityOfPage\":{\"@id\":\"https:\/\/blog.holyart.it\/de\/devotionalien\/das-gesicht-jesu-die-rekonstruktion-seines-wahren-aussehens\/\"},\"wordCount\":1218,\"publisher\":{\"@id\":\"https:\/\/blog.holyart.it\/de\/#organization\"},\"image\":{\"@id\":\"https:\/\/blog.holyart.it\/de\/devotionalien\/das-gesicht-jesu-die-rekonstruktion-seines-wahren-aussehens\/#primaryimage\"},\"thumbnailUrl\":\"https:\/\/blog.holyart.it\/de\/wp-content\/uploads\/sites\/12\/2024\/01\/Das-Gesicht-Jesu-Die-Rekonstruktion-seines-wahren-Aussehens.jpeg\",\"articleSection\":[\"Religion\"],\"inLanguage\":\"de\"},{\"@type\":\"WebPage\",\"@id\":\"https:\/\/blog.holyart.it\/de\/devotionalien\/das-gesicht-jesu-die-rekonstruktion-seines-wahren-aussehens\/\",\"url\":\"https:\/\/blog.holyart.it\/de\/devotionalien\/das-gesicht-jesu-die-rekonstruktion-seines-wahren-aussehens\/\",\"name\":\"Das Gesicht Jesu: Die Rekonstruktion seines wahren Aussehens - Holyart.de Blog\",\"isPartOf\":{\"@id\":\"https:\/\/blog.holyart.it\/de\/#website\"},\"primaryImageOfPage\":{\"@id\":\"https:\/\/blog.holyart.it\/de\/devotionalien\/das-gesicht-jesu-die-rekonstruktion-seines-wahren-aussehens\/#primaryimage\"},\"image\":{\"@id\":\"https:\/\/blog.holyart.it\/de\/devotionalien\/das-gesicht-jesu-die-rekonstruktion-seines-wahren-aussehens\/#primaryimage\"},\"thumbnailUrl\":\"https:\/\/blog.holyart.it\/de\/wp-content\/uploads\/sites\/12\/2024\/01\/Das-Gesicht-Jesu-Die-Rekonstruktion-seines-wahren-Aussehens.jpeg\",\"datePublished\":\"2024-02-12T09:00:48+00:00\",\"dateModified\":\"2025-01-24T14:36:48+00:00\",\"description\":\"Wie sah Jesus aus? Welcher Ethnie geh\u00f6rte er an, war er hellh\u00e4utig oder dunkelh\u00e4utig? Hier lesen Sie, wie sich das Gesicht von Jesus in...\",\"breadcrumb\":{\"@id\":\"https:\/\/blog.holyart.it\/de\/devotionalien\/das-gesicht-jesu-die-rekonstruktion-seines-wahren-aussehens\/#breadcrumb\"},\"inLanguage\":\"de\",\"potentialAction\":[{\"@type\":\"ReadAction\",\"target\":[\"https:\/\/blog.holyart.it\/de\/devotionalien\/das-gesicht-jesu-die-rekonstruktion-seines-wahren-aussehens\/\"]}]},{\"@type\":\"ImageObject\",\"inLanguage\":\"de\",\"@id\":\"https:\/\/blog.holyart.it\/de\/devotionalien\/das-gesicht-jesu-die-rekonstruktion-seines-wahren-aussehens\/#primaryimage\",\"url\":\"https:\/\/blog.holyart.it\/de\/wp-content\/uploads\/sites\/12\/2024\/01\/Das-Gesicht-Jesu-Die-Rekonstruktion-seines-wahren-Aussehens.jpeg\",\"contentUrl\":\"https:\/\/blog.holyart.it\/de\/wp-content\/uploads\/sites\/12\/2024\/01\/Das-Gesicht-Jesu-Die-Rekonstruktion-seines-wahren-Aussehens.jpeg\",\"width\":1188,\"height\":666,\"caption\":\"Das Gesicht Jesu: Die Rekonstruktion seines wahren Aussehens\"},{\"@type\":\"BreadcrumbList\",\"@id\":\"https:\/\/blog.holyart.it\/de\/devotionalien\/das-gesicht-jesu-die-rekonstruktion-seines-wahren-aussehens\/#breadcrumb\",\"itemListElement\":[{\"@type\":\"ListItem\",\"position\":1,\"name\":\"Homepage\",\"item\":\"https:\/\/blog.holyart.it\/de\/\"},{\"@type\":\"ListItem\",\"position\":2,\"name\":\"Religion\",\"item\":\"https:\/\/blog.holyart.it\/de\/devotionalien\/\"},{\"@type\":\"ListItem\",\"position\":3,\"name\":\"Das Gesicht Jesu: Die Rekonstruktion seines wahren Aussehens\"}]},{\"@type\":\"WebSite\",\"@id\":\"https:\/\/blog.holyart.it\/de\/#website\",\"url\":\"https:\/\/blog.holyart.it\/de\/\",\"name\":\"Holyart.de Blog\",\"description\":\"Holyblog\",\"publisher\":{\"@id\":\"https:\/\/blog.holyart.it\/de\/#organization\"},\"potentialAction\":[{\"@type\":\"SearchAction\",\"target\":{\"@type\":\"EntryPoint\",\"urlTemplate\":\"https:\/\/blog.holyart.it\/de\/?s={search_term_string}\"},\"query-input\":{\"@type\":\"PropertyValueSpecification\",\"valueRequired\":true,\"valueName\":\"search_term_string\"}}],\"inLanguage\":\"de\"},{\"@type\":\"Organization\",\"@id\":\"https:\/\/blog.holyart.it\/de\/#organization\",\"name\":\"Holyart.de Blog\",\"url\":\"https:\/\/blog.holyart.it\/de\/\",\"logo\":{\"@type\":\"ImageObject\",\"inLanguage\":\"de\",\"@id\":\"https:\/\/blog.holyart.it\/de\/#\/schema\/logo\/image\/\",\"url\":\"https:\/\/blog.holyart.it\/de\/wp-content\/uploads\/sites\/12\/2022\/12\/Holyart_Blog_Logo.jpg\",\"contentUrl\":\"https:\/\/blog.holyart.it\/de\/wp-content\/uploads\/sites\/12\/2022\/12\/Holyart_Blog_Logo.jpg\",\"width\":300,\"height\":50,\"caption\":\"Holyart.de Blog\"},\"image\":{\"@id\":\"https:\/\/blog.holyart.it\/de\/#\/schema\/logo\/image\/\"}},{\"@type\":\"Person\",\"@id\":\"https:\/\/blog.holyart.it\/de\/#\/schema\/person\/0a7b686e5af0f856ec1e390dd0baecda\",\"name\":\"Redazione\",\"image\":{\"@type\":\"ImageObject\",\"inLanguage\":\"de\",\"@id\":\"https:\/\/blog.holyart.it\/de\/#\/schema\/person\/image\/\",\"url\":\"https:\/\/secure.gravatar.com\/avatar\/f477da817f43e50d0af36abecd33e3edf826c68299714bdc1057dff3b113f516?s=96&d=mm&r=g\",\"contentUrl\":\"https:\/\/secure.gravatar.com\/avatar\/f477da817f43e50d0af36abecd33e3edf826c68299714bdc1057dff3b113f516?s=96&d=mm&r=g\",\"caption\":\"Redazione\"}}]}<\/script>\n<!-- \/ Yoast SEO plugin. -->","yoast_head_json":{"title":"Das Gesicht Jesu: Die Rekonstruktion seines wahren Aussehens - Holyart.de Blog","description":"Wie sah Jesus aus? Welcher Ethnie geh\u00f6rte er an, war er hellh\u00e4utig oder dunkelh\u00e4utig? Hier lesen Sie, wie sich das Gesicht von Jesus in...","robots":{"index":"index","follow":"follow","max-snippet":"max-snippet:-1","max-image-preview":"max-image-preview:large","max-video-preview":"max-video-preview:-1"},"canonical":"https:\/\/blog.holyart.it\/de\/devotionalien\/das-gesicht-jesu-die-rekonstruktion-seines-wahren-aussehens\/","og_locale":"de_DE","og_type":"article","og_title":"Das Gesicht Jesu: Die Rekonstruktion seines wahren Aussehens - Holyart.de Blog","og_description":"Wie sah Jesus aus? Welcher Ethnie geh\u00f6rte er an, war er hellh\u00e4utig oder dunkelh\u00e4utig? Hier lesen Sie, wie sich das Gesicht von Jesus in...","og_url":"https:\/\/blog.holyart.it\/de\/devotionalien\/das-gesicht-jesu-die-rekonstruktion-seines-wahren-aussehens\/","og_site_name":"Holyart.de Blog","article_published_time":"2024-02-12T09:00:48+00:00","article_modified_time":"2025-01-24T14:36:48+00:00","og_image":[{"width":1188,"height":666,"url":"https:\/\/blog.holyart.it\/de\/wp-content\/uploads\/sites\/12\/2024\/01\/Das-Gesicht-Jesu-Die-Rekonstruktion-seines-wahren-Aussehens.jpeg","type":"image\/jpeg"}],"author":"Redazione","twitter_card":"summary_large_image","twitter_misc":{"Verfasst von":"Redazione","Gesch\u00e4tzte Lesezeit":"8\u00a0Minuten"},"schema":{"@context":"https:\/\/schema.org","@graph":[{"@type":"Article","@id":"https:\/\/blog.holyart.it\/de\/devotionalien\/das-gesicht-jesu-die-rekonstruktion-seines-wahren-aussehens\/#article","isPartOf":{"@id":"https:\/\/blog.holyart.it\/de\/devotionalien\/das-gesicht-jesu-die-rekonstruktion-seines-wahren-aussehens\/"},"author":{"name":"Redazione","@id":"https:\/\/blog.holyart.it\/de\/#\/schema\/person\/0a7b686e5af0f856ec1e390dd0baecda"},"headline":"Das Gesicht Jesu: Die Rekonstruktion seines wahren Aussehens","datePublished":"2024-02-12T09:00:48+00:00","dateModified":"2025-01-24T14:36:48+00:00","mainEntityOfPage":{"@id":"https:\/\/blog.holyart.it\/de\/devotionalien\/das-gesicht-jesu-die-rekonstruktion-seines-wahren-aussehens\/"},"wordCount":1218,"publisher":{"@id":"https:\/\/blog.holyart.it\/de\/#organization"},"image":{"@id":"https:\/\/blog.holyart.it\/de\/devotionalien\/das-gesicht-jesu-die-rekonstruktion-seines-wahren-aussehens\/#primaryimage"},"thumbnailUrl":"https:\/\/blog.holyart.it\/de\/wp-content\/uploads\/sites\/12\/2024\/01\/Das-Gesicht-Jesu-Die-Rekonstruktion-seines-wahren-Aussehens.jpeg","articleSection":["Religion"],"inLanguage":"de"},{"@type":"WebPage","@id":"https:\/\/blog.holyart.it\/de\/devotionalien\/das-gesicht-jesu-die-rekonstruktion-seines-wahren-aussehens\/","url":"https:\/\/blog.holyart.it\/de\/devotionalien\/das-gesicht-jesu-die-rekonstruktion-seines-wahren-aussehens\/","name":"Das Gesicht Jesu: Die Rekonstruktion seines wahren Aussehens - Holyart.de Blog","isPartOf":{"@id":"https:\/\/blog.holyart.it\/de\/#website"},"primaryImageOfPage":{"@id":"https:\/\/blog.holyart.it\/de\/devotionalien\/das-gesicht-jesu-die-rekonstruktion-seines-wahren-aussehens\/#primaryimage"},"image":{"@id":"https:\/\/blog.holyart.it\/de\/devotionalien\/das-gesicht-jesu-die-rekonstruktion-seines-wahren-aussehens\/#primaryimage"},"thumbnailUrl":"https:\/\/blog.holyart.it\/de\/wp-content\/uploads\/sites\/12\/2024\/01\/Das-Gesicht-Jesu-Die-Rekonstruktion-seines-wahren-Aussehens.jpeg","datePublished":"2024-02-12T09:00:48+00:00","dateModified":"2025-01-24T14:36:48+00:00","description":"Wie sah Jesus aus? Welcher Ethnie geh\u00f6rte er an, war er hellh\u00e4utig oder dunkelh\u00e4utig? Hier lesen Sie, wie sich das Gesicht von Jesus in...","breadcrumb":{"@id":"https:\/\/blog.holyart.it\/de\/devotionalien\/das-gesicht-jesu-die-rekonstruktion-seines-wahren-aussehens\/#breadcrumb"},"inLanguage":"de","potentialAction":[{"@type":"ReadAction","target":["https:\/\/blog.holyart.it\/de\/devotionalien\/das-gesicht-jesu-die-rekonstruktion-seines-wahren-aussehens\/"]}]},{"@type":"ImageObject","inLanguage":"de","@id":"https:\/\/blog.holyart.it\/de\/devotionalien\/das-gesicht-jesu-die-rekonstruktion-seines-wahren-aussehens\/#primaryimage","url":"https:\/\/blog.holyart.it\/de\/wp-content\/uploads\/sites\/12\/2024\/01\/Das-Gesicht-Jesu-Die-Rekonstruktion-seines-wahren-Aussehens.jpeg","contentUrl":"https:\/\/blog.holyart.it\/de\/wp-content\/uploads\/sites\/12\/2024\/01\/Das-Gesicht-Jesu-Die-Rekonstruktion-seines-wahren-Aussehens.jpeg","width":1188,"height":666,"caption":"Das Gesicht Jesu: Die Rekonstruktion seines wahren Aussehens"},{"@type":"BreadcrumbList","@id":"https:\/\/blog.holyart.it\/de\/devotionalien\/das-gesicht-jesu-die-rekonstruktion-seines-wahren-aussehens\/#breadcrumb","itemListElement":[{"@type":"ListItem","position":1,"name":"Homepage","item":"https:\/\/blog.holyart.it\/de\/"},{"@type":"ListItem","position":2,"name":"Religion","item":"https:\/\/blog.holyart.it\/de\/devotionalien\/"},{"@type":"ListItem","position":3,"name":"Das Gesicht Jesu: Die Rekonstruktion seines wahren Aussehens"}]},{"@type":"WebSite","@id":"https:\/\/blog.holyart.it\/de\/#website","url":"https:\/\/blog.holyart.it\/de\/","name":"Holyart.de Blog","description":"Holyblog","publisher":{"@id":"https:\/\/blog.holyart.it\/de\/#organization"},"potentialAction":[{"@type":"SearchAction","target":{"@type":"EntryPoint","urlTemplate":"https:\/\/blog.holyart.it\/de\/?s={search_term_string}"},"query-input":{"@type":"PropertyValueSpecification","valueRequired":true,"valueName":"search_term_string"}}],"inLanguage":"de"},{"@type":"Organization","@id":"https:\/\/blog.holyart.it\/de\/#organization","name":"Holyart.de Blog","url":"https:\/\/blog.holyart.it\/de\/","logo":{"@type":"ImageObject","inLanguage":"de","@id":"https:\/\/blog.holyart.it\/de\/#\/schema\/logo\/image\/","url":"https:\/\/blog.holyart.it\/de\/wp-content\/uploads\/sites\/12\/2022\/12\/Holyart_Blog_Logo.jpg","contentUrl":"https:\/\/blog.holyart.it\/de\/wp-content\/uploads\/sites\/12\/2022\/12\/Holyart_Blog_Logo.jpg","width":300,"height":50,"caption":"Holyart.de Blog"},"image":{"@id":"https:\/\/blog.holyart.it\/de\/#\/schema\/logo\/image\/"}},{"@type":"Person","@id":"https:\/\/blog.holyart.it\/de\/#\/schema\/person\/0a7b686e5af0f856ec1e390dd0baecda","name":"Redazione","image":{"@type":"ImageObject","inLanguage":"de","@id":"https:\/\/blog.holyart.it\/de\/#\/schema\/person\/image\/","url":"https:\/\/secure.gravatar.com\/avatar\/f477da817f43e50d0af36abecd33e3edf826c68299714bdc1057dff3b113f516?s=96&d=mm&r=g","contentUrl":"https:\/\/secure.gravatar.com\/avatar\/f477da817f43e50d0af36abecd33e3edf826c68299714bdc1057dff3b113f516?s=96&d=mm&r=g","caption":"Redazione"}}]}},"_links":{"self":[{"href":"https:\/\/blog.holyart.it\/de\/wp-json\/wp\/v2\/posts\/3561","targetHints":{"allow":["GET"]}}],"collection":[{"href":"https:\/\/blog.holyart.it\/de\/wp-json\/wp\/v2\/posts"}],"about":[{"href":"https:\/\/blog.holyart.it\/de\/wp-json\/wp\/v2\/types\/post"}],"author":[{"embeddable":true,"href":"https:\/\/blog.holyart.it\/de\/wp-json\/wp\/v2\/users\/1"}],"replies":[{"embeddable":true,"href":"https:\/\/blog.holyart.it\/de\/wp-json\/wp\/v2\/comments?post=3561"}],"version-history":[{"count":5,"href":"https:\/\/blog.holyart.it\/de\/wp-json\/wp\/v2\/posts\/3561\/revisions"}],"predecessor-version":[{"id":3572,"href":"https:\/\/blog.holyart.it\/de\/wp-json\/wp\/v2\/posts\/3561\/revisions\/3572"}],"wp:featuredmedia":[{"embeddable":true,"href":"https:\/\/blog.holyart.it\/de\/wp-json\/wp\/v2\/media\/3568"}],"wp:attachment":[{"href":"https:\/\/blog.holyart.it\/de\/wp-json\/wp\/v2\/media?parent=3561"}],"wp:term":[{"taxonomy":"category","embeddable":true,"href":"https:\/\/blog.holyart.it\/de\/wp-json\/wp\/v2\/categories?post=3561"},{"taxonomy":"post_tag","embeddable":true,"href":"https:\/\/blog.holyart.it\/de\/wp-json\/wp\/v2\/tags?post=3561"}],"curies":[{"name":"wp","href":"https:\/\/api.w.org\/{rel}","templated":true}]}}