{"id":351,"date":"2017-05-24T15:10:13","date_gmt":"2017-05-24T13:10:13","guid":{"rendered":"https:\/\/blog.holyart.it\/de\/?p=351"},"modified":"2018-02-08T12:45:24","modified_gmt":"2018-02-08T11:45:24","slug":"der-orden-der-barfus-karmeliten","status":"publish","type":"post","link":"https:\/\/blog.holyart.it\/de\/klostern\/der-orden-der-barfus-karmeliten\/","title":{"rendered":"Der Orden der Barfu\u00df-Karmeliten"},"content":{"rendered":"<p>Die <strong>Barfu<\/strong><strong>\u00df<\/strong><strong>-Karmeliten<\/strong> (oder Unbeschuhten Karmeliten) sind Nonnen, deren Leben Gott durch feierliche Gel\u00fcbde gewidmet ist. Der Orden wurde im Jahre 1560 von einer Gruppe von Nonnen nach der heiligen Teresa von Jesus, einer charismatischen Frau und religi\u00f6sen Figur, die ein neues Leben in die Karmelitische Ordnung einatmen wollte, durch die Wiederherstellung der alten Regeln und die Reform der Lebenswahlen gegr\u00fcndet. Zum Teil hat sie sich inspiriert von der Reform des Franziskaners Peter von Alcantara.<\/p>\n<p><strong>Die Unbeschuhten Karmeliten sind Kloster-Nonnen<\/strong>, die vor allem den kontemplativen Gebeten gewidmet sind. Die Spiritualit\u00e4t des Ordens ist stark der Figur der Maria gewidmet, die als ein Beispiel des Lebens in Kommunion und Hingabe betrachtet wird. Das Leben der Unbeschuhten Karmeliten wird durch spezifische Zeitpl\u00e4ne und Handlungen definiert, die die liturgische Zeit und die Arbeit im Haus, im Garten oder im Obstgarten markieren. Sie sind verpflichtet, ein Klima der Stille und des Gebets zu erhalten.<\/p>\n<p>Einige Kl\u00f6ster der Unbeschuhten Karmeliten produzieren k\u00f6stliche Marmeladen und andere Produkte aus Getreide und Obstg\u00e4rten. Diese Produkte, die im Laden des Klosters verkauft oder in einigen italienischen Gesch\u00e4ften verteilt werden, tragen zur Erhaltung und Verwaltung des Klosters selbst bei. Die Auswahl an <strong>exzellenten Rohstoffen und die nat<\/strong><strong>\u00fc<\/strong><strong>rliche und traditionelle Handwerkskunst<\/strong> erm\u00f6glicht\u00a0 eine breite Palette von Geschmacksrichtungen, um auch den anspruchsvollsten Gaumen befriedigen.<\/p>\n<p>Die <span style=\"color: #0000ff;\"><strong><a style=\"color: #0000ff;\" href=\"https:\/\/www.holyart.de\/kloster-produkte\/konfituren-marmeladen\">Marmeladen der Unbeschuhten Karmeliten<\/a><\/strong><\/span> werden mit Sorgfalt nach alten Rezepten hergestellt. Die Frucht wird gesammelt, behandelt und mit traditionellen Methoden gekocht, um ein leckeres und authentisches Ergebnis zu liefern. Die verschiedenen Marmeladen, die von den Unbeschuhten Karmeliten produziert werden, sind das Ergebnis traditioneller Methoden. Sie werden verantwortungsvoll produziert, ohne Zusatzstoffe und sind 100% nat\u00fcrlich. Eine gesunde und echte Spezialit\u00e4t, die auf alte und kostbare Aromen zur\u00fcckf\u00fchrt.<\/p>\n","protected":false},"excerpt":{"rendered":"<p>Die Barfu\u00df-Karmeliten (oder Unbeschuhten Karmeliten) sind Nonnen, deren Leben Gott durch feierliche Gel\u00fcbde gewidmet ist. Der Orden wurde im Jahre 1560 von einer Gruppe von Nonnen nach der heiligen Teresa von Jesus, einer charismatischen Frau und religi\u00f6sen Figur, die ein neues Leben in die Karmelitische&hellip;<\/p>\n","protected":false},"author":1,"featured_media":352,"comment_status":"closed","ping_status":"open","sticky":false,"template":"","format":"standard","meta":{"_acf_changed":false,"footnotes":""},"categories":[13],"tags":[],"class_list":["post-351","post","type-post","status-publish","format-standard","has-post-thumbnail","hentry","category-klostern"],"acf":[],"yoast_head":"<!-- This site is optimized with the Yoast SEO plugin v26.6 - https:\/\/yoast.com\/wordpress\/plugins\/seo\/ -->\n<title>Der Orden der Barfu\u00df-Karmeliten - Holyart.de Blog<\/title>\n<meta name=\"description\" content=\"Die Barfu\u00df-Karmeliten (oder Unbeschuhten Karmeliten) sind Nonnen, deren Leben Gott durch feierliche Gel\u00fcbde gewidmet ist. Der Orden wurde im Jahre 1560.\" \/>\n<meta name=\"robots\" content=\"index, follow, max-snippet:-1, max-image-preview:large, max-video-preview:-1\" \/>\n<link rel=\"canonical\" href=\"https:\/\/blog.holyart.it\/de\/klostern\/der-orden-der-barfus-karmeliten\/\" \/>\n<meta property=\"og:locale\" content=\"de_DE\" \/>\n<meta property=\"og:type\" content=\"article\" \/>\n<meta property=\"og:title\" content=\"Der Orden der Barfu\u00df-Karmeliten - Holyart.de Blog\" \/>\n<meta property=\"og:description\" content=\"Die Barfu\u00df-Karmeliten (oder Unbeschuhten Karmeliten) sind Nonnen, deren Leben Gott durch feierliche Gel\u00fcbde gewidmet ist. Der Orden wurde im Jahre 1560.\" \/>\n<meta property=\"og:url\" content=\"https:\/\/blog.holyart.it\/de\/klostern\/der-orden-der-barfus-karmeliten\/\" \/>\n<meta property=\"og:site_name\" content=\"Holyart.de Blog\" \/>\n<meta property=\"article:published_time\" content=\"2017-05-24T13:10:13+00:00\" \/>\n<meta property=\"article:modified_time\" content=\"2018-02-08T11:45:24+00:00\" \/>\n<meta property=\"og:image\" content=\"https:\/\/blog.holyart.it\/de\/wp-content\/uploads\/sites\/12\/2017\/06\/Der-Orden-der-Barfu\u00df-Karmeliten.jpg\" \/>\n\t<meta property=\"og:image:width\" content=\"1000\" \/>\n\t<meta property=\"og:image:height\" content=\"667\" \/>\n\t<meta property=\"og:image:type\" content=\"image\/jpeg\" \/>\n<meta name=\"author\" content=\"Redazione\" \/>\n<meta name=\"twitter:card\" content=\"summary_large_image\" \/>\n<meta name=\"twitter:label1\" content=\"Verfasst von\" \/>\n\t<meta name=\"twitter:data1\" content=\"Redazione\" \/>\n\t<meta name=\"twitter:label2\" content=\"Gesch\u00e4tzte Lesezeit\" \/>\n\t<meta name=\"twitter:data2\" content=\"1\u00a0Minute\" \/>\n<script type=\"application\/ld+json\" class=\"yoast-schema-graph\">{\"@context\":\"https:\/\/schema.org\",\"@graph\":[{\"@type\":\"Article\",\"@id\":\"https:\/\/blog.holyart.it\/de\/klostern\/der-orden-der-barfus-karmeliten\/#article\",\"isPartOf\":{\"@id\":\"https:\/\/blog.holyart.it\/de\/klostern\/der-orden-der-barfus-karmeliten\/\"},\"author\":{\"name\":\"Redazione\",\"@id\":\"https:\/\/blog.holyart.it\/de\/#\/schema\/person\/0a7b686e5af0f856ec1e390dd0baecda\"},\"headline\":\"Der Orden der Barfu\u00df-Karmeliten\",\"datePublished\":\"2017-05-24T13:10:13+00:00\",\"dateModified\":\"2018-02-08T11:45:24+00:00\",\"mainEntityOfPage\":{\"@id\":\"https:\/\/blog.holyart.it\/de\/klostern\/der-orden-der-barfus-karmeliten\/\"},\"wordCount\":297,\"publisher\":{\"@id\":\"https:\/\/blog.holyart.it\/de\/#organization\"},\"image\":{\"@id\":\"https:\/\/blog.holyart.it\/de\/klostern\/der-orden-der-barfus-karmeliten\/#primaryimage\"},\"thumbnailUrl\":\"https:\/\/blog.holyart.it\/de\/wp-content\/uploads\/sites\/12\/2017\/06\/Der-Orden-der-Barfu\u00df-Karmeliten.jpg\",\"articleSection\":[\"Kl\u00f6stern\"],\"inLanguage\":\"de\"},{\"@type\":\"WebPage\",\"@id\":\"https:\/\/blog.holyart.it\/de\/klostern\/der-orden-der-barfus-karmeliten\/\",\"url\":\"https:\/\/blog.holyart.it\/de\/klostern\/der-orden-der-barfus-karmeliten\/\",\"name\":\"Der Orden der Barfu\u00df-Karmeliten - Holyart.de Blog\",\"isPartOf\":{\"@id\":\"https:\/\/blog.holyart.it\/de\/#website\"},\"primaryImageOfPage\":{\"@id\":\"https:\/\/blog.holyart.it\/de\/klostern\/der-orden-der-barfus-karmeliten\/#primaryimage\"},\"image\":{\"@id\":\"https:\/\/blog.holyart.it\/de\/klostern\/der-orden-der-barfus-karmeliten\/#primaryimage\"},\"thumbnailUrl\":\"https:\/\/blog.holyart.it\/de\/wp-content\/uploads\/sites\/12\/2017\/06\/Der-Orden-der-Barfu\u00df-Karmeliten.jpg\",\"datePublished\":\"2017-05-24T13:10:13+00:00\",\"dateModified\":\"2018-02-08T11:45:24+00:00\",\"description\":\"Die Barfu\u00df-Karmeliten (oder Unbeschuhten Karmeliten) sind Nonnen, deren Leben Gott durch feierliche Gel\u00fcbde gewidmet ist. Der Orden wurde im Jahre 1560.\",\"breadcrumb\":{\"@id\":\"https:\/\/blog.holyart.it\/de\/klostern\/der-orden-der-barfus-karmeliten\/#breadcrumb\"},\"inLanguage\":\"de\",\"potentialAction\":[{\"@type\":\"ReadAction\",\"target\":[\"https:\/\/blog.holyart.it\/de\/klostern\/der-orden-der-barfus-karmeliten\/\"]}]},{\"@type\":\"ImageObject\",\"inLanguage\":\"de\",\"@id\":\"https:\/\/blog.holyart.it\/de\/klostern\/der-orden-der-barfus-karmeliten\/#primaryimage\",\"url\":\"https:\/\/blog.holyart.it\/de\/wp-content\/uploads\/sites\/12\/2017\/06\/Der-Orden-der-Barfu\u00df-Karmeliten.jpg\",\"contentUrl\":\"https:\/\/blog.holyart.it\/de\/wp-content\/uploads\/sites\/12\/2017\/06\/Der-Orden-der-Barfu\u00df-Karmeliten.jpg\",\"width\":1000,\"height\":667,\"caption\":\"Der Orden der Barfu\u00df-Karmeliten\"},{\"@type\":\"BreadcrumbList\",\"@id\":\"https:\/\/blog.holyart.it\/de\/klostern\/der-orden-der-barfus-karmeliten\/#breadcrumb\",\"itemListElement\":[{\"@type\":\"ListItem\",\"position\":1,\"name\":\"Homepage\",\"item\":\"https:\/\/blog.holyart.it\/de\/\"},{\"@type\":\"ListItem\",\"position\":2,\"name\":\"Kl\u00f6stern\",\"item\":\"https:\/\/blog.holyart.it\/de\/klostern\/\"},{\"@type\":\"ListItem\",\"position\":3,\"name\":\"Der Orden der Barfu\u00df-Karmeliten\"}]},{\"@type\":\"WebSite\",\"@id\":\"https:\/\/blog.holyart.it\/de\/#website\",\"url\":\"https:\/\/blog.holyart.it\/de\/\",\"name\":\"Holyart.de Blog\",\"description\":\"Holyblog\",\"publisher\":{\"@id\":\"https:\/\/blog.holyart.it\/de\/#organization\"},\"potentialAction\":[{\"@type\":\"SearchAction\",\"target\":{\"@type\":\"EntryPoint\",\"urlTemplate\":\"https:\/\/blog.holyart.it\/de\/?s={search_term_string}\"},\"query-input\":{\"@type\":\"PropertyValueSpecification\",\"valueRequired\":true,\"valueName\":\"search_term_string\"}}],\"inLanguage\":\"de\"},{\"@type\":\"Organization\",\"@id\":\"https:\/\/blog.holyart.it\/de\/#organization\",\"name\":\"Holyart.de Blog\",\"url\":\"https:\/\/blog.holyart.it\/de\/\",\"logo\":{\"@type\":\"ImageObject\",\"inLanguage\":\"de\",\"@id\":\"https:\/\/blog.holyart.it\/de\/#\/schema\/logo\/image\/\",\"url\":\"https:\/\/blog.holyart.it\/de\/wp-content\/uploads\/sites\/12\/2022\/12\/Holyart_Blog_Logo.jpg\",\"contentUrl\":\"https:\/\/blog.holyart.it\/de\/wp-content\/uploads\/sites\/12\/2022\/12\/Holyart_Blog_Logo.jpg\",\"width\":300,\"height\":50,\"caption\":\"Holyart.de Blog\"},\"image\":{\"@id\":\"https:\/\/blog.holyart.it\/de\/#\/schema\/logo\/image\/\"}},{\"@type\":\"Person\",\"@id\":\"https:\/\/blog.holyart.it\/de\/#\/schema\/person\/0a7b686e5af0f856ec1e390dd0baecda\",\"name\":\"Redazione\",\"image\":{\"@type\":\"ImageObject\",\"inLanguage\":\"de\",\"@id\":\"https:\/\/blog.holyart.it\/de\/#\/schema\/person\/image\/\",\"url\":\"https:\/\/secure.gravatar.com\/avatar\/f477da817f43e50d0af36abecd33e3edf826c68299714bdc1057dff3b113f516?s=96&d=mm&r=g\",\"contentUrl\":\"https:\/\/secure.gravatar.com\/avatar\/f477da817f43e50d0af36abecd33e3edf826c68299714bdc1057dff3b113f516?s=96&d=mm&r=g\",\"caption\":\"Redazione\"}}]}<\/script>\n<!-- \/ Yoast SEO plugin. -->","yoast_head_json":{"title":"Der Orden der Barfu\u00df-Karmeliten - Holyart.de Blog","description":"Die Barfu\u00df-Karmeliten (oder Unbeschuhten Karmeliten) sind Nonnen, deren Leben Gott durch feierliche Gel\u00fcbde gewidmet ist. Der Orden wurde im Jahre 1560.","robots":{"index":"index","follow":"follow","max-snippet":"max-snippet:-1","max-image-preview":"max-image-preview:large","max-video-preview":"max-video-preview:-1"},"canonical":"https:\/\/blog.holyart.it\/de\/klostern\/der-orden-der-barfus-karmeliten\/","og_locale":"de_DE","og_type":"article","og_title":"Der Orden der Barfu\u00df-Karmeliten - Holyart.de Blog","og_description":"Die Barfu\u00df-Karmeliten (oder Unbeschuhten Karmeliten) sind Nonnen, deren Leben Gott durch feierliche Gel\u00fcbde gewidmet ist. Der Orden wurde im Jahre 1560.","og_url":"https:\/\/blog.holyart.it\/de\/klostern\/der-orden-der-barfus-karmeliten\/","og_site_name":"Holyart.de Blog","article_published_time":"2017-05-24T13:10:13+00:00","article_modified_time":"2018-02-08T11:45:24+00:00","og_image":[{"width":1000,"height":667,"url":"https:\/\/blog.holyart.it\/de\/wp-content\/uploads\/sites\/12\/2017\/06\/Der-Orden-der-Barfu\u00df-Karmeliten.jpg","type":"image\/jpeg"}],"author":"Redazione","twitter_card":"summary_large_image","twitter_misc":{"Verfasst von":"Redazione","Gesch\u00e4tzte Lesezeit":"1\u00a0Minute"},"schema":{"@context":"https:\/\/schema.org","@graph":[{"@type":"Article","@id":"https:\/\/blog.holyart.it\/de\/klostern\/der-orden-der-barfus-karmeliten\/#article","isPartOf":{"@id":"https:\/\/blog.holyart.it\/de\/klostern\/der-orden-der-barfus-karmeliten\/"},"author":{"name":"Redazione","@id":"https:\/\/blog.holyart.it\/de\/#\/schema\/person\/0a7b686e5af0f856ec1e390dd0baecda"},"headline":"Der Orden der Barfu\u00df-Karmeliten","datePublished":"2017-05-24T13:10:13+00:00","dateModified":"2018-02-08T11:45:24+00:00","mainEntityOfPage":{"@id":"https:\/\/blog.holyart.it\/de\/klostern\/der-orden-der-barfus-karmeliten\/"},"wordCount":297,"publisher":{"@id":"https:\/\/blog.holyart.it\/de\/#organization"},"image":{"@id":"https:\/\/blog.holyart.it\/de\/klostern\/der-orden-der-barfus-karmeliten\/#primaryimage"},"thumbnailUrl":"https:\/\/blog.holyart.it\/de\/wp-content\/uploads\/sites\/12\/2017\/06\/Der-Orden-der-Barfu\u00df-Karmeliten.jpg","articleSection":["Kl\u00f6stern"],"inLanguage":"de"},{"@type":"WebPage","@id":"https:\/\/blog.holyart.it\/de\/klostern\/der-orden-der-barfus-karmeliten\/","url":"https:\/\/blog.holyart.it\/de\/klostern\/der-orden-der-barfus-karmeliten\/","name":"Der Orden der Barfu\u00df-Karmeliten - Holyart.de Blog","isPartOf":{"@id":"https:\/\/blog.holyart.it\/de\/#website"},"primaryImageOfPage":{"@id":"https:\/\/blog.holyart.it\/de\/klostern\/der-orden-der-barfus-karmeliten\/#primaryimage"},"image":{"@id":"https:\/\/blog.holyart.it\/de\/klostern\/der-orden-der-barfus-karmeliten\/#primaryimage"},"thumbnailUrl":"https:\/\/blog.holyart.it\/de\/wp-content\/uploads\/sites\/12\/2017\/06\/Der-Orden-der-Barfu\u00df-Karmeliten.jpg","datePublished":"2017-05-24T13:10:13+00:00","dateModified":"2018-02-08T11:45:24+00:00","description":"Die Barfu\u00df-Karmeliten (oder Unbeschuhten Karmeliten) sind Nonnen, deren Leben Gott durch feierliche Gel\u00fcbde gewidmet ist. Der Orden wurde im Jahre 1560.","breadcrumb":{"@id":"https:\/\/blog.holyart.it\/de\/klostern\/der-orden-der-barfus-karmeliten\/#breadcrumb"},"inLanguage":"de","potentialAction":[{"@type":"ReadAction","target":["https:\/\/blog.holyart.it\/de\/klostern\/der-orden-der-barfus-karmeliten\/"]}]},{"@type":"ImageObject","inLanguage":"de","@id":"https:\/\/blog.holyart.it\/de\/klostern\/der-orden-der-barfus-karmeliten\/#primaryimage","url":"https:\/\/blog.holyart.it\/de\/wp-content\/uploads\/sites\/12\/2017\/06\/Der-Orden-der-Barfu\u00df-Karmeliten.jpg","contentUrl":"https:\/\/blog.holyart.it\/de\/wp-content\/uploads\/sites\/12\/2017\/06\/Der-Orden-der-Barfu\u00df-Karmeliten.jpg","width":1000,"height":667,"caption":"Der Orden der Barfu\u00df-Karmeliten"},{"@type":"BreadcrumbList","@id":"https:\/\/blog.holyart.it\/de\/klostern\/der-orden-der-barfus-karmeliten\/#breadcrumb","itemListElement":[{"@type":"ListItem","position":1,"name":"Homepage","item":"https:\/\/blog.holyart.it\/de\/"},{"@type":"ListItem","position":2,"name":"Kl\u00f6stern","item":"https:\/\/blog.holyart.it\/de\/klostern\/"},{"@type":"ListItem","position":3,"name":"Der Orden der Barfu\u00df-Karmeliten"}]},{"@type":"WebSite","@id":"https:\/\/blog.holyart.it\/de\/#website","url":"https:\/\/blog.holyart.it\/de\/","name":"Holyart.de Blog","description":"Holyblog","publisher":{"@id":"https:\/\/blog.holyart.it\/de\/#organization"},"potentialAction":[{"@type":"SearchAction","target":{"@type":"EntryPoint","urlTemplate":"https:\/\/blog.holyart.it\/de\/?s={search_term_string}"},"query-input":{"@type":"PropertyValueSpecification","valueRequired":true,"valueName":"search_term_string"}}],"inLanguage":"de"},{"@type":"Organization","@id":"https:\/\/blog.holyart.it\/de\/#organization","name":"Holyart.de Blog","url":"https:\/\/blog.holyart.it\/de\/","logo":{"@type":"ImageObject","inLanguage":"de","@id":"https:\/\/blog.holyart.it\/de\/#\/schema\/logo\/image\/","url":"https:\/\/blog.holyart.it\/de\/wp-content\/uploads\/sites\/12\/2022\/12\/Holyart_Blog_Logo.jpg","contentUrl":"https:\/\/blog.holyart.it\/de\/wp-content\/uploads\/sites\/12\/2022\/12\/Holyart_Blog_Logo.jpg","width":300,"height":50,"caption":"Holyart.de Blog"},"image":{"@id":"https:\/\/blog.holyart.it\/de\/#\/schema\/logo\/image\/"}},{"@type":"Person","@id":"https:\/\/blog.holyart.it\/de\/#\/schema\/person\/0a7b686e5af0f856ec1e390dd0baecda","name":"Redazione","image":{"@type":"ImageObject","inLanguage":"de","@id":"https:\/\/blog.holyart.it\/de\/#\/schema\/person\/image\/","url":"https:\/\/secure.gravatar.com\/avatar\/f477da817f43e50d0af36abecd33e3edf826c68299714bdc1057dff3b113f516?s=96&d=mm&r=g","contentUrl":"https:\/\/secure.gravatar.com\/avatar\/f477da817f43e50d0af36abecd33e3edf826c68299714bdc1057dff3b113f516?s=96&d=mm&r=g","caption":"Redazione"}}]}},"_links":{"self":[{"href":"https:\/\/blog.holyart.it\/de\/wp-json\/wp\/v2\/posts\/351","targetHints":{"allow":["GET"]}}],"collection":[{"href":"https:\/\/blog.holyart.it\/de\/wp-json\/wp\/v2\/posts"}],"about":[{"href":"https:\/\/blog.holyart.it\/de\/wp-json\/wp\/v2\/types\/post"}],"author":[{"embeddable":true,"href":"https:\/\/blog.holyart.it\/de\/wp-json\/wp\/v2\/users\/1"}],"replies":[{"embeddable":true,"href":"https:\/\/blog.holyart.it\/de\/wp-json\/wp\/v2\/comments?post=351"}],"version-history":[{"count":0,"href":"https:\/\/blog.holyart.it\/de\/wp-json\/wp\/v2\/posts\/351\/revisions"}],"wp:featuredmedia":[{"embeddable":true,"href":"https:\/\/blog.holyart.it\/de\/wp-json\/wp\/v2\/media\/352"}],"wp:attachment":[{"href":"https:\/\/blog.holyart.it\/de\/wp-json\/wp\/v2\/media?parent=351"}],"wp:term":[{"taxonomy":"category","embeddable":true,"href":"https:\/\/blog.holyart.it\/de\/wp-json\/wp\/v2\/categories?post=351"},{"taxonomy":"post_tag","embeddable":true,"href":"https:\/\/blog.holyart.it\/de\/wp-json\/wp\/v2\/tags?post=351"}],"curies":[{"name":"wp","href":"https:\/\/api.w.org\/{rel}","templated":true}]}}