{"id":3502,"date":"2024-01-24T10:00:13","date_gmt":"2024-01-24T09:00:13","guid":{"rendered":"https:\/\/blog.holyart.it\/de\/?p=3502"},"modified":"2024-01-08T17:52:50","modified_gmt":"2024-01-08T16:52:50","slug":"darstellung-jesu-im-tempel-zu-mariae-lichtmess","status":"publish","type":"post","link":"https:\/\/blog.holyart.it\/de\/devotionalien\/darstellung-jesu-im-tempel-zu-mariae-lichtmess\/","title":{"rendered":"Darstellung Jesu im Tempel zu Mari\u00e4 Lichtmess"},"content":{"rendered":"<h4><em>Am 2. Februar feiern wir die Darstellung Jesu im Tempel. Dieses Fest, das auch als Fest der Reinigung Mariens oder Mari\u00e4 Lichtmess bekannt ist, hat im Laufe der Jahrhunderte viele verschiedene und wichtige Bedeutungen angenommen. Finden wir heraus, welche das sind.<\/em><\/h4>\n\n<p><a href=\"https:\/\/www.holyart.de\/devotionalien\/basreliefs\/basreliefs-aus-stein\/flachrelief-jesus?_gl=1*x4pea4*_gcl_au*MjEzMjgwNzUyLjE3MDI1NjUxODE.*_ga*MTQ4NzE4MjM0Mi4xNjk0Nzg4MTQz*_ga_W18MV136NH*MTcwNDcyNzgxMy4yMjkuMS4xNzA0NzI5MDk0LjAuMC4w\"><strong>Das Fest der Darstellung Jesu im Tempel<\/strong><\/a> ist seit seiner Einf\u00fchrung im 4. nachchristlichen Jahrhundert von gro\u00dfer Bedeutung. Jh. n. Chr. eine <strong>wichtige Schnittstelle<\/strong> zwischen der Geschichte Jesu und des Christentums und der j\u00fcdischen Kultur dar. Das Alte Testament sah sehr strenge Regeln und genaue Zeremonien vor, die der Geburt eines Kindes in einer Familie folgten, insbesondere wenn es sich um ein m\u00e4nnliches Kind handelte. Die Frau, die das Kind zur Welt brachte, galt als <strong>unrein<\/strong> (Lev 12) und musste sich einer Reihe von Reinigungsriten unterziehen, bevor sie wieder heilige Dinge ber\u00fchren und das Heiligtum betreten durfte. Dar\u00fcber hinaus <strong>sollte jedes erstgeborene m\u00e4nnliche Kind dem Herrn geweiht<\/strong> und durch eine symbolische Opfergabe als Zeichen der Dankbarkeit f\u00fcr die Befreiung des j\u00fcdischen Volkes aus der Sklaverei in \u00c4gypten erl\u00f6st werden (Exodus 13,2 und Exodus 13,11-16).<\/p>\n<div class=\"link-product\">\n<div class=\"blocco-immagine\"><img loading=\"lazy\" decoding=\"async\" class=\"size-full wp-image-3504 alignleft\" src=\"https:\/\/blog.holyart.it\/de\/wp-content\/uploads\/sites\/12\/2024\/01\/Flachrelief-Jesus.jpg\" alt=\"Flachrelief Jesus\" width=\"100\" height=\"100\" data-kale-share-title=\"Darstellung Jesu im Tempel zu Mari\u00e4 Lichtmess\" data-kale-share-url=\"https:\/\/blog.holyart.it\/de\/?p=3502\" \/><\/div>\n<div class=\"blocco-contenuto\">\n<div class=\"blocco-acquista\">Einkaufen:<\/div>\n<div class=\"blocco-titolo\"><a href=\"https:\/\/www.holyart.de\/devotionalien\/basreliefs\/basreliefs-aus-stein\/flachrelief-jesus\">Flachrelief Jesus<\/a><\/div>\n<div class=\"blocco-descrizione\">Dieses Flachrelief aus Pyren\u00e4en-Stein stellt Simon dar, der Jesus, der von Maria und Josef zum Tempel gebracht wurde&#8230;<\/div>\n<\/div>\n<\/div>\n<p>Im <strong>Lukasevangelium<\/strong> (Lk 2,22-40) lesen wir die Episode der Darstellung <strong><a href=\"https:\/\/www.holyart.de\/devotionalien\/statuen\/jesuskindfiguren\">Jesu<\/a><\/strong> im Tempel, die vierzig Tage nach seiner Geburt stattfand. Josef und Maria f\u00fchren das Jesuskind in den Tempel in Jerusalem. Dort treffen sie auf den <strong>alten Simeon<\/strong>, dem vorausgesagt worden war, dass er nicht sterben w\u00fcrde, bevor er den Messias gesehen h\u00e4tte, und der Jesus in die Arme nimmt und ihn mit folgenden Worten segnet: \u201e<em>Nun, Herr, lass deinen Knecht in Frieden gehen, wie du es gesagt hast; denn meine Augen haben dein Heil gesehen, das du vor allen V\u00f6lkern bereitet hast, ein Licht, das die Heiden erleuchtet, und die Herrlichkeit deines Volkes Israel<\/em>.\u201c<\/p>\n<p>Sp\u00e4ter trifft die Heilige Familie die <strong>Prophetin Anna<\/strong>, und auch sie erkennt Jesus als den Messias.<\/p>\n<p>Diese Episode best\u00e4tigt, was <strong>Maleachi<\/strong>, der letzte Prophet des Alten Testaments, prophezeite, wonach die Erkennung des Messias im Tempel stattfinden w\u00fcrde: \u201e<em>Siehe, ich sende meinen Boten, der mir den Weg bereitet, und alsbald wird der Herr, den ihr sucht, in seinen Tempel kommen; der Engel des Bundes, den ihr ersehnt, siehe, er kommt, spricht der Herr der Heerscharen<\/em>.\u201c (Maleachi 3,1)<\/p>\n<h2>Fest der Lichtmess<\/h2>\n<p>Wir hatten der <strong>Lichtmess<\/strong>, die mit dem Fest der Darstellung Jesu im Tempel zusammenf\u00e4llt, bereits einen Artikel gewidmet. Es ist ein Fest, das <strong>den Triumph des Lichts \u00fcber die Dunkelheit<\/strong> feiert, aber auch das symbolische Ende der Weihnachtsfeierlichkeiten und den Beginn der Osterreise.<\/p>\n<p>An diesem Tag werden <a href=\"https:\/\/www.holyart.es\/materiales-de-consumo\/velas-cirios-velones?page=1&amp;_gl=1*tfncwc*_gcl_au*MjEzMjgwNzUyLjE3MDI1NjUxODE.*_ga*MTQ4NzE4MjM0Mi4xNjk0Nzg4MTQz*_ga_W18MV136NH*MTcwNDcyNzgxMy4yMjkuMS4xNzA0NzI5NzMyLjAuMC4w\"><strong>Kerzen und Fackeln<\/strong><\/a> gesegnet, die Jesus als das Licht der Welt symbolisieren, <em>das Licht, das die Menschen erleuchtet<\/em>. Die gesegneten Kerzen und Kerzenhalter werden dann an die Gl\u00e4ubigen verteilt, um sie vor Ungl\u00fcck und Unheil zu sch\u00fctzen.<\/p>\n<div class=\"link-product\">\n<div class=\"blocco-immagine\"><img loading=\"lazy\" decoding=\"async\" class=\"size-full wp-image-3505 alignleft\" src=\"https:\/\/blog.holyart.it\/de\/wp-content\/uploads\/sites\/12\/2024\/01\/Altar-und-Osterkerzen-Dauerkerzen.jpg\" alt=\"Altar- und Osterkerzen, Dauerkerzen\" width=\"100\" height=\"100\" data-kale-share-title=\"Darstellung Jesu im Tempel zu Mari\u00e4 Lichtmess\" data-kale-share-url=\"https:\/\/blog.holyart.it\/de\/?p=3502\" \/><\/div>\n<div class=\"blocco-contenuto\">\n<div class=\"blocco-acquista\">Einkaufen:<\/div>\n<div class=\"blocco-titolo\"><a href=\"https:\/\/www.holyart.de\/verbrauchsprodukte\/altar-und-osterkerzen-dauerkerzen?page=1&amp;_gl=1*5vgxep*_gcl_au*MjEzMjgwNzUyLjE3MDI1NjUxODE.*_ga*MTQ4NzE4MjM0Mi4xNjk0Nzg4MTQz*_ga_W18MV136NH*MTcwNDcyNzgxMy4yMjkuMS4xNzA0NzI5NzM4LjAuMC4w\">Altar- und Osterkerzen, Dauerkerzen<\/a><\/div>\n<div class=\"blocco-descrizione\">Auswahl an Wachskerzen, Dauerkerzen, Grabkerzen und Kerzenhaltern.<\/div>\n<\/div>\n<\/div>\n<p>Wie viele christliche Feste hat auch die Lichtmess ihren Ursprung wahrscheinlich im <strong>Heidentum<\/strong>. Tats\u00e4chlich wurden in der Antike viele Feste gefeiert, um den \u00dcbergang von der Dunkelheit zum Licht zu feiern, der durch das Ende des Winters und den Beginn des Fr\u00fchlings symbolisiert wird. Mitte Februar feierten die <strong>R\u00f6mer<\/strong> das Lupercali-Fest, das durch das Anz\u00fcnden vieler Lampen und Kerzen, aber auch durch Reinigungsriten gekennzeichnet war. Die <strong>Kelten<\/strong> wiederum feierten am 1. Februar das Fest <em>Imbolc<\/em>, den \u201eTag der heiligen Brigitte\u201c, mit dem das Ende des Winters und in manchen Gegenden der Fr\u00fchlingsanfang gefeiert wurde.<\/p>\n<h2>Die Reinigung Marias<\/h2>\n<p>Das Fest Mari\u00e4 Lichtmess ist seit langem ein <a href=\"https:\/\/www.holyart.de\/search?params=%7B%22search%22%3A%22madonna%20artikel%22%7D&amp;search=madonna+artikel\"><strong>marianisches Fest<\/strong><\/a>. In der Antike wurde es am <strong>14. Februar<\/strong> gefeiert und erinnerte an die Reinigung Marias nach der Geburt, die nach den Zeiten und Br\u00e4uchen der j\u00fcdischen Kultur und Religion erfolgte.<\/p>\n<p><img loading=\"lazy\" decoding=\"async\" class=\"alignnone size-full wp-image-3506\" src=\"https:\/\/blog.holyart.it\/de\/wp-content\/uploads\/sites\/12\/2024\/01\/Die-Reinigung-Marias.jpeg\" alt=\"Die Reinigung Marias\" width=\"1000\" height=\"867\" data-kale-share-title=\"Darstellung Jesu im Tempel zu Mari\u00e4 Lichtmess\" data-kale-share-url=\"https:\/\/blog.holyart.it\/de\/?p=3502\" \/><\/p>\n<p>Heute hat sich der Schwerpunkt von der Mutter auf den Sohn verlagert, und der 2. Februar ist zum Anlass geworden, die Darstellung Jesu im Tempel zu feiern. Dies geschah im Anschluss an die vom <strong>Zweiten Vatikanischen Konzil<\/strong> beschlossene Liturgiereform. Die Tradition der <strong>Reinigung der Frauen<\/strong> zu diesem Anlass bleibt jedoch in vielen L\u00e4ndern, vor allem in l\u00e4ndlichen Gebieten, lebendig. Bis vor kurzem musste in Valnerina in der Region Marken jede Frau, die ein Kind zur Welt brachte, 40 Tage nach der Geburt in die Kirche gehen, um vom Priester gereinigt zu werden. Die Frau musste mit einer brennenden Kerze an der Schwelle niederknien, der Priester segnete sie dort, und dann gingen sie gemeinsam zum Altar, w\u00e4hrend sie sich an der wei\u00dfen Stola festhielt, die er trug.<\/p>\n<div class=\"link-product\">\n<div class=\"blocco-immagine\"><img loading=\"lazy\" decoding=\"async\" class=\"size-full wp-image-3507 alignleft\" src=\"https:\/\/blog.holyart.it\/de\/wp-content\/uploads\/sites\/12\/2024\/01\/statue-wunderbare-gottesmutter-bemalte-holzmasse-15cm.jpg\" alt=\"Statue Wunderbare Gottesmutter bemalte Holzmasse 15cm\" width=\"100\" height=\"100\" data-kale-share-title=\"Darstellung Jesu im Tempel zu Mari\u00e4 Lichtmess\" data-kale-share-url=\"https:\/\/blog.holyart.it\/de\/?p=3502\" \/><\/div>\n<div class=\"blocco-contenuto\">\n<div class=\"blocco-acquista\">Einkaufen:<\/div>\n<div class=\"blocco-titolo\"><a href=\"https:\/\/www.holyart.de\/devotionalien\/statuen\/statuen-aus-bemalten-holz\/statue-wunderbare-gottesmutter-bemalte-holzmasse-15cm\">Statue Wunderbare Gottesmutter bemalte Holzmasse 15cm<\/a><\/div>\n<div class=\"blocco-descrizione\">Realisiert aus Holzmasse und handbemalt.<\/div>\n<\/div>\n<\/div>\n<h2>Sprichw\u00f6rter zu Mari\u00e4 Lichtmess<\/h2>\n<p>Auch im l\u00e4ndlichen und volkst\u00fcmlichen Bereich gibt es zahlreiche Sprichw\u00f6rter und Redensarten, die mit dem Lichtmessfest verbunden sind. Fr\u00fcher war dies der Tag, an dem die alten M\u00e4nner in den D\u00f6rfern versuchten zu erraten, wie das Wetter bis zum Eintreffen des Fr\u00fchlings sein w\u00fcrde. Viele Sprichw\u00f6rter sind genau mit dieser \u201emeteorologischen\u201c Dimension verbunden, wie zum Beispiel das ber\u00fchmte Sprichwort aus Venetien: \u201e<em>Wenn es an Lichtmess sonnig ist, kommen wir aus dem Winter heraus, wenn es regnet und windig ist, stecken wir in den Winter hinein\u201c<\/em>, von dem es auch \u00e4hnliche Versionen in der Lombardei und in Triest gibt. In der Praxis glaubt man in diesen Gegenden, dass der Winter fast vorbei ist, wenn es am Lichtmesstag sonnig ist, w\u00e4hrend er bei Regen oder Wind noch eine Weile andauern wird.<\/p>\n<p>In der Toskana und in der Emilia hingegen glaubt man genau das Gegenteil: Wenn es an Mari\u00e4 Lichtmess schneit oder hagelt, kann der Winter nicht mehr lange dauern. In der Toskana sagt man \u201e<em>Wenn es regnet oder hagelt, ist der Winter vorbei<\/em>\u201c, w\u00e4hrend man in Bologna sagt: \u201e<em>Am Tag der Mari\u00e4 Lichtmess, egal ob es schneit oder regnet, ist der Winter vorbei, aber wenn es sonnig ist, h\u00e4lt den Winter noch einen Monat<\/em>\u201c.<\/p>\n<p>&nbsp;<\/p>\n<p>&nbsp;<\/p>\n","protected":false},"excerpt":{"rendered":"<p>Am 2. Februar feiern wir die Darstellung Jesu im Tempel. Dieses Fest, das auch als Fest der Reinigung Mariens oder Mari\u00e4 Lichtmess bekannt ist, hat im Laufe der Jahrhunderte viele verschiedene und wichtige Bedeutungen angenommen. Finden wir heraus, welche das sind. Das Fest der Darstellung&hellip;<\/p>\n","protected":false},"author":1,"featured_media":3503,"comment_status":"closed","ping_status":"open","sticky":false,"template":"","format":"standard","meta":{"_acf_changed":false,"footnotes":""},"categories":[10],"tags":[],"class_list":["post-3502","post","type-post","status-publish","format-standard","has-post-thumbnail","hentry","category-devotionalien"],"acf":[],"yoast_head":"<!-- This site is optimized with the Yoast SEO plugin v26.6 - https:\/\/yoast.com\/wordpress\/plugins\/seo\/ -->\n<title>Darstellung Jesu im Tempel zu Mari\u00e4 Lichtmess - Holyart.de Blog<\/title>\n<meta name=\"description\" content=\"Am 2. Februar feiern wir die Darstellung Jesu im Tempel. Dieses Fest, das auch als Fest der Reinigung Mariens oder Mari\u00e4 Lichtmess bekannt...\" \/>\n<meta name=\"robots\" content=\"index, follow, max-snippet:-1, max-image-preview:large, max-video-preview:-1\" \/>\n<link rel=\"canonical\" href=\"https:\/\/blog.holyart.it\/de\/devotionalien\/darstellung-jesu-im-tempel-zu-mariae-lichtmess\/\" \/>\n<meta property=\"og:locale\" content=\"de_DE\" \/>\n<meta property=\"og:type\" content=\"article\" \/>\n<meta property=\"og:title\" content=\"Darstellung Jesu im Tempel zu Mari\u00e4 Lichtmess - Holyart.de Blog\" \/>\n<meta property=\"og:description\" content=\"Am 2. Februar feiern wir die Darstellung Jesu im Tempel. Dieses Fest, das auch als Fest der Reinigung Mariens oder Mari\u00e4 Lichtmess bekannt...\" \/>\n<meta property=\"og:url\" content=\"https:\/\/blog.holyart.it\/de\/devotionalien\/darstellung-jesu-im-tempel-zu-mariae-lichtmess\/\" \/>\n<meta property=\"og:site_name\" content=\"Holyart.de Blog\" \/>\n<meta property=\"article:published_time\" content=\"2024-01-24T09:00:13+00:00\" \/>\n<meta property=\"og:image\" content=\"https:\/\/blog.holyart.it\/de\/wp-content\/uploads\/sites\/12\/2024\/01\/Darstellung-Jesu-im-Tempel-zu-Mariae-Lichtmess.jpg\" \/>\n\t<meta property=\"og:image:width\" content=\"1000\" \/>\n\t<meta property=\"og:image:height\" content=\"666\" \/>\n\t<meta property=\"og:image:type\" content=\"image\/jpeg\" \/>\n<meta name=\"author\" content=\"Redazione\" \/>\n<meta name=\"twitter:card\" content=\"summary_large_image\" \/>\n<meta name=\"twitter:label1\" content=\"Verfasst von\" \/>\n\t<meta name=\"twitter:data1\" content=\"Redazione\" \/>\n\t<meta name=\"twitter:label2\" content=\"Gesch\u00e4tzte Lesezeit\" \/>\n\t<meta name=\"twitter:data2\" content=\"7\u00a0Minuten\" \/>\n<script type=\"application\/ld+json\" class=\"yoast-schema-graph\">{\"@context\":\"https:\/\/schema.org\",\"@graph\":[{\"@type\":\"Article\",\"@id\":\"https:\/\/blog.holyart.it\/de\/devotionalien\/darstellung-jesu-im-tempel-zu-mariae-lichtmess\/#article\",\"isPartOf\":{\"@id\":\"https:\/\/blog.holyart.it\/de\/devotionalien\/darstellung-jesu-im-tempel-zu-mariae-lichtmess\/\"},\"author\":{\"name\":\"Redazione\",\"@id\":\"https:\/\/blog.holyart.it\/de\/#\/schema\/person\/0a7b686e5af0f856ec1e390dd0baecda\"},\"headline\":\"Darstellung Jesu im Tempel zu Mari\u00e4 Lichtmess\",\"datePublished\":\"2024-01-24T09:00:13+00:00\",\"mainEntityOfPage\":{\"@id\":\"https:\/\/blog.holyart.it\/de\/devotionalien\/darstellung-jesu-im-tempel-zu-mariae-lichtmess\/\"},\"wordCount\":1005,\"publisher\":{\"@id\":\"https:\/\/blog.holyart.it\/de\/#organization\"},\"image\":{\"@id\":\"https:\/\/blog.holyart.it\/de\/devotionalien\/darstellung-jesu-im-tempel-zu-mariae-lichtmess\/#primaryimage\"},\"thumbnailUrl\":\"https:\/\/blog.holyart.it\/de\/wp-content\/uploads\/sites\/12\/2024\/01\/Darstellung-Jesu-im-Tempel-zu-Mariae-Lichtmess.jpg\",\"articleSection\":[\"Religion\"],\"inLanguage\":\"de\"},{\"@type\":\"WebPage\",\"@id\":\"https:\/\/blog.holyart.it\/de\/devotionalien\/darstellung-jesu-im-tempel-zu-mariae-lichtmess\/\",\"url\":\"https:\/\/blog.holyart.it\/de\/devotionalien\/darstellung-jesu-im-tempel-zu-mariae-lichtmess\/\",\"name\":\"Darstellung Jesu im Tempel zu Mari\u00e4 Lichtmess - Holyart.de Blog\",\"isPartOf\":{\"@id\":\"https:\/\/blog.holyart.it\/de\/#website\"},\"primaryImageOfPage\":{\"@id\":\"https:\/\/blog.holyart.it\/de\/devotionalien\/darstellung-jesu-im-tempel-zu-mariae-lichtmess\/#primaryimage\"},\"image\":{\"@id\":\"https:\/\/blog.holyart.it\/de\/devotionalien\/darstellung-jesu-im-tempel-zu-mariae-lichtmess\/#primaryimage\"},\"thumbnailUrl\":\"https:\/\/blog.holyart.it\/de\/wp-content\/uploads\/sites\/12\/2024\/01\/Darstellung-Jesu-im-Tempel-zu-Mariae-Lichtmess.jpg\",\"datePublished\":\"2024-01-24T09:00:13+00:00\",\"description\":\"Am 2. Februar feiern wir die Darstellung Jesu im Tempel. Dieses Fest, das auch als Fest der Reinigung Mariens oder Mari\u00e4 Lichtmess bekannt...\",\"breadcrumb\":{\"@id\":\"https:\/\/blog.holyart.it\/de\/devotionalien\/darstellung-jesu-im-tempel-zu-mariae-lichtmess\/#breadcrumb\"},\"inLanguage\":\"de\",\"potentialAction\":[{\"@type\":\"ReadAction\",\"target\":[\"https:\/\/blog.holyart.it\/de\/devotionalien\/darstellung-jesu-im-tempel-zu-mariae-lichtmess\/\"]}]},{\"@type\":\"ImageObject\",\"inLanguage\":\"de\",\"@id\":\"https:\/\/blog.holyart.it\/de\/devotionalien\/darstellung-jesu-im-tempel-zu-mariae-lichtmess\/#primaryimage\",\"url\":\"https:\/\/blog.holyart.it\/de\/wp-content\/uploads\/sites\/12\/2024\/01\/Darstellung-Jesu-im-Tempel-zu-Mariae-Lichtmess.jpg\",\"contentUrl\":\"https:\/\/blog.holyart.it\/de\/wp-content\/uploads\/sites\/12\/2024\/01\/Darstellung-Jesu-im-Tempel-zu-Mariae-Lichtmess.jpg\",\"width\":1000,\"height\":666,\"caption\":\"Darstellung Jesu im Tempel zu Maria Lichtmess\"},{\"@type\":\"BreadcrumbList\",\"@id\":\"https:\/\/blog.holyart.it\/de\/devotionalien\/darstellung-jesu-im-tempel-zu-mariae-lichtmess\/#breadcrumb\",\"itemListElement\":[{\"@type\":\"ListItem\",\"position\":1,\"name\":\"Homepage\",\"item\":\"https:\/\/blog.holyart.it\/de\/\"},{\"@type\":\"ListItem\",\"position\":2,\"name\":\"Religion\",\"item\":\"https:\/\/blog.holyart.it\/de\/devotionalien\/\"},{\"@type\":\"ListItem\",\"position\":3,\"name\":\"Darstellung Jesu im Tempel zu Mari\u00e4 Lichtmess\"}]},{\"@type\":\"WebSite\",\"@id\":\"https:\/\/blog.holyart.it\/de\/#website\",\"url\":\"https:\/\/blog.holyart.it\/de\/\",\"name\":\"Holyart.de Blog\",\"description\":\"Holyblog\",\"publisher\":{\"@id\":\"https:\/\/blog.holyart.it\/de\/#organization\"},\"potentialAction\":[{\"@type\":\"SearchAction\",\"target\":{\"@type\":\"EntryPoint\",\"urlTemplate\":\"https:\/\/blog.holyart.it\/de\/?s={search_term_string}\"},\"query-input\":{\"@type\":\"PropertyValueSpecification\",\"valueRequired\":true,\"valueName\":\"search_term_string\"}}],\"inLanguage\":\"de\"},{\"@type\":\"Organization\",\"@id\":\"https:\/\/blog.holyart.it\/de\/#organization\",\"name\":\"Holyart.de Blog\",\"url\":\"https:\/\/blog.holyart.it\/de\/\",\"logo\":{\"@type\":\"ImageObject\",\"inLanguage\":\"de\",\"@id\":\"https:\/\/blog.holyart.it\/de\/#\/schema\/logo\/image\/\",\"url\":\"https:\/\/blog.holyart.it\/de\/wp-content\/uploads\/sites\/12\/2022\/12\/Holyart_Blog_Logo.jpg\",\"contentUrl\":\"https:\/\/blog.holyart.it\/de\/wp-content\/uploads\/sites\/12\/2022\/12\/Holyart_Blog_Logo.jpg\",\"width\":300,\"height\":50,\"caption\":\"Holyart.de Blog\"},\"image\":{\"@id\":\"https:\/\/blog.holyart.it\/de\/#\/schema\/logo\/image\/\"}},{\"@type\":\"Person\",\"@id\":\"https:\/\/blog.holyart.it\/de\/#\/schema\/person\/0a7b686e5af0f856ec1e390dd0baecda\",\"name\":\"Redazione\",\"image\":{\"@type\":\"ImageObject\",\"inLanguage\":\"de\",\"@id\":\"https:\/\/blog.holyart.it\/de\/#\/schema\/person\/image\/\",\"url\":\"https:\/\/secure.gravatar.com\/avatar\/f477da817f43e50d0af36abecd33e3edf826c68299714bdc1057dff3b113f516?s=96&d=mm&r=g\",\"contentUrl\":\"https:\/\/secure.gravatar.com\/avatar\/f477da817f43e50d0af36abecd33e3edf826c68299714bdc1057dff3b113f516?s=96&d=mm&r=g\",\"caption\":\"Redazione\"}}]}<\/script>\n<!-- \/ Yoast SEO plugin. -->","yoast_head_json":{"title":"Darstellung Jesu im Tempel zu Mari\u00e4 Lichtmess - Holyart.de Blog","description":"Am 2. Februar feiern wir die Darstellung Jesu im Tempel. Dieses Fest, das auch als Fest der Reinigung Mariens oder Mari\u00e4 Lichtmess bekannt...","robots":{"index":"index","follow":"follow","max-snippet":"max-snippet:-1","max-image-preview":"max-image-preview:large","max-video-preview":"max-video-preview:-1"},"canonical":"https:\/\/blog.holyart.it\/de\/devotionalien\/darstellung-jesu-im-tempel-zu-mariae-lichtmess\/","og_locale":"de_DE","og_type":"article","og_title":"Darstellung Jesu im Tempel zu Mari\u00e4 Lichtmess - Holyart.de Blog","og_description":"Am 2. Februar feiern wir die Darstellung Jesu im Tempel. Dieses Fest, das auch als Fest der Reinigung Mariens oder Mari\u00e4 Lichtmess bekannt...","og_url":"https:\/\/blog.holyart.it\/de\/devotionalien\/darstellung-jesu-im-tempel-zu-mariae-lichtmess\/","og_site_name":"Holyart.de Blog","article_published_time":"2024-01-24T09:00:13+00:00","og_image":[{"width":1000,"height":666,"url":"https:\/\/blog.holyart.it\/de\/wp-content\/uploads\/sites\/12\/2024\/01\/Darstellung-Jesu-im-Tempel-zu-Mariae-Lichtmess.jpg","type":"image\/jpeg"}],"author":"Redazione","twitter_card":"summary_large_image","twitter_misc":{"Verfasst von":"Redazione","Gesch\u00e4tzte Lesezeit":"7\u00a0Minuten"},"schema":{"@context":"https:\/\/schema.org","@graph":[{"@type":"Article","@id":"https:\/\/blog.holyart.it\/de\/devotionalien\/darstellung-jesu-im-tempel-zu-mariae-lichtmess\/#article","isPartOf":{"@id":"https:\/\/blog.holyart.it\/de\/devotionalien\/darstellung-jesu-im-tempel-zu-mariae-lichtmess\/"},"author":{"name":"Redazione","@id":"https:\/\/blog.holyart.it\/de\/#\/schema\/person\/0a7b686e5af0f856ec1e390dd0baecda"},"headline":"Darstellung Jesu im Tempel zu Mari\u00e4 Lichtmess","datePublished":"2024-01-24T09:00:13+00:00","mainEntityOfPage":{"@id":"https:\/\/blog.holyart.it\/de\/devotionalien\/darstellung-jesu-im-tempel-zu-mariae-lichtmess\/"},"wordCount":1005,"publisher":{"@id":"https:\/\/blog.holyart.it\/de\/#organization"},"image":{"@id":"https:\/\/blog.holyart.it\/de\/devotionalien\/darstellung-jesu-im-tempel-zu-mariae-lichtmess\/#primaryimage"},"thumbnailUrl":"https:\/\/blog.holyart.it\/de\/wp-content\/uploads\/sites\/12\/2024\/01\/Darstellung-Jesu-im-Tempel-zu-Mariae-Lichtmess.jpg","articleSection":["Religion"],"inLanguage":"de"},{"@type":"WebPage","@id":"https:\/\/blog.holyart.it\/de\/devotionalien\/darstellung-jesu-im-tempel-zu-mariae-lichtmess\/","url":"https:\/\/blog.holyart.it\/de\/devotionalien\/darstellung-jesu-im-tempel-zu-mariae-lichtmess\/","name":"Darstellung Jesu im Tempel zu Mari\u00e4 Lichtmess - Holyart.de Blog","isPartOf":{"@id":"https:\/\/blog.holyart.it\/de\/#website"},"primaryImageOfPage":{"@id":"https:\/\/blog.holyart.it\/de\/devotionalien\/darstellung-jesu-im-tempel-zu-mariae-lichtmess\/#primaryimage"},"image":{"@id":"https:\/\/blog.holyart.it\/de\/devotionalien\/darstellung-jesu-im-tempel-zu-mariae-lichtmess\/#primaryimage"},"thumbnailUrl":"https:\/\/blog.holyart.it\/de\/wp-content\/uploads\/sites\/12\/2024\/01\/Darstellung-Jesu-im-Tempel-zu-Mariae-Lichtmess.jpg","datePublished":"2024-01-24T09:00:13+00:00","description":"Am 2. Februar feiern wir die Darstellung Jesu im Tempel. Dieses Fest, das auch als Fest der Reinigung Mariens oder Mari\u00e4 Lichtmess bekannt...","breadcrumb":{"@id":"https:\/\/blog.holyart.it\/de\/devotionalien\/darstellung-jesu-im-tempel-zu-mariae-lichtmess\/#breadcrumb"},"inLanguage":"de","potentialAction":[{"@type":"ReadAction","target":["https:\/\/blog.holyart.it\/de\/devotionalien\/darstellung-jesu-im-tempel-zu-mariae-lichtmess\/"]}]},{"@type":"ImageObject","inLanguage":"de","@id":"https:\/\/blog.holyart.it\/de\/devotionalien\/darstellung-jesu-im-tempel-zu-mariae-lichtmess\/#primaryimage","url":"https:\/\/blog.holyart.it\/de\/wp-content\/uploads\/sites\/12\/2024\/01\/Darstellung-Jesu-im-Tempel-zu-Mariae-Lichtmess.jpg","contentUrl":"https:\/\/blog.holyart.it\/de\/wp-content\/uploads\/sites\/12\/2024\/01\/Darstellung-Jesu-im-Tempel-zu-Mariae-Lichtmess.jpg","width":1000,"height":666,"caption":"Darstellung Jesu im Tempel zu Maria Lichtmess"},{"@type":"BreadcrumbList","@id":"https:\/\/blog.holyart.it\/de\/devotionalien\/darstellung-jesu-im-tempel-zu-mariae-lichtmess\/#breadcrumb","itemListElement":[{"@type":"ListItem","position":1,"name":"Homepage","item":"https:\/\/blog.holyart.it\/de\/"},{"@type":"ListItem","position":2,"name":"Religion","item":"https:\/\/blog.holyart.it\/de\/devotionalien\/"},{"@type":"ListItem","position":3,"name":"Darstellung Jesu im Tempel zu Mari\u00e4 Lichtmess"}]},{"@type":"WebSite","@id":"https:\/\/blog.holyart.it\/de\/#website","url":"https:\/\/blog.holyart.it\/de\/","name":"Holyart.de Blog","description":"Holyblog","publisher":{"@id":"https:\/\/blog.holyart.it\/de\/#organization"},"potentialAction":[{"@type":"SearchAction","target":{"@type":"EntryPoint","urlTemplate":"https:\/\/blog.holyart.it\/de\/?s={search_term_string}"},"query-input":{"@type":"PropertyValueSpecification","valueRequired":true,"valueName":"search_term_string"}}],"inLanguage":"de"},{"@type":"Organization","@id":"https:\/\/blog.holyart.it\/de\/#organization","name":"Holyart.de Blog","url":"https:\/\/blog.holyart.it\/de\/","logo":{"@type":"ImageObject","inLanguage":"de","@id":"https:\/\/blog.holyart.it\/de\/#\/schema\/logo\/image\/","url":"https:\/\/blog.holyart.it\/de\/wp-content\/uploads\/sites\/12\/2022\/12\/Holyart_Blog_Logo.jpg","contentUrl":"https:\/\/blog.holyart.it\/de\/wp-content\/uploads\/sites\/12\/2022\/12\/Holyart_Blog_Logo.jpg","width":300,"height":50,"caption":"Holyart.de Blog"},"image":{"@id":"https:\/\/blog.holyart.it\/de\/#\/schema\/logo\/image\/"}},{"@type":"Person","@id":"https:\/\/blog.holyart.it\/de\/#\/schema\/person\/0a7b686e5af0f856ec1e390dd0baecda","name":"Redazione","image":{"@type":"ImageObject","inLanguage":"de","@id":"https:\/\/blog.holyart.it\/de\/#\/schema\/person\/image\/","url":"https:\/\/secure.gravatar.com\/avatar\/f477da817f43e50d0af36abecd33e3edf826c68299714bdc1057dff3b113f516?s=96&d=mm&r=g","contentUrl":"https:\/\/secure.gravatar.com\/avatar\/f477da817f43e50d0af36abecd33e3edf826c68299714bdc1057dff3b113f516?s=96&d=mm&r=g","caption":"Redazione"}}]}},"_links":{"self":[{"href":"https:\/\/blog.holyart.it\/de\/wp-json\/wp\/v2\/posts\/3502","targetHints":{"allow":["GET"]}}],"collection":[{"href":"https:\/\/blog.holyart.it\/de\/wp-json\/wp\/v2\/posts"}],"about":[{"href":"https:\/\/blog.holyart.it\/de\/wp-json\/wp\/v2\/types\/post"}],"author":[{"embeddable":true,"href":"https:\/\/blog.holyart.it\/de\/wp-json\/wp\/v2\/users\/1"}],"replies":[{"embeddable":true,"href":"https:\/\/blog.holyart.it\/de\/wp-json\/wp\/v2\/comments?post=3502"}],"version-history":[{"count":4,"href":"https:\/\/blog.holyart.it\/de\/wp-json\/wp\/v2\/posts\/3502\/revisions"}],"predecessor-version":[{"id":3511,"href":"https:\/\/blog.holyart.it\/de\/wp-json\/wp\/v2\/posts\/3502\/revisions\/3511"}],"wp:featuredmedia":[{"embeddable":true,"href":"https:\/\/blog.holyart.it\/de\/wp-json\/wp\/v2\/media\/3503"}],"wp:attachment":[{"href":"https:\/\/blog.holyart.it\/de\/wp-json\/wp\/v2\/media?parent=3502"}],"wp:term":[{"taxonomy":"category","embeddable":true,"href":"https:\/\/blog.holyart.it\/de\/wp-json\/wp\/v2\/categories?post=3502"},{"taxonomy":"post_tag","embeddable":true,"href":"https:\/\/blog.holyart.it\/de\/wp-json\/wp\/v2\/tags?post=3502"}],"curies":[{"name":"wp","href":"https:\/\/api.w.org\/{rel}","templated":true}]}}