{"id":3470,"date":"2024-01-17T10:00:47","date_gmt":"2024-01-17T09:00:47","guid":{"rendered":"https:\/\/blog.holyart.it\/de\/?p=3470"},"modified":"2025-05-21T17:49:00","modified_gmt":"2025-05-21T15:49:00","slug":"die-graeber-der-paepste-und-alles-was-sie-wissen-muessen","status":"publish","type":"post","link":"https:\/\/blog.holyart.it\/de\/devotionalien\/die-graeber-der-paepste-und-alles-was-sie-wissen-muessen\/","title":{"rendered":"Die Gr\u00e4ber der P\u00e4pste und alles, was Sie wissen m\u00fcssen"},"content":{"rendered":"<h4><em>Wo befinden sich die Gr\u00e4ber der P\u00e4pste? Finden wir heraus, wo die obersten P\u00e4pste seit Jahrhunderten begraben sind und wie sie begraben werden<\/em><\/h4>\n<p>Wo sind die P\u00e4pste begraben? Eine banale Frage vielleicht, aber eine, die eine tiefe Bedeutung hat, die eng mit dem Wesen der Figur des Papstes verbunden ist.<\/p>\n<p>Zun\u00e4chst sei gesagt, dass nicht alle P\u00e4pste am gleichen Ort begraben sind, obwohl die meisten von ihnen die <strong>vatikanischen Grotten<\/strong> unter dem Petersdom als letzte Ruhest\u00e4tte gew\u00e4hlt haben. Diese Wahl macht Sinn, wenn man bedenkt, dass sich direkt unter der Basilika die sterblichen \u00dcberreste des ersten Papstes, <strong><a href=\"https:\/\/www.holyart.de\/devotionalien\/statuen\/statuen-aus-gips\/statue-aus-gips-heiliger-petrus-handbemalt-arte-barsanti-30-cm?_gl=1*11b4px1*_gcl_au*MjEzMjgwNzUyLjE3MDI1NjUxODE.*_ga*MTQ4NzE4MjM0Mi4xNjk0Nzg4MTQz*_ga_W18MV136NH*MTcwNDE4MzUyNy4yMDYuMS4xNzA0MTg3MzI2LjAuMC4w\">des Gr\u00fcnders der Kirche, befinden: Petrus<\/a><\/strong>.<\/p>\n<p>Das <a href=\"https:\/\/www.holyart.de\/blog\/heilige-und-selige\/das-grab-des-heiligen-petrus-und-seine-unglaubliche-entdeckung\/\"><strong>Grab des heiligen Petrus <\/strong><\/a>wurde n\u00e4mlich direkt unter dem Hochaltar der Basilika, die seinen Namen tr\u00e4gt, entdeckt, und zwar dank einer Reihe von Ausgrabungen, die 1939 begannen und es erm\u00f6glichten, zu rekonstruieren, wie und wie sehr die sterblichen \u00dcberreste des Heiligen im Laufe der Jahrhunderte als unsch\u00e4tzbarer Schatz verehrt und bewahrt wurden.<\/p>\n<p>Die vatikanischen Grotten sind eigentlich keine Grotten, sondern eine Art Kirche unter der Kirche. Tats\u00e4chlich erstrecken sie sich drei Meter unter dem Boden des Petersdoms, \u00fcber eine L\u00e4nge, die den Hochaltar einschlie\u00dft und etwa die H\u00e4lfte des Kirchenschiffs erreicht. In der Praxis handelt es sich um einen leeren Raum, der die urspr\u00fcngliche, von Konstantin im 4. Jahrhundert erbaute Basilika von der heutigen trennt. Hier, in einem System von G\u00e4ngen und Nischen, die den Grundriss einer dreischiffigen Kirche bilden (<em>Alte Grotten<\/em>), \u00f6ffnen sich zahlreiche Kapellen, in denen die Gr\u00e4ber der P\u00e4pste (<em>Neue Grotten<\/em>) untergebracht sind, von denen die meisten mit Grabdenkm\u00e4lern geschm\u00fcckt sind, obwohl einige P\u00e4pste ausdr\u00fccklich w\u00fcnschten, dass ihr Grab nur mit einer Platte mit ihrem Namen versehen wird. Der letzte, der diese Wahl traf, war Johannes Paul II. Im Zentrum des Komplexes der <em>Neuen Grotten<\/em> steht <strong>die Kapelle des Heiligen Petrus<\/strong>, die sich unter dem Hochaltar und der Kuppel der Basilika von Michelangelo befindet.<\/p>\n<div class=\"link-article\">\n<p><img loading=\"lazy\" decoding=\"async\" class=\"size-full wp-image-3479 alignleft\" src=\"https:\/\/blog.holyart.it\/de\/wp-content\/uploads\/sites\/12\/2024\/01\/Das-Grab-des-heiligen-Petrus-1.jpeg\" alt=\"Das Grab des heiligen Petrus\" width=\"150\" height=\"100\" data-kale-share-title=\"Die Gr\u00e4ber der P\u00e4pste und alles, was Sie wissen m\u00fcssen\" data-kale-share-url=\"https:\/\/blog.holyart.it\/de\/?p=3470\" \/><\/p>\n<div class=\"leggi-anche\">Lesen Sie auch:<\/div>\n<p><strong><a href=\"https:\/\/www.holyart.de\/blog\/heilige-und-selige\/das-grab-des-heiligen-petrus-und-seine-unglaubliche-entdeckung\/\">Das Grab des heiligen Petrus und seine unglaubliche Entdeckung<\/a><\/strong><br \/>\nDas Grab des heiligen Petrus in Rom gilt seit jeher als einer der heiligen Orte des Christentums schlechthin.<\/p>\n<\/div>\n<p>Wir sprachen \u00fcber die Kunstwerke, die die Gr\u00e4ber der P\u00e4pste in den Vatikanischen Grotten schm\u00fccken. In vielen Epochen der Geschichte war es eine Ehre, an diesem Ort begraben zu werden, die alle P\u00e4pste anstrebten, und nicht nur sie. Tats\u00e4chlich liegen in den Grotten auch M\u00e4nner und Frauen, die sich durch ihre Bedeutung und ihren moralischen Wert ausgezeichnet haben, darunter zwei K\u00f6niginnen. Doch auch in der Vergangenheit zogen es einige P\u00e4pste vor, anderswo beigesetzt zu werden. Zum Beispiel in <strong>San Giovanni in Laterano<\/strong>, einer Nekropole, die fast das gesamte 12. Jahrhundert hindurch als Grabst\u00e4tte f\u00fcr viele mittelalterliche P\u00e4pste diente und in dem unter anderem die sterblichen \u00dcberreste von Leo XIII. ruhen, w\u00e4hrend Pius IX. in der <strong>Basilika San Lorenzo fuori le Mura<\/strong> beigesetzt ist.<\/p>\n<h2>Wie werden P\u00e4pste beigesetzt?<\/h2>\n<p>Wie bei einer so bedeutenden Pers\u00f6nlichkeit nicht anders zu erwarten, unterliegt der Tod und die Bestattung eines Papstes einer ganzen Reihe von zeitlich festgelegten Traditionen und Ritualen. Zun\u00e4chst muss der Tod des Pontifex offiziell vom <strong>Camerlengo<\/strong>, dem Kardinal, der f\u00fcr die Verwaltung der Finanzen des Heiligen Stuhls zust\u00e4ndig ist und den Vorsitz des vakanten Stuhls innehat, festgestellt werden. Die Best\u00e4tigung muss vor dem <strong>Meister der liturgischen Feiern<\/strong> und dem <strong>Sekret\u00e4r<\/strong> und <strong>Kanzler der Apostolischen Kammer<\/strong> erfolgen.<\/p>\n<p>Der Camerlengo <strong>versiegelt auch die R\u00e4ume des Papstes<\/strong>. Der <strong>Vikar von Rom<\/strong> verk\u00fcndet dann die Nachricht in der Stadt und in der Welt. Erst dann wird <strong>die T\u00fcr des Petersdoms<\/strong> ge\u00f6ffnet und <strong>die Glocken<\/strong> erklingen.<\/p>\n<p>Nun beginnen die eigentlichen Beerdigungsriten. Der Leichnam wird in die <a href=\"https:\/\/www.holyart.de\/kirchenbedarf\/kirchenbedarf\"><strong>p\u00e4pstlichen Gew\u00e4nder<\/strong><\/a> gekleidet: die wei\u00dfe Mitra, das rote Messgewand, das wei\u00dfe Wollpallium mit schwarzen Kreuzen. So gekleidet wird er drei Tage lang im Petersdom <strong>der Huldigung durch die Gl\u00e4ubigen<\/strong> ausgesetzt. Neun Tage lang feiern die Kardin\u00e4le die <strong>Novendiali<\/strong>, Trauerfeiern f\u00fcr die Seele des Papstes, und zerbrechen den <strong>Fischerring<\/strong>, eine der Insignien, die der Papst zu Beginn seines Pontifikats erh\u00e4lt und am Ringfinger seiner rechten Hand tr\u00e4gt, sowie das <strong>Bleisiegel<\/strong>, mit dem er die apostolischen Schreiben formalisiert. In der Vergangenheit wurde der Leichnam des Papstes oft <strong>einbalsamiert<\/strong> und das Herz und andere nahe gelegene Organe in speziellen Amphoren aufbewahrt, von denen uns viele \u00fcberliefert sind.<\/p>\n<div class=\"link-product\">\n<div class=\"blocco-immagine\"><img loading=\"lazy\" decoding=\"async\" class=\"size-full wp-image-3473 alignleft\" src=\"https:\/\/blog.holyart.it\/de\/wp-content\/uploads\/sites\/12\/2024\/01\/Kirchenbedarf.jpg\" alt=\"Kirchenbedarf\" width=\"100\" height=\"100\" data-kale-share-title=\"Die Gr\u00e4ber der P\u00e4pste und alles, was Sie wissen m\u00fcssen\" data-kale-share-url=\"https:\/\/blog.holyart.it\/de\/?p=3470\" \/><\/div>\n<div class=\"blocco-contenuto\">\n<div class=\"blocco-acquista\">Einkaufen:<\/div>\n<div class=\"blocco-titolo\"><a href=\"https:\/\/www.holyart.de\/kirchenbedarf\/kirchenbedarf\">Kirchenbedarf<\/a><\/div>\n<div class=\"blocco-descrizione\">Die Produktkategorie Kirchenbedarf ist in zahlreiche Unterkategorien unterteilt<\/div>\n<\/div>\n<\/div>\n<p>Die eigentliche <strong>Beerdigung<\/strong> wird im Petersdom mit einer <em>Missa poenitentialis<\/em> in Anwesenheit von Staatsdelegationen aus aller Welt gefeiert. Am Ende wird der Leichnam des Papstes in <strong>drei<\/strong> ineinander <strong>gestellte S\u00e4rge<\/strong> gelegt, einer aus Zypresse, einer aus Blei und einer aus Nussbaum, und schlie\u00dflich in den vatikanischen Grotten beigesetzt, es sei denn, er hat ein anderes Testament hinterlassen.<\/p>\n<h2>Wie viele sind P\u00e4pste der Geschichte?<\/h2>\n<p>Aber wie viele P\u00e4pste hat es gegeben? Nach der offiziellen Chronologie w\u00e4re <strong><a href=\"https:\/\/www.holyart.de\/besondere-anlasse\/papst-franziksus\">Papst Franziskus<\/a><\/strong> der 266. Papst in der Geschichte der Kirche. Vor ihm gab es also 265 andere P\u00e4pste, eine Zahl, die sowohl diejenigen einschlie\u00dft, die in Rom regiert haben, als auch diejenigen, die ihren Sitz in Avignon hatten (7). In Wirklichkeit zeigt eine genauere Berechnung, dass es P\u00e4pste gab, die mehr als eine Amtszeit regierten, oder die aufgrund politischer Ereignisse abgesetzt und dann wiedergew\u00e4hlt wurden. Von diesen 266 P\u00e4psten werden 81 als Heilige verehrt, 10 wurden seliggesprochen, 3 befinden sich im Seligsprechungsprozess. 2 P\u00e4pste, Leo der Gro\u00dfe und <strong><a href=\"https:\/\/www.holyart.de\/devotionalien\/statuen\/statuen-aus-bemalten-holz\/heiliger-gregor-mit-taube-bemalten-grodnertal-holz\">Gregor der Gro\u00dfe<\/a><\/strong>, haben auch den Titel eines Kirchenlehrers erhalten.<\/p>\n<div class=\"link-product\">\n<div class=\"blocco-immagine\"><img loading=\"lazy\" decoding=\"async\" class=\"size-full wp-image-3474 alignleft\" src=\"https:\/\/blog.holyart.it\/de\/wp-content\/uploads\/sites\/12\/2024\/01\/Papst-Franziksus.jpg\" alt=\"Papst Franziksus\" width=\"100\" height=\"100\" data-kale-share-title=\"Die Gr\u00e4ber der P\u00e4pste und alles, was Sie wissen m\u00fcssen\" data-kale-share-url=\"https:\/\/blog.holyart.it\/de\/?p=3470\" \/><\/div>\n<div class=\"blocco-contenuto\">\n<div class=\"blocco-acquista\">Einkaufen:<\/div>\n<div class=\"blocco-titolo\"><a href=\"https:\/\/www.holyart.de\/besondere-anlasse\/papst-franziksus\">Papst Franziksus<\/a><\/div>\n<div class=\"blocco-descrizione\">Diese Produktkategorie ist Jorge Mario Bergoglio gewidmet.<\/div>\n<\/div>\n<\/div>\n","protected":false},"excerpt":{"rendered":"<p>Wo befinden sich die Gr\u00e4ber der P\u00e4pste? Finden wir heraus, wo die obersten P\u00e4pste seit Jahrhunderten begraben sind und wie sie begraben werden Wo sind die P\u00e4pste begraben? Eine banale Frage vielleicht, aber eine, die eine tiefe Bedeutung hat, die eng mit dem Wesen der&hellip;<\/p>\n","protected":false},"author":1,"featured_media":3471,"comment_status":"closed","ping_status":"open","sticky":false,"template":"","format":"standard","meta":{"_acf_changed":false,"footnotes":""},"categories":[10],"tags":[],"class_list":["post-3470","post","type-post","status-publish","format-standard","has-post-thumbnail","hentry","category-devotionalien"],"acf":[],"yoast_head":"<!-- This site is optimized with the Yoast SEO plugin v26.6 - https:\/\/yoast.com\/wordpress\/plugins\/seo\/ -->\n<title>Die Gr\u00e4ber der P\u00e4pste und alles, was Sie wissen m\u00fcssen - Holyart.de Blog<\/title>\n<meta name=\"description\" content=\"Wo befinden sich die Gr\u00e4ber der P\u00e4pste? Finden wir heraus, wo die obersten P\u00e4pste seit Jahrhunderten begraben sind und wie sie begraben...\" \/>\n<meta name=\"robots\" content=\"index, follow, max-snippet:-1, max-image-preview:large, max-video-preview:-1\" \/>\n<link rel=\"canonical\" href=\"https:\/\/blog.holyart.it\/de\/devotionalien\/die-graeber-der-paepste-und-alles-was-sie-wissen-muessen\/\" \/>\n<meta property=\"og:locale\" content=\"de_DE\" \/>\n<meta property=\"og:type\" content=\"article\" \/>\n<meta property=\"og:title\" content=\"Die Gr\u00e4ber der P\u00e4pste und alles, was Sie wissen m\u00fcssen - Holyart.de Blog\" \/>\n<meta property=\"og:description\" content=\"Wo befinden sich die Gr\u00e4ber der P\u00e4pste? Finden wir heraus, wo die obersten P\u00e4pste seit Jahrhunderten begraben sind und wie sie begraben...\" \/>\n<meta property=\"og:url\" content=\"https:\/\/blog.holyart.it\/de\/devotionalien\/die-graeber-der-paepste-und-alles-was-sie-wissen-muessen\/\" \/>\n<meta property=\"og:site_name\" content=\"Holyart.de Blog\" \/>\n<meta property=\"article:published_time\" content=\"2024-01-17T09:00:47+00:00\" \/>\n<meta property=\"article:modified_time\" content=\"2025-05-21T15:49:00+00:00\" \/>\n<meta property=\"og:image\" content=\"https:\/\/blog.holyart.it\/de\/wp-content\/uploads\/sites\/12\/2024\/01\/die-Graeber-der-Paepste.jpeg\" \/>\n\t<meta property=\"og:image:width\" content=\"1000\" \/>\n\t<meta property=\"og:image:height\" content=\"666\" \/>\n\t<meta property=\"og:image:type\" content=\"image\/jpeg\" \/>\n<meta name=\"author\" content=\"Redazione\" \/>\n<meta name=\"twitter:card\" content=\"summary_large_image\" \/>\n<meta name=\"twitter:label1\" content=\"Verfasst von\" \/>\n\t<meta name=\"twitter:data1\" content=\"Redazione\" \/>\n\t<meta name=\"twitter:label2\" content=\"Gesch\u00e4tzte Lesezeit\" \/>\n\t<meta name=\"twitter:data2\" content=\"6\u00a0Minuten\" \/>\n<script type=\"application\/ld+json\" class=\"yoast-schema-graph\">{\"@context\":\"https:\/\/schema.org\",\"@graph\":[{\"@type\":\"Article\",\"@id\":\"https:\/\/blog.holyart.it\/de\/devotionalien\/die-graeber-der-paepste-und-alles-was-sie-wissen-muessen\/#article\",\"isPartOf\":{\"@id\":\"https:\/\/blog.holyart.it\/de\/devotionalien\/die-graeber-der-paepste-und-alles-was-sie-wissen-muessen\/\"},\"author\":{\"name\":\"Redazione\",\"@id\":\"https:\/\/blog.holyart.it\/de\/#\/schema\/person\/0a7b686e5af0f856ec1e390dd0baecda\"},\"headline\":\"Die Gr\u00e4ber der P\u00e4pste und alles, was Sie wissen m\u00fcssen\",\"datePublished\":\"2024-01-17T09:00:47+00:00\",\"dateModified\":\"2025-05-21T15:49:00+00:00\",\"mainEntityOfPage\":{\"@id\":\"https:\/\/blog.holyart.it\/de\/devotionalien\/die-graeber-der-paepste-und-alles-was-sie-wissen-muessen\/\"},\"wordCount\":959,\"publisher\":{\"@id\":\"https:\/\/blog.holyart.it\/de\/#organization\"},\"image\":{\"@id\":\"https:\/\/blog.holyart.it\/de\/devotionalien\/die-graeber-der-paepste-und-alles-was-sie-wissen-muessen\/#primaryimage\"},\"thumbnailUrl\":\"https:\/\/blog.holyart.it\/de\/wp-content\/uploads\/sites\/12\/2024\/01\/die-Graeber-der-Paepste.jpeg\",\"articleSection\":[\"Religion\"],\"inLanguage\":\"de\"},{\"@type\":\"WebPage\",\"@id\":\"https:\/\/blog.holyart.it\/de\/devotionalien\/die-graeber-der-paepste-und-alles-was-sie-wissen-muessen\/\",\"url\":\"https:\/\/blog.holyart.it\/de\/devotionalien\/die-graeber-der-paepste-und-alles-was-sie-wissen-muessen\/\",\"name\":\"Die Gr\u00e4ber der P\u00e4pste und alles, was Sie wissen m\u00fcssen - Holyart.de Blog\",\"isPartOf\":{\"@id\":\"https:\/\/blog.holyart.it\/de\/#website\"},\"primaryImageOfPage\":{\"@id\":\"https:\/\/blog.holyart.it\/de\/devotionalien\/die-graeber-der-paepste-und-alles-was-sie-wissen-muessen\/#primaryimage\"},\"image\":{\"@id\":\"https:\/\/blog.holyart.it\/de\/devotionalien\/die-graeber-der-paepste-und-alles-was-sie-wissen-muessen\/#primaryimage\"},\"thumbnailUrl\":\"https:\/\/blog.holyart.it\/de\/wp-content\/uploads\/sites\/12\/2024\/01\/die-Graeber-der-Paepste.jpeg\",\"datePublished\":\"2024-01-17T09:00:47+00:00\",\"dateModified\":\"2025-05-21T15:49:00+00:00\",\"description\":\"Wo befinden sich die Gr\u00e4ber der P\u00e4pste? Finden wir heraus, wo die obersten P\u00e4pste seit Jahrhunderten begraben sind und wie sie begraben...\",\"breadcrumb\":{\"@id\":\"https:\/\/blog.holyart.it\/de\/devotionalien\/die-graeber-der-paepste-und-alles-was-sie-wissen-muessen\/#breadcrumb\"},\"inLanguage\":\"de\",\"potentialAction\":[{\"@type\":\"ReadAction\",\"target\":[\"https:\/\/blog.holyart.it\/de\/devotionalien\/die-graeber-der-paepste-und-alles-was-sie-wissen-muessen\/\"]}]},{\"@type\":\"ImageObject\",\"inLanguage\":\"de\",\"@id\":\"https:\/\/blog.holyart.it\/de\/devotionalien\/die-graeber-der-paepste-und-alles-was-sie-wissen-muessen\/#primaryimage\",\"url\":\"https:\/\/blog.holyart.it\/de\/wp-content\/uploads\/sites\/12\/2024\/01\/die-Graeber-der-Paepste.jpeg\",\"contentUrl\":\"https:\/\/blog.holyart.it\/de\/wp-content\/uploads\/sites\/12\/2024\/01\/die-Graeber-der-Paepste.jpeg\",\"width\":1000,\"height\":666,\"caption\":\"Die Graeber der paepste\"},{\"@type\":\"BreadcrumbList\",\"@id\":\"https:\/\/blog.holyart.it\/de\/devotionalien\/die-graeber-der-paepste-und-alles-was-sie-wissen-muessen\/#breadcrumb\",\"itemListElement\":[{\"@type\":\"ListItem\",\"position\":1,\"name\":\"Homepage\",\"item\":\"https:\/\/blog.holyart.it\/de\/\"},{\"@type\":\"ListItem\",\"position\":2,\"name\":\"Religion\",\"item\":\"https:\/\/blog.holyart.it\/de\/devotionalien\/\"},{\"@type\":\"ListItem\",\"position\":3,\"name\":\"Die Gr\u00e4ber der P\u00e4pste und alles, was Sie wissen m\u00fcssen\"}]},{\"@type\":\"WebSite\",\"@id\":\"https:\/\/blog.holyart.it\/de\/#website\",\"url\":\"https:\/\/blog.holyart.it\/de\/\",\"name\":\"Holyart.de Blog\",\"description\":\"Holyblog\",\"publisher\":{\"@id\":\"https:\/\/blog.holyart.it\/de\/#organization\"},\"potentialAction\":[{\"@type\":\"SearchAction\",\"target\":{\"@type\":\"EntryPoint\",\"urlTemplate\":\"https:\/\/blog.holyart.it\/de\/?s={search_term_string}\"},\"query-input\":{\"@type\":\"PropertyValueSpecification\",\"valueRequired\":true,\"valueName\":\"search_term_string\"}}],\"inLanguage\":\"de\"},{\"@type\":\"Organization\",\"@id\":\"https:\/\/blog.holyart.it\/de\/#organization\",\"name\":\"Holyart.de Blog\",\"url\":\"https:\/\/blog.holyart.it\/de\/\",\"logo\":{\"@type\":\"ImageObject\",\"inLanguage\":\"de\",\"@id\":\"https:\/\/blog.holyart.it\/de\/#\/schema\/logo\/image\/\",\"url\":\"https:\/\/blog.holyart.it\/de\/wp-content\/uploads\/sites\/12\/2022\/12\/Holyart_Blog_Logo.jpg\",\"contentUrl\":\"https:\/\/blog.holyart.it\/de\/wp-content\/uploads\/sites\/12\/2022\/12\/Holyart_Blog_Logo.jpg\",\"width\":300,\"height\":50,\"caption\":\"Holyart.de Blog\"},\"image\":{\"@id\":\"https:\/\/blog.holyart.it\/de\/#\/schema\/logo\/image\/\"}},{\"@type\":\"Person\",\"@id\":\"https:\/\/blog.holyart.it\/de\/#\/schema\/person\/0a7b686e5af0f856ec1e390dd0baecda\",\"name\":\"Redazione\",\"image\":{\"@type\":\"ImageObject\",\"inLanguage\":\"de\",\"@id\":\"https:\/\/blog.holyart.it\/de\/#\/schema\/person\/image\/\",\"url\":\"https:\/\/secure.gravatar.com\/avatar\/f477da817f43e50d0af36abecd33e3edf826c68299714bdc1057dff3b113f516?s=96&d=mm&r=g\",\"contentUrl\":\"https:\/\/secure.gravatar.com\/avatar\/f477da817f43e50d0af36abecd33e3edf826c68299714bdc1057dff3b113f516?s=96&d=mm&r=g\",\"caption\":\"Redazione\"}}]}<\/script>\n<!-- \/ Yoast SEO plugin. -->","yoast_head_json":{"title":"Die Gr\u00e4ber der P\u00e4pste und alles, was Sie wissen m\u00fcssen - Holyart.de Blog","description":"Wo befinden sich die Gr\u00e4ber der P\u00e4pste? Finden wir heraus, wo die obersten P\u00e4pste seit Jahrhunderten begraben sind und wie sie begraben...","robots":{"index":"index","follow":"follow","max-snippet":"max-snippet:-1","max-image-preview":"max-image-preview:large","max-video-preview":"max-video-preview:-1"},"canonical":"https:\/\/blog.holyart.it\/de\/devotionalien\/die-graeber-der-paepste-und-alles-was-sie-wissen-muessen\/","og_locale":"de_DE","og_type":"article","og_title":"Die Gr\u00e4ber der P\u00e4pste und alles, was Sie wissen m\u00fcssen - Holyart.de Blog","og_description":"Wo befinden sich die Gr\u00e4ber der P\u00e4pste? Finden wir heraus, wo die obersten P\u00e4pste seit Jahrhunderten begraben sind und wie sie begraben...","og_url":"https:\/\/blog.holyart.it\/de\/devotionalien\/die-graeber-der-paepste-und-alles-was-sie-wissen-muessen\/","og_site_name":"Holyart.de Blog","article_published_time":"2024-01-17T09:00:47+00:00","article_modified_time":"2025-05-21T15:49:00+00:00","og_image":[{"width":1000,"height":666,"url":"https:\/\/blog.holyart.it\/de\/wp-content\/uploads\/sites\/12\/2024\/01\/die-Graeber-der-Paepste.jpeg","type":"image\/jpeg"}],"author":"Redazione","twitter_card":"summary_large_image","twitter_misc":{"Verfasst von":"Redazione","Gesch\u00e4tzte Lesezeit":"6\u00a0Minuten"},"schema":{"@context":"https:\/\/schema.org","@graph":[{"@type":"Article","@id":"https:\/\/blog.holyart.it\/de\/devotionalien\/die-graeber-der-paepste-und-alles-was-sie-wissen-muessen\/#article","isPartOf":{"@id":"https:\/\/blog.holyart.it\/de\/devotionalien\/die-graeber-der-paepste-und-alles-was-sie-wissen-muessen\/"},"author":{"name":"Redazione","@id":"https:\/\/blog.holyart.it\/de\/#\/schema\/person\/0a7b686e5af0f856ec1e390dd0baecda"},"headline":"Die Gr\u00e4ber der P\u00e4pste und alles, was Sie wissen m\u00fcssen","datePublished":"2024-01-17T09:00:47+00:00","dateModified":"2025-05-21T15:49:00+00:00","mainEntityOfPage":{"@id":"https:\/\/blog.holyart.it\/de\/devotionalien\/die-graeber-der-paepste-und-alles-was-sie-wissen-muessen\/"},"wordCount":959,"publisher":{"@id":"https:\/\/blog.holyart.it\/de\/#organization"},"image":{"@id":"https:\/\/blog.holyart.it\/de\/devotionalien\/die-graeber-der-paepste-und-alles-was-sie-wissen-muessen\/#primaryimage"},"thumbnailUrl":"https:\/\/blog.holyart.it\/de\/wp-content\/uploads\/sites\/12\/2024\/01\/die-Graeber-der-Paepste.jpeg","articleSection":["Religion"],"inLanguage":"de"},{"@type":"WebPage","@id":"https:\/\/blog.holyart.it\/de\/devotionalien\/die-graeber-der-paepste-und-alles-was-sie-wissen-muessen\/","url":"https:\/\/blog.holyart.it\/de\/devotionalien\/die-graeber-der-paepste-und-alles-was-sie-wissen-muessen\/","name":"Die Gr\u00e4ber der P\u00e4pste und alles, was Sie wissen m\u00fcssen - Holyart.de Blog","isPartOf":{"@id":"https:\/\/blog.holyart.it\/de\/#website"},"primaryImageOfPage":{"@id":"https:\/\/blog.holyart.it\/de\/devotionalien\/die-graeber-der-paepste-und-alles-was-sie-wissen-muessen\/#primaryimage"},"image":{"@id":"https:\/\/blog.holyart.it\/de\/devotionalien\/die-graeber-der-paepste-und-alles-was-sie-wissen-muessen\/#primaryimage"},"thumbnailUrl":"https:\/\/blog.holyart.it\/de\/wp-content\/uploads\/sites\/12\/2024\/01\/die-Graeber-der-Paepste.jpeg","datePublished":"2024-01-17T09:00:47+00:00","dateModified":"2025-05-21T15:49:00+00:00","description":"Wo befinden sich die Gr\u00e4ber der P\u00e4pste? Finden wir heraus, wo die obersten P\u00e4pste seit Jahrhunderten begraben sind und wie sie begraben...","breadcrumb":{"@id":"https:\/\/blog.holyart.it\/de\/devotionalien\/die-graeber-der-paepste-und-alles-was-sie-wissen-muessen\/#breadcrumb"},"inLanguage":"de","potentialAction":[{"@type":"ReadAction","target":["https:\/\/blog.holyart.it\/de\/devotionalien\/die-graeber-der-paepste-und-alles-was-sie-wissen-muessen\/"]}]},{"@type":"ImageObject","inLanguage":"de","@id":"https:\/\/blog.holyart.it\/de\/devotionalien\/die-graeber-der-paepste-und-alles-was-sie-wissen-muessen\/#primaryimage","url":"https:\/\/blog.holyart.it\/de\/wp-content\/uploads\/sites\/12\/2024\/01\/die-Graeber-der-Paepste.jpeg","contentUrl":"https:\/\/blog.holyart.it\/de\/wp-content\/uploads\/sites\/12\/2024\/01\/die-Graeber-der-Paepste.jpeg","width":1000,"height":666,"caption":"Die Graeber der paepste"},{"@type":"BreadcrumbList","@id":"https:\/\/blog.holyart.it\/de\/devotionalien\/die-graeber-der-paepste-und-alles-was-sie-wissen-muessen\/#breadcrumb","itemListElement":[{"@type":"ListItem","position":1,"name":"Homepage","item":"https:\/\/blog.holyart.it\/de\/"},{"@type":"ListItem","position":2,"name":"Religion","item":"https:\/\/blog.holyart.it\/de\/devotionalien\/"},{"@type":"ListItem","position":3,"name":"Die Gr\u00e4ber der P\u00e4pste und alles, was Sie wissen m\u00fcssen"}]},{"@type":"WebSite","@id":"https:\/\/blog.holyart.it\/de\/#website","url":"https:\/\/blog.holyart.it\/de\/","name":"Holyart.de Blog","description":"Holyblog","publisher":{"@id":"https:\/\/blog.holyart.it\/de\/#organization"},"potentialAction":[{"@type":"SearchAction","target":{"@type":"EntryPoint","urlTemplate":"https:\/\/blog.holyart.it\/de\/?s={search_term_string}"},"query-input":{"@type":"PropertyValueSpecification","valueRequired":true,"valueName":"search_term_string"}}],"inLanguage":"de"},{"@type":"Organization","@id":"https:\/\/blog.holyart.it\/de\/#organization","name":"Holyart.de Blog","url":"https:\/\/blog.holyart.it\/de\/","logo":{"@type":"ImageObject","inLanguage":"de","@id":"https:\/\/blog.holyart.it\/de\/#\/schema\/logo\/image\/","url":"https:\/\/blog.holyart.it\/de\/wp-content\/uploads\/sites\/12\/2022\/12\/Holyart_Blog_Logo.jpg","contentUrl":"https:\/\/blog.holyart.it\/de\/wp-content\/uploads\/sites\/12\/2022\/12\/Holyart_Blog_Logo.jpg","width":300,"height":50,"caption":"Holyart.de Blog"},"image":{"@id":"https:\/\/blog.holyart.it\/de\/#\/schema\/logo\/image\/"}},{"@type":"Person","@id":"https:\/\/blog.holyart.it\/de\/#\/schema\/person\/0a7b686e5af0f856ec1e390dd0baecda","name":"Redazione","image":{"@type":"ImageObject","inLanguage":"de","@id":"https:\/\/blog.holyart.it\/de\/#\/schema\/person\/image\/","url":"https:\/\/secure.gravatar.com\/avatar\/f477da817f43e50d0af36abecd33e3edf826c68299714bdc1057dff3b113f516?s=96&d=mm&r=g","contentUrl":"https:\/\/secure.gravatar.com\/avatar\/f477da817f43e50d0af36abecd33e3edf826c68299714bdc1057dff3b113f516?s=96&d=mm&r=g","caption":"Redazione"}}]}},"_links":{"self":[{"href":"https:\/\/blog.holyart.it\/de\/wp-json\/wp\/v2\/posts\/3470","targetHints":{"allow":["GET"]}}],"collection":[{"href":"https:\/\/blog.holyart.it\/de\/wp-json\/wp\/v2\/posts"}],"about":[{"href":"https:\/\/blog.holyart.it\/de\/wp-json\/wp\/v2\/types\/post"}],"author":[{"embeddable":true,"href":"https:\/\/blog.holyart.it\/de\/wp-json\/wp\/v2\/users\/1"}],"replies":[{"embeddable":true,"href":"https:\/\/blog.holyart.it\/de\/wp-json\/wp\/v2\/comments?post=3470"}],"version-history":[{"count":6,"href":"https:\/\/blog.holyart.it\/de\/wp-json\/wp\/v2\/posts\/3470\/revisions"}],"predecessor-version":[{"id":3481,"href":"https:\/\/blog.holyart.it\/de\/wp-json\/wp\/v2\/posts\/3470\/revisions\/3481"}],"wp:featuredmedia":[{"embeddable":true,"href":"https:\/\/blog.holyart.it\/de\/wp-json\/wp\/v2\/media\/3471"}],"wp:attachment":[{"href":"https:\/\/blog.holyart.it\/de\/wp-json\/wp\/v2\/media?parent=3470"}],"wp:term":[{"taxonomy":"category","embeddable":true,"href":"https:\/\/blog.holyart.it\/de\/wp-json\/wp\/v2\/categories?post=3470"},{"taxonomy":"post_tag","embeddable":true,"href":"https:\/\/blog.holyart.it\/de\/wp-json\/wp\/v2\/tags?post=3470"}],"curies":[{"name":"wp","href":"https:\/\/api.w.org\/{rel}","templated":true}]}}