{"id":3393,"date":"2024-01-01T10:00:19","date_gmt":"2024-01-01T09:00:19","guid":{"rendered":"https:\/\/blog.holyart.it\/de\/?p=3393"},"modified":"2024-07-15T10:48:17","modified_gmt":"2024-07-15T08:48:17","slug":"der-vollkommene-ablass-bedeutung-ursprung-und-weg-zum-ablass","status":"publish","type":"post","link":"https:\/\/blog.holyart.it\/de\/devotionalien\/der-vollkommene-ablass-bedeutung-ursprung-und-weg-zum-ablass\/","title":{"rendered":"Der vollkommene Ablass: Bedeutung, Ursprung und Weg zum Ablass"},"content":{"rendered":"<h4><em>Was ist ein vollkommener Ablass? Aus diesem Grund hat Papst Franziskus ihn denjenigen gew\u00e4hrt, die am Jahr des Heiligen Josef teilnehmen<\/em><\/h4>\n\n<p>Um zu verstehen, was ein Ablass ist, m\u00fcssen wir uns zwei Aspekte der S\u00fcnde vor Augen halten: Schuld und Strafe. Die Schuld wird durch die Beichte getilgt, die Strafe ist die Auswirkung der S\u00fcnde, die auch nach der Vergebung bestehen bleibt. Der Ablass beseitigt auch <strong>die zeitliche Strafe<\/strong>, dank der Vermittlung der Kirche und bestimmter frommer Praktiken, zu denen die Gl\u00e4ubigen aufgerufen sind. Er kann teilweise oder vollst\u00e4ndig sein.<\/p>\n<h2>Der Ursprung des vollkommenen Ablasses<\/h2>\n<p>Der Ursprung des Ablasses liegt in den Bu\u00dfpraktiken, die die fr\u00fchen christlichen Gemeinschaften pr\u00e4gten. Lange bevor die Sakramente so strukturiert waren, wie wir sie heute kennen, mussten die Gl\u00e4ubigen die durch ihre S\u00fcnde verursachte Strafe durch ganz bestimmte, oft \u00f6ffentliche Handlungen und Verfahren abb\u00fc\u00dfen. Im Laufe der Jahrhunderte, insbesondere um 1000-1100 n. Chr., verbreitete sich der Brauch, dass die Strafe, der der Gl\u00e4ubige ausgesetzt war, <strong>durch das Eingreifen der Kirche gemildert oder aufgehoben<\/strong> werden konnte. Durch bestimmte Werke, Gebete und Pilgerfahrten konnte der reuige Gl\u00e4ubige einen <strong>Ablass<\/strong> erlangen.<\/p>\n<h2>Die Vergebungsbulle: der erste vollkommene Ablass der Geschichte<strong><img loading=\"lazy\" decoding=\"async\" class=\"alignnone size-full wp-image-3395\" src=\"https:\/\/blog.holyart.it\/de\/wp-content\/uploads\/sites\/12\/2023\/12\/Die-Vergebungsbulle.jpg\" alt=\"Die Vergebungsbulle\" width=\"714\" height=\"463\" data-kale-share-title=\"Der vollkommene Ablass: Bedeutung, Ursprung und Weg zum Ablass\" data-kale-share-url=\"https:\/\/blog.holyart.it\/de\/?p=3393\" \/><\/strong><\/h2>\n<p>Eine sehr wichtige Episode im Zusammenhang mit dem vollkommenen Ablass ist die <strong>Vergebungsbulle<\/strong> von Papst Coelestin V. Als er 1294 Papst wurde, gew\u00e4hrte er allen Gl\u00e4ubigen, die die Basilika von Collemaggio von der Vesper am 28. August bis zum Sonnenuntergang am 29. August besuchten, einen vollkommenen Ablass. Dies war das erste Beispiel f\u00fcr einen vollkommenen Ablass, den der Papst allen Gl\u00e4ubigen aus allen Lebensbereichen gew\u00e4hrte.<\/p>\n<h2>Der vollkommene Ablass f\u00fcr die Verstorbenen<\/h2>\n<p>Einen vollkommenen Ablass kann man sowohl f\u00fcr sich selbst als auch f\u00fcr die <a href=\"https:\/\/www.holyart.de\/devotionalien\/grabartikel\"><strong>Verstorbenen<\/strong><\/a> erhalten. Indem sie einen Ablass f\u00fcr verstorbene Angeh\u00f6rige beantragen, k\u00f6nnen die Gl\u00e4ubigen die Strafe, die diese zu verb\u00fc\u00dfen haben, bevor sie in den Himmel kommen, verk\u00fcrzen oder aufheben.<\/p>\n<h2>Handbuch der Abl\u00e4sse<\/h2>\n<p>Zur Kl\u00e4rung und Sammlung aller Informationen \u00fcber den Erhalt des vollkommenen Ablasses gibt es das <strong>Handbuch der Abl\u00e4sse<\/strong>. Das Handbuch enth\u00e4lt mehrere Dokumente, darunter die \u201eAblassnormen\u201c und eine Liste der Konzessionen, d. h. der Arbeiten und Gebete, die zur Erlangung des Ablasses verrichtet werden m\u00fcssen. Die Beichte und die sakramentale Kommunion sind immer erforderlich, ebenso wie das Gebet f\u00fcr die Anliegen des Papstes.<\/p>\n<h2>Der heilige Franz von Assisi und die Vergebung der Pilger<\/h2>\n<p>Sehr ber\u00fchmt ist der sogenannte <strong>Ablass von Assisi<\/strong> oder <strong>Ablass der Portiunkula<\/strong>. Der <strong><a href=\"https:\/\/www.holyart.de\/search?params=%7B%22search%22%3A%22heilige%20franz%22%7D&amp;search=heilige+franz\">heilige Franz<\/a><\/strong> selbst bat Papst Honorius III., den Pilgern, die die Portiunkula-Kirche besuchten, einen Ablass zu gew\u00e4hren. Dieser religi\u00f6se Ritus ist immer und f\u00fcr jeden g\u00fcltig. Au\u00dferdem wird der Portiunkula-Ablass jedes Jahr vom 1. August um 12 Uhr mittags bis zum 2. August um Mitternacht auf alle Pfarrkirchen und alle franziskanischen Kirchen in der ganzen Welt ausgedehnt.<\/p>\n<div class=\"link-product\">\n<div class=\"blocco-immagine\"><img loading=\"lazy\" decoding=\"async\" class=\"size-full wp-image-3396 alignleft\" src=\"https:\/\/blog.holyart.it\/de\/wp-content\/uploads\/sites\/12\/2023\/12\/heiliger-franziskus-klein-francesco-pinton.jpg\" alt=\"Heiliger Franziskus klein Francesco Pinton\" width=\"100\" height=\"100\" data-kale-share-title=\"Der vollkommene Ablass: Bedeutung, Ursprung und Weg zum Ablass\" data-kale-share-url=\"https:\/\/blog.holyart.it\/de\/?p=3393\" \/><\/div>\n<div class=\"blocco-contenuto\">\n<div class=\"blocco-acquista\">Einkaufen:<\/div>\n<div class=\"blocco-titolo\"><a href=\"https:\/\/www.holyart.de\/devotionalien\/statuen\/statuen-aus-porzellan-und-ton\/heiliger-franziskus-klein-francesco-pinton-12-cm\">Heiliger Franziskus klein Francesco Pinton 12 cm<\/a><\/div>\n<div class=\"blocco-descrizione\">Der Heilige Franziskus interpretiert von Franceso Pinton. Er bekommt die Stigmata.<\/div>\n<\/div>\n<\/div>\n","protected":false},"excerpt":{"rendered":"<p>Was ist ein vollkommener Ablass? Aus diesem Grund hat Papst Franziskus ihn denjenigen gew\u00e4hrt, die am Jahr des Heiligen Josef teilnehmen Um zu verstehen, was ein Ablass ist, m\u00fcssen wir uns zwei Aspekte der S\u00fcnde vor Augen halten: Schuld und Strafe. Die Schuld wird durch&hellip;<\/p>\n","protected":false},"author":1,"featured_media":3394,"comment_status":"closed","ping_status":"open","sticky":false,"template":"","format":"standard","meta":{"_acf_changed":false,"footnotes":""},"categories":[17,10],"tags":[],"class_list":["post-3393","post","type-post","status-publish","format-standard","has-post-thumbnail","hentry","category-jubilaeum-2025","category-devotionalien"],"acf":[],"yoast_head":"<!-- This site is optimized with the Yoast SEO plugin v26.6 - https:\/\/yoast.com\/wordpress\/plugins\/seo\/ -->\n<title>Der vollkommene Ablass: Bedeutung, Ursprung und Weg zum Ablass - Holyart.de Blog<\/title>\n<meta name=\"description\" content=\"Was ist ein vollkommener Ablass? Aus diesem Grund hat Papst Franziskus ihn denjenigen gew\u00e4hrt, die am Jahr des Heiligen Josef teilnehmen.\" \/>\n<meta name=\"robots\" content=\"index, follow, max-snippet:-1, max-image-preview:large, max-video-preview:-1\" \/>\n<link rel=\"canonical\" href=\"https:\/\/blog.holyart.it\/de\/devotionalien\/der-vollkommene-ablass-bedeutung-ursprung-und-weg-zum-ablass\/\" \/>\n<meta property=\"og:locale\" content=\"de_DE\" \/>\n<meta property=\"og:type\" content=\"article\" \/>\n<meta property=\"og:title\" content=\"Der vollkommene Ablass: Bedeutung, Ursprung und Weg zum Ablass - Holyart.de Blog\" \/>\n<meta property=\"og:description\" content=\"Was ist ein vollkommener Ablass? Aus diesem Grund hat Papst Franziskus ihn denjenigen gew\u00e4hrt, die am Jahr des Heiligen Josef teilnehmen.\" \/>\n<meta property=\"og:url\" content=\"https:\/\/blog.holyart.it\/de\/devotionalien\/der-vollkommene-ablass-bedeutung-ursprung-und-weg-zum-ablass\/\" \/>\n<meta property=\"og:site_name\" content=\"Holyart.de Blog\" \/>\n<meta property=\"article:published_time\" content=\"2024-01-01T09:00:19+00:00\" \/>\n<meta property=\"article:modified_time\" content=\"2024-07-15T08:48:17+00:00\" \/>\n<meta property=\"og:image\" content=\"https:\/\/blog.holyart.it\/de\/wp-content\/uploads\/sites\/12\/2023\/12\/vollkommener-Ablass.jpeg\" \/>\n\t<meta property=\"og:image:width\" content=\"1000\" \/>\n\t<meta property=\"og:image:height\" content=\"666\" \/>\n\t<meta property=\"og:image:type\" content=\"image\/jpeg\" \/>\n<meta name=\"author\" content=\"Redazione\" \/>\n<meta name=\"twitter:card\" content=\"summary_large_image\" \/>\n<meta name=\"twitter:label1\" content=\"Verfasst von\" \/>\n\t<meta name=\"twitter:data1\" content=\"Redazione\" \/>\n\t<meta name=\"twitter:label2\" content=\"Gesch\u00e4tzte Lesezeit\" \/>\n\t<meta name=\"twitter:data2\" content=\"4\u00a0Minuten\" \/>\n<script type=\"application\/ld+json\" class=\"yoast-schema-graph\">{\"@context\":\"https:\/\/schema.org\",\"@graph\":[{\"@type\":\"Article\",\"@id\":\"https:\/\/blog.holyart.it\/de\/devotionalien\/der-vollkommene-ablass-bedeutung-ursprung-und-weg-zum-ablass\/#article\",\"isPartOf\":{\"@id\":\"https:\/\/blog.holyart.it\/de\/devotionalien\/der-vollkommene-ablass-bedeutung-ursprung-und-weg-zum-ablass\/\"},\"author\":{\"name\":\"Redazione\",\"@id\":\"https:\/\/blog.holyart.it\/de\/#\/schema\/person\/0a7b686e5af0f856ec1e390dd0baecda\"},\"headline\":\"Der vollkommene Ablass: Bedeutung, Ursprung und Weg zum Ablass\",\"datePublished\":\"2024-01-01T09:00:19+00:00\",\"dateModified\":\"2024-07-15T08:48:17+00:00\",\"mainEntityOfPage\":{\"@id\":\"https:\/\/blog.holyart.it\/de\/devotionalien\/der-vollkommene-ablass-bedeutung-ursprung-und-weg-zum-ablass\/\"},\"wordCount\":512,\"publisher\":{\"@id\":\"https:\/\/blog.holyart.it\/de\/#organization\"},\"image\":{\"@id\":\"https:\/\/blog.holyart.it\/de\/devotionalien\/der-vollkommene-ablass-bedeutung-ursprung-und-weg-zum-ablass\/#primaryimage\"},\"thumbnailUrl\":\"https:\/\/blog.holyart.it\/de\/wp-content\/uploads\/sites\/12\/2023\/12\/vollkommener-Ablass.jpeg\",\"articleSection\":[\"Jubil\u00e4um 2025\",\"Religion\"],\"inLanguage\":\"de\"},{\"@type\":\"WebPage\",\"@id\":\"https:\/\/blog.holyart.it\/de\/devotionalien\/der-vollkommene-ablass-bedeutung-ursprung-und-weg-zum-ablass\/\",\"url\":\"https:\/\/blog.holyart.it\/de\/devotionalien\/der-vollkommene-ablass-bedeutung-ursprung-und-weg-zum-ablass\/\",\"name\":\"Der vollkommene Ablass: Bedeutung, Ursprung und Weg zum Ablass - Holyart.de Blog\",\"isPartOf\":{\"@id\":\"https:\/\/blog.holyart.it\/de\/#website\"},\"primaryImageOfPage\":{\"@id\":\"https:\/\/blog.holyart.it\/de\/devotionalien\/der-vollkommene-ablass-bedeutung-ursprung-und-weg-zum-ablass\/#primaryimage\"},\"image\":{\"@id\":\"https:\/\/blog.holyart.it\/de\/devotionalien\/der-vollkommene-ablass-bedeutung-ursprung-und-weg-zum-ablass\/#primaryimage\"},\"thumbnailUrl\":\"https:\/\/blog.holyart.it\/de\/wp-content\/uploads\/sites\/12\/2023\/12\/vollkommener-Ablass.jpeg\",\"datePublished\":\"2024-01-01T09:00:19+00:00\",\"dateModified\":\"2024-07-15T08:48:17+00:00\",\"description\":\"Was ist ein vollkommener Ablass? Aus diesem Grund hat Papst Franziskus ihn denjenigen gew\u00e4hrt, die am Jahr des Heiligen Josef teilnehmen.\",\"breadcrumb\":{\"@id\":\"https:\/\/blog.holyart.it\/de\/devotionalien\/der-vollkommene-ablass-bedeutung-ursprung-und-weg-zum-ablass\/#breadcrumb\"},\"inLanguage\":\"de\",\"potentialAction\":[{\"@type\":\"ReadAction\",\"target\":[\"https:\/\/blog.holyart.it\/de\/devotionalien\/der-vollkommene-ablass-bedeutung-ursprung-und-weg-zum-ablass\/\"]}]},{\"@type\":\"ImageObject\",\"inLanguage\":\"de\",\"@id\":\"https:\/\/blog.holyart.it\/de\/devotionalien\/der-vollkommene-ablass-bedeutung-ursprung-und-weg-zum-ablass\/#primaryimage\",\"url\":\"https:\/\/blog.holyart.it\/de\/wp-content\/uploads\/sites\/12\/2023\/12\/vollkommener-Ablass.jpeg\",\"contentUrl\":\"https:\/\/blog.holyart.it\/de\/wp-content\/uploads\/sites\/12\/2023\/12\/vollkommener-Ablass.jpeg\",\"width\":1000,\"height\":666,\"caption\":\"Volkommen Ablass\"},{\"@type\":\"BreadcrumbList\",\"@id\":\"https:\/\/blog.holyart.it\/de\/devotionalien\/der-vollkommene-ablass-bedeutung-ursprung-und-weg-zum-ablass\/#breadcrumb\",\"itemListElement\":[{\"@type\":\"ListItem\",\"position\":1,\"name\":\"Homepage\",\"item\":\"https:\/\/blog.holyart.it\/de\/\"},{\"@type\":\"ListItem\",\"position\":2,\"name\":\"Jubil\u00e4um 2025\",\"item\":\"https:\/\/blog.holyart.it\/de\/jubilaeum-2025\/\"},{\"@type\":\"ListItem\",\"position\":3,\"name\":\"Der vollkommene Ablass: Bedeutung, Ursprung und Weg zum Ablass\"}]},{\"@type\":\"WebSite\",\"@id\":\"https:\/\/blog.holyart.it\/de\/#website\",\"url\":\"https:\/\/blog.holyart.it\/de\/\",\"name\":\"Holyart.de Blog\",\"description\":\"Holyblog\",\"publisher\":{\"@id\":\"https:\/\/blog.holyart.it\/de\/#organization\"},\"potentialAction\":[{\"@type\":\"SearchAction\",\"target\":{\"@type\":\"EntryPoint\",\"urlTemplate\":\"https:\/\/blog.holyart.it\/de\/?s={search_term_string}\"},\"query-input\":{\"@type\":\"PropertyValueSpecification\",\"valueRequired\":true,\"valueName\":\"search_term_string\"}}],\"inLanguage\":\"de\"},{\"@type\":\"Organization\",\"@id\":\"https:\/\/blog.holyart.it\/de\/#organization\",\"name\":\"Holyart.de Blog\",\"url\":\"https:\/\/blog.holyart.it\/de\/\",\"logo\":{\"@type\":\"ImageObject\",\"inLanguage\":\"de\",\"@id\":\"https:\/\/blog.holyart.it\/de\/#\/schema\/logo\/image\/\",\"url\":\"https:\/\/blog.holyart.it\/de\/wp-content\/uploads\/sites\/12\/2022\/12\/Holyart_Blog_Logo.jpg\",\"contentUrl\":\"https:\/\/blog.holyart.it\/de\/wp-content\/uploads\/sites\/12\/2022\/12\/Holyart_Blog_Logo.jpg\",\"width\":300,\"height\":50,\"caption\":\"Holyart.de Blog\"},\"image\":{\"@id\":\"https:\/\/blog.holyart.it\/de\/#\/schema\/logo\/image\/\"}},{\"@type\":\"Person\",\"@id\":\"https:\/\/blog.holyart.it\/de\/#\/schema\/person\/0a7b686e5af0f856ec1e390dd0baecda\",\"name\":\"Redazione\",\"image\":{\"@type\":\"ImageObject\",\"inLanguage\":\"de\",\"@id\":\"https:\/\/blog.holyart.it\/de\/#\/schema\/person\/image\/\",\"url\":\"https:\/\/secure.gravatar.com\/avatar\/f477da817f43e50d0af36abecd33e3edf826c68299714bdc1057dff3b113f516?s=96&d=mm&r=g\",\"contentUrl\":\"https:\/\/secure.gravatar.com\/avatar\/f477da817f43e50d0af36abecd33e3edf826c68299714bdc1057dff3b113f516?s=96&d=mm&r=g\",\"caption\":\"Redazione\"}}]}<\/script>\n<!-- \/ Yoast SEO plugin. -->","yoast_head_json":{"title":"Der vollkommene Ablass: Bedeutung, Ursprung und Weg zum Ablass - Holyart.de Blog","description":"Was ist ein vollkommener Ablass? Aus diesem Grund hat Papst Franziskus ihn denjenigen gew\u00e4hrt, die am Jahr des Heiligen Josef teilnehmen.","robots":{"index":"index","follow":"follow","max-snippet":"max-snippet:-1","max-image-preview":"max-image-preview:large","max-video-preview":"max-video-preview:-1"},"canonical":"https:\/\/blog.holyart.it\/de\/devotionalien\/der-vollkommene-ablass-bedeutung-ursprung-und-weg-zum-ablass\/","og_locale":"de_DE","og_type":"article","og_title":"Der vollkommene Ablass: Bedeutung, Ursprung und Weg zum Ablass - Holyart.de Blog","og_description":"Was ist ein vollkommener Ablass? Aus diesem Grund hat Papst Franziskus ihn denjenigen gew\u00e4hrt, die am Jahr des Heiligen Josef teilnehmen.","og_url":"https:\/\/blog.holyart.it\/de\/devotionalien\/der-vollkommene-ablass-bedeutung-ursprung-und-weg-zum-ablass\/","og_site_name":"Holyart.de Blog","article_published_time":"2024-01-01T09:00:19+00:00","article_modified_time":"2024-07-15T08:48:17+00:00","og_image":[{"width":1000,"height":666,"url":"https:\/\/blog.holyart.it\/de\/wp-content\/uploads\/sites\/12\/2023\/12\/vollkommener-Ablass.jpeg","type":"image\/jpeg"}],"author":"Redazione","twitter_card":"summary_large_image","twitter_misc":{"Verfasst von":"Redazione","Gesch\u00e4tzte Lesezeit":"4\u00a0Minuten"},"schema":{"@context":"https:\/\/schema.org","@graph":[{"@type":"Article","@id":"https:\/\/blog.holyart.it\/de\/devotionalien\/der-vollkommene-ablass-bedeutung-ursprung-und-weg-zum-ablass\/#article","isPartOf":{"@id":"https:\/\/blog.holyart.it\/de\/devotionalien\/der-vollkommene-ablass-bedeutung-ursprung-und-weg-zum-ablass\/"},"author":{"name":"Redazione","@id":"https:\/\/blog.holyart.it\/de\/#\/schema\/person\/0a7b686e5af0f856ec1e390dd0baecda"},"headline":"Der vollkommene Ablass: Bedeutung, Ursprung und Weg zum Ablass","datePublished":"2024-01-01T09:00:19+00:00","dateModified":"2024-07-15T08:48:17+00:00","mainEntityOfPage":{"@id":"https:\/\/blog.holyart.it\/de\/devotionalien\/der-vollkommene-ablass-bedeutung-ursprung-und-weg-zum-ablass\/"},"wordCount":512,"publisher":{"@id":"https:\/\/blog.holyart.it\/de\/#organization"},"image":{"@id":"https:\/\/blog.holyart.it\/de\/devotionalien\/der-vollkommene-ablass-bedeutung-ursprung-und-weg-zum-ablass\/#primaryimage"},"thumbnailUrl":"https:\/\/blog.holyart.it\/de\/wp-content\/uploads\/sites\/12\/2023\/12\/vollkommener-Ablass.jpeg","articleSection":["Jubil\u00e4um 2025","Religion"],"inLanguage":"de"},{"@type":"WebPage","@id":"https:\/\/blog.holyart.it\/de\/devotionalien\/der-vollkommene-ablass-bedeutung-ursprung-und-weg-zum-ablass\/","url":"https:\/\/blog.holyart.it\/de\/devotionalien\/der-vollkommene-ablass-bedeutung-ursprung-und-weg-zum-ablass\/","name":"Der vollkommene Ablass: Bedeutung, Ursprung und Weg zum Ablass - Holyart.de Blog","isPartOf":{"@id":"https:\/\/blog.holyart.it\/de\/#website"},"primaryImageOfPage":{"@id":"https:\/\/blog.holyart.it\/de\/devotionalien\/der-vollkommene-ablass-bedeutung-ursprung-und-weg-zum-ablass\/#primaryimage"},"image":{"@id":"https:\/\/blog.holyart.it\/de\/devotionalien\/der-vollkommene-ablass-bedeutung-ursprung-und-weg-zum-ablass\/#primaryimage"},"thumbnailUrl":"https:\/\/blog.holyart.it\/de\/wp-content\/uploads\/sites\/12\/2023\/12\/vollkommener-Ablass.jpeg","datePublished":"2024-01-01T09:00:19+00:00","dateModified":"2024-07-15T08:48:17+00:00","description":"Was ist ein vollkommener Ablass? Aus diesem Grund hat Papst Franziskus ihn denjenigen gew\u00e4hrt, die am Jahr des Heiligen Josef teilnehmen.","breadcrumb":{"@id":"https:\/\/blog.holyart.it\/de\/devotionalien\/der-vollkommene-ablass-bedeutung-ursprung-und-weg-zum-ablass\/#breadcrumb"},"inLanguage":"de","potentialAction":[{"@type":"ReadAction","target":["https:\/\/blog.holyart.it\/de\/devotionalien\/der-vollkommene-ablass-bedeutung-ursprung-und-weg-zum-ablass\/"]}]},{"@type":"ImageObject","inLanguage":"de","@id":"https:\/\/blog.holyart.it\/de\/devotionalien\/der-vollkommene-ablass-bedeutung-ursprung-und-weg-zum-ablass\/#primaryimage","url":"https:\/\/blog.holyart.it\/de\/wp-content\/uploads\/sites\/12\/2023\/12\/vollkommener-Ablass.jpeg","contentUrl":"https:\/\/blog.holyart.it\/de\/wp-content\/uploads\/sites\/12\/2023\/12\/vollkommener-Ablass.jpeg","width":1000,"height":666,"caption":"Volkommen Ablass"},{"@type":"BreadcrumbList","@id":"https:\/\/blog.holyart.it\/de\/devotionalien\/der-vollkommene-ablass-bedeutung-ursprung-und-weg-zum-ablass\/#breadcrumb","itemListElement":[{"@type":"ListItem","position":1,"name":"Homepage","item":"https:\/\/blog.holyart.it\/de\/"},{"@type":"ListItem","position":2,"name":"Jubil\u00e4um 2025","item":"https:\/\/blog.holyart.it\/de\/jubilaeum-2025\/"},{"@type":"ListItem","position":3,"name":"Der vollkommene Ablass: Bedeutung, Ursprung und Weg zum Ablass"}]},{"@type":"WebSite","@id":"https:\/\/blog.holyart.it\/de\/#website","url":"https:\/\/blog.holyart.it\/de\/","name":"Holyart.de Blog","description":"Holyblog","publisher":{"@id":"https:\/\/blog.holyart.it\/de\/#organization"},"potentialAction":[{"@type":"SearchAction","target":{"@type":"EntryPoint","urlTemplate":"https:\/\/blog.holyart.it\/de\/?s={search_term_string}"},"query-input":{"@type":"PropertyValueSpecification","valueRequired":true,"valueName":"search_term_string"}}],"inLanguage":"de"},{"@type":"Organization","@id":"https:\/\/blog.holyart.it\/de\/#organization","name":"Holyart.de Blog","url":"https:\/\/blog.holyart.it\/de\/","logo":{"@type":"ImageObject","inLanguage":"de","@id":"https:\/\/blog.holyart.it\/de\/#\/schema\/logo\/image\/","url":"https:\/\/blog.holyart.it\/de\/wp-content\/uploads\/sites\/12\/2022\/12\/Holyart_Blog_Logo.jpg","contentUrl":"https:\/\/blog.holyart.it\/de\/wp-content\/uploads\/sites\/12\/2022\/12\/Holyart_Blog_Logo.jpg","width":300,"height":50,"caption":"Holyart.de Blog"},"image":{"@id":"https:\/\/blog.holyart.it\/de\/#\/schema\/logo\/image\/"}},{"@type":"Person","@id":"https:\/\/blog.holyart.it\/de\/#\/schema\/person\/0a7b686e5af0f856ec1e390dd0baecda","name":"Redazione","image":{"@type":"ImageObject","inLanguage":"de","@id":"https:\/\/blog.holyart.it\/de\/#\/schema\/person\/image\/","url":"https:\/\/secure.gravatar.com\/avatar\/f477da817f43e50d0af36abecd33e3edf826c68299714bdc1057dff3b113f516?s=96&d=mm&r=g","contentUrl":"https:\/\/secure.gravatar.com\/avatar\/f477da817f43e50d0af36abecd33e3edf826c68299714bdc1057dff3b113f516?s=96&d=mm&r=g","caption":"Redazione"}}]}},"_links":{"self":[{"href":"https:\/\/blog.holyart.it\/de\/wp-json\/wp\/v2\/posts\/3393","targetHints":{"allow":["GET"]}}],"collection":[{"href":"https:\/\/blog.holyart.it\/de\/wp-json\/wp\/v2\/posts"}],"about":[{"href":"https:\/\/blog.holyart.it\/de\/wp-json\/wp\/v2\/types\/post"}],"author":[{"embeddable":true,"href":"https:\/\/blog.holyart.it\/de\/wp-json\/wp\/v2\/users\/1"}],"replies":[{"embeddable":true,"href":"https:\/\/blog.holyart.it\/de\/wp-json\/wp\/v2\/comments?post=3393"}],"version-history":[{"count":12,"href":"https:\/\/blog.holyart.it\/de\/wp-json\/wp\/v2\/posts\/3393\/revisions"}],"predecessor-version":[{"id":3408,"href":"https:\/\/blog.holyart.it\/de\/wp-json\/wp\/v2\/posts\/3393\/revisions\/3408"}],"wp:featuredmedia":[{"embeddable":true,"href":"https:\/\/blog.holyart.it\/de\/wp-json\/wp\/v2\/media\/3394"}],"wp:attachment":[{"href":"https:\/\/blog.holyart.it\/de\/wp-json\/wp\/v2\/media?parent=3393"}],"wp:term":[{"taxonomy":"category","embeddable":true,"href":"https:\/\/blog.holyart.it\/de\/wp-json\/wp\/v2\/categories?post=3393"},{"taxonomy":"post_tag","embeddable":true,"href":"https:\/\/blog.holyart.it\/de\/wp-json\/wp\/v2\/tags?post=3393"}],"curies":[{"name":"wp","href":"https:\/\/api.w.org\/{rel}","templated":true}]}}